{"id":185088,"date":"2021-01-15T15:45:19","date_gmt":"2021-01-15T14:45:19","guid":{"rendered":"https:\/\/www.radiopiu.net\/wordpress\/?p=185088"},"modified":"2021-01-16T06:12:18","modified_gmt":"2021-01-16T05:12:18","slug":"bando-contributi-per-gli-esercizi-di-vicinato-1-milione-430mila-euro-per-sostenere-65-attivita-provincia-e-fondo-comuni-confinanti-insieme-per-un-progetto-anti-spopolamento","status":"publish","type":"post","link":"https:\/\/www.radiopiu.net\/wordpress\/bando-contributi-per-gli-esercizi-di-vicinato-1-milione-430mila-euro-per-sostenere-65-attivita-provincia-e-fondo-comuni-confinanti-insieme-per-un-progetto-anti-spopolamento\/","title":{"rendered":"BANDO CONTRIBUTI PER GLI ESERCIZI DI VICINATO: 1 MILIONE 430MILA EURO PER SOSTENERE 65 ATTIVIT\u00c0 PROVINCIA E FONDO COMUNI CONFINANTI INSIEME PER UN PROGETTO ANTI-SPOPOLAMENTO"},"content":{"rendered":"<p><strong><a href=\"https:\/\/www.radiopiu.net\/wordpress\/il-nuovo-step-della-fase-2-ci-veda-propositivi-e-uniti-la-provincia-puo-fare-da-collettore-di-tutte-le-esigenze-e-le-idee-che-emergono-dal-nostro-territorio\/padrin-64\/\" rel=\"attachment wp-att-138417\"><img loading=\"lazy\" decoding=\"async\" class=\"size-medium wp-image-138417 alignleft\" src=\"https:\/\/www.radiopiu.net\/wordpress\/wp-content\/uploads\/2020\/05\/PADRIN-1-300x225.jpg\" alt=\"\" width=\"300\" height=\"225\" srcset=\"https:\/\/www.radiopiu.net\/wordpress\/wp-content\/uploads\/2020\/05\/PADRIN-1-300x225.jpg 300w, https:\/\/www.radiopiu.net\/wordpress\/wp-content\/uploads\/2020\/05\/PADRIN-1-1024x768.jpg 1024w, https:\/\/www.radiopiu.net\/wordpress\/wp-content\/uploads\/2020\/05\/PADRIN-1-768x576.jpg 768w, https:\/\/www.radiopiu.net\/wordpress\/wp-content\/uploads\/2020\/05\/PADRIN-1-1536x1152.jpg 1536w, https:\/\/www.radiopiu.net\/wordpress\/wp-content\/uploads\/2020\/05\/PADRIN-1-2048x1536.jpg 2048w\" sizes=\"auto, (max-width: 300px) 100vw, 300px\" \/><\/a>BELLUNO <\/strong><span class=\"s1\">La Provincia di Belluno ha presentato questa mattina in conferenza stampa gli esiti della seconda edizione del bando per gli esercizi di vicinato. Una misura a sostegno del piccolo commercio di prossimit\u00e0, delle attivit\u00e0 artigiane e in generale degli esercizi che costituiscono un presidio di servizio locale della comunit\u00e0. Erano presenti il presidente della Provincia Roberto Padrin, il deputato Roger De Menech (Fondo Comuni confinanti), il presidente della Camera di Commercio Treviso Belluno Mario Pozza e il direttore di Ascom Confcommercio Belluno Luca Dal Poz. <\/span><span class=\"s1\">Il bando, in continuit\u00e0 con la prima edizione del 2019, \u00e8 finanziato da Provincia e Fondo Comuni confinanti per 1.430.000 euro. E grazie alle risorse messe a disposizione dal bilancio di Palazzo Piloni assicura in modo unitario uno sviluppo di ambito provinciale, andando oltre i Comuni di prima e seconda fascia (vale a dire confinanti e dirimpettai dei confinanti con Trento e Bolzano). Come nella prima edizione, erano ammessi a bando i progetti di ammodernamento delle attivit\u00e0 (spese di investimento per macchinari, impianti produttivi, attrezzature nuove di fabbrica, impianti di illuminazione e di sicurezza, arredi, ristrutturazione, hardware, programmi informatici, interventi di innovazione digitale, sistemi per l\u2019accettazione di pagamenti innovativi, vetrine intelligenti, realt\u00e0 aumentata); \u00e8 previsto un finanziamento del 40% della spesa, mentre il 60% rimane a carico del richiedente. <\/span><span class=\"s1\">\u00ab<em>Siamo molto soddisfatti della riuscita anche di questo secondo bando &#8211; il commento del presidente Padrin -. Le domande pervenute sono state 79. Di queste, 4 non erano ammissibili, mentre 65 riceveranno il finanziamento, fino all\u2019esaurimento completo delle risorse a disposizione. Come nel bando 2019, siamo convinti di poter assicurare un sostegno soprattutto a quelle aree periferiche della nostra provincia, dove \u00e8 pi\u00f9 forte lo spopolamento e dove negozi e piccole attivit\u00e0 rappresentano un presidio fondamentale. Ma l\u2019intero territorio provinciale \u00e8 interessato da questa misura, anche alla luce dell\u2019emergenza Covid che sta creando una situazione drammatica per le attivit\u00e0 commerciali e le imprese<\/em>\u00bb. <\/span><span class=\"s1\">Sono 46 i progetti finanziati nei Comuni confinanti e contigui; 19 invece le domande finanziate nel resto della provincia, per un totale di quasi 4,5 milioni di euro di investimenti sul territorio. \u00ab<em>\u00c8 stata una scelta precisa quella di allargare anche ai Comuni non di confine o di seconda fascia &#8211; spiega la consigliera provinciale delegata Serenella Bogana -. La montagna, e l\u2019intero territorio provinciale, soffre delle stesse difficolt\u00e0. E i risultati del bando sono estremamente positivi mostrano la voglia di investire e la resilienza delle attivit\u00e0<\/em>\u00bb. <\/span><span class=\"s1\">\u00ab<em>In effetti le graduatorie del bando mostrano che le imprese ci hanno creduto, anche in un momento in cui sembrava non ci fosse nulla a cui credere, se non nel fatto che c\u2019era una pandemia mai vista prima &#8211; aggiunge il presidente della Camera di Commercio Treviso Belluno, Mario Pozza -. C\u2019\u00e8 chi ha voluto ampliare attivit\u00e0 esistenti rendendole polifunzionali; chi ha creato nuove attivit\u00e0 per rispondere a nuovi bisogni; chi ha voluto restaurare i muri, le facciate per rendere pi\u00f9 accoglienti i propri negozi. Ma dietro alle pratiche ci sono persone e storie. Eravamo da subito convinti che i finanziamenti dovessero andare a chi ne aveva effettivamente bisogno e che questo bando sarebbe stato un garanzia importante per supportare le difficolt\u00e0 sociali causate dal lockdown e dal virus<\/em>\u00bb. <\/span><span class=\"s1\">Soddisfatto anche il presidente del Comitato paritetico Fondo Comuni confinanti, Roger De Menech: \u00ab<em>La Provincia di Belluno \u00e8 uno dei rari enti che riescono in questo periodo a costruire politiche territoriali, anche grazie al Fondo Comuni confinanti. Questo bando \u00e8 uno degli esempi virtuosi: siamo partiti da un fondo territoriale e con l\u2019intelligenza della politica lo abbiamo trasformato in un fondo provinciale<\/em>\u00bb.<\/span><\/p>\n","protected":false},"excerpt":{"rendered":"<p>BELLUNO La Provincia di Belluno ha presentato questa mattina in conferenza stampa gli esiti della seconda edizione del bando per gli esercizi di vicinato. Una misura a sostegno del piccolo commercio di prossimit\u00e0, delle attivit\u00e0 artigiane e in generale degli esercizi che costituiscono un presidio di servizio locale della comunit\u00e0. Erano presenti il presidente della&hellip;<\/p>\n","protected":false},"author":4,"featured_media":138417,"comment_status":"closed","ping_status":"closed","sticky":false,"template":"","format":"standard","meta":{"_monsterinsights_skip_tracking":false,"_monsterinsights_sitenote_active":false,"_monsterinsights_sitenote_note":"","_monsterinsights_sitenote_category":0,"footnotes":""},"categories":[51,49],"tags":[],"class_list":["post-185088","post","type-post","status-publish","format-standard","has-post-thumbnail","hentry","category-evidenza-top","category-news-18","category-51","category-49","description-off"],"img_url":"https:\/\/www.radiopiu.net\/wordpress\/wp-content\/uploads\/2020\/05\/PADRIN-1-scaled.jpg","_links":{"self":[{"href":"https:\/\/www.radiopiu.net\/wordpress\/wp-json\/wp\/v2\/posts\/185088","targetHints":{"allow":["GET"]}}],"collection":[{"href":"https:\/\/www.radiopiu.net\/wordpress\/wp-json\/wp\/v2\/posts"}],"about":[{"href":"https:\/\/www.radiopiu.net\/wordpress\/wp-json\/wp\/v2\/types\/post"}],"author":[{"embeddable":true,"href":"https:\/\/www.radiopiu.net\/wordpress\/wp-json\/wp\/v2\/users\/4"}],"replies":[{"embeddable":true,"href":"https:\/\/www.radiopiu.net\/wordpress\/wp-json\/wp\/v2\/comments?post=185088"}],"version-history":[{"count":0,"href":"https:\/\/www.radiopiu.net\/wordpress\/wp-json\/wp\/v2\/posts\/185088\/revisions"}],"wp:featuredmedia":[{"embeddable":true,"href":"https:\/\/www.radiopiu.net\/wordpress\/wp-json\/wp\/v2\/media\/138417"}],"wp:attachment":[{"href":"https:\/\/www.radiopiu.net\/wordpress\/wp-json\/wp\/v2\/media?parent=185088"}],"wp:term":[{"taxonomy":"category","embeddable":true,"href":"https:\/\/www.radiopiu.net\/wordpress\/wp-json\/wp\/v2\/categories?post=185088"},{"taxonomy":"post_tag","embeddable":true,"href":"https:\/\/www.radiopiu.net\/wordpress\/wp-json\/wp\/v2\/tags?post=185088"}],"curies":[{"name":"wp","href":"https:\/\/api.w.org\/{rel}","templated":true}]}}