{"id":185142,"date":"2021-01-15T23:57:29","date_gmt":"2021-01-15T22:57:29","guid":{"rendered":"https:\/\/www.radiopiu.net\/wordpress\/?p=185142"},"modified":"2021-01-16T06:16:44","modified_gmt":"2021-01-16T05:16:44","slug":"le-giovanili-dellalleghe-di-nuovo-in-campo-da-questo-fine-settimana","status":"publish","type":"post","link":"https:\/\/www.radiopiu.net\/wordpress\/le-giovanili-dellalleghe-di-nuovo-in-campo-da-questo-fine-settimana\/","title":{"rendered":"LE GIOVANILI DELL&#8217;ALLEGHE DI NUOVO IN CAMPO DA QUESTO FINE SETTIMANA"},"content":{"rendered":"<p><strong><a href=\"https:\/\/www.radiopiu.net\/wordpress\/hockey-alleghe\/hockey-557219_1280\/\" rel=\"attachment wp-att-51902\"><img loading=\"lazy\" decoding=\"async\" class=\" wp-image-51902 alignleft\" src=\"https:\/\/www.radiopiu.net\/wordpress\/wp-content\/uploads\/2018\/06\/hockey-557219_1280-300x200.jpg\" alt=\"\" width=\"245\" height=\"163\" srcset=\"https:\/\/www.radiopiu.net\/wordpress\/wp-content\/uploads\/2018\/06\/hockey-557219_1280-300x200.jpg 300w, https:\/\/www.radiopiu.net\/wordpress\/wp-content\/uploads\/2018\/06\/hockey-557219_1280-768x512.jpg 768w, https:\/\/www.radiopiu.net\/wordpress\/wp-content\/uploads\/2018\/06\/hockey-557219_1280-1024x682.jpg 1024w, https:\/\/www.radiopiu.net\/wordpress\/wp-content\/uploads\/2018\/06\/hockey-557219_1280.jpg 1280w\" sizes=\"auto, (max-width: 245px) 100vw, 245px\" \/><\/a>ALLEGHE\u00a0<\/strong>I giovani dell&#8217;Alleghe Hockey sono pronti per ritornare a calcare le piste ghiacciate e lo faranno da questo fine settimana. Tre le categorie chiamate a ricominciare la stagione: Under 15, 17 e 19. Tre le partite in programma nel fine settimana. La prima squadra a scendere in campo sar\u00e0 l&#8217;Under 17 che questa sera alle 17 giocher\u00e0 in casa l&#8217;Asiago. Domani due trasferte per il settore giovanile delle civette. Under 15 che si scontrer\u00e0 con il Pieve\/Zoldo alle 11. Lunga trasferta per l&#8217;Under 19 alleghese che domani alle 16 sar\u00e0 in terra piemontese per giocare la sfida con il Valpellice.<\/p>\n","protected":false},"excerpt":{"rendered":"<p>ALLEGHE\u00a0I giovani dell&#8217;Alleghe Hockey sono pronti per ritornare a calcare le piste ghiacciate e lo faranno da questo fine settimana. Tre le categorie chiamate a ricominciare la stagione: Under 15, 17 e 19. Tre le partite in programma nel fine settimana. La prima squadra a scendere in campo sar\u00e0 l&#8217;Under 17 che questa sera alle&hellip;<\/p>\n","protected":false},"author":4,"featured_media":51902,"comment_status":"closed","ping_status":"closed","sticky":false,"template":"","format":"standard","meta":{"_monsterinsights_skip_tracking":false,"_monsterinsights_sitenote_active":false,"_monsterinsights_sitenote_note":"","_monsterinsights_sitenote_category":0,"footnotes":""},"categories":[104,49,72],"tags":[],"class_list":["post-185142","post","type-post","status-publish","format-standard","has-post-thumbnail","hentry","category-evidenza_3","category-news-18","category-sport","category-104","category-49","category-72","description-off"],"img_url":"https:\/\/www.radiopiu.net\/wordpress\/wp-content\/uploads\/2018\/06\/hockey-557219_1280.jpg","_links":{"self":[{"href":"https:\/\/www.radiopiu.net\/wordpress\/wp-json\/wp\/v2\/posts\/185142","targetHints":{"allow":["GET"]}}],"collection":[{"href":"https:\/\/www.radiopiu.net\/wordpress\/wp-json\/wp\/v2\/posts"}],"about":[{"href":"https:\/\/www.radiopiu.net\/wordpress\/wp-json\/wp\/v2\/types\/post"}],"author":[{"embeddable":true,"href":"https:\/\/www.radiopiu.net\/wordpress\/wp-json\/wp\/v2\/users\/4"}],"replies":[{"embeddable":true,"href":"https:\/\/www.radiopiu.net\/wordpress\/wp-json\/wp\/v2\/comments?post=185142"}],"version-history":[{"count":0,"href":"https:\/\/www.radiopiu.net\/wordpress\/wp-json\/wp\/v2\/posts\/185142\/revisions"}],"wp:featuredmedia":[{"embeddable":true,"href":"https:\/\/www.radiopiu.net\/wordpress\/wp-json\/wp\/v2\/media\/51902"}],"wp:attachment":[{"href":"https:\/\/www.radiopiu.net\/wordpress\/wp-json\/wp\/v2\/media?parent=185142"}],"wp:term":[{"taxonomy":"category","embeddable":true,"href":"https:\/\/www.radiopiu.net\/wordpress\/wp-json\/wp\/v2\/categories?post=185142"},{"taxonomy":"post_tag","embeddable":true,"href":"https:\/\/www.radiopiu.net\/wordpress\/wp-json\/wp\/v2\/tags?post=185142"}],"curies":[{"name":"wp","href":"https:\/\/api.w.org\/{rel}","templated":true}]}}