{"id":185151,"date":"2021-01-17T07:33:11","date_gmt":"2021-01-17T06:33:11","guid":{"rendered":"https:\/\/www.radiopiu.net\/wordpress\/?p=185151"},"modified":"2021-01-18T05:59:33","modified_gmt":"2021-01-18T04:59:33","slug":"giornale-radiopiu-17-gennaio-2021-direttore-mirko-mezzacasa","status":"publish","type":"post","link":"https:\/\/www.radiopiu.net\/wordpress\/giornale-radiopiu-17-gennaio-2021-direttore-mirko-mezzacasa\/","title":{"rendered":"GIORNALE RADIOPIU 17 GENNAIO 2021 DIRETTORE MIRKO MEZZACASA"},"content":{"rendered":"<h3>PER<strong> RICEVERE QUESTO NOTIZIARIO DIRETTAMENTE SUL TUO CELLULARE ISCRIVITI AL CANALE TELEGRAM <\/strong><strong>\u201cRADIO PIU\u00a0 INFORMAZIONE&#8221;\u00a0<\/strong><\/h3>\n<p><em>ATTENZIONE: LA NUOVA APP PER IOS-IPHONE<\/em><\/p>\n<div>\n<div><a href=\"https:\/\/apps.apple.com\/it\/app\/radio-pi%C3%B9-emittente-agordina\/id1515939845\">https:\/\/apps.apple.com\/it\/app\/radio-pi%C3%B9-emittente-agordina\/id1515939845<\/a><\/div>\n<\/div>\n<div><\/div>\n<div>\n<div dir=\"auto\"><em>ATTENZIONE: LA NUOVA APP RADIO\u00a0 PER ANDROID<\/em><\/div>\n<\/div>\n<p><a href=\"https:\/\/play.google.com\/store\/apps\/details?id=net.radiopiu.iniko\" target=\"_blank\" rel=\"noopener noreferrer\">https:\/\/play.google.com\/store\/apps\/details?id=net.radiopiu.iniko\u00a0\u00a0\u00a0\u00a0<\/a><\/p>\n<p>&nbsp;<\/p>\n<blockquote>\n<h3>LA PANDEMIA CANCELLA PRANZO E FESTA DI SANT&#8217;ANTONIO.<\/h3>\n<\/blockquote>\n<p><strong><a href=\"https:\/\/www.radiopiu.net\/wordpress\/ultime-notizie-disagio-idrico-ad-agordo\/park-nof-filo\/\" rel=\"attachment wp-att-52828\"><img loading=\"lazy\" decoding=\"async\" class=\" wp-image-52828 alignleft\" src=\"https:\/\/www.radiopiu.net\/wordpress\/wp-content\/uploads\/2018\/07\/PARK-NOF-FILO-300x196.jpg\" alt=\"\" width=\"231\" height=\"151\" srcset=\"https:\/\/www.radiopiu.net\/wordpress\/wp-content\/uploads\/2018\/07\/PARK-NOF-FILO-300x196.jpg 300w, https:\/\/www.radiopiu.net\/wordpress\/wp-content\/uploads\/2018\/07\/PARK-NOF-FILO-768x502.jpg 768w, https:\/\/www.radiopiu.net\/wordpress\/wp-content\/uploads\/2018\/07\/PARK-NOF-FILO.jpg 970w\" sizes=\"auto, (max-width: 231px) 100vw, 231px\" \/><\/a>CENCENIGHE<\/strong> I ragazzi pi\u00f9 giovani hanno dovuto rinunciare a cantare San Martino, i pi\u00f9 grandi alle feste al Nof Filo&#8217; di Cencenighe, la comunit\u00e0 \u00e8 stata obbligata dalla pandemia a perdere momenti importanti, i ricordi della tradizione come, la Befana, le feste per i nonni ed altro ancora. Alla lunga lista di eventi cancellati si aggiunge purtroppo anche la festa si Sant&#8217;ANTONIO, il patrono, prevista per domenica<br \/>\nIL SINDACO MAURO SOPPELSA<\/p>\n<audio class=\"wp-audio-shortcode\" id=\"audio-185151-1\" preload=\"none\" style=\"width: 100%;\" controls=\"controls\"><source type=\"audio\/mpeg\" src=\"https:\/\/www.radiopiu.net\/wordpress\/wp-content\/uploads\/2021\/01\/MAURO.mp3?_=1\" \/><a href=\"https:\/\/www.radiopiu.net\/wordpress\/wp-content\/uploads\/2021\/01\/MAURO.mp3\">https:\/\/www.radiopiu.net\/wordpress\/wp-content\/uploads\/2021\/01\/MAURO.mp3<\/a><\/audio>\n<p>&nbsp;<\/p>\n<p>&nbsp;<\/p>\n<hr \/>\n<p>&nbsp;<\/p>\n<blockquote>\n<h3>DECESSI: A NOVEMBRE IN VENETO IL 43% IN PIU&#8217; RISPETTO ALLO SCORSO ANNO<\/h3>\n<p><em>Il Veneto\u00a0 in zona arancione,\u00a0 con il nuovo Dpcm una sola novit\u00e0: in bar ed enoteche l&#8217;asporto sar\u00e0 possibile solo fino alle 18, mentre per i ristoranti resta fino alle 22.<br \/>\nGli alpini hanno annullato l&#8217;adunata nazionale per il secondo anno consecutivo. L&#8217;appuntamento in Romagna (RImini e San Marino) rinviato a settembre, epidemia permettendo.<\/em><\/p><\/blockquote>\n<p>Via libera per i proprietari delle seconde case, lo ha deciso il Ministro Fontana nel giorno in cui si sono contati altri 16mila contagi e quasi 500 morti, nel giorno in cui la Val D&#8217;Aosta chiede la deroga sugli spostamenti, nello stesso giorno il Ministro su suggerimenti degli scienziati impone lo stop ai voli\u00a0 per il Brasile. Governo e Regioni continuano a bisticciare altro che collaborazione e unit\u00e0 d&#8217;intenti. Le rosse Lombardia e Bolzano battono i pugni sul tavolo, ricorrono e chiedono la zona gialla. Anzi mentre la SIcilia pretende il lockdown totale da zona rossa la Provincia di Bolzano si auto proclama zona gialla alla faccia del Governo centrale. Il Veneto sempre nei primi posti nella classifica delle Regioni pi\u00f9 contagiate d&#8217;Italia, in quanto a incidenza di contagi (infetti-tamponi). L&#8217;Istati informa: a novembre il 43% di decessi in pi\u00f9 rispetto allo stesso peridoo del 2019. Oggi a Belluno dalle 8.30 al San Martino.\u00a0 400 operatori sanitari in ambito odontoiatrio (dentisti), farmacisti e personale della sanit\u00e0 privata si sottoporranno a vaccino. Sempre in provincia i numeri sono in calo, 20 positivi in 24 ore, il numero di contagiati attuali scende a 2622, per il dodicesimo giorno consecutivo calano gli infetti e\u00a0 aumenta il numero dei guariti (13.480). Sono 81 i pazienti i ospedale, 8 in terapia intensiva (la met\u00e0 rispetto a una decina di giorni fa).\u00a0 Dimessi o negativizzati tutti i pazienti degli ospedali di comunit\u00e0 di Auronzo ed Alano.. Oltre 5700 i pazienti vaccinati dal 27 dicembre. In Regione cala il\u00a0 numero dei contagi e anche quello dei ricoverati, stabili le terapie intensive. Nelle ultime 24 ore 1071 nuovi casi, 34 i decessi, 49 posti letto liberati, 358 i pazienti in terapia intensiva (apice a 401 prima di Natale).<\/p>\n<blockquote>\n<h3>UNA GIORNATA SENZA DECESSI IN ULSS 1 DOLOMITI. GLI OSPEDALI DI COMUNITA&#8217; DI ALANO E AURONZO SI SONO SVUOTATI<\/h3>\n<\/blockquote>\n<p><strong>BELLUNO <\/strong><span style=\"font-size: medium;\">Nelle ultime 24 ore non si sono registrati decessi di persone covid positive. Sono 54 i nuovi positivi in Ulss 1 Dolomiti.<\/span><\/p>\n<p align=\"JUSTIFY\"><span style=\"font-size: medium;\"><b>Ricoveri <\/b><\/span><\/p>\n<p align=\"JUSTIFY\"><span style=\"font-size: medium;\"><i>(dato alle ore 17.00 fonte: Azienda Zero)<\/i><\/span><\/p>\n<p align=\"JUSTIFY\"><span style=\"font-size: medium;\">Le persone attualmente POSITIVE ricoverate negli ospedali dell\u2019Ulss Dolomiti sono<\/span>:<\/p>\n<table border=\"1\" width=\"652\" frame=\"HSIDES\" rules=\"GROUPS\" cellspacing=\"0\" cellpadding=\"7\">\n<tbody>\n<tr valign=\"TOP\">\n<td width=\"203\"><\/td>\n<td width=\"203\">\n<p align=\"JUSTIFY\"><span style=\"color: #365f91;\"><span style=\"font-size: medium;\"><b>Area NON CRITICA<\/b><\/span><\/span><\/p>\n<\/td>\n<td width=\"203\">\n<p align=\"JUSTIFY\"><span style=\"color: #365f91;\"><span style=\"font-size: medium;\"><b>Terapia Intensiva<\/b><\/span><\/span><\/p>\n<\/td>\n<\/tr>\n<\/tbody>\n<tbody>\n<tr valign=\"TOP\">\n<td bgcolor=\"#d3dfee\" width=\"203\">\n<p align=\"JUSTIFY\"><span style=\"color: #365f91;\"><span style=\"font-size: medium;\"><b>Ospedale di Belluno <\/b><\/span><\/span><\/p>\n<\/td>\n<td bgcolor=\"#d3dfee\" width=\"203\">\n<p align=\"CENTER\"><span style=\"color: #365f91;\"><span style=\"font-size: medium;\">37<\/span><\/span><\/p>\n<\/td>\n<td bgcolor=\"#d3dfee\" width=\"203\">\n<p align=\"CENTER\"><span style=\"color: #365f91;\"><span style=\"font-size: medium;\">5<\/span><\/span><\/p>\n<\/td>\n<\/tr>\n<tr valign=\"TOP\">\n<td bgcolor=\"#d3dfee\" width=\"203\">\n<p align=\"JUSTIFY\"><span style=\"color: #365f91;\"><span style=\"font-size: medium;\"><b>Ospedale di Feltre<\/b><\/span><\/span><\/p>\n<p align=\"JUSTIFY\"><span style=\"color: #365f91;\"><span style=\"font-size: medium;\"><b>Ospedale di Agordo<\/b><\/span><\/span><\/p>\n<\/td>\n<td bgcolor=\"#d3dfee\" width=\"203\">\n<p align=\"CENTER\"><span style=\"color: #365f91;\"><span style=\"font-size: medium;\">38<\/span><\/span><\/p>\n<p align=\"CENTER\"><span style=\"color: #365f91;\"><span style=\"font-size: medium;\">6<\/span><\/span><\/p>\n<\/td>\n<td bgcolor=\"#d3dfee\" width=\"203\">\n<p align=\"CENTER\"><span style=\"color: #365f91;\"><span style=\"font-size: medium;\">3<\/span><\/span><\/p>\n<\/td>\n<\/tr>\n<\/tbody>\n<\/table>\n<p align=\"JUSTIFY\"><span style=\"font-size: medium;\">Le persone attualmente POSITIVE <\/span>ricoverate in Ospedale di Comunit\u00e0 sono:<\/p>\n<table border=\"1\" width=\"652\" frame=\"HSIDES\" rules=\"ROWS\" cellspacing=\"0\" cellpadding=\"7\">\n<tbody>\n<tr valign=\"TOP\">\n<td width=\"312\"><\/td>\n<td width=\"312\">\n<p align=\"JUSTIFY\"><span style=\"color: #76923c;\"><span style=\"font-size: medium;\"><b>pazienti attualmente positivi<\/b><\/span><\/span><\/p>\n<\/td>\n<\/tr>\n<tr valign=\"TOP\">\n<td bgcolor=\"#e6eed5\" width=\"312\">\n<p align=\"JUSTIFY\"><span style=\"color: #76923c;\"><span style=\"font-size: medium;\"><b>Ospedale di Comunit\u00e0 di BELLUNO<\/b><\/span><\/span><\/p>\n<\/td>\n<td bgcolor=\"#e6eed5\" width=\"312\">\n<p align=\"CENTER\"><span style=\"color: #76923c;\"><span style=\"font-size: medium;\">9<\/span><\/span><\/p>\n<\/td>\n<\/tr>\n<tr valign=\"TOP\">\n<td bgcolor=\"#e6eed5\" width=\"312\">\n<p align=\"JUSTIFY\"><span style=\"color: #76923c;\"><span style=\"font-size: medium;\"><b>Ospedale di Comunit\u00e0 di FELTRE<\/b><\/span><\/span><\/p>\n<\/td>\n<td bgcolor=\"#e6eed5\" width=\"312\">\n<p align=\"CENTER\"><span style=\"color: #76923c;\"><span style=\"font-size: medium;\">6<\/span><\/span><\/p>\n<\/td>\n<\/tr>\n<\/tbody>\n<\/table>\n<p>&nbsp;<\/p>\n<p><span style=\"font-size: medium;\">Sono stati dimessi o si sono negativizzati i pazienti covid positivi degli ospedali di comunit\u00e0 di Auronzo e Alano. Ad Auronzo saranno disponibili, da luned\u00ec, 21 posti letto di Ospedale di comunit\u00e0 per pazienti covid negativi. Anche l\u2019ospedale di comunit\u00e0 di Alano continuer\u00e0 ad accogliere nella sezione dedicata pazienti covid negativi.<\/span><\/p>\n<p>&nbsp;<\/p>\n<hr \/>\n<p>&nbsp;<\/p>\n<blockquote>\n<h3><a href=\"https:\/\/www.radiopiu.net\/wordpress\/giornale-radiopiu-17-gennaio-2021-direttore-mirko-mezzacasa\/download-1090\/\" rel=\"attachment wp-att-185283\"><img loading=\"lazy\" decoding=\"async\" class=\"wp-image-185283 alignleft\" src=\"https:\/\/www.radiopiu.net\/wordpress\/wp-content\/uploads\/2021\/01\/download-25.jpg\" alt=\"\" width=\"152\" height=\"184\" \/><\/a>L&#8217;ADDIO AD ALINA<\/h3>\n<\/blockquote>\n<p><strong>SEDICO<\/strong> La comunit\u00e0 di Bribano \u00e8 in lutto per la morte di Galyna Pigar (Alina) morta a 43 anni per una malattia incurabile. Oggi alle 10.30 i funerali prima del lungo viaggio verso la sua Ucraina. La donna lavorava come badante a Trichiana e viveva con il compagno Vittorio, lascia due figlie.<\/p>\n<p>&nbsp;<\/p>\n<p>&nbsp;<\/p>\n<p>&nbsp;<\/p>\n<p>&nbsp;<\/p>\n<p>&nbsp;<\/p>\n<p>&nbsp;<\/p>\n<hr \/>\n<p>&nbsp;<\/p>\n<blockquote>\n<h3>CERVO SUI BINARI, CAOS IN STAZIONE, IRONIA SUI SOCIAL&#8221;Ecco la tratta verso le Olimpiadi 2026 della grande Cortina&#8221;.<\/h3>\n<\/blockquote>\n<p><strong>BELLUNO\u00a0<\/strong> Ancora ritardi, tra le cause un cervo investito ma anche un problema tecnico che ha bloccato le corse tra tra Longarone e Ponte nelle Alpi. Ieri notevoli ritardi e 4 corse cancellate. Le difficolt\u00e0 sono iniziate gi\u00e0 prima delle 6 del mattino per l&#8217;impatto del locomotore con un cervo dopo il Fadalto. In un&#8217;ora e mezza cancellate tutte le corse, la ferrovia infatti \u00e8 stata concepita a binario unico, senza alternative in caso di problemi tecnici o incidenti come ieri mattina.<\/p>\n<p>&nbsp;<\/p>\n<p>&nbsp;<\/p>\n<p>&nbsp;<\/p>\n<p>&nbsp;<\/p>\n<hr \/>\n<blockquote>\n<h3>SINDACI SENZ&#8217;ARMI NELLA GUERRA AL COVID. &#8220;DICHIARAZIONE STERILE QUELLA DI PRA&#8221;, DICHIARA IL SINDACO DI ROCCA PIETORE<\/h3>\n<\/blockquote>\n<p><strong><a href=\"https:\/\/www.radiopiu.net\/wordpress\/rocca-pietore_andrea-de-bernardin\/\" rel=\"attachment wp-att-83892\"><img loading=\"lazy\" decoding=\"async\" class=\"wp-image-83892 alignleft\" src=\"https:\/\/www.radiopiu.net\/wordpress\/wp-content\/uploads\/2019\/04\/Rocca-Pietore_Andrea-De-Bernardin-142x300.jpg\" alt=\"\" width=\"86\" height=\"182\" srcset=\"https:\/\/www.radiopiu.net\/wordpress\/wp-content\/uploads\/2019\/04\/Rocca-Pietore_Andrea-De-Bernardin-142x300.jpg 142w, https:\/\/www.radiopiu.net\/wordpress\/wp-content\/uploads\/2019\/04\/Rocca-Pietore_Andrea-De-Bernardin-484x1024.jpg 484w, https:\/\/www.radiopiu.net\/wordpress\/wp-content\/uploads\/2019\/04\/Rocca-Pietore_Andrea-De-Bernardin.jpg 757w\" sizes=\"auto, (max-width: 86px) 100vw, 86px\" \/><\/a><\/strong><\/p>\n<p><strong>ROCCA PIETORE<\/strong> Una stagione mai iniziata, anche a Rocca Pietore e in Marmolada. La situazione \u00e8 preoccupante, ma quali sono le soluzioni? I sindaci sono stati chiamati in causa pi\u00f9 volte, anche di recente. L&#8217;ultimo richiamo dagli albergatori. A questo proposito arriva la risposta del sindaco Andrea De Bernardin che nell&#8217;occasione risponde alle recenti critiche di Sergio Pra in quanto al progetto Dolomiti Madness &#8220;che ha dato come risultati poco o nulla&#8221; aveva chiosato l&#8217;imprenditore turistico alleghese.<\/p>\n<audio class=\"wp-audio-shortcode\" id=\"audio-185151-2\" preload=\"none\" style=\"width: 100%;\" controls=\"controls\"><source type=\"audio\/mpeg\" src=\"https:\/\/www.radiopiu.net\/wordpress\/wp-content\/uploads\/2021\/01\/ANDREA-1.mp3?_=2\" \/><a href=\"https:\/\/www.radiopiu.net\/wordpress\/wp-content\/uploads\/2021\/01\/ANDREA-1.mp3\">https:\/\/www.radiopiu.net\/wordpress\/wp-content\/uploads\/2021\/01\/ANDREA-1.mp3<\/a><\/audio>\n<p>Ma tornando ai sindaci, che cosa si aspettano i Comuni dal Governo centrale, anche e soprattutto con riferimento alla tassazione che per molti a breve e lungo termine saranno un problema. Cosa servirebbe per andare incontro alle imprese danneggiate dall&#8217;epidemia?<\/p>\n<audio class=\"wp-audio-shortcode\" id=\"audio-185151-3\" preload=\"none\" style=\"width: 100%;\" controls=\"controls\"><source type=\"audio\/mpeg\" src=\"https:\/\/www.radiopiu.net\/wordpress\/wp-content\/uploads\/2021\/01\/ANDREA2.mp3?_=3\" \/><a href=\"https:\/\/www.radiopiu.net\/wordpress\/wp-content\/uploads\/2021\/01\/ANDREA2.mp3\">https:\/\/www.radiopiu.net\/wordpress\/wp-content\/uploads\/2021\/01\/ANDREA2.mp3<\/a><\/audio>\n<p>Per il futuro ci saranno comunque investimenti sul territorio? Malga Ciapela e Padon necessitano di interventi importanti.<\/p>\n<audio class=\"wp-audio-shortcode\" id=\"audio-185151-4\" preload=\"none\" style=\"width: 100%;\" controls=\"controls\"><source type=\"audio\/mpeg\" src=\"https:\/\/www.radiopiu.net\/wordpress\/wp-content\/uploads\/2021\/01\/ANDREA-3.mp3?_=4\" \/><a href=\"https:\/\/www.radiopiu.net\/wordpress\/wp-content\/uploads\/2021\/01\/ANDREA-3.mp3\">https:\/\/www.radiopiu.net\/wordpress\/wp-content\/uploads\/2021\/01\/ANDREA-3.mp3<\/a><\/audio>\n<p>&nbsp;<\/p>\n<hr \/>\n<p>&nbsp;<\/p>\n<p>&nbsp;<\/p>\n<blockquote>\n<h3>A VOLTE PENSO CHE&#8230; LA RICONOSCENZA DEL PRESIDENTE<\/h3>\n<\/blockquote>\n<p><strong>FALCADE<\/strong> Un messaggio di riconoscenza che \u00e8 un&#8217;iniezione di fiducia, importante in questo periodo in cui il numero dei volontari \u00e8 in calo costante, ma l&#8217;esigenza di un punto di intervento immediato sul territorio richiede sempre e comunque lo stesso sforzo come nel 1982 e negli anni di maggior afflusso turistico. Non a caso anche in questa stagione per uomini e donne della Croce Verde Val Biois sar\u00e0 impossibile garantire h24 il soccorso, come anticipato dal Presidente Stefano Murer che oggi interviene con dei pensieri sparsi che riceviamo e volentieri pubblichiamo.<\/p>\n<p>&nbsp;<\/p>\n<blockquote><p><a href=\"https:\/\/www.radiopiu.net\/wordpress\/speciale-croce-verde-val-biois-21-mila-chilometri-in-un-anno-per-471-interventi\/murer\/\" rel=\"attachment wp-att-80526\"><img loading=\"lazy\" decoding=\"async\" class=\"size-full wp-image-80526 alignleft\" src=\"https:\/\/www.radiopiu.net\/wordpress\/wp-content\/uploads\/2019\/03\/MURER-e1603200896333.jpg\" alt=\"\" width=\"259\" height=\"194\" \/><\/a>A volte mi chiedo perch\u00e9 fare il volontario in associazioni dove la preparazione, l\u2019aggiornamento, l\u2019empatia, la disponibilit\u00e0 viene messa a dura prova dalla indifferenza del territorio o di una parte di esso. Ogni tanto vengo avvicinato da concittadini che mi chiedono della salute della nostra associazione e delle problematiche che stiamo vivendo e rimango sconcertato e a volte adirato pensando che mai ha sostenuto con la tessera annuale l\u2019associazione e pertanto suppongo che nulla gli importa di noi ma ha bisogno di bearsi, a quale scopo non lo so, forse a farci chiudere. A volte mi ringraziano per l\u2019intervento fatto e penso, e purtroppo non lo ho mai detto, \u201cIl grazie lo si deve indirizzare a quanti, tutti gli anni, investono il loro denaro affinch\u00e9 possiamo essere presenti e operativi a prescindere se ne hanno o meno bisogno\u201d, il grazie va indirizzato a quanti si impegnano per mantenere questo servizio, dai volontari, ai sostenitori. A volte penso che sarebbe meglio chiudere tutto e stare a vedere cosa succede, ma poi pensando a chi dal 1982 ti sostiene ininterrottamente, auspicandosi di non avere mai bisogno dell\u2019ambulanza e magari quella volta che ne aveva bisogno non chiama il 118 per non disturbare e prende l\u2019auto e si reca al pronto soccorso autonomamente. A volte succede che trovi un bonifico ingente di un cittadino che aiutato al momento del bisogno si rende conto che siamo utili e per lui il grazie (che per noi \u00e8 prezioso) non basta, deve darci qualche cosa in pi\u00f9, privandosi di risorse importanti e dicendo che \u00e8 un piccolo pensiero per la professionalit\u00e0 durante il soccorso. Un giorno, delle vacanze natalizie 2021, mi telefona un signore che volendo rimanere anonimo mi dice che ci vede immancabili e preziosi nella nostra valle, partecipa tutti gli anni alla messa commemorativa di Papa Giovanni Paolo 1\u00b0 e apprezza fortemente la nostra disponibilit\u00e0 e attenzione per il paese e pertanto vuole donarci del materiale utile e mi invita a recarmi presso un negozio di Canale ove trovo con immenso piacere il materiale da lui donato. Ci sono molteplici aneddoti di riconoscenza EX POST ma quelli per cui \u00e8 importante svolgere l\u2019attivit\u00e0 e che si siamo impegnati a fare \u00e8 per empatia personale e per quanti in questi anni hanno creduto e continuano a credere nella nostra utilit\u00e0. Un grazie immenso ai sostenitori della Croce Verde Val Biois ODV e a quanti hanno in questi anni donato a noi per ringraziarci della nostra attivit\u00e0, risorse utilizzate per aiutare, soccorrere, addestrarci. Grazie, <strong>Stefano Murer<\/strong><\/p><\/blockquote>\n<p>&nbsp;<\/p>\n<p><em><strong>DAL CORRIERE DELLE ALPI\u00a0 GIANNI SANTOMASO<\/strong><\/em><\/p>\n<audio class=\"wp-audio-shortcode\" id=\"audio-185151-5\" preload=\"none\" style=\"width: 100%;\" controls=\"controls\"><source type=\"audio\/mpeg\" src=\"https:\/\/www.radiopiu.net\/wordpress\/wp-content\/uploads\/2021\/01\/GIANNI-CROCE-VERDE-VAL-BIOIS.mp3?_=5\" \/><a href=\"https:\/\/www.radiopiu.net\/wordpress\/wp-content\/uploads\/2021\/01\/GIANNI-CROCE-VERDE-VAL-BIOIS.mp3\">https:\/\/www.radiopiu.net\/wordpress\/wp-content\/uploads\/2021\/01\/GIANNI-CROCE-VERDE-VAL-BIOIS.mp3<\/a><\/audio>\n<p>&nbsp;<\/p>\n<hr \/>\n<p>&nbsp;<\/p>\n<blockquote>\n<h3>CONSEGNATO AL SOCCORSO ALPINO UN DRONE PER IL POSIZIONAMENTO DEI SEGNALI SULLE TELEFERICHE<\/h3>\n<\/blockquote>\n<p><strong><a href=\"https:\/\/www.radiopiu.net\/wordpress\/consegnato-al-soccorso-alpino-un-drone-per-il-posizionamento-dei-segnali-sulle-teleferiche\/salt_20210116_122856_382\/\" rel=\"attachment wp-att-185206\"><img loading=\"lazy\" decoding=\"async\" class=\"size-medium wp-image-185206 alignleft\" src=\"https:\/\/www.radiopiu.net\/wordpress\/wp-content\/uploads\/2021\/01\/salt_20210116_122856_382-300x225.jpg\" alt=\"\" width=\"300\" height=\"225\" srcset=\"https:\/\/www.radiopiu.net\/wordpress\/wp-content\/uploads\/2021\/01\/salt_20210116_122856_382-300x225.jpg 300w, https:\/\/www.radiopiu.net\/wordpress\/wp-content\/uploads\/2021\/01\/salt_20210116_122856_382-1024x768.jpg 1024w, https:\/\/www.radiopiu.net\/wordpress\/wp-content\/uploads\/2021\/01\/salt_20210116_122856_382-768x576.jpg 768w, https:\/\/www.radiopiu.net\/wordpress\/wp-content\/uploads\/2021\/01\/salt_20210116_122856_382-1536x1152.jpg 1536w, https:\/\/www.radiopiu.net\/wordpress\/wp-content\/uploads\/2021\/01\/salt_20210116_122856_382-2048x1536.jpg 2048w\" sizes=\"auto, (max-width: 300px) 100vw, 300px\" \/><\/a>BELLUNO <\/strong><span style=\"color: #454545;\">A distanza di un anno e mezzo dalla posa delle sfere a Rio Gere, il Comitato Falco Senza Ostacoli ha consegnato ieri alla II Delegazione Dolomiti Bellunesi del Cnsas un drone, progettato da UpCaeli per la posa di cartellini catarifrangenti necessari alla segnalazione delle teleferiche.\u00a0<\/span><span style=\"color: #454545;\">Il lavoro di progettazione del sistema di ancoraggio dei cartellini, che serviranno a rendere visibili i cavi sia di giorno che di notte, \u00e8 stato lungo e complesso. Il drone inoltre potr\u00e0 essere utilizzato dal Cnsas &#8211; che attualmente pu\u00f2 contare su 9 dronisti &#8211; per ulteriori scopi, come quello di portare generi di sussistenza, radio, altro materiale, a persone in zone impervie e isolate, o per il sorvolo di aree colpite da valanghe e frane, o nella ricerca di persone disperse, permettendo ai volontari del Cnsas di lavorare in maggiore sicurezza e consentendo loro di essere pi\u00f9 rapidi nelle operazioni di soccorso.\u00a0<\/span><span style=\"color: #454545;\">Tutto ci\u00f2 \u00e8 stato reso possibile grazie al contributo di numerosi cittadini e aziende, che con le loro donazioni hanno consentito di raggiungere la cifra necessaria per la progettazione e lo sviluppo del sistema drone-cartellini di segnalazione.\u00a0<\/span><span style=\"color: #454545;\">Oltre al drone e al meccanismo di ancoraggio dei cartellini \u00e8 stato progettato e realizzato un sistema unico nel suo genere che rende possibile la colorazione dei cavi delle teleferiche con vernice catarifrangente: anche questo per favorire la sicurezza al volo. <\/span>Questo permetter\u00e0 la prosecuzione dell&#8217;implementazione tecnologica iniziata tre anni fa con il supporto del Progetto Interreg Startresq e di Dolomiti Emergency, mirata anche a limitare i rischi per gli operatori durante i soccorsi. Il nuovo drone aumeter\u00e0 le capacit\u00e0 di assistenza agli utenti.<\/p>\n<p>&nbsp;<\/p>\n<p>&nbsp;<\/p>\n<hr \/>\n<p>&nbsp;<\/p>\n<blockquote>\n<h3>IL RESTYLING DEL MUNICIPIO DI AGORDO<\/h3>\n<\/blockquote>\n<p><strong>AGORDO<\/strong><\/p>\n<p>di Gianni Santomaso<\/p>\n<audio class=\"wp-audio-shortcode\" id=\"audio-185151-6\" preload=\"none\" style=\"width: 100%;\" controls=\"controls\"><source type=\"audio\/mpeg\" src=\"https:\/\/www.radiopiu.net\/wordpress\/wp-content\/uploads\/2021\/01\/GIANNI-MUNICIPIO-AGORDO.mp3?_=6\" \/><a href=\"https:\/\/www.radiopiu.net\/wordpress\/wp-content\/uploads\/2021\/01\/GIANNI-MUNICIPIO-AGORDO.mp3\">https:\/\/www.radiopiu.net\/wordpress\/wp-content\/uploads\/2021\/01\/GIANNI-MUNICIPIO-AGORDO.mp3<\/a><\/audio>\n<p>&nbsp;<\/p>\n\n\t\t\t<style type='text\/css'>\n\t\t\t\t#gallery-1 {\n\t\t\t\t\tmargin: auto;\n\t\t\t\t}\n\t\t\t\t#gallery-1 .gallery-item {\n\t\t\t\t\tfloat: left;\n\t\t\t\t\tmargin-top: 10px;\n\t\t\t\t\ttext-align: center;\n\t\t\t\t\twidth: 50%;\n\t\t\t\t}\n\t\t\t\t#gallery-1 img {\n\t\t\t\t\tborder: 2px solid #cfcfcf;\n\t\t\t\t}\n\t\t\t\t#gallery-1 .gallery-caption {\n\t\t\t\t\tmargin-left: 0;\n\t\t\t\t}\n\t\t\t\t\/* see gallery_shortcode() in wp-includes\/media.php *\/\n\t\t\t<\/style>\n\t\t<div id='gallery-1' class='dt-gallery-container gallery galleryid-185151 gallery-columns-2 gallery-size-medium'><dl class='gallery-item'>\n\t\t\t\t<dt class='gallery-icon landscape'>\n\t\t\t\t\t<a class=\"rollover rollover-zoom dt-pswp-item\" title=\"94581124-c4e0-4807-9f5a-25852fe21af2\" data-dt-img-description=\"\" data-large_image_width=\"1024\" data-large_image_height=\"768\"href='https:\/\/www.radiopiu.net\/wordpress\/wp-content\/uploads\/2021\/01\/94581124-c4e0-4807-9f5a-25852fe21af2.jpg'><img loading=\"lazy\" decoding=\"async\" width=\"300\" height=\"225\" src=\"https:\/\/www.radiopiu.net\/wordpress\/wp-content\/uploads\/2021\/01\/94581124-c4e0-4807-9f5a-25852fe21af2-300x225.jpg\" class=\"attachment-medium size-medium\" alt=\"\" srcset=\"https:\/\/www.radiopiu.net\/wordpress\/wp-content\/uploads\/2021\/01\/94581124-c4e0-4807-9f5a-25852fe21af2-300x225.jpg 300w, https:\/\/www.radiopiu.net\/wordpress\/wp-content\/uploads\/2021\/01\/94581124-c4e0-4807-9f5a-25852fe21af2-768x576.jpg 768w, https:\/\/www.radiopiu.net\/wordpress\/wp-content\/uploads\/2021\/01\/94581124-c4e0-4807-9f5a-25852fe21af2.jpg 1024w\" sizes=\"auto, (max-width: 300px) 100vw, 300px\" \/><\/a>\n\t\t\t\t<\/dt><\/dl><dl class='gallery-item'>\n\t\t\t\t<dt class='gallery-icon landscape'>\n\t\t\t\t\t<a class=\"rollover rollover-zoom dt-pswp-item\" title=\"2a6f44b9-b8d6-4950-b2fd-bebec4039e4a\" data-dt-img-description=\"\" data-large_image_width=\"1024\" data-large_image_height=\"768\"href='https:\/\/www.radiopiu.net\/wordpress\/wp-content\/uploads\/2021\/01\/2a6f44b9-b8d6-4950-b2fd-bebec4039e4a.jpg'><img loading=\"lazy\" decoding=\"async\" width=\"300\" height=\"225\" src=\"https:\/\/www.radiopiu.net\/wordpress\/wp-content\/uploads\/2021\/01\/2a6f44b9-b8d6-4950-b2fd-bebec4039e4a-300x225.jpg\" class=\"attachment-medium size-medium\" alt=\"\" srcset=\"https:\/\/www.radiopiu.net\/wordpress\/wp-content\/uploads\/2021\/01\/2a6f44b9-b8d6-4950-b2fd-bebec4039e4a-300x225.jpg 300w, https:\/\/www.radiopiu.net\/wordpress\/wp-content\/uploads\/2021\/01\/2a6f44b9-b8d6-4950-b2fd-bebec4039e4a-768x576.jpg 768w, https:\/\/www.radiopiu.net\/wordpress\/wp-content\/uploads\/2021\/01\/2a6f44b9-b8d6-4950-b2fd-bebec4039e4a.jpg 1024w\" sizes=\"auto, (max-width: 300px) 100vw, 300px\" \/><\/a>\n\t\t\t\t<\/dt><\/dl><br style=\"clear: both\" \/>\n\t\t\t<\/div>\n\n<p>&nbsp;<\/p>\n<hr \/>\n<p>&nbsp;<\/p>\n<blockquote class=\"wp-embedded-content\" data-secret=\"J3vVKPwwfR\"><p><a href=\"https:\/\/www.radiopiu.net\/wordpress\/agg-gen16\/\">CORONAVIRUS: AGGIORNAMENTO NAZIONALE 16 GENNAIO 2021<\/a><\/p><\/blockquote>\n<p><iframe loading=\"lazy\" class=\"wp-embedded-content\" sandbox=\"allow-scripts\" security=\"restricted\" style=\"position: absolute; clip: rect(1px, 1px, 1px, 1px);\" title=\"&#8220;CORONAVIRUS: AGGIORNAMENTO NAZIONALE 16 GENNAIO 2021&#8221; &#8212; Radio Pi\u00f9\" src=\"https:\/\/www.radiopiu.net\/wordpress\/agg-gen16\/embed\/#?secret=J3vVKPwwfR\" data-secret=\"J3vVKPwwfR\" width=\"600\" height=\"338\" frameborder=\"0\" marginwidth=\"0\" marginheight=\"0\" scrolling=\"no\"><\/iframe><\/p>\n<p>&nbsp;<\/p>\n<hr \/>\n<p>&nbsp;<\/p>\n<blockquote class=\"wp-embedded-content\" data-secret=\"nmIkGHnl34\"><p><a href=\"https:\/\/www.radiopiu.net\/wordpress\/azienda-zero-16-gen-19\/\">SONO 1589 LE NUOVE POSITIVITA&#8217; IN VENETO NELLE ULTIME 24 ORE. 34 DECESSI, RICOVERI ANCORA IN CALO. A BELLUNO 54 NUOVI POSITIVI<\/a><\/p><\/blockquote>\n<p><iframe loading=\"lazy\" class=\"wp-embedded-content\" sandbox=\"allow-scripts\" security=\"restricted\" style=\"position: absolute; clip: rect(1px, 1px, 1px, 1px);\" title=\"&#8220;SONO 1589 LE NUOVE POSITIVITA&#8217; IN VENETO NELLE ULTIME 24 ORE. 34 DECESSI, RICOVERI ANCORA IN CALO. A BELLUNO 54 NUOVI POSITIVI&#8221; &#8212; Radio Pi\u00f9\" src=\"https:\/\/www.radiopiu.net\/wordpress\/azienda-zero-16-gen-19\/embed\/#?secret=nmIkGHnl34\" data-secret=\"nmIkGHnl34\" width=\"600\" height=\"338\" frameborder=\"0\" marginwidth=\"0\" marginheight=\"0\" scrolling=\"no\"><\/iframe><\/p>\n<p>&nbsp;<\/p>\n<hr \/>\n<p>&nbsp;<\/p>\n<blockquote>\n<h3>I GRAFICI DI TIZIANO DE COL<\/h3>\n<\/blockquote>\n\n\t\t\t<style type='text\/css'>\n\t\t\t\t#gallery-2 {\n\t\t\t\t\tmargin: auto;\n\t\t\t\t}\n\t\t\t\t#gallery-2 .gallery-item {\n\t\t\t\t\tfloat: left;\n\t\t\t\t\tmargin-top: 10px;\n\t\t\t\t\ttext-align: center;\n\t\t\t\t\twidth: 25%;\n\t\t\t\t}\n\t\t\t\t#gallery-2 img {\n\t\t\t\t\tborder: 2px solid #cfcfcf;\n\t\t\t\t}\n\t\t\t\t#gallery-2 .gallery-caption {\n\t\t\t\t\tmargin-left: 0;\n\t\t\t\t}\n\t\t\t\t\/* see gallery_shortcode() in wp-includes\/media.php *\/\n\t\t\t<\/style>\n\t\t<div id='gallery-2' class='dt-gallery-container gallery galleryid-185151 gallery-columns-4 gallery-size-medium'><dl class='gallery-item'>\n\t\t\t\t<dt class='gallery-icon landscape'>\n\t\t\t\t\t<a class=\"rollover rollover-zoom dt-pswp-item\" title=\"e6735d5b-765e-41cb-956a-ab610863c0a4\" data-dt-img-description=\"\" data-large_image_width=\"598\" data-large_image_height=\"345\"href='https:\/\/www.radiopiu.net\/wordpress\/wp-content\/uploads\/2021\/01\/e6735d5b-765e-41cb-956a-ab610863c0a4.jpg'><img loading=\"lazy\" decoding=\"async\" width=\"300\" height=\"173\" src=\"https:\/\/www.radiopiu.net\/wordpress\/wp-content\/uploads\/2021\/01\/e6735d5b-765e-41cb-956a-ab610863c0a4-300x173.jpg\" class=\"attachment-medium size-medium\" alt=\"\" srcset=\"https:\/\/www.radiopiu.net\/wordpress\/wp-content\/uploads\/2021\/01\/e6735d5b-765e-41cb-956a-ab610863c0a4-300x173.jpg 300w, https:\/\/www.radiopiu.net\/wordpress\/wp-content\/uploads\/2021\/01\/e6735d5b-765e-41cb-956a-ab610863c0a4.jpg 598w\" sizes=\"auto, (max-width: 300px) 100vw, 300px\" \/><\/a>\n\t\t\t\t<\/dt><\/dl><dl class='gallery-item'>\n\t\t\t\t<dt class='gallery-icon landscape'>\n\t\t\t\t\t<a class=\"rollover rollover-zoom dt-pswp-item\" title=\"a575eae6-1293-44ff-a817-9725f16b7904\" data-dt-img-description=\"\" data-large_image_width=\"602\" data-large_image_height=\"357\"href='https:\/\/www.radiopiu.net\/wordpress\/wp-content\/uploads\/2021\/01\/a575eae6-1293-44ff-a817-9725f16b7904.jpg'><img loading=\"lazy\" decoding=\"async\" width=\"300\" height=\"178\" src=\"https:\/\/www.radiopiu.net\/wordpress\/wp-content\/uploads\/2021\/01\/a575eae6-1293-44ff-a817-9725f16b7904-300x178.jpg\" class=\"attachment-medium size-medium\" alt=\"\" srcset=\"https:\/\/www.radiopiu.net\/wordpress\/wp-content\/uploads\/2021\/01\/a575eae6-1293-44ff-a817-9725f16b7904-300x178.jpg 300w, https:\/\/www.radiopiu.net\/wordpress\/wp-content\/uploads\/2021\/01\/a575eae6-1293-44ff-a817-9725f16b7904.jpg 602w\" sizes=\"auto, (max-width: 300px) 100vw, 300px\" \/><\/a>\n\t\t\t\t<\/dt><\/dl><dl class='gallery-item'>\n\t\t\t\t<dt class='gallery-icon landscape'>\n\t\t\t\t\t<a class=\"rollover rollover-zoom dt-pswp-item\" title=\"6dc30338-a31f-4ba5-aca9-95d802cafad5\" data-dt-img-description=\"\" data-large_image_width=\"598\" data-large_image_height=\"355\"href='https:\/\/www.radiopiu.net\/wordpress\/wp-content\/uploads\/2021\/01\/6dc30338-a31f-4ba5-aca9-95d802cafad5.jpg'><img loading=\"lazy\" decoding=\"async\" width=\"300\" height=\"178\" src=\"https:\/\/www.radiopiu.net\/wordpress\/wp-content\/uploads\/2021\/01\/6dc30338-a31f-4ba5-aca9-95d802cafad5-300x178.jpg\" class=\"attachment-medium size-medium\" alt=\"\" srcset=\"https:\/\/www.radiopiu.net\/wordpress\/wp-content\/uploads\/2021\/01\/6dc30338-a31f-4ba5-aca9-95d802cafad5-300x178.jpg 300w, https:\/\/www.radiopiu.net\/wordpress\/wp-content\/uploads\/2021\/01\/6dc30338-a31f-4ba5-aca9-95d802cafad5.jpg 598w\" sizes=\"auto, (max-width: 300px) 100vw, 300px\" \/><\/a>\n\t\t\t\t<\/dt><\/dl><dl class='gallery-item'>\n\t\t\t\t<dt class='gallery-icon landscape'>\n\t\t\t\t\t<a class=\"rollover rollover-zoom dt-pswp-item\" title=\"670759f2-c4c5-46e8-a72b-d7be9051882f\" data-dt-img-description=\"\" data-large_image_width=\"588\" data-large_image_height=\"361\"href='https:\/\/www.radiopiu.net\/wordpress\/wp-content\/uploads\/2021\/01\/670759f2-c4c5-46e8-a72b-d7be9051882f.jpg'><img loading=\"lazy\" decoding=\"async\" width=\"300\" height=\"184\" src=\"https:\/\/www.radiopiu.net\/wordpress\/wp-content\/uploads\/2021\/01\/670759f2-c4c5-46e8-a72b-d7be9051882f-300x184.jpg\" class=\"attachment-medium size-medium\" alt=\"\" srcset=\"https:\/\/www.radiopiu.net\/wordpress\/wp-content\/uploads\/2021\/01\/670759f2-c4c5-46e8-a72b-d7be9051882f-300x184.jpg 300w, https:\/\/www.radiopiu.net\/wordpress\/wp-content\/uploads\/2021\/01\/670759f2-c4c5-46e8-a72b-d7be9051882f.jpg 588w\" sizes=\"auto, (max-width: 300px) 100vw, 300px\" \/><\/a>\n\t\t\t\t<\/dt><\/dl><br style=\"clear: both\" \/>\n\t\t\t<\/div>\n\n<p>&nbsp;<\/p>\n<hr \/>\n<p>&nbsp;<\/p>\n<blockquote>\n<h3>L&#8217;AGGIORNAMENTO SULLE VACCINAZIONI IN VENETO<\/h3>\n<\/blockquote>\n<a href=\"https:\/\/www.radiopiu.net\/wordpress\/wp-content\/uploads\/2021\/01\/2021.01.16_Report-18.30.pdf\" class=\"pdfemb-viewer\" style=\"\" data-width=\"max\" data-height=\"max\" data-toolbar=\"top\" data-toolbar-fixed=\"on\">2021.01.16_Report 18.30<\/a>\n<p>&nbsp;<\/p>\n<hr \/>\n<p>&nbsp;<\/p>\n<blockquote>\n<h3>PROVINCIA &#8211; ENEL: VERTICE PER AFFRONTARE PROBLEMI<\/h3>\n<\/blockquote>\n<p><strong><a href=\"https:\/\/www.radiopiu.net\/wordpress\/luxottica-dal-prossimo-anno-occhiali-verdi\/enel-150505131004\/\" rel=\"attachment wp-att-8856\"><img loading=\"lazy\" decoding=\"async\" class=\"size-medium wp-image-8856 alignleft\" src=\"https:\/\/www.radiopiu.net\/wordpress\/wp-content\/uploads\/2015\/08\/enel-150505131004-300x200.jpg\" alt=\"\" width=\"300\" height=\"200\" \/><\/a>BELLUNO <\/strong><span class=\"s1\">A seguito dell\u2019incontro a Roma di met\u00e0 dicembre, la Provincia di Belluno ha tenuto venerd\u00ec scorso in videoconferenza una riunione con i vertici di Enel. Sul tavolo, i problemi anche recenti palesati con le abbondanti nevicate di inizio anno, e le prospettive di investimenti futuri per ammodernare e aumentare la resilienza delle reti elettriche. A organizzare l\u2019incontro, il Ministro per i Rapporti con il Parlamento, Federico D\u2019Inc\u00e0: \u00ab<em>Il nostro territorio ha dato, e continua a dare, un notevole contributo energetico al Paese: ecco perch\u00e9 l\u2019incontro con i rappresentanti di Enel, nato da un confronto con il presidente della Provincia Padrin, il consigliere Bortoluzzi e l\u2019onorevole De Menech, si \u00e8 rivelato particolarmente importante per porre l\u2019attenzione su alcuni tasselli fondamentali, tra cui la stazione di Polpet. Un\u2019attenzione che Enel ha affermato di dimostrare, insistendo sul valore del capitale umano e sull\u2019importanza della sicurezza nei confronti del territorio. Significativo l\u2019investimento di 90 milioni di euro negli ultimi 3 anni per le riparazioni post Vaia, che si \u00e8 rivelato come il pi\u00f9 alto del territorio nazionale a livello pro-capite. Non solo: \u00e8 emersa la volont\u00e0 di investire ulteriori importanti investimenti, a conferma di quanto il bellunese sia considerato strategico. Continueremo a confrontarci sui temi discussi e a portare le istanze a tutela del territorio, per lavorare assieme anche sotto il profilo della prevenzione e della tutela ambientale<\/em>\u00bb. <\/span><span class=\"s1\">Enel infatti ha illustrato la situazione degli investimenti effettuati all\u2019indomani della tempesta Vaia, per intervenire sui 200 chilometri di linee danneggiate dal maltempo. E ha presentato il piano relativo al prossimo triennio, con ulteriori 100 milioni per magliare le reti soprattutto in vista di un potenziamento delle linee di distribuzione per le Olimpiadi 2026, in considerazione del fatto che Cortina, gi\u00e0 oggi, \u00e8 una delle poche zone al mondo con il 100 per cento del telecontrollo del servizio elettrico. <\/span><span class=\"s1\">\u00ab<em>\u00c8 stato un incontro importante, perch\u00e9 abbiamo potuto discutere in maniera costruttiva quelle che sono le criticit\u00e0 principali del territorio. Soprattutto considerando le problematiche segnalate dai sindaci anche nell\u2019ultima emergenza meteo, con le nevicate di inizio anno\u00bb commenta il presidente Padrin. \u00abI vertici Enel, sollecitati anche dal ministro D\u2019Inc\u00e0 che ringrazio per aver organizzato questa riunione, hanno spiegato la loro visione di presidio territoriale. In questo senso abbiamo ricevuto maggiori garanzie sul mantenimento delle sedi operative di Polpet. Personalmente ho colto l\u2019occasione per ringraziare gli operatori, 250 persone, che sono stati impegnati nei giorni delle grandi nevicate per assicurare il normale funzionamento del servizio elettrico<\/em>\u00bb. <\/span><span class=\"s1\">L\u2019incontro ha affrontato anche il tema della centrale e del ponte di Soverzene, del lago di Santa Croce e della zona di Paludi, e anche dell\u2019interramento delle linee. \u00ab<em>Dai vertici Enel \u00e8 arrivata un\u2019apertura totale alla collaborazione per l\u2019allargamento delle fasce di rispetto &#8211; afferma il consigliere provinciale Bortoluzzi, reduce dai sopralluoghi nelle zone colpite dagli ultimi eventi meteo e dopo aver raccolto le istanze dei sindaci -. Una questione che abbiamo sollevato pi\u00f9 volte e che abbiamo potuto toccare con mano anche nell\u2019ultima emergenza. Le linee hanno retto, e solo la caduta di piante ha compromesso il funzionamento dell\u2019alimentazione elettrica. Enel concorda con noi sulla necessit\u00e0 di allargare le fasce dai 10 metri attuali &#8211; non solo per le reti elettriche, ma anche per le strade, soprattutto in montagna &#8211; e ha avanzato l\u2019ipotesi di fare di Belluno una provincia pilota su questo tema e sull\u2019applicazione di nuove tecnologie. Ovviamente serve una norma ad hoc, che cercheremo di portare avanti come coordinamento delle Province interamente montane. Ma fin da subito, per interventi a breve termine, c\u2019\u00e8 l\u2019idea di un taglio selettivo delle piante pi\u00f9 alte che possono interferire sulle linee. Lavoreremo in sinergia per costruire insieme una proposta che sia operativa, anche grazie al prossimo decreto semplificazione<\/em>\u00bb. <\/span><span class=\"s1\">\u00ab<em>Questi incontri sono utili a fare squadra tra territorio e Enel, per le infrastrutture necessarie al Bellunese &#8211; aggiunge il deputato De Menech -. Importante sottolineare la collaborazione anche nell\u2019ottica di tenere i presidi di controllo come Polpet. \u00c8 interesse in primis di Enel e dell\u2019intero territorio mantenere e consolidare il patrimonio di professionalit\u00e0 sviluppato in tanti anni di gestione di una rete complessa e impossibile da gestire da remoto<\/em>\u00bb.<\/span><\/p>\n<p>&nbsp;<\/p>\n<p>&nbsp;<\/p>\n<hr \/>\n<p>&nbsp;<\/p>\n<blockquote>\n<h3>L&#8217;AMMINISTRAZIONE COMUNALE DI PONTE NELLE ALPI ALL&#8217;ECOCENTRO PER RINGRAZIARE IL PERSONALE ADDETTO<\/h3>\n<\/blockquote>\n<p><strong><a href=\"https:\/\/www.radiopiu.net\/wordpress\/giornale-radiopiu-17-gennaio-2021-direttore-mirko-mezzacasa\/ecocentro_ponte_nelle_alpi\/\" rel=\"attachment wp-att-185210\"><img loading=\"lazy\" decoding=\"async\" class=\"size-medium wp-image-185210 alignleft\" src=\"https:\/\/www.radiopiu.net\/wordpress\/wp-content\/uploads\/2021\/01\/Ecocentro_Ponte_nelle_Alpi-300x178.jpg\" alt=\"\" width=\"300\" height=\"178\" srcset=\"https:\/\/www.radiopiu.net\/wordpress\/wp-content\/uploads\/2021\/01\/Ecocentro_Ponte_nelle_Alpi-300x178.jpg 300w, https:\/\/www.radiopiu.net\/wordpress\/wp-content\/uploads\/2021\/01\/Ecocentro_Ponte_nelle_Alpi-1024x607.jpg 1024w, https:\/\/www.radiopiu.net\/wordpress\/wp-content\/uploads\/2021\/01\/Ecocentro_Ponte_nelle_Alpi-768x455.jpg 768w, https:\/\/www.radiopiu.net\/wordpress\/wp-content\/uploads\/2021\/01\/Ecocentro_Ponte_nelle_Alpi.jpg 1157w\" sizes=\"auto, (max-width: 300px) 100vw, 300px\" \/><\/a>PONTE NELLE ALPI <\/strong><span style=\"color: #000000; font-family: Helvetica;\">Venerd\u00ec mattina, all\u2019ecocentro, l\u2019amministrazione comunale ha voluto salutare e ringraziare i dipendenti della societ\u00e0 Ponte Servizi: \u00abIl vostro lavoro \u00e8 fondamentale &#8211; sono le parole del sindaco Paolo Vendramini -. Non a caso, questo servizio \u00e8 diventato patrimonio dell\u2019intera comunit\u00e0\u00bb. Era presente anche l\u2019amministratore unico, Pierpaolo Collarin.\u00a0 <\/span><span style=\"color: #000000; font-family: Helvetica;\">Proprio il sindaco e l\u2019assessore alle Partecipate e all\u2019Ambiente, Pierluigi Dal Borgo, tengono a rimarcare alcuni aspetti in merito alle operazioni di ricapitalizzazione della stessa Ponte Servizi: \u00ab<em>L\u2019opposizione consiliare ci accusa di aver dilapidato un patrimonio dei cittadini per sanare la societ\u00e0 comunale ripianando l\u2019ingente indebitamento. Ma non \u00e8 cos\u00ec: nell\u2019analisi svolta lo scorso anno, si \u00e8 potuto confermare che, fin dal 2008, Ponte Servizi ha svolto un servizio eccellente di raccolta differenziata porta a porta, con i noti e numerosi premi a livello nazionale: indice della qualit\u00e0 del servizio e della partecipazione della cittadinanza. Quanto alla massiccia ricapitalizzazione, \u00e8 stata necessaria e improrogabile: l\u2019abbiamo approvata in seguito a un\u2019accurata analisi, dalla quale \u00e8 finalmente emersa, con trasparenza e precisione contabile, la causa della pesante situazione di tensione patrimoniale e finanziaria, descritta nelle relazioni tecniche presentate dalla societ\u00e0<\/em>\u00bb.\u00a0 <\/span><span style=\"color: #000000; font-family: Helvetica;\">I vertici amministrativi non si nascondono dietro a un dito: \u00ab<em>Crediamo faccia onore a chiunque riconoscere e risolvere gli errori del passato. Noi abbiamo avuto il coraggio di farlo e ne siamo orgogliosi. Avremmo certamente voluto agire prima. Ma, per varie ragioni, solo ora si sono creati i presupposti, grazie all\u2019apporto di nuove competenze e al fatto che sono state sostituite figure professionali apicali<\/em>\u00bb.\u00a0 <\/span><span style=\"color: #000000; font-family: Helvetica;\">I tempi, quindi, erano ormai maturi: \u00ab<em>Anche per i processi di aggregazione fra tutti i gestori pubblici del servizio rifiuti, presenti in provincia. Il Comune, in virt\u00f9 di questo intervento, da un lato ha speso ingenti somme per la ricapitalizzazione della societ\u00e0, dall\u2019altro ne ha recuperata una parte consistente, incassando il proprio e cospicuo credito accumulato negli anni verso la partecipata<\/em>\u00bb.\u00a0 <\/span><span style=\"color: #000000; font-family: Helvetica;\">Infine, un\u2019ultima puntualizzazione: \u00ab<em>Ponte Servizi ora non \u00e8 solo ai vertici dell\u2019eccellenza in termini di servizio, ma \u00e8 anche in solido equilibrio finanziario e patrimoniale e in grado di assicurarsi da subito un\u2019abbondante redditivit\u00e0, senza aggravi tariffari di\u00a0rilievo per i cittadini. Operazione perfetta, dunque. E dovuta: per l\u2019amministrazione e per la comunit\u00e0 pontalpina. Se non l\u2019avessimo realizzata, con coraggio e determinazione, sarebbe stato, questo s\u00ec, un grave danno per chiunque. Altro che sperpero di denaro pubblico<\/em>\u00bb.\u00a0<\/span><\/p>\n<p>&nbsp;<\/p>\n<p>&nbsp;<\/p>\n<hr \/>\n<p>&nbsp;<\/p>\n<blockquote>\n<h3>PIANO DI SVILUPPO PER L&#8217;AREA LAGOLE A CALALZO DI CADORE<\/h3>\n<\/blockquote>\n<p><strong><a href=\"https:\/\/www.radiopiu.net\/wordpress\/giornale-radiopiu-12-marzo-2019-direttore-mirko-mezzacasa\/de-carlo-5\/\" rel=\"attachment wp-att-78825\"><img loading=\"lazy\" decoding=\"async\" class=\"size-medium wp-image-78825 alignleft\" src=\"https:\/\/www.radiopiu.net\/wordpress\/wp-content\/uploads\/2019\/03\/DE-CARLO-300x300.jpg\" alt=\"\" width=\"300\" height=\"300\" srcset=\"https:\/\/www.radiopiu.net\/wordpress\/wp-content\/uploads\/2019\/03\/DE-CARLO-300x300.jpg 300w, https:\/\/www.radiopiu.net\/wordpress\/wp-content\/uploads\/2019\/03\/DE-CARLO-150x150.jpg 150w, https:\/\/www.radiopiu.net\/wordpress\/wp-content\/uploads\/2019\/03\/DE-CARLO.jpg 471w\" sizes=\"auto, (max-width: 300px) 100vw, 300px\" \/><\/a>CALALZO DI CADORE <\/strong>Il comune di Calalzo di Cadore punta ancora forte sull&#8217;area di Lagole: \u201c<em>Stiamo lavorando a un progetto che ne migliori la fruibilit\u00e0 e ci consenta di avere risorse per la sua gestione<\/em>\u201d, annuncia il sindaco Luca De Carlo. Ci sono gi\u00e0 dei punti fermi nella testa del primo cittadino: \u201cLa viabilit\u00e0 di accesso \u00e8 da migliorare, e c&#8217;\u00e8 gi\u00e0 un progetto coperto da finanziamento che attende le autorizzazioni necessarie\u201d, annuncia il sindaco. \u201c<em>Vogliamo proporre anche un concorso di idee per un progetto di valorizzazione dell&#8217;area che coinvolga anche la pista ciclabile e l\u2019ex stabile della casa di riposo, che tenga conto della sua fragilit\u00e0 e del suo enorme potenziale turistico<\/em>\u201d. Altro tema cruciale \u00e8 quello della gestione e pulizia di quella zona: \u201c<em>Crediamo che non si possa pi\u00f9 considerare una follia istituire alcuna aree di parcheggio a pagamento, cos\u00ec da ricavare le risorse necessarie a questi interventi\u201d, anticipa il sindaco. \u201cOgni decisione in questo senso verr\u00e0 comunque concordata con il gestore dello chalet: siamo infatti convinti che il sostegno alle imprese non passi solo per la riduzione delle imposte, cosa che peraltro abbiamo fatto anche in quest&#8217;anno difficilissimo pure per gli enti locali, ma debba fondarsi anche su un continuo confronto con i privati, per costruire le condizioni affinch\u00e9 si possa pi\u00f9 facilmente lavorare e creare economia e occupazione<\/em>\u201d. L&#8217;amministrazione De Carlo, negli anni, ha scommesso con convinzione su Lagole: \u201c<em>Abbiamo investito tempo e risorse nella valorizzazione dell\u2019area: la creazione del parco tematico, la pulizia costante del territorio, il recupero di aree ormai nascoste dalla fitta vegetazione e, non ultima, anche la riapertura degli scavi archeologici dopo anni d\u2019oblio. Visti i risultati in termini di richiamo turistico, non intendiamo certo fermarci qua e continueremo a lavorare per rendere ancora pi\u00f9 accogliente questa localit\u00e0<\/em>\u201d<\/p>\n<p>&nbsp;<\/p>\n<p>&nbsp;<\/p>\n<p>&nbsp;<\/p>\n<p>&nbsp;<\/p>\n<hr \/>\n<p>&nbsp;<\/p>\n<blockquote>\n<h3>SALTA LA ZINGHENESTA A CANALE D&#8217;AGORDO<\/h3>\n<\/blockquote>\n<p><strong><a href=\"https:\/\/www.radiopiu.net\/wordpress\/giornale-radiopiu-17-gennaio-2021-direttore-mirko-mezzacasa\/e14c4d02-a5ad-49a8-95b7-36dfe21dde7e\/\" rel=\"attachment wp-att-185226\"><img loading=\"lazy\" decoding=\"async\" class=\"wp-image-185226 alignleft\" src=\"https:\/\/www.radiopiu.net\/wordpress\/wp-content\/uploads\/2021\/01\/e14c4d02-a5ad-49a8-95b7-36dfe21dde7e.jpg\" alt=\"\" width=\"110\" height=\"101\" \/><\/a>CANALE D&#8217;AGORDO<\/strong> Hanno aspettato fino all&#8217;ultimo momento, quello oltre il quale deve scattare la macchina organizzativa. In considerazione delle condizioni, e dell&#8217;incertezza sul rischio contagio La Zinghenesta &#8211; Gran Carneval de la Val Biois, non poteva che prendere una decisione: annullare il carnevale 2021. I ragazzi e le ragazze di Canale d&#8217;Agordo guardano avanti e gi\u00e0 pensano al carnevale del 2022 per il quale c&#8217;\u00e8 gi\u00e0 la data per la festa con l&#8217;elezione della ZInghenesta e il famoso processo a Carnevale.<\/p>\n<p>&nbsp;<\/p>\n<p>&nbsp;<\/p>\n<p>&nbsp;<\/p>\n<hr \/>\n<p>&nbsp;<\/p>\n<blockquote>\n<h3><a href=\"https:\/\/www.radiopiu.net\/wordpress\/giornale-radiopiu-15-gennaio-2021-direttore-mirko-mezzacasa\/beniamino-naldo\/\" rel=\"attachment wp-att-184859\"><img loading=\"lazy\" decoding=\"async\" class=\"wp-image-184859 alignleft\" src=\"https:\/\/www.radiopiu.net\/wordpress\/wp-content\/uploads\/2021\/01\/beniamino-naldo-300x284.jpg\" alt=\"\" width=\"143\" height=\"135\" srcset=\"https:\/\/www.radiopiu.net\/wordpress\/wp-content\/uploads\/2021\/01\/beniamino-naldo-300x284.jpg 300w, https:\/\/www.radiopiu.net\/wordpress\/wp-content\/uploads\/2021\/01\/beniamino-naldo-768x728.jpg 768w, https:\/\/www.radiopiu.net\/wordpress\/wp-content\/uploads\/2021\/01\/beniamino-naldo.jpg 893w\" sizes=\"auto, (max-width: 143px) 100vw, 143px\" \/><\/a><\/h3>\n<h3>SERATA DEL DIALETTO IN STREAMING YOUTUBE<\/h3>\n<\/blockquote>\n<p><strong>SOSPIROLO<\/strong> A fil\u00f2 te na sera de inverno. La Pro loco \u201cMonti del Sole\u201d di Sospirolo, in collaborazione con la biblioteca civica, celebra\u00a0 oggi la Giornata nazionale del dialetto, promossa dall&#8217;Unpli Pro loco d&#8217;Italia. Alle 18 in streaming su YouTube ci sar\u00e0 una serata nel ricordo di Gianluigi Secco. Durante la diretta, condotta da Dino Bridda, interverranno le voci di Rino Budel, Cristina Gianni, Lucia Mezzacasa e Beniamino Naldo.<\/p>\n<p>&nbsp;<\/p>\n<p>&nbsp;<\/p>\n<p>&nbsp;<\/p>\n<p>&nbsp;<\/p>\n<hr \/>\n<p>&nbsp;<\/p>\n<blockquote class=\"wp-embedded-content\" data-secret=\"EH3sDPKt5c\"><p><a href=\"https:\/\/www.radiopiu.net\/wordpress\/pagina-in-aggiornamento\/\">CONTINUANO LE SCULTURE NEL GHIACCIO E NEVE A FALCADE con SILVANO SAVIO<\/a><\/p><\/blockquote>\n<p><iframe loading=\"lazy\" class=\"wp-embedded-content\" sandbox=\"allow-scripts\" security=\"restricted\" style=\"position: absolute; clip: rect(1px, 1px, 1px, 1px);\" title=\"&#8220;CONTINUANO LE SCULTURE NEL GHIACCIO E NEVE A FALCADE con SILVANO SAVIO&#8221; &#8212; Radio Pi\u00f9\" src=\"https:\/\/www.radiopiu.net\/wordpress\/pagina-in-aggiornamento\/embed\/#?secret=EH3sDPKt5c\" data-secret=\"EH3sDPKt5c\" width=\"600\" height=\"338\" frameborder=\"0\" marginwidth=\"0\" marginheight=\"0\" scrolling=\"no\"><\/iframe><\/p>\n<p>&nbsp;<\/p>\n<hr \/>\n<p>&nbsp;<\/p>\n<div dir=\"auto\">\n<blockquote>\n<h2>FANTASTICHE DOLOMITI, NUOVA STAGIONE. APPUNTAMENTO QUINDICINALE IL GIOVEDI ALLE 10.30 E 19.00<\/h2>\n<\/blockquote>\n<h1>LA RACCOLTA COMPLETA<\/h1>\n<blockquote class=\"wp-embedded-content\" data-secret=\"IohDLVWk08\"><p><a href=\"https:\/\/www.radiopiu.net\/wordpress\/https-wp-me-p63lo7-gyg\/\">FANTASTICHE DOLOMITI 7^ PUNTATA: IL QUINDICINALE APPUNTAMENTO ALLA RADIO<\/a><\/p><\/blockquote>\n<p><iframe loading=\"lazy\" class=\"wp-embedded-content\" sandbox=\"allow-scripts\" security=\"restricted\" style=\"position: absolute; clip: rect(1px, 1px, 1px, 1px);\" title=\"&#8220;FANTASTICHE DOLOMITI 7^ PUNTATA: IL QUINDICINALE APPUNTAMENTO ALLA RADIO&#8221; &#8212; Radio Pi\u00f9\" src=\"https:\/\/www.radiopiu.net\/wordpress\/https-wp-me-p63lo7-gyg\/embed\/#?secret=IohDLVWk08\" data-secret=\"IohDLVWk08\" width=\"600\" height=\"338\" frameborder=\"0\" marginwidth=\"0\" marginheight=\"0\" scrolling=\"no\"><\/iframe><\/p>\n<div class=\"mw-parser-output\">\n<p>&nbsp;<\/p>\n<\/div>\n<p>&nbsp;<\/p>\n<p>&nbsp;<\/p>\n<hr \/>\n<blockquote>\n<h2><\/h2>\n<h2>SALUTE E SOCIETA&#8217; IL LUNEDI ALLE 13.10 E ALLE 20.10, LA DOMENICA ALLE 10.30 A CURA DEL DOTTOR MARCO CARACCIOLO. QUINTA STAGIONE<\/h2>\n<\/blockquote>\n<p><strong><span style=\"color: #ff0000;\">LA PUNTATA DELLA SETTIMANA\u00a0<\/span><\/strong><\/p>\n<p>in questa edizione: In Italia circa 3mila persone sono affette da ipertensione arteriosa polmonare, una malattia rara difficile da diagnosticare. Riconoscerla precocemente e agire subito \u00e8 essenziale per prevenire complicazioni. Per questo nasce la campagna \u201cLa vita in un respiro\u201d, promossa da Janssen Italia in collaborazione con AIPI (Associazione Ipertensione Polmonare Italiana). Nazzareno Gali\u00e8, Direttore della Cardiologia al Policlinico Sant\u2019Orsola, Universit\u00e0 di Bologna, Coordinatore delle Linee Guida Internazionali sull\u2019Ipertensione Polmonare e responsabile Comitato Scientifico AIPI<br \/>\nLoredana Bergamini, Direttore Medico di Janssen Italia Carolina Kostner, Pattinatrice artistica, Testimonial di \u201cLa Vita in un respiro\u201d<\/p>\n<audio class=\"wp-audio-shortcode\" id=\"audio-185151-7\" preload=\"none\" style=\"width: 100%;\" controls=\"controls\"><source type=\"audio\/mpeg\" src=\"https:\/\/www.radiopiu.net\/wordpress\/wp-content\/uploads\/2021\/01\/cs_210111.mp3?_=7\" \/><a href=\"https:\/\/www.radiopiu.net\/wordpress\/wp-content\/uploads\/2021\/01\/cs_210111.mp3\">https:\/\/www.radiopiu.net\/wordpress\/wp-content\/uploads\/2021\/01\/cs_210111.mp3<\/a><\/audio>\n<h3>LA RACCOLTA COMPLETA<\/h3>\n<blockquote class=\"wp-embedded-content\" data-secret=\"wA9b53sblU\"><p><a href=\"https:\/\/www.radiopiu.net\/wordpress\/saluteesocieta\/\">Salute e Societ\u00e0<\/a><\/p><\/blockquote>\n<p><iframe loading=\"lazy\" class=\"wp-embedded-content\" sandbox=\"allow-scripts\" security=\"restricted\" style=\"position: absolute; clip: rect(1px, 1px, 1px, 1px);\" title=\"&#8220;Salute e Societ\u00e0&#8221; &#8212; Radio Pi\u00f9\" src=\"https:\/\/www.radiopiu.net\/wordpress\/saluteesocieta\/embed\/#?secret=wA9b53sblU\" data-secret=\"wA9b53sblU\" width=\"600\" height=\"338\" frameborder=\"0\" marginwidth=\"0\" marginheight=\"0\" scrolling=\"no\"><\/iframe><\/p>\n<hr \/>\n<h2><\/h2>\n<h2><span style=\"color: #ff0000;\"><a href=\"https:\/\/www.radiopiu.net\/wordpress\/giornale-radiopiu-05-gennaio-2021-direttore-mirko-mezzacasa\/133200401_100838761953611_1258544160541445132_o-2\/\" rel=\"attachment wp-att-183078\"><img loading=\"lazy\" decoding=\"async\" class=\" wp-image-183078 alignleft\" src=\"https:\/\/www.radiopiu.net\/wordpress\/wp-content\/uploads\/2021\/01\/133200401_100838761953611_1258544160541445132_o-1-300x157.jpg\" alt=\"\" width=\"192\" height=\"101\" srcset=\"https:\/\/www.radiopiu.net\/wordpress\/wp-content\/uploads\/2021\/01\/133200401_100838761953611_1258544160541445132_o-1-300x157.jpg 300w, https:\/\/www.radiopiu.net\/wordpress\/wp-content\/uploads\/2021\/01\/133200401_100838761953611_1258544160541445132_o-1.jpg 526w\" sizes=\"auto, (max-width: 192px) 100vw, 192px\" \/><\/a>GOCCE DI FILOSOFIA, CON CHIARA CAU, CON LISA DE LUCA. <\/span><\/h2>\n<h2><\/h2>\n<h2><span style=\"color: #ff0000;\">TUTTI I GIORNI DAL LUNEDI AL VENERDI ALLE 6.55 E ALLE 18.55<\/span><\/h2>\n<h3>LA RACCOLTA COMPLETA<\/h3>\n<blockquote class=\"wp-embedded-content\" data-secret=\"LbOWfHJa0A\"><p><a href=\"https:\/\/www.radiopiu.net\/wordpress\/gocce-filosofia\/\">Gocce di filosofia<\/a><\/p><\/blockquote>\n<p><iframe loading=\"lazy\" class=\"wp-embedded-content\" sandbox=\"allow-scripts\" security=\"restricted\" style=\"position: absolute; clip: rect(1px, 1px, 1px, 1px);\" title=\"&#8220;Gocce di filosofia&#8221; &#8212; Radio Pi\u00f9\" src=\"https:\/\/www.radiopiu.net\/wordpress\/gocce-filosofia\/embed\/#?secret=LbOWfHJa0A\" data-secret=\"LbOWfHJa0A\" width=\"600\" height=\"338\" frameborder=\"0\" marginwidth=\"0\" marginheight=\"0\" scrolling=\"no\"><\/iframe><\/p>\n<p>&nbsp;<\/p>\n<hr \/>\n<p>&nbsp;<\/p>\n<div class=\"im_message_wrap clearfix\">\n<div class=\"im_content_message_wrap im_message_out\">\n<h2><span style=\"color: #ff0000;\">IERI ALLA RADIO\u00a0 IN VIVO VERSO 2020-21<\/span><\/h2>\n<p><strong><span style=\"color: #0000ff;\">IN ONDA DAL LUNEDI AL VENERDI ALLE 7.10, 10.10, 18.50\u00a0<\/span><\/strong><\/p>\n<p><strong><span style=\"font-family: Verdana, sans-serif;\"><span style=\"font-size: medium;\">LA RACCOLTA COMPLETA, TUTTE LE COLLEZIONI<\/span><\/span><\/strong><\/p>\n<blockquote class=\"wp-embedded-content\" data-secret=\"P9koaGeXkw\"><p><a href=\"https:\/\/www.radiopiu.net\/wordpress\/in-vivo-verso\/\">In Vivo Verso<\/a><\/p><\/blockquote>\n<p><iframe loading=\"lazy\" class=\"wp-embedded-content\" sandbox=\"allow-scripts\" security=\"restricted\" style=\"position: absolute; clip: rect(1px, 1px, 1px, 1px);\" title=\"&#8220;In Vivo Verso&#8221; &#8212; Radio Pi\u00f9\" src=\"https:\/\/www.radiopiu.net\/wordpress\/in-vivo-verso\/embed\/#?secret=P9koaGeXkw\" data-secret=\"P9koaGeXkw\" width=\"600\" height=\"338\" frameborder=\"0\" marginwidth=\"0\" marginheight=\"0\" scrolling=\"no\"><\/iframe><\/p>\n<p>&nbsp;<\/p>\n<\/div>\n<\/div>\n<hr \/>\n<p>&nbsp;<\/p>\n<h2>007 IN CONDOTTA CON LA PROF. MARIA ROSA SALMAZO IL LUNEDI ALLE 10,30 E ALLE 19.00 LA DOMENICA ALLE 8 DEL MATTINO. NONA STAGIONE<\/h2>\n<p><span style=\"color: #ff0000;\"><strong>LA PUNTATA DELLA SETTIMANA <\/strong><\/span><\/p>\n<p><strong>&#8220;RITORNO A SCUOLA&#8230;. INCERTO&#8221;.<\/strong><\/p>\n<audio class=\"wp-audio-shortcode\" id=\"audio-185151-8\" preload=\"none\" style=\"width: 100%;\" controls=\"controls\"><source type=\"audio\/mpeg\" src=\"https:\/\/www.radiopiu.net\/wordpress\/wp-content\/uploads\/2020\/10\/007-condotta-11.mp3?_=8\" \/><a href=\"https:\/\/www.radiopiu.net\/wordpress\/wp-content\/uploads\/2020\/10\/007-condotta-11.mp3\">https:\/\/www.radiopiu.net\/wordpress\/wp-content\/uploads\/2020\/10\/007-condotta-11.mp3<\/a><\/audio>\n<h2>LA RACCOLTA COMPLETA<\/h2>\n<blockquote class=\"wp-embedded-content\" data-secret=\"sfrAbaiPmu\"><p><a href=\"https:\/\/www.radiopiu.net\/wordpress\/007incondotta-9\/\">007 in condotta<\/a><\/p><\/blockquote>\n<p><iframe loading=\"lazy\" class=\"wp-embedded-content\" sandbox=\"allow-scripts\" security=\"restricted\" style=\"position: absolute; clip: rect(1px, 1px, 1px, 1px);\" title=\"&#8220;007 in condotta&#8221; &#8212; Radio Pi\u00f9\" src=\"https:\/\/www.radiopiu.net\/wordpress\/007incondotta-9\/embed\/#?secret=sfrAbaiPmu\" data-secret=\"sfrAbaiPmu\" width=\"600\" height=\"338\" frameborder=\"0\" marginwidth=\"0\" marginheight=\"0\" scrolling=\"no\"><\/iframe><\/p>\n<p>&nbsp;<\/p>\n<p>&nbsp;<\/p>\n<p>&nbsp;<\/p>\n<hr \/>\n<p>&nbsp;<\/p>\n<blockquote>\n<h2><a href=\"https:\/\/www.radiopiu.net\/wordpress\/speciale-solidarieta-veneto\/solidarieta-veneto-3\/\" rel=\"attachment wp-att-134366\"><img loading=\"lazy\" decoding=\"async\" class=\"wp-image-134366 alignleft\" src=\"https:\/\/www.radiopiu.net\/wordpress\/wp-content\/uploads\/2020\/05\/solidariet\u00e0-veneto-300x210.jpg\" alt=\"\" width=\"102\" height=\"71\" srcset=\"https:\/\/www.radiopiu.net\/wordpress\/wp-content\/uploads\/2020\/05\/solidariet\u00e0-veneto-300x210.jpg 300w, https:\/\/www.radiopiu.net\/wordpress\/wp-content\/uploads\/2020\/05\/solidariet\u00e0-veneto-1024x717.jpg 1024w, https:\/\/www.radiopiu.net\/wordpress\/wp-content\/uploads\/2020\/05\/solidariet\u00e0-veneto-768x538.jpg 768w, https:\/\/www.radiopiu.net\/wordpress\/wp-content\/uploads\/2020\/05\/solidariet\u00e0-veneto.jpg 1373w\" sizes=\"auto, (max-width: 102px) 100vw, 102px\" \/><\/a>SOLIDARIETA&#8217; VENETO FONDO PENSIONE, IN ONDA IL PRIMO VENERDI DEL MESE ALLE 10.30 E ALLE 19.00 QUINTA STAGIONE<\/h2>\n<\/blockquote>\n<p><strong>AUDIO<\/strong><\/p>\n<audio class=\"wp-audio-shortcode\" id=\"audio-185151-9\" preload=\"none\" style=\"width: 100%;\" controls=\"controls\"><source type=\"audio\/mpeg\" src=\"https:\/\/www.radiopiu.net\/wordpress\/wp-content\/uploads\/2020\/10\/solidarieta-veneto-gennaio.mp3?_=9\" \/><a href=\"https:\/\/www.radiopiu.net\/wordpress\/wp-content\/uploads\/2020\/10\/solidarieta-veneto-gennaio.mp3\">https:\/\/www.radiopiu.net\/wordpress\/wp-content\/uploads\/2020\/10\/solidarieta-veneto-gennaio.mp3<\/a><\/audio>\n<p>&nbsp;<\/p>\n<blockquote>\n<h2>RACCOLTA COMPLETA<\/h2>\n<\/blockquote>\n<blockquote class=\"wp-embedded-content\" data-secret=\"bee4UIn8FP\"><p><a href=\"https:\/\/www.radiopiu.net\/wordpress\/solidarieta-veneto\/\">Solidariet\u00e0 Veneto<\/a><\/p><\/blockquote>\n<p><iframe loading=\"lazy\" class=\"wp-embedded-content\" sandbox=\"allow-scripts\" security=\"restricted\" style=\"position: absolute; clip: rect(1px, 1px, 1px, 1px);\" title=\"&#8220;Solidariet\u00e0 Veneto&#8221; &#8212; Radio Pi\u00f9\" src=\"https:\/\/www.radiopiu.net\/wordpress\/solidarieta-veneto\/embed\/#?secret=bee4UIn8FP\" data-secret=\"bee4UIn8FP\" width=\"600\" height=\"338\" frameborder=\"0\" marginwidth=\"0\" marginheight=\"0\" scrolling=\"no\"><\/iframe><\/p>\n<p>&nbsp;<\/p>\n<p>&nbsp;<\/p>\n<hr \/>\n<p>&nbsp;<\/p>\n<h2><span style=\"color: #808000;\">DUE MINUTI UN LIBRO\u00a0 TUTTI I GIORNI ALLA RADIO ALLE 9.30 E ALLE 18. QUINTA STAGIONE\u00a0 \u00a0 \u00a0\u00a0<\/span><\/h2>\n<blockquote class=\"wp-embedded-content\" data-secret=\"nSj5Lt5LGJ\"><p><a href=\"https:\/\/www.radiopiu.net\/wordpress\/il-contrabbandiere\/\">IL CONTRABBANDIERE<\/a><\/p><\/blockquote>\n<p><iframe loading=\"lazy\" class=\"wp-embedded-content\" sandbox=\"allow-scripts\" security=\"restricted\" style=\"position: absolute; clip: rect(1px, 1px, 1px, 1px);\" title=\"&#8220;IL CONTRABBANDIERE&#8221; &#8212; Radio Pi\u00f9\" src=\"https:\/\/www.radiopiu.net\/wordpress\/il-contrabbandiere\/embed\/#?secret=nSj5Lt5LGJ\" data-secret=\"nSj5Lt5LGJ\" width=\"600\" height=\"338\" frameborder=\"0\" marginwidth=\"0\" marginheight=\"0\" scrolling=\"no\"><\/iframe><\/p>\n<h2>LA RACCOLTA COMPLETA<\/h2>\n<blockquote class=\"wp-embedded-content\" data-secret=\"raQsfKvwPJ\"><p><a href=\"https:\/\/www.radiopiu.net\/wordpress\/due-minuti-un-libro\/\">Due minuti un libro<\/a><\/p><\/blockquote>\n<p><iframe loading=\"lazy\" class=\"wp-embedded-content\" sandbox=\"allow-scripts\" security=\"restricted\" style=\"position: absolute; clip: rect(1px, 1px, 1px, 1px);\" title=\"&#8220;Due minuti un libro&#8221; &#8212; Radio Pi\u00f9\" src=\"https:\/\/www.radiopiu.net\/wordpress\/due-minuti-un-libro\/embed\/#?secret=raQsfKvwPJ\" data-secret=\"raQsfKvwPJ\" width=\"600\" height=\"338\" frameborder=\"0\" marginwidth=\"0\" marginheight=\"0\" scrolling=\"no\"><\/iframe><\/p>\n<p>&nbsp;<\/p>\n<hr \/>\n<p>&nbsp;<\/p>\n<p>&nbsp;<\/p>\n<blockquote>\n<h2>CASSA SOLIDARIET\u00c0 LUXOTTICA<\/h2>\n<\/blockquote>\n<h3><strong><span style=\"color: #ff0000;\">IL NUMERO DI GENNAIO CON PAOLO CHISSALE&#8217; E FABRIZIO CAMPEDEL\u00a0\u00a0<\/span><\/strong><\/h3>\n<audio class=\"wp-audio-shortcode\" id=\"audio-185151-10\" preload=\"none\" style=\"width: 100%;\" controls=\"controls\"><source type=\"audio\/mpeg\" src=\"https:\/\/www.radiopiu.net\/wordpress\/wp-content\/uploads\/2021\/01\/ca-sol-lux-gennaio.mp3?_=10\" \/><a href=\"https:\/\/www.radiopiu.net\/wordpress\/wp-content\/uploads\/2021\/01\/ca-sol-lux-gennaio.mp3\">https:\/\/www.radiopiu.net\/wordpress\/wp-content\/uploads\/2021\/01\/ca-sol-lux-gennaio.mp3<\/a><\/audio>\n<blockquote>\n<h2>RACCOLTA COMPLETA<\/h2>\n<\/blockquote>\n<blockquote class=\"wp-embedded-content\" data-secret=\"vSD1lPqXRq\"><p><a href=\"https:\/\/www.radiopiu.net\/wordpress\/cassa-solidarieta-luxottica-puntata-del-16-ottobre-2020\/\">CASSA SOLIDARIET\u00c0 LUXOTTICA &#8211; PUNTATA DEL 20 NOVEMBRE 2020<\/a><\/p><\/blockquote>\n<p><iframe loading=\"lazy\" class=\"wp-embedded-content\" sandbox=\"allow-scripts\" security=\"restricted\" style=\"position: absolute; clip: rect(1px, 1px, 1px, 1px);\" title=\"&#8220;CASSA SOLIDARIET\u00c0 LUXOTTICA &#8211; PUNTATA DEL 20 NOVEMBRE 2020&#8221; &#8212; Radio Pi\u00f9\" src=\"https:\/\/www.radiopiu.net\/wordpress\/cassa-solidarieta-luxottica-puntata-del-16-ottobre-2020\/embed\/#?secret=vSD1lPqXRq\" data-secret=\"vSD1lPqXRq\" width=\"600\" height=\"338\" frameborder=\"0\" marginwidth=\"0\" marginheight=\"0\" scrolling=\"no\"><\/iframe><\/p>\n<p>&nbsp;<\/p>\n<hr \/>\n<p>&nbsp;<\/p>\n<p>&nbsp;<\/p>\n<blockquote class=\"wp-embedded-content\" data-secret=\"IgkA7I76J7\"><p><a href=\"https:\/\/www.radiopiu.net\/wordpress\/184594-2\/\">CISL LA VOCE DEI LAVORATORI, CON PAOLO CHISSALE&#8217;<\/a><\/p><\/blockquote>\n<p><iframe loading=\"lazy\" class=\"wp-embedded-content\" sandbox=\"allow-scripts\" security=\"restricted\" style=\"position: absolute; clip: rect(1px, 1px, 1px, 1px);\" title=\"&#8220;CISL LA VOCE DEI LAVORATORI, CON PAOLO CHISSALE&#8217;&#8221; &#8212; Radio Pi\u00f9\" src=\"https:\/\/www.radiopiu.net\/wordpress\/184594-2\/embed\/#?secret=IgkA7I76J7\" data-secret=\"IgkA7I76J7\" width=\"600\" height=\"338\" frameborder=\"0\" marginwidth=\"0\" marginheight=\"0\" scrolling=\"no\"><\/iframe><\/p>\n<div>\n<p>&nbsp;<\/p>\n<p>&nbsp;<\/p>\n<hr \/>\n<p>&nbsp;<\/p>\n<h2><span style=\"color: #800080;\"><strong>LA RASSEGNA STAMPA DA L&#8217;AMICO DEL POPOLO\u00a0<\/strong><\/span><\/h2>\n<h1 class=\"kvgmc6g5 cxmmr5t8 oygrvhab hcukyx3x c1et5uql\"><span style=\"color: #0000ff;\">RADIO PIU INFORMAZIONE il canale su TELEGRAM informazione di prima mano e in tempo reale. iscriviti ed aiutaci a farlo conoscere\u00a0<\/span><\/h1>\n<p><strong><a href=\"https:\/\/www.radiopiu.net\/wordpress\/la-rassegna-stampa-da-lamico-del-popolo-16-gennaio-2021\/adriana-lotto-presidente-associazione-culturale-tina-merlin\/\" rel=\"attachment wp-att-185251\"><img loading=\"lazy\" decoding=\"async\" class=\"wp-image-185251 alignleft\" src=\"https:\/\/www.radiopiu.net\/wordpress\/wp-content\/uploads\/2021\/01\/Adriana-Lotto-Presidente-Associazione-Culturale-Tina-Merlin-300x274.png\" alt=\"\" width=\"146\" height=\"133\" srcset=\"https:\/\/www.radiopiu.net\/wordpress\/wp-content\/uploads\/2021\/01\/Adriana-Lotto-Presidente-Associazione-Culturale-Tina-Merlin-300x274.png 300w, https:\/\/www.radiopiu.net\/wordpress\/wp-content\/uploads\/2021\/01\/Adriana-Lotto-Presidente-Associazione-Culturale-Tina-Merlin.png 696w\" sizes=\"auto, (max-width: 146px) 100vw, 146px\" \/><\/a>PUNTATA DEL 16 GENNAIO 2021<\/strong><\/p>\n<p><strong>OSPITE: Adriana Lotto Presidente Associazione Culturale Tina Merlin<\/strong><\/p>\n<audio class=\"wp-audio-shortcode\" id=\"audio-185151-11\" preload=\"none\" style=\"width: 100%;\" controls=\"controls\"><source type=\"audio\/mpeg\" src=\"https:\/\/www.radiopiu.net\/wordpress\/wp-content\/uploads\/2021\/01\/RASSEGNA-GIANNI-1.mp3?_=11\" \/><a href=\"https:\/\/www.radiopiu.net\/wordpress\/wp-content\/uploads\/2021\/01\/RASSEGNA-GIANNI-1.mp3\">https:\/\/www.radiopiu.net\/wordpress\/wp-content\/uploads\/2021\/01\/RASSEGNA-GIANNI-1.mp3<\/a><\/audio>\n<p><strong>LA RACCOLTA COMPLETA<\/strong><\/p>\n<blockquote class=\"wp-embedded-content\" data-secret=\"O3v5WLZysG\"><p><a href=\"https:\/\/www.radiopiu.net\/wordpress\/rassegna-stampa-di-gianni-santomaso\/\">Rassegna stampa da l&#8217;amico del popolo &#8211; di Gianni Santomaso<\/a><\/p><\/blockquote>\n<p><iframe loading=\"lazy\" class=\"wp-embedded-content\" sandbox=\"allow-scripts\" security=\"restricted\" style=\"position: absolute; clip: rect(1px, 1px, 1px, 1px);\" title=\"&#8220;Rassegna stampa da l&#8217;amico del popolo &#8211; di Gianni Santomaso&#8221; &#8212; Radio Pi\u00f9\" src=\"https:\/\/www.radiopiu.net\/wordpress\/rassegna-stampa-di-gianni-santomaso\/embed\/#?secret=O3v5WLZysG\" data-secret=\"O3v5WLZysG\" width=\"600\" height=\"338\" frameborder=\"0\" marginwidth=\"0\" marginheight=\"0\" scrolling=\"no\"><\/iframe><\/p>\n<p>&nbsp;<\/p>\n<p>&nbsp;<\/p>\n<hr \/>\n<p>&nbsp;<\/p>\n<p>&nbsp;<\/p>\n<div>\n<h2><span style=\"color: #33cccc;\">I RACCONTI DI PAOLO SOPPELSA il lunedi alle 9.30 e 18.30<\/span><\/h2>\n<blockquote class=\"wp-embedded-content\" data-secret=\"pEo6pTLj1K\"><p><a href=\"https:\/\/www.radiopiu.net\/wordpress\/i-racconti-di-paolo-soppelsa-cinquantasettesima-puntata\/\">I RACCONTI DI PAOLO SOPPELSA CINQUANTASETTESIMA PUNTATA<\/a><\/p><\/blockquote>\n<p><iframe loading=\"lazy\" class=\"wp-embedded-content\" sandbox=\"allow-scripts\" security=\"restricted\" style=\"position: absolute; clip: rect(1px, 1px, 1px, 1px);\" title=\"&#8220;I RACCONTI DI PAOLO SOPPELSA CINQUANTASETTESIMA PUNTATA&#8221; &#8212; Radio Pi\u00f9\" src=\"https:\/\/www.radiopiu.net\/wordpress\/i-racconti-di-paolo-soppelsa-cinquantasettesima-puntata\/embed\/#?secret=pEo6pTLj1K\" data-secret=\"pEo6pTLj1K\" width=\"600\" height=\"338\" frameborder=\"0\" marginwidth=\"0\" marginheight=\"0\" scrolling=\"no\"><\/iframe><\/p>\n<h2><span style=\"color: #33cccc;\"><strong>RACCOLTA COMPLETA<\/strong><\/span><\/h2>\n<blockquote class=\"wp-embedded-content\" data-secret=\"09LlRno4To\"><p><a href=\"https:\/\/www.radiopiu.net\/wordpress\/i-racconti-di-paolo-soppelsa\/\">I racconti di Paolo Soppelsa<\/a><\/p><\/blockquote>\n<p><iframe loading=\"lazy\" class=\"wp-embedded-content\" sandbox=\"allow-scripts\" security=\"restricted\" style=\"position: absolute; clip: rect(1px, 1px, 1px, 1px);\" title=\"&#8220;I racconti di Paolo Soppelsa&#8221; &#8212; Radio Pi\u00f9\" src=\"https:\/\/www.radiopiu.net\/wordpress\/i-racconti-di-paolo-soppelsa\/embed\/#?secret=09LlRno4To\" data-secret=\"09LlRno4To\" width=\"600\" height=\"338\" frameborder=\"0\" marginwidth=\"0\" marginheight=\"0\" scrolling=\"no\"><\/iframe><\/p>\n<\/div>\n<p>&nbsp;<\/p>\n<hr \/>\n<p>&nbsp;<\/p>\n<div>\n<h2><a href=\"https:\/\/www.radiopiu.net\/wordpress\/giornale-radiopiu-13-gennaio-2021-direttore-mirko-mezzacasa\/137677866_1564759040378824_7049856006923818399_o\/\" rel=\"attachment wp-att-184381\"><img loading=\"lazy\" decoding=\"async\" class=\" wp-image-184381 alignleft\" src=\"https:\/\/www.radiopiu.net\/wordpress\/wp-content\/uploads\/2021\/01\/137677866_1564759040378824_7049856006923818399_o-203x300.jpg\" alt=\"\" width=\"83\" height=\"123\" srcset=\"https:\/\/www.radiopiu.net\/wordpress\/wp-content\/uploads\/2021\/01\/137677866_1564759040378824_7049856006923818399_o-203x300.jpg 203w, https:\/\/www.radiopiu.net\/wordpress\/wp-content\/uploads\/2021\/01\/137677866_1564759040378824_7049856006923818399_o.jpg 526w\" sizes=\"auto, (max-width: 83px) 100vw, 83px\" \/><\/a><\/h2>\n<h2><\/h2>\n<h2><strong>LE\u00a0 PUNTATE di Luisa Alchini di Leggermente Bellunesi, la domenica alle 11, <span style=\"color: #0000ff;\">IL MARTEDI IN PRIMA EDIZIONE\u00a0<\/span> alle 10.30 e alle 19.00<\/strong><\/h2>\n<p><strong>LA PUNTATA DELLA SETTIMANA\u00a0<\/strong> Elisa Orzes Grillone :scrittrice, poetessa e pittrice nata a Cencenighe<\/p>\n<audio class=\"wp-audio-shortcode\" id=\"audio-185151-12\" preload=\"none\" style=\"width: 100%;\" controls=\"controls\"><source type=\"audio\/mpeg\" src=\"https:\/\/www.radiopiu.net\/wordpress\/wp-content\/uploads\/2021\/01\/14leggermenteelisaorzesgrillone2021.mp3?_=12\" \/><a href=\"https:\/\/www.radiopiu.net\/wordpress\/wp-content\/uploads\/2021\/01\/14leggermenteelisaorzesgrillone2021.mp3\">https:\/\/www.radiopiu.net\/wordpress\/wp-content\/uploads\/2021\/01\/14leggermenteelisaorzesgrillone2021.mp3<\/a><\/audio>\n<h2><strong style=\"font-size: 14px;\"><span style=\"color: #000000;\">RACCOLTA COMPLETA<\/span><\/strong><\/h2>\n<\/div>\n<blockquote class=\"wp-embedded-content\" data-secret=\"Hk9YfqGDg2\"><p><a href=\"https:\/\/www.radiopiu.net\/wordpress\/leggermente-20\/\">LEGGERmente&#8230;Bellunesi<\/a><\/p><\/blockquote>\n<p><iframe loading=\"lazy\" class=\"wp-embedded-content\" sandbox=\"allow-scripts\" security=\"restricted\" style=\"position: absolute; clip: rect(1px, 1px, 1px, 1px);\" title=\"&#8220;LEGGERmente&#8230;Bellunesi&#8221; &#8212; Radio Pi\u00f9\" src=\"https:\/\/www.radiopiu.net\/wordpress\/leggermente-20\/embed\/#?secret=Hk9YfqGDg2\" data-secret=\"Hk9YfqGDg2\" width=\"600\" height=\"338\" frameborder=\"0\" marginwidth=\"0\" marginheight=\"0\" scrolling=\"no\"><\/iframe><\/p>\n<hr \/>\n<p>&nbsp;<\/p>\n<blockquote>\n<h3><a href=\"https:\/\/www.radiopiu.net\/wordpress\/almanacco-ladino-puntata-5-2020\/sn\/\" rel=\"attachment wp-att-180931\"><img loading=\"lazy\" decoding=\"async\" class=\"wp-image-180931 alignleft\" src=\"https:\/\/www.radiopiu.net\/wordpress\/wp-content\/uploads\/2020\/12\/sn-300x194.jpg\" alt=\"\" width=\"181\" height=\"117\" srcset=\"https:\/\/www.radiopiu.net\/wordpress\/wp-content\/uploads\/2020\/12\/sn-300x194.jpg 300w, https:\/\/www.radiopiu.net\/wordpress\/wp-content\/uploads\/2020\/12\/sn.jpg 626w\" sizes=\"auto, (max-width: 181px) 100vw, 181px\" \/><\/a>L&#8217;ALMANACCO LADINO CON L&#8217;ISTITUT CESA DE JAN QUINDICINALE APPUNTAMENTO. LA DOMENICA ALLE 9 IL LUNEDI ALLE 8.35 IL MARTEDI ALLE 12.35 IL MERCOLEDI ALLE 18.35. SECONDA STAGIONE.<\/h3>\n<\/blockquote>\n<p><strong>RACCOLTA COMPLETA\u00a0<\/strong><\/p>\n<blockquote class=\"wp-embedded-content\" data-secret=\"fM8OTgMn9a\"><p><a href=\"https:\/\/www.radiopiu.net\/wordpress\/almanacco-ladino\/\">Almanacco Ladino<\/a><\/p><\/blockquote>\n<p><iframe loading=\"lazy\" class=\"wp-embedded-content\" sandbox=\"allow-scripts\" security=\"restricted\" style=\"position: absolute; clip: rect(1px, 1px, 1px, 1px);\" title=\"&#8220;Almanacco Ladino&#8221; &#8212; Radio Pi\u00f9\" src=\"https:\/\/www.radiopiu.net\/wordpress\/almanacco-ladino\/embed\/#?secret=fM8OTgMn9a\" data-secret=\"fM8OTgMn9a\" width=\"600\" height=\"338\" frameborder=\"0\" marginwidth=\"0\" marginheight=\"0\" scrolling=\"no\"><\/iframe><\/p>\n<p>&nbsp;<\/p>\n<\/div>\n<hr \/>\n<div>\n<h2><span style=\"color: #000080;\"><a class=\"dt-pswp-item\" href=\"https:\/\/www.radiopiu.net\/wordpress\/wp-content\/uploads\/2020\/10\/pp.jpg\" data-dt-img-description=\"\" data-large_image_width=\"640\" data-large_image_height=\"640\"><img loading=\"lazy\" decoding=\"async\" class=\"wp-image-163678 alignleft\" src=\"https:\/\/www.radiopiu.net\/wordpress\/wp-content\/uploads\/2020\/10\/pp-300x300.jpg\" alt=\"\" width=\"106\" height=\"106\" srcset=\"https:\/\/www.radiopiu.net\/wordpress\/wp-content\/uploads\/2020\/10\/pp-300x300.jpg 300w, https:\/\/www.radiopiu.net\/wordpress\/wp-content\/uploads\/2020\/10\/pp-150x150.jpg 150w, https:\/\/www.radiopiu.net\/wordpress\/wp-content\/uploads\/2020\/10\/pp-125x125.jpg 125w, https:\/\/www.radiopiu.net\/wordpress\/wp-content\/uploads\/2020\/10\/pp-200x200.jpg 200w, https:\/\/www.radiopiu.net\/wordpress\/wp-content\/uploads\/2020\/10\/pp-80x80.jpg 80w, https:\/\/www.radiopiu.net\/wordpress\/wp-content\/uploads\/2020\/10\/pp-480x480.jpg 480w, https:\/\/www.radiopiu.net\/wordpress\/wp-content\/uploads\/2020\/10\/pp.jpg 640w\" sizes=\"auto, (max-width: 106px) 100vw, 106px\" \/><\/a> <\/span><\/h2>\n<h2><span style=\"color: #000080;\">DON CESARE, IL PENSIERO DEL GIORNO. ALLA RADIO ALLE 7 DEL MATTINO E ALLE 19.30 DELLA SERA.\u00a0\u00a0<\/span><\/h2>\n<\/div>\n<audio class=\"wp-audio-shortcode\" id=\"audio-185151-13\" preload=\"none\" style=\"width: 100%;\" controls=\"controls\"><source type=\"audio\/mpeg\" src=\"https:\/\/www.radiopiu.net\/wordpress\/wp-content\/uploads\/2021\/01\/CESARE-11.mp3?_=13\" \/><a href=\"https:\/\/www.radiopiu.net\/wordpress\/wp-content\/uploads\/2021\/01\/CESARE-11.mp3\">https:\/\/www.radiopiu.net\/wordpress\/wp-content\/uploads\/2021\/01\/CESARE-11.mp3<\/a><\/audio>\n<p>&nbsp;<\/p>\n<hr \/>\n<p>&nbsp;<\/p>\n<blockquote>\n<h3><a href=\"https:\/\/www.radiopiu.net\/wordpress\/laugurio-di-monsignor-giorgio-lise-agli-agordini\/don-giorgio-lise\/\" rel=\"attachment wp-att-177420\"><img loading=\"lazy\" decoding=\"async\" class=\" wp-image-177420 alignleft\" src=\"https:\/\/www.radiopiu.net\/wordpress\/wp-content\/uploads\/2020\/12\/DON-GIORGIO-LISE-300x169.jpg\" alt=\"\" width=\"225\" height=\"127\" srcset=\"https:\/\/www.radiopiu.net\/wordpress\/wp-content\/uploads\/2020\/12\/DON-GIORGIO-LISE-300x169.jpg 300w, https:\/\/www.radiopiu.net\/wordpress\/wp-content\/uploads\/2020\/12\/DON-GIORGIO-LISE-1024x577.jpg 1024w, https:\/\/www.radiopiu.net\/wordpress\/wp-content\/uploads\/2020\/12\/DON-GIORGIO-LISE-768x432.jpg 768w, https:\/\/www.radiopiu.net\/wordpress\/wp-content\/uploads\/2020\/12\/DON-GIORGIO-LISE-1536x865.jpg 1536w, https:\/\/www.radiopiu.net\/wordpress\/wp-content\/uploads\/2020\/12\/DON-GIORGIO-LISE.jpg 1600w\" sizes=\"auto, (max-width: 225px) 100vw, 225px\" \/><\/a>LA DOMENICA, ALLE 7 E ALLE 10 SU RADIO PIU, &#8220;DUE MINUTI PER TE&#8221; CON MONSIGNOR GIORGIO LISE<\/h3>\n<\/blockquote>\n<audio class=\"wp-audio-shortcode\" id=\"audio-185151-14\" preload=\"none\" style=\"width: 100%;\" controls=\"controls\"><source type=\"audio\/mpeg\" src=\"https:\/\/www.radiopiu.net\/wordpress\/wp-content\/uploads\/2021\/01\/giorgio-1.mp3?_=14\" \/><a href=\"https:\/\/www.radiopiu.net\/wordpress\/wp-content\/uploads\/2021\/01\/giorgio-1.mp3\">https:\/\/www.radiopiu.net\/wordpress\/wp-content\/uploads\/2021\/01\/giorgio-1.mp3<\/a><\/audio>\n<p>&nbsp;<\/p>\n<hr \/>\n<p>&nbsp;<\/p>\n<div>\n<p class=\"photoswipe-wrapper\"><a class=\"dt-pswp-item pspw-wrap-ready\" href=\"https:\/\/i0.wp.com\/www.radiopiu.net\/wordpress\/wp-content\/uploads\/2018\/09\/viabilita.jpeg?ssl=1\" data-dt-img-description=\"\" data-large_image_width=\"800\" data-large_image_height=\"100\"><img loading=\"lazy\" decoding=\"async\" class=\"aligncenter wp-image-61954 size-full\" src=\"https:\/\/i0.wp.com\/www.radiopiu.net\/wordpress\/wp-content\/uploads\/2018\/09\/viabilita.jpeg?resize=800%2C100&amp;ssl=1\" sizes=\"auto, (max-width: 800px) 100vw, 800px\" srcset=\"https:\/\/i0.wp.com\/www.radiopiu.net\/wordpress\/wp-content\/uploads\/2018\/09\/viabilita.jpeg?w=800&amp;ssl=1 800w, https:\/\/i0.wp.com\/www.radiopiu.net\/wordpress\/wp-content\/uploads\/2018\/09\/viabilita.jpeg?resize=300%2C38&amp;ssl=1 300w, https:\/\/i0.wp.com\/www.radiopiu.net\/wordpress\/wp-content\/uploads\/2018\/09\/viabilita.jpeg?resize=768%2C96&amp;ssl=1 768w\" alt=\"\" width=\"800\" height=\"100\" \/><\/a><\/p>\n<\/div>\n<p>&nbsp;<\/p>\n<p><strong>SP 1 MADONNA DEL PIAVE <\/strong>senso unico alternato regolato da semaforo fino al 15 gennaio in comune di Quero Vas per realizzazione tombinatura<\/p>\n<p><strong>SP 42 CAVALLERA<\/strong> fino a revoca, chiusura della strada nell&#8217;abitato di Perarolo per attivazione emergenza frana &#8220;Busa del Cristo&#8221;<\/p>\n<p><strong>S.P.2 DELLA VALLE DEL MIS\u00a0<\/strong>Interdizione totale al traffico fino a revoca dal km 14,920 (localit\u00e0 Gona Bassa) al km 20,650 (localit\u00e0 Titele) per cedimento della carreggiata<\/p>\n<p><strong>S.P. 5 DI LAMOSANO<\/strong>\u00a0Interdizione totale fino a revoca per presenza di materiale e alberi in strada.<\/p>\n<p><strong>S.P. 251 DI VAL DI ZOLDO E VAL CELLINA\u00a0<\/strong>dalla localit\u00e0 Soffranco fino all&#8217;imbocco nord della galleria S. Giovanni interdizione totale al transito per cedimento della carreggiata<\/p>\n<p><strong>SP 3 DELLA VAL IMPERINA<\/strong> fino a revoca, senso unico alternato regolato a vista in localit\u00e0 Gona di Conedera di Rivamonte per cedimento della carreggiata stradale<\/p>\n<div>\n<p>&nbsp;<\/p>\n<hr \/>\n<p>&nbsp;<\/p>\n<blockquote>\n<h3>SEMPRE ASIAGO LA LOCALITA&#8217; PIU&#8217; GELIDA<\/h3>\n<\/blockquote>\n<p>&nbsp;<\/p>\n<div class=\"gmail_default\"><b>Temperature minime<span class=\"gmail_default\">\u00a0<\/span>registrate nella scorsa notte in alcune localit\u00e0 del Veneto<\/b><span class=\"gmail_default\">.<\/span><\/div>\n<div class=\"gmail_quote\">\n<div dir=\"ltr\">\n<div class=\"gmail_quote\">\n<div dir=\"ltr\">\n<div class=\"gmail_quote\">\n<div class=\"gmail_attr\" dir=\"ltr\"><em><span class=\"gmail_default\"><u><img loading=\"lazy\" decoding=\"async\" class=\"alignleft\" src=\"https:\/\/www.radiopiu.net\/wordpress\/wp-content\/uploads\/2021\/01\/download-24.jpg\" width=\"214\" height=\"143\" \/>Fra i paesi, i valori pi\u00f9 significativi sono stati misurati a:\u00a0 <\/u><\/span><\/em>Asiago &#8211;<b>1<span class=\"gmail_default\">8.0<\/span>\u00b0C<\/b>\u00a0\u00a0<em><span class=\"gmail_default\">Santo Stefano di Cadore <b>-16.3\u00b0C\u00a0 <\/b><\/span><\/em><em><span class=\"gmail_default\">Castana (Val Posina)\u00a0<b>-9.6\u00b0C<\/b><\/span><\/em><\/div>\n<div dir=\"ltr\"><\/div>\n<div class=\"gmail_attr\" dir=\"ltr\"><span class=\"gmail_default\"><u>Per altri paesi e citt\u00e0 della regione si veda questa tabella:<\/u><b><u>\u00a0<\/u> \u00a0<\/b><\/span><em><strong><a href=\"http:\/\/www.arpa.veneto.it\/bollettini\/meteo\/h24\/minmaxoggi\/minmaxodierne.htm\" target=\"_blank\" rel=\"noopener\">http:\/\/www.arpa.veneto.it\/bollettini\/meteo\/h24\/minmaxoggi\/minmaxodierne.htm<\/a><\/strong><\/em><\/div>\n<div dir=\"ltr\">\n<div>\n<div><\/div>\n<\/div>\n<div class=\"gmail_quote\">\n<div dir=\"ltr\">\n<div class=\"gmail_quote\">\n<div class=\"gmail_attr\" dir=\"ltr\"><u><span class=\"gmail_default\">Si segnalano inoltre\u00a0le t<\/span>emperature minime nelle <span class=\"gmail_default\">localit\u00e0<\/span>\u00a0normalmente pi\u00f9 fredde<span class=\"gmail_default\">:\u00a0 \u00a0V<\/span><\/u>al Visdende (BL-1240 m)\u00a0<strong>&#8211;<span class=\"gmail_default\">19.7<\/span>\u00b0C <\/strong>Passo Cimabanche (BL-1530 m)\u00a0<strong>&#8211;<span class=\"gmail_default\">20.8\u00b0C <\/span><\/strong>Passo Pordoi (BL-2154 m) <b>-16.7\u00b0C <\/b>Marmolada (BL-3256 m)\u00a0<strong><span class=\"gmail_default\">-21.7\u00b0C <\/span><\/strong>Pian Cansiglio (BL-<span class=\"gmail_default\"> 1003 m<\/span>)\u00a0\u00a0<strong>&#8211;<span class=\"gmail_default\">23.0<\/span>\u00b0C<\/strong>\u00a0 \u00a0Piana di Marcesina (VI-1310 m) <strong>&#8211;<span class=\"gmail_default\">23.0<\/span>\u00b0C <\/strong>Dolina Campoluzzo (VI-1768 m)\u00a0<span class=\"gmail_default\">NP <\/span><i>Questo dato va considerato come semplice curiosit\u00e0<span class=\"gmail_default\">, perch\u00e8 dovuto ad un particolare microclima<\/span> (registrato sul fondo di una conca, in una sperduta zona di montagna)\u00a0 <\/i><em><strong>Record (temperature minime assolute) negli ultimi 35 anni nelle localit\u00e0 considerate <\/strong><\/em><em>Pian Cansiglio -29.5\u00b0C (1 marzo 2005)<\/em><\/div>\n<div dir=\"ltr\">\n<p><em>Val Visdende -26.4\u00b0C (1 marzo 2005) <\/em><em>Passo Cimabanche -30\u00b0C (7 gennaio 1985) <\/em><em>Passo Pordoi -26.2\u00b0C (6 gennaio 1985) <\/em><em>Marmolada -30.4\u00b0C (30 gennaio 1999) <\/em><em>Piana di Marcesina -32.0\u00b0C (1 marzo 2005) <\/em><em>Dolina Campoluzzo -44.1\u00b0C (26 febbraio 2018)<\/em><\/p>\n<\/div>\n<\/div>\n<\/div>\n<\/div>\n<\/div>\n<\/div>\n<\/div>\n<\/div>\n<\/div>\n<\/div>\n<p>&nbsp;<\/p>\n<p>&nbsp;<\/p>\n<hr \/>\n<p>&nbsp;<\/p>\n<p class=\"photoswipe-wrapper\"><a class=\"dt-pswp-item pspw-wrap-ready\" href=\"https:\/\/i0.wp.com\/www.radiopiu.net\/wordpress\/wp-content\/uploads\/2018\/09\/WhatsApp-Image-2018-09-20-at-16.04.06.jpeg?ssl=1\" data-dt-img-description=\"\" data-large_image_width=\"800\" data-large_image_height=\"100\"><img loading=\"lazy\" decoding=\"async\" class=\"aligncenter wp-image-61378 size-full jetpack-lazy-image jetpack-lazy-image--handled\" src=\"https:\/\/i0.wp.com\/www.radiopiu.net\/wordpress\/wp-content\/uploads\/2018\/09\/WhatsApp-Image-2018-09-20-at-16.04.06.jpeg?resize=800%2C100&amp;ssl=1\" sizes=\"auto, (max-width: 800px) 100vw, 800px\" srcset=\"https:\/\/i0.wp.com\/www.radiopiu.net\/wordpress\/wp-content\/uploads\/2018\/09\/WhatsApp-Image-2018-09-20-at-16.04.06.jpeg?w=800&amp;ssl=1 800w, https:\/\/i0.wp.com\/www.radiopiu.net\/wordpress\/wp-content\/uploads\/2018\/09\/WhatsApp-Image-2018-09-20-at-16.04.06.jpeg?resize=300%2C38&amp;ssl=1 300w, https:\/\/i0.wp.com\/www.radiopiu.net\/wordpress\/wp-content\/uploads\/2018\/09\/WhatsApp-Image-2018-09-20-at-16.04.06.jpeg?resize=768%2C96&amp;ssl=1 768w\" alt=\"\" width=\"800\" height=\"100\" data-lazy-loaded=\"1\" \/><\/a><\/p>\n<p>&nbsp;<\/p>\n<div>\n<div id=\"dolomitimeteo_div_testi\"><center><b>Domenica 17<\/b><\/center><b>Tempo atteso: <\/b>Nuvolosit\u00e0 alta e medio-alta durante la notte, in diradamento nel corso della mattinata con ampi rasserenamenti fino a cielo sereno o poco nuvoloso. Nel corso del pomeriggio il cielo torner\u00e0 a coprirsi a partire da nord, copertura pi\u00f9 intensa sulle Dolomiti, mentre gli squarci di sereno resisteranno pi\u00f9 a lungo sulle Prealpi. Atmosfera invernale e, nonostante l&#8217;aumento delle minime, far\u00e0 ancora freddo nei fondovalle in giornata.<br \/>\n<b>Precipitazioni: <\/b>Assenti (0%), eccetto qualche fiocco di neve ventata sulle cime dolomitiche pi\u00f9 settentrionali a fine giornata (10%).<br \/>\n<b>Temperature: <\/b>Minime in generale lieve ripresa, in maniera pi\u00f9 avvertita nelle valli qualora ci fosse una prolungata presenza di nuvolosit\u00e0 notturna; massime pressoch\u00e9 stazionarie nelle valli e in aumento in quota. Probabile isotermia verticale con zero termico sia a 600 m che a 1000 m. Su Prealpi a 1500 m min -8\u00b0C max -5\u00b0C, a 2000 m min -9\u00b0C max -8\u00b0C. Su Dolomiti a 2000 m min -10\u00b0C max -8\u00b0C, a 3000 m min -15\u00b0C max -13\u00b0C.<br \/>\n<b>Venti: <\/b>Nelle valli deboli di direzione variabile, salvo qualche rinforzo da nord-est nelle valli prealpine; in quota perlopi\u00f9 moderati da nord fino sui 2000\/2200 m, ancora tesi\/forti alle quote pi\u00f9 alte, almeno nella notte e in serata, a 10-25 km\/h a 2000 m e 30-65 km\/h a 3000 m.<\/p>\n<hr \/>\n<p><center><b>Lunedi 18<\/b><\/center><b>Tempo atteso: <\/b>Nottetempo e per parte del mattino da nuvoloso a parzialmente nuvoloso sulle Dolomiti, maggiore chance di tratti soleggiati sulle Prealpi. Dalle ore centrali in poi ben soleggiato con cielo sereno ovunque. Il freddo si attenuer\u00e0 un po&#8217;, soprattutto di notte, per\u00f2 il contesto termico rimarr\u00e0 invernale gi\u00e0 dagli 800\/1000 m in su.<br \/>\n<b>Precipitazioni: <\/b>Assenti (0%)<br \/>\n<b>Temperature: <\/b>Minime in generale lieve ripresa, in maniera pi\u00f9 avvertita nelle valli per ridotto irraggiamento notturno; massime in lieve aumento, specie nei settori maggiormente assolati. Su Prealpi a 1500 m min -6\u00b0C max -4\u00b0C, a 2000 m min -8\u00b0C max -7\u00b0C. Su Dolomiti a 2000 m min -9\u00b0C max -7\u00b0C, a 3000 m min -14\u00b0C max -12\u00b0C.<br \/>\n<b>Venti: <\/b>Nelle valli deboli di direzione variabile; in quota fino al primo mattino tesi\/forti da nord-ovest sulle cime pi\u00f9 alte e moderati sotto i 1800\/2000 m, in giornata saranno in netta attenuazione, a 5-15 km\/h a 2000 m e 25-55 km\/h a 3000 m.<\/p>\n<hr \/>\n<p><center><b>Martedi 19<\/b><\/center>Fino al primo pomeriggio tempo soleggiato con cielo sereno, aria tersa in quota; maggiore probabilit\u00e0 di banchi di nebbia in alcune depressioni prealpine durante le ore pi\u00f9 fredde. Dal pomeriggio il cielo tender\u00e0 ad annuvolarsi per nubi stratiforme alte e medio-alte. Temperature in rialzo, eccetto calo delle minime nei fondovalle prealpini, dove ci sar\u00e0 una lieve inversione termica notturna. Venti in quota deboli\/moderati da nord-ovest al mattino e da ovest al pomeriggio; nelle valli deboli di direzione variabile.<\/p>\n<hr \/>\n<p><center><b>Mercoledi 20<\/b><\/center>Qualche tratto di cielo sereno ma con maggiore copertura nuvolosa, a tratti estesa, per nubi alte e medio-alte. L&#8217;insidia nebbia o nubi basse crescer\u00e0 rispetto ai giorni precedenti, specie sulla fascia prealpina. Temperature in ulteriore lieve aumento con riduzione dell&#8217;escursione termica giornaliera. Venti deboli\/moderati da sud-ovest in quota, deboli di direzione variabile nelle valli. Previsore:R.L.Th.<\/p>\n<\/div>\n<\/div>\n<\/div>\n<\/div>\n<p>&nbsp;<\/p>\n<hr \/>\n<p>&nbsp;<\/p>\n<p><a href=\"https:\/\/www.radiopiu.net\/wordpress\/giornale-radiopiu-15-settembre-2018-direttore-mirko-mezzacasa\/sport-7\/\" rel=\"attachment wp-att-60761\"><img loading=\"lazy\" decoding=\"async\" class=\"aligncenter wp-image-60761 size-full\" src=\"https:\/\/www.radiopiu.net\/wordpress\/wp-content\/uploads\/2018\/09\/sport.jpg\" alt=\"\" width=\"800\" height=\"100\" srcset=\"https:\/\/www.radiopiu.net\/wordpress\/wp-content\/uploads\/2018\/09\/sport.jpg 800w, https:\/\/www.radiopiu.net\/wordpress\/wp-content\/uploads\/2018\/09\/sport-300x38.jpg 300w, https:\/\/www.radiopiu.net\/wordpress\/wp-content\/uploads\/2018\/09\/sport-768x96.jpg 768w\" sizes=\"auto, (max-width: 800px) 100vw, 800px\" \/><\/a><\/p>\n<p>&nbsp;<\/p>\n<blockquote>\n<h3>UN ALLEGHE VOLENTEROSO CEDE ALL&#8217;APPIANO<\/h3>\n<\/blockquote>\n<p class=\"p1\"><strong><a href=\"https:\/\/www.radiopiu.net\/wordpress\/il-calendario-ufficiale-dellitalian-hockey-league\/logo-alleghe-hockey\/\" rel=\"attachment wp-att-95699\"><img loading=\"lazy\" decoding=\"async\" class=\"size-medium wp-image-95699 alignleft\" src=\"https:\/\/www.radiopiu.net\/wordpress\/wp-content\/uploads\/2019\/08\/logo-alleghe-hockey-300x281.png\" alt=\"\" width=\"300\" height=\"281\" srcset=\"https:\/\/www.radiopiu.net\/wordpress\/wp-content\/uploads\/2019\/08\/logo-alleghe-hockey-300x281.png 300w, https:\/\/www.radiopiu.net\/wordpress\/wp-content\/uploads\/2019\/08\/logo-alleghe-hockey.png 547w\" sizes=\"auto, (max-width: 300px) 100vw, 300px\" \/><\/a>APPIANO &#8211; ALLEGHE 4-2<\/strong><\/p>\n<p class=\"p1\">PARZIALI: 2-0, 1-1, 1-1<\/p>\n<p class=\"p1\">GOL: pt. 4\u201953\u201d Tombolato, 5\u201926\u201d Critelli. st. 5\u201942\u201d Dowd, 14\u201905\u201d Kiviranta. tt. 4\u201930\u201d Vallerand, 15\u201913\u201d Kiviranta<\/p>\n<p class=\"p1\"><b>APPIANO <\/b>I pirati dell\u2019Appiano affondano l\u2019Alleghe. Agordini che subiscono gli altoatesini anche se avrebbero meritato molto di pi\u00f9. La squadra di Matikainen non ha demeritato, a fare la differenza il portiere dei padroni di casa che nel secondo tempo ha salvato il risultato pi\u00f9 volte. Sfida nervosa con tanti minuti di penalit\u00e0 da entrambe le parti. 3 punti persi per un Alleghe Hockey che da ora in poi non pu\u00f2 pi\u00f9 permettersi passi falsi se vuole qualificarsi anzitempo ai playoff. Match a ritmi alti fin dalle prime battute. Alla prima disattenzione difensiva l\u2019Appiano passa in vantaggio. Ci pensa Tombolato a battere Scola. Passano pochi secondi e gli altoatesini vanno di nuovo a segno. Disco che s\u2019impenna e colpo vincente di Critelli. Le civette sono in difficolt\u00e0 e lo si capisce poco dopo quando per un\u2019ingenuit\u00e0 concedono l\u2019uomo in pi\u00f9 ai padroni di casa. Provano a reaigire gli uomini di Matikainen ma le conclusioni di Kiviranta, Giolai e Ganz non centrano i pali. Sfida che s\u2019incattivisce e gli arbitri sono costretti a calmare gli animi. A fine primo tempo Alleghe che non demorde ma il disco non vuole entrare. Secondo tempo equilibrato, i portieri vengono impegnati pi\u00f9 volte da entrambi i lati. Ad avere la meglio \u00e8 l\u2019Appiano che trova la terza marcatura della serata con Dowd. I pirati difendono il risultato e le civette non riescono a bucare la porta difesa da Paller. Agordini che accorciano le distanze in doppia superiorit\u00e0 numerica con un siluro dalla distanza di Kiviranta. Terza frazione che inizia con l\u2019Appiano che cala il poker. Fatale il contropiede dei pirati e Vallerand che va a colpo sicuro. I biancorossi le provano tutte ma non riescono a bucare la difesa avversaria. Il match sembra riaprirsi a pochi minuti dal termine quando in superiorit\u00e0 numerica Kiviranta trova la doppietta personale con una fucilata dalla linea blu. Mettono paura le civette che sembrano indiavolate dalle parti di Paller, un vero e proprio tiro al bersaglio ma il disco non entra e la vittoria va agli altoatesini.<\/p>\n<p>&nbsp;<\/p>\n<p>&nbsp;<\/p>\n<hr \/>\n<p>&nbsp;<\/p>\n<blockquote>\n<h3>SCI DI FONDO: ELIA BARP CAMPIONE ITALIANO<\/h3>\n<\/blockquote>\n<p><strong><a href=\"https:\/\/www.radiopiu.net\/wordpress\/giornale-radiopiu-17-gennaio-2021-direttore-mirko-mezzacasa\/veneto-camp-ita-fondo-16-01-2021-alfedena\/\" rel=\"attachment wp-att-185213\"><img loading=\"lazy\" decoding=\"async\" class=\"size-medium wp-image-185213 alignleft\" src=\"https:\/\/www.radiopiu.net\/wordpress\/wp-content\/uploads\/2021\/01\/veneto-camp-ita-fondo-16.01.2021-alfedena-300x200.jpeg\" alt=\"\" width=\"300\" height=\"200\" srcset=\"https:\/\/www.radiopiu.net\/wordpress\/wp-content\/uploads\/2021\/01\/veneto-camp-ita-fondo-16.01.2021-alfedena-300x200.jpeg 300w, https:\/\/www.radiopiu.net\/wordpress\/wp-content\/uploads\/2021\/01\/veneto-camp-ita-fondo-16.01.2021-alfedena-1024x683.jpeg 1024w, https:\/\/www.radiopiu.net\/wordpress\/wp-content\/uploads\/2021\/01\/veneto-camp-ita-fondo-16.01.2021-alfedena-768x512.jpeg 768w, https:\/\/www.radiopiu.net\/wordpress\/wp-content\/uploads\/2021\/01\/veneto-camp-ita-fondo-16.01.2021-alfedena-1536x1025.jpeg 1536w, https:\/\/www.radiopiu.net\/wordpress\/wp-content\/uploads\/2021\/01\/veneto-camp-ita-fondo-16.01.2021-alfedena.jpeg 1598w\" sizes=\"auto, (max-width: 300px) 100vw, 300px\" \/><\/a>ALFADENA (ABRUZZO) <\/strong>Prima giornata con i Campionati italiani oggi ad Alfedena (Abruzzo) per Juniores e Aspiranti. Molto bene sono andati i ragazzi veneti che hanno portato a casa il titolo Juniores nella 10km in classico con il bellunese delle Fiamme Gialle Elia Barp, primo davanti a Nicol\u00f2 Cusini e Luca Sclisizzo. Poco fuori dai dieci il veronese, anch\u2019egli delle Fiamme Gialle, Pietro Pomari, dodicesimo. Sempre in campo maschile, grande bronzo per Giacomo Schivo (Sci club Gallio) tra gli Aspiranti (sempre 10 km in classico), categoria dove c\u2019\u00e8 anche il quarto posto di Alex Serafini (Sci club Val Biois) e il quinto di Andrea Zorzi (Fiamme Gialle \u2013 Ski College Falcade). In ambito femminile (7.5 km in classico), grande prestazione di squadra tra le Aspiranti con Iris De Martin Pinter (Carabinieri) seconda ad appena 1\u20335 dall\u2019oro, Maria Sole Cona (Sci club Bosco) sesta e Melissa Dandrea (Sci club Cortina) settima. Sedicesima, nella categoria Juniores, Lucia De Lorenzo Tobolo (Us Valpadola). In gara anche i Seniores, per la Coppa Italia. Secondo posto tra le ragazze (10 km in classico) per la zoldana delle Fiamme Oro Sara Pellegrini. <em>(foto fisiveneto.com)<\/em><\/p>\n","protected":false},"excerpt":{"rendered":"<p>PER RICEVERE QUESTO NOTIZIARIO DIRETTAMENTE SUL TUO CELLULARE ISCRIVITI AL CANALE TELEGRAM \u201cRADIO PIU\u00a0 INFORMAZIONE&#8221;\u00a0 ATTENZIONE: LA NUOVA APP PER IOS-IPHONE https:\/\/apps.apple.com\/it\/app\/radio-pi%C3%B9-emittente-agordina\/id1515939845 ATTENZIONE: LA NUOVA APP RADIO\u00a0 PER ANDROID https:\/\/play.google.com\/store\/apps\/details?id=net.radiopiu.iniko\u00a0\u00a0\u00a0\u00a0 &nbsp; LA PANDEMIA CANCELLA PRANZO E FESTA DI SANT&#8217;ANTONIO. CENCENIGHE I ragazzi pi\u00f9 giovani hanno dovuto rinunciare a cantare San Martino, i pi\u00f9 grandi alle&hellip;<\/p>\n","protected":false},"author":4,"featured_media":185283,"comment_status":"closed","ping_status":"closed","sticky":false,"template":"","format":"standard","meta":{"_monsterinsights_skip_tracking":false,"_monsterinsights_sitenote_active":false,"_monsterinsights_sitenote_note":"","_monsterinsights_sitenote_category":0,"footnotes":""},"categories":[1,86],"tags":[],"class_list":["post-185151","post","type-post","status-publish","format-standard","has-post-thumbnail","hentry","category-senza-categoria","category-gr","category-1","category-86","description-off"],"img_url":"https:\/\/www.radiopiu.net\/wordpress\/wp-content\/uploads\/2021\/01\/download-25.jpg","_links":{"self":[{"href":"https:\/\/www.radiopiu.net\/wordpress\/wp-json\/wp\/v2\/posts\/185151","targetHints":{"allow":["GET"]}}],"collection":[{"href":"https:\/\/www.radiopiu.net\/wordpress\/wp-json\/wp\/v2\/posts"}],"about":[{"href":"https:\/\/www.radiopiu.net\/wordpress\/wp-json\/wp\/v2\/types\/post"}],"author":[{"embeddable":true,"href":"https:\/\/www.radiopiu.net\/wordpress\/wp-json\/wp\/v2\/users\/4"}],"replies":[{"embeddable":true,"href":"https:\/\/www.radiopiu.net\/wordpress\/wp-json\/wp\/v2\/comments?post=185151"}],"version-history":[{"count":0,"href":"https:\/\/www.radiopiu.net\/wordpress\/wp-json\/wp\/v2\/posts\/185151\/revisions"}],"wp:featuredmedia":[{"embeddable":true,"href":"https:\/\/www.radiopiu.net\/wordpress\/wp-json\/wp\/v2\/media\/185283"}],"wp:attachment":[{"href":"https:\/\/www.radiopiu.net\/wordpress\/wp-json\/wp\/v2\/media?parent=185151"}],"wp:term":[{"taxonomy":"category","embeddable":true,"href":"https:\/\/www.radiopiu.net\/wordpress\/wp-json\/wp\/v2\/categories?post=185151"},{"taxonomy":"post_tag","embeddable":true,"href":"https:\/\/www.radiopiu.net\/wordpress\/wp-json\/wp\/v2\/tags?post=185151"}],"curies":[{"name":"wp","href":"https:\/\/api.w.org\/{rel}","templated":true}]}}