{"id":185231,"date":"2021-01-17T19:03:12","date_gmt":"2021-01-17T18:03:12","guid":{"rendered":"https:\/\/www.radiopiu.net\/wordpress\/?p=185231"},"modified":"2021-01-18T05:59:56","modified_gmt":"2021-01-18T04:59:56","slug":"a-volte-penso-che-la-riconoscenza-del-presidente","status":"publish","type":"post","link":"https:\/\/www.radiopiu.net\/wordpress\/a-volte-penso-che-la-riconoscenza-del-presidente\/","title":{"rendered":"A VOLTE PENSO CHE&#8230; LA RICONOSCENZA DEL PRESIDENTE"},"content":{"rendered":"<p>&nbsp;<\/p>\n<p><strong>FALCADE<\/strong> Un messaggio di riconoscenza che \u00e8 un&#8217;iniezione di fiducia, importante in questo periodo in cui il numero dei volontari \u00e8 in calo costante, ma l&#8217;esigenza di un punto di intervento immediato sul territorio richiede sempre e comunque lo stesso sforzo come nel 1982 e negli anni di maggior afflusso turistico. Non a caso anche in questa stagione per uomini e donne della Croce Verde Val Biois sar\u00e0 impossibile garantire h24 il soccorso, come anticipato dal Presidente Stefano Murer che oggi interviene con dei pensieri sparsi che riceviamo e volentieri pubblichiamo.<\/p>\n<p>&nbsp;<\/p>\n<blockquote><p><a href=\"https:\/\/www.radiopiu.net\/wordpress\/speciale-croce-verde-val-biois-21-mila-chilometri-in-un-anno-per-471-interventi\/murer\/\" rel=\"attachment wp-att-80526\"><img loading=\"lazy\" decoding=\"async\" class=\"size-full wp-image-80526 alignleft\" src=\"https:\/\/www.radiopiu.net\/wordpress\/wp-content\/uploads\/2019\/03\/MURER-e1603200896333.jpg\" alt=\"\" width=\"259\" height=\"194\" \/><\/a>A volte mi chiedo perch\u00e9 fare il volontario in associazioni dove la preparazione, l\u2019aggiornamento, l\u2019empatia, la disponibilit\u00e0 viene messa a dura prova dalla indifferenza del territorio o di una parte di esso. Ogni tanto vengo avvicinato da concittadini che mi chiedono della salute della nostra associazione e delle problematiche che stiamo vivendo e rimango sconcertato e a volte adirato pensando che mai ha sostenuto con la tessera annuale l\u2019associazione e pertanto suppongo che nulla gli importa di noi ma ha bisogno di bearsi, a quale scopo non lo so, forse a farci chiudere. A volte mi ringraziano per l\u2019intervento fatto e penso, e purtroppo non lo ho mai detto, \u201cIl grazie lo si deve indirizzare a quanti, tutti gli anni, investono il loro denaro affinch\u00e9 possiamo essere presenti e operativi a prescindere se ne hanno o meno bisogno\u201d, il grazie va indirizzato a quanti si impegnano per mantenere questo servizio, dai volontari, ai sostenitori. A volte penso che sarebbe meglio chiudere tutto e stare a vedere cosa succede, ma poi pensando a chi dal 1982 ti sostiene ininterrottamente, auspicandosi di non avere mai bisogno dell\u2019ambulanza e magari quella volta che ne aveva bisogno non chiama il 118 per non disturbare e prende l\u2019auto e si reca al pronto soccorso autonomamente. A volte succede che trovi un bonifico ingente di un cittadino che aiutato al momento del bisogno si rende conto che siamo utili e per lui il grazie (che per noi \u00e8 prezioso) non basta, deve darci qualche cosa in pi\u00f9, privandosi di risorse importanti e dicendo che \u00e8 un piccolo pensiero per la professionalit\u00e0 durante il soccorso. Un giorno, delle vacanze natalizie 2021, mi telefona un signore che volendo rimanere anonimo mi dice che ci vede immancabili e preziosi nella nostra valle, partecipa tutti gli anni alla messa commemorativa di Papa Giovanni Paolo 1\u00b0 e apprezza fortemente la nostra disponibilit\u00e0 e attenzione per il paese e pertanto vuole donarci del materiale utile e mi invita a recarmi presso un negozio di Canale ove trovo con immenso piacere il materiale da lui donato. Ci sono molteplici aneddoti di riconoscenza EX POST ma quelli per cui \u00e8 importante svolgere l\u2019attivit\u00e0 e che si siamo impegnati a fare \u00e8 per empatia personale e per quanti in questi anni hanno creduto e continuano a credere nella nostra utilit\u00e0. Un grazie immenso ai sostenitori della Croce Verde Val Biois ODV e a quanti hanno in questi anni donato a noi per ringraziarci della nostra attivit\u00e0, risorse utilizzate per aiutare, soccorrere, addestrarci. Grazie, <strong>Stefano Murer<\/strong><\/p><\/blockquote>\n","protected":false},"excerpt":{"rendered":"<p>&nbsp; FALCADE Un messaggio di riconoscenza che \u00e8 un&#8217;iniezione di fiducia, importante in questo periodo in cui il numero dei volontari \u00e8 in calo costante, ma l&#8217;esigenza di un punto di intervento immediato sul territorio richiede sempre e comunque lo stesso sforzo come nel 1982 e negli anni di maggior afflusso turistico. Non a caso&hellip;<\/p>\n","protected":false},"author":4,"featured_media":80526,"comment_status":"closed","ping_status":"closed","sticky":false,"template":"","format":"standard","meta":{"_monsterinsights_skip_tracking":false,"_monsterinsights_sitenote_active":false,"_monsterinsights_sitenote_note":"","_monsterinsights_sitenote_category":0,"footnotes":""},"categories":[51,49],"tags":[],"class_list":["post-185231","post","type-post","status-publish","format-standard","has-post-thumbnail","hentry","category-evidenza-top","category-news-18","category-51","category-49","description-off"],"img_url":"https:\/\/www.radiopiu.net\/wordpress\/wp-content\/uploads\/2019\/03\/MURER-e1603200896333.jpg","_links":{"self":[{"href":"https:\/\/www.radiopiu.net\/wordpress\/wp-json\/wp\/v2\/posts\/185231","targetHints":{"allow":["GET"]}}],"collection":[{"href":"https:\/\/www.radiopiu.net\/wordpress\/wp-json\/wp\/v2\/posts"}],"about":[{"href":"https:\/\/www.radiopiu.net\/wordpress\/wp-json\/wp\/v2\/types\/post"}],"author":[{"embeddable":true,"href":"https:\/\/www.radiopiu.net\/wordpress\/wp-json\/wp\/v2\/users\/4"}],"replies":[{"embeddable":true,"href":"https:\/\/www.radiopiu.net\/wordpress\/wp-json\/wp\/v2\/comments?post=185231"}],"version-history":[{"count":0,"href":"https:\/\/www.radiopiu.net\/wordpress\/wp-json\/wp\/v2\/posts\/185231\/revisions"}],"wp:featuredmedia":[{"embeddable":true,"href":"https:\/\/www.radiopiu.net\/wordpress\/wp-json\/wp\/v2\/media\/80526"}],"wp:attachment":[{"href":"https:\/\/www.radiopiu.net\/wordpress\/wp-json\/wp\/v2\/media?parent=185231"}],"wp:term":[{"taxonomy":"category","embeddable":true,"href":"https:\/\/www.radiopiu.net\/wordpress\/wp-json\/wp\/v2\/categories?post=185231"},{"taxonomy":"post_tag","embeddable":true,"href":"https:\/\/www.radiopiu.net\/wordpress\/wp-json\/wp\/v2\/tags?post=185231"}],"curies":[{"name":"wp","href":"https:\/\/api.w.org\/{rel}","templated":true}]}}