{"id":185301,"date":"2021-01-18T05:45:57","date_gmt":"2021-01-18T04:45:57","guid":{"rendered":"https:\/\/www.radiopiu.net\/wordpress\/?p=185301"},"modified":"2021-01-18T10:14:53","modified_gmt":"2021-01-18T09:14:53","slug":"giornale-radiopiu-18-gennaio-2021-direttore-mirko-mezzacasa","status":"publish","type":"post","link":"https:\/\/www.radiopiu.net\/wordpress\/giornale-radiopiu-18-gennaio-2021-direttore-mirko-mezzacasa\/","title":{"rendered":"GIORNALE RADIOPIU 18 GENNAIO 2021 DIRETTORE MIRKO MEZZACASA"},"content":{"rendered":"<h3>PER<strong> RICEVERE QUESTO NOTIZIARIO DIRETTAMENTE SUL TUO CELLULARE ISCRIVITI AL CANALE TELEGRAM <\/strong><strong>\u201cRADIO PIU\u00a0 INFORMAZIONE&#8221;\u00a0<\/strong><\/h3>\n<p><em>ATTENZIONE: LA NUOVA APP PER IOS-IPHONE<\/em><\/p>\n<div>\n<div><a href=\"https:\/\/apps.apple.com\/it\/app\/radio-pi%C3%B9-emittente-agordina\/id1515939845\">https:\/\/apps.apple.com\/it\/app\/radio-pi%C3%B9-emittente-agordina\/id1515939845<\/a><\/div>\n<\/div>\n<div><\/div>\n<div>\n<div dir=\"auto\"><em>ATTENZIONE: LA NUOVA APP RADIO\u00a0 PER ANDROID<\/em><\/div>\n<\/div>\n<p><a href=\"https:\/\/play.google.com\/store\/apps\/details?id=net.radiopiu.iniko\" target=\"_blank\" rel=\"noopener noreferrer\">https:\/\/play.google.com\/store\/apps\/details?id=net.radiopiu.iniko\u00a0\u00a0\u00a0\u00a0<\/a><\/p>\n<p>&nbsp;<\/p>\n<hr \/>\n<p>&nbsp;<\/p>\n<p><strong>GLI SPECIALI DI RADIO PIU: SANPA!<\/strong> San Patrignano e Vincenzo Muccioli, la storia dell&#8217;Italia anni Ottanta nel pieno dell&#8217;emergenza droga. di Luisa Alchini. Mercoledi alle 10.30 e alle 19 su RADIO PIU<\/p>\n<audio class=\"wp-audio-shortcode\" id=\"audio-185301-1\" preload=\"none\" style=\"width: 100%;\" controls=\"controls\"><source type=\"audio\/mpeg\" src=\"https:\/\/www.radiopiu.net\/wordpress\/wp-content\/uploads\/2021\/01\/promo-sanpa.mp3?_=1\" \/><a href=\"https:\/\/www.radiopiu.net\/wordpress\/wp-content\/uploads\/2021\/01\/promo-sanpa.mp3\">https:\/\/www.radiopiu.net\/wordpress\/wp-content\/uploads\/2021\/01\/promo-sanpa.mp3<\/a><\/audio>\n<blockquote><p><em><a href=\"https:\/\/www.radiopiu.net\/wordpress\/giornale-radiopiu-15-gennaio-2021-direttore-mirko-mezzacasa\/download-1084\/\" rel=\"attachment wp-att-184962\"><img loading=\"lazy\" decoding=\"async\" class=\" wp-image-184962 alignleft\" src=\"https:\/\/www.radiopiu.net\/wordpress\/wp-content\/uploads\/2021\/01\/download-19.jpg\" alt=\"\" width=\"180\" height=\"145\" \/><\/a>Luci e tenebre di San Patrignano \u00e8 una serie televisiva documentaristica originale realizzata da Netflix, prodotta e sviluppata da Gianluca Neri, scritta da Carlo Gabardini, Gianluca Neri e Paolo Bernardelli con la regia di Cosima Spender. Attraverso testimonianze e immagini di repertorio, la docu-serie in 5 episodi racconta la controversa storia della comunit\u00e0 di recupero di San Patrignano fondata da Vincenzo Muccioli nel 1978, a Coriano, in provincia di Rimini.\u00a0<\/em><\/p><\/blockquote>\n<p>&nbsp;<\/p>\n<p>&nbsp;<\/p>\n<hr \/>\n<p>&nbsp;<\/p>\n<p>&nbsp;<\/p>\n<blockquote>\n<h3>CURVE IN DISCESA, IN POCO PIU&#8217; DI 15 GIORNI LA PROVINCIA DI BELLUNO CONTA OLTRE 3500 GUARITI.<\/h3>\n<\/blockquote>\n<p>Si torna a scuola, ma non in tutte le Regioni. Gli scienziati hanno dato il via libera per le lezioni in presenza alle superiori, sono solo 4 le Regioni che hanno risposto all&#8217;invito: Piemonte, Lazio, Emilia Romagna e Molise. Il Ministro Azzolina rivolgendosi a tutti gli altri Governatori, Veneto compreso avverte <em>&#8220;Chi ritarder\u00e0 poi ne risponder\u00e0&#8221;.<\/em> E&#8217; la notizia importante del giorno, ma non meno importante dei riferimenti numerici perch\u00e9 ieri in Italia sono calati i contagi ed anche i ricoveri nelle terapie intensive. Cessato l&#8217;allarme &#8220;ossigeno&#8221; nelle rianimazioni si potr\u00e0 iniziare a pensare al riavvio di ambulatori e chirurgie dove l&#8217;attivit\u00e0 \u00e8 ferma da settimane,\u00a0 ne sanno qualche cosa i pazienti delle varie Ulss in lista di attesa, sempre pi\u00f9 lunghe. Con i 46 decessi di ieri in Veneto (la met\u00e0 rispetto ad altri giorni) sono state superate le 8000 vittime da inizio pandemia. Anche ieri per\u00f2 849 nuovi casi, in leggero calo i ricoveri, uno in meno in area medica nelle ultime 24 ore. Terapie intensive in Veneto ancora sopra la soglia critica del 30%, ieri il valore era pari a 34% come Bolzano, 51% a Trento dato peggiore in Italia. In Provincia sale a 13554\u00a0 il numero dei guariti, 2583 i contagi attuali, la met\u00e0 rispetto a fine dicembre, 6167 le persone vaccinate. Cresce ancora il numero dei pazienti in area non critica anche se di poco, 81 il totale dei ricoverati tra Belluno e Feltre nel fine settimana. Otto le persone in terapia intensiva, 16 ricoveri negli ospedali di Comunit\u00e0 tra Belluno e Feltre in tutti gli altri ospedali di Comunt\u00e0 letti liberi.<\/p>\n<blockquote>\n<h3>UN DECESSO COVID IN ULSS 1 DOLOMITI, 37 I NUOVI POSITIVI IN PROVINCIA. IERI IL V-DAY PER FARMACISTI, DENTISTI E ALTRI OPERATORI DELLA SANITA&#8217;<\/h3>\n<\/blockquote>\n<p><strong>BELLUNO<\/strong> Nelle ultime 24 ore \u00e8 deceduta una donna covid positiva di 85 anni ricoverata in Geriatria a Feltre. I nuovi positivi in Ulss 1 Dolomiti sono 37.<\/p>\n<p><strong>Ricoveri <\/strong><\/p>\n<p><em>(dato alle ore 17.00 fonte: Azienda Zero)<\/em><\/p>\n<p>Le persone attualmente POSITIVE ricoverate negli ospedali dell\u2019Ulss Dolomiti sono:<\/p>\n<table>\n<tbody>\n<tr>\n<td width=\"217\"><strong>\u00a0<\/strong><\/td>\n<td width=\"217\"><strong>Area NON CRITICA<\/strong><\/td>\n<td width=\"217\"><strong>Terapia Intensiva<\/strong><\/td>\n<\/tr>\n<tr>\n<td width=\"217\"><strong>Ospedale di Belluno <\/strong><\/td>\n<td width=\"217\">36<\/td>\n<td width=\"217\">4<\/td>\n<\/tr>\n<tr>\n<td width=\"217\"><strong>Ospedale di Feltre<\/strong><\/p>\n<p><strong>Ospedale di Agordo<\/strong><\/td>\n<td width=\"217\">42<\/p>\n<p>3<\/td>\n<td width=\"217\">4<\/td>\n<\/tr>\n<\/tbody>\n<\/table>\n<p>&nbsp;<\/p>\n<p>Le persone attualmente POSITIVE ricoverate in Ospedale di Comunit\u00e0 sono:<\/p>\n<table>\n<tbody>\n<tr>\n<td width=\"326\"><strong>\u00a0<\/strong><\/td>\n<td width=\"326\"><strong>pazienti attualmente positivi<\/strong><\/td>\n<\/tr>\n<tr>\n<td width=\"326\"><strong>Ospedale di Comunit\u00e0 di BELLUNO<\/strong><\/td>\n<td width=\"326\">10<\/td>\n<\/tr>\n<tr>\n<td width=\"326\"><strong>Ospedale di Comunit\u00e0 di FELTRE<\/strong><\/td>\n<td width=\"326\">6<\/td>\n<\/tr>\n<\/tbody>\n<\/table>\n<p>&nbsp;<\/p>\n<p>ieri mattina giornata di vaccinazioni dedicata agli odontoiatri e farmacisti della provincia di Belluno. Tutti in coda di primo mattino per ricevere la prima dose di vaccino presso l&#8217;ospedale di Belluno<\/p>\n\n\t\t\t<style type='text\/css'>\n\t\t\t\t#gallery-1 {\n\t\t\t\t\tmargin: auto;\n\t\t\t\t}\n\t\t\t\t#gallery-1 .gallery-item {\n\t\t\t\t\tfloat: left;\n\t\t\t\t\tmargin-top: 10px;\n\t\t\t\t\ttext-align: center;\n\t\t\t\t\twidth: 33%;\n\t\t\t\t}\n\t\t\t\t#gallery-1 img {\n\t\t\t\t\tborder: 2px solid #cfcfcf;\n\t\t\t\t}\n\t\t\t\t#gallery-1 .gallery-caption {\n\t\t\t\t\tmargin-left: 0;\n\t\t\t\t}\n\t\t\t\t\/* see gallery_shortcode() in wp-includes\/media.php *\/\n\t\t\t<\/style>\n\t\t<div id='gallery-1' class='dt-gallery-container gallery galleryid-185301 gallery-columns-3 gallery-size-thumbnail'><dl class='gallery-item'>\n\t\t\t\t<dt class='gallery-icon landscape'>\n\t\t\t\t\t<a class=\"rollover rollover-zoom dt-pswp-item\" title=\"e02525f3-8ae4-466d-9e3d-dff9f6c8ee35\" data-dt-img-description=\"\" data-large_image_width=\"2000\" data-large_image_height=\"1500\"href='https:\/\/www.radiopiu.net\/wordpress\/wp-content\/uploads\/2021\/01\/e02525f3-8ae4-466d-9e3d-dff9f6c8ee35.jpg'><img loading=\"lazy\" decoding=\"async\" width=\"150\" height=\"150\" src=\"https:\/\/www.radiopiu.net\/wordpress\/wp-content\/uploads\/2021\/01\/e02525f3-8ae4-466d-9e3d-dff9f6c8ee35-150x150.jpg\" class=\"attachment-thumbnail size-thumbnail\" alt=\"\" \/><\/a>\n\t\t\t\t<\/dt><\/dl><dl class='gallery-item'>\n\t\t\t\t<dt class='gallery-icon landscape'>\n\t\t\t\t\t<a class=\"rollover rollover-zoom dt-pswp-item\" title=\"ecb5f394-4747-415c-91a7-339d886d24c5\" data-dt-img-description=\"\" data-large_image_width=\"2000\" data-large_image_height=\"1500\"href='https:\/\/www.radiopiu.net\/wordpress\/wp-content\/uploads\/2021\/01\/ecb5f394-4747-415c-91a7-339d886d24c5.jpg'><img loading=\"lazy\" decoding=\"async\" width=\"150\" height=\"150\" src=\"https:\/\/www.radiopiu.net\/wordpress\/wp-content\/uploads\/2021\/01\/ecb5f394-4747-415c-91a7-339d886d24c5-150x150.jpg\" class=\"attachment-thumbnail size-thumbnail\" alt=\"\" \/><\/a>\n\t\t\t\t<\/dt><\/dl><dl class='gallery-item'>\n\t\t\t\t<dt class='gallery-icon landscape'>\n\t\t\t\t\t<a class=\"rollover rollover-zoom dt-pswp-item\" title=\"1cac5ed6-05bb-4aa8-b16f-9fc2d8aff641\" data-dt-img-description=\"\" data-large_image_width=\"2000\" data-large_image_height=\"1500\"href='https:\/\/www.radiopiu.net\/wordpress\/wp-content\/uploads\/2021\/01\/1cac5ed6-05bb-4aa8-b16f-9fc2d8aff641.jpg'><img loading=\"lazy\" decoding=\"async\" width=\"150\" height=\"150\" src=\"https:\/\/www.radiopiu.net\/wordpress\/wp-content\/uploads\/2021\/01\/1cac5ed6-05bb-4aa8-b16f-9fc2d8aff641-150x150.jpg\" class=\"attachment-thumbnail size-thumbnail\" alt=\"\" \/><\/a>\n\t\t\t\t<\/dt><\/dl><br style=\"clear: both\" \/>\n\t\t\t<\/div>\n\n<p>&nbsp;<\/p>\n<p>&nbsp;<\/p>\n<p>&nbsp;<\/p>\n<hr \/>\n<p>&nbsp;<\/p>\n<blockquote>\n<h3>FRONTALE A PONTE NELLE ALPI, DUE FERITI<\/h3>\n<\/blockquote>\n<p><strong>PONTE NELLE ALP<\/strong>I Ieri sera alle 18 a Cadola una Bmw condotta da una ragazza di 30 anni, \u00e8 sbandata sulla corsia opposta contro una Fiat Punto condotta da M.B., 26 anni di Ponte nelle Alpi, il conducente \u00e8 ricorso alle cure del San Martino dove \u00e8 stato trasferito in ambulanza e dimesso in serata. Lievi contusioni per la trentenne.\u00a0 Sul posto i carabinieri\u00a0 per la ricostruzione della dinamica. I vigili del fuoco con gli uomini di Veneto Strade hanno provveduto a spostare i mezzi incidentati e a mettere in sicurezza la sede stradale.<\/p>\n<p>&nbsp;<\/p>\n<hr \/>\n<blockquote>\n<h3><\/h3>\n<h3>ALLARME PISTOLA:\u00a0 VIGILI DEL FUOCO AL DISTRIBUTORE<\/h3>\n<\/blockquote>\n<p><strong>PEDAVENA<\/strong> Vigili del Fuoco alle pompe di benzina. Sul piazzale la &#8220;pistola&#8221; staccata dal tubo delle pompe e benzina sparsa a terra. Due le ipotesi: atto di vandalismo oppure molto probabilmente il disattento o la disattenta che dopo il pieno \u00e8 partito di slancio dimenticando di estrarre la pistola dal bocchettone del serbatoio.<\/p>\n<blockquote>\n<h3><\/h3>\n<\/blockquote>\n<hr \/>\n<blockquote>\n<h3>SOCCORSO LAMPO PER LA SCI ALPINISTA<\/h3>\n<\/blockquote>\n<p><strong>SAPPADA<\/strong> Ieri alle 14 il Soccorso Alpino di Sappada \u00e8 uscito per soccorrere una donna cadorina, 35 anni, in compagnia del marito e di un&#8217;altra persona, stava completando la discesa di Sappada 2000. Ad un centinaio di metri dall&#8217;abitato di Mulbach, dietro le scuole, la donna \u00e8 stata colta di sorpresa da un avvallamento del terreno ed \u00e8 caduta procurandosi un trauma alla gamba. E&#8217; stata portata a braccia fino all&#8217;ambulanza.<\/p>\n<p>&nbsp;<\/p>\n<hr \/>\n<p>&nbsp;<\/p>\n<blockquote>\n<h3>VENTENNI BLOCCATI IN QUOTA<\/h3>\n<\/blockquote>\n<p><strong>SAPPADA<\/strong>\u00a0 I soccorritori friulani sono stati chiamati ad un intervento coadiuvati dall&#8217;elicottero\u00a0 per aiutare due ventenni rimasti bloccati a quota 1400 metri sotto il Monte Lovinzola durante una uscita con le ciaspole.<\/p>\n<p>&nbsp;<\/p>\n<hr \/>\n<blockquote>\n<h3><\/h3>\n<h3>SINDACI SENZ&#8217;ARMI NELLA GUERRA AL COVID. &#8220;DICHIARAZIONE STERILE QUELLA DI PRA&#8221;, DICHIARA IL SINDACO DI ROCCA PIETORE<\/h3>\n<\/blockquote>\n<p><strong><a href=\"https:\/\/www.radiopiu.net\/wordpress\/rocca-pietore_andrea-de-bernardin\/\" rel=\"attachment wp-att-83892\"><img loading=\"lazy\" decoding=\"async\" class=\"wp-image-83892 alignleft\" src=\"https:\/\/www.radiopiu.net\/wordpress\/wp-content\/uploads\/2019\/04\/Rocca-Pietore_Andrea-De-Bernardin-142x300.jpg\" alt=\"\" width=\"86\" height=\"182\" srcset=\"https:\/\/www.radiopiu.net\/wordpress\/wp-content\/uploads\/2019\/04\/Rocca-Pietore_Andrea-De-Bernardin-142x300.jpg 142w, https:\/\/www.radiopiu.net\/wordpress\/wp-content\/uploads\/2019\/04\/Rocca-Pietore_Andrea-De-Bernardin-484x1024.jpg 484w, https:\/\/www.radiopiu.net\/wordpress\/wp-content\/uploads\/2019\/04\/Rocca-Pietore_Andrea-De-Bernardin.jpg 757w\" sizes=\"auto, (max-width: 86px) 100vw, 86px\" \/><\/a><\/strong><\/p>\n<p><strong>ROCCA PIETORE<\/strong> Una stagione mai iniziata, anche a Rocca Pietore e in Marmolada. La situazione \u00e8 preoccupante, ma quali sono le soluzioni? I sindaci sono stati chiamati in causa pi\u00f9 volte, anche di recente. L&#8217;ultimo richiamo dagli albergatori. A questo proposito arriva la risposta del sindaco Andrea De Bernardin che nell&#8217;occasione risponde alle recenti critiche di Sergio Pra in quanto al progetto Dolomiti Madness &#8220;che ha dato come risultati poco o nulla&#8221; aveva chiosato l&#8217;imprenditore turistico alleghese.<\/p>\n<audio class=\"wp-audio-shortcode\" id=\"audio-185301-2\" preload=\"none\" style=\"width: 100%;\" controls=\"controls\"><source type=\"audio\/mpeg\" src=\"https:\/\/www.radiopiu.net\/wordpress\/wp-content\/uploads\/2021\/01\/ANDREA-1.mp3?_=2\" \/><a href=\"https:\/\/www.radiopiu.net\/wordpress\/wp-content\/uploads\/2021\/01\/ANDREA-1.mp3\">https:\/\/www.radiopiu.net\/wordpress\/wp-content\/uploads\/2021\/01\/ANDREA-1.mp3<\/a><\/audio>\n<p>Ma tornando ai sindaci, che cosa si aspettano i Comuni dal Governo centrale, anche e soprattutto con riferimento alla tassazione che per molti a breve e lungo termine sar\u00e0 un problema. Cosa servirebbe per andare incontro alle imprese danneggiate dall&#8217;epidemia?<\/p>\n<audio class=\"wp-audio-shortcode\" id=\"audio-185301-3\" preload=\"none\" style=\"width: 100%;\" controls=\"controls\"><source type=\"audio\/mpeg\" src=\"https:\/\/www.radiopiu.net\/wordpress\/wp-content\/uploads\/2021\/01\/ANDREA2.mp3?_=3\" \/><a href=\"https:\/\/www.radiopiu.net\/wordpress\/wp-content\/uploads\/2021\/01\/ANDREA2.mp3\">https:\/\/www.radiopiu.net\/wordpress\/wp-content\/uploads\/2021\/01\/ANDREA2.mp3<\/a><\/audio>\n<p>Per il futuro ci saranno comunque investimenti sul territorio? Malga Ciapela e Padon necessitano di interventi importanti.<\/p>\n<audio class=\"wp-audio-shortcode\" id=\"audio-185301-4\" preload=\"none\" style=\"width: 100%;\" controls=\"controls\"><source type=\"audio\/mpeg\" src=\"https:\/\/www.radiopiu.net\/wordpress\/wp-content\/uploads\/2021\/01\/ANDREA-3.mp3?_=4\" \/><a href=\"https:\/\/www.radiopiu.net\/wordpress\/wp-content\/uploads\/2021\/01\/ANDREA-3.mp3\">https:\/\/www.radiopiu.net\/wordpress\/wp-content\/uploads\/2021\/01\/ANDREA-3.mp3<\/a><\/audio>\n<p>&nbsp;<\/p>\n<hr \/>\n<p>&nbsp;<\/p>\n<blockquote>\n<h3>SINDACI NON OFFENDETEVI, FATE SQUADRA<\/h3>\n<\/blockquote>\n<p><strong><a href=\"https:\/\/www.radiopiu.net\/wordpress\/giornale-radiopiu-03-marzo-2017-direttore-mirko-mezzacasa-2\/sergio-pra\/\" rel=\"attachment wp-att-29383\"><img loading=\"lazy\" decoding=\"async\" class=\"size-medium wp-image-29383 alignleft\" src=\"https:\/\/www.radiopiu.net\/wordpress\/wp-content\/uploads\/2017\/03\/Sergio-Pra-300x286.jpg\" alt=\"\" width=\"300\" height=\"286\" \/><\/a><\/strong><\/p>\n<p>&nbsp;<\/p>\n<p>&nbsp;<\/p>\n<p>&nbsp;<\/p>\n<p><strong>ALLEGHE<\/strong> Sulla crisi che sta interessando il mondo dell&#8217;imprenditoria ricettiva e impiantistica, interviene Sergio Pra, albergatore e presidente di Alleghe Funivie.<\/p>\n<audio class=\"wp-audio-shortcode\" id=\"audio-185301-5\" preload=\"none\" style=\"width: 100%;\" controls=\"controls\"><source type=\"audio\/mpeg\" src=\"https:\/\/www.radiopiu.net\/wordpress\/wp-content\/uploads\/2021\/01\/SERGIO-PRA-RISPOSTA.mp3?_=5\" \/><a href=\"https:\/\/www.radiopiu.net\/wordpress\/wp-content\/uploads\/2021\/01\/SERGIO-PRA-RISPOSTA.mp3\">https:\/\/www.radiopiu.net\/wordpress\/wp-content\/uploads\/2021\/01\/SERGIO-PRA-RISPOSTA.mp3<\/a><\/audio>\n<p>&nbsp;<\/p>\n<hr \/>\n<p>&nbsp;<\/p>\n<blockquote>\n<h3>SEI SINDACI AGORDINI SCRIVONO AI RAPPRESENTANTI PARLAMENTARI<\/h3>\n<\/blockquote>\n<p><strong><a href=\"https:\/\/www.radiopiu.net\/wordpress\/giornale-radiopiu-03-dicembre-2019-direttore-mirko-mezzacasa\/icona_sindaco\/\" rel=\"attachment wp-att-108460\"><img loading=\"lazy\" decoding=\"async\" class=\"size-medium wp-image-108460 alignleft\" src=\"https:\/\/www.radiopiu.net\/wordpress\/wp-content\/uploads\/2019\/12\/icona_sindaco-225x300.png\" alt=\"\" width=\"225\" height=\"300\" srcset=\"https:\/\/www.radiopiu.net\/wordpress\/wp-content\/uploads\/2019\/12\/icona_sindaco-225x300.png 225w, https:\/\/www.radiopiu.net\/wordpress\/wp-content\/uploads\/2019\/12\/icona_sindaco.png 300w\" sizes=\"auto, (max-width: 225px) 100vw, 225px\" \/><\/a>AGORDINO\u00a0<\/strong>I Sindaci di Alleghe Danilo De Toni, di Cencenighe Mauro Soppelsa, di Livinallongo Leandro Grones, di Rocca Pietore Andrea De Bernardin, di San Tomaso Moreno De Val e di Gosaldo Stefano Da Zanche hanno scritto al Ministro Federico D&#8217;Inc\u00e0, ai Senatori Paolo Saviane e Luca De Carlo, e agli onorevoli Dario Bond, Mirco Badole e Roger De Menech per segnalare quanto la situazione nei nostri territori della montagna Bellunese, si stia ulteriormente aggravando a seguito dell\u2019emergenza Covid-19.Il rischio sanitario si sta sempre di pi\u00f9 unendo a quello economico.<\/p>\n<blockquote><p><em>Le nostre localit\u00e0 ad economia prevalentemente turistica, in questo momento stanno vivendo una situazione di sofferenza, che unita ai precedenti disastri meteorologici come Vaia, rischia di compromettere seriamente l\u2019economia locale. C\u2019\u00e8 bisogno di aiuti consistenti ed immediati affinch\u00e9 le famiglie abbiano di che vivere. Tutto il settore turistico \u00e8 fermo da mesi, le aziende che gravitano su questo settore sono chiuse e i tanti dipendenti (stagionali e non), sono a casa privi di adeguate forme di sostentamento, ma soprattutto senza certezze per il futuro.\u00a0 \u00a0Ogni giorno che passa diventa sempre pi\u00f9 difficile alla luce del fatto che molti hanno gi\u00e0 terminato il sussidio di disoccupazione, le aziende devono far fronte ad ingenti costi fissi per mantenere le strutture riscaldate, affinch\u00e9 non gelino gli impianti, pendenze finanziare con le banche, tasse e utenze, anticipi ai lavoratori e zero incassi. Se non ci sar\u00e0 un intervento immediato il rischio \u00e8 di compromettere pesantemente la difficile situazione in cui ci troviamo. Tante aziende non riusciranno a ripartire e molte persone perderanno definitivamente il lavoro. Ci appelliamo anche ai nostri rappresentanti bellunesi al Governo affinch\u00e9 si facciano portavoce di questa tragedia che rischia di vedere la montagna ancora una volta colpita e vittima dimenticata.<\/em><\/p><\/blockquote>\n<p>&nbsp;<\/p>\n<p>&nbsp;<\/p>\n<hr \/>\n<blockquote>\n<h3>SOPRALLUOGO NELLE SKI AREE: LA PROVINCIA SOLIDALE CON LE STAZIONI SCIISTICHE<\/h3>\n<\/blockquote>\n<p><span class=\"s1\"><strong><a href=\"https:\/\/www.radiopiu.net\/wordpress\/sopralluogo-nelle-ski-aree-la-provincia-solidale-con-le-stazioni-sciistiche\/img_8642\/\" rel=\"attachment wp-att-185335\"><img loading=\"lazy\" decoding=\"async\" class=\"size-medium wp-image-185335 alignleft\" src=\"https:\/\/www.radiopiu.net\/wordpress\/wp-content\/uploads\/2021\/01\/IMG_8642-300x225.jpg\" alt=\"\" width=\"300\" height=\"225\" srcset=\"https:\/\/www.radiopiu.net\/wordpress\/wp-content\/uploads\/2021\/01\/IMG_8642-300x225.jpg 300w, https:\/\/www.radiopiu.net\/wordpress\/wp-content\/uploads\/2021\/01\/IMG_8642-1024x768.jpg 1024w, https:\/\/www.radiopiu.net\/wordpress\/wp-content\/uploads\/2021\/01\/IMG_8642-768x576.jpg 768w, https:\/\/www.radiopiu.net\/wordpress\/wp-content\/uploads\/2021\/01\/IMG_8642.jpg 1280w\" sizes=\"auto, (max-width: 300px) 100vw, 300px\" \/><\/a>BELLUNO <\/strong>Il turismo invernale \u00e8 in netta difficolt\u00e0. E la Provincia ha voluto verificare la situazione. Nei giorni scorsi, i consiglieri provinciali Danilo De Toni (delegato al turismo) e Massimo Bortoluzzi (impianti a fune) hanno fatto visita agli impianti del comprensorio Civetta per portare solidariet\u00e0 agli addetti ai lavori. <\/span><span class=\"s1\">\u00ab<em>Abbiamo scelto il Civetta in rappresentanza di tutti gli impiantisti, perch\u00e9 l\u00ec sono stati fatti importanti lavori di aggiornamento e implementazione. E perch\u00e9 sono in previsioni ulteriori miglioramenti\u00bb spiegano De Toni e Bortoluzzi. \u00abMiglioramenti che dopo un inverno sotto effetto Covid sono resi difficili dalla situazione economica, ma restano fondamentali per far crescere il settore dello sci e del turismo montano<\/em>\u00bb. <\/span><span class=\"s1\">Sono tre i piani presentati in Provincia dallo Ski Civetta: il primo riguarda Alleghe; il secondo la sostituzione di un impianto a Zoldo; e poi c\u2019\u00e8 Palafavera, dove \u00e8 stato messo in campo un progetto che ha previsto anche lo spostamento di un biotopo in collaborazione con gli uffici di Palazzo Piloni, quindi in un\u2019ottica di sostenibilit\u00e0 ambientale. \u00ab<em>La sostenibilit\u00e0 che oggi serve alla montagna \u00e8 quella economica e sociale, in un anno veramente difficile per il nostro territorio e per le attivit\u00e0 economiche. \u00c8 per questo che oltre alla solidariet\u00e0 abbiamo voluto varare una misura precisa di sostegno per le attivit\u00e0 turistiche &#8211; spiegano De Toni e Bortoluzzi &#8211; anche a seguito dell\u2019incontro a Roma con il ministro D\u2019Inc\u00e0, durante il quale abbiamo presentato l\u2019agonia del settore sci e del turismo, chiedendo ristori puntuali ed efficaci<\/em>\u00bb. <\/span><span class=\"s1\">La Provincia, infatti, all\u2019interno della cosiddetta \u201cmanovra Covid\u201d (10 milioni di euro complessivi, tra cofinanziamento provinciale e Fondo Comuni confinanti) ha inserito anche 500mila euro a favore delle societ\u00e0 di impianti di risalita. \u00ab<em>Abbiamo scelto gli impianti perch\u00e9 rappresentano il motore attorno a cui ruota il turismo invernale &#8211; continuano De Toni e Bortoluzzi -. Dare contributi alle attivit\u00e0 ricettive e ristorative sarebbe stato possibile, ma avrebbe significato polverizzarle e di fatto renderle quasi inutili. Oltre a questo, abbiamo sollevato la questione indennizzi e ristori con il ministro D\u2019Inc\u00e0 e torneremo alla carica per avere un sostegno economico. La montagna in questo momento ne ha estrema necessit\u00e0, per poter sopravvivere e guardare gi\u00e0 alla prossima stagione, che tutti ci auguriamo possa essere libera dal viru<\/em>s\u00bb. <\/span><span class=\"s1\">La questione degli impianti a fune \u00e8 stata affrontata di striscio anche nel recente vertice Provincia-Enel, durante il quale la societ\u00e0 elettrica ha spiegato di aver gi\u00e0 disposto l\u2019investimento di 100 milioni di euro nel prossimo triennio per potenziare l\u2019approvvigionamento elettrico per le Olimpiadi 2026. \u00ab<em>In quest\u2019ottica gli impianti saranno centrali e potranno davvero diventare uno dei vettori della mobilit\u00e0 integrata in montagna, non solo per lo sport &#8211; conclude il consigliere Bortoluzzi, delegato anche alle reti elettriche -. Bisogner\u00e0 ragionare anche di isole energetiche, in modo che eventuali piccole emergenze non compromettano il funzionamento dell\u2019intera rete<\/em>\u00bb.<\/span><\/p>\n<p>&nbsp;<\/p>\n<p>&nbsp;<\/p>\n<hr \/>\n<p>&nbsp;<\/p>\n<blockquote class=\"wp-embedded-content\" data-secret=\"xdUcbfWvSY\"><p><a href=\"https:\/\/www.radiopiu.net\/wordpress\/agg-gen17\/\">CORONAVIRUS: AGGIORNAMENTO NAZIONALE 17 GENNAIO 2021<\/a><\/p><\/blockquote>\n<p><iframe loading=\"lazy\" class=\"wp-embedded-content\" sandbox=\"allow-scripts\" security=\"restricted\" style=\"position: absolute; clip: rect(1px, 1px, 1px, 1px);\" title=\"&#8220;CORONAVIRUS: AGGIORNAMENTO NAZIONALE 17 GENNAIO 2021&#8221; &#8212; Radio Pi\u00f9\" src=\"https:\/\/www.radiopiu.net\/wordpress\/agg-gen17\/embed\/#?secret=xdUcbfWvSY\" data-secret=\"xdUcbfWvSY\" width=\"600\" height=\"338\" frameborder=\"0\" marginwidth=\"0\" marginheight=\"0\" scrolling=\"no\"><\/iframe><\/p>\n<p>&nbsp;<\/p>\n<hr \/>\n<p>&nbsp;<\/p>\n<blockquote class=\"wp-embedded-content\" data-secret=\"zq1vHFDEao\"><p><a href=\"https:\/\/www.radiopiu.net\/wordpress\/superate-gli-8-mila-decessi-in-veneto-sono-849-i-nuovi-positivi-in-regione-a-belluno-3-nuove-positivita\/\">SUPERATE GLI 8 MILA DECESSI IN VENETO. SONO 849 I NUOVI POSITIVI IN REGIONE. A BELLUNO 3 NUOVE POSITIVITA&#8217;<\/a><\/p><\/blockquote>\n<p><iframe loading=\"lazy\" class=\"wp-embedded-content\" sandbox=\"allow-scripts\" security=\"restricted\" style=\"position: absolute; clip: rect(1px, 1px, 1px, 1px);\" title=\"&#8220;SUPERATE GLI 8 MILA DECESSI IN VENETO. SONO 849 I NUOVI POSITIVI IN REGIONE. A BELLUNO 3 NUOVE POSITIVITA&#8217;&#8221; &#8212; Radio Pi\u00f9\" src=\"https:\/\/www.radiopiu.net\/wordpress\/superate-gli-8-mila-decessi-in-veneto-sono-849-i-nuovi-positivi-in-regione-a-belluno-3-nuove-positivita\/embed\/#?secret=zq1vHFDEao\" data-secret=\"zq1vHFDEao\" width=\"600\" height=\"338\" frameborder=\"0\" marginwidth=\"0\" marginheight=\"0\" scrolling=\"no\"><\/iframe><\/p>\n<p>&nbsp;<\/p>\n<hr \/>\n<p>&nbsp;<\/p>\n<blockquote>\n<h3>I GRAFICI DI TIZIANO DE COL<\/h3>\n<\/blockquote>\n\n\t\t\t<style type='text\/css'>\n\t\t\t\t#gallery-2 {\n\t\t\t\t\tmargin: auto;\n\t\t\t\t}\n\t\t\t\t#gallery-2 .gallery-item {\n\t\t\t\t\tfloat: left;\n\t\t\t\t\tmargin-top: 10px;\n\t\t\t\t\ttext-align: center;\n\t\t\t\t\twidth: 25%;\n\t\t\t\t}\n\t\t\t\t#gallery-2 img {\n\t\t\t\t\tborder: 2px solid #cfcfcf;\n\t\t\t\t}\n\t\t\t\t#gallery-2 .gallery-caption {\n\t\t\t\t\tmargin-left: 0;\n\t\t\t\t}\n\t\t\t\t\/* see gallery_shortcode() in wp-includes\/media.php *\/\n\t\t\t<\/style>\n\t\t<div id='gallery-2' class='dt-gallery-container gallery galleryid-185301 gallery-columns-4 gallery-size-medium'><dl class='gallery-item'>\n\t\t\t\t<dt class='gallery-icon landscape'>\n\t\t\t\t\t<a class=\"rollover rollover-zoom dt-pswp-item\" title=\"99caf455-3a72-452e-9964-e8e8dc5304fa\" data-dt-img-description=\"\" data-large_image_width=\"592\" data-large_image_height=\"350\"href='https:\/\/www.radiopiu.net\/wordpress\/wp-content\/uploads\/2021\/01\/99caf455-3a72-452e-9964-e8e8dc5304fa.jpg'><img loading=\"lazy\" decoding=\"async\" width=\"300\" height=\"177\" src=\"https:\/\/www.radiopiu.net\/wordpress\/wp-content\/uploads\/2021\/01\/99caf455-3a72-452e-9964-e8e8dc5304fa-300x177.jpg\" class=\"attachment-medium size-medium\" alt=\"\" srcset=\"https:\/\/www.radiopiu.net\/wordpress\/wp-content\/uploads\/2021\/01\/99caf455-3a72-452e-9964-e8e8dc5304fa-300x177.jpg 300w, https:\/\/www.radiopiu.net\/wordpress\/wp-content\/uploads\/2021\/01\/99caf455-3a72-452e-9964-e8e8dc5304fa.jpg 592w\" sizes=\"auto, (max-width: 300px) 100vw, 300px\" \/><\/a>\n\t\t\t\t<\/dt><\/dl><dl class='gallery-item'>\n\t\t\t\t<dt class='gallery-icon landscape'>\n\t\t\t\t\t<a class=\"rollover rollover-zoom dt-pswp-item\" title=\"31db1f16-bc94-41a1-b6af-52215f47076a\" data-dt-img-description=\"\" data-large_image_width=\"600\" data-large_image_height=\"355\"href='https:\/\/www.radiopiu.net\/wordpress\/wp-content\/uploads\/2021\/01\/31db1f16-bc94-41a1-b6af-52215f47076a.jpg'><img loading=\"lazy\" decoding=\"async\" width=\"300\" height=\"178\" src=\"https:\/\/www.radiopiu.net\/wordpress\/wp-content\/uploads\/2021\/01\/31db1f16-bc94-41a1-b6af-52215f47076a-300x178.jpg\" class=\"attachment-medium size-medium\" alt=\"\" srcset=\"https:\/\/www.radiopiu.net\/wordpress\/wp-content\/uploads\/2021\/01\/31db1f16-bc94-41a1-b6af-52215f47076a-300x178.jpg 300w, https:\/\/www.radiopiu.net\/wordpress\/wp-content\/uploads\/2021\/01\/31db1f16-bc94-41a1-b6af-52215f47076a.jpg 600w\" sizes=\"auto, (max-width: 300px) 100vw, 300px\" \/><\/a>\n\t\t\t\t<\/dt><\/dl><dl class='gallery-item'>\n\t\t\t\t<dt class='gallery-icon landscape'>\n\t\t\t\t\t<a class=\"rollover rollover-zoom dt-pswp-item\" title=\"77c738b0-d2a2-4bb2-a4b8-6a045ca8075e\" data-dt-img-description=\"\" data-large_image_width=\"600\" data-large_image_height=\"358\"href='https:\/\/www.radiopiu.net\/wordpress\/wp-content\/uploads\/2021\/01\/77c738b0-d2a2-4bb2-a4b8-6a045ca8075e.jpg'><img loading=\"lazy\" decoding=\"async\" width=\"300\" height=\"179\" src=\"https:\/\/www.radiopiu.net\/wordpress\/wp-content\/uploads\/2021\/01\/77c738b0-d2a2-4bb2-a4b8-6a045ca8075e-300x179.jpg\" class=\"attachment-medium size-medium\" alt=\"\" srcset=\"https:\/\/www.radiopiu.net\/wordpress\/wp-content\/uploads\/2021\/01\/77c738b0-d2a2-4bb2-a4b8-6a045ca8075e-300x179.jpg 300w, https:\/\/www.radiopiu.net\/wordpress\/wp-content\/uploads\/2021\/01\/77c738b0-d2a2-4bb2-a4b8-6a045ca8075e.jpg 600w\" sizes=\"auto, (max-width: 300px) 100vw, 300px\" \/><\/a>\n\t\t\t\t<\/dt><\/dl><dl class='gallery-item'>\n\t\t\t\t<dt class='gallery-icon landscape'>\n\t\t\t\t\t<a class=\"rollover rollover-zoom dt-pswp-item\" title=\"92dcfbf5-e19b-4233-86f6-c970908010ed\" data-dt-img-description=\"\" data-large_image_width=\"600\" data-large_image_height=\"353\"href='https:\/\/www.radiopiu.net\/wordpress\/wp-content\/uploads\/2021\/01\/92dcfbf5-e19b-4233-86f6-c970908010ed.jpg'><img loading=\"lazy\" decoding=\"async\" width=\"300\" height=\"177\" src=\"https:\/\/www.radiopiu.net\/wordpress\/wp-content\/uploads\/2021\/01\/92dcfbf5-e19b-4233-86f6-c970908010ed-300x177.jpg\" class=\"attachment-medium size-medium\" alt=\"\" srcset=\"https:\/\/www.radiopiu.net\/wordpress\/wp-content\/uploads\/2021\/01\/92dcfbf5-e19b-4233-86f6-c970908010ed-300x177.jpg 300w, https:\/\/www.radiopiu.net\/wordpress\/wp-content\/uploads\/2021\/01\/92dcfbf5-e19b-4233-86f6-c970908010ed.jpg 600w\" sizes=\"auto, (max-width: 300px) 100vw, 300px\" \/><\/a>\n\t\t\t\t<\/dt><\/dl><br style=\"clear: both\" \/>\n\t\t\t<\/div>\n\n<p><strong>L&#8217;AGGIORNAMENTO SUI VACCINI SOMMINISTRATI IN REGIONE<\/strong><\/p>\n<a href=\"https:\/\/www.radiopiu.net\/wordpress\/wp-content\/uploads\/2021\/01\/2021.01.17_Report-18.30.pdf\" class=\"pdfemb-viewer\" style=\"\" data-width=\"max\" data-height=\"max\" data-toolbar=\"top\" data-toolbar-fixed=\"on\">2021.01.17_Report 18.30<\/a>\n<p>&nbsp;<\/p>\n<hr \/>\n<p>&nbsp;<\/p>\n<blockquote>\n<h3>A VOLTE PENSO CHE&#8230; LA RICONOSCENZA DEL PRESIDENTE<\/h3>\n<\/blockquote>\n<p><strong>FALCADE<\/strong> Un messaggio di riconoscenza che \u00e8 un&#8217;iniezione di fiducia, importante in questo periodo in cui il numero dei volontari \u00e8 in calo costante, ma l&#8217;esigenza di un punto di intervento immediato sul territorio richiede sempre e comunque lo stesso sforzo come nel 1982 e negli anni di maggior afflusso turistico. Non a caso anche in questa stagione per uomini e donne della Croce Verde Val Biois sar\u00e0 impossibile garantire h24 il soccorso, come anticipato dal Presidente Stefano Murer che interviene con dei pensieri sparsi che riceviamo e volentieri pubblichiamo.<\/p>\n<p>&nbsp;<\/p>\n<blockquote><p><a href=\"https:\/\/www.radiopiu.net\/wordpress\/speciale-croce-verde-val-biois-21-mila-chilometri-in-un-anno-per-471-interventi\/murer\/\" rel=\"attachment wp-att-80526\"><img loading=\"lazy\" decoding=\"async\" class=\"size-full wp-image-80526 alignleft\" src=\"https:\/\/www.radiopiu.net\/wordpress\/wp-content\/uploads\/2019\/03\/MURER-e1603200896333.jpg\" alt=\"\" width=\"259\" height=\"194\" \/><\/a>A volte mi chiedo perch\u00e9 fare il volontario in associazioni dove la preparazione, l\u2019aggiornamento, l\u2019empatia, la disponibilit\u00e0 viene messa a dura prova dalla indifferenza del territorio o di una parte di esso. Ogni tanto vengo avvicinato da concittadini che mi chiedono della salute della nostra associazione e delle problematiche che stiamo vivendo e rimango sconcertato e a volte adirato pensando che mai ha sostenuto con la tessera annuale l\u2019associazione e pertanto suppongo che nulla gli importa di noi ma ha bisogno di bearsi, a quale scopo non lo so, forse a farci chiudere. A volte mi ringraziano per l\u2019intervento fatto e penso, e purtroppo non lo ho mai detto, \u201cIl grazie lo si deve indirizzare a quanti, tutti gli anni, investono il loro denaro affinch\u00e9 possiamo essere presenti e operativi a prescindere se ne hanno o meno bisogno\u201d, il grazie va indirizzato a quanti si impegnano per mantenere questo servizio, dai volontari, ai sostenitori. A volte penso che sarebbe meglio chiudere tutto e stare a vedere cosa succede, ma poi pensando a chi dal 1982 ti sostiene ininterrottamente, auspicandosi di non avere mai bisogno dell\u2019ambulanza e magari quella volta che ne aveva bisogno non chiama il 118 per non disturbare e prende l\u2019auto e si reca al pronto soccorso autonomamente. A volte succede che trovi un bonifico ingente di un cittadino che aiutato al momento del bisogno si rende conto che siamo utili e per lui il grazie (che per noi \u00e8 prezioso) non basta, deve darci qualche cosa in pi\u00f9, privandosi di risorse importanti e dicendo che \u00e8 un piccolo pensiero per la professionalit\u00e0 durante il soccorso. Un giorno, delle vacanze natalizie 2021, mi telefona un signore che volendo rimanere anonimo mi dice che ci vede immancabili e preziosi nella nostra valle, partecipa tutti gli anni alla messa commemorativa di Papa Giovanni Paolo 1\u00b0 e apprezza fortemente la nostra disponibilit\u00e0 e attenzione per il paese e pertanto vuole donarci del materiale utile e mi invita a recarmi presso un negozio di Canale ove trovo con immenso piacere il materiale da lui donato. Ci sono molteplici aneddoti di riconoscenza EX POST ma quelli per cui \u00e8 importante svolgere l\u2019attivit\u00e0 e che si siamo impegnati a fare \u00e8 per empatia personale e per quanti in questi anni hanno creduto e continuano a credere nella nostra utilit\u00e0. Un grazie immenso ai sostenitori della Croce Verde Val Biois ODV e a quanti hanno in questi anni donato a noi per ringraziarci della nostra attivit\u00e0, risorse utilizzate per aiutare, soccorrere, addestrarci. Grazie, <strong>Stefano Murer<\/strong><\/p><\/blockquote>\n<p><em><strong>\u00a0 GIANNI SANTOMASO<\/strong><\/em><\/p>\n<audio class=\"wp-audio-shortcode\" id=\"audio-185301-6\" preload=\"none\" style=\"width: 100%;\" controls=\"controls\"><source type=\"audio\/mpeg\" src=\"https:\/\/www.radiopiu.net\/wordpress\/wp-content\/uploads\/2021\/01\/GIANNI-CROCE-VERDE-VAL-BIOIS.mp3?_=6\" \/><a href=\"https:\/\/www.radiopiu.net\/wordpress\/wp-content\/uploads\/2021\/01\/GIANNI-CROCE-VERDE-VAL-BIOIS.mp3\">https:\/\/www.radiopiu.net\/wordpress\/wp-content\/uploads\/2021\/01\/GIANNI-CROCE-VERDE-VAL-BIOIS.mp3<\/a><\/audio>\n<p>&nbsp;<\/p>\n<hr \/>\n<p>&nbsp;<\/p>\n<blockquote>\n<h3>IL RESTYLING DEL MUNICIPIO DI AGORDO<\/h3>\n<\/blockquote>\n<p><strong>AGORDO<\/strong><\/p>\n<p>di Gianni Santomaso<\/p>\n<audio class=\"wp-audio-shortcode\" id=\"audio-185301-7\" preload=\"none\" style=\"width: 100%;\" controls=\"controls\"><source type=\"audio\/mpeg\" src=\"https:\/\/www.radiopiu.net\/wordpress\/wp-content\/uploads\/2021\/01\/GIANNI-MUNICIPIO-AGORDO.mp3?_=7\" \/><a href=\"https:\/\/www.radiopiu.net\/wordpress\/wp-content\/uploads\/2021\/01\/GIANNI-MUNICIPIO-AGORDO.mp3\">https:\/\/www.radiopiu.net\/wordpress\/wp-content\/uploads\/2021\/01\/GIANNI-MUNICIPIO-AGORDO.mp3<\/a><\/audio>\n<p>&nbsp;<\/p>\n\n\t\t\t<style type='text\/css'>\n\t\t\t\t#gallery-3 {\n\t\t\t\t\tmargin: auto;\n\t\t\t\t}\n\t\t\t\t#gallery-3 .gallery-item {\n\t\t\t\t\tfloat: left;\n\t\t\t\t\tmargin-top: 10px;\n\t\t\t\t\ttext-align: center;\n\t\t\t\t\twidth: 50%;\n\t\t\t\t}\n\t\t\t\t#gallery-3 img {\n\t\t\t\t\tborder: 2px solid #cfcfcf;\n\t\t\t\t}\n\t\t\t\t#gallery-3 .gallery-caption {\n\t\t\t\t\tmargin-left: 0;\n\t\t\t\t}\n\t\t\t\t\/* see gallery_shortcode() in wp-includes\/media.php *\/\n\t\t\t<\/style>\n\t\t<div id='gallery-3' class='dt-gallery-container gallery galleryid-185301 gallery-columns-2 gallery-size-medium'><dl class='gallery-item'>\n\t\t\t\t<dt class='gallery-icon landscape'>\n\t\t\t\t\t<a class=\"rollover rollover-zoom dt-pswp-item\" title=\"94581124-c4e0-4807-9f5a-25852fe21af2\" data-dt-img-description=\"\" data-large_image_width=\"1024\" data-large_image_height=\"768\"href='https:\/\/www.radiopiu.net\/wordpress\/wp-content\/uploads\/2021\/01\/94581124-c4e0-4807-9f5a-25852fe21af2.jpg'><img loading=\"lazy\" decoding=\"async\" width=\"300\" height=\"225\" src=\"https:\/\/www.radiopiu.net\/wordpress\/wp-content\/uploads\/2021\/01\/94581124-c4e0-4807-9f5a-25852fe21af2-300x225.jpg\" class=\"attachment-medium size-medium\" alt=\"\" srcset=\"https:\/\/www.radiopiu.net\/wordpress\/wp-content\/uploads\/2021\/01\/94581124-c4e0-4807-9f5a-25852fe21af2-300x225.jpg 300w, https:\/\/www.radiopiu.net\/wordpress\/wp-content\/uploads\/2021\/01\/94581124-c4e0-4807-9f5a-25852fe21af2-768x576.jpg 768w, https:\/\/www.radiopiu.net\/wordpress\/wp-content\/uploads\/2021\/01\/94581124-c4e0-4807-9f5a-25852fe21af2.jpg 1024w\" sizes=\"auto, (max-width: 300px) 100vw, 300px\" \/><\/a>\n\t\t\t\t<\/dt><\/dl><dl class='gallery-item'>\n\t\t\t\t<dt class='gallery-icon landscape'>\n\t\t\t\t\t<a class=\"rollover rollover-zoom dt-pswp-item\" title=\"2a6f44b9-b8d6-4950-b2fd-bebec4039e4a\" data-dt-img-description=\"\" data-large_image_width=\"1024\" data-large_image_height=\"768\"href='https:\/\/www.radiopiu.net\/wordpress\/wp-content\/uploads\/2021\/01\/2a6f44b9-b8d6-4950-b2fd-bebec4039e4a.jpg'><img loading=\"lazy\" decoding=\"async\" width=\"300\" height=\"225\" src=\"https:\/\/www.radiopiu.net\/wordpress\/wp-content\/uploads\/2021\/01\/2a6f44b9-b8d6-4950-b2fd-bebec4039e4a-300x225.jpg\" class=\"attachment-medium size-medium\" alt=\"\" srcset=\"https:\/\/www.radiopiu.net\/wordpress\/wp-content\/uploads\/2021\/01\/2a6f44b9-b8d6-4950-b2fd-bebec4039e4a-300x225.jpg 300w, https:\/\/www.radiopiu.net\/wordpress\/wp-content\/uploads\/2021\/01\/2a6f44b9-b8d6-4950-b2fd-bebec4039e4a-768x576.jpg 768w, https:\/\/www.radiopiu.net\/wordpress\/wp-content\/uploads\/2021\/01\/2a6f44b9-b8d6-4950-b2fd-bebec4039e4a.jpg 1024w\" sizes=\"auto, (max-width: 300px) 100vw, 300px\" \/><\/a>\n\t\t\t\t<\/dt><\/dl><br style=\"clear: both\" \/>\n\t\t\t<\/div>\n\n<p>&nbsp;<\/p>\n<hr \/>\n<p>&nbsp;<\/p>\n<blockquote>\n<h3>PROVINCIA &#8211; ENEL: VERTICE PER AFFRONTARE PROBLEMI<\/h3>\n<\/blockquote>\n<p><strong><a href=\"https:\/\/www.radiopiu.net\/wordpress\/luxottica-dal-prossimo-anno-occhiali-verdi\/enel-150505131004\/\" rel=\"attachment wp-att-8856\"><img loading=\"lazy\" decoding=\"async\" class=\"size-medium wp-image-8856 alignleft\" src=\"https:\/\/www.radiopiu.net\/wordpress\/wp-content\/uploads\/2015\/08\/enel-150505131004-300x200.jpg\" alt=\"\" width=\"300\" height=\"200\" \/><\/a>BELLUNO <\/strong><span class=\"s1\">A seguito dell\u2019incontro a Roma di met\u00e0 dicembre, la Provincia di Belluno ha tenuto venerd\u00ec scorso in videoconferenza una riunione con i vertici di Enel. Sul tavolo, i problemi anche recenti palesati con le abbondanti nevicate di inizio anno, e le prospettive di investimenti futuri per ammodernare e aumentare la resilienza delle reti elettriche. A organizzare l\u2019incontro, il Ministro per i Rapporti con il Parlamento, Federico D\u2019Inc\u00e0: \u00ab<em>Il nostro territorio ha dato, e continua a dare, un notevole contributo energetico al Paese: ecco perch\u00e9 l\u2019incontro con i rappresentanti di Enel, nato da un confronto con il presidente della Provincia Padrin, il consigliere Bortoluzzi e l\u2019onorevole De Menech, si \u00e8 rivelato particolarmente importante per porre l\u2019attenzione su alcuni tasselli fondamentali, tra cui la stazione di Polpet. Un\u2019attenzione che Enel ha affermato di dimostrare, insistendo sul valore del capitale umano e sull\u2019importanza della sicurezza nei confronti del territorio. Significativo l\u2019investimento di 90 milioni di euro negli ultimi 3 anni per le riparazioni post Vaia, che si \u00e8 rivelato come il pi\u00f9 alto del territorio nazionale a livello pro-capite. Non solo: \u00e8 emersa la volont\u00e0 di investire ulteriori importanti investimenti, a conferma di quanto il bellunese sia considerato strategico. Continueremo a confrontarci sui temi discussi e a portare le istanze a tutela del territorio, per lavorare assieme anche sotto il profilo della prevenzione e della tutela ambientale<\/em>\u00bb. <\/span><span class=\"s1\">Enel infatti ha illustrato la situazione degli investimenti effettuati all\u2019indomani della tempesta Vaia, per intervenire sui 200 chilometri di linee danneggiate dal maltempo. E ha presentato il piano relativo al prossimo triennio, con ulteriori 100 milioni per magliare le reti soprattutto in vista di un potenziamento delle linee di distribuzione per le Olimpiadi 2026, in considerazione del fatto che Cortina, gi\u00e0 oggi, \u00e8 una delle poche zone al mondo con il 100 per cento del telecontrollo del servizio elettrico. <\/span><span class=\"s1\">\u00ab<em>\u00c8 stato un incontro importante, perch\u00e9 abbiamo potuto discutere in maniera costruttiva quelle che sono le criticit\u00e0 principali del territorio. Soprattutto considerando le problematiche segnalate dai sindaci anche nell\u2019ultima emergenza meteo, con le nevicate di inizio anno\u00bb commenta il presidente Padrin. \u00abI vertici Enel, sollecitati anche dal ministro D\u2019Inc\u00e0 che ringrazio per aver organizzato questa riunione, hanno spiegato la loro visione di presidio territoriale. In questo senso abbiamo ricevuto maggiori garanzie sul mantenimento delle sedi operative di Polpet. Personalmente ho colto l\u2019occasione per ringraziare gli operatori, 250 persone, che sono stati impegnati nei giorni delle grandi nevicate per assicurare il normale funzionamento del servizio elettrico<\/em>\u00bb. <\/span><span class=\"s1\">L\u2019incontro ha affrontato anche il tema della centrale e del ponte di Soverzene, del lago di Santa Croce e della zona di Paludi, e anche dell\u2019interramento delle linee. \u00ab<em>Dai vertici Enel \u00e8 arrivata un\u2019apertura totale alla collaborazione per l\u2019allargamento delle fasce di rispetto &#8211; afferma il consigliere provinciale Bortoluzzi, reduce dai sopralluoghi nelle zone colpite dagli ultimi eventi meteo e dopo aver raccolto le istanze dei sindaci -. Una questione che abbiamo sollevato pi\u00f9 volte e che abbiamo potuto toccare con mano anche nell\u2019ultima emergenza. Le linee hanno retto, e solo la caduta di piante ha compromesso il funzionamento dell\u2019alimentazione elettrica. Enel concorda con noi sulla necessit\u00e0 di allargare le fasce dai 10 metri attuali &#8211; non solo per le reti elettriche, ma anche per le strade, soprattutto in montagna &#8211; e ha avanzato l\u2019ipotesi di fare di Belluno una provincia pilota su questo tema e sull\u2019applicazione di nuove tecnologie. Ovviamente serve una norma ad hoc, che cercheremo di portare avanti come coordinamento delle Province interamente montane. Ma fin da subito, per interventi a breve termine, c\u2019\u00e8 l\u2019idea di un taglio selettivo delle piante pi\u00f9 alte che possono interferire sulle linee. Lavoreremo in sinergia per costruire insieme una proposta che sia operativa, anche grazie al prossimo decreto semplificazione<\/em>\u00bb. <\/span><span class=\"s1\">\u00ab<em>Questi incontri sono utili a fare squadra tra territorio e Enel, per le infrastrutture necessarie al Bellunese &#8211; aggiunge il deputato De Menech -. Importante sottolineare la collaborazione anche nell\u2019ottica di tenere i presidi di controllo come Polpet. \u00c8 interesse in primis di Enel e dell\u2019intero territorio mantenere e consolidare il patrimonio di professionalit\u00e0 sviluppato in tanti anni di gestione di una rete complessa e impossibile da gestire da remoto<\/em>\u00bb.<\/span><\/p>\n<p>&nbsp;<\/p>\n<p>&nbsp;<\/p>\n<hr \/>\n<p>&nbsp;<\/p>\n<blockquote>\n<h3>VIVAIO DOLOMITI DICE LA SUA DOPO L&#8217;INCONTRO TRA PROVINCIA ED ENEL<\/h3>\n<\/blockquote>\n<p><strong><a href=\"https:\/\/www.radiopiu.net\/wordpress\/per-vivaio-dolomiti-lenel-e-sulla-giusta-strada\/vivaio-dolomiti-2\/\" rel=\"attachment wp-att-53894\"><img loading=\"lazy\" decoding=\"async\" class=\"size-full wp-image-53894 alignleft\" src=\"https:\/\/www.radiopiu.net\/wordpress\/wp-content\/uploads\/2018\/07\/VIVAIO-DOLOMITI.jpg\" alt=\"\" width=\"247\" height=\"204\" \/><\/a>BELLUNO<\/strong> Dopo l&#8217;incontro tra la Provincia di Belluno ed Enel, l&#8217;associazione Vivaio Dolomiti tira le somme.<\/p>\n<blockquote><p>Dopo anni di battaglie sembra si stia prendendo la direzione giusta. L&#8217;accordo Enel-Provincia si sta indirizzando nel verso giusto, con un piano di manutenzione e di interramento per le linee di distribuzione per evitare gli infiniti disservizi che il nostro territorio vive con troppa frequenza. Dobbiamo riconoscere che ENEL \u00e8 sempre stata molto disponibile, il problema resta TERNA, con le reti di trasporto ancora su tralicci che attraversano boschi e valli e il suo progetto RTN media valle del Piave. Questa razionalizzazione della rete in Valbelluna, che condiziona tutto il riassetto Veneto, va completamente rivisto, come denunciamo da anni e come sostengono molti sindaci e moltissime delibere comunali, provinciali e regionali. Dieci anni di interpellanze e interrogazioni a Roma senza risposte certe. Dieci anni di incontri e manifestazioni nel territorio che pi\u00f9 di altri verrebbe penalizzato, stanno iniziando a dare qualche risultato. La Provincia si \u00e8 finalmente dotata del supporto di uno studio tecnico professionale, come fatto dal comune di Limana e da altri Comuni nel Veneto; differente invece l&#8217;approccio di altri amministratori, che ci hanno trascinato in questi anni in dispute totalmente risolvibili, come dimostrato ieri grazie all&#8217;ente Provincia, al suo consigliere Massimo Bortoluzzi e ad ENEL con i suoi vertici. Ora si segua la stessa strada con Terna.<\/p><\/blockquote>\n<p>&nbsp;<\/p>\n<p>&nbsp;<\/p>\n<hr \/>\n<p>&nbsp;<\/p>\n<blockquote class=\"wp-embedded-content\" data-secret=\"XeiNIwZbBg\"><p><a href=\"https:\/\/www.radiopiu.net\/wordpress\/fondi-post-vaia-2021-le-richieste-dellagordino\/\">FONDI POST VAIA 2021, LE RICHIESTE DELL&#8217;AGORDINO<\/a><\/p><\/blockquote>\n<p><iframe loading=\"lazy\" class=\"wp-embedded-content\" sandbox=\"allow-scripts\" security=\"restricted\" style=\"position: absolute; clip: rect(1px, 1px, 1px, 1px);\" title=\"&#8220;FONDI POST VAIA 2021, LE RICHIESTE DELL&#8217;AGORDINO&#8221; &#8212; Radio Pi\u00f9\" src=\"https:\/\/www.radiopiu.net\/wordpress\/fondi-post-vaia-2021-le-richieste-dellagordino\/embed\/#?secret=XeiNIwZbBg\" data-secret=\"XeiNIwZbBg\" width=\"600\" height=\"338\" frameborder=\"0\" marginwidth=\"0\" marginheight=\"0\" scrolling=\"no\"><\/iframe><\/p>\n<p>&nbsp;<\/p>\n<hr \/>\n<p>&nbsp;<\/p>\n<blockquote>\n<h3>VENETO: SOLO 3 MILIARDI DI RISTORI, A FRONTE DI 45 MILIARDI DI MANCATI INCASSI<\/h3>\n<\/blockquote>\n<p><a class=\"dt-pswp-item\" href=\"https:\/\/www.radiopiu.net\/wordpress\/wp-content\/uploads\/2021\/01\/Schermata-2021-01-16-alle-09.26.00.png\" data-dt-img-description=\"\" data-large_image_width=\"796\" data-large_image_height=\"620\"><img loading=\"lazy\" decoding=\"async\" class=\"alignleft size-medium wp-image-185183\" src=\"https:\/\/www.radiopiu.net\/wordpress\/wp-content\/uploads\/2021\/01\/Schermata-2021-01-16-alle-09.26.00-300x234.png\" alt=\"\" width=\"300\" height=\"234\" srcset=\"https:\/\/www.radiopiu.net\/wordpress\/wp-content\/uploads\/2021\/01\/Schermata-2021-01-16-alle-09.26.00-300x234.png 300w, https:\/\/www.radiopiu.net\/wordpress\/wp-content\/uploads\/2021\/01\/Schermata-2021-01-16-alle-09.26.00-768x598.png 768w, https:\/\/www.radiopiu.net\/wordpress\/wp-content\/uploads\/2021\/01\/Schermata-2021-01-16-alle-09.26.00.png 796w\" sizes=\"auto, (max-width: 300px) 100vw, 300px\" \/><\/a>Sebbene in termini assoluti la somma sia certamente importante, i 3 miliardi di euro di aiuti diretti erogati fino ad ora dal Governo alle attivit\u00e0 economiche venete coinvolte dalla crisi pandemica sono stati del tutto insufficienti a lenire le difficolt\u00e0 subite dagli imprenditori.<\/p>\n<p>Se, infatti, rapportiamo questi 3 miliardi alla stima riferita alle perdite di fatturato registrata l\u2019anno scorso dalle imprese della nostra regione, importo che si aggira attorno ai 45 miliardi di euro, il tasso di copertura \u00e8 stato pari al 6,6 per cento: un\u2019incidenza risibile. E in attesa dei nuovi ristori previsti nei prossimi giorni, l\u2019arrabbiatura e il malessere tra gli operatori economici sono sempre pi\u00f9 diffusi, in particolar modo tra coloro che conducono attivit\u00e0 di piccola dimensione. A dirlo \u00e8 l\u2019Ufficio studi della CGIA.<\/p>\n<p>Le chiusure per decreto non si discutono<br \/>\nGli artigiani mestrini tengono comunque a ribadire un principio incontrovertibile: lo Stato, le Regioni le autonomie locali hanno il diritto\/dovere di introdurre tutte le limitazioni alla mobilit\u00e0 e alle aperture delle attivit\u00e0 economiche che ritengono utili e necessarie per tutelare la salute pubblica. Intendiamoci: questo caposaldo non \u00e8 in discussione. Ma \u00e8 altrettanto doveroso intervenire affinch\u00e9 gli operatori che sono costretti a chiudere l\u2019attivit\u00e0 per decreto vengano aiutati economicamente in misura maggiore di quanto \u00e8 stato fatto fino ad ora. Altrimenti, rischiano di chiudere definitivamente i battenti.<\/p>\n<p>Circa 18 miliardi le perdite in capo a chi ha chiuso<br \/>\nE\u2019 comunque necessario precisare che per le imprese che hanno subito i contraccolpi pi\u00f9 negativi della crisi, ovvero quelle che hanno dovuto chiudere per decreto, i ristori erogati dall\u2019Esecutivo hanno raggiunto un livello medio di copertura del calo del fatturato del 25 per cento circa. Le misure di sostegno al reddito approvate dal Governo Conte, infatti, sono andate in larghissima parte alle attivit\u00e0 che hanno registrato un crollo del giro di affari di almeno il 33 per cento rispetto al 2019. Resta il fatto che anche per queste realt\u00e0 gli aiuti economici sono stati insufficienti.<\/p>\n<p>L\u2019Ufficio studi della CGIA, infatti, stima che dei 45 miliardi circa di riduzione del fatturato registrata nel Veneto nel 2020, almeno 18 miliardi sarebbero ascrivibili alle imprese dei settori che sono stati costretti a chiudere per decreto.<\/p>\n<p>E\u2019 necessario passare dai ristori ai rimborsi<br \/>\nE\u2019 evidente che \u00e8 necessario un cambio di rotta: i ristori vanno sostituiti con i rimborsi. In altre parole \u00e8 necessario uno stanziamento pubblico che compensi quasi totalmente sia i mancati incassi sia le spese correnti che continuano a sostenere.<\/p>\n<p>La stessa cosa va definita anche per i settori che seppur in attivit\u00e0 \u00e8 come se non lo fossero. Segnaliamo, in particolar modo, le imprese commerciali ed artigianali ubicate nelle cosiddette citt\u00e0 d\u2019arte che hanno subito il tracollo delle presenze turistiche straniere e, in particolar modo, il trasporto pubblico locale non di linea (taxi, bus operator e autonoleggio con conducente) che sebbene in servizio hanno i mezzi fermi nelle rimesse o nei posteggi.<\/p>\n<p>E\u2019 vero che questa ulteriore spesa corrente contribuirebbe ad aumentare il debito pubblico, ma \u00e8 altrettanto vero che se non salviamo le imprese e i posti di lavoro, non poniamo le basi per far ripartire la crescita economica che rimane l\u2019unica possibilit\u00e0 in grado di ridurre nei prossimi anni la mole di debito pubblico che abbiamo spaventosamente accumulato con questa crisi.<\/p>\n<p>&nbsp;<\/p>\n<p>&nbsp;<\/p>\n<hr \/>\n<p>&nbsp;<\/p>\n<blockquote>\n<h3>SALTA LA ZINGHENESTA A CANALE D&#8217;AGORDO<\/h3>\n<\/blockquote>\n<p><strong><a href=\"https:\/\/www.radiopiu.net\/wordpress\/giornale-radiopiu-17-gennaio-2021-direttore-mirko-mezzacasa\/e14c4d02-a5ad-49a8-95b7-36dfe21dde7e\/\" rel=\"attachment wp-att-185226\"><img loading=\"lazy\" decoding=\"async\" class=\"wp-image-185226 alignleft\" src=\"https:\/\/www.radiopiu.net\/wordpress\/wp-content\/uploads\/2021\/01\/e14c4d02-a5ad-49a8-95b7-36dfe21dde7e.jpg\" alt=\"\" width=\"110\" height=\"101\" \/><\/a>CANALE D&#8217;AGORDO<\/strong> Hanno aspettato fino all&#8217;ultimo momento, quello oltre il quale deve scattare la macchina organizzativa. In considerazione delle condizioni, e dell&#8217;incertezza sul rischio contagio La Zinghenesta &#8211; Gran Carneval de la Val Biois, non poteva che prendere una decisione: annullare il carnevale 2021. I ragazzi e le ragazze di Canale d&#8217;Agordo guardano avanti e gi\u00e0 pensano al carnevale del 2022 per il quale c&#8217;\u00e8 gi\u00e0 la data per la festa con l&#8217;elezione della ZInghenesta e il famoso processo a Carnevale.<\/p>\n<p><em>Intanto \u00e8 partita la macchina degli aiuti per il comitato della Zinghenesta con una raccolta fondi online. Chi volesse aiutare a distanza gli organizzatori del carnevale della Valle del Biois lo pu\u00f2 fare al seguente link<\/em><\/p>\n<p><a href=\"https:\/\/www.gofundme.com\/f\/aiuta-il-comitato-di-carnevale-della-zinghenesta?utm_campaign=p_cp+share-sheet&amp;utm_medium=copy_link_all&amp;utm_source=customer\">https:\/\/www.gofundme.com\/f\/aiuta-il-comitato-di-carnevale-della-zinghenesta?utm_campaign=p_cp+share-sheet&amp;utm_medium=copy_link_all&amp;utm_source=customer<\/a><\/p>\n<p>&nbsp;<\/p>\n<hr \/>\n<p>&nbsp;<\/p>\n<blockquote class=\"wp-embedded-content\" data-secret=\"mXOMKlrZX7\"><p><a href=\"https:\/\/www.radiopiu.net\/wordpress\/conosciamo-la-corale-di-limana-con-le-interviste-di-silvia-baldo\/\">CONOSCIAMO LA CORALE DI LIMANA CON LE INTERVISTE DI SILVIA BALDO<\/a><\/p><\/blockquote>\n<p><iframe loading=\"lazy\" class=\"wp-embedded-content\" sandbox=\"allow-scripts\" security=\"restricted\" style=\"position: absolute; clip: rect(1px, 1px, 1px, 1px);\" title=\"&#8220;CONOSCIAMO LA CORALE DI LIMANA CON LE INTERVISTE DI SILVIA BALDO&#8221; &#8212; Radio Pi\u00f9\" src=\"https:\/\/www.radiopiu.net\/wordpress\/conosciamo-la-corale-di-limana-con-le-interviste-di-silvia-baldo\/embed\/#?secret=mXOMKlrZX7\" data-secret=\"mXOMKlrZX7\" width=\"600\" height=\"338\" frameborder=\"0\" marginwidth=\"0\" marginheight=\"0\" scrolling=\"no\"><\/iframe><\/p>\n<p>&nbsp;<\/p>\n<p>&nbsp;<\/p>\n<hr \/>\n<p>&nbsp;<\/p>\n<blockquote class=\"wp-embedded-content\" data-secret=\"YBNfv6TkqY\"><p><a href=\"https:\/\/www.radiopiu.net\/wordpress\/pagina-in-aggiornamento\/\">CONTINUANO LE SCULTURE NEL GHIACCIO E NEVE A FALCADE con SILVANO SAVIO<\/a><\/p><\/blockquote>\n<p><iframe loading=\"lazy\" class=\"wp-embedded-content\" sandbox=\"allow-scripts\" security=\"restricted\" style=\"position: absolute; clip: rect(1px, 1px, 1px, 1px);\" title=\"&#8220;CONTINUANO LE SCULTURE NEL GHIACCIO E NEVE A FALCADE con SILVANO SAVIO&#8221; &#8212; Radio Pi\u00f9\" src=\"https:\/\/www.radiopiu.net\/wordpress\/pagina-in-aggiornamento\/embed\/#?secret=YBNfv6TkqY\" data-secret=\"YBNfv6TkqY\" width=\"600\" height=\"338\" frameborder=\"0\" marginwidth=\"0\" marginheight=\"0\" scrolling=\"no\"><\/iframe><\/p>\n<p>&nbsp;<\/p>\n<hr \/>\n<p>&nbsp;<\/p>\n<blockquote>\n<h3>IL CONTRIBUTO DI DARIO FONTANIVE PER IL LIBRO SULL\u2019AGORDINO DI TAMIS<\/h3>\n<\/blockquote>\n<p><strong>di Renato Bona<\/strong><\/p>\n<p>Anche il caro amico di chi stende queste note, Dario Fontanive, classe 1961, di Canale d\u2019Agordo (diploma in fotografia all\u2019istituto tecnico \u201cCesare Correnti\u201d di Milano, giornalista pubblicista dal 1988 e dal 1991 accademico del Gruppo italiano scrittori di montagna, numerosi articoli e libri all\u2019attivo, rivolti in particolare agli aspetti e alle problematiche della montagna agordina), ha concorso, con gli artisti Augusto Murer, Giuseppe Loss, Giuliano De Rocco, Aldo Zasso e Luciano Piani ad impreziosire il libro \u201cBreve storia dell\u2019Agordino\u201d edito nel marzo 1989 per i tipi della tipografia Piave di Belluno, del quale \u00e8 stato autore apprezzato l\u2019agordino prof. don Ferdinando Tamis. Ed ha fornito, Fontanive, le immagini fotografiche dell\u2019ultima parte del volume, che inizia col capitolo\u201dLa Rocca di Pietore\u201d e precede la conclusione del lavoro di Tamis, dedicata alla figura di \u201cIl Ciorca\u201d di cui vi \u00e8 un disegno del 1989 di Piani. Chi era \u201cCiorca\u201d? \u201cAlto e ossuto, con i lineamenti grossolani e marcati &#8211; si legge nel libro &#8211; aveva lo sguardo minaccioso. Era sordomuto ed emetteva suoni gutturali che impressionavano. Appoggiato a un grande alpenstock, conduceva vita randagia, riposando nei fienili e nelle grotte che lui sceglieva e prendevano poi il suo nome. Portava con s\u00e9 un \u2018darl\u00ecn\u2019, vecchio e sbrindellato, che riempiva di quello che la gente gli dava. Al suo apparire nessuno fiatava per timore di una possibile reazione, e i bambini si nascondevano. Era di Col di Pra (Taibon) e raccontano che ai compaesani di Lagunaz e Pra facesse sempre cenno del pericolo dell\u2019enorme frana, che incombeva sui due villaggi e precipit\u00f2 nella notte dal 2 al 3 dicembre 1908, distruggendo le due borgate e facendo molte vittime. Egli si salv\u00f2, perch\u00e9 dorm\u00ec quella notte in un fienile di Listolade. Mor\u00ec ad Agordo, travolto dalla \u2018decauville\u2019 (ferrovia a scartamento ridotto il cui binario \u00e8 formato da elementi prefabbricati che possono essere montati e smontati velocemente &#8211; ndr.) durante la guerra mondiale. Pochi lo ricordano, ma per molti \u00e8 rimasto una leggenda\u201d. La prima delle sette foto di Dario Fontanive &#8211; che propongono costruzioni, utensili, attrezzi tutti testimonianza del tempo andato &#8211; \u00e8 contrassegnata dal numero 17 e presenta un rustico di Sappade in comune di Falcade; c\u2019\u00e8 poi quella numero 18, che propone la \u2018bariza\u2019, botticella che serviva a portare l\u2019acqua in montagna; la figura 19 si riferisce all\u2019interno di un tabi\u00e0 mentre la 20 ci mostra un antico battente; segue la 21, dedicata ad un portale in pietra di Falcade; mentre la 22 ci fa vedere, da Bramezza di Rocca Pietore, i primi fumaioli o comignoli, introdotti nel XIV secolo: erano a forma di tubo o torricella; la rassegna si conclude con l\u2019immagine numero 24, relativa ad una credenza artigianale. Dato a Fontanive quel che \u00e8 di Fontanive, e ricordato che di Augusto Murer e di Giuliano De Rocco, che hanno valorizzato il libro di don Tamis con i loro dipinti, e dei quali ci siamo occupati in precedenti servizi, volentieri ricordiamo che quella che nel volume \u00e8 indicata come la figura 7, ripresa dal periodico \u201cLa rassegna economica\u201d del settembre-ottobre 1969 ci mostra l\u2019\u201cOm salv\u00e0rech; la 8 propone il castello di Andraz prima del suo abbandono (tratta da Giuseppe Loss: Livinallongo e il Castello di Andraz); la 15 i disegni di Aldo Zasso, 1983, con, il \u201cbrent\u201d, grande vasca di pietra per l\u2019abbeveratura dei bovini e, infine, la 16 che riproduce il luogo pubblico per lavare i panni. In appendice, una nota dell\u2019autore: \u201cCompilata in forma breve la \u2018Storia dell\u2019Agordino\u2019 fino ai tempi nuovi, o moderni, rimaneva da segnalare la bibliografia pi\u00f9 significativa per introdurre alle conoscenza del secolo XIX\u201d. Eccola, dunque: \u201cI moti Agordini del 1848\u201d, numero unico del periodico \u2018El Brandol\u2019, agosto 1948; \u201cIl Contributo dell\u2019Agordino per l\u2019indipendenza ed unit\u00e0 d\u2019Italia 1848-1866\u201d, Belluno 1966; \u201cCentenario dell\u2019Istituto Minerario di Agordo\u201d, Belluno 1967 (in collaborazione); \u201cLa Sezione Agordina 1868-1968\u201d, Bologna 1968 (in collaborazione); \u201cIl sacerdote del cooperativismo\u201d, Belluno 1972; \u201cLa Prima Cooperativa di Consumo\u201d, Belluno 1972; \u201cL\u2019opera sociale di don Antonio Della Lucia\u201d, Belluno 1972; \u201cIl Palazzo Crotta\u201d, in Archivio storico di Belluno, Feltre e Cadore, 1964 numero 169; \u201cArtisti Agordini\u201d, Belluno 1973 (in collaborazione).<\/p>\n\n\t\t\t<style type='text\/css'>\n\t\t\t\t#gallery-4 {\n\t\t\t\t\tmargin: auto;\n\t\t\t\t}\n\t\t\t\t#gallery-4 .gallery-item {\n\t\t\t\t\tfloat: left;\n\t\t\t\t\tmargin-top: 10px;\n\t\t\t\t\ttext-align: center;\n\t\t\t\t\twidth: 14%;\n\t\t\t\t}\n\t\t\t\t#gallery-4 img {\n\t\t\t\t\tborder: 2px solid #cfcfcf;\n\t\t\t\t}\n\t\t\t\t#gallery-4 .gallery-caption {\n\t\t\t\t\tmargin-left: 0;\n\t\t\t\t}\n\t\t\t\t\/* see gallery_shortcode() in wp-includes\/media.php *\/\n\t\t\t<\/style>\n\t\t<div id='gallery-4' class='dt-gallery-container gallery galleryid-185301 gallery-columns-7 gallery-size-thumbnail'><dl class='gallery-item'>\n\t\t\t\t<dt class='gallery-icon landscape'>\n\t\t\t\t\t<a class=\"rollover rollover-zoom dt-pswp-item\" title=\"139753564_127313605900659_2660239351947957576_n\" data-dt-img-description=\"\" data-large_image_width=\"2560\" data-large_image_height=\"1591\"href='https:\/\/www.radiopiu.net\/wordpress\/wp-content\/uploads\/2021\/01\/139753564_127313605900659_2660239351947957576_n-scaled.jpg'><img loading=\"lazy\" decoding=\"async\" width=\"150\" height=\"150\" src=\"https:\/\/www.radiopiu.net\/wordpress\/wp-content\/uploads\/2021\/01\/139753564_127313605900659_2660239351947957576_n-150x150.jpg\" class=\"attachment-thumbnail size-thumbnail\" alt=\"\" \/><\/a>\n\t\t\t\t<\/dt><\/dl><dl class='gallery-item'>\n\t\t\t\t<dt class='gallery-icon landscape'>\n\t\t\t\t\t<a class=\"rollover rollover-zoom dt-pswp-item\" title=\"140058829_1391470707858109_8561662372647914850_n\" data-dt-img-description=\"\" data-large_image_width=\"2560\" data-large_image_height=\"1851\"href='https:\/\/www.radiopiu.net\/wordpress\/wp-content\/uploads\/2021\/01\/140058829_1391470707858109_8561662372647914850_n-scaled.jpg'><img loading=\"lazy\" decoding=\"async\" width=\"150\" height=\"150\" src=\"https:\/\/www.radiopiu.net\/wordpress\/wp-content\/uploads\/2021\/01\/140058829_1391470707858109_8561662372647914850_n-150x150.jpg\" class=\"attachment-thumbnail size-thumbnail\" alt=\"\" \/><\/a>\n\t\t\t\t<\/dt><\/dl><dl class='gallery-item'>\n\t\t\t\t<dt class='gallery-icon landscape'>\n\t\t\t\t\t<a class=\"rollover rollover-zoom dt-pswp-item\" title=\"139733209_1714933148678162_7369195248989973672_n\" data-dt-img-description=\"\" data-large_image_width=\"2026\" data-large_image_height=\"1470\"href='https:\/\/www.radiopiu.net\/wordpress\/wp-content\/uploads\/2021\/01\/139733209_1714933148678162_7369195248989973672_n.jpg'><img loading=\"lazy\" decoding=\"async\" width=\"150\" height=\"150\" src=\"https:\/\/www.radiopiu.net\/wordpress\/wp-content\/uploads\/2021\/01\/139733209_1714933148678162_7369195248989973672_n-150x150.jpg\" class=\"attachment-thumbnail size-thumbnail\" alt=\"\" \/><\/a>\n\t\t\t\t<\/dt><\/dl><dl class='gallery-item'>\n\t\t\t\t<dt class='gallery-icon landscape'>\n\t\t\t\t\t<a class=\"rollover rollover-zoom dt-pswp-item\" title=\"140012394_230327775340064_4934158117430499405_n\" data-dt-img-description=\"\" data-large_image_width=\"2495\" data-large_image_height=\"1714\"href='https:\/\/www.radiopiu.net\/wordpress\/wp-content\/uploads\/2021\/01\/140012394_230327775340064_4934158117430499405_n.jpg'><img loading=\"lazy\" decoding=\"async\" width=\"150\" height=\"150\" src=\"https:\/\/www.radiopiu.net\/wordpress\/wp-content\/uploads\/2021\/01\/140012394_230327775340064_4934158117430499405_n-150x150.jpg\" class=\"attachment-thumbnail size-thumbnail\" alt=\"\" \/><\/a>\n\t\t\t\t<\/dt><\/dl><dl class='gallery-item'>\n\t\t\t\t<dt class='gallery-icon portrait'>\n\t\t\t\t\t<a class=\"rollover rollover-zoom dt-pswp-item\" title=\"139745761_236420811440560_2924316447663704945_n\" data-dt-img-description=\"\" data-large_image_width=\"1779\" data-large_image_height=\"2504\"href='https:\/\/www.radiopiu.net\/wordpress\/wp-content\/uploads\/2021\/01\/139745761_236420811440560_2924316447663704945_n.jpg'><img loading=\"lazy\" decoding=\"async\" width=\"150\" height=\"150\" src=\"https:\/\/www.radiopiu.net\/wordpress\/wp-content\/uploads\/2021\/01\/139745761_236420811440560_2924316447663704945_n-150x150.jpg\" class=\"attachment-thumbnail size-thumbnail\" alt=\"\" \/><\/a>\n\t\t\t\t<\/dt><\/dl><dl class='gallery-item'>\n\t\t\t\t<dt class='gallery-icon portrait'>\n\t\t\t\t\t<a class=\"rollover rollover-zoom dt-pswp-item\" title=\"139788126_322131375734258_5449628905195926665_n\" data-dt-img-description=\"\" data-large_image_width=\"1907\" data-large_image_height=\"2560\"href='https:\/\/www.radiopiu.net\/wordpress\/wp-content\/uploads\/2021\/01\/139788126_322131375734258_5449628905195926665_n-scaled.jpg'><img loading=\"lazy\" decoding=\"async\" width=\"150\" height=\"150\" src=\"https:\/\/www.radiopiu.net\/wordpress\/wp-content\/uploads\/2021\/01\/139788126_322131375734258_5449628905195926665_n-150x150.jpg\" class=\"attachment-thumbnail size-thumbnail\" alt=\"\" \/><\/a>\n\t\t\t\t<\/dt><\/dl><dl class='gallery-item'>\n\t\t\t\t<dt class='gallery-icon landscape'>\n\t\t\t\t\t<a class=\"rollover rollover-zoom dt-pswp-item\" title=\"139714844_343461419971779_8390810141471325685_n\" data-dt-img-description=\"\" data-large_image_width=\"2560\" data-large_image_height=\"1865\"href='https:\/\/www.radiopiu.net\/wordpress\/wp-content\/uploads\/2021\/01\/139714844_343461419971779_8390810141471325685_n-scaled.jpg'><img loading=\"lazy\" decoding=\"async\" width=\"150\" height=\"150\" src=\"https:\/\/www.radiopiu.net\/wordpress\/wp-content\/uploads\/2021\/01\/139714844_343461419971779_8390810141471325685_n-150x150.jpg\" class=\"attachment-thumbnail size-thumbnail\" alt=\"\" \/><\/a>\n\t\t\t\t<\/dt><\/dl><br style=\"clear: both\" \/><dl class='gallery-item'>\n\t\t\t\t<dt class='gallery-icon landscape'>\n\t\t\t\t\t<a class=\"rollover rollover-zoom dt-pswp-item\" title=\"139938127_3435458993247754_113108919291810493_n\" data-dt-img-description=\"\" data-large_image_width=\"2560\" data-large_image_height=\"1803\"href='https:\/\/www.radiopiu.net\/wordpress\/wp-content\/uploads\/2021\/01\/139938127_3435458993247754_113108919291810493_n-scaled.jpg'><img loading=\"lazy\" decoding=\"async\" width=\"150\" height=\"150\" src=\"https:\/\/www.radiopiu.net\/wordpress\/wp-content\/uploads\/2021\/01\/139938127_3435458993247754_113108919291810493_n-150x150.jpg\" class=\"attachment-thumbnail size-thumbnail\" alt=\"\" \/><\/a>\n\t\t\t\t<\/dt><\/dl><dl class='gallery-item'>\n\t\t\t\t<dt class='gallery-icon portrait'>\n\t\t\t\t\t<a class=\"rollover rollover-zoom dt-pswp-item\" title=\"139968101_417077506165580_6056880296908615167_n\" data-dt-img-description=\"\" data-large_image_width=\"47\" data-large_image_height=\"114\"href='https:\/\/www.radiopiu.net\/wordpress\/wp-content\/uploads\/2021\/01\/139968101_417077506165580_6056880296908615167_n.jpg'><img loading=\"lazy\" decoding=\"async\" width=\"47\" height=\"114\" src=\"https:\/\/www.radiopiu.net\/wordpress\/wp-content\/uploads\/2021\/01\/139968101_417077506165580_6056880296908615167_n.jpg\" class=\"attachment-thumbnail size-thumbnail\" alt=\"\" \/><\/a>\n\t\t\t\t<\/dt><\/dl><dl class='gallery-item'>\n\t\t\t\t<dt class='gallery-icon portrait'>\n\t\t\t\t\t<a class=\"rollover rollover-zoom dt-pswp-item\" title=\"139999369_712729102949338_4630295113955644772_n\" data-dt-img-description=\"\" data-large_image_width=\"1763\" data-large_image_height=\"2560\"href='https:\/\/www.radiopiu.net\/wordpress\/wp-content\/uploads\/2021\/01\/139999369_712729102949338_4630295113955644772_n-scaled.jpg'><img loading=\"lazy\" decoding=\"async\" width=\"150\" height=\"150\" src=\"https:\/\/www.radiopiu.net\/wordpress\/wp-content\/uploads\/2021\/01\/139999369_712729102949338_4630295113955644772_n-150x150.jpg\" class=\"attachment-thumbnail size-thumbnail\" alt=\"\" \/><\/a>\n\t\t\t\t<\/dt><\/dl><dl class='gallery-item'>\n\t\t\t\t<dt class='gallery-icon landscape'>\n\t\t\t\t\t<a class=\"rollover rollover-zoom dt-pswp-item\" title=\"140091092_740620806583156_7314573181428765079_n\" data-dt-img-description=\"\" data-large_image_width=\"2560\" data-large_image_height=\"1732\"href='https:\/\/www.radiopiu.net\/wordpress\/wp-content\/uploads\/2021\/01\/140091092_740620806583156_7314573181428765079_n-scaled.jpg'><img loading=\"lazy\" decoding=\"async\" width=\"150\" height=\"150\" src=\"https:\/\/www.radiopiu.net\/wordpress\/wp-content\/uploads\/2021\/01\/140091092_740620806583156_7314573181428765079_n-150x150.jpg\" class=\"attachment-thumbnail size-thumbnail\" alt=\"\" \/><\/a>\n\t\t\t\t<\/dt><\/dl><dl class='gallery-item'>\n\t\t\t\t<dt class='gallery-icon portrait'>\n\t\t\t\t\t<a class=\"rollover rollover-zoom dt-pswp-item\" title=\"139760173_794632531265888_5155903265827502514_n\" data-dt-img-description=\"\" data-large_image_width=\"2024\" data-large_image_height=\"2560\"href='https:\/\/www.radiopiu.net\/wordpress\/wp-content\/uploads\/2021\/01\/139760173_794632531265888_5155903265827502514_n-scaled.jpg'><img loading=\"lazy\" decoding=\"async\" width=\"150\" height=\"150\" src=\"https:\/\/www.radiopiu.net\/wordpress\/wp-content\/uploads\/2021\/01\/139760173_794632531265888_5155903265827502514_n-150x150.jpg\" class=\"attachment-thumbnail size-thumbnail\" alt=\"\" \/><\/a>\n\t\t\t\t<\/dt><\/dl><dl class='gallery-item'>\n\t\t\t\t<dt class='gallery-icon portrait'>\n\t\t\t\t\t<a class=\"rollover rollover-zoom dt-pswp-item\" title=\"139785276_820563865173401_2801941780043417483_n\" data-dt-img-description=\"\" data-large_image_width=\"2212\" data-large_image_height=\"2560\"href='https:\/\/www.radiopiu.net\/wordpress\/wp-content\/uploads\/2021\/01\/139785276_820563865173401_2801941780043417483_n-scaled.jpg'><img loading=\"lazy\" decoding=\"async\" width=\"150\" height=\"150\" src=\"https:\/\/www.radiopiu.net\/wordpress\/wp-content\/uploads\/2021\/01\/139785276_820563865173401_2801941780043417483_n-150x150.jpg\" class=\"attachment-thumbnail size-thumbnail\" alt=\"\" \/><\/a>\n\t\t\t\t<\/dt><\/dl>\n\t\t\t\t<br style='clear: both' \/>\n\t\t\t<\/div>\n\n<p>&nbsp;<\/p>\n<hr \/>\n<p>&nbsp;<\/p>\n<div dir=\"auto\">\n<blockquote>\n<h2>FANTASTICHE DOLOMITI, NUOVA STAGIONE. APPUNTAMENTO QUINDICINALE IL GIOVEDI ALLE 10.30 E 19.00<\/h2>\n<\/blockquote>\n<h1>LA RACCOLTA COMPLETA<\/h1>\n<blockquote class=\"wp-embedded-content\" data-secret=\"nqq374Ak81\"><p><a href=\"https:\/\/www.radiopiu.net\/wordpress\/https-wp-me-p63lo7-gyg\/\">FANTASTICHE DOLOMITI 7^ PUNTATA: IL QUINDICINALE APPUNTAMENTO ALLA RADIO<\/a><\/p><\/blockquote>\n<p><iframe loading=\"lazy\" class=\"wp-embedded-content\" sandbox=\"allow-scripts\" security=\"restricted\" style=\"position: absolute; clip: rect(1px, 1px, 1px, 1px);\" title=\"&#8220;FANTASTICHE DOLOMITI 7^ PUNTATA: IL QUINDICINALE APPUNTAMENTO ALLA RADIO&#8221; &#8212; Radio Pi\u00f9\" src=\"https:\/\/www.radiopiu.net\/wordpress\/https-wp-me-p63lo7-gyg\/embed\/#?secret=nqq374Ak81\" data-secret=\"nqq374Ak81\" width=\"600\" height=\"338\" frameborder=\"0\" marginwidth=\"0\" marginheight=\"0\" scrolling=\"no\"><\/iframe><\/p>\n<div class=\"mw-parser-output\">\n<p>&nbsp;<\/p>\n<\/div>\n<p>&nbsp;<\/p>\n<p>&nbsp;<\/p>\n<hr \/>\n<blockquote>\n<h2><\/h2>\n<h2>SALUTE E SOCIETA&#8217; IL LUNEDI ALLE 13.10 E ALLE 20.10, LA DOMENICA ALLE 10.30 A CURA DEL DOTTOR MARCO CARACCIOLO. QUINTA STAGIONE<\/h2>\n<\/blockquote>\n<p><strong><span style=\"color: #ff0000;\">LA PUNTATA DELLA SETTIMANA\u00a0<\/span><\/strong><\/p>\n<p>in questa edizione: In Italia circa 3mila persone sono affette da ipertensione arteriosa polmonare, una malattia rara difficile da diagnosticare. Riconoscerla precocemente e agire subito \u00e8 essenziale per prevenire complicazioni. Per questo nasce la campagna \u201cLa vita in un respiro\u201d, promossa da Janssen Italia in collaborazione con AIPI (Associazione Ipertensione Polmonare Italiana). Nazzareno Gali\u00e8, Direttore della Cardiologia al Policlinico Sant\u2019Orsola, Universit\u00e0 di Bologna, Coordinatore delle Linee Guida Internazionali sull\u2019Ipertensione Polmonare e responsabile Comitato Scientifico AIPI<br \/>\nLoredana Bergamini, Direttore Medico di Janssen Italia Carolina Kostner, Pattinatrice artistica, Testimonial di \u201cLa Vita in un respiro\u201d<\/p>\n<audio class=\"wp-audio-shortcode\" id=\"audio-185301-8\" preload=\"none\" style=\"width: 100%;\" controls=\"controls\"><source type=\"audio\/mpeg\" src=\"https:\/\/www.radiopiu.net\/wordpress\/wp-content\/uploads\/2021\/01\/cs_210111.mp3?_=8\" \/><a href=\"https:\/\/www.radiopiu.net\/wordpress\/wp-content\/uploads\/2021\/01\/cs_210111.mp3\">https:\/\/www.radiopiu.net\/wordpress\/wp-content\/uploads\/2021\/01\/cs_210111.mp3<\/a><\/audio>\n<h3>LA RACCOLTA COMPLETA<\/h3>\n<blockquote class=\"wp-embedded-content\" data-secret=\"Ha7JzS1Pfm\"><p><a href=\"https:\/\/www.radiopiu.net\/wordpress\/saluteesocieta\/\">Salute e Societ\u00e0<\/a><\/p><\/blockquote>\n<p><iframe loading=\"lazy\" class=\"wp-embedded-content\" sandbox=\"allow-scripts\" security=\"restricted\" style=\"position: absolute; clip: rect(1px, 1px, 1px, 1px);\" title=\"&#8220;Salute e Societ\u00e0&#8221; &#8212; Radio Pi\u00f9\" src=\"https:\/\/www.radiopiu.net\/wordpress\/saluteesocieta\/embed\/#?secret=Ha7JzS1Pfm\" data-secret=\"Ha7JzS1Pfm\" width=\"600\" height=\"338\" frameborder=\"0\" marginwidth=\"0\" marginheight=\"0\" scrolling=\"no\"><\/iframe><\/p>\n<hr \/>\n<h2><\/h2>\n<h2><span style=\"color: #ff0000;\"><a href=\"https:\/\/www.radiopiu.net\/wordpress\/giornale-radiopiu-05-gennaio-2021-direttore-mirko-mezzacasa\/133200401_100838761953611_1258544160541445132_o-2\/\" rel=\"attachment wp-att-183078\"><img loading=\"lazy\" decoding=\"async\" class=\" wp-image-183078 alignleft\" src=\"https:\/\/www.radiopiu.net\/wordpress\/wp-content\/uploads\/2021\/01\/133200401_100838761953611_1258544160541445132_o-1-300x157.jpg\" alt=\"\" width=\"192\" height=\"101\" srcset=\"https:\/\/www.radiopiu.net\/wordpress\/wp-content\/uploads\/2021\/01\/133200401_100838761953611_1258544160541445132_o-1-300x157.jpg 300w, https:\/\/www.radiopiu.net\/wordpress\/wp-content\/uploads\/2021\/01\/133200401_100838761953611_1258544160541445132_o-1.jpg 526w\" sizes=\"auto, (max-width: 192px) 100vw, 192px\" \/><\/a>GOCCE DI FILOSOFIA, CON CHIARA CAU, CON LISA DE LUCA. <\/span><\/h2>\n<h2><\/h2>\n<h2><span style=\"color: #ff0000;\">TUTTI I GIORNI DAL LUNEDI AL VENERDI ALLE 6.55 E ALLE 18.55<\/span><\/h2>\n<h3>LA RACCOLTA COMPLETA<\/h3>\n<blockquote class=\"wp-embedded-content\" data-secret=\"aB5Rl4i5by\"><p><a href=\"https:\/\/www.radiopiu.net\/wordpress\/gocce-filosofia\/\">Gocce di filosofia<\/a><\/p><\/blockquote>\n<p><iframe loading=\"lazy\" class=\"wp-embedded-content\" sandbox=\"allow-scripts\" security=\"restricted\" style=\"position: absolute; clip: rect(1px, 1px, 1px, 1px);\" title=\"&#8220;Gocce di filosofia&#8221; &#8212; Radio Pi\u00f9\" src=\"https:\/\/www.radiopiu.net\/wordpress\/gocce-filosofia\/embed\/#?secret=aB5Rl4i5by\" data-secret=\"aB5Rl4i5by\" width=\"600\" height=\"338\" frameborder=\"0\" marginwidth=\"0\" marginheight=\"0\" scrolling=\"no\"><\/iframe><\/p>\n<p>&nbsp;<\/p>\n<hr \/>\n<p>&nbsp;<\/p>\n<div class=\"im_message_wrap clearfix\">\n<div class=\"im_content_message_wrap im_message_out\">\n<h2><span style=\"color: #ff0000;\">IERI ALLA RADIO\u00a0 IN VIVO VERSO 2020-21<\/span><\/h2>\n<p><strong><span style=\"color: #0000ff;\">IN ONDA DAL LUNEDI AL VENERDI ALLE 7.10, 10.10, 18.50\u00a0<\/span><\/strong><\/p>\n<p><strong><span style=\"font-family: Verdana, sans-serif;\"><span style=\"font-size: medium;\">LA RACCOLTA COMPLETA, TUTTE LE COLLEZIONI<\/span><\/span><\/strong><\/p>\n<blockquote class=\"wp-embedded-content\" data-secret=\"DtcmZGiLya\"><p><a href=\"https:\/\/www.radiopiu.net\/wordpress\/in-vivo-verso\/\">In Vivo Verso<\/a><\/p><\/blockquote>\n<p><iframe loading=\"lazy\" class=\"wp-embedded-content\" sandbox=\"allow-scripts\" security=\"restricted\" style=\"position: absolute; clip: rect(1px, 1px, 1px, 1px);\" title=\"&#8220;In Vivo Verso&#8221; &#8212; Radio Pi\u00f9\" src=\"https:\/\/www.radiopiu.net\/wordpress\/in-vivo-verso\/embed\/#?secret=DtcmZGiLya\" data-secret=\"DtcmZGiLya\" width=\"600\" height=\"338\" frameborder=\"0\" marginwidth=\"0\" marginheight=\"0\" scrolling=\"no\"><\/iframe><\/p>\n<p>&nbsp;<\/p>\n<\/div>\n<\/div>\n<hr \/>\n<p>&nbsp;<\/p>\n<h2>007 IN CONDOTTA CON LA PROF. MARIA ROSA SALMAZO IL LUNEDI ALLE 10,30 E ALLE 19.00 LA DOMENICA ALLE 8 DEL MATTINO. NONA STAGIONE<\/h2>\n<p><span style=\"color: #ff0000;\"><strong>LA PUNTATA DELLA SETTIMANA <\/strong><\/span><\/p>\n<p><strong>&#8220;RITORNO A SCUOLA&#8230;. INCERTO&#8221;.<\/strong><\/p>\n<audio class=\"wp-audio-shortcode\" id=\"audio-185301-9\" preload=\"none\" style=\"width: 100%;\" controls=\"controls\"><source type=\"audio\/mpeg\" src=\"https:\/\/www.radiopiu.net\/wordpress\/wp-content\/uploads\/2020\/10\/007-condotta-11.mp3?_=9\" \/><a href=\"https:\/\/www.radiopiu.net\/wordpress\/wp-content\/uploads\/2020\/10\/007-condotta-11.mp3\">https:\/\/www.radiopiu.net\/wordpress\/wp-content\/uploads\/2020\/10\/007-condotta-11.mp3<\/a><\/audio>\n<h2>LA RACCOLTA COMPLETA<\/h2>\n<blockquote class=\"wp-embedded-content\" data-secret=\"kHXuLDCTyX\"><p><a href=\"https:\/\/www.radiopiu.net\/wordpress\/007incondotta-9\/\">007 in condotta<\/a><\/p><\/blockquote>\n<p><iframe loading=\"lazy\" class=\"wp-embedded-content\" sandbox=\"allow-scripts\" security=\"restricted\" style=\"position: absolute; clip: rect(1px, 1px, 1px, 1px);\" title=\"&#8220;007 in condotta&#8221; &#8212; Radio Pi\u00f9\" src=\"https:\/\/www.radiopiu.net\/wordpress\/007incondotta-9\/embed\/#?secret=kHXuLDCTyX\" data-secret=\"kHXuLDCTyX\" width=\"600\" height=\"338\" frameborder=\"0\" marginwidth=\"0\" marginheight=\"0\" scrolling=\"no\"><\/iframe><\/p>\n<p>&nbsp;<\/p>\n<p>&nbsp;<\/p>\n<p>&nbsp;<\/p>\n<hr \/>\n<p>&nbsp;<\/p>\n<blockquote>\n<h2><a href=\"https:\/\/www.radiopiu.net\/wordpress\/speciale-solidarieta-veneto\/solidarieta-veneto-3\/\" rel=\"attachment wp-att-134366\"><img loading=\"lazy\" decoding=\"async\" class=\"wp-image-134366 alignleft\" src=\"https:\/\/www.radiopiu.net\/wordpress\/wp-content\/uploads\/2020\/05\/solidariet\u00e0-veneto-300x210.jpg\" alt=\"\" width=\"102\" height=\"71\" srcset=\"https:\/\/www.radiopiu.net\/wordpress\/wp-content\/uploads\/2020\/05\/solidariet\u00e0-veneto-300x210.jpg 300w, https:\/\/www.radiopiu.net\/wordpress\/wp-content\/uploads\/2020\/05\/solidariet\u00e0-veneto-1024x717.jpg 1024w, https:\/\/www.radiopiu.net\/wordpress\/wp-content\/uploads\/2020\/05\/solidariet\u00e0-veneto-768x538.jpg 768w, https:\/\/www.radiopiu.net\/wordpress\/wp-content\/uploads\/2020\/05\/solidariet\u00e0-veneto.jpg 1373w\" sizes=\"auto, (max-width: 102px) 100vw, 102px\" \/><\/a>SOLIDARIETA&#8217; VENETO FONDO PENSIONE, IN ONDA IL PRIMO VENERDI DEL MESE ALLE 10.30 E ALLE 19.00 QUINTA STAGIONE<\/h2>\n<\/blockquote>\n<p><strong>AUDIO<\/strong><\/p>\n<audio class=\"wp-audio-shortcode\" id=\"audio-185301-10\" preload=\"none\" style=\"width: 100%;\" controls=\"controls\"><source type=\"audio\/mpeg\" src=\"https:\/\/www.radiopiu.net\/wordpress\/wp-content\/uploads\/2020\/10\/solidarieta-veneto-gennaio.mp3?_=10\" \/><a href=\"https:\/\/www.radiopiu.net\/wordpress\/wp-content\/uploads\/2020\/10\/solidarieta-veneto-gennaio.mp3\">https:\/\/www.radiopiu.net\/wordpress\/wp-content\/uploads\/2020\/10\/solidarieta-veneto-gennaio.mp3<\/a><\/audio>\n<p>&nbsp;<\/p>\n<blockquote>\n<h2>RACCOLTA COMPLETA<\/h2>\n<\/blockquote>\n<blockquote class=\"wp-embedded-content\" data-secret=\"YmWhJkCjcC\"><p><a href=\"https:\/\/www.radiopiu.net\/wordpress\/solidarieta-veneto\/\">Solidariet\u00e0 Veneto<\/a><\/p><\/blockquote>\n<p><iframe loading=\"lazy\" class=\"wp-embedded-content\" sandbox=\"allow-scripts\" security=\"restricted\" style=\"position: absolute; clip: rect(1px, 1px, 1px, 1px);\" title=\"&#8220;Solidariet\u00e0 Veneto&#8221; &#8212; Radio Pi\u00f9\" src=\"https:\/\/www.radiopiu.net\/wordpress\/solidarieta-veneto\/embed\/#?secret=YmWhJkCjcC\" data-secret=\"YmWhJkCjcC\" width=\"600\" height=\"338\" frameborder=\"0\" marginwidth=\"0\" marginheight=\"0\" scrolling=\"no\"><\/iframe><\/p>\n<p>&nbsp;<\/p>\n<p>&nbsp;<\/p>\n<hr \/>\n<p>&nbsp;<\/p>\n<h2><span style=\"color: #808000;\">DUE MINUTI UN LIBRO\u00a0 TUTTI I GIORNI ALLA RADIO ALLE 9.30 E ALLE 18. QUINTA STAGIONE\u00a0<\/span><\/h2>\n<h2>LA RACCOLTA COMPLETA<\/h2>\n<blockquote class=\"wp-embedded-content\" data-secret=\"UzQbesJmq0\"><p><a href=\"https:\/\/www.radiopiu.net\/wordpress\/due-minuti-un-libro\/\">Due minuti un libro<\/a><\/p><\/blockquote>\n<p><iframe loading=\"lazy\" class=\"wp-embedded-content\" sandbox=\"allow-scripts\" security=\"restricted\" style=\"position: absolute; clip: rect(1px, 1px, 1px, 1px);\" title=\"&#8220;Due minuti un libro&#8221; &#8212; Radio Pi\u00f9\" src=\"https:\/\/www.radiopiu.net\/wordpress\/due-minuti-un-libro\/embed\/#?secret=UzQbesJmq0\" data-secret=\"UzQbesJmq0\" width=\"600\" height=\"338\" frameborder=\"0\" marginwidth=\"0\" marginheight=\"0\" scrolling=\"no\"><\/iframe><\/p>\n<p>&nbsp;<\/p>\n<hr \/>\n<p>&nbsp;<\/p>\n<p>&nbsp;<\/p>\n<blockquote>\n<h2>CASSA SOLIDARIET\u00c0 LUXOTTICA<\/h2>\n<\/blockquote>\n<h3><strong><span style=\"color: #ff0000;\">IL NUMERO DI GENNAIO CON PAOLO CHISSALE&#8217; E FABRIZIO CAMPEDEL\u00a0\u00a0<\/span><\/strong><\/h3>\n<audio class=\"wp-audio-shortcode\" id=\"audio-185301-11\" preload=\"none\" style=\"width: 100%;\" controls=\"controls\"><source type=\"audio\/mpeg\" src=\"https:\/\/www.radiopiu.net\/wordpress\/wp-content\/uploads\/2021\/01\/ca-sol-lux-gennaio.mp3?_=11\" \/><a href=\"https:\/\/www.radiopiu.net\/wordpress\/wp-content\/uploads\/2021\/01\/ca-sol-lux-gennaio.mp3\">https:\/\/www.radiopiu.net\/wordpress\/wp-content\/uploads\/2021\/01\/ca-sol-lux-gennaio.mp3<\/a><\/audio>\n<blockquote>\n<h2>RACCOLTA COMPLETA<\/h2>\n<\/blockquote>\n<blockquote class=\"wp-embedded-content\" data-secret=\"q3Vk9RU0oW\"><p><a href=\"https:\/\/www.radiopiu.net\/wordpress\/cassa-solidarieta-luxottica-puntata-del-16-ottobre-2020\/\">CASSA SOLIDARIET\u00c0 LUXOTTICA &#8211; PUNTATA DEL 20 NOVEMBRE 2020<\/a><\/p><\/blockquote>\n<p><iframe loading=\"lazy\" class=\"wp-embedded-content\" sandbox=\"allow-scripts\" security=\"restricted\" style=\"position: absolute; clip: rect(1px, 1px, 1px, 1px);\" title=\"&#8220;CASSA SOLIDARIET\u00c0 LUXOTTICA &#8211; PUNTATA DEL 20 NOVEMBRE 2020&#8221; &#8212; Radio Pi\u00f9\" src=\"https:\/\/www.radiopiu.net\/wordpress\/cassa-solidarieta-luxottica-puntata-del-16-ottobre-2020\/embed\/#?secret=q3Vk9RU0oW\" data-secret=\"q3Vk9RU0oW\" width=\"600\" height=\"338\" frameborder=\"0\" marginwidth=\"0\" marginheight=\"0\" scrolling=\"no\"><\/iframe><\/p>\n<p>&nbsp;<\/p>\n<hr \/>\n<p>&nbsp;<\/p>\n<p>&nbsp;<\/p>\n<blockquote class=\"wp-embedded-content\" data-secret=\"ewVkJsxNff\"><p><a href=\"https:\/\/www.radiopiu.net\/wordpress\/184594-2\/\">CISL LA VOCE DEI LAVORATORI, CON PAOLO CHISSALE&#8217;<\/a><\/p><\/blockquote>\n<p><iframe loading=\"lazy\" class=\"wp-embedded-content\" sandbox=\"allow-scripts\" security=\"restricted\" style=\"position: absolute; clip: rect(1px, 1px, 1px, 1px);\" title=\"&#8220;CISL LA VOCE DEI LAVORATORI, CON PAOLO CHISSALE&#8217;&#8221; &#8212; Radio Pi\u00f9\" src=\"https:\/\/www.radiopiu.net\/wordpress\/184594-2\/embed\/#?secret=ewVkJsxNff\" data-secret=\"ewVkJsxNff\" width=\"600\" height=\"338\" frameborder=\"0\" marginwidth=\"0\" marginheight=\"0\" scrolling=\"no\"><\/iframe><\/p>\n<div>\n<p>&nbsp;<\/p>\n<p>&nbsp;<\/p>\n<hr \/>\n<p>&nbsp;<\/p>\n<h2><span style=\"color: #800080;\"><strong>LA RASSEGNA STAMPA DA L&#8217;AMICO DEL POPOLO\u00a0<\/strong><\/span><\/h2>\n<h1 class=\"kvgmc6g5 cxmmr5t8 oygrvhab hcukyx3x c1et5uql\"><span style=\"color: #0000ff;\">RADIO PIU INFORMAZIONE il canale su TELEGRAM informazione di prima mano e in tempo reale. iscriviti ed aiutaci a farlo conoscere\u00a0<\/span><\/h1>\n<p><strong><a href=\"https:\/\/www.radiopiu.net\/wordpress\/la-rassegna-stampa-da-lamico-del-popolo-16-gennaio-2021\/adriana-lotto-presidente-associazione-culturale-tina-merlin\/\" rel=\"attachment wp-att-185251\"><img loading=\"lazy\" decoding=\"async\" class=\"wp-image-185251 alignleft\" src=\"https:\/\/www.radiopiu.net\/wordpress\/wp-content\/uploads\/2021\/01\/Adriana-Lotto-Presidente-Associazione-Culturale-Tina-Merlin-300x274.png\" alt=\"\" width=\"146\" height=\"133\" srcset=\"https:\/\/www.radiopiu.net\/wordpress\/wp-content\/uploads\/2021\/01\/Adriana-Lotto-Presidente-Associazione-Culturale-Tina-Merlin-300x274.png 300w, https:\/\/www.radiopiu.net\/wordpress\/wp-content\/uploads\/2021\/01\/Adriana-Lotto-Presidente-Associazione-Culturale-Tina-Merlin.png 696w\" sizes=\"auto, (max-width: 146px) 100vw, 146px\" \/><\/a>PUNTATA DEL 16 GENNAIO 2021<\/strong><\/p>\n<p><strong>OSPITE: Adriana Lotto Presidente Associazione Culturale Tina Merlin<\/strong><\/p>\n<audio class=\"wp-audio-shortcode\" id=\"audio-185301-12\" preload=\"none\" style=\"width: 100%;\" controls=\"controls\"><source type=\"audio\/mpeg\" src=\"https:\/\/www.radiopiu.net\/wordpress\/wp-content\/uploads\/2021\/01\/RASSEGNA-GIANNI-1.mp3?_=12\" \/><a href=\"https:\/\/www.radiopiu.net\/wordpress\/wp-content\/uploads\/2021\/01\/RASSEGNA-GIANNI-1.mp3\">https:\/\/www.radiopiu.net\/wordpress\/wp-content\/uploads\/2021\/01\/RASSEGNA-GIANNI-1.mp3<\/a><\/audio>\n<p><strong>LA RACCOLTA COMPLETA<\/strong><\/p>\n<blockquote class=\"wp-embedded-content\" data-secret=\"kGvw2uidHH\"><p><a href=\"https:\/\/www.radiopiu.net\/wordpress\/rassegna-stampa-di-gianni-santomaso\/\">Rassegna stampa da l&#8217;amico del popolo &#8211; di Gianni Santomaso<\/a><\/p><\/blockquote>\n<p><iframe loading=\"lazy\" class=\"wp-embedded-content\" sandbox=\"allow-scripts\" security=\"restricted\" style=\"position: absolute; clip: rect(1px, 1px, 1px, 1px);\" title=\"&#8220;Rassegna stampa da l&#8217;amico del popolo &#8211; di Gianni Santomaso&#8221; &#8212; Radio Pi\u00f9\" src=\"https:\/\/www.radiopiu.net\/wordpress\/rassegna-stampa-di-gianni-santomaso\/embed\/#?secret=kGvw2uidHH\" data-secret=\"kGvw2uidHH\" width=\"600\" height=\"338\" frameborder=\"0\" marginwidth=\"0\" marginheight=\"0\" scrolling=\"no\"><\/iframe><\/p>\n<p>&nbsp;<\/p>\n<p>&nbsp;<\/p>\n<hr \/>\n<p>&nbsp;<\/p>\n<p>&nbsp;<\/p>\n<div>\n<h2><span style=\"color: #33cccc;\">I RACCONTI DI PAOLO SOPPELSA il lunedi alle 9.30 e 18.30<\/span><\/h2>\n<blockquote class=\"wp-embedded-content\" data-secret=\"I2HWOoOzqe\"><p><a href=\"https:\/\/www.radiopiu.net\/wordpress\/i-racconti-di-paolo-soppelsa-cinquantasettesima-puntata\/\">I RACCONTI DI PAOLO SOPPELSA CINQUANTASETTESIMA PUNTATA<\/a><\/p><\/blockquote>\n<p><iframe loading=\"lazy\" class=\"wp-embedded-content\" sandbox=\"allow-scripts\" security=\"restricted\" style=\"position: absolute; clip: rect(1px, 1px, 1px, 1px);\" title=\"&#8220;I RACCONTI DI PAOLO SOPPELSA CINQUANTASETTESIMA PUNTATA&#8221; &#8212; Radio Pi\u00f9\" src=\"https:\/\/www.radiopiu.net\/wordpress\/i-racconti-di-paolo-soppelsa-cinquantasettesima-puntata\/embed\/#?secret=I2HWOoOzqe\" data-secret=\"I2HWOoOzqe\" width=\"600\" height=\"338\" frameborder=\"0\" marginwidth=\"0\" marginheight=\"0\" scrolling=\"no\"><\/iframe><\/p>\n<h2><span style=\"color: #33cccc;\"><strong>RACCOLTA COMPLETA<\/strong><\/span><\/h2>\n<blockquote class=\"wp-embedded-content\" data-secret=\"MZaM9jVFsP\"><p><a href=\"https:\/\/www.radiopiu.net\/wordpress\/i-racconti-di-paolo-soppelsa\/\">I racconti di Paolo Soppelsa<\/a><\/p><\/blockquote>\n<p><iframe loading=\"lazy\" class=\"wp-embedded-content\" sandbox=\"allow-scripts\" security=\"restricted\" style=\"position: absolute; clip: rect(1px, 1px, 1px, 1px);\" title=\"&#8220;I racconti di Paolo Soppelsa&#8221; &#8212; Radio Pi\u00f9\" src=\"https:\/\/www.radiopiu.net\/wordpress\/i-racconti-di-paolo-soppelsa\/embed\/#?secret=MZaM9jVFsP\" data-secret=\"MZaM9jVFsP\" width=\"600\" height=\"338\" frameborder=\"0\" marginwidth=\"0\" marginheight=\"0\" scrolling=\"no\"><\/iframe><\/p>\n<\/div>\n<p>&nbsp;<\/p>\n<hr \/>\n<p>&nbsp;<\/p>\n<div>\n<h2><a href=\"https:\/\/www.radiopiu.net\/wordpress\/giornale-radiopiu-13-gennaio-2021-direttore-mirko-mezzacasa\/137677866_1564759040378824_7049856006923818399_o\/\" rel=\"attachment wp-att-184381\"><img loading=\"lazy\" decoding=\"async\" class=\" wp-image-184381 alignleft\" src=\"https:\/\/www.radiopiu.net\/wordpress\/wp-content\/uploads\/2021\/01\/137677866_1564759040378824_7049856006923818399_o-203x300.jpg\" alt=\"\" width=\"83\" height=\"123\" srcset=\"https:\/\/www.radiopiu.net\/wordpress\/wp-content\/uploads\/2021\/01\/137677866_1564759040378824_7049856006923818399_o-203x300.jpg 203w, https:\/\/www.radiopiu.net\/wordpress\/wp-content\/uploads\/2021\/01\/137677866_1564759040378824_7049856006923818399_o.jpg 526w\" sizes=\"auto, (max-width: 83px) 100vw, 83px\" \/><\/a><\/h2>\n<h2><\/h2>\n<h2><strong>LE\u00a0 PUNTATE di Luisa Alchini di Leggermente Bellunesi, la domenica alle 11, <span style=\"color: #0000ff;\">IL MARTEDI IN PRIMA EDIZIONE\u00a0<\/span> alle 10.30 e alle 19.00<\/strong><\/h2>\n<p><strong>LA PUNTATA DELLA SETTIMANA\u00a0<\/strong> Elisa Orzes Grillone :scrittrice, poetessa e pittrice nata a Cencenighe<\/p>\n<audio class=\"wp-audio-shortcode\" id=\"audio-185301-13\" preload=\"none\" style=\"width: 100%;\" controls=\"controls\"><source type=\"audio\/mpeg\" src=\"https:\/\/www.radiopiu.net\/wordpress\/wp-content\/uploads\/2021\/01\/14leggermenteelisaorzesgrillone2021.mp3?_=13\" \/><a href=\"https:\/\/www.radiopiu.net\/wordpress\/wp-content\/uploads\/2021\/01\/14leggermenteelisaorzesgrillone2021.mp3\">https:\/\/www.radiopiu.net\/wordpress\/wp-content\/uploads\/2021\/01\/14leggermenteelisaorzesgrillone2021.mp3<\/a><\/audio>\n<h2><strong style=\"font-size: 14px;\"><span style=\"color: #000000;\">RACCOLTA COMPLETA<\/span><\/strong><\/h2>\n<\/div>\n<blockquote class=\"wp-embedded-content\" data-secret=\"lZUaq1H8l7\"><p><a href=\"https:\/\/www.radiopiu.net\/wordpress\/leggermente-20\/\">LEGGERmente&#8230;Bellunesi<\/a><\/p><\/blockquote>\n<p><iframe loading=\"lazy\" class=\"wp-embedded-content\" sandbox=\"allow-scripts\" security=\"restricted\" style=\"position: absolute; clip: rect(1px, 1px, 1px, 1px);\" title=\"&#8220;LEGGERmente&#8230;Bellunesi&#8221; &#8212; Radio Pi\u00f9\" src=\"https:\/\/www.radiopiu.net\/wordpress\/leggermente-20\/embed\/#?secret=lZUaq1H8l7\" data-secret=\"lZUaq1H8l7\" width=\"600\" height=\"338\" frameborder=\"0\" marginwidth=\"0\" marginheight=\"0\" scrolling=\"no\"><\/iframe><\/p>\n<hr \/>\n<p>&nbsp;<\/p>\n<blockquote>\n<h3><a href=\"https:\/\/www.radiopiu.net\/wordpress\/almanacco-ladino-puntata-5-2020\/sn\/\" rel=\"attachment wp-att-180931\"><img loading=\"lazy\" decoding=\"async\" class=\"wp-image-180931 alignleft\" src=\"https:\/\/www.radiopiu.net\/wordpress\/wp-content\/uploads\/2020\/12\/sn-300x194.jpg\" alt=\"\" width=\"181\" height=\"117\" srcset=\"https:\/\/www.radiopiu.net\/wordpress\/wp-content\/uploads\/2020\/12\/sn-300x194.jpg 300w, https:\/\/www.radiopiu.net\/wordpress\/wp-content\/uploads\/2020\/12\/sn.jpg 626w\" sizes=\"auto, (max-width: 181px) 100vw, 181px\" \/><\/a>L&#8217;ALMANACCO LADINO CON L&#8217;ISTITUT CESA DE JAN QUINDICINALE APPUNTAMENTO. LA DOMENICA ALLE 9 IL LUNEDI ALLE 8.35 IL MARTEDI ALLE 12.35 IL MERCOLEDI ALLE 18.35. SECONDA STAGIONE.<\/h3>\n<\/blockquote>\n<p><strong>RACCOLTA COMPLETA\u00a0<\/strong><\/p>\n<blockquote class=\"wp-embedded-content\" data-secret=\"yZYcLEJC8X\"><p><a href=\"https:\/\/www.radiopiu.net\/wordpress\/almanacco-ladino\/\">Almanacco Ladino<\/a><\/p><\/blockquote>\n<p><iframe loading=\"lazy\" class=\"wp-embedded-content\" sandbox=\"allow-scripts\" security=\"restricted\" style=\"position: absolute; clip: rect(1px, 1px, 1px, 1px);\" title=\"&#8220;Almanacco Ladino&#8221; &#8212; Radio Pi\u00f9\" src=\"https:\/\/www.radiopiu.net\/wordpress\/almanacco-ladino\/embed\/#?secret=yZYcLEJC8X\" data-secret=\"yZYcLEJC8X\" width=\"600\" height=\"338\" frameborder=\"0\" marginwidth=\"0\" marginheight=\"0\" scrolling=\"no\"><\/iframe><\/p>\n<p>&nbsp;<\/p>\n<\/div>\n<hr \/>\n<div>\n<h2><span style=\"color: #000080;\"><a class=\"dt-pswp-item\" href=\"https:\/\/www.radiopiu.net\/wordpress\/wp-content\/uploads\/2020\/10\/pp.jpg\" data-dt-img-description=\"\" data-large_image_width=\"640\" data-large_image_height=\"640\"><img loading=\"lazy\" decoding=\"async\" class=\"wp-image-163678 alignleft\" src=\"https:\/\/www.radiopiu.net\/wordpress\/wp-content\/uploads\/2020\/10\/pp-300x300.jpg\" alt=\"\" width=\"106\" height=\"106\" srcset=\"https:\/\/www.radiopiu.net\/wordpress\/wp-content\/uploads\/2020\/10\/pp-300x300.jpg 300w, https:\/\/www.radiopiu.net\/wordpress\/wp-content\/uploads\/2020\/10\/pp-150x150.jpg 150w, https:\/\/www.radiopiu.net\/wordpress\/wp-content\/uploads\/2020\/10\/pp-125x125.jpg 125w, https:\/\/www.radiopiu.net\/wordpress\/wp-content\/uploads\/2020\/10\/pp-200x200.jpg 200w, https:\/\/www.radiopiu.net\/wordpress\/wp-content\/uploads\/2020\/10\/pp-80x80.jpg 80w, https:\/\/www.radiopiu.net\/wordpress\/wp-content\/uploads\/2020\/10\/pp-480x480.jpg 480w, https:\/\/www.radiopiu.net\/wordpress\/wp-content\/uploads\/2020\/10\/pp.jpg 640w\" sizes=\"auto, (max-width: 106px) 100vw, 106px\" \/><\/a> <\/span><\/h2>\n<h2><span style=\"color: #000080;\">DON CESARE, IL PENSIERO DEL GIORNO. ALLA RADIO ALLE 7 DEL MATTINO E ALLE 19.30 DELLA SERA.\u00a0\u00a0<\/span><\/h2>\n<p>&nbsp;<\/p>\n<\/div>\n<p>&nbsp;<\/p>\n<audio class=\"wp-audio-shortcode\" id=\"audio-185301-14\" preload=\"none\" style=\"width: 100%;\" controls=\"controls\"><source type=\"audio\/mpeg\" src=\"https:\/\/www.radiopiu.net\/wordpress\/wp-content\/uploads\/2021\/01\/CESARE-12.mp3?_=14\" \/><a href=\"https:\/\/www.radiopiu.net\/wordpress\/wp-content\/uploads\/2021\/01\/CESARE-12.mp3\">https:\/\/www.radiopiu.net\/wordpress\/wp-content\/uploads\/2021\/01\/CESARE-12.mp3<\/a><\/audio>\n<p>&nbsp;<\/p>\n<p>&nbsp;<\/p>\n<p>&nbsp;<\/p>\n<div>\n<p class=\"photoswipe-wrapper\"><a class=\"dt-pswp-item pspw-wrap-ready\" href=\"https:\/\/i0.wp.com\/www.radiopiu.net\/wordpress\/wp-content\/uploads\/2018\/09\/viabilita.jpeg?ssl=1\" data-dt-img-description=\"\" data-large_image_width=\"800\" data-large_image_height=\"100\"><img loading=\"lazy\" decoding=\"async\" class=\"aligncenter wp-image-61954 size-full\" src=\"https:\/\/i0.wp.com\/www.radiopiu.net\/wordpress\/wp-content\/uploads\/2018\/09\/viabilita.jpeg?resize=800%2C100&amp;ssl=1\" sizes=\"auto, (max-width: 800px) 100vw, 800px\" srcset=\"https:\/\/i0.wp.com\/www.radiopiu.net\/wordpress\/wp-content\/uploads\/2018\/09\/viabilita.jpeg?w=800&amp;ssl=1 800w, https:\/\/i0.wp.com\/www.radiopiu.net\/wordpress\/wp-content\/uploads\/2018\/09\/viabilita.jpeg?resize=300%2C38&amp;ssl=1 300w, https:\/\/i0.wp.com\/www.radiopiu.net\/wordpress\/wp-content\/uploads\/2018\/09\/viabilita.jpeg?resize=768%2C96&amp;ssl=1 768w\" alt=\"\" width=\"800\" height=\"100\" \/><\/a><\/p>\n<\/div>\n<p>&nbsp;<\/p>\n<p><strong>SP 1 MADONNA DEL PIAVE <\/strong>senso unico alternato regolato da semaforo fino al 15 gennaio in comune di Quero Vas per realizzazione tombinatura<\/p>\n<p><strong>SP 42 CAVALLERA<\/strong> fino a revoca, chiusura della strada nell&#8217;abitato di Perarolo per attivazione emergenza frana &#8220;Busa del Cristo&#8221;<\/p>\n<p><strong>S.P.2 DELLA VALLE DEL MIS\u00a0<\/strong>Interdizione totale al traffico fino a revoca dal km 14,920 (localit\u00e0 Gona Bassa) al km 20,650 (localit\u00e0 Titele) per cedimento della carreggiata<\/p>\n<p><strong>S.P. 5 DI LAMOSANO<\/strong>\u00a0Interdizione totale fino a revoca per presenza di materiale e alberi in strada.<\/p>\n<p><strong>S.P. 251 DI VAL DI ZOLDO E VAL CELLINA\u00a0<\/strong>dalla localit\u00e0 Soffranco fino all&#8217;imbocco nord della galleria S. Giovanni interdizione totale al transito per cedimento della carreggiata<\/p>\n<p><strong>SP 3 DELLA VAL IMPERINA<\/strong> fino a revoca, senso unico alternato regolato a vista in localit\u00e0 Gona di Conedera di Rivamonte per cedimento della carreggiata stradale<\/p>\n<div>\n<p>&nbsp;<\/p>\n<hr \/>\n<p>&nbsp;<\/p>\n<p class=\"photoswipe-wrapper\"><a class=\"dt-pswp-item pspw-wrap-ready\" href=\"https:\/\/i0.wp.com\/www.radiopiu.net\/wordpress\/wp-content\/uploads\/2018\/09\/WhatsApp-Image-2018-09-20-at-16.04.06.jpeg?ssl=1\" data-dt-img-description=\"\" data-large_image_width=\"800\" data-large_image_height=\"100\"><img loading=\"lazy\" decoding=\"async\" class=\"aligncenter wp-image-61378 size-full jetpack-lazy-image jetpack-lazy-image--handled\" src=\"https:\/\/i0.wp.com\/www.radiopiu.net\/wordpress\/wp-content\/uploads\/2018\/09\/WhatsApp-Image-2018-09-20-at-16.04.06.jpeg?resize=800%2C100&amp;ssl=1\" sizes=\"auto, (max-width: 800px) 100vw, 800px\" srcset=\"https:\/\/i0.wp.com\/www.radiopiu.net\/wordpress\/wp-content\/uploads\/2018\/09\/WhatsApp-Image-2018-09-20-at-16.04.06.jpeg?w=800&amp;ssl=1 800w, https:\/\/i0.wp.com\/www.radiopiu.net\/wordpress\/wp-content\/uploads\/2018\/09\/WhatsApp-Image-2018-09-20-at-16.04.06.jpeg?resize=300%2C38&amp;ssl=1 300w, https:\/\/i0.wp.com\/www.radiopiu.net\/wordpress\/wp-content\/uploads\/2018\/09\/WhatsApp-Image-2018-09-20-at-16.04.06.jpeg?resize=768%2C96&amp;ssl=1 768w\" alt=\"\" width=\"800\" height=\"100\" data-lazy-loaded=\"1\" \/><\/a><\/p>\n<p>&nbsp;<\/p>\n<div>\n<div id=\"dolomitimeteo_div_testi\"><center><b>Lunedi 18<\/b><\/center><b>Tempo atteso: <\/b>Nottetempo fino al primo mattino nuvolosit\u00e0 stratiforme, anche estesa. Dopo il sorgere del sole allontanamento di tale copertura verso est e rasserenamenti sempre pi\u00f9 generalizzati. Dalla tarda mattinata in poi ben soleggiato con cielo sereno ovunque. Il freddo si attenuer\u00e0 un po&#8217; in giornata, per\u00f2 il contesto termico rimarr\u00e0 invernale gi\u00e0 dai 1000 m in su.<br \/>\n<b>Precipitazioni: <\/b>Assenti (0%)<br \/>\n<b>Temperature: <\/b>Minime pressoch\u00e9 stazionarie o in leggero aumento qualora la nuvolosit\u00e0 notturna riducesse l&#8217;irraggiamento notturno; massime in lieve aumento, specie nei settori maggiormente assolati. Sono previste punte 2\/3\u00b0C nei fondovalle prealpini e di -2\/-1\u00b0C a 1000\/1200 m, inferiori alle stesse quote nelle valli in ombra. Su Prealpi a 1500 m min -6\u00b0C max -4\u00b0C, a 2000 m min -8\u00b0C max -7\u00b0C. Su Dolomiti a 2000 m min -9\u00b0C max -7\u00b0C, a 3000 m min -15\u00b0C max -12\u00b0C.<br \/>\n<b>Venti: <\/b>Nelle valli deboli di direzione variabile; in quota fino al primo mattino tesi\/forti da nord-ovest sulle cime pi\u00f9 alte e moderati sotto i 1800\/2000 m, in giornata saranno in netta attenuazione, a 5-15 km\/h a 2000 m e 25-55 km\/h a 3000 m.<\/p>\n<hr \/>\n<p><center><b>Martedi 19<\/b><\/center><b>Tempo atteso: <\/b>Fino al primo pomeriggio tempo parzialmente soleggiato con cielo sereno o poco nuvoloso per sottili nubi alte. Aria tersa in quota e maggiore probabilit\u00e0 di banchi di nebbia in alcune depressioni prealpine durante le ore pi\u00f9 fredde. Dal pomeriggio il cielo tender\u00e0 ad annuvolarsi maggiormente per nubi stratiformi medio-alte. Tra sole e avvezione di aria meno fredda il contesto termico sar\u00e0 un po&#8217; meno freddo in quota, ma rimarr\u00e0 invernale nelle valli.<br \/>\n<b>Precipitazioni: <\/b>Assenti (0%)<br \/>\n<b>Temperature: <\/b>In generale lieve aumento in quota e in calo sotto i 1500 m, pertanto potrebbe verificarsi una persistente inversione termica nelle valli. Su Prealpi a 1500 m min -5\u00b0C max -4\u00b0C, a 2000 m min -6\u00b0C max -4\u00b0C. Su Dolomiti a 2000 m min -7\u00b0C max -4\u00b0C, a 3000 m min -12\u00b0C max -6\u00b0C.<br \/>\n<b>Venti: <\/b>Nelle valli deboli di direzione variabile; in quota deboli\/moderati da nord-ovest al mattino e da ovest al pomeriggio, a 5-10 km\/h a 2000 m e 20-30 km\/h a 3000 m.<\/p>\n<hr \/>\n<p><center><b>Mercoledi 20<\/b><\/center>Qualche schiarita all&#8217;alba, poi maggiore copertura nuvolosa stratiforme, gi\u00e0 al mattino. L&#8217;insidia nebbia o nubi basse crescer\u00e0 rispetto ai giorni precedenti, specie sulla fascia prealpina. Al pomeriggio cielo coperto e verso sera probabili debolissime precipitazioni sparse, nevose oltre i 700\/1000 m. Temperature in lieve aumento con riduzione dell&#8217;escursione termica giornaliera. Venti deboli\/moderati da sud-ovest in quota, in rinforzo alla sera; deboli di direzione variabile nelle valli.<\/p>\n<hr \/>\n<p><center><b>Giovedi 21<\/b><\/center>Lento peggioramento del tempo con cielo coperto da estesa nuvolosit\u00e0 stratiforme associata a deboli precipitazioni, in estensione dalle Prealpi occidentali a tutta la montagna veneta nel corso del pomeriggio. Il limite della neve sar\u00e0 sugli 800\/1000 m sulle Prealpi, leggermente pi\u00f9 basso sulle Dolomiti. Temperature in lieve aumento. Venti deboli di direzione variabile, moderati\/tesi da sud-ovest in quota. Previsore:R.L.Th.<\/p>\n<\/div>\n<\/div>\n<\/div>\n<\/div>\n<p>&nbsp;<\/p>\n<hr \/>\n<p>&nbsp;<\/p>\n<p><a href=\"https:\/\/www.radiopiu.net\/wordpress\/giornale-radiopiu-15-settembre-2018-direttore-mirko-mezzacasa\/sport-7\/\" rel=\"attachment wp-att-60761\"><img loading=\"lazy\" decoding=\"async\" class=\"aligncenter wp-image-60761 size-full\" src=\"https:\/\/www.radiopiu.net\/wordpress\/wp-content\/uploads\/2018\/09\/sport.jpg\" alt=\"\" width=\"800\" height=\"100\" srcset=\"https:\/\/www.radiopiu.net\/wordpress\/wp-content\/uploads\/2018\/09\/sport.jpg 800w, https:\/\/www.radiopiu.net\/wordpress\/wp-content\/uploads\/2018\/09\/sport-300x38.jpg 300w, https:\/\/www.radiopiu.net\/wordpress\/wp-content\/uploads\/2018\/09\/sport-768x96.jpg 768w\" sizes=\"auto, (max-width: 800px) 100vw, 800px\" \/><\/a><\/p>\n<p>&nbsp;<\/p>\n<blockquote>\n<h3>UN ALLEGHE VOLENTEROSO CEDE ALL&#8217;APPIANO<\/h3>\n<\/blockquote>\n<p class=\"p1\"><strong><a href=\"https:\/\/www.radiopiu.net\/wordpress\/il-calendario-ufficiale-dellitalian-hockey-league\/logo-alleghe-hockey\/\" rel=\"attachment wp-att-95699\"><img loading=\"lazy\" decoding=\"async\" class=\"size-medium wp-image-95699 alignleft\" src=\"https:\/\/www.radiopiu.net\/wordpress\/wp-content\/uploads\/2019\/08\/logo-alleghe-hockey-300x281.png\" alt=\"\" width=\"300\" height=\"281\" srcset=\"https:\/\/www.radiopiu.net\/wordpress\/wp-content\/uploads\/2019\/08\/logo-alleghe-hockey-300x281.png 300w, https:\/\/www.radiopiu.net\/wordpress\/wp-content\/uploads\/2019\/08\/logo-alleghe-hockey.png 547w\" sizes=\"auto, (max-width: 300px) 100vw, 300px\" \/><\/a>APPIANO &#8211; ALLEGHE 4-2<\/strong><\/p>\n<p class=\"p1\">PARZIALI: 2-0, 1-1, 1-1<\/p>\n<p class=\"p1\">GOL: pt. 4\u201953\u201d Tombolato, 5\u201926\u201d Critelli. st. 5\u201942\u201d Dowd, 14\u201905\u201d Kiviranta. tt. 4\u201930\u201d Vallerand, 15\u201913\u201d Kiviranta<\/p>\n<p class=\"p1\"><b>APPIANO <\/b>I pirati dell\u2019Appiano affondano l\u2019Alleghe. Agordini che subiscono gli altoatesini anche se avrebbero meritato molto di pi\u00f9. La squadra di Matikainen non ha demeritato, a fare la differenza il portiere dei padroni di casa che nel secondo tempo ha salvato il risultato pi\u00f9 volte. Sfida nervosa con tanti minuti di penalit\u00e0 da entrambe le parti. 3 punti persi per un Alleghe Hockey che da ora in poi non pu\u00f2 pi\u00f9 permettersi passi falsi se vuole qualificarsi anzitempo ai playoff. Match a ritmi alti fin dalle prime battute. Alla prima disattenzione difensiva l\u2019Appiano passa in vantaggio. Ci pensa Tombolato a battere Scola. Passano pochi secondi e gli altoatesini vanno di nuovo a segno. Disco che s\u2019impenna e colpo vincente di Critelli. Le civette sono in difficolt\u00e0 e lo si capisce poco dopo quando per un\u2019ingenuit\u00e0 concedono l\u2019uomo in pi\u00f9 ai padroni di casa. Provano a reaigire gli uomini di Matikainen ma le conclusioni di Kiviranta, Giolai e Ganz non centrano i pali. Sfida che s\u2019incattivisce e gli arbitri sono costretti a calmare gli animi. A fine primo tempo Alleghe che non demorde ma il disco non vuole entrare. Secondo tempo equilibrato, i portieri vengono impegnati pi\u00f9 volte da entrambi i lati. Ad avere la meglio \u00e8 l\u2019Appiano che trova la terza marcatura della serata con Dowd. I pirati difendono il risultato e le civette non riescono a bucare la porta difesa da Paller. Agordini che accorciano le distanze in doppia superiorit\u00e0 numerica con un siluro dalla distanza di Kiviranta. Terza frazione che inizia con l\u2019Appiano che cala il poker. Fatale il contropiede dei pirati e Vallerand che va a colpo sicuro. I biancorossi le provano tutte ma non riescono a bucare la difesa avversaria. Il match sembra riaprirsi a pochi minuti dal termine quando in superiorit\u00e0 numerica Kiviranta trova la doppietta personale con una fucilata dalla linea blu. Mettono paura le civette che sembrano indiavolate dalle parti di Paller, un vero e proprio tiro al bersaglio ma il disco non entra e la vittoria va agli altoatesini.<\/p>\n<p>&nbsp;<\/p>\n<p>&nbsp;<\/p>\n<hr \/>\n<p>&nbsp;<\/p>\n<blockquote>\n<h3>FINE SETTIMANA DA DIMENTICARE PER IL SETTORE GIOVANILE DELL&#8217;ALLEGHE HOCKEY<\/h3>\n<\/blockquote>\n<p class=\"p1\"><strong><a href=\"https:\/\/www.radiopiu.net\/wordpress\/hockey-alleghe\/hockey-557219_1280\/\" rel=\"attachment wp-att-51902\"><img loading=\"lazy\" decoding=\"async\" class=\"size-medium wp-image-51902 alignleft\" src=\"https:\/\/www.radiopiu.net\/wordpress\/wp-content\/uploads\/2018\/06\/hockey-557219_1280-300x200.jpg\" alt=\"\" width=\"300\" height=\"200\" srcset=\"https:\/\/www.radiopiu.net\/wordpress\/wp-content\/uploads\/2018\/06\/hockey-557219_1280-300x200.jpg 300w, https:\/\/www.radiopiu.net\/wordpress\/wp-content\/uploads\/2018\/06\/hockey-557219_1280-768x512.jpg 768w, https:\/\/www.radiopiu.net\/wordpress\/wp-content\/uploads\/2018\/06\/hockey-557219_1280-1024x682.jpg 1024w, https:\/\/www.radiopiu.net\/wordpress\/wp-content\/uploads\/2018\/06\/hockey-557219_1280.jpg 1280w\" sizes=\"auto, (max-width: 300px) 100vw, 300px\" \/><\/a>UNDER 15<\/strong><\/p>\n<p class=\"p1\"><strong>PIEVE\/ZOLDO &#8211; ALLEGHE 7-2<\/strong><\/p>\n<p class=\"p1\">Ritorno sul ghiaccio amaro per i giovani Under 15 dell\u2019Alleghe Hockey che nel derby contro il Pieve\/Zoldo non riescono a tenere il passo degli avversari. Civette che vanno a segno 2 volte contro le 7 dei cadorini zoldani. Ora 10 giorni di stop per la squadra dell&#8217;Alleghe che ritorner\u00e0 in campo il 27 gennaio in casa contro il Cortina<\/p>\n<p class=\"p1\"><strong>UNDER 17<\/strong><\/p>\n<p class=\"p1\"><strong>ALLEGHE &#8211; ASIAGO 4-5<\/strong><\/p>\n<p class=\"p1\">Sconfitta di misura per l\u2019Under 17 alleghese che all\u2019Alvise De Toni non riesce a chiudere la rimonta contro l\u2019Asiago. Una partita che inizia con il piede sbagliato per le civette che chiudono la prima frazione sotto di un gol. Nel secondo drittel Angoletta pareggia subito i conti, asiaghesi che tornano in vantaggio e Alleghe che risponde con il gol di Corte Sualon. Terza frazione con gli ospiti che approfittano di un momento buio dei padroni di casa per mettere a segno 3 gol in rapida successione. Risponde l\u2019Alleghe che a pochi minuti dal termine accorcia le distanze con Lacedelli e Frescura. Ultimo minuto al cardiopalma ma l\u2019Asiago incamera i 3 punti.<\/p>\n<p class=\"p1\"><strong>UNDER 19<\/strong><\/p>\n<p class=\"p1\"><strong>VALPELLICE &#8211; FASSA\/ALLEGHE 12-0<\/strong><\/p>\n<p class=\"p1\">Ritorno sul ghiaccio da dimenticare per i ragazzi Under 19 del Fassa\/Alleghe che in terra piemontese vengono travolti dal Valpellice. Finale a doppia cifra per i padroni di casa che non lasciano scampo agli avversari mettendo a segno ben 12 reti. Fassa\/Alleghe che deve dimenticare in fretta questa sconfitta per continuare la stagione con tranquillit\u00e0.<\/p>\n<p>&nbsp;<\/p>\n<p>&nbsp;<\/p>\n<hr \/>\n<p>&nbsp;<\/p>\n<blockquote>\n<h3>SCI DI FONDO: ELIA BARP CAMPIONE ITALIANO<\/h3>\n<\/blockquote>\n<p><strong><a href=\"https:\/\/www.radiopiu.net\/wordpress\/giornale-radiopiu-17-gennaio-2021-direttore-mirko-mezzacasa\/veneto-camp-ita-fondo-16-01-2021-alfedena\/\" rel=\"attachment wp-att-185213\"><img loading=\"lazy\" decoding=\"async\" class=\"size-medium wp-image-185213 alignleft\" src=\"https:\/\/www.radiopiu.net\/wordpress\/wp-content\/uploads\/2021\/01\/veneto-camp-ita-fondo-16.01.2021-alfedena-300x200.jpeg\" alt=\"\" width=\"300\" height=\"200\" srcset=\"https:\/\/www.radiopiu.net\/wordpress\/wp-content\/uploads\/2021\/01\/veneto-camp-ita-fondo-16.01.2021-alfedena-300x200.jpeg 300w, https:\/\/www.radiopiu.net\/wordpress\/wp-content\/uploads\/2021\/01\/veneto-camp-ita-fondo-16.01.2021-alfedena-1024x683.jpeg 1024w, https:\/\/www.radiopiu.net\/wordpress\/wp-content\/uploads\/2021\/01\/veneto-camp-ita-fondo-16.01.2021-alfedena-768x512.jpeg 768w, https:\/\/www.radiopiu.net\/wordpress\/wp-content\/uploads\/2021\/01\/veneto-camp-ita-fondo-16.01.2021-alfedena-1536x1025.jpeg 1536w, https:\/\/www.radiopiu.net\/wordpress\/wp-content\/uploads\/2021\/01\/veneto-camp-ita-fondo-16.01.2021-alfedena.jpeg 1598w\" sizes=\"auto, (max-width: 300px) 100vw, 300px\" \/><\/a>ALFADENA (ABRUZZO) <\/strong>Prima giornata con i Campionati italiani ad Alfedena (Abruzzo) per Juniores e Aspiranti. Molto bene sono andati i ragazzi veneti che hanno portato a casa il titolo Juniores nella 10km in classico con il bellunese delle Fiamme Gialle Elia Barp, primo davanti a Nicol\u00f2 Cusini e Luca Sclisizzo. Poco fuori dai dieci il veronese, anch\u2019egli delle Fiamme Gialle, Pietro Pomari, dodicesimo. Sempre in campo maschile, grande bronzo per Giacomo Schivo (Sci club Gallio) tra gli Aspiranti (sempre 10 km in classico), categoria dove c\u2019\u00e8 anche il quarto posto di Alex Serafini (Sci club Val Biois) e il quinto di Andrea Zorzi (Fiamme Gialle \u2013 Ski College Falcade). In ambito femminile (7.5 km in classico), grande prestazione di squadra tra le Aspiranti con Iris De Martin Pinter (Carabinieri) seconda ad appena 1\u20335 dall\u2019oro, Maria Sole Cona (Sci club Bosco) sesta e Melissa Dandrea (Sci club Cortina) settima. Sedicesima, nella categoria Juniores, Lucia De Lorenzo Tobolo (Us Valpadola). In gara anche i Seniores, per la Coppa Italia. Secondo posto tra le ragazze (10 km in classico) per la zoldana delle Fiamme Oro Sara Pellegrini. <em>(foto fisiveneto.com)<\/em><\/p>\n","protected":false},"excerpt":{"rendered":"<p>PER RICEVERE QUESTO NOTIZIARIO DIRETTAMENTE SUL TUO CELLULARE ISCRIVITI AL CANALE TELEGRAM \u201cRADIO PIU\u00a0 INFORMAZIONE&#8221;\u00a0 ATTENZIONE: LA NUOVA APP PER IOS-IPHONE https:\/\/apps.apple.com\/it\/app\/radio-pi%C3%B9-emittente-agordina\/id1515939845 ATTENZIONE: LA NUOVA APP RADIO\u00a0 PER ANDROID https:\/\/play.google.com\/store\/apps\/details?id=net.radiopiu.iniko\u00a0\u00a0\u00a0\u00a0 &nbsp; &nbsp; GLI SPECIALI DI RADIO PIU: SANPA! San Patrignano e Vincenzo Muccioli, la storia dell&#8217;Italia anni Ottanta nel pieno dell&#8217;emergenza droga. di Luisa Alchini.&hellip;<\/p>\n","protected":false},"author":4,"featured_media":185325,"comment_status":"closed","ping_status":"closed","sticky":false,"template":"","format":"standard","meta":{"_monsterinsights_skip_tracking":false,"_monsterinsights_sitenote_active":false,"_monsterinsights_sitenote_note":"","_monsterinsights_sitenote_category":0,"footnotes":""},"categories":[1,51,86,49],"tags":[],"class_list":["post-185301","post","type-post","status-publish","format-standard","has-post-thumbnail","hentry","category-senza-categoria","category-evidenza-top","category-gr","category-news-18","category-1","category-51","category-86","category-49","description-off"],"img_url":"https:\/\/www.radiopiu.net\/wordpress\/wp-content\/uploads\/2021\/01\/183ea969-6f95-44cd-b513-22a2de6b4f0f.jpg","_links":{"self":[{"href":"https:\/\/www.radiopiu.net\/wordpress\/wp-json\/wp\/v2\/posts\/185301","targetHints":{"allow":["GET"]}}],"collection":[{"href":"https:\/\/www.radiopiu.net\/wordpress\/wp-json\/wp\/v2\/posts"}],"about":[{"href":"https:\/\/www.radiopiu.net\/wordpress\/wp-json\/wp\/v2\/types\/post"}],"author":[{"embeddable":true,"href":"https:\/\/www.radiopiu.net\/wordpress\/wp-json\/wp\/v2\/users\/4"}],"replies":[{"embeddable":true,"href":"https:\/\/www.radiopiu.net\/wordpress\/wp-json\/wp\/v2\/comments?post=185301"}],"version-history":[{"count":0,"href":"https:\/\/www.radiopiu.net\/wordpress\/wp-json\/wp\/v2\/posts\/185301\/revisions"}],"wp:featuredmedia":[{"embeddable":true,"href":"https:\/\/www.radiopiu.net\/wordpress\/wp-json\/wp\/v2\/media\/185325"}],"wp:attachment":[{"href":"https:\/\/www.radiopiu.net\/wordpress\/wp-json\/wp\/v2\/media?parent=185301"}],"wp:term":[{"taxonomy":"category","embeddable":true,"href":"https:\/\/www.radiopiu.net\/wordpress\/wp-json\/wp\/v2\/categories?post=185301"},{"taxonomy":"post_tag","embeddable":true,"href":"https:\/\/www.radiopiu.net\/wordpress\/wp-json\/wp\/v2\/tags?post=185301"}],"curies":[{"name":"wp","href":"https:\/\/api.w.org\/{rel}","templated":true}]}}