{"id":185333,"date":"2021-01-17T19:04:33","date_gmt":"2021-01-17T18:04:33","guid":{"rendered":"https:\/\/www.radiopiu.net\/wordpress\/?p=185333"},"modified":"2021-01-18T05:58:35","modified_gmt":"2021-01-18T04:58:35","slug":"sopralluogo-nelle-ski-aree-la-provincia-solidale-con-le-stazioni-sciistiche","status":"publish","type":"post","link":"https:\/\/www.radiopiu.net\/wordpress\/sopralluogo-nelle-ski-aree-la-provincia-solidale-con-le-stazioni-sciistiche\/","title":{"rendered":"SOPRALLUOGO NELLE SKI AREE: LA PROVINCIA SOLIDALE CON LE STAZIONI SCIISTICHE"},"content":{"rendered":"<p class=\"p1\"><span class=\"s1\"><strong><a href=\"https:\/\/www.radiopiu.net\/wordpress\/sopralluogo-nelle-ski-aree-la-provincia-solidale-con-le-stazioni-sciistiche\/img_8642\/\" rel=\"attachment wp-att-185335\"><img loading=\"lazy\" decoding=\"async\" class=\"size-medium wp-image-185335 alignleft\" src=\"https:\/\/www.radiopiu.net\/wordpress\/wp-content\/uploads\/2021\/01\/IMG_8642-300x225.jpg\" alt=\"\" width=\"300\" height=\"225\" srcset=\"https:\/\/www.radiopiu.net\/wordpress\/wp-content\/uploads\/2021\/01\/IMG_8642-300x225.jpg 300w, https:\/\/www.radiopiu.net\/wordpress\/wp-content\/uploads\/2021\/01\/IMG_8642-1024x768.jpg 1024w, https:\/\/www.radiopiu.net\/wordpress\/wp-content\/uploads\/2021\/01\/IMG_8642-768x576.jpg 768w, https:\/\/www.radiopiu.net\/wordpress\/wp-content\/uploads\/2021\/01\/IMG_8642.jpg 1280w\" sizes=\"auto, (max-width: 300px) 100vw, 300px\" \/><\/a>BELLUNO <\/strong>Il turismo invernale \u00e8 in netta difficolt\u00e0. E la Provincia ha voluto verificare la situazione. Nei giorni scorsi, i consiglieri provinciali Danilo De Toni (delegato al turismo) e Massimo Bortoluzzi (impianti a fune) hanno fatto visita agli impianti del comprensorio Civetta per portare solidariet\u00e0 agli addetti ai lavori. <\/span><span class=\"s1\">\u00ab<em>Abbiamo scelto il Civetta in rappresentanza di tutti gli impiantisti, perch\u00e9 l\u00ec sono stati fatti importanti lavori di aggiornamento e implementazione. E perch\u00e9 sono in previsioni ulteriori miglioramenti\u00bb spiegano De Toni e Bortoluzzi. \u00abMiglioramenti che dopo un inverno sotto effetto Covid sono resi difficili dalla situazione economica, ma restano fondamentali per far crescere il settore dello sci e del turismo montano<\/em>\u00bb. <\/span><span class=\"s1\">Sono tre i piani presentati in Provincia dallo Ski Civetta: il primo riguarda Alleghe; il secondo la sostituzione di un impianto a Zoldo; e poi c\u2019\u00e8 Palafavera, dove \u00e8 stato messo in campo un progetto che ha previsto anche lo spostamento di un biotopo in collaborazione con gli uffici di Palazzo Piloni, quindi in un\u2019ottica di sostenibilit\u00e0 ambientale. \u00ab<em>La sostenibilit\u00e0 che oggi serve alla montagna \u00e8 quella economica e sociale, in un anno veramente difficile per il nostro territorio e per le attivit\u00e0 economiche. \u00c8 per questo che oltre alla solidariet\u00e0 abbiamo voluto varare una misura precisa di sostegno per le attivit\u00e0 turistiche &#8211; spiegano De Toni e Bortoluzzi &#8211; anche a seguito dell\u2019incontro a Roma con il ministro D\u2019Inc\u00e0, durante il quale abbiamo presentato l\u2019agonia del settore sci e del turismo, chiedendo ristori puntuali ed efficaci<\/em>\u00bb. <\/span><span class=\"s1\">La Provincia, infatti, all\u2019interno della cosiddetta \u201cmanovra Covid\u201d (10 milioni di euro complessivi, tra cofinanziamento provinciale e Fondo Comuni confinanti) ha inserito anche 500mila euro a favore delle societ\u00e0 di impianti di risalita. \u00ab<em>Abbiamo scelto gli impianti perch\u00e9 rappresentano il motore attorno a cui ruota il turismo invernale &#8211; continuano De Toni e Bortoluzzi -. Dare contributi alle attivit\u00e0 ricettive e ristorative sarebbe stato possibile, ma avrebbe significato polverizzarle e di fatto renderle quasi inutili. Oltre a questo, abbiamo sollevato la questione indennizzi e ristori con il ministro D\u2019Inc\u00e0 e torneremo alla carica per avere un sostegno economico. La montagna in questo momento ne ha estrema necessit\u00e0, per poter sopravvivere e guardare gi\u00e0 alla prossima stagione, che tutti ci auguriamo possa essere libera dal viru<\/em>s\u00bb. <\/span><span class=\"s1\">La questione degli impianti a fune \u00e8 stata affrontata di striscio anche nel recente vertice Provincia-Enel, durante il quale la societ\u00e0 elettrica ha spiegato di aver gi\u00e0 disposto l\u2019investimento di 100 milioni di euro nel prossimo triennio per potenziare l\u2019approvvigionamento elettrico per le Olimpiadi 2026. \u00ab<em>In quest\u2019ottica gli impianti saranno centrali e potranno davvero diventare uno dei vettori della mobilit\u00e0 integrata in montagna, non solo per lo sport &#8211; conclude il consigliere Bortoluzzi, delegato anche alle reti elettriche -. Bisogner\u00e0 ragionare anche di isole energetiche, in modo che eventuali piccole emergenze non compromettano il funzionamento dell\u2019intera rete<\/em>\u00bb.<\/span><\/p>\n","protected":false},"excerpt":{"rendered":"<p>BELLUNO Il turismo invernale \u00e8 in netta difficolt\u00e0. E la Provincia ha voluto verificare la situazione. Nei giorni scorsi, i consiglieri provinciali Danilo De Toni (delegato al turismo) e Massimo Bortoluzzi (impianti a fune) hanno fatto visita agli impianti del comprensorio Civetta per portare solidariet\u00e0 agli addetti ai lavori. \u00abAbbiamo scelto il Civetta in rappresentanza&hellip;<\/p>\n","protected":false},"author":4,"featured_media":185335,"comment_status":"closed","ping_status":"closed","sticky":false,"template":"","format":"standard","meta":{"_monsterinsights_skip_tracking":false,"_monsterinsights_sitenote_active":false,"_monsterinsights_sitenote_note":"","_monsterinsights_sitenote_category":0,"footnotes":""},"categories":[51,49],"tags":[],"class_list":["post-185333","post","type-post","status-publish","format-standard","has-post-thumbnail","hentry","category-evidenza-top","category-news-18","category-51","category-49","description-off"],"img_url":"https:\/\/www.radiopiu.net\/wordpress\/wp-content\/uploads\/2021\/01\/IMG_8642.jpg","_links":{"self":[{"href":"https:\/\/www.radiopiu.net\/wordpress\/wp-json\/wp\/v2\/posts\/185333","targetHints":{"allow":["GET"]}}],"collection":[{"href":"https:\/\/www.radiopiu.net\/wordpress\/wp-json\/wp\/v2\/posts"}],"about":[{"href":"https:\/\/www.radiopiu.net\/wordpress\/wp-json\/wp\/v2\/types\/post"}],"author":[{"embeddable":true,"href":"https:\/\/www.radiopiu.net\/wordpress\/wp-json\/wp\/v2\/users\/4"}],"replies":[{"embeddable":true,"href":"https:\/\/www.radiopiu.net\/wordpress\/wp-json\/wp\/v2\/comments?post=185333"}],"version-history":[{"count":0,"href":"https:\/\/www.radiopiu.net\/wordpress\/wp-json\/wp\/v2\/posts\/185333\/revisions"}],"wp:featuredmedia":[{"embeddable":true,"href":"https:\/\/www.radiopiu.net\/wordpress\/wp-json\/wp\/v2\/media\/185335"}],"wp:attachment":[{"href":"https:\/\/www.radiopiu.net\/wordpress\/wp-json\/wp\/v2\/media?parent=185333"}],"wp:term":[{"taxonomy":"category","embeddable":true,"href":"https:\/\/www.radiopiu.net\/wordpress\/wp-json\/wp\/v2\/categories?post=185333"},{"taxonomy":"post_tag","embeddable":true,"href":"https:\/\/www.radiopiu.net\/wordpress\/wp-json\/wp\/v2\/tags?post=185333"}],"curies":[{"name":"wp","href":"https:\/\/api.w.org\/{rel}","templated":true}]}}