{"id":185357,"date":"2021-01-17T23:59:39","date_gmt":"2021-01-17T22:59:39","guid":{"rendered":"https:\/\/www.radiopiu.net\/wordpress\/?p=185357"},"modified":"2021-01-17T19:43:40","modified_gmt":"2021-01-17T18:43:40","slug":"il-contributo-di-dario-fontanive-per-il-libro-sullagordino-di-tamis","status":"publish","type":"post","link":"https:\/\/www.radiopiu.net\/wordpress\/il-contributo-di-dario-fontanive-per-il-libro-sullagordino-di-tamis\/","title":{"rendered":"IL CONTRIBUTO DI DARIO FONTANIVE PER IL LIBRO SULL\u2019AGORDINO DI TAMIS"},"content":{"rendered":"<p><strong>di Renato Bona<\/strong><\/p>\n<p>Anche il caro amico di chi stende queste note, Dario Fontanive, classe 1961, di Canale d\u2019Agordo (diploma in fotografia all\u2019istituto tecnico \u201cCesare Correnti\u201d di Milano, giornalista pubblicista dal 1988 e dal 1991 accademico del Gruppo italiano scrittori di montagna, numerosi articoli e libri all\u2019attivo, rivolti in particolare agli aspetti e alle problematiche della montagna agordina), ha concorso, con gli artisti Augusto Murer, Giuseppe Loss, Giuliano De Rocco, Aldo Zasso e Luciano Piani ad impreziosire il libro \u201cBreve storia dell\u2019Agordino\u201d edito nel marzo 1989 per i tipi della tipografia Piave di Belluno, del quale \u00e8 stato autore apprezzato l\u2019agordino prof. don Ferdinando Tamis. Ed ha fornito, Fontanive, le immagini fotografiche dell\u2019ultima parte del volume, che inizia col capitolo\u201dLa Rocca di Pietore\u201d e precede la conclusione del lavoro di Tamis, dedicata alla figura di \u201cIl Ciorca\u201d di cui vi \u00e8 un disegno del 1989 di Piani. Chi era \u201cCiorca\u201d? \u201cAlto e ossuto, con i lineamenti grossolani e marcati &#8211; si legge nel libro &#8211; aveva lo sguardo minaccioso. Era sordomuto ed emetteva suoni gutturali che impressionavano. Appoggiato a un grande alpenstock, conduceva vita randagia, riposando nei fienili e nelle grotte che lui sceglieva e prendevano poi il suo nome. Portava con s\u00e9 un \u2018darl\u00ecn\u2019, vecchio e sbrindellato, che riempiva di quello che la gente gli dava. Al suo apparire nessuno fiatava per timore di una possibile reazione, e i bambini si nascondevano. Era di Col di Pra (Taibon) e raccontano che ai compaesani di Lagunaz e Pra facesse sempre cenno del pericolo dell\u2019enorme frana, che incombeva sui due villaggi e precipit\u00f2 nella notte dal 2 al 3 dicembre 1908, distruggendo le due borgate e facendo molte vittime. Egli si salv\u00f2, perch\u00e9 dorm\u00ec quella notte in un fienile di Listolade. Mor\u00ec ad Agordo, travolto dalla \u2018decauville\u2019 (ferrovia a scartamento ridotto il cui binario \u00e8 formato da elementi prefabbricati che possono essere montati e smontati velocemente &#8211; ndr.) durante la guerra mondiale. Pochi lo ricordano, ma per molti \u00e8 rimasto una leggenda\u201d. La prima delle sette foto di Dario Fontanive &#8211; che propongono costruzioni, utensili, attrezzi tutti testimonianza del tempo andato &#8211; \u00e8 contrassegnata dal numero 17 e presenta un rustico di Sappade in comune di Falcade; c\u2019\u00e8 poi quella numero 18, che propone la \u2018bariza\u2019, botticella che serviva a portare l\u2019acqua in montagna; la figura 19 si riferisce all\u2019interno di un tabi\u00e0 mentre la 20 ci mostra un antico battente; segue la 21, dedicata ad un portale in pietra di Falcade; mentre la 22 ci fa vedere, da Bramezza di Rocca Pietore, i primi fumaioli o comignoli, introdotti nel XIV secolo: erano a forma di tubo o torricella; la rassegna si conclude con l\u2019immagine numero 24, relativa ad una credenza artigianale. Dato a Fontanive quel che \u00e8 di Fontanive, e ricordato che di Augusto Murer e di Giuliano De Rocco, che hanno valorizzato il libro di don Tamis con i loro dipinti, e dei quali ci siamo occupati in precedenti servizi, volentieri ricordiamo che quella che nel volume \u00e8 indicata come la figura 7, ripresa dal periodico \u201cLa rassegna economica\u201d del settembre-ottobre 1969 ci mostra l\u2019\u201cOm salv\u00e0rech; la 8 propone il castello di Andraz prima del suo abbandono (tratta da Giuseppe Loss: Livinallongo e il Castello di Andraz); la 15 i disegni di Aldo Zasso, 1983, con, il \u201cbrent\u201d, grande vasca di pietra per l\u2019abbeveratura dei bovini e, infine, la 16 che riproduce il luogo pubblico per lavare i panni. In appendice, una nota dell\u2019autore: \u201cCompilata in forma breve la \u2018Storia dell\u2019Agordino\u2019 fino ai tempi nuovi, o moderni, rimaneva da segnalare la bibliografia pi\u00f9 significativa per introdurre alle conoscenza del secolo XIX\u201d. Eccola, dunque: \u201cI moti Agordini del 1848\u201d, numero unico del periodico \u2018El Brandol\u2019, agosto 1948; \u201cIl Contributo dell\u2019Agordino per l\u2019indipendenza ed unit\u00e0 d\u2019Italia 1848-1866\u201d, Belluno 1966; \u201cCentenario dell\u2019Istituto Minerario di Agordo\u201d, Belluno 1967 (in collaborazione); \u201cLa Sezione Agordina 1868-1968\u201d, Bologna 1968 (in collaborazione); \u201cIl sacerdote del cooperativismo\u201d, Belluno 1972; \u201cLa Prima Cooperativa di Consumo\u201d, Belluno 1972; \u201cL\u2019opera sociale di don Antonio Della Lucia\u201d, Belluno 1972; \u201cIl Palazzo Crotta\u201d, in Archivio storico di Belluno, Feltre e Cadore, 1964 numero 169; \u201cArtisti Agordini\u201d, Belluno 1973 (in collaborazione).<\/p>\n\n\t\t\t<style type='text\/css'>\n\t\t\t\t#gallery-1 {\n\t\t\t\t\tmargin: auto;\n\t\t\t\t}\n\t\t\t\t#gallery-1 .gallery-item {\n\t\t\t\t\tfloat: left;\n\t\t\t\t\tmargin-top: 10px;\n\t\t\t\t\ttext-align: center;\n\t\t\t\t\twidth: 14%;\n\t\t\t\t}\n\t\t\t\t#gallery-1 img {\n\t\t\t\t\tborder: 2px solid #cfcfcf;\n\t\t\t\t}\n\t\t\t\t#gallery-1 .gallery-caption {\n\t\t\t\t\tmargin-left: 0;\n\t\t\t\t}\n\t\t\t\t\/* see gallery_shortcode() in wp-includes\/media.php *\/\n\t\t\t<\/style>\n\t\t<div id='gallery-1' class='dt-gallery-container gallery galleryid-185357 gallery-columns-7 gallery-size-thumbnail'><dl class='gallery-item'>\n\t\t\t\t<dt class='gallery-icon landscape'>\n\t\t\t\t\t<a class=\"rollover rollover-zoom dt-pswp-item\" title=\"139753564_127313605900659_2660239351947957576_n\" data-dt-img-description=\"\" data-large_image_width=\"2560\" data-large_image_height=\"1591\"href='https:\/\/www.radiopiu.net\/wordpress\/wp-content\/uploads\/2021\/01\/139753564_127313605900659_2660239351947957576_n-scaled.jpg'><img loading=\"lazy\" decoding=\"async\" width=\"150\" height=\"150\" src=\"https:\/\/www.radiopiu.net\/wordpress\/wp-content\/uploads\/2021\/01\/139753564_127313605900659_2660239351947957576_n-150x150.jpg\" class=\"attachment-thumbnail size-thumbnail\" alt=\"\" \/><\/a>\n\t\t\t\t<\/dt><\/dl><dl class='gallery-item'>\n\t\t\t\t<dt class='gallery-icon landscape'>\n\t\t\t\t\t<a class=\"rollover rollover-zoom dt-pswp-item\" title=\"140058829_1391470707858109_8561662372647914850_n\" data-dt-img-description=\"\" data-large_image_width=\"2560\" data-large_image_height=\"1851\"href='https:\/\/www.radiopiu.net\/wordpress\/wp-content\/uploads\/2021\/01\/140058829_1391470707858109_8561662372647914850_n-scaled.jpg'><img loading=\"lazy\" decoding=\"async\" width=\"150\" height=\"150\" src=\"https:\/\/www.radiopiu.net\/wordpress\/wp-content\/uploads\/2021\/01\/140058829_1391470707858109_8561662372647914850_n-150x150.jpg\" class=\"attachment-thumbnail size-thumbnail\" alt=\"\" \/><\/a>\n\t\t\t\t<\/dt><\/dl><dl class='gallery-item'>\n\t\t\t\t<dt class='gallery-icon landscape'>\n\t\t\t\t\t<a class=\"rollover rollover-zoom dt-pswp-item\" title=\"139733209_1714933148678162_7369195248989973672_n\" data-dt-img-description=\"\" data-large_image_width=\"2026\" data-large_image_height=\"1470\"href='https:\/\/www.radiopiu.net\/wordpress\/wp-content\/uploads\/2021\/01\/139733209_1714933148678162_7369195248989973672_n.jpg'><img loading=\"lazy\" decoding=\"async\" width=\"150\" height=\"150\" src=\"https:\/\/www.radiopiu.net\/wordpress\/wp-content\/uploads\/2021\/01\/139733209_1714933148678162_7369195248989973672_n-150x150.jpg\" class=\"attachment-thumbnail size-thumbnail\" alt=\"\" \/><\/a>\n\t\t\t\t<\/dt><\/dl><dl class='gallery-item'>\n\t\t\t\t<dt class='gallery-icon landscape'>\n\t\t\t\t\t<a class=\"rollover rollover-zoom dt-pswp-item\" title=\"140012394_230327775340064_4934158117430499405_n\" data-dt-img-description=\"\" data-large_image_width=\"2495\" data-large_image_height=\"1714\"href='https:\/\/www.radiopiu.net\/wordpress\/wp-content\/uploads\/2021\/01\/140012394_230327775340064_4934158117430499405_n.jpg'><img loading=\"lazy\" decoding=\"async\" width=\"150\" height=\"150\" src=\"https:\/\/www.radiopiu.net\/wordpress\/wp-content\/uploads\/2021\/01\/140012394_230327775340064_4934158117430499405_n-150x150.jpg\" class=\"attachment-thumbnail size-thumbnail\" alt=\"\" \/><\/a>\n\t\t\t\t<\/dt><\/dl><dl class='gallery-item'>\n\t\t\t\t<dt class='gallery-icon portrait'>\n\t\t\t\t\t<a class=\"rollover rollover-zoom dt-pswp-item\" title=\"139745761_236420811440560_2924316447663704945_n\" data-dt-img-description=\"\" data-large_image_width=\"1779\" data-large_image_height=\"2504\"href='https:\/\/www.radiopiu.net\/wordpress\/wp-content\/uploads\/2021\/01\/139745761_236420811440560_2924316447663704945_n.jpg'><img loading=\"lazy\" decoding=\"async\" width=\"150\" height=\"150\" src=\"https:\/\/www.radiopiu.net\/wordpress\/wp-content\/uploads\/2021\/01\/139745761_236420811440560_2924316447663704945_n-150x150.jpg\" class=\"attachment-thumbnail size-thumbnail\" alt=\"\" \/><\/a>\n\t\t\t\t<\/dt><\/dl><dl class='gallery-item'>\n\t\t\t\t<dt class='gallery-icon portrait'>\n\t\t\t\t\t<a class=\"rollover rollover-zoom dt-pswp-item\" title=\"139788126_322131375734258_5449628905195926665_n\" data-dt-img-description=\"\" data-large_image_width=\"1907\" data-large_image_height=\"2560\"href='https:\/\/www.radiopiu.net\/wordpress\/wp-content\/uploads\/2021\/01\/139788126_322131375734258_5449628905195926665_n-scaled.jpg'><img loading=\"lazy\" decoding=\"async\" width=\"150\" height=\"150\" src=\"https:\/\/www.radiopiu.net\/wordpress\/wp-content\/uploads\/2021\/01\/139788126_322131375734258_5449628905195926665_n-150x150.jpg\" class=\"attachment-thumbnail size-thumbnail\" alt=\"\" \/><\/a>\n\t\t\t\t<\/dt><\/dl><dl class='gallery-item'>\n\t\t\t\t<dt class='gallery-icon landscape'>\n\t\t\t\t\t<a class=\"rollover rollover-zoom dt-pswp-item\" title=\"139714844_343461419971779_8390810141471325685_n\" data-dt-img-description=\"\" data-large_image_width=\"2560\" data-large_image_height=\"1865\"href='https:\/\/www.radiopiu.net\/wordpress\/wp-content\/uploads\/2021\/01\/139714844_343461419971779_8390810141471325685_n-scaled.jpg'><img loading=\"lazy\" decoding=\"async\" width=\"150\" height=\"150\" src=\"https:\/\/www.radiopiu.net\/wordpress\/wp-content\/uploads\/2021\/01\/139714844_343461419971779_8390810141471325685_n-150x150.jpg\" class=\"attachment-thumbnail size-thumbnail\" alt=\"\" \/><\/a>\n\t\t\t\t<\/dt><\/dl><br style=\"clear: both\" \/><dl class='gallery-item'>\n\t\t\t\t<dt class='gallery-icon landscape'>\n\t\t\t\t\t<a class=\"rollover rollover-zoom dt-pswp-item\" title=\"139938127_3435458993247754_113108919291810493_n\" data-dt-img-description=\"\" data-large_image_width=\"2560\" data-large_image_height=\"1803\"href='https:\/\/www.radiopiu.net\/wordpress\/wp-content\/uploads\/2021\/01\/139938127_3435458993247754_113108919291810493_n-scaled.jpg'><img loading=\"lazy\" decoding=\"async\" width=\"150\" height=\"150\" src=\"https:\/\/www.radiopiu.net\/wordpress\/wp-content\/uploads\/2021\/01\/139938127_3435458993247754_113108919291810493_n-150x150.jpg\" class=\"attachment-thumbnail size-thumbnail\" alt=\"\" \/><\/a>\n\t\t\t\t<\/dt><\/dl><dl class='gallery-item'>\n\t\t\t\t<dt class='gallery-icon portrait'>\n\t\t\t\t\t<a class=\"rollover rollover-zoom dt-pswp-item\" title=\"139968101_417077506165580_6056880296908615167_n\" data-dt-img-description=\"\" data-large_image_width=\"47\" data-large_image_height=\"114\"href='https:\/\/www.radiopiu.net\/wordpress\/wp-content\/uploads\/2021\/01\/139968101_417077506165580_6056880296908615167_n.jpg'><img loading=\"lazy\" decoding=\"async\" width=\"47\" height=\"114\" src=\"https:\/\/www.radiopiu.net\/wordpress\/wp-content\/uploads\/2021\/01\/139968101_417077506165580_6056880296908615167_n.jpg\" class=\"attachment-thumbnail size-thumbnail\" alt=\"\" \/><\/a>\n\t\t\t\t<\/dt><\/dl><dl class='gallery-item'>\n\t\t\t\t<dt class='gallery-icon portrait'>\n\t\t\t\t\t<a class=\"rollover rollover-zoom dt-pswp-item\" title=\"139999369_712729102949338_4630295113955644772_n\" data-dt-img-description=\"\" data-large_image_width=\"1763\" data-large_image_height=\"2560\"href='https:\/\/www.radiopiu.net\/wordpress\/wp-content\/uploads\/2021\/01\/139999369_712729102949338_4630295113955644772_n-scaled.jpg'><img loading=\"lazy\" decoding=\"async\" width=\"150\" height=\"150\" src=\"https:\/\/www.radiopiu.net\/wordpress\/wp-content\/uploads\/2021\/01\/139999369_712729102949338_4630295113955644772_n-150x150.jpg\" class=\"attachment-thumbnail size-thumbnail\" alt=\"\" \/><\/a>\n\t\t\t\t<\/dt><\/dl><dl class='gallery-item'>\n\t\t\t\t<dt class='gallery-icon landscape'>\n\t\t\t\t\t<a class=\"rollover rollover-zoom dt-pswp-item\" title=\"140091092_740620806583156_7314573181428765079_n\" data-dt-img-description=\"\" data-large_image_width=\"2560\" data-large_image_height=\"1732\"href='https:\/\/www.radiopiu.net\/wordpress\/wp-content\/uploads\/2021\/01\/140091092_740620806583156_7314573181428765079_n-scaled.jpg'><img loading=\"lazy\" decoding=\"async\" width=\"150\" height=\"150\" src=\"https:\/\/www.radiopiu.net\/wordpress\/wp-content\/uploads\/2021\/01\/140091092_740620806583156_7314573181428765079_n-150x150.jpg\" class=\"attachment-thumbnail size-thumbnail\" alt=\"\" \/><\/a>\n\t\t\t\t<\/dt><\/dl><dl class='gallery-item'>\n\t\t\t\t<dt class='gallery-icon portrait'>\n\t\t\t\t\t<a class=\"rollover rollover-zoom dt-pswp-item\" title=\"139760173_794632531265888_5155903265827502514_n\" data-dt-img-description=\"\" data-large_image_width=\"2024\" data-large_image_height=\"2560\"href='https:\/\/www.radiopiu.net\/wordpress\/wp-content\/uploads\/2021\/01\/139760173_794632531265888_5155903265827502514_n-scaled.jpg'><img loading=\"lazy\" decoding=\"async\" width=\"150\" height=\"150\" src=\"https:\/\/www.radiopiu.net\/wordpress\/wp-content\/uploads\/2021\/01\/139760173_794632531265888_5155903265827502514_n-150x150.jpg\" class=\"attachment-thumbnail size-thumbnail\" alt=\"\" \/><\/a>\n\t\t\t\t<\/dt><\/dl><dl class='gallery-item'>\n\t\t\t\t<dt class='gallery-icon portrait'>\n\t\t\t\t\t<a class=\"rollover rollover-zoom dt-pswp-item\" title=\"139785276_820563865173401_2801941780043417483_n\" data-dt-img-description=\"\" data-large_image_width=\"2212\" data-large_image_height=\"2560\"href='https:\/\/www.radiopiu.net\/wordpress\/wp-content\/uploads\/2021\/01\/139785276_820563865173401_2801941780043417483_n-scaled.jpg'><img loading=\"lazy\" decoding=\"async\" width=\"150\" height=\"150\" src=\"https:\/\/www.radiopiu.net\/wordpress\/wp-content\/uploads\/2021\/01\/139785276_820563865173401_2801941780043417483_n-150x150.jpg\" class=\"attachment-thumbnail size-thumbnail\" alt=\"\" \/><\/a>\n\t\t\t\t<\/dt><\/dl>\n\t\t\t\t<br style='clear: both' \/>\n\t\t\t<\/div>\n\n<p>&nbsp;<\/p>\n<p>&nbsp;<\/p>\n","protected":false},"excerpt":{"rendered":"<p>di Renato Bona Anche il caro amico di chi stende queste note, Dario Fontanive, classe 1961, di Canale d\u2019Agordo (diploma in fotografia all\u2019istituto tecnico \u201cCesare Correnti\u201d di Milano, giornalista pubblicista dal 1988 e dal 1991 accademico del Gruppo italiano scrittori di montagna, numerosi articoli e libri all\u2019attivo, rivolti in particolare agli aspetti e alle problematiche&hellip;<\/p>\n","protected":false},"author":4,"featured_media":185368,"comment_status":"closed","ping_status":"closed","sticky":false,"template":"","format":"standard","meta":{"_monsterinsights_skip_tracking":false,"_monsterinsights_sitenote_active":false,"_monsterinsights_sitenote_note":"","_monsterinsights_sitenote_category":0,"footnotes":""},"categories":[49],"tags":[],"class_list":["post-185357","post","type-post","status-publish","format-standard","has-post-thumbnail","hentry","category-news-18","category-49","description-off"],"img_url":"https:\/\/www.radiopiu.net\/wordpress\/wp-content\/uploads\/2021\/01\/140091092_740620806583156_7314573181428765079_n-scaled.jpg","_links":{"self":[{"href":"https:\/\/www.radiopiu.net\/wordpress\/wp-json\/wp\/v2\/posts\/185357","targetHints":{"allow":["GET"]}}],"collection":[{"href":"https:\/\/www.radiopiu.net\/wordpress\/wp-json\/wp\/v2\/posts"}],"about":[{"href":"https:\/\/www.radiopiu.net\/wordpress\/wp-json\/wp\/v2\/types\/post"}],"author":[{"embeddable":true,"href":"https:\/\/www.radiopiu.net\/wordpress\/wp-json\/wp\/v2\/users\/4"}],"replies":[{"embeddable":true,"href":"https:\/\/www.radiopiu.net\/wordpress\/wp-json\/wp\/v2\/comments?post=185357"}],"version-history":[{"count":0,"href":"https:\/\/www.radiopiu.net\/wordpress\/wp-json\/wp\/v2\/posts\/185357\/revisions"}],"wp:featuredmedia":[{"embeddable":true,"href":"https:\/\/www.radiopiu.net\/wordpress\/wp-json\/wp\/v2\/media\/185368"}],"wp:attachment":[{"href":"https:\/\/www.radiopiu.net\/wordpress\/wp-json\/wp\/v2\/media?parent=185357"}],"wp:term":[{"taxonomy":"category","embeddable":true,"href":"https:\/\/www.radiopiu.net\/wordpress\/wp-json\/wp\/v2\/categories?post=185357"},{"taxonomy":"post_tag","embeddable":true,"href":"https:\/\/www.radiopiu.net\/wordpress\/wp-json\/wp\/v2\/tags?post=185357"}],"curies":[{"name":"wp","href":"https:\/\/api.w.org\/{rel}","templated":true}]}}