{"id":185377,"date":"2021-01-19T06:02:41","date_gmt":"2021-01-19T05:02:41","guid":{"rendered":"https:\/\/www.radiopiu.net\/wordpress\/?p=185377"},"modified":"2021-01-19T15:23:36","modified_gmt":"2021-01-19T14:23:36","slug":"giornale-radiopiu-19-gennaio-2021-direttore-mirko-mezzacasa","status":"publish","type":"post","link":"https:\/\/www.radiopiu.net\/wordpress\/giornale-radiopiu-19-gennaio-2021-direttore-mirko-mezzacasa\/","title":{"rendered":"GIORNALE RADIOPIU 19 GENNAIO 2021 DIRETTORE MIRKO MEZZACASA"},"content":{"rendered":"<h3>PER<strong> RICEVERE QUESTO NOTIZIARIO DIRETTAMENTE SUL TUO CELLULARE ISCRIVITI AL CANALE TELEGRAM <\/strong><strong>\u201cRADIO PIU\u00a0 INFORMAZIONE&#8221;\u00a0<\/strong><\/h3>\n<p><em>ATTENZIONE: LA NUOVA APP PER IOS-IPHONE<\/em><\/p>\n<div>\n<div><a href=\"https:\/\/apps.apple.com\/it\/app\/radio-pi%C3%B9-emittente-agordina\/id1515939845\">https:\/\/apps.apple.com\/it\/app\/radio-pi%C3%B9-emittente-agordina\/id1515939845<\/a><\/div>\n<\/div>\n<div><\/div>\n<div>\n<div dir=\"auto\"><em>ATTENZIONE: LA NUOVA APP RADIO\u00a0 PER ANDROID<\/em><\/div>\n<\/div>\n<p><a href=\"https:\/\/play.google.com\/store\/apps\/details?id=net.radiopiu.iniko\" target=\"_blank\" rel=\"noopener noreferrer\">https:\/\/play.google.com\/store\/apps\/details?id=net.radiopiu.iniko\u00a0<\/a><\/p>\n<p>&nbsp;<\/p>\n<hr \/>\n<p>&nbsp;<\/p>\n<blockquote>\n<h3>\u00a0LA SILENZIOSA PROTESTA DEGLI OPERATORI DEL TURISMO, OGNUNO RIMARRA&#8217; IN AUTO E NON CI SARANNO ASSEMBRAMENTI<\/h3>\n<\/blockquote>\n<blockquote class=\"wp-embedded-content\" data-secret=\"HOnJWwuQ7E\"><p><a href=\"https:\/\/www.radiopiu.net\/wordpress\/la-silenziosa-protesta-degli-operatori-del-turismo\/\">LA SILENZIOSA PROTESTA DEGLI OPERATORI DEL TURISMO<\/a><\/p><\/blockquote>\n<p><iframe loading=\"lazy\" class=\"wp-embedded-content\" sandbox=\"allow-scripts\" security=\"restricted\" style=\"position: absolute; clip: rect(1px, 1px, 1px, 1px);\" title=\"&#8220;LA SILENZIOSA PROTESTA DEGLI OPERATORI DEL TURISMO&#8221; &#8212; Radio Pi\u00f9\" src=\"https:\/\/www.radiopiu.net\/wordpress\/la-silenziosa-protesta-degli-operatori-del-turismo\/embed\/#?secret=HOnJWwuQ7E\" data-secret=\"HOnJWwuQ7E\" width=\"600\" height=\"338\" frameborder=\"0\" marginwidth=\"0\" marginheight=\"0\" scrolling=\"no\"><\/iframe><\/p>\n<p>&nbsp;<\/p>\n<hr \/>\n<h3 style=\"text-align: center;\"><\/h3>\n<h3 style=\"text-align: center;\">IERI SERA FALCADE, PIANA DELLE SCULTURE IN NEVE E GHIACCIO<\/h3>\n<p><strong>di Silvano Savio<\/strong><\/p>\n<p><a href=\"https:\/\/www.radiopiu.net\/wordpress\/giornale-radiopiu-19-gennaio-2021-direttore-mirko-mezzacasa\/f30626a9-b00e-4ef4-a612-248b01255f6f\/\" rel=\"attachment wp-att-185558\"><img loading=\"lazy\" decoding=\"async\" class=\"size-medium wp-image-185558 aligncenter\" src=\"https:\/\/www.radiopiu.net\/wordpress\/wp-content\/uploads\/2021\/01\/f30626a9-b00e-4ef4-a612-248b01255f6f-300x225.jpg\" alt=\"\" width=\"300\" height=\"225\" srcset=\"https:\/\/www.radiopiu.net\/wordpress\/wp-content\/uploads\/2021\/01\/f30626a9-b00e-4ef4-a612-248b01255f6f-300x225.jpg 300w, https:\/\/www.radiopiu.net\/wordpress\/wp-content\/uploads\/2021\/01\/f30626a9-b00e-4ef4-a612-248b01255f6f.jpg 720w\" sizes=\"auto, (max-width: 300px) 100vw, 300px\" \/><\/a><\/p>\n<p>&nbsp;<\/p>\n<hr \/>\n<blockquote>\n<h3><\/h3>\n<h3>SALTA LA ZINGHENESTA A CANALE D&#8217;AGORDO<\/h3>\n<\/blockquote>\n<p><strong><a href=\"https:\/\/www.radiopiu.net\/wordpress\/giornale-radiopiu-17-gennaio-2021-direttore-mirko-mezzacasa\/e14c4d02-a5ad-49a8-95b7-36dfe21dde7e\/\" rel=\"attachment wp-att-185226\"><img loading=\"lazy\" decoding=\"async\" class=\"wp-image-185226 alignleft\" src=\"https:\/\/www.radiopiu.net\/wordpress\/wp-content\/uploads\/2021\/01\/e14c4d02-a5ad-49a8-95b7-36dfe21dde7e.jpg\" alt=\"\" width=\"110\" height=\"101\" \/><\/a>CANALE D&#8217;AGORDO<\/strong> Hanno aspettato fino all&#8217;ultimo momento, quello oltre il quale deve scattare la macchina organizzativa. In considerazione delle condizioni, e dell&#8217;incertezza sul rischio contagio La Zinghenesta &#8211; Gran Carneval de la Val Biois, non poteva che prendere una decisione: annullare il carnevale 2021. I ragazzi e le ragazze di Canale d&#8217;Agordo guardano avanti e gi\u00e0 pensano al carnevale del 2022 per il quale c&#8217;\u00e8 gi\u00e0 la data per la festa con l&#8217;elezione della ZInghenesta e il famoso processo a Carnevale.<\/p>\n<p><em>Intanto \u00e8 partita la macchina degli aiuti per il comitato della Zinghenesta con una raccolta fondi online. Chi volesse aiutare a distanza gli organizzatori del carnevale della Valle del Biois lo pu\u00f2 fare al seguente link<\/em><\/p>\n<p><a href=\"https:\/\/www.gofundme.com\/f\/aiuta-il-comitato-di-carnevale-della-zinghenesta?utm_campaign=p_cp+share-sheet&amp;utm_medium=copy_link_all&amp;utm_source=customer\">https:\/\/www.gofundme.com\/f\/aiuta-il-comitato-di-carnevale-della-zinghenesta?utm_campaign=p_cp+share-sheet&amp;utm_medium=copy_link_all&amp;utm_source=customer<\/a><\/p>\n<p>&nbsp;<\/p>\n<p>&nbsp;<\/p>\n<hr \/>\n<h1><span style=\"color: #ff0000;\">DOMANI ALLA RADIO\u00a0<\/span><\/h1>\n<p><strong>GLI SPECIALI DI RADIO PIU: SANPA!<\/strong> San Patrignano e Vincenzo Muccioli, la storia dell&#8217;Italia anni Ottanta nel pieno dell&#8217;emergenza droga. di Luisa Alchini. Mercoledi alle 10.30 e alle 19 su RADIO PIU<\/p>\n<audio class=\"wp-audio-shortcode\" id=\"audio-185377-1\" preload=\"none\" style=\"width: 100%;\" controls=\"controls\"><source type=\"audio\/mpeg\" src=\"https:\/\/www.radiopiu.net\/wordpress\/wp-content\/uploads\/2021\/01\/promo-sanpa.mp3?_=1\" \/><a href=\"https:\/\/www.radiopiu.net\/wordpress\/wp-content\/uploads\/2021\/01\/promo-sanpa.mp3\">https:\/\/www.radiopiu.net\/wordpress\/wp-content\/uploads\/2021\/01\/promo-sanpa.mp3<\/a><\/audio>\n<blockquote><p><em><a href=\"https:\/\/www.radiopiu.net\/wordpress\/giornale-radiopiu-15-gennaio-2021-direttore-mirko-mezzacasa\/download-1084\/\" rel=\"attachment wp-att-184962\"><img loading=\"lazy\" decoding=\"async\" class=\" wp-image-184962 alignleft\" src=\"https:\/\/www.radiopiu.net\/wordpress\/wp-content\/uploads\/2021\/01\/download-19.jpg\" alt=\"\" width=\"180\" height=\"145\" \/><\/a>Luci e tenebre di San Patrignano \u00e8 una serie televisiva documentaristica originale realizzata da Netflix, prodotta e sviluppata da Gianluca Neri, scritta da Carlo Gabardini, Gianluca Neri e Paolo Bernardelli con la regia di Cosima Spender. Attraverso testimonianze e immagini di repertorio, la docu-serie in 5 episodi racconta la controversa storia della comunit\u00e0 di recupero di San Patrignano fondata da Vincenzo Muccioli nel 1978, a Coriano, in provincia di Rimini.\u00a0<\/em><\/p><\/blockquote>\n<p>&nbsp;<\/p>\n<p>&nbsp;<\/p>\n<hr \/>\n<p>&nbsp;<\/p>\n<h2 style=\"text-align: left;\"><\/h2>\n<h2 style=\"text-align: center;\">IL BUON LATTE FODOM, DALLE STALLE DOVE LA COLONNA SONORA E&#8217; RADIO PIU<\/h2>\n<h2 style=\"text-align: center;\">Grazie a Ester<\/h2>\n<div style=\"width: 1200px;\" class=\"wp-video\"><video class=\"wp-video-shortcode\" id=\"video-185377-1\" width=\"1200\" height=\"675\" preload=\"metadata\" controls=\"controls\"><source type=\"video\/mp4\" src=\"https:\/\/www.radiopiu.net\/wordpress\/wp-content\/uploads\/2021\/01\/STALLA-FODOM.mp4?_=1\" \/><a href=\"https:\/\/www.radiopiu.net\/wordpress\/wp-content\/uploads\/2021\/01\/STALLA-FODOM.mp4\">https:\/\/www.radiopiu.net\/wordpress\/wp-content\/uploads\/2021\/01\/STALLA-FODOM.mp4<\/a><\/video><\/div>\n<p>&nbsp;<\/p>\n<p>&nbsp;<\/p>\n<hr \/>\n<p>&nbsp;<\/p>\n<blockquote>\n<h3>SCONTRO TRA AUDI ALL&#8217;USCITA DELLA GALLERIA<\/h3>\n<\/blockquote>\n<p><strong>CENCENIGHE\u00a0<\/strong> Sono due le Audi coinvolte nell&#8217;incidente\u00a0 in prossimit\u00e0 dell&#8217;uscita a nord della galleria delle Anime, ferite lievi e immancabili contusioni soprattutto per l&#8217;uomo a bordo dell&#8217;auto finita ruote all&#8217;aria. Sul posto i vigili del fuoco\u00a0 e i Carabinieri di Agordo per i rilievi di legge. Non sono mancati i disagi per il traffico con la strada chiusa per alcune mezz&#8217;ora nel momento dell&#8217;incidente e per lo spostamento dei mezzi e pulizia della 346 del San Pellegrino. Le auto viaggiavano nelle due direzioni opposte quando, probabilmente a causa del fondo stradale ghiacciato, l&#8217;auto che scendeva ha perso il controllo andando a scontrarsi con quella che saliva nell&#8217;altra corsia. Uno dei due mezzi si \u00e8 cappottato<\/p>\n\n\t\t\t<style type='text\/css'>\n\t\t\t\t#gallery-1 {\n\t\t\t\t\tmargin: auto;\n\t\t\t\t}\n\t\t\t\t#gallery-1 .gallery-item {\n\t\t\t\t\tfloat: left;\n\t\t\t\t\tmargin-top: 10px;\n\t\t\t\t\ttext-align: center;\n\t\t\t\t\twidth: 50%;\n\t\t\t\t}\n\t\t\t\t#gallery-1 img {\n\t\t\t\t\tborder: 2px solid #cfcfcf;\n\t\t\t\t}\n\t\t\t\t#gallery-1 .gallery-caption {\n\t\t\t\t\tmargin-left: 0;\n\t\t\t\t}\n\t\t\t\t\/* see gallery_shortcode() in wp-includes\/media.php *\/\n\t\t\t<\/style>\n\t\t<div id='gallery-1' class='dt-gallery-container gallery galleryid-185377 gallery-columns-2 gallery-size-full'><dl class='gallery-item'>\n\t\t\t\t<dt class='gallery-icon landscape'>\n\t\t\t\t\t<a class=\"rollover rollover-zoom dt-pswp-item\" title=\"cfa6c1f0-74ef-423c-89fa-de994896beb9\" data-dt-img-description=\"\" data-large_image_width=\"1024\" data-large_image_height=\"547\"href='https:\/\/www.radiopiu.net\/wordpress\/wp-content\/uploads\/2021\/01\/cfa6c1f0-74ef-423c-89fa-de994896beb9.jpg'><img loading=\"lazy\" decoding=\"async\" width=\"1024\" height=\"547\" src=\"https:\/\/www.radiopiu.net\/wordpress\/wp-content\/uploads\/2021\/01\/cfa6c1f0-74ef-423c-89fa-de994896beb9.jpg\" class=\"attachment-full size-full\" alt=\"\" srcset=\"https:\/\/www.radiopiu.net\/wordpress\/wp-content\/uploads\/2021\/01\/cfa6c1f0-74ef-423c-89fa-de994896beb9.jpg 1024w, https:\/\/www.radiopiu.net\/wordpress\/wp-content\/uploads\/2021\/01\/cfa6c1f0-74ef-423c-89fa-de994896beb9-300x160.jpg 300w, https:\/\/www.radiopiu.net\/wordpress\/wp-content\/uploads\/2021\/01\/cfa6c1f0-74ef-423c-89fa-de994896beb9-768x410.jpg 768w\" sizes=\"auto, (max-width: 1024px) 100vw, 1024px\" \/><\/a>\n\t\t\t\t<\/dt><\/dl><dl class='gallery-item'>\n\t\t\t\t<dt class='gallery-icon landscape'>\n\t\t\t\t\t<a class=\"rollover rollover-zoom dt-pswp-item\" title=\"715bd8e0-fa02-417e-97fd-67dd4ca12e57\" data-dt-img-description=\"\" data-large_image_width=\"1024\" data-large_image_height=\"769\"href='https:\/\/www.radiopiu.net\/wordpress\/wp-content\/uploads\/2021\/01\/715bd8e0-fa02-417e-97fd-67dd4ca12e57.jpg'><img loading=\"lazy\" decoding=\"async\" width=\"1024\" height=\"769\" src=\"https:\/\/www.radiopiu.net\/wordpress\/wp-content\/uploads\/2021\/01\/715bd8e0-fa02-417e-97fd-67dd4ca12e57.jpg\" class=\"attachment-full size-full\" alt=\"\" srcset=\"https:\/\/www.radiopiu.net\/wordpress\/wp-content\/uploads\/2021\/01\/715bd8e0-fa02-417e-97fd-67dd4ca12e57.jpg 1024w, https:\/\/www.radiopiu.net\/wordpress\/wp-content\/uploads\/2021\/01\/715bd8e0-fa02-417e-97fd-67dd4ca12e57-300x225.jpg 300w, https:\/\/www.radiopiu.net\/wordpress\/wp-content\/uploads\/2021\/01\/715bd8e0-fa02-417e-97fd-67dd4ca12e57-768x577.jpg 768w\" sizes=\"auto, (max-width: 1024px) 100vw, 1024px\" \/><\/a>\n\t\t\t\t<\/dt><\/dl><br style=\"clear: both\" \/>\n\t\t\t<\/div>\n\n<p>&nbsp;<\/p>\n<hr \/>\n<blockquote>\n<h3><\/h3>\n<h3>VOLONTARI DI CAPRILE TRA ANIMALI E TETTI DA SPALARE<\/h3>\n<\/blockquote>\n<p><strong>CAPRILE <\/strong>Tra gli interventi dei vigili del fuoco di Caprile e Rocca Pietore il salvataggio di un ungulato in difficolt\u00e0 a Caprile. I pompieri hanno atteso che l&#8217;animale autonomamente riprendesse la via del bosco. Poche ore prima a Masar\u00e8 hanno invece verificato la stabilit\u00e0 di un tetto.<\/p>\n\n\t\t\t<style type='text\/css'>\n\t\t\t\t#gallery-2 {\n\t\t\t\t\tmargin: auto;\n\t\t\t\t}\n\t\t\t\t#gallery-2 .gallery-item {\n\t\t\t\t\tfloat: left;\n\t\t\t\t\tmargin-top: 10px;\n\t\t\t\t\ttext-align: center;\n\t\t\t\t\twidth: 50%;\n\t\t\t\t}\n\t\t\t\t#gallery-2 img {\n\t\t\t\t\tborder: 2px solid #cfcfcf;\n\t\t\t\t}\n\t\t\t\t#gallery-2 .gallery-caption {\n\t\t\t\t\tmargin-left: 0;\n\t\t\t\t}\n\t\t\t\t\/* see gallery_shortcode() in wp-includes\/media.php *\/\n\t\t\t<\/style>\n\t\t<div id='gallery-2' class='dt-gallery-container gallery galleryid-185377 gallery-columns-2 gallery-size-full'><dl class='gallery-item'>\n\t\t\t\t<dt class='gallery-icon landscape'>\n\t\t\t\t\t<a class=\"rollover rollover-zoom dt-pswp-item\" title=\"139569424_1090173868077360_7421101843555906857_o\" data-dt-img-description=\"\" data-large_image_width=\"720\" data-large_image_height=\"540\"href='https:\/\/www.radiopiu.net\/wordpress\/wp-content\/uploads\/2021\/01\/139569424_1090173868077360_7421101843555906857_o.jpg'><img loading=\"lazy\" decoding=\"async\" width=\"720\" height=\"540\" src=\"https:\/\/www.radiopiu.net\/wordpress\/wp-content\/uploads\/2021\/01\/139569424_1090173868077360_7421101843555906857_o.jpg\" class=\"attachment-full size-full\" alt=\"\" srcset=\"https:\/\/www.radiopiu.net\/wordpress\/wp-content\/uploads\/2021\/01\/139569424_1090173868077360_7421101843555906857_o.jpg 720w, https:\/\/www.radiopiu.net\/wordpress\/wp-content\/uploads\/2021\/01\/139569424_1090173868077360_7421101843555906857_o-300x225.jpg 300w\" sizes=\"auto, (max-width: 720px) 100vw, 720px\" \/><\/a>\n\t\t\t\t<\/dt><\/dl><dl class='gallery-item'>\n\t\t\t\t<dt class='gallery-icon landscape'>\n\t\t\t\t\t<a class=\"rollover rollover-zoom dt-pswp-item\" title=\"138944261_1088799444881469_8031290700728372800_o\" data-dt-img-description=\"\" data-large_image_width=\"720\" data-large_image_height=\"540\"href='https:\/\/www.radiopiu.net\/wordpress\/wp-content\/uploads\/2021\/01\/138944261_1088799444881469_8031290700728372800_o.jpg'><img loading=\"lazy\" decoding=\"async\" width=\"720\" height=\"540\" src=\"https:\/\/www.radiopiu.net\/wordpress\/wp-content\/uploads\/2021\/01\/138944261_1088799444881469_8031290700728372800_o.jpg\" class=\"attachment-full size-full\" alt=\"\" srcset=\"https:\/\/www.radiopiu.net\/wordpress\/wp-content\/uploads\/2021\/01\/138944261_1088799444881469_8031290700728372800_o.jpg 720w, https:\/\/www.radiopiu.net\/wordpress\/wp-content\/uploads\/2021\/01\/138944261_1088799444881469_8031290700728372800_o-300x225.jpg 300w\" sizes=\"auto, (max-width: 720px) 100vw, 720px\" \/><\/a>\n\t\t\t\t<\/dt><\/dl><br style=\"clear: both\" \/>\n\t\t\t<\/div>\n\n<div dir=\"auto\"><\/div>\n<div dir=\"auto\">\n<hr \/>\n<\/div>\n<div dir=\"auto\"><\/div>\n<blockquote>\n<h3 dir=\"auto\">BRUCIANO I CAMINI, CORRONO I POMPIERI<\/h3>\n<\/blockquote>\n<div dir=\"auto\"><strong>FELTRE<\/strong> Due interventi tra Pont e le Centenere per evitare il propagarsi delle fiamme dalle canne fumarie. Ad evitare il peggio ieri i vigili del fuoco di Feltre. L&#8217;intervento\u00a0 ha scongiurato che il fuoco potesse estendersi ad altre parti dell&#8217;abitazione ad iniziare dal tetto.\u00a0 Entrambi camini si sono danneggiati.<\/div>\n<div dir=\"auto\"><\/div>\n<div dir=\"auto\"><\/div>\n<hr \/>\n<p>&nbsp;<\/p>\n<blockquote>\n<h3>LA SCOMPARSA DI DAMIAN E CERENTIN, IL CORDOGLIO DI CONFARTIGIANATO<\/h3>\n<\/blockquote>\n<p><strong>BELLUNO<\/strong> Confartigianato Belluno piange la scomparsa di due artigiani associati: Maurizio Damian, titolare del mobilificio Sommariva di Ponte nelle Alpi, e Mario Cerentin, vittima di un incidente stradale in A27 pochi giorni fa. <em>\u00abDue notizie arrivate a pochi giorni l\u2019una dall\u2019altra e terribili non solo per il mondo dell\u2019artigianato locale, ma per l\u2019intera comunit\u00e0 bellunese &#8211; afferma la presidente di Confartigianato Belluno, Claudia Scarzanella -. Quando un artigiano, per di pi\u00f9 storico, se ne va, il territorio perde una presenza importante, un presidio e un bagaglio di esperienza e di arte che \u00e8 impossibile sostituire. Le loro storie di vita e professionali li faranno vivere a lungo nel ricordo della Confartigianato&#8221;.<\/em><\/p>\n<p>&nbsp;<\/p>\n<hr \/>\n<p>&nbsp;<\/p>\n<blockquote>\n<h3>L&#8217;OSPEDALE DI AGORDO PERDE UN ALTRO PEZZO, I SINDACI NON SONO MAI STATI INFORMATI DELLE SCELTE DI ZANELLA<\/h3>\n<p><em>Che senso ha spendere milioni di euro dei fondi di confine per un ospedale che perde medici e servizi? Se questo \u00e8 il testamento di Adriano Rasi Caldogno,\u00a0 l&#8217;Agordino ne prende atto e si <img loading=\"lazy\" decoding=\"async\" class=\"alignleft\" src=\"https:\/\/www.radiopiu.net\/wordpress\/wp-content\/uploads\/2018\/02\/ospedale.jpg\" width=\"314\" height=\"202\" \/>prepara a ricordare il Direttore ancora in servizio nonostante il suo mandato sia ormai scaduto.<\/em><\/p><\/blockquote>\n<p><strong>AGORDO<\/strong> In radiologia temporanea riduzione di orario, diventer\u00e0 definitiva come la decisione &#8220;momentanea&#8221; presa due anni fa? L&#8217;ospedale di Agordo perde i pezzi mentre i Comuni finanziano con 2 milioni e mezzo di euro il nuovo pronto soccorso.<\/p>\n<blockquote><p>Gli amministratori non ne sapevano nulla, lo evincono dalle notizie dei mezzi di informazione. C&#8217;\u00e8 chi condivide queste decisioni della Giunta Zaia e chi rinuncia alla battaglia. Il Comitato per l&#8217;ospedale in tempi non sospetti aveva chiesto ai sindaci e all&#8217;assessore Silvia Cestaro di prendere posizione, ma purtroppo ormai le decisioni &#8220;temporanee&#8221; sono state prese.<\/p><\/blockquote>\n<p><strong>DI GIANNI SANTOMASO<\/strong><\/p>\n<audio class=\"wp-audio-shortcode\" id=\"audio-185377-2\" preload=\"none\" style=\"width: 100%;\" controls=\"controls\"><source type=\"audio\/mpeg\" src=\"https:\/\/www.radiopiu.net\/wordpress\/wp-content\/uploads\/2021\/01\/GIANNI-OSPEDALE.mp3?_=2\" \/><a href=\"https:\/\/www.radiopiu.net\/wordpress\/wp-content\/uploads\/2021\/01\/GIANNI-OSPEDALE.mp3\">https:\/\/www.radiopiu.net\/wordpress\/wp-content\/uploads\/2021\/01\/GIANNI-OSPEDALE.mp3<\/a><\/audio>\n<p>&nbsp;<\/p>\n<p>&nbsp;<\/p>\n<hr \/>\n<p>&nbsp;<\/p>\n<h2><span style=\"color: #ff0000;\">ZAIA E DE BERTI RISPETTINO GLI ACCORDI<\/span><\/h2>\n<blockquote><p><em>LA LETTERA DAL PRIMIERO AI RAPPRESENTANTI DELLA REGIONE VENETO E PROVINCIA AUTONOMA DI TRENTO PER SOLLECITARE L&#8217;APPALTO DELLA NUOVA GALLERIA PALA ROSSA A SOVRAMONTE.<\/em><\/p><\/blockquote>\n<p><strong><a href=\"https:\/\/www.radiopiu.net\/wordpress\/giornale-radiopiu-19-gennaio-2021-direttore-mirko-mezzacasa\/image-195\/\" rel=\"attachment wp-att-185586\"><img loading=\"lazy\" decoding=\"async\" class=\" wp-image-185586 alignleft\" src=\"https:\/\/www.radiopiu.net\/wordpress\/wp-content\/uploads\/2021\/01\/image-300x169.jpg\" alt=\"\" width=\"263\" height=\"148\" srcset=\"https:\/\/www.radiopiu.net\/wordpress\/wp-content\/uploads\/2021\/01\/image-300x169.jpg 300w, https:\/\/www.radiopiu.net\/wordpress\/wp-content\/uploads\/2021\/01\/image-1024x575.jpg 1024w, https:\/\/www.radiopiu.net\/wordpress\/wp-content\/uploads\/2021\/01\/image-768x431.jpg 768w, https:\/\/www.radiopiu.net\/wordpress\/wp-content\/uploads\/2021\/01\/image.jpg 1280w\" sizes=\"auto, (max-width: 263px) 100vw, 263px\" \/><\/a>PRIMIERO<\/strong>\u00a0 Il Commissario della comunit\u00e0 Roberto Pradel con i sindaci del Primiero si \u00e8 fatto promotore di una nota che mette in evidenza il disagio causato dal mancato avvio della realizzazione della \u201cGalleria Pala Rossa\u201d, sita nel comune di Lamon, sulla statale che collega Primiero al Feltrino.\u00a0 La Provincia di Trento e la Regione Veneto avevano raggiunto un accordo per\u00a0 finanziare l&#8217;opera su un costo allora stimato in circa 18 milioni di euro. La Provincia di Trento per le stesse motivazioni, e non senza qualche difficolt\u00e0 di bilancio, da tempo ha destinato 7 milioni di euro e aveva chiesto alla Regione Veneto di fare la sua parte residuale, allora quantificata in circa 3 milioni di euro. \u00a0 Nel frattempo la Strada \u00e8 passata sotto la competenza dell&#8217;ANAS e ad oggi, pare sia stata trovata una soluzione economica per poter dare il via all&#8217;appalto, essendo il progetto esecutivo pronto con tutte le autorizzazioni ed un crono programma purtroppo superato. Dal Primiero l&#8217;invito al Presidente Luca Zaia e all&#8217;assessore Elisa De Berti, di attivarsi per trovare una soluzione e rispettare l&#8217;accordo tra Regione Veneto e Provincia di Trento.<\/p>\n<p><strong>LA LETTERA DAL PRIMIERO<\/strong><\/p>\n<a href=\"https:\/\/www.radiopiu.net\/wordpress\/wp-content\/uploads\/2021\/01\/Lettera-per-viabilita-schener-2.pdf\" class=\"pdfemb-viewer\" style=\"\" data-width=\"max\" data-height=\"max\" data-toolbar=\"top\" data-toolbar-fixed=\"on\">Lettera per viabilit\u00e0 schen\u00e8r-2<\/a>\n<p>&nbsp;<\/p>\n<hr \/>\n<p>&nbsp;<\/p>\n<h3>OGGI SUL CORRIERE DELLE ALPI<\/h3>\n<blockquote>\n<h3>Muratore aggredito alle spalle fuori dal bar Calci e pugni da tre uomini: \u00e8 gravissimo<br \/>\n<strong style=\"font-size: 14px;\">di Alessia Forzin\u00a0<\/strong><\/h3>\n<\/blockquote>\n<p><strong>BELLUNO<\/strong> Aggredito alle spalle da tre uomini, che lo hanno prima buttato a terra e poi preso violentemente a calci e pugni. \u00c8 ricoverato in gravi condizioni all&#8217;ospedale di Torrette (Ancona) Daniele Vecellio, il 36enne originario di Auronzo che sabato sera \u00e8 stato selvaggiamente picchiato da alcuni uomini nel pieno centro di Macerata. Il giovane, che vive nelle Marche da alcuni anni, \u00e8 in prognosi riservata. Ha un trauma cranico, alcune costole rotte, un trauma polmonare e occipitale, perch\u00e9 quando \u00e8 stato buttato a terra ha picchiato il volto sull&#8217;asfalto.Il pestaggioUn&#8217;aggressione choc, avvenuta nella centralissima via Cavour di Macerata sabato sera&#8230;.<\/p>\n<p>&nbsp;<\/p>\n<p>&nbsp;<\/p>\n<hr \/>\n<h3><\/h3>\n<blockquote>\n<h3>\u00a0MIGLIORANO I NUMERI DELL&#8217;EPIDEMIA, I GENITORI CONTRO ZAIA E FEDRIGA PER LA MANCATA RIAPERTURA DELLE SCUOLE SUPERIORI, CHIAMATO IN CAUSA IL TAR. VACCINI RIDOTTI E VACCINAZIONI A RISCHIO.<\/h3>\n<\/blockquote>\n<p>Pfizer comunica ad Arcuri un taglio del 29% delle forniture del vaccino anticovid a causa di rallentamenti nella produzione in Belgio. Unilateralmente Pfizer prende una decisione che manda su tutte le furie il Presidente del Veneto.<em> &#8220;Siamo parte lesa, non controparte giuridica. Spero che a livello nazionale si vada gi\u00f9 duri anche per vie legali. Penso ai veneti che hanno ricevuto la prima dose e che, in base al bugiardino del farmaco, devono fare il richiamo al 21\u00b0 giorno. E se il vaccino non c&#8217;\u00e8? Non so come, ma stiamo pensando di tutelarci&#8221;<\/em> La bella notizia: diminuiscono i contagi come non succedeva dallo scorso autunno. Giu&#8217; i numeri delle nuove infezioni (poco meno di 300 mila da inizio emergenza) e anche quelli dei ricoveri (2648 in area non critica). Sempre alto il numero dei decessi (ieri 377 in Italia, 94 in Veneto), 17 genitori del Veneto e Friuli sono ricorsi al Tar contro l&#8217;ordinanza di Zaia e Fedriga di non riaprire in presenza le scuole secondarie. Zaia non ritirer\u00e0 l&#8217;ordinanza in attesa che il giudice del Tar si esprima, quindi sar\u00e0 eventualmente il giudice togato a prendere una decisione e relative responsabilit\u00e0. In Provincia anche ieri 2 decessi e 100 nuovi contagi a conferma di un trand comunque in diminuzione anche tra le Dolomiti. Poco meno di 2500 gli attuali infetti, 8 i ricoverati in terapia intensiva, 88 i degenti nelle aree non critiche, poco meno di 14mila i guariti.<\/p>\n<h3><\/h3>\n<blockquote>\n<h3>SITUAZIONE EPIDEMIOLOGICA I SINDACI INFORMANO<\/h3>\n<\/blockquote>\n<p><strong>AGORDO<\/strong> 56 (-4) positivi 27 (-15) isolamento, <strong>FALCADE<\/strong> 44 (-2) positivi 18 (-3) isolamento <strong>TAIBON<\/strong> 12 (+1) positivi 21 (+8)\u00a0 isolamento <strong>ROCCA PIETORE<\/strong> 7 positivi (-2) 4 isolamento (-6) <strong>COLLE SANTA LUCIA<\/strong> 3 positivi 0 isolamento <strong>CANALE D&#8217;AGORDO<\/strong> 16 positivi 11 isolamento<\/p>\n<p>&nbsp;<\/p>\n<p>&nbsp;<\/p>\n<hr \/>\n<p>&nbsp;<\/p>\n<blockquote>\n<h3>DUE DECESSI, TERAPIE INTENSIVE STABILI LIEVE AUMENTO NEI RICOVERI IN AREA NON CRITICA<\/h3>\n<\/blockquote>\n<p><strong>BELLUNO<\/strong> <span style=\"font-size: medium;\">Nelle ultime 24 ore sono decedute 2 persone covid positive: un uomo di 95 anni ricoverato in area covid a Feltre e una donna di 94 anni ricoverata in Medicina a Belluno. In totale si contano oggi 100 nuovi casi di positivi riscontrati in provincia.<\/span><\/p>\n<p>SITUAZIONE OSPEDALIERA<\/p>\n<p align=\"JUSTIFY\"><span style=\"font-size: medium;\"><b>Ricoveri <\/b><\/span><\/p>\n<p align=\"JUSTIFY\"><span style=\"font-size: medium;\"><i>(dato alle ore 17.00 fonte: Azienda Zero)<\/i><\/span><\/p>\n<p align=\"JUSTIFY\"><span style=\"font-size: medium;\">Le persone attualmente POSITIVE ricoverate negli ospedali dell\u2019Ulss Dolomiti sono<\/span>:<\/p>\n<table border=\"1\" width=\"652\" frame=\"HSIDES\" rules=\"GROUPS\" cellspacing=\"0\" cellpadding=\"7\">\n<tbody>\n<tr valign=\"TOP\">\n<td width=\"203\"><\/td>\n<td width=\"203\">\n<p align=\"JUSTIFY\"><span style=\"color: #365f91;\"><span style=\"font-size: medium;\"><b>Area NON CRITICA<\/b><\/span><\/span><\/p>\n<\/td>\n<td width=\"203\">\n<p align=\"JUSTIFY\"><span style=\"color: #365f91;\"><span style=\"font-size: medium;\"><b>Terapia Intensiva<\/b><\/span><\/span><\/p>\n<\/td>\n<\/tr>\n<\/tbody>\n<tbody>\n<tr valign=\"TOP\">\n<td bgcolor=\"#d3dfee\" width=\"203\">\n<p align=\"JUSTIFY\"><span style=\"color: #365f91;\"><span style=\"font-size: medium;\"><b>Ospedale di Belluno <\/b><\/span><\/span><\/p>\n<\/td>\n<td bgcolor=\"#d3dfee\" width=\"203\">\n<p align=\"CENTER\"><span style=\"color: #365f91;\"><span style=\"font-size: medium;\">44<\/span><\/span><\/p>\n<\/td>\n<td bgcolor=\"#d3dfee\" width=\"203\">\n<p align=\"CENTER\"><span style=\"color: #365f91;\"><span style=\"font-size: medium;\">4<\/span><\/span><\/p>\n<\/td>\n<\/tr>\n<tr valign=\"TOP\">\n<td bgcolor=\"#d3dfee\" width=\"203\">\n<p align=\"JUSTIFY\"><span style=\"color: #365f91;\"><span style=\"font-size: medium;\"><b>Ospedale di Feltre<\/b><\/span><\/span><\/p>\n<p align=\"JUSTIFY\"><span style=\"color: #365f91;\"><span style=\"font-size: medium;\"><b>Ospedale di Agordo<\/b><\/span><\/span><\/p>\n<\/td>\n<td bgcolor=\"#d3dfee\" width=\"203\">\n<p align=\"CENTER\"><span style=\"color: #365f91;\"><span style=\"font-size: medium;\">42<\/span><\/span><\/p>\n<p align=\"CENTER\"><span style=\"color: #365f91;\"><span style=\"font-size: medium;\">2<\/span><\/span><\/p>\n<\/td>\n<td bgcolor=\"#d3dfee\" width=\"203\">\n<p align=\"CENTER\"><span style=\"color: #365f91;\"><span style=\"font-size: medium;\">4<\/span><\/span><\/p>\n<\/td>\n<\/tr>\n<\/tbody>\n<\/table>\n<p align=\"JUSTIFY\"><span style=\"font-size: medium;\">Le persone attualmente POSITIVE <\/span>ricoverate in Ospedale di Comunit\u00e0 sono:<\/p>\n<table border=\"1\" width=\"652\" frame=\"HSIDES\" rules=\"ROWS\" cellspacing=\"0\" cellpadding=\"7\">\n<tbody>\n<tr valign=\"TOP\">\n<td width=\"312\"><\/td>\n<td width=\"312\">\n<p align=\"JUSTIFY\"><span style=\"color: #76923c;\"><span style=\"font-size: medium;\"><b>pazienti attualmente positivi<\/b><\/span><\/span><\/p>\n<\/td>\n<\/tr>\n<tr valign=\"TOP\">\n<td bgcolor=\"#e6eed5\" width=\"312\">\n<p align=\"JUSTIFY\"><span style=\"color: #76923c;\"><span style=\"font-size: medium;\"><b>Ospedale di Comunit\u00e0 di BELLUNO<\/b><\/span><\/span><\/p>\n<\/td>\n<td bgcolor=\"#e6eed5\" width=\"312\">\n<p align=\"CENTER\"><span style=\"color: #76923c;\"><span style=\"font-size: medium;\">10<\/span><\/span><\/p>\n<\/td>\n<\/tr>\n<tr valign=\"TOP\">\n<td bgcolor=\"#e6eed5\" width=\"312\">\n<p align=\"JUSTIFY\"><span style=\"color: #76923c;\"><span style=\"font-size: medium;\"><b>Ospedale di Comunit\u00e0 di FELTRE<\/b><\/span><\/span><\/p>\n<\/td>\n<td bgcolor=\"#e6eed5\" width=\"312\">\n<p align=\"CENTER\"><span style=\"color: #76923c;\"><span style=\"font-size: medium;\">7<\/span><\/span><\/p>\n<\/td>\n<\/tr>\n<\/tbody>\n<\/table>\n<p>&nbsp;<\/p>\n<p>&nbsp;<\/p>\n<p><strong><span style=\"font-size: medium;\">AGGIORNAMENTO ORGANIZZATIVO <\/span><\/strong><span style=\"font-size: medium;\"><strong>VACCINAZIONE ANTI COVID<\/strong> <\/span><span style=\"font-size: medium;\">Alla luce della situazione profilata riguardo alla riduzione degli approvvigionamenti di vaccini anti covid, in settimana la vaccinazione sar\u00e0 riservata alle seconde dosi. Le ulteriori programmazioni varieranno in base alle dosi disponibili.<\/span><\/p>\n<p>&nbsp;<\/p>\n<hr \/>\n<blockquote>\n<h3>CALDOGNO SCRIVE A PADRIN &#8220;INTRAVVEDIAMO LA LUCE IN FONDO AL TUNNEL&#8221;<\/h3>\n<\/blockquote>\n<p><strong><img loading=\"lazy\" decoding=\"async\" class=\"alignleft\" src=\"https:\/\/www.radiopiu.net\/wordpress\/wp-content\/uploads\/2020\/05\/RASI-CALDOGNO.jpeg\" width=\"270\" height=\"158\" \/>BELLUNO<\/strong>\u00a0 Posta per il Presidente della Provincia Roberto Padrin, stamane gli ha infatti scritto il\u00a0 direttore generale dell\u2019Ulss 1 Dolomiti Adriano Rasi Caldogno.\u00a0 <em>\u00abNella lettera, il direttore generale evidenzia come dopo un periodo molto difficile &#8211; con il picco dei contagi raggiunto attorno alla met\u00e0 di dicembre -, stiamo forse percorrendo la via di uscita da questa seconda ondata &#8211; spiega il presidente Padrin -. Come fa il dottor Rasi Caldogno, anch\u2019io rilevo come tutto ci\u00f2 non sia frutto del caso, bens\u00ec di provvedimenti normativi, di comportamenti responsabili dei cittadini e del lavoro delle istituzioni&#8221;.<\/em>\u00a0 Per Padrin il vaccino permettere di vedere pi\u00f9 vicina l\u2019uscita dall\u2019incubo ma al tempo stesso invita a non abbassare la guardia e portare pazienza esprimendo al contempo solidariet\u00e0 alle categorie economiche maggiormente colpite. <em>&#8220;Come Provincia &#8211; spiega Padrin &#8211;\u00a0 abbiamo cercato di aiutare dove possibile, con una manovra straordinaria da quasi 10 milioni di euro&#8221;.\u00a0<\/em><\/p>\n<p>IL PRESIDENTE ROBERTO PADRIN DALLA RASSEGNA STAMPA DELLE OTTO<\/p>\n<audio class=\"wp-audio-shortcode\" id=\"audio-185377-3\" preload=\"none\" style=\"width: 100%;\" controls=\"controls\"><source type=\"audio\/mpeg\" src=\"https:\/\/www.radiopiu.net\/wordpress\/wp-content\/uploads\/2021\/01\/PADRIN-1.mp3?_=3\" \/><a href=\"https:\/\/www.radiopiu.net\/wordpress\/wp-content\/uploads\/2021\/01\/PADRIN-1.mp3\">https:\/\/www.radiopiu.net\/wordpress\/wp-content\/uploads\/2021\/01\/PADRIN-1.mp3<\/a><\/audio>\n<p>&nbsp;<\/p>\n<hr \/>\n<p>&nbsp;<\/p>\n<blockquote>\n<h3>AGORDINO SPACCATO &#8220;MI SCUSO CON GLI AGORDINI&#8221; LA LETTERA AL GOVERNO DOVEVA ESSERE CONDIVISA TRA TUTTI I SINDACI<\/h3>\n<\/blockquote>\n<h3>Ci\u00f2 che Vaia unisce la politica dissolve<\/h3>\n<p><strong>FALCADE<\/strong> Sei sindaci su 14 (due Comuni dell&#8217;Agordino sono commissariati) hanno inviato una lettera ai Parlamentari Bellunesi, sulla criticit\u00e0 economica e sociale causata dalla pandemia e dal totale stop della stagione turistica invernale. A firmare la lettera i sindaci di Livinallongo, Rocca Pietore, Alleghe, San Tomaso,\u00a0 Cencenighe e Gosaldo. E gli altri sindaci? E&#8217; la domanda che si sono posti i cittadini degli altri Comuni dell&#8217;Agordino. La stessa domanda se la sono posta anche alcuni sindaci che non sono stati resi partecipi dell&#8217;iniziativa e che si ipotizza siano dalla parte opposta dell&#8217;area di centro destra. Dell&#8217;iniziativa non ne era informato nemmeno il Presidente dell&#8217;Unione Montana, Michele Costa che \u00e8 soprattutto coordinatore della squadra di sindaci che nell&#8217;immaginario \u00e8 quell&#8217;esercito unito dei giorni di Vaia, una guerra con &#8220;colonelli&#8221; e &#8220;soldati&#8221; allo stesso tavolo, quotidianamente, per affrontare e risolvere i problemi di un territorio privo di confini comunali, ma preso nel suo insieme dal vento della tempesta. E dov&#8217;\u00e8 allora oggi la novit\u00e0? Infatti, nessuna novit\u00e0. I mesi precedenti a Vaia sono stati quelli delle fratture con accesi confronti, votazioni, contro-votazioni,\u00a0 come per il Pronto Soccorso dell&#8217;Ospedale di Agordo da ristrutturare con i fondi di confine e quel comitato per la sanit\u00e0 voluto in Unione <a href=\"https:\/\/www.radiopiu.net\/wordpress\/lintervista-di-fine-anno-al-presidente-dellunione-montana-agordina-michele-costa\/mivhele-costa-radio-piu\/\" rel=\"attachment wp-att-182451\"><img loading=\"lazy\" decoding=\"async\" class=\"size-medium wp-image-182451 alignleft\" src=\"https:\/\/www.radiopiu.net\/wordpress\/wp-content\/uploads\/2020\/12\/mivhele-costa-radio-piu-300x300.jpg\" alt=\"\" width=\"300\" height=\"300\" srcset=\"https:\/\/www.radiopiu.net\/wordpress\/wp-content\/uploads\/2020\/12\/mivhele-costa-radio-piu-300x300.jpg 300w, https:\/\/www.radiopiu.net\/wordpress\/wp-content\/uploads\/2020\/12\/mivhele-costa-radio-piu-1024x1024.jpg 1024w, https:\/\/www.radiopiu.net\/wordpress\/wp-content\/uploads\/2020\/12\/mivhele-costa-radio-piu-150x150.jpg 150w, https:\/\/www.radiopiu.net\/wordpress\/wp-content\/uploads\/2020\/12\/mivhele-costa-radio-piu-768x768.jpg 768w, https:\/\/www.radiopiu.net\/wordpress\/wp-content\/uploads\/2020\/12\/mivhele-costa-radio-piu-1536x1536.jpg 1536w, https:\/\/www.radiopiu.net\/wordpress\/wp-content\/uploads\/2020\/12\/mivhele-costa-radio-piu.jpg 2048w\" sizes=\"auto, (max-width: 300px) 100vw, 300px\" \/><\/a>Montana e poi in parte osteggiato. Probabilmente la tregua \u00e8 finita,\u00a0 sono i primi venti da campagna elettorale dove la politica quella dei\u00a0 giochi di potere, si riflette nei piccoli territori, nei piccoli Comuni dove spesso sindaco e consiglieri sono tutt&#8217;altro che votati alla politica dei &#8220;grandi&#8221;, piuttosto sono volontari con responsabilit\u00e0 da &#8220;grandi&#8221;, soprattutto con la quotidiana voglia di fare qualche cosa di importante per il paese e per la gente del proprio paese,\u00a0 e qui la politica non centra. Non dovrebbe centrare. Quindi sei sindaci hanno firmato la lettera ai Parlamentari, gli altri otto non sono stati chiamati a porre la firma in calce, altrimenti non si sarebbero probabilmente tirati indietro, non c&#8217;era motivo il dramma economico e sociale oltre Luxottica \u00e8 sotto gli occhi di tutti. Che i sindaci sposino la causa lo ribadisce il Presidente dell&#8217;Unione Montana e sindaco di Falcade, Michele Costa.<\/p>\n<h1><strong>AUDIO\u00a0\u00a0<\/strong><\/h1>\n<audio class=\"wp-audio-shortcode\" id=\"audio-185377-4\" preload=\"none\" style=\"width: 100%;\" controls=\"controls\"><source type=\"audio\/mpeg\" src=\"https:\/\/www.radiopiu.net\/wordpress\/wp-content\/uploads\/2021\/01\/COSTA.mp3?_=4\" \/><a href=\"https:\/\/www.radiopiu.net\/wordpress\/wp-content\/uploads\/2021\/01\/COSTA.mp3\">https:\/\/www.radiopiu.net\/wordpress\/wp-content\/uploads\/2021\/01\/COSTA.mp3<\/a><\/audio>\n<p>&nbsp;<\/p>\n<p>&nbsp;<\/p>\n<p><strong>LA LETTERA DEI SINDACI PUBBLICATA NEL GIORNALE RADIO DI IERI\u00a0<\/strong><\/p>\n<blockquote class=\"wp-embedded-content\" data-secret=\"CQ5QzAI158\"><p><a href=\"https:\/\/www.radiopiu.net\/wordpress\/sei-sindaci-agordini-scrivono-ai-rappresentanti-parlamentari\/\">SEI SINDACI AGORDINI SCRIVONO AI RAPPRESENTANTI PARLAMENTARI<\/a><\/p><\/blockquote>\n<p><iframe loading=\"lazy\" class=\"wp-embedded-content\" sandbox=\"allow-scripts\" security=\"restricted\" style=\"position: absolute; clip: rect(1px, 1px, 1px, 1px);\" title=\"&#8220;SEI SINDACI AGORDINI SCRIVONO AI RAPPRESENTANTI PARLAMENTARI&#8221; &#8212; Radio Pi\u00f9\" src=\"https:\/\/www.radiopiu.net\/wordpress\/sei-sindaci-agordini-scrivono-ai-rappresentanti-parlamentari\/embed\/#?secret=CQ5QzAI158\" data-secret=\"CQ5QzAI158\" width=\"600\" height=\"338\" frameborder=\"0\" marginwidth=\"0\" marginheight=\"0\" scrolling=\"no\"><\/iframe><\/p>\n<p>&nbsp;<\/p>\n<hr \/>\n<p>&nbsp;<\/p>\n<p>&nbsp;<\/p>\n<blockquote>\n<h2>LA SCORSA SETTIMANA ALLA RADIO<\/h2>\n<\/blockquote>\n<blockquote class=\"wp-embedded-content\" data-secret=\"5bP3dQkjhy\"><p><a href=\"https:\/\/www.radiopiu.net\/wordpress\/co-working-a-selva-di-cadore-un-esempio-del-lavorare-e-vivere-ad-alta-quota\/\">CO WORKING A SELVA DI CADORE, UN ESEMPIO DEL LAVORARE E  VIVERE AD ALTA QUOTA<\/a><\/p><\/blockquote>\n<p><iframe loading=\"lazy\" class=\"wp-embedded-content\" sandbox=\"allow-scripts\" security=\"restricted\" style=\"position: absolute; clip: rect(1px, 1px, 1px, 1px);\" title=\"&#8220;CO WORKING A SELVA DI CADORE, UN ESEMPIO DEL LAVORARE E  VIVERE AD ALTA QUOTA&#8221; &#8212; Radio Pi\u00f9\" src=\"https:\/\/www.radiopiu.net\/wordpress\/co-working-a-selva-di-cadore-un-esempio-del-lavorare-e-vivere-ad-alta-quota\/embed\/#?secret=5bP3dQkjhy\" data-secret=\"5bP3dQkjhy\" width=\"600\" height=\"338\" frameborder=\"0\" marginwidth=\"0\" marginheight=\"0\" scrolling=\"no\"><\/iframe><\/p>\n<p>&nbsp;<\/p>\n<p>&nbsp;<\/p>\n<hr \/>\n<p>&nbsp;<\/p>\n<blockquote class=\"wp-embedded-content\" data-secret=\"ztjAM9jcCV\"><p><a href=\"https:\/\/www.radiopiu.net\/wordpress\/agg-gen18\/\">CORONAVIRUS: AGGIORNAMENTO NAZIONALE 18 GENNAIO 2021<\/a><\/p><\/blockquote>\n<p><iframe loading=\"lazy\" class=\"wp-embedded-content\" sandbox=\"allow-scripts\" security=\"restricted\" style=\"position: absolute; clip: rect(1px, 1px, 1px, 1px);\" title=\"&#8220;CORONAVIRUS: AGGIORNAMENTO NAZIONALE 18 GENNAIO 2021&#8221; &#8212; Radio Pi\u00f9\" src=\"https:\/\/www.radiopiu.net\/wordpress\/agg-gen18\/embed\/#?secret=ztjAM9jcCV\" data-secret=\"ztjAM9jcCV\" width=\"600\" height=\"338\" frameborder=\"0\" marginwidth=\"0\" marginheight=\"0\" scrolling=\"no\"><\/iframe><\/p>\n<blockquote class=\"wp-embedded-content\" data-secret=\"HHefriWQSX\"><p><a href=\"https:\/\/www.radiopiu.net\/wordpress\/gen18-az\/\">IN FORTE DIMINUZIONE GLI ATTUALMENTE POSITIVI, IN CRESCITA DIMESSI E GUARITI, TOTALE DEI POSITIVI ORMAI PROSSIMO AI 300MILA CASI<\/a><\/p><\/blockquote>\n<p><iframe loading=\"lazy\" class=\"wp-embedded-content\" sandbox=\"allow-scripts\" security=\"restricted\" style=\"position: absolute; clip: rect(1px, 1px, 1px, 1px);\" title=\"&#8220;IN FORTE DIMINUZIONE GLI ATTUALMENTE POSITIVI, IN CRESCITA DIMESSI E GUARITI, TOTALE DEI POSITIVI ORMAI PROSSIMO AI 300MILA CASI&#8221; &#8212; Radio Pi\u00f9\" src=\"https:\/\/www.radiopiu.net\/wordpress\/gen18-az\/embed\/#?secret=HHefriWQSX\" data-secret=\"HHefriWQSX\" width=\"600\" height=\"338\" frameborder=\"0\" marginwidth=\"0\" marginheight=\"0\" scrolling=\"no\"><\/iframe><\/p>\n<p>&nbsp;<\/p>\n<blockquote>\n<h3>I GRAFICI DI TIZIANO DE COL<\/h3>\n<\/blockquote>\n\n\t\t\t<style type='text\/css'>\n\t\t\t\t#gallery-3 {\n\t\t\t\t\tmargin: auto;\n\t\t\t\t}\n\t\t\t\t#gallery-3 .gallery-item {\n\t\t\t\t\tfloat: left;\n\t\t\t\t\tmargin-top: 10px;\n\t\t\t\t\ttext-align: center;\n\t\t\t\t\twidth: 25%;\n\t\t\t\t}\n\t\t\t\t#gallery-3 img {\n\t\t\t\t\tborder: 2px solid #cfcfcf;\n\t\t\t\t}\n\t\t\t\t#gallery-3 .gallery-caption {\n\t\t\t\t\tmargin-left: 0;\n\t\t\t\t}\n\t\t\t\t\/* see gallery_shortcode() in wp-includes\/media.php *\/\n\t\t\t<\/style>\n\t\t<div id='gallery-3' class='dt-gallery-container gallery galleryid-185377 gallery-columns-4 gallery-size-thumbnail'><dl class='gallery-item'>\n\t\t\t\t<dt class='gallery-icon landscape'>\n\t\t\t\t\t<a class=\"rollover rollover-zoom dt-pswp-item\" title=\"be519c89-f27d-49c1-9e4c-7c4f87088d4a\" data-dt-img-description=\"\" data-large_image_width=\"602\" data-large_image_height=\"350\"href='https:\/\/www.radiopiu.net\/wordpress\/wp-content\/uploads\/2021\/01\/be519c89-f27d-49c1-9e4c-7c4f87088d4a.jpg'><img loading=\"lazy\" decoding=\"async\" width=\"150\" height=\"150\" src=\"https:\/\/www.radiopiu.net\/wordpress\/wp-content\/uploads\/2021\/01\/be519c89-f27d-49c1-9e4c-7c4f87088d4a-150x150.jpg\" class=\"attachment-thumbnail size-thumbnail\" alt=\"\" \/><\/a>\n\t\t\t\t<\/dt><\/dl><dl class='gallery-item'>\n\t\t\t\t<dt class='gallery-icon landscape'>\n\t\t\t\t\t<a class=\"rollover rollover-zoom dt-pswp-item\" title=\"6ce345b8-e816-4f8b-a70d-b61acfac3a2d\" data-dt-img-description=\"\" data-large_image_width=\"592\" data-large_image_height=\"356\"href='https:\/\/www.radiopiu.net\/wordpress\/wp-content\/uploads\/2021\/01\/6ce345b8-e816-4f8b-a70d-b61acfac3a2d.jpg'><img loading=\"lazy\" decoding=\"async\" width=\"150\" height=\"150\" src=\"https:\/\/www.radiopiu.net\/wordpress\/wp-content\/uploads\/2021\/01\/6ce345b8-e816-4f8b-a70d-b61acfac3a2d-150x150.jpg\" class=\"attachment-thumbnail size-thumbnail\" alt=\"\" \/><\/a>\n\t\t\t\t<\/dt><\/dl><dl class='gallery-item'>\n\t\t\t\t<dt class='gallery-icon landscape'>\n\t\t\t\t\t<a class=\"rollover rollover-zoom dt-pswp-item\" title=\"db7de160-6209-4499-9e6e-f64fd8b534b3\" data-dt-img-description=\"\" data-large_image_width=\"598\" data-large_image_height=\"354\"href='https:\/\/www.radiopiu.net\/wordpress\/wp-content\/uploads\/2021\/01\/db7de160-6209-4499-9e6e-f64fd8b534b3.jpg'><img loading=\"lazy\" decoding=\"async\" width=\"150\" height=\"150\" src=\"https:\/\/www.radiopiu.net\/wordpress\/wp-content\/uploads\/2021\/01\/db7de160-6209-4499-9e6e-f64fd8b534b3-150x150.jpg\" class=\"attachment-thumbnail size-thumbnail\" alt=\"\" \/><\/a>\n\t\t\t\t<\/dt><\/dl><dl class='gallery-item'>\n\t\t\t\t<dt class='gallery-icon landscape'>\n\t\t\t\t\t<a class=\"rollover rollover-zoom dt-pswp-item\" title=\"5fd3e089-9fb8-470f-bdbf-e97aca4154ee\" data-dt-img-description=\"\" data-large_image_width=\"598\" data-large_image_height=\"354\"href='https:\/\/www.radiopiu.net\/wordpress\/wp-content\/uploads\/2021\/01\/5fd3e089-9fb8-470f-bdbf-e97aca4154ee.jpg'><img loading=\"lazy\" decoding=\"async\" width=\"150\" height=\"150\" src=\"https:\/\/www.radiopiu.net\/wordpress\/wp-content\/uploads\/2021\/01\/5fd3e089-9fb8-470f-bdbf-e97aca4154ee-150x150.jpg\" class=\"attachment-thumbnail size-thumbnail\" alt=\"\" \/><\/a>\n\t\t\t\t<\/dt><\/dl><br style=\"clear: both\" \/>\n\t\t\t<\/div>\n\n<p>&nbsp;<\/p>\n<hr \/>\n<p>&nbsp;<\/p>\n<blockquote>\n<h2 style=\"text-align: left;\">&#8220;CI HANNO TAGLIATO LE DOSI DEI VACCINI DEL 50%, QUI NON VACCINIAMO PIU&#8217; A RISCHIO ANCHE IL SECONDO VACCINO&#8221;. PUNTO STAMPA CON ZAIA<\/h2>\n<\/blockquote>\n<p>&nbsp;<\/p>\n<blockquote>\n<h2>LEGGI LA CONFERENZA STAMPA DI LUCA ZAIA<\/h2>\n<\/blockquote>\n<p><em>Promuovono lo smart working ma si procede con il rientro a scuola dove non mancano gli assembramenti.<\/em><\/p>\n<p>Oggi ci sono 400 letti liberi. Non esultiamo per le curve in calo, siamo preoccupati perch\u00e9 il covid ci ha presentato sorprese con cambiamenti repentini e in pochi giorni. In soli 18 giorni sono stati raggiunti importanti risultati,\u00a0 per vanificarli bastano 24 ore, dobbiamo evitare gli assembramenti, a prescindere dalle zone gialle, arancioni o rossi. E se andiamo in casa di non conviventi dobbiamo portare la mascherina.<\/p>\n<p><span style=\"color: #ff0000;\"><strong>VACCINI Vergognoso quello che sta succedendo<\/strong><\/span>\u00a0non si pu\u00f2 dare un piano forniture (cio\u00e8 vaccinale) noi ci organizziamo con tutti gli appuntamenti. E&#8217; vergognoso ci venga detto che ci viene tagliata la fornitura del 50%. Cos\u00ec non funziona, il taglio a livello nazionale prevede regioni con tagli zero, altre con tagli moderati non invasivi e poi ci sono un gruppo di regioni accoppate. Se venisse messa in discussione la fornitura della prossima settimana anche di un solo vaccino non riusciamo a fare i richiami. Questa settimana attutiamo il grave danno perch\u00e9 abbiamo accontonato vaccini. La campagna vaccinale \u00e8 quindi sospesa, faremo solo la seconda dose e creiamo un buco e se la prossima settimana non arrivano le dosi come da programma non sia vaccina, neanche i richiami. Arcuri mi dice che le decisioni le ha prese Pfizer con quale premio nobel? Quale algoritmo per tagliare la fornitura. Noi non abbiamo fatto contratti con Pfizer siamo parte lesa ma non contropare giuridica. Spero che a livello nazionale si vada gi\u00f9 duri e pesanti per vie legali. Un cittadino rischia ci non avere la seconda dose. Noi abbiamo gi\u00e0 fissato gli appuntamenti. Qui viene fuori un casino. Mi piacerebbe sapere se a livello internazionale questo problema di magazzini, macchine che non vanno etc&#8230; capire se questo problema \u00e8 stato riscontrato solo in Italia o se sono state tagliate le forniture in Europa e Stati Uniti. E&#8217; una sfiga ma anche un mezzo gaudio almeno. Non si puo&#8217; mettere in discussione un servizio vitale.Stiamo pensando di tutelarci, lo faremo. Spero e auspico che ci sia almeno una distribuzione solidale del vaccino. <strong><span style=\"color: #ff0000;\">SCUOLA Ci rifiutiamo di far partire una guerra tra poveri.<\/span><\/strong> Non c&#8217;\u00e8 il partito della scuola aperta e l&#8217;altro, non funziona cos\u00ec, abbiamo una responsabilit\u00e0 di garantire la salute ai cittadini. Chiudere una scuola \u00e8 una sconfitta. \u00a0Noi stasera abbiamo la conferenza dei presidenti di Regione, ci adegueremo a pareri o ordinanze nazionali solo se la condizione sanitaria sar\u00e0 coerente a sostenere\u00a0 una riapertura. Mi hanno detto di un ricorso per la riapertura, vedremo il testo. E&#8217; gi\u00f9 successo in Lombardia e Friuli Venezia Giulia. La situazione \u00e8 fluida, c&#8217;\u00e8 chi pretende di andare a scuola ma anche chi vuole massima cautela. Si promuove lo smart working ma non per la scuola. Fino a una settimana fa ci hanno parlato della terza ondata, oggi di lockdown, di restrizioni e invece le scuole esulano da questo. <strong>SITUAZIONE<\/strong> 5261 studenti positivi, sottoposti a quarantena 60831 (8,59% popolazione scolastica di 707814) docenti positivi 1862 su 95786 in quarantena 11mila.<strong> VERIFICA EPIDEMIOLOGICA?<\/strong> Prima la riunione di questa sera poi nei prossimi giorni la dottoressa Russo far\u00e0 il punto della situazione. Aprendo le scuole il rischio o aumenta o resta uguale, certamente non diminuisce.<\/p>\n<p>&nbsp;<\/p>\n<p><a href=\"https:\/\/www.facebook.com\/zaiaufficiale\/videos\/689179651771171\">https:\/\/www.facebook.com\/zaiaufficiale\/videos\/689179651771171<\/a><\/p>\n<p>&nbsp;<\/p>\n<hr \/>\n<p>&nbsp;<\/p>\n<blockquote>\n<h3>MONITORAGGIO CASI A SCUOLA E GESTIONE DEI CONTATTI SCOLASTICI<\/h3>\n<\/blockquote>\n<a href=\"https:\/\/www.radiopiu.net\/wordpress\/wp-content\/uploads\/2021\/01\/MONITORAGGIO-CASI-A-SCUOLA-E-GESTIONE-DEI-CONTATTI_18012020-1.pdf\" class=\"pdfemb-viewer\" style=\"\" data-width=\"max\" data-height=\"max\" data-toolbar=\"top\" data-toolbar-fixed=\"on\">MONITORAGGIO CASI A SCUOLA E GESTIONE DEI CONTATTI_18012020<\/a>\n<a href=\"https:\/\/www.radiopiu.net\/wordpress\/wp-content\/uploads\/2021\/01\/2021.01.18_Report-18.30.pdf\" class=\"pdfemb-viewer\" style=\"\" data-width=\"max\" data-height=\"max\" data-toolbar=\"top\" data-toolbar-fixed=\"on\">2021.01.18_Report 18.30<\/a>\n<p>&nbsp;<\/p>\n<p>&nbsp;<\/p>\n<hr \/>\n<p>&nbsp;<\/p>\n<blockquote>\n<h3><strong><a href=\"https:\/\/www.radiopiu.net\/wordpress\/giornale-radiopiu-19-gennaio-2021-direttore-mirko-mezzacasa\/139959226_3756696747724336_7158369604860162214_n\/\" rel=\"attachment wp-att-185551\"><img loading=\"lazy\" decoding=\"async\" class=\"wp-image-185551 alignleft\" src=\"https:\/\/www.radiopiu.net\/wordpress\/wp-content\/uploads\/2021\/01\/139959226_3756696747724336_7158369604860162214_n-263x300.jpg\" alt=\"\" width=\"113\" height=\"129\" srcset=\"https:\/\/www.radiopiu.net\/wordpress\/wp-content\/uploads\/2021\/01\/139959226_3756696747724336_7158369604860162214_n-263x300.jpg 263w, https:\/\/www.radiopiu.net\/wordpress\/wp-content\/uploads\/2021\/01\/139959226_3756696747724336_7158369604860162214_n.jpg 526w\" sizes=\"auto, (max-width: 113px) 100vw, 113px\" \/><\/a><\/strong>IERI A VENEZIA LA MONTAGNA AL CENTRO DELLA PROGRAMMAZIONE TURISTICA REGIONALE<\/h3>\n<\/blockquote>\n<div class=\"o9v6fnle cxmmr5t8 oygrvhab hcukyx3x c1et5uql ii04i59q\">\n<div dir=\"auto\"><strong>VENEZIA<\/strong> Come scrive l&#8217;assessore Federico Caner sulla pagina social, ieri mattina, insieme alla consigliera Silvia Cestaro ha incontrato il sindaco di Alleghe Danilo de Toni che \u00e8 anche consigliere delegato al turismo della provincia di Belluno, l\u2019obiettivo di favorire interventi legati all\u2019editoria e al progresso della cultura e dello sport di montagna.<\/div>\n<div dir=\"auto\">Un progetto complementare al Dmo (destination management organisation) di <a class=\"oajrlxb2 g5ia77u1 qu0x051f esr5mh6w e9989ue4 r7d6kgcz rq0escxv nhd2j8a9 nc684nl6 p7hjln8o kvgmc6g5 cxmmr5t8 oygrvhab hcukyx3x jb3vyjys rz4wbd8a qt6c0cv9 a8nywdso i1ao9s8h esuyzwwr f1sip0of lzcic4wl q66pz984 gpro0wi8 b1v8xokw\" tabindex=\"0\" role=\"link\" href=\"https:\/\/www.facebook.com\/hashtag\/belluno?__eep__=6&amp;__cft__[0]=AZVdO9y3jACqcQhT0Dh-Whe4XIBt-bH_SKM49o0pBynNBDDxkIoNeI9UiSv-mxmkVJFg_f9pdmw9xUmSdxOXw5fFIhZb-h2E8PUlTvo-TOTTpDXkPu3UjM2lrnXwLtGq5mg7oDlpKWHe4e3_Zh1hHSRd&amp;__tn__=*NK-R\">#Belluno<\/a> l\u2019organizzazione per la gestione del turismo in provincia che mette insieme soggetti pubblici e privati con l\u2019obiettivo di essere ancora pi\u00f9 competitivi sul mercato.<\/div>\n<\/div>\n<p>&nbsp;<\/p>\n<hr \/>\n<p>&nbsp;<\/p>\n<blockquote>\n<h3><em><a href=\"https:\/\/www.radiopiu.net\/wordpress\/giornale-radiopiu-19-gennaio-2021-direttore-mirko-mezzacasa\/133557074_4047810371938572_9079674418254137889_n\/\" rel=\"attachment wp-att-185589\"><img loading=\"lazy\" decoding=\"async\" class=\"wp-image-185589 alignleft\" src=\"https:\/\/www.radiopiu.net\/wordpress\/wp-content\/uploads\/2021\/01\/133557074_4047810371938572_9079674418254137889_n-224x300.jpg\" alt=\"\" width=\"152\" height=\"204\" srcset=\"https:\/\/www.radiopiu.net\/wordpress\/wp-content\/uploads\/2021\/01\/133557074_4047810371938572_9079674418254137889_n-224x300.jpg 224w, https:\/\/www.radiopiu.net\/wordpress\/wp-content\/uploads\/2021\/01\/133557074_4047810371938572_9079674418254137889_n.jpg 526w\" sizes=\"auto, (max-width: 152px) 100vw, 152px\" \/><\/a><\/em>I CERVI SONO STREMATI: &#8220;ZAIA FERMI LA CACCIA E&#8217; COME SPARARE IN GUERRA SULLA CROCE ROSSA.<\/h3>\n<\/blockquote>\n<p><strong>VENEZIA<\/strong> <em>\u00abNelle nostre montagne la neve ghiacciata e indurita presente da settimane, accompagnata da temperature polari gli animali sono stremati e affamati e rischiano la morte&#8221; <\/em>La denuncia parte dal consigliere regionale del Pd, Andrea Zanoni, che ha presentato un&#8217;interrogazione al presidente Zaia per chiedere l&#8217;immediata chiusura della caccia in zona Alpi. <em>\u00abNelle montagne del Veneto si registra da tempo la presenza di un manto nevoso che in alcuni casi arriva anche a due metri e che ora risulta ghiacciato, purtroppo, la legge vieta la caccia su terreni coperti di neve solo in pianura, ma la consente nella zona faunistica delle Alpi, ossia in tutti i territori montani delle province di Belluno, Vicenza, Treviso e Verona, chiedo a Zaia di applicare la legge, vietando subito la caccia: non \u00e8 solo una questione di legalit\u00e0 ma anche di umanit\u00e0&#8221;<\/em> sparare a questi animali stremati dalle avverse condizioni climatiche \u00e8 come sparare, in guerra, sulla Croce rossa<\/p>\n<p>&nbsp;<\/p>\n<p>&nbsp;<\/p>\n<p>&nbsp;<\/p>\n<hr \/>\n<blockquote>\n<h3><\/h3>\n<h3>ALLARME DEI SINDACI AGORDINI PER L&#8217;ECONOMIA TURISTICA. DE CARLO: \u201cPREOCCUPAZIONE CONDIVISIBILE, SERVE UNA SVOLTA. I SINDACI NON SOSTENGONO UN GOVERNO CHE GUARDA SOLO ALLE POLTRONE\u201d<\/h3>\n<\/blockquote>\n<p><strong><a href=\"https:\/\/www.radiopiu.net\/wordpress\/giornale-radiopiu-19-maggio-2020-direttore-mirko-mezzacasa\/luca-de-carlo-8\/\" rel=\"attachment wp-att-138787\"><img loading=\"lazy\" decoding=\"async\" class=\"size-full wp-image-138787 alignleft\" src=\"https:\/\/www.radiopiu.net\/wordpress\/wp-content\/uploads\/2020\/05\/Luca-De-Carlo.jpg\" alt=\"\" width=\"165\" height=\"228\" \/><\/a>ROMA <\/strong><span class=\"s1\">\u201c<em>Il ministro D&#8217;Inc\u00e0 qualche settimana fa diceva di avere il sostegno dei sindaci bellunesi. Si vede che, oltre a non aver parlato con me, evidentemente non aveva chiamato nemmeno loro: i sindaci non possono sostenere un governo che guarda pi\u00f9 ai numeri per salvare la propria poltrona che alle necessit\u00e0 dei cittadini e dei territori<\/em>\u201d: il senatore di Fratelli d&#8217;Italia e sindaco di Calalzo di Cadore Luca De Carlo commenta cos\u00ec la lettera inviata da alcuni sindaci agordini ai parlamentari bellunesi, nella quale si denuncia l&#8217;allarme per l&#8217;economia turistica del territorio. <\/span><span class=\"s1\">\u201c<em>Da sindaco condivido le loro preoccupazioni, e le ho esposte pi\u00f9 volte sia in aula che in commissione, dove per\u00f2 tutti gli emendamenti presentati sono stati bocciat<\/em>i\u201d, sottolinea De Carlo che ricorda come l&#8217;unica battaglia vinta sia stata quella portata avanti da Fratelli d&#8217;Italia per l&#8217;aumento delle risorse per il trasporto scolastico, \u201c<em>100 milioni di euro che sono solo un primo passo per la copertura del servizio\u201d. <\/em><\/span><span class=\"s1\"><em>\u201cNoi amministratori sappiamo che l&#8217;impoverimento delle aziende corrisponde a un impoverimento dei nostri paesi<\/em>\u201d, ricorda De Carlo \u201c<em>e nei prossimi mesi come sindaci saremo chiamati sempre pi\u00f9 a intercettare le richieste di aiuto dei nostri cittadini. Basti pensare che uno studio della CGIA di Mestre ha verificato come i vari ristori statali abbiano coperto solo il 7% delle perdite subite dalle aziende in questo lungo periodo di emergenza\u201d. <\/em><\/span><span class=\"s1\"><em>\u201cIo cercher\u00f2 in tutte le sedi, dai prossimi decreti ristori al Milleproroghe, di migliorare gli interventi demagogici proposti da questo governo, per dare ai sindaci e ai territori gli strumenti adeguati per intervenire<\/em>\u201d, conclude De Carlo. \u201c<em>Visto per\u00f2 l&#8217;interesse attuale di questo esecutivo solo per i numeri che gli consentirebbero la sopravvivenza, anzich\u00e9 per i drammatici numeri della crisi, sono convinto che la vera svolta, il vero cambio di passo, potr\u00e0 arrivare solo dopo il voto, con il centrodestra alla guida di un governo forte e unito<\/em>\u201d.<\/span><\/p>\n<p><strong>AI MICROFONI DI RADIO PIU&#8217; LUCA DE CARLO<\/strong><\/p>\n<audio class=\"wp-audio-shortcode\" id=\"audio-185377-5\" preload=\"none\" style=\"width: 100%;\" controls=\"controls\"><source type=\"audio\/mpeg\" src=\"https:\/\/www.radiopiu.net\/wordpress\/wp-content\/uploads\/2021\/01\/DE-CARLO-SINDACI.mp3?_=5\" \/><a href=\"https:\/\/www.radiopiu.net\/wordpress\/wp-content\/uploads\/2021\/01\/DE-CARLO-SINDACI.mp3\">https:\/\/www.radiopiu.net\/wordpress\/wp-content\/uploads\/2021\/01\/DE-CARLO-SINDACI.mp3<\/a><\/audio>\n<p>&nbsp;<\/p>\n<hr \/>\n<blockquote>\n<h3><\/h3>\n<h3>DARIO BOND AI SEI SINDACI AGORDINI CHE HANNO LANCIATO IL GRIDO DI ALLARME DAL TERRITORIO<\/h3>\n<\/blockquote>\n<p><strong><a href=\"https:\/\/www.radiopiu.net\/wordpress\/giornale-radiopiu-16-luglio-2020-direttore-mirko-mezzacasa\/bond-roma-2\/\" rel=\"attachment wp-att-149602\"><img loading=\"lazy\" decoding=\"async\" class=\"size-medium wp-image-149602 alignleft\" src=\"https:\/\/www.radiopiu.net\/wordpress\/wp-content\/uploads\/2020\/07\/BOND-ROMA-300x300.jpg\" alt=\"\" width=\"300\" height=\"300\" srcset=\"https:\/\/www.radiopiu.net\/wordpress\/wp-content\/uploads\/2020\/07\/BOND-ROMA-300x300.jpg 300w, https:\/\/www.radiopiu.net\/wordpress\/wp-content\/uploads\/2020\/07\/BOND-ROMA-150x150.jpg 150w, https:\/\/www.radiopiu.net\/wordpress\/wp-content\/uploads\/2020\/07\/BOND-ROMA.jpg 640w\" sizes=\"auto, (max-width: 300px) 100vw, 300px\" \/><\/a>ROMA<\/strong> Il deputato di Forza Italia Dario Bond parla della lettera inviata dai 6 sindaci agordini che hanno lanciato il grido di allarme per la montagna<\/p>\n<audio class=\"wp-audio-shortcode\" id=\"audio-185377-6\" preload=\"none\" style=\"width: 100%;\" controls=\"controls\"><source type=\"audio\/mpeg\" src=\"https:\/\/www.radiopiu.net\/wordpress\/wp-content\/uploads\/2021\/01\/BOND-SINDACI.mp3?_=6\" \/><a href=\"https:\/\/www.radiopiu.net\/wordpress\/wp-content\/uploads\/2021\/01\/BOND-SINDACI.mp3\">https:\/\/www.radiopiu.net\/wordpress\/wp-content\/uploads\/2021\/01\/BOND-SINDACI.mp3<\/a><\/audio>\n<p>&nbsp;<\/p>\n<hr \/>\n<p>&nbsp;<\/p>\n<blockquote>\n<h3>&#8220;CONDIVIDO IL GRIDO DI ALLARME DEI SINDACI AGORDINI&#8221; BOTTACIN FA SQUADRA CON I PRIMI CITTADINI E CRITICA BOND<\/h3>\n<\/blockquote>\n<p>&nbsp;<\/p>\n<p><strong><img loading=\"lazy\" decoding=\"async\" class=\"alignleft\" src=\"https:\/\/www.radiopiu.net\/wordpress\/wp-content\/uploads\/2020\/12\/BOTTACIN-1.png\" width=\"172\" height=\"114\" \/>BELLUNO<\/strong> L&#8217;assessore regionale Gianpaolo Bottacin interviene sul caso del giorno nell&#8217;Agordino. Un grido di allarme in seguito alla crisi economica e sociale causato dall&#8217;epidemia covid 19. Bottacin s&#8217;allinea con i primi cittadini per fare squadra e non risparmia una critica alle recenti affermazioni del Deputato Dario Bond<\/p>\n<p><strong>GIANPAOLO BOTTACIN\u00a0<\/strong><\/p>\n<audio class=\"wp-audio-shortcode\" id=\"audio-185377-7\" preload=\"none\" style=\"width: 100%;\" controls=\"controls\"><source type=\"audio\/mpeg\" src=\"https:\/\/www.radiopiu.net\/wordpress\/wp-content\/uploads\/2021\/01\/BOTTACIN.mp3?_=7\" \/><a href=\"https:\/\/www.radiopiu.net\/wordpress\/wp-content\/uploads\/2021\/01\/BOTTACIN.mp3\">https:\/\/www.radiopiu.net\/wordpress\/wp-content\/uploads\/2021\/01\/BOTTACIN.mp3<\/a><\/audio>\n<p>&nbsp;<\/p>\n<p>&nbsp;<\/p>\n<hr \/>\n<p>&nbsp;<\/p>\n<blockquote>\n<blockquote>\n<p align=\"JUSTIFY\"><em>La societ\u00e0 in house Ponte Servizi fin da subito \u00e8 sempre stata oggetto di dibattito politico acceso nella comunit\u00e0 pontalpina<\/em><\/p>\n<\/blockquote>\n<p><strong><img loading=\"lazy\" decoding=\"async\" class=\"alignleft\" src=\"https:\/\/www.radiopiu.net\/wordpress\/wp-content\/uploads\/2021\/01\/safe_image-1.jpg\" width=\"294\" height=\"153\" \/>PONTE NELLE ALPI<\/strong> I dipendenti di Ponte Servizi e i cittadini di Ponte nelle Alpi hanno raggiunto risultati eccellenti nella raccolta differenziata portando la percentuale\u00a0 della differenziata all&#8217;88%. Una modalit\u00e0 che per i consiglieri d&#8217;opposizione ha costi molto alti. <em>\u201dBellunuum\u201d(societ\u00e0 che opera nel comune capoluogo) con una raccolta dell\u201983% ha una tariffazione pi\u00f9 bassa del 20 % rispetto alla nostra per chilogrammo&#8221;<\/em> dicono in coro Sindy Bindella, Paolo De Vettor e Angelo Levis del gruppo XPonte. Per i consiglieri l&#8217;errore sta nello spalmare i sovracosti sulla contabilit\u00e0 generale. <em>&#8220;Un riconoscimento di errori nel passato non sono emersi per una conversione sulla via di Damasco ma per mera urgenza e necessit\u00e0 di sanare i conti in vista dell&#8217;aggregazione col soggetto unico provinciale&#8221;<\/em> aggiunge il trio di opposizione. A fine dicembre, a firma dei consiglieri Levis e\u00a0 De Vettor \u00e8 stato depositato alla Corte dei Conti regionale un esposto per la verifica delle regolarit\u00e0 contabili del riconoscimento dei debiti fuori bilancio e ricapitalizzazione per perdite segnalando quanto scriveva in una relazione l\u2019attuale Amministratore Unico Pierpaolo Collarin \u201cA<i>\u00a0mano a mano che l\u2019attivit\u00e0 di formazione del bilancio proseguiva, sono emerse delle discrasie e delle difformit\u00e0 nei saldi contabili, risalenti ad anni addietro, delle quali non sempre \u00e8 stato possibile comprendere l\u2019esatta origine\u201d<\/i><\/p><\/blockquote>\n\n\t\t\t<style type='text\/css'>\n\t\t\t\t#gallery-4 {\n\t\t\t\t\tmargin: auto;\n\t\t\t\t}\n\t\t\t\t#gallery-4 .gallery-item {\n\t\t\t\t\tfloat: left;\n\t\t\t\t\tmargin-top: 10px;\n\t\t\t\t\ttext-align: center;\n\t\t\t\t\twidth: 33%;\n\t\t\t\t}\n\t\t\t\t#gallery-4 img {\n\t\t\t\t\tborder: 2px solid #cfcfcf;\n\t\t\t\t}\n\t\t\t\t#gallery-4 .gallery-caption {\n\t\t\t\t\tmargin-left: 0;\n\t\t\t\t}\n\t\t\t\t\/* see gallery_shortcode() in wp-includes\/media.php *\/\n\t\t\t<\/style>\n\t\t<div id='gallery-4' class='dt-gallery-container gallery galleryid-185377 gallery-columns-3 gallery-size-thumbnail'><dl class='gallery-item'>\n\t\t\t\t<dt class='gallery-icon portrait'>\n\t\t\t\t\t<a class=\"rollover rollover-zoom dt-pswp-item\" title=\"DEVettor\" data-dt-img-description=\"\" data-large_image_width=\"765\" data-large_image_height=\"1024\"href='https:\/\/www.radiopiu.net\/wordpress\/wp-content\/uploads\/2021\/01\/DEVettor.jpg'><img loading=\"lazy\" decoding=\"async\" width=\"150\" height=\"150\" src=\"https:\/\/www.radiopiu.net\/wordpress\/wp-content\/uploads\/2021\/01\/DEVettor-150x150.jpg\" class=\"attachment-thumbnail size-thumbnail\" alt=\"\" aria-describedby=\"gallery-4-185512\" \/><\/a>\n\t\t\t\t<\/dt>\n\t\t\t\t\t<dd class='wp-caption-text gallery-caption' id='gallery-4-185512'>\n\t\t\t\t\tDe Vettor\n\t\t\t\t\t<\/dd><\/dl><dl class='gallery-item'>\n\t\t\t\t<dt class='gallery-icon portrait'>\n\t\t\t\t\t<a class=\"rollover rollover-zoom dt-pswp-item\" title=\"Levis\" data-dt-img-description=\"\" data-large_image_width=\"1080\" data-large_image_height=\"1440\"href='https:\/\/www.radiopiu.net\/wordpress\/wp-content\/uploads\/2021\/01\/Levis.jpg'><img loading=\"lazy\" decoding=\"async\" width=\"150\" height=\"150\" src=\"https:\/\/www.radiopiu.net\/wordpress\/wp-content\/uploads\/2021\/01\/Levis-150x150.jpg\" class=\"attachment-thumbnail size-thumbnail\" alt=\"\" aria-describedby=\"gallery-4-185511\" \/><\/a>\n\t\t\t\t<\/dt>\n\t\t\t\t\t<dd class='wp-caption-text gallery-caption' id='gallery-4-185511'>\n\t\t\t\t\tLevis\n\t\t\t\t\t<\/dd><\/dl><dl class='gallery-item'>\n\t\t\t\t<dt class='gallery-icon portrait'>\n\t\t\t\t\t<a class=\"rollover rollover-zoom dt-pswp-item\" title=\"Bindella\" data-dt-img-description=\"\" data-large_image_width=\"765\" data-large_image_height=\"1024\"href='https:\/\/www.radiopiu.net\/wordpress\/wp-content\/uploads\/2021\/01\/Bindella.jpg'><img loading=\"lazy\" decoding=\"async\" width=\"150\" height=\"150\" src=\"https:\/\/www.radiopiu.net\/wordpress\/wp-content\/uploads\/2021\/01\/Bindella-150x150.jpg\" class=\"attachment-thumbnail size-thumbnail\" alt=\"\" aria-describedby=\"gallery-4-185510\" \/><\/a>\n\t\t\t\t<\/dt>\n\t\t\t\t\t<dd class='wp-caption-text gallery-caption' id='gallery-4-185510'>\n\t\t\t\t\tBindella\n\t\t\t\t\t<\/dd><\/dl><br style=\"clear: both\" \/>\n\t\t\t<\/div>\n\n<hr \/>\n<p>&nbsp;<\/p>\n<p>&nbsp;<\/p>\n<blockquote>\n<h3>CAMBIA LA RACCOLTA DELL&#8217;UMIDO E NON AUMENTANO LE TARIFFE<\/h3>\n<\/blockquote>\n<p><strong><a href=\"https:\/\/www.radiopiu.net\/wordpress\/giornale-radiopiu-19-gennaio-2021-direttore-mirko-mezzacasa\/th-20\/\" rel=\"attachment wp-att-185521\"><img loading=\"lazy\" decoding=\"async\" class=\" wp-image-185521 alignleft\" src=\"https:\/\/www.radiopiu.net\/wordpress\/wp-content\/uploads\/2021\/01\/th-1.jpg\" alt=\"\" width=\"102\" height=\"161\" \/><\/a>CALALZO DI CADORE<\/strong>\u00a0 Dal prossimo 1 febbraio cambia il sistema di raccolta del rifiuto umido a Calalzo di Cadore: si passer\u00e0 infatti dal \u201cporta a porta\u201d ai contenitori stradali.\u00a0 Una modifica che, come spiega il sindaco Luca De Carlo, <em>\u201c\u00e8 l&#8217;unica soluzione per non gravare sulle tasche dei cittadini in questo momento di difficolt\u00e0 ed evitare l&#8217;aumento dei costi di raccolta palesato da Ecomont\u201d. <\/em>I nuovi bidoni stradali a Calalzo saranno posizionati nelle aree ecologiche, vicino alle campane della raccolta di carta, vetro, plastica e lattine, e in altri punti del territorio del comune di Calalzo, per agevolare tutti i cittadini; baster\u00e0 quindi semplicemente riversare il contenuto del proprio cestino dell&#8217;umido nel bidoncino stradale. L&#8217;appello del sindaco \u00e8 quello di utilizzare i nuovi contenitori in maniera corretta:<em> \u201cNegli ultimi 10 anni, da quando ci siamo insediati, Calalzo \u00e8 passato dall&#8217;essere il peggior comune del Veneto per la raccolta differenziata, con appena il 31%, alla top ten dei comuni bellunesi, con circa il 75% di differenziata\u201d, evidenzia De Carlo. \u201cUn corretto smaltimento del rifiuto umido non \u00e8 solo una questione ambientale, ma consente anche minori costi di gestione e, quindi, risparmi in bolletta\u201d. <\/em>Per le riduzioni dal compostaggio domestico consultare il sito del Comune.<\/p>\n<p>&nbsp;<\/p>\n<p>&nbsp;<\/p>\n<p>&nbsp;<\/p>\n<hr \/>\n<p>&nbsp;<\/p>\n<blockquote>\n<h3>262 MILIONI DI EURO DAL MATTM PER 119 INTERVENTI CONTRO IL DISSESTO IDROGEOLOGICO<\/h3>\n<\/blockquote>\n<p><strong><a href=\"https:\/\/www.radiopiu.net\/wordpress\/giornale-radiopiu-28-aprile-2020-direttore-mirko-mezzacasa\/uncem-2\/\" rel=\"attachment wp-att-133399\"><img loading=\"lazy\" decoding=\"async\" class=\"wp-image-133399 alignleft\" src=\"https:\/\/www.radiopiu.net\/wordpress\/wp-content\/uploads\/2020\/04\/UNCEM-300x300.jpg\" alt=\"\" width=\"137\" height=\"137\" srcset=\"https:\/\/www.radiopiu.net\/wordpress\/wp-content\/uploads\/2020\/04\/UNCEM-300x300.jpg 300w, https:\/\/www.radiopiu.net\/wordpress\/wp-content\/uploads\/2020\/04\/UNCEM-150x150.jpg 150w, https:\/\/www.radiopiu.net\/wordpress\/wp-content\/uploads\/2020\/04\/UNCEM.jpg 500w\" sizes=\"auto, (max-width: 137px) 100vw, 137px\" \/><\/a>ROMA<\/strong> Oltre 262 milioni per 119 interventi in tutta Italia, immediatamente esecutivi e cantierabili, per mettere in sicurezza il territorio. Sono i numeri del Piano nazionale di interventi per la mitigazione del rischio idrogeologico approvato dal Ministero dell\u2019Ambiente. Gli interventi dovranno essere eseguiti in 19 regioni italiane (tutte tranne il Trentino Alto Adige, le cui Province autonome non hanno presentato progetti). <em>&#8220;Stanziamenti molto importanti &#8211; evidenzia Marco Bussone, Presidente Uncem &#8211; in attesa del nuovo decreto legge di prossima emanazione, che semplifica procedure e tempi per la realizzazione degli interventi e rafforza le strutture territoriali, anche i Comuni, come Uncem ha chiesto&#8221;.<\/em><br \/>\n<em>\u00a0<\/em><\/p>\n<div><\/div>\n<p>&nbsp;<\/p>\n<p>&nbsp;<\/p>\n<hr \/>\n<p>&nbsp;<\/p>\n<blockquote>\n<h3>\u00abPARLAMENTARI BELLUNESI \u201cRESPONSABILI\u201d? SOLO CON AUTONOMIA E ELETTIVIT\u00c0\u00bb E IMPARATE DAGLI ALTO ATESINI DELLA SVP PER FARVI VALERE<\/h3>\n<p align=\"LEFT\"><em>I bellunesi a Roma lascino da parte le posizioni partitiche aprioristiche e lavorino insieme per ottenere autonomia e elettivit\u00e0 per il Bellunese\u00bb.<\/em><\/p>\n<\/blockquote>\n<p align=\"LEFT\"><strong><a href=\"https:\/\/www.radiopiu.net\/wordpress\/giornale-radiopiu-15-ottobre-2019-direttore-mirko-mezzacasa\/andrea-bona-5\/\" rel=\"attachment wp-att-102478\"><img loading=\"lazy\" decoding=\"async\" class=\"wp-image-102478 alignleft\" src=\"https:\/\/www.radiopiu.net\/wordpress\/wp-content\/uploads\/2019\/10\/Andrea-Bona-300x237.jpg\" alt=\"\" width=\"172\" height=\"136\" srcset=\"https:\/\/www.radiopiu.net\/wordpress\/wp-content\/uploads\/2019\/10\/Andrea-Bona-300x237.jpg 300w, https:\/\/www.radiopiu.net\/wordpress\/wp-content\/uploads\/2019\/10\/Andrea-Bona-768x607.jpg 768w, https:\/\/www.radiopiu.net\/wordpress\/wp-content\/uploads\/2019\/10\/Andrea-Bona-1024x809.jpg 1024w, https:\/\/www.radiopiu.net\/wordpress\/wp-content\/uploads\/2019\/10\/Andrea-Bona.jpg 1365w\" sizes=\"auto, (max-width: 172px) 100vw, 172px\" \/><\/a>BELLUNO<\/strong> Il Bard, Belluno Autonoma Regione Dolomiti richiama alla responsabilit\u00e0 i rappresentanti bellunesi sugli scranni parlamentari romani definendo il momento un&#8217;occasione per ottenere l&#8217;autonomia elettiva oltre gli interessi di partito votando per il futuro del territorio. Un appello quello del movimento bellunese in un momento di tensione nei palazzi. Si chiede ai Deputati di apprendere un lezione dalla SVP in grado di far pesare i suoi voti in cambio di vantaggi per il territorio.<\/p>\n<p align=\"LEFT\"><strong>ANDREA BONA, PRESIDENTE BARD &#8211; BELLUNO<\/strong><\/p>\n<audio class=\"wp-audio-shortcode\" id=\"audio-185377-8\" preload=\"none\" style=\"width: 100%;\" controls=\"controls\"><source type=\"audio\/mpeg\" src=\"https:\/\/www.radiopiu.net\/wordpress\/wp-content\/uploads\/2021\/01\/ANDREA-BONA-BARD-RESPONSABILITA-PARLAMENTARI-CRISI-DI-GOVERNO.mp3?_=8\" \/><a href=\"https:\/\/www.radiopiu.net\/wordpress\/wp-content\/uploads\/2021\/01\/ANDREA-BONA-BARD-RESPONSABILITA-PARLAMENTARI-CRISI-DI-GOVERNO.mp3\">https:\/\/www.radiopiu.net\/wordpress\/wp-content\/uploads\/2021\/01\/ANDREA-BONA-BARD-RESPONSABILITA-PARLAMENTARI-CRISI-DI-GOVERNO.mp3<\/a><\/audio>\n<p>&nbsp;<\/p>\n<hr \/>\n<p>&nbsp;<\/p>\n<blockquote>\n<h3>MONTAGNA, BOND: &#8220;IL 2021 SIA TAX FREE&#8221;<\/h3>\n<\/blockquote>\n<p><strong>ROMA <\/strong>\u00ab<em>Prima di tutto servono gli indennizzi per il settore del turismo invernale, alberghi, ristoranti e ski aree. Poi il governo studi misure concrete per aiutare la montagna, i suoi cittadini e le medie piccole imprese che vi operano. Se il 2021 fosse tax free sarebbe una misura in grado di agevolare la sopravvivenza delle attivit\u00e0 economiche e produttive<\/em>\u00bb. Cos\u00ec in una nota il deputato di Forza Italia Dario Bond. \u00ab<em>C\u2019\u00e8 da considerare una cosa ben precisa: che le aree del Paese non sono tutte uguali. E quindi servono misure differenziate a seconda delle diverse zone. La montagna, penso a quella bellunese ma non solo, vive quasi esclusivamente di indotto turistico, per cui aver perso la stagione invernale significa fare la fame. E le conseguenze si misureranno da qui ai prossimi anni, con chiusure e perdita di posti di lavoro, oltre che di servizi. Per questo servono tre azioni immediate. La prima \u00e8 che il governo definisca una volta per tutte la data di apertura degli impianti di risalita, in modo che gli operatori possano programmare eventuali scampoli di stagione. La seconda \u00e8 che arrivino gli indennizzi: i ristori arrivati finora sono assolutamente insufficienti per sfamare le famiglie, figuriamoci per consentire la sopravvivenza delle attivit\u00e0. E poi venga presa in considerazione una manovra per fare del 2021 un anno tax free per le aree di montagna<\/em>\u00bb. \u00ab<em>In questo senso, accolgo e condivido l\u2019appello dei sei sindaci agordini, che hanno chiesto un intervento dei deputati e del ministro bellunese per aiutare la montagna. Un appello sensato e centrato sia nei contenuti che nel momento\u00bb conclude Dario Bond. \u00abSiamo di fronte allo spettro di una grande recessione. E quindi bisogna intervenire subito<\/em>\u00bb.<\/p>\n<p>&nbsp;<\/p>\n<hr \/>\n<p>&nbsp;<\/p>\n<blockquote>\n<h3>DISABILITA&#8217; ED ECONOMIA, DUE CONVIVIALI AL ROTARY<\/h3>\n<\/blockquote>\n<p><strong><a href=\"https:\/\/www.radiopiu.net\/wordpress\/giornale-radiopiu-19-gennaio-2021-direttore-mirko-mezzacasa\/convivale_rotay_belluno\/\" rel=\"attachment wp-att-185523\"><img loading=\"lazy\" decoding=\"async\" class=\"size-medium wp-image-185523 alignleft\" src=\"https:\/\/www.radiopiu.net\/wordpress\/wp-content\/uploads\/2021\/01\/convivale_rotay_belluno-300x155.png\" alt=\"\" width=\"300\" height=\"155\" srcset=\"https:\/\/www.radiopiu.net\/wordpress\/wp-content\/uploads\/2021\/01\/convivale_rotay_belluno-300x155.png 300w, https:\/\/www.radiopiu.net\/wordpress\/wp-content\/uploads\/2021\/01\/convivale_rotay_belluno-768x397.png 768w, https:\/\/www.radiopiu.net\/wordpress\/wp-content\/uploads\/2021\/01\/convivale_rotay_belluno.png 1024w\" sizes=\"auto, (max-width: 300px) 100vw, 300px\" \/><\/a><\/strong><\/p>\n<p><strong>BELLUNO<\/strong> Continuano in modalit\u00e0 virtuale le conviviali del Rotary Club Belluno.\u00a0 Protagonisti Gian Antonio Stella e Gianluigi De Marchi. Il primo, giornalista di spessore nazionale e internazionale, ha presentato il suo ultimo libro \u201cDiversi\u201d, il secondo, esperto in economia e finanza e gi\u00e0 rotariano, ha presentato la sua pubblicazione \u201cRicostruire la finanza\u201d. Temi, quelli della disabilit\u00e0 e dell\u2019economia, di estrema attualit\u00e0 vista l\u2019emergenza sanitaria che sta colpendo l\u2019intero globo. <em>&#8220;Quella delle persone con disabilit\u00e0 &#8211; ha sottolineato Stella nel suo intervento &#8211; \u00e8 stata, in gran parte, una storia di crimini violenti subiti, orrori, abbandono e solitudine, incubi religiosi fino alla catastrofica illusione di \u201cperfezionare l\u2019uomo\u201d proposta in diversi Paesi europei anche prima della presa del potere di Hitler. Fino ad arrivare al genocidio nazista degli \u201cesseri inutili\u201d<\/em>\u00a0 Nella conviviale con Gianluigi De Marchi, si \u00e8 affrontato invece il tema dell\u2019economia ai tempi del Coronavirus e in particolare quella che si prefigger\u00e0 nel post pandemia.\u00a0<em>&#8220;Il peggio deve ancora arrivare &#8211; ha messo in guardia De Marchi &#8211; per l\u2019effetto devastante di quasi due mesi di inattivit\u00e0 di gran parte dell\u2019economia reale e per tutte le difficolt\u00e0 oggettive dovute ad avviare la ripartenza delle attivit\u00e0 economiche nella \u201cFase 2\u201d<\/em><\/p>\n<p>&nbsp;<\/p>\n<hr \/>\n<p>&nbsp;<\/p>\n<p>&nbsp;<\/p>\n<blockquote>\n<h3>MARCO DAL FARRA, IL SINGOLO ISPIRATO DAI RACCONTI DI DINO BUZZATTI<\/h3>\n<\/blockquote>\n<p><strong>TAIBON<\/strong> Ritorna ai microfoni di RADIO PIU&#8217; Marco V. Dal Farra per presentare il suo secondo singolo &#8220;Colombre&#8221;.<\/p>\n<audio class=\"wp-audio-shortcode\" id=\"audio-185377-9\" preload=\"none\" style=\"width: 100%;\" controls=\"controls\"><source type=\"audio\/mpeg\" src=\"https:\/\/www.radiopiu.net\/wordpress\/wp-content\/uploads\/2020\/12\/marco-dal-farra.mp3?_=9\" \/><a href=\"https:\/\/www.radiopiu.net\/wordpress\/wp-content\/uploads\/2020\/12\/marco-dal-farra.mp3\">https:\/\/www.radiopiu.net\/wordpress\/wp-content\/uploads\/2020\/12\/marco-dal-farra.mp3<\/a><\/audio>\n<p>&nbsp;<\/p>\n\n\t\t\t<style type='text\/css'>\n\t\t\t\t#gallery-5 {\n\t\t\t\t\tmargin: auto;\n\t\t\t\t}\n\t\t\t\t#gallery-5 .gallery-item {\n\t\t\t\t\tfloat: left;\n\t\t\t\t\tmargin-top: 10px;\n\t\t\t\t\ttext-align: center;\n\t\t\t\t\twidth: 50%;\n\t\t\t\t}\n\t\t\t\t#gallery-5 img {\n\t\t\t\t\tborder: 2px solid #cfcfcf;\n\t\t\t\t}\n\t\t\t\t#gallery-5 .gallery-caption {\n\t\t\t\t\tmargin-left: 0;\n\t\t\t\t}\n\t\t\t\t\/* see gallery_shortcode() in wp-includes\/media.php *\/\n\t\t\t<\/style>\n\t\t<div id='gallery-5' class='dt-gallery-container gallery galleryid-185377 gallery-columns-2 gallery-size-medium'><dl class='gallery-item'>\n\t\t\t\t<dt class='gallery-icon landscape'>\n\t\t\t\t\t<a class=\"rollover rollover-zoom dt-pswp-item\" title=\"0ea72c49-a524-46ea-86f3-5afb475eb4f0\" data-dt-img-description=\"\" data-large_image_width=\"200\" data-large_image_height=\"200\"href='https:\/\/www.radiopiu.net\/wordpress\/wp-content\/uploads\/2021\/01\/0ea72c49-a524-46ea-86f3-5afb475eb4f0.jpg'><img loading=\"lazy\" decoding=\"async\" width=\"200\" height=\"200\" src=\"https:\/\/www.radiopiu.net\/wordpress\/wp-content\/uploads\/2021\/01\/0ea72c49-a524-46ea-86f3-5afb475eb4f0.jpg\" class=\"attachment-medium size-medium\" alt=\"\" srcset=\"https:\/\/www.radiopiu.net\/wordpress\/wp-content\/uploads\/2021\/01\/0ea72c49-a524-46ea-86f3-5afb475eb4f0.jpg 200w, https:\/\/www.radiopiu.net\/wordpress\/wp-content\/uploads\/2021\/01\/0ea72c49-a524-46ea-86f3-5afb475eb4f0-150x150.jpg 150w\" sizes=\"auto, (max-width: 200px) 100vw, 200px\" \/><\/a>\n\t\t\t\t<\/dt><\/dl><dl class='gallery-item'>\n\t\t\t\t<dt class='gallery-icon landscape'>\n\t\t\t\t\t<a class=\"rollover rollover-zoom dt-pswp-item\" title=\"42cc7156-77e0-4ce9-86e3-513668c79ba7\" data-dt-img-description=\"\" data-large_image_width=\"500\" data-large_image_height=\"260\"href='https:\/\/www.radiopiu.net\/wordpress\/wp-content\/uploads\/2021\/01\/42cc7156-77e0-4ce9-86e3-513668c79ba7.jpg'><img loading=\"lazy\" decoding=\"async\" width=\"300\" height=\"156\" src=\"https:\/\/www.radiopiu.net\/wordpress\/wp-content\/uploads\/2021\/01\/42cc7156-77e0-4ce9-86e3-513668c79ba7-300x156.jpg\" class=\"attachment-medium size-medium\" alt=\"\" srcset=\"https:\/\/www.radiopiu.net\/wordpress\/wp-content\/uploads\/2021\/01\/42cc7156-77e0-4ce9-86e3-513668c79ba7-300x156.jpg 300w, https:\/\/www.radiopiu.net\/wordpress\/wp-content\/uploads\/2021\/01\/42cc7156-77e0-4ce9-86e3-513668c79ba7.jpg 500w\" sizes=\"auto, (max-width: 300px) 100vw, 300px\" \/><\/a>\n\t\t\t\t<\/dt><\/dl><br style=\"clear: both\" \/>\n\t\t\t<\/div>\n\n<p>&nbsp;<\/p>\n<hr \/>\n<p>&nbsp;<\/p>\n<blockquote>\n<h2>BELLUNO: \u201cOCCASIONI DI INCONTRO\u201d PER LA FESTA DI SAN GIOVANNI BOSCO<\/h2>\n<\/blockquote>\n<p><strong>di RENATO BONA<\/strong><\/p>\n<p>\u201cE\u2019 vero, in questo tempo di pandemia (che a quanto si apprende ha colpito anche la comunit\u00e0 dell\u2019istituto salesiano bellunese \u201cAgosti\u201d &#8211; ndr.) non possiamo organizzare grandi cose, ma come salesiani attenti al mondo dei ragazzi e delle famiglie non possiamo stare solo a guardare. Ecco alcune iniziative per ricordare don Bosco e tenere viva in lui la sua attenzione educativa\u201d. Questo annuncio, preannunciato dal parroco di San Giovanni Bosco di Belluno don Claudio Zamperin alla conclusione della messa, e poi presente in un volantino distribuito ai fedeli, contiene il dettaglio delle \u201cOccasioni di incontro per la festa di Don Bosco nonostante la mascherina\u201d. Si tratta di tre appuntamenti per genitori, educatori, insegnanti e allenatori, che si terranno in videoconferenza sempre con inizio alle 20,30, via meet (per partecipare baster\u00e0 iscriversi nella pagina <span role=\"gridcell\"><a class=\"oajrlxb2 g5ia77u1 qu0x051f esr5mh6w e9989ue4 r7d6kgcz rq0escxv nhd2j8a9 nc684nl6 p7hjln8o kvgmc6g5 cxmmr5t8 oygrvhab hcukyx3x jb3vyjys rz4wbd8a qt6c0cv9 a8nywdso i1ao9s8h oo483o9r f1sip0of lzcic4wl oo9gr5id gpro0wi8\" tabindex=\"0\" role=\"link\" href=\"https:\/\/l.facebook.com\/l.php?u=http%3A%2F%2Fwww.agosti.it%2F%3Ffbclid%3DIwAR2BrZXukHY5YUbAIWo0ITeOWGDmkeLvNyD176RQ3zuDKAGA6pPTyxz-Btg&amp;h=AT1564sRL0qwIHBu4SF9VX14stXTN1acH1rWqpnXrCzOotJ838i5_93-7leOAQwCPg8O9GnU0Al_fzrcZg3mz_riM8qLs-XYWrgUvtUa2UTLSXbbzQPfK-n0oEdaxi339Go\" target=\"_blank\" rel=\"nofollow noopener\">www.agosti.it<\/a><\/span> alla sezione eventi: gli interessati riceveranno il link per la partecipazione il giorno prima della conferenza. Si parte marted\u00ec 26 gennaio con la video-conferenza sul tema: \u201cFigli connessi, genitori sconnessi? Genitori, come ci poniamo di fronte ai nostri figli \u2018digitali\u2019?\u201d; relatore sar\u00e0 don Giovanni Fasoli (psicologo clinico iscritto all\u2019Albo del veneto ed educatore sociale, sacerdote dell\u2019Opera famiglie di Nazareth, psicologo clinico iscritto all\u2019Albo del veneto ed educatore sociale; vive la sua vita con gli adolescenti e con i giovani che incontra nelle scuole, in momenti di spiritualit\u00e0 e in varie attivit\u00e0. Ancora: sta concludendo un master al Minotauro di Milano in psicologia delle nuove tecnologie e la scuola di psicoterapia Aetos di Venezia dove insegna all\u2019Universit\u00e0 Iusve nel dipartimento di psicologia e pedagogia, materie che riguardano la dimensione Cyber e Social: la WebLife. Tiene incontri di formazione nelle scuole, nelle associazioni e nelle parrocchie; ha un blog e scrive libri). Venerd\u00ec 29, alle 10,30: Kristian Ghedina incontra i ragazzi della scuola e alle 14,30 consegna l\u2019attestato di terza media agli allievi usciti lo scorso anno; domenica 31: alle 11 messa in onore di don Bosco e al termine simpatico e veloce aperitivo. Luned\u00ec 1 febbraio alle 9 messa con i ragazzi della scuola; dalle 10,30: giochi salesiani (sempre rispettando i protocolli). Marted\u00ec 2: video-conferenza sul tema: \u201cSport: un bisogno di campioni o di valori?\u201d, nuovo incontro con Ghedina, ex campione cortinese dello sci (il pi\u00f9 vittorioso discesista azzurro della storia con qualcosa come 33 poi in Coppa del mondo e tre medaglie ai mondiali; ha disputato 255 gare di Coppa del mondo0 con 167 gare di discesa libera, allenatore di sci \u00e8 stato anche pilota automobilista); Marcella Bounous, psicologa dello sport e pedagogista (\u00e8 presidente di Aisp e docente Iusve; da anni si occupa di preparazione mentale di atleti professionisti e non, sia di sport individuali che di squadra; \u00e8 \u201cformatore\u201d della Scuola dello sport del Coni); Elisa Calcamuggi, giornalista sportiva (lavora come reporter e inviata per la redazione di Sky sport 24; da inviata ha partecipato a tre edizioni dei Giochi olimpici invernali: Torino 2006, Vancouver 2010 e Sochi 2014; una edizione dei Giochi paralimpici invernali (Vancouver 2010); sette mondiali di sci alpino; un mondiale di sci nordico; un Tour de France e, fra l\u2019altro, cinque edizioni del Giro d\u2019Italia). Marted\u00ec 9, terza ed ultima video-conferenza sul tema: \u201cCosa sta insegnando alle nostre famiglie questa esperienza di lockdown? E la nostra fede, che fine ha fatto?\u201d, relatori don Nicola Giacopini (direttore Iusve dal marzo 2020, docente stabile dal 2015-16 per l\u2019insegnamento della psicologia della famiglia; diplomato alla Scuola quadriennale di specializzazione in terapia sistemica familiare nel Centro milanese di terapia) e la famiglia Pozzobon (Andrea \u00e8 docente di pedagogia della famiglia; entrambi sono responsabili della Pastorale familiare della Diocesi di Treviso; hanno 4 figli). Non pu\u00f2 mancare in chiusura un sintetico richiamo a \u201cDon Bosco, un cuore che batte per i giovani\u201d di cui ricorre il 31 di questo mese il 133. anniversario della scomparsa, al cui nome \u00e8 intitolata la bellunese chiesa parrocchiale (consacrata dal vescovo Gioacchino Muccin il 4-5 giugno del 1966) dei Salesiani (nel 1924, il 23 ottobre, su pressante, prolungato interessamento di don Antonio Sperti, giunsero a Belluno i primi tre: don Mario Signorini, don Francesco Carpen\u00e8 ed il coadiutore Lorenzo Del Favero) oltre alla piazzetta antistante l\u2019edificio sacro e l\u2019istituto salesiano Agosti. Ci aiuta la libera enciclopedia Wikipedia ricordando che \u201cGiovanni Melchiorre Bosco, meglio noto come don Bosco, figlio di Francesco e di Margherita Occhiena, \u00e8 stato un presbitero pedagogo, fondatore delle Congregazioni dei Salesiani e delle Figlie di Maria Ausiliatrice (presenti a Belluno fino a poche settimane fa nella scuola dell\u2019Infanzia Don Bosco\u201d \u2013 ndr.); \u00e8 stato canonizzato da Papa Pio XI nel 1934; \u00e8 considerato uno dei santi sociali torinesi. Nacque il 16 agosto 1815 a Castelnuovo Don Bosco e mor\u00ec a Torino il 31 gennaio 1888; \u00e8 patrono di educatori scolari, giovani, studenti ed editori; \u00e8 sepolto nella Basilica Maria Ausiliatrice di Torino<\/p>\n\n\t\t\t<style type='text\/css'>\n\t\t\t\t#gallery-6 {\n\t\t\t\t\tmargin: auto;\n\t\t\t\t}\n\t\t\t\t#gallery-6 .gallery-item {\n\t\t\t\t\tfloat: left;\n\t\t\t\t\tmargin-top: 10px;\n\t\t\t\t\ttext-align: center;\n\t\t\t\t\twidth: 16%;\n\t\t\t\t}\n\t\t\t\t#gallery-6 img {\n\t\t\t\t\tborder: 2px solid #cfcfcf;\n\t\t\t\t}\n\t\t\t\t#gallery-6 .gallery-caption {\n\t\t\t\t\tmargin-left: 0;\n\t\t\t\t}\n\t\t\t\t\/* see gallery_shortcode() in wp-includes\/media.php *\/\n\t\t\t<\/style>\n\t\t<div id='gallery-6' class='dt-gallery-container gallery galleryid-185377 gallery-columns-6 gallery-size-thumbnail'><dl class='gallery-item'>\n\t\t\t\t<dt class='gallery-icon landscape'>\n\t\t\t\t\t<a class=\"rollover rollover-zoom dt-pswp-item\" title=\"140328377_109516271007158_1303503394163025244_n\" data-dt-img-description=\"\" data-large_image_width=\"261\" data-large_image_height=\"143\"href='https:\/\/www.radiopiu.net\/wordpress\/wp-content\/uploads\/2021\/01\/140328377_109516271007158_1303503394163025244_n.jpg'><img loading=\"lazy\" decoding=\"async\" width=\"150\" height=\"143\" src=\"https:\/\/www.radiopiu.net\/wordpress\/wp-content\/uploads\/2021\/01\/140328377_109516271007158_1303503394163025244_n-150x143.jpg\" class=\"attachment-thumbnail size-thumbnail\" alt=\"\" \/><\/a>\n\t\t\t\t<\/dt><\/dl><dl class='gallery-item'>\n\t\t\t\t<dt class='gallery-icon portrait'>\n\t\t\t\t\t<a class=\"rollover rollover-zoom dt-pswp-item\" title=\"139986218_141863614318483_3728203095205027908_n\" data-dt-img-description=\"\" data-large_image_width=\"235\" data-large_image_height=\"254\"href='https:\/\/www.radiopiu.net\/wordpress\/wp-content\/uploads\/2021\/01\/139986218_141863614318483_3728203095205027908_n.jpg'><img loading=\"lazy\" decoding=\"async\" width=\"150\" height=\"150\" src=\"https:\/\/www.radiopiu.net\/wordpress\/wp-content\/uploads\/2021\/01\/139986218_141863614318483_3728203095205027908_n-150x150.jpg\" class=\"attachment-thumbnail size-thumbnail\" alt=\"\" \/><\/a>\n\t\t\t\t<\/dt><\/dl><dl class='gallery-item'>\n\t\t\t\t<dt class='gallery-icon portrait'>\n\t\t\t\t\t<a class=\"rollover rollover-zoom dt-pswp-item\" title=\"140089736_1849700398516156_1977718548575715284_n\" data-dt-img-description=\"\" data-large_image_width=\"151\" data-large_image_height=\"260\"href='https:\/\/www.radiopiu.net\/wordpress\/wp-content\/uploads\/2021\/01\/140089736_1849700398516156_1977718548575715284_n.jpg'><img loading=\"lazy\" decoding=\"async\" width=\"150\" height=\"150\" src=\"https:\/\/www.radiopiu.net\/wordpress\/wp-content\/uploads\/2021\/01\/140089736_1849700398516156_1977718548575715284_n-150x150.jpg\" class=\"attachment-thumbnail size-thumbnail\" alt=\"\" \/><\/a>\n\t\t\t\t<\/dt><\/dl><dl class='gallery-item'>\n\t\t\t\t<dt class='gallery-icon portrait'>\n\t\t\t\t\t<a class=\"rollover rollover-zoom dt-pswp-item\" title=\"140596088_201731911633912_981135444416888204_n\" data-dt-img-description=\"\" data-large_image_width=\"155\" data-large_image_height=\"260\"href='https:\/\/www.radiopiu.net\/wordpress\/wp-content\/uploads\/2021\/01\/140596088_201731911633912_981135444416888204_n.jpg'><img loading=\"lazy\" decoding=\"async\" width=\"150\" height=\"150\" src=\"https:\/\/www.radiopiu.net\/wordpress\/wp-content\/uploads\/2021\/01\/140596088_201731911633912_981135444416888204_n-150x150.jpg\" class=\"attachment-thumbnail size-thumbnail\" alt=\"\" \/><\/a>\n\t\t\t\t<\/dt><\/dl><dl class='gallery-item'>\n\t\t\t\t<dt class='gallery-icon landscape'>\n\t\t\t\t\t<a class=\"rollover rollover-zoom dt-pswp-item\" title=\"140057737_224624272638281_2487702617290247612_n\" data-dt-img-description=\"\" data-large_image_width=\"220\" data-large_image_height=\"165\"href='https:\/\/www.radiopiu.net\/wordpress\/wp-content\/uploads\/2021\/01\/140057737_224624272638281_2487702617290247612_n.jpg'><img loading=\"lazy\" decoding=\"async\" width=\"150\" height=\"150\" src=\"https:\/\/www.radiopiu.net\/wordpress\/wp-content\/uploads\/2021\/01\/140057737_224624272638281_2487702617290247612_n-150x150.jpg\" class=\"attachment-thumbnail size-thumbnail\" alt=\"\" \/><\/a>\n\t\t\t\t<\/dt><\/dl><dl class='gallery-item'>\n\t\t\t\t<dt class='gallery-icon portrait'>\n\t\t\t\t\t<a class=\"rollover rollover-zoom dt-pswp-item\" title=\"139784025_2743827842545568_4154473576399834059_n\" data-dt-img-description=\"\" data-large_image_width=\"168\" data-large_image_height=\"254\"href='https:\/\/www.radiopiu.net\/wordpress\/wp-content\/uploads\/2021\/01\/139784025_2743827842545568_4154473576399834059_n.jpg'><img loading=\"lazy\" decoding=\"async\" width=\"150\" height=\"150\" src=\"https:\/\/www.radiopiu.net\/wordpress\/wp-content\/uploads\/2021\/01\/139784025_2743827842545568_4154473576399834059_n-150x150.jpg\" class=\"attachment-thumbnail size-thumbnail\" alt=\"\" \/><\/a>\n\t\t\t\t<\/dt><\/dl><br style=\"clear: both\" \/><dl class='gallery-item'>\n\t\t\t\t<dt class='gallery-icon portrait'>\n\t\t\t\t\t<a class=\"rollover rollover-zoom dt-pswp-item\" title=\"140105097_313073820138177_3283955591419470932_n\" data-dt-img-description=\"\" data-large_image_width=\"219\" data-large_image_height=\"260\"href='https:\/\/www.radiopiu.net\/wordpress\/wp-content\/uploads\/2021\/01\/140105097_313073820138177_3283955591419470932_n.jpg'><img loading=\"lazy\" decoding=\"async\" width=\"150\" height=\"150\" src=\"https:\/\/www.radiopiu.net\/wordpress\/wp-content\/uploads\/2021\/01\/140105097_313073820138177_3283955591419470932_n-150x150.jpg\" class=\"attachment-thumbnail size-thumbnail\" alt=\"\" \/><\/a>\n\t\t\t\t<\/dt><\/dl><dl class='gallery-item'>\n\t\t\t\t<dt class='gallery-icon landscape'>\n\t\t\t\t\t<a class=\"rollover rollover-zoom dt-pswp-item\" title=\"139791102_3701398406620515_9072069499602710746_n\" data-dt-img-description=\"\" data-large_image_width=\"261\" data-large_image_height=\"145\"href='https:\/\/www.radiopiu.net\/wordpress\/wp-content\/uploads\/2021\/01\/139791102_3701398406620515_9072069499602710746_n.jpg'><img loading=\"lazy\" decoding=\"async\" width=\"150\" height=\"145\" src=\"https:\/\/www.radiopiu.net\/wordpress\/wp-content\/uploads\/2021\/01\/139791102_3701398406620515_9072069499602710746_n-150x145.jpg\" class=\"attachment-thumbnail size-thumbnail\" alt=\"\" \/><\/a>\n\t\t\t\t<\/dt><\/dl><dl class='gallery-item'>\n\t\t\t\t<dt class='gallery-icon portrait'>\n\t\t\t\t\t<a class=\"rollover rollover-zoom dt-pswp-item\" title=\"139936783_3906609279351364_7327777406827593091_n\" data-dt-img-description=\"\" data-large_image_width=\"168\" data-large_image_height=\"255\"href='https:\/\/www.radiopiu.net\/wordpress\/wp-content\/uploads\/2021\/01\/139936783_3906609279351364_7327777406827593091_n.jpg'><img loading=\"lazy\" decoding=\"async\" width=\"150\" height=\"150\" src=\"https:\/\/www.radiopiu.net\/wordpress\/wp-content\/uploads\/2021\/01\/139936783_3906609279351364_7327777406827593091_n-150x150.jpg\" class=\"attachment-thumbnail size-thumbnail\" alt=\"\" \/><\/a>\n\t\t\t\t<\/dt><\/dl><dl class='gallery-item'>\n\t\t\t\t<dt class='gallery-icon portrait'>\n\t\t\t\t\t<a class=\"rollover rollover-zoom dt-pswp-item\" title=\"139783910_442876703739209_4690545267050731449_n\" data-dt-img-description=\"\" data-large_image_width=\"258\" data-large_image_height=\"260\"href='https:\/\/www.radiopiu.net\/wordpress\/wp-content\/uploads\/2021\/01\/139783910_442876703739209_4690545267050731449_n.jpg'><img loading=\"lazy\" decoding=\"async\" width=\"150\" height=\"150\" src=\"https:\/\/www.radiopiu.net\/wordpress\/wp-content\/uploads\/2021\/01\/139783910_442876703739209_4690545267050731449_n-150x150.jpg\" class=\"attachment-thumbnail size-thumbnail\" alt=\"\" srcset=\"https:\/\/www.radiopiu.net\/wordpress\/wp-content\/uploads\/2021\/01\/139783910_442876703739209_4690545267050731449_n-150x150.jpg 150w, https:\/\/www.radiopiu.net\/wordpress\/wp-content\/uploads\/2021\/01\/139783910_442876703739209_4690545267050731449_n.jpg 258w\" sizes=\"auto, (max-width: 150px) 100vw, 150px\" \/><\/a>\n\t\t\t\t<\/dt><\/dl><dl class='gallery-item'>\n\t\t\t\t<dt class='gallery-icon portrait'>\n\t\t\t\t\t<a class=\"rollover rollover-zoom dt-pswp-item\" title=\"140215832_730510260932304_2805808548413414883_n\" data-dt-img-description=\"\" data-large_image_width=\"228\" data-large_image_height=\"262\"href='https:\/\/www.radiopiu.net\/wordpress\/wp-content\/uploads\/2021\/01\/140215832_730510260932304_2805808548413414883_n.jpg'><img loading=\"lazy\" decoding=\"async\" width=\"150\" height=\"150\" src=\"https:\/\/www.radiopiu.net\/wordpress\/wp-content\/uploads\/2021\/01\/140215832_730510260932304_2805808548413414883_n-150x150.jpg\" class=\"attachment-thumbnail size-thumbnail\" alt=\"\" \/><\/a>\n\t\t\t\t<\/dt><\/dl><dl class='gallery-item'>\n\t\t\t\t<dt class='gallery-icon portrait'>\n\t\t\t\t\t<a class=\"rollover rollover-zoom dt-pswp-item\" title=\"140097946_868216053997694_4336208714130649554_n\" data-dt-img-description=\"\" data-large_image_width=\"180\" data-large_image_height=\"258\"href='https:\/\/www.radiopiu.net\/wordpress\/wp-content\/uploads\/2021\/01\/140097946_868216053997694_4336208714130649554_n.jpg'><img loading=\"lazy\" decoding=\"async\" width=\"150\" height=\"150\" src=\"https:\/\/www.radiopiu.net\/wordpress\/wp-content\/uploads\/2021\/01\/140097946_868216053997694_4336208714130649554_n-150x150.jpg\" class=\"attachment-thumbnail size-thumbnail\" alt=\"\" \/><\/a>\n\t\t\t\t<\/dt><\/dl><br style=\"clear: both\" \/>\n\t\t\t<\/div>\n\n<p>&nbsp;<\/p>\n<p>NELLE FOTO (Renato Bona; Wikipedia; riproduzioni da due vecchi ciclostilati e dal volantino-annuncio della Parrocchia bellunese): San Giovanni Bosco in un santino; il santuario di Santa Maria ausiliatrice di Torino con il corpo del Santo; visione della chiesa parrocchiale di Don Bosco e dell\u2019Istituto salesiano Agosti a Belluno; la copertina del ciclostilato stampato per la consacrazione della parrocchiale di San Giovanni Bosco e quella che ricorda l\u2019arrivo dei Salesiani a Belluno; il volantino con le iniziative proposte per la \u201cFesta di don Bosco\u201d; don Giovanni Fasoli; Kristian Ghedina; Marcella Bounous; Elisa Calcamuggi; don Nicola Giacopini; i coniugi Pozzobon.<\/p>\n<p>&nbsp;<\/p>\n<p>&nbsp;<\/p>\n<p>&nbsp;<\/p>\n<hr \/>\n<p>&nbsp;<\/p>\n<p>&nbsp;<\/p>\n<blockquote class=\"wp-embedded-content\" data-secret=\"gmzDhFdiJk\"><p><a href=\"https:\/\/www.radiopiu.net\/wordpress\/conosciamo-la-corale-di-limana-con-le-interviste-di-silvia-baldo\/\">CONOSCIAMO LA CORALE DI LIMANA CON LE INTERVISTE DI SILVIA BALDO<\/a><\/p><\/blockquote>\n<p><iframe loading=\"lazy\" class=\"wp-embedded-content\" sandbox=\"allow-scripts\" security=\"restricted\" style=\"position: absolute; clip: rect(1px, 1px, 1px, 1px);\" title=\"&#8220;CONOSCIAMO LA CORALE DI LIMANA CON LE INTERVISTE DI SILVIA BALDO&#8221; &#8212; Radio Pi\u00f9\" src=\"https:\/\/www.radiopiu.net\/wordpress\/conosciamo-la-corale-di-limana-con-le-interviste-di-silvia-baldo\/embed\/#?secret=gmzDhFdiJk\" data-secret=\"gmzDhFdiJk\" width=\"600\" height=\"338\" frameborder=\"0\" marginwidth=\"0\" marginheight=\"0\" scrolling=\"no\"><\/iframe><\/p>\n<p>&nbsp;<\/p>\n<p>&nbsp;<\/p>\n<p>&nbsp;<\/p>\n<hr \/>\n<p>&nbsp;<\/p>\n<h2><span style=\"color: #ff0000;\">IERI ALLA RADIO<\/span><\/h2>\n<h2><a href=\"https:\/\/www.radiopiu.net\/wordpress\/al-via-il-servizio-civile-regionale-2020\/servizio-civile-bellunese-2\/\" rel=\"attachment wp-att-158687\"><img loading=\"lazy\" decoding=\"async\" class=\"size-medium wp-image-158687 alignleft\" src=\"https:\/\/www.radiopiu.net\/wordpress\/wp-content\/uploads\/2020\/08\/SERVIZIO-CIVILE-BELLUNESE-300x225.jpg\" alt=\"\" width=\"300\" height=\"225\" srcset=\"https:\/\/www.radiopiu.net\/wordpress\/wp-content\/uploads\/2020\/08\/SERVIZIO-CIVILE-BELLUNESE-300x225.jpg 300w, https:\/\/www.radiopiu.net\/wordpress\/wp-content\/uploads\/2020\/08\/SERVIZIO-CIVILE-BELLUNESE-1024x768.jpg 1024w, https:\/\/www.radiopiu.net\/wordpress\/wp-content\/uploads\/2020\/08\/SERVIZIO-CIVILE-BELLUNESE-768x576.jpg 768w, https:\/\/www.radiopiu.net\/wordpress\/wp-content\/uploads\/2020\/08\/SERVIZIO-CIVILE-BELLUNESE-1536x1152.jpg 1536w, https:\/\/www.radiopiu.net\/wordpress\/wp-content\/uploads\/2020\/08\/SERVIZIO-CIVILE-BELLUNESE-640x480.jpg 640w, https:\/\/www.radiopiu.net\/wordpress\/wp-content\/uploads\/2020\/08\/SERVIZIO-CIVILE-BELLUNESE.jpg 2048w\" sizes=\"auto, (max-width: 300px) 100vw, 300px\" \/><\/a><span style=\"color: #800080;\">DAL CSV DI BELLUNO PAOLO CAPRARO<\/span><\/h2>\n<p><strong>di Claudio Fontanive<\/strong><\/p>\n<audio class=\"wp-audio-shortcode\" id=\"audio-185377-10\" preload=\"none\" style=\"width: 100%;\" controls=\"controls\"><source type=\"audio\/mpeg\" src=\"https:\/\/www.radiopiu.net\/wordpress\/wp-content\/uploads\/2021\/01\/paolo-capraro-csv.mp3?_=10\" \/><a href=\"https:\/\/www.radiopiu.net\/wordpress\/wp-content\/uploads\/2021\/01\/paolo-capraro-csv.mp3\">https:\/\/www.radiopiu.net\/wordpress\/wp-content\/uploads\/2021\/01\/paolo-capraro-csv.mp3<\/a><\/audio>\n<p>&nbsp;<\/p>\n<hr \/>\n<p>&nbsp;<\/p>\n<div dir=\"auto\">\n<blockquote>\n<h2>FANTASTICHE DOLOMITI, NUOVA STAGIONE. APPUNTAMENTO QUINDICINALE IL GIOVEDI ALLE 10.30 E 19.00<\/h2>\n<\/blockquote>\n<h1>LA RACCOLTA COMPLETA<\/h1>\n<blockquote class=\"wp-embedded-content\" data-secret=\"13XOiqIqTh\"><p><a href=\"https:\/\/www.radiopiu.net\/wordpress\/https-wp-me-p63lo7-gyg\/\">FANTASTICHE DOLOMITI 7^ PUNTATA: IL QUINDICINALE APPUNTAMENTO ALLA RADIO<\/a><\/p><\/blockquote>\n<p><iframe loading=\"lazy\" class=\"wp-embedded-content\" sandbox=\"allow-scripts\" security=\"restricted\" style=\"position: absolute; clip: rect(1px, 1px, 1px, 1px);\" title=\"&#8220;FANTASTICHE DOLOMITI 7^ PUNTATA: IL QUINDICINALE APPUNTAMENTO ALLA RADIO&#8221; &#8212; Radio Pi\u00f9\" src=\"https:\/\/www.radiopiu.net\/wordpress\/https-wp-me-p63lo7-gyg\/embed\/#?secret=13XOiqIqTh\" data-secret=\"13XOiqIqTh\" width=\"600\" height=\"338\" frameborder=\"0\" marginwidth=\"0\" marginheight=\"0\" scrolling=\"no\"><\/iframe><\/p>\n<div class=\"mw-parser-output\">\n<p>&nbsp;<\/p>\n<\/div>\n<p>&nbsp;<\/p>\n<p>&nbsp;<\/p>\n<hr \/>\n<blockquote>\n<h2><\/h2>\n<h2>SALUTE E SOCIETA&#8217; IL LUNEDI ALLE 13.10 E ALLE 20.10, LA DOMENICA ALLE 10.30 A CURA DEL DOTTOR MARCO CARACCIOLO. QUINTA STAGIONE<\/h2>\n<\/blockquote>\n<p><strong><span style=\"color: #ff0000;\">LA PUNTATA DELLA SETTIMANA\u00a0<\/span><\/strong><\/p>\n<p>L\u2019obesit\u00e0 e il sovrappeso riguardano 25 milioni di italiani, il 46,1% della popolazione adulta. Per fornire una serie di informazioni realmente corrette e accreditate, ma al tempo stesso di facile comprensione, rispetto alle cause del problema, e ai possibili trattamenti e ai comportamenti da assumere, \u00e8 nato il portale \u201cLa verit\u00e0 sul peso\u201d, nuovo spazio virtuale di Novo Nordisk con notizie, articoli di approfondimento, suggerimenti e consigli proposti da un board scientifico scelto con rigore e qualit\u00e0. Michele Sculati, Medico specialista in scienza dell\u2019alimentazione Giovanna Muscogiuri, Medico chirurgo specializzato in endocrinologia e malattie del metabolismo<\/p>\n<audio class=\"wp-audio-shortcode\" id=\"audio-185377-11\" preload=\"none\" style=\"width: 100%;\" controls=\"controls\"><source type=\"audio\/mpeg\" src=\"https:\/\/www.radiopiu.net\/wordpress\/wp-content\/uploads\/2021\/01\/SALUTE-1.mp3?_=11\" \/><a href=\"https:\/\/www.radiopiu.net\/wordpress\/wp-content\/uploads\/2021\/01\/SALUTE-1.mp3\">https:\/\/www.radiopiu.net\/wordpress\/wp-content\/uploads\/2021\/01\/SALUTE-1.mp3<\/a><\/audio>\n<p>&nbsp;<\/p>\n<h3>LA RACCOLTA COMPLETA<\/h3>\n<blockquote class=\"wp-embedded-content\" data-secret=\"0CbLVMZxFe\"><p><a href=\"https:\/\/www.radiopiu.net\/wordpress\/saluteesocieta\/\">Salute e Societ\u00e0<\/a><\/p><\/blockquote>\n<p><iframe loading=\"lazy\" class=\"wp-embedded-content\" sandbox=\"allow-scripts\" security=\"restricted\" style=\"position: absolute; clip: rect(1px, 1px, 1px, 1px);\" title=\"&#8220;Salute e Societ\u00e0&#8221; &#8212; Radio Pi\u00f9\" src=\"https:\/\/www.radiopiu.net\/wordpress\/saluteesocieta\/embed\/#?secret=0CbLVMZxFe\" data-secret=\"0CbLVMZxFe\" width=\"600\" height=\"338\" frameborder=\"0\" marginwidth=\"0\" marginheight=\"0\" scrolling=\"no\"><\/iframe><\/p>\n<hr \/>\n<h2><\/h2>\n<h2><span style=\"color: #ff0000;\"><a href=\"https:\/\/www.radiopiu.net\/wordpress\/giornale-radiopiu-05-gennaio-2021-direttore-mirko-mezzacasa\/133200401_100838761953611_1258544160541445132_o-2\/\" rel=\"attachment wp-att-183078\"><img loading=\"lazy\" decoding=\"async\" class=\" wp-image-183078 alignleft\" src=\"https:\/\/www.radiopiu.net\/wordpress\/wp-content\/uploads\/2021\/01\/133200401_100838761953611_1258544160541445132_o-1-300x157.jpg\" alt=\"\" width=\"192\" height=\"101\" srcset=\"https:\/\/www.radiopiu.net\/wordpress\/wp-content\/uploads\/2021\/01\/133200401_100838761953611_1258544160541445132_o-1-300x157.jpg 300w, https:\/\/www.radiopiu.net\/wordpress\/wp-content\/uploads\/2021\/01\/133200401_100838761953611_1258544160541445132_o-1.jpg 526w\" sizes=\"auto, (max-width: 192px) 100vw, 192px\" \/><\/a>GOCCE DI FILOSOFIA, CON CHIARA CAU, CON LISA DE LUCA. <\/span><\/h2>\n<h2><\/h2>\n<h2><span style=\"color: #ff0000;\">TUTTI I GIORNI DAL LUNEDI AL VENERDI ALLE 6.55 E ALLE 18.55<\/span><\/h2>\n<p><strong>PUNTATA 11<\/strong><\/p>\n<audio class=\"wp-audio-shortcode\" id=\"audio-185377-12\" preload=\"none\" style=\"width: 100%;\" controls=\"controls\"><source type=\"audio\/mpeg\" src=\"https:\/\/www.radiopiu.net\/wordpress\/wp-content\/uploads\/2020\/10\/FI1-1.mp3?_=12\" \/><a href=\"https:\/\/www.radiopiu.net\/wordpress\/wp-content\/uploads\/2020\/10\/FI1-1.mp3\">https:\/\/www.radiopiu.net\/wordpress\/wp-content\/uploads\/2020\/10\/FI1-1.mp3<\/a><\/audio>\n<p>&nbsp;<\/p>\n<h3>LA RACCOLTA COMPLETA<\/h3>\n<blockquote class=\"wp-embedded-content\" data-secret=\"iIicm0UtuI\"><p><a href=\"https:\/\/www.radiopiu.net\/wordpress\/gocce-filosofia\/\">Gocce di filosofia<\/a><\/p><\/blockquote>\n<p><iframe loading=\"lazy\" class=\"wp-embedded-content\" sandbox=\"allow-scripts\" security=\"restricted\" style=\"position: absolute; clip: rect(1px, 1px, 1px, 1px);\" title=\"&#8220;Gocce di filosofia&#8221; &#8212; Radio Pi\u00f9\" src=\"https:\/\/www.radiopiu.net\/wordpress\/gocce-filosofia\/embed\/#?secret=iIicm0UtuI\" data-secret=\"iIicm0UtuI\" width=\"600\" height=\"338\" frameborder=\"0\" marginwidth=\"0\" marginheight=\"0\" scrolling=\"no\"><\/iframe><\/p>\n<p>&nbsp;<\/p>\n<hr \/>\n<p>&nbsp;<\/p>\n<div class=\"im_message_wrap clearfix\">\n<div class=\"im_content_message_wrap im_message_out\">\n<h2><span style=\"color: #ff0000;\">IERI ALLA RADIO\u00a0 IN VIVO VERSO 2020-21<\/span><\/h2>\n<p><strong><span style=\"color: #0000ff;\">IN ONDA DAL LUNEDI AL VENERDI ALLE 7.10, 10.10, 18.50\u00a0<\/span><\/strong><\/p>\n<blockquote class=\"wp-embedded-content\" data-secret=\"Vd05G3XEnv\"><p><a href=\"https:\/\/www.radiopiu.net\/wordpress\/mascherine-di-dario-de-nardin\/\">MASCHERINE di DARIO DE NARDIN<\/a><\/p><\/blockquote>\n<p><iframe loading=\"lazy\" class=\"wp-embedded-content\" sandbox=\"allow-scripts\" security=\"restricted\" style=\"position: absolute; clip: rect(1px, 1px, 1px, 1px);\" title=\"&#8220;MASCHERINE di DARIO DE NARDIN&#8221; &#8212; Radio Pi\u00f9\" src=\"https:\/\/www.radiopiu.net\/wordpress\/mascherine-di-dario-de-nardin\/embed\/#?secret=Vd05G3XEnv\" data-secret=\"Vd05G3XEnv\" width=\"600\" height=\"338\" frameborder=\"0\" marginwidth=\"0\" marginheight=\"0\" scrolling=\"no\"><\/iframe><\/p>\n<p><strong><span style=\"font-family: Verdana, sans-serif;\"><span style=\"font-size: medium;\">LA RACCOLTA COMPLETA, TUTTE LE COLLEZIONI<\/span><\/span><\/strong><\/p>\n<blockquote class=\"wp-embedded-content\" data-secret=\"jeHzSJ4TBi\"><p><a href=\"https:\/\/www.radiopiu.net\/wordpress\/in-vivo-verso\/\">In Vivo Verso<\/a><\/p><\/blockquote>\n<p><iframe loading=\"lazy\" class=\"wp-embedded-content\" sandbox=\"allow-scripts\" security=\"restricted\" style=\"position: absolute; clip: rect(1px, 1px, 1px, 1px);\" title=\"&#8220;In Vivo Verso&#8221; &#8212; Radio Pi\u00f9\" src=\"https:\/\/www.radiopiu.net\/wordpress\/in-vivo-verso\/embed\/#?secret=jeHzSJ4TBi\" data-secret=\"jeHzSJ4TBi\" width=\"600\" height=\"338\" frameborder=\"0\" marginwidth=\"0\" marginheight=\"0\" scrolling=\"no\"><\/iframe><\/p>\n<p>&nbsp;<\/p>\n<\/div>\n<\/div>\n<hr \/>\n<p>&nbsp;<\/p>\n<h2>007 IN CONDOTTA CON LA PROF. MARIA ROSA SALMAZO IL LUNEDI ALLE 10,30 E ALLE 19.00 LA DOMENICA ALLE 8 DEL MATTINO. NONA STAGIONE<\/h2>\n<p><span style=\"color: #ff0000;\"><strong><a href=\"https:\/\/www.radiopiu.net\/wordpress\/colori-chiusure-ragazzi\/temperature-check-up-schoolchildren-passing-temperature-control-while-entering-school_259150-2437\/\" rel=\"attachment wp-att-185427\"><img loading=\"lazy\" decoding=\"async\" class=\"wp-image-185427 alignleft\" src=\"https:\/\/www.radiopiu.net\/wordpress\/wp-content\/uploads\/2021\/01\/temperature-check-up-schoolchildren-passing-temperature-control-while-entering-school_259150-2437-300x200.jpg\" alt=\"\" width=\"189\" height=\"126\" srcset=\"https:\/\/www.radiopiu.net\/wordpress\/wp-content\/uploads\/2021\/01\/temperature-check-up-schoolchildren-passing-temperature-control-while-entering-school_259150-2437-300x200.jpg 300w, https:\/\/www.radiopiu.net\/wordpress\/wp-content\/uploads\/2021\/01\/temperature-check-up-schoolchildren-passing-temperature-control-while-entering-school_259150-2437.jpg 626w\" sizes=\"auto, (max-width: 189px) 100vw, 189px\" \/><\/a><\/strong><\/span><\/p>\n<p>&nbsp;<\/p>\n<p>&nbsp;<\/p>\n<p><span style=\"color: #ff0000;\"><strong>LA PUNTATA DELLA SETTIMANA <\/strong><\/span><\/p>\n<p><strong>COLORI, CHIUSURE, RAGAZZI&#8230;<\/strong><\/p>\n<audio class=\"wp-audio-shortcode\" id=\"audio-185377-13\" preload=\"none\" style=\"width: 100%;\" controls=\"controls\"><source type=\"audio\/mpeg\" src=\"https:\/\/www.radiopiu.net\/wordpress\/wp-content\/uploads\/2021\/01\/007-18-gennaio.mp3?_=13\" \/><a href=\"https:\/\/www.radiopiu.net\/wordpress\/wp-content\/uploads\/2021\/01\/007-18-gennaio.mp3\">https:\/\/www.radiopiu.net\/wordpress\/wp-content\/uploads\/2021\/01\/007-18-gennaio.mp3<\/a><\/audio>\n<h2>LA RACCOLTA COMPLETA<\/h2>\n<blockquote class=\"wp-embedded-content\" data-secret=\"t9zC6hfb3F\"><p><a href=\"https:\/\/www.radiopiu.net\/wordpress\/007incondotta-9\/\">007 in condotta<\/a><\/p><\/blockquote>\n<p><iframe loading=\"lazy\" class=\"wp-embedded-content\" sandbox=\"allow-scripts\" security=\"restricted\" style=\"position: absolute; clip: rect(1px, 1px, 1px, 1px);\" title=\"&#8220;007 in condotta&#8221; &#8212; Radio Pi\u00f9\" src=\"https:\/\/www.radiopiu.net\/wordpress\/007incondotta-9\/embed\/#?secret=t9zC6hfb3F\" data-secret=\"t9zC6hfb3F\" width=\"600\" height=\"338\" frameborder=\"0\" marginwidth=\"0\" marginheight=\"0\" scrolling=\"no\"><\/iframe><\/p>\n<p>&nbsp;<\/p>\n<p>&nbsp;<\/p>\n<p>&nbsp;<\/p>\n<hr \/>\n<p>&nbsp;<\/p>\n<blockquote>\n<h2><a href=\"https:\/\/www.radiopiu.net\/wordpress\/speciale-solidarieta-veneto\/solidarieta-veneto-3\/\" rel=\"attachment wp-att-134366\"><img loading=\"lazy\" decoding=\"async\" class=\"wp-image-134366 alignleft\" src=\"https:\/\/www.radiopiu.net\/wordpress\/wp-content\/uploads\/2020\/05\/solidariet\u00e0-veneto-300x210.jpg\" alt=\"\" width=\"102\" height=\"71\" srcset=\"https:\/\/www.radiopiu.net\/wordpress\/wp-content\/uploads\/2020\/05\/solidariet\u00e0-veneto-300x210.jpg 300w, https:\/\/www.radiopiu.net\/wordpress\/wp-content\/uploads\/2020\/05\/solidariet\u00e0-veneto-1024x717.jpg 1024w, https:\/\/www.radiopiu.net\/wordpress\/wp-content\/uploads\/2020\/05\/solidariet\u00e0-veneto-768x538.jpg 768w, https:\/\/www.radiopiu.net\/wordpress\/wp-content\/uploads\/2020\/05\/solidariet\u00e0-veneto.jpg 1373w\" sizes=\"auto, (max-width: 102px) 100vw, 102px\" \/><\/a>SOLIDARIETA&#8217; VENETO FONDO PENSIONE, IN ONDA IL PRIMO VENERDI DEL MESE ALLE 10.30 E ALLE 19.00 QUINTA STAGIONE<\/h2>\n<\/blockquote>\n<p><strong>AUDIO<\/strong><\/p>\n<audio class=\"wp-audio-shortcode\" id=\"audio-185377-14\" preload=\"none\" style=\"width: 100%;\" controls=\"controls\"><source type=\"audio\/mpeg\" src=\"https:\/\/www.radiopiu.net\/wordpress\/wp-content\/uploads\/2020\/10\/solidarieta-veneto-gennaio.mp3?_=14\" \/><a href=\"https:\/\/www.radiopiu.net\/wordpress\/wp-content\/uploads\/2020\/10\/solidarieta-veneto-gennaio.mp3\">https:\/\/www.radiopiu.net\/wordpress\/wp-content\/uploads\/2020\/10\/solidarieta-veneto-gennaio.mp3<\/a><\/audio>\n<p>&nbsp;<\/p>\n<blockquote>\n<h2>RACCOLTA COMPLETA<\/h2>\n<\/blockquote>\n<blockquote class=\"wp-embedded-content\" data-secret=\"5sAbmv0fsd\"><p><a href=\"https:\/\/www.radiopiu.net\/wordpress\/solidarieta-veneto\/\">Solidariet\u00e0 Veneto<\/a><\/p><\/blockquote>\n<p><iframe loading=\"lazy\" class=\"wp-embedded-content\" sandbox=\"allow-scripts\" security=\"restricted\" style=\"position: absolute; clip: rect(1px, 1px, 1px, 1px);\" title=\"&#8220;Solidariet\u00e0 Veneto&#8221; &#8212; Radio Pi\u00f9\" src=\"https:\/\/www.radiopiu.net\/wordpress\/solidarieta-veneto\/embed\/#?secret=5sAbmv0fsd\" data-secret=\"5sAbmv0fsd\" width=\"600\" height=\"338\" frameborder=\"0\" marginwidth=\"0\" marginheight=\"0\" scrolling=\"no\"><\/iframe><\/p>\n<p>&nbsp;<\/p>\n<p>&nbsp;<\/p>\n<hr \/>\n<p>&nbsp;<\/p>\n<h2><span style=\"color: #808000;\">DUE MINUTI UN LIBRO\u00a0 TUTTI I GIORNI ALLA RADIO ALLE 9.30 E ALLE 18. QUINTA STAGIONE\u00a0<\/span><\/h2>\n<blockquote class=\"wp-embedded-content\" data-secret=\"luCJIXKMSW\"><p><a href=\"https:\/\/www.radiopiu.net\/wordpress\/la-formula-per-la-felicita\/\">LA FORMULA PER LA FELICITA&#8217;<\/a><\/p><\/blockquote>\n<p><iframe loading=\"lazy\" class=\"wp-embedded-content\" sandbox=\"allow-scripts\" security=\"restricted\" style=\"position: absolute; clip: rect(1px, 1px, 1px, 1px);\" title=\"&#8220;LA FORMULA PER LA FELICITA&#8217;&#8221; &#8212; Radio Pi\u00f9\" src=\"https:\/\/www.radiopiu.net\/wordpress\/la-formula-per-la-felicita\/embed\/#?secret=luCJIXKMSW\" data-secret=\"luCJIXKMSW\" width=\"600\" height=\"338\" frameborder=\"0\" marginwidth=\"0\" marginheight=\"0\" scrolling=\"no\"><\/iframe><\/p>\n<h2>LA RACCOLTA COMPLETA<\/h2>\n<blockquote class=\"wp-embedded-content\" data-secret=\"4x8y5TtaoQ\"><p><a href=\"https:\/\/www.radiopiu.net\/wordpress\/due-minuti-un-libro\/\">Due minuti un libro<\/a><\/p><\/blockquote>\n<p><iframe loading=\"lazy\" class=\"wp-embedded-content\" sandbox=\"allow-scripts\" security=\"restricted\" style=\"position: absolute; clip: rect(1px, 1px, 1px, 1px);\" title=\"&#8220;Due minuti un libro&#8221; &#8212; Radio Pi\u00f9\" src=\"https:\/\/www.radiopiu.net\/wordpress\/due-minuti-un-libro\/embed\/#?secret=4x8y5TtaoQ\" data-secret=\"4x8y5TtaoQ\" width=\"600\" height=\"338\" frameborder=\"0\" marginwidth=\"0\" marginheight=\"0\" scrolling=\"no\"><\/iframe><\/p>\n<p>&nbsp;<\/p>\n<hr \/>\n<p>&nbsp;<\/p>\n<p>&nbsp;<\/p>\n<blockquote>\n<h2>CASSA SOLIDARIET\u00c0 LUXOTTICA<\/h2>\n<\/blockquote>\n<h3><strong><span style=\"color: #ff0000;\">IL NUMERO DI GENNAIO CON PAOLO CHISSALE&#8217; E FABRIZIO CAMPEDEL\u00a0\u00a0<\/span><\/strong><\/h3>\n<audio class=\"wp-audio-shortcode\" id=\"audio-185377-15\" preload=\"none\" style=\"width: 100%;\" controls=\"controls\"><source type=\"audio\/mpeg\" src=\"https:\/\/www.radiopiu.net\/wordpress\/wp-content\/uploads\/2021\/01\/ca-sol-lux-gennaio.mp3?_=15\" \/><a href=\"https:\/\/www.radiopiu.net\/wordpress\/wp-content\/uploads\/2021\/01\/ca-sol-lux-gennaio.mp3\">https:\/\/www.radiopiu.net\/wordpress\/wp-content\/uploads\/2021\/01\/ca-sol-lux-gennaio.mp3<\/a><\/audio>\n<blockquote>\n<h2>RACCOLTA COMPLETA<\/h2>\n<\/blockquote>\n<blockquote class=\"wp-embedded-content\" data-secret=\"lEHe3uOHlf\"><p><a href=\"https:\/\/www.radiopiu.net\/wordpress\/cassa-solidarieta-luxottica-puntata-del-16-ottobre-2020\/\">CASSA SOLIDARIET\u00c0 LUXOTTICA &#8211; PUNTATA DEL 20 NOVEMBRE 2020<\/a><\/p><\/blockquote>\n<p><iframe loading=\"lazy\" class=\"wp-embedded-content\" sandbox=\"allow-scripts\" security=\"restricted\" style=\"position: absolute; clip: rect(1px, 1px, 1px, 1px);\" title=\"&#8220;CASSA SOLIDARIET\u00c0 LUXOTTICA &#8211; PUNTATA DEL 20 NOVEMBRE 2020&#8221; &#8212; Radio Pi\u00f9\" src=\"https:\/\/www.radiopiu.net\/wordpress\/cassa-solidarieta-luxottica-puntata-del-16-ottobre-2020\/embed\/#?secret=lEHe3uOHlf\" data-secret=\"lEHe3uOHlf\" width=\"600\" height=\"338\" frameborder=\"0\" marginwidth=\"0\" marginheight=\"0\" scrolling=\"no\"><\/iframe><\/p>\n<p>&nbsp;<\/p>\n<hr \/>\n<p>&nbsp;<\/p>\n<p>&nbsp;<\/p>\n<blockquote class=\"wp-embedded-content\" data-secret=\"jSufASOq6x\"><p><a href=\"https:\/\/www.radiopiu.net\/wordpress\/184594-2\/\">CISL LA VOCE DEI LAVORATORI, CON PAOLO CHISSALE&#8217;<\/a><\/p><\/blockquote>\n<p><iframe loading=\"lazy\" class=\"wp-embedded-content\" sandbox=\"allow-scripts\" security=\"restricted\" style=\"position: absolute; clip: rect(1px, 1px, 1px, 1px);\" title=\"&#8220;CISL LA VOCE DEI LAVORATORI, CON PAOLO CHISSALE&#8217;&#8221; &#8212; Radio Pi\u00f9\" src=\"https:\/\/www.radiopiu.net\/wordpress\/184594-2\/embed\/#?secret=jSufASOq6x\" data-secret=\"jSufASOq6x\" width=\"600\" height=\"338\" frameborder=\"0\" marginwidth=\"0\" marginheight=\"0\" scrolling=\"no\"><\/iframe><\/p>\n<div>\n<p>&nbsp;<\/p>\n<p>&nbsp;<\/p>\n<hr \/>\n<p>&nbsp;<\/p>\n<h2><span style=\"color: #800080;\"><strong>LA RASSEGNA STAMPA DA L&#8217;AMICO DEL POPOLO\u00a0<\/strong><\/span><\/h2>\n<h1 class=\"kvgmc6g5 cxmmr5t8 oygrvhab hcukyx3x c1et5uql\"><span style=\"color: #0000ff;\">RADIO PIU INFORMAZIONE il canale su TELEGRAM informazione di prima mano e in tempo reale. iscriviti ed aiutaci a farlo conoscere\u00a0<\/span><\/h1>\n<p><strong><a href=\"https:\/\/www.radiopiu.net\/wordpress\/la-rassegna-stampa-da-lamico-del-popolo-16-gennaio-2021\/adriana-lotto-presidente-associazione-culturale-tina-merlin\/\" rel=\"attachment wp-att-185251\"><img loading=\"lazy\" decoding=\"async\" class=\"wp-image-185251 alignleft\" src=\"https:\/\/www.radiopiu.net\/wordpress\/wp-content\/uploads\/2021\/01\/Adriana-Lotto-Presidente-Associazione-Culturale-Tina-Merlin-300x274.png\" alt=\"\" width=\"146\" height=\"133\" srcset=\"https:\/\/www.radiopiu.net\/wordpress\/wp-content\/uploads\/2021\/01\/Adriana-Lotto-Presidente-Associazione-Culturale-Tina-Merlin-300x274.png 300w, https:\/\/www.radiopiu.net\/wordpress\/wp-content\/uploads\/2021\/01\/Adriana-Lotto-Presidente-Associazione-Culturale-Tina-Merlin.png 696w\" sizes=\"auto, (max-width: 146px) 100vw, 146px\" \/><\/a>PUNTATA DEL 16 GENNAIO 2021<\/strong><\/p>\n<p><strong>OSPITE: Adriana Lotto Presidente Associazione Culturale Tina Merlin<\/strong><\/p>\n<audio class=\"wp-audio-shortcode\" id=\"audio-185377-16\" preload=\"none\" style=\"width: 100%;\" controls=\"controls\"><source type=\"audio\/mpeg\" src=\"https:\/\/www.radiopiu.net\/wordpress\/wp-content\/uploads\/2021\/01\/RASSEGNA-GIANNI-1.mp3?_=16\" \/><a href=\"https:\/\/www.radiopiu.net\/wordpress\/wp-content\/uploads\/2021\/01\/RASSEGNA-GIANNI-1.mp3\">https:\/\/www.radiopiu.net\/wordpress\/wp-content\/uploads\/2021\/01\/RASSEGNA-GIANNI-1.mp3<\/a><\/audio>\n<p><strong>LA RACCOLTA COMPLETA<\/strong><\/p>\n<blockquote class=\"wp-embedded-content\" data-secret=\"gWhfLotjIl\"><p><a href=\"https:\/\/www.radiopiu.net\/wordpress\/rassegna-stampa-di-gianni-santomaso\/\">Rassegna stampa da l&#8217;amico del popolo &#8211; di Gianni Santomaso<\/a><\/p><\/blockquote>\n<p><iframe loading=\"lazy\" class=\"wp-embedded-content\" sandbox=\"allow-scripts\" security=\"restricted\" style=\"position: absolute; clip: rect(1px, 1px, 1px, 1px);\" title=\"&#8220;Rassegna stampa da l&#8217;amico del popolo &#8211; di Gianni Santomaso&#8221; &#8212; Radio Pi\u00f9\" src=\"https:\/\/www.radiopiu.net\/wordpress\/rassegna-stampa-di-gianni-santomaso\/embed\/#?secret=gWhfLotjIl\" data-secret=\"gWhfLotjIl\" width=\"600\" height=\"338\" frameborder=\"0\" marginwidth=\"0\" marginheight=\"0\" scrolling=\"no\"><\/iframe><\/p>\n<p>&nbsp;<\/p>\n<p>&nbsp;<\/p>\n<hr \/>\n<p>&nbsp;<\/p>\n<p>&nbsp;<\/p>\n<div>\n<h2><span style=\"color: #33cccc;\">I RACCONTI DI PAOLO SOPPELSA il lunedi alle 9.30 e 18.30<\/span><\/h2>\n<p><strong>LA TERRA DI MEZZO<\/strong><\/p>\n<p><em><strong>AUDIO<\/strong><\/em><\/p>\n<audio class=\"wp-audio-shortcode\" id=\"audio-185377-17\" preload=\"none\" style=\"width: 100%;\" controls=\"controls\"><source type=\"audio\/mpeg\" src=\"https:\/\/www.radiopiu.net\/wordpress\/wp-content\/uploads\/2021\/01\/PAOLO-SOPPELSA-LA-TERRA-DI-MEZZO.mp3?_=17\" \/><a href=\"https:\/\/www.radiopiu.net\/wordpress\/wp-content\/uploads\/2021\/01\/PAOLO-SOPPELSA-LA-TERRA-DI-MEZZO.mp3\">https:\/\/www.radiopiu.net\/wordpress\/wp-content\/uploads\/2021\/01\/PAOLO-SOPPELSA-LA-TERRA-DI-MEZZO.mp3<\/a><\/audio>\n<p>&nbsp;<\/p>\n<p><a href=\"https:\/\/www.radiopiu.net\/wordpress\/i-racconti-di-paolo-soppelsa-cinquantottesima-puntata\/3ef25948-a431-459e-8534-91ae2fc28ccd\/\" rel=\"attachment wp-att-185320\"><img loading=\"lazy\" decoding=\"async\" class=\"size-medium wp-image-185320 alignleft\" src=\"https:\/\/www.radiopiu.net\/wordpress\/wp-content\/uploads\/2021\/01\/3ef25948-a431-459e-8534-91ae2fc28ccd-300x164.jpg\" alt=\"\" width=\"300\" height=\"164\" srcset=\"https:\/\/www.radiopiu.net\/wordpress\/wp-content\/uploads\/2021\/01\/3ef25948-a431-459e-8534-91ae2fc28ccd-300x164.jpg 300w, https:\/\/www.radiopiu.net\/wordpress\/wp-content\/uploads\/2021\/01\/3ef25948-a431-459e-8534-91ae2fc28ccd-1024x559.jpg 1024w, https:\/\/www.radiopiu.net\/wordpress\/wp-content\/uploads\/2021\/01\/3ef25948-a431-459e-8534-91ae2fc28ccd-768x420.jpg 768w, https:\/\/www.radiopiu.net\/wordpress\/wp-content\/uploads\/2021\/01\/3ef25948-a431-459e-8534-91ae2fc28ccd.jpg 1080w\" sizes=\"auto, (max-width: 300px) 100vw, 300px\" \/><\/a>Qualche volta salgo in macchina ed invece di andare in s\u00f9 vado in gi\u00f9. Direzione pianura. Se non ho fretta valico il Fadalto, perch\u00e9 a me piace viaggiare \u201cvintage\u201d lungo le statali attraversando i paesi e risparmiando pure qualche Euro di pedaggio autostradale. Supero Vittorio Veneto e poi vago alla ricerca della Decathlon perduta. Che per la cronaca si trova a San Fior. Giro un po\u2019 a caso fra gli svincoli e le rotonde di questi luoghi dove il sole all\u2019orizzonte si tramuta in una sorta di occhio di Mordor, regalando affascinanti tramonti a questa Terra di Mezzo che \u00e8 la Marca Trevigiana. Dove si mescolano profumo di mare Adriatico ed aria fresca che scende dalle Dolomiti. All\u2019incirca equidistanti. Finalmente trovo la Decathlon e parcheggio. Scendo dall\u2019auto e d\u2019istinto cerco di scorgere le montagne. Eccolo il Visentin, che strano vederlo al contrario. E poi tutta la dorsale pedemontana fino al Cesen. Quasi scordo i nomi dei paesi che ormai si identificano con quelli dei centri commerciali. Conegliano diventa \u201cCon\u00e8\u201d, Olmi diventa Decathlon e Mediaworld. Appena fuori del parcheggio ormai saturo d\u2019auto, una vecchia casa colonica \u00e8 testimone di un tempo ormai superato, di quando al posto dei negozi e capannoni c\u2019erano i campi e i contadini. Esco dal grande negozio mentre scende la sera sulla pianura trevigiana. E si accendono un mare di luci come in una sorta di Las Vegas veneta. Per me, vent\u2019anni fa, quaggi\u00f9 era quasi l\u2019America.<br \/>\n\u201c\u2026quell\u2019America nostrana<br \/>\ndi rettilinei e vialoni<br \/>\ncon i platani in piedi sui bordi<br \/>\ncinema e lampioni<br \/>\ne passaggi a livello, autobus ed incroci<br \/>\nun mormorare incessante di migliaia di voci\u2026\u201d<br \/>\nA volte invece prendo l\u2019autostrada. Imponente e discussa opera che alla met\u00e0 degli anni \u201990 ha improvvisamente avvicinato Belluno al resto del mondo. Percorro veloce quella spina dorsale del Veneto che \u00e8 la Highway A27. Di solito l\u2019uscita \u00e8 il casello di Treviso sud. Ovviamente in direzione Decathlon. E qui non sbaglio, solo un paio di rotonde e si \u00e8 arrivati. Per la cronaca il paese che ospita il grande centro commerciale \u201cTiziano\u201d si chiama Olmi di San Biagio di Callalta. E\u2019 giusto saperlo. La Decathlon \u00e8 identica a quella di San Fior come pure il paesaggio che la circonda. Tutto uguale, solo un po\u2019 pi\u00f9 a sud. Pu\u00f2 capitare, invece, di raggiungere la Marca seguendo il corso del Piave percorrendo la Sinistra\u2026Piave. Correndo a fianco del fiume che scorre sotto casa a Belluno ma che nel trevigiano \u00e8 \u201cpi\u00f9 fiume\u201d. Da Pederobba in avanti si entra nella Storia. Qui il Piave \u00e8 veramente il \u201cFiume Sacro alla Patria\u201d. Rasenta tutti quei paesi \u201cdella Battaglia\u201d. Guardo il largo greto sassoso ed immagino gli \u201cArditi\u201d che lo attraversarono lanciandosi verso la Vittoria. Tutto ci\u00f2 accaduto 102 anni fa, ma quaggi\u00f9 sembra successo ieri. La memoria di quei fatti qui \u00e8 sempre viva. Ma in questi luoghi gli eroi non sono stati soltanto gli \u201cArditi\u201d ed i Fanti. Eroiche sono state queste popolazioni che si sono risollevate dalla distruzione della Grande Guerra, facendo diventare questa terra, magari in modo un po\u2019 caotico, la \u201cLocomotiva d\u2019Italia\u201d. Sacrifici e lavoro in quella Destra Piave che \u00e8 pure terra romantica. E par di vederla Eleonora Duse passeggiare rilassata nella quiete di quell&#8217;incanto che porta il nome di Asolo. Anche da qui si vedono le montagne. Ancora il Cesen, poi a sinistra il Tomba ed il Grappa. Anche lass\u00f9 la Storia non manca. Qui non c\u2019\u00e8 la Decathlon, ma c\u2019\u00e8 la strada pedemontana che porta verso Bassano e che mi piace un sacco percorrere. Pi\u00f9 a sud, oltre i Colli Asolani, una pianura tirata in bolla. Terra di campi e alti campanili che sembrano voler avvisare che sotto il campanile c\u2019\u00e8 un paese. Poi, dopo qualche ora passata oltre provincia, la macchina punta verso nord infilandosi fra il Cesen ed il Tomba oppure valicando di nuovo il Fadalto fino a ritrovare le mie montagne. Ciao Terra di Mezzo. Ritorner\u00f2 ai prossimi saldi.<\/p>\n<h2><span style=\"color: #33cccc;\"><strong>RACCOLTA COMPLETA<\/strong><\/span><\/h2>\n<blockquote class=\"wp-embedded-content\" data-secret=\"kdmY26WvPO\"><p><a href=\"https:\/\/www.radiopiu.net\/wordpress\/i-racconti-di-paolo-soppelsa\/\">I racconti di Paolo Soppelsa<\/a><\/p><\/blockquote>\n<p><iframe loading=\"lazy\" class=\"wp-embedded-content\" sandbox=\"allow-scripts\" security=\"restricted\" style=\"position: absolute; clip: rect(1px, 1px, 1px, 1px);\" title=\"&#8220;I racconti di Paolo Soppelsa&#8221; &#8212; Radio Pi\u00f9\" src=\"https:\/\/www.radiopiu.net\/wordpress\/i-racconti-di-paolo-soppelsa\/embed\/#?secret=kdmY26WvPO\" data-secret=\"kdmY26WvPO\" width=\"600\" height=\"338\" frameborder=\"0\" marginwidth=\"0\" marginheight=\"0\" scrolling=\"no\"><\/iframe><\/p>\n<\/div>\n<p>&nbsp;<\/p>\n<hr \/>\n<p>&nbsp;<\/p>\n<div>\n<h2><\/h2>\n<h2><\/h2>\n<h2><strong>LE\u00a0 PUNTATE di Luisa Alchini di Leggermente Bellunesi, la domenica alle 11, <span style=\"color: #0000ff;\">IL MARTEDI IN PRIMA EDIZIONE\u00a0<\/span> alle 10.30 e alle 19.00<\/strong><\/h2>\n<p><strong>LA PUNTATA DELLA SETTIMANA\u00a0 OGGI ALLE 10.30 E 19: <\/strong>ELISA ORZES GRILLONE nativa di Cencenighe. Seconda puntata. La partecipazione al funerale di Guglielmo Marconi e l&#8217;alluvione&#8230; Le strane coincidenze.<\/p>\n<h2><strong style=\"font-size: 14px;\"><span style=\"color: #000000;\">RACCOLTA COMPLETA<\/span><\/strong><\/h2>\n<\/div>\n<blockquote class=\"wp-embedded-content\" data-secret=\"k4ofyKARpr\"><p><a href=\"https:\/\/www.radiopiu.net\/wordpress\/leggermente-20\/\">LEGGERmente&#8230;Bellunesi<\/a><\/p><\/blockquote>\n<p><iframe loading=\"lazy\" class=\"wp-embedded-content\" sandbox=\"allow-scripts\" security=\"restricted\" style=\"position: absolute; clip: rect(1px, 1px, 1px, 1px);\" title=\"&#8220;LEGGERmente&#8230;Bellunesi&#8221; &#8212; Radio Pi\u00f9\" src=\"https:\/\/www.radiopiu.net\/wordpress\/leggermente-20\/embed\/#?secret=k4ofyKARpr\" data-secret=\"k4ofyKARpr\" width=\"600\" height=\"338\" frameborder=\"0\" marginwidth=\"0\" marginheight=\"0\" scrolling=\"no\"><\/iframe><\/p>\n<hr \/>\n<p>&nbsp;<\/p>\n<blockquote>\n<h3><a href=\"https:\/\/www.radiopiu.net\/wordpress\/almanacco-ladino-puntata-5-2020\/sn\/\" rel=\"attachment wp-att-180931\"><img loading=\"lazy\" decoding=\"async\" class=\"wp-image-180931 alignleft\" src=\"https:\/\/www.radiopiu.net\/wordpress\/wp-content\/uploads\/2020\/12\/sn-300x194.jpg\" alt=\"\" width=\"181\" height=\"117\" srcset=\"https:\/\/www.radiopiu.net\/wordpress\/wp-content\/uploads\/2020\/12\/sn-300x194.jpg 300w, https:\/\/www.radiopiu.net\/wordpress\/wp-content\/uploads\/2020\/12\/sn.jpg 626w\" sizes=\"auto, (max-width: 181px) 100vw, 181px\" \/><\/a>L&#8217;ALMANACCO LADINO CON L&#8217;ISTITUT CESA DE JAN QUINDICINALE APPUNTAMENTO. LA DOMENICA ALLE 9 IL LUNEDI ALLE 8.35 IL MARTEDI ALLE 12.35 IL MERCOLEDI ALLE 18.35. SECONDA STAGIONE.<\/h3>\n<p><strong>LA PUNTATA DI QUESTA SETTIMANA<\/strong><\/p><\/blockquote>\n<audio class=\"wp-audio-shortcode\" id=\"audio-185377-18\" preload=\"none\" style=\"width: 100%;\" controls=\"controls\"><source type=\"audio\/mpeg\" src=\"https:\/\/www.radiopiu.net\/wordpress\/wp-content\/uploads\/2021\/01\/50\u00b0-Almanacco-Ladino_Col.mp3?_=18\" \/><a href=\"https:\/\/www.radiopiu.net\/wordpress\/wp-content\/uploads\/2021\/01\/50\u00b0-Almanacco-Ladino_Col.mp3\">https:\/\/www.radiopiu.net\/wordpress\/wp-content\/uploads\/2021\/01\/50\u00b0-Almanacco-Ladino_Col.mp3<\/a><\/audio>\n<p>&nbsp;<\/p>\n<p><strong>RACCOLTA COMPLETA\u00a0<\/strong><\/p>\n<blockquote class=\"wp-embedded-content\" data-secret=\"ZneEYTwL7H\"><p><a href=\"https:\/\/www.radiopiu.net\/wordpress\/almanacco-ladino\/\">Almanacco Ladino<\/a><\/p><\/blockquote>\n<p><iframe loading=\"lazy\" class=\"wp-embedded-content\" sandbox=\"allow-scripts\" security=\"restricted\" style=\"position: absolute; clip: rect(1px, 1px, 1px, 1px);\" title=\"&#8220;Almanacco Ladino&#8221; &#8212; Radio Pi\u00f9\" src=\"https:\/\/www.radiopiu.net\/wordpress\/almanacco-ladino\/embed\/#?secret=ZneEYTwL7H\" data-secret=\"ZneEYTwL7H\" width=\"600\" height=\"338\" frameborder=\"0\" marginwidth=\"0\" marginheight=\"0\" scrolling=\"no\"><\/iframe><\/p>\n<p>&nbsp;<\/p>\n<\/div>\n<hr \/>\n<div>\n<h2><span style=\"color: #000080;\"><a class=\"dt-pswp-item\" href=\"https:\/\/www.radiopiu.net\/wordpress\/wp-content\/uploads\/2020\/10\/pp.jpg\" data-dt-img-description=\"\" data-large_image_width=\"640\" data-large_image_height=\"640\"><img loading=\"lazy\" decoding=\"async\" class=\"wp-image-163678 alignleft\" src=\"https:\/\/www.radiopiu.net\/wordpress\/wp-content\/uploads\/2020\/10\/pp-300x300.jpg\" alt=\"\" width=\"106\" height=\"106\" srcset=\"https:\/\/www.radiopiu.net\/wordpress\/wp-content\/uploads\/2020\/10\/pp-300x300.jpg 300w, https:\/\/www.radiopiu.net\/wordpress\/wp-content\/uploads\/2020\/10\/pp-150x150.jpg 150w, https:\/\/www.radiopiu.net\/wordpress\/wp-content\/uploads\/2020\/10\/pp-125x125.jpg 125w, https:\/\/www.radiopiu.net\/wordpress\/wp-content\/uploads\/2020\/10\/pp-200x200.jpg 200w, https:\/\/www.radiopiu.net\/wordpress\/wp-content\/uploads\/2020\/10\/pp-80x80.jpg 80w, https:\/\/www.radiopiu.net\/wordpress\/wp-content\/uploads\/2020\/10\/pp-480x480.jpg 480w, https:\/\/www.radiopiu.net\/wordpress\/wp-content\/uploads\/2020\/10\/pp.jpg 640w\" sizes=\"auto, (max-width: 106px) 100vw, 106px\" \/><\/a> <\/span><\/h2>\n<h2><span style=\"color: #000080;\">DON CESARE, IL PENSIERO DEL GIORNO. ALLA RADIO ALLE 7 DEL MATTINO E ALLE 19.30 DELLA SERA.\u00a0\u00a0<\/span><\/h2>\n<p>&nbsp;<\/p>\n<p>&nbsp;<\/p>\n<\/div>\n<audio class=\"wp-audio-shortcode\" id=\"audio-185377-19\" preload=\"none\" style=\"width: 100%;\" controls=\"controls\"><source type=\"audio\/mpeg\" src=\"https:\/\/www.radiopiu.net\/wordpress\/wp-content\/uploads\/2021\/01\/CESARE-13.mp3?_=19\" \/><a href=\"https:\/\/www.radiopiu.net\/wordpress\/wp-content\/uploads\/2021\/01\/CESARE-13.mp3\">https:\/\/www.radiopiu.net\/wordpress\/wp-content\/uploads\/2021\/01\/CESARE-13.mp3<\/a><\/audio>\n<p>&nbsp;<\/p>\n<hr \/>\n<p>&nbsp;<\/p>\n<div>\n<p class=\"photoswipe-wrapper\"><a class=\"dt-pswp-item pspw-wrap-ready\" href=\"https:\/\/i0.wp.com\/www.radiopiu.net\/wordpress\/wp-content\/uploads\/2018\/09\/viabilita.jpeg?ssl=1\" data-dt-img-description=\"\" data-large_image_width=\"800\" data-large_image_height=\"100\"><img loading=\"lazy\" decoding=\"async\" class=\"aligncenter wp-image-61954 size-full\" src=\"https:\/\/i0.wp.com\/www.radiopiu.net\/wordpress\/wp-content\/uploads\/2018\/09\/viabilita.jpeg?resize=800%2C100&amp;ssl=1\" sizes=\"auto, (max-width: 800px) 100vw, 800px\" srcset=\"https:\/\/i0.wp.com\/www.radiopiu.net\/wordpress\/wp-content\/uploads\/2018\/09\/viabilita.jpeg?w=800&amp;ssl=1 800w, https:\/\/i0.wp.com\/www.radiopiu.net\/wordpress\/wp-content\/uploads\/2018\/09\/viabilita.jpeg?resize=300%2C38&amp;ssl=1 300w, https:\/\/i0.wp.com\/www.radiopiu.net\/wordpress\/wp-content\/uploads\/2018\/09\/viabilita.jpeg?resize=768%2C96&amp;ssl=1 768w\" alt=\"\" width=\"800\" height=\"100\" \/><\/a><\/p>\n<\/div>\n<p>&nbsp;<\/p>\n<p><strong>SP 1 MADONNA DEL PIAVE <\/strong>senso unico alternato regolato da semaforo fino al 15 gennaio in comune di Quero Vas per realizzazione tombinatura<\/p>\n<p><strong>SP 42 CAVALLERA<\/strong> fino a revoca, chiusura della strada nell&#8217;abitato di Perarolo per attivazione emergenza frana &#8220;Busa del Cristo&#8221;<\/p>\n<p><strong>S.P.2 DELLA VALLE DEL MIS\u00a0<\/strong>Interdizione totale al traffico fino a revoca dal km 14,920 (localit\u00e0 Gona Bassa) al km 20,650 (localit\u00e0 Titele) per cedimento della carreggiata<\/p>\n<p><strong>S.P. 5 DI LAMOSANO<\/strong>\u00a0Interdizione totale fino a revoca per presenza di materiale e alberi in strada.<\/p>\n<p><strong>S.P. 251 DI VAL DI ZOLDO E VAL CELLINA\u00a0<\/strong>dalla localit\u00e0 Soffranco fino all&#8217;imbocco nord della galleria S. Giovanni interdizione totale al transito per cedimento della carreggiata<\/p>\n<p><strong>SP 3 DELLA VAL IMPERINA<\/strong> fino a revoca, senso unico alternato regolato a vista in localit\u00e0 Gona di Conedera di Rivamonte per cedimento della carreggiata stradale<\/p>\n<div>\n<p>&nbsp;<\/p>\n<hr \/>\n<p>&nbsp;<\/p>\n<p class=\"photoswipe-wrapper\"><a class=\"dt-pswp-item pspw-wrap-ready\" href=\"https:\/\/i0.wp.com\/www.radiopiu.net\/wordpress\/wp-content\/uploads\/2018\/09\/WhatsApp-Image-2018-09-20-at-16.04.06.jpeg?ssl=1\" data-dt-img-description=\"\" data-large_image_width=\"800\" data-large_image_height=\"100\"><img loading=\"lazy\" decoding=\"async\" class=\"aligncenter wp-image-61378 size-full jetpack-lazy-image jetpack-lazy-image--handled\" src=\"https:\/\/i0.wp.com\/www.radiopiu.net\/wordpress\/wp-content\/uploads\/2018\/09\/WhatsApp-Image-2018-09-20-at-16.04.06.jpeg?resize=800%2C100&amp;ssl=1\" sizes=\"auto, (max-width: 800px) 100vw, 800px\" srcset=\"https:\/\/i0.wp.com\/www.radiopiu.net\/wordpress\/wp-content\/uploads\/2018\/09\/WhatsApp-Image-2018-09-20-at-16.04.06.jpeg?w=800&amp;ssl=1 800w, https:\/\/i0.wp.com\/www.radiopiu.net\/wordpress\/wp-content\/uploads\/2018\/09\/WhatsApp-Image-2018-09-20-at-16.04.06.jpeg?resize=300%2C38&amp;ssl=1 300w, https:\/\/i0.wp.com\/www.radiopiu.net\/wordpress\/wp-content\/uploads\/2018\/09\/WhatsApp-Image-2018-09-20-at-16.04.06.jpeg?resize=768%2C96&amp;ssl=1 768w\" alt=\"\" width=\"800\" height=\"100\" data-lazy-loaded=\"1\" \/><\/a><\/p>\n<p>&nbsp;<\/p>\n<div>\n<div id=\"dolomitimeteo_div_testi\"><center><b>Martedi 19<\/b><\/center><b>Tempo atteso: <\/b>Fino al primo pomeriggio tempo parzialmente soleggiato con cielo sereno o poco nuvoloso per sottili nubi alte. Aria tersa in quota e maggiore probabilit\u00e0 di banchi di nebbia in alcune depressioni prealpine durante le ore pi\u00f9 fredde. Dal pomeriggio il cielo tender\u00e0 a velarsi maggiormente per estese nubi alte, in leggero infittimento. Tra sole e avvezione di aria meno fredda in quota il contesto termico sar\u00e0 un po&#8217; meno freddo oltre i 1500 m, mentre rimarr\u00e0 invernale nelle valli per non rimescolamento dello strato freddo nei fondovalle.<br \/>\n<b>Precipitazioni: <\/b>Assenti (0%)<br \/>\n<b>Temperature: <\/b>In lieve aumento in quota e in calo sotto i 1500 m per ristagno d&#8217;aria fredda a bassa quota, pertanto in giornata persister\u00e0 l&#8217;inversione termica in molte valli. Le gelate notturne saranno pi\u00f9 intense nei fondovalle che non oltre i 1000 m, ad eccezione degli altopiani prealpini (-9\/-11\u00b0C in Valbelluna e -12\/-16\u00b0C sugli altopiani, contro i -6\/-8\u00b0C a Cortina e Arabba). Su Prealpi a 1500 m min -6\u00b0C max -4\u00b0C, a 2000 m min -7\u00b0C max -5\u00b0C. Su Dolomiti a 2000 m min -8\u00b0C max -5\u00b0C, a 3000 m min -11\u00b0C max -7\u00b0C.<br \/>\n<b>Venti: <\/b>Nelle valli deboli di direzione variabile; in quota deboli\/moderati da nord-ovest al mattino e da ovest al pomeriggio, a 5-10 km\/h a 2000 m e 20-30 km\/h a 3000 m.<\/p>\n<hr \/>\n<p><center><b>Mercoledi 20<\/b><\/center><b>Tempo atteso: <\/b>Qualche schiarita all&#8217;alba, poi maggiore copertura nuvolosa stratiforme; in nottata l&#8217;insidia per nebbia o nubi basse crescer\u00e0 sulla fascia prealpina. Al pomeriggio cielo da molto nuvoloso a coperto ovunque ed alla sera non escluso qualche fenomeno. Minore freddo notturno e maggiore umidit\u00e0 diurna.<br \/>\n<b>Precipitazioni: <\/b>Assenti ovunque fino al tardo pomeriggio (0%). In serata non esclusa qualche debolissima precipitazione (10\/20%) sulle Prealpi occidentali, nevosa oltre i 900\/1000 m.<br \/>\n<b>Temperature: <\/b>In generale aumento, specie le minime, con riduzione dell&#8217;escursione termica giornaliera. Sono previste punte 3\/4\u00b0C nei fondovalle prealpini e di 0\/2\u00b0C a 1000\/1200 m. Su Prealpi a 1500 m min -5\u00b0C max -3\u00b0C, a 2000 m min -6\u00b0C max -4\u00b0C. Su Dolomiti a 2000 m min -7\u00b0C max -4\u00b0C, a 3000 m min -8\u00b0C max -6\u00b0C.<br \/>\n<b>Venti: <\/b>Nelle valli deboli di direzione variabile; in quota deboli\/moderati da sud-ovest al mattino, moderati\/tesi al pomeriggio, anche forti sulle vette pi\u00f9 alte alla sera a 5-20 km\/h a 2000 m e 20-45 km\/h a 3000 m.<\/p>\n<hr \/>\n<p><center><b>Giovedi 21<\/b><\/center>Lento peggioramento del tempo con cielo coperto da estesa nuvolosit\u00e0 stratiforme associata a deboli precipitazioni, in estensione dalle Prealpi occidentali a tutta la montagna veneta nel corso del pomeriggio. Il limite della neve sar\u00e0 sui 900\/1000 m sulle Prealpi, leggermente pi\u00f9 basso sulle Dolomiti, almeno nella fase iniziale. Temperature in lieve aumento. Venti deboli di direzione variabile, moderati\/tesi da sud-ovest in quota.<\/p>\n<hr \/>\n<p><center><b>Venerdi 22<\/b><\/center>Moderato maltempo con cielo molto nuvoloso\/coperto associato a precipitazioni di debole, a tratti moderata intensit\u00e0, nevose oltre i 1000\/1300 m sulle Prealpi e 900\/1100 m sulle Dolomiti. Alla sera esaurimento dei fenomeni. Temperature in ulteriore lieve aumento. Venti moderati\/tesi da sud-ovest in alta quota, deboli di direzione variabile nelle valli. Previsore:R.L.Th.<\/p>\n<\/div>\n<\/div>\n<\/div>\n<\/div>\n<p>&nbsp;<\/p>\n<hr \/>\n<p>&nbsp;<\/p>\n<p><a href=\"https:\/\/www.radiopiu.net\/wordpress\/giornale-radiopiu-15-settembre-2018-direttore-mirko-mezzacasa\/sport-7\/\" rel=\"attachment wp-att-60761\"><img loading=\"lazy\" decoding=\"async\" class=\"aligncenter wp-image-60761 size-full\" src=\"https:\/\/www.radiopiu.net\/wordpress\/wp-content\/uploads\/2018\/09\/sport.jpg\" alt=\"\" width=\"800\" height=\"100\" srcset=\"https:\/\/www.radiopiu.net\/wordpress\/wp-content\/uploads\/2018\/09\/sport.jpg 800w, https:\/\/www.radiopiu.net\/wordpress\/wp-content\/uploads\/2018\/09\/sport-300x38.jpg 300w, https:\/\/www.radiopiu.net\/wordpress\/wp-content\/uploads\/2018\/09\/sport-768x96.jpg 768w\" sizes=\"auto, (max-width: 800px) 100vw, 800px\" \/><\/a><\/p>\n<p>&nbsp;<\/p>\n<blockquote>\n<h3>L&#8217;ALLEGHE HOCKEY PENSA AI TIFOSI. L&#8217;ABBONAMENTO DI QUEST&#8217;ANNO SARA&#8217; VALIDO ANCHE PER LA PROSSIMA STAGIONE<\/h3>\n<\/blockquote>\n<p><strong><a href=\"https:\/\/www.radiopiu.net\/wordpress\/il-calendario-ufficiale-dellitalian-hockey-league\/logo-alleghe-hockey\/\" rel=\"attachment wp-att-95699\"><img loading=\"lazy\" decoding=\"async\" class=\"size-medium wp-image-95699 alignleft\" src=\"https:\/\/www.radiopiu.net\/wordpress\/wp-content\/uploads\/2019\/08\/logo-alleghe-hockey-300x281.png\" alt=\"\" width=\"300\" height=\"281\" srcset=\"https:\/\/www.radiopiu.net\/wordpress\/wp-content\/uploads\/2019\/08\/logo-alleghe-hockey-300x281.png 300w, https:\/\/www.radiopiu.net\/wordpress\/wp-content\/uploads\/2019\/08\/logo-alleghe-hockey.png 547w\" sizes=\"auto, (max-width: 300px) 100vw, 300px\" \/><\/a>ALLEGHE <\/strong>L&#8217;Alleghe pensa ai tifosi e comunica che l&#8217;abbonamento allo stadio di quest&#8217;anno sar\u00e0 valido anche per la prossima stagione. La decisione \u00e8 stata presa nell&#8217;ultimo CDA della societ\u00e0. Questo il messaggio dell&#8217;Alleghe a tutti i tifosi belllunesi:<\/p>\n<blockquote><p><em>La Societ\u00e0 Alleghe Hockey ringrazia tutti i tifosi per il supporto e sostegno in questo momento difficile per lo sport italiano vista la situazione delicata di questo periodo, in particolar modo si ringraziano tutti gli abbonati che fin da subito hanno sostenuto e creduto nella Societ\u00e0, a malincuore viste le restrizioni non possiamo ospitare gli abbonati allo stadio nonostante la ripresa del Campionato per questo il CDA ha deciso di riconoscere l\u2019abbonamento fatto per la stagione 2020\/2021 per la prossima stagione quindi per il 2021\/2022, nella speranza che la pandemia volga al termine. Un saluto ed un in bocca al lupo a tutti e continuate a sostenerci e seguirci.<\/em><\/p><\/blockquote>\n<p>&nbsp;<\/p>\n<p>&nbsp;<\/p>\n<hr \/>\n<p>&nbsp;<\/p>\n<blockquote>\n<h3>LA SPORTIVAMENTE BELLUNO RIPRENDE A GAREGGIARE DOPO UN ANNO<\/h3>\n<\/blockquote>\n<p><strong><a href=\"https:\/\/www.radiopiu.net\/wordpress\/giornale-radiopiu-19-gennaio-2021-direttore-mirko-mezzacasa\/esordio_spresiano\/\" rel=\"attachment wp-att-185477\"><img loading=\"lazy\" decoding=\"async\" class=\"size-medium wp-image-185477 alignleft\" src=\"https:\/\/www.radiopiu.net\/wordpress\/wp-content\/uploads\/2021\/01\/Esordio_Spresiano-300x203.jpg\" alt=\"\" width=\"300\" height=\"203\" srcset=\"https:\/\/www.radiopiu.net\/wordpress\/wp-content\/uploads\/2021\/01\/Esordio_Spresiano-300x203.jpg 300w, https:\/\/www.radiopiu.net\/wordpress\/wp-content\/uploads\/2021\/01\/Esordio_Spresiano.jpg 699w\" sizes=\"auto, (max-width: 300px) 100vw, 300px\" \/><\/a>BELLUNO <\/strong>A quasi un anno di distanza dall\u2019ultima gara disputata, la Sportivamente Belluno \u00e8 di nuovo protagonista di una competizione ufficiale. Domenica scorsa, una piccola rappresentanza della squadra di nuoto \u00e8 tornata a misurarsi nella piscina di Spresiano (provincia di Treviso), con tanta grinta e un pizzico di emozione. I ragazzi sono riusciti a confermare e ottenere buoni risultati, nonostante avessero ripreso gli allenamenti solo tre settimane fa, ospitati nella piscina di Vittorio Veneto con frequenza bisettimanale. Alla prima giornata dell\u2019attivit\u00e0 di categoria, sotto l\u2019egida della Fin, hanno partecipato Eleonora Cibien (classe 2007: ha migliorato i propri tempi sia nei 100 stile, 1\u201909\u201d72, sia nei 50, 31\u201d70), Sara Sommacal (abbassato il personale nei 200 misti, 2\u201950\u201d57, e confermato il tempo nei 50 stile) e Minerva Dall\u2019\u00d2 (ha fermato il cronometro a 1\u201906\u201d96 nei 100 stile e a 5\u201909\u201d61 nei 400). Buona la prima pure per i nuovi arrivati del settore Ragazzi e Ragazze. A cominciare da Greta Porta: classe 2008, ha brillato nei 50 stile (36\u201d09) e nei 100 (1\u201921\u201d75). Insieme a lei pure Andrea Frisaldi, impegnato nei 100 rana (1\u201922\u201d78) e 400 stile (5\u201940\u201d12) e Giacomo Bianchini che ha concluso i 100 stile con il buon tempo di 1\u201909\u201d52. E i 50 in 31\u201d41.\u00a0 Per quanto riguarda la categoria Juniores, Cadetti e Seniores, erano protagonisti in acqua Alessandro Facchin (classe 2004: ha chiuso i 50 stile in 28\u201d64, migliorando il suo personale), e Matias Boccanegra (altro 2004), capace di ottenere buone risposte nei 100 stile (59\u201d86) e nei 50 (26\u201d66). Molte riconferme e alcuni miglioramenti, quindi, che portano i tecnici, Alberto Cassol e Giulia Bortot, a esprimere soddisfazione per il debutto stagionale. \u00ab<em>Un bel punto di partenza &#8211; affermano &#8211; con la speranza che la situazione pandemica migliori e ci si possa nuovamente allenare nella piscina di Belluno, chiusa ormai da ottobre. Intanto non molliamo e andiamo avanti<\/em>\u00bb.<\/p>\n<p>&nbsp;<\/p>\n<hr \/>\n<blockquote>\n<h3><\/h3>\n<h3>MONDIALI TOP DIVISION, LA IIHF DECIDE DI SPOSTARLI DA MINSK<\/h3>\n<\/blockquote>\n<p><a href=\"https:\/\/www.radiopiu.net\/wordpress\/giornale-radiopiu-14-agosto-2020-direttore-mirko-mezzacasa\/nazionale-hockey-2020\/\" rel=\"attachment wp-att-155113\"><img loading=\"lazy\" decoding=\"async\" class=\" wp-image-155113 alignright\" src=\"https:\/\/www.radiopiu.net\/wordpress\/wp-content\/uploads\/2020\/08\/NAZIONALE-HOCKEY-2020-300x200.jpg\" alt=\"\" width=\"245\" height=\"163\" srcset=\"https:\/\/www.radiopiu.net\/wordpress\/wp-content\/uploads\/2020\/08\/NAZIONALE-HOCKEY-2020-300x200.jpg 300w, https:\/\/www.radiopiu.net\/wordpress\/wp-content\/uploads\/2020\/08\/NAZIONALE-HOCKEY-2020-1024x682.jpg 1024w, https:\/\/www.radiopiu.net\/wordpress\/wp-content\/uploads\/2020\/08\/NAZIONALE-HOCKEY-2020-768x511.jpg 768w, https:\/\/www.radiopiu.net\/wordpress\/wp-content\/uploads\/2020\/08\/NAZIONALE-HOCKEY-2020.jpg 1200w\" sizes=\"auto, (max-width: 245px) 100vw, 245px\" \/><\/a>Il Consiglio direttivo della IIHF (International Ice Hockey Federation) ha deciso che i prossimi Mondiali Top Division di hockey su ghiaccio, in programma dal 21 maggio al 6 giugno 2021, non si disputeranno a Minsk. La capitale della Bielorussia era una delle due citt\u00e0 ospitanti del torneo assieme a Riga, in Lettonia. La decisione sulla location definitiva del Mondiale Top Division, al quale parteciper\u00e0 anche l\u2019Italia, verr\u00e0 presa dal Consiglio direttivo della IIHF nel corso delle prossime settimane. L\u2019idea \u00e8 quella di accorpare i due gironi, inizialmente previsti a Minsk e Riga, in un\u2019unica sede, al fine di limitare gli spostamenti da parte delle squadre e garantire in maniera pi\u00f9 semplice il rispetto dei protocolli di sicurezza legati al Covid-19. La\u00a0nazionale italiana\u00a0di hockey su ghiaccio allenata da coach\u00a0Greg Ireland\u00a0\u00e8 inserita nel girone B del\u00a0Mondiale Top Division, quello inizialmente in programma a\u00a0Riga. Avversari degli azzurri, nel torneo in programma dal 21 maggio al 6 giugno, saranno Canada, Finlandia, Stati Uniti, Germania, Lettonia, Norvegia e Kazakhstan.<\/p>\n","protected":false},"excerpt":{"rendered":"<p>PER RICEVERE QUESTO NOTIZIARIO DIRETTAMENTE SUL TUO CELLULARE ISCRIVITI AL CANALE TELEGRAM \u201cRADIO PIU\u00a0 INFORMAZIONE&#8221;\u00a0 ATTENZIONE: LA NUOVA APP PER IOS-IPHONE https:\/\/apps.apple.com\/it\/app\/radio-pi%C3%B9-emittente-agordina\/id1515939845 ATTENZIONE: LA NUOVA APP RADIO\u00a0 PER ANDROID https:\/\/play.google.com\/store\/apps\/details?id=net.radiopiu.iniko\u00a0 &nbsp; &nbsp; \u00a0LA SILENZIOSA PROTESTA DEGLI OPERATORI DEL TURISMO, OGNUNO RIMARRA&#8217; IN AUTO E NON CI SARANNO ASSEMBRAMENTI LA SILENZIOSA PROTESTA DEGLI OPERATORI DEL TURISMO&hellip;<\/p>\n","protected":false},"author":4,"featured_media":185506,"comment_status":"closed","ping_status":"closed","sticky":false,"template":"","format":"standard","meta":{"_monsterinsights_skip_tracking":false,"_monsterinsights_sitenote_active":false,"_monsterinsights_sitenote_note":"","_monsterinsights_sitenote_category":0,"footnotes":""},"categories":[1,51,86,49],"tags":[],"class_list":["post-185377","post","type-post","status-publish","format-standard","has-post-thumbnail","hentry","category-senza-categoria","category-evidenza-top","category-gr","category-news-18","category-1","category-51","category-86","category-49","description-off"],"img_url":"https:\/\/www.radiopiu.net\/wordpress\/wp-content\/uploads\/2021\/01\/138944261_1088799444881469_8031290700728372800_o.jpg","_links":{"self":[{"href":"https:\/\/www.radiopiu.net\/wordpress\/wp-json\/wp\/v2\/posts\/185377","targetHints":{"allow":["GET"]}}],"collection":[{"href":"https:\/\/www.radiopiu.net\/wordpress\/wp-json\/wp\/v2\/posts"}],"about":[{"href":"https:\/\/www.radiopiu.net\/wordpress\/wp-json\/wp\/v2\/types\/post"}],"author":[{"embeddable":true,"href":"https:\/\/www.radiopiu.net\/wordpress\/wp-json\/wp\/v2\/users\/4"}],"replies":[{"embeddable":true,"href":"https:\/\/www.radiopiu.net\/wordpress\/wp-json\/wp\/v2\/comments?post=185377"}],"version-history":[{"count":0,"href":"https:\/\/www.radiopiu.net\/wordpress\/wp-json\/wp\/v2\/posts\/185377\/revisions"}],"wp:featuredmedia":[{"embeddable":true,"href":"https:\/\/www.radiopiu.net\/wordpress\/wp-json\/wp\/v2\/media\/185506"}],"wp:attachment":[{"href":"https:\/\/www.radiopiu.net\/wordpress\/wp-json\/wp\/v2\/media?parent=185377"}],"wp:term":[{"taxonomy":"category","embeddable":true,"href":"https:\/\/www.radiopiu.net\/wordpress\/wp-json\/wp\/v2\/categories?post=185377"},{"taxonomy":"post_tag","embeddable":true,"href":"https:\/\/www.radiopiu.net\/wordpress\/wp-json\/wp\/v2\/tags?post=185377"}],"curies":[{"name":"wp","href":"https:\/\/api.w.org\/{rel}","templated":true}]}}