{"id":185457,"date":"2021-01-18T10:57:38","date_gmt":"2021-01-18T09:57:38","guid":{"rendered":"https:\/\/www.radiopiu.net\/wordpress\/?p=185457"},"modified":"2021-01-18T10:57:38","modified_gmt":"2021-01-18T09:57:38","slug":"lalleghe-hockey-pensa-ai-tifosi-labbonamento-di-questanno-sara-valido-anche-per-la-prossima-stagione","status":"publish","type":"post","link":"https:\/\/www.radiopiu.net\/wordpress\/lalleghe-hockey-pensa-ai-tifosi-labbonamento-di-questanno-sara-valido-anche-per-la-prossima-stagione\/","title":{"rendered":"L&#8217;ALLEGHE HOCKEY PENSA AI TIFOSI. L&#8217;ABBONAMENTO DI QUEST&#8217;ANNO SARA&#8217; VALIDO ANCHE PER LA PROSSIMA STAGIONE"},"content":{"rendered":"<p><strong><a href=\"https:\/\/www.radiopiu.net\/wordpress\/il-calendario-ufficiale-dellitalian-hockey-league\/logo-alleghe-hockey\/\" rel=\"attachment wp-att-95699\"><img loading=\"lazy\" decoding=\"async\" class=\"size-medium wp-image-95699 alignleft\" src=\"https:\/\/www.radiopiu.net\/wordpress\/wp-content\/uploads\/2019\/08\/logo-alleghe-hockey-300x281.png\" alt=\"\" width=\"300\" height=\"281\" srcset=\"https:\/\/www.radiopiu.net\/wordpress\/wp-content\/uploads\/2019\/08\/logo-alleghe-hockey-300x281.png 300w, https:\/\/www.radiopiu.net\/wordpress\/wp-content\/uploads\/2019\/08\/logo-alleghe-hockey.png 547w\" sizes=\"auto, (max-width: 300px) 100vw, 300px\" \/><\/a>ALLEGHE <\/strong>L&#8217;Alleghe pensa ai tifosi e comunica che l&#8217;abbonamento allo stadio di quest&#8217;anno sar\u00e0 valido anche per la prossima stagione. La decisione \u00e8 stata presa nell&#8217;ultimo CDA della societ\u00e0. Questo il messaggio dell&#8217;Alleghe a tutti i tifosi belllunesi:<\/p>\n<blockquote><p><em>La Societ\u00e0 Alleghe Hockey ringrazia tutti i tifosi per il supporto e sostegno in questo momento difficile per lo sport italiano vista la situazione delicata di questo periodo, in particolar modo si ringraziano tutti gli abbonati che fin da subito hanno sostenuto e creduto nella Societ\u00e0, a malincuore viste le restrizioni non possiamo ospitare gli abbonati allo stadio nonostante la ripresa del Campionato per questo il CDA ha deciso di riconoscere l\u2019abbonamento fatto per la stagione 2020\/2021 per la prossima stagione quindi per il 2021\/2022, nella speranza che la pandemia volga al termine. Un saluto ed un in bocca al lupo a tutti e continuate a sostenerci e seguirci.<\/em><\/p><\/blockquote>\n","protected":false},"excerpt":{"rendered":"<p>ALLEGHE L&#8217;Alleghe pensa ai tifosi e comunica che l&#8217;abbonamento allo stadio di quest&#8217;anno sar\u00e0 valido anche per la prossima stagione. La decisione \u00e8 stata presa nell&#8217;ultimo CDA della societ\u00e0. Questo il messaggio dell&#8217;Alleghe a tutti i tifosi belllunesi: La Societ\u00e0 Alleghe Hockey ringrazia tutti i tifosi per il supporto e sostegno in questo momento difficile&hellip;<\/p>\n","protected":false},"author":4,"featured_media":95699,"comment_status":"closed","ping_status":"closed","sticky":false,"template":"","format":"standard","meta":{"_monsterinsights_skip_tracking":false,"_monsterinsights_sitenote_active":false,"_monsterinsights_sitenote_note":"","_monsterinsights_sitenote_category":0,"footnotes":""},"categories":[49,72],"tags":[],"class_list":["post-185457","post","type-post","status-publish","format-standard","has-post-thumbnail","hentry","category-news-18","category-sport","category-49","category-72","description-off"],"img_url":"https:\/\/www.radiopiu.net\/wordpress\/wp-content\/uploads\/2019\/08\/logo-alleghe-hockey.png","_links":{"self":[{"href":"https:\/\/www.radiopiu.net\/wordpress\/wp-json\/wp\/v2\/posts\/185457","targetHints":{"allow":["GET"]}}],"collection":[{"href":"https:\/\/www.radiopiu.net\/wordpress\/wp-json\/wp\/v2\/posts"}],"about":[{"href":"https:\/\/www.radiopiu.net\/wordpress\/wp-json\/wp\/v2\/types\/post"}],"author":[{"embeddable":true,"href":"https:\/\/www.radiopiu.net\/wordpress\/wp-json\/wp\/v2\/users\/4"}],"replies":[{"embeddable":true,"href":"https:\/\/www.radiopiu.net\/wordpress\/wp-json\/wp\/v2\/comments?post=185457"}],"version-history":[{"count":0,"href":"https:\/\/www.radiopiu.net\/wordpress\/wp-json\/wp\/v2\/posts\/185457\/revisions"}],"wp:featuredmedia":[{"embeddable":true,"href":"https:\/\/www.radiopiu.net\/wordpress\/wp-json\/wp\/v2\/media\/95699"}],"wp:attachment":[{"href":"https:\/\/www.radiopiu.net\/wordpress\/wp-json\/wp\/v2\/media?parent=185457"}],"wp:term":[{"taxonomy":"category","embeddable":true,"href":"https:\/\/www.radiopiu.net\/wordpress\/wp-json\/wp\/v2\/categories?post=185457"},{"taxonomy":"post_tag","embeddable":true,"href":"https:\/\/www.radiopiu.net\/wordpress\/wp-json\/wp\/v2\/tags?post=185457"}],"curies":[{"name":"wp","href":"https:\/\/api.w.org\/{rel}","templated":true}]}}