{"id":185463,"date":"2021-01-18T11:04:09","date_gmt":"2021-01-18T10:04:09","guid":{"rendered":"https:\/\/www.radiopiu.net\/wordpress\/?p=185463"},"modified":"2021-01-18T11:16:58","modified_gmt":"2021-01-18T10:16:58","slug":"allarme-dei-sindaci-agordini-per-leconomia-turistica-de-carlo-preoccupazione-condivisibile-serve-una-svolta-i-sindaci-non-sostengono-un-governo-che-guarda-solo-alle-poltrone","status":"publish","type":"post","link":"https:\/\/www.radiopiu.net\/wordpress\/allarme-dei-sindaci-agordini-per-leconomia-turistica-de-carlo-preoccupazione-condivisibile-serve-una-svolta-i-sindaci-non-sostengono-un-governo-che-guarda-solo-alle-poltrone\/","title":{"rendered":"ALLARME DEI SINDACI AGORDINI PER L&#8217;ECONOMIA TURISTICA. DE CARLO: \u201cPREOCCUPAZIONE CONDIVISIBILE, SERVE UNA SVOLTA. I SINDACI NON SOSTENGONO UN GOVERNO CHE GUARDA SOLO ALLE POLTRONE\u201d"},"content":{"rendered":"<p><strong><a href=\"https:\/\/www.radiopiu.net\/wordpress\/giornale-radiopiu-19-maggio-2020-direttore-mirko-mezzacasa\/luca-de-carlo-8\/\" rel=\"attachment wp-att-138787\"><img loading=\"lazy\" decoding=\"async\" class=\"size-full wp-image-138787 alignleft\" src=\"https:\/\/www.radiopiu.net\/wordpress\/wp-content\/uploads\/2020\/05\/Luca-De-Carlo.jpg\" alt=\"\" width=\"165\" height=\"228\" \/><\/a>ROMA <\/strong><span class=\"s1\">\u201c<em>Il ministro D&#8217;Inc\u00e0 qualche settimana fa diceva di avere il sostegno dei sindaci bellunesi. Si vede che, oltre a non aver parlato con me, evidentemente non aveva chiamato nemmeno loro: i sindaci non possono sostenere un governo che guarda pi\u00f9 ai numeri per salvare la propria poltrona che alle necessit\u00e0 dei cittadini e dei territori<\/em>\u201d: il senatore di Fratelli d&#8217;Italia e sindaco di Calalzo di Cadore Luca De Carlo commenta cos\u00ec la lettera inviata da alcuni sindaci agordini ai parlamentari bellunesi, nella quale si denuncia l&#8217;allarme per l&#8217;economia turistica del territorio. <\/span><span class=\"s1\">\u201c<em>Da sindaco condivido le loro preoccupazioni, e le ho esposte pi\u00f9 volte sia in aula che in commissione, dove per\u00f2 tutti gli emendamenti presentati sono stati bocciat<\/em>i\u201d, sottolinea De Carlo che ricorda come l&#8217;unica battaglia vinta sia stata quella portata avanti da Fratelli d&#8217;Italia per l&#8217;aumento delle risorse per il trasporto scolastico, \u201c<em>100 milioni di euro che sono solo un primo passo per la copertura del servizio\u201d. <\/em><\/span><span class=\"s1\"><em>\u201cNoi amministratori sappiamo che l&#8217;impoverimento delle aziende corrisponde a un impoverimento dei nostri paesi<\/em>\u201d, ricorda De Carlo \u201c<em>e nei prossimi mesi come sindaci saremo chiamati sempre pi\u00f9 a intercettare le richieste di aiuto dei nostri cittadini. Basti pensare che uno studio della CGIA di Mestre ha verificato come i vari ristori statali abbiano coperto solo il 7% delle perdite subite dalle aziende in questo lungo periodo di emergenza\u201d. <\/em><\/span><span class=\"s1\"><em>\u201cIo cercher\u00f2 in tutte le sedi, dai prossimi decreti ristori al Milleproroghe, di migliorare gli interventi demagogici proposti da questo governo, per dare ai sindaci e ai territori gli strumenti adeguati per intervenire<\/em>\u201d, conclude De Carlo. \u201c<em>Visto per\u00f2 l&#8217;interesse attuale di questo esecutivo solo per i numeri che gli consentirebbero la sopravvivenza, anzich\u00e9 per i drammatici numeri della crisi, sono convinto che la vera svolta, il vero cambio di passo, potr\u00e0 arrivare solo dopo il voto, con il centrodestra alla guida di un governo forte e unito<\/em>\u201d.<\/span><\/p>\n<p><strong>AI MICROFONI DI RADIO PIU&#8217; LUCA DE CARLO<\/strong><\/p>\n<audio class=\"wp-audio-shortcode\" id=\"audio-185463-1\" preload=\"none\" style=\"width: 100%;\" controls=\"controls\"><source type=\"audio\/mpeg\" src=\"https:\/\/www.radiopiu.net\/wordpress\/wp-content\/uploads\/2021\/01\/DE-CARLO-SINDACI.mp3?_=1\" \/><a href=\"https:\/\/www.radiopiu.net\/wordpress\/wp-content\/uploads\/2021\/01\/DE-CARLO-SINDACI.mp3\">https:\/\/www.radiopiu.net\/wordpress\/wp-content\/uploads\/2021\/01\/DE-CARLO-SINDACI.mp3<\/a><\/audio>\n<p>&nbsp;<\/p>\n<p><strong>LA LETTERA DEI SINDACI<\/strong><\/p>\n<blockquote class=\"wp-embedded-content\" data-secret=\"A1Guq0Tew6\"><p><a href=\"https:\/\/www.radiopiu.net\/wordpress\/sei-sindaci-agordini-scrivono-ai-rappresentanti-parlamentari\/\">SEI SINDACI AGORDINI SCRIVONO AI RAPPRESENTANTI PARLAMENTARI<\/a><\/p><\/blockquote>\n<p><iframe loading=\"lazy\" class=\"wp-embedded-content\" sandbox=\"allow-scripts\" security=\"restricted\" style=\"position: absolute; clip: rect(1px, 1px, 1px, 1px);\" title=\"&#8220;SEI SINDACI AGORDINI SCRIVONO AI RAPPRESENTANTI PARLAMENTARI&#8221; &#8212; Radio Pi\u00f9\" src=\"https:\/\/www.radiopiu.net\/wordpress\/sei-sindaci-agordini-scrivono-ai-rappresentanti-parlamentari\/embed\/#?secret=A1Guq0Tew6\" data-secret=\"A1Guq0Tew6\" width=\"600\" height=\"338\" frameborder=\"0\" marginwidth=\"0\" marginheight=\"0\" scrolling=\"no\"><\/iframe><\/p>\n","protected":false},"excerpt":{"rendered":"<p>ROMA \u201cIl ministro D&#8217;Inc\u00e0 qualche settimana fa diceva di avere il sostegno dei sindaci bellunesi. Si vede che, oltre a non aver parlato con me, evidentemente non aveva chiamato nemmeno loro: i sindaci non possono sostenere un governo che guarda pi\u00f9 ai numeri per salvare la propria poltrona che alle necessit\u00e0 dei cittadini e dei&hellip;<\/p>\n","protected":false},"author":4,"featured_media":78825,"comment_status":"closed","ping_status":"closed","sticky":false,"template":"","format":"standard","meta":{"_monsterinsights_skip_tracking":false,"_monsterinsights_sitenote_active":false,"_monsterinsights_sitenote_note":"","_monsterinsights_sitenote_category":0,"footnotes":""},"categories":[51,49],"tags":[],"class_list":["post-185463","post","type-post","status-publish","format-standard","has-post-thumbnail","hentry","category-evidenza-top","category-news-18","category-51","category-49","description-off"],"img_url":"https:\/\/www.radiopiu.net\/wordpress\/wp-content\/uploads\/2019\/03\/DE-CARLO.jpg","_links":{"self":[{"href":"https:\/\/www.radiopiu.net\/wordpress\/wp-json\/wp\/v2\/posts\/185463","targetHints":{"allow":["GET"]}}],"collection":[{"href":"https:\/\/www.radiopiu.net\/wordpress\/wp-json\/wp\/v2\/posts"}],"about":[{"href":"https:\/\/www.radiopiu.net\/wordpress\/wp-json\/wp\/v2\/types\/post"}],"author":[{"embeddable":true,"href":"https:\/\/www.radiopiu.net\/wordpress\/wp-json\/wp\/v2\/users\/4"}],"replies":[{"embeddable":true,"href":"https:\/\/www.radiopiu.net\/wordpress\/wp-json\/wp\/v2\/comments?post=185463"}],"version-history":[{"count":0,"href":"https:\/\/www.radiopiu.net\/wordpress\/wp-json\/wp\/v2\/posts\/185463\/revisions"}],"wp:featuredmedia":[{"embeddable":true,"href":"https:\/\/www.radiopiu.net\/wordpress\/wp-json\/wp\/v2\/media\/78825"}],"wp:attachment":[{"href":"https:\/\/www.radiopiu.net\/wordpress\/wp-json\/wp\/v2\/media?parent=185463"}],"wp:term":[{"taxonomy":"category","embeddable":true,"href":"https:\/\/www.radiopiu.net\/wordpress\/wp-json\/wp\/v2\/categories?post=185463"},{"taxonomy":"post_tag","embeddable":true,"href":"https:\/\/www.radiopiu.net\/wordpress\/wp-json\/wp\/v2\/tags?post=185463"}],"curies":[{"name":"wp","href":"https:\/\/api.w.org\/{rel}","templated":true}]}}