{"id":185467,"date":"2021-01-18T12:25:23","date_gmt":"2021-01-18T11:25:23","guid":{"rendered":"https:\/\/www.radiopiu.net\/wordpress\/?p=185467"},"modified":"2021-01-18T13:12:00","modified_gmt":"2021-01-18T12:12:00","slug":"covid-19-il-punto-della-situazione-con-il-presidente-luca-zaia","status":"publish","type":"post","link":"https:\/\/www.radiopiu.net\/wordpress\/covid-19-il-punto-della-situazione-con-il-presidente-luca-zaia\/","title":{"rendered":"&#8220;CI HANNO TAGLIATO LE DOSI DEI VACCINI DEL 50%, QUI NON VACCINIAMO PIU&#8217; A RISCHIO ANCHE IL SECONDO VACCINO&#8221;.  PUNTO STAMPA CON ZAIA"},"content":{"rendered":"<p><strong>VENEZIA <\/strong>Dalla Protezione Civile a Marghera punto stampa del presidente del Veneto Luca Zaia<\/p>\n<p><strong>I NUMERI <\/strong>TAMPONI MOLECOLARI 3 584 181\u00a0TAMPONI RAPIDI 2 278 811 POSITIVI +998 ATTUALMENTE POSTITIVI 69083 POSITIVI TOTALE DA INIZIO EPIDEMIA 299 170 INCIDENZA POSITIVI-TAMPONE 5,04% RICOVERATI 3015 IN AREA NON CRITICA\u00a0 2661 (-54) IN TERAPIA INTENSIVA 354 (0) DECESSI 8025 (+47) DIMESSI 12.971 (+84)<\/p>\n<p>&nbsp;<\/p>\n<blockquote>\n<h2>LEGGI LA CONFERENZA STAMPA DI LUCA ZAIA<\/h2>\n<\/blockquote>\n<p><em>Promuovono lo smart working ma si procede con il rientro a scuola dove non mancano gli assembramenti.<\/em><\/p>\n<p>Oggi ci sono 400 letti liberi. Non esultiamo per le curve in calo, siamo preoccupati perch\u00e9 il covid ci ha presentato sorprese con cambiamenti repentini e in pochi giorni. In soli 18 giorni sono stati raggiunti importanti risultati,\u00a0 per vanificarli bastano 24 ore, dobbiamo evitare gli assembramenti, a prescindere dalle zone gialle, arancioni o rossi. E se andiamo in casa di non conviventi dobbiamo portare la mascherina.<\/p>\n<p><span style=\"color: #ff0000;\"><strong>VACCINI Vergognoso quello che sta succedendo<\/strong><\/span>\u00a0non si pu\u00f2 dare un piano forniture (cio\u00e8 vaccinale) noi ci organizziamo con tutti gli appuntamenti. E&#8217; vergognoso ci venga detto che ci viene tagliata la fornitura del 50%. Cos\u00ec non funziona, il taglio a livello nazionale prevede regioni con tagli zero, altre con tagli moderati non invasivi e poi ci sono un gruppo di regioni accoppate. Se venisse messa in discussione la fornitura della prossima settimana anche di un solo vaccino non riusciamo a fare i richiami. Questa settimana attutiamo il grave danno perch\u00e9 abbiamo accontonato vaccini. La campagna vaccinale \u00e8 quindi sospesa, faremo solo la seconda dose e creiamo un buco e se la prossima settimana non arrivano le dosi come da programma non sia vaccina, neanche i richiami. Arcuri mi dice che le decisioni le ha prese Pfizer con quale premio nobel? Quale algoritmo per tagliare la fornitura. Noi non abbiamo fatto contratti con Pfizer siamo parte lesa ma non contropare giuridica. Spero che a livello nazionale si vada gi\u00f9 duri e pesanti per vie legali. Un cittadino rischia ci non avere la seconda dose. Noi abbiamo gi\u00e0 fissato gli appuntamenti. Qui viene fuori un casino. Mi piacerebbe sapere se a livello internazionale questo problema di magazzini, macchine che non vanno etc&#8230; capire se questo problema \u00e8 stato riscontrato solo in Italia o se sono state tagliate le forniture in Europa e Stati Uniti. E&#8217; una sfiga ma anche un mezzo gaudio almeno. Non si puo&#8217; mettere in discussione un servizio vitale.Stiamo pensando di tutelarci, lo faremo. Spero e auspico che ci sia almeno una distribuzione solidale del vaccino. <strong><span style=\"color: #ff0000;\">SCUOLA Ci rifiutiamo di far partire una guerra tra poveri.<\/span><\/strong> Non c&#8217;\u00e8 il partito della scuola aperta e l&#8217;altro, non funziona cos\u00ec, abbiamo una responsabilit\u00e0 di garantire la salute ai citadini. Chiudere una scuola \u00e8 una sconfitta. \u00a0Noi stasera abbiamo la conferenza dei presidenti di Regione, ci adegueremo a pareri o ordinanze nazionali solo se la condizione sanitaria sar\u00e0 coerente a sostenere\u00a0 una riapertura. Mi hanno detto di un ricorso per la riapertura, vedremo il testo. E&#8217; gi\u00f9 successo in Lombardia e Friuli Venezia Giulia. La situazione \u00e8 fluida, c&#8217;\u00e8 chi pretende di andare a scuola ma anche chi vuole massima cautela. Si promuove lo smart working ma non per la scuola. Fino a una settimana fa ci hanno parlato della terza ondata, oggi di lockdown, di restrizioni e invece le scuole esulano da questo. <strong>SITUAZIONE<\/strong> 5261 studenti positivi, sottoposti a quarantena 60831 (8,59% popolazione scolastica di 707814) docenti positivi 1862 su 95786 in quarantena 11mila.<strong> VERIFICA EPIDEMIOLOGICA?<\/strong> Prima la riunione di questa sera poi nei prossimi giorni la dottoressa Russo far\u00e0 il punto della situazione. Aprendo le scuole il rischio o aumenta o resta uguale, certamente non diminuisce.<\/p>\n<p>&nbsp;<\/p>\n<p><a href=\"https:\/\/www.facebook.com\/zaiaufficiale\/videos\/689179651771171\">https:\/\/www.facebook.com\/zaiaufficiale\/videos\/689179651771171<\/a><\/p>\n<p>&nbsp;<\/p>\n","protected":false},"excerpt":{"rendered":"<p>VENEZIA Dalla Protezione Civile a Marghera punto stampa del presidente del Veneto Luca Zaia I NUMERI TAMPONI MOLECOLARI 3 584 181\u00a0TAMPONI RAPIDI 2 278 811 POSITIVI +998 ATTUALMENTE POSTITIVI 69083 POSITIVI TOTALE DA INIZIO EPIDEMIA 299 170 INCIDENZA POSITIVI-TAMPONE 5,04% RICOVERATI 3015 IN AREA NON CRITICA\u00a0 2661 (-54) IN TERAPIA INTENSIVA 354 (0) DECESSI 8025&hellip;<\/p>\n","protected":false},"author":4,"featured_media":175388,"comment_status":"closed","ping_status":"closed","sticky":false,"template":"","format":"standard","meta":{"_monsterinsights_skip_tracking":false,"_monsterinsights_sitenote_active":false,"_monsterinsights_sitenote_note":"","_monsterinsights_sitenote_category":0,"footnotes":""},"categories":[51,49],"tags":[],"class_list":["post-185467","post","type-post","status-publish","format-standard","has-post-thumbnail","hentry","category-evidenza-top","category-news-18","category-51","category-49","description-off"],"img_url":"https:\/\/www.radiopiu.net\/wordpress\/wp-content\/uploads\/2020\/11\/ZAIA-1.jpg","_links":{"self":[{"href":"https:\/\/www.radiopiu.net\/wordpress\/wp-json\/wp\/v2\/posts\/185467","targetHints":{"allow":["GET"]}}],"collection":[{"href":"https:\/\/www.radiopiu.net\/wordpress\/wp-json\/wp\/v2\/posts"}],"about":[{"href":"https:\/\/www.radiopiu.net\/wordpress\/wp-json\/wp\/v2\/types\/post"}],"author":[{"embeddable":true,"href":"https:\/\/www.radiopiu.net\/wordpress\/wp-json\/wp\/v2\/users\/4"}],"replies":[{"embeddable":true,"href":"https:\/\/www.radiopiu.net\/wordpress\/wp-json\/wp\/v2\/comments?post=185467"}],"version-history":[{"count":0,"href":"https:\/\/www.radiopiu.net\/wordpress\/wp-json\/wp\/v2\/posts\/185467\/revisions"}],"wp:featuredmedia":[{"embeddable":true,"href":"https:\/\/www.radiopiu.net\/wordpress\/wp-json\/wp\/v2\/media\/175388"}],"wp:attachment":[{"href":"https:\/\/www.radiopiu.net\/wordpress\/wp-json\/wp\/v2\/media?parent=185467"}],"wp:term":[{"taxonomy":"category","embeddable":true,"href":"https:\/\/www.radiopiu.net\/wordpress\/wp-json\/wp\/v2\/categories?post=185467"},{"taxonomy":"post_tag","embeddable":true,"href":"https:\/\/www.radiopiu.net\/wordpress\/wp-json\/wp\/v2\/tags?post=185467"}],"curies":[{"name":"wp","href":"https:\/\/api.w.org\/{rel}","templated":true}]}}