{"id":185576,"date":"2021-01-20T05:53:27","date_gmt":"2021-01-20T04:53:27","guid":{"rendered":"https:\/\/www.radiopiu.net\/wordpress\/?p=185576"},"modified":"2021-01-20T11:25:41","modified_gmt":"2021-01-20T10:25:41","slug":"giornale-radiopiu-20-gennaio-2021-direttore-mirko-mezzacasa","status":"publish","type":"post","link":"https:\/\/www.radiopiu.net\/wordpress\/giornale-radiopiu-20-gennaio-2021-direttore-mirko-mezzacasa\/","title":{"rendered":"GIORNALE RADIOPIU 20 GENNAIO 2021 DIRETTORE MIRKO MEZZACASA"},"content":{"rendered":"<h3>PER<strong> RICEVERE QUESTO NOTIZIARIO DIRETTAMENTE SUL TUO CELLULARE ISCRIVITI AL CANALE TELEGRAM <\/strong><strong>\u201cRADIO PIU INFORMAZIONE&#8221;\u00a0<\/strong><\/h3>\n<p><em>ATTENZIONE: LA NUOVA APP PER IOS-IPHONE<\/em><\/p>\n<div>\n<div><a href=\"https:\/\/apps.apple.com\/it\/app\/radio-pi%C3%B9-emittente-agordina\/id1515939845\">https:\/\/apps.apple.com\/it\/app\/radio-pi%C3%B9-emittente-agordina\/id1515939845<\/a><\/div>\n<\/div>\n<div><\/div>\n<div>\n<div dir=\"auto\"><em>ATTENZIONE: LA NUOVA APP RADIO\u00a0 PER ANDROID<\/em><\/div>\n<\/div>\n<p><a href=\"https:\/\/play.google.com\/store\/apps\/details?id=net.radiopiu.iniko\" target=\"_blank\" rel=\"noopener noreferrer\">https:\/\/play.google.com\/store\/apps\/details?id=net.radiopiu.iniko<\/a><\/p>\n<p>&nbsp;<\/p>\n<hr \/>\n<p>&nbsp;<\/p>\n<blockquote>\n<h2>LE FOTO DI MANUEL CONEDERA, Ieri \u00a0crepuscolo al Col Menadar.<\/h2>\n<\/blockquote>\n\n\t\t\t<style type='text\/css'>\n\t\t\t\t#gallery-1 {\n\t\t\t\t\tmargin: auto;\n\t\t\t\t}\n\t\t\t\t#gallery-1 .gallery-item {\n\t\t\t\t\tfloat: left;\n\t\t\t\t\tmargin-top: 10px;\n\t\t\t\t\ttext-align: center;\n\t\t\t\t\twidth: 16%;\n\t\t\t\t}\n\t\t\t\t#gallery-1 img {\n\t\t\t\t\tborder: 2px solid #cfcfcf;\n\t\t\t\t}\n\t\t\t\t#gallery-1 .gallery-caption {\n\t\t\t\t\tmargin-left: 0;\n\t\t\t\t}\n\t\t\t\t\/* see gallery_shortcode() in wp-includes\/media.php *\/\n\t\t\t<\/style>\n\t\t<div id='gallery-1' class='dt-gallery-container gallery galleryid-185576 gallery-columns-6 gallery-size-thumbnail'><dl class='gallery-item'>\n\t\t\t\t<dt class='gallery-icon landscape'>\n\t\t\t\t\t<a class=\"rollover rollover-zoom dt-pswp-item\" title=\"b06045a2-22e3-4382-bb6e-1394f60cae5e\" data-dt-img-description=\"\" data-large_image_width=\"320\" data-large_image_height=\"214\"href='https:\/\/www.radiopiu.net\/wordpress\/wp-content\/uploads\/2021\/01\/b06045a2-22e3-4382-bb6e-1394f60cae5e.jpg'><img loading=\"lazy\" decoding=\"async\" width=\"150\" height=\"150\" src=\"https:\/\/www.radiopiu.net\/wordpress\/wp-content\/uploads\/2021\/01\/b06045a2-22e3-4382-bb6e-1394f60cae5e-150x150.jpg\" class=\"attachment-thumbnail size-thumbnail\" alt=\"\" \/><\/a>\n\t\t\t\t<\/dt><\/dl><dl class='gallery-item'>\n\t\t\t\t<dt class='gallery-icon portrait'>\n\t\t\t\t\t<a class=\"rollover rollover-zoom dt-pswp-item\" title=\"0c0244cf-6fd8-4452-ac7f-35edd085490d\" data-dt-img-description=\"\" data-large_image_width=\"214\" data-large_image_height=\"320\"href='https:\/\/www.radiopiu.net\/wordpress\/wp-content\/uploads\/2021\/01\/0c0244cf-6fd8-4452-ac7f-35edd085490d.jpg'><img loading=\"lazy\" decoding=\"async\" width=\"150\" height=\"150\" src=\"https:\/\/www.radiopiu.net\/wordpress\/wp-content\/uploads\/2021\/01\/0c0244cf-6fd8-4452-ac7f-35edd085490d-150x150.jpg\" class=\"attachment-thumbnail size-thumbnail\" alt=\"\" \/><\/a>\n\t\t\t\t<\/dt><\/dl><dl class='gallery-item'>\n\t\t\t\t<dt class='gallery-icon landscape'>\n\t\t\t\t\t<a class=\"rollover rollover-zoom dt-pswp-item\" title=\"d0b0481c-94ff-4d12-ac6a-528e98b6a63a\" data-dt-img-description=\"\" data-large_image_width=\"320\" data-large_image_height=\"214\"href='https:\/\/www.radiopiu.net\/wordpress\/wp-content\/uploads\/2021\/01\/d0b0481c-94ff-4d12-ac6a-528e98b6a63a.jpg'><img loading=\"lazy\" decoding=\"async\" width=\"150\" height=\"150\" src=\"https:\/\/www.radiopiu.net\/wordpress\/wp-content\/uploads\/2021\/01\/d0b0481c-94ff-4d12-ac6a-528e98b6a63a-150x150.jpg\" class=\"attachment-thumbnail size-thumbnail\" alt=\"\" \/><\/a>\n\t\t\t\t<\/dt><\/dl><dl class='gallery-item'>\n\t\t\t\t<dt class='gallery-icon portrait'>\n\t\t\t\t\t<a class=\"rollover rollover-zoom dt-pswp-item\" title=\"06dc968f-6bd3-48cf-a0c7-738e508af68e\" data-dt-img-description=\"\" data-large_image_width=\"157\" data-large_image_height=\"320\"href='https:\/\/www.radiopiu.net\/wordpress\/wp-content\/uploads\/2021\/01\/06dc968f-6bd3-48cf-a0c7-738e508af68e.jpg'><img loading=\"lazy\" decoding=\"async\" width=\"150\" height=\"150\" src=\"https:\/\/www.radiopiu.net\/wordpress\/wp-content\/uploads\/2021\/01\/06dc968f-6bd3-48cf-a0c7-738e508af68e-150x150.jpg\" class=\"attachment-thumbnail size-thumbnail\" alt=\"\" \/><\/a>\n\t\t\t\t<\/dt><\/dl><dl class='gallery-item'>\n\t\t\t\t<dt class='gallery-icon portrait'>\n\t\t\t\t\t<a class=\"rollover rollover-zoom dt-pswp-item\" title=\"2caae70e-45b3-4da1-afe7-4b99747bdbf9\" data-dt-img-description=\"\" data-large_image_width=\"214\" data-large_image_height=\"320\"href='https:\/\/www.radiopiu.net\/wordpress\/wp-content\/uploads\/2021\/01\/2caae70e-45b3-4da1-afe7-4b99747bdbf9.jpg'><img loading=\"lazy\" decoding=\"async\" width=\"150\" height=\"150\" src=\"https:\/\/www.radiopiu.net\/wordpress\/wp-content\/uploads\/2021\/01\/2caae70e-45b3-4da1-afe7-4b99747bdbf9-150x150.jpg\" class=\"attachment-thumbnail size-thumbnail\" alt=\"\" \/><\/a>\n\t\t\t\t<\/dt><\/dl><dl class='gallery-item'>\n\t\t\t\t<dt class='gallery-icon landscape'>\n\t\t\t\t\t<a class=\"rollover rollover-zoom dt-pswp-item\" title=\"b2fd3384-2f5c-42a0-aff0-faa8dd5f2e2a\" data-dt-img-description=\"\" data-large_image_width=\"320\" data-large_image_height=\"214\"href='https:\/\/www.radiopiu.net\/wordpress\/wp-content\/uploads\/2021\/01\/b2fd3384-2f5c-42a0-aff0-faa8dd5f2e2a.jpg'><img loading=\"lazy\" decoding=\"async\" width=\"150\" height=\"150\" src=\"https:\/\/www.radiopiu.net\/wordpress\/wp-content\/uploads\/2021\/01\/b2fd3384-2f5c-42a0-aff0-faa8dd5f2e2a-150x150.jpg\" class=\"attachment-thumbnail size-thumbnail\" alt=\"\" \/><\/a>\n\t\t\t\t<\/dt><\/dl><br style=\"clear: both\" \/><dl class='gallery-item'>\n\t\t\t\t<dt class='gallery-icon portrait'>\n\t\t\t\t\t<a class=\"rollover rollover-zoom dt-pswp-item\" title=\"f8a2dd2d-4f44-42a6-b0dd-5275c6e3d113\" data-dt-img-description=\"\" data-large_image_width=\"214\" data-large_image_height=\"320\"href='https:\/\/www.radiopiu.net\/wordpress\/wp-content\/uploads\/2021\/01\/f8a2dd2d-4f44-42a6-b0dd-5275c6e3d113.jpg'><img loading=\"lazy\" decoding=\"async\" width=\"150\" height=\"150\" src=\"https:\/\/www.radiopiu.net\/wordpress\/wp-content\/uploads\/2021\/01\/f8a2dd2d-4f44-42a6-b0dd-5275c6e3d113-150x150.jpg\" class=\"attachment-thumbnail size-thumbnail\" alt=\"\" \/><\/a>\n\t\t\t\t<\/dt><\/dl><dl class='gallery-item'>\n\t\t\t\t<dt class='gallery-icon portrait'>\n\t\t\t\t\t<a class=\"rollover rollover-zoom dt-pswp-item\" title=\"31ab98dc-1d0a-4f94-8c93-3972144e24f1\" data-dt-img-description=\"\" data-large_image_width=\"212\" data-large_image_height=\"320\"href='https:\/\/www.radiopiu.net\/wordpress\/wp-content\/uploads\/2021\/01\/31ab98dc-1d0a-4f94-8c93-3972144e24f1.jpg'><img loading=\"lazy\" decoding=\"async\" width=\"150\" height=\"150\" src=\"https:\/\/www.radiopiu.net\/wordpress\/wp-content\/uploads\/2021\/01\/31ab98dc-1d0a-4f94-8c93-3972144e24f1-150x150.jpg\" class=\"attachment-thumbnail size-thumbnail\" alt=\"\" \/><\/a>\n\t\t\t\t<\/dt><\/dl><dl class='gallery-item'>\n\t\t\t\t<dt class='gallery-icon landscape'>\n\t\t\t\t\t<a class=\"rollover rollover-zoom dt-pswp-item\" title=\"23c775fd-741a-4663-a148-e6dbcb9ed410\" data-dt-img-description=\"\" data-large_image_width=\"320\" data-large_image_height=\"214\"href='https:\/\/www.radiopiu.net\/wordpress\/wp-content\/uploads\/2021\/01\/23c775fd-741a-4663-a148-e6dbcb9ed410.jpg'><img loading=\"lazy\" decoding=\"async\" width=\"150\" height=\"150\" src=\"https:\/\/www.radiopiu.net\/wordpress\/wp-content\/uploads\/2021\/01\/23c775fd-741a-4663-a148-e6dbcb9ed410-150x150.jpg\" class=\"attachment-thumbnail size-thumbnail\" alt=\"\" \/><\/a>\n\t\t\t\t<\/dt><\/dl><dl class='gallery-item'>\n\t\t\t\t<dt class='gallery-icon landscape'>\n\t\t\t\t\t<a class=\"rollover rollover-zoom dt-pswp-item\" title=\"e5b231e6-fc60-4e45-aec3-929cfe01faeb\" data-dt-img-description=\"\" data-large_image_width=\"320\" data-large_image_height=\"214\"href='https:\/\/www.radiopiu.net\/wordpress\/wp-content\/uploads\/2021\/01\/e5b231e6-fc60-4e45-aec3-929cfe01faeb.jpg'><img loading=\"lazy\" decoding=\"async\" width=\"150\" height=\"150\" src=\"https:\/\/www.radiopiu.net\/wordpress\/wp-content\/uploads\/2021\/01\/e5b231e6-fc60-4e45-aec3-929cfe01faeb-150x150.jpg\" class=\"attachment-thumbnail size-thumbnail\" alt=\"\" \/><\/a>\n\t\t\t\t<\/dt><\/dl>\n\t\t\t\t<br style='clear: both' \/>\n\t\t\t<\/div>\n\n<p>&nbsp;<\/p>\n<p>&nbsp;<\/p>\n<hr \/>\n<p>&nbsp;<\/p>\n<h1><span style=\"color: #ff0000;\">OGGI ALLA RADIO\u00a0<\/span><\/h1>\n<p><strong>GLI SPECIALI DI RADIO PIU: SANPA!<\/strong> San Patrignano e Vincenzo Muccioli, la storia dell&#8217;Italia anni Ottanta nel pieno dell&#8217;emergenza droga. di Luisa Alchini. OGGI\u00a0 alle 10.30 e alle 19 su RADIO PIU<\/p>\n<audio class=\"wp-audio-shortcode\" id=\"audio-185576-1\" preload=\"none\" style=\"width: 100%;\" controls=\"controls\"><source type=\"audio\/mpeg\" src=\"https:\/\/www.radiopiu.net\/wordpress\/wp-content\/uploads\/2021\/01\/promo-sanpa.mp3?_=1\" \/><a href=\"https:\/\/www.radiopiu.net\/wordpress\/wp-content\/uploads\/2021\/01\/promo-sanpa.mp3\">https:\/\/www.radiopiu.net\/wordpress\/wp-content\/uploads\/2021\/01\/promo-sanpa.mp3<\/a><\/audio>\n<blockquote><p><em><a href=\"https:\/\/www.radiopiu.net\/wordpress\/giornale-radiopiu-15-gennaio-2021-direttore-mirko-mezzacasa\/download-1084\/\" rel=\"attachment wp-att-184962\"><img loading=\"lazy\" decoding=\"async\" class=\" wp-image-184962 alignleft\" src=\"https:\/\/www.radiopiu.net\/wordpress\/wp-content\/uploads\/2021\/01\/download-19.jpg\" alt=\"\" width=\"180\" height=\"145\" \/><\/a>Luci e tenebre di San Patrignano \u00e8 una serie televisiva documentaristica originale realizzata da Netflix, prodotta e sviluppata da Gianluca Neri, scritta da Carlo Gabardini, Gianluca Neri e Paolo Bernardelli con la regia di Cosima Spender. Attraverso testimonianze e immagini di repertorio, la docu-serie in 5 episodi racconta la controversa storia della comunit\u00e0 di recupero di San Patrignano fondata da Vincenzo Muccioli nel 1978, a Coriano, in provincia di Rimini.\u00a0<\/em><\/p><\/blockquote>\n<p>&nbsp;<\/p>\n<p>&nbsp;<\/p>\n<hr \/>\n<p>&nbsp;<\/p>\n<blockquote>\n<h3>NON SOLO UNA SCIATA, C&#8217;E&#8217; BEN ALTRO DIETRO UNA STAGIONE INVERNALE. I POLITICI DA DESTRA A SINISTRA NE SONO COSCIENTI? LA PROTESTA DI UOMINI E DONNE DELLA MONTAGNA<\/h3>\n<\/blockquote>\n<p><strong>DI GIANNI SANTOMASO<\/strong><\/p>\n<audio class=\"wp-audio-shortcode\" id=\"audio-185576-2\" preload=\"none\" style=\"width: 100%;\" controls=\"controls\"><source type=\"audio\/mpeg\" src=\"https:\/\/www.radiopiu.net\/wordpress\/wp-content\/uploads\/2021\/01\/GIANNI-IERI-FIORINA.mp3?_=2\" \/><a href=\"https:\/\/www.radiopiu.net\/wordpress\/wp-content\/uploads\/2021\/01\/GIANNI-IERI-FIORINA.mp3\">https:\/\/www.radiopiu.net\/wordpress\/wp-content\/uploads\/2021\/01\/GIANNI-IERI-FIORINA.mp3<\/a><\/audio>\n<p>&nbsp;<\/p>\n<blockquote class=\"wp-embedded-content\" data-secret=\"VlMmBRccWP\"><p><a href=\"https:\/\/www.radiopiu.net\/wordpress\/la-silenziosa-protesta-degli-operatori-del-turismo\/\">LA SILENZIOSA PROTESTA DEGLI OPERATORI DEL TURISMO<\/a><\/p><\/blockquote>\n<p><iframe loading=\"lazy\" class=\"wp-embedded-content\" sandbox=\"allow-scripts\" security=\"restricted\" style=\"position: absolute; clip: rect(1px, 1px, 1px, 1px);\" title=\"&#8220;LA SILENZIOSA PROTESTA DEGLI OPERATORI DEL TURISMO&#8221; &#8212; Radio Pi\u00f9\" src=\"https:\/\/www.radiopiu.net\/wordpress\/la-silenziosa-protesta-degli-operatori-del-turismo\/embed\/#?secret=VlMmBRccWP\" data-secret=\"VlMmBRccWP\" width=\"600\" height=\"338\" frameborder=\"0\" marginwidth=\"0\" marginheight=\"0\" scrolling=\"no\"><\/iframe><\/p>\n<p>&nbsp;<\/p>\n<hr \/>\n<p>&nbsp;<\/p>\n<blockquote>\n<h3>CRISI ECONOMICA E SOCIALE NELL&#8217;AGORDINO. &#8220;NON E&#8217; UNA CRISI DI DESTRA O DI SINISTRA MA DI TUTTI&#8221;.<\/h3>\n<\/blockquote>\n<p><strong><img loading=\"lazy\" decoding=\"async\" class=\"alignleft\" src=\"https:\/\/www.radiopiu.net\/wordpress\/wp-content\/uploads\/2017\/03\/Sergio-Pra.jpg\" width=\"134\" height=\"128\" \/>ALLEGHE<\/strong> Dopo le dichiarazioni del Presidente dell&#8217;Unione Montana Agordina Michele Costa\u00a0 torna a prendere la parola Sergio Pra, albergatore e uomo con grande esperienza nei comprensori sciistici, Civetta in particolare, societ\u00e0 che presiede. Ecco i consigli da buon imprenditore rivolti ai primi cittadini e non solo. <em>&#8220;Si passi dalle parole ai fatti&#8221;<\/em><\/p>\n<blockquote>\n<h3><em><strong>SERGIO PRA ieri DAL GR DELLE 10.10<\/strong><\/em><\/h3>\n<\/blockquote>\n<audio class=\"wp-audio-shortcode\" id=\"audio-185576-3\" preload=\"none\" style=\"width: 100%;\" controls=\"controls\"><source type=\"audio\/mpeg\" src=\"https:\/\/www.radiopiu.net\/wordpress\/wp-content\/uploads\/2021\/01\/sergio-pra.mp3?_=3\" \/><a href=\"https:\/\/www.radiopiu.net\/wordpress\/wp-content\/uploads\/2021\/01\/sergio-pra.mp3\">https:\/\/www.radiopiu.net\/wordpress\/wp-content\/uploads\/2021\/01\/sergio-pra.mp3<\/a><\/audio>\n<p>&nbsp;<\/p>\n<hr \/>\n<p>&nbsp;<\/p>\n<blockquote>\n<h1>Audizioni Sport invernali: De Menech (Pd): importante inserirli nel prossimo DL ristori e nel Recovery Plan.<\/h1>\n<\/blockquote>\n<p><span style=\"color: #ff0000;\"><strong>dal Giornale Radio\u00a0 delle 9.30<\/strong><\/span><\/p>\n<audio class=\"wp-audio-shortcode\" id=\"audio-185576-4\" preload=\"none\" style=\"width: 100%;\" controls=\"controls\"><source type=\"audio\/mpeg\" src=\"https:\/\/www.radiopiu.net\/wordpress\/wp-content\/uploads\/2021\/01\/ROGER.mp3?_=4\" \/><a href=\"https:\/\/www.radiopiu.net\/wordpress\/wp-content\/uploads\/2021\/01\/ROGER.mp3\">https:\/\/www.radiopiu.net\/wordpress\/wp-content\/uploads\/2021\/01\/ROGER.mp3<\/a><\/audio>\n<p>&nbsp;<\/p>\n<p><a class=\"dt-pswp-item\" href=\"https:\/\/www.radiopiu.net\/wordpress\/wp-content\/uploads\/2018\/07\/ROGER.jpg\" data-dt-img-description=\"\" data-large_image_width=\"193\" data-large_image_height=\"261\"><img loading=\"lazy\" decoding=\"async\" class=\"size-full wp-image-53882 alignleft\" src=\"https:\/\/www.radiopiu.net\/wordpress\/wp-content\/uploads\/2018\/07\/ROGER.jpg\" alt=\"\" width=\"193\" height=\"261\" \/><\/a>\u201cIeri mattina abbiamo audito tutto il comparto degli sport invernali del turismo, fra cui Anef, Federfuni e gli impiantisti, Cai nazionale e Uncem nazionale. Nel dibattito abbiamo ribadito l\u2019importanza del riordino di tutta la materia che riguarda la sicurezza e la disciplina degli sport invernali e c\u2019\u00e8 stata ovviamente la richiesta di attenzione a tutto il comparto del turismo di montagna e del turismo invernale. A nome del Pd condivido in pieno tale richiesta e chiediamo particolare attenzione nel prossimo decreto ristori per dare il giusto riconoscimento a tutti i lavoratori del comparto. Ritengo che il turismo invernale e la montagna dovranno entrare in maniera forte nelle prospettive e nei piani del Recovery Plan e quindi nei fondo europei ed infine chiediamo uno sforzo al Cts affinch\u00e9, quando la situazione della pandemia dovesse consentirlo, ci siano i protocolli operativi per gli impianti di risalita pronti per l\u2019ipotesi di aperture nelle prossime settimane. Questi sono i tre punti principali che ritengo siano meritevoli di particolare attenzione. Il Partito democratico \u00e8 in prima linea e vicino a tutti gli operatori del settore montano, dello sport e del turismo invernale\u201d. Lo dichiara il deputato del Pd Roger De Menech, gi\u00e0 relatore della legge olimpica, che sta seguendo il decreto legislativo sulle misure dello sport per la parte che riguarda le discipline invernali.<\/p>\n<p>&nbsp;<\/p>\n<p>&nbsp;<\/p>\n<p>&nbsp;<\/p>\n<hr \/>\n<p>&nbsp;<\/p>\n<h2><span style=\"color: #ff0000;\">RADIOLOGIA AD AGORDO, SITUAZIONE DIFFICILE. PER LA REGIONE LE COLPE SONO DELLO STATO<\/span><\/h2>\n<blockquote>\n<h3>PER RAFFAELE ZANELLA DIRETTORE DEL NOSOCOMIO INEVITABILE LA CONTRAZIONE DELL&#8217;ORARIO<\/h3>\n<\/blockquote>\n<p><strong>DI GIANNI SANTOMASO\u00a0<\/strong><\/p>\n<audio class=\"wp-audio-shortcode\" id=\"audio-185576-5\" preload=\"none\" style=\"width: 100%;\" controls=\"controls\"><source type=\"audio\/mpeg\" src=\"https:\/\/www.radiopiu.net\/wordpress\/wp-content\/uploads\/2021\/01\/GIANNI-ZANELLA.mp3?_=5\" \/><a href=\"https:\/\/www.radiopiu.net\/wordpress\/wp-content\/uploads\/2021\/01\/GIANNI-ZANELLA.mp3\">https:\/\/www.radiopiu.net\/wordpress\/wp-content\/uploads\/2021\/01\/GIANNI-ZANELLA.mp3<\/a><\/audio>\n<p>&nbsp;<\/p>\n<blockquote>\n<h3>PER I CONTINUI RIDIMENSIONAMENTI LA RADIOLOGIA E&#8217; POCO APPETIBILE<\/h3>\n<\/blockquote>\n<p><strong>DALLA\u00a0 CGIL FP ANDREA FIOCCO\u00a0<\/strong><\/p>\n<audio class=\"wp-audio-shortcode\" id=\"audio-185576-6\" preload=\"none\" style=\"width: 100%;\" controls=\"controls\"><source type=\"audio\/mpeg\" src=\"https:\/\/www.radiopiu.net\/wordpress\/wp-content\/uploads\/2021\/01\/sanita-in-montagna-radio-piu.mp3?_=6\" \/><a href=\"https:\/\/www.radiopiu.net\/wordpress\/wp-content\/uploads\/2021\/01\/sanita-in-montagna-radio-piu.mp3\">https:\/\/www.radiopiu.net\/wordpress\/wp-content\/uploads\/2021\/01\/sanita-in-montagna-radio-piu.mp3<\/a><\/audio>\n<p>&nbsp;<\/p>\n<blockquote>\n<h3>DALLA REGIONE: &#8220;LE PROBLEMATICHE DELL&#8217;OSPEDALE DI AGORDO SONO FRUTTO DI UN ERRORE DI PROGRAMMAZIONE DELLO STATO&#8221;<\/h3>\n<\/blockquote>\n<blockquote><p><em>&#8220;Come Regione siamo parte attiva nel cercare di ottenere maggiore considerazione da parte del Governo per la montagna e per la nostra sanit\u00e0 ed in questo percorso vogliamo al nostro fianco Sindaci, Comitati e professionisti della Sanit\u00e0&#8221;.<\/em><\/p><\/blockquote>\n<p><strong><img loading=\"lazy\" decoding=\"async\" class=\"alignleft\" src=\"https:\/\/www.radiopiu.net\/wordpress\/wp-content\/uploads\/2015\/10\/Entrata-Agordo-300x225.jpg\" width=\"223\" height=\"167\" \/>VENEZIA<\/strong> I consiglieri regionali Silvia Cestaro, Giovanni Puppato e Gianpaolo Bottacin sulla situazione della radiologia si sono fatti un&#8217;idea. Il depauperamento dei servizi non \u00e8 conseguenza delle scelte del direttore generale o dei Primari, se ad Agordo come nelle altre strutture delle aree interne o disagiate c&#8217;\u00e8 una cronica carenza di personale le colpe sono\u00a0 dovute ad un evidente errore di programmazione dello Stato sia nei corsi universitari e di specialistica sia dai limiti imposti alle assunzioni da leggi pensate non certo a favore dei nostri territori.<em> &#8220;Questa carenza\u00a0 &#8211; dicono i consiglieri &#8211;\u00a0 non riguarda solo la sanit\u00e0 ma tutti i settori di competenza statale (VVF, motorizzazione civile, scuola) non \u00e8 pi\u00f9 negabile e trover\u00e0 soluzione solo con un azione congiunta tra enti pubblici, comitati e professionisti della sanit\u00e0 nei confronti del governo che ha capacit\u00e0 e potere di cambiare le regole. Chiediamo tutti assieme a voce alta uno stop al numero chiuso alle facolt\u00e0 di medicina, un blocco che non si basa sull\u2019impegno o sulle capacit\u00e0 dimostrate, un test che non pu\u00f2 essere in grado di valutare la reale predisposizione del candidato e che spesso diventa ostacolo a giovani volenterosi che provengono proprio dai nostri Comuni e che potrebbero essere il naturale ricambio generazionale nell\u2019ambito sanitario. L\u2019 incremento delle borse di studio alle specialistiche e incentivi autorizzati su legge statale a favore dei sanitari che scelgono le aree interne potranno dare dei risultati non certo immediati perch\u00e9 troppo tempo \u00e8 stato perso in un fuoco incrociato tra comitati e ussl mentre le energie dovevano essere indirizzate ad ottenere risposte dal governo&#8221;.\u00a0<\/em>I consiglieri assicurano che il monitoraggio da parte dell&#8217;Ulss1 \u00e8 continuo cos\u00ec come la ricerca del personale, con l\u2019assunzione di radiologi, due concorsi a tempo indeterminato e quattro a tempo determinato, di cui uno con 9 domande e un avviso di mobilit\u00e0 da altre aziende. Ci sono da considerare per\u00f2 i pensionamenti e le dimissioni verso altre strutture. <em>&#8220;Vista la situazione &#8211; concludono i consiglieri &#8211; sono state attivate collaborazioni mirate con soggetti esterni a supporto dell\u2019unit\u00e0 operativa di Belluno ( es.: prestazioni di ecografia, ecc.) e aumentato il budget del privato convenzionato Salus&#8221;.\u00a0<\/em><\/p>\n<p>&nbsp;<\/p>\n<hr \/>\n<p><em><span class=\"im_message_author_wrap\"><a class=\"im_message_author\">\u00a0CORONAVIRUS NEWS || ITA<\/a><span class=\"copyonly\">: <\/span><\/span>L&#8217;Italia \u00e8 pronta a intraprendere &#8220;nei\u00a0 prossimi giorni&#8221; un&#8217;azione legale contro Pfizer per il rallentamento nella consegna dei vaccini. Lo annuncia in una nota il commissario straordinario per l&#8217;emergenza Covid, Domenico Arcuri.<\/em><\/p>\n<blockquote>\n<h3>SEIMILA ATTUALMENTE POSITIVI IN MENO IN SOLE 24 ORE, SEMPRE ALTO IL NUMERO DEI DECESSI, IN CALO I RICOVERI<\/h3>\n<p><a href=\"https:\/\/www.radiopiu.net\/wordpress\/giornale-radiopiu-20-gennaio-2021-direttore-mirko-mezzacasa\/139955065_10157916886337544_8140007882413313771_o\/\" rel=\"attachment wp-att-185770\"><img loading=\"lazy\" decoding=\"async\" class=\"alignnone wp-image-185770 size-full\" src=\"https:\/\/www.radiopiu.net\/wordpress\/wp-content\/uploads\/2021\/01\/139955065_10157916886337544_8140007882413313771_o.jpg\" alt=\"\" width=\"824\" height=\"540\" srcset=\"https:\/\/www.radiopiu.net\/wordpress\/wp-content\/uploads\/2021\/01\/139955065_10157916886337544_8140007882413313771_o.jpg 824w, https:\/\/www.radiopiu.net\/wordpress\/wp-content\/uploads\/2021\/01\/139955065_10157916886337544_8140007882413313771_o-300x197.jpg 300w, https:\/\/www.radiopiu.net\/wordpress\/wp-content\/uploads\/2021\/01\/139955065_10157916886337544_8140007882413313771_o-768x503.jpg 768w\" sizes=\"auto, (max-width: 824px) 100vw, 824px\" \/><\/a><\/p><\/blockquote>\n<p>Per gli over 80 il primo spostamento: la vaccinazione slitta a febbraio, per il taglio dei vaccini dalla Pfizer ora si pensa ai richiami per oltre 400 bellunesi. Ieri si \u00e8 abbassata ulteriormente l&#8217;incidenza dei positivi sul numero dei tamponi (2%), superata la soglia dei 300 mila contagi da inizio epidemia. Ieri c&#8217;\u00e8 stato il crollo degli attualmente positivi: 6165 in meno in 24 ore. Anche ieri purtroppo 129 vittime per un totale di 8235 decessi ma il numero alto \u00e8 giustificato dalla contabilit\u00e0 del fine settimana. In diminuzione i ricoveri, ieri -83 anche in terapia intensiva -5 (sono 339 le persone ancora costrette al respiratore). In Provincia 26 nuovi positivi e 2 decessi, 2271 gli infetti e quasi 14mila guariti. Diminuzione dei ricoveri, 77 i pazienti in area non critica (1 ad Agordo), 16 i pazienti negli ospedali di comunit\u00e0, 7 in terapia intensiva.\u00a0L&#8217;allarme personale nelle case di riposo si fa ogni giorno pi\u00f9 evidente, ieri a Lamon sei dipendenti (su 9) hanno fatto le valige, se ne va anche uno dei due medici.<\/p>\n<p>&nbsp;<\/p>\n<blockquote>\n<h2>SCENDE A 26 IL NUMERO DI POSITIVI, MA DUE VITTIME ANCHE OGGI<\/h2>\n<\/blockquote>\n<p><strong>BELLUNO<\/strong> <span style=\"font-size: medium;\">Nelle ultime 24 ore sono decedute due persone un uomo di anni 89 ricoverato in Pneumologia covid a Feltre e un uomo di anni 79 deceduto in Geriatria covid a Feltre. Il numero di positivi si abbassa a 26, sono 77 i pazienti in area non critica, 7 in terapia intensiva uno in meno rispetto a ieri\u00a0<\/span><\/p>\n<p align=\"JUSTIFY\"><span style=\"font-size: medium;\"><b>Ricoveri <\/b><\/span><\/p>\n<p align=\"JUSTIFY\"><span style=\"font-size: medium;\"><i>(dato alle ore 17.00 fonte: Azienda Zero)<\/i><\/span><\/p>\n<p align=\"JUSTIFY\"><span style=\"font-size: medium;\">Le persone attualmente POSITIVE ricoverate negli ospedali dell\u2019Ulss Dolomiti sono<\/span>:<\/p>\n<table border=\"1\" width=\"652\" frame=\"HSIDES\" rules=\"GROUPS\" cellspacing=\"0\" cellpadding=\"7\">\n<tbody>\n<tr valign=\"TOP\">\n<td width=\"203\"><\/td>\n<td width=\"203\">\n<p align=\"JUSTIFY\"><span style=\"color: #365f91;\"><span style=\"font-size: medium;\"><b>Area NON CRITICA<\/b><\/span><\/span><\/p>\n<\/td>\n<td width=\"203\">\n<p align=\"JUSTIFY\"><span style=\"color: #365f91;\"><span style=\"font-size: medium;\"><b>Terapia Intensiva<\/b><\/span><\/span><\/p>\n<\/td>\n<\/tr>\n<\/tbody>\n<tbody>\n<tr valign=\"TOP\">\n<td bgcolor=\"#d3dfee\" width=\"203\">\n<p align=\"JUSTIFY\"><span style=\"color: #365f91;\"><span style=\"font-size: medium;\"><b>Ospedale di Belluno <\/b><\/span><\/span><\/p>\n<\/td>\n<td bgcolor=\"#d3dfee\" width=\"203\">\n<p align=\"CENTER\"><span style=\"color: #365f91;\"><span style=\"font-size: medium;\">40<\/span><\/span><\/p>\n<\/td>\n<td bgcolor=\"#d3dfee\" width=\"203\">\n<p align=\"CENTER\"><span style=\"color: #365f91;\"><span style=\"font-size: medium;\">3<\/span><\/span><\/p>\n<\/td>\n<\/tr>\n<tr valign=\"TOP\">\n<td bgcolor=\"#d3dfee\" width=\"203\">\n<p align=\"JUSTIFY\"><span style=\"color: #365f91;\"><span style=\"font-size: medium;\"><b>Ospedale di Feltre<\/b><\/span><\/span><\/p>\n<p align=\"JUSTIFY\"><span style=\"color: #365f91;\"><span style=\"font-size: medium;\"><b>Ospedale di Agordo<\/b><\/span><\/span><\/p>\n<\/td>\n<td bgcolor=\"#d3dfee\" width=\"203\">\n<p align=\"CENTER\"><span style=\"color: #365f91;\"><span style=\"font-size: medium;\">36<\/span><\/span><\/p>\n<p align=\"CENTER\"><span style=\"color: #365f91;\"><span style=\"font-size: medium;\">1<\/span><\/span><\/p>\n<\/td>\n<td bgcolor=\"#d3dfee\" width=\"203\">\n<p align=\"CENTER\"><span style=\"color: #365f91;\"><span style=\"font-size: medium;\">4<\/span><\/span><\/p>\n<\/td>\n<\/tr>\n<\/tbody>\n<\/table>\n<p align=\"JUSTIFY\"><span style=\"font-size: medium;\">Le persone attualmente POSITIVE <\/span>ricoverate in Ospedale di Comunit\u00e0 sono:<\/p>\n<table border=\"1\" width=\"652\" frame=\"HSIDES\" rules=\"ROWS\" cellspacing=\"0\" cellpadding=\"7\">\n<tbody>\n<tr valign=\"TOP\">\n<td width=\"312\"><\/td>\n<td width=\"312\">\n<p align=\"JUSTIFY\"><span style=\"color: #76923c;\"><span style=\"font-size: medium;\"><b>pazienti attualmente positivi<\/b><\/span><\/span><\/p>\n<\/td>\n<\/tr>\n<tr valign=\"TOP\">\n<td bgcolor=\"#e6eed5\" width=\"312\">\n<p align=\"JUSTIFY\"><span style=\"color: #76923c;\"><span style=\"font-size: medium;\"><b>Ospedale di Comunit\u00e0 di BELLUNO<\/b><\/span><\/span><\/p>\n<\/td>\n<td bgcolor=\"#e6eed5\" width=\"312\">\n<p align=\"CENTER\"><span style=\"color: #76923c;\"><span style=\"font-size: medium;\">8<\/span><\/span><\/p>\n<\/td>\n<\/tr>\n<tr valign=\"TOP\">\n<td bgcolor=\"#e6eed5\" width=\"312\">\n<p align=\"JUSTIFY\"><span style=\"color: #76923c;\"><span style=\"font-size: medium;\"><b>Ospedale di Comunit\u00e0 di FELTRE<\/b><\/span><\/span><\/p>\n<\/td>\n<td bgcolor=\"#e6eed5\" width=\"312\">\n<p align=\"CENTER\"><span style=\"color: #76923c;\"><span style=\"font-size: medium;\">8<\/span><\/span><\/p>\n<\/td>\n<\/tr>\n<\/tbody>\n<\/table>\n<p>&nbsp;<\/p>\n<p>&nbsp;<\/p>\n<p>&nbsp;<\/p>\n<hr \/>\n<blockquote>\n<h3>ANDAMENTO EPIDEMIOLOGICO NELL&#8217;AGORDINO<\/h3>\n<\/blockquote>\n<p><strong>LA VALLE<\/strong> 11 positivi 7 isolamento <strong>ROCCA PIETORE<\/strong> 5 (-2) 3 (-1) <strong>ALLEGHE<\/strong> 1 (-2) positivi 1 (-1) isolamento <strong>TAIBON<\/strong> 11 (-1) positivi 21 (0) isolamento\u00a0 <strong>AGORDO<\/strong> 44 (-12) positivi 26 (-1) isolamento <strong>GOSALDO<\/strong> 5 (-1)\u00a0 positivi 2 (-2) isolamento <strong>FALCADE<\/strong> 36 (-8)\u00a0 positivi 16 (-2) isolamento <strong>VALLADA<\/strong> 15 positivi 10 quarantena <strong>CANALE D&#8217;AGORDO<\/strong> 15 (-1) positivi 9 (-2) isolamento.<strong> COLLE SANTA LUCIA<\/strong> 1 positivi 0 isolamento <strong>RIVAMONTE<\/strong> 5 positivi 5 isolamento<\/p>\n<p>ALTRI COMUNI NON PERVENUTI,\u00a0 <em>Nessuna notizia dai 2 Comuni commisariati, Voltago e Selva di Cadore<\/em><\/p>\n<hr \/>\n<p>&nbsp;<\/p>\n<blockquote>\n<h3>TRAFFICO IN CRISI E LUNGHE CODE AL MATTINO<\/h3>\n<\/blockquote>\n<p><strong><a href=\"https:\/\/www.radiopiu.net\/wordpress\/giornale-radiopiu-20-gennaio-2021-direttore-mirko-mezzacasa\/b3dbf2c8-4556-45fe-b1ac-a02eb8ca8239\/\" rel=\"attachment wp-att-185768\"><img loading=\"lazy\" decoding=\"async\" class=\" wp-image-185768 alignleft\" src=\"https:\/\/www.radiopiu.net\/wordpress\/wp-content\/uploads\/2021\/01\/b3dbf2c8-4556-45fe-b1ac-a02eb8ca8239-300x169.jpg\" alt=\"\" width=\"190\" height=\"107\" srcset=\"https:\/\/www.radiopiu.net\/wordpress\/wp-content\/uploads\/2021\/01\/b3dbf2c8-4556-45fe-b1ac-a02eb8ca8239-300x169.jpg 300w, https:\/\/www.radiopiu.net\/wordpress\/wp-content\/uploads\/2021\/01\/b3dbf2c8-4556-45fe-b1ac-a02eb8ca8239.jpg 320w\" sizes=\"auto, (max-width: 190px) 100vw, 190px\" \/><\/a>BELLUNO<\/strong> Tre incidenti in poche ore ieri mattina a Belluno, nessuna conseguenza di rilievo ma attorno alle otto una serie di disagi al traffico.\u00a0 Sul \u00a0Boscon scontro tra due automobili. Un&#8217;ora dopo altro incidente che ha nuovamente bloccato il traffico tra Sedico e Belluno: una macchina si \u00e8 capottata a Salce. Un terzo sinistro poco dopo, un automobilista nel tentativo di bypassare la coda provocata dall&#8217;incidente, \u00e8 finito fuori strada a causa del ghiaccio, finendo per bloccarsi addosso ad un albero.<\/p>\n<p>&nbsp;<\/p>\n<p>&nbsp;<\/p>\n<hr \/>\n<p>&nbsp;<\/p>\n<blockquote>\n<h3>VOLEVA SCANNARE I LUPI, I CARABINIERI FORESTALI GLI SCANNANO IL PORTAFOGLI<\/h3>\n<\/blockquote>\n<p><b><a href=\"https:\/\/www.radiopiu.net\/wordpress\/giornale-radiopiu-20-gennaio-2021-direttore-mirko-mezzacasa\/a71bcaa3-12bf-41c9-8a78-82c59681378f\/\" rel=\"attachment wp-att-185769\"><img loading=\"lazy\" decoding=\"async\" class=\" wp-image-185769 alignleft\" src=\"https:\/\/www.radiopiu.net\/wordpress\/wp-content\/uploads\/2021\/01\/a71bcaa3-12bf-41c9-8a78-82c59681378f-300x131.jpg\" alt=\"\" width=\"179\" height=\"78\" srcset=\"https:\/\/www.radiopiu.net\/wordpress\/wp-content\/uploads\/2021\/01\/a71bcaa3-12bf-41c9-8a78-82c59681378f-300x131.jpg 300w, https:\/\/www.radiopiu.net\/wordpress\/wp-content\/uploads\/2021\/01\/a71bcaa3-12bf-41c9-8a78-82c59681378f-1024x446.jpg 1024w, https:\/\/www.radiopiu.net\/wordpress\/wp-content\/uploads\/2021\/01\/a71bcaa3-12bf-41c9-8a78-82c59681378f-768x335.jpg 768w, https:\/\/www.radiopiu.net\/wordpress\/wp-content\/uploads\/2021\/01\/a71bcaa3-12bf-41c9-8a78-82c59681378f.jpg 1211w\" sizes=\"auto, (max-width: 179px) 100vw, 179px\" \/><\/a>CORTINA <\/b>Luca Ghedina allevatore di Cortina paga caro il suo atteggiamento in strada, al volante con il cellulare inseguendo un branco di lupi, stremandone due. Tutto testimoniato sui social con un video dei lupi in fuga tra muri di neve che ha fatto il giro del mondo. Per il cortinese raffica di multe: uso del cellulare alla guida, guida contromano, mancata osservanza dell\u2019obbligo di fermarsi in presenza di animali e guida a cavallo della striscia longitudinale continua.<\/p>\n<p>&nbsp;<\/p>\n<p>&nbsp;<\/p>\n<hr \/>\n<blockquote>\n<h3>IL PONTE &#8220;DEL FELICE&#8221; DOPO UN MESE E MEZZO E&#8217; SEMPRE CHIUSO.<\/h3>\n<\/blockquote>\n<p><strong><a href=\"https:\/\/www.radiopiu.net\/wordpress\/giornale-radiopiu-20-gennaio-2021-direttore-mirko-mezzacasa\/download-10-2\/\" rel=\"attachment wp-att-185705\"><img loading=\"lazy\" decoding=\"async\" class=\"size-full wp-image-185705 alignleft\" src=\"https:\/\/www.radiopiu.net\/wordpress\/wp-content\/uploads\/2021\/01\/download-10-1.jpg\" alt=\"\" width=\"300\" height=\"168\" \/><\/a>LA VALLE<\/strong> Un mese e mezzo dopo non \u00e8 cambiato nulla, il ponte &#8220;del Felice subi\u00f2t&#8221; \u00e8 sempre chiuso in seguito all&#8217;ondata di maltempo, il torrente ne ha eroso i fianchi. Gli abitanti di\u00a0 Ronche, Cancellade, Ronchet e Gaidon\u00a0 possono arrivare ad Agordo da Noach o da La Valle,\u00a0 ovvero il classico giro dell&#8217;oca. Il ponte porta inoltre alla zona artigianale di Noach che si raggiunge comunque dalla regionale 203 agordina da Le Campe. Quella strada ha permesso il collegamento con l&#8217;Agordino nei giorni di Vaia quando poco prima di Agordo la regionale 203 agordina \u00e8 stata chiusa al traffico.<em> &#8220;In quei giorni su quel ponte sono transitati mezzi pesanti, pesantissimi che hanno contribuito a rendere il Ponte meno stabile&#8221;<\/em> ne \u00e8 convinto il sindaco Ezio Zuanel che da un mese sta girando gli uffici di Veneto Strade e della Provincia<em> &#8220;Ne ho parlato anche con il nostro consigliere con delega alla viabilit\u00e0 Fabio Luchetta perch\u00e9 si trovi una soluzione&#8221;.<\/em> Secondo il sindaco Veneto Strade \u00e8 a conoscenza del problema ed ha gi\u00e0 preso atto della situazione, per questo si aspetta una soluzione a breve. <em>&#8220;Anche temporanea con lavori di somma urgenza &#8211; continua il sindaco &#8211; ma si apra al traffico, magari anche con qualche limitazione nel peso dei mezzi, ma che non si prolunghi per mesi perch\u00e9 comunque \u00e8 una strada di collegamento con una zona industriale&#8221;.\u00a0<\/em><\/p>\n<p><strong>VIDEO<\/strong><\/p>\n<p>https:\/\/www.facebook.com\/mirko.mezzacasa\/videos\/10225110804184080<\/p>\n<p>&nbsp;<\/p>\n<hr \/>\n<blockquote>\n<h3><\/h3>\n<h3>UN MILIONE DI EURO PER LA COOPERATIVA LA VIA<\/h3>\n<\/blockquote>\n<p><a href=\"https:\/\/www.radiopiu.net\/wordpress\/giornale-radiopiu-20-gennaio-2021-direttore-mirko-mezzacasa\/nuove-divise-cooperativa-la-via\/\" rel=\"attachment wp-att-185761\"><img loading=\"lazy\" decoding=\"async\" class=\"size-medium wp-image-185761 alignnone\" src=\"https:\/\/www.radiopiu.net\/wordpress\/wp-content\/uploads\/2021\/01\/nuove-divise-cooperativa-la-via-300x225.jpg\" alt=\"\" width=\"300\" height=\"225\" srcset=\"https:\/\/www.radiopiu.net\/wordpress\/wp-content\/uploads\/2021\/01\/nuove-divise-cooperativa-la-via-300x225.jpg 300w, https:\/\/www.radiopiu.net\/wordpress\/wp-content\/uploads\/2021\/01\/nuove-divise-cooperativa-la-via-768x576.jpg 768w, https:\/\/www.radiopiu.net\/wordpress\/wp-content\/uploads\/2021\/01\/nuove-divise-cooperativa-la-via.jpg 800w\" sizes=\"auto, (max-width: 300px) 100vw, 300px\" \/><\/a><\/p>\n<p><strong>AGORDO<\/strong><\/p>\n<p><strong>DI GIANNI SANTOMASO<\/strong><\/p>\n<audio class=\"wp-audio-shortcode\" id=\"audio-185576-7\" preload=\"none\" style=\"width: 100%;\" controls=\"controls\"><source type=\"audio\/mpeg\" src=\"https:\/\/www.radiopiu.net\/wordpress\/wp-content\/uploads\/2021\/01\/LA-VIA-GIANNI.mp3?_=7\" \/><a href=\"https:\/\/www.radiopiu.net\/wordpress\/wp-content\/uploads\/2021\/01\/LA-VIA-GIANNI.mp3\">https:\/\/www.radiopiu.net\/wordpress\/wp-content\/uploads\/2021\/01\/LA-VIA-GIANNI.mp3<\/a><\/audio>\n<p>&nbsp;<\/p>\n<p>&nbsp;<\/p>\n<hr \/>\n<blockquote>\n<h3>LA GUARDIA DI FINANZA RECLUTA 571 ALLIEVI<\/h3>\n<\/blockquote>\n<p><strong><a href=\"https:\/\/www.radiopiu.net\/wordpress\/bilancio-operativo-annuale-2015-della-guardia-di-finanza-di-belluno\/logo-guardia-di-finanza\/\" rel=\"attachment wp-att-17665\"><img loading=\"lazy\" decoding=\"async\" class=\" wp-image-17665 alignleft\" src=\"https:\/\/www.radiopiu.net\/wordpress\/wp-content\/uploads\/2016\/03\/logo-guardia-di-finanza-300x225.jpg\" alt=\"\" width=\"161\" height=\"121\" \/><\/a>BELLUNO<\/strong> Il Comando della Guardia di Finanza di Belluno ha reso noto del reclutamento di 571 allievi finanzieri, 315 volontari in ferma, 256 cittadini italiani, per la prima volta sono stati destinati 120 posti di specializzazione &#8220;Anti terrorismo e Pronto Impiego&#8221;. Il bando di concorso \u00e8\u00a0 gi\u00e0 pubblicato sulla Gazzetta Ufficiale, vi possono partecipare i giovani tra i 18 e i 26 anni, necessario il diploma di istruzione secondaria (di primo per i posti riservati ai volontari delle Forze Armate).\u00a0 La domanda va inviata entro e non oltre le 12 del 29 maggio in via telematica. Sul sito internet della Guardia di Finanza (http:\/\/concorsi.gdf.gov.it) ulteriori e pi\u00f9 complete informazioni di dettaglio sul concorso.<\/p>\n<p>&nbsp;<\/p>\n<p>&nbsp;<\/p>\n<p>&nbsp;<\/p>\n<hr \/>\n<blockquote>\n<h3><\/h3>\n<h3>IL COMUNE DI BELLUNO PRESENTA IL CONTO DEL MALTEMPO D&#8217;INIZIO DICEMBRE<\/h3>\n<\/blockquote>\n<p><strong>BELLUNO<\/strong> Ammonta a\u00a0 un milione e mezzo di euro\u00a0 la conta dei danni segnalati dal Comune di Belluno alla Regione Veneto in seguito all&#8217;ondata di maltempo dello scorso dicembre. Tredici gli interventi segnalati dall&#8217;amministrazione: due, gi\u00e0 conclusi a Pra de Luni per uno smottamento lungo l&#8217;unica via per le abitazioni in diverse aree del territorio comunale: Pra de Luni, Cet, Cirvoi, Visome, (lavori di difesa idraulica e geologica, per un totale di 690mila euro); Via San Francesco (100mila euro), a Tassei la frana ha interessato una propriet\u00e0 privata, ma il Comune interviene per interesse pubblico essendo stato coinvolto anche il sistema di convogliamento delle acque (300mila euro), Via delle Valli (290mila euro), Piandelmonte, Vezzano, Via Miari e Via Medil. Non sono invece pervenute richieste da parte di soggetti privati o da attivit\u00e0 economiche.<\/p>\n<p><strong>IL SINDACO JACOPO MASSARO<\/strong><\/p>\n<audio class=\"wp-audio-shortcode\" id=\"audio-185576-8\" preload=\"none\" style=\"width: 100%;\" controls=\"controls\"><source type=\"audio\/mpeg\" src=\"https:\/\/www.radiopiu.net\/wordpress\/wp-content\/uploads\/2021\/01\/Massaro-Bilancio-danni-maltempo-2020.mp3?_=8\" \/><a href=\"https:\/\/www.radiopiu.net\/wordpress\/wp-content\/uploads\/2021\/01\/Massaro-Bilancio-danni-maltempo-2020.mp3\">https:\/\/www.radiopiu.net\/wordpress\/wp-content\/uploads\/2021\/01\/Massaro-Bilancio-danni-maltempo-2020.mp3<\/a><\/audio>\n<p>&nbsp;<\/p>\n<hr \/>\n<p>&nbsp;<\/p>\n<blockquote class=\"wp-embedded-content\" data-secret=\"arpuynT0lX\"><p><a href=\"https:\/\/www.radiopiu.net\/wordpress\/agg-gen19\/\">CORONAVIRUS: AGGIORNAMENTO NAZIONALE 19 GENNAIO 2021<\/a><\/p><\/blockquote>\n<p><iframe loading=\"lazy\" class=\"wp-embedded-content\" sandbox=\"allow-scripts\" security=\"restricted\" style=\"position: absolute; clip: rect(1px, 1px, 1px, 1px);\" title=\"&#8220;CORONAVIRUS: AGGIORNAMENTO NAZIONALE 19 GENNAIO 2021&#8221; &#8212; Radio Pi\u00f9\" src=\"https:\/\/www.radiopiu.net\/wordpress\/agg-gen19\/embed\/#?secret=arpuynT0lX\" data-secret=\"arpuynT0lX\" width=\"600\" height=\"338\" frameborder=\"0\" marginwidth=\"0\" marginheight=\"0\" scrolling=\"no\"><\/iframe><\/p>\n<p>&nbsp;<\/p>\n<blockquote class=\"wp-embedded-content\" data-secret=\"6Hi2xW55eZ\"><p><a href=\"https:\/\/www.radiopiu.net\/wordpress\/gen19-az\/\">TRAGICA CONTABILITA&#8217; DA FINE SETTIMANA: 219 DECESSI. ATTUALMENTE POSITIVI IN FORTE CALO<\/a><\/p><\/blockquote>\n<p><iframe loading=\"lazy\" class=\"wp-embedded-content\" sandbox=\"allow-scripts\" security=\"restricted\" style=\"position: absolute; clip: rect(1px, 1px, 1px, 1px);\" title=\"&#8220;TRAGICA CONTABILITA&#8217; DA FINE SETTIMANA: 219 DECESSI. ATTUALMENTE POSITIVI IN FORTE CALO&#8221; &#8212; Radio Pi\u00f9\" src=\"https:\/\/www.radiopiu.net\/wordpress\/gen19-az\/embed\/#?secret=6Hi2xW55eZ\" data-secret=\"6Hi2xW55eZ\" width=\"600\" height=\"338\" frameborder=\"0\" marginwidth=\"0\" marginheight=\"0\" scrolling=\"no\"><\/iframe><\/p>\n<p>&nbsp;<\/p>\n<h2>\u00a0I GRAFICI DI TIZIANO DE COL<\/h2>\n\n\t\t\t<style type='text\/css'>\n\t\t\t\t#gallery-2 {\n\t\t\t\t\tmargin: auto;\n\t\t\t\t}\n\t\t\t\t#gallery-2 .gallery-item {\n\t\t\t\t\tfloat: left;\n\t\t\t\t\tmargin-top: 10px;\n\t\t\t\t\ttext-align: center;\n\t\t\t\t\twidth: 25%;\n\t\t\t\t}\n\t\t\t\t#gallery-2 img {\n\t\t\t\t\tborder: 2px solid #cfcfcf;\n\t\t\t\t}\n\t\t\t\t#gallery-2 .gallery-caption {\n\t\t\t\t\tmargin-left: 0;\n\t\t\t\t}\n\t\t\t\t\/* see gallery_shortcode() in wp-includes\/media.php *\/\n\t\t\t<\/style>\n\t\t<div id='gallery-2' class='dt-gallery-container gallery galleryid-185576 gallery-columns-4 gallery-size-thumbnail'><dl class='gallery-item'>\n\t\t\t\t<dt class='gallery-icon landscape'>\n\t\t\t\t\t<a class=\"rollover rollover-zoom dt-pswp-item\" title=\"6dbe102f-b4e0-4eda-a0ac-b64371fc969e\" data-dt-img-description=\"\" data-large_image_width=\"607\" data-large_image_height=\"363\"href='https:\/\/www.radiopiu.net\/wordpress\/wp-content\/uploads\/2021\/01\/6dbe102f-b4e0-4eda-a0ac-b64371fc969e.jpg'><img loading=\"lazy\" decoding=\"async\" width=\"150\" height=\"150\" src=\"https:\/\/www.radiopiu.net\/wordpress\/wp-content\/uploads\/2021\/01\/6dbe102f-b4e0-4eda-a0ac-b64371fc969e-150x150.jpg\" class=\"attachment-thumbnail size-thumbnail\" alt=\"\" \/><\/a>\n\t\t\t\t<\/dt><\/dl><dl class='gallery-item'>\n\t\t\t\t<dt class='gallery-icon landscape'>\n\t\t\t\t\t<a class=\"rollover rollover-zoom dt-pswp-item\" title=\"d2da7d0b-2c68-4fe4-9060-d8cc12b90503\" data-dt-img-description=\"\" data-large_image_width=\"610\" data-large_image_height=\"360\"href='https:\/\/www.radiopiu.net\/wordpress\/wp-content\/uploads\/2021\/01\/d2da7d0b-2c68-4fe4-9060-d8cc12b90503.jpg'><img loading=\"lazy\" decoding=\"async\" width=\"150\" height=\"150\" src=\"https:\/\/www.radiopiu.net\/wordpress\/wp-content\/uploads\/2021\/01\/d2da7d0b-2c68-4fe4-9060-d8cc12b90503-150x150.jpg\" class=\"attachment-thumbnail size-thumbnail\" alt=\"\" \/><\/a>\n\t\t\t\t<\/dt><\/dl><dl class='gallery-item'>\n\t\t\t\t<dt class='gallery-icon landscape'>\n\t\t\t\t\t<a class=\"rollover rollover-zoom dt-pswp-item\" title=\"94dc3994-e158-4261-8896-b2811dae22d2\" data-dt-img-description=\"\" data-large_image_width=\"614\" data-large_image_height=\"355\"href='https:\/\/www.radiopiu.net\/wordpress\/wp-content\/uploads\/2021\/01\/94dc3994-e158-4261-8896-b2811dae22d2.jpg'><img loading=\"lazy\" decoding=\"async\" width=\"150\" height=\"150\" src=\"https:\/\/www.radiopiu.net\/wordpress\/wp-content\/uploads\/2021\/01\/94dc3994-e158-4261-8896-b2811dae22d2-150x150.jpg\" class=\"attachment-thumbnail size-thumbnail\" alt=\"\" \/><\/a>\n\t\t\t\t<\/dt><\/dl><dl class='gallery-item'>\n\t\t\t\t<dt class='gallery-icon landscape'>\n\t\t\t\t\t<a class=\"rollover rollover-zoom dt-pswp-item\" title=\"30407264-4b61-434f-9301-6f3bfc5320cd\" data-dt-img-description=\"\" data-large_image_width=\"600\" data-large_image_height=\"358\"href='https:\/\/www.radiopiu.net\/wordpress\/wp-content\/uploads\/2021\/01\/30407264-4b61-434f-9301-6f3bfc5320cd.jpg'><img loading=\"lazy\" decoding=\"async\" width=\"150\" height=\"150\" src=\"https:\/\/www.radiopiu.net\/wordpress\/wp-content\/uploads\/2021\/01\/30407264-4b61-434f-9301-6f3bfc5320cd-150x150.jpg\" class=\"attachment-thumbnail size-thumbnail\" alt=\"\" \/><\/a>\n\t\t\t\t<\/dt><\/dl><br style=\"clear: both\" \/>\n\t\t\t<\/div>\n\n<p>&nbsp;<\/p>\n<p>&nbsp;<\/p>\n<hr \/>\n<p>&nbsp;<\/p>\n<blockquote>\n<h2>DOPO LE MASCHERINE IN LUXOTTICA, VACCINI IN VENETO? &#8220;NOI CI SIAMO&#8221; DICE ZAIA<\/h2>\n<\/blockquote>\n<p>&nbsp;<\/p>\n<h2>LEGGI LA CONFERENZA STAMPA DI LUCA ZAIA<\/h2>\n<blockquote>\n<h3><em>Andremo al Tar con la nostra memoria circa il ricorso per la mancata apertura delle scuole. Stasera o domani avremo gi\u00e0 la risposta. Se si tratta di produrre vaccini per i veneti e per tutti gli italiani noi ci siamo.<\/em><\/h3>\n<\/blockquote>\n<p>La curva decresce, speculare quella delle terapie intensive. Sono 339 terapia intensive sotto il valore massimo del 31 marzo di 356. Oggi \u00e8 il primo giorno che scendiamo sotto il massimo di marzo e abbiamo ancora 500 posti letto per raggiungere i numeri della prima ondata. Si stanno liberando posti letto per\u00f2 la situazione \u00e8 ancora pesante a livello ospedaliero. Se continuiamo con questo bel lavoro di attenzione \u00e8 ragionevole pensare se ne possa uscire, in combinazione a darci pi\u00f9 tranquillit\u00e0 ci sono i vaccini, per l&#8217;interesse di tutti, perch\u00e9 l&#8217;economia \u00e8 in grande sofferenza. <strong>VACCINI<\/strong> Questa sera riunione con il Governo per i vaccini. Siamo preoccupati, ci rendiamo conto che un&#8217;impresa pu\u00f2 avere problemi, dobbiamo capire quali sono e se li possiamo risolvere assieme. E&#8217; slittata una fornitura\u00a0 e da ieri sera ci parlano di un altro slittamento della fornitura per la prossima settimana. Noi possiamo solo concentrarci per fare le seconde dosi, ci servono 100mila dosi. <strong>SCUOLA\u00a0<\/strong> Ieri sera tra Governatori abbiamo parlato della scuola, il parere del CTS non lo ha chiesto la Regione ma il Ministero della Salute quindi il nostro interlocutore resta il ministro, in base a quel parere ci comunichi le sue conclusioni. Noi andremo al Tar del Veneto con una memoria difensiva, argomentazioni non politiche ma di valutazioni fatte sulla base dei criteri di sanit\u00e0 pubblica\u00a0 in virt\u00f9 di un legittimo ricorso di\u00a0 17 cittadini che chiedono la riapertura delle scuole superiori. Siamo pronti alla riapertura con i trasporti (come lo eravamo dal 7 gennaio), attendiamo l&#8217;esito del ricorso. E&#8217; giusto che i ragazzi tornano a scuola in presenza ma oltre a questo diritto c&#8217;\u00e8 anche il diritto alla salute.<strong> VACCINI SITUAZIONE ATTUALE<\/strong>\u00a0 Faremo il secondo giro di vaccini, questa settimana sono dimezzate e la prossima ci sar\u00e0 un&#8217;altra riduzione. La nostra macchina vaccinale si \u00e8 orientata sull&#8217;obiettivo delle seconde dosi. Questo creer\u00e0 un buco nella peggiore delle ipotesi di due settimane, non chiuderemo a fine gennaio ma a met\u00e0 febbraio e tutto si trascina. Spero che Astrazenica gi\u00e0 presente in Gran Bretagna e in valutazione ad Ema abbia titolo per essere autorizzato cos\u00ec da quello che ci dicono non ci saranno problemi per la quantit\u00e0,\u00a0 parlano di 42 milioni di dosi. <strong>PRODURRE LA QUOTA DI VACCINO CON LE AZIENDE ITALIANE<\/strong> Se fattibile l&#8217;idea \u00e8 condivisibile ma \u00e8 un processo industriale, Pfizer ha cercato le realt\u00e0 per produrre credo che lo scoouting sia gi\u00e0 stato fatto. Non mi sembra comunque un&#8217;idea strampalata quella dell&#8217;immunolola Antonella Viola riferita a RADIO 24, magari viene fuori un vaccino che funziona anche di pi\u00f9. Sono certo che gli industriali sono attenti ad ogni opportunit\u00e0. Dico a Pfizer che se c&#8217;\u00e8 da dare una mano il Veneto c&#8217;\u00e8 per la salute dei cittadini, anche con la finanziaria regionale. <strong>PERCHE&#8217; IL VENETO NON COMPERA I VACCINI COME HA FATTO CON I RESPIRATORI?<\/strong> Questione gi\u00e0 posta in tempi non sospetti, \u00e8 impossibile, le forniture e i contratti sono solo con gli Stati Membri, l&#8217;idea del Veneto Autonomo sui vaccini non pu\u00f2 muoversi. <strong>MODALITA&#8217; DI TRACCIAMENTO CAMBIATE?<\/strong> Nell&#8217;ultima circolare ci dicono di mettere in quarantena di contatti stretti senza fare tamponi, al termine della quarantena il tampone.<strong> PER GLI ANZIANI SOLO MODERNA?<\/strong>\u00a0 Ne abbiamo 7800 a settimana e seguono la prassi, vacciniamo con quello che abbiamo o Moderna o Pfizer sono equivalenti.<strong> DIVISIONE PER REGIONI CHI FISSA LA FORNITURA E IN BASE A CHE COSA\u00a0<\/strong> Arbitraria e stabilita dall&#8217;azienda Pfizer. La suddivisione delle dosi ridotte ne \u00e8 un esempio, non c&#8217;\u00e8 spiegazione sui tagli da Regione e Regione.<\/p>\n<p>&nbsp;<\/p>\n<p><a href=\"https:\/\/www.facebook.com\/zaiaufficiale\/videos\/328679205012330\">https:\/\/www.facebook.com\/zaiaufficiale\/videos\/328679205012330<\/a><\/p>\n<p>&nbsp;<\/p>\n<a href=\"https:\/\/www.radiopiu.net\/wordpress\/wp-content\/uploads\/2021\/01\/2021.01.18_Report-18.30-1.pdf\" class=\"pdfemb-viewer\" style=\"\" data-width=\"max\" data-height=\"max\" data-toolbar=\"top\" data-toolbar-fixed=\"on\">2021.01.18_Report 18.30<\/a>\n<p>&nbsp;<\/p>\n<hr \/>\n<blockquote>\n<h3><\/h3>\n<h3>CASO DONAZZAN, DALL&#8217;ASSESSORE LE SCUSE MA NESSUNA CONDANNA DEL FASCISMO. L&#8217;ASSESSORE SI SALVA CHIEDENDO SCUSA RIMANE SULLA SUA POLTRONA<\/h3>\n<\/blockquote>\n<p><strong>VENEZIA<\/strong>\u00a0 <span style=\"font-family: arial, sans-serif; font-size: large;\">\u201cServiva una presa di posizione forte che non c\u2019\u00e8 stata, cos\u00ec come sarebbe stata opportuna la presenza di Zaia. Un\u2019assenza che non mi stupisce poich\u00e9 che non lo vediamo mai, ma sarebbe stato un segnale importante, insieme al voto favorevole della maggioranza, per dire che il fascismo \u00e8 bandito da quest\u2019aula\u201d. <b>\u00c8 quanto ha dichiarato Anna Maria Bigon, consigliera del Partito Democratico durante la seduta odierna dedicata alla mozione di riserve nei confronti dell\u2019assessore all\u2019Istruzione Donazzan per aver intonato a un programma radiofonico Faccetta Nera e su cui Lega. Lista Zaia e Forza Italia hanno deciso di astenersi, \u201cuna posizione pilatesca\u201d, mentre FdI ha votato contro. <\/b><\/span><span style=\"font-family: arial, sans-serif; font-size: large;\">\u201cQuella canzone rivela il volto del fascismo a 360 gradi: non solo violenza e razzismo, ma anche sessismo. Torture, stupri, percosse che il regime ha commesso sistematicamente sulle donne anche in Italia e qua in Veneto. L\u2019assessore si \u00e8 limitata a scuse generiche, senza una condanna netta di quel periodo, il pi\u00f9 buio della storia d\u2019Italia. E cos\u00ec, di fatto, si \u00e8 comportata la maggioranza, scegliendo di astenersi sulla mozione\u201d.<\/span><\/p>\n<blockquote>\n<h3><\/h3>\n<\/blockquote>\n<hr \/>\n<blockquote>\n<h3>IL CAI DI AGORDO NON MOLLA E SFIDA LA PANDEMIA: ECCO IL PROGRAMMA<\/h3>\n<p><strong><img loading=\"lazy\" decoding=\"async\" class=\"alignleft\" src=\"https:\/\/www.radiopiu.net\/wordpress\/wp-content\/uploads\/2020\/04\/cai-agordo.jpg\" width=\"187\" height=\"107\" \/>AGORDO<\/strong> La sezione agordina del Cai ha programmato\u00a0 il nuovo programma annuale. <em>&#8220;Ci abbiamo messo impegno e buona volont\u00e0 per preparare un programma dello stesso livello del pre-pandemia, confidando in una positiva risoluzione della situazione sanitaria ed il ritorno ad una tanto desiderata normalit\u00e0<\/em>.<em> E&#8217; con rinnovata fiducia che pubblichiamo\u00a0 il <strong>programma dell&#8217;attivit\u00e0 per il 2021<\/strong> e vi aspettiamo numerosi e carichi per affrontare nuove opportunit\u00e0 per stare insieme a condividere la passione per la montagna.\u00a0<\/em><\/p>\n<p>&nbsp;<\/p>\n<a href=\"https:\/\/www.radiopiu.net\/wordpress\/wp-content\/uploads\/2021\/01\/programma_CAI_2021.pdf\" class=\"pdfemb-viewer\" style=\"\" data-width=\"max\" data-height=\"max\" data-toolbar=\"top\" data-toolbar-fixed=\"on\">programma_CAI_2021<\/a>\n<h3><\/h3>\n<\/blockquote>\n<hr \/>\n<blockquote>\n<h3>STOP AGLI SPOSTAMENTI FUORI COMUNE. ATTIVITA&#8217; PENALIZZATE<\/h3>\n<\/blockquote>\n<p><strong><a href=\"https:\/\/www.radiopiu.net\/wordpress\/giornale-radiopiu-15-02-2017-direttore-mirko-mezzacasa\/confartigianato-imprese-belluno\/\" rel=\"attachment wp-att-28523\"><img loading=\"lazy\" decoding=\"async\" class=\"size-full wp-image-28523 alignleft\" src=\"https:\/\/www.radiopiu.net\/wordpress\/wp-content\/uploads\/2017\/02\/confartigianato-imprese-belluno.jpg\" alt=\"\" width=\"170\" height=\"79\" \/><\/a>BELLUNO <\/strong>La zona arancione pressoch\u00e9 ininterrotta da Natale sta creando diversi danni a molti settori economici. Tra i pi\u00f9 penalizzati, parrucchieri ed estetisti, che con le ultime novit\u00e0 anti-Covid non possono pi\u00f9 ricevere clienti da fuori Comune (con le deroghe solamente per chi abita in Comuni con popolazione inferiore ai 5mila abitanti, e comunque all\u2019interno di un raggio di 30 chilometri). \u00ab<em>In questo modo il fatturato viene drasticamente ridotto. E si perde il rapporto diretto consolidato tra parrucchiere e cliente, tra estetista e cliente, in un settore in cui la fiducia \u00e8 parte fondamentale del nostro lavoro &#8211; afferma Ivana Del Pizzol, presidente degli acconciatori di Confartigianato Belluno -. Un danno enorme, soprattutto se sommato ai provvedimenti che nell\u2019ultimo anno ci hanno gi\u00e0 fortemente penalizzato<\/em>\u00bb. Gli uffici di Confartigianato Belluno stanno lavorando da giorni per rispondere alle richieste di informazioni delle imprese associate. \u00ab<em>Abbiamo ricevuto segnalazioni dalle centinaia di attivit\u00e0 del benessere nostre associate perch\u00e9 i clienti chiedono di recarsi da loro spesso fuori Comune &#8211; conferma il direttore, Michele Basso -. Non nascondiamo il nostro imbarazzo nel dover rispondere che con le attuali misure anti-Covid recarsi dal parrucchiere fuori Comune \u00e8 tra le attivit\u00e0 non concesse, anche perch\u00e9 in altre province d\u2019Italia sono state date interpretazioni diverse della norma, consentendo gli spostamenti nei Comuni adiacenti<\/em>\u00bb. La richiesta di Confartigianato Belluno \u00e8 di aprire indistintamente agli spostamenti fuori Comune per raggiungere il parrucchiere di fiducia, l\u2019estetista o il servizio alla persona. \u00ab<em>La priorit\u00e0 resta ovviamente la protezione della salute, ma nelle nostre attivit\u00e0 non si prende il virus &#8211; continua Del Pizzol -. I nostri saloni sono sempre stati abbondantemente sanificati, gi\u00e0 prima che arrivasse la pandemia da Covid-19, perch\u00e9 utilizziamo particolari accorgimenti. Non appena ci \u00e8 stato possibile riaprire, dopo il lockdown, abbiamo ottemperato a tutte le misure necessarie: oggi nei saloni accede un cliente alla volta, solo su appuntamento; non c\u2019\u00e8 rischio di assembramento e gli operatori sono scrupolosi nel rispetto delle regole. Il rischio vero semmai \u00e8 un altro, il dilagare dell\u2019abusivismo della professione: quello s\u00ec faciliterebbe la diffusione del virus, in maniera incontrollata, oltre a diventare strumento di evasione fiscale e di lavoro nero<\/em>\u00bb. \u00ab<em>Siamo stufi di dover sottostare alle interpretazioni delle norme &#8211; conclude Del Pizzol -. Serviranno i ristori, per far fronte alle difficolt\u00e0 che si sommano ormai da mesi. Nel frattempo chiediamo solamente di poter lavorare, nel pieno rispetto delle regole. Anche con i nostri clienti affezionati che arrivano da fuori Comune<\/em>\u00bb.<\/p>\n<p>&nbsp;<\/p>\n<p>&nbsp;<\/p>\n<hr \/>\n<p>&nbsp;<\/p>\n<blockquote>\n<h3>BELLUNO ALPINA, 2021 DI RIORGANIZZAZIONE INTERNA DELL&#8217;ASSOCIAZIONE. OBBIETTIVO: CANTIERARE LA SCUOLA DELLA MONTAGNA A RONCE PER TUTTE LE PREALPI<\/h3>\n<\/blockquote>\n<p><strong><a href=\"https:\/\/www.radiopiu.net\/wordpress\/giornale-radiopiu-20-gennaio-2021-direttore-mirko-mezzacasa\/belluno-alpina\/\" rel=\"attachment wp-att-185689\"><img loading=\"lazy\" decoding=\"async\" class=\" wp-image-185689 alignleft\" src=\"https:\/\/www.radiopiu.net\/wordpress\/wp-content\/uploads\/2021\/01\/BELLUNO-ALPINA-300x274.jpg\" alt=\"\" width=\"199\" height=\"182\" srcset=\"https:\/\/www.radiopiu.net\/wordpress\/wp-content\/uploads\/2021\/01\/BELLUNO-ALPINA-300x274.jpg 300w, https:\/\/www.radiopiu.net\/wordpress\/wp-content\/uploads\/2021\/01\/BELLUNO-ALPINA.jpg 588w\" sizes=\"auto, (max-width: 199px) 100vw, 199px\" \/><\/a>BELLUNO <\/strong>Nuovo anno con nuove forze e vecchi obbiettivi per l&#8217;associazione Belluno Alpina: \u201cIl 2021 deve portare l&#8217;associazione a un momento di riflessione di riorganizzazione dei componenti\u201d, annunciano dal gruppo. \u201c<em>Per tenersi vivi e attivi, serve sempre un cambiamento, un rimpasto, puntando sui giovani e dando continuit\u00e0 al lavoro fatto e agli obbiettivi che ci siamo prefissati: le attivit\u00e0 da fare per il nostro comprensorio sono tante e svariate, \u00e8 indispensabile migliorare e far crescere il gruppo e fare squadra per unire e portare vita e confronto. Indispensabile poi realizzare quanto proposto dal progetto Ronce 2020 ora sui tavoli di Palazzo Rosso che dovr\u00e0 vedere un associato impegnato costantemente nel monitoraggio<\/em>\u201d. Proprio ai giovani l&#8217;associazione rivolge il suo primo pensiero: \u201c<em>\u00c8 importante e fondamentale insegnare ai nostri figli la cultura della montagna e del vivere in montagna: le nuove generazioni l&#8217;hanno persa, preferendo la comodit\u00e0 degli orari delle fabbriche e del vivere in citt\u00e0. A ricordarci che siamo montanari ci sono purtroppo gli eventi atmosferici: se cade una pianta e chiude una strada, vuol dire che il bosco si sta ampliando e va gestito; 50cm di neve anni fa erano la normalit\u00e0, oggi un&#8217;emergenza<\/em>\u201d. Proprio per far rifiorire questa cultura montana, Belluno Alpina punta al recupero dell&#8217;ex scuola di Ronce: \u201c<em>Le dita sono incrociate per l&#8217;esito del bando Habitat di Fondazione Cariverona che ha visto la partecipazione dei comuni di Belluno e Limana. Deve diventare una scuola,un centro di riferimento e confronto tra tutte le frazioni della montagna prealpina, un luogo dove far confluire idee e esperienze dirette coinvolgendo la popolazione e rendendola parte attiva delle scelte, magari anche incentivandola a raccontare a turisti e visitatori i luoghi e le tradizioni di un tempo magari raccogliendo il tutto in un volumetto o un eco-museo, sull&#8217;esempio di Valvestino in Lombardia, comune di nemmeno 200 abitanti che grazie al consorzio forestale ha realizzato dei sentieri che portano a conoscere il territorio e la sua cultura coinvolgendo anche gli abitanti, Anche per questo, spingiamo per ampliare il progetto Ronce 2020 ai nostri confinanti dell&#8217;intero arco prealpino, in modo che assuma un ruolo pi\u00f9 forte ed incisivo<\/em>\u201d. La speranza \u00e8 quella di agganciare il progetto antispopolamento a piani nazionali, come la SNAI &#8211; Strategia Nazionale per le Aree Interne incardinata nel PNR &#8211; Programma Nazionale di Riforma che punta a contrastare il crollo demografico e rilanciare lo sviluppo e i servizi di queste aree, aumentando il benessere della popolazione e l&#8217;occupazione riducendo al tempo stesso i costi sociali dello spopolamento, o come le possibilit\u00e0 offerte dal PNRR \u2013 Piano Nazionale di Riforma e di Resilienza (conosciuto come Recovery Plan) con a disposizione miliardi di euro per settori chiave e centinaia di milioni per la riqualificazione delle periferie: \u201c<em>Riteniamo che la SNAI sia un&#8217;iniziativa da continuare e da estendere anche nei territori come il nostro comprensorio, cos\u00ec come ci sia da sfruttare le opportunit\u00e0 aperte dal Recovery Plan: parla di temi aderenti al nostro territorio come il recupero dei borghi, il turismo, il dissesto idrogeologico, l&#8217;ambiente e la manutenzione territorio. Chiediamo quindi ai nostri rappresentanti a Roma che spingano per la prosecuzione e per il finanziamento della prima esperienza e per portare le risorse europee anche nei territori delle Prealpi<\/em>\u201d. Nel frattempo, anche per dare un segnale di speranza alla comunit\u00e0, si attendono novit\u00e0 per tutti i progetti per i quali l&#8217;associazione si \u00e8 spesa e che legano il miglioramento delle condizioni di vita agli aspetti sociali: dalla strada silvopastorale Nevegal-Ronce-Valmorel alla manutenzione dei sentieri e della viabilit\u00e0 ordinaria , dai percorsi per le famiglie al lago naturalistico multifunzione e per la protezione civile, dalla costituzione di un consorzio forestale alla nascita di un comprensorio Quantin-Nevegal-Ronce-Valmorel da valorizzare anche sotto il profilo del marketing e della comunicazione: \u201c<em>Ci sono tanti progetti utili anche a contrastare l&#8217;abbandono investendo su opere che portano a ridurre le emergenze e l&#8217;operato della protezione civile, come il sostegno alle famiglie residenti per la cura e manutenzione dei boschi. Fondamentale \u00e8 l&#8217;ascolto degli abitanti della montagna, dando risposte magari con i finanziamenti a quei progetti che danno ossigeno a chi vive in zone isolate e marginali, perch\u00e9 danno speranza per il futuro. Ci auguriamo quindi che, grazie anche al supporto dei tecnici comunali che stanno perfezionando il lavoro del tavolo antispopolamento, alla giunta che lo sta seguendo tramite il suo referente e al sindaco Massaro, si riesca a fare sintesi con l&#8217;unione montana e i comuni di Ponte nelle alpi, Limana e Borgo valbelluna, adeguate \u201cpressioni\u201d su provincia e regione per finalizzare concretamente i progetti pronti, ottenere sostegno dai rappresentanti bellunesi in maggioranza a Roma, il ministro D&#8217;inc\u00e0 e l&#8217;onorevole De Menech, per i finanziamenti. La popolazione ha lavorato a lungo, ora gli enti passino ai fatti. Serve una politica che dimostri passione, concretezza, costanza e lavori giorno dopo giorno. Lo spopolamento non si arrester\u00e0 se non si lavora sui problemi: serve un progetto di gestione, di collaborazione,di vicinanza, alle popolazioni di tutte le aree montane, serve che una persona della provincia segua tutti i giorni questo annoso problema con un assessorato specifico. Non c&#8217;\u00e8 pi\u00f9 tempo da perdere, gli enti trovino i finanziamenti necessari. Questo \u00e8 il vero modo per contrastare lo spopolamento, non basta ricordare ogni tanto la parola \u201cspopolamento\u201d, bisogna agire. Siamo una provincia montana: non lavorare su questo vuol dire perdere la nostra identit\u00e0, vuol dire scivolare inesorabilmente verso Treviso e la pianura<\/em>\u201d.<\/p>\n<p>&nbsp;<\/p>\n<p>&nbsp;<\/p>\n<hr \/>\n<p>&nbsp;<\/p>\n<blockquote>\n<h3>RC AUTO: IN VENETO SCATTANO GLI AUMENTI PER 57.000 AUTOMOBILISTI<\/h3>\n<\/blockquote>\n<p><a href=\"https:\/\/www.radiopiu.net\/wordpress\/rc-auto-in-veneto-scattano-gli-aumenti-per-57-000-automobilisti\/people-checking-car-damages-after-car-accident\/\" rel=\"attachment wp-att-185613\"><img loading=\"lazy\" decoding=\"async\" class=\"wp-image-185613 size-medium alignleft\" src=\"https:\/\/www.radiopiu.net\/wordpress\/wp-content\/uploads\/2021\/01\/Cambio-classe_bassa-300x200.jpg\" alt=\"\" width=\"300\" height=\"200\" srcset=\"https:\/\/www.radiopiu.net\/wordpress\/wp-content\/uploads\/2021\/01\/Cambio-classe_bassa-300x200.jpg 300w, https:\/\/www.radiopiu.net\/wordpress\/wp-content\/uploads\/2021\/01\/Cambio-classe_bassa.jpg 679w\" sizes=\"auto, (max-width: 300px) 100vw, 300px\" \/><\/a><strong>MILANO <\/strong>Il nuovo anno si apre con una brutta notizia per circa 57.000 automobilisti veneti; secondo l\u2019osservatorio Rc auto di <a href=\"https:\/\/www.facile.it\/\">Facile.it<\/a>, tanti sono gli assicurati che, a causa di un sinistro con colpa dichiarato nel 2020, dovranno fare i conti con un peggioramento della propria classe di merito e, di conseguenza, vedranno aumentare il costo dell\u2019RC auto. Il dato, frutto dell\u2019analisi di oltre 53.000 preventivi di rinnovo RC auto raccolti a dicembre 2020 in Veneto tramite Facile.it, evidenzia come il valore sia notevolmente diminuito (-46,9%) rispetto a quello rilevato nel 2019. Il Covid e le limitazioni alla mobilit\u00e0 imposte durante i lockdown hanno significativamente inciso sul numero di veicoli in circolazione determinando, di conseguenza, un calo dei sinistri stradali avvenuti nel corso dell\u2019anno. Buone notizie, invece, per gli automobilisti virtuosi; a dicembre 2020, secondo l\u2019osservatorio RC auto di Facile.it, per assicurare un veicolo in Veneto occorrevano, in media, 388,74 euro, vale a dire il 14,25% in meno rispetto allo stesso mese del 2019. Il dato \u00e8 stato calcolato sulla base di 608.993 di preventivi di rinnovo RC auto e relative migliori offerte medie disponibili online. Dati interessanti emergono analizzando il profilo degli automobilisti veneti che vedranno scattare gli aumenti. Il primo \u00e8 legato al sesso: fra gli uomini la percentuale di chi ha dichiarato un sinistro con colpa \u00e8 pari al 2,00%, lievemente pi\u00f9 bassa rispetto a quella rilevata tra le donne, dove il valore sale al 2,09%. L\u2019analisi del campione in base all\u2019occupazione professionale dell\u2019assicurato evidenzia come gli insegnanti siano risultati essere la categoria che, in percentuale, ha dichiarato con pi\u00f9 frequenza un sinistro con colpa (3,66%) che far\u00e0 scattare un aumento dell\u2019RC auto. Seguono i pensionati (3,01%) e gli artigiani (2,83%). Di contro, \u00e8 il personale medico la categoria che, sempre percentualmente, ha dichiarato nel corso del 2020 meno sinistri con colpa (1,42%); seguono gli appartenenti alle forze armate (1,58%) e le casalinghe (1,66%). Se a livello regionale la percentuale di chi vedr\u00e0 peggiorare la propria classe di merito \u00e8 pari al 2,03%, analizzando il campione su base provinciale emerge che Vicenza \u00e8 la provincia veneta che ha registrato la percentuale pi\u00f9 alta di automobilisti che hanno denunciato all\u2019assicurazione un sinistro con colpa (2,15%) e che, per questo motivo, vedranno peggiorare la propria classe di merito e, con essa, salire il costo dell\u2019RC auto. Seguono nella graduatoria, a pari merito, le province di Venezia e Treviso, aree dove la percentuale di chi ha dichiarato un incidente con colpa \u00e8 pari al 2,13%, e Padova (2,04%). Valori inferiori alla media regionale, invece, per le province di Verona (1,96%) e Belluno (1,03%). Chiude la classifica Rovigo, area veneta dove in percentuale sono stati denunciati alle assicurazioni meno sinistri con colpa (1,01%).<\/p>\n<p><a href=\"https:\/\/www.radiopiu.net\/wordpress\/rc-auto-in-veneto-scattano-gli-aumenti-per-57-000-automobilisti\/schermata-2021-01-19-alle-09-35-00\/\" rel=\"attachment wp-att-185611\"><img loading=\"lazy\" decoding=\"async\" class=\"alignnone wp-image-185611 size-large\" src=\"https:\/\/www.radiopiu.net\/wordpress\/wp-content\/uploads\/2021\/01\/Schermata-2021-01-19-alle-09.35.00-1024x422.png\" alt=\"\" width=\"1024\" height=\"422\" srcset=\"https:\/\/www.radiopiu.net\/wordpress\/wp-content\/uploads\/2021\/01\/Schermata-2021-01-19-alle-09.35.00-1024x422.png 1024w, https:\/\/www.radiopiu.net\/wordpress\/wp-content\/uploads\/2021\/01\/Schermata-2021-01-19-alle-09.35.00-300x124.png 300w, https:\/\/www.radiopiu.net\/wordpress\/wp-content\/uploads\/2021\/01\/Schermata-2021-01-19-alle-09.35.00-768x316.png 768w, https:\/\/www.radiopiu.net\/wordpress\/wp-content\/uploads\/2021\/01\/Schermata-2021-01-19-alle-09.35.00.png 1510w\" sizes=\"auto, (max-width: 1024px) 100vw, 1024px\" \/><\/a><\/p>\n<p>&nbsp;<\/p>\n<hr \/>\n<p>&nbsp;<\/p>\n<p>&nbsp;<\/p>\n<h2><span style=\"color: #ff0000;\">L&#8217;OPINIONE<\/span><\/h2>\n<h3>dei Deputati Paolo Saviane e Mirco Badole<\/h3>\n<blockquote><p><em>Un urlo di dolore quello dei sei sindaci bellunesi che hanno scritto ai parlamentari e rappresentanti di un territorio in grandissima difficolt\u00e0 come la provincia di Belluno. A sottolinearlo anche il flash mob organizzato dagli esercenti e operatori del settore turistico della montagna bellunese ormai stremati da continue insicurezze, da promesse fatte e non mantenute dalla mancanza di governance e che tende a voler far ricadere su altri ogni responsabilit\u00e0. Per dar voce a questo disagio gi\u00e0 il 14 dicembre ho chiesto al parlamento quali fossero le intenzioni di un governo che per l\u2019ennesima volta lasciava la montagna in balia di zone gialle, arancioni e rosse senza rendersi conto della drammatica situazione che gli operatori gi\u00e0 vedevano alle porte. Questo silenzio, da parte dei rappresentanti bellunesi al Governo, di cui uno dei due addirittura Ministro \u00e8 sconfortante e per questo ancora una volta ho chiesto con altri colleghi attenzione per il comparto della montagna, sostegno agli impiantisti e agli operatori. Ed ancora la settimana scorsa con una nuova interrogazione al Ministro Gualtieri con la stessa domanda: cosa sta facendo il Governo per gli operatori del turismo invernale, quali i tempi e le modalit\u00e0 dei ristori. Queste sono le domande che assieme al collega Badole continuiamo a porre al Governo ed a chi \u00e8 espressione bellunese nella maggioranza e queste sono le richieste che arrivano a noi e ai colleghi parlamentari e regionali ogni giorno dalle associazioni di categoria, dai singoli operatori, dalle tante partite iva ma anche da coloro che rischiano di perdere la disoccupazione. Ed \u00e8 per loro che come Lega vogliamo una risposta chiara, certa, definitiva e continueremo a chiedere finch\u00e9 non ci sar\u00e0 risposta.<\/em><\/p><\/blockquote>\n<p>&nbsp;<\/p>\n<p>&nbsp;<\/p>\n<hr \/>\n<blockquote>\n<h2>NELLA \u201cSTORIA BREVE DEL CADORE\u201d NOTEVOLE SPAZIO PER I SACERDOTI<\/h2>\n<\/blockquote>\n<p><strong>di RENATO BONA<\/strong><\/p>\n<p>Nelle cinque edizioni, l\u2019ultima nel 1992, del libro del cadorino Giovanni Fabbiani \u201cStoria breve del Cadore (tipografia Piave di Belluno per la Magnifica comunit\u00e0 di Cadore editrice) largo, meritato spazio \u00e8 riservato nel capitolo \u201cPersonalit\u00e0\u201d ai sacerdoti, fra i quali si annoverano autentici grandi personaggi. L\u2019elenco si apre con padre Carlo D\u2019Andrea (Innsbruck 1849-1806); di famiglia ampezzana, allievo a Roma del pittore Seitz, lavor\u00f2 per il suo convento di Bolzano, per la chiesa di sant\u2019Antonio di Roma, decor\u00f2 le absidi della collegiata di San Candido e fu buon ritrattista. C\u2019\u00e8 quindi don Bartolomeo Toffoli (Calalzo 1755-1834): studi\u00f2 a Pieve, Feltre e Padova; costru\u00ec un orecchio 60 volte pi\u00f9 grande del naturale, destando l\u2019ammirazione dei professori; fra l\u2019altro trov\u00f2 il modo di conservare a lungo il cervello; invent\u00f2 un microscopio tascabile, una macchina per costruire lenti microscopiche, costru\u00ec la sfera dell\u2019orologio e i segni dello Zodiaco dell\u2019orologio del palazzo del Capitanio a Padova; ancora: una macchina per dimostrare il sistema copernicano (conservata a Calalzo) e una per estrarre le acque dalle miniere di Agordo. Ed ecco mons. Toldo Costantini (Serravalle 1576-Venezia 1652): laureato in legge a Padova, vicario generale della diocesi di Treviso poi di Roma. Chiamato a Venezia a servizio della Repubblica, vi mor\u00ec. Sue tre edizioni di \u201cIl giudizio estremo\u201d, poema posto tra le imitazioni della Divina Commedia. Proseguiamo con don Giovanni Antonio Barnab\u00f2 (Valle di Cadore 1684-11735): parroco di Ospitale, si ritir\u00f2 nella sua casa e si dedic\u00f2 alla compilazione della \u201cHistoria della provincia di Cadore\u201d (inedita) e della minuta di \u201cCronaca delle cose avvenute nella provincia di Cadore dal 1705 al 1732\u201d (inedita e in gran parte perduta come la \u201cStoria speciale del paese di Valle\u201d). Tocca a padre Giovanni De Luca (Borca 1694-Roma 1766): frate dei Minori osservanti, fu esaminatore di vescovi e consultore dei riti; era perito nelle lingue greca, latina ed ebraica ed autore di versi latini pubblicati in \u201cArcadum carmina\u201d. Fabbiani ricorda che \u201cEbbe dispute coi maggiori teologi del suo tempo e con I. A. Muratori sull\u2019Immacolata Concezione. Proposto a cardinale ed eletto \u2018solo\u2019 vescovo, rinunci\u00f2 anche a questa dignit\u00e0\u201d. Veniamo a don Giovani Antonio De Luca ( Venezia 1737-1762): figlio di un cadorino di Borca, una volta sacerdote pubblic\u00f2 10 orazioni tradotte dal greco quindi tradusse e pubblic\u00f2 \u201cGli Orti delle Esperidi\u201d del Pontano. Secondo G. Gozzi sarebbe divenuto uno dei migliori oratori del secolo se non fosse morto giovane, lasciando molti studi inediti. Don G.B. Zandonella (Dosoledo 1767-Padova 1836): laureato in legge a Padova insegn\u00f2 filosofia a Ceneda e Belluno nel liceo sperimentale, storia ecclesiastica all\u2019ateneo patavino di cui fu anche rettore magnifico; fu maestro di Rosmini che lo stimava molto. Don Osvaldo Antonio Varettoni (Borca 1771-Candide 1824): parroco stimatissimo a Candide dal 1816 e fino alla morte. Autore di canzoni e poesie morali e sacre molto diffuse in Cadore e stampate pi\u00f9 volte. Monsignor Giuseppe Ciani (Domegge 1793-Vittorio Veneto 1867) dopo gli studi a Udine fu maestro a Domegge e Pieve quindi ispettore scolastico per il Cadore. Passato a Padova e a Venezia fu precettore quindi fu in cura d\u2019anime a Vittorio Veneto dove divenne canonico teologo della cattedrale di Ceneda; del 1856-62 la pubblicazione di \u201cLa storia del popolo cadorino\u201d \u201cvero monumento d\u2019amor patrio, frutto di 40 di lavoro e di studio\u201d. Secondo l\u2019autore di \u201cStoria del Cadore\u201d pu\u00f2 dirsi l\u2019Erodoto cadorino. Pubblic\u00f2 anche \u201cVite dei giovani martiri\u201d. Il suo essere antitemporalista gli comport\u00f2 persecuzioni. Spazio anche per don Giuseppe Cadorin (Lorenzago 1792-San Fior 1851): diresse le elementari di Venezia e si occup\u00f2 dell\u2019arte veneta pubblicando studi sulla vita e le opere di Tiziano di cui cur\u00f2 il volume \u201cDello amore ai veneziani di Tiziano Vecellio, delle sue cose in Cadore e a Venezia e delle vite dei suoi figli\u201d. L\u2019invasione della Grande Guerra disperse memorie e documenti. Don Giuseppe Monti (San Nicol\u00f2 1808-Candide 1871) studi a Udine, fu cooperatore a San Vito quindi mansionario cooperatore a Costa di San Nicol\u00f2, Candide, Dosoledo, Casamazzagno. Raccolse una infinit\u00e0 di notizie e copie di documenti e collabor\u00f2 con mons. Ciani. Compil\u00f2 fra l\u2019altro il manoscritto \u201cCronache cadorine dal 632 a. C. al 1869\u201d di 519 pagine. E\u2019 la volta di don Natale Talamini (Pescul 1808-1876): studi\u00f2 nel seminario di Udine dove rimase quale docente; passato a Venezia divenne insegnante di ruolo di San Procolo. Prese parte attiva nei moti del 1848-49 in quanto membro dell\u2019assemblea veneta e fu incarcerato a San Severo, Legnago e Palmanova. Nel 1866 eletto primo deputato del Cadore. Compose una lunga serie di poesie poi pubblicate dal Ronzon. Monsignor Giovanni De Don\u00e0 (Lorenzago 1819-Belluno 1890) studi a Udine e Padova, insegnante e poi rettore del Seminario bellunese, presidente dell\u2019Accademia degli Anistamici e della Congregazione di carit\u00e0. Lasci\u00f2 apprezzati studi manoscritti di storia cadorina e bellunese. Don Pietro Da Ronco (Vigo 1851-1940): studi a Udine e Belluno quindi parroco di Lorenzago, rettore a Vallesella e a Sant\u2019Orsola di Vigo. Pubblic\u00f2 studi di genealogie di famiglie cadorine, note di toponomastica e un\u2019ampia storia dell\u2019arcidiaconato cadorino. Don Pietro Antonio Alver\u00e0 (Ampezzo di Cadore 1854-Rio di Pusteria 1927): studi a Rovereto e Bressanone; scrisse molto per la storia della \u201csua Ampezzo\u201d dove nella canonica sono conservati i manoscritti. Mons. Vadolrico: nativo del Cadore, preposito di Carnia, canonico di Cividale e Aquileia; riform\u00f2 gli statuti del Capitolo di Aquileia. Mor\u00ec il 16 marzo 1287. Padre Fortunato di Cadore (Giovanni Gera, Candide 1600- Sulmona 1669) cappuccino a 17 anni, predicatore nelle principali citt\u00e0 d\u2019Italia, consultore generale dell\u2019Ordine, nel 1650 ministro generale dell\u2019Ordine (rieletto nel 1667). Mons. Bartolomeo Gera (Candide 1603-Feltre 1681): studi a Udine, Graz, Padova; sacerdote nel 1628, nel 1630 \u00e8 canonico della cattedrale di Verona e arciprete di Isola Rizza, vicario generale a Ceneda poi a Verona e Venezia. Vescovo di Feltre il 5 settembre 1663. Padre Giovanni Leopoldo De Zanna (Ampezzo di Cadore 1721-Novacella 1787) frate agostiniano a Bressanone nel 1742 quindi decano, professore di teologia e filosofia. Padre Pietro Paolo da Cadore (Pasquale Fortunato Tremonti, Lorenzago 1721-Roma 1797): cappuccino, definitore, ministro provinciale, prefetto di propaganda in Tunisia, commissario generale dei conventi della Rezia infine definitore generale. Ed eccoci a padre Marino da Cadore (Giuseppe Zanetti, Lozzo 1745-Venezia 1827): cappuccino, insegnante di filosofia e teologia, ministro provinciale, predicatore per il Doge in San Marco dal 1785 al 1797; Pio VII lo voleva generale dell\u2019Ordine e poi vescovo di Cefalonia ma padre Marino ottenne la dispensa. Mons. Mariano Da Ru (Pozzale 1772-Udine 1835): allievo poi professore e rettore del seminario di Udine, pievano di Valle e arcidiacono del Cadore prima di essere vicario generale di Udine. Mons. Ferdinando Ossi (G. Battista, San Vito 1843-Gand 1905): carmelitano scalzo mandato in Palestina, procuratore del convento del Carmelo, prefetto apostolico di Siria, nel 1883 eletto vescovo delle missioni dell\u2019India e amministratore apostolico di Quilon. Don Pietrto Zangrando (Perarolo 1887-Candide 1935) parroco di Perarolo, arciprete di Sospirolo, pievano di Candide; la sua memoria \u00e8 tramandata ai posteri per le azioni compiute come cappellano militare nella Grande Guerra che gli meritarono una medaglia di bronzo al valor militare e due croci di guerra. Concludiamo col cardinale Adeodato Giovanni Piazza (Vigo 1884-Roma 1957): carmelitano scalzo nel 1897, insegn\u00f2 lettere nel convento dei Carmelitani veneti e filosofia a Treviso e Venezia, morale a Brescia; priore a Tombetta a soli 34 anni, cappellano militare per 4; priore a Brescia e Adria pass\u00f2 a Roma come segretario del preposito generale e fu nominato consultore della Congregazione dei religiosi. Nel 1925 eletto procuratore generale dell\u2019Ordine nella Curia romana; arcivescovo di Benevento nel 1930, patriarca di Venezia dal 1935, cardinale dal 1937, segretario della Sacra congregazione concistoriale, titolare della diocesi suburbicaria di Sabina e Poggio Mirteto.<\/p>\n\n\t\t\t<style type='text\/css'>\n\t\t\t\t#gallery-3 {\n\t\t\t\t\tmargin: auto;\n\t\t\t\t}\n\t\t\t\t#gallery-3 .gallery-item {\n\t\t\t\t\tfloat: left;\n\t\t\t\t\tmargin-top: 10px;\n\t\t\t\t\ttext-align: center;\n\t\t\t\t\twidth: 33%;\n\t\t\t\t}\n\t\t\t\t#gallery-3 img {\n\t\t\t\t\tborder: 2px solid #cfcfcf;\n\t\t\t\t}\n\t\t\t\t#gallery-3 .gallery-caption {\n\t\t\t\t\tmargin-left: 0;\n\t\t\t\t}\n\t\t\t\t\/* see gallery_shortcode() in wp-includes\/media.php *\/\n\t\t\t<\/style>\n\t\t<div id='gallery-3' class='dt-gallery-container gallery galleryid-185576 gallery-columns-3 gallery-size-thumbnail'><dl class='gallery-item'>\n\t\t\t\t<dt class='gallery-icon portrait'>\n\t\t\t\t\t<a class=\"rollover rollover-zoom dt-pswp-item\" title=\"140431314_4138958902799919_7496512710364383286_n\" data-dt-img-description=\"\" data-large_image_width=\"1328\" data-large_image_height=\"2048\"href='https:\/\/www.radiopiu.net\/wordpress\/wp-content\/uploads\/2021\/01\/140431314_4138958902799919_7496512710364383286_n.jpg'><img loading=\"lazy\" decoding=\"async\" width=\"150\" height=\"150\" src=\"https:\/\/www.radiopiu.net\/wordpress\/wp-content\/uploads\/2021\/01\/140431314_4138958902799919_7496512710364383286_n-150x150.jpg\" class=\"attachment-thumbnail size-thumbnail\" alt=\"\" \/><\/a>\n\t\t\t\t<\/dt><\/dl><dl class='gallery-item'>\n\t\t\t\t<dt class='gallery-icon landscape'>\n\t\t\t\t\t<a class=\"rollover rollover-zoom dt-pswp-item\" title=\"140489735_223258179398684_8845411941416887183_n\" data-dt-img-description=\"\" data-large_image_width=\"225\" data-large_image_height=\"225\"href='https:\/\/www.radiopiu.net\/wordpress\/wp-content\/uploads\/2021\/01\/140489735_223258179398684_8845411941416887183_n.jpg'><img loading=\"lazy\" decoding=\"async\" width=\"150\" height=\"150\" src=\"https:\/\/www.radiopiu.net\/wordpress\/wp-content\/uploads\/2021\/01\/140489735_223258179398684_8845411941416887183_n-150x150.jpg\" class=\"attachment-thumbnail size-thumbnail\" alt=\"\" srcset=\"https:\/\/www.radiopiu.net\/wordpress\/wp-content\/uploads\/2021\/01\/140489735_223258179398684_8845411941416887183_n-150x150.jpg 150w, https:\/\/www.radiopiu.net\/wordpress\/wp-content\/uploads\/2021\/01\/140489735_223258179398684_8845411941416887183_n.jpg 225w\" sizes=\"auto, (max-width: 150px) 100vw, 150px\" \/><\/a>\n\t\t\t\t<\/dt><\/dl><dl class='gallery-item'>\n\t\t\t\t<dt class='gallery-icon portrait'>\n\t\t\t\t\t<a class=\"rollover rollover-zoom dt-pswp-item\" title=\"140328382_2155042804628258_2319915228606285090_n\" data-dt-img-description=\"\" data-large_image_width=\"1473\" data-large_image_height=\"2048\"href='https:\/\/www.radiopiu.net\/wordpress\/wp-content\/uploads\/2021\/01\/140328382_2155042804628258_2319915228606285090_n.jpg'><img loading=\"lazy\" decoding=\"async\" width=\"150\" height=\"150\" src=\"https:\/\/www.radiopiu.net\/wordpress\/wp-content\/uploads\/2021\/01\/140328382_2155042804628258_2319915228606285090_n-150x150.jpg\" class=\"attachment-thumbnail size-thumbnail\" alt=\"\" \/><\/a>\n\t\t\t\t<\/dt><\/dl><br style=\"clear: both\" \/><dl class='gallery-item'>\n\t\t\t\t<dt class='gallery-icon portrait'>\n\t\t\t\t\t<a class=\"rollover rollover-zoom dt-pswp-item\" title=\"140013596_126675732556335_2288004488519891533_n\" data-dt-img-description=\"\" data-large_image_width=\"1496\" data-large_image_height=\"1950\"href='https:\/\/www.radiopiu.net\/wordpress\/wp-content\/uploads\/2021\/01\/140013596_126675732556335_2288004488519891533_n.jpg'><img loading=\"lazy\" decoding=\"async\" width=\"150\" height=\"150\" src=\"https:\/\/www.radiopiu.net\/wordpress\/wp-content\/uploads\/2021\/01\/140013596_126675732556335_2288004488519891533_n-150x150.jpg\" class=\"attachment-thumbnail size-thumbnail\" alt=\"\" \/><\/a>\n\t\t\t\t<\/dt><\/dl><dl class='gallery-item'>\n\t\t\t\t<dt class='gallery-icon portrait'>\n\t\t\t\t\t<a class=\"rollover rollover-zoom dt-pswp-item\" title=\"140813199_500209330962376_4160945599334978172_n\" data-dt-img-description=\"\" data-large_image_width=\"180\" data-large_image_height=\"250\"href='https:\/\/www.radiopiu.net\/wordpress\/wp-content\/uploads\/2021\/01\/140813199_500209330962376_4160945599334978172_n.jpg'><img loading=\"lazy\" decoding=\"async\" width=\"150\" height=\"150\" src=\"https:\/\/www.radiopiu.net\/wordpress\/wp-content\/uploads\/2021\/01\/140813199_500209330962376_4160945599334978172_n-150x150.jpg\" class=\"attachment-thumbnail size-thumbnail\" alt=\"\" \/><\/a>\n\t\t\t\t<\/dt><\/dl><dl class='gallery-item'>\n\t\t\t\t<dt class='gallery-icon portrait'>\n\t\t\t\t\t<a class=\"rollover rollover-zoom dt-pswp-item\" title=\"140295137_684691212201707_1974268339450324629_n\" data-dt-img-description=\"\" data-large_image_width=\"180\" data-large_image_height=\"253\"href='https:\/\/www.radiopiu.net\/wordpress\/wp-content\/uploads\/2021\/01\/140295137_684691212201707_1974268339450324629_n.jpg'><img loading=\"lazy\" decoding=\"async\" width=\"150\" height=\"150\" src=\"https:\/\/www.radiopiu.net\/wordpress\/wp-content\/uploads\/2021\/01\/140295137_684691212201707_1974268339450324629_n-150x150.jpg\" class=\"attachment-thumbnail size-thumbnail\" alt=\"\" \/><\/a>\n\t\t\t\t<\/dt><\/dl><br style=\"clear: both\" \/>\n\t\t\t<\/div>\n\n<p>NELLE FOTO (Infodolomiti e riproduzioni dal libro di Giovanni Fabbiani): la copertina del libro \u201cBreve storia del Cadore\u201d; l\u2019arcidiaconale di Pieve; mons. Giuseppe Ciani; il prof. don Natale Talamini; don Pietro Da Ronco; il cardinale Adeodato Giovanni Piazza.<\/p>\n<p>&nbsp;<\/p>\n<hr \/>\n<p>&nbsp;<\/p>\n<blockquote class=\"wp-embedded-content\" data-secret=\"69LaOVYxc9\"><p><a href=\"https:\/\/www.radiopiu.net\/wordpress\/conosciamo-la-corale-di-limana-con-le-interviste-di-silvia-baldo\/\">CONOSCIAMO LA CORALE DI LIMANA CON LE INTERVISTE DI SILVIA BALDO<\/a><\/p><\/blockquote>\n<p><iframe loading=\"lazy\" class=\"wp-embedded-content\" sandbox=\"allow-scripts\" security=\"restricted\" style=\"position: absolute; clip: rect(1px, 1px, 1px, 1px);\" title=\"&#8220;CONOSCIAMO LA CORALE DI LIMANA CON LE INTERVISTE DI SILVIA BALDO&#8221; &#8212; Radio Pi\u00f9\" src=\"https:\/\/www.radiopiu.net\/wordpress\/conosciamo-la-corale-di-limana-con-le-interviste-di-silvia-baldo\/embed\/#?secret=69LaOVYxc9\" data-secret=\"69LaOVYxc9\" width=\"600\" height=\"338\" frameborder=\"0\" marginwidth=\"0\" marginheight=\"0\" scrolling=\"no\"><\/iframe><\/p>\n<p>&nbsp;<\/p>\n<p>&nbsp;<\/p>\n<hr \/>\n<p>&nbsp;<\/p>\n<blockquote class=\"wp-embedded-content\" data-secret=\"l1t05iadyJ\"><p><a href=\"https:\/\/www.radiopiu.net\/wordpress\/pagina-in-aggiornamento\/\">CONTINUANO LE SCULTURE NEL GHIACCIO E NEVE A FALCADE con SILVANO SAVIO<\/a><\/p><\/blockquote>\n<p><iframe loading=\"lazy\" class=\"wp-embedded-content\" sandbox=\"allow-scripts\" security=\"restricted\" style=\"position: absolute; clip: rect(1px, 1px, 1px, 1px);\" title=\"&#8220;CONTINUANO LE SCULTURE NEL GHIACCIO E NEVE A FALCADE con SILVANO SAVIO&#8221; &#8212; Radio Pi\u00f9\" src=\"https:\/\/www.radiopiu.net\/wordpress\/pagina-in-aggiornamento\/embed\/#?secret=l1t05iadyJ\" data-secret=\"l1t05iadyJ\" width=\"600\" height=\"338\" frameborder=\"0\" marginwidth=\"0\" marginheight=\"0\" scrolling=\"no\"><\/iframe><\/p>\n<p>&nbsp;<\/p>\n<hr \/>\n<p>&nbsp;<\/p>\n<p>&nbsp;<\/p>\n<blockquote>\n<h2>A GIANNI<\/h2>\n<h2>di JOHN FRANCIS DELLA PIETRA<\/h2>\n<\/blockquote>\n<p><strong>CANALE D&#8217;AGORDO<\/strong>\u00a0 Dal tessitore di versi di Canale d&#8217;Agordo un ricordo di chi in paese ha lasciato il segno. Gianni Busin, per anni operaio del Comune di recente\u00a0 ricordato anche durante un programma alla radio nei giorni delle nevicate. Oggi \u00e8 il 20esimo dalla sua scomparsa.<\/p>\n<p><strong>AUDIO\u00a0<\/strong><\/p>\n<audio class=\"wp-audio-shortcode\" id=\"audio-185576-9\" preload=\"none\" style=\"width: 100%;\" controls=\"controls\"><source type=\"audio\/mpeg\" src=\"https:\/\/www.radiopiu.net\/wordpress\/wp-content\/uploads\/2021\/01\/john-gianni.mp3?_=9\" \/><a href=\"https:\/\/www.radiopiu.net\/wordpress\/wp-content\/uploads\/2021\/01\/john-gianni.mp3\">https:\/\/www.radiopiu.net\/wordpress\/wp-content\/uploads\/2021\/01\/john-gianni.mp3<\/a><\/audio>\n<p>&nbsp;<\/p>\n<p><img loading=\"lazy\" decoding=\"async\" class=\"alignleft\" src=\"https:\/\/www.radiopiu.net\/wordpress\/wp-content\/uploads\/2021\/01\/1500f358-46f4-492c-a0a2-4599b11903ef.jpg\" width=\"217\" height=\"386\" \/>Pare un inverno di tanti anni fa<br \/>\nPeriodi d abbondanti nevicate<br \/>\nSeguite dal grande freddo<br \/>\nLa spessa candida coltre di neve<br \/>\nMi guarda silente<br \/>\nEppure mi giungono<br \/>\nFra i suoi riflessi nel divenir del d\u00ec<br \/>\nMolte parole e tante immagini<br \/>\nRicordi<br \/>\nLa neve \u00e8 caduta e s \u00e8 sciolta<br \/>\nInnumerevoli volte<br \/>\nNel lento ma inesorabile<br \/>\nTrascorrer della vita<br \/>\nNon li ha cancellati<br \/>\nSono l\u00ec vividi oggi nel suo candore<br \/>\nI bimbi le ragazze i giovani<br \/>\nOra sono diventati grandi taluni adulti<br \/>\nNelle loro rimembranze<br \/>\nRimangono per\u00f2 indelebili<br \/>\nAlcune figure ed azioni<br \/>\nD un tempo passato<br \/>\nPi\u00f9 d uno in quei giorni di copiose precipitazioni<br \/>\nS \u00e8 riscoperto bimbo a sognare<br \/>\nCogl occhi incollati al vetro della finestra a spiare<br \/>\nColl orecchio teso a percepire il suono<br \/>\nL\u00ec ad aspettare l arrivo<br \/>\nDi quell unimog arancio<br \/>\nCon il faro giallo che saettava la sua luce ovunque<br \/>\nCon la lustra ala ricolma di neve<br \/>\nChe come per magia<br \/>\nLiberava la strada per tutti i villaggi<br \/>\nChe gioia che felicit\u00e0 nel vederlo<br \/>\nAll improvviso il mezzo stanco<br \/>\nSi ferma un attimo<br \/>\nNella piccola piazza<br \/>\nPer fare un slargo<br \/>\nPoi scende qualcuno<br \/>\nUn uomo dalla barba scura<br \/>\nIntimidisce quasi<br \/>\nSembra burbero<br \/>\nMa quando incontri i suoi occhi azzurri<br \/>\nIl viso s apre in un sorriso<br \/>\nDolci parole scherzose<br \/>\nRiempiono la scena<br \/>\nMa come dicono in tanti<br \/>\nDopo tutti questi anni<br \/>\nSei tornato gianni<br \/>\nS illumina il suo sguardo<br \/>\nE pian piano svanisce<br \/>\nAllor ciascuno si ridesta<br \/>\nE nella raggiunta maturit\u00e0 comprende<br \/>\nLui \u00e8 sempre rimasto<br \/>\nDentro ai nostri cuori<br \/>\nE l\u00ec nell eterna sfavillante neve&#8230;<\/p>\n<p>&nbsp;<\/p>\n<p>&nbsp;<\/p>\n<p>&nbsp;<\/p>\n<hr \/>\n<div dir=\"auto\">\n<blockquote>\n<h2>FANTASTICHE DOLOMITI, NUOVA STAGIONE. APPUNTAMENTO QUINDICINALE IL GIOVEDI ALLE 10.30 E 19.00<\/h2>\n<\/blockquote>\n<h1>LA RACCOLTA COMPLETA<\/h1>\n<blockquote class=\"wp-embedded-content\" data-secret=\"tqB9BFIhty\"><p><a href=\"https:\/\/www.radiopiu.net\/wordpress\/https-wp-me-p63lo7-gyg\/\">FANTASTICHE DOLOMITI 7^ PUNTATA: IL QUINDICINALE APPUNTAMENTO ALLA RADIO<\/a><\/p><\/blockquote>\n<p><iframe loading=\"lazy\" class=\"wp-embedded-content\" sandbox=\"allow-scripts\" security=\"restricted\" style=\"position: absolute; clip: rect(1px, 1px, 1px, 1px);\" title=\"&#8220;FANTASTICHE DOLOMITI 7^ PUNTATA: IL QUINDICINALE APPUNTAMENTO ALLA RADIO&#8221; &#8212; Radio Pi\u00f9\" src=\"https:\/\/www.radiopiu.net\/wordpress\/https-wp-me-p63lo7-gyg\/embed\/#?secret=tqB9BFIhty\" data-secret=\"tqB9BFIhty\" width=\"600\" height=\"338\" frameborder=\"0\" marginwidth=\"0\" marginheight=\"0\" scrolling=\"no\"><\/iframe><\/p>\n<div class=\"mw-parser-output\">\n<p>&nbsp;<\/p>\n<\/div>\n<p>&nbsp;<\/p>\n<p>&nbsp;<\/p>\n<hr \/>\n<blockquote>\n<h2><\/h2>\n<h2>SALUTE E SOCIETA&#8217; IL LUNEDI ALLE 13.10 E ALLE 20.10, LA DOMENICA ALLE 10.30 A CURA DEL DOTTOR MARCO CARACCIOLO. QUINTA STAGIONE<\/h2>\n<\/blockquote>\n<p><strong><span style=\"color: #ff0000;\">LA PUNTATA DELLA SETTIMANA\u00a0<\/span><\/strong><\/p>\n<p>L\u2019obesit\u00e0 e il sovrappeso riguardano 25 milioni di italiani, il 46,1% della popolazione adulta. Per fornire una serie di informazioni realmente corrette e accreditate, ma al tempo stesso di facile comprensione, rispetto alle cause del problema, e ai possibili trattamenti e ai comportamenti da assumere, \u00e8 nato il portale \u201cLa verit\u00e0 sul peso\u201d, nuovo spazio virtuale di Novo Nordisk con notizie, articoli di approfondimento, suggerimenti e consigli proposti da un board scientifico scelto con rigore e qualit\u00e0. Michele Sculati, Medico specialista in scienza dell\u2019alimentazione Giovanna Muscogiuri, Medico chirurgo specializzato in endocrinologia e malattie del metabolismo<\/p>\n<audio class=\"wp-audio-shortcode\" id=\"audio-185576-10\" preload=\"none\" style=\"width: 100%;\" controls=\"controls\"><source type=\"audio\/mpeg\" src=\"https:\/\/www.radiopiu.net\/wordpress\/wp-content\/uploads\/2021\/01\/SALUTE-1.mp3?_=10\" \/><a href=\"https:\/\/www.radiopiu.net\/wordpress\/wp-content\/uploads\/2021\/01\/SALUTE-1.mp3\">https:\/\/www.radiopiu.net\/wordpress\/wp-content\/uploads\/2021\/01\/SALUTE-1.mp3<\/a><\/audio>\n<p>&nbsp;<\/p>\n<h3>LA RACCOLTA COMPLETA<\/h3>\n<blockquote class=\"wp-embedded-content\" data-secret=\"nHBQWJyliO\"><p><a href=\"https:\/\/www.radiopiu.net\/wordpress\/saluteesocieta\/\">Salute e Societ\u00e0<\/a><\/p><\/blockquote>\n<p><iframe loading=\"lazy\" class=\"wp-embedded-content\" sandbox=\"allow-scripts\" security=\"restricted\" style=\"position: absolute; clip: rect(1px, 1px, 1px, 1px);\" title=\"&#8220;Salute e Societ\u00e0&#8221; &#8212; Radio Pi\u00f9\" src=\"https:\/\/www.radiopiu.net\/wordpress\/saluteesocieta\/embed\/#?secret=nHBQWJyliO\" data-secret=\"nHBQWJyliO\" width=\"600\" height=\"338\" frameborder=\"0\" marginwidth=\"0\" marginheight=\"0\" scrolling=\"no\"><\/iframe><\/p>\n<hr \/>\n<h2><\/h2>\n<h2><span style=\"color: #ff0000;\"><a href=\"https:\/\/www.radiopiu.net\/wordpress\/giornale-radiopiu-05-gennaio-2021-direttore-mirko-mezzacasa\/133200401_100838761953611_1258544160541445132_o-2\/\" rel=\"attachment wp-att-183078\"><img loading=\"lazy\" decoding=\"async\" class=\" wp-image-183078 alignleft\" src=\"https:\/\/www.radiopiu.net\/wordpress\/wp-content\/uploads\/2021\/01\/133200401_100838761953611_1258544160541445132_o-1-300x157.jpg\" alt=\"\" width=\"192\" height=\"101\" srcset=\"https:\/\/www.radiopiu.net\/wordpress\/wp-content\/uploads\/2021\/01\/133200401_100838761953611_1258544160541445132_o-1-300x157.jpg 300w, https:\/\/www.radiopiu.net\/wordpress\/wp-content\/uploads\/2021\/01\/133200401_100838761953611_1258544160541445132_o-1.jpg 526w\" sizes=\"auto, (max-width: 192px) 100vw, 192px\" \/><\/a>GOCCE DI FILOSOFIA, CON CHIARA CAU, CON LISA DE LUCA. <\/span><\/h2>\n<h2><\/h2>\n<h2><span style=\"color: #ff0000;\">TUTTI I GIORNI DAL LUNEDI AL VENERDI ALLE 6.55 E ALLE 18.55<\/span><\/h2>\n<p><strong>PUNTATA 12<\/strong><\/p>\n<audio class=\"wp-audio-shortcode\" id=\"audio-185576-11\" preload=\"none\" style=\"width: 100%;\" controls=\"controls\"><source type=\"audio\/mpeg\" src=\"https:\/\/www.radiopiu.net\/wordpress\/wp-content\/uploads\/2020\/10\/FI2-1.mp3?_=11\" \/><a href=\"https:\/\/www.radiopiu.net\/wordpress\/wp-content\/uploads\/2020\/10\/FI2-1.mp3\">https:\/\/www.radiopiu.net\/wordpress\/wp-content\/uploads\/2020\/10\/FI2-1.mp3<\/a><\/audio>\n<p>&nbsp;<\/p>\n<h3>LA RACCOLTA COMPLETA<\/h3>\n<blockquote class=\"wp-embedded-content\" data-secret=\"TptuQBYZCY\"><p><a href=\"https:\/\/www.radiopiu.net\/wordpress\/gocce-filosofia\/\">Gocce di filosofia<\/a><\/p><\/blockquote>\n<p><iframe loading=\"lazy\" class=\"wp-embedded-content\" sandbox=\"allow-scripts\" security=\"restricted\" style=\"position: absolute; clip: rect(1px, 1px, 1px, 1px);\" title=\"&#8220;Gocce di filosofia&#8221; &#8212; Radio Pi\u00f9\" src=\"https:\/\/www.radiopiu.net\/wordpress\/gocce-filosofia\/embed\/#?secret=TptuQBYZCY\" data-secret=\"TptuQBYZCY\" width=\"600\" height=\"338\" frameborder=\"0\" marginwidth=\"0\" marginheight=\"0\" scrolling=\"no\"><\/iframe><\/p>\n<p>&nbsp;<\/p>\n<hr \/>\n<p>&nbsp;<\/p>\n<div class=\"im_message_wrap clearfix\">\n<div class=\"im_content_message_wrap im_message_out\">\n<h2><span style=\"color: #ff0000;\">IERI ALLA RADIO\u00a0 IN VIVO VERSO 2020-21<\/span><\/h2>\n<p><strong><span style=\"color: #0000ff;\">IN ONDA DAL LUNEDI AL VENERDI ALLE 7.10, 10.10, 18.50\u00a0<\/span><\/strong><\/p>\n<blockquote class=\"wp-embedded-content\" data-secret=\"0PA4tPW0Qn\"><p><a href=\"https:\/\/www.radiopiu.net\/wordpress\/risveglio-di-chantal-mazzacco\/\">RISVEGLIO di CHANTAL MAZZACCO<\/a><\/p><\/blockquote>\n<p><iframe loading=\"lazy\" class=\"wp-embedded-content\" sandbox=\"allow-scripts\" security=\"restricted\" style=\"position: absolute; clip: rect(1px, 1px, 1px, 1px);\" title=\"&#8220;RISVEGLIO di CHANTAL MAZZACCO&#8221; &#8212; Radio Pi\u00f9\" src=\"https:\/\/www.radiopiu.net\/wordpress\/risveglio-di-chantal-mazzacco\/embed\/#?secret=0PA4tPW0Qn\" data-secret=\"0PA4tPW0Qn\" width=\"600\" height=\"338\" frameborder=\"0\" marginwidth=\"0\" marginheight=\"0\" scrolling=\"no\"><\/iframe><\/p>\n<p><strong><span style=\"font-family: Verdana, sans-serif;\"><span style=\"font-size: medium;\">LA RACCOLTA COMPLETA, TUTTE LE COLLEZIONI<\/span><\/span><\/strong><\/p>\n<blockquote class=\"wp-embedded-content\" data-secret=\"z4QsHJAMhG\"><p><a href=\"https:\/\/www.radiopiu.net\/wordpress\/in-vivo-verso\/\">In Vivo Verso<\/a><\/p><\/blockquote>\n<p><iframe loading=\"lazy\" class=\"wp-embedded-content\" sandbox=\"allow-scripts\" security=\"restricted\" style=\"position: absolute; clip: rect(1px, 1px, 1px, 1px);\" title=\"&#8220;In Vivo Verso&#8221; &#8212; Radio Pi\u00f9\" src=\"https:\/\/www.radiopiu.net\/wordpress\/in-vivo-verso\/embed\/#?secret=z4QsHJAMhG\" data-secret=\"z4QsHJAMhG\" width=\"600\" height=\"338\" frameborder=\"0\" marginwidth=\"0\" marginheight=\"0\" scrolling=\"no\"><\/iframe><\/p>\n<p>&nbsp;<\/p>\n<\/div>\n<\/div>\n<hr \/>\n<p>&nbsp;<\/p>\n<h2>007 IN CONDOTTA CON LA PROF. MARIA ROSA SALMAZO IL LUNEDI ALLE 10,30 E ALLE 19.00 LA DOMENICA ALLE 8 DEL MATTINO. NONA STAGIONE<\/h2>\n<p><span style=\"color: #ff0000;\"><strong><a href=\"https:\/\/www.radiopiu.net\/wordpress\/colori-chiusure-ragazzi\/temperature-check-up-schoolchildren-passing-temperature-control-while-entering-school_259150-2437\/\" rel=\"attachment wp-att-185427\"><img loading=\"lazy\" decoding=\"async\" class=\"wp-image-185427 alignleft\" src=\"https:\/\/www.radiopiu.net\/wordpress\/wp-content\/uploads\/2021\/01\/temperature-check-up-schoolchildren-passing-temperature-control-while-entering-school_259150-2437-300x200.jpg\" alt=\"\" width=\"189\" height=\"126\" srcset=\"https:\/\/www.radiopiu.net\/wordpress\/wp-content\/uploads\/2021\/01\/temperature-check-up-schoolchildren-passing-temperature-control-while-entering-school_259150-2437-300x200.jpg 300w, https:\/\/www.radiopiu.net\/wordpress\/wp-content\/uploads\/2021\/01\/temperature-check-up-schoolchildren-passing-temperature-control-while-entering-school_259150-2437.jpg 626w\" sizes=\"auto, (max-width: 189px) 100vw, 189px\" \/><\/a><\/strong><\/span><\/p>\n<p>&nbsp;<\/p>\n<p>&nbsp;<\/p>\n<p><span style=\"color: #ff0000;\"><strong>LA PUNTATA DELLA SETTIMANA <\/strong><\/span><\/p>\n<p><strong>COLORI, CHIUSURE, RAGAZZI&#8230;<\/strong><\/p>\n<audio class=\"wp-audio-shortcode\" id=\"audio-185576-12\" preload=\"none\" style=\"width: 100%;\" controls=\"controls\"><source type=\"audio\/mpeg\" src=\"https:\/\/www.radiopiu.net\/wordpress\/wp-content\/uploads\/2021\/01\/007-18-gennaio.mp3?_=12\" \/><a href=\"https:\/\/www.radiopiu.net\/wordpress\/wp-content\/uploads\/2021\/01\/007-18-gennaio.mp3\">https:\/\/www.radiopiu.net\/wordpress\/wp-content\/uploads\/2021\/01\/007-18-gennaio.mp3<\/a><\/audio>\n<h2>LA RACCOLTA COMPLETA<\/h2>\n<blockquote class=\"wp-embedded-content\" data-secret=\"9sxVR93FoB\"><p><a href=\"https:\/\/www.radiopiu.net\/wordpress\/007incondotta-9\/\">007 in condotta<\/a><\/p><\/blockquote>\n<p><iframe loading=\"lazy\" class=\"wp-embedded-content\" sandbox=\"allow-scripts\" security=\"restricted\" style=\"position: absolute; clip: rect(1px, 1px, 1px, 1px);\" title=\"&#8220;007 in condotta&#8221; &#8212; Radio Pi\u00f9\" src=\"https:\/\/www.radiopiu.net\/wordpress\/007incondotta-9\/embed\/#?secret=9sxVR93FoB\" data-secret=\"9sxVR93FoB\" width=\"600\" height=\"338\" frameborder=\"0\" marginwidth=\"0\" marginheight=\"0\" scrolling=\"no\"><\/iframe><\/p>\n<p>&nbsp;<\/p>\n<p>&nbsp;<\/p>\n<p>&nbsp;<\/p>\n<hr \/>\n<p>&nbsp;<\/p>\n<blockquote>\n<h2><a href=\"https:\/\/www.radiopiu.net\/wordpress\/speciale-solidarieta-veneto\/solidarieta-veneto-3\/\" rel=\"attachment wp-att-134366\"><img loading=\"lazy\" decoding=\"async\" class=\"wp-image-134366 alignleft\" src=\"https:\/\/www.radiopiu.net\/wordpress\/wp-content\/uploads\/2020\/05\/solidariet\u00e0-veneto-300x210.jpg\" alt=\"\" width=\"102\" height=\"71\" srcset=\"https:\/\/www.radiopiu.net\/wordpress\/wp-content\/uploads\/2020\/05\/solidariet\u00e0-veneto-300x210.jpg 300w, https:\/\/www.radiopiu.net\/wordpress\/wp-content\/uploads\/2020\/05\/solidariet\u00e0-veneto-1024x717.jpg 1024w, https:\/\/www.radiopiu.net\/wordpress\/wp-content\/uploads\/2020\/05\/solidariet\u00e0-veneto-768x538.jpg 768w, https:\/\/www.radiopiu.net\/wordpress\/wp-content\/uploads\/2020\/05\/solidariet\u00e0-veneto.jpg 1373w\" sizes=\"auto, (max-width: 102px) 100vw, 102px\" \/><\/a>SOLIDARIETA&#8217; VENETO FONDO PENSIONE, IN ONDA IL PRIMO VENERDI DEL MESE ALLE 10.30 E ALLE 19.00 QUINTA STAGIONE<\/h2>\n<\/blockquote>\n<p><strong>AUDIO<\/strong><\/p>\n<audio class=\"wp-audio-shortcode\" id=\"audio-185576-13\" preload=\"none\" style=\"width: 100%;\" controls=\"controls\"><source type=\"audio\/mpeg\" src=\"https:\/\/www.radiopiu.net\/wordpress\/wp-content\/uploads\/2020\/10\/solidarieta-veneto-gennaio.mp3?_=13\" \/><a href=\"https:\/\/www.radiopiu.net\/wordpress\/wp-content\/uploads\/2020\/10\/solidarieta-veneto-gennaio.mp3\">https:\/\/www.radiopiu.net\/wordpress\/wp-content\/uploads\/2020\/10\/solidarieta-veneto-gennaio.mp3<\/a><\/audio>\n<p>&nbsp;<\/p>\n<blockquote>\n<h2>RACCOLTA COMPLETA<\/h2>\n<\/blockquote>\n<blockquote class=\"wp-embedded-content\" data-secret=\"ZbbsjFpiNx\"><p><a href=\"https:\/\/www.radiopiu.net\/wordpress\/solidarieta-veneto\/\">Solidariet\u00e0 Veneto<\/a><\/p><\/blockquote>\n<p><iframe loading=\"lazy\" class=\"wp-embedded-content\" sandbox=\"allow-scripts\" security=\"restricted\" style=\"position: absolute; clip: rect(1px, 1px, 1px, 1px);\" title=\"&#8220;Solidariet\u00e0 Veneto&#8221; &#8212; Radio Pi\u00f9\" src=\"https:\/\/www.radiopiu.net\/wordpress\/solidarieta-veneto\/embed\/#?secret=ZbbsjFpiNx\" data-secret=\"ZbbsjFpiNx\" width=\"600\" height=\"338\" frameborder=\"0\" marginwidth=\"0\" marginheight=\"0\" scrolling=\"no\"><\/iframe><\/p>\n<p>&nbsp;<\/p>\n<p>&nbsp;<\/p>\n<hr \/>\n<p>&nbsp;<\/p>\n<h2><span style=\"color: #808000;\">DUE MINUTI UN LIBRO\u00a0 TUTTI I GIORNI ALLA RADIO ALLE 9.30 E ALLE 18. QUINTA STAGIONE\u00a0<\/span><\/h2>\n<blockquote class=\"wp-embedded-content\" data-secret=\"0bMPWA7Ish\"><p><a href=\"https:\/\/www.radiopiu.net\/wordpress\/tornare-a-galla\/\">TORNARE A GALLA<\/a><\/p><\/blockquote>\n<p><iframe loading=\"lazy\" class=\"wp-embedded-content\" sandbox=\"allow-scripts\" security=\"restricted\" style=\"position: absolute; clip: rect(1px, 1px, 1px, 1px);\" title=\"&#8220;TORNARE A GALLA&#8221; &#8212; Radio Pi\u00f9\" src=\"https:\/\/www.radiopiu.net\/wordpress\/tornare-a-galla\/embed\/#?secret=0bMPWA7Ish\" data-secret=\"0bMPWA7Ish\" width=\"600\" height=\"338\" frameborder=\"0\" marginwidth=\"0\" marginheight=\"0\" scrolling=\"no\"><\/iframe><\/p>\n<h2>LA RACCOLTA COMPLETA<\/h2>\n<blockquote class=\"wp-embedded-content\" data-secret=\"ofk9i6RmdG\"><p><a href=\"https:\/\/www.radiopiu.net\/wordpress\/due-minuti-un-libro\/\">Due minuti un libro<\/a><\/p><\/blockquote>\n<p><iframe loading=\"lazy\" class=\"wp-embedded-content\" sandbox=\"allow-scripts\" security=\"restricted\" style=\"position: absolute; clip: rect(1px, 1px, 1px, 1px);\" title=\"&#8220;Due minuti un libro&#8221; &#8212; Radio Pi\u00f9\" src=\"https:\/\/www.radiopiu.net\/wordpress\/due-minuti-un-libro\/embed\/#?secret=ofk9i6RmdG\" data-secret=\"ofk9i6RmdG\" width=\"600\" height=\"338\" frameborder=\"0\" marginwidth=\"0\" marginheight=\"0\" scrolling=\"no\"><\/iframe><\/p>\n<p>&nbsp;<\/p>\n<hr \/>\n<p>&nbsp;<\/p>\n<p>&nbsp;<\/p>\n<blockquote>\n<h2>CASSA SOLIDARIET\u00c0 LUXOTTICA<\/h2>\n<\/blockquote>\n<h3><strong><span style=\"color: #ff0000;\">IL NUMERO DI GENNAIO CON PAOLO CHISSALE&#8217; E FABRIZIO CAMPEDEL\u00a0\u00a0<\/span><\/strong><\/h3>\n<audio class=\"wp-audio-shortcode\" id=\"audio-185576-14\" preload=\"none\" style=\"width: 100%;\" controls=\"controls\"><source type=\"audio\/mpeg\" src=\"https:\/\/www.radiopiu.net\/wordpress\/wp-content\/uploads\/2021\/01\/ca-sol-lux-gennaio.mp3?_=14\" \/><a href=\"https:\/\/www.radiopiu.net\/wordpress\/wp-content\/uploads\/2021\/01\/ca-sol-lux-gennaio.mp3\">https:\/\/www.radiopiu.net\/wordpress\/wp-content\/uploads\/2021\/01\/ca-sol-lux-gennaio.mp3<\/a><\/audio>\n<blockquote>\n<h2>RACCOLTA COMPLETA<\/h2>\n<\/blockquote>\n<blockquote class=\"wp-embedded-content\" data-secret=\"OpNZ0rie8q\"><p><a href=\"https:\/\/www.radiopiu.net\/wordpress\/cassa-solidarieta-luxottica-puntata-del-16-ottobre-2020\/\">CASSA SOLIDARIET\u00c0 LUXOTTICA &#8211; PUNTATA DEL 20 NOVEMBRE 2020<\/a><\/p><\/blockquote>\n<p><iframe loading=\"lazy\" class=\"wp-embedded-content\" sandbox=\"allow-scripts\" security=\"restricted\" style=\"position: absolute; clip: rect(1px, 1px, 1px, 1px);\" title=\"&#8220;CASSA SOLIDARIET\u00c0 LUXOTTICA &#8211; PUNTATA DEL 20 NOVEMBRE 2020&#8221; &#8212; Radio Pi\u00f9\" src=\"https:\/\/www.radiopiu.net\/wordpress\/cassa-solidarieta-luxottica-puntata-del-16-ottobre-2020\/embed\/#?secret=OpNZ0rie8q\" data-secret=\"OpNZ0rie8q\" width=\"600\" height=\"338\" frameborder=\"0\" marginwidth=\"0\" marginheight=\"0\" scrolling=\"no\"><\/iframe><\/p>\n<p>&nbsp;<\/p>\n<hr \/>\n<p>&nbsp;<\/p>\n<p>&nbsp;<\/p>\n<blockquote class=\"wp-embedded-content\" data-secret=\"TB7DIAYbb7\"><p><a href=\"https:\/\/www.radiopiu.net\/wordpress\/184594-2\/\">CISL LA VOCE DEI LAVORATORI, CON PAOLO CHISSALE&#8217;<\/a><\/p><\/blockquote>\n<p><iframe loading=\"lazy\" class=\"wp-embedded-content\" sandbox=\"allow-scripts\" security=\"restricted\" style=\"position: absolute; clip: rect(1px, 1px, 1px, 1px);\" title=\"&#8220;CISL LA VOCE DEI LAVORATORI, CON PAOLO CHISSALE&#8217;&#8221; &#8212; Radio Pi\u00f9\" src=\"https:\/\/www.radiopiu.net\/wordpress\/184594-2\/embed\/#?secret=TB7DIAYbb7\" data-secret=\"TB7DIAYbb7\" width=\"600\" height=\"338\" frameborder=\"0\" marginwidth=\"0\" marginheight=\"0\" scrolling=\"no\"><\/iframe><\/p>\n<div>\n<p>&nbsp;<\/p>\n<p>&nbsp;<\/p>\n<hr \/>\n<p>&nbsp;<\/p>\n<h2><span style=\"color: #800080;\"><strong>LA RASSEGNA STAMPA DA L&#8217;AMICO DEL POPOLO\u00a0<\/strong><\/span><\/h2>\n<h1 class=\"kvgmc6g5 cxmmr5t8 oygrvhab hcukyx3x c1et5uql\"><span style=\"color: #0000ff;\">RADIO PIU INFORMAZIONE il canale su TELEGRAM informazione di prima mano e in tempo reale. iscriviti ed aiutaci a farlo conoscere\u00a0<\/span><\/h1>\n<p><strong><a href=\"https:\/\/www.radiopiu.net\/wordpress\/la-rassegna-stampa-da-lamico-del-popolo-16-gennaio-2021\/adriana-lotto-presidente-associazione-culturale-tina-merlin\/\" rel=\"attachment wp-att-185251\"><img loading=\"lazy\" decoding=\"async\" class=\"wp-image-185251 alignleft\" src=\"https:\/\/www.radiopiu.net\/wordpress\/wp-content\/uploads\/2021\/01\/Adriana-Lotto-Presidente-Associazione-Culturale-Tina-Merlin-300x274.png\" alt=\"\" width=\"146\" height=\"133\" srcset=\"https:\/\/www.radiopiu.net\/wordpress\/wp-content\/uploads\/2021\/01\/Adriana-Lotto-Presidente-Associazione-Culturale-Tina-Merlin-300x274.png 300w, https:\/\/www.radiopiu.net\/wordpress\/wp-content\/uploads\/2021\/01\/Adriana-Lotto-Presidente-Associazione-Culturale-Tina-Merlin.png 696w\" sizes=\"auto, (max-width: 146px) 100vw, 146px\" \/><\/a>PUNTATA DEL 16 GENNAIO 2021<\/strong><\/p>\n<p><strong>OSPITE: Adriana Lotto Presidente Associazione Culturale Tina Merlin<\/strong><\/p>\n<audio class=\"wp-audio-shortcode\" id=\"audio-185576-15\" preload=\"none\" style=\"width: 100%;\" controls=\"controls\"><source type=\"audio\/mpeg\" src=\"https:\/\/www.radiopiu.net\/wordpress\/wp-content\/uploads\/2021\/01\/RASSEGNA-GIANNI-1.mp3?_=15\" \/><a href=\"https:\/\/www.radiopiu.net\/wordpress\/wp-content\/uploads\/2021\/01\/RASSEGNA-GIANNI-1.mp3\">https:\/\/www.radiopiu.net\/wordpress\/wp-content\/uploads\/2021\/01\/RASSEGNA-GIANNI-1.mp3<\/a><\/audio>\n<p><strong>LA RACCOLTA COMPLETA<\/strong><\/p>\n<blockquote class=\"wp-embedded-content\" data-secret=\"McClc9kTap\"><p><a href=\"https:\/\/www.radiopiu.net\/wordpress\/rassegna-stampa-di-gianni-santomaso\/\">Rassegna stampa da l&#8217;amico del popolo &#8211; di Gianni Santomaso<\/a><\/p><\/blockquote>\n<p><iframe loading=\"lazy\" class=\"wp-embedded-content\" sandbox=\"allow-scripts\" security=\"restricted\" style=\"position: absolute; clip: rect(1px, 1px, 1px, 1px);\" title=\"&#8220;Rassegna stampa da l&#8217;amico del popolo &#8211; di Gianni Santomaso&#8221; &#8212; Radio Pi\u00f9\" src=\"https:\/\/www.radiopiu.net\/wordpress\/rassegna-stampa-di-gianni-santomaso\/embed\/#?secret=McClc9kTap\" data-secret=\"McClc9kTap\" width=\"600\" height=\"338\" frameborder=\"0\" marginwidth=\"0\" marginheight=\"0\" scrolling=\"no\"><\/iframe><\/p>\n<p>&nbsp;<\/p>\n<p>&nbsp;<\/p>\n<hr \/>\n<p>&nbsp;<\/p>\n<p>&nbsp;<\/p>\n<div>\n<h2><span style=\"color: #33cccc;\">I RACCONTI DI PAOLO SOPPELSA il lunedi alle 9.30 e 18.30<\/span><\/h2>\n<blockquote class=\"wp-embedded-content\" data-secret=\"ufYxuTS0Ac\"><p><a href=\"https:\/\/www.radiopiu.net\/wordpress\/i-racconti-di-paolo-soppelsa-cinquantottesima-puntata\/\">I RACCONTI DI PAOLO SOPPELSA CINQUANTOTTESIMA PUNTATA<\/a><\/p><\/blockquote>\n<p><iframe loading=\"lazy\" class=\"wp-embedded-content\" sandbox=\"allow-scripts\" security=\"restricted\" style=\"position: absolute; clip: rect(1px, 1px, 1px, 1px);\" title=\"&#8220;I RACCONTI DI PAOLO SOPPELSA CINQUANTOTTESIMA PUNTATA&#8221; &#8212; Radio Pi\u00f9\" src=\"https:\/\/www.radiopiu.net\/wordpress\/i-racconti-di-paolo-soppelsa-cinquantottesima-puntata\/embed\/#?secret=ufYxuTS0Ac\" data-secret=\"ufYxuTS0Ac\" width=\"600\" height=\"338\" frameborder=\"0\" marginwidth=\"0\" marginheight=\"0\" scrolling=\"no\"><\/iframe><\/p>\n<h2><span style=\"color: #33cccc;\"><strong>RACCOLTA COMPLETA<\/strong><\/span><\/h2>\n<blockquote class=\"wp-embedded-content\" data-secret=\"fJIdgYtgQK\"><p><a href=\"https:\/\/www.radiopiu.net\/wordpress\/i-racconti-di-paolo-soppelsa\/\">I racconti di Paolo Soppelsa<\/a><\/p><\/blockquote>\n<p><iframe loading=\"lazy\" class=\"wp-embedded-content\" sandbox=\"allow-scripts\" security=\"restricted\" style=\"position: absolute; clip: rect(1px, 1px, 1px, 1px);\" title=\"&#8220;I racconti di Paolo Soppelsa&#8221; &#8212; Radio Pi\u00f9\" src=\"https:\/\/www.radiopiu.net\/wordpress\/i-racconti-di-paolo-soppelsa\/embed\/#?secret=fJIdgYtgQK\" data-secret=\"fJIdgYtgQK\" width=\"600\" height=\"338\" frameborder=\"0\" marginwidth=\"0\" marginheight=\"0\" scrolling=\"no\"><\/iframe><\/p>\n<\/div>\n<p>&nbsp;<\/p>\n<hr \/>\n<p>&nbsp;<\/p>\n<div>\n<h2><\/h2>\n<h2><\/h2>\n<h2><strong><a href=\"https:\/\/www.radiopiu.net\/wordpress\/giornale-radiopiu-20-gennaio-2021-direttore-mirko-mezzacasa\/b4d903ae-3002-4aa4-b90c-cd65b62d43df\/\" rel=\"attachment wp-att-185691\"><img loading=\"lazy\" decoding=\"async\" class=\" wp-image-185691 alignleft\" src=\"https:\/\/www.radiopiu.net\/wordpress\/wp-content\/uploads\/2021\/01\/b4d903ae-3002-4aa4-b90c-cd65b62d43df-197x300.jpg\" alt=\"\" width=\"113\" height=\"172\" srcset=\"https:\/\/www.radiopiu.net\/wordpress\/wp-content\/uploads\/2021\/01\/b4d903ae-3002-4aa4-b90c-cd65b62d43df-197x300.jpg 197w, https:\/\/www.radiopiu.net\/wordpress\/wp-content\/uploads\/2021\/01\/b4d903ae-3002-4aa4-b90c-cd65b62d43df.jpg 526w\" sizes=\"auto, (max-width: 113px) 100vw, 113px\" \/><\/a><\/strong><\/h2>\n<h2><\/h2>\n<h2><strong>LE\u00a0 PUNTATE di Luisa Alchini di Leggermente Bellunesi, la domenica alle 11, <span style=\"color: #0000ff;\">IL MARTEDI IN PRIMA EDIZIONE\u00a0<\/span> alle 10.30 e alle 19.00<\/strong><\/h2>\n<p><strong>LA PUNTATA DELLA SETTIMANA\u00a0 OGGI ALLE 10.30 E 19: <\/strong>ELISA ORZES GRILLONE nativa di Cencenighe. Seconda puntata. La partecipazione al funerale di Guglielmo Marconi e l&#8217;alluvione&#8230; Le strane coincidenze.<\/p>\n<audio class=\"wp-audio-shortcode\" id=\"audio-185576-16\" preload=\"none\" style=\"width: 100%;\" controls=\"controls\"><source type=\"audio\/mpeg\" src=\"https:\/\/www.radiopiu.net\/wordpress\/wp-content\/uploads\/2021\/01\/15leggermenteparte2elisaorzescosta.mp3?_=16\" \/><a href=\"https:\/\/www.radiopiu.net\/wordpress\/wp-content\/uploads\/2021\/01\/15leggermenteparte2elisaorzescosta.mp3\">https:\/\/www.radiopiu.net\/wordpress\/wp-content\/uploads\/2021\/01\/15leggermenteparte2elisaorzescosta.mp3<\/a><\/audio>\n<h2><strong style=\"font-size: 14px;\"><span style=\"color: #000000;\">RACCOLTA COMPLETA<\/span><\/strong><\/h2>\n<\/div>\n<blockquote class=\"wp-embedded-content\" data-secret=\"5YhRFEzND1\"><p><a href=\"https:\/\/www.radiopiu.net\/wordpress\/leggermente-20\/\">LEGGERmente&#8230;Bellunesi<\/a><\/p><\/blockquote>\n<p><iframe loading=\"lazy\" class=\"wp-embedded-content\" sandbox=\"allow-scripts\" security=\"restricted\" style=\"position: absolute; clip: rect(1px, 1px, 1px, 1px);\" title=\"&#8220;LEGGERmente&#8230;Bellunesi&#8221; &#8212; Radio Pi\u00f9\" src=\"https:\/\/www.radiopiu.net\/wordpress\/leggermente-20\/embed\/#?secret=5YhRFEzND1\" data-secret=\"5YhRFEzND1\" width=\"600\" height=\"338\" frameborder=\"0\" marginwidth=\"0\" marginheight=\"0\" scrolling=\"no\"><\/iframe><\/p>\n<hr \/>\n<p>&nbsp;<\/p>\n<blockquote>\n<h3><a href=\"https:\/\/www.radiopiu.net\/wordpress\/almanacco-ladino-puntata-5-2020\/sn\/\" rel=\"attachment wp-att-180931\"><img loading=\"lazy\" decoding=\"async\" class=\"wp-image-180931 alignleft\" src=\"https:\/\/www.radiopiu.net\/wordpress\/wp-content\/uploads\/2020\/12\/sn-300x194.jpg\" alt=\"\" width=\"181\" height=\"117\" srcset=\"https:\/\/www.radiopiu.net\/wordpress\/wp-content\/uploads\/2020\/12\/sn-300x194.jpg 300w, https:\/\/www.radiopiu.net\/wordpress\/wp-content\/uploads\/2020\/12\/sn.jpg 626w\" sizes=\"auto, (max-width: 181px) 100vw, 181px\" \/><\/a>L&#8217;ALMANACCO LADINO CON L&#8217;ISTITUT CESA DE JAN QUINDICINALE APPUNTAMENTO. LA DOMENICA ALLE 9 IL LUNEDI ALLE 8.35 IL MARTEDI ALLE 12.35 IL MERCOLEDI ALLE 18.35. SECONDA STAGIONE.<\/h3>\n<p><strong>LA PUNTATA DI QUESTA SETTIMANA<\/strong><\/p><\/blockquote>\n<audio class=\"wp-audio-shortcode\" id=\"audio-185576-17\" preload=\"none\" style=\"width: 100%;\" controls=\"controls\"><source type=\"audio\/mpeg\" src=\"https:\/\/www.radiopiu.net\/wordpress\/wp-content\/uploads\/2021\/01\/50\u00b0-Almanacco-Ladino_Col.mp3?_=17\" \/><a href=\"https:\/\/www.radiopiu.net\/wordpress\/wp-content\/uploads\/2021\/01\/50\u00b0-Almanacco-Ladino_Col.mp3\">https:\/\/www.radiopiu.net\/wordpress\/wp-content\/uploads\/2021\/01\/50\u00b0-Almanacco-Ladino_Col.mp3<\/a><\/audio>\n<p>&nbsp;<\/p>\n<p><strong>RACCOLTA COMPLETA\u00a0<\/strong><\/p>\n<blockquote class=\"wp-embedded-content\" data-secret=\"KHXUBSoNQl\"><p><a href=\"https:\/\/www.radiopiu.net\/wordpress\/almanacco-ladino\/\">Almanacco Ladino<\/a><\/p><\/blockquote>\n<p><iframe loading=\"lazy\" class=\"wp-embedded-content\" sandbox=\"allow-scripts\" security=\"restricted\" style=\"position: absolute; clip: rect(1px, 1px, 1px, 1px);\" title=\"&#8220;Almanacco Ladino&#8221; &#8212; Radio Pi\u00f9\" src=\"https:\/\/www.radiopiu.net\/wordpress\/almanacco-ladino\/embed\/#?secret=KHXUBSoNQl\" data-secret=\"KHXUBSoNQl\" width=\"600\" height=\"338\" frameborder=\"0\" marginwidth=\"0\" marginheight=\"0\" scrolling=\"no\"><\/iframe><\/p>\n<p>&nbsp;<\/p>\n<\/div>\n<hr \/>\n<div>\n<h2><span style=\"color: #000080;\"><a class=\"dt-pswp-item\" href=\"https:\/\/www.radiopiu.net\/wordpress\/wp-content\/uploads\/2020\/10\/pp.jpg\" data-dt-img-description=\"\" data-large_image_width=\"640\" data-large_image_height=\"640\"><img loading=\"lazy\" decoding=\"async\" class=\"wp-image-163678 alignleft\" src=\"https:\/\/www.radiopiu.net\/wordpress\/wp-content\/uploads\/2020\/10\/pp-300x300.jpg\" alt=\"\" width=\"106\" height=\"106\" srcset=\"https:\/\/www.radiopiu.net\/wordpress\/wp-content\/uploads\/2020\/10\/pp-300x300.jpg 300w, https:\/\/www.radiopiu.net\/wordpress\/wp-content\/uploads\/2020\/10\/pp-150x150.jpg 150w, https:\/\/www.radiopiu.net\/wordpress\/wp-content\/uploads\/2020\/10\/pp-125x125.jpg 125w, https:\/\/www.radiopiu.net\/wordpress\/wp-content\/uploads\/2020\/10\/pp-200x200.jpg 200w, https:\/\/www.radiopiu.net\/wordpress\/wp-content\/uploads\/2020\/10\/pp-80x80.jpg 80w, https:\/\/www.radiopiu.net\/wordpress\/wp-content\/uploads\/2020\/10\/pp-480x480.jpg 480w, https:\/\/www.radiopiu.net\/wordpress\/wp-content\/uploads\/2020\/10\/pp.jpg 640w\" sizes=\"auto, (max-width: 106px) 100vw, 106px\" \/><\/a> <\/span><\/h2>\n<h2><span style=\"color: #000080;\">DON CESARE, IL PENSIERO DEL GIORNO. ALLA RADIO ALLE 7 DEL MATTINO E ALLE 19.30 DELLA SERA.\u00a0\u00a0<\/span><\/h2>\n<p>&nbsp;<\/p>\n<\/div>\n<audio class=\"wp-audio-shortcode\" id=\"audio-185576-18\" preload=\"none\" style=\"width: 100%;\" controls=\"controls\"><source type=\"audio\/mpeg\" src=\"https:\/\/www.radiopiu.net\/wordpress\/wp-content\/uploads\/2021\/01\/CESARE-14.mp3?_=18\" \/><a href=\"https:\/\/www.radiopiu.net\/wordpress\/wp-content\/uploads\/2021\/01\/CESARE-14.mp3\">https:\/\/www.radiopiu.net\/wordpress\/wp-content\/uploads\/2021\/01\/CESARE-14.mp3<\/a><\/audio>\n<p>&nbsp;<\/p>\n<hr \/>\n<p>&nbsp;<\/p>\n<div>\n<p class=\"photoswipe-wrapper\"><a class=\"dt-pswp-item pspw-wrap-ready\" href=\"https:\/\/i0.wp.com\/www.radiopiu.net\/wordpress\/wp-content\/uploads\/2018\/09\/viabilita.jpeg?ssl=1\" data-dt-img-description=\"\" data-large_image_width=\"800\" data-large_image_height=\"100\"><img loading=\"lazy\" decoding=\"async\" class=\"aligncenter wp-image-61954 size-full\" src=\"https:\/\/i0.wp.com\/www.radiopiu.net\/wordpress\/wp-content\/uploads\/2018\/09\/viabilita.jpeg?resize=800%2C100&amp;ssl=1\" sizes=\"auto, (max-width: 800px) 100vw, 800px\" srcset=\"https:\/\/i0.wp.com\/www.radiopiu.net\/wordpress\/wp-content\/uploads\/2018\/09\/viabilita.jpeg?w=800&amp;ssl=1 800w, https:\/\/i0.wp.com\/www.radiopiu.net\/wordpress\/wp-content\/uploads\/2018\/09\/viabilita.jpeg?resize=300%2C38&amp;ssl=1 300w, https:\/\/i0.wp.com\/www.radiopiu.net\/wordpress\/wp-content\/uploads\/2018\/09\/viabilita.jpeg?resize=768%2C96&amp;ssl=1 768w\" alt=\"\" width=\"800\" height=\"100\" \/><\/a><\/p>\n<\/div>\n<p>&nbsp;<\/p>\n<p><strong>SP 1 MADONNA DEL PIAVE <\/strong>senso unico alternato regolato da semaforo fino al 15 gennaio in comune di Quero Vas per realizzazione tombinatura<\/p>\n<p><strong>SP 42 CAVALLERA<\/strong> fino a revoca, chiusura della strada nell&#8217;abitato di Perarolo per attivazione emergenza frana &#8220;Busa del Cristo&#8221;<\/p>\n<p><strong>S.P.2 DELLA VALLE DEL MIS\u00a0<\/strong>Interdizione totale al traffico fino a revoca dal km 14,920 (localit\u00e0 Gona Bassa) al km 20,650 (localit\u00e0 Titele) per cedimento della carreggiata<\/p>\n<p><strong>S.P. 5 DI LAMOSANO<\/strong>\u00a0Interdizione totale fino a revoca per presenza di materiale e alberi in strada.<\/p>\n<p><strong>S.P. 251 DI VAL DI ZOLDO E VAL CELLINA\u00a0<\/strong>dalla localit\u00e0 Soffranco fino all&#8217;imbocco nord della galleria S. Giovanni interdizione totale al transito per cedimento della carreggiata<\/p>\n<p><strong>SP 3 DELLA VAL IMPERINA<\/strong> fino a revoca, senso unico alternato regolato a vista in localit\u00e0 Gona di Conedera di Rivamonte per cedimento della carreggiata stradale<\/p>\n<div>\n<p>&nbsp;<\/p>\n<hr \/>\n<p>&nbsp;<\/p>\n<p class=\"photoswipe-wrapper\"><a class=\"dt-pswp-item pspw-wrap-ready\" href=\"https:\/\/i0.wp.com\/www.radiopiu.net\/wordpress\/wp-content\/uploads\/2018\/09\/WhatsApp-Image-2018-09-20-at-16.04.06.jpeg?ssl=1\" data-dt-img-description=\"\" data-large_image_width=\"800\" data-large_image_height=\"100\"><img loading=\"lazy\" decoding=\"async\" class=\"aligncenter wp-image-61378 size-full jetpack-lazy-image jetpack-lazy-image--handled\" src=\"https:\/\/i0.wp.com\/www.radiopiu.net\/wordpress\/wp-content\/uploads\/2018\/09\/WhatsApp-Image-2018-09-20-at-16.04.06.jpeg?resize=800%2C100&amp;ssl=1\" sizes=\"auto, (max-width: 800px) 100vw, 800px\" srcset=\"https:\/\/i0.wp.com\/www.radiopiu.net\/wordpress\/wp-content\/uploads\/2018\/09\/WhatsApp-Image-2018-09-20-at-16.04.06.jpeg?w=800&amp;ssl=1 800w, https:\/\/i0.wp.com\/www.radiopiu.net\/wordpress\/wp-content\/uploads\/2018\/09\/WhatsApp-Image-2018-09-20-at-16.04.06.jpeg?resize=300%2C38&amp;ssl=1 300w, https:\/\/i0.wp.com\/www.radiopiu.net\/wordpress\/wp-content\/uploads\/2018\/09\/WhatsApp-Image-2018-09-20-at-16.04.06.jpeg?resize=768%2C96&amp;ssl=1 768w\" alt=\"\" width=\"800\" height=\"100\" data-lazy-loaded=\"1\" \/><\/a><\/p>\n<p>&nbsp;<\/p>\n<div>\n<div id=\"dolomitimeteo_div_testi\"><center><b>Mercoledi 20<\/b><\/center><b>Tempo atteso: <\/b>Qualche schiarita con nubi alte al primo mattino, poi aumento della nuvolosit\u00e0 medio-alta stratiforme su tutti i settori. In nottata l&#8217;insidia per nebbia o nubi basse crescer\u00e0 sulla fascia prealpina. Al pomeriggio ulteriore aumento della copertura nuvolosa con cielo spesso coperto quasi ovunque. Alla sera non escluso qualche fenomeno. Lieve attenuazione del freddo in un contesto sempre pi\u00f9 uggioso con il passare delle ore.<br \/>\n<b>Precipitazioni: <\/b>Assenti ovunque fino nel tardo pomeriggio (0%). In serata non esclusa qualche debolissima precipitazione (10\/20%) sulle Prealpi occidentali, nevosa oltre gli 800\/1000 m.<br \/>\n<b>Temperature: <\/b>Minime in generale lieve aumento e massime senza notevoli variazioni rispetto a marted\u00ec, con riduzione dell&#8217;escursione termica giornaliera. Sono previste punte di 1\/3\u00b0C nei fondovalle prealpini e di -2\/2\u00b0C a 1000\/1200 m. Su Prealpi a 1500 m min -6\u00b0C max -4\u00b0C, a 2000 m min -7\u00b0C max -5\u00b0C. Su Dolomiti a 2000 m min -7\u00b0C max -4\u00b0C, a 3000 m min -9\u00b0C max -6\u00b0C.<br \/>\n<b>Venti: <\/b>Nelle valli deboli di direzione variabile; in quota deboli\/moderati da sud-ovest al mattino, moderati\/tesi al pomeriggio, anche forti sulle vette pi\u00f9 alte alla sera a 5-20 km\/h a 2000 m e 20-45 km\/h a 3000 m.<\/p>\n<hr \/>\n<p><center><b>Giovedi 21<\/b><\/center><b>Tempo atteso: <\/b>Lento peggioramento fino a risultare perturbato al pomeriggio. Il cielo rimarr\u00e0 molto nuvoloso o coperto tutto il giorno. Ambiente assai uggioso in un contesto termico meno freddo nei fondovalle prealpini, mentre il ritorno della neve in montagna manterr\u00e0 un atmosfera invernale oltre i 1000\/1200 m.<br \/>\n<b>Precipitazioni: <\/b>Crescente probabilit\u00e0 (80\/90%) di deboli precipitazioni, a tratti moderate nel tardo pomeriggio\/sera, in estensione dalle Prealpi occidentali a tutta la montagna veneta nel corso del pomeriggio. Il limite della neve sar\u00e0 inizialmente sui 600\/800 m, prima di risalire sui 1000\/1100 m, almeno sulle Prealpi, dove il rischio di gelicidio per congelamento pioggia al suolo sar\u00e0 concreto. Sulle Dolomiti il limite neve rimarr\u00e0 un po&#8217; pi\u00f9 basso, specie nelle nicchie solitamente pi\u00f9 fredde. Sono previsti 4\/8 mm sulle Dolomiti fino a 10 mm sulle Prealpi, localmente anche 15 mm, con altrettanti cm di neve sopra i 1200\/1400 m.<br \/>\n<b>Temperature: <\/b>In generale lieve aumento, eccetto leggero calo delle massime sulle cime pi\u00f9 alte; ridotta escursione termica giornaliera. Sono previste punte 2\/4\u00b0C nei fondovalle prealpini e di 0\/2\u00b0C a 1000\/1200 m. Su Prealpi a 1500 m min -3\u00b0C max -1\u00b0C, a 2000 m min -5\u00b0C max -3\u00b0C. Su Dolomiti a 2000 m min -5\u00b0C max -3\u00b0C, a 3000 m min -9\u00b0C max -8\u00b0C.<br \/>\n<b>Venti: <\/b>Nelle valli deboli di direzione variabile; in quota moderati\/tesi da sud ovest sui 2000\/2400 m, forti oltre tali quote, a 15-30 km\/h a 2000 m e 40-70 km\/h a 3000 m.<\/p>\n<hr \/>\n<p><center><b>Venerdi 22<\/b><\/center>Nella notte debole maltempo con cielo coperto associato a precipitazioni, anche diffuse. Tra parte della mattinata fino a met\u00e0 pomeriggio probabile variabilit\u00e0 senza fenomeni, prima di una nuova e pi\u00f9 significativa fase perturbata a partire dalle Prealpi, in estensione alla Dolomiti entro la sera. Il limite della neve si rialzer\u00e0 un po&#8217; rispetto a gioved\u00ec, mediamente sui 1000\/1200 m, localmente e temporaneamente pi\u00f9 in alto sulla fascia prealpina. Temperature in ulteriore lieve aumento. Venti moderati\/tesi da sud-ovest in alta quota, in attenuazione al pomeriggio\/sera, deboli di direzione variabile nelle valli.<\/p>\n<hr \/>\n<p><center><b>Sabato 23<\/b><\/center>Tra la notte ed il mattino tempo ancora moderatamente perturbato con limite della neve in leggero abbassamento. Dalle ore centrali del giorno fenomeni intermittenti e sempre pi\u00f9 residui. Il cielo rimarr\u00e0 molto nuvoloso con poche chance di schiarite. Lieve calo termico con debole escursione termica giornaliera ed atmosfera assai umida. Nelle valli venti deboli di direzione variabile; in quota deboli\/moderati da sud-ovest, in rotazione da nord al pomeriggio. Previsore:R.L.Th.<\/p>\n<\/div>\n<\/div>\n<\/div>\n<\/div>\n<p>&nbsp;<\/p>\n<hr \/>\n<p>&nbsp;<\/p>\n<p><a href=\"https:\/\/www.radiopiu.net\/wordpress\/giornale-radiopiu-15-settembre-2018-direttore-mirko-mezzacasa\/sport-7\/\" rel=\"attachment wp-att-60761\"><img loading=\"lazy\" decoding=\"async\" class=\"aligncenter wp-image-60761 size-full\" src=\"https:\/\/www.radiopiu.net\/wordpress\/wp-content\/uploads\/2018\/09\/sport.jpg\" alt=\"\" width=\"800\" height=\"100\" srcset=\"https:\/\/www.radiopiu.net\/wordpress\/wp-content\/uploads\/2018\/09\/sport.jpg 800w, https:\/\/www.radiopiu.net\/wordpress\/wp-content\/uploads\/2018\/09\/sport-300x38.jpg 300w, https:\/\/www.radiopiu.net\/wordpress\/wp-content\/uploads\/2018\/09\/sport-768x96.jpg 768w\" sizes=\"auto, (max-width: 800px) 100vw, 800px\" \/><\/a><\/p>\n<p>&nbsp;<\/p>\n<p>&nbsp;<\/p>\n","protected":false},"excerpt":{"rendered":"<p>PER RICEVERE QUESTO NOTIZIARIO DIRETTAMENTE SUL TUO CELLULARE ISCRIVITI AL CANALE TELEGRAM \u201cRADIO PIU INFORMAZIONE&#8221;\u00a0 ATTENZIONE: LA NUOVA APP PER IOS-IPHONE https:\/\/apps.apple.com\/it\/app\/radio-pi%C3%B9-emittente-agordina\/id1515939845 ATTENZIONE: LA NUOVA APP RADIO\u00a0 PER ANDROID https:\/\/play.google.com\/store\/apps\/details?id=net.radiopiu.iniko &nbsp; &nbsp; LE FOTO DI MANUEL CONEDERA, Ieri \u00a0crepuscolo al Col Menadar. &nbsp; &nbsp; &nbsp; OGGI ALLA RADIO\u00a0 GLI SPECIALI DI RADIO PIU: SANPA! San&hellip;<\/p>\n","protected":false},"author":4,"featured_media":185634,"comment_status":"closed","ping_status":"closed","sticky":false,"template":"","format":"standard","meta":{"_monsterinsights_skip_tracking":false,"_monsterinsights_sitenote_active":false,"_monsterinsights_sitenote_note":"","_monsterinsights_sitenote_category":0,"footnotes":""},"categories":[1,51,86,49],"tags":[],"class_list":["post-185576","post","type-post","status-publish","format-standard","has-post-thumbnail","hentry","category-senza-categoria","category-evidenza-top","category-gr","category-news-18","category-1","category-51","category-86","category-49","description-off"],"img_url":"https:\/\/www.radiopiu.net\/wordpress\/wp-content\/uploads\/2021\/01\/33d7c909-f85a-4f92-86e8-c850641d399a.jpg","_links":{"self":[{"href":"https:\/\/www.radiopiu.net\/wordpress\/wp-json\/wp\/v2\/posts\/185576","targetHints":{"allow":["GET"]}}],"collection":[{"href":"https:\/\/www.radiopiu.net\/wordpress\/wp-json\/wp\/v2\/posts"}],"about":[{"href":"https:\/\/www.radiopiu.net\/wordpress\/wp-json\/wp\/v2\/types\/post"}],"author":[{"embeddable":true,"href":"https:\/\/www.radiopiu.net\/wordpress\/wp-json\/wp\/v2\/users\/4"}],"replies":[{"embeddable":true,"href":"https:\/\/www.radiopiu.net\/wordpress\/wp-json\/wp\/v2\/comments?post=185576"}],"version-history":[{"count":0,"href":"https:\/\/www.radiopiu.net\/wordpress\/wp-json\/wp\/v2\/posts\/185576\/revisions"}],"wp:featuredmedia":[{"embeddable":true,"href":"https:\/\/www.radiopiu.net\/wordpress\/wp-json\/wp\/v2\/media\/185634"}],"wp:attachment":[{"href":"https:\/\/www.radiopiu.net\/wordpress\/wp-json\/wp\/v2\/media?parent=185576"}],"wp:term":[{"taxonomy":"category","embeddable":true,"href":"https:\/\/www.radiopiu.net\/wordpress\/wp-json\/wp\/v2\/categories?post=185576"},{"taxonomy":"post_tag","embeddable":true,"href":"https:\/\/www.radiopiu.net\/wordpress\/wp-json\/wp\/v2\/tags?post=185576"}],"curies":[{"name":"wp","href":"https:\/\/api.w.org\/{rel}","templated":true}]}}