{"id":185659,"date":"2021-01-19T12:25:20","date_gmt":"2021-01-19T11:25:20","guid":{"rendered":"https:\/\/www.radiopiu.net\/wordpress\/?p=185659"},"modified":"2021-01-19T13:48:37","modified_gmt":"2021-01-19T12:48:37","slug":"il-punto-stampa-di-luca-zaia-sullemergenza-covid-19-2","status":"publish","type":"post","link":"https:\/\/www.radiopiu.net\/wordpress\/il-punto-stampa-di-luca-zaia-sullemergenza-covid-19-2\/","title":{"rendered":"DOPO LE MASCHERINE IN LUXOTTICA, VACCINI IN VENETO? &#8220;NOI CI SIAMO&#8221; DICE ZAIA"},"content":{"rendered":"<p><strong>VENEZIA <\/strong>da Marghera Luca Zaia\u00a0 il punto sull&#8217;emergenza Covid-19<\/p>\n<p><strong>I NUMERI<\/strong> TAMPONI MOLECOLARI 3598134 TAMPONI RAPIDI 2311869 TOTALE TAMPONI\u00a0 nelle 24 ore 47.011 INCIDENZA TAMPONI-POSITIVI\u00a0 2,03%\u00a0 POSITIVI NELLE ULTIME 24 ORE +957 POSITIVI ATTUALI 63171 POSITIVI DA INIZIO PANDEMIA 300.127 RICOVERATI 2942 (500 letti in meno del 31 dicembre) AREA NON CRITICA 2603 (-58) TERAPIA INTENSIVA 339 (-15) DECESSI 8187 (+162 contabilit\u00e0 del fine settimana) DIMESSI 13.091<\/p>\n<p>&nbsp;<\/p>\n<blockquote>\n<h2>LEGGI LA CONFERENZA STAMPA DI LUCA ZAIA<\/h2>\n<h3><em>Andremo al Tar con la nostra memoria circa il ricorso per la mancata apertura delle scuole. Stasera o domani avremo gi\u00e0 la risposta. Se si tratta di produrre vaccini per i veneti e per tutti gli italiani noi ci siamo.<\/em><\/h3>\n<\/blockquote>\n<p>La curva decresce, speculare quella delle terapie intensive. Sono 339 terapia intensive sotto il valore massimo del 31 marzo di 356. Oggi \u00e8 il primo giorno che scendiamo sotto il massimo di marzo e abbiamo ancora 500 posti letto per raggiungere i numeri della prima ondata. Si stanno liberando posti letto per\u00f2 la situazione \u00e8 ancora pesante a livello ospedaliero. Se continuiamo con questo bel lavoro di attenzione \u00e8 ragionevole pensare se ne possa uscire, in combinazione a darci pi\u00f9 tranquillit\u00e0 ci sono i vaccini, per l&#8217;interesse di tutti, perch\u00e9 l&#8217;economia \u00e8 in grande sofferenza. <strong>VACCINI<\/strong> Questa sera riunione con il Governo per i vaccini. Siamo preoccupati, ci rendiamo conto che un&#8217;impresa pu\u00f2 avere problemi, dobbiamo capire quali sono e se li possiamo risolvere assieme. E&#8217; slittata una fornitura\u00a0 e da ieri sera ci parlano di un altro slittamento della fornitura per la prossima settimana. Noi possiamo solo concentrarci per fare le seconde dosi, ci servono 100mila dosi. <strong>SCUOLA\u00a0<\/strong> Ieri sera tra Governatori abbiamo parlato della scuola, il parere del CTS non lo ha chiesto la Regione ma il Ministero della Salute quindi il nostro interlocutore resta il ministro, in base a quel parere ci comunichi le sue conclusioni. Noi andremo al Tar del Veneto con una memoria difensiva, argomentazioni non politiche ma di valutazioni fatte sulla base dei criteri di sanit\u00e0 pubblica\u00a0 in virt\u00f9 di un legittimo ricorso di\u00a0 17 cittadini che chiedono la riapertura delle scuole superiori. Siamo pronti alla riapertura con i trasporti (come lo eravamo dal 7 gennaio), attendiamo l&#8217;esito del ricorso. E&#8217; giusto che i ragazzi tornano a scuola in presenza ma oltre a questo diritto c&#8217;\u00e8 anche il diritto alla salute.<strong> VACCINI SITUAZIONE ATTUALE<\/strong>\u00a0 Faremo il secondo giro di vaccini, questa settimana sono dimezzate e la prossima ci sar\u00e0 un&#8217;altra riduzione. La nostra macchina vaccinale si \u00e8 orientata sull&#8217;obiettivo delle seconde dosi. Questo creer\u00e0 un buco nella peggiore delle ipotesi di due settimane, non chiuderemo a fine gennaio ma a met\u00e0 febbraio e tutto si trascina. Spero che Astrazenica gi\u00e0 presente in Gran Bretagna e in valutazione ad Ema abbia titolo per essere autorizzato cos\u00ec da quello che ci dicono non ci saranno problemi per la quantit\u00e0,\u00a0 parlano di 42 milioni di dosi. <strong>PRODURRE LA QUOTA DI VACCINO CON LE AZIENDE ITALIANE<\/strong> Se fattibile l&#8217;idea \u00e8 condivisibile ma \u00e8 un processo industriale, Pfizer ha cercato le realt\u00e0 per produrre credo che lo scoouting sia gi\u00e0 stato fatto. Non mi sembra comunque un&#8217;idea strampalata quella dell&#8217;immunolola Antonella Viola riferita a RADIO 24, magari viene fuori un vaccino che funziona anche di pi\u00f9. Sono certo che gli industriali sono attenti ad ogni opportunit\u00e0. Dico a Pfizer che se c&#8217;\u00e8 da dare una mano il Veneto c&#8217;\u00e8 per la salute dei cittadini, anche con la finanziaria regionale. <strong>PERCHE&#8217; IL VENETO NON COMPERA I VACCINI COME HA FATTO CON I RESPIRATORI?<\/strong> Questione gi\u00e0 posta in tempi non sospetti, \u00e8 impossibile, le forniture e i contratti sono solo con gli Stati Membri, l&#8217;idea del Veneto Autonomo sui vaccini non pu\u00f2 muoversi. <strong>MODALITA&#8217; DI TRACCIAMENTO CAMBIATE?<\/strong> Nell&#8217;ultima circolare ci dicono di mettere in quarantena di contatti stretti senza fare tamponi, al termine della quarantena il tampone.<strong> PER GLI ANZIANI SOLO MODERNA?<\/strong>\u00a0 Ne abbiamo 7800 a settimana e seguono la prassi, vacciniamo con quello che abbiamo o Moderna o Pfizer sono equivalenti.<strong> DIVISIONE PER REGIONI CHI FISSA LA FORNITURA E IN BASE A CHE COSA\u00a0<\/strong> Arbitraria e stabilita dall&#8217;azienda Pfizer. La suddivisione delle dosi ridotte ne \u00e8 un esempio, non c&#8217;\u00e8 spiegazione sui tagli da Regione e Regione.<\/p>\n<p>&nbsp;<\/p>\n<p><a href=\"https:\/\/www.facebook.com\/zaiaufficiale\/videos\/328679205012330\">https:\/\/www.facebook.com\/zaiaufficiale\/videos\/328679205012330<\/a><\/p>\n<p>&nbsp;<\/p>\n","protected":false},"excerpt":{"rendered":"<p>VENEZIA da Marghera Luca Zaia\u00a0 il punto sull&#8217;emergenza Covid-19 I NUMERI TAMPONI MOLECOLARI 3598134 TAMPONI RAPIDI 2311869 TOTALE TAMPONI\u00a0 nelle 24 ore 47.011 INCIDENZA TAMPONI-POSITIVI\u00a0 2,03%\u00a0 POSITIVI NELLE ULTIME 24 ORE +957 POSITIVI ATTUALI 63171 POSITIVI DA INIZIO PANDEMIA 300.127 RICOVERATI 2942 (500 letti in meno del 31 dicembre) AREA NON CRITICA 2603 (-58) TERAPIA&hellip;<\/p>\n","protected":false},"author":4,"featured_media":172638,"comment_status":"closed","ping_status":"closed","sticky":false,"template":"","format":"standard","meta":{"_monsterinsights_skip_tracking":false,"_monsterinsights_sitenote_active":false,"_monsterinsights_sitenote_note":"","_monsterinsights_sitenote_category":0,"footnotes":""},"categories":[51,49],"tags":[],"class_list":["post-185659","post","type-post","status-publish","format-standard","has-post-thumbnail","hentry","category-evidenza-top","category-news-18","category-51","category-49","description-off"],"img_url":"https:\/\/www.radiopiu.net\/wordpress\/wp-content\/uploads\/2020\/11\/zaia.png","_links":{"self":[{"href":"https:\/\/www.radiopiu.net\/wordpress\/wp-json\/wp\/v2\/posts\/185659","targetHints":{"allow":["GET"]}}],"collection":[{"href":"https:\/\/www.radiopiu.net\/wordpress\/wp-json\/wp\/v2\/posts"}],"about":[{"href":"https:\/\/www.radiopiu.net\/wordpress\/wp-json\/wp\/v2\/types\/post"}],"author":[{"embeddable":true,"href":"https:\/\/www.radiopiu.net\/wordpress\/wp-json\/wp\/v2\/users\/4"}],"replies":[{"embeddable":true,"href":"https:\/\/www.radiopiu.net\/wordpress\/wp-json\/wp\/v2\/comments?post=185659"}],"version-history":[{"count":0,"href":"https:\/\/www.radiopiu.net\/wordpress\/wp-json\/wp\/v2\/posts\/185659\/revisions"}],"wp:featuredmedia":[{"embeddable":true,"href":"https:\/\/www.radiopiu.net\/wordpress\/wp-json\/wp\/v2\/media\/172638"}],"wp:attachment":[{"href":"https:\/\/www.radiopiu.net\/wordpress\/wp-json\/wp\/v2\/media?parent=185659"}],"wp:term":[{"taxonomy":"category","embeddable":true,"href":"https:\/\/www.radiopiu.net\/wordpress\/wp-json\/wp\/v2\/categories?post=185659"},{"taxonomy":"post_tag","embeddable":true,"href":"https:\/\/www.radiopiu.net\/wordpress\/wp-json\/wp\/v2\/tags?post=185659"}],"curies":[{"name":"wp","href":"https:\/\/api.w.org\/{rel}","templated":true}]}}