{"id":185708,"date":"2021-01-19T23:58:59","date_gmt":"2021-01-19T22:58:59","guid":{"rendered":"https:\/\/www.radiopiu.net\/wordpress\/?p=185708"},"modified":"2021-01-20T05:57:15","modified_gmt":"2021-01-20T04:57:15","slug":"nella-storia-breve-del-cadore-notevole-spazio-per-i-sacerdoti","status":"publish","type":"post","link":"https:\/\/www.radiopiu.net\/wordpress\/nella-storia-breve-del-cadore-notevole-spazio-per-i-sacerdoti\/","title":{"rendered":"NELLA \u201cSTORIA BREVE DEL CADORE\u201d NOTEVOLE SPAZIO PER I SACERDOTI"},"content":{"rendered":"<p><strong>di RENATO BONA<\/strong><\/p>\n<p>Nelle cinque edizioni, l\u2019ultima nel 1992, del libro del cadorino Giovanni Fabbiani \u201cStoria breve del Cadore (tipografia Piave di Belluno per la Magnifica comunit\u00e0 di Cadore editrice) largo, meritato spazio \u00e8 riservato nel capitolo \u201cPersonalit\u00e0\u201d ai sacerdoti, fra i quali si annoverano autentici grandi personaggi. L\u2019elenco si apre con padre Carlo D\u2019Andrea (Innsbruck 1849-1806); di famiglia ampezzana, allievo a Roma del pittore Seitz, lavor\u00f2 per il suo convento di Bolzano, per la chiesa di sant\u2019Antonio di Roma, decor\u00f2 le absidi della collegiata di San Candido e fu buon ritrattista. C\u2019\u00e8 quindi don Bartolomeo Toffoli (Calalzo 1755-1834): studi\u00f2 a Pieve, Feltre e Padova; costru\u00ec un orecchio 60 volte pi\u00f9 grande del naturale, destando l\u2019ammirazione dei professori; fra l\u2019altro trov\u00f2 il modo di conservare a lungo il cervello; invent\u00f2 un microscopio tascabile, una macchina per costruire lenti microscopiche, costru\u00ec la sfera dell\u2019orologio e i segni dello Zodiaco dell\u2019orologio del palazzo del Capitanio a Padova; ancora: una macchina per dimostrare il sistema copernicano (conservata a Calalzo) e una per estrarre le acque dalle miniere di Agordo. Ed ecco mons. Toldo Costantini (Serravalle 1576-Venezia 1652): laureato in legge a Padova, vicario generale della diocesi di Treviso poi di Roma. Chiamato a Venezia a servizio della Repubblica, vi mor\u00ec. Sue tre edizioni di \u201cIl giudizio estremo\u201d, poema posto tra le imitazioni della Divina Commedia. Proseguiamo con don Giovanni Antonio Barnab\u00f2 (Valle di Cadore 1684-11735): parroco di Ospitale, si ritir\u00f2 nella sua casa e si dedic\u00f2 alla compilazione della \u201cHistoria della provincia di Cadore\u201d (inedita) e della minuta di \u201cCronaca delle cose avvenute nella provincia di Cadore dal 1705 al 1732\u201d (inedita e in gran parte perduta come la \u201cStoria speciale del paese di Valle\u201d). Tocca a padre Giovanni De Luca (Borca 1694-Roma 1766): frate dei Minori osservanti, fu esaminatore di vescovi e consultore dei riti; era perito nelle lingue greca, latina ed ebraica ed autore di versi latini pubblicati in \u201cArcadum carmina\u201d. Fabbiani ricorda che \u201cEbbe dispute coi maggiori teologi del suo tempo e con I. A. Muratori sull\u2019Immacolata Concezione. Proposto a cardinale ed eletto \u2018solo\u2019 vescovo, rinunci\u00f2 anche a questa dignit\u00e0\u201d. Veniamo a don Giovani Antonio De Luca ( Venezia 1737-1762): figlio di un cadorino di Borca, una volta sacerdote pubblic\u00f2 10 orazioni tradotte dal greco quindi tradusse e pubblic\u00f2 \u201cGli Orti delle Esperidi\u201d del Pontano. Secondo G. Gozzi sarebbe divenuto uno dei migliori oratori del secolo se non fosse morto giovane, lasciando molti studi inediti. Don G.B. Zandonella (Dosoledo 1767-Padova 1836): laureato in legge a Padova insegn\u00f2 filosofia a Ceneda e Belluno nel liceo sperimentale, storia ecclesiastica all\u2019ateneo patavino di cui fu anche rettore magnifico; fu maestro di Rosmini che lo stimava molto. Don Osvaldo Antonio Varettoni (Borca 1771-Candide 1824): parroco stimatissimo a Candide dal 1816 e fino alla morte. Autore di canzoni e poesie morali e sacre molto diffuse in Cadore e stampate pi\u00f9 volte. Monsignor Giuseppe Ciani (Domegge 1793-Vittorio Veneto 1867) dopo gli studi a Udine fu maestro a Domegge e Pieve quindi ispettore scolastico per il Cadore. Passato a Padova e a Venezia fu precettore quindi fu in cura d\u2019anime a Vittorio Veneto dove divenne canonico teologo della cattedrale di Ceneda; del 1856-62 la pubblicazione di \u201cLa storia del popolo cadorino\u201d \u201cvero monumento d\u2019amor patrio, frutto di 40 di lavoro e di studio\u201d. Secondo l\u2019autore di \u201cStoria del Cadore\u201d pu\u00f2 dirsi l\u2019Erodoto cadorino. Pubblic\u00f2 anche \u201cVite dei giovani martiri\u201d. Il suo essere antitemporalista gli comport\u00f2 persecuzioni. Spazio anche per don Giuseppe Cadorin (Lorenzago 1792-San Fior 1851): diresse le elementari di Venezia e si occup\u00f2 dell\u2019arte veneta pubblicando studi sulla vita e le opere di Tiziano di cui cur\u00f2 il volume \u201cDello amore ai veneziani di Tiziano Vecellio, delle sue cose in Cadore e a Venezia e delle vite dei suoi figli\u201d. L\u2019invasione della Grande Guerra disperse memorie e documenti. Don Giuseppe Monti (San Nicol\u00f2 1808-Candide 1871) studi a Udine, fu cooperatore a San Vito quindi mansionario cooperatore a Costa di San Nicol\u00f2, Candide, Dosoledo, Casamazzagno. Raccolse una infinit\u00e0 di notizie e copie di documenti e collabor\u00f2 con mons. Ciani. Compil\u00f2 fra l\u2019altro il manoscritto \u201cCronache cadorine dal 632 a. C. al 1869\u201d di 519 pagine. E\u2019 la volta di don Natale Talamini (Pescul 1808-1876): studi\u00f2 nel seminario di Udine dove rimase quale docente; passato a Venezia divenne insegnante di ruolo di San Procolo. Prese parte attiva nei moti del 1848-49 in quanto membro dell\u2019assemblea veneta e fu incarcerato a San Severo, Legnago e Palmanova. Nel 1866 eletto primo deputato del Cadore. Compose una lunga serie di poesie poi pubblicate dal Ronzon. Monsignor Giovanni De Don\u00e0 (Lorenzago 1819-Belluno 1890) studi a Udine e Padova, insegnante e poi rettore del Seminario bellunese, presidente dell\u2019Accademia degli Anistamici e della Congregazione di carit\u00e0. Lasci\u00f2 apprezzati studi manoscritti di storia cadorina e bellunese. Don Pietro Da Ronco (Vigo 1851-1940): studi a Udine e Belluno quindi parroco di Lorenzago, rettore a Vallesella e a Sant\u2019Orsola di Vigo. Pubblic\u00f2 studi di genealogie di famiglie cadorine, note di toponomastica e un\u2019ampia storia dell\u2019arcidiaconato cadorino. Don Pietro Antonio Alver\u00e0 (Ampezzo di Cadore 1854-Rio di Pusteria 1927): studi a Rovereto e Bressanone; scrisse molto per la storia della \u201csua Ampezzo\u201d dove nella canonica sono conservati i manoscritti. Mons. Vadolrico: nativo del Cadore, preposito di Carnia, canonico di Cividale e Aquileia; riform\u00f2 gli statuti del Capitolo di Aquileia. Mor\u00ec il 16 marzo 1287. Padre Fortunato di Cadore (Giovanni Gera, Candide 1600- Sulmona 1669) cappuccino a 17 anni, predicatore nelle principali citt\u00e0 d\u2019Italia, consultore generale dell\u2019Ordine, nel 1650 ministro generale dell\u2019Ordine (rieletto nel 1667). Mons. Bartolomeo Gera (Candide 1603-Feltre 1681): studi a Udine, Graz, Padova; sacerdote nel 1628, nel 1630 \u00e8 canonico della cattedrale di Verona e arciprete di Isola Rizza, vicario generale a Ceneda poi a Verona e Venezia. Vescovo di Feltre il 5 settembre 1663. Padre Giovanni Leopoldo De Zanna (Ampezzo di Cadore 1721-Novacella 1787) frate agostiniano a Bressanone nel 1742 quindi decano, professore di teologia e filosofia. Padre Pietro Paolo da Cadore (Pasquale Fortunato Tremonti, Lorenzago 1721-Roma 1797): cappuccino, definitore, ministro provinciale, prefetto di propaganda in Tunisia, commissario generale dei conventi della Rezia infine definitore generale. Ed eccoci a padre Marino da Cadore (Giuseppe Zanetti, Lozzo 1745-Venezia 1827): cappuccino, insegnante di filosofia e teologia, ministro provinciale, predicatore per il Doge in San Marco dal 1785 al 1797; Pio VII lo voleva generale dell\u2019Ordine e poi vescovo di Cefalonia ma padre Marino ottenne la dispensa. Mons. Mariano Da Ru (Pozzale 1772-Udine 1835): allievo poi professore e rettore del seminario di Udine, pievano di Valle e arcidiacono del Cadore prima di essere vicario generale di Udine. Mons. Ferdinando Ossi (G. Battista, San Vito 1843-Gand 1905): carmelitano scalzo mandato in Palestina, procuratore del convento del Carmelo, prefetto apostolico di Siria, nel 1883 eletto vescovo delle missioni dell\u2019India e amministratore apostolico di Quilon. Don Pietrto Zangrando (Perarolo 1887-Candide 1935) parroco di Perarolo, arciprete di Sospirolo, pievano di Candide; la sua memoria \u00e8 tramandata ai posteri per le azioni compiute come cappellano militare nella Grande Guerra che gli meritarono una medaglia di bronzo al valor militare e due croci di guerra. Concludiamo col cardinale Adeodato Giovanni Piazza (Vigo 1884-Roma 1957): carmelitano scalzo nel 1897, insegn\u00f2 lettere nel convento dei Carmelitani veneti e filosofia a Treviso e Venezia, morale a Brescia; priore a Tombetta a soli 34 anni, cappellano militare per 4; priore a Brescia e Adria pass\u00f2 a Roma come segretario del preposito generale e fu nominato consultore della Congregazione dei religiosi. Nel 1925 eletto procuratore generale dell\u2019Ordine nella Curia romana; arcivescovo di Benevento nel 1930, patriarca di Venezia dal 1935, cardinale dal 1937, segretario della Sacra congregazione concistoriale, titolare della diocesi suburbicaria di Sabina e Poggio Mirteto.<\/p>\n\n\t\t\t<style type='text\/css'>\n\t\t\t\t#gallery-1 {\n\t\t\t\t\tmargin: auto;\n\t\t\t\t}\n\t\t\t\t#gallery-1 .gallery-item {\n\t\t\t\t\tfloat: left;\n\t\t\t\t\tmargin-top: 10px;\n\t\t\t\t\ttext-align: center;\n\t\t\t\t\twidth: 33%;\n\t\t\t\t}\n\t\t\t\t#gallery-1 img {\n\t\t\t\t\tborder: 2px solid #cfcfcf;\n\t\t\t\t}\n\t\t\t\t#gallery-1 .gallery-caption {\n\t\t\t\t\tmargin-left: 0;\n\t\t\t\t}\n\t\t\t\t\/* see gallery_shortcode() in wp-includes\/media.php *\/\n\t\t\t<\/style>\n\t\t<div id='gallery-1' class='dt-gallery-container gallery galleryid-185708 gallery-columns-3 gallery-size-thumbnail'><dl class='gallery-item'>\n\t\t\t\t<dt class='gallery-icon portrait'>\n\t\t\t\t\t<a class=\"rollover rollover-zoom dt-pswp-item\" title=\"140431314_4138958902799919_7496512710364383286_n\" data-dt-img-description=\"\" data-large_image_width=\"1328\" data-large_image_height=\"2048\"href='https:\/\/www.radiopiu.net\/wordpress\/wp-content\/uploads\/2021\/01\/140431314_4138958902799919_7496512710364383286_n.jpg'><img loading=\"lazy\" decoding=\"async\" width=\"150\" height=\"150\" src=\"https:\/\/www.radiopiu.net\/wordpress\/wp-content\/uploads\/2021\/01\/140431314_4138958902799919_7496512710364383286_n-150x150.jpg\" class=\"attachment-thumbnail size-thumbnail\" alt=\"\" \/><\/a>\n\t\t\t\t<\/dt><\/dl><dl class='gallery-item'>\n\t\t\t\t<dt class='gallery-icon landscape'>\n\t\t\t\t\t<a class=\"rollover rollover-zoom dt-pswp-item\" title=\"140489735_223258179398684_8845411941416887183_n\" data-dt-img-description=\"\" data-large_image_width=\"225\" data-large_image_height=\"225\"href='https:\/\/www.radiopiu.net\/wordpress\/wp-content\/uploads\/2021\/01\/140489735_223258179398684_8845411941416887183_n.jpg'><img loading=\"lazy\" decoding=\"async\" width=\"150\" height=\"150\" src=\"https:\/\/www.radiopiu.net\/wordpress\/wp-content\/uploads\/2021\/01\/140489735_223258179398684_8845411941416887183_n-150x150.jpg\" class=\"attachment-thumbnail size-thumbnail\" alt=\"\" srcset=\"https:\/\/www.radiopiu.net\/wordpress\/wp-content\/uploads\/2021\/01\/140489735_223258179398684_8845411941416887183_n-150x150.jpg 150w, https:\/\/www.radiopiu.net\/wordpress\/wp-content\/uploads\/2021\/01\/140489735_223258179398684_8845411941416887183_n.jpg 225w\" sizes=\"auto, (max-width: 150px) 100vw, 150px\" \/><\/a>\n\t\t\t\t<\/dt><\/dl><dl class='gallery-item'>\n\t\t\t\t<dt class='gallery-icon portrait'>\n\t\t\t\t\t<a class=\"rollover rollover-zoom dt-pswp-item\" title=\"140328382_2155042804628258_2319915228606285090_n\" data-dt-img-description=\"\" data-large_image_width=\"1473\" data-large_image_height=\"2048\"href='https:\/\/www.radiopiu.net\/wordpress\/wp-content\/uploads\/2021\/01\/140328382_2155042804628258_2319915228606285090_n.jpg'><img loading=\"lazy\" decoding=\"async\" width=\"150\" height=\"150\" src=\"https:\/\/www.radiopiu.net\/wordpress\/wp-content\/uploads\/2021\/01\/140328382_2155042804628258_2319915228606285090_n-150x150.jpg\" class=\"attachment-thumbnail size-thumbnail\" alt=\"\" \/><\/a>\n\t\t\t\t<\/dt><\/dl><br style=\"clear: both\" \/><dl class='gallery-item'>\n\t\t\t\t<dt class='gallery-icon portrait'>\n\t\t\t\t\t<a class=\"rollover rollover-zoom dt-pswp-item\" title=\"140013596_126675732556335_2288004488519891533_n\" data-dt-img-description=\"\" data-large_image_width=\"1496\" data-large_image_height=\"1950\"href='https:\/\/www.radiopiu.net\/wordpress\/wp-content\/uploads\/2021\/01\/140013596_126675732556335_2288004488519891533_n.jpg'><img loading=\"lazy\" decoding=\"async\" width=\"150\" height=\"150\" src=\"https:\/\/www.radiopiu.net\/wordpress\/wp-content\/uploads\/2021\/01\/140013596_126675732556335_2288004488519891533_n-150x150.jpg\" class=\"attachment-thumbnail size-thumbnail\" alt=\"\" \/><\/a>\n\t\t\t\t<\/dt><\/dl><dl class='gallery-item'>\n\t\t\t\t<dt class='gallery-icon portrait'>\n\t\t\t\t\t<a class=\"rollover rollover-zoom dt-pswp-item\" title=\"140813199_500209330962376_4160945599334978172_n\" data-dt-img-description=\"\" data-large_image_width=\"180\" data-large_image_height=\"250\"href='https:\/\/www.radiopiu.net\/wordpress\/wp-content\/uploads\/2021\/01\/140813199_500209330962376_4160945599334978172_n.jpg'><img loading=\"lazy\" decoding=\"async\" width=\"150\" height=\"150\" src=\"https:\/\/www.radiopiu.net\/wordpress\/wp-content\/uploads\/2021\/01\/140813199_500209330962376_4160945599334978172_n-150x150.jpg\" class=\"attachment-thumbnail size-thumbnail\" alt=\"\" \/><\/a>\n\t\t\t\t<\/dt><\/dl><dl class='gallery-item'>\n\t\t\t\t<dt class='gallery-icon portrait'>\n\t\t\t\t\t<a class=\"rollover rollover-zoom dt-pswp-item\" title=\"140295137_684691212201707_1974268339450324629_n\" data-dt-img-description=\"\" data-large_image_width=\"180\" data-large_image_height=\"253\"href='https:\/\/www.radiopiu.net\/wordpress\/wp-content\/uploads\/2021\/01\/140295137_684691212201707_1974268339450324629_n.jpg'><img loading=\"lazy\" decoding=\"async\" width=\"150\" height=\"150\" src=\"https:\/\/www.radiopiu.net\/wordpress\/wp-content\/uploads\/2021\/01\/140295137_684691212201707_1974268339450324629_n-150x150.jpg\" class=\"attachment-thumbnail size-thumbnail\" alt=\"\" \/><\/a>\n\t\t\t\t<\/dt><\/dl><br style=\"clear: both\" \/>\n\t\t\t<\/div>\n\n<p>NELLE FOTO (Infodolomiti e riproduzioni dal libro di Giovanni Fabbiani): la copertina del libro \u201cBreve storia del Cadore\u201d; l\u2019arcidiaconale di Pieve; mons. Giuseppe Ciani; il prof. don Natale Talamini; don Pietro Da Ronco; il cardinale Adeodato Giovanni Piazza.<\/p>\n","protected":false},"excerpt":{"rendered":"<p>di RENATO BONA Nelle cinque edizioni, l\u2019ultima nel 1992, del libro del cadorino Giovanni Fabbiani \u201cStoria breve del Cadore (tipografia Piave di Belluno per la Magnifica comunit\u00e0 di Cadore editrice) largo, meritato spazio \u00e8 riservato nel capitolo \u201cPersonalit\u00e0\u201d ai sacerdoti, fra i quali si annoverano autentici grandi personaggi. L\u2019elenco si apre con padre Carlo D\u2019Andrea&hellip;<\/p>\n","protected":false},"author":4,"featured_media":185711,"comment_status":"closed","ping_status":"closed","sticky":false,"template":"","format":"standard","meta":{"_monsterinsights_skip_tracking":false,"_monsterinsights_sitenote_active":false,"_monsterinsights_sitenote_note":"","_monsterinsights_sitenote_category":0,"footnotes":""},"categories":[104,49],"tags":[],"class_list":["post-185708","post","type-post","status-publish","format-standard","has-post-thumbnail","hentry","category-evidenza_3","category-news-18","category-104","category-49","description-off"],"img_url":"https:\/\/www.radiopiu.net\/wordpress\/wp-content\/uploads\/2021\/01\/140489735_223258179398684_8845411941416887183_n.jpg","_links":{"self":[{"href":"https:\/\/www.radiopiu.net\/wordpress\/wp-json\/wp\/v2\/posts\/185708","targetHints":{"allow":["GET"]}}],"collection":[{"href":"https:\/\/www.radiopiu.net\/wordpress\/wp-json\/wp\/v2\/posts"}],"about":[{"href":"https:\/\/www.radiopiu.net\/wordpress\/wp-json\/wp\/v2\/types\/post"}],"author":[{"embeddable":true,"href":"https:\/\/www.radiopiu.net\/wordpress\/wp-json\/wp\/v2\/users\/4"}],"replies":[{"embeddable":true,"href":"https:\/\/www.radiopiu.net\/wordpress\/wp-json\/wp\/v2\/comments?post=185708"}],"version-history":[{"count":0,"href":"https:\/\/www.radiopiu.net\/wordpress\/wp-json\/wp\/v2\/posts\/185708\/revisions"}],"wp:featuredmedia":[{"embeddable":true,"href":"https:\/\/www.radiopiu.net\/wordpress\/wp-json\/wp\/v2\/media\/185711"}],"wp:attachment":[{"href":"https:\/\/www.radiopiu.net\/wordpress\/wp-json\/wp\/v2\/media?parent=185708"}],"wp:term":[{"taxonomy":"category","embeddable":true,"href":"https:\/\/www.radiopiu.net\/wordpress\/wp-json\/wp\/v2\/categories?post=185708"},{"taxonomy":"post_tag","embeddable":true,"href":"https:\/\/www.radiopiu.net\/wordpress\/wp-json\/wp\/v2\/tags?post=185708"}],"curies":[{"name":"wp","href":"https:\/\/api.w.org\/{rel}","templated":true}]}}