{"id":185734,"date":"2021-01-19T19:27:00","date_gmt":"2021-01-19T18:27:00","guid":{"rendered":"https:\/\/www.radiopiu.net\/wordpress\/?p=185734"},"modified":"2021-01-19T19:28:09","modified_gmt":"2021-01-19T18:28:09","slug":"scende-a-26-il-numero-di-positivi-ma-due-vittime-anche-oggi","status":"publish","type":"post","link":"https:\/\/www.radiopiu.net\/wordpress\/scende-a-26-il-numero-di-positivi-ma-due-vittime-anche-oggi\/","title":{"rendered":"SCENDE A 26 IL NUMERO DI POSITIVI, MA DUE VITTIME ANCHE OGGI"},"content":{"rendered":"<p><strong>BELLUNO<\/strong> <span style=\"font-size: medium;\">Nelle ultime 24 ore sono decedute due persone un uomo di anni 89 ricoverato in Pneumologia covid a Feltre e un uomo di anni 79 deceduto ore 9.45 in Geriatria covid a Feltre. Il numero di positivi si abbassa a 26, sono 77 i pazienti in area non critica, 7 in terapia intensiva uno in meno rispetto a ieri\u00a0<\/span><\/p>\n<p align=\"JUSTIFY\"><span style=\"font-size: medium;\"><b>Ricoveri <\/b><\/span><\/p>\n<p align=\"JUSTIFY\"><span style=\"font-size: medium;\"><i>(dato alle ore 17.00 fonte: Azienda Zero)<\/i><\/span><\/p>\n<p align=\"JUSTIFY\"><span style=\"font-size: medium;\">Le persone attualmente POSITIVE ricoverate negli ospedali dell\u2019Ulss Dolomiti sono<\/span>:<\/p>\n<table border=\"1\" width=\"652\" frame=\"HSIDES\" rules=\"GROUPS\" cellspacing=\"0\" cellpadding=\"7\">\n<tbody>\n<tr valign=\"TOP\">\n<td width=\"203\"><\/td>\n<td width=\"203\">\n<p align=\"JUSTIFY\"><span style=\"color: #365f91;\"><span style=\"font-size: medium;\"><b>Area NON CRITICA<\/b><\/span><\/span><\/p>\n<\/td>\n<td width=\"203\">\n<p align=\"JUSTIFY\"><span style=\"color: #365f91;\"><span style=\"font-size: medium;\"><b>Terapia Intensiva<\/b><\/span><\/span><\/p>\n<\/td>\n<\/tr>\n<\/tbody>\n<tbody>\n<tr valign=\"TOP\">\n<td bgcolor=\"#d3dfee\" width=\"203\">\n<p align=\"JUSTIFY\"><span style=\"color: #365f91;\"><span style=\"font-size: medium;\"><b>Ospedale di Belluno <\/b><\/span><\/span><\/p>\n<\/td>\n<td bgcolor=\"#d3dfee\" width=\"203\">\n<p align=\"CENTER\"><span style=\"color: #365f91;\"><span style=\"font-size: medium;\">40<\/span><\/span><\/p>\n<\/td>\n<td bgcolor=\"#d3dfee\" width=\"203\">\n<p align=\"CENTER\"><span style=\"color: #365f91;\"><span style=\"font-size: medium;\">3<\/span><\/span><\/p>\n<\/td>\n<\/tr>\n<tr valign=\"TOP\">\n<td bgcolor=\"#d3dfee\" width=\"203\">\n<p align=\"JUSTIFY\"><span style=\"color: #365f91;\"><span style=\"font-size: medium;\"><b>Ospedale di Feltre<\/b><\/span><\/span><\/p>\n<p align=\"JUSTIFY\"><span style=\"color: #365f91;\"><span style=\"font-size: medium;\"><b>Ospedale di Agordo<\/b><\/span><\/span><\/p>\n<\/td>\n<td bgcolor=\"#d3dfee\" width=\"203\">\n<p align=\"CENTER\"><span style=\"color: #365f91;\"><span style=\"font-size: medium;\">36<\/span><\/span><\/p>\n<p align=\"CENTER\"><span style=\"color: #365f91;\"><span style=\"font-size: medium;\">1<\/span><\/span><\/p>\n<\/td>\n<td bgcolor=\"#d3dfee\" width=\"203\">\n<p align=\"CENTER\"><span style=\"color: #365f91;\"><span style=\"font-size: medium;\">4<\/span><\/span><\/p>\n<\/td>\n<\/tr>\n<\/tbody>\n<\/table>\n<p align=\"JUSTIFY\"><span style=\"font-size: medium;\">Le persone attualmente POSITIVE <\/span>ricoverate in Ospedale di Comunit\u00e0 sono:<\/p>\n<table border=\"1\" width=\"652\" frame=\"HSIDES\" rules=\"ROWS\" cellspacing=\"0\" cellpadding=\"7\">\n<tbody>\n<tr valign=\"TOP\">\n<td width=\"312\"><\/td>\n<td width=\"312\">\n<p align=\"JUSTIFY\"><span style=\"color: #76923c;\"><span style=\"font-size: medium;\"><b>pazienti attualmente positivi<\/b><\/span><\/span><\/p>\n<\/td>\n<\/tr>\n<tr valign=\"TOP\">\n<td bgcolor=\"#e6eed5\" width=\"312\">\n<p align=\"JUSTIFY\"><span style=\"color: #76923c;\"><span style=\"font-size: medium;\"><b>Ospedale di Comunit\u00e0 di BELLUNO<\/b><\/span><\/span><\/p>\n<\/td>\n<td bgcolor=\"#e6eed5\" width=\"312\">\n<p align=\"CENTER\"><span style=\"color: #76923c;\"><span style=\"font-size: medium;\">8<\/span><\/span><\/p>\n<\/td>\n<\/tr>\n<tr valign=\"TOP\">\n<td bgcolor=\"#e6eed5\" width=\"312\">\n<p align=\"JUSTIFY\"><span style=\"color: #76923c;\"><span style=\"font-size: medium;\"><b>Ospedale di Comunit\u00e0 di FELTRE<\/b><\/span><\/span><\/p>\n<\/td>\n<td bgcolor=\"#e6eed5\" width=\"312\">\n<p align=\"CENTER\"><span style=\"color: #76923c;\"><span style=\"font-size: medium;\">8<\/span><\/span><\/p>\n<\/td>\n<\/tr>\n<\/tbody>\n<\/table>\n<p><a name=\"_GoBack\"><\/a><\/p>\n<p><span style=\"font-size: medium;\"><b>AGGIORNAMENTO COVID<\/b><\/span><\/p>\n<p><span style=\"font-size: medium;\">Parte sabato <\/span><span style=\"font-size: medium;\"><b>23 gennaio 2021<\/b><\/span><span style=\"font-size: medium;\"> la nuova organizzazione dei drive-in tamponi dell\u2019ulss Dolomiti per l\u2019area di Belluno. <\/span><span style=\"font-size: medium;\">Il rallentamento epidemico registrato nelle ultime settimane comporta una minor richiesta di esecuzione tamponi che consente una <\/span><span style=\"font-size: medium;\"><b>rimodulazione di orario. <\/b><\/span><span style=\"font-size: medium;\">Per quanto attiene la logistica, considerato che i drive in dell\u2019ospedale San Martino sono i principali punti di riferimento per il piano vaccinale Covid dell\u2019area bellunese, \u00e8 stato deciso di spostare le aree dedicate ai tamponi in un <\/span><span style=\"font-size: medium;\"><b>contesto extraurbano<\/b><\/span><span style=\"font-size: medium;\">, favorevole per viabilit\u00e0 e collocazione geografica. La zona allestita in questi giorni si trova in comune di Alpago, nella zona industriale di <\/span><span style=\"font-size: medium;\"><b>Paludi. <\/b><\/span><span style=\"font-size: medium;\">La nuova struttura \u00e8 stata fortemente migliorata rispetto agli assetti precedenti anche al fine di garantire adeguate condizioni di confort e sicurezza per gli operatori.<\/span><i><\/i><\/p>\n<p><span style=\"font-size: medium;\"><b>Dal 23 gennaio 2021<\/b><\/span><span style=\"font-size: medium;\">, quindi, i drive-in tamponi dell\u2019Ulss Dolomiti saranno attivi nelle seguenti sedi ed orari: <\/span><b style=\"font-size: large;\">Distretto 1 Belluno <\/b><span style=\"font-size: medium;\"><b>Alpago &#8211; Zona Industriale PALUDI- <\/b><\/span><span style=\"font-size: medium;\"> via delle Industrie, 10 <\/span><u><\/u><span style=\"font-size: medium;\">dal luned\u00ec al venerd\u00ec dalle 8.30 alle 17.30 <\/span><span style=\"font-size: medium;\">sabato e festivi dalle 8.30 alle 12.30<\/span><span style=\"font-size: medium;\"><b>Tai di Cadore<\/b><\/span><span style=\"font-size: medium;\"> &#8211; Piazzale Dolomiti<\/span><u> <\/u><span style=\"font-size: medium;\">marted\u00ec, gioved\u00ec, sabato \u2013 dalle 15.00 alle 17.00 <\/span><span style=\"font-size: medium;\"><b>Agordo<\/b><\/span><span style=\"font-size: medium;\"> -Piazzale Tamonich <\/span><span style=\"font-size: medium;\">luned\u00ec, mercoled\u00ec, venerd\u00ec\u2013 dalle 15.00 alle 17.00 <\/span><b style=\"font-size: large;\">Distretto 2 Feltre <\/b><span style=\"font-size: medium;\"><b>Feltre<\/b><\/span><span style=\"font-size: medium;\"> &#8211; Via delle Industrie \u2013 Peschiera (ex- Marangoni)\u00a0 <\/span><span style=\"font-size: medium;\">dal luned\u00ec al sabato dalle 8.30 alle 12.30<\/span><\/p>\n","protected":false},"excerpt":{"rendered":"<p>BELLUNO Nelle ultime 24 ore sono decedute due persone un uomo di anni 89 ricoverato in Pneumologia covid a Feltre e un uomo di anni 79 deceduto ore 9.45 in Geriatria covid a Feltre. Il numero di positivi si abbassa a 26, sono 77 i pazienti in area non critica, 7 in terapia intensiva uno&hellip;<\/p>\n","protected":false},"author":4,"featured_media":121260,"comment_status":"closed","ping_status":"closed","sticky":false,"template":"","format":"standard","meta":{"_monsterinsights_skip_tracking":false,"_monsterinsights_sitenote_active":false,"_monsterinsights_sitenote_note":"","_monsterinsights_sitenote_category":0,"footnotes":""},"categories":[51,49],"tags":[],"class_list":["post-185734","post","type-post","status-publish","format-standard","has-post-thumbnail","hentry","category-evidenza-top","category-news-18","category-51","category-49","description-off"],"img_url":"https:\/\/www.radiopiu.net\/wordpress\/wp-content\/uploads\/2020\/03\/covid-ulss.jpg","_links":{"self":[{"href":"https:\/\/www.radiopiu.net\/wordpress\/wp-json\/wp\/v2\/posts\/185734","targetHints":{"allow":["GET"]}}],"collection":[{"href":"https:\/\/www.radiopiu.net\/wordpress\/wp-json\/wp\/v2\/posts"}],"about":[{"href":"https:\/\/www.radiopiu.net\/wordpress\/wp-json\/wp\/v2\/types\/post"}],"author":[{"embeddable":true,"href":"https:\/\/www.radiopiu.net\/wordpress\/wp-json\/wp\/v2\/users\/4"}],"replies":[{"embeddable":true,"href":"https:\/\/www.radiopiu.net\/wordpress\/wp-json\/wp\/v2\/comments?post=185734"}],"version-history":[{"count":0,"href":"https:\/\/www.radiopiu.net\/wordpress\/wp-json\/wp\/v2\/posts\/185734\/revisions"}],"wp:featuredmedia":[{"embeddable":true,"href":"https:\/\/www.radiopiu.net\/wordpress\/wp-json\/wp\/v2\/media\/121260"}],"wp:attachment":[{"href":"https:\/\/www.radiopiu.net\/wordpress\/wp-json\/wp\/v2\/media?parent=185734"}],"wp:term":[{"taxonomy":"category","embeddable":true,"href":"https:\/\/www.radiopiu.net\/wordpress\/wp-json\/wp\/v2\/categories?post=185734"},{"taxonomy":"post_tag","embeddable":true,"href":"https:\/\/www.radiopiu.net\/wordpress\/wp-json\/wp\/v2\/tags?post=185734"}],"curies":[{"name":"wp","href":"https:\/\/api.w.org\/{rel}","templated":true}]}}