{"id":185804,"date":"2021-01-20T10:31:28","date_gmt":"2021-01-20T09:31:28","guid":{"rendered":"https:\/\/www.radiopiu.net\/wordpress\/?p=185804"},"modified":"2021-01-20T10:31:28","modified_gmt":"2021-01-20T09:31:28","slug":"nevegada-di-giancarlo-dal-pra","status":"publish","type":"post","link":"https:\/\/www.radiopiu.net\/wordpress\/nevegada-di-giancarlo-dal-pra\/","title":{"rendered":"NEVEGADA di GIANCARLO DAL PRA&#8217;"},"content":{"rendered":"<p><strong>AUDIO\u00a0<\/strong><\/p>\n<audio class=\"wp-audio-shortcode\" id=\"audio-185804-1\" preload=\"none\" style=\"width: 100%;\" controls=\"controls\"><source type=\"audio\/mpeg\" src=\"https:\/\/www.radiopiu.net\/wordpress\/wp-content\/uploads\/2020\/12\/03-NEVEGADA-GIANCARLO-DAL-PRA.mp3?_=1\" \/><a href=\"https:\/\/www.radiopiu.net\/wordpress\/wp-content\/uploads\/2020\/12\/03-NEVEGADA-GIANCARLO-DAL-PRA.mp3\">https:\/\/www.radiopiu.net\/wordpress\/wp-content\/uploads\/2020\/12\/03-NEVEGADA-GIANCARLO-DAL-PRA.mp3<\/a><\/audio>\n<p>&nbsp;<\/p>\n<p><span style=\"font-family: Verdana, sans-serif;\"><span style=\"font-size: large;\"><a href=\"https:\/\/www.radiopiu.net\/wordpress\/nevegada-di-giancarlo-dal-pra\/giancarlo-dal-pra-foto\/\" rel=\"attachment wp-att-185805\"><img loading=\"lazy\" decoding=\"async\" class=\" wp-image-185805 alignleft\" src=\"https:\/\/www.radiopiu.net\/wordpress\/wp-content\/uploads\/2021\/01\/GIANCARLO-DAL-PRA-FOTO.jpg\" alt=\"\" width=\"165\" height=\"115\" \/><\/a>NEVEGADA <\/span><\/span><\/p>\n<p><span style=\"font-family: Verdana, sans-serif;\"><span style=\"font-size: large;\">di GIANCARLO DAL PR\u00c0<\/span><\/span><\/p>\n<p><span style=\"font-family: Verdana, sans-serif;\"><span style=\"font-size: large;\">Stanot l\u2019\u00e0 fioc\u00e0!<\/span><\/span><\/p>\n<p><span style=\"font-family: Verdana, sans-serif;\"><span style=\"font-size: large;\">An vol de bianche paveje <\/span><\/span><\/p>\n<p><span style=\"font-family: Verdana, sans-serif;\"><span style=\"font-size: large;\">che canbia la s\u00e8na <\/span><\/span><\/p>\n<p><span style=\"font-family: Verdana, sans-serif;\"><span style=\"font-size: large;\">presenta \u2018n mondo incant\u00e0.<\/span><\/span><\/p>\n<p><span style=\"font-family: Verdana, sans-serif;\"><span style=\"font-size: large;\">Che savaj\u00f2t, che bianch,<\/span><\/span><\/p>\n<p><span style=\"font-family: Verdana, sans-serif;\"><span style=\"font-size: large;\">tut cet\u00f9z ovat\u00e0\u2026<\/span><\/span><\/p>\n<p><span style=\"font-family: Verdana, sans-serif;\"><span style=\"font-size: large;\">Come n\u2019asoluzion da l\u2019alt<\/span><\/span><\/p>\n<p><span style=\"font-family: Verdana, sans-serif;\"><span style=\"font-size: large;\">la neu ghe \u00e0 tolt a la t\u00e8ra<\/span><\/span><\/p>\n<p><span style=\"font-family: Verdana, sans-serif;\"><span style=\"font-size: large;\">i so pec\u00e0.<\/span><\/span><\/p>\n<p><span style=\"font-family: Verdana, sans-serif;\"><span style=\"font-size: large;\">Me move te n mondo <\/span><\/span><\/p>\n<p><span style=\"font-family: Verdana, sans-serif;\"><span style=\"font-size: large;\">da bocia sogn\u00e0.<\/span><\/span><\/p>\n<p><span style=\"font-family: Verdana, sans-serif;\"><span style=\"font-size: large;\">Son an bocia anca mi stamat\u00ecna.<\/span><\/span><\/p>\n<p><span style=\"font-family: Verdana, sans-serif;\"><span style=\"font-size: large;\">Anca su la me anema<\/span><\/span><\/p>\n<p><span style=\"font-family: Verdana, sans-serif;\"><span style=\"font-size: large;\">l\u2019\u00e0 neveg\u00e0.<\/span><\/span><\/p>\n","protected":false},"excerpt":{"rendered":"<p>AUDIO\u00a0 &nbsp; NEVEGADA di GIANCARLO DAL PR\u00c0 Stanot l\u2019\u00e0 fioc\u00e0! An vol de bianche paveje che canbia la s\u00e8na presenta \u2018n mondo incant\u00e0. Che savaj\u00f2t, che bianch, tut cet\u00f9z ovat\u00e0\u2026 Come n\u2019asoluzion da l\u2019alt la neu ghe \u00e0 tolt a la t\u00e8ra i so pec\u00e0. Me move te n mondo da bocia sogn\u00e0. Son an&hellip;<\/p>\n","protected":false},"author":4,"featured_media":185805,"comment_status":"closed","ping_status":"closed","sticky":false,"template":"","format":"standard","meta":{"_monsterinsights_skip_tracking":false,"_monsterinsights_sitenote_active":false,"_monsterinsights_sitenote_note":"","_monsterinsights_sitenote_category":0,"footnotes":""},"categories":[22,49],"tags":[],"class_list":["post-185804","post","type-post","status-publish","format-standard","has-post-thumbnail","hentry","category-invivoverso","category-news-18","category-22","category-49","description-off"],"img_url":"https:\/\/www.radiopiu.net\/wordpress\/wp-content\/uploads\/2021\/01\/GIANCARLO-DAL-PRA-FOTO.jpg","_links":{"self":[{"href":"https:\/\/www.radiopiu.net\/wordpress\/wp-json\/wp\/v2\/posts\/185804","targetHints":{"allow":["GET"]}}],"collection":[{"href":"https:\/\/www.radiopiu.net\/wordpress\/wp-json\/wp\/v2\/posts"}],"about":[{"href":"https:\/\/www.radiopiu.net\/wordpress\/wp-json\/wp\/v2\/types\/post"}],"author":[{"embeddable":true,"href":"https:\/\/www.radiopiu.net\/wordpress\/wp-json\/wp\/v2\/users\/4"}],"replies":[{"embeddable":true,"href":"https:\/\/www.radiopiu.net\/wordpress\/wp-json\/wp\/v2\/comments?post=185804"}],"version-history":[{"count":0,"href":"https:\/\/www.radiopiu.net\/wordpress\/wp-json\/wp\/v2\/posts\/185804\/revisions"}],"wp:featuredmedia":[{"embeddable":true,"href":"https:\/\/www.radiopiu.net\/wordpress\/wp-json\/wp\/v2\/media\/185805"}],"wp:attachment":[{"href":"https:\/\/www.radiopiu.net\/wordpress\/wp-json\/wp\/v2\/media?parent=185804"}],"wp:term":[{"taxonomy":"category","embeddable":true,"href":"https:\/\/www.radiopiu.net\/wordpress\/wp-json\/wp\/v2\/categories?post=185804"},{"taxonomy":"post_tag","embeddable":true,"href":"https:\/\/www.radiopiu.net\/wordpress\/wp-json\/wp\/v2\/tags?post=185804"}],"curies":[{"name":"wp","href":"https:\/\/api.w.org\/{rel}","templated":true}]}}