{"id":185822,"date":"2021-01-20T12:25:07","date_gmt":"2021-01-20T11:25:07","guid":{"rendered":"https:\/\/www.radiopiu.net\/wordpress\/?p=185822"},"modified":"2021-01-20T15:03:24","modified_gmt":"2021-01-20T14:03:24","slug":"da-marghera-il-punto-stampa-di-zaia-2","status":"publish","type":"post","link":"https:\/\/www.radiopiu.net\/wordpress\/da-marghera-il-punto-stampa-di-zaia-2\/","title":{"rendered":"DA VENERDI LA NUOVA VALUTAZIONE &#8220;ROSSO NON DI CERTO, GIALLO O ARANCIO&#8221; ANTICIPA ZAIA IN CONFERENZA STAMPA DAL 1 FEBBRAIO RIPARTE L&#8217;ATTIVITA&#8217; PROGRAMMATA"},"content":{"rendered":"<p><strong>VENEZIA<\/strong> in diretta da Marghera, sala stampa della Protezione Civile, il presidente del Veneto Luca Zaia far\u00e0 il punto sull&#8217;emergenza Covid-19.<\/p>\n<p><strong>I NUMERI<\/strong> TAMPONI MOLECOLARI 3615256, TAMPONI 2339061 TOTALE TAMPONI 44314 POSITIVI 1359 ultime 24 ore INCIDENZA DEL 3% POSITIVI 301486 dallo scorso 21 febbraio. POSITIVI OGGI 57469 RICOVERI 2898 IN AREA NON CRITICA 2560 (-43) IN TERAPIA INTENSIVA 338 (-1) DECESSI 8256 (+69) DIMESSI 13183<\/p>\n<p>&nbsp;<\/p>\n<blockquote>\n<h2>LEGGI LA CONFERENZA STAMPA DI LUCA ZAIA<\/h2>\n<p><em>La scuola non \u00e8 stata chiusa per vezzo. Squallido pensare il contrario. Per noi la battaglia finisce soltanto con la guarigione dell&#8217;ultimo paziente. Ieri\u00a0 con il Governo abbiamo parlato solo di vaccini, oggi parleremo di scuole.. Le dosi di vaccino Pfzer in arrivo il 25 gennaio in Veneto sono 35.217, l&#8217;ipotesi di redistribuzione \u00e8 di 24.570.<\/em><\/p>\n<p><strong><span style=\"color: #ff0000;\">LUCIANO FLOR:<\/span> <\/strong><em><strong>Ultim&#8217;ora: con la rianimazione siamo sotto i 300 pazienti (296) soglia importante. Stamane avevamo 110 posti liberi. Anche negli ospedali ci sono 600 pazienti in meno delle ultime due settimane. Stiamo ragionando per far ripartire l&#8217;attivit\u00e0 programmata ambulatoriale e la libera professione. Se l&#8217;andamento sar\u00e0 questo si riparte dal 1 febbraio. Saranno chiamati coloro costretti a posticipare gli appuntamenti per l&#8217;epidemia.\u00a0<\/strong><\/em><\/p><\/blockquote>\n<p>Oggi \u00e8 la giornata clou per la valutazioni, i nostri dati sono buoni. Al di l\u00e0 dell&#8217;ospedalizzazione che sta scendendo in maniera costante, abbiamo i dati Rt importanti in decrescita. Vedremo venerdi se saremo in zona gialla o arancione, sicuramente non saremo in zona rossa. E&#8217; squallido si dica che abbiamo chiuso le scuole secondarie per &#8220;politica&#8221;. La scuola \u00e8 momento di assembramento con \u00a0incrementi delle curva alla riapertura delle scuole. La scuola \u00e8 una forma di aggregazione problematica per la diffusione del virus, spero che il Tar valuti bene le relazioni dei tecnici che abbiamo depositato. <strong>VACCINI<\/strong> Se dobbiamo tutelare la situazione nazionale e veneta dobbiamo vedere il contratto stipulato dagli Stati con Pfizer che ha tagliato le scorte, mi chiedo se anche nelle altre nazioni europee. \u00a0Il dubbio che mi viene \u00e8 che l&#8217;azienda abbia fatto il conto sulle 5 dosi, invece che 6,\u00a0 la sesta \u00e8 il 20%\u00a0 del vaccino. \u00a0Ho ribadito la necessit\u00e0 che il taglio nella fornitura dei vaccini, del 29% sia orizzontale. E&#8217; perequativo,\u00a0 mutualistico \u00a0e senso di responsabilit\u00e0. Ora stiamo facendo i vaccini di richiamo, abbiamo un paio di settimane difficili per poi tornare a regime. Dobbiamo fare veloci, spero che Ema dia il via libera ad Astrazenica, spero si possa avere un terzo vaccino sul mercato. Astrazenica si impegna a dare 8milioni di dosi in un trimestre, significa vaccinare &#8220;forte&#8221;. E&#8217; un vaccino che permette di coinvolgere medici di base e farmacie. Chi ha subito tagli n\u00e8 ricever\u00e0 pi\u00f9 dosi la prossima settimana. La Regione ha provato a cercare canali alternativo per l&#8217;acquisto di vaccini ma senza risultati. Al Veneto servono 110mila dosi per i richiami, ne abbiamo 42mila perch\u00e9 siamo stati prudenti. Mai avrei pensato ad un taglio del 50% <strong>ORDINANZE IN VISTA?<\/strong> Vediamo la classificazione di venerdi, in base a questo vedremo. Non abbiamo pi\u00f9 fatto ordinanze restrittive affidandoci alle colorazioni delle Regioni. Venerdi valuteremo anche il tema scolastico.<\/p>\n<blockquote>\n<h3>PARLA LUCIANO FLOR DIRETTORE SANITA&#8217; VENETO<\/h3>\n<\/blockquote>\n<p><em><strong>E&#8217; importante che l&#8217;andamento continui in questa direzione al di l\u00e0 della colorazione della Regione. I dati sono decisamente migliorati, venerdi avremo la classificazione per le prossime due settimane. Abbiamo ancora numeri alti di nuovi casi, seppur in calo.<\/strong><\/em><\/p>\n<p>Nei piani Pfizer-Stato era prevista la fornitura di vaccino pari a 45mila dosi a settimana. Nei primi 15 giorni non ci sono stati problemi, con la terza,\u00a0 il taglio invece di 45.600 dosi ne abbiamo ricevute poco pi\u00f9 di\u00a0 22mila. Sulla fornitura della settimana scorsa siamo stati previdenti accantonando quantitativi per i richiami. Da oggi non si vaccina pi\u00f9 se non per i richiami sar\u00e0 cos\u00ec per tutta la settimana e anche per la prossima, non abbiamo vaccini. <strong>RIASSUMENDO<\/strong> Dal 31 dicembre abbiamo vaccinato 110mila persone. I vaccini che stanno arrivando e quelli risparmiati ci servono per il richiamo a 110mila persone. Dovranno essere richiamate tutte nei prossimi 20 giorni. Nei prossimi 20 giorni ci servono 110mila dosi solo per i richiami, ad oggi ne abbiamo 42mila, la settimana prossima ne arrivano altre 34mila pi\u00f9 altre 23mila e ancora non basteranno ma andremo avanti a fare richiami con la copertura per i 110 mila. Appena arriver\u00e0 vaccino a sufficienza riprenderemo con il programma delle vaccinazioni. Deve essere ancora chiusa la fase1 con i 185mila da vaccinare.<\/p>\n<p>&nbsp;<\/p>\n<p>https:\/\/www.facebook.com\/zaiaufficiale\/videos\/1129323017521001<\/p>\n<p>&nbsp;<\/p>\n<p>&nbsp;<\/p>\n","protected":false},"excerpt":{"rendered":"<p>VENEZIA in diretta da Marghera, sala stampa della Protezione Civile, il presidente del Veneto Luca Zaia far\u00e0 il punto sull&#8217;emergenza Covid-19. I NUMERI TAMPONI MOLECOLARI 3615256, TAMPONI 2339061 TOTALE TAMPONI 44314 POSITIVI 1359 ultime 24 ore INCIDENZA DEL 3% POSITIVI 301486 dallo scorso 21 febbraio. POSITIVI OGGI 57469 RICOVERI 2898 IN AREA NON CRITICA 2560&hellip;<\/p>\n","protected":false},"author":4,"featured_media":185492,"comment_status":"closed","ping_status":"closed","sticky":false,"template":"","format":"standard","meta":{"_monsterinsights_skip_tracking":false,"_monsterinsights_sitenote_active":false,"_monsterinsights_sitenote_note":"","_monsterinsights_sitenote_category":0,"footnotes":""},"categories":[51,49],"tags":[],"class_list":["post-185822","post","type-post","status-publish","format-standard","has-post-thumbnail","hentry","category-evidenza-top","category-news-18","category-51","category-49","description-off"],"img_url":"https:\/\/www.radiopiu.net\/wordpress\/wp-content\/uploads\/2021\/01\/8cc48272-9106-4c03-995c-e53cd9d80687.jpg","_links":{"self":[{"href":"https:\/\/www.radiopiu.net\/wordpress\/wp-json\/wp\/v2\/posts\/185822","targetHints":{"allow":["GET"]}}],"collection":[{"href":"https:\/\/www.radiopiu.net\/wordpress\/wp-json\/wp\/v2\/posts"}],"about":[{"href":"https:\/\/www.radiopiu.net\/wordpress\/wp-json\/wp\/v2\/types\/post"}],"author":[{"embeddable":true,"href":"https:\/\/www.radiopiu.net\/wordpress\/wp-json\/wp\/v2\/users\/4"}],"replies":[{"embeddable":true,"href":"https:\/\/www.radiopiu.net\/wordpress\/wp-json\/wp\/v2\/comments?post=185822"}],"version-history":[{"count":0,"href":"https:\/\/www.radiopiu.net\/wordpress\/wp-json\/wp\/v2\/posts\/185822\/revisions"}],"wp:featuredmedia":[{"embeddable":true,"href":"https:\/\/www.radiopiu.net\/wordpress\/wp-json\/wp\/v2\/media\/185492"}],"wp:attachment":[{"href":"https:\/\/www.radiopiu.net\/wordpress\/wp-json\/wp\/v2\/media?parent=185822"}],"wp:term":[{"taxonomy":"category","embeddable":true,"href":"https:\/\/www.radiopiu.net\/wordpress\/wp-json\/wp\/v2\/categories?post=185822"},{"taxonomy":"post_tag","embeddable":true,"href":"https:\/\/www.radiopiu.net\/wordpress\/wp-json\/wp\/v2\/tags?post=185822"}],"curies":[{"name":"wp","href":"https:\/\/api.w.org\/{rel}","templated":true}]}}