{"id":185879,"date":"2021-01-21T05:19:00","date_gmt":"2021-01-21T04:19:00","guid":{"rendered":"https:\/\/www.radiopiu.net\/wordpress\/?p=185879"},"modified":"2021-01-21T06:07:03","modified_gmt":"2021-01-21T05:07:03","slug":"dal-1-febbraio-riprende-lattivita-programmata-ambulatoriale-e-la-libera-professione","status":"publish","type":"post","link":"https:\/\/www.radiopiu.net\/wordpress\/dal-1-febbraio-riprende-lattivita-programmata-ambulatoriale-e-la-libera-professione\/","title":{"rendered":"DAL 1 FEBBRAIO RIPRENDE L&#8217;ATTIVITA&#8217; PROGRAMMATA AMBULATORIALE E LA LIBERA PROFESSIONE"},"content":{"rendered":"<p><strong>VENEZIA<\/strong> Le curve sono in calo, le rianimazione sotto la soglia critica dei 300 pazienti, il direttore della sanit\u00e0 veneta Luciano Flor lo ha confermato anticipato che se l&#8217;andamento sar\u00e0 questo con il 1 febbraio potrebbe ripartire l&#8217;attivit\u00e0 programmata e la libera professione.<\/p>\n<p><strong>IL DOTTOR LUCIANO FLOR<\/strong><\/p>\n<audio class=\"wp-audio-shortcode\" id=\"audio-185879-1\" preload=\"none\" style=\"width: 100%;\" controls=\"controls\"><source type=\"audio\/mpeg\" src=\"https:\/\/www.radiopiu.net\/wordpress\/wp-content\/uploads\/2021\/01\/flor.mp3?_=1\" \/><a href=\"https:\/\/www.radiopiu.net\/wordpress\/wp-content\/uploads\/2021\/01\/flor.mp3\">https:\/\/www.radiopiu.net\/wordpress\/wp-content\/uploads\/2021\/01\/flor.mp3<\/a><\/audio>\n","protected":false},"excerpt":{"rendered":"<p>VENEZIA Le curve sono in calo, le rianimazione sotto la soglia critica dei 300 pazienti, il direttore della sanit\u00e0 veneta Luciano Flor lo ha confermato anticipato che se l&#8217;andamento sar\u00e0 questo con il 1 febbraio potrebbe ripartire l&#8217;attivit\u00e0 programmata e la libera professione. IL DOTTOR LUCIANO FLOR<\/p>\n","protected":false},"author":4,"featured_media":185880,"comment_status":"closed","ping_status":"closed","sticky":false,"template":"","format":"standard","meta":{"_monsterinsights_skip_tracking":false,"_monsterinsights_sitenote_active":false,"_monsterinsights_sitenote_note":"","_monsterinsights_sitenote_category":0,"footnotes":""},"categories":[51,49],"tags":[],"class_list":["post-185879","post","type-post","status-publish","format-standard","has-post-thumbnail","hentry","category-evidenza-top","category-news-18","category-51","category-49","description-off"],"img_url":"https:\/\/www.radiopiu.net\/wordpress\/wp-content\/uploads\/2021\/01\/6915583d-a51a-4c18-ad23-bb3e0a4a9c59.jpg","_links":{"self":[{"href":"https:\/\/www.radiopiu.net\/wordpress\/wp-json\/wp\/v2\/posts\/185879","targetHints":{"allow":["GET"]}}],"collection":[{"href":"https:\/\/www.radiopiu.net\/wordpress\/wp-json\/wp\/v2\/posts"}],"about":[{"href":"https:\/\/www.radiopiu.net\/wordpress\/wp-json\/wp\/v2\/types\/post"}],"author":[{"embeddable":true,"href":"https:\/\/www.radiopiu.net\/wordpress\/wp-json\/wp\/v2\/users\/4"}],"replies":[{"embeddable":true,"href":"https:\/\/www.radiopiu.net\/wordpress\/wp-json\/wp\/v2\/comments?post=185879"}],"version-history":[{"count":0,"href":"https:\/\/www.radiopiu.net\/wordpress\/wp-json\/wp\/v2\/posts\/185879\/revisions"}],"wp:featuredmedia":[{"embeddable":true,"href":"https:\/\/www.radiopiu.net\/wordpress\/wp-json\/wp\/v2\/media\/185880"}],"wp:attachment":[{"href":"https:\/\/www.radiopiu.net\/wordpress\/wp-json\/wp\/v2\/media?parent=185879"}],"wp:term":[{"taxonomy":"category","embeddable":true,"href":"https:\/\/www.radiopiu.net\/wordpress\/wp-json\/wp\/v2\/categories?post=185879"},{"taxonomy":"post_tag","embeddable":true,"href":"https:\/\/www.radiopiu.net\/wordpress\/wp-json\/wp\/v2\/tags?post=185879"}],"curies":[{"name":"wp","href":"https:\/\/api.w.org\/{rel}","templated":true}]}}