{"id":185923,"date":"2021-01-21T05:26:10","date_gmt":"2021-01-21T04:26:10","guid":{"rendered":"https:\/\/www.radiopiu.net\/wordpress\/?p=185923"},"modified":"2021-01-21T06:04:50","modified_gmt":"2021-01-21T05:04:50","slug":"centro-prelievi-di-agordo-tra-freddo-impalcature-e-cantieri","status":"publish","type":"post","link":"https:\/\/www.radiopiu.net\/wordpress\/centro-prelievi-di-agordo-tra-freddo-impalcature-e-cantieri\/","title":{"rendered":"CENTRO  PRELIEVI DI AGORDO TRA FREDDO, IMPALCATURE E CANTIERI"},"content":{"rendered":"<p><strong>AGORDO<\/strong> Riceviamo e volentieri pubblichiamo l&#8217;intervento del Comitato per l&#8217;Ospedale di Agordo con riferimento alla situazione in cui versa il punto prelievi dell&#8217;Ospedale di Agordo.<\/p>\n<p><a href=\"https:\/\/www.radiopiu.net\/wordpress\/centro-prelievi-di-agordo-tra-freddo-impalcature-e-cantieri\/agordo-situazione-utenti-centro-prelievi-ospedale-civile2\/\" rel=\"attachment wp-att-185925\"><img loading=\"lazy\" decoding=\"async\" class=\"size-medium wp-image-185925 alignleft\" src=\"https:\/\/www.radiopiu.net\/wordpress\/wp-content\/uploads\/2021\/01\/AGORDO-Situazione-utenti-centro-prelievi-ospedale-civile2-300x169.jpg\" alt=\"\" width=\"300\" height=\"169\" srcset=\"https:\/\/www.radiopiu.net\/wordpress\/wp-content\/uploads\/2021\/01\/AGORDO-Situazione-utenti-centro-prelievi-ospedale-civile2-300x169.jpg 300w, https:\/\/www.radiopiu.net\/wordpress\/wp-content\/uploads\/2021\/01\/AGORDO-Situazione-utenti-centro-prelievi-ospedale-civile2-1024x576.jpg 1024w, https:\/\/www.radiopiu.net\/wordpress\/wp-content\/uploads\/2021\/01\/AGORDO-Situazione-utenti-centro-prelievi-ospedale-civile2-768x432.jpg 768w, https:\/\/www.radiopiu.net\/wordpress\/wp-content\/uploads\/2021\/01\/AGORDO-Situazione-utenti-centro-prelievi-ospedale-civile2-1536x864.jpg 1536w, https:\/\/www.radiopiu.net\/wordpress\/wp-content\/uploads\/2021\/01\/AGORDO-Situazione-utenti-centro-prelievi-ospedale-civile2.jpg 1600w\" sizes=\"auto, (max-width: 300px) 100vw, 300px\" \/><\/a>Ecco la &#8220;sala d&#8217;attesa&#8221; del punto prelievi dell&#8217;ospedale di Agordo. Ecco il \u201csolerte\u201d ed efficiente rimedio con cui la direzione strategica dell\u2019Uls1 Dolomiti ha risposto alla protesta per la inaccettabile e vergognosa situazione della \u201csala d\u2019attesa a cielo aperto a -10-12\u00b0\u201d in cui sono \u201cospitati\u201d gli utenti all\u2019entrata del centro prelievi dell\u2019ospedale di Agordo, spostato sul retro dell\u2019edificio con l\u2019avvio dei lavori per la ristrutturazione del Pronto soccorso. Ecco come l\u2019azienda sanitaria si dimostra \u201cvicina\u201d alle legittime esigenze degli agordini, muovendosi come sempre solo dopo la segnalazione fatta dagli organi d\u2019informazione, comportamento purtroppo non nuovo, che non smentisce un consolidato atteggiamento di disinteresse e insensibilit\u00e0. Sar\u00e0 anche un piccolo esempio, quello di queste foto \u2013 per noi invece di estrema gravit\u00e0 \u2013 con la visione di quelle persone, spesso anziane, costrette ad aspettare all\u2019esterno, con temperature in questi giorni molto basse, prima di entrare al centro per effettuare il prelievo. Sono arrivati dunque i &#8220;funghi&#8221;, che non possono comunque essere la soluzione del problema visto che, per sentire un po&#8217; di caldo, le persone devono stare vicino al palo il che contrasta con le regole del distanziamento. L\u2019immagine documenta la situazione di\u00a0 mercoled\u00ec 20, alle 8.50, tra l&#8217;altro con i funghi ancora spenti non si sa se perch\u00e9 nessuno li ha accesi o, forse, perch\u00e9 fosse finito il gas nelle bombole. Riteniamo pertanto grave che l\u2019Uls non abbia considerato tempestivamente che l&#8217;apertura del cantiere per i lavori del nuovo PS implicava lo spostamento del laboratorio e del centro prelievi in altro luogo funzionale alle necessit\u00e0 dell&#8217;utenza e del servizio stesso. Si \u00e8 affrontato il problema solo a 15 giorni dall&#8217;apertura del cantiere con soluzioni raffazzonate che dovevano essere provvisorie, ma che di fatto non sono pi\u00f9 state riprese per sistemare le cose in modo definitivo. Sottolineiamo poi che la giustificazione degli accessi programmati a orari predefiniti, accampati dalla direzione, non pu\u00f2 essere accettata in quanto spesso gli utenti del laboratorio sono accompagnati da familiari che hanno essi stessi problemi di lavoro e quant&#8217;altro, per cui pensare che tutti possano presentarsi all&#8217;ora esatta dell&#8217;appuntamento per evitare la fila \u00e8 semplicemente utopistico. Oltre al freddo non va trascurato il problema della presenza del cantiere con impalcature, scavi e scarichi a cielo aperto (anche dell&#8217;autoclave della sala operatoria) proprio in prossimit\u00e0 dell&#8217;ingresso del centro prelievi, che ora \u00e8 vicino alla cella mortuaria. Senza dimenticare gli ulteriori disagi che ci saranno con l\u2019inizio delle trivellazioni, sempre in prossimit\u00e0 dell&#8217;ingresso, per il consolidamento antisismico dell&#8217;ala est. Non possiamo poi dimenticare di rimarcare nuovamente il disagio in cui \u00e8 costretto <a href=\"https:\/\/www.radiopiu.net\/wordpress\/centro-prelievi-di-agordo-tra-freddo-impalcature-e-cantieri\/agordo-situazione-utenti-centro-prelievi-ospedale-civile1\/\" rel=\"attachment wp-att-185924\"><img loading=\"lazy\" decoding=\"async\" class=\"size-medium wp-image-185924 alignright\" src=\"https:\/\/www.radiopiu.net\/wordpress\/wp-content\/uploads\/2021\/01\/AGORDO-Situazione-utenti-centro-prelievi-ospedale-civile1-300x169.jpg\" alt=\"\" width=\"300\" height=\"169\" srcset=\"https:\/\/www.radiopiu.net\/wordpress\/wp-content\/uploads\/2021\/01\/AGORDO-Situazione-utenti-centro-prelievi-ospedale-civile1-300x169.jpg 300w, https:\/\/www.radiopiu.net\/wordpress\/wp-content\/uploads\/2021\/01\/AGORDO-Situazione-utenti-centro-prelievi-ospedale-civile1-1024x576.jpg 1024w, https:\/\/www.radiopiu.net\/wordpress\/wp-content\/uploads\/2021\/01\/AGORDO-Situazione-utenti-centro-prelievi-ospedale-civile1-768x432.jpg 768w, https:\/\/www.radiopiu.net\/wordpress\/wp-content\/uploads\/2021\/01\/AGORDO-Situazione-utenti-centro-prelievi-ospedale-civile1-1536x864.jpg 1536w, https:\/\/www.radiopiu.net\/wordpress\/wp-content\/uploads\/2021\/01\/AGORDO-Situazione-utenti-centro-prelievi-ospedale-civile1.jpg 1600w\" sizes=\"auto, (max-width: 300px) 100vw, 300px\" \/><\/a>ad operare il personale per il fatto che i prelievi vengono effettuati al centro trasfusionale (che ha ripreso l\u2019attivit\u00e0 per cui per due marted\u00ec al mese sar\u00e0 sospeso il servizio per l\u2019utenza esterna), mentre il laboratorio \u00e8 da tutt&#8217;altra parte. Il personale \u00e8 costretto a passare continuamente all&#8217;esterno dell&#8217;ospedale tanto pi\u00f9 in questa situazione meteorologica. I due tecnici di laboratorio continuano, inoltre, a lavorare in una situazione inaccettabile: hanno due piccole stanze, non hanno n\u00e9 un piano di appoggio, n\u00e9 un lavandino. Personale che in questi giorni si vede ingiustamente oggetto delle rimostranze (che andrebbero invece alla direzione strategica) degli utenti, del resto comprensibilmente costretti ad attendere in condizioni tutt\u2019altro che\u2026 salutari. Tutto questo mentre l\u2019Uls ha confermato l\u2019ennesimo \u201ctaglio\u201d ai servizi dell\u2019ospedale di Agordo con l\u2019ulteriore riduzione dell\u2019orario dei medici di radiologia. Ancora una volta riteniamo necessaria una costante e pi\u00f9 concreta vigilanza di tutti: utenti, cittadini, loro rappresentanti istituzionali (quando i sindaci agordini faranno finalmente sentire la loro voce anche sul problema vitale della sanit\u00e0 in vallata, oltre che del turismo e dell\u2019economia?), nella consapevolezza dell&#8217;importanza di avere personale e strutture adeguate sul territorio. Mentre la conclamata \u201ceccellenza sanitaria veneta\u201d ci fa oggi pagare i troppi anni in cui si \u00e8 pensato che il modello privatistico era migliore, pi\u00f9 efficiente, meno costoso. Paghiamo la malsana idea che era meglio puntare sulle grandi eccellenze, che danno senz&#8217;altro pi\u00f9 visibilit\u00e0 e prestigio pure ai medici, destinando risorse residuali a tutto il sistema della sanit\u00e0 &#8220;ordinaria&#8221;.<\/p>\n","protected":false},"excerpt":{"rendered":"<p>AGORDO Riceviamo e volentieri pubblichiamo l&#8217;intervento del Comitato per l&#8217;Ospedale di Agordo con riferimento alla situazione in cui versa il punto prelievi dell&#8217;Ospedale di Agordo. Ecco la &#8220;sala d&#8217;attesa&#8221; del punto prelievi dell&#8217;ospedale di Agordo. Ecco il \u201csolerte\u201d ed efficiente rimedio con cui la direzione strategica dell\u2019Uls1 Dolomiti ha risposto alla protesta per la inaccettabile&hellip;<\/p>\n","protected":false},"author":4,"featured_media":185924,"comment_status":"closed","ping_status":"closed","sticky":false,"template":"","format":"standard","meta":{"_monsterinsights_skip_tracking":false,"_monsterinsights_sitenote_active":false,"_monsterinsights_sitenote_note":"","_monsterinsights_sitenote_category":0,"footnotes":""},"categories":[51,49],"tags":[],"class_list":["post-185923","post","type-post","status-publish","format-standard","has-post-thumbnail","hentry","category-evidenza-top","category-news-18","category-51","category-49","description-off"],"img_url":"https:\/\/www.radiopiu.net\/wordpress\/wp-content\/uploads\/2021\/01\/AGORDO-Situazione-utenti-centro-prelievi-ospedale-civile1.jpg","_links":{"self":[{"href":"https:\/\/www.radiopiu.net\/wordpress\/wp-json\/wp\/v2\/posts\/185923","targetHints":{"allow":["GET"]}}],"collection":[{"href":"https:\/\/www.radiopiu.net\/wordpress\/wp-json\/wp\/v2\/posts"}],"about":[{"href":"https:\/\/www.radiopiu.net\/wordpress\/wp-json\/wp\/v2\/types\/post"}],"author":[{"embeddable":true,"href":"https:\/\/www.radiopiu.net\/wordpress\/wp-json\/wp\/v2\/users\/4"}],"replies":[{"embeddable":true,"href":"https:\/\/www.radiopiu.net\/wordpress\/wp-json\/wp\/v2\/comments?post=185923"}],"version-history":[{"count":0,"href":"https:\/\/www.radiopiu.net\/wordpress\/wp-json\/wp\/v2\/posts\/185923\/revisions"}],"wp:featuredmedia":[{"embeddable":true,"href":"https:\/\/www.radiopiu.net\/wordpress\/wp-json\/wp\/v2\/media\/185924"}],"wp:attachment":[{"href":"https:\/\/www.radiopiu.net\/wordpress\/wp-json\/wp\/v2\/media?parent=185923"}],"wp:term":[{"taxonomy":"category","embeddable":true,"href":"https:\/\/www.radiopiu.net\/wordpress\/wp-json\/wp\/v2\/categories?post=185923"},{"taxonomy":"post_tag","embeddable":true,"href":"https:\/\/www.radiopiu.net\/wordpress\/wp-json\/wp\/v2\/tags?post=185923"}],"curies":[{"name":"wp","href":"https:\/\/api.w.org\/{rel}","templated":true}]}}