{"id":185935,"date":"2021-01-22T05:37:34","date_gmt":"2021-01-22T04:37:34","guid":{"rendered":"https:\/\/www.radiopiu.net\/wordpress\/?p=185935"},"modified":"2021-01-22T06:06:23","modified_gmt":"2021-01-22T05:06:23","slug":"ra-ulss1bl","status":"publish","type":"post","link":"https:\/\/www.radiopiu.net\/wordpress\/ra-ulss1bl\/","title":{"rendered":"DIMINUISCE LA PRESSIONE SULLE STRUTTURE OSPEDALIERE. NESSUN DECESSO NELLE 24 ORE"},"content":{"rendered":"<p><strong>BELLUNO\u00a0 Nessun decesso, 40 casi di positivit\u00e0 nelle ultime 24 ore. Sei i pazienti in terapia intensiva, in calo anche i ricoveri: 41 a Belluno, 38 a Feltre, 16 nei due ospedali di comunit\u00e0 di Belluno e Feltre<\/strong><\/p>\n<hr \/>\n<p><span style=\"font-size: medium;\">\u00a0<\/span><\/p>\n<p><strong><span style=\"font-size: medium;\">L\u2019ulss Dolomiti fa il quadro della situazione ad oggi sull\u2019evoluzione dell\u2019epidemia Covid in provincia. <\/span><span style=\"font-size: medium;\">Come rappresentato dal grafico sotto riportato della curva epidemica delle seconda fase dello sviluppo pandemico nel nostro territorio, l\u2019andamento dei contagi conferma un trend in calo. <\/span><span style=\"font-size: medium;\">A questa mattina alle ore 8.00, dall\u2019inizio dell\u2019epidemia, sono stati effettuati oltre 187 mila tamponi molecolari e 123 mila tamponi antigenici. <\/span><span style=\"font-size: medium;\">Attualmente vengono eseguiti <\/span><span style=\"font-size: medium;\">1.000-1.200 tamponi antigenici rapidi<\/span><span style=\"font-size: medium;\"> al giorno e <\/span><span style=\"font-size: medium;\">700 -800 tamponi molecolari <\/span><span style=\"font-size: medium;\">al giorno<\/span><span style=\"font-size: medium;\">. <\/span><span style=\"font-size: medium;\">La pressione sulle strutture ospedaliere sta evidentemente diminuendo, attestandosi nella fase di rischio 4 nelle matrice regionale (vedi grafici successivi) con il confronto tra il dato odierno e quello di 6 settimane fa ( 13 dicembre 2020)<\/span><\/strong><\/p>\n<p>L&#8217;INTERO DOCUMENTO<\/p>\n<p><a href=\"https:\/\/www.radiopiu.net\/wordpress\/ancora-4-decessi-curve-in-discesa-e-ad-agordo-via-libera-allortopedia-nellospedale-libero-dal-virus\/041_punto-covid_2-2\/\" rel=\"attachment wp-att-186139\">041_punto covid_2-2<\/a><\/p>\n<p>&nbsp;<\/p>\n<p>&nbsp;<\/p>\n<hr \/>\n<p>&nbsp;<\/p>\n<p>&nbsp;<\/p>\n<p><span style=\"color: #8064a2;\"><span style=\"font-size: medium;\"><b>DRIVE IN TAMPONI <\/b><\/span><\/span><span style=\"font-size: medium;\"><b>Dal 23 gennaio 2021<\/b><\/span><span style=\"font-size: medium;\">, quindi, i drive-in tamponi dell\u2019Ulss Dolomiti saranno attivi nelle seguenti sedi ed orari: <\/span><b style=\"font-size: large;\">Distretto 1 Belluno <\/b><span style=\"font-size: medium;\"><b>Alpago &#8211; Zona Industriale PALUDI- <\/b><\/span><span style=\"font-size: medium;\"> via delle Industrie, 10 <\/span><span style=\"font-size: medium;\">dal luned\u00ec al venerd\u00ec dalle 8.30 alle 17.30 <\/span><span style=\"font-size: medium;\">sabato e festivi dalle 8.30 alle 12.30 <\/span><span style=\"font-size: medium;\"><b>Tai di Cadore<\/b><\/span><span style=\"font-size: medium;\"> &#8211; Piazzale Dolomiti<\/span><span style=\"font-size: medium;\">marted\u00ec, gioved\u00ec, sabato \u2013 dalle 15.00 alle 17.00 <\/span><span style=\"font-size: medium;\"><b>Agordo<\/b><\/span><span style=\"font-size: medium;\"> -Piazzale Tamonich <\/span><span style=\"font-size: medium;\">luned\u00ec, mercoled\u00ec, venerd\u00ec\u2013 dalle 15.00 alle 17.00 <\/span><b style=\"font-size: large;\">Distretto 2 Feltre<\/b><span style=\"font-size: medium;\"><b>Feltre<\/b><\/span><span style=\"font-size: medium;\"> &#8211; Via delle Industrie \u2013 Peschiera (ex- Marangoni)<\/span><span style=\"font-size: medium;\">dal luned\u00ec al sabato dalle 8.30 alle 12.30.<\/span><i><\/i><\/p>\n","protected":false},"excerpt":{"rendered":"<p>BELLUNO\u00a0 Nessun decesso, 40 casi di positivit\u00e0 nelle ultime 24 ore. Sei i pazienti in terapia intensiva, in calo anche i ricoveri: 41 a Belluno, 38 a Feltre, 16 nei due ospedali di comunit\u00e0 di Belluno e Feltre \u00a0 L\u2019ulss Dolomiti fa il quadro della situazione ad oggi sull\u2019evoluzione dell\u2019epidemia Covid in provincia. Come rappresentato&hellip;<\/p>\n","protected":false},"author":4,"featured_media":121260,"comment_status":"closed","ping_status":"closed","sticky":false,"template":"","format":"standard","meta":{"_monsterinsights_skip_tracking":false,"_monsterinsights_sitenote_active":false,"_monsterinsights_sitenote_note":"","_monsterinsights_sitenote_category":0,"footnotes":""},"categories":[51,49],"tags":[],"class_list":["post-185935","post","type-post","status-publish","format-standard","has-post-thumbnail","hentry","category-evidenza-top","category-news-18","category-51","category-49","description-off"],"img_url":"https:\/\/www.radiopiu.net\/wordpress\/wp-content\/uploads\/2020\/03\/covid-ulss.jpg","_links":{"self":[{"href":"https:\/\/www.radiopiu.net\/wordpress\/wp-json\/wp\/v2\/posts\/185935","targetHints":{"allow":["GET"]}}],"collection":[{"href":"https:\/\/www.radiopiu.net\/wordpress\/wp-json\/wp\/v2\/posts"}],"about":[{"href":"https:\/\/www.radiopiu.net\/wordpress\/wp-json\/wp\/v2\/types\/post"}],"author":[{"embeddable":true,"href":"https:\/\/www.radiopiu.net\/wordpress\/wp-json\/wp\/v2\/users\/4"}],"replies":[{"embeddable":true,"href":"https:\/\/www.radiopiu.net\/wordpress\/wp-json\/wp\/v2\/comments?post=185935"}],"version-history":[{"count":0,"href":"https:\/\/www.radiopiu.net\/wordpress\/wp-json\/wp\/v2\/posts\/185935\/revisions"}],"wp:featuredmedia":[{"embeddable":true,"href":"https:\/\/www.radiopiu.net\/wordpress\/wp-json\/wp\/v2\/media\/121260"}],"wp:attachment":[{"href":"https:\/\/www.radiopiu.net\/wordpress\/wp-json\/wp\/v2\/media?parent=185935"}],"wp:term":[{"taxonomy":"category","embeddable":true,"href":"https:\/\/www.radiopiu.net\/wordpress\/wp-json\/wp\/v2\/categories?post=185935"},{"taxonomy":"post_tag","embeddable":true,"href":"https:\/\/www.radiopiu.net\/wordpress\/wp-json\/wp\/v2\/tags?post=185935"}],"curies":[{"name":"wp","href":"https:\/\/api.w.org\/{rel}","templated":true}]}}