{"id":185959,"date":"2021-01-21T05:20:04","date_gmt":"2021-01-21T04:20:04","guid":{"rendered":"https:\/\/www.radiopiu.net\/wordpress\/?p=185959"},"modified":"2021-01-21T06:06:48","modified_gmt":"2021-01-21T05:06:48","slug":"il-pd-mina-la-tranquillita-della-gente-con-notizie-non-vere","status":"publish","type":"post","link":"https:\/\/www.radiopiu.net\/wordpress\/il-pd-mina-la-tranquillita-della-gente-con-notizie-non-vere\/","title":{"rendered":"IL PD MINA LA TRANQUILLITA&#8217; DELLA GENTE CON NOTIZIE NON VERE"},"content":{"rendered":"<p>BELLUNO Dopo la presa di posizione del PD con la segretaria Monica Lotto interviene l&#8217;assessore regionale Gianpaolo Bottacin contestando le dichiarazioni. Se \u00e8 vero che la Ulss1 \u00e8 esclusa dal concorso dei 141 anestesiti &#8211; come ha fatto notare l&#8217;ordine del medici di Belluno &#8211; \u00e8 anche vero che la Ulss (vedi sotto) ha previsto un concorso. Per questo Bottacin ribatte:<\/p>\n<audio class=\"wp-audio-shortcode\" id=\"audio-185959-1\" preload=\"none\" style=\"width: 100%;\" controls=\"controls\"><source type=\"audio\/mpeg\" src=\"https:\/\/www.radiopiu.net\/wordpress\/wp-content\/uploads\/2021\/01\/gianpaolo.mp3?_=1\" \/><a href=\"https:\/\/www.radiopiu.net\/wordpress\/wp-content\/uploads\/2021\/01\/gianpaolo.mp3\">https:\/\/www.radiopiu.net\/wordpress\/wp-content\/uploads\/2021\/01\/gianpaolo.mp3<\/a><\/audio>\n<p>&nbsp;<\/p>\n<p>&nbsp;<\/p>\n<p><strong>DALLA ULSS1<\/strong> <span style=\"font-size: medium;\">Per sopperire alla carenza di medici anestesisti e rianimatori in Ulss Dolomiti, il 9 dicembre 2020 sono state avviate le procedure per l\u2019assunzione di 15 medici complessivi nella disciplina di anestesia e rianimazione. <\/span><span style=\"font-size: medium;\">Il 17 dicembre \u00e8 stata indetto, con deliberazione del Direttore Generale, un avviso pubblico di mobilit\u00e0 di medici rianimatori da altre aziende. Al bando, con scadenza 18 gennaio 2021, ha risposto 1 medico. <\/span><span style=\"font-size: medium;\">Una volta esaurite queste procedure, \u00e8 ora possibile procedere con l\u2019indizione del concorso. <\/span><span style=\"font-size: medium;\">L\u2019Ulss Dolomiti attiver\u00e0 ora ed espleter\u00e0 con sollecitudine un concorso specifico per le esigenze di copertura del proprio organico di anestesisti.<\/span><\/p>\n","protected":false},"excerpt":{"rendered":"<p>BELLUNO Dopo la presa di posizione del PD con la segretaria Monica Lotto interviene l&#8217;assessore regionale Gianpaolo Bottacin contestando le dichiarazioni. Se \u00e8 vero che la Ulss1 \u00e8 esclusa dal concorso dei 141 anestesiti &#8211; come ha fatto notare l&#8217;ordine del medici di Belluno &#8211; \u00e8 anche vero che la Ulss (vedi sotto) ha previsto&hellip;<\/p>\n","protected":false},"author":4,"featured_media":181829,"comment_status":"closed","ping_status":"closed","sticky":false,"template":"","format":"standard","meta":{"_monsterinsights_skip_tracking":false,"_monsterinsights_sitenote_active":false,"_monsterinsights_sitenote_note":"","_monsterinsights_sitenote_category":0,"footnotes":""},"categories":[51,49],"tags":[],"class_list":["post-185959","post","type-post","status-publish","format-standard","has-post-thumbnail","hentry","category-evidenza-top","category-news-18","category-51","category-49","description-off"],"img_url":"https:\/\/www.radiopiu.net\/wordpress\/wp-content\/uploads\/2020\/12\/BOTTACIN-MASCHERINA.png","_links":{"self":[{"href":"https:\/\/www.radiopiu.net\/wordpress\/wp-json\/wp\/v2\/posts\/185959","targetHints":{"allow":["GET"]}}],"collection":[{"href":"https:\/\/www.radiopiu.net\/wordpress\/wp-json\/wp\/v2\/posts"}],"about":[{"href":"https:\/\/www.radiopiu.net\/wordpress\/wp-json\/wp\/v2\/types\/post"}],"author":[{"embeddable":true,"href":"https:\/\/www.radiopiu.net\/wordpress\/wp-json\/wp\/v2\/users\/4"}],"replies":[{"embeddable":true,"href":"https:\/\/www.radiopiu.net\/wordpress\/wp-json\/wp\/v2\/comments?post=185959"}],"version-history":[{"count":0,"href":"https:\/\/www.radiopiu.net\/wordpress\/wp-json\/wp\/v2\/posts\/185959\/revisions"}],"wp:featuredmedia":[{"embeddable":true,"href":"https:\/\/www.radiopiu.net\/wordpress\/wp-json\/wp\/v2\/media\/181829"}],"wp:attachment":[{"href":"https:\/\/www.radiopiu.net\/wordpress\/wp-json\/wp\/v2\/media?parent=185959"}],"wp:term":[{"taxonomy":"category","embeddable":true,"href":"https:\/\/www.radiopiu.net\/wordpress\/wp-json\/wp\/v2\/categories?post=185959"},{"taxonomy":"post_tag","embeddable":true,"href":"https:\/\/www.radiopiu.net\/wordpress\/wp-json\/wp\/v2\/tags?post=185959"}],"curies":[{"name":"wp","href":"https:\/\/api.w.org\/{rel}","templated":true}]}}