{"id":185965,"date":"2021-01-21T05:10:13","date_gmt":"2021-01-21T04:10:13","guid":{"rendered":"https:\/\/www.radiopiu.net\/wordpress\/?p=185965"},"modified":"2021-01-21T05:10:13","modified_gmt":"2021-01-21T04:10:13","slug":"la-nuova-sede-della-polizia-postale","status":"publish","type":"post","link":"https:\/\/www.radiopiu.net\/wordpress\/la-nuova-sede-della-polizia-postale\/","title":{"rendered":"LA NUOVA SEDE DELLA POLIZIA POSTALE"},"content":{"rendered":"<p><strong><a href=\"https:\/\/www.radiopiu.net\/wordpress\/zaino-in-spalla-estate-2017-di-claudio-pra_eva-gabrieli-aggiornamento-pagina-quotidiano\/postale\/\" rel=\"attachment wp-att-34792\"><img loading=\"lazy\" decoding=\"async\" class=\" wp-image-34792 alignleft\" src=\"https:\/\/www.radiopiu.net\/wordpress\/wp-content\/uploads\/2017\/07\/postale-300x200.jpg\" alt=\"\" width=\"234\" height=\"156\" \/><\/a>BELLUNO<\/strong> Nuovi spazi sono stati messi a disposizione della Polizia Postale e delle Comunicazioni di Belluno dalla societ\u00e0 Poste Italiane al secondo piano nella sede dell\u2019Edificio Centrale di\u00a0 Piazza Castello. Oggi i nuovi locali saranno inaugurati alla presenza delle Autorit\u00e0 Locali,\u00a0 Prefetto,\u00a0 Questore e Dirigente del Compartimento di Venezia. La nuova collocazione degli uffici della Specialit\u00e0 Polizia Postale consentir\u00e0 al pubblico di raggiungere con maggior facilit\u00e0 i locali ove presentare denunce o effettuare segnalazioni in tema di criminalit\u00e0 informatica. Tali competenze, riguardano in particolare il mondo del web, mai come in questo periodo oggetto di attivit\u00e0 illecita, dall\u2019utilizzo dei social-network (cyber-bullismo), senza tralasciare il campo dell\u2019hacking alle infrastrutture critiche. Particolare professionalit\u00e0 la Polizia Postale e delle Comunicazioni la offre nel settore del contrasto allo sfruttamento sessuale dei minori online effettuando un costante monitoraggio della rete alla ricerca di eventuali adescatori di minorenni e alla condivisione di immagini vietate. La Sezione inoltre \u00e8 vicina anche al mondo della scuola ed alle varie associazioni con interventi mirati dove vengono esposti i pericoli del web.<\/p>\n<blockquote><p><em>Le informazioni sugli orari di apertura saranno disponibili sul sito della Questura di Belluno https:\/\/questure.poliziadistato.it\/it\/Belluno, si potranno presentare le denunce compilate on line sul sito della Polizia Postale www.commissariatodipsonline.it.<\/em><\/p><\/blockquote>\n","protected":false},"excerpt":{"rendered":"<p>BELLUNO Nuovi spazi sono stati messi a disposizione della Polizia Postale e delle Comunicazioni di Belluno dalla societ\u00e0 Poste Italiane al secondo piano nella sede dell\u2019Edificio Centrale di\u00a0 Piazza Castello. Oggi i nuovi locali saranno inaugurati alla presenza delle Autorit\u00e0 Locali,\u00a0 Prefetto,\u00a0 Questore e Dirigente del Compartimento di Venezia. La nuova collocazione degli uffici della&hellip;<\/p>\n","protected":false},"author":4,"featured_media":114649,"comment_status":"closed","ping_status":"closed","sticky":false,"template":"","format":"standard","meta":{"_monsterinsights_skip_tracking":false,"_monsterinsights_sitenote_active":false,"_monsterinsights_sitenote_note":"","_monsterinsights_sitenote_category":0,"footnotes":""},"categories":[51,49],"tags":[],"class_list":["post-185965","post","type-post","status-publish","format-standard","has-post-thumbnail","hentry","category-evidenza-top","category-news-18","category-51","category-49","description-off"],"img_url":"https:\/\/www.radiopiu.net\/wordpress\/wp-content\/uploads\/2020\/01\/postale-10.jpg","_links":{"self":[{"href":"https:\/\/www.radiopiu.net\/wordpress\/wp-json\/wp\/v2\/posts\/185965","targetHints":{"allow":["GET"]}}],"collection":[{"href":"https:\/\/www.radiopiu.net\/wordpress\/wp-json\/wp\/v2\/posts"}],"about":[{"href":"https:\/\/www.radiopiu.net\/wordpress\/wp-json\/wp\/v2\/types\/post"}],"author":[{"embeddable":true,"href":"https:\/\/www.radiopiu.net\/wordpress\/wp-json\/wp\/v2\/users\/4"}],"replies":[{"embeddable":true,"href":"https:\/\/www.radiopiu.net\/wordpress\/wp-json\/wp\/v2\/comments?post=185965"}],"version-history":[{"count":0,"href":"https:\/\/www.radiopiu.net\/wordpress\/wp-json\/wp\/v2\/posts\/185965\/revisions"}],"wp:featuredmedia":[{"embeddable":true,"href":"https:\/\/www.radiopiu.net\/wordpress\/wp-json\/wp\/v2\/media\/114649"}],"wp:attachment":[{"href":"https:\/\/www.radiopiu.net\/wordpress\/wp-json\/wp\/v2\/media?parent=185965"}],"wp:term":[{"taxonomy":"category","embeddable":true,"href":"https:\/\/www.radiopiu.net\/wordpress\/wp-json\/wp\/v2\/categories?post=185965"},{"taxonomy":"post_tag","embeddable":true,"href":"https:\/\/www.radiopiu.net\/wordpress\/wp-json\/wp\/v2\/tags?post=185965"}],"curies":[{"name":"wp","href":"https:\/\/api.w.org\/{rel}","templated":true}]}}