{"id":186011,"date":"2021-01-21T12:25:51","date_gmt":"2021-01-21T11:25:51","guid":{"rendered":"https:\/\/www.radiopiu.net\/wordpress\/?p=186011"},"modified":"2021-01-21T13:40:52","modified_gmt":"2021-01-21T12:40:52","slug":"il-presidente-del-veneto-luca-zaia-fa-il-punto-sullemergenza-covid-19-3","status":"publish","type":"post","link":"https:\/\/www.radiopiu.net\/wordpress\/il-presidente-del-veneto-luca-zaia-fa-il-punto-sullemergenza-covid-19-3\/","title":{"rendered":"SCUOLA: NESSUNA SOSPENSIVA DAL TAR  conferenza stampa di Luca Zaia &#8220;LA TERZA ONDATA E&#8217; GIA&#8217; ARRIVATA E ABBIAMO DATO&#8221;"},"content":{"rendered":"<p><strong>VENEZIA<\/strong> n diretta da Marghera, sede della Protezione Civile, il presidente del Veneto Luca Zaia,\u00a0 il punto sull&#8217;emergenza Covid-19<\/p>\n<p><strong>I NUMERI<\/strong> TAMPONI MOLECOLARI 3630227 TAMPONI RAPIDI 2360042 TOTALE TAMPONI IERI35.952\u00a0 POSITIVI 1300 INCIDENZA POSITIVI-TAMPONI 2,78% POSITIVI ATTUALI 53557 TOTALE POSITIVI DAL 21 FEBBRAIO 302489 RICOVERATI 2798 AREA NON CRITICA 2465 (-95)\u00a0 TERAPIA INTENSIVA 333 (-5) DECESSI 8364, 108 NELLE ULTIME 24 ORE\u00a0 DIMESSI 13323 (+140)<\/p>\n<p>&nbsp;<\/p>\n<blockquote>\n<h2>LEGGI LA CONFERENZA STAMPA DI LUCA ZAIA<\/h2>\n<\/blockquote>\n<p><strong><em>Il Tar del Veneto\u00a0 ha respinto l&#8217;istanza di sospensiva presentata da 17 genitori contro l&#8217;ordinanza della Regione: didattica solo a distanza per le superiori fino al 31 gennaio. La terza ondata? Qui \u00e8 gi\u00e0 arrivata e siamo stati fortunati poteva arrivare in momenti peggiori.<\/em><\/strong><\/p>\n<p>Sono preoccupato perch\u00e9 qualcuno non pensi che il problema sia risolto. Il tema della vaccinazione ci porta ad un&#8217;altra settimana di rallentamenti e non aiuta, volevamo chiudere per gennaio tutta la partita degli operatori sanit\u00e0 e case di riposo per passare poi alle categorie essenziali e ultra 75enne (abbassato dal precedente 80). Il Tar non ha dato la sospensione, credo che i giudici amministrativi abbiano valutato fino in fondo la nostra memoria e che le motivazioni di questa decisione ci siano tutte, qui non si fanno le ordinanze per partito preso. Il Tar ha valutato la nostra memoria ed \u00e8 la dimostrazione che qui non si fanno le ordinanze per partito preso. Abbiamo sempre molti cittadini che ci chiedono di continuare con la didattica a distanza. Non cantiamo vittoria non abbiamo nulla da festeggiare. Le uniche cose da festeggiare sono la riapertura della scuola e la fine della pandemia. Mi dispiace che sulla scuola qualcuno ne abbia fatto una polemica politica. Qui si fanno polemiche su tutto anche sui pannoloni e questo non fa crescere il Veneto. Dobbiamo invece fare squadra. Quando arriver\u00e0 il giorno del ritorno in classe ci sar\u00e0 anche un gruppo di genitori che chieder\u00e0 la continuazione della didattica a distanza. Siamo qui anche per difendere chi non torner\u00e0 a scuola, ragazzi fragili dal punto di vista della salute o che vivono con malati oncologici o situazioni comunque di questa gravit\u00e0. Faremo una valutazione a 360 gradi,\u00a0 l&#8217;ordinanza\u00a0 scade tra 10 giorni, se il trend viene rispettato caleranno i ricoveri. <strong>DOMANI IL GIORNO DELLA COLORAZIONE<\/strong> Noi non abbiamo mai avuto un colore diverso dal giallo, i nostri parametri sono sempre stati da giallo.\u00a0 La Sicilia dopo aver chiesto l&#8217;arancione ora chiede il rosso come a Natale, significa che le restrizioni non hanno funzionato. Io credo che qui la terza ondata sia gi\u00e0 arrivata perch\u00e9 abbiamo dato tanto il Veneto s&#8217;\u00e8 preso una &#8220;sventolata&#8221; nell&#8217;ultimo mese e mezzo con numeri alti dei ricoveri e della mortalit\u00e0. VACCINI Tra 15 giorni spero si torni a regime. Se Pfizer vorr\u00e0 produrre sul territorio noi siamo qui e ci sono imprenditori disponibili a collaborare. <strong>TRE DECESSI NELLA FAMIGLIA DI MIRA<\/strong>\u00a0 ho chiesto la sequenzazione dei virus, per chiarezza. <strong>AUTONOMIA<\/strong> Appena finisce la pandemia torniamo in mimetica perch\u00e9 la vogliamo. <strong>SCI ALPINISTI<\/strong>\u00a0 Possono andare dove vogliono anche in zona arancione \u00e8 previsto il trasferimento per poter praticare la disciplina, quindi in montagna. Credo ci sia una Faq in proposito.<\/p>\n<p><a href=\"https:\/\/www.facebook.com\/zaiaufficiale\/videos\/1031293774045253\">https:\/\/www.facebook.com\/zaiaufficiale\/videos\/1031293774045253<\/a><\/p>\n<p>&nbsp;<\/p>\n<p>&nbsp;<\/p>\n","protected":false},"excerpt":{"rendered":"<p>VENEZIA n diretta da Marghera, sede della Protezione Civile, il presidente del Veneto Luca Zaia,\u00a0 il punto sull&#8217;emergenza Covid-19 I NUMERI TAMPONI MOLECOLARI 3630227 TAMPONI RAPIDI 2360042 TOTALE TAMPONI IERI35.952\u00a0 POSITIVI 1300 INCIDENZA POSITIVI-TAMPONI 2,78% POSITIVI ATTUALI 53557 TOTALE POSITIVI DAL 21 FEBBRAIO 302489 RICOVERATI 2798 AREA NON CRITICA 2465 (-95)\u00a0 TERAPIA INTENSIVA 333 (-5)&hellip;<\/p>\n","protected":false},"author":4,"featured_media":139388,"comment_status":"closed","ping_status":"closed","sticky":false,"template":"","format":"standard","meta":{"_monsterinsights_skip_tracking":false,"_monsterinsights_sitenote_active":false,"_monsterinsights_sitenote_note":"","_monsterinsights_sitenote_category":0,"footnotes":""},"categories":[51,49],"tags":[],"class_list":["post-186011","post","type-post","status-publish","format-standard","has-post-thumbnail","hentry","category-evidenza-top","category-news-18","category-51","category-49","description-off"],"img_url":"https:\/\/www.radiopiu.net\/wordpress\/wp-content\/uploads\/2020\/05\/ZAIA-1.jpg","_links":{"self":[{"href":"https:\/\/www.radiopiu.net\/wordpress\/wp-json\/wp\/v2\/posts\/186011","targetHints":{"allow":["GET"]}}],"collection":[{"href":"https:\/\/www.radiopiu.net\/wordpress\/wp-json\/wp\/v2\/posts"}],"about":[{"href":"https:\/\/www.radiopiu.net\/wordpress\/wp-json\/wp\/v2\/types\/post"}],"author":[{"embeddable":true,"href":"https:\/\/www.radiopiu.net\/wordpress\/wp-json\/wp\/v2\/users\/4"}],"replies":[{"embeddable":true,"href":"https:\/\/www.radiopiu.net\/wordpress\/wp-json\/wp\/v2\/comments?post=186011"}],"version-history":[{"count":0,"href":"https:\/\/www.radiopiu.net\/wordpress\/wp-json\/wp\/v2\/posts\/186011\/revisions"}],"wp:featuredmedia":[{"embeddable":true,"href":"https:\/\/www.radiopiu.net\/wordpress\/wp-json\/wp\/v2\/media\/139388"}],"wp:attachment":[{"href":"https:\/\/www.radiopiu.net\/wordpress\/wp-json\/wp\/v2\/media?parent=186011"}],"wp:term":[{"taxonomy":"category","embeddable":true,"href":"https:\/\/www.radiopiu.net\/wordpress\/wp-json\/wp\/v2\/categories?post=186011"},{"taxonomy":"post_tag","embeddable":true,"href":"https:\/\/www.radiopiu.net\/wordpress\/wp-json\/wp\/v2\/tags?post=186011"}],"curies":[{"name":"wp","href":"https:\/\/api.w.org\/{rel}","templated":true}]}}