{"id":186049,"date":"2021-01-21T13:28:27","date_gmt":"2021-01-21T12:28:27","guid":{"rendered":"https:\/\/www.radiopiu.net\/wordpress\/?p=186049"},"modified":"2021-01-21T13:39:20","modified_gmt":"2021-01-21T12:39:20","slug":"chiusura-a-fasce-per-la-provinciale-3-di-val-imperina","status":"publish","type":"post","link":"https:\/\/www.radiopiu.net\/wordpress\/chiusura-a-fasce-per-la-provinciale-3-di-val-imperina\/","title":{"rendered":"CHIUSURA A FASCE ORARIE PER LA PROVINCIALE 3 DI VAL IMPERINA"},"content":{"rendered":"<p><strong><img loading=\"lazy\" decoding=\"async\" class=\"alignleft\" src=\"https:\/\/www.radiopiu.net\/wordpress\/wp-content\/uploads\/2020\/11\/GOSALDO.jpg\" width=\"220\" height=\"124\" \/>GOSALDO<\/strong> Per lavori di messa in sicurezza la provinciale 3 di Val Imperina tra Forcella Franche e Vallasin chiuder\u00e0 totalmente alla viabilit\u00e0 dal prossimo 25 gennaio per un mese con esclusione dei giorni festivi e prefestivi. Sar\u00e0 chiusa dalle 8 alle 12.45; dalle 13.45 alle 15.50 e dalle 16.10 alle 17.45. Nei periodi non interessati dalla chiusura compresi sabato e domenica senso unico alternato regolato da semaforo.<\/p>\n","protected":false},"excerpt":{"rendered":"<p>GOSALDO Per lavori di messa in sicurezza la provinciale 3 di Val Imperina tra Forcella Franche e Vallasin chiuder\u00e0 totalmente alla viabilit\u00e0 dal prossimo 25 gennaio per un mese con esclusione dei giorni festivi e prefestivi. Sar\u00e0 chiusa dalle 8 alle 12.45; dalle 13.45 alle 15.50 e dalle 16.10 alle 17.45. Nei periodi non interessati&hellip;<\/p>\n","protected":false},"author":4,"featured_media":175335,"comment_status":"closed","ping_status":"closed","sticky":false,"template":"","format":"standard","meta":{"_monsterinsights_skip_tracking":false,"_monsterinsights_sitenote_active":false,"_monsterinsights_sitenote_note":"","_monsterinsights_sitenote_category":0,"footnotes":""},"categories":[51,49],"tags":[],"class_list":["post-186049","post","type-post","status-publish","format-standard","has-post-thumbnail","hentry","category-evidenza-top","category-news-18","category-51","category-49","description-off"],"img_url":"https:\/\/www.radiopiu.net\/wordpress\/wp-content\/uploads\/2020\/11\/GOSALDO.jpg","_links":{"self":[{"href":"https:\/\/www.radiopiu.net\/wordpress\/wp-json\/wp\/v2\/posts\/186049","targetHints":{"allow":["GET"]}}],"collection":[{"href":"https:\/\/www.radiopiu.net\/wordpress\/wp-json\/wp\/v2\/posts"}],"about":[{"href":"https:\/\/www.radiopiu.net\/wordpress\/wp-json\/wp\/v2\/types\/post"}],"author":[{"embeddable":true,"href":"https:\/\/www.radiopiu.net\/wordpress\/wp-json\/wp\/v2\/users\/4"}],"replies":[{"embeddable":true,"href":"https:\/\/www.radiopiu.net\/wordpress\/wp-json\/wp\/v2\/comments?post=186049"}],"version-history":[{"count":0,"href":"https:\/\/www.radiopiu.net\/wordpress\/wp-json\/wp\/v2\/posts\/186049\/revisions"}],"wp:featuredmedia":[{"embeddable":true,"href":"https:\/\/www.radiopiu.net\/wordpress\/wp-json\/wp\/v2\/media\/175335"}],"wp:attachment":[{"href":"https:\/\/www.radiopiu.net\/wordpress\/wp-json\/wp\/v2\/media?parent=186049"}],"wp:term":[{"taxonomy":"category","embeddable":true,"href":"https:\/\/www.radiopiu.net\/wordpress\/wp-json\/wp\/v2\/categories?post=186049"},{"taxonomy":"post_tag","embeddable":true,"href":"https:\/\/www.radiopiu.net\/wordpress\/wp-json\/wp\/v2\/tags?post=186049"}],"curies":[{"name":"wp","href":"https:\/\/api.w.org\/{rel}","templated":true}]}}