{"id":186071,"date":"2021-01-21T14:39:40","date_gmt":"2021-01-21T13:39:40","guid":{"rendered":"https:\/\/www.radiopiu.net\/wordpress\/?p=186071"},"modified":"2021-01-21T15:00:19","modified_gmt":"2021-01-21T14:00:19","slug":"professionalita-e-competenza-salvano-la-vita-al-bimbo","status":"publish","type":"post","link":"https:\/\/www.radiopiu.net\/wordpress\/professionalita-e-competenza-salvano-la-vita-al-bimbo\/","title":{"rendered":"PROFESSIONALITA&#8217; E COMPETENZA SALVANO LA VITA AL BIMBO"},"content":{"rendered":"<blockquote><p><em>&#8220;Eravamo molto spaventati dalle condizioni di nostro figlio ma fortunatamente \u00e8 andato tutto nel migliore dei modi. Grazie ai medici di <a href=\"https:\/\/www.radiopiu.net\/wordpress\/pagina-in-aggiornamento\/ospedale-di-cortina-ppi-02-1\/\" rel=\"attachment wp-att-186081\"><img loading=\"lazy\" decoding=\"async\" class=\"wp-image-186081 alignleft\" src=\"https:\/\/www.radiopiu.net\/wordpress\/wp-content\/uploads\/2021\/01\/Ospedale-di-Cortina-PPI-02-1-300x200.jpg\" alt=\"\" width=\"197\" height=\"131\" srcset=\"https:\/\/www.radiopiu.net\/wordpress\/wp-content\/uploads\/2021\/01\/Ospedale-di-Cortina-PPI-02-1-300x200.jpg 300w, https:\/\/www.radiopiu.net\/wordpress\/wp-content\/uploads\/2021\/01\/Ospedale-di-Cortina-PPI-02-1-768x511.jpg 768w, https:\/\/www.radiopiu.net\/wordpress\/wp-content\/uploads\/2021\/01\/Ospedale-di-Cortina-PPI-02-1.jpg 1000w\" sizes=\"auto, (max-width: 197px) 100vw, 197px\" \/><\/a>Cortina che hanno scoperto l\u2019origine del malessere e a tutti gli specialisti\u00a0 di Belluno\u00a0 e Treviso&#8221;.<\/em><\/p><\/blockquote>\n<p><strong>CORTINA<\/strong> Un bimbo di 10 anni \u00e8 giunto in gravi condizioni all&#8217;ospedale di Cortina sulla soglia del coma. L\u2019\u00e9quipe del Punto di Primo Intervento lo hanno salvato. Il ragazzino aveva iniziato a presentare forti dolori addominali, dispnea e nausea in ospedale \u00e8 arrivato gi\u00e0 in codice rosso. Patologia:\u00a0 chetoacidosi, una complicanza acuta del diabete che, se non individuata e trattata prontamente, pu\u00f2 portare al coma e nei casi pi\u00f9 gravi al decesso. I medici hanno somministrato la giusta terapia, poi il paziente \u00e8 stato trasferito in ambulanza, assistito da un medico e da un infermiere, in Terapia Intensiva pediatrica. Oggi il ragazzino sta bene, \u00e8 a casa e ha <a href=\"https:\/\/www.radiopiu.net\/wordpress\/pagina-in-aggiornamento\/ospedale-di-cortina-ppi-01-1\/\" rel=\"attachment wp-att-186082\"><img loading=\"lazy\" decoding=\"async\" class=\"size-medium wp-image-186082 alignright\" src=\"https:\/\/www.radiopiu.net\/wordpress\/wp-content\/uploads\/2021\/01\/Ospedale-di-Cortina-PPI-01-1-300x200.jpg\" alt=\"\" width=\"300\" height=\"200\" srcset=\"https:\/\/www.radiopiu.net\/wordpress\/wp-content\/uploads\/2021\/01\/Ospedale-di-Cortina-PPI-01-1-300x200.jpg 300w, https:\/\/www.radiopiu.net\/wordpress\/wp-content\/uploads\/2021\/01\/Ospedale-di-Cortina-PPI-01-1-768x511.jpg 768w, https:\/\/www.radiopiu.net\/wordpress\/wp-content\/uploads\/2021\/01\/Ospedale-di-Cortina-PPI-01-1.jpg 1000w\" sizes=\"auto, (max-width: 300px) 100vw, 300px\" \/><\/a>ripreso anche a frequentare le lezioni a scuola.<\/p>\n<blockquote><p><strong>IL DOTTOR MASSIMO VOTA, RESPONSABILE DEL PUNTO DI PRIMO INTERVENTO <\/strong><em>\u00abNella nostra struttura mettiamo in campo la competenza di medici specializzati nel trattamento di emergenze-urgenze, specialmente a carattere traumatologico poich\u00e9 ospedale periferico di primo livello, svolgiamo un importante compito nell\u2019arginare le emergenze\u00bb.\u00a0<\/em><\/p><\/blockquote>\n","protected":false},"excerpt":{"rendered":"<p>&#8220;Eravamo molto spaventati dalle condizioni di nostro figlio ma fortunatamente \u00e8 andato tutto nel migliore dei modi. Grazie ai medici di Cortina che hanno scoperto l\u2019origine del malessere e a tutti gli specialisti\u00a0 di Belluno\u00a0 e Treviso&#8221;. CORTINA Un bimbo di 10 anni \u00e8 giunto in gravi condizioni all&#8217;ospedale di Cortina sulla soglia del coma.&hellip;<\/p>\n","protected":false},"author":4,"featured_media":186073,"comment_status":"closed","ping_status":"closed","sticky":false,"template":"","format":"standard","meta":{"_monsterinsights_skip_tracking":false,"_monsterinsights_sitenote_active":false,"_monsterinsights_sitenote_note":"","_monsterinsights_sitenote_category":0,"footnotes":""},"categories":[1,51,49],"tags":[],"class_list":["post-186071","post","type-post","status-publish","format-standard","has-post-thumbnail","hentry","category-senza-categoria","category-evidenza-top","category-news-18","category-1","category-51","category-49","description-off"],"img_url":"https:\/\/www.radiopiu.net\/wordpress\/wp-content\/uploads\/2021\/01\/surgery-1822458_960_720.jpg","_links":{"self":[{"href":"https:\/\/www.radiopiu.net\/wordpress\/wp-json\/wp\/v2\/posts\/186071","targetHints":{"allow":["GET"]}}],"collection":[{"href":"https:\/\/www.radiopiu.net\/wordpress\/wp-json\/wp\/v2\/posts"}],"about":[{"href":"https:\/\/www.radiopiu.net\/wordpress\/wp-json\/wp\/v2\/types\/post"}],"author":[{"embeddable":true,"href":"https:\/\/www.radiopiu.net\/wordpress\/wp-json\/wp\/v2\/users\/4"}],"replies":[{"embeddable":true,"href":"https:\/\/www.radiopiu.net\/wordpress\/wp-json\/wp\/v2\/comments?post=186071"}],"version-history":[{"count":0,"href":"https:\/\/www.radiopiu.net\/wordpress\/wp-json\/wp\/v2\/posts\/186071\/revisions"}],"wp:featuredmedia":[{"embeddable":true,"href":"https:\/\/www.radiopiu.net\/wordpress\/wp-json\/wp\/v2\/media\/186073"}],"wp:attachment":[{"href":"https:\/\/www.radiopiu.net\/wordpress\/wp-json\/wp\/v2\/media?parent=186071"}],"wp:term":[{"taxonomy":"category","embeddable":true,"href":"https:\/\/www.radiopiu.net\/wordpress\/wp-json\/wp\/v2\/categories?post=186071"},{"taxonomy":"post_tag","embeddable":true,"href":"https:\/\/www.radiopiu.net\/wordpress\/wp-json\/wp\/v2\/tags?post=186071"}],"curies":[{"name":"wp","href":"https:\/\/api.w.org\/{rel}","templated":true}]}}