{"id":186206,"date":"2021-01-22T11:03:04","date_gmt":"2021-01-22T10:03:04","guid":{"rendered":"https:\/\/www.radiopiu.net\/wordpress\/?p=186206"},"modified":"2021-01-22T11:03:04","modified_gmt":"2021-01-22T10:03:04","slug":"covid-nelle-scuole-aggiornamento-della-ulss-1-dolomiti","status":"publish","type":"post","link":"https:\/\/www.radiopiu.net\/wordpress\/covid-nelle-scuole-aggiornamento-della-ulss-1-dolomiti\/","title":{"rendered":"COVID NELLE SCUOLE: AGGIORNAMENTO DELLA ULSS 1 DOLOMITI"},"content":{"rendered":"<p><strong><a href=\"https:\/\/www.radiopiu.net\/wordpress\/fine-anno-eccezionale\/primo-piano-gli-studenti-che-scrivono-e-leggono-gli-fogli-di-risposta-degli-esami-di-esercitazione-in-aula-della-scuola-con-lo-stress_73622-858\/\" rel=\"attachment wp-att-143128\"><img loading=\"lazy\" decoding=\"async\" class=\"size-medium wp-image-143128 alignleft\" src=\"https:\/\/www.radiopiu.net\/wordpress\/wp-content\/uploads\/2020\/06\/primo-piano-gli-studenti-che-scrivono-e-leggono-gli-fogli-di-risposta-degli-esami-di-esercitazione-in-aula-della-scuola-con-lo-stress_73622-858-300x200.jpg\" alt=\"\" width=\"300\" height=\"200\" srcset=\"https:\/\/www.radiopiu.net\/wordpress\/wp-content\/uploads\/2020\/06\/primo-piano-gli-studenti-che-scrivono-e-leggono-gli-fogli-di-risposta-degli-esami-di-esercitazione-in-aula-della-scuola-con-lo-stress_73622-858-300x200.jpg 300w, https:\/\/www.radiopiu.net\/wordpress\/wp-content\/uploads\/2020\/06\/primo-piano-gli-studenti-che-scrivono-e-leggono-gli-fogli-di-risposta-degli-esami-di-esercitazione-in-aula-della-scuola-con-lo-stress_73622-858.jpg 626w\" sizes=\"auto, (max-width: 300px) 100vw, 300px\" \/><\/a>BELLUNO <\/strong>Il Team scuole del Dipartimento di Prevenzione fa il punto settimanale sulla situazione dei contagi nelle scuole della provincia. Si ricorda che da gennaio \u00e8 attivo il nuovo protocollo scuole che prevede che, in presenza di un caso positivo in una classe, i contatti identificati nella classe secondo linee guida siano posti in quarantena ed eseguano un test di controllo al termine della stessa (indicativamente al 10\u00b0 giorno). Attualmente le classi in carico al Dipartimento (quindi con almeno un positivo), tutte in isolamento domiciliare fiduciario come da nuovo protocollo, sono 15 cos\u00ec distribuite: 1 scuola dell&#8217;infanzia; 3 della scuola primaria; 7 classi della scuola media; 3 classi della scuola superiore; 1 gruppo di ragazzi del convitto di Falcade. In totale sono in isolamento 243 bambini\/ragazzi e 6 insegnanti. Dal 14 settembre 2020 ad oggi sono state prese in carico 565 classi. Si ricorda che sono aperte le iscrizioni al webinar per genitori e insegnanti su come gestire l\u2019impatto emotivo del Covid-19 in et\u00e0 evolutiva a cura della Psicologia Ospedaliera. Il webinar si terr\u00e0 dalle 18.00 alle 20.00 di mercoled\u00ec 03 febbraio 2021. Si parler\u00e0 di strategie per riconoscere e gestire le reazioni emotive legate all\u2019emergenza sanitaria nei bambini e nei ragazzi. L\u2019incontro sar\u00e0 tenuto dall\u2019equipe di Psicologia Ospedaliera con la partecipazione di Stefania Sacchezin, psicologa psicoterapeuta, specializzata in psicologia dell\u2019emergenza, facilitator e supervisore Emdr Italia. Il webinar si terr\u00e0 sulla piattaforma Google Meet.<\/p>\n","protected":false},"excerpt":{"rendered":"<p>BELLUNO Il Team scuole del Dipartimento di Prevenzione fa il punto settimanale sulla situazione dei contagi nelle scuole della provincia. Si ricorda che da gennaio \u00e8 attivo il nuovo protocollo scuole che prevede che, in presenza di un caso positivo in una classe, i contatti identificati nella classe secondo linee guida siano posti in quarantena&hellip;<\/p>\n","protected":false},"author":4,"featured_media":143128,"comment_status":"closed","ping_status":"closed","sticky":false,"template":"","format":"standard","meta":{"_monsterinsights_skip_tracking":false,"_monsterinsights_sitenote_active":false,"_monsterinsights_sitenote_note":"","_monsterinsights_sitenote_category":0,"footnotes":""},"categories":[51,49],"tags":[],"class_list":["post-186206","post","type-post","status-publish","format-standard","has-post-thumbnail","hentry","category-evidenza-top","category-news-18","category-51","category-49","description-off"],"img_url":"https:\/\/www.radiopiu.net\/wordpress\/wp-content\/uploads\/2020\/06\/primo-piano-gli-studenti-che-scrivono-e-leggono-gli-fogli-di-risposta-degli-esami-di-esercitazione-in-aula-della-scuola-con-lo-stress_73622-858.jpg","_links":{"self":[{"href":"https:\/\/www.radiopiu.net\/wordpress\/wp-json\/wp\/v2\/posts\/186206","targetHints":{"allow":["GET"]}}],"collection":[{"href":"https:\/\/www.radiopiu.net\/wordpress\/wp-json\/wp\/v2\/posts"}],"about":[{"href":"https:\/\/www.radiopiu.net\/wordpress\/wp-json\/wp\/v2\/types\/post"}],"author":[{"embeddable":true,"href":"https:\/\/www.radiopiu.net\/wordpress\/wp-json\/wp\/v2\/users\/4"}],"replies":[{"embeddable":true,"href":"https:\/\/www.radiopiu.net\/wordpress\/wp-json\/wp\/v2\/comments?post=186206"}],"version-history":[{"count":0,"href":"https:\/\/www.radiopiu.net\/wordpress\/wp-json\/wp\/v2\/posts\/186206\/revisions"}],"wp:featuredmedia":[{"embeddable":true,"href":"https:\/\/www.radiopiu.net\/wordpress\/wp-json\/wp\/v2\/media\/143128"}],"wp:attachment":[{"href":"https:\/\/www.radiopiu.net\/wordpress\/wp-json\/wp\/v2\/media?parent=186206"}],"wp:term":[{"taxonomy":"category","embeddable":true,"href":"https:\/\/www.radiopiu.net\/wordpress\/wp-json\/wp\/v2\/categories?post=186206"},{"taxonomy":"post_tag","embeddable":true,"href":"https:\/\/www.radiopiu.net\/wordpress\/wp-json\/wp\/v2\/tags?post=186206"}],"curies":[{"name":"wp","href":"https:\/\/api.w.org\/{rel}","templated":true}]}}