{"id":186242,"date":"2021-01-23T05:53:45","date_gmt":"2021-01-23T04:53:45","guid":{"rendered":"https:\/\/www.radiopiu.net\/wordpress\/?p=186242"},"modified":"2021-01-23T06:24:37","modified_gmt":"2021-01-23T05:24:37","slug":"anche-a-febbraio-si-lavora-di-sabato-in-luxottica","status":"publish","type":"post","link":"https:\/\/www.radiopiu.net\/wordpress\/anche-a-febbraio-si-lavora-di-sabato-in-luxottica\/","title":{"rendered":"ANCHE A FEBBRAIO SI LAVORA DI SABATO IN LUXOTTICA"},"content":{"rendered":"<p><strong><a href=\"https:\/\/www.radiopiu.net\/wordpress\/giornale-radiopiu-01-agosto-2020-direttore-mirko-mezzacasa\/814ace46-a8a2-4c2d-a100-4d87aa509ef3\/\" rel=\"attachment wp-att-152483\"><img loading=\"lazy\" decoding=\"async\" class=\"size-medium wp-image-152483 alignleft\" src=\"https:\/\/www.radiopiu.net\/wordpress\/wp-content\/uploads\/2020\/07\/814ace46-a8a2-4c2d-a100-4d87aa509ef3-300x225.jpg\" alt=\"\" width=\"300\" height=\"225\" srcset=\"https:\/\/www.radiopiu.net\/wordpress\/wp-content\/uploads\/2020\/07\/814ace46-a8a2-4c2d-a100-4d87aa509ef3-300x225.jpg 300w, https:\/\/www.radiopiu.net\/wordpress\/wp-content\/uploads\/2020\/07\/814ace46-a8a2-4c2d-a100-4d87aa509ef3-1024x768.jpg 1024w, https:\/\/www.radiopiu.net\/wordpress\/wp-content\/uploads\/2020\/07\/814ace46-a8a2-4c2d-a100-4d87aa509ef3-768x576.jpg 768w, https:\/\/www.radiopiu.net\/wordpress\/wp-content\/uploads\/2020\/07\/814ace46-a8a2-4c2d-a100-4d87aa509ef3-1536x1152.jpg 1536w, https:\/\/www.radiopiu.net\/wordpress\/wp-content\/uploads\/2020\/07\/814ace46-a8a2-4c2d-a100-4d87aa509ef3.jpg 1560w\" sizes=\"auto, (max-width: 300px) 100vw, 300px\" \/><\/a>AGORDO<\/strong> Nelle ultime ore la RSU e la dirigenza Luxottica si sono incontrate per definire 2 sabati lavorativi presso lo stabilimento di Agordo. Tutte le maestranze saranno chiamate al lavoro in 2 fine settimana con turno solo al mattino. Sabato 6 e 13 febbraio saranno 2 giornate di flessibilit\u00e0 mentre il 20 e 27 febbraio si opter\u00e0 per uno straordinario incentivato. Quasi tutti i reparti produttivi saranno coinvolti. &#8220;<em>Nei vari reparti produttivi sono previsti uno o due sabati tranne per un paio di aree che non hanno in programma sabati per questo mese. Gli accordi completi sia per il metallo che per la plastica sono esposti nelle bacheche dei reparti interessati e invitiamo i colleghi a leggerli attentamente &#8211; dichiarano i delegati della Uiltec &#8211;\u00a0 Per avere tutte le informazioni. In base a quanto previsto nel contratto integrativo si \u00e8 cercato di avere un ragionevole bilanciamento di istituti tra flessibilit\u00e0 e straordinario incentivato. Ricordiamo che la prestazione in flessibilit\u00e0 positiva viene comunque prevista anche quando si ha gi\u00e0 recuperato il debito di ore di flessibilit\u00e0 negativa come \u00e8 al momento per quasi tutti i reparti; ovviamente (come da contratto integrativo) le ore di flessibilit\u00e0 avanzate a fine piano possono essere recuperate in banca ore con le eventuali maggiorazioni. La prestazione in straordinario incentivato \u00e8 invece volontaria ma resta comunque &#8220;consigliata&#8221; in quanto se vi fosse una adesione inferiore alle attese diventerebbe per la RSU pi\u00f9 difficile richiedere incentivato per i mesi successivi. Da tenere presente che lo straordinario incentivato pu\u00f2 essere integralmente trasformato in banca ore tramite la scelta da effettuarsi anticipatamente su mypersonaldesk nella sezione i miei moduli.\u00a0 Gli accordi prevedono come di consueto la possibilit\u00e0 di disporre del servizio di trasporto per i sabati in oggetto ma solamente in base al numero di adesioni su ogni tratta, quindi \u00e8 importante che tutte le persone interessate effettuino la preadesione, entro il marted\u00ec precedente a ogni sabato, su My personal desk nella sezione prenotazione trasporti affinch\u00e9 l&#8217;azienda possa organizzare correttamente il servizio.\u00a0 Il trasporto organizzato per i sabati collettivi \u00e8 utilizzabile anche da coloro che non sono abbonati ai mezzi pubblici, richiedendo un tagliandino apposito all&#8217;ufficio personale<\/em>&#8220;.<\/p>\n","protected":false},"excerpt":{"rendered":"<p>AGORDO Nelle ultime ore la RSU e la dirigenza Luxottica si sono incontrate per definire 2 sabati lavorativi presso lo stabilimento di Agordo. Tutte le maestranze saranno chiamate al lavoro in 2 fine settimana con turno solo al mattino. Sabato 6 e 13 febbraio saranno 2 giornate di flessibilit\u00e0 mentre il 20 e 27 febbraio&hellip;<\/p>\n","protected":false},"author":4,"featured_media":152483,"comment_status":"closed","ping_status":"closed","sticky":false,"template":"","format":"standard","meta":{"_monsterinsights_skip_tracking":false,"_monsterinsights_sitenote_active":false,"_monsterinsights_sitenote_note":"","_monsterinsights_sitenote_category":0,"footnotes":""},"categories":[51,49],"tags":[],"class_list":["post-186242","post","type-post","status-publish","format-standard","has-post-thumbnail","hentry","category-evidenza-top","category-news-18","category-51","category-49","description-off"],"img_url":"https:\/\/www.radiopiu.net\/wordpress\/wp-content\/uploads\/2020\/07\/814ace46-a8a2-4c2d-a100-4d87aa509ef3.jpg","_links":{"self":[{"href":"https:\/\/www.radiopiu.net\/wordpress\/wp-json\/wp\/v2\/posts\/186242","targetHints":{"allow":["GET"]}}],"collection":[{"href":"https:\/\/www.radiopiu.net\/wordpress\/wp-json\/wp\/v2\/posts"}],"about":[{"href":"https:\/\/www.radiopiu.net\/wordpress\/wp-json\/wp\/v2\/types\/post"}],"author":[{"embeddable":true,"href":"https:\/\/www.radiopiu.net\/wordpress\/wp-json\/wp\/v2\/users\/4"}],"replies":[{"embeddable":true,"href":"https:\/\/www.radiopiu.net\/wordpress\/wp-json\/wp\/v2\/comments?post=186242"}],"version-history":[{"count":0,"href":"https:\/\/www.radiopiu.net\/wordpress\/wp-json\/wp\/v2\/posts\/186242\/revisions"}],"wp:featuredmedia":[{"embeddable":true,"href":"https:\/\/www.radiopiu.net\/wordpress\/wp-json\/wp\/v2\/media\/152483"}],"wp:attachment":[{"href":"https:\/\/www.radiopiu.net\/wordpress\/wp-json\/wp\/v2\/media?parent=186242"}],"wp:term":[{"taxonomy":"category","embeddable":true,"href":"https:\/\/www.radiopiu.net\/wordpress\/wp-json\/wp\/v2\/categories?post=186242"},{"taxonomy":"post_tag","embeddable":true,"href":"https:\/\/www.radiopiu.net\/wordpress\/wp-json\/wp\/v2\/tags?post=186242"}],"curies":[{"name":"wp","href":"https:\/\/api.w.org\/{rel}","templated":true}]}}