{"id":186353,"date":"2021-01-24T07:28:42","date_gmt":"2021-01-24T06:28:42","guid":{"rendered":"https:\/\/www.radiopiu.net\/wordpress\/?p=186353"},"modified":"2021-01-24T10:35:45","modified_gmt":"2021-01-24T09:35:45","slug":"giornale-radiopiu-24-gennaio-2021-direttore-mirko-mezzacasa","status":"publish","type":"post","link":"https:\/\/www.radiopiu.net\/wordpress\/giornale-radiopiu-24-gennaio-2021-direttore-mirko-mezzacasa\/","title":{"rendered":"GIORNALE RADIOPIU 24 GENNAIO 2021 DIRETTORE MIRKO MEZZACASA"},"content":{"rendered":"<h3><a href=\"https:\/\/www.radiopiu.net\/wordpress\/giornale-radiopiu-24-gennaio-2021-direttore-mirko-mezzacasa\/141433770_171616291414874_2957460898102012198_n\/\" rel=\"attachment wp-att-186566\"><img loading=\"lazy\" decoding=\"async\" class=\"wp-image-186566 alignleft\" src=\"https:\/\/www.radiopiu.net\/wordpress\/wp-content\/uploads\/2021\/01\/141433770_171616291414874_2957460898102012198_n-300x300.jpg\" alt=\"\" width=\"144\" height=\"144\" srcset=\"https:\/\/www.radiopiu.net\/wordpress\/wp-content\/uploads\/2021\/01\/141433770_171616291414874_2957460898102012198_n-300x300.jpg 300w, https:\/\/www.radiopiu.net\/wordpress\/wp-content\/uploads\/2021\/01\/141433770_171616291414874_2957460898102012198_n-150x150.jpg 150w, https:\/\/www.radiopiu.net\/wordpress\/wp-content\/uploads\/2021\/01\/141433770_171616291414874_2957460898102012198_n-768x768.jpg 768w, https:\/\/www.radiopiu.net\/wordpress\/wp-content\/uploads\/2021\/01\/141433770_171616291414874_2957460898102012198_n.jpg 800w\" sizes=\"auto, (max-width: 144px) 100vw, 144px\" \/><\/a>PER<strong> RICEVERE QUESTO NOTIZIARIO DIRETTAMENTE SUL TUO CELLULARE ISCRIVITI AL CANALE TELEGRAM <\/strong><strong>\u201cRADIO PIU\u00a0 INFORMAZIONE&#8221;\u00a0<\/strong><\/h3>\n<h3>SUPERATI I 3000 ISCRITTI, il CANALE TELEGRAM&#8230; UNISCITI A: RADIO PIU INFORMAZIONE<\/h3>\n<p>&nbsp;<\/p>\n<p><em><a href=\"https:\/\/www.radiopiu.net\/wordpress\/giornale-radiopiu-24-gennaio-2021-direttore-mirko-mezzacasa\/79216601_126817312416448_708980208774483089_n\/\" rel=\"attachment wp-att-186567\"><img loading=\"lazy\" decoding=\"async\" class=\"size-medium wp-image-186567 alignright\" src=\"https:\/\/www.radiopiu.net\/wordpress\/wp-content\/uploads\/2021\/01\/79216601_126817312416448_708980208774483089_n-300x114.jpg\" alt=\"\" width=\"300\" height=\"114\" srcset=\"https:\/\/www.radiopiu.net\/wordpress\/wp-content\/uploads\/2021\/01\/79216601_126817312416448_708980208774483089_n-300x114.jpg 300w, https:\/\/www.radiopiu.net\/wordpress\/wp-content\/uploads\/2021\/01\/79216601_126817312416448_708980208774483089_n-768x292.jpg 768w, https:\/\/www.radiopiu.net\/wordpress\/wp-content\/uploads\/2021\/01\/79216601_126817312416448_708980208774483089_n.jpg 820w\" sizes=\"auto, (max-width: 300px) 100vw, 300px\" \/><\/a><span style=\"color: #ff0000;\">ATTENZIONE: LA NUOVA APP PER IOS-IPHONE di Nicola Vettorello<\/span><\/em><\/p>\n<div>\n<div><a href=\"https:\/\/apps.apple.com\/it\/app\/radio-pi%C3%B9-emittente-agordina\/id1515939845\">https:\/\/apps.apple.com\/it\/app\/radio-pi%C3%B9-emittente-agordina\/id1515939845<\/a><\/div>\n<\/div>\n<div><\/div>\n<div>\n<div dir=\"auto\"><span style=\"color: #ff0000;\"><em>ATTENZIONE: LA NUOVA APP RADIO\u00a0 PER ANDROID di Nicola Vettorello<\/em><\/span><\/div>\n<\/div>\n<p><a href=\"https:\/\/play.google.com\/store\/apps\/details?id=net.radiopiu.iniko\" target=\"_blank\" rel=\"noopener noreferrer\">https:\/\/play.google.com\/store\/apps\/details?id=net.radiopiu.iniko<\/a><\/p>\n<p>&nbsp;<\/p>\n<hr \/>\n<p>&nbsp;<\/p>\n<blockquote>\n<h3>VIABILITA&#8217;, AGGIORNAMENTO 23 GENNAIO ORE 19.30 SEMPRE CHIUSI I PASSI DOLOMITICI<\/h3>\n<\/blockquote>\n<p><strong>Vengono riaperti al transito i seguenti tratti stradali: <\/strong>&#8211; S.R. 48 \u201cdelle Dolomiti\u201d dalla progressiva km 134+000 (localit\u00e0 Bivio dogana Vecchia) al km 153+500 (localit\u00e0 Ligonto);; <strong>Per motivi di sicurezza rimangono chiusi al transito i seguenti tratti stradali: <\/strong>&#8211; S.P. 1 \u201cbis Madonna del Piave\u201d &#8211; S.P. 30 \u201cPanoramica del Comelico\u201d &#8211; S.P. 49 \u201cdi Misurina\u201d dal km 2+500 (loc. Misurina) al km 7+800 (loc. Carbonin); &#8211; S.P. 347 \u201cdel passo Cereda e Duran\u201d dalla progressiva km 44+300 (localit\u00e0 Passo Duran) al km49+000 (localit\u00e0 Le Vare); <strong>Rimangono chiusi al transito causa pericolo valanghe i seguenti tratti stradali: <\/strong>&#8211; S.P. 24 \u201cdel passo Val Parola\u201d &#8211; S.R. 48 \u201cdelle Dolomiti\u201d (Passo Pordoi) &#8211; S.R. 48 \u201cdelle Dolomiti\u201d dalla progressiva km 104+000 (localit\u00e0 Pian di Falzarego) &#8211; S.P. 638 \u201cdel Passo Giau\u201d\u00a0 &#8211; S.P. 641 \u201cdel passo Fedaia- S.P. 148 \u201cCadorna\u201d\u00a0 &#8211; S.P. 619 \u201cdi Vigo di Cadore\u201d <strong>Permangono inoltre le chiusure al transito dei seguenti tratti stradali: <\/strong>&#8211; S.P. 2 \u201cdella Val del Mis\u201d- S.P. 5 dir \u201cdi Lamosano\u201d &#8211; S.P. 42 \u201cdella Cavallera\u201d &#8211; S.P. 422 \u201cdell\u2019Alpago e del Cansiglio\u201d<\/p>\n<p>&nbsp;<\/p>\n<hr \/>\n<p>&nbsp;<\/p>\n<blockquote>\n<h3>CHIUSURA A FASCE ORARIE PER LA PROVINCIALE 3 DI VAL IMPERINA<\/h3>\n<\/blockquote>\n<p><strong><img loading=\"lazy\" decoding=\"async\" class=\"alignleft\" src=\"https:\/\/www.radiopiu.net\/wordpress\/wp-content\/uploads\/2020\/11\/GOSALDO.jpg\" width=\"220\" height=\"124\" \/>GOSALDO<\/strong> Per lavori di messa in sicurezza la provinciale 3 di Val Imperina tra Forcella Franche e Vallasin chiuder\u00e0 totalmente alla viabilit\u00e0 dal prossimo 25 gennaio per un mese con esclusione dei giorni festivi e prefestivi. Sar\u00e0 chiusa dalle 8 alle 12.45; dalle 13.45 alle 15.50 e dalle 16.10 alle 17.45. Nei periodi non interessati dalla chiusura compresi sabato e domenica senso unico alternato regolato da semaforo.<\/p>\n<p><strong>PROVINCIALE 2 VALLE DEL MIS<\/strong>: Dal 25 gennaio per due mesi, compresi sabato e domenica\u00a0 senso unico alternato in localit\u00e0 Curti<\/p>\n<p>&nbsp;<\/p>\n<p>&nbsp;<\/p>\n<p>&nbsp;<\/p>\n<hr \/>\n<p>&nbsp;<\/p>\n<blockquote>\n<h3>ACQUA NON POTABILE AD AGORDO<\/h3>\n<\/blockquote>\n<p><strong><a href=\"https:\/\/www.radiopiu.net\/wordpress\/giornale-radiopiu-09-agosto-2018-direttore-mirko-mezzacasa\/acqua\/\" rel=\"attachment wp-att-57052\"><img loading=\"lazy\" decoding=\"async\" class=\" wp-image-57052 alignleft\" src=\"https:\/\/www.radiopiu.net\/wordpress\/wp-content\/uploads\/2018\/08\/ACQUA-300x180.jpeg\" alt=\"\" width=\"112\" height=\"67\" srcset=\"https:\/\/www.radiopiu.net\/wordpress\/wp-content\/uploads\/2018\/08\/ACQUA-300x180.jpeg 300w, https:\/\/www.radiopiu.net\/wordpress\/wp-content\/uploads\/2018\/08\/ACQUA-768x461.jpeg 768w, https:\/\/www.radiopiu.net\/wordpress\/wp-content\/uploads\/2018\/08\/ACQUA-1024x614.jpeg 1024w, https:\/\/www.radiopiu.net\/wordpress\/wp-content\/uploads\/2018\/08\/ACQUA.jpeg 1280w\" sizes=\"auto, (max-width: 112px) 100vw, 112px\" \/><\/a>AGORDO<\/strong> Gestione Servizi Pubblici informa che ad AGORDO nelle LOCALITA&#8217; PARECH, PROMPICAI e TOCCOL, l&#8217;acqua erogata dall&#8217;acquedotto non \u00e8 potabile e pu\u00f2 essere usata per scopi alimentari SOLO PREVIA bollitura. GSP ha, comunque, gi\u00e0 adottato le necessarie misure per la disinfezione dell&#8217;acqua presente nei serbatoi e nella rete idrica con l&#8217;aggiunta di cloro<\/p>\n<p>&nbsp;<\/p>\n<p>&nbsp;<\/p>\n<hr \/>\n<p>&nbsp;<\/p>\n<h3>VACCINAZIONE IN ITALIA: Alle 16:28 di ierii il totale delle vaccinazioni \u00e8 1.331.045. Il totale delle persone a cui sono state somministrate la prima e la seconda dose di vaccino \u00e8 61.882.<\/h3>\n<a href=\"https:\/\/www.radiopiu.net\/wordpress\/wp-content\/uploads\/2021\/01\/2021.01.23_Report-18.30.pdf\" class=\"pdfemb-viewer\" style=\"\" data-width=\"max\" data-height=\"max\" data-toolbar=\"top\" data-toolbar-fixed=\"on\">2021.01.23_Report 18.30<\/a>\n<p>&nbsp;<\/p>\n<hr \/>\n<blockquote>\n<h3><\/h3>\n<h3>In Veneto Calano i contagi, sotto la soglia dei 1000. Superate le 500 vittime in provincia dove territorialmente si conta il maggior numero di decessi, inoltre \u00e8 la provincia\u00a0peggiore del Veneto con indice di contagio 2,46 per mille &#8211;<\/h3>\n<h3>DUE DECESSI IN ULSS 1 DOLOMITI. 50 I NUOVI POSITIVI IN PROVINCIA<\/h3>\n<\/blockquote>\n<p><strong>BELLUNO <\/strong><span style=\"font-size: medium;\">Nelle ultime 24 ore sono decedute 2 persone covid positive: una donna di 83 anni ricoverata in Pneumologia Covid a Belluno e una donna di anni 91 ricoverata in Geriatria a Feltre. Nelle ultime 24 ore si sono registrate 50 nuove positivit\u00e0 in Ulss 1 Dolomiti<\/span><\/p>\n<p align=\"JUSTIFY\"><span style=\"font-size: medium;\"><b>Ricoveri <\/b><\/span><\/p>\n<p align=\"JUSTIFY\"><span style=\"font-size: medium;\"><i>(dato alle ore 17.00 fonte: Azienda Zero)<\/i><\/span><\/p>\n<p align=\"JUSTIFY\"><span style=\"font-size: medium;\">Le persone attualmente POSITIVE ricoverate negli ospedali dell\u2019Ulss Dolomiti sono<\/span>:<\/p>\n<table border=\"1\" width=\"652\" frame=\"HSIDES\" rules=\"GROUPS\" cellspacing=\"0\" cellpadding=\"7\">\n<tbody>\n<tr valign=\"TOP\">\n<td width=\"203\"><\/td>\n<td width=\"203\">\n<p align=\"JUSTIFY\"><span style=\"color: #365f91;\"><span style=\"font-size: medium;\"><b>Area NON CRITICA<\/b><\/span><\/span><\/p>\n<\/td>\n<td width=\"203\">\n<p align=\"JUSTIFY\"><span style=\"color: #365f91;\"><span style=\"font-size: medium;\"><b>Terapia Intensiva<\/b><\/span><\/span><\/p>\n<\/td>\n<\/tr>\n<\/tbody>\n<tbody>\n<tr valign=\"TOP\">\n<td bgcolor=\"#d3dfee\" width=\"203\">\n<p align=\"JUSTIFY\"><span style=\"color: #365f91;\"><span style=\"font-size: medium;\"><b>Ospedale di Belluno <\/b><\/span><\/span><\/p>\n<\/td>\n<td bgcolor=\"#d3dfee\" width=\"203\">\n<p align=\"CENTER\"><span style=\"color: #365f91;\"><span style=\"font-size: medium;\">37<\/span><\/span><\/p>\n<\/td>\n<td bgcolor=\"#d3dfee\" width=\"203\">\n<p align=\"CENTER\"><span style=\"color: #365f91;\"><span style=\"font-size: medium;\">2<\/span><\/span><\/p>\n<\/td>\n<\/tr>\n<tr valign=\"TOP\">\n<td bgcolor=\"#d3dfee\" width=\"203\">\n<p align=\"JUSTIFY\"><span style=\"color: #365f91;\"><span style=\"font-size: medium;\"><b>Ospedale di Feltre<\/b><\/span><\/span><\/p>\n<\/td>\n<td bgcolor=\"#d3dfee\" width=\"203\">\n<p align=\"CENTER\"><span style=\"color: #365f91;\"><span style=\"font-size: medium;\">30<\/span><\/span><\/p>\n<\/td>\n<td bgcolor=\"#d3dfee\" width=\"203\">\n<p align=\"CENTER\"><span style=\"color: #365f91;\"><span style=\"font-size: medium;\">3<\/span><\/span><\/p>\n<\/td>\n<\/tr>\n<\/tbody>\n<\/table>\n<p align=\"JUSTIFY\"><span style=\"font-size: medium;\">Le persone attualmente POSITIVE <\/span>ricoverate in Ospedale di Comunit\u00e0 sono:<\/p>\n<table border=\"1\" width=\"652\" frame=\"HSIDES\" rules=\"ROWS\" cellspacing=\"0\" cellpadding=\"7\">\n<tbody>\n<tr valign=\"TOP\">\n<td width=\"312\"><\/td>\n<td width=\"312\">\n<p align=\"JUSTIFY\"><span style=\"color: #76923c;\"><span style=\"font-size: medium;\"><b>pazienti attualmente positivi<\/b><\/span><\/span><\/p>\n<\/td>\n<\/tr>\n<tr valign=\"TOP\">\n<td bgcolor=\"#e6eed5\" width=\"312\">\n<p align=\"JUSTIFY\"><span style=\"color: #76923c;\"><span style=\"font-size: medium;\"><b>Ospedale di Comunit\u00e0 di BELLUNO<\/b><\/span><\/span><\/p>\n<\/td>\n<td bgcolor=\"#e6eed5\" width=\"312\">\n<p align=\"CENTER\"><span style=\"color: #76923c;\"><span style=\"font-size: medium;\">6<\/span><\/span><\/p>\n<\/td>\n<\/tr>\n<tr valign=\"TOP\">\n<td bgcolor=\"#e6eed5\" width=\"312\">\n<p align=\"JUSTIFY\"><span style=\"color: #76923c;\"><span style=\"font-size: medium;\"><b>Ospedale di Comunit\u00e0 di FELTRE<\/b><\/span><\/span><\/p>\n<\/td>\n<td bgcolor=\"#e6eed5\" width=\"312\">\n<p align=\"CENTER\"><span style=\"color: #76923c;\"><span style=\"font-size: medium;\">8<\/span><\/span><\/p>\n<\/td>\n<\/tr>\n<\/tbody>\n<\/table>\n<p>&nbsp;<\/p>\n<p>&nbsp;<\/p>\n<p>&nbsp;<\/p>\n<hr \/>\n<p>&nbsp;<\/p>\n<blockquote>\n<h3>AGGIORNAMENTO MALTEMPO DALLA PROVINCIA<\/h3>\n<\/blockquote>\n<p><strong>BELLUNO<\/strong> La perturbazione \u00e8 in fase di esaurimento e le precipitazioni sono in attenuazione. Entro la serata dovrebbero cessare completamente sul Bellunese. Al momento i quantitativi di neve variano dai 60 agli 80 centimetri (sopra i 1.200-1.500 metri, quantitativi inferiori fino a 900-1.000 metri sulle Dolomiti, che \u00e8 risultata la quota neve della mattinata). Non si segnalano al momento particolari criticit\u00e0, ma rimane molto alto il pericolo di valanghe. Si \u00e8 verificato uno smottamento a Quero Vas (in valle di Schievenin) nel punto in cui si era gi\u00e0 verificato in passato. Qualche colata anche a Dogna e Provagna, molto pi\u00f9 piccola di quella di inizio dicembre. In Alpago ci sono stati alcuni allagamenti di scantinati e garage. Mentre a Lamon \u00e8 caduta in strada una slavina. Per quanto riguarda la montagna, la neve si presenta spesso appesantita dalla pioggia e i tetti che non erano stati sgomberati nelle settimane scorse potrebbero avere bisogno di essere liberati nei prossimi giorni. \u00abSono stato contattato questa notte da diversi cittadini in Alpago, per allagamenti a scantinati. E in mattinata ho effettuato qualche sopralluogo &#8211; dice il consigliere provinciale Massimo Bortoluzzi &#8211;\u00a0 La situazione comunque \u00e8 sotto controllo. Le precipitazioni sono state importanti, ma non eccezionali. Il nostro territorio si conferma fragile, ma il terreno ghiacciato ha fatto s\u00ec che le piogge non muovessero le frane storiche\u00bb. A Puos D&#8217;Alpago nella notte l&#8217;intervento dei Vigili del Fuoco per una allagamento ad una abitazione. La Provincia organizzer\u00e0 un incontro con tutti i soggetti interessati (Enel, circolo velico, pescatori) per analizzare la situazione e predisporre l&#8217;intervento di rimozione<\/p>\n\n\t\t\t<style type='text\/css'>\n\t\t\t\t#gallery-1 {\n\t\t\t\t\tmargin: auto;\n\t\t\t\t}\n\t\t\t\t#gallery-1 .gallery-item {\n\t\t\t\t\tfloat: left;\n\t\t\t\t\tmargin-top: 10px;\n\t\t\t\t\ttext-align: center;\n\t\t\t\t\twidth: 20%;\n\t\t\t\t}\n\t\t\t\t#gallery-1 img {\n\t\t\t\t\tborder: 2px solid #cfcfcf;\n\t\t\t\t}\n\t\t\t\t#gallery-1 .gallery-caption {\n\t\t\t\t\tmargin-left: 0;\n\t\t\t\t}\n\t\t\t\t\/* see gallery_shortcode() in wp-includes\/media.php *\/\n\t\t\t<\/style>\n\t\t<div id='gallery-1' class='dt-gallery-container gallery galleryid-186353 gallery-columns-5 gallery-size-thumbnail'><dl class='gallery-item'>\n\t\t\t\t<dt class='gallery-icon portrait'>\n\t\t\t\t\t<a class=\"rollover rollover-zoom dt-pswp-item\" title=\"a9054fe4-4fbb-4608-9fc4-66afc95e2292\" data-dt-img-description=\"\" data-large_image_width=\"900\" data-large_image_height=\"1600\"href='https:\/\/www.radiopiu.net\/wordpress\/wp-content\/uploads\/2021\/01\/a9054fe4-4fbb-4608-9fc4-66afc95e2292.jpg'><img loading=\"lazy\" decoding=\"async\" width=\"150\" height=\"150\" src=\"https:\/\/www.radiopiu.net\/wordpress\/wp-content\/uploads\/2021\/01\/a9054fe4-4fbb-4608-9fc4-66afc95e2292-150x150.jpg\" class=\"attachment-thumbnail size-thumbnail\" alt=\"\" \/><\/a>\n\t\t\t\t<\/dt><\/dl><dl class='gallery-item'>\n\t\t\t\t<dt class='gallery-icon landscape'>\n\t\t\t\t\t<a class=\"rollover rollover-zoom dt-pswp-item\" title=\"4c106d88-643f-4e13-b674-6216f3a1fb0d\" data-dt-img-description=\"\" data-large_image_width=\"1024\" data-large_image_height=\"768\"href='https:\/\/www.radiopiu.net\/wordpress\/wp-content\/uploads\/2021\/01\/4c106d88-643f-4e13-b674-6216f3a1fb0d.jpg'><img loading=\"lazy\" decoding=\"async\" width=\"150\" height=\"150\" src=\"https:\/\/www.radiopiu.net\/wordpress\/wp-content\/uploads\/2021\/01\/4c106d88-643f-4e13-b674-6216f3a1fb0d-150x150.jpg\" class=\"attachment-thumbnail size-thumbnail\" alt=\"\" \/><\/a>\n\t\t\t\t<\/dt><\/dl><dl class='gallery-item'>\n\t\t\t\t<dt class='gallery-icon landscape'>\n\t\t\t\t\t<a class=\"rollover rollover-zoom dt-pswp-item\" title=\"1a7b2a30-3156-4a28-acf9-97cf16c7bdd0\" data-dt-img-description=\"\" data-large_image_width=\"1024\" data-large_image_height=\"768\"href='https:\/\/www.radiopiu.net\/wordpress\/wp-content\/uploads\/2021\/01\/1a7b2a30-3156-4a28-acf9-97cf16c7bdd0.jpg'><img loading=\"lazy\" decoding=\"async\" width=\"150\" height=\"150\" src=\"https:\/\/www.radiopiu.net\/wordpress\/wp-content\/uploads\/2021\/01\/1a7b2a30-3156-4a28-acf9-97cf16c7bdd0-150x150.jpg\" class=\"attachment-thumbnail size-thumbnail\" alt=\"\" \/><\/a>\n\t\t\t\t<\/dt><\/dl><dl class='gallery-item'>\n\t\t\t\t<dt class='gallery-icon landscape'>\n\t\t\t\t\t<a class=\"rollover rollover-zoom dt-pswp-item\" title=\"6551be8e-c48a-46db-8ff0-bc83e4d5d070\" data-dt-img-description=\"\" data-large_image_width=\"1328\" data-large_image_height=\"747\"href='https:\/\/www.radiopiu.net\/wordpress\/wp-content\/uploads\/2021\/01\/6551be8e-c48a-46db-8ff0-bc83e4d5d070.jpg'><img loading=\"lazy\" decoding=\"async\" width=\"150\" height=\"150\" src=\"https:\/\/www.radiopiu.net\/wordpress\/wp-content\/uploads\/2021\/01\/6551be8e-c48a-46db-8ff0-bc83e4d5d070-150x150.jpg\" class=\"attachment-thumbnail size-thumbnail\" alt=\"\" \/><\/a>\n\t\t\t\t<\/dt><\/dl><dl class='gallery-item'>\n\t\t\t\t<dt class='gallery-icon landscape'>\n\t\t\t\t\t<a class=\"rollover rollover-zoom dt-pswp-item\" title=\"867c9939-c57f-45a5-ab23-0fbb3975aa4c\" data-dt-img-description=\"\" data-large_image_width=\"1328\" data-large_image_height=\"747\"href='https:\/\/www.radiopiu.net\/wordpress\/wp-content\/uploads\/2021\/01\/867c9939-c57f-45a5-ab23-0fbb3975aa4c.jpg'><img loading=\"lazy\" decoding=\"async\" width=\"150\" height=\"150\" src=\"https:\/\/www.radiopiu.net\/wordpress\/wp-content\/uploads\/2021\/01\/867c9939-c57f-45a5-ab23-0fbb3975aa4c-150x150.jpg\" class=\"attachment-thumbnail size-thumbnail\" alt=\"\" \/><\/a>\n\t\t\t\t<\/dt><\/dl><br style=\"clear: both\" \/><dl class='gallery-item'>\n\t\t\t\t<dt class='gallery-icon landscape'>\n\t\t\t\t\t<a class=\"rollover rollover-zoom dt-pswp-item\" title=\"a7fad28d-c708-4582-917b-2e90a1e11ce8\" data-dt-img-description=\"\" data-large_image_width=\"1024\" data-large_image_height=\"768\"href='https:\/\/www.radiopiu.net\/wordpress\/wp-content\/uploads\/2021\/01\/a7fad28d-c708-4582-917b-2e90a1e11ce8.jpg'><img loading=\"lazy\" decoding=\"async\" width=\"150\" height=\"150\" src=\"https:\/\/www.radiopiu.net\/wordpress\/wp-content\/uploads\/2021\/01\/a7fad28d-c708-4582-917b-2e90a1e11ce8-150x150.jpg\" class=\"attachment-thumbnail size-thumbnail\" alt=\"\" \/><\/a>\n\t\t\t\t<\/dt><\/dl><dl class='gallery-item'>\n\t\t\t\t<dt class='gallery-icon landscape'>\n\t\t\t\t\t<a class=\"rollover rollover-zoom dt-pswp-item\" title=\"66c5a2ea-070d-46cd-a708-250bd4c77107\" data-dt-img-description=\"\" data-large_image_width=\"1080\" data-large_image_height=\"810\"href='https:\/\/www.radiopiu.net\/wordpress\/wp-content\/uploads\/2021\/01\/66c5a2ea-070d-46cd-a708-250bd4c77107.jpg'><img loading=\"lazy\" decoding=\"async\" width=\"150\" height=\"150\" src=\"https:\/\/www.radiopiu.net\/wordpress\/wp-content\/uploads\/2021\/01\/66c5a2ea-070d-46cd-a708-250bd4c77107-150x150.jpg\" class=\"attachment-thumbnail size-thumbnail\" alt=\"\" \/><\/a>\n\t\t\t\t<\/dt><\/dl><dl class='gallery-item'>\n\t\t\t\t<dt class='gallery-icon landscape'>\n\t\t\t\t\t<a class=\"rollover rollover-zoom dt-pswp-item\" title=\"649c9a59-2a74-4160-8dff-15b35ecc40b9\" data-dt-img-description=\"\" data-large_image_width=\"2048\" data-large_image_height=\"1536\"href='https:\/\/www.radiopiu.net\/wordpress\/wp-content\/uploads\/2021\/01\/649c9a59-2a74-4160-8dff-15b35ecc40b9.jpg'><img loading=\"lazy\" decoding=\"async\" width=\"150\" height=\"150\" src=\"https:\/\/www.radiopiu.net\/wordpress\/wp-content\/uploads\/2021\/01\/649c9a59-2a74-4160-8dff-15b35ecc40b9-150x150.jpg\" class=\"attachment-thumbnail size-thumbnail\" alt=\"\" \/><\/a>\n\t\t\t\t<\/dt><\/dl><dl class='gallery-item'>\n\t\t\t\t<dt class='gallery-icon landscape'>\n\t\t\t\t\t<a class=\"rollover rollover-zoom dt-pswp-item\" title=\"dbfdc41d-79cb-4353-80dc-c7fa803059b9\" data-dt-img-description=\"\" data-large_image_width=\"2048\" data-large_image_height=\"1536\"href='https:\/\/www.radiopiu.net\/wordpress\/wp-content\/uploads\/2021\/01\/dbfdc41d-79cb-4353-80dc-c7fa803059b9.jpg'><img loading=\"lazy\" decoding=\"async\" width=\"150\" height=\"150\" src=\"https:\/\/www.radiopiu.net\/wordpress\/wp-content\/uploads\/2021\/01\/dbfdc41d-79cb-4353-80dc-c7fa803059b9-150x150.jpg\" class=\"attachment-thumbnail size-thumbnail\" alt=\"\" \/><\/a>\n\t\t\t\t<\/dt><\/dl>\n\t\t\t\t<br style='clear: both' \/>\n\t\t\t<\/div>\n\n<p>&nbsp;<\/p>\n<hr \/>\n<p>&nbsp;<\/p>\n<blockquote>\n<h3>MALTEMPO. PERMANGONO RISCHIO VALANGHE A LIVELLO 4 E UNA SITUAZIONE DI ATTENZIONE PER RISCHIO IDROGEOLOGICO NELLE PREALPI E IDRAULICO<\/h3>\n<\/blockquote>\n<p><strong><a href=\"https:\/\/www.radiopiu.net\/wordpress\/il-prefetto-di-belluno-firma-unordinanza-in-vista-delle-nevicate-previste-per-domani\/strada-neve\/\" rel=\"attachment wp-att-181680\"><img loading=\"lazy\" decoding=\"async\" class=\"size-medium wp-image-181680 alignleft\" src=\"https:\/\/www.radiopiu.net\/wordpress\/wp-content\/uploads\/2020\/12\/STRADA-NEVE-300x161.jpg\" alt=\"\" width=\"300\" height=\"161\" srcset=\"https:\/\/www.radiopiu.net\/wordpress\/wp-content\/uploads\/2020\/12\/STRADA-NEVE-300x161.jpg 300w, https:\/\/www.radiopiu.net\/wordpress\/wp-content\/uploads\/2020\/12\/STRADA-NEVE-1024x548.jpg 1024w, https:\/\/www.radiopiu.net\/wordpress\/wp-content\/uploads\/2020\/12\/STRADA-NEVE-768x411.jpg 768w, https:\/\/www.radiopiu.net\/wordpress\/wp-content\/uploads\/2020\/12\/STRADA-NEVE-1536x822.jpg 1536w, https:\/\/www.radiopiu.net\/wordpress\/wp-content\/uploads\/2020\/12\/STRADA-NEVE.jpg 1920w\" sizes=\"auto, (max-width: 300px) 100vw, 300px\" \/><\/a>VENEZIA <\/strong>\u00c8 alto il livello di attenzione in Veneto per il maltempo che si sta abbattendo in queste ore, a preoccupare sono soprattutto il livello dei bacini idrici e il rischio valanghe.\u00a0 Nelle ultime ore si sono registrate precipitazioni rilevanti ma non eccezionali con picchi di 160 mm in alcune zone delle Prealpi venete; nelle prossime ore le precipitazioni si esauriranno. A fornire un aggiornamento sulla situazione \u00e8 l\u2019assessore regionale alla Protezione Civile Gianpaolo Bottacin: \u201c<em>Permane una situazione di attenzione per rischio idrogeologico nelle Prealpi venete e di rischio idraulico nei bacini idrici che interessano il vicentino, il padovano e il Veneto orientale. In alcuni casi i livelli dei corsi d&#8217;acqua continueranno a crescere nelle prossime ore ma senza problematiche di rilievo previste. In ogni caso i servizi di piena sono tutti attivati ed \u00e8 stato aperto ieri sera il bacino di laminazione di Montebello<\/em>\u201d. In montagna continua a nevicare senza sosta.\u00a0 \u201c<em>Ha nevicato con quantitativi anche superiori ai 50 cm, mentre a quote basse la pioggia ha appesantito e fatto sciogliere quantitativi di neve che hanno contribuito a ingrossare le portate dei corsi d&#8217;acqua \u2013 prosegue Bottacin &#8211; Permangono chiuse alcune direttrici stradali e a scopo precauzionale sono stati chiusi anche la galleria di Segusino, la panoramica del Comelico, il passo Duran e il tratto tra Misurina e Carbonin<\/em>\u201d. Si ricorda l&#8217;obbligo di uso pneumatici da neve o catene. Si sono registrate slavine in localit\u00e0 Pranolz nel comune di Borgo Valbelluna e Casamazzagno in Comelico. Interrotta in comune di Lamon anche una strada comunale a causa di una slavina. \u201c<em>Ricordo che il rischio valanghe permane a livello 4, per cui si invita la popolazione a non esporsi a tale rischio<\/em>\u201d conclude Bottacin. Il Centro Funzionale Decentrato della Protezione Civile con un nuovo bollettino valido fino alle 8 di luned\u00ec 25 dichiara lo stato di attenzione (allerta gialla) per criticit\u00e0 idrogeologica per i bacini di Piave Pedemontano, Alto Brenta-Alpone, Adige-Garda e lo stato di attenzione (allerta gialla) per criticit\u00e0 idraulica per Alto Brenta-Bacchiglione, Adige-Garda, Basso Brenta-Bacchiglione e Livenza-Tagliamento. Si segnala il rischio di frane sui versanti nelle aree dei bacini di Piave Pedemontano, Alto Brenta-Bacchiglione e Adige-Garda. La situazione meteo \u00e8 in miglioramento. Nelle prossime ore ci sar\u00e0 un progressivo diradamento ed esaurimento delle precipitazioni a partire da ovest. I venti in pianura ruoteranno dai quadranti occidentali, mentre in quota saranno da moderati a tesi dai quadranti occidentali.<\/p>\n<p>&nbsp;<\/p>\n<p>&nbsp;<\/p>\n<hr \/>\n<p>&nbsp;<\/p>\n<blockquote>\n<h3>UNA VALANGA ISOLA L&#8217;ABITATO DI COL D&#8217;ORNELLA. IN POCHE ORE LA STRADA E&#8217; STATA RIAPERTA<\/h3>\n<\/blockquote>\n<p><strong>LIVINALLONGO<\/strong> Ieri mattina una valanga di grosse dimensioni per un fronte di 70 metri ha interessato la strada comunale Ornella isolando per poche ore l\u2019abitato di Col d\u2019Ornella. Per riaprire l\u2019arteria si \u00e8 reso necessario l\u2019utilizzo di un gatto delle nevi oltrech\u00e9 della fresa.\u00a0 &#8220;Importante, come sempre, la sinergia con i privati che in caso di abbondanti nevicate come questa sono fondamentali e per questo li ringrazio di cuore per la disponibilit\u00e0 e l\u2019alto senso civico&#8221; ha detto il sindaco Leandro Grones<\/p>\n\n\t\t\t<style type='text\/css'>\n\t\t\t\t#gallery-2 {\n\t\t\t\t\tmargin: auto;\n\t\t\t\t}\n\t\t\t\t#gallery-2 .gallery-item {\n\t\t\t\t\tfloat: left;\n\t\t\t\t\tmargin-top: 10px;\n\t\t\t\t\ttext-align: center;\n\t\t\t\t\twidth: 50%;\n\t\t\t\t}\n\t\t\t\t#gallery-2 img {\n\t\t\t\t\tborder: 2px solid #cfcfcf;\n\t\t\t\t}\n\t\t\t\t#gallery-2 .gallery-caption {\n\t\t\t\t\tmargin-left: 0;\n\t\t\t\t}\n\t\t\t\t\/* see gallery_shortcode() in wp-includes\/media.php *\/\n\t\t\t<\/style>\n\t\t<div id='gallery-2' class='dt-gallery-container gallery galleryid-186353 gallery-columns-2 gallery-size-medium'><dl class='gallery-item'>\n\t\t\t\t<dt class='gallery-icon landscape'>\n\t\t\t\t\t<a class=\"rollover rollover-zoom dt-pswp-item\" title=\"d6963451-e16a-49e0-914a-cbbd30ff7455\" data-dt-img-description=\"\" data-large_image_width=\"1024\" data-large_image_height=\"768\"href='https:\/\/www.radiopiu.net\/wordpress\/wp-content\/uploads\/2021\/01\/d6963451-e16a-49e0-914a-cbbd30ff7455.jpg'><img loading=\"lazy\" decoding=\"async\" width=\"300\" height=\"225\" src=\"https:\/\/www.radiopiu.net\/wordpress\/wp-content\/uploads\/2021\/01\/d6963451-e16a-49e0-914a-cbbd30ff7455-300x225.jpg\" class=\"attachment-medium size-medium\" alt=\"\" srcset=\"https:\/\/www.radiopiu.net\/wordpress\/wp-content\/uploads\/2021\/01\/d6963451-e16a-49e0-914a-cbbd30ff7455-300x225.jpg 300w, https:\/\/www.radiopiu.net\/wordpress\/wp-content\/uploads\/2021\/01\/d6963451-e16a-49e0-914a-cbbd30ff7455-768x576.jpg 768w, https:\/\/www.radiopiu.net\/wordpress\/wp-content\/uploads\/2021\/01\/d6963451-e16a-49e0-914a-cbbd30ff7455.jpg 1024w\" sizes=\"auto, (max-width: 300px) 100vw, 300px\" \/><\/a>\n\t\t\t\t<\/dt><\/dl><dl class='gallery-item'>\n\t\t\t\t<dt class='gallery-icon landscape'>\n\t\t\t\t\t<a class=\"rollover rollover-zoom dt-pswp-item\" title=\"1c51bf41-e7a6-47d0-aca5-e29eb99a81c4\" data-dt-img-description=\"\" data-large_image_width=\"1024\" data-large_image_height=\"768\"href='https:\/\/www.radiopiu.net\/wordpress\/wp-content\/uploads\/2021\/01\/1c51bf41-e7a6-47d0-aca5-e29eb99a81c4.jpg'><img loading=\"lazy\" decoding=\"async\" width=\"300\" height=\"225\" src=\"https:\/\/www.radiopiu.net\/wordpress\/wp-content\/uploads\/2021\/01\/1c51bf41-e7a6-47d0-aca5-e29eb99a81c4-300x225.jpg\" class=\"attachment-medium size-medium\" alt=\"\" srcset=\"https:\/\/www.radiopiu.net\/wordpress\/wp-content\/uploads\/2021\/01\/1c51bf41-e7a6-47d0-aca5-e29eb99a81c4-300x225.jpg 300w, https:\/\/www.radiopiu.net\/wordpress\/wp-content\/uploads\/2021\/01\/1c51bf41-e7a6-47d0-aca5-e29eb99a81c4-768x576.jpg 768w, https:\/\/www.radiopiu.net\/wordpress\/wp-content\/uploads\/2021\/01\/1c51bf41-e7a6-47d0-aca5-e29eb99a81c4.jpg 1024w\" sizes=\"auto, (max-width: 300px) 100vw, 300px\" \/><\/a>\n\t\t\t\t<\/dt><\/dl><br style=\"clear: both\" \/>\n\t\t\t<\/div>\n\n<p>&nbsp;<\/p>\n<hr \/>\n<p>&nbsp;<\/p>\n<blockquote>\n<h2>L&#8217;APPELLO: ATTENZIONE PERICOLO VALANGHE<\/h2>\n<\/blockquote>\n<p><img loading=\"lazy\" decoding=\"async\" class=\"alignleft\" src=\"https:\/\/www.radiopiu.net\/wordpress\/wp-content\/uploads\/2020\/12\/BOTTACIN-1.png\" width=\"198\" height=\"131\" \/><strong>BELLUNO<\/strong> L&#8217;appello dell&#8217;assessore regionale\u00a0 alla protezione civile Gianpaolo Bottacin.<\/p>\n<audio class=\"wp-audio-shortcode\" id=\"audio-186353-1\" preload=\"none\" style=\"width: 100%;\" controls=\"controls\"><source type=\"audio\/mpeg\" src=\"https:\/\/www.radiopiu.net\/wordpress\/wp-content\/uploads\/2021\/01\/botta.mp3?_=1\" \/><a href=\"https:\/\/www.radiopiu.net\/wordpress\/wp-content\/uploads\/2021\/01\/botta.mp3\">https:\/\/www.radiopiu.net\/wordpress\/wp-content\/uploads\/2021\/01\/botta.mp3<\/a><\/audio>\n<p><em>\u00a0<\/em><\/p>\n<h2><strong><em>RISCHIO VALANGHE PERMANE A LIVELLO 4<\/em><\/strong><\/h2>\n<blockquote><p><em>Si sono registrate precipitazioni rilevanti ma non eccezionali con picchi di 160 mm in alcune zone delle prealpi venete. Nelle prossime ore le precipitazioni si esauriranno. Permane una situazione di attenzione per rischio idrogeologico nelle prealpi venete e rischio idraulico nei bacini idrici che interessano il vicentino, il padovano e il Veneto orientale. In alcuni casi i livelli dei corsi d&#8217;acqua continueranno a crescere nelle prossime ore ma senza prevedibili problematiche. In ogni caso i servizi di piena sono tutti attivati. \u00c8 stato aperto ieri sera il bacino di laminazione di Montebello. In montagna ha nevicato con quantitativi anche superiori ai 50 cm, mentre a quote basse la pioggia ha appesantito e fatto sciogliere quantitativi di neve che hanno contribuito a ingrossare le portate dei corsi d&#8217;acqua. Permangono chiuse alcune direttrici stradali e a scopo precauzionale sono stati chiusi anche la galleria di Segusino, la panoramica del comelico, il passo duran e il tratto tra Misurina e carbonin. Si ricorda l&#8217;obbligo di uso pneumatici da neve o catene. Si sono registrate slavine in localit\u00e0 Panolz nel comune di Borgo Valbelluna e Casamazzagno in Comelico che hanno lievemente interessato qualche edificio senza creare danni. Interrotta in comune di Lamon anche una strada comunale per slavina.\u00a0<\/em><\/p><\/blockquote>\n<p>&nbsp;<\/p>\n<hr \/>\n<p>&nbsp;<\/p>\n<blockquote>\n<h3><img loading=\"lazy\" decoding=\"async\" class=\"alignleft\" src=\"https:\/\/www.radiopiu.net\/wordpress\/wp-content\/uploads\/2021\/01\/salt_20210123_205446_113.jpg\" width=\"173\" height=\"231\" \/>CADE IN NEVEGAL SOCCORSO IN TOBOGA, A CORTINA SOCCORSO UN ANZIANO<\/h3>\n<\/blockquote>\n<div dir=\"auto\"><strong>BELLUNO<\/strong> Nel pomeriggio di ieri\u00a0 il Soccorso alpino di Belluno \u00e8 stato allertato per uno scialpinista che si \u00e8 fatto male in Nevegal, lungo il percorso in cresta tra la Casera e il Giardino botanico. L&#8217;uomo, che si trovava con due amici \u00e8 caduto riportando la probabile lussazione di una spalla, \u00e8 stato raggiunto da una squadra con gli sci d&#8217;alpinismo, che gli ha prestato le prime cure e lo ha caricato sulla barella toboga. L&#8217;infortunato, F.B., 54 anni, di Belluno, \u00e8 stato quindi trasportato dai soccorritori all&#8217;ambulanza in attesa alla Casera, che lo ha accompagnato all&#8217;ospedale<\/div>\n<div dir=\"auto\"><strong>CORTINA<\/strong>\u00a0\u00a0Una squadra del Soccorso alpino di Cortina \u00e8 stata invece inviata in localit\u00e0 Chiamulera, poich\u00e9, a causa delle strade innevate, l&#8217;ambulanza non riusciva ad arrivare nella casa di un anziano che si sentiva poco bene. I soccorritori, messe le catene alla jeep, si sono portate sul posto, hanno imbarcato G.G., 89 anni, di Cortina d&#8217;Ampezzo (BL), e lo hanno accompagnato direttamente al Codivilla.<\/div>\n<p>&nbsp;<\/p>\n<p>&nbsp;<\/p>\n<p>&nbsp;<\/p>\n<p>&nbsp;<\/p>\n<hr \/>\n<blockquote>\n<h3>VALANGHE IN ANTICIPO<\/h3>\n<\/blockquote>\n<p><strong><em>LISTOLADE-CENCENIGHE<\/em><\/strong> Sono gi\u00e0 scese, in destra orografica del torrente Cordevole. La massa di neve \u00e8 venuta gi\u00e0 tanto a Morbiach (difronte allo stabilimento Luxottica e alla localit\u00e0 del Comune di Cencenighe e poco pi\u00f9 avanti prima della galleria che porta a Listolade, sempre in destra orografica del torrente Cordevole.<\/p>\n<p><b>LISTOLADE<\/b><\/p>\n<div style=\"width: 848px;\" class=\"wp-video\"><video class=\"wp-video-shortcode\" id=\"video-186353-1\" width=\"848\" height=\"480\" preload=\"metadata\" controls=\"controls\"><source type=\"video\/mp4\" src=\"https:\/\/www.radiopiu.net\/wordpress\/wp-content\/uploads\/2021\/01\/WhatsApp-Video-2021-01-23-at-15.26.04.mp4?_=1\" \/><a href=\"https:\/\/www.radiopiu.net\/wordpress\/wp-content\/uploads\/2021\/01\/WhatsApp-Video-2021-01-23-at-15.26.04.mp4\">https:\/\/www.radiopiu.net\/wordpress\/wp-content\/uploads\/2021\/01\/WhatsApp-Video-2021-01-23-at-15.26.04.mp4<\/a><\/video><\/div>\n<p><strong>MORBIACH<\/strong><\/p>\n<p><a href=\"https:\/\/www.radiopiu.net\/wordpress\/valanghe-in-anticipo\/ddfa1c03-ad6a-4b8b-bb32-b5d1a0db213e\/\" rel=\"attachment wp-att-186505\"><img loading=\"lazy\" decoding=\"async\" class=\"alignnone size-medium wp-image-186505\" src=\"https:\/\/www.radiopiu.net\/wordpress\/wp-content\/uploads\/2021\/01\/ddfa1c03-ad6a-4b8b-bb32-b5d1a0db213e-300x169.jpg\" alt=\"\" width=\"300\" height=\"169\" srcset=\"https:\/\/www.radiopiu.net\/wordpress\/wp-content\/uploads\/2021\/01\/ddfa1c03-ad6a-4b8b-bb32-b5d1a0db213e-300x169.jpg 300w, https:\/\/www.radiopiu.net\/wordpress\/wp-content\/uploads\/2021\/01\/ddfa1c03-ad6a-4b8b-bb32-b5d1a0db213e-1024x576.jpg 1024w, https:\/\/www.radiopiu.net\/wordpress\/wp-content\/uploads\/2021\/01\/ddfa1c03-ad6a-4b8b-bb32-b5d1a0db213e-768x432.jpg 768w, https:\/\/www.radiopiu.net\/wordpress\/wp-content\/uploads\/2021\/01\/ddfa1c03-ad6a-4b8b-bb32-b5d1a0db213e-1536x864.jpg 1536w, https:\/\/www.radiopiu.net\/wordpress\/wp-content\/uploads\/2021\/01\/ddfa1c03-ad6a-4b8b-bb32-b5d1a0db213e.jpg 1920w\" sizes=\"auto, (max-width: 300px) 100vw, 300px\" \/><\/a><\/p>\n<p>&nbsp;<\/p>\n<hr \/>\n<p>&nbsp;<\/p>\n<blockquote>\n<h3>DOPO QUALCHE GIORNO DI ASSENZA TORNANO I LADRI<\/h3>\n<\/blockquote>\n<p><strong><img loading=\"lazy\" decoding=\"async\" class=\"alignleft\" src=\"https:\/\/www.radiopiu.net\/wordpress\/wp-content\/uploads\/2019\/12\/CARABINIERI-FELTRE-4.jpg\" width=\"120\" height=\"90\" \/>QUERO-VAS<\/strong> Era da un po&#8217; che non si parlava di furti in abitazioni o uffici. Oggi ci risiamo in seguito alla denuncia presentata ai Carabinieri del Norm di Quero Vas. I militari indagano per il furto di barre cilindriche di metalla dalla ditta Mictus Srl. I ladri dopo aver scardinato la porta d&#8217;ingresso ed eluso il sistema d&#8217;allarme collegato regolarmente hanno messo in atto il loro piano rubando barre cilindriche tipo Widia per un valore non meglio precisato, non ancora.<\/p>\n<p>&nbsp;<\/p>\n<p>&nbsp;<\/p>\n<hr \/>\n<p>&nbsp;<\/p>\n<blockquote>\n<h3>BRESCIANO TRUFFATORE DENUNCIATO DAI CARABINIERI DI ARABBA<\/h3>\n<\/blockquote>\n<p><strong>LIVINALLONO<\/strong> Aveva messo in vendita una motocarriola facendosi poi versare 1000 euro di caparra da un 66enne di Arabba,, Poi \u00e8 scomparso. Credeva probabilmente di farla franca ma non ha considerato che sulle sue tracce c&#8217;erano i Carabinieri della stazione di Arabba che hanno raccolto la prima denuncia. Il truffatore della rete internet R.M. 56 anni di Brescia \u00e8 stato denunciato per truffa a mezzo internet<\/p>\n<p>&nbsp;<\/p>\n<p>&nbsp;<\/p>\n<hr \/>\n<p>&nbsp;<\/p>\n<blockquote>\n<h3>VERSA L&#8217;OLIO DAL TERRAZZO SUI MEZZI DEI VIGILI DEL FUOCO, DENUNCIATO<\/h3>\n<\/blockquote>\n<p><strong><img loading=\"lazy\" decoding=\"async\" class=\"alignleft\" src=\"https:\/\/www.radiopiu.net\/wordpress\/wp-content\/uploads\/2018\/03\/CARABINIERI-CORTINA.jpg\" width=\"213\" height=\"127\" \/>LIVINALLONGO<\/strong> I Vigili del Fuoco volontari di Arabba\u00a0 si sono rivolti ai Carabinieri della stazione locale (dipendente da Cortina), non potevano fare altrimenti dopo la doccia d&#8217;olio di motore finito sui mezzi e sul loro materiale. Olio non piovuto dal cielo ma dal terrazzo superiore di propriet\u00e0 di un 50enne. I Carabinieri lo hanno denunciato in stato di libert\u00e0 per imbrattamento di cose. .Su tutte le furie il sindaco Leandro Grones <em>&#8220;Gesti come questi non possono che mettere in difficolt\u00e0 i nostri volontari, che a questo punto vanno l\u00ec in sede malvolentieri. Anche se si sono sempre comportati in modo molto diligente nel rispetto dei residenti&#8221;<\/em><\/p>\n<hr \/>\n<p>&nbsp;<\/p>\n<h3>OGGI SUL CORRIERE DELLE ALPI<\/h3>\n<blockquote>\n<h3>Sedico Servizi finisce nell&#8217;indagine del Nas<\/h3>\n<\/blockquote>\n<p><strong>SEDICO<\/strong> C&#8217;\u00e8 anche Sedico Servizi al centro dell&#8217;indagine nelle case di riposo della provincia. I carabinieri del Nas di Treviso vogliono verificare la regolarit\u00e0 di fabbricazione e utilizzo delle mascherine Ffp2 acquistate su mandato di Uneba, l&#8217;associazione che raccoglie alcune delle strutture per anziani del territorio. L&#8217;inchiesta \u00e8 in mano al pm di Belluno, Simone Marcon.Il blitz dei militari del Nucleo antisofisticazione, scattato a ridosso delle feste natalizie, ha interessato diversi centri servizio. . . .<\/p>\n<p>&nbsp;<\/p>\n<p>&nbsp;<\/p>\n<hr \/>\n<blockquote>\n<h3>IN FUNZIONE L&#8217;IMPIANTO PER STACCARE LE VALANGHE DA REMOTO<\/h3>\n<\/blockquote>\n<p><strong>ROCCA PIETORE\u00a0<\/strong>Sono in funzione i sistemi che gestiscono da remoto le valanghe. A comunicarlo il sindaco di Rocca Pietore Andrea De Bernardin che spiega di cosa si tratta e quali sono le funzioni degli Obel&#8217;x.<\/p>\n<p><strong>IL SINDACO DI ROCCA PIETORE ANDREA DE BERNARDIN<\/strong><\/p>\n<audio class=\"wp-audio-shortcode\" id=\"audio-186353-2\" preload=\"none\" style=\"width: 100%;\" controls=\"controls\"><source type=\"audio\/mpeg\" src=\"https:\/\/www.radiopiu.net\/wordpress\/wp-content\/uploads\/2021\/01\/DE-BERNARDIN-OBELX.mp3?_=2\" \/><a href=\"https:\/\/www.radiopiu.net\/wordpress\/wp-content\/uploads\/2021\/01\/DE-BERNARDIN-OBELX.mp3\">https:\/\/www.radiopiu.net\/wordpress\/wp-content\/uploads\/2021\/01\/DE-BERNARDIN-OBELX.mp3<\/a><\/audio>\n<p>&nbsp;<\/p>\n<p><strong>LE FOTO DEGLI OBEL&#8217;X<\/strong><\/p>\n\n\t\t\t<style type='text\/css'>\n\t\t\t\t#gallery-3 {\n\t\t\t\t\tmargin: auto;\n\t\t\t\t}\n\t\t\t\t#gallery-3 .gallery-item {\n\t\t\t\t\tfloat: left;\n\t\t\t\t\tmargin-top: 10px;\n\t\t\t\t\ttext-align: center;\n\t\t\t\t\twidth: 20%;\n\t\t\t\t}\n\t\t\t\t#gallery-3 img {\n\t\t\t\t\tborder: 2px solid #cfcfcf;\n\t\t\t\t}\n\t\t\t\t#gallery-3 .gallery-caption {\n\t\t\t\t\tmargin-left: 0;\n\t\t\t\t}\n\t\t\t\t\/* see gallery_shortcode() in wp-includes\/media.php *\/\n\t\t\t<\/style>\n\t\t<div id='gallery-3' class='dt-gallery-container gallery galleryid-186353 gallery-columns-5 gallery-size-thumbnail'><dl class='gallery-item'>\n\t\t\t\t<dt class='gallery-icon portrait'>\n\t\t\t\t\t<a class=\"rollover rollover-zoom dt-pswp-item\" title=\"e46fc72c-c91f-4f16-bb72-e88129bc1fc8\" data-dt-img-description=\"\" data-large_image_width=\"750\" data-large_image_height=\"1000\"href='https:\/\/www.radiopiu.net\/wordpress\/wp-content\/uploads\/2021\/01\/e46fc72c-c91f-4f16-bb72-e88129bc1fc8.jpg'><img loading=\"lazy\" decoding=\"async\" width=\"150\" height=\"150\" src=\"https:\/\/www.radiopiu.net\/wordpress\/wp-content\/uploads\/2021\/01\/e46fc72c-c91f-4f16-bb72-e88129bc1fc8-150x150.jpg\" class=\"attachment-thumbnail size-thumbnail\" alt=\"\" \/><\/a>\n\t\t\t\t<\/dt><\/dl><dl class='gallery-item'>\n\t\t\t\t<dt class='gallery-icon portrait'>\n\t\t\t\t\t<a class=\"rollover rollover-zoom dt-pswp-item\" title=\"7539d07c-c4ab-4030-941e-02095250f643\" data-dt-img-description=\"\" data-large_image_width=\"768\" data-large_image_height=\"1024\"href='https:\/\/www.radiopiu.net\/wordpress\/wp-content\/uploads\/2021\/01\/7539d07c-c4ab-4030-941e-02095250f643.jpg'><img loading=\"lazy\" decoding=\"async\" width=\"150\" height=\"150\" src=\"https:\/\/www.radiopiu.net\/wordpress\/wp-content\/uploads\/2021\/01\/7539d07c-c4ab-4030-941e-02095250f643-150x150.jpg\" class=\"attachment-thumbnail size-thumbnail\" alt=\"\" \/><\/a>\n\t\t\t\t<\/dt><\/dl><dl class='gallery-item'>\n\t\t\t\t<dt class='gallery-icon portrait'>\n\t\t\t\t\t<a class=\"rollover rollover-zoom dt-pswp-item\" title=\"784fad6f-eb6f-4068-ac56-002351e59948\" data-dt-img-description=\"\" data-large_image_width=\"751\" data-large_image_height=\"1024\"href='https:\/\/www.radiopiu.net\/wordpress\/wp-content\/uploads\/2021\/01\/784fad6f-eb6f-4068-ac56-002351e59948.jpg'><img loading=\"lazy\" decoding=\"async\" width=\"150\" height=\"150\" src=\"https:\/\/www.radiopiu.net\/wordpress\/wp-content\/uploads\/2021\/01\/784fad6f-eb6f-4068-ac56-002351e59948-150x150.jpg\" class=\"attachment-thumbnail size-thumbnail\" alt=\"\" \/><\/a>\n\t\t\t\t<\/dt><\/dl><dl class='gallery-item'>\n\t\t\t\t<dt class='gallery-icon landscape'>\n\t\t\t\t\t<a class=\"rollover rollover-zoom dt-pswp-item\" title=\"b9c1a3f0-f538-48a7-922b-5259fd34e869\" data-dt-img-description=\"\" data-large_image_width=\"1332\" data-large_image_height=\"1000\"href='https:\/\/www.radiopiu.net\/wordpress\/wp-content\/uploads\/2021\/01\/b9c1a3f0-f538-48a7-922b-5259fd34e869.jpg'><img loading=\"lazy\" decoding=\"async\" width=\"150\" height=\"150\" src=\"https:\/\/www.radiopiu.net\/wordpress\/wp-content\/uploads\/2021\/01\/b9c1a3f0-f538-48a7-922b-5259fd34e869-150x150.jpg\" class=\"attachment-thumbnail size-thumbnail\" alt=\"\" \/><\/a>\n\t\t\t\t<\/dt><\/dl><dl class='gallery-item'>\n\t\t\t\t<dt class='gallery-icon portrait'>\n\t\t\t\t\t<a class=\"rollover rollover-zoom dt-pswp-item\" title=\"824d1ec9-cc08-4a15-9a84-3bf1b61ce6e3\" data-dt-img-description=\"\" data-large_image_width=\"683\" data-large_image_height=\"1024\"href='https:\/\/www.radiopiu.net\/wordpress\/wp-content\/uploads\/2021\/01\/824d1ec9-cc08-4a15-9a84-3bf1b61ce6e3.jpg'><img loading=\"lazy\" decoding=\"async\" width=\"150\" height=\"150\" src=\"https:\/\/www.radiopiu.net\/wordpress\/wp-content\/uploads\/2021\/01\/824d1ec9-cc08-4a15-9a84-3bf1b61ce6e3-150x150.jpg\" class=\"attachment-thumbnail size-thumbnail\" alt=\"\" \/><\/a>\n\t\t\t\t<\/dt><\/dl><br style=\"clear: both\" \/><dl class='gallery-item'>\n\t\t\t\t<dt class='gallery-icon portrait'>\n\t\t\t\t\t<a class=\"rollover rollover-zoom dt-pswp-item\" title=\"baa22f3e-5280-4f46-9c6e-b284a7dd4c73\" data-dt-img-description=\"\" data-large_image_width=\"750\" data-large_image_height=\"1000\"href='https:\/\/www.radiopiu.net\/wordpress\/wp-content\/uploads\/2021\/01\/baa22f3e-5280-4f46-9c6e-b284a7dd4c73.jpg'><img loading=\"lazy\" decoding=\"async\" width=\"150\" height=\"150\" src=\"https:\/\/www.radiopiu.net\/wordpress\/wp-content\/uploads\/2021\/01\/baa22f3e-5280-4f46-9c6e-b284a7dd4c73-150x150.jpg\" class=\"attachment-thumbnail size-thumbnail\" alt=\"\" \/><\/a>\n\t\t\t\t<\/dt><\/dl><dl class='gallery-item'>\n\t\t\t\t<dt class='gallery-icon landscape'>\n\t\t\t\t\t<a class=\"rollover rollover-zoom dt-pswp-item\" title=\"5aca6a00-28ac-4546-aa50-7bdd60ce965e\" data-dt-img-description=\"\" data-large_image_width=\"1024\" data-large_image_height=\"683\"href='https:\/\/www.radiopiu.net\/wordpress\/wp-content\/uploads\/2021\/01\/5aca6a00-28ac-4546-aa50-7bdd60ce965e.jpg'><img loading=\"lazy\" decoding=\"async\" width=\"150\" height=\"150\" src=\"https:\/\/www.radiopiu.net\/wordpress\/wp-content\/uploads\/2021\/01\/5aca6a00-28ac-4546-aa50-7bdd60ce965e-150x150.jpg\" class=\"attachment-thumbnail size-thumbnail\" alt=\"\" \/><\/a>\n\t\t\t\t<\/dt><\/dl><dl class='gallery-item'>\n\t\t\t\t<dt class='gallery-icon landscape'>\n\t\t\t\t\t<a class=\"rollover rollover-zoom dt-pswp-item\" title=\"e64edbc6-1d2e-4429-84d3-47f4c6ef8f56\" data-dt-img-description=\"\" data-large_image_width=\"1024\" data-large_image_height=\"683\"href='https:\/\/www.radiopiu.net\/wordpress\/wp-content\/uploads\/2021\/01\/e64edbc6-1d2e-4429-84d3-47f4c6ef8f56.jpg'><img loading=\"lazy\" decoding=\"async\" width=\"150\" height=\"150\" src=\"https:\/\/www.radiopiu.net\/wordpress\/wp-content\/uploads\/2021\/01\/e64edbc6-1d2e-4429-84d3-47f4c6ef8f56-150x150.jpg\" class=\"attachment-thumbnail size-thumbnail\" alt=\"\" \/><\/a>\n\t\t\t\t<\/dt><\/dl><dl class='gallery-item'>\n\t\t\t\t<dt class='gallery-icon landscape'>\n\t\t\t\t\t<a class=\"rollover rollover-zoom dt-pswp-item\" title=\"efab4e60-3faf-4b45-a4eb-9400c1ac5793\" data-dt-img-description=\"\" data-large_image_width=\"1024\" data-large_image_height=\"768\"href='https:\/\/www.radiopiu.net\/wordpress\/wp-content\/uploads\/2021\/01\/efab4e60-3faf-4b45-a4eb-9400c1ac5793.jpg'><img loading=\"lazy\" decoding=\"async\" width=\"150\" height=\"150\" src=\"https:\/\/www.radiopiu.net\/wordpress\/wp-content\/uploads\/2021\/01\/efab4e60-3faf-4b45-a4eb-9400c1ac5793-150x150.jpg\" class=\"attachment-thumbnail size-thumbnail\" alt=\"\" \/><\/a>\n\t\t\t\t<\/dt><\/dl>\n\t\t\t\t<br style='clear: both' \/>\n\t\t\t<\/div>\n\n<p>&nbsp;<\/p>\n<p><strong>IL VIDEO<\/strong><\/p>\n<div style=\"width: 1200px;\" class=\"wp-video\"><video class=\"wp-video-shortcode\" id=\"video-186353-2\" width=\"1200\" height=\"675\" preload=\"metadata\" controls=\"controls\"><source type=\"video\/mp4\" src=\"https:\/\/www.radiopiu.net\/wordpress\/wp-content\/uploads\/2021\/01\/OBELX-ROCCA.mp4?_=2\" \/><a href=\"https:\/\/www.radiopiu.net\/wordpress\/wp-content\/uploads\/2021\/01\/OBELX-ROCCA.mp4\">https:\/\/www.radiopiu.net\/wordpress\/wp-content\/uploads\/2021\/01\/OBELX-ROCCA.mp4<\/a><\/video><\/div>\n<p>&nbsp;<\/p>\n<hr \/>\n<p>&nbsp;<\/p>\n<blockquote class=\"wp-embedded-content\" data-secret=\"VV41rHc61I\"><p><a href=\"https:\/\/www.radiopiu.net\/wordpress\/agg-gen23\/\">CORONAVIRUS: AGGIORNAMENTO NAZIONALE 23 GENNAIO 2021<\/a><\/p><\/blockquote>\n<p><iframe loading=\"lazy\" class=\"wp-embedded-content\" sandbox=\"allow-scripts\" security=\"restricted\" style=\"position: absolute; clip: rect(1px, 1px, 1px, 1px);\" title=\"&#8220;CORONAVIRUS: AGGIORNAMENTO NAZIONALE 23 GENNAIO 2021&#8221; &#8212; Radio Pi\u00f9\" src=\"https:\/\/www.radiopiu.net\/wordpress\/agg-gen23\/embed\/#?secret=VV41rHc61I\" data-secret=\"VV41rHc61I\" width=\"600\" height=\"338\" frameborder=\"0\" marginwidth=\"0\" marginheight=\"0\" scrolling=\"no\"><\/iframe><\/p>\n<p>&nbsp;<\/p>\n<hr \/>\n<p>&nbsp;<\/p>\n<blockquote class=\"wp-embedded-content\" data-secret=\"5eNmen3fwb\"><p><a href=\"https:\/\/www.radiopiu.net\/wordpress\/in-24-ore-poco-meno-di-mille-nuovi-positivi-in-veneto-50-decessi-ricoveri-in-calo-3276-negativizzati-a-belluno-50-nuove-positivita\/\">IN 24 ORE POCO MENO DI MILLE NUOVI POSITIVI IN VENETO. 50 DECESSI, RICOVERI IN CALO, 3276 NEGATIVIZZATI. A BELLUNO 50 NUOVE POSITIVITA&#8217;<\/a><\/p><\/blockquote>\n<p><iframe loading=\"lazy\" class=\"wp-embedded-content\" sandbox=\"allow-scripts\" security=\"restricted\" style=\"position: absolute; clip: rect(1px, 1px, 1px, 1px);\" title=\"&#8220;IN 24 ORE POCO MENO DI MILLE NUOVI POSITIVI IN VENETO. 50 DECESSI, RICOVERI IN CALO, 3276 NEGATIVIZZATI. A BELLUNO 50 NUOVE POSITIVITA&#8217;&#8221; &#8212; Radio Pi\u00f9\" src=\"https:\/\/www.radiopiu.net\/wordpress\/in-24-ore-poco-meno-di-mille-nuovi-positivi-in-veneto-50-decessi-ricoveri-in-calo-3276-negativizzati-a-belluno-50-nuove-positivita\/embed\/#?secret=5eNmen3fwb\" data-secret=\"5eNmen3fwb\" width=\"600\" height=\"338\" frameborder=\"0\" marginwidth=\"0\" marginheight=\"0\" scrolling=\"no\"><\/iframe><\/p>\n<p>&nbsp;<\/p>\n<hr \/>\n<p>&nbsp;<\/p>\n<blockquote class=\"wp-embedded-content\" data-secret=\"7yL5qgjWFi\"><p><a href=\"https:\/\/www.radiopiu.net\/wordpress\/in-calo-i-ricoveri-sia-in-regione-che-in-provincia-i-grafici-di-azienda-zero\/\">IN CALO I RICOVERI SIA IN REGIONE CHE IN PROVINCIA. I GRAFICI DI AZIENDA ZERO<\/a><\/p><\/blockquote>\n<p><iframe loading=\"lazy\" class=\"wp-embedded-content\" sandbox=\"allow-scripts\" security=\"restricted\" style=\"position: absolute; clip: rect(1px, 1px, 1px, 1px);\" title=\"&#8220;IN CALO I RICOVERI SIA IN REGIONE CHE IN PROVINCIA. I GRAFICI DI AZIENDA ZERO&#8221; &#8212; Radio Pi\u00f9\" src=\"https:\/\/www.radiopiu.net\/wordpress\/in-calo-i-ricoveri-sia-in-regione-che-in-provincia-i-grafici-di-azienda-zero\/embed\/#?secret=7yL5qgjWFi\" data-secret=\"7yL5qgjWFi\" width=\"600\" height=\"338\" frameborder=\"0\" marginwidth=\"0\" marginheight=\"0\" scrolling=\"no\"><\/iframe><\/p>\n<p>&nbsp;<\/p>\n<hr \/>\n<p>&nbsp;<\/p>\n<blockquote>\n<h3>I GRAFICI DI TIZIANO DE COL<\/h3>\n<\/blockquote>\n\n\t\t\t<style type='text\/css'>\n\t\t\t\t#gallery-4 {\n\t\t\t\t\tmargin: auto;\n\t\t\t\t}\n\t\t\t\t#gallery-4 .gallery-item {\n\t\t\t\t\tfloat: left;\n\t\t\t\t\tmargin-top: 10px;\n\t\t\t\t\ttext-align: center;\n\t\t\t\t\twidth: 25%;\n\t\t\t\t}\n\t\t\t\t#gallery-4 img {\n\t\t\t\t\tborder: 2px solid #cfcfcf;\n\t\t\t\t}\n\t\t\t\t#gallery-4 .gallery-caption {\n\t\t\t\t\tmargin-left: 0;\n\t\t\t\t}\n\t\t\t\t\/* see gallery_shortcode() in wp-includes\/media.php *\/\n\t\t\t<\/style>\n\t\t<div id='gallery-4' class='dt-gallery-container gallery galleryid-186353 gallery-columns-4 gallery-size-medium'><dl class='gallery-item'>\n\t\t\t\t<dt class='gallery-icon landscape'>\n\t\t\t\t\t<a class=\"rollover rollover-zoom dt-pswp-item\" title=\"95155c8f-8acd-4b42-ba4a-d800e3f27b7f\" data-dt-img-description=\"\" data-large_image_width=\"588\" data-large_image_height=\"354\"href='https:\/\/www.radiopiu.net\/wordpress\/wp-content\/uploads\/2021\/01\/95155c8f-8acd-4b42-ba4a-d800e3f27b7f.jpg'><img loading=\"lazy\" decoding=\"async\" width=\"300\" height=\"181\" src=\"https:\/\/www.radiopiu.net\/wordpress\/wp-content\/uploads\/2021\/01\/95155c8f-8acd-4b42-ba4a-d800e3f27b7f-300x181.jpg\" class=\"attachment-medium size-medium\" alt=\"\" srcset=\"https:\/\/www.radiopiu.net\/wordpress\/wp-content\/uploads\/2021\/01\/95155c8f-8acd-4b42-ba4a-d800e3f27b7f-300x181.jpg 300w, https:\/\/www.radiopiu.net\/wordpress\/wp-content\/uploads\/2021\/01\/95155c8f-8acd-4b42-ba4a-d800e3f27b7f.jpg 588w\" sizes=\"auto, (max-width: 300px) 100vw, 300px\" \/><\/a>\n\t\t\t\t<\/dt><\/dl><dl class='gallery-item'>\n\t\t\t\t<dt class='gallery-icon landscape'>\n\t\t\t\t\t<a class=\"rollover rollover-zoom dt-pswp-item\" title=\"36633c76-e63f-4162-9e11-4d4167cc9be9\" data-dt-img-description=\"\" data-large_image_width=\"600\" data-large_image_height=\"356\"href='https:\/\/www.radiopiu.net\/wordpress\/wp-content\/uploads\/2021\/01\/36633c76-e63f-4162-9e11-4d4167cc9be9.jpg'><img loading=\"lazy\" decoding=\"async\" width=\"300\" height=\"178\" src=\"https:\/\/www.radiopiu.net\/wordpress\/wp-content\/uploads\/2021\/01\/36633c76-e63f-4162-9e11-4d4167cc9be9-300x178.jpg\" class=\"attachment-medium size-medium\" alt=\"\" srcset=\"https:\/\/www.radiopiu.net\/wordpress\/wp-content\/uploads\/2021\/01\/36633c76-e63f-4162-9e11-4d4167cc9be9-300x178.jpg 300w, https:\/\/www.radiopiu.net\/wordpress\/wp-content\/uploads\/2021\/01\/36633c76-e63f-4162-9e11-4d4167cc9be9.jpg 600w\" sizes=\"auto, (max-width: 300px) 100vw, 300px\" \/><\/a>\n\t\t\t\t<\/dt><\/dl><dl class='gallery-item'>\n\t\t\t\t<dt class='gallery-icon landscape'>\n\t\t\t\t\t<a class=\"rollover rollover-zoom dt-pswp-item\" title=\"61ab74c3-40ab-47f5-900a-29a5653c31d6\" data-dt-img-description=\"\" data-large_image_width=\"602\" data-large_image_height=\"356\"href='https:\/\/www.radiopiu.net\/wordpress\/wp-content\/uploads\/2021\/01\/61ab74c3-40ab-47f5-900a-29a5653c31d6.jpg'><img loading=\"lazy\" decoding=\"async\" width=\"300\" height=\"177\" src=\"https:\/\/www.radiopiu.net\/wordpress\/wp-content\/uploads\/2021\/01\/61ab74c3-40ab-47f5-900a-29a5653c31d6-300x177.jpg\" class=\"attachment-medium size-medium\" alt=\"\" srcset=\"https:\/\/www.radiopiu.net\/wordpress\/wp-content\/uploads\/2021\/01\/61ab74c3-40ab-47f5-900a-29a5653c31d6-300x177.jpg 300w, https:\/\/www.radiopiu.net\/wordpress\/wp-content\/uploads\/2021\/01\/61ab74c3-40ab-47f5-900a-29a5653c31d6.jpg 602w\" sizes=\"auto, (max-width: 300px) 100vw, 300px\" \/><\/a>\n\t\t\t\t<\/dt><\/dl><dl class='gallery-item'>\n\t\t\t\t<dt class='gallery-icon landscape'>\n\t\t\t\t\t<a class=\"rollover rollover-zoom dt-pswp-item\" title=\"9a15b45d-21e8-4514-82d7-918014067fcb\" data-dt-img-description=\"\" data-large_image_width=\"614\" data-large_image_height=\"356\"href='https:\/\/www.radiopiu.net\/wordpress\/wp-content\/uploads\/2021\/01\/9a15b45d-21e8-4514-82d7-918014067fcb.jpg'><img loading=\"lazy\" decoding=\"async\" width=\"300\" height=\"174\" src=\"https:\/\/www.radiopiu.net\/wordpress\/wp-content\/uploads\/2021\/01\/9a15b45d-21e8-4514-82d7-918014067fcb-300x174.jpg\" class=\"attachment-medium size-medium\" alt=\"\" srcset=\"https:\/\/www.radiopiu.net\/wordpress\/wp-content\/uploads\/2021\/01\/9a15b45d-21e8-4514-82d7-918014067fcb-300x174.jpg 300w, https:\/\/www.radiopiu.net\/wordpress\/wp-content\/uploads\/2021\/01\/9a15b45d-21e8-4514-82d7-918014067fcb.jpg 614w\" sizes=\"auto, (max-width: 300px) 100vw, 300px\" \/><\/a>\n\t\t\t\t<\/dt><\/dl><br style=\"clear: both\" \/>\n\t\t\t<\/div>\n\n<p>&nbsp;<\/p>\n<hr \/>\n<p>&nbsp;<\/p>\n<blockquote>\n<h3>IL PUNTO DELLA POLIZIA LOCALE DI FELTRE SULLE ATTIVITA&#8217; SVOLTE NEL 2020<\/h3>\n<\/blockquote>\n<p><strong>FELTRE\u00a0 <\/strong>Si \u00e8 tenuta presso il Comando di Polizia Locale del Comune di Feltre la conferenza stampa di presentazione dell\u2019attivit\u00e0 condotta dagli agenti dello stesso Corpo in merito ai controlli sui conferimenti dei rifiuti da parte dei cittadini presso le piazzole ecologiche nel corso dell\u2019anno 2020. L\u2019attivit\u00e0 \u00e8 andata di pari passo con quella di sensibilizzazione e \u201caccompagnamento\u201d degli utenti al rispetto delle regole di convivenza civile e di corretto conferimento in uso, in base ai regolamenti comunali in essere. Se infatti il Comune di Feltre si pone da tempo ai vertici delle classifiche regionali e nazionali, per centri omogenei, nella raccolta differenziata, \u00e8 altrettanto evidente che il processo di miglioramento delle quantit\u00e0 e della qualit\u00e0 dei materiali conferiti deve essere costante, con l\u2019obiettivo di contenere, anche in ottica prospettica, i costi del servizio e migliorarne le caratteristiche. A fronte della grande maggioranza dei cittadini che adottano comportamenti corretti, vengono rilevati alcuni casi \u2013 talora recidivi \u2013 di partiche scorrette, quali, tra le altre, il conferimento di rifiuti a terra nell\u2019area delle piazzole ecologiche (talora anche da parte di cittadini di altri comuni), l\u2019abbandono in suoli aperti, l\u2019introduzione di materiali non idonei nelle campane della differenziata, o l\u2019accesso non corretto all\u2019ecocentro. La pratica di accertamento delle irregolarit\u00e0, condotta con varie metodologie &#8211; come l\u2019utilizzo di apparecchiature di videosorveglianza fissa o mobile, la presenza degli agenti nelle piazzole ecologiche e l\u2019ispezione dei materiali abbandonati &#8211; prevede la convocazione degli utenti presso il comando di Polizia Locale per l\u2019esposizione della questione ed eventualmente, in un secondo momento, l\u2019emissione della sanzione. Questo perch\u00e9 l\u2019obiettivo primario non \u00e8 riscuotere somme peraltro irrisorie rispetto al montante del costo generale del servizio, ma dissuadere gli utenti dal porre in essere partiche non adeguate, i cui costi si riversano sulla collettivit\u00e0, e quindi anche sui cittadini attenti e virtuosi. Nel corso del 2020 sono stati portati a termine oltre 70 accertamenti, che hanno dato il via a 50 verbali di contestazione. In relazione a questi sono state elevate sanzioni per circa 12 mila euro. Nei primi venti giorni del 2021 gli accertamenti avviati sono una dozzina.<\/p>\n<p><strong>ADIS ZATTA, ASSESSORE SULLA GESTIONE DEL TERRITORIO DEL COMUNE DI FELTRE<\/strong><\/p>\n<audio class=\"wp-audio-shortcode\" id=\"audio-186353-3\" preload=\"none\" style=\"width: 100%;\" controls=\"controls\"><source type=\"audio\/mpeg\" src=\"https:\/\/www.radiopiu.net\/wordpress\/wp-content\/uploads\/2021\/01\/ZATTA-POLIZIA-LOCALE.mp3?_=3\" \/><a href=\"https:\/\/www.radiopiu.net\/wordpress\/wp-content\/uploads\/2021\/01\/ZATTA-POLIZIA-LOCALE.mp3\">https:\/\/www.radiopiu.net\/wordpress\/wp-content\/uploads\/2021\/01\/ZATTA-POLIZIA-LOCALE.mp3<\/a><\/audio>\n<p>&nbsp;<\/p>\n\n\t\t\t<style type='text\/css'>\n\t\t\t\t#gallery-5 {\n\t\t\t\t\tmargin: auto;\n\t\t\t\t}\n\t\t\t\t#gallery-5 .gallery-item {\n\t\t\t\t\tfloat: left;\n\t\t\t\t\tmargin-top: 10px;\n\t\t\t\t\ttext-align: center;\n\t\t\t\t\twidth: 33%;\n\t\t\t\t}\n\t\t\t\t#gallery-5 img {\n\t\t\t\t\tborder: 2px solid #cfcfcf;\n\t\t\t\t}\n\t\t\t\t#gallery-5 .gallery-caption {\n\t\t\t\t\tmargin-left: 0;\n\t\t\t\t}\n\t\t\t\t\/* see gallery_shortcode() in wp-includes\/media.php *\/\n\t\t\t<\/style>\n\t\t<div id='gallery-5' class='dt-gallery-container gallery galleryid-186353 gallery-columns-3 gallery-size-medium'><dl class='gallery-item'>\n\t\t\t\t<dt class='gallery-icon landscape'>\n\t\t\t\t\t<a class=\"rollover rollover-zoom dt-pswp-item\" title=\"ad4be7be-ab9e-4df2-b978-87d77141a8a3\" data-dt-img-description=\"\" data-large_image_width=\"2048\" data-large_image_height=\"1152\"href='https:\/\/www.radiopiu.net\/wordpress\/wp-content\/uploads\/2021\/01\/ad4be7be-ab9e-4df2-b978-87d77141a8a3.jpg'><img loading=\"lazy\" decoding=\"async\" width=\"300\" height=\"169\" src=\"https:\/\/www.radiopiu.net\/wordpress\/wp-content\/uploads\/2021\/01\/ad4be7be-ab9e-4df2-b978-87d77141a8a3-300x169.jpg\" class=\"attachment-medium size-medium\" alt=\"\" srcset=\"https:\/\/www.radiopiu.net\/wordpress\/wp-content\/uploads\/2021\/01\/ad4be7be-ab9e-4df2-b978-87d77141a8a3-300x169.jpg 300w, https:\/\/www.radiopiu.net\/wordpress\/wp-content\/uploads\/2021\/01\/ad4be7be-ab9e-4df2-b978-87d77141a8a3-1024x576.jpg 1024w, https:\/\/www.radiopiu.net\/wordpress\/wp-content\/uploads\/2021\/01\/ad4be7be-ab9e-4df2-b978-87d77141a8a3-768x432.jpg 768w, https:\/\/www.radiopiu.net\/wordpress\/wp-content\/uploads\/2021\/01\/ad4be7be-ab9e-4df2-b978-87d77141a8a3-1536x864.jpg 1536w, https:\/\/www.radiopiu.net\/wordpress\/wp-content\/uploads\/2021\/01\/ad4be7be-ab9e-4df2-b978-87d77141a8a3.jpg 2048w\" sizes=\"auto, (max-width: 300px) 100vw, 300px\" \/><\/a>\n\t\t\t\t<\/dt><\/dl><dl class='gallery-item'>\n\t\t\t\t<dt class='gallery-icon landscape'>\n\t\t\t\t\t<a class=\"rollover rollover-zoom dt-pswp-item\" title=\"e917d683-be3a-4a25-904b-ef6664b754a5\" data-dt-img-description=\"\" data-large_image_width=\"1599\" data-large_image_height=\"1200\"href='https:\/\/www.radiopiu.net\/wordpress\/wp-content\/uploads\/2021\/01\/e917d683-be3a-4a25-904b-ef6664b754a5.jpg'><img loading=\"lazy\" decoding=\"async\" width=\"300\" height=\"225\" src=\"https:\/\/www.radiopiu.net\/wordpress\/wp-content\/uploads\/2021\/01\/e917d683-be3a-4a25-904b-ef6664b754a5-300x225.jpg\" class=\"attachment-medium size-medium\" alt=\"\" srcset=\"https:\/\/www.radiopiu.net\/wordpress\/wp-content\/uploads\/2021\/01\/e917d683-be3a-4a25-904b-ef6664b754a5-300x225.jpg 300w, https:\/\/www.radiopiu.net\/wordpress\/wp-content\/uploads\/2021\/01\/e917d683-be3a-4a25-904b-ef6664b754a5-1024x768.jpg 1024w, https:\/\/www.radiopiu.net\/wordpress\/wp-content\/uploads\/2021\/01\/e917d683-be3a-4a25-904b-ef6664b754a5-768x576.jpg 768w, https:\/\/www.radiopiu.net\/wordpress\/wp-content\/uploads\/2021\/01\/e917d683-be3a-4a25-904b-ef6664b754a5-1536x1153.jpg 1536w, https:\/\/www.radiopiu.net\/wordpress\/wp-content\/uploads\/2021\/01\/e917d683-be3a-4a25-904b-ef6664b754a5.jpg 1599w\" sizes=\"auto, (max-width: 300px) 100vw, 300px\" \/><\/a>\n\t\t\t\t<\/dt><\/dl><dl class='gallery-item'>\n\t\t\t\t<dt class='gallery-icon landscape'>\n\t\t\t\t\t<a class=\"rollover rollover-zoom dt-pswp-item\" title=\"c9a539b8-0841-4175-9ddd-f54a842b41c1\" data-dt-img-description=\"\" data-large_image_width=\"1620\" data-large_image_height=\"789\"href='https:\/\/www.radiopiu.net\/wordpress\/wp-content\/uploads\/2021\/01\/c9a539b8-0841-4175-9ddd-f54a842b41c1.jpg'><img loading=\"lazy\" decoding=\"async\" width=\"300\" height=\"146\" src=\"https:\/\/www.radiopiu.net\/wordpress\/wp-content\/uploads\/2021\/01\/c9a539b8-0841-4175-9ddd-f54a842b41c1-300x146.jpg\" class=\"attachment-medium size-medium\" alt=\"\" srcset=\"https:\/\/www.radiopiu.net\/wordpress\/wp-content\/uploads\/2021\/01\/c9a539b8-0841-4175-9ddd-f54a842b41c1-300x146.jpg 300w, https:\/\/www.radiopiu.net\/wordpress\/wp-content\/uploads\/2021\/01\/c9a539b8-0841-4175-9ddd-f54a842b41c1-1024x499.jpg 1024w, https:\/\/www.radiopiu.net\/wordpress\/wp-content\/uploads\/2021\/01\/c9a539b8-0841-4175-9ddd-f54a842b41c1-768x374.jpg 768w, https:\/\/www.radiopiu.net\/wordpress\/wp-content\/uploads\/2021\/01\/c9a539b8-0841-4175-9ddd-f54a842b41c1-1536x748.jpg 1536w, https:\/\/www.radiopiu.net\/wordpress\/wp-content\/uploads\/2021\/01\/c9a539b8-0841-4175-9ddd-f54a842b41c1.jpg 1620w\" sizes=\"auto, (max-width: 300px) 100vw, 300px\" \/><\/a>\n\t\t\t\t<\/dt><\/dl><br style=\"clear: both\" \/>\n\t\t\t<\/div>\n\n<p>&nbsp;<\/p>\n<hr \/>\n<p>&nbsp;<\/p>\n<blockquote>\n<h3>VERTENZA CON LA COOPERATIVA FELTREGHIACCIO, FIRMATO L&#8217;ACCORDO TRANSATTIVO<\/h3>\n<\/blockquote>\n<p><strong><a href=\"https:\/\/www.radiopiu.net\/wordpress\/un-milione-e-mezzo-per-il-palaghiaccio-via-libera-al-progetto-esecutivo\/palaghiaccio-drio-le-rive\/\" rel=\"attachment wp-att-119967\"><img loading=\"lazy\" decoding=\"async\" class=\"size-medium wp-image-119967 alignleft\" src=\"https:\/\/www.radiopiu.net\/wordpress\/wp-content\/uploads\/2020\/03\/Palaghiaccio-drio-le-Rive-300x225.jpg\" alt=\"\" width=\"300\" height=\"225\" srcset=\"https:\/\/www.radiopiu.net\/wordpress\/wp-content\/uploads\/2020\/03\/Palaghiaccio-drio-le-Rive-300x225.jpg 300w, https:\/\/www.radiopiu.net\/wordpress\/wp-content\/uploads\/2020\/03\/Palaghiaccio-drio-le-Rive-1024x768.jpg 1024w, https:\/\/www.radiopiu.net\/wordpress\/wp-content\/uploads\/2020\/03\/Palaghiaccio-drio-le-Rive-768x576.jpg 768w, https:\/\/www.radiopiu.net\/wordpress\/wp-content\/uploads\/2020\/03\/Palaghiaccio-drio-le-Rive-1536x1152.jpg 1536w, https:\/\/www.radiopiu.net\/wordpress\/wp-content\/uploads\/2020\/03\/Palaghiaccio-drio-le-Rive.jpg 1600w\" sizes=\"auto, (max-width: 300px) 100vw, 300px\" \/><\/a>FELTRE <\/strong>E&#8217; stato sottoscritto ieri l&#8217;accordo transattivo tra il Comune di Feltre e la Cooperativa Feltreghiaccio che pone la parola \u201cfine\u201d alla vertenza in ordine alla richiesta economica avanzata da quest&#8217;ultima per gli investimenti eseguiti durante la propria gestione. L&#8217;accordo, a saldo e stralcio di ogni pretesa pregressa, prevede il versamento da parte del Comune alla Cooperativa Feltreghiaccio della somma di 93.686,79 euro quale risarcimento delle spese sostenute dalla Cooperativa per 95 mila euro, detratta la somma di 1.313,21 euro per spese legali che la Cooperativa deve rifondere al Comune. \u201c<em>Salutiamo con favore la conclusione di una vicenda che, numeri alla mano, esce sensibilmente ridimensionata rispetto alle cifre inizialmente richieste dalla Cooperativa Feltreghiaccio<\/em>\u201d, commenta il sindaco di Feltre Paolo Perenzin. \u201c<em>In ogni caso, aggiunge il sindaco, il fatto di essere giunti a questo punto fermo condiviso segna un traguardo positivo, sia per quanto riguarda la conferma dell&#8217;ottimo operato dei nostri uffici &#8211; chiamati in causa a pi\u00f9 riprese da dichiarazioni anche di tono pesante, rivelatesi infondate alla prova dei fatti-, sia per le prospettive di gestione della struttura<\/em>\u201d. &#8220;<em>Alla Cooperativa Feltreghiaccio il riconoscimento dell&#8217;attivit\u00e0 svolta in questi quasi 40 anni di gestione con passione e interesse per lo sviluppo di una delle strutture sportive e turistiche pi\u00f9 importanti della citt\u00e0<\/em>\u201d, conclude il sindaco.<\/p>\n<p>&nbsp;<\/p>\n<p>&nbsp;<\/p>\n<hr \/>\n<p>&nbsp;<\/p>\n<blockquote>\n<h3>LA PANDEMIA NON FERMA LA SCUOLA, \u201cRIQUALIFICATO\u201d L&#8217;ATRIO DELLA SCUOLA DI MUSSOI<\/h3>\n<\/blockquote>\n<p><strong><a href=\"https:\/\/www.radiopiu.net\/wordpress\/giornale-radiopiu-24-gennaio-2021-direttore-mirko-mezzacasa\/inaugurazione-ofc-scuola-sorio-mussoi-2\/\" rel=\"attachment wp-att-186466\"><img loading=\"lazy\" decoding=\"async\" class=\"size-medium wp-image-186466 alignleft\" src=\"https:\/\/www.radiopiu.net\/wordpress\/wp-content\/uploads\/2021\/01\/Inaugurazione-OFC-Scuola-Sorio-Mussoi-2-300x225.jpeg\" alt=\"\" width=\"300\" height=\"225\" srcset=\"https:\/\/www.radiopiu.net\/wordpress\/wp-content\/uploads\/2021\/01\/Inaugurazione-OFC-Scuola-Sorio-Mussoi-2-300x225.jpeg 300w, https:\/\/www.radiopiu.net\/wordpress\/wp-content\/uploads\/2021\/01\/Inaugurazione-OFC-Scuola-Sorio-Mussoi-2-1024x768.jpeg 1024w, https:\/\/www.radiopiu.net\/wordpress\/wp-content\/uploads\/2021\/01\/Inaugurazione-OFC-Scuola-Sorio-Mussoi-2-768x576.jpeg 768w, https:\/\/www.radiopiu.net\/wordpress\/wp-content\/uploads\/2021\/01\/Inaugurazione-OFC-Scuola-Sorio-Mussoi-2-1536x1152.jpeg 1536w, https:\/\/www.radiopiu.net\/wordpress\/wp-content\/uploads\/2021\/01\/Inaugurazione-OFC-Scuola-Sorio-Mussoi-2.jpeg 1921w\" sizes=\"auto, (max-width: 300px) 100vw, 300px\" \/><\/a>BELLUNO <\/strong>\u00c8 stata inaugurata questa mattina la parete da OFC &#8211; Orizontal Free Climbing nell&#8217;atrio della scuola primaria \u201cRino Sorio\u201d di Mussoi, tappa fondamentale nella riqualificazione degli spazi scolastici del plesso.\u00a0 Al \u201ctaglio del nastro\u201d erano presenti anche il Sindaco di Belluno, Jacopo Massaro, e la consigliera delegata alla scuola, Nadia Sala: \u00ab<em>Seguire le tappe di questo percorso formativo, partito dai desideri e dai bisogni dei bambini e poi alimentato dalla tenacia e dall\u2019impegno di tutte le parti coinvolte, suscita grande emozione, oggi pi\u00f9 che mai. &#8211; commenta Sala &#8211; Non sono mancati momenti critici e battute d\u2019arresto, ma oggi siamo qui, con i bambini e le insegnanti che possono vivere ancor di pi\u00f9 la loro scuola<\/em>\u00bb. \u00ab<em>Sono contento \u2013 aggiunge il sindaco \u2013 che, nonostante il Covid abbia ritardato lavori e le iniziative che avevamo gi\u00e0 avviato, si sia giunti a conclusione anche di questo progetto. Fin dall&#8217;inizio, questa amministrazione ha posto la scuola al centro delle politiche di lungo termine, investendo in edilizia scolastica e in progetti educativi<\/em>\u00bb.<\/p>\n<p>&nbsp;<\/p>\n<p>&nbsp;<\/p>\n<p>&nbsp;<\/p>\n<p>&nbsp;<\/p>\n<hr \/>\n<p>&nbsp;<\/p>\n<blockquote>\n<h3>MONDIALI DI SCI A CORTINA \u2013 BERTON: \u201c\u00c8 IL NOSTRO INVESTIMENTO PER IL FUTURO: DOBBIAMO ESSERNE DOPPIAMENTE ORGOGLIOSI&#8221;<\/h3>\n<\/blockquote>\n<p><strong><a href=\"https:\/\/www.radiopiu.net\/wordpress\/giornale-radiopiu-29-ottobre-2019-direttore-mirko-mezzacasa\/lorraine_berton-1\/\" rel=\"attachment wp-att-104180\"><img loading=\"lazy\" decoding=\"async\" class=\"size-medium wp-image-104180 alignleft\" src=\"https:\/\/www.radiopiu.net\/wordpress\/wp-content\/uploads\/2019\/10\/Lorraine_Berton-1-300x300.jpg\" alt=\"\" width=\"300\" height=\"300\" srcset=\"https:\/\/www.radiopiu.net\/wordpress\/wp-content\/uploads\/2019\/10\/Lorraine_Berton-1-300x300.jpg 300w, https:\/\/www.radiopiu.net\/wordpress\/wp-content\/uploads\/2019\/10\/Lorraine_Berton-1-150x150.jpg 150w, https:\/\/www.radiopiu.net\/wordpress\/wp-content\/uploads\/2019\/10\/Lorraine_Berton-1.jpg 767w\" sizes=\"auto, (max-width: 300px) 100vw, 300px\" \/><\/a>BELLUNO <\/strong>\u201c<em>Il 7 febbraio si avvicina e tutte le nostre migliori energie dovranno confluire su Cortina. I Mondiali 2021 sono il pi\u00f9 importante evento iridato della stagione, il principale investimento che il nostro territorio sta facendo per il suo futuro. Dobbiamo essere doppiamente orgogliosi del traguardo che stiamo raggiungendo, soprattutto in un momento come questo<\/em>&#8220;. A dirlo, guardando all\u2019imminente appuntamento mondiale che si terr\u00e0 a Cortina d\u2019Ampezzo tra il 7 e il 21 febbraio, \u00e8 Lorraine Berton, presidente di Confindustria Belluno Dolomiti e coordinatrice nazionale del Tavolo Sport e Grandi Eventi di Confindustria. \u201c<em>Non \u00e8 certo l\u2019evento che avevamo in mente, ma l\u2019effetto vetrina sar\u00e0 comunque assicurato e far\u00e0 la differenza non appena ripartiremo dopo questa terribile pandemia. Non dobbiamo dimenticare che 500 milioni di telespettatori in tutto il mondo saranno collegati \u2013 attraverso i media &#8211; con le nostre Dolomiti. Parte di loro sogner\u00e0 di raggiungerle non appena questa emergenza sar\u00e0 limitata e sconfitta. A noi toccher\u00e0 coltivare quel sogno e tenerci pronti ad accoglierli nel migliore dei modi. Molte localit\u00e0 turistiche in Italia e all\u2019estero si stanno preparando per il dopo pandemia, quando con ogni probabilit\u00e0 emerger\u00e0 tutta la voglia di tornare a viaggiare. Le nostre montagne dovranno essere pronte e sfruttare anche questa vetrina iridata per presentare al mondo tutte le nostre eccellenze ambientali, culturali e produttive<\/em>\u201d. \u201c<em>I Mondiali di sci di Cortina sono tra i pochi grandi eventi \u201csalvati\u201d negli ultimi mesi: saranno un momento di svago, sport e intrattenimento per i milioni di appassionati. Sono certa che decreteranno Cortina Regina della montagna e la lanceranno in vista delle Olimpiadi 2026 consolidando l\u2019immagine di tutta la nostra provincia<\/em>\u201d, ribadisce Berton. \u201c<em>Dobbiamo stringerci attorno a organizzatori e operatori, in particolare alla Fondazione Cortina 2021 che &#8211; con il presidente Alessandro Benetton e l\u2019ad Valerio Giacobbi \u2013 hanno gi\u00e0 vinto il loro slalom gigante tra mille insidie dialogando con le Istituzioni e creando un grande evento in tempi bui<\/em>\u201d. \u201c<em>Viviamo con intensit\u00e0 questi Mondiali e la loro attesa, saranno la base per la nostra ripartenza\u201d, la conclusione. \u201cPer noi imprenditori \u00e8 doveroso restare fiduciosi. Questi Mondiali sono il migliore modo per guardare al futuro<\/em>\u201d.<\/p>\n<p>&nbsp;<\/p>\n<p>&nbsp;<\/p>\n<hr \/>\n<p>&nbsp;<\/p>\n<blockquote>\n<h3>IL PRESIDENTE DEL CAI VENETO SI APPELLA AL BUONSENSO<\/h3>\n<\/blockquote>\n<p><strong><a href=\"https:\/\/www.radiopiu.net\/wordpress\/adunanza-cai-a-la-marol\/cai-3\/\" rel=\"attachment wp-att-174710\"><img loading=\"lazy\" decoding=\"async\" class=\"size-full wp-image-174710 alignleft\" src=\"https:\/\/www.radiopiu.net\/wordpress\/wp-content\/uploads\/2020\/11\/cai.jpeg\" alt=\"\" width=\"225\" height=\"225\" srcset=\"https:\/\/www.radiopiu.net\/wordpress\/wp-content\/uploads\/2020\/11\/cai.jpeg 225w, https:\/\/www.radiopiu.net\/wordpress\/wp-content\/uploads\/2020\/11\/cai-150x150.jpeg 150w\" sizes=\"auto, (max-width: 225px) 100vw, 225px\" \/><\/a>VENEZIA<\/strong> Nei scorsi giorni i Presidenti delle sezioni Club Alpino Italiano del Veneto si sono dati appuntamento via streaming per fare il punto della situazione dopo l\u2019approvazione del nuovo Dpcm del 14\/01\/2021, che ha confermato il colore arancione per la nostra regione. L\u2019incontro e\u0300 stato voluto dal Presidente Renato Frigo il quale ha ascoltato, con estrema attenzione, le varie posizioni emerse durante l\u2019incontro. La poca chiarezza sulla \u201cstretta\u201d alle attivita\u0300 in montagna \u2013 e relativi spostamenti \u2013 ha causato un generale malcontento tra soci e simpatizzanti; di conseguenza Renato Frigo ha chiesto con urgenza delle risposte esaustive agli organi competenti in sede regionale, cosi\u0300 da eludere ogni interpretazione sia del decreto in atto sia dei testi delle FAQ pubblicate sul sito www.governo.it. Lo stesso CAI Nazionale si e\u0300 immediatamente mosso inviando una lettera al Presidente del Consiglio dei Ministri, chiedendo un chiarimento urgente sulle pratiche consentite in ambiente alpino e prealpino. In attesa di risposte concrete, il Presidente del CAI Veneto si appella al \u201cbuonsenso\u201d delle persone che amano la montagna e che in essa vedono qualcosa che va ben oltre all\u2019attivita\u0300 fisica. \u201c<em>La cautela del singolo, pero\u0300, non e\u0300 la risposta alle varie interpretazioni soggettive della norma<\/em>\u201d afferma Renato Frigo, il quale prosegue: \u201c<em>E\u0300 indubbio che il Dpcm del 14 gennaio ha creato una certa confusione in merito alle attivita\u0300 praticabili esclusivamente sui monti, per questo motivo chiediamo con fermezza che la regione Veneto fornisca delle linee guida ineluttabili. Dal canto nostro abbiamo deciso, all\u2019unanimita\u0300, di sospendere tutte le uscite sociali in programmazione fino il 15 febbraio a favore di incontri a distanza, cosi\u0300 da portare avanti un percorso formativo rivolto ai nostri soci. Siamo consapevoli che l\u2019Italia sta affrontando un\u2019emergenza sanitaria senza eguali pertanto, mai come adesso, e\u0300 saggio posticipare le attivita\u0300 di gruppo per evitare possibili contagi, ma come CAI riteniamo che la limitazione degli ambienti montani deve essere condivisa da tutti senza alcuna eccezione a favore di pochi. Confermiamo la nostra disponibilita\u0300 ad intraprendere un dialogo con la Regione per il bene delle nostre montagne e delle tante persone che, sempre piu\u0300 spesso, si avvicinano alle terre alte grazie al Club Alpino Italiano. Certi che a breve usciremo da questo stato di incertezza, precisiamo che i residenti o domiciliati in comuni in cui e\u0300 possibile praticare attivita\u0300 motorie sulla neve non intercorrono in sanzioni. Fermo restando che non si puo\u0300 valicare il confine comunale e si deve mantenere la distanza di due metri se in piu\u0300 persone. Per gli altri amanti della montagna il nostro consiglio e\u0300 di attendere il riscontro da parte degli organi competenti e, nel frattempo, cogliere l\u2019occasione di prendere parte ai tanti appuntamenti online organizzati dalle sezioni del Veneto&#8221;<\/em>. Le attivita\u0300 di segreteria sono sempre garantite negli orari prestabiliti dalle singole sedi CAI. I volontari sono a disposizione dei soci e dei simpatizzanti per fornire informazioni sulle attivita\u0300 dell\u2019Associazione e per il tesseramento 2021. Eventuali aggiornamenti verranno pubblicati sui nostri canali social e sul sito www.caiveneto.it.<\/p>\n<p>&nbsp;<\/p>\n<p>&nbsp;<\/p>\n<hr \/>\n<p>&nbsp;<\/p>\n<blockquote>\n<h3>IL COVID HA FATTO ESPLODERE LA BUROCRAZIA: IN QUASI UN ANNO APPROVATE OLTRE 500 NORME (DI CUI 54 DALLA REGIONE VENETO)<\/h3>\n<\/blockquote>\n<p><a class=\"dt-pswp-item\" href=\"https:\/\/www.radiopiu.net\/wordpress\/wp-content\/uploads\/2021\/01\/Schermata-2021-01-23-alle-14.52.27.png\" data-dt-img-description=\"\" data-large_image_width=\"1274\" data-large_image_height=\"912\"><img loading=\"lazy\" decoding=\"async\" class=\"alignleft size-medium wp-image-186433\" src=\"https:\/\/www.radiopiu.net\/wordpress\/wp-content\/uploads\/2021\/01\/Schermata-2021-01-23-alle-14.52.27-300x215.png\" alt=\"\" width=\"300\" height=\"215\" srcset=\"https:\/\/www.radiopiu.net\/wordpress\/wp-content\/uploads\/2021\/01\/Schermata-2021-01-23-alle-14.52.27-300x215.png 300w, https:\/\/www.radiopiu.net\/wordpress\/wp-content\/uploads\/2021\/01\/Schermata-2021-01-23-alle-14.52.27-1024x733.png 1024w, https:\/\/www.radiopiu.net\/wordpress\/wp-content\/uploads\/2021\/01\/Schermata-2021-01-23-alle-14.52.27-768x550.png 768w, https:\/\/www.radiopiu.net\/wordpress\/wp-content\/uploads\/2021\/01\/Schermata-2021-01-23-alle-14.52.27.png 1274w\" sizes=\"auto, (max-width: 300px) 100vw, 300px\" \/><\/a>A causa della presenza del Covid, la produzione normativa \u00e8 esplosa: tra circolari, ordinanze, decreti, Dpcm, leggi, linee guida sulla sicurezza nei luoghi di lavoro, etc., sono 450 le misure legislative approvate a livello nazionale in poco meno di un anno. Un boom della burocrazia legislativa che ha disorientato il Paese.L\u2019ufficio studi della CGIA &#8211; che ha redatto questa elaborazione &#8211; tiene comunque a precisare che tra le 450 norme conteggiate non sono incluse le faq del Governo e gli accorgimenti normativi anti-Covid che sono stati approvati dalle regioni. Al netto delle leggi approvate dal Consiglio regionale, sempre in questo periodo il Presidente della Regione Veneto, ad esempio, ha emanato 44 ordinanze, 7 chiarimenti e 3 accordi con le province di confine di altre regioni.Un profluvio di disposizioni, dicevamo, composto da migliaia e migliaia di pagine che ha travolto tutti: cittadini, lavoratori e imprese, creando non pochi problemi interpretativi, soprattutto ai piccoli imprenditori che si stanno ancora districando tra un groviglio di disposizioni legislative, spesso in contraddizione tra loro e in costante cambiamento, perch\u00e9 in buona parte correlate alla \u201ccolorazione\u201d della propria Regione.La Pubblica Amministrazione (PA) nazionale pi\u00f9 prolifica in materia normativa \u00e8 stata il ministero della Salute con 170 provvedimenti. Seguono la Protezione civile con 86, il ministero dell\u2019Interno con 37, l\u2019Inps con 36, il Commissario per l\u2019emergenza da Covid con 35 e l\u2019Inail con 8.Ad aver costretto queste Amministrazioni a deliberare in misura cos\u00ec copiosa sono stati i 29 decreti legge approvati dal Governo fino a questo momento, i 23 Dpcm firmati dal Presidente del Consiglio e le 14 leggi approvate dal Parlamento. Intendiamoci, la gravit\u00e0 della situazione ha imposto al legislatore di mettere in campo importanti misure a tutela della salute, disposizioni urgenti per fronteggiare i rischi sanitari e interventi a favorire del lavoro e delle imprese: scelte legittime che, per\u00f2, hanno scatenato in maniera imprevedibile la \u201cproduttivit\u00e0\u201d legislativa della macchina burocratica pubblica.Anche le parti sociali sono state chiamate a redigere un protocollo generale in accordo con il Governo per tutelare la salute e la sicurezza nei luoghi di lavoro. La firma \u00e8 stata raggiunta il 14 marzo scorso. A seguito di questo provvedimento sono seguiti altre 11 linee guida che hanno interessato altrettanti comparti produttivi.Va comunque sottolineato che nel nostro Paese da sempre c\u2019\u00e8 una grande propensione a emanare leggi. Si stima che in Italia vi siano 160.000 norme, di cui 71.000 promulgate a livello centrale e le rimanenti a livello regionale e locale. In Francia, invece, sono 7.000, in Germania 5.500 e nel Regno Unito 3.000.Tuttavia, la responsabilit\u00e0 di questa iper legiferazione \u00e8 ascrivibile alla mancata abrogazione delle leggi concorrenti e al fatto che il nostro quadro normativo negli ultimi decenni ha visto aumentare esponenzialmente il ricorso ai decreti legislativi che, per essere operativi, richiedono l\u2019approvazione di numerosi decreti attuativi. Questa procedura ha aumentato a dismisura la produzione normativa nel nostro Paese, gettando nello sconforto cittadini e imprese che ogni giorno sono chiamati a rispettarla.Uno spaccato, quello fotografato dall\u2019Ufficio studi della CGIA, che fa rabbrividire. Tuttavia una soluzione parrebbe praticabile. Si potrebbe, ad esempio, ridurre il numero delle leggi attraverso l\u2019abrogazione di quelle pi\u00f9 datate, evitando cos\u00ec la sovrapposizione legislativa che su molte materie ha generato incomunicabilit\u00e0, mancanza di trasparenza, incertezza dei tempi ed adempimenti sempre pi\u00f9 onerosi, facendo diventare la burocrazia un nemico invisibile e difficilmente superabile.Dalla CGIA concludono con una provocazione: se il virus fosse allergico alle normative prodotte dalla nostra burocrazia, molto probabilmente sarebbe scomparso da tempo, invece sia la crisi sanitaria sia quella economica non accennano a diminuire.Intendiamoci, la gravit\u00e0 della situazione ha imposto al legislatore di mettere in campo tutte le misure legislative necessarie a tutela della salute e per fronteggiare le difficolt\u00e0 delle famiglie e delle imprese.Questo contesto del tutto imprevisto ha scatenato in misura sconsiderata l\u2019iper produttivit\u00e0 legislativa della macchina burocratica statale che ha gettato nella confusione pi\u00f9 totale milioni e milioni di persone. La nostra Pubblica Amministrazione si \u00e8 comportata in maniera bifronte: \u00e8 stata inflessibile quando ha imposto le limitazioni alla mobilit\u00e0 e le chiusure ai bar, ai ristoranti e ai negozi; per contro, ha dimostrato di essere del tutto inefficiente e spaventosamente impreparata quando, invece, \u00e8 stata chiamata a riorganizzare i propri servizi per \u201caggredire\u201d la diffusione del virus. Di esempi ce ne sono a iosa: come, ad esempio, la tracciabilit\u00e0 dei contagiati, vedi il clamoroso flop dell\u2019app Immuni, il mancato potenziamento della medicina territoriale, il fallito tentativo di tornare tutti a scuola e l\u2019incapacit\u00e0 di mettere a punto un serio piano di rilancio del trasporto pubblico locale.<\/p>\n<p>&nbsp;<\/p>\n<p>&nbsp;<\/p>\n<hr \/>\n<p>&nbsp;<\/p>\n<p><img loading=\"lazy\" decoding=\"async\" class=\"alignleft\" src=\"https:\/\/www.radiopiu.net\/wordpress\/wp-content\/uploads\/2021\/01\/WhatsApp-Image-2019-04-29-at-20.28.17.jpg\" width=\"192\" height=\"144\" \/><\/p>\n<h2>L&#8217;AUSER DI TISER &#8211; CIRCOLO SEMPRE ATTIVO &#8211; APRE LA SEDE PER IL TESSERAMENTO<\/h2>\n<p><strong>Visto il protrarsi delle normative relative al corona virus che impongono la sospensione delle attivit\u00e0 ludiche delle varie associazioni, il circolo Auser Col Bel di Tiser ha deciso di aprire la propria sede per permettere ai propri associati, o a chi vuol fare parte di tale sodalizio, di poter tesserarsi per il 2021. L&#8217;apertura \u00e8 prevista per luned\u00ec 25 gennaio dalle\u00a0 15.00 alle 16.30 tutti i giorni ad esclusione della domenica. Resta inteso che il Circolo \u00e8 sempre attivo per eventuali servizi di accompagnamento in accordo con ASCA ed il circolo El Broi di Agordo come da tempo consolidato.<\/strong><\/p>\n<p>&nbsp;<\/p>\n<p>&nbsp;<\/p>\n<hr \/>\n<p>&nbsp;<\/p>\n<blockquote>\n<h3>\u00a0CONVENZIONI E RECESSI NEL CONSIGLIO COMUNALE<\/h3>\n<\/blockquote>\n<p><strong>ROCCA PIETORE<\/strong> Il sindaco Andrea De Bernardin ha convocato i consiglieri per giovedi 28 gennaio alle 18.30. All&#8217;ordine del giorno l&#8217;approvazione del recesso dalla convenzione per lo svolgimento delle funzioni di segreteria con il Comune di Cavaso del Tomba e approvazione della convenzione con il Comune di San Gregorio nelle Alpi. Ultimo punto il programma per il conferimento degli incarichi di collaborzione autonoma.<\/p>\n<p>&nbsp;<\/p>\n<p>&nbsp;<\/p>\n<hr \/>\n<p>&nbsp;<\/p>\n<blockquote>\n<h3>SERVIZIO CIVILE UNIVERSALE, LA PROROGA<\/h3>\n<\/blockquote>\n<p><strong>FELTRE<\/strong> Prorogato al 15 febbraio il Bando per la selezione di 74 operatori volontari da impegnare nei progetti presentati dall&#8217;Unione Montana Feltrina. Il bando e le relative istruzioni per l\u2019iscrizione online sono visibili: \u00a0dal sito https:\/\/www.feltrino.bl.it\/myportal\/CMF64\/vivere\/serviziocivile\/bandi e\u00a0dalla pagina facebook https:\/\/www.facebook.com\/serviziocivile.bellunese<\/p>\n<p>&nbsp;<\/p>\n<hr \/>\n<blockquote>\n<h3><\/h3>\n<h3><a href=\"https:\/\/www.radiopiu.net\/wordpress\/giornale-radiopiu-23-gennaio-2021-direttore-mirko-mezzacasa\/de-toni_prima-che-arrivi\/\" rel=\"attachment wp-att-186277\"><img loading=\"lazy\" decoding=\"async\" class=\"wp-image-186277 alignleft\" src=\"https:\/\/www.radiopiu.net\/wordpress\/wp-content\/uploads\/2021\/01\/De-Toni_Prima-che-arrivi-183x300.jpg\" alt=\"\" width=\"124\" height=\"203\" srcset=\"https:\/\/www.radiopiu.net\/wordpress\/wp-content\/uploads\/2021\/01\/De-Toni_Prima-che-arrivi-183x300.jpg 183w, https:\/\/www.radiopiu.net\/wordpress\/wp-content\/uploads\/2021\/01\/De-Toni_Prima-che-arrivi.jpg 623w\" sizes=\"auto, (max-width: 124px) 100vw, 124px\" \/><\/a>LE POESIE DI ALICE NELLE LIBRERIE BELLUNESI<\/h3>\n<\/blockquote>\n<p><strong>ALLEGHE<\/strong> Prima che arrivi la bella stagione, \u00e8 il titolo della nuova raccolta di poesie dell&#8217;alleghese Alice De Toni. Impossibile la presentazione in presenza, ma il libro gi\u00e0 si pu\u00f2 trovarlo a Belluno nelle librerie Campedel, Le Due Zitelle, Mondadori Bookstore e Tarantola; Feltre Agor\u00e0 e Pilotto; Rasai di Seren del Grappa libreria Quattro Sass, Alleghe in edicola. E&#8217; possibile acquistare il libro su sito della casa editrice www.edizionidbs.it<\/p>\n<p>&nbsp;<\/p>\n<p>&nbsp;<\/p>\n<p>&nbsp;<\/p>\n<p>&nbsp;<\/p>\n<hr \/>\n<p>&nbsp;<\/p>\n<p>&nbsp;<\/p>\n<blockquote>\n<h1>Training di Biodinamica Craniosacrale<\/h1>\n<\/blockquote>\n<p><em>Un profondo lavoro sul corpo e attraverso il corpo che si trasforma in un<\/em><em>viaggio alla scoperta di se stessi e delle proprie potenzialit\u00e0.\u00a0<\/em><\/p>\n<p><strong>BELLUNO<\/strong> L&#8217;associazione culturale MU APS arriva a Belluno per presentare una tecnica manuale delicata e profonda che sostiene e stimola la capacit\u00e0 di autoguarigione nel corpo. Fa parte delle Discipline del Benessere e Bionaturali, e pu\u00f2 essere intrapreso sia come percorso professionale, sia come percorso di crescita personale. <strong>Per info, sessioni di prova e prenotazioni:Brunella Moro <span style=\"color: #0000ff;\">info@esteticaglamour.it<\/span> 347\/7742512 ISCRIZIONI ENTRO IL 15 MARZO SCONTO 10%<\/strong><\/p>\n<p>&nbsp;<\/p>\n<p>&nbsp;<\/p>\n<hr \/>\n<p>&nbsp;<\/p>\n<blockquote>\n<h3>LETTURE PER BAMBINI IN OCCASIONE DELLA GIORNATA DELLA MEMORIA<\/h3>\n<\/blockquote>\n<p><strong>LIMANA <\/strong>In occasione della Giornata della Memoria 2021 il Comune di Limana, Assessorato alla Cultura, presenta &#8220;<span style=\"color: #000000;\"><b>I<\/b>L VOLO DI SARA<\/span>&#8220;, letture con immagini <u>per bambini dai 9 anni<\/u> in su, con i lettori Carlo Corsini di Maga Camaja e Simone Carnielli dell&#8217;Armadio Delle Storie a Colori. L&#8217;evento sar\u00e0 trasmesso in diretta streaming sulla piattaforma YouTube <span style=\"color: #000000;\">dalle 17 di mercoled\u00ec 27 gennaio<\/span>, e rimarr\u00e0 disponibile e quindi visionabile per le 24 ore successive. Gli utenti interessati a partecipare all&#8217;incontro dalle proprie postazioni dovranno farne richiesta alla Biblioteca di Limana, via telefono allo 0437970868 o via mail a sbogo.limana@valbelluna.bl.it, e solo allora riceveranno il link per assistere alle letture.<\/p>\n<p>&nbsp;<\/p>\n<p>&nbsp;<\/p>\n<hr \/>\n<p>&nbsp;<\/p>\n<p>&nbsp;<\/p>\n<blockquote>\n<h3>LA SCUOLA SCI EQUIPE DI FALCADE SI PREPARA PER LA RIAPERTURA DEGLI IMPIANTI ORGANIZZANDO CORSI PER I GIOVANI<\/h3>\n<\/blockquote>\n<p><strong>FALCADE<\/strong> La Scuola Sci Equipe di Falcade sta aspettando con ansia la riapertura degli impianti sciistici e mette le mani avanti organizzando delle settimane bianche per le famiglie nel mese di marzo. Per ragioni di sicurezza legate alla diffusione della pandemia Covid-19 la data di apertura della skiarea \u00e8 posticipata, almeno fino al 15 febbraio. Nel frattempo\u00a0 i programmi delle settimane bianche dedicate alle famiglie e ai bambini. REBELS KIDS WEEK \u00a0dal 1 al 6 marzo e WEEK 4 KIDS dal 14 al 20 marzo. Sono previste interessanti scontistiche per l\u2019 acquisto dello skipass e per l\u2019alloggio presso le strutture aderenti.<\/p>\n<p>&nbsp;<\/p>\n<p>&nbsp;<\/p>\n<hr \/>\n<p>&nbsp;<\/p>\n<blockquote class=\"wp-embedded-content\" data-secret=\"sakmTWizUC\"><p><a href=\"https:\/\/www.radiopiu.net\/wordpress\/immersi-nellarte-dello-studio-murer-video-incontro-con-silvano-savio\/\">IMMERSI NELL&#8217;ARTE DELLO STUDIO MURER. VIDEO INCONTRO CON SILVANO SAVIO<\/a><\/p><\/blockquote>\n<p><iframe loading=\"lazy\" class=\"wp-embedded-content\" sandbox=\"allow-scripts\" security=\"restricted\" style=\"position: absolute; clip: rect(1px, 1px, 1px, 1px);\" title=\"&#8220;IMMERSI NELL&#8217;ARTE DELLO STUDIO MURER. VIDEO INCONTRO CON SILVANO SAVIO&#8221; &#8212; Radio Pi\u00f9\" src=\"https:\/\/www.radiopiu.net\/wordpress\/immersi-nellarte-dello-studio-murer-video-incontro-con-silvano-savio\/embed\/#?secret=sakmTWizUC\" data-secret=\"sakmTWizUC\" width=\"600\" height=\"338\" frameborder=\"0\" marginwidth=\"0\" marginheight=\"0\" scrolling=\"no\"><\/iframe><\/p>\n<p>&nbsp;<\/p>\n<hr \/>\n<p>&nbsp;<\/p>\n<blockquote>\n<h2>RITORNA AI MICROFONI DI RADIO PIU&#8217; FRANCESCO ZILLIO<\/h2>\n<\/blockquote>\n<p><iframe loading=\"lazy\" title=\"EPCENTER PUNTA  01 -2021 SISTEMI DI RICARICA DELLE AUTO ELETTRICHE-CONNESSIONE IMPIANTI ESISTENTI\" width=\"1200\" height=\"675\" src=\"https:\/\/www.youtube.com\/embed\/5bVnKkY0gjk?feature=oembed\" frameborder=\"0\" allow=\"accelerometer; autoplay; clipboard-write; encrypted-media; gyroscope; picture-in-picture\" allowfullscreen><\/iframe><\/p>\n<p><strong>LA VIDEO GALLERY\u00a0<\/strong><\/p>\n<blockquote class=\"wp-embedded-content\" data-secret=\"i6gImaMzPa\"><p><a href=\"https:\/\/www.radiopiu.net\/wordpress\/ep-center-video-gallery\/\">EP CENTER video gallery<\/a><\/p><\/blockquote>\n<p><iframe loading=\"lazy\" class=\"wp-embedded-content\" sandbox=\"allow-scripts\" security=\"restricted\" style=\"position: absolute; clip: rect(1px, 1px, 1px, 1px);\" title=\"&#8220;EP CENTER video gallery&#8221; &#8212; Radio Pi\u00f9\" src=\"https:\/\/www.radiopiu.net\/wordpress\/ep-center-video-gallery\/embed\/#?secret=i6gImaMzPa\" data-secret=\"i6gImaMzPa\" width=\"600\" height=\"338\" frameborder=\"0\" marginwidth=\"0\" marginheight=\"0\" scrolling=\"no\"><\/iframe><\/p>\n<p>&nbsp;<\/p>\n<hr \/>\n<p>&nbsp;<\/p>\n<h2><span style=\"color: #800080;\">SANPA! LO SPECIALE DI RADIO PIU&#8217;<\/span><\/h2>\n<h3><a href=\"https:\/\/www.radiopiu.net\/wordpress\/sanpa-lo-speciale-di-radio-piu\/sanpa\/\" rel=\"attachment wp-att-185818\"><img loading=\"lazy\" decoding=\"async\" class=\"size-medium wp-image-185818 alignleft\" src=\"https:\/\/www.radiopiu.net\/wordpress\/wp-content\/uploads\/2021\/01\/SANPA-300x233.png\" alt=\"\" width=\"300\" height=\"233\" srcset=\"https:\/\/www.radiopiu.net\/wordpress\/wp-content\/uploads\/2021\/01\/SANPA-300x233.png 300w, https:\/\/www.radiopiu.net\/wordpress\/wp-content\/uploads\/2021\/01\/SANPA-1024x797.png 1024w, https:\/\/www.radiopiu.net\/wordpress\/wp-content\/uploads\/2021\/01\/SANPA-768x598.png 768w, https:\/\/www.radiopiu.net\/wordpress\/wp-content\/uploads\/2021\/01\/SANPA-1536x1195.png 1536w, https:\/\/www.radiopiu.net\/wordpress\/wp-content\/uploads\/2021\/01\/SANPA.png 1586w\" sizes=\"auto, (max-width: 300px) 100vw, 300px\" \/><\/a>San Patrignano e Vincenzo Muccioli, la storia dell\u2019Italia anni Ottanta nel pieno dell\u2019emergenza droga.<\/h3>\n<h3>di Luisa Alchini<\/h3>\n<p><em>SANPA &#8211; Luci e tenebre di San Patrignano \u00e8 una serie televisiva documentaristica originale realizzata da Netflix, prodotta e sviluppata da Gianluca Neri, scritta da Carlo Gabardini, Gianluca Neri e Paolo Bernardelli con la regia di Cosima Spender. Attraverso testimonianze e immagini di repertorio, la docu-serie in 5 episodi racconta la controversa storia della comunit\u00e0 di recupero di San Patrignano fondata da Vincenzo Muccioli nel 1978, a Coriano, in provincia di Rimini.\u00a0<\/em><\/p>\n<audio class=\"wp-audio-shortcode\" id=\"audio-186353-4\" preload=\"none\" style=\"width: 100%;\" controls=\"controls\"><source type=\"audio\/mpeg\" src=\"https:\/\/www.radiopiu.net\/wordpress\/wp-content\/uploads\/2021\/01\/speciale-SANPA2.mp3?_=4\" \/><a href=\"https:\/\/www.radiopiu.net\/wordpress\/wp-content\/uploads\/2021\/01\/speciale-SANPA2.mp3\">https:\/\/www.radiopiu.net\/wordpress\/wp-content\/uploads\/2021\/01\/speciale-SANPA2.mp3<\/a><\/audio>\n<p>&nbsp;<\/p>\n<hr \/>\n<p>&nbsp;<\/p>\n<blockquote class=\"wp-embedded-content\" data-secret=\"pCdIKhhTnu\"><p><a href=\"https:\/\/www.radiopiu.net\/wordpress\/conosciamo-la-corale-di-limana-con-le-interviste-di-silvia-baldo\/\">CONOSCIAMO LA CORALE DI LIMANA CON LE INTERVISTE DI SILVIA BALDO<\/a><\/p><\/blockquote>\n<p><iframe loading=\"lazy\" class=\"wp-embedded-content\" sandbox=\"allow-scripts\" security=\"restricted\" style=\"position: absolute; clip: rect(1px, 1px, 1px, 1px);\" title=\"&#8220;CONOSCIAMO LA CORALE DI LIMANA CON LE INTERVISTE DI SILVIA BALDO&#8221; &#8212; Radio Pi\u00f9\" src=\"https:\/\/www.radiopiu.net\/wordpress\/conosciamo-la-corale-di-limana-con-le-interviste-di-silvia-baldo\/embed\/#?secret=pCdIKhhTnu\" data-secret=\"pCdIKhhTnu\" width=\"600\" height=\"338\" frameborder=\"0\" marginwidth=\"0\" marginheight=\"0\" scrolling=\"no\"><\/iframe><\/p>\n<p>&nbsp;<\/p>\n<p>&nbsp;<\/p>\n<hr \/>\n<div dir=\"auto\">\n<blockquote>\n<h2><\/h2>\n<h2>FANTASTICHE DOLOMITI, NUOVA STAGIONE. APPUNTAMENTO QUINDICINALE IL GIOVEDI ALLE 10.30 E 19.00<\/h2>\n<\/blockquote>\n<h1>LA RACCOLTA COMPLETA<\/h1>\n<blockquote class=\"wp-embedded-content\" data-secret=\"eqQwDuvh9O\"><p><a href=\"https:\/\/www.radiopiu.net\/wordpress\/https-wp-me-p63lo7-gyg\/\">FANTASTICHE DOLOMITI 7^ PUNTATA: IL QUINDICINALE APPUNTAMENTO ALLA RADIO<\/a><\/p><\/blockquote>\n<p><iframe loading=\"lazy\" class=\"wp-embedded-content\" sandbox=\"allow-scripts\" security=\"restricted\" style=\"position: absolute; clip: rect(1px, 1px, 1px, 1px);\" title=\"&#8220;FANTASTICHE DOLOMITI 7^ PUNTATA: IL QUINDICINALE APPUNTAMENTO ALLA RADIO&#8221; &#8212; Radio Pi\u00f9\" src=\"https:\/\/www.radiopiu.net\/wordpress\/https-wp-me-p63lo7-gyg\/embed\/#?secret=eqQwDuvh9O\" data-secret=\"eqQwDuvh9O\" width=\"600\" height=\"338\" frameborder=\"0\" marginwidth=\"0\" marginheight=\"0\" scrolling=\"no\"><\/iframe><\/p>\n<div class=\"mw-parser-output\">\n<p>&nbsp;<\/p>\n<\/div>\n<p>&nbsp;<\/p>\n<p>&nbsp;<\/p>\n<hr \/>\n<blockquote>\n<h2><\/h2>\n<h2>SALUTE E SOCIETA&#8217; IL LUNEDI ALLE 13.10 E ALLE 20.10, LA DOMENICA ALLE 10.30 A CURA DEL DOTTOR MARCO CARACCIOLO. QUINTA STAGIONE<\/h2>\n<\/blockquote>\n<p><strong><span style=\"color: #ff0000;\">LA PUNTATA DELLA SETTIMANA\u00a0<\/span><\/strong><\/p>\n<p>L\u2019obesit\u00e0 e il sovrappeso riguardano 25 milioni di italiani, il 46,1% della popolazione adulta. Per fornire una serie di informazioni realmente corrette e accreditate, ma al tempo stesso di facile comprensione, rispetto alle cause del problema, e ai possibili trattamenti e ai comportamenti da assumere, \u00e8 nato il portale \u201cLa verit\u00e0 sul peso\u201d, nuovo spazio virtuale di Novo Nordisk con notizie, articoli di approfondimento, suggerimenti e consigli proposti da un board scientifico scelto con rigore e qualit\u00e0. Michele Sculati, Medico specialista in scienza dell\u2019alimentazione Giovanna Muscogiuri, Medico chirurgo specializzato in endocrinologia e malattie del metabolismo<\/p>\n<audio class=\"wp-audio-shortcode\" id=\"audio-186353-5\" preload=\"none\" style=\"width: 100%;\" controls=\"controls\"><source type=\"audio\/mpeg\" src=\"https:\/\/www.radiopiu.net\/wordpress\/wp-content\/uploads\/2021\/01\/SALUTE-1.mp3?_=5\" \/><a href=\"https:\/\/www.radiopiu.net\/wordpress\/wp-content\/uploads\/2021\/01\/SALUTE-1.mp3\">https:\/\/www.radiopiu.net\/wordpress\/wp-content\/uploads\/2021\/01\/SALUTE-1.mp3<\/a><\/audio>\n<p>&nbsp;<\/p>\n<h3>LA RACCOLTA COMPLETA<\/h3>\n<blockquote class=\"wp-embedded-content\" data-secret=\"iLc7f2ViZi\"><p><a href=\"https:\/\/www.radiopiu.net\/wordpress\/saluteesocieta\/\">Salute e Societ\u00e0<\/a><\/p><\/blockquote>\n<p><iframe loading=\"lazy\" class=\"wp-embedded-content\" sandbox=\"allow-scripts\" security=\"restricted\" style=\"position: absolute; clip: rect(1px, 1px, 1px, 1px);\" title=\"&#8220;Salute e Societ\u00e0&#8221; &#8212; Radio Pi\u00f9\" src=\"https:\/\/www.radiopiu.net\/wordpress\/saluteesocieta\/embed\/#?secret=iLc7f2ViZi\" data-secret=\"iLc7f2ViZi\" width=\"600\" height=\"338\" frameborder=\"0\" marginwidth=\"0\" marginheight=\"0\" scrolling=\"no\"><\/iframe><\/p>\n<hr \/>\n<h2><\/h2>\n<h2><span style=\"color: #ff0000;\"><a href=\"https:\/\/www.radiopiu.net\/wordpress\/giornale-radiopiu-05-gennaio-2021-direttore-mirko-mezzacasa\/133200401_100838761953611_1258544160541445132_o-2\/\" rel=\"attachment wp-att-183078\"><img loading=\"lazy\" decoding=\"async\" class=\" wp-image-183078 alignleft\" src=\"https:\/\/www.radiopiu.net\/wordpress\/wp-content\/uploads\/2021\/01\/133200401_100838761953611_1258544160541445132_o-1-300x157.jpg\" alt=\"\" width=\"192\" height=\"101\" srcset=\"https:\/\/www.radiopiu.net\/wordpress\/wp-content\/uploads\/2021\/01\/133200401_100838761953611_1258544160541445132_o-1-300x157.jpg 300w, https:\/\/www.radiopiu.net\/wordpress\/wp-content\/uploads\/2021\/01\/133200401_100838761953611_1258544160541445132_o-1.jpg 526w\" sizes=\"auto, (max-width: 192px) 100vw, 192px\" \/><\/a>GOCCE DI FILOSOFIA, CON CHIARA CAU, CON LISA DE LUCA. <\/span><\/h2>\n<h2><\/h2>\n<h2><span style=\"color: #ff0000;\">TUTTI I GIORNI DAL LUNEDI AL VENERDI ALLE 6.55 E ALLE 18.55<\/span><\/h2>\n<p>&nbsp;<\/p>\n<h3>LA RACCOLTA COMPLETA<\/h3>\n<blockquote class=\"wp-embedded-content\" data-secret=\"5lcMREpBee\"><p><a href=\"https:\/\/www.radiopiu.net\/wordpress\/gocce-filosofia\/\">Gocce di filosofia<\/a><\/p><\/blockquote>\n<p><iframe loading=\"lazy\" class=\"wp-embedded-content\" sandbox=\"allow-scripts\" security=\"restricted\" style=\"position: absolute; clip: rect(1px, 1px, 1px, 1px);\" title=\"&#8220;Gocce di filosofia&#8221; &#8212; Radio Pi\u00f9\" src=\"https:\/\/www.radiopiu.net\/wordpress\/gocce-filosofia\/embed\/#?secret=5lcMREpBee\" data-secret=\"5lcMREpBee\" width=\"600\" height=\"338\" frameborder=\"0\" marginwidth=\"0\" marginheight=\"0\" scrolling=\"no\"><\/iframe><\/p>\n<p>&nbsp;<\/p>\n<hr \/>\n<p>&nbsp;<\/p>\n<div class=\"im_message_wrap clearfix\">\n<div class=\"im_content_message_wrap im_message_out\">\n<h2><span style=\"color: #ff0000;\">IERI ALLA RADIO\u00a0 IN VIVO VERSO 2020-21<\/span><\/h2>\n<p><strong><span style=\"color: #0000ff;\">IN ONDA DAL LUNEDI AL VENERDI ALLE 7.10, 10.10, 18.50\u00a0<\/span><\/strong><\/p>\n<p><strong><span style=\"font-family: Verdana, sans-serif;\"><span style=\"font-size: medium;\">LA RACCOLTA COMPLETA, TUTTE LE COLLEZIONI<\/span><\/span><\/strong><\/p>\n<blockquote class=\"wp-embedded-content\" data-secret=\"g6eL8snsI1\"><p><a href=\"https:\/\/www.radiopiu.net\/wordpress\/in-vivo-verso\/\">In Vivo Verso<\/a><\/p><\/blockquote>\n<p><iframe loading=\"lazy\" class=\"wp-embedded-content\" sandbox=\"allow-scripts\" security=\"restricted\" style=\"position: absolute; clip: rect(1px, 1px, 1px, 1px);\" title=\"&#8220;In Vivo Verso&#8221; &#8212; Radio Pi\u00f9\" src=\"https:\/\/www.radiopiu.net\/wordpress\/in-vivo-verso\/embed\/#?secret=g6eL8snsI1\" data-secret=\"g6eL8snsI1\" width=\"600\" height=\"338\" frameborder=\"0\" marginwidth=\"0\" marginheight=\"0\" scrolling=\"no\"><\/iframe><\/p>\n<p>&nbsp;<\/p>\n<\/div>\n<\/div>\n<hr \/>\n<p>&nbsp;<\/p>\n<h2>007 IN CONDOTTA CON LA PROF. MARIA ROSA SALMAZO IL LUNEDI ALLE 10,30 E ALLE 19.00 LA DOMENICA ALLE 8 DEL MATTINO. NONA STAGIONE<\/h2>\n<p><span style=\"color: #ff0000;\"><strong><a href=\"https:\/\/www.radiopiu.net\/wordpress\/colori-chiusure-ragazzi\/temperature-check-up-schoolchildren-passing-temperature-control-while-entering-school_259150-2437\/\" rel=\"attachment wp-att-185427\"><img loading=\"lazy\" decoding=\"async\" class=\"wp-image-185427 alignleft\" src=\"https:\/\/www.radiopiu.net\/wordpress\/wp-content\/uploads\/2021\/01\/temperature-check-up-schoolchildren-passing-temperature-control-while-entering-school_259150-2437-300x200.jpg\" alt=\"\" width=\"189\" height=\"126\" srcset=\"https:\/\/www.radiopiu.net\/wordpress\/wp-content\/uploads\/2021\/01\/temperature-check-up-schoolchildren-passing-temperature-control-while-entering-school_259150-2437-300x200.jpg 300w, https:\/\/www.radiopiu.net\/wordpress\/wp-content\/uploads\/2021\/01\/temperature-check-up-schoolchildren-passing-temperature-control-while-entering-school_259150-2437.jpg 626w\" sizes=\"auto, (max-width: 189px) 100vw, 189px\" \/><\/a><\/strong><\/span><\/p>\n<p>&nbsp;<\/p>\n<p>&nbsp;<\/p>\n<p><span style=\"color: #ff0000;\"><strong>LA PUNTATA DELLA SETTIMANA <\/strong><\/span><\/p>\n<p><strong>COLORI, CHIUSURE, RAGAZZI&#8230;<\/strong><\/p>\n<audio class=\"wp-audio-shortcode\" id=\"audio-186353-6\" preload=\"none\" style=\"width: 100%;\" controls=\"controls\"><source type=\"audio\/mpeg\" src=\"https:\/\/www.radiopiu.net\/wordpress\/wp-content\/uploads\/2021\/01\/007-18-gennaio.mp3?_=6\" \/><a href=\"https:\/\/www.radiopiu.net\/wordpress\/wp-content\/uploads\/2021\/01\/007-18-gennaio.mp3\">https:\/\/www.radiopiu.net\/wordpress\/wp-content\/uploads\/2021\/01\/007-18-gennaio.mp3<\/a><\/audio>\n<h2>LA RACCOLTA COMPLETA<\/h2>\n<blockquote class=\"wp-embedded-content\" data-secret=\"MAYrVvkhBx\"><p><a href=\"https:\/\/www.radiopiu.net\/wordpress\/007incondotta-9\/\">007 in condotta<\/a><\/p><\/blockquote>\n<p><iframe loading=\"lazy\" class=\"wp-embedded-content\" sandbox=\"allow-scripts\" security=\"restricted\" style=\"position: absolute; clip: rect(1px, 1px, 1px, 1px);\" title=\"&#8220;007 in condotta&#8221; &#8212; Radio Pi\u00f9\" src=\"https:\/\/www.radiopiu.net\/wordpress\/007incondotta-9\/embed\/#?secret=MAYrVvkhBx\" data-secret=\"MAYrVvkhBx\" width=\"600\" height=\"338\" frameborder=\"0\" marginwidth=\"0\" marginheight=\"0\" scrolling=\"no\"><\/iframe><\/p>\n<p>&nbsp;<\/p>\n<p>&nbsp;<\/p>\n<p>&nbsp;<\/p>\n<hr \/>\n<p>&nbsp;<\/p>\n<blockquote>\n<h2><a href=\"https:\/\/www.radiopiu.net\/wordpress\/speciale-solidarieta-veneto\/solidarieta-veneto-3\/\" rel=\"attachment wp-att-134366\"><img loading=\"lazy\" decoding=\"async\" class=\"wp-image-134366 alignleft\" src=\"https:\/\/www.radiopiu.net\/wordpress\/wp-content\/uploads\/2020\/05\/solidariet\u00e0-veneto-300x210.jpg\" alt=\"\" width=\"102\" height=\"71\" srcset=\"https:\/\/www.radiopiu.net\/wordpress\/wp-content\/uploads\/2020\/05\/solidariet\u00e0-veneto-300x210.jpg 300w, https:\/\/www.radiopiu.net\/wordpress\/wp-content\/uploads\/2020\/05\/solidariet\u00e0-veneto-1024x717.jpg 1024w, https:\/\/www.radiopiu.net\/wordpress\/wp-content\/uploads\/2020\/05\/solidariet\u00e0-veneto-768x538.jpg 768w, https:\/\/www.radiopiu.net\/wordpress\/wp-content\/uploads\/2020\/05\/solidariet\u00e0-veneto.jpg 1373w\" sizes=\"auto, (max-width: 102px) 100vw, 102px\" \/><\/a>SOLIDARIETA&#8217; VENETO FONDO PENSIONE, IN ONDA IL PRIMO VENERDI DEL MESE ALLE 10.30 E ALLE 19.00 QUINTA STAGIONE<\/h2>\n<\/blockquote>\n<p><strong>AUDIO<\/strong><\/p>\n<audio class=\"wp-audio-shortcode\" id=\"audio-186353-7\" preload=\"none\" style=\"width: 100%;\" controls=\"controls\"><source type=\"audio\/mpeg\" src=\"https:\/\/www.radiopiu.net\/wordpress\/wp-content\/uploads\/2020\/10\/solidarieta-veneto-gennaio.mp3?_=7\" \/><a href=\"https:\/\/www.radiopiu.net\/wordpress\/wp-content\/uploads\/2020\/10\/solidarieta-veneto-gennaio.mp3\">https:\/\/www.radiopiu.net\/wordpress\/wp-content\/uploads\/2020\/10\/solidarieta-veneto-gennaio.mp3<\/a><\/audio>\n<p>&nbsp;<\/p>\n<blockquote>\n<h2>RACCOLTA COMPLETA<\/h2>\n<\/blockquote>\n<blockquote class=\"wp-embedded-content\" data-secret=\"ZIQDWwc383\"><p><a href=\"https:\/\/www.radiopiu.net\/wordpress\/solidarieta-veneto\/\">Solidariet\u00e0 Veneto<\/a><\/p><\/blockquote>\n<p><iframe loading=\"lazy\" class=\"wp-embedded-content\" sandbox=\"allow-scripts\" security=\"restricted\" style=\"position: absolute; clip: rect(1px, 1px, 1px, 1px);\" title=\"&#8220;Solidariet\u00e0 Veneto&#8221; &#8212; Radio Pi\u00f9\" src=\"https:\/\/www.radiopiu.net\/wordpress\/solidarieta-veneto\/embed\/#?secret=ZIQDWwc383\" data-secret=\"ZIQDWwc383\" width=\"600\" height=\"338\" frameborder=\"0\" marginwidth=\"0\" marginheight=\"0\" scrolling=\"no\"><\/iframe><\/p>\n<p>&nbsp;<\/p>\n<p>&nbsp;<\/p>\n<hr \/>\n<p>&nbsp;<\/p>\n<h2><span style=\"color: #808000;\">DUE MINUTI UN LIBRO\u00a0 TUTTI I GIORNI ALLA RADIO ALLE 9.30 E ALLE 18. QUINTA STAGIONE\u00a0<\/span><\/h2>\n<blockquote class=\"wp-embedded-content\" data-secret=\"IdGAVZY3g2\"><p><a href=\"https:\/\/www.radiopiu.net\/wordpress\/un-te-con-biscotti-a-tokio\/\">UN TE&#8217; CON BISCOTTI A TOKIO<\/a><\/p><\/blockquote>\n<p><iframe loading=\"lazy\" class=\"wp-embedded-content\" sandbox=\"allow-scripts\" security=\"restricted\" style=\"position: absolute; clip: rect(1px, 1px, 1px, 1px);\" title=\"&#8220;UN TE&#8217; CON BISCOTTI A TOKIO&#8221; &#8212; Radio Pi\u00f9\" src=\"https:\/\/www.radiopiu.net\/wordpress\/un-te-con-biscotti-a-tokio\/embed\/#?secret=IdGAVZY3g2\" data-secret=\"IdGAVZY3g2\" width=\"600\" height=\"338\" frameborder=\"0\" marginwidth=\"0\" marginheight=\"0\" scrolling=\"no\"><\/iframe><\/p>\n<h2>LA RACCOLTA COMPLETA<\/h2>\n<blockquote class=\"wp-embedded-content\" data-secret=\"PXK7fO8vpX\"><p><a href=\"https:\/\/www.radiopiu.net\/wordpress\/due-minuti-un-libro\/\">Due minuti un libro<\/a><\/p><\/blockquote>\n<p><iframe loading=\"lazy\" class=\"wp-embedded-content\" sandbox=\"allow-scripts\" security=\"restricted\" style=\"position: absolute; clip: rect(1px, 1px, 1px, 1px);\" title=\"&#8220;Due minuti un libro&#8221; &#8212; Radio Pi\u00f9\" src=\"https:\/\/www.radiopiu.net\/wordpress\/due-minuti-un-libro\/embed\/#?secret=PXK7fO8vpX\" data-secret=\"PXK7fO8vpX\" width=\"600\" height=\"338\" frameborder=\"0\" marginwidth=\"0\" marginheight=\"0\" scrolling=\"no\"><\/iframe><\/p>\n<p>&nbsp;<\/p>\n<hr \/>\n<p>&nbsp;<\/p>\n<p>&nbsp;<\/p>\n<blockquote>\n<h2>CASSA SOLIDARIET\u00c0 LUXOTTICA<\/h2>\n<\/blockquote>\n<h3><strong><span style=\"color: #ff0000;\">IL NUMERO DI GENNAIO CON PAOLO CHISSALE&#8217; E FABRIZIO CAMPEDEL\u00a0\u00a0<\/span><\/strong><\/h3>\n<audio class=\"wp-audio-shortcode\" id=\"audio-186353-8\" preload=\"none\" style=\"width: 100%;\" controls=\"controls\"><source type=\"audio\/mpeg\" src=\"https:\/\/www.radiopiu.net\/wordpress\/wp-content\/uploads\/2021\/01\/ca-sol-lux-gennaio.mp3?_=8\" \/><a href=\"https:\/\/www.radiopiu.net\/wordpress\/wp-content\/uploads\/2021\/01\/ca-sol-lux-gennaio.mp3\">https:\/\/www.radiopiu.net\/wordpress\/wp-content\/uploads\/2021\/01\/ca-sol-lux-gennaio.mp3<\/a><\/audio>\n<blockquote>\n<h2>RACCOLTA COMPLETA<\/h2>\n<\/blockquote>\n<blockquote class=\"wp-embedded-content\" data-secret=\"Im7TlLiv8X\"><p><a href=\"https:\/\/www.radiopiu.net\/wordpress\/cassa-solidarieta-luxottica-puntata-del-16-ottobre-2020\/\">CASSA SOLIDARIET\u00c0 LUXOTTICA &#8211; PUNTATA DEL 20 NOVEMBRE 2020<\/a><\/p><\/blockquote>\n<p><iframe loading=\"lazy\" class=\"wp-embedded-content\" sandbox=\"allow-scripts\" security=\"restricted\" style=\"position: absolute; clip: rect(1px, 1px, 1px, 1px);\" title=\"&#8220;CASSA SOLIDARIET\u00c0 LUXOTTICA &#8211; PUNTATA DEL 20 NOVEMBRE 2020&#8221; &#8212; Radio Pi\u00f9\" src=\"https:\/\/www.radiopiu.net\/wordpress\/cassa-solidarieta-luxottica-puntata-del-16-ottobre-2020\/embed\/#?secret=Im7TlLiv8X\" data-secret=\"Im7TlLiv8X\" width=\"600\" height=\"338\" frameborder=\"0\" marginwidth=\"0\" marginheight=\"0\" scrolling=\"no\"><\/iframe><\/p>\n<p>&nbsp;<\/p>\n<hr \/>\n<p>&nbsp;<\/p>\n<p>&nbsp;<\/p>\n<blockquote class=\"wp-embedded-content\" data-secret=\"HL6zyh00GC\"><p><a href=\"https:\/\/www.radiopiu.net\/wordpress\/184594-2\/\">CISL LA VOCE DEI LAVORATORI, CON PAOLO CHISSALE&#8217;<\/a><\/p><\/blockquote>\n<p><iframe loading=\"lazy\" class=\"wp-embedded-content\" sandbox=\"allow-scripts\" security=\"restricted\" style=\"position: absolute; clip: rect(1px, 1px, 1px, 1px);\" title=\"&#8220;CISL LA VOCE DEI LAVORATORI, CON PAOLO CHISSALE&#8217;&#8221; &#8212; Radio Pi\u00f9\" src=\"https:\/\/www.radiopiu.net\/wordpress\/184594-2\/embed\/#?secret=HL6zyh00GC\" data-secret=\"HL6zyh00GC\" width=\"600\" height=\"338\" frameborder=\"0\" marginwidth=\"0\" marginheight=\"0\" scrolling=\"no\"><\/iframe><\/p>\n<div>\n<p>&nbsp;<\/p>\n<p>&nbsp;<\/p>\n<hr \/>\n<p>&nbsp;<\/p>\n<h2><span style=\"color: #800080;\"><strong>LA RASSEGNA STAMPA DA L&#8217;AMICO DEL POPOLO\u00a0<\/strong><\/span><\/h2>\n<p><strong><a href=\"https:\/\/www.radiopiu.net\/wordpress\/speciale-croce-verde-val-biois-21-mila-chilometri-in-un-anno-per-471-interventi\/murer\/\" rel=\"attachment wp-att-80526\"><img loading=\"lazy\" decoding=\"async\" class=\"size-full wp-image-80526 alignleft\" src=\"https:\/\/www.radiopiu.net\/wordpress\/wp-content\/uploads\/2019\/03\/MURER-e1603200896333.jpg\" alt=\"\" width=\"259\" height=\"194\" \/><\/a>di Gianni Santomaso<\/strong><\/p>\n<p>OSPITE: Stefano Murer, presidente della Croce Verde Val Biois<\/p>\n<audio class=\"wp-audio-shortcode\" id=\"audio-186353-9\" preload=\"none\" style=\"width: 100%;\" controls=\"controls\"><source type=\"audio\/mpeg\" src=\"https:\/\/www.radiopiu.net\/wordpress\/wp-content\/uploads\/2021\/01\/RASSEGNA-GIANNI-2.mp3?_=9\" \/><a href=\"https:\/\/www.radiopiu.net\/wordpress\/wp-content\/uploads\/2021\/01\/RASSEGNA-GIANNI-2.mp3\">https:\/\/www.radiopiu.net\/wordpress\/wp-content\/uploads\/2021\/01\/RASSEGNA-GIANNI-2.mp3<\/a><\/audio>\n<p>&nbsp;<\/p>\n<h1 class=\"kvgmc6g5 cxmmr5t8 oygrvhab hcukyx3x c1et5uql\"><span style=\"color: #0000ff;\">RADIO PIU INFORMAZIONE il canale su TELEGRAM informazione di prima mano e in tempo reale. iscriviti ed aiutaci a farlo conoscere\u00a0<\/span><\/h1>\n<p>&nbsp;<\/p>\n<p><strong>LA RACCOLTA COMPLETA<\/strong><\/p>\n<blockquote class=\"wp-embedded-content\" data-secret=\"d8FLu2aIzT\"><p><a href=\"https:\/\/www.radiopiu.net\/wordpress\/rassegna-stampa-di-gianni-santomaso\/\">Rassegna stampa da l&#8217;amico del popolo &#8211; di Gianni Santomaso<\/a><\/p><\/blockquote>\n<p><iframe loading=\"lazy\" class=\"wp-embedded-content\" sandbox=\"allow-scripts\" security=\"restricted\" style=\"position: absolute; clip: rect(1px, 1px, 1px, 1px);\" title=\"&#8220;Rassegna stampa da l&#8217;amico del popolo &#8211; di Gianni Santomaso&#8221; &#8212; Radio Pi\u00f9\" src=\"https:\/\/www.radiopiu.net\/wordpress\/rassegna-stampa-di-gianni-santomaso\/embed\/#?secret=d8FLu2aIzT\" data-secret=\"d8FLu2aIzT\" width=\"600\" height=\"338\" frameborder=\"0\" marginwidth=\"0\" marginheight=\"0\" scrolling=\"no\"><\/iframe><\/p>\n<p>&nbsp;<\/p>\n<p>&nbsp;<\/p>\n<hr \/>\n<p>&nbsp;<\/p>\n<p>&nbsp;<\/p>\n<div>\n<h2><span style=\"color: #33cccc;\">I RACCONTI DI PAOLO SOPPELSA il lunedi alle 9.30 e 18.30<\/span><\/h2>\n<blockquote class=\"wp-embedded-content\" data-secret=\"Ju8WUFvBaT\"><p><a href=\"https:\/\/www.radiopiu.net\/wordpress\/i-racconti-di-paolo-soppelsa-cinquantottesima-puntata\/\">I RACCONTI DI PAOLO SOPPELSA CINQUANTOTTESIMA PUNTATA<\/a><\/p><\/blockquote>\n<p><iframe loading=\"lazy\" class=\"wp-embedded-content\" sandbox=\"allow-scripts\" security=\"restricted\" style=\"position: absolute; clip: rect(1px, 1px, 1px, 1px);\" title=\"&#8220;I RACCONTI DI PAOLO SOPPELSA CINQUANTOTTESIMA PUNTATA&#8221; &#8212; Radio Pi\u00f9\" src=\"https:\/\/www.radiopiu.net\/wordpress\/i-racconti-di-paolo-soppelsa-cinquantottesima-puntata\/embed\/#?secret=Ju8WUFvBaT\" data-secret=\"Ju8WUFvBaT\" width=\"600\" height=\"338\" frameborder=\"0\" marginwidth=\"0\" marginheight=\"0\" scrolling=\"no\"><\/iframe><\/p>\n<h2><span style=\"color: #33cccc;\"><strong>RACCOLTA COMPLETA<\/strong><\/span><\/h2>\n<blockquote class=\"wp-embedded-content\" data-secret=\"AAZldrAcgZ\"><p><a href=\"https:\/\/www.radiopiu.net\/wordpress\/i-racconti-di-paolo-soppelsa\/\">I racconti di Paolo Soppelsa<\/a><\/p><\/blockquote>\n<p><iframe loading=\"lazy\" class=\"wp-embedded-content\" sandbox=\"allow-scripts\" security=\"restricted\" style=\"position: absolute; clip: rect(1px, 1px, 1px, 1px);\" title=\"&#8220;I racconti di Paolo Soppelsa&#8221; &#8212; Radio Pi\u00f9\" src=\"https:\/\/www.radiopiu.net\/wordpress\/i-racconti-di-paolo-soppelsa\/embed\/#?secret=AAZldrAcgZ\" data-secret=\"AAZldrAcgZ\" width=\"600\" height=\"338\" frameborder=\"0\" marginwidth=\"0\" marginheight=\"0\" scrolling=\"no\"><\/iframe><\/p>\n<\/div>\n<p>&nbsp;<\/p>\n<hr \/>\n<p>&nbsp;<\/p>\n<div>\n<h2><\/h2>\n<h2><\/h2>\n<h2><strong><a href=\"https:\/\/www.radiopiu.net\/wordpress\/giornale-radiopiu-20-gennaio-2021-direttore-mirko-mezzacasa\/b4d903ae-3002-4aa4-b90c-cd65b62d43df\/\" rel=\"attachment wp-att-185691\"><img loading=\"lazy\" decoding=\"async\" class=\" wp-image-185691 alignleft\" src=\"https:\/\/www.radiopiu.net\/wordpress\/wp-content\/uploads\/2021\/01\/b4d903ae-3002-4aa4-b90c-cd65b62d43df-197x300.jpg\" alt=\"\" width=\"113\" height=\"172\" srcset=\"https:\/\/www.radiopiu.net\/wordpress\/wp-content\/uploads\/2021\/01\/b4d903ae-3002-4aa4-b90c-cd65b62d43df-197x300.jpg 197w, https:\/\/www.radiopiu.net\/wordpress\/wp-content\/uploads\/2021\/01\/b4d903ae-3002-4aa4-b90c-cd65b62d43df.jpg 526w\" sizes=\"auto, (max-width: 113px) 100vw, 113px\" \/><\/a><\/strong><\/h2>\n<h2><\/h2>\n<h2><strong>LE\u00a0 PUNTATE di Luisa Alchini di Leggermente Bellunesi, la domenica alle 11, <span style=\"color: #0000ff;\">IL MARTEDI IN PRIMA EDIZIONE\u00a0<\/span> alle 10.30 e alle 19.00<\/strong><\/h2>\n<p><strong>LA PUNTATA DELLA SETTIMANA<\/strong><\/p>\n<p>ELISA ORZES GRILLONE nativa di Cencenighe. Seconda puntata. La partecipazione al funerale di Guglielmo Marconi e l&#8217;alluvione&#8230; Le strane coincidenze.<\/p>\n<audio class=\"wp-audio-shortcode\" id=\"audio-186353-10\" preload=\"none\" style=\"width: 100%;\" controls=\"controls\"><source type=\"audio\/mpeg\" src=\"https:\/\/www.radiopiu.net\/wordpress\/wp-content\/uploads\/2021\/01\/15leggermenteparte2elisaorzescosta.mp3?_=10\" \/><a href=\"https:\/\/www.radiopiu.net\/wordpress\/wp-content\/uploads\/2021\/01\/15leggermenteparte2elisaorzescosta.mp3\">https:\/\/www.radiopiu.net\/wordpress\/wp-content\/uploads\/2021\/01\/15leggermenteparte2elisaorzescosta.mp3<\/a><\/audio>\n<h2><strong style=\"font-size: 14px;\"><span style=\"color: #000000;\">RACCOLTA COMPLETA<\/span><\/strong><\/h2>\n<\/div>\n<blockquote class=\"wp-embedded-content\" data-secret=\"u62KEOdiBR\"><p><a href=\"https:\/\/www.radiopiu.net\/wordpress\/leggermente-20\/\">LEGGERmente&#8230;Bellunesi<\/a><\/p><\/blockquote>\n<p><iframe loading=\"lazy\" class=\"wp-embedded-content\" sandbox=\"allow-scripts\" security=\"restricted\" style=\"position: absolute; clip: rect(1px, 1px, 1px, 1px);\" title=\"&#8220;LEGGERmente&#8230;Bellunesi&#8221; &#8212; Radio Pi\u00f9\" src=\"https:\/\/www.radiopiu.net\/wordpress\/leggermente-20\/embed\/#?secret=u62KEOdiBR\" data-secret=\"u62KEOdiBR\" width=\"600\" height=\"338\" frameborder=\"0\" marginwidth=\"0\" marginheight=\"0\" scrolling=\"no\"><\/iframe><\/p>\n<hr \/>\n<p>&nbsp;<\/p>\n<blockquote>\n<h3><a href=\"https:\/\/www.radiopiu.net\/wordpress\/almanacco-ladino-puntata-5-2020\/sn\/\" rel=\"attachment wp-att-180931\"><img loading=\"lazy\" decoding=\"async\" class=\"wp-image-180931 alignleft\" src=\"https:\/\/www.radiopiu.net\/wordpress\/wp-content\/uploads\/2020\/12\/sn-300x194.jpg\" alt=\"\" width=\"181\" height=\"117\" srcset=\"https:\/\/www.radiopiu.net\/wordpress\/wp-content\/uploads\/2020\/12\/sn-300x194.jpg 300w, https:\/\/www.radiopiu.net\/wordpress\/wp-content\/uploads\/2020\/12\/sn.jpg 626w\" sizes=\"auto, (max-width: 181px) 100vw, 181px\" \/><\/a>L&#8217;ALMANACCO LADINO CON L&#8217;ISTITUT CESA DE JAN QUINDICINALE APPUNTAMENTO. LA DOMENICA ALLE 9 IL LUNEDI ALLE 8.35 IL MARTEDI ALLE 12.35 IL MERCOLEDI ALLE 18.35. SECONDA STAGIONE.<\/h3>\n<\/blockquote>\n<p>&nbsp;<\/p>\n<p><strong>RACCOLTA COMPLETA\u00a0<\/strong><\/p>\n<blockquote class=\"wp-embedded-content\" data-secret=\"GXpESD3bi1\"><p><a href=\"https:\/\/www.radiopiu.net\/wordpress\/almanacco-ladino\/\">Almanacco Ladino<\/a><\/p><\/blockquote>\n<p><iframe loading=\"lazy\" class=\"wp-embedded-content\" sandbox=\"allow-scripts\" security=\"restricted\" style=\"position: absolute; clip: rect(1px, 1px, 1px, 1px);\" title=\"&#8220;Almanacco Ladino&#8221; &#8212; Radio Pi\u00f9\" src=\"https:\/\/www.radiopiu.net\/wordpress\/almanacco-ladino\/embed\/#?secret=GXpESD3bi1\" data-secret=\"GXpESD3bi1\" width=\"600\" height=\"338\" frameborder=\"0\" marginwidth=\"0\" marginheight=\"0\" scrolling=\"no\"><\/iframe><\/p>\n<p>&nbsp;<\/p>\n<\/div>\n<hr \/>\n<div>\n<h2><span style=\"color: #000080;\"><a class=\"dt-pswp-item\" href=\"https:\/\/www.radiopiu.net\/wordpress\/wp-content\/uploads\/2020\/10\/pp.jpg\" data-dt-img-description=\"\" data-large_image_width=\"640\" data-large_image_height=\"640\"><img loading=\"lazy\" decoding=\"async\" class=\"wp-image-163678 alignleft\" src=\"https:\/\/www.radiopiu.net\/wordpress\/wp-content\/uploads\/2020\/10\/pp-300x300.jpg\" alt=\"\" width=\"106\" height=\"106\" srcset=\"https:\/\/www.radiopiu.net\/wordpress\/wp-content\/uploads\/2020\/10\/pp-300x300.jpg 300w, https:\/\/www.radiopiu.net\/wordpress\/wp-content\/uploads\/2020\/10\/pp-150x150.jpg 150w, https:\/\/www.radiopiu.net\/wordpress\/wp-content\/uploads\/2020\/10\/pp-125x125.jpg 125w, https:\/\/www.radiopiu.net\/wordpress\/wp-content\/uploads\/2020\/10\/pp-200x200.jpg 200w, https:\/\/www.radiopiu.net\/wordpress\/wp-content\/uploads\/2020\/10\/pp-80x80.jpg 80w, https:\/\/www.radiopiu.net\/wordpress\/wp-content\/uploads\/2020\/10\/pp-480x480.jpg 480w, https:\/\/www.radiopiu.net\/wordpress\/wp-content\/uploads\/2020\/10\/pp.jpg 640w\" sizes=\"auto, (max-width: 106px) 100vw, 106px\" \/><\/a> <\/span><\/h2>\n<h2><span style=\"color: #000080;\">DON CESARE, IL PENSIERO DEL GIORNO. ALLA RADIO ALLE 7 DEL MATTINO E ALLE 19.30 DELLA SERA.\u00a0\u00a0<\/span><\/h2>\n<p>&nbsp;<\/p>\n<\/div>\n<audio class=\"wp-audio-shortcode\" id=\"audio-186353-11\" preload=\"none\" style=\"width: 100%;\" controls=\"controls\"><source type=\"audio\/mpeg\" src=\"https:\/\/www.radiopiu.net\/wordpress\/wp-content\/uploads\/2021\/01\/CESARE-18.mp3?_=11\" \/><a href=\"https:\/\/www.radiopiu.net\/wordpress\/wp-content\/uploads\/2021\/01\/CESARE-18.mp3\">https:\/\/www.radiopiu.net\/wordpress\/wp-content\/uploads\/2021\/01\/CESARE-18.mp3<\/a><\/audio>\n<p>&nbsp;<\/p>\n<hr \/>\n<p>&nbsp;<\/p>\n<blockquote>\n<h2><span style=\"color: #0000ff;\">A<a href=\"https:\/\/www.radiopiu.net\/wordpress\/laugurio-di-monsignor-giorgio-lise-agli-agordini\/don-giorgio-lise\/\" rel=\"attachment wp-att-177420\"><img loading=\"lazy\" decoding=\"async\" class=\" wp-image-177420 alignleft\" src=\"https:\/\/www.radiopiu.net\/wordpress\/wp-content\/uploads\/2020\/12\/DON-GIORGIO-LISE-300x169.jpg\" alt=\"\" width=\"217\" height=\"122\" srcset=\"https:\/\/www.radiopiu.net\/wordpress\/wp-content\/uploads\/2020\/12\/DON-GIORGIO-LISE-300x169.jpg 300w, https:\/\/www.radiopiu.net\/wordpress\/wp-content\/uploads\/2020\/12\/DON-GIORGIO-LISE-1024x577.jpg 1024w, https:\/\/www.radiopiu.net\/wordpress\/wp-content\/uploads\/2020\/12\/DON-GIORGIO-LISE-768x432.jpg 768w, https:\/\/www.radiopiu.net\/wordpress\/wp-content\/uploads\/2020\/12\/DON-GIORGIO-LISE-1536x865.jpg 1536w, https:\/\/www.radiopiu.net\/wordpress\/wp-content\/uploads\/2020\/12\/DON-GIORGIO-LISE.jpg 1600w\" sizes=\"auto, (max-width: 217px) 100vw, 217px\" \/><\/a>LLA DOMENICA, DUE MINUTI PER TE CON MONSIGNOR GIORGIO LISE\u00a0<\/span><\/h2>\n<\/blockquote>\n<audio class=\"wp-audio-shortcode\" id=\"audio-186353-12\" preload=\"none\" style=\"width: 100%;\" controls=\"controls\"><source type=\"audio\/mpeg\" src=\"https:\/\/www.radiopiu.net\/wordpress\/wp-content\/uploads\/2021\/01\/GIORGIO-1.mp3?_=12\" \/><a href=\"https:\/\/www.radiopiu.net\/wordpress\/wp-content\/uploads\/2021\/01\/GIORGIO-1.mp3\">https:\/\/www.radiopiu.net\/wordpress\/wp-content\/uploads\/2021\/01\/GIORGIO-1.mp3<\/a><\/audio>\n<p>&nbsp;<\/p>\n<hr \/>\n<p>&nbsp;<\/p>\n<div>\n<p class=\"photoswipe-wrapper\"><a class=\"dt-pswp-item pspw-wrap-ready\" href=\"https:\/\/i0.wp.com\/www.radiopiu.net\/wordpress\/wp-content\/uploads\/2018\/09\/viabilita.jpeg?ssl=1\" data-dt-img-description=\"\" data-large_image_width=\"800\" data-large_image_height=\"100\"><img loading=\"lazy\" decoding=\"async\" class=\"aligncenter wp-image-61954 size-full\" src=\"https:\/\/i0.wp.com\/www.radiopiu.net\/wordpress\/wp-content\/uploads\/2018\/09\/viabilita.jpeg?resize=800%2C100&amp;ssl=1\" sizes=\"auto, (max-width: 800px) 100vw, 800px\" srcset=\"https:\/\/i0.wp.com\/www.radiopiu.net\/wordpress\/wp-content\/uploads\/2018\/09\/viabilita.jpeg?w=800&amp;ssl=1 800w, https:\/\/i0.wp.com\/www.radiopiu.net\/wordpress\/wp-content\/uploads\/2018\/09\/viabilita.jpeg?resize=300%2C38&amp;ssl=1 300w, https:\/\/i0.wp.com\/www.radiopiu.net\/wordpress\/wp-content\/uploads\/2018\/09\/viabilita.jpeg?resize=768%2C96&amp;ssl=1 768w\" alt=\"\" width=\"800\" height=\"100\" \/><\/a><\/p>\n<\/div>\n<p>&nbsp;<\/p>\n<p><strong>SP 473 DI CROCE D&#8217;AUNE<\/strong> interruzioni al traffico della durata massima di 20 minuti tra Ponte Otra e Sovramonte dal 26 al 29 gennaio, dalle 8:30 alle 17, per consentire taglio alberature pericolose e messa in sicurezza della strada<\/p>\n<p><strong>SP 1 MADONNA DEL PIAVE <\/strong>senso unico alternato regolato da semaforo fino al 15 gennaio in comune di Quero Vas per realizzazione tombinatura<\/p>\n<p><strong>SP 42 CAVALLERA<\/strong> fino a revoca, chiusura della strada nell&#8217;abitato di Perarolo per attivazione emergenza frana &#8220;Busa del Cristo&#8221;<\/p>\n<p><strong>S.P.2 DELLA VALLE DEL MIS\u00a0<\/strong>Interdizione totale al traffico fino a revoca dal km 14,920 (localit\u00e0 Gona Bassa) al km 20,650 (localit\u00e0 Titele) per cedimento della carreggiata<\/p>\n<p><strong>S.P. 5 DI LAMOSANO<\/strong>\u00a0Interdizione totale fino a revoca per presenza di materiale e alberi in strada.<\/p>\n<p><strong>S.P. 251 DI VAL DI ZOLDO E VAL CELLINA\u00a0<\/strong>dalla localit\u00e0 Soffranco fino all&#8217;imbocco nord della galleria S. Giovanni interdizione totale al transito per cedimento della carreggiata<\/p>\n<p><strong>SP 3 DELLA VAL IMPERINA<\/strong> fino a revoca, senso unico alternato regolato a vista in localit\u00e0 Gona di Conedera di Rivamonte per cedimento della carreggiata stradale<\/p>\n<p>&nbsp;<\/p>\n<div>\n<p>&nbsp;<\/p>\n<hr \/>\n<p>&nbsp;<\/p>\n<p class=\"photoswipe-wrapper\"><a class=\"dt-pswp-item pspw-wrap-ready\" href=\"https:\/\/i0.wp.com\/www.radiopiu.net\/wordpress\/wp-content\/uploads\/2018\/09\/WhatsApp-Image-2018-09-20-at-16.04.06.jpeg?ssl=1\" data-dt-img-description=\"\" data-large_image_width=\"800\" data-large_image_height=\"100\"><img loading=\"lazy\" decoding=\"async\" class=\"aligncenter wp-image-61378 size-full jetpack-lazy-image jetpack-lazy-image--handled\" src=\"https:\/\/i0.wp.com\/www.radiopiu.net\/wordpress\/wp-content\/uploads\/2018\/09\/WhatsApp-Image-2018-09-20-at-16.04.06.jpeg?resize=800%2C100&amp;ssl=1\" sizes=\"auto, (max-width: 800px) 100vw, 800px\" srcset=\"https:\/\/i0.wp.com\/www.radiopiu.net\/wordpress\/wp-content\/uploads\/2018\/09\/WhatsApp-Image-2018-09-20-at-16.04.06.jpeg?w=800&amp;ssl=1 800w, https:\/\/i0.wp.com\/www.radiopiu.net\/wordpress\/wp-content\/uploads\/2018\/09\/WhatsApp-Image-2018-09-20-at-16.04.06.jpeg?resize=300%2C38&amp;ssl=1 300w, https:\/\/i0.wp.com\/www.radiopiu.net\/wordpress\/wp-content\/uploads\/2018\/09\/WhatsApp-Image-2018-09-20-at-16.04.06.jpeg?resize=768%2C96&amp;ssl=1 768w\" alt=\"\" width=\"800\" height=\"100\" data-lazy-loaded=\"1\" \/><\/a><\/p>\n<p>&nbsp;<\/p>\n<\/div>\n<\/div>\n<p><center><b>Domenica 24<\/b><\/center><b>Tempo atteso: <\/b>Dopo le ampie schiarite e la tendenza a rasserenamento nella notte, la giornata sar\u00e0 soleggiata, se si escludono iniziali nubi basse o nebbie in qualche valle prealpina al primo mattino, specie in Valbelluna, in diradamento nel corso della mattinata. In tarda serata\/notte arrivo di nubi medio-alte da ovest.<br \/>\n<b>Precipitazioni: <\/b>Assenti (05)<br \/>\n<b>Temperature: <\/b>In diminuzione le minime, soprattutto a fondovalle, ad eccezione delle valli prealpine interessate dalle nubi basse o nebbie notturne. Su Prealpi a 1500 m min -3\u00b0C max 0\u00b0C, a 2000 m min -5\u00b0C max -4\u00b0C. Su Dolomiti a 2000 m min -7\u00b0C max -5\u00b0C, a 3000 m min -15\u00b0C max -12\u00b0C.<br \/>\n<b>Venti: <\/b>Nelle valli deboli di direzione variabile; in quota moderati da nord-ovest, a tratti tesi sulle cime, 10-25 km\/h a 2000 m e 25-35 km\/h a 3000 m.<\/p>\n<hr \/>\n<p><center><b>Lunedi 25<\/b><\/center><b>Tempo atteso: <\/b>Giornata generalmente nuvolosa e pi\u00f9 fredda di domenica, con estese nubi medio-alte, ma senza fenomeni significativi. Nel pomeriggio primi rasserenamenti sulle Prealpi veronesi e vicentine e verso sera anche sul Bellunese. Nel pomeriggio-sera in quota sar\u00e0 ventoso e freddo.<br \/>\n<b>Precipitazioni: <\/b>Sulle Dolomiti generalmente assenti, salvo qualche fiocco in quota (10-20%), sulle Prealpi rischio di deboli o debolissime precipitazioni (20-40%), specie al mattino, eventualmente nevose oltre i 500-700 m<br \/>\n<b>Temperature: <\/b>In generale diminuzione, salvo un lieve aumento nelle minime a fondovalle. Su Prealpi a 1500 m min -5\u00b0C max -3\u00b0C, a 2000 m min -8\u00b0C max -7\u00b0C. Su Dolomiti a 2000 m min -11\u00b0C max -8\u00b0C, a 3000 m min -18\u00b0C max -15\u00b0C.<br \/>\n<b>Venti: <\/b>Nelle valli inizialmente deboli, poi possibili rinforzi di Fhn; in quota al primo mattino moderati da ovest sud-ovest, in seguito in intensificazione fino a tesi, a tratti forti, da nord, 10-30 km\/h a 2000 m e 30-60 km\/h a 3000 m.<\/p>\n<hr \/>\n<p><center><b>Martedi 26<\/b><\/center>Tempo bello, ma freddo e in quota anche ventoso. Il cielo sar\u00e0 sereno o poco nuvoloso, con qualche annuvolamento in pi\u00f9 sulle zone di confine con l&#8217;Alto Adige e l&#8217;Austria. Temperature in ulteriore diminuzione, su valori 3-5\u00b0C inferiori alla norma. Venti in quota tesi o forti da nord-ovest, con qualche raffica di Fhn nelle valli. Condizioni di wind-chill sui monti.<\/p>\n<hr \/>\n<p><center><b>Mercoledi 27<\/b><\/center>Ancora prevalenza di tempo bello, ma ancora freddo e soprattutto ventoso in quota, dove l&#8217;effetto wind-chill sar\u00e0 ancora significativo. Possibilit\u00e0 di qualche addensamento sui monti di confine e di nubi lenticolari sulle Prealpi. Temperature stazionarie, su valori ancora inferiori alla norma. Venti in quota tesi o forti da nord-ovest. Previsore: B.R.<\/p>\n<p>&nbsp;<\/p>\n<hr \/>\n<p>&nbsp;<\/p>\n<p><a href=\"https:\/\/www.radiopiu.net\/wordpress\/giornale-radiopiu-15-settembre-2018-direttore-mirko-mezzacasa\/sport-7\/\" rel=\"attachment wp-att-60761\"><img loading=\"lazy\" decoding=\"async\" class=\"aligncenter wp-image-60761 size-full\" src=\"https:\/\/www.radiopiu.net\/wordpress\/wp-content\/uploads\/2018\/09\/sport.jpg\" alt=\"\" width=\"800\" height=\"100\" srcset=\"https:\/\/www.radiopiu.net\/wordpress\/wp-content\/uploads\/2018\/09\/sport.jpg 800w, https:\/\/www.radiopiu.net\/wordpress\/wp-content\/uploads\/2018\/09\/sport-300x38.jpg 300w, https:\/\/www.radiopiu.net\/wordpress\/wp-content\/uploads\/2018\/09\/sport-768x96.jpg 768w\" sizes=\"auto, (max-width: 800px) 100vw, 800px\" \/><\/a><\/p>\n<p>&nbsp;<\/p>\n<blockquote>\n<h3>L&#8217;ALLEGHE METTE I SACCOCCIA 3 PUNTI IMPORTANTI CONTRO IL BRESSANONE<\/h3>\n<\/blockquote>\n<p class=\"p1\"><b><a href=\"https:\/\/www.radiopiu.net\/wordpress\/il-calendario-ufficiale-dellitalian-hockey-league\/logo-alleghe-hockey\/\" rel=\"attachment wp-att-95699\"><img loading=\"lazy\" decoding=\"async\" class=\"size-medium wp-image-95699 alignleft\" src=\"https:\/\/www.radiopiu.net\/wordpress\/wp-content\/uploads\/2019\/08\/logo-alleghe-hockey-300x281.png\" alt=\"\" width=\"300\" height=\"281\" srcset=\"https:\/\/www.radiopiu.net\/wordpress\/wp-content\/uploads\/2019\/08\/logo-alleghe-hockey-300x281.png 300w, https:\/\/www.radiopiu.net\/wordpress\/wp-content\/uploads\/2019\/08\/logo-alleghe-hockey.png 547w\" sizes=\"auto, (max-width: 300px) 100vw, 300px\" \/><\/a>ALLEGHE &#8211; BRESSANONE 7-3<\/b><\/p>\n<p class=\"p1\">PARZIALI: 1-1, 2-2, 4-0<\/p>\n<p class=\"p1\">GOL: pt. 11\u201911\u2019 De Ceuster, 12\u201903\u201d Messner. st. 3\u201914\u201d Kiviranta, 7\u201946\u201d Casanova, 7\u201956\u201d Kiviranta, 14\u201900\u201d Sottsass. tt. 16\u201943\u201d De Ceuster, 17\u201927\u201d Soppelsa, 18\u201954\u201d M. Dall\u2019Agnol, 19\u201925\u201d M. Dall\u2019Agnol<\/p>\n<p class=\"p1\"><b>ALLEGHE<\/b> Tre punti sudati per l\u2019Alleghe Hockey che vince contro un Bressanone al quanto combattivo. Partita in bilico fino a pochi minuti dal termine poi le civette hanno la meglio. Doppietta di Kiviranta e De Ceuster, forse i migliori in campo. Una vittoria importantissima per la classifica in vista di una qualificazione ai playoff. Prima parte di gara abbastanza equilibrata con le due formazioni che per\u00f2 sembrano non impegnarsi pi\u00f9 di tanto. Le occasioni non mancano ma la mira non \u00e8 delle migliori. Le civette prendono coraggio e si portano in vantaggio con il belga De Ceuster. Il Bressanone risponde subito e approfitta di una indecisione difensiva alleghese Messner insacca. Nella seconda frazione<span class=\"Apple-converted-space\">\u00a0 <\/span>l\u2019Alleghe sembra avere una marcia in pi\u00f9. Kiviranta si fa vivo davanti al golie avversario e insacca per il 2 a 1. Gli altoatesini sembrano in difficolt\u00e0 e gli agordini ce la mettono tutta. Alla prima vera azione gli ospiti pareggiano i conti. La risposta delle civette non si fa attendere e Kiviranta trova il pertugio per infilare la doppietta personale. Le squadre continuano a lottare e il Bressanone ha la meglio pareggiando di nuovo i conti. La squadra altoatesina prova a colpire approfittando di un momento di sofferenza per gli agordini ma si va al riposo senza cambiamenti di punteggio. Nel terzo drittel l\u2019Alleghe prova a colpire con De Toni e Kiviranta ma il disco non vuole entrare. Il gioco si fa maschio e fioccano le penalit\u00e0 da entrambe le parti. Anche Lorenzo Dall\u2019Agnol ci prova con un\u2019azione solitaria ma al momento del tiro non riesce a battere il portiere. A pochi minuti dal termine le civette tornano in vantaggio. Azione corale di Kiviranta che in contropiede serve De Ceuster il quale controlla e infila il disco sotto ai gambali del portiere. A chiudere la partita ci pensano Lorenzo Dall\u2019Agnol e Francesco Soppelsa con quest\u2019ultimo che riesce a siglare la quinta rete agordina. Non si ferma la squadra di Matikainen che va a segno per la sesta volta, questa volta a mettere la firma \u00e8 Matteo Dall\u2019Agnol. Lo stesso giocatore sigla la doppietta poco dopo.<\/p>\n<p>&nbsp;<\/p>\n<p>&nbsp;<\/p>\n<hr \/>\n<p>&nbsp;<\/p>\n<blockquote>\n<h3>ANCORA UNA VITTORIA PER ELIA BARP<\/h3>\n<\/blockquote>\n<p><strong><a href=\"https:\/\/www.radiopiu.net\/wordpress\/giornale-radiopiu-24-gennaio-2021-direttore-mirko-mezzacasa\/da-sx-elia-barp-e-pietro-pomari-camp-ita-team-sprint-juniores-clusone-23-01-2021\/\" rel=\"attachment wp-att-186464\"><img loading=\"lazy\" decoding=\"async\" class=\"size-medium wp-image-186464 alignleft\" src=\"https:\/\/www.radiopiu.net\/wordpress\/wp-content\/uploads\/2021\/01\/da-sx-elia-barp-e-pietro-pomari-camp-ita-team-sprint-juniores-clusone-23.01.2021-300x200.jpeg\" alt=\"\" width=\"300\" height=\"200\" srcset=\"https:\/\/www.radiopiu.net\/wordpress\/wp-content\/uploads\/2021\/01\/da-sx-elia-barp-e-pietro-pomari-camp-ita-team-sprint-juniores-clusone-23.01.2021-300x200.jpeg 300w, https:\/\/www.radiopiu.net\/wordpress\/wp-content\/uploads\/2021\/01\/da-sx-elia-barp-e-pietro-pomari-camp-ita-team-sprint-juniores-clusone-23.01.2021-1024x682.jpeg 1024w, https:\/\/www.radiopiu.net\/wordpress\/wp-content\/uploads\/2021\/01\/da-sx-elia-barp-e-pietro-pomari-camp-ita-team-sprint-juniores-clusone-23.01.2021-768x512.jpeg 768w, https:\/\/www.radiopiu.net\/wordpress\/wp-content\/uploads\/2021\/01\/da-sx-elia-barp-e-pietro-pomari-camp-ita-team-sprint-juniores-clusone-23.01.2021.jpeg 1346w\" sizes=\"auto, (max-width: 300px) 100vw, 300px\" \/><\/a>CLUSONE <\/strong>Dopo le tante medaglie della scorsa settimana ai Tricolori Giovani di Alfedena, il Veneto del fondo \u00e8 ancora grande a Clusone (Bergamo) dove si \u00e8 svolta la prima giornata del campionato italiano Giovani dedicato alle sprint, dedicata alla team sprint. In campo maschile, \u00e8 arrivato uno splendido oro grazie al bellunese Elia Barp e al veronese Pietro Pomari.<\/p>\n","protected":false},"excerpt":{"rendered":"<p>PER RICEVERE QUESTO NOTIZIARIO DIRETTAMENTE SUL TUO CELLULARE ISCRIVITI AL CANALE TELEGRAM \u201cRADIO PIU\u00a0 INFORMAZIONE&#8221;\u00a0 SUPERATI I 3000 ISCRITTI, il CANALE TELEGRAM&#8230; UNISCITI A: RADIO PIU INFORMAZIONE &nbsp; ATTENZIONE: LA NUOVA APP PER IOS-IPHONE di Nicola Vettorello https:\/\/apps.apple.com\/it\/app\/radio-pi%C3%B9-emittente-agordina\/id1515939845 ATTENZIONE: LA NUOVA APP RADIO\u00a0 PER ANDROID di Nicola Vettorello https:\/\/play.google.com\/store\/apps\/details?id=net.radiopiu.iniko &nbsp; &nbsp; VIABILITA&#8217;, AGGIORNAMENTO 23 GENNAIO&hellip;<\/p>\n","protected":false},"author":4,"featured_media":186457,"comment_status":"closed","ping_status":"closed","sticky":false,"template":"","format":"standard","meta":{"_monsterinsights_skip_tracking":false,"_monsterinsights_sitenote_active":false,"_monsterinsights_sitenote_note":"","_monsterinsights_sitenote_category":0,"footnotes":""},"categories":[1,51,86,49],"tags":[],"class_list":["post-186353","post","type-post","status-publish","format-standard","has-post-thumbnail","hentry","category-senza-categoria","category-evidenza-top","category-gr","category-news-18","category-1","category-51","category-86","category-49","description-off"],"img_url":"https:\/\/www.radiopiu.net\/wordpress\/wp-content\/uploads\/2021\/01\/1a7b2a30-3156-4a28-acf9-97cf16c7bdd0.jpg","_links":{"self":[{"href":"https:\/\/www.radiopiu.net\/wordpress\/wp-json\/wp\/v2\/posts\/186353","targetHints":{"allow":["GET"]}}],"collection":[{"href":"https:\/\/www.radiopiu.net\/wordpress\/wp-json\/wp\/v2\/posts"}],"about":[{"href":"https:\/\/www.radiopiu.net\/wordpress\/wp-json\/wp\/v2\/types\/post"}],"author":[{"embeddable":true,"href":"https:\/\/www.radiopiu.net\/wordpress\/wp-json\/wp\/v2\/users\/4"}],"replies":[{"embeddable":true,"href":"https:\/\/www.radiopiu.net\/wordpress\/wp-json\/wp\/v2\/comments?post=186353"}],"version-history":[{"count":0,"href":"https:\/\/www.radiopiu.net\/wordpress\/wp-json\/wp\/v2\/posts\/186353\/revisions"}],"wp:featuredmedia":[{"embeddable":true,"href":"https:\/\/www.radiopiu.net\/wordpress\/wp-json\/wp\/v2\/media\/186457"}],"wp:attachment":[{"href":"https:\/\/www.radiopiu.net\/wordpress\/wp-json\/wp\/v2\/media?parent=186353"}],"wp:term":[{"taxonomy":"category","embeddable":true,"href":"https:\/\/www.radiopiu.net\/wordpress\/wp-json\/wp\/v2\/categories?post=186353"},{"taxonomy":"post_tag","embeddable":true,"href":"https:\/\/www.radiopiu.net\/wordpress\/wp-json\/wp\/v2\/tags?post=186353"}],"curies":[{"name":"wp","href":"https:\/\/api.w.org\/{rel}","templated":true}]}}