{"id":186392,"date":"2021-01-23T09:27:07","date_gmt":"2021-01-23T08:27:07","guid":{"rendered":"https:\/\/www.radiopiu.net\/wordpress\/?p=186392"},"modified":"2021-01-23T09:34:13","modified_gmt":"2021-01-23T08:34:13","slug":"il-violento-il-pedopornografo-e-in-carcere-a-baldenich","status":"publish","type":"post","link":"https:\/\/www.radiopiu.net\/wordpress\/il-violento-il-pedopornografo-e-in-carcere-a-baldenich\/","title":{"rendered":"IL VIOLENTO IL PEDOPORNOGRAFO E&#8217; IN CARCERE A BALDENICH"},"content":{"rendered":"<p><strong>SANTA GIUSTINA<\/strong> Bruno Minute, bulgaro di 29 anni \u00e8 in carcere. A\u00a0 far scattare le manette i Carabinieri di Feltre interevenuti in frazione Salmenega a Santa Giustina. Per l&#8217;uomo c&#8217;\u00e8 un ordine di custodia in carcere (a Baldenich) poich\u00e9 pluripregiudicato, il provvedimento ultimo \u00e8 stato disposto dalla Procura della Repubblica presso la Corte di Appello di Venezia, in sostituzione degli arresti domiciliari per i reati continuati di: violenza privata, violenza sessuale su minori e pedopornografia commessi a Sedico e Santa Giustina tra il 2015 e il 2018. Dovr\u00e0 espirare in carcere una pena di 6 anni, 6 mesi e 20 giorni<\/p>\n","protected":false},"excerpt":{"rendered":"<p>SANTA GIUSTINA Bruno Minute, bulgaro di 29 anni \u00e8 in carcere. A\u00a0 far scattare le manette i Carabinieri di Feltre interevenuti in frazione Salmenega a Santa Giustina. Per l&#8217;uomo c&#8217;\u00e8 un ordine di custodia in carcere (a Baldenich) poich\u00e9 pluripregiudicato, il provvedimento ultimo \u00e8 stato disposto dalla Procura della Repubblica presso la Corte di Appello&hellip;<\/p>\n","protected":false},"author":1,"featured_media":174603,"comment_status":"closed","ping_status":"closed","sticky":false,"template":"","format":"standard","meta":{"_monsterinsights_skip_tracking":false,"_monsterinsights_sitenote_active":false,"_monsterinsights_sitenote_note":"","_monsterinsights_sitenote_category":0,"footnotes":""},"categories":[51,49],"tags":[],"class_list":["post-186392","post","type-post","status-publish","format-standard","has-post-thumbnail","hentry","category-evidenza-top","category-news-18","category-51","category-49","description-off"],"img_url":"https:\/\/www.radiopiu.net\/wordpress\/wp-content\/uploads\/2020\/11\/ff410afc-8b0c-46c0-a4de-45a8768c3343.jpg","_links":{"self":[{"href":"https:\/\/www.radiopiu.net\/wordpress\/wp-json\/wp\/v2\/posts\/186392","targetHints":{"allow":["GET"]}}],"collection":[{"href":"https:\/\/www.radiopiu.net\/wordpress\/wp-json\/wp\/v2\/posts"}],"about":[{"href":"https:\/\/www.radiopiu.net\/wordpress\/wp-json\/wp\/v2\/types\/post"}],"author":[{"embeddable":true,"href":"https:\/\/www.radiopiu.net\/wordpress\/wp-json\/wp\/v2\/users\/1"}],"replies":[{"embeddable":true,"href":"https:\/\/www.radiopiu.net\/wordpress\/wp-json\/wp\/v2\/comments?post=186392"}],"version-history":[{"count":0,"href":"https:\/\/www.radiopiu.net\/wordpress\/wp-json\/wp\/v2\/posts\/186392\/revisions"}],"wp:featuredmedia":[{"embeddable":true,"href":"https:\/\/www.radiopiu.net\/wordpress\/wp-json\/wp\/v2\/media\/174603"}],"wp:attachment":[{"href":"https:\/\/www.radiopiu.net\/wordpress\/wp-json\/wp\/v2\/media?parent=186392"}],"wp:term":[{"taxonomy":"category","embeddable":true,"href":"https:\/\/www.radiopiu.net\/wordpress\/wp-json\/wp\/v2\/categories?post=186392"},{"taxonomy":"post_tag","embeddable":true,"href":"https:\/\/www.radiopiu.net\/wordpress\/wp-json\/wp\/v2\/tags?post=186392"}],"curies":[{"name":"wp","href":"https:\/\/api.w.org\/{rel}","templated":true}]}}