{"id":186420,"date":"2021-01-23T12:21:56","date_gmt":"2021-01-23T11:21:56","guid":{"rendered":"https:\/\/www.radiopiu.net\/wordpress\/?p=186420"},"modified":"2021-01-23T12:21:56","modified_gmt":"2021-01-23T11:21:56","slug":"aggiornamento-viabilita-veneto-strade-ore-12-del-23-gennaio-2021","status":"publish","type":"post","link":"https:\/\/www.radiopiu.net\/wordpress\/aggiornamento-viabilita-veneto-strade-ore-12-del-23-gennaio-2021\/","title":{"rendered":"AGGIORNAMENTO VIABILITA VENETO STRADE &#8211; ore 12 del 23 gennaio 2021"},"content":{"rendered":"<p>Si comunica la Chiusura per motivi di sicurezza dei seguenti tratti stradali:<\/p>\n<p>&#8211; S.P. 619 \u201cdi Vigo di Cadore\u201d (Casera Razzo) dalla progressiva km 5+600 (localit\u00e0 Al Fogher) alla progressiva 12+000 (localit\u00e0 Antoia).<\/p>\n<p>Vengono riaperti al transito i seguenti tratti stradali:<\/p>\n<p>&#8211; S.R. 48 \u201cdelle Dolomiti\u201d dalla progressiva km 124+000 (localit\u00e0 Alver\u00e0) al km 134+000 (localit\u00e0<\/p>\n<p>Bivio dogana Vecchia);<\/p>\n<p>&#8211; S.P. 49 \u201cdelle Dolomiti\u201d dalla progressiva km 0+000 (localit\u00e0 Bivio dogana Vecchia) al km 2+500 (localit\u00e0 Misurina);<\/p>\n<p>Per motivi di sicurezza rimangono chiusi al transito i seguenti tratti stradali:<\/p>\n<p>&#8211; S.P. 1 \u201cbis Madonna del Piave\u201d, S.P 28 \u201cdi Segusino\u201d (TV) dal km 0+410 della S.P.1 Bis (BL) e km 7+301 della S.P. 28 (TV) Galleria Madonna del Piave chiusa al traffico a causa delle forti venute d\u2019acqua;<\/p>\n<p>&#8211; S.P. 30 \u201cPanoramica del Comelico\u201d dalla progressiva km 3+800 (fine centro abitato Costa) al km 6+600 (loc. Costalissoio);<\/p>\n<p>&#8211; S.P. 49 \u201cdi Misurina\u201d dal km 2+500 (loc. Misurina) al km 7+800 (loc. Carbonin);<\/p>\n<p>&#8211; S.R. 48 \u201cdelle Dolomiti\u201d dalla progressiva km 134+000 (localit\u00e0 Bivio dogana Vecchia) al km 153+500 (localit\u00e0 Ligonto);<span class=\"Apple-converted-space\">\u00a0<\/span><\/p>\n<p>rimane aperto un varco di emergenza per mezzi di soccorso;<\/p>\n<p>&#8211; S.P. 347 \u201cdel passo Cereda e Duran\u201d dalla progressiva km 44+300 (localit\u00e0 Passo Duran) al km Rimangono chiusi al transito causa pericolo valanghe i seguenti tratti stradali:<\/p>\n<p>&#8211; S.P. 24 \u201cdel passo Val Parola\u201d dalla progressiva km 0+000 (Passo Falzarego) al km 5+217 (confine Provincia di Bolzano);<\/p>\n<p>&#8211; S.R. 48 \u201cdelle Dolomiti\u201d (Passo Pordoi) dalla progressiva km 76+280 (Passo Pordoi) al km 82+100 (localit\u00e0 ponte Vauz);<\/p>\n<p>&#8211; S.R. 48 \u201cdelle Dolomiti\u201d dalla progressiva km 104+000 (localit\u00e0 Pian di Falzarego) al km 106+150 (localit\u00e0 Passo Falzarego);<\/p>\n<p>&#8211; S.P. 638 \u201cdel Passo Giau\u201d dalla progressiva km 0+000 (localit\u00e0 Pocol) al km 18+900 (localit\u00e0 bivio Posalf);<\/p>\n<p>&#8211; S.P. 641 \u201cdel passo Fedaia\u201d dalla progressiva km 18+200 (localit\u00e0 Malga Ciapela) 14+210 (confine con Provincia di Trento);<\/p>\n<p>&#8211; S.P. 148 \u201cCadorna\u201d dalla progressiva km 33+720 (localit\u00e0 Forcelletto) al km 26+500 (localit\u00e0 bivio Grappa-S.P. 149);<\/p>\n<p>&#8211; S.P. 619 \u201cdi Vigo di Cadore\u201d dalla progressiva km 12+000 (localit\u00e0 Antoia) alla progressiva 23+550 (confine Provincia di Udine)<\/p>\n","protected":false},"excerpt":{"rendered":"<p>Si comunica la Chiusura per motivi di sicurezza dei seguenti tratti stradali: &#8211; S.P. 619 \u201cdi Vigo di Cadore\u201d (Casera Razzo) dalla progressiva km 5+600 (localit\u00e0 Al Fogher) alla progressiva 12+000 (localit\u00e0 Antoia). Vengono riaperti al transito i seguenti tratti stradali: &#8211; S.R. 48 \u201cdelle Dolomiti\u201d dalla progressiva km 124+000 (localit\u00e0 Alver\u00e0) al km 134+000&hellip;<\/p>\n","protected":false},"author":4,"featured_media":182703,"comment_status":"closed","ping_status":"closed","sticky":false,"template":"","format":"standard","meta":{"_monsterinsights_skip_tracking":false,"_monsterinsights_sitenote_active":false,"_monsterinsights_sitenote_note":"","_monsterinsights_sitenote_category":0,"footnotes":""},"categories":[49],"tags":[],"class_list":["post-186420","post","type-post","status-publish","format-standard","has-post-thumbnail","hentry","category-news-18","category-49","description-off"],"img_url":"https:\/\/www.radiopiu.net\/wordpress\/wp-content\/uploads\/2021\/01\/NEVE-STRADA.jpg","_links":{"self":[{"href":"https:\/\/www.radiopiu.net\/wordpress\/wp-json\/wp\/v2\/posts\/186420","targetHints":{"allow":["GET"]}}],"collection":[{"href":"https:\/\/www.radiopiu.net\/wordpress\/wp-json\/wp\/v2\/posts"}],"about":[{"href":"https:\/\/www.radiopiu.net\/wordpress\/wp-json\/wp\/v2\/types\/post"}],"author":[{"embeddable":true,"href":"https:\/\/www.radiopiu.net\/wordpress\/wp-json\/wp\/v2\/users\/4"}],"replies":[{"embeddable":true,"href":"https:\/\/www.radiopiu.net\/wordpress\/wp-json\/wp\/v2\/comments?post=186420"}],"version-history":[{"count":0,"href":"https:\/\/www.radiopiu.net\/wordpress\/wp-json\/wp\/v2\/posts\/186420\/revisions"}],"wp:featuredmedia":[{"embeddable":true,"href":"https:\/\/www.radiopiu.net\/wordpress\/wp-json\/wp\/v2\/media\/182703"}],"wp:attachment":[{"href":"https:\/\/www.radiopiu.net\/wordpress\/wp-json\/wp\/v2\/media?parent=186420"}],"wp:term":[{"taxonomy":"category","embeddable":true,"href":"https:\/\/www.radiopiu.net\/wordpress\/wp-json\/wp\/v2\/categories?post=186420"},{"taxonomy":"post_tag","embeddable":true,"href":"https:\/\/www.radiopiu.net\/wordpress\/wp-json\/wp\/v2\/tags?post=186420"}],"curies":[{"name":"wp","href":"https:\/\/api.w.org\/{rel}","templated":true}]}}