{"id":186546,"date":"2021-01-25T05:32:01","date_gmt":"2021-01-25T04:32:01","guid":{"rendered":"https:\/\/www.radiopiu.net\/wordpress\/?p=186546"},"modified":"2021-01-25T09:01:56","modified_gmt":"2021-01-25T08:01:56","slug":"giornale-radiopiu-25-gennaio-2021-direttore-mirko-mezzacasa","status":"publish","type":"post","link":"https:\/\/www.radiopiu.net\/wordpress\/giornale-radiopiu-25-gennaio-2021-direttore-mirko-mezzacasa\/","title":{"rendered":"GIORNALE RADIOPIU 25 GENNAIO 2021 DIRETTORE MIRKO MEZZACASA"},"content":{"rendered":"<h3><a href=\"https:\/\/www.radiopiu.net\/wordpress\/giornale-radiopiu-24-gennaio-2021-direttore-mirko-mezzacasa\/141433770_171616291414874_2957460898102012198_n\/\" rel=\"attachment wp-att-186566\"><img loading=\"lazy\" decoding=\"async\" class=\"wp-image-186566 alignleft\" src=\"https:\/\/www.radiopiu.net\/wordpress\/wp-content\/uploads\/2021\/01\/141433770_171616291414874_2957460898102012198_n-300x300.jpg\" alt=\"\" width=\"144\" height=\"144\" srcset=\"https:\/\/www.radiopiu.net\/wordpress\/wp-content\/uploads\/2021\/01\/141433770_171616291414874_2957460898102012198_n-300x300.jpg 300w, https:\/\/www.radiopiu.net\/wordpress\/wp-content\/uploads\/2021\/01\/141433770_171616291414874_2957460898102012198_n-150x150.jpg 150w, https:\/\/www.radiopiu.net\/wordpress\/wp-content\/uploads\/2021\/01\/141433770_171616291414874_2957460898102012198_n-768x768.jpg 768w, https:\/\/www.radiopiu.net\/wordpress\/wp-content\/uploads\/2021\/01\/141433770_171616291414874_2957460898102012198_n.jpg 800w\" sizes=\"auto, (max-width: 144px) 100vw, 144px\" \/><\/a>PER<strong> RICEVERE QUESTO NOTIZIARIO DIRETTAMENTE SUL TUO CELLULARE ISCRIVITI AL CANALE TELEGRAM <\/strong><strong>\u201cRADIO PIU\u00a0 INFORMAZIONE&#8221;\u00a0<\/strong><\/h3>\n<h3>SUPERATI I 3000 ISCRITTI, il CANALE TELEGRAM&#8230; UNISCITI A: RADIO PIU INFORMAZIONE<\/h3>\n<p>&nbsp;<\/p>\n<p><em><a href=\"https:\/\/www.radiopiu.net\/wordpress\/giornale-radiopiu-24-gennaio-2021-direttore-mirko-mezzacasa\/79216601_126817312416448_708980208774483089_n\/\" rel=\"attachment wp-att-186567\"><img loading=\"lazy\" decoding=\"async\" class=\"size-medium wp-image-186567 alignright\" src=\"https:\/\/www.radiopiu.net\/wordpress\/wp-content\/uploads\/2021\/01\/79216601_126817312416448_708980208774483089_n-300x114.jpg\" alt=\"\" width=\"300\" height=\"114\" srcset=\"https:\/\/www.radiopiu.net\/wordpress\/wp-content\/uploads\/2021\/01\/79216601_126817312416448_708980208774483089_n-300x114.jpg 300w, https:\/\/www.radiopiu.net\/wordpress\/wp-content\/uploads\/2021\/01\/79216601_126817312416448_708980208774483089_n-768x292.jpg 768w, https:\/\/www.radiopiu.net\/wordpress\/wp-content\/uploads\/2021\/01\/79216601_126817312416448_708980208774483089_n.jpg 820w\" sizes=\"auto, (max-width: 300px) 100vw, 300px\" \/><\/a><span style=\"color: #ff0000;\">ATTENZIONE: LA NUOVA APP PER IOS-IPHONE di Nicola Vettorello <\/span><\/em><a href=\"https:\/\/apps.apple.com\/it\/app\/radio-pi%C3%B9-emittente-agordina\/id1515939845\">https:\/\/apps.apple.com\/it\/app\/radio-pi%C3%B9-emittente-agordina\/id1515939845<\/a> <em style=\"color: #ff0000;\">ATTENZIONE: LA NUOVA APP RADIO\u00a0 PER ANDROID di Nicola Vettorello<\/em><\/p>\n<p><a href=\"https:\/\/play.google.com\/store\/apps\/details?id=net.radiopiu.iniko\" target=\"_blank\" rel=\"noopener noreferrer\">https:\/\/play.google.com\/store\/apps\/details?id=net.radiopiu.iniko<\/a><\/p>\n<div class=\"kvgmc6g5 cxmmr5t8 oygrvhab hcukyx3x c1et5uql ii04i59q\">\n<div dir=\"auto\">OGGI ALLA RADIO: RIPARTE L&#8217;ATTIVITA&#8217; DI ORTOPEDIA AD AGORDO.<strong> ALLE 15.10 E ALLE 21<\/strong> INTERVISTA ESCLUSIVA CON IL DOTTOR FEDERICO BOTTO, DALL&#8217;OSPEDALE DI AGORDO. &#8220;PROMESSA MANTENUTA DALLA ULSS1, CON LA CHIUSURA DEI REPARTI COVID RIPRENDE L&#8217;ATTIVITA&#8217; OPERATORIA&#8221;.\u00a0 OGGI A<strong>LLE 10.30 E 1900<\/strong> LA PROF. MARIA ROSA SALMAZO IN STUDIO CON UN NUOVO NUMERO DI 007 IN CONDOTTA, IL PROGRAMMA IN ONDA DA 9 ANNI, DEDICATO ALLA SCUOLA IL LUNEDI ALLE 10.30 E ALLE 19 LA DOMENICA ALLE 8\u00a0 OGGI <strong>ALLE 16.00<\/strong> Corale di Limana CONOSCIAMO I PROTAGONISTI CON\u00a0 Silvia Baldo IN PODCAST SUL SITO <a class=\"oajrlxb2 g5ia77u1 qu0x051f esr5mh6w e9989ue4 r7d6kgcz rq0escxv nhd2j8a9 nc684nl6 p7hjln8o kvgmc6g5 cxmmr5t8 oygrvhab hcukyx3x jb3vyjys rz4wbd8a qt6c0cv9 a8nywdso i1ao9s8h esuyzwwr f1sip0of lzcic4wl py34i1dx gpro0wi8\" tabindex=\"0\" role=\"link\" href=\"https:\/\/l.facebook.com\/l.php?u=http%3A%2F%2FWWW.RADIOPIU.NET%2F%3Ffbclid%3DIwAR3gKEdgatzkj60OU0oRF_qM0Pki5qGVPjdcHbGb-3amTVKsQRmLpqJyphA&amp;h=AT1bdRJusKne_7_19RpDm6a65-AlzJn2iH2gYsuI24nxB3YJetN_aCbGMUQrkZAhmRwol0nHeQ8XQnuBHLlCEIDPdD0GW6-qLBnXcopLLLXKc01DQacIIxQpQgx9sqFP&amp;__tn__=-UK-R&amp;c[0]=AT2CrYiCFbpXS_a1nDUbcYULH49q8MFcbz0Fwk-Yb0RT89rF8YNPnFSxR7cUUq8-PFb9iy3A1hYFTYGcmKlxd9coU9yFMzaLQ8jqciaTuM_StpKeca5deK_R4wBgTn9C4eJoEJ05yGLgoQL8QyfT0DGuRg6mPDsoe1o5KjWcEXJLPCcEMaT103WH\" target=\"_blank\" rel=\"nofollow noopener\">WWW.RADIOPIU.NET<\/a> LA PAGINA IN CONTINUO AGGIORNAMENTO PER CONOSCERE I PROTAGONISTI DEL GRUPPO CANORO DI LIMANA <strong>OGGI ALLE 9.30 E 18.30<\/strong> I RACCONTI DI Paolo Soppelsa TRA LE MAGICHE DOLOMITI. OGGI SUL SITO DI RADIO PIU GLI SPECIALI CON Silvano Savio LE SCULTURE SU GHIACCIO A Falcade Dolomiti E IN VISITA ALLO STUDIO Museo Augusto Murer<\/div>\n<div dir=\"auto\"><\/div>\n<\/div>\n<hr \/>\n<p>&nbsp;<\/p>\n<blockquote>\n<h3>PROTEZIONE CIVILE, PRESENZA FONDAMENTALE<\/h3>\n<\/blockquote>\n<div dir=\"auto\">Una piccola femmina di cervo, stremata sull&#8217;Ansiei. Soccorsa dal Gruppo di <a class=\"oajrlxb2 g5ia77u1 qu0x051f esr5mh6w e9989ue4 r7d6kgcz rq0escxv nhd2j8a9 nc684nl6 p7hjln8o kvgmc6g5 cxmmr5t8 oygrvhab hcukyx3x jb3vyjys rz4wbd8a qt6c0cv9 a8nywdso i1ao9s8h esuyzwwr f1sip0of lzcic4wl q66pz984 gpro0wi8 b1v8xokw\" tabindex=\"0\" role=\"link\" href=\"https:\/\/www.facebook.com\/hashtag\/protezione_civile?__eep__=6&amp;__cft__[0]=AZUqCGbe49Lm2BAe5dqK50Y3FGCadIHwzrkYGZBBp9uprw8joMEpm-kiC-w7OUNceghFiA7bWs_DCtGA3PoTrUDvdy1NFIMfkpf84Qnfl5O4oRGinCNyqZYRctVcY01lNeTlOkr0FY_0mKSB1bBQug57zlXz6aXmovb23JtowvfUCd6rR5M-auCnZ3HihZvzm0g&amp;__tn__=*NK-R\">Protezione_Civile<\/a> di Auronzo, scaldata e rifocillata e successivamente consegnata alle guardie provinciali. Sebbene in condizioni critiche, speriamo possa salvarsi. Anche questo \u00e8 la nostra magnifica Protezione Civile dal <a class=\"oajrlxb2 g5ia77u1 qu0x051f esr5mh6w e9989ue4 r7d6kgcz rq0escxv nhd2j8a9 nc684nl6 p7hjln8o kvgmc6g5 cxmmr5t8 oygrvhab hcukyx3x jb3vyjys rz4wbd8a qt6c0cv9 a8nywdso i1ao9s8h esuyzwwr f1sip0of lzcic4wl q66pz984 gpro0wi8 b1v8xokw\" tabindex=\"0\" role=\"link\" href=\"https:\/\/www.facebook.com\/hashtag\/cuore_grande?__eep__=6&amp;__cft__[0]=AZUqCGbe49Lm2BAe5dqK50Y3FGCadIHwzrkYGZBBp9uprw8joMEpm-kiC-w7OUNceghFiA7bWs_DCtGA3PoTrUDvdy1NFIMfkpf84Qnfl5O4oRGinCNyqZYRctVcY01lNeTlOkr0FY_0mKSB1bBQug57zlXz6aXmovb23JtowvfUCd6rR5M-auCnZ3HihZvzm0g&amp;__tn__=*NK-R\">\u00a0cuore_grande<\/a>. (gianpaolo bottacin)<\/div>\n\n\t\t\t<style type='text\/css'>\n\t\t\t\t#gallery-1 {\n\t\t\t\t\tmargin: auto;\n\t\t\t\t}\n\t\t\t\t#gallery-1 .gallery-item {\n\t\t\t\t\tfloat: left;\n\t\t\t\t\tmargin-top: 10px;\n\t\t\t\t\ttext-align: center;\n\t\t\t\t\twidth: 33%;\n\t\t\t\t}\n\t\t\t\t#gallery-1 img {\n\t\t\t\t\tborder: 2px solid #cfcfcf;\n\t\t\t\t}\n\t\t\t\t#gallery-1 .gallery-caption {\n\t\t\t\t\tmargin-left: 0;\n\t\t\t\t}\n\t\t\t\t\/* see gallery_shortcode() in wp-includes\/media.php *\/\n\t\t\t<\/style>\n\t\t<div id='gallery-1' class='dt-gallery-container gallery galleryid-186546 gallery-columns-3 gallery-size-thumbnail'><dl class='gallery-item'>\n\t\t\t\t<dt class='gallery-icon portrait'>\n\t\t\t\t\t<a class=\"rollover rollover-zoom dt-pswp-item\" title=\"141735388_10157930688132544_1658673387806239234_n\" data-dt-img-description=\"\" data-large_image_width=\"450\" data-large_image_height=\"600\"href='https:\/\/www.radiopiu.net\/wordpress\/wp-content\/uploads\/2021\/01\/141735388_10157930688132544_1658673387806239234_n.jpg'><img loading=\"lazy\" decoding=\"async\" width=\"150\" height=\"150\" src=\"https:\/\/www.radiopiu.net\/wordpress\/wp-content\/uploads\/2021\/01\/141735388_10157930688132544_1658673387806239234_n-150x150.jpg\" class=\"attachment-thumbnail size-thumbnail\" alt=\"\" \/><\/a>\n\t\t\t\t<\/dt><\/dl><dl class='gallery-item'>\n\t\t\t\t<dt class='gallery-icon portrait'>\n\t\t\t\t\t<a class=\"rollover rollover-zoom dt-pswp-item\" title=\"141826919_10157930688307544_1765253558764753646_n\" data-dt-img-description=\"\" data-large_image_width=\"450\" data-large_image_height=\"600\"href='https:\/\/www.radiopiu.net\/wordpress\/wp-content\/uploads\/2021\/01\/141826919_10157930688307544_1765253558764753646_n.jpg'><img loading=\"lazy\" decoding=\"async\" width=\"150\" height=\"150\" src=\"https:\/\/www.radiopiu.net\/wordpress\/wp-content\/uploads\/2021\/01\/141826919_10157930688307544_1765253558764753646_n-150x150.jpg\" class=\"attachment-thumbnail size-thumbnail\" alt=\"\" \/><\/a>\n\t\t\t\t<\/dt><\/dl><dl class='gallery-item'>\n\t\t\t\t<dt class='gallery-icon portrait'>\n\t\t\t\t\t<a class=\"rollover rollover-zoom dt-pswp-item\" title=\"141964704_10157930687932544_904532052759599514_n\" data-dt-img-description=\"\" data-large_image_width=\"338\" data-large_image_height=\"600\"href='https:\/\/www.radiopiu.net\/wordpress\/wp-content\/uploads\/2021\/01\/141964704_10157930687932544_904532052759599514_n.jpg'><img loading=\"lazy\" decoding=\"async\" width=\"150\" height=\"150\" src=\"https:\/\/www.radiopiu.net\/wordpress\/wp-content\/uploads\/2021\/01\/141964704_10157930687932544_904532052759599514_n-150x150.jpg\" class=\"attachment-thumbnail size-thumbnail\" alt=\"\" \/><\/a>\n\t\t\t\t<\/dt><\/dl><br style=\"clear: both\" \/>\n\t\t\t<\/div>\n\n<p>&nbsp;<\/p>\n<hr \/>\n<p>&nbsp;<\/p>\n<blockquote>\n<h3>CHIUSURA A FASCE ORARIE PER LA PROVINCIALE 3 DI VAL IMPERINA<\/h3>\n<\/blockquote>\n<p><strong><img loading=\"lazy\" decoding=\"async\" class=\"alignleft\" src=\"https:\/\/www.radiopiu.net\/wordpress\/wp-content\/uploads\/2020\/11\/GOSALDO.jpg\" width=\"220\" height=\"124\" \/>GOSALDO<\/strong> Per lavori di messa in sicurezza la provinciale 3 di Val Imperina tra Forcella Franche e Vallasin chiuder\u00e0 totalmente alla viabilit\u00e0 da oggi e per un mese con esclusione dei giorni festivi e prefestivi. Sar\u00e0 chiusa dalle 8 alle 12.45; dalle 13.45 alle 15.50 e dalle 16.10 alle 17.45. Nei periodi non interessati dalla chiusura compresi sabato e domenica senso unico alternato regolato da semaforo.<\/p>\n<p><strong>PROVINCIALE 2 VALLE DEL MIS<\/strong>: Da oggi per due mesi, compresi sabato e domenica\u00a0 senso unico alternato in localit\u00e0 Curti<\/p>\n<p>&nbsp;<\/p>\n<p>&nbsp;<\/p>\n<hr \/>\n<p>&nbsp;<\/p>\n<blockquote>\n<h3>ACQUA NON POTABILE AD AGORDO<\/h3>\n<\/blockquote>\n<p><strong><a href=\"https:\/\/www.radiopiu.net\/wordpress\/giornale-radiopiu-09-agosto-2018-direttore-mirko-mezzacasa\/acqua\/\" rel=\"attachment wp-att-57052\"><img loading=\"lazy\" decoding=\"async\" class=\" wp-image-57052 alignleft\" src=\"https:\/\/www.radiopiu.net\/wordpress\/wp-content\/uploads\/2018\/08\/ACQUA-300x180.jpeg\" alt=\"\" width=\"112\" height=\"67\" srcset=\"https:\/\/www.radiopiu.net\/wordpress\/wp-content\/uploads\/2018\/08\/ACQUA-300x180.jpeg 300w, https:\/\/www.radiopiu.net\/wordpress\/wp-content\/uploads\/2018\/08\/ACQUA-768x461.jpeg 768w, https:\/\/www.radiopiu.net\/wordpress\/wp-content\/uploads\/2018\/08\/ACQUA-1024x614.jpeg 1024w, https:\/\/www.radiopiu.net\/wordpress\/wp-content\/uploads\/2018\/08\/ACQUA.jpeg 1280w\" sizes=\"auto, (max-width: 112px) 100vw, 112px\" \/><\/a>AGORDO<\/strong> Gestione Servizi Pubblici informa che ad AGORDO nelle LOCALITA&#8217; PARECH, PROMPICAI e TOCCOL, l&#8217;acqua erogata dall&#8217;acquedotto non \u00e8 potabile e pu\u00f2 essere usata per scopi alimentari SOLO PREVIA bollitura. GSP ha, comunque, gi\u00e0 adottato le necessarie misure per la disinfezione dell&#8217;acqua presente nei serbatoi e nella rete idrica con l&#8217;aggiunta di cloro<\/p>\n<p>&nbsp;<\/p>\n<blockquote class=\"wp-embedded-content\" data-secret=\"CUOJr4FVz1\"><p><a href=\"https:\/\/www.radiopiu.net\/wordpress\/oltre-un-metro-di-neve-a-col-dei-baldi\/\">OLTRE UN METRO DI NEVE A COL DEI BALDI<\/a><\/p><\/blockquote>\n<p><iframe loading=\"lazy\" class=\"wp-embedded-content\" sandbox=\"allow-scripts\" security=\"restricted\" style=\"position: absolute; clip: rect(1px, 1px, 1px, 1px);\" title=\"&#8220;OLTRE UN METRO DI NEVE A COL DEI BALDI&#8221; &#8212; Radio Pi\u00f9\" src=\"https:\/\/www.radiopiu.net\/wordpress\/oltre-un-metro-di-neve-a-col-dei-baldi\/embed\/#?secret=CUOJr4FVz1\" data-secret=\"CUOJr4FVz1\" width=\"600\" height=\"338\" frameborder=\"0\" marginwidth=\"0\" marginheight=\"0\" scrolling=\"no\"><\/iframe><\/p>\n<hr \/>\n<blockquote>\n<h3><\/h3>\n<h3>\u00a0CRESCE LA PROTESTA DELLE ZONE DI CONFINE PERCHE&#8217; IN ALTO ADIGE IN ALTrA ITALIA I RISTORANTI SONO APERTI, UNA VERA PRESA IN GIRO<\/h3>\n<blockquote>\n<h3 class=\"p1\"><span class=\"s1\">COVID, BOND (FI): \u00abBOLZANO ANCORA UNA VOLTA FA QUELLO CHE VUOLE. ASSURDO, SOPRATTUTTO PER I TERRITORI CONTERMINI\u00bb<\/span><\/h3>\n<\/blockquote>\n<p class=\"p1\"><span class=\"s1\"><strong><a href=\"https:\/\/www.radiopiu.net\/wordpress\/giornale-radiopiu-20-maggio-2020-direttore-mirko-mezzacasa\/dario-bond-11\/\" rel=\"attachment wp-att-138833\"><img loading=\"lazy\" decoding=\"async\" class=\"size-full wp-image-138833 alignleft\" src=\"https:\/\/www.radiopiu.net\/wordpress\/wp-content\/uploads\/2020\/05\/Dario-Bond.jpg\" alt=\"\" width=\"165\" height=\"228\" \/><\/a>ROMA<\/strong> \u00ab<em>Il governo sa che oltre a rossa, arancione e gialla esiste anche la \u201czona Sudtirol\u201d? E lo sa che a Bolzano fanno quello che vogliono? Delle due l\u2019una: o il virus \u00e8 talmente scaltro da riconoscere i confini delle Province autonome e da fermarsi prima di entrare in territorio altoatesino; oppure siamo di fronte all\u2019ennesima stortura che crea figli e figliastri, con danni enormi soprattutto per i territori contermini<\/em>\u00bb. \u00c8 quanto afferma il deputato di Forza Italia Dario Bond, dopo una attenta analisi delle due ordinanze del governatore bolzanino Kompatscher relative alle misure anti-Covid. <\/span><span class=\"s1\">\u00ab<em>Nell\u2019ordinanza del 5 gennaio, rafforzata con atto del 15 gennaio, viene espressamente previsto di tenere aperti i bar, con servizio al tavolo; e per gli altoatesini \u00e8 possibile cenare al ristorante, con prenotazione. Ma Bolzano non \u00e8 in zona rossa da oggi? Lo trovo assurdo, soprattutto per i territori bellunesi confinanti con l\u2019Alto Adige che da sempre vivono questa concorrenza sleale e che adesso avvertono con maggiore forza differenze quanto mai anacronistiche e impossibili da digerire<\/em>\u00bb. <\/span><span class=\"s1\">\u00ab<em>Se esiste la \u201czona Sudtirol\u201d &#8211; conclude Dario Bond &#8211; nonostante i numeri di contagi e indici Rt tali da rendere Bolzano zona rossa, vuol dire che tutto quello che stiamo sopportando per superare il virus \u00e8 inutile<\/em>\u00bb.\u00a0<\/span><\/p>\n<h3>BENE I NUMERI IN VENETO MENTRE<\/h3>\n<\/blockquote>\n<p>Cala la curva dei contagi, 744 i nuovi casi nelle ultime 24 ore, era da mesi che non scendeva sotto quota 1000. Sono stati 41 i decessi tra sabato e domenica e il totale delle vittime in Veneto \u00e8 8592. Negli ospedali 41 ricoverati in meno in 24 ore nelle aree non critiche, 316 i pazienti in terapia intensiva (+2).<\/p>\n<blockquote>\n<h3>DUE DECESSI NEGLI OSPEDALI BELLUNESI, 44 NUOVI POSITIVI NELLE ULTIME 24 ORE IN PROVINCIA<\/h3>\n<\/blockquote>\n<p><strong>BELLUNO <\/strong>Nelle ultime 24 ore sono decedute 2 persone covid positive: un uomo di 74 anni e un uomo di 84 anni ricoverati in Geriatria a Feltre. I nuovi positivi in Ulss 1 dolomiti sono 44.<\/p>\n<p><strong>Ricoveri <\/strong><\/p>\n<p><em>(dato alle ore 17.00 fonte: Azienda Zero)<\/em><\/p>\n<p>Le persone attualmente POSITIVE ricoverate negli ospedali dell\u2019Ulss Dolomiti sono:<\/p>\n<table>\n<tbody>\n<tr>\n<td width=\"217\"><strong>\u00a0<\/strong><\/td>\n<td width=\"217\"><strong>Area NON CRITICA<\/strong><\/td>\n<td width=\"217\"><strong>Terapia Intensiva<\/strong><\/td>\n<\/tr>\n<tr>\n<td width=\"217\"><strong>Ospedale di Belluno <\/strong><\/td>\n<td width=\"217\">37<\/td>\n<td width=\"217\">2<\/td>\n<\/tr>\n<tr>\n<td width=\"217\"><strong>Ospedale di Feltre<\/strong><\/td>\n<td width=\"217\">38<\/td>\n<td width=\"217\">4<\/td>\n<\/tr>\n<\/tbody>\n<\/table>\n<p>&nbsp;<\/p>\n<p>Le persone attualmente POSITIVE ricoverate in Ospedale di Comunit\u00e0 sono:<\/p>\n<table>\n<tbody>\n<tr>\n<td width=\"326\"><strong>\u00a0<\/strong><\/td>\n<td width=\"326\"><strong>pazienti attualmente positivi<\/strong><\/td>\n<\/tr>\n<tr>\n<td width=\"326\"><strong>Ospedale di Comunit\u00e0 di BELLUNO<\/strong><\/td>\n<td width=\"326\">6<\/td>\n<\/tr>\n<tr>\n<td width=\"326\"><strong>Ospedale di Comunit\u00e0 di FELTRE<\/strong><\/td>\n<td width=\"326\">8<\/td>\n<\/tr>\n<\/tbody>\n<\/table>\n<p>&nbsp;<\/p>\n<p>&nbsp;<\/p>\n<hr \/>\n<p>&nbsp;<\/p>\n<blockquote>\n<h3>AMBULANZA CONTRO LO SPIGOLO DEL PONTE. IL RECUPERO DEL MEZZO DA PARTE DI VIGILI DEL FUOCO<\/h3>\n<\/blockquote>\n<p><strong>PONTE NELLE ALPI<\/strong>\u00a0 I Vigili del fuoco sono intervenuti ieri mattina alle 9:30 lungo la SS 51 in Via Cadore a Ponte nelle Alpi per un\u2019ambulanza dei volontari del SUEM (Val Belluna Ambulanza), che stava effettuando il trasferimento di un paziente, finita contro lo spigolo del ponte del cavalcavia della ferrovia. I pompieri arrivati sul posto, hanno messo insicurezza il mezzo, mentre il paziente e i tre volontari a bordo, feriti in maniera lieve, venivano assistiti dai sanitari di altre due ambulanze del SUEM inviante sul posto. Tutte e quattro le persone sono state trasferite in ospedale. L\u2019ambulanza incidentata \u00e8 stata recuperata con l\u2019autogr\u00f9 dei Vigili Del Fuoco per essere poi portata via dal carroattrezzi del soccorso stradale. La polizia stradale ha eseguito i rilievi per determinare le cause del sinistro. Le operazioni di soccorso dei vigili del fuoco sono terminate dopo circa due ore.<\/p>\n\n\t\t\t<style type='text\/css'>\n\t\t\t\t#gallery-2 {\n\t\t\t\t\tmargin: auto;\n\t\t\t\t}\n\t\t\t\t#gallery-2 .gallery-item {\n\t\t\t\t\tfloat: left;\n\t\t\t\t\tmargin-top: 10px;\n\t\t\t\t\ttext-align: center;\n\t\t\t\t\twidth: 33%;\n\t\t\t\t}\n\t\t\t\t#gallery-2 img {\n\t\t\t\t\tborder: 2px solid #cfcfcf;\n\t\t\t\t}\n\t\t\t\t#gallery-2 .gallery-caption {\n\t\t\t\t\tmargin-left: 0;\n\t\t\t\t}\n\t\t\t\t\/* see gallery_shortcode() in wp-includes\/media.php *\/\n\t\t\t<\/style>\n\t\t<div id='gallery-2' class='dt-gallery-container gallery galleryid-186546 gallery-columns-3 gallery-size-medium'><dl class='gallery-item'>\n\t\t\t\t<dt class='gallery-icon landscape'>\n\t\t\t\t\t<a class=\"rollover rollover-zoom dt-pswp-item\" title=\"bab84274-36be-4f67-a7a1-75752ab1b88b\" data-dt-img-description=\"\" data-large_image_width=\"1064\" data-large_image_height=\"591\"href='https:\/\/www.radiopiu.net\/wordpress\/wp-content\/uploads\/2021\/01\/bab84274-36be-4f67-a7a1-75752ab1b88b-1.jpg'><img loading=\"lazy\" decoding=\"async\" width=\"300\" height=\"167\" src=\"https:\/\/www.radiopiu.net\/wordpress\/wp-content\/uploads\/2021\/01\/bab84274-36be-4f67-a7a1-75752ab1b88b-1-300x167.jpg\" class=\"attachment-medium size-medium\" alt=\"\" srcset=\"https:\/\/www.radiopiu.net\/wordpress\/wp-content\/uploads\/2021\/01\/bab84274-36be-4f67-a7a1-75752ab1b88b-1-300x167.jpg 300w, https:\/\/www.radiopiu.net\/wordpress\/wp-content\/uploads\/2021\/01\/bab84274-36be-4f67-a7a1-75752ab1b88b-1-1024x569.jpg 1024w, https:\/\/www.radiopiu.net\/wordpress\/wp-content\/uploads\/2021\/01\/bab84274-36be-4f67-a7a1-75752ab1b88b-1-768x427.jpg 768w, https:\/\/www.radiopiu.net\/wordpress\/wp-content\/uploads\/2021\/01\/bab84274-36be-4f67-a7a1-75752ab1b88b-1.jpg 1064w\" sizes=\"auto, (max-width: 300px) 100vw, 300px\" \/><\/a>\n\t\t\t\t<\/dt><\/dl><dl class='gallery-item'>\n\t\t\t\t<dt class='gallery-icon landscape'>\n\t\t\t\t\t<a class=\"rollover rollover-zoom dt-pswp-item\" title=\"1348cf05-f6b7-42ac-969a-77f42809a7f9\" data-dt-img-description=\"\" data-large_image_width=\"1253\" data-large_image_height=\"894\"href='https:\/\/www.radiopiu.net\/wordpress\/wp-content\/uploads\/2021\/01\/1348cf05-f6b7-42ac-969a-77f42809a7f9.jpg'><img loading=\"lazy\" decoding=\"async\" width=\"300\" height=\"214\" src=\"https:\/\/www.radiopiu.net\/wordpress\/wp-content\/uploads\/2021\/01\/1348cf05-f6b7-42ac-969a-77f42809a7f9-300x214.jpg\" class=\"attachment-medium size-medium\" alt=\"\" srcset=\"https:\/\/www.radiopiu.net\/wordpress\/wp-content\/uploads\/2021\/01\/1348cf05-f6b7-42ac-969a-77f42809a7f9-300x214.jpg 300w, https:\/\/www.radiopiu.net\/wordpress\/wp-content\/uploads\/2021\/01\/1348cf05-f6b7-42ac-969a-77f42809a7f9-1024x731.jpg 1024w, https:\/\/www.radiopiu.net\/wordpress\/wp-content\/uploads\/2021\/01\/1348cf05-f6b7-42ac-969a-77f42809a7f9-768x548.jpg 768w, https:\/\/www.radiopiu.net\/wordpress\/wp-content\/uploads\/2021\/01\/1348cf05-f6b7-42ac-969a-77f42809a7f9.jpg 1253w\" sizes=\"auto, (max-width: 300px) 100vw, 300px\" \/><\/a>\n\t\t\t\t<\/dt><\/dl><dl class='gallery-item'>\n\t\t\t\t<dt class='gallery-icon landscape'>\n\t\t\t\t\t<a class=\"rollover rollover-zoom dt-pswp-item\" title=\"4520dcec-a84a-4f29-8a5d-6e9f5351cd33\" data-dt-img-description=\"\" data-large_image_width=\"1280\" data-large_image_height=\"813\"href='https:\/\/www.radiopiu.net\/wordpress\/wp-content\/uploads\/2021\/01\/4520dcec-a84a-4f29-8a5d-6e9f5351cd33.jpg'><img loading=\"lazy\" decoding=\"async\" width=\"300\" height=\"191\" src=\"https:\/\/www.radiopiu.net\/wordpress\/wp-content\/uploads\/2021\/01\/4520dcec-a84a-4f29-8a5d-6e9f5351cd33-300x191.jpg\" class=\"attachment-medium size-medium\" alt=\"\" srcset=\"https:\/\/www.radiopiu.net\/wordpress\/wp-content\/uploads\/2021\/01\/4520dcec-a84a-4f29-8a5d-6e9f5351cd33-300x191.jpg 300w, https:\/\/www.radiopiu.net\/wordpress\/wp-content\/uploads\/2021\/01\/4520dcec-a84a-4f29-8a5d-6e9f5351cd33-1024x650.jpg 1024w, https:\/\/www.radiopiu.net\/wordpress\/wp-content\/uploads\/2021\/01\/4520dcec-a84a-4f29-8a5d-6e9f5351cd33-768x488.jpg 768w, https:\/\/www.radiopiu.net\/wordpress\/wp-content\/uploads\/2021\/01\/4520dcec-a84a-4f29-8a5d-6e9f5351cd33.jpg 1280w\" sizes=\"auto, (max-width: 300px) 100vw, 300px\" \/><\/a>\n\t\t\t\t<\/dt><\/dl><br style=\"clear: both\" \/>\n\t\t\t<\/div>\n\n<p>&nbsp;<\/p>\n<p><strong>IL VIDEO DEL RECUPERO DEL MEZZO<\/strong><\/p>\n<div style=\"width: 1200px;\" class=\"wp-video\"><video class=\"wp-video-shortcode\" id=\"video-186546-1\" width=\"1200\" height=\"675\" preload=\"metadata\" controls=\"controls\"><source type=\"video\/mp4\" src=\"https:\/\/www.radiopiu.net\/wordpress\/wp-content\/uploads\/2021\/01\/VIGILI-FUOCO-AMBULANZA-OK.mp4?_=1\" \/><a href=\"https:\/\/www.radiopiu.net\/wordpress\/wp-content\/uploads\/2021\/01\/VIGILI-FUOCO-AMBULANZA-OK.mp4\">https:\/\/www.radiopiu.net\/wordpress\/wp-content\/uploads\/2021\/01\/VIGILI-FUOCO-AMBULANZA-OK.mp4<\/a><\/video><\/div>\n<p>&nbsp;<\/p>\n<hr \/>\n<p>&nbsp;<\/p>\n<blockquote>\n<h3>SCIVOLA IN UNA SCARPATA<\/h3>\n<\/blockquote>\n<p><strong><a href=\"https:\/\/www.radiopiu.net\/wordpress\/infortunio-sotto-il-serva\/salt_20201115_210146_846\/\" rel=\"attachment wp-att-173023\"><img loading=\"lazy\" decoding=\"async\" class=\"wp-image-173023 alignleft\" src=\"https:\/\/www.radiopiu.net\/wordpress\/wp-content\/uploads\/2020\/11\/salt_20201115_210146_846-300x225.jpg\" alt=\"\" width=\"164\" height=\"123\" srcset=\"https:\/\/www.radiopiu.net\/wordpress\/wp-content\/uploads\/2020\/11\/salt_20201115_210146_846-300x225.jpg 300w, https:\/\/www.radiopiu.net\/wordpress\/wp-content\/uploads\/2020\/11\/salt_20201115_210146_846-1024x768.jpg 1024w, https:\/\/www.radiopiu.net\/wordpress\/wp-content\/uploads\/2020\/11\/salt_20201115_210146_846-768x576.jpg 768w, https:\/\/www.radiopiu.net\/wordpress\/wp-content\/uploads\/2020\/11\/salt_20201115_210146_846-1536x1152.jpg 1536w, https:\/\/www.radiopiu.net\/wordpress\/wp-content\/uploads\/2020\/11\/salt_20201115_210146_846-2048x1536.jpg 2048w\" sizes=\"auto, (max-width: 164px) 100vw, 164px\" \/><\/a>ALPAGO<\/strong>\u00a0 Sabato sera alle 22.50 la Centrale del Suem ha allertato il Soccorso alpino dell&#8217;Alpago, a seguito della segnalazione di una persona che aveva sentito delle grida di aiuto vicino alla propria abitazione a Garna. Una squadra ha raggiunto il luogo indicato, dove si trovava la compagna di un uomo che era scivolato per una trentina di metri in una scarpata. I soccorritori sono quindi scesi da lui, un cinquantattreenne di Alpago (BL), assieme al personale dell&#8217;ambulanza e lo hanno aiutato a risalire sulla strada. A seguito delle possibili contusioni riportate, l&#8217;uomo \u00e8 stato accompagnato all&#8217;ospedale per le verifiche del caso.<\/p>\n<p>&nbsp;<\/p>\n<p>&nbsp;<\/p>\n<hr \/>\n<p>&nbsp;<\/p>\n<blockquote>\n<h3>RICOGNIZIONE SUL TERRITORIO A SEGUITO DELL\u2019ULTIMO EVENTO METEO, LA PROVINCIA CHIAMA I SINDACI<\/h3>\n<\/blockquote>\n<p><strong><a href=\"https:\/\/www.radiopiu.net\/wordpress\/ricognizione-sul-territorio-a-seguito-dellultimo-evento-meteo-la-provincia-chiama-i-sindaci\/schermata-2021-01-24-alle-14-23-34\/\" rel=\"attachment wp-att-186601\"><img loading=\"lazy\" decoding=\"async\" class=\"size-medium wp-image-186601 alignleft\" src=\"https:\/\/www.radiopiu.net\/wordpress\/wp-content\/uploads\/2021\/01\/Schermata-2021-01-24-alle-14.23.34-300x169.png\" alt=\"\" width=\"300\" height=\"169\" srcset=\"https:\/\/www.radiopiu.net\/wordpress\/wp-content\/uploads\/2021\/01\/Schermata-2021-01-24-alle-14.23.34-300x169.png 300w, https:\/\/www.radiopiu.net\/wordpress\/wp-content\/uploads\/2021\/01\/Schermata-2021-01-24-alle-14.23.34-1024x578.png 1024w, https:\/\/www.radiopiu.net\/wordpress\/wp-content\/uploads\/2021\/01\/Schermata-2021-01-24-alle-14.23.34-768x434.png 768w, https:\/\/www.radiopiu.net\/wordpress\/wp-content\/uploads\/2021\/01\/Schermata-2021-01-24-alle-14.23.34.png 1236w\" sizes=\"auto, (max-width: 300px) 100vw, 300px\" \/><\/a>BELLUNO <\/strong><span class=\"s1\">Dopo l\u2019ultimo episodio di maltempo, la Provincia ha voluto capire quale fosse la situazione sul territorio. Soprattutto in montagna, dove sono caduti dai 30 ai 90 centimetri di neve fresca, che si sommano al gi\u00e0 consistente manto bianco delle nevicate di inizio anno.\u00a0 <\/span><span class=\"s1\">Il consigliere delegato alla Protezione Civile e Difesa del Suolo Massimo Bortoluzzi ha contattato i sindaci del Comelico, dell\u2019Alto Cadore e delle parti alte della provincia per capire se ci fossero particolari criticit\u00e0. \u00ab<em>Ho chiamato gli amministratori &#8211; spiega &#8211; per far sentire la vicinanza dell\u2019ente Provincia e per portare le istanze del territorio agli enti preposti a livello regionale e centrale, in modo da fare da coordinamento e agire con maggiore efficienza. La situazione non \u00e8 critica come quella di inizio anno. Le nevicate pur copiose non hanno creato problemi particolari, se non qualche rallentamento alla viabilit\u00e0. Il problema vero \u00e8 un altro: i Comuni stanno esaurendo, e in molti casi hanno gi\u00e0 dato fondo, al budget previsto per i piani neve<\/em>\u00bb. <\/span><span class=\"s1\">\u00ab<em>Di fatto, gli enti locali non hanno risorse a sufficienza per far fronte alle situazioni create dalle emergenze meteo. E una nevicate pi\u00f9 o meno normale per la montagna, come quella di ieri, rischia di diventare un problema notevole &#8211; aggiunge il presidente Padrin -. \u00c8 per questo che ci attiveremo a livello centrale per chiedere un\u2019attenzione maggiore alle terre alte, come abbiamo gi\u00e0 fatto nelle settimane scorse, e subito dopo l\u2019emergenza meteo di inizio dicembre. I costi della montagna non sono equiparabili a quelli della pianura. Ed \u00e8 indispensabile che questo messaggio arrivi forte e chiaro, perch\u00e9 altrimenti rischiamo di accelerare lo spopolamento solo per questioni normali in montagna, come pu\u00f2 essere la neve<\/em>\u00bb. <\/span><span class=\"s1\">Per quanto riguarda la conta dei danni del maltempo di venerd\u00ec e sabato, non risultano agli uffici provinciali segnalazioni particolari. \u00ab<em>Dovremo attendere il disgelo per capire se le frane storiche, quelle di competenza della Provincia, si muoveranno &#8211; spiega il consigliere Bortoluzzi -. Stiamo gi\u00e0 studiando il modo per garantire risorse aggiuntive alle Unioni Montane nel caso in cui nei prossimi mesi dovessero registrarsi danni relativi agli ultimi episodi meteo. La Provincia deve essere vicina al territorio in maniera concreta<\/em>\u00bb.<\/span><\/p>\n<p>&nbsp;<\/p>\n<p>&nbsp;<\/p>\n<hr \/>\n<p>&nbsp;<\/p>\n<blockquote>\n<h3>UN PO&#8217; DI NEVE&#8230; A FALCADE<\/h3>\n<\/blockquote>\n\n\t\t\t<style type='text\/css'>\n\t\t\t\t#gallery-3 {\n\t\t\t\t\tmargin: auto;\n\t\t\t\t}\n\t\t\t\t#gallery-3 .gallery-item {\n\t\t\t\t\tfloat: left;\n\t\t\t\t\tmargin-top: 10px;\n\t\t\t\t\ttext-align: center;\n\t\t\t\t\twidth: 50%;\n\t\t\t\t}\n\t\t\t\t#gallery-3 img {\n\t\t\t\t\tborder: 2px solid #cfcfcf;\n\t\t\t\t}\n\t\t\t\t#gallery-3 .gallery-caption {\n\t\t\t\t\tmargin-left: 0;\n\t\t\t\t}\n\t\t\t\t\/* see gallery_shortcode() in wp-includes\/media.php *\/\n\t\t\t<\/style>\n\t\t<div id='gallery-3' class='dt-gallery-container gallery galleryid-186546 gallery-columns-2 gallery-size-full'><dl class='gallery-item'>\n\t\t\t\t<dt class='gallery-icon portrait'>\n\t\t\t\t\t<a class=\"rollover rollover-zoom dt-pswp-item\" title=\"65e445dc-ae26-4205-808c-fc89cac66467\" data-dt-img-description=\"\" data-large_image_width=\"1080\" data-large_image_height=\"1440\"href='https:\/\/www.radiopiu.net\/wordpress\/wp-content\/uploads\/2021\/01\/65e445dc-ae26-4205-808c-fc89cac66467.jpg'><img loading=\"lazy\" decoding=\"async\" width=\"1080\" height=\"1440\" src=\"https:\/\/www.radiopiu.net\/wordpress\/wp-content\/uploads\/2021\/01\/65e445dc-ae26-4205-808c-fc89cac66467.jpg\" class=\"attachment-full size-full\" alt=\"\" srcset=\"https:\/\/www.radiopiu.net\/wordpress\/wp-content\/uploads\/2021\/01\/65e445dc-ae26-4205-808c-fc89cac66467.jpg 1080w, https:\/\/www.radiopiu.net\/wordpress\/wp-content\/uploads\/2021\/01\/65e445dc-ae26-4205-808c-fc89cac66467-225x300.jpg 225w, https:\/\/www.radiopiu.net\/wordpress\/wp-content\/uploads\/2021\/01\/65e445dc-ae26-4205-808c-fc89cac66467-768x1024.jpg 768w\" sizes=\"auto, (max-width: 1080px) 100vw, 1080px\" \/><\/a>\n\t\t\t\t<\/dt><\/dl><dl class='gallery-item'>\n\t\t\t\t<dt class='gallery-icon portrait'>\n\t\t\t\t\t<a class=\"rollover rollover-zoom dt-pswp-item\" title=\"0b6c7c3c-a426-44ce-93e2-f7e3758c3dda\" data-dt-img-description=\"\" data-large_image_width=\"1200\" data-large_image_height=\"1600\"href='https:\/\/www.radiopiu.net\/wordpress\/wp-content\/uploads\/2021\/01\/0b6c7c3c-a426-44ce-93e2-f7e3758c3dda.jpg'><img loading=\"lazy\" decoding=\"async\" width=\"1200\" height=\"1600\" src=\"https:\/\/www.radiopiu.net\/wordpress\/wp-content\/uploads\/2021\/01\/0b6c7c3c-a426-44ce-93e2-f7e3758c3dda.jpg\" class=\"attachment-full size-full\" alt=\"\" srcset=\"https:\/\/www.radiopiu.net\/wordpress\/wp-content\/uploads\/2021\/01\/0b6c7c3c-a426-44ce-93e2-f7e3758c3dda.jpg 1200w, https:\/\/www.radiopiu.net\/wordpress\/wp-content\/uploads\/2021\/01\/0b6c7c3c-a426-44ce-93e2-f7e3758c3dda-225x300.jpg 225w, https:\/\/www.radiopiu.net\/wordpress\/wp-content\/uploads\/2021\/01\/0b6c7c3c-a426-44ce-93e2-f7e3758c3dda-768x1024.jpg 768w, https:\/\/www.radiopiu.net\/wordpress\/wp-content\/uploads\/2021\/01\/0b6c7c3c-a426-44ce-93e2-f7e3758c3dda-1152x1536.jpg 1152w\" sizes=\"auto, (max-width: 1200px) 100vw, 1200px\" \/><\/a>\n\t\t\t\t<\/dt><\/dl><br style=\"clear: both\" \/>\n\t\t\t<\/div>\n\n<blockquote class=\"wp-embedded-content\" data-secret=\"zmSl6wZliE\"><p><a href=\"https:\/\/www.radiopiu.net\/wordpress\/pagina-in-aggiornamento\/\">CONTINUANO LE SCULTURE NEL GHIACCIO E NEVE A FALCADE con SILVANO SAVIO<\/a><\/p><\/blockquote>\n<p><iframe loading=\"lazy\" class=\"wp-embedded-content\" sandbox=\"allow-scripts\" security=\"restricted\" style=\"position: absolute; clip: rect(1px, 1px, 1px, 1px);\" title=\"&#8220;CONTINUANO LE SCULTURE NEL GHIACCIO E NEVE A FALCADE con SILVANO SAVIO&#8221; &#8212; Radio Pi\u00f9\" src=\"https:\/\/www.radiopiu.net\/wordpress\/pagina-in-aggiornamento\/embed\/#?secret=zmSl6wZliE\" data-secret=\"zmSl6wZliE\" width=\"600\" height=\"338\" frameborder=\"0\" marginwidth=\"0\" marginheight=\"0\" scrolling=\"no\"><\/iframe><\/p>\n<p>&nbsp;<\/p>\n<hr \/>\n<blockquote>\n<h3>SGOMBERO NEVE AD ALLEGHE, L&#8217;assessore Dell&#8217;olivo iperattivo<\/h3>\n<\/blockquote>\n\n\t\t\t<style type='text\/css'>\n\t\t\t\t#gallery-4 {\n\t\t\t\t\tmargin: auto;\n\t\t\t\t}\n\t\t\t\t#gallery-4 .gallery-item {\n\t\t\t\t\tfloat: left;\n\t\t\t\t\tmargin-top: 10px;\n\t\t\t\t\ttext-align: center;\n\t\t\t\t\twidth: 50%;\n\t\t\t\t}\n\t\t\t\t#gallery-4 img {\n\t\t\t\t\tborder: 2px solid #cfcfcf;\n\t\t\t\t}\n\t\t\t\t#gallery-4 .gallery-caption {\n\t\t\t\t\tmargin-left: 0;\n\t\t\t\t}\n\t\t\t\t\/* see gallery_shortcode() in wp-includes\/media.php *\/\n\t\t\t<\/style>\n\t\t<div id='gallery-4' class='dt-gallery-container gallery galleryid-186546 gallery-columns-2 gallery-size-full'><dl class='gallery-item'>\n\t\t\t\t<dt class='gallery-icon landscape'>\n\t\t\t\t\t<a class=\"rollover rollover-zoom dt-pswp-item\" title=\"62b4a1d2-c342-4b16-b9be-09d8dc0cc41e\" data-dt-img-description=\"\" data-large_image_width=\"1600\" data-large_image_height=\"1200\"href='https:\/\/www.radiopiu.net\/wordpress\/wp-content\/uploads\/2021\/01\/62b4a1d2-c342-4b16-b9be-09d8dc0cc41e.jpg'><img loading=\"lazy\" decoding=\"async\" width=\"1600\" height=\"1200\" src=\"https:\/\/www.radiopiu.net\/wordpress\/wp-content\/uploads\/2021\/01\/62b4a1d2-c342-4b16-b9be-09d8dc0cc41e.jpg\" class=\"attachment-full size-full\" alt=\"\" srcset=\"https:\/\/www.radiopiu.net\/wordpress\/wp-content\/uploads\/2021\/01\/62b4a1d2-c342-4b16-b9be-09d8dc0cc41e.jpg 1600w, https:\/\/www.radiopiu.net\/wordpress\/wp-content\/uploads\/2021\/01\/62b4a1d2-c342-4b16-b9be-09d8dc0cc41e-300x225.jpg 300w, https:\/\/www.radiopiu.net\/wordpress\/wp-content\/uploads\/2021\/01\/62b4a1d2-c342-4b16-b9be-09d8dc0cc41e-1024x768.jpg 1024w, https:\/\/www.radiopiu.net\/wordpress\/wp-content\/uploads\/2021\/01\/62b4a1d2-c342-4b16-b9be-09d8dc0cc41e-768x576.jpg 768w, https:\/\/www.radiopiu.net\/wordpress\/wp-content\/uploads\/2021\/01\/62b4a1d2-c342-4b16-b9be-09d8dc0cc41e-1536x1152.jpg 1536w\" sizes=\"auto, (max-width: 1600px) 100vw, 1600px\" \/><\/a>\n\t\t\t\t<\/dt><\/dl><dl class='gallery-item'>\n\t\t\t\t<dt class='gallery-icon landscape'>\n\t\t\t\t\t<a class=\"rollover rollover-zoom dt-pswp-item\" title=\"ad6c321a-83b1-461b-b7a9-e1c23a9c8ebc\" data-dt-img-description=\"\" data-large_image_width=\"1600\" data-large_image_height=\"1200\"href='https:\/\/www.radiopiu.net\/wordpress\/wp-content\/uploads\/2021\/01\/ad6c321a-83b1-461b-b7a9-e1c23a9c8ebc.jpg'><img loading=\"lazy\" decoding=\"async\" width=\"1600\" height=\"1200\" src=\"https:\/\/www.radiopiu.net\/wordpress\/wp-content\/uploads\/2021\/01\/ad6c321a-83b1-461b-b7a9-e1c23a9c8ebc.jpg\" class=\"attachment-full size-full\" alt=\"\" srcset=\"https:\/\/www.radiopiu.net\/wordpress\/wp-content\/uploads\/2021\/01\/ad6c321a-83b1-461b-b7a9-e1c23a9c8ebc.jpg 1600w, https:\/\/www.radiopiu.net\/wordpress\/wp-content\/uploads\/2021\/01\/ad6c321a-83b1-461b-b7a9-e1c23a9c8ebc-300x225.jpg 300w, https:\/\/www.radiopiu.net\/wordpress\/wp-content\/uploads\/2021\/01\/ad6c321a-83b1-461b-b7a9-e1c23a9c8ebc-1024x768.jpg 1024w, https:\/\/www.radiopiu.net\/wordpress\/wp-content\/uploads\/2021\/01\/ad6c321a-83b1-461b-b7a9-e1c23a9c8ebc-768x576.jpg 768w, https:\/\/www.radiopiu.net\/wordpress\/wp-content\/uploads\/2021\/01\/ad6c321a-83b1-461b-b7a9-e1c23a9c8ebc-1536x1152.jpg 1536w\" sizes=\"auto, (max-width: 1600px) 100vw, 1600px\" \/><\/a>\n\t\t\t\t<\/dt><\/dl><br style=\"clear: both\" \/>\n\t\t\t<\/div>\n\n<p>&nbsp;<\/p>\n<hr \/>\n<blockquote>\n<h3>MEZZI SGOMBERA NEVE AL LAVORO NEL COMUNE DI ROCCA PIETORE<\/h3>\n<\/blockquote>\n<p><strong>ROCCA PIETORE\u00a0<\/strong>Dopo la nevicata delle ultime ore a Rocca Pietore sono entrati in funzione i mezzi per lo sgombero. Ne parla il sindaco di Rocca Pietore Andrea De Bernardin<\/p>\n<audio class=\"wp-audio-shortcode\" id=\"audio-186546-1\" preload=\"none\" style=\"width: 100%;\" controls=\"controls\"><source type=\"audio\/mpeg\" src=\"https:\/\/www.radiopiu.net\/wordpress\/wp-content\/uploads\/2021\/01\/DE-BERNARDIN-SGOMBERO-NEVE.mp3?_=1\" \/><a href=\"https:\/\/www.radiopiu.net\/wordpress\/wp-content\/uploads\/2021\/01\/DE-BERNARDIN-SGOMBERO-NEVE.mp3\">https:\/\/www.radiopiu.net\/wordpress\/wp-content\/uploads\/2021\/01\/DE-BERNARDIN-SGOMBERO-NEVE.mp3<\/a><\/audio>\n<p>&nbsp;<\/p>\n<p><strong>IL VIDEO DA LASTE DI ROCCA (1450 m.s.l.)<\/strong><\/p>\n<div style=\"width: 640px;\" class=\"wp-video\"><video class=\"wp-video-shortcode\" id=\"video-186546-2\" width=\"640\" height=\"352\" preload=\"metadata\" controls=\"controls\"><source type=\"video\/mp4\" src=\"https:\/\/www.radiopiu.net\/wordpress\/wp-content\/uploads\/2021\/01\/a755eddb-405a-445f-bf15-2a12ba536b8a.mp4?_=2\" \/><a href=\"https:\/\/www.radiopiu.net\/wordpress\/wp-content\/uploads\/2021\/01\/a755eddb-405a-445f-bf15-2a12ba536b8a.mp4\">https:\/\/www.radiopiu.net\/wordpress\/wp-content\/uploads\/2021\/01\/a755eddb-405a-445f-bf15-2a12ba536b8a.mp4<\/a><\/video><\/div>\n<p>&nbsp;<\/p>\n<hr \/>\n<p>&nbsp;<\/p>\n<blockquote>\n<h3>IN FUNZIONE L&#8217;IMPIANTO PER STACCARE LE VALANGHE DA REMOTO<\/h3>\n<\/blockquote>\n<p><strong>ROCCA PIETORE\u00a0<\/strong>Sono in funzione i sistemi che gestiscono da remoto le valanghe. A comunicarlo il sindaco di Rocca Pietore Andrea De Bernardin che spiega di cosa si tratta e quali sono le funzioni degli Obel&#8217;x.<\/p>\n<p><strong>IL SINDACO DI ROCCA PIETORE ANDREA DE BERNARDIN<\/strong><\/p>\n<audio class=\"wp-audio-shortcode\" id=\"audio-186546-2\" preload=\"none\" style=\"width: 100%;\" controls=\"controls\"><source type=\"audio\/mpeg\" src=\"https:\/\/www.radiopiu.net\/wordpress\/wp-content\/uploads\/2021\/01\/DE-BERNARDIN-OBELX.mp3?_=2\" \/><a href=\"https:\/\/www.radiopiu.net\/wordpress\/wp-content\/uploads\/2021\/01\/DE-BERNARDIN-OBELX.mp3\">https:\/\/www.radiopiu.net\/wordpress\/wp-content\/uploads\/2021\/01\/DE-BERNARDIN-OBELX.mp3<\/a><\/audio>\n<p>&nbsp;<\/p>\n<p><strong>LE FOTO DEGLI OBEL&#8217;X<\/strong><\/p>\n\n\t\t\t<style type='text\/css'>\n\t\t\t\t#gallery-5 {\n\t\t\t\t\tmargin: auto;\n\t\t\t\t}\n\t\t\t\t#gallery-5 .gallery-item {\n\t\t\t\t\tfloat: left;\n\t\t\t\t\tmargin-top: 10px;\n\t\t\t\t\ttext-align: center;\n\t\t\t\t\twidth: 20%;\n\t\t\t\t}\n\t\t\t\t#gallery-5 img {\n\t\t\t\t\tborder: 2px solid #cfcfcf;\n\t\t\t\t}\n\t\t\t\t#gallery-5 .gallery-caption {\n\t\t\t\t\tmargin-left: 0;\n\t\t\t\t}\n\t\t\t\t\/* see gallery_shortcode() in wp-includes\/media.php *\/\n\t\t\t<\/style>\n\t\t<div id='gallery-5' class='dt-gallery-container gallery galleryid-186546 gallery-columns-5 gallery-size-thumbnail'><dl class='gallery-item'>\n\t\t\t\t<dt class='gallery-icon portrait'>\n\t\t\t\t\t<a class=\"rollover rollover-zoom dt-pswp-item\" title=\"e46fc72c-c91f-4f16-bb72-e88129bc1fc8\" data-dt-img-description=\"\" data-large_image_width=\"750\" data-large_image_height=\"1000\"href='https:\/\/www.radiopiu.net\/wordpress\/wp-content\/uploads\/2021\/01\/e46fc72c-c91f-4f16-bb72-e88129bc1fc8.jpg'><img loading=\"lazy\" decoding=\"async\" width=\"150\" height=\"150\" src=\"https:\/\/www.radiopiu.net\/wordpress\/wp-content\/uploads\/2021\/01\/e46fc72c-c91f-4f16-bb72-e88129bc1fc8-150x150.jpg\" class=\"attachment-thumbnail size-thumbnail\" alt=\"\" \/><\/a>\n\t\t\t\t<\/dt><\/dl><dl class='gallery-item'>\n\t\t\t\t<dt class='gallery-icon portrait'>\n\t\t\t\t\t<a class=\"rollover rollover-zoom dt-pswp-item\" title=\"7539d07c-c4ab-4030-941e-02095250f643\" data-dt-img-description=\"\" data-large_image_width=\"768\" data-large_image_height=\"1024\"href='https:\/\/www.radiopiu.net\/wordpress\/wp-content\/uploads\/2021\/01\/7539d07c-c4ab-4030-941e-02095250f643.jpg'><img loading=\"lazy\" decoding=\"async\" width=\"150\" height=\"150\" src=\"https:\/\/www.radiopiu.net\/wordpress\/wp-content\/uploads\/2021\/01\/7539d07c-c4ab-4030-941e-02095250f643-150x150.jpg\" class=\"attachment-thumbnail size-thumbnail\" alt=\"\" \/><\/a>\n\t\t\t\t<\/dt><\/dl><dl class='gallery-item'>\n\t\t\t\t<dt class='gallery-icon portrait'>\n\t\t\t\t\t<a class=\"rollover rollover-zoom dt-pswp-item\" title=\"784fad6f-eb6f-4068-ac56-002351e59948\" data-dt-img-description=\"\" data-large_image_width=\"751\" data-large_image_height=\"1024\"href='https:\/\/www.radiopiu.net\/wordpress\/wp-content\/uploads\/2021\/01\/784fad6f-eb6f-4068-ac56-002351e59948.jpg'><img loading=\"lazy\" decoding=\"async\" width=\"150\" height=\"150\" src=\"https:\/\/www.radiopiu.net\/wordpress\/wp-content\/uploads\/2021\/01\/784fad6f-eb6f-4068-ac56-002351e59948-150x150.jpg\" class=\"attachment-thumbnail size-thumbnail\" alt=\"\" \/><\/a>\n\t\t\t\t<\/dt><\/dl><dl class='gallery-item'>\n\t\t\t\t<dt class='gallery-icon landscape'>\n\t\t\t\t\t<a class=\"rollover rollover-zoom dt-pswp-item\" title=\"b9c1a3f0-f538-48a7-922b-5259fd34e869\" data-dt-img-description=\"\" data-large_image_width=\"1332\" data-large_image_height=\"1000\"href='https:\/\/www.radiopiu.net\/wordpress\/wp-content\/uploads\/2021\/01\/b9c1a3f0-f538-48a7-922b-5259fd34e869.jpg'><img loading=\"lazy\" decoding=\"async\" width=\"150\" height=\"150\" src=\"https:\/\/www.radiopiu.net\/wordpress\/wp-content\/uploads\/2021\/01\/b9c1a3f0-f538-48a7-922b-5259fd34e869-150x150.jpg\" class=\"attachment-thumbnail size-thumbnail\" alt=\"\" \/><\/a>\n\t\t\t\t<\/dt><\/dl><dl class='gallery-item'>\n\t\t\t\t<dt class='gallery-icon portrait'>\n\t\t\t\t\t<a class=\"rollover rollover-zoom dt-pswp-item\" title=\"824d1ec9-cc08-4a15-9a84-3bf1b61ce6e3\" data-dt-img-description=\"\" data-large_image_width=\"683\" data-large_image_height=\"1024\"href='https:\/\/www.radiopiu.net\/wordpress\/wp-content\/uploads\/2021\/01\/824d1ec9-cc08-4a15-9a84-3bf1b61ce6e3.jpg'><img loading=\"lazy\" decoding=\"async\" width=\"150\" height=\"150\" src=\"https:\/\/www.radiopiu.net\/wordpress\/wp-content\/uploads\/2021\/01\/824d1ec9-cc08-4a15-9a84-3bf1b61ce6e3-150x150.jpg\" class=\"attachment-thumbnail size-thumbnail\" alt=\"\" \/><\/a>\n\t\t\t\t<\/dt><\/dl><br style=\"clear: both\" \/><dl class='gallery-item'>\n\t\t\t\t<dt class='gallery-icon portrait'>\n\t\t\t\t\t<a class=\"rollover rollover-zoom dt-pswp-item\" title=\"baa22f3e-5280-4f46-9c6e-b284a7dd4c73\" data-dt-img-description=\"\" data-large_image_width=\"750\" data-large_image_height=\"1000\"href='https:\/\/www.radiopiu.net\/wordpress\/wp-content\/uploads\/2021\/01\/baa22f3e-5280-4f46-9c6e-b284a7dd4c73.jpg'><img loading=\"lazy\" decoding=\"async\" width=\"150\" height=\"150\" src=\"https:\/\/www.radiopiu.net\/wordpress\/wp-content\/uploads\/2021\/01\/baa22f3e-5280-4f46-9c6e-b284a7dd4c73-150x150.jpg\" class=\"attachment-thumbnail size-thumbnail\" alt=\"\" \/><\/a>\n\t\t\t\t<\/dt><\/dl><dl class='gallery-item'>\n\t\t\t\t<dt class='gallery-icon landscape'>\n\t\t\t\t\t<a class=\"rollover rollover-zoom dt-pswp-item\" title=\"5aca6a00-28ac-4546-aa50-7bdd60ce965e\" data-dt-img-description=\"\" data-large_image_width=\"1024\" data-large_image_height=\"683\"href='https:\/\/www.radiopiu.net\/wordpress\/wp-content\/uploads\/2021\/01\/5aca6a00-28ac-4546-aa50-7bdd60ce965e.jpg'><img loading=\"lazy\" decoding=\"async\" width=\"150\" height=\"150\" src=\"https:\/\/www.radiopiu.net\/wordpress\/wp-content\/uploads\/2021\/01\/5aca6a00-28ac-4546-aa50-7bdd60ce965e-150x150.jpg\" class=\"attachment-thumbnail size-thumbnail\" alt=\"\" \/><\/a>\n\t\t\t\t<\/dt><\/dl><dl class='gallery-item'>\n\t\t\t\t<dt class='gallery-icon landscape'>\n\t\t\t\t\t<a class=\"rollover rollover-zoom dt-pswp-item\" title=\"e64edbc6-1d2e-4429-84d3-47f4c6ef8f56\" data-dt-img-description=\"\" data-large_image_width=\"1024\" data-large_image_height=\"683\"href='https:\/\/www.radiopiu.net\/wordpress\/wp-content\/uploads\/2021\/01\/e64edbc6-1d2e-4429-84d3-47f4c6ef8f56.jpg'><img loading=\"lazy\" decoding=\"async\" width=\"150\" height=\"150\" src=\"https:\/\/www.radiopiu.net\/wordpress\/wp-content\/uploads\/2021\/01\/e64edbc6-1d2e-4429-84d3-47f4c6ef8f56-150x150.jpg\" class=\"attachment-thumbnail size-thumbnail\" alt=\"\" \/><\/a>\n\t\t\t\t<\/dt><\/dl><dl class='gallery-item'>\n\t\t\t\t<dt class='gallery-icon landscape'>\n\t\t\t\t\t<a class=\"rollover rollover-zoom dt-pswp-item\" title=\"efab4e60-3faf-4b45-a4eb-9400c1ac5793\" data-dt-img-description=\"\" data-large_image_width=\"1024\" data-large_image_height=\"768\"href='https:\/\/www.radiopiu.net\/wordpress\/wp-content\/uploads\/2021\/01\/efab4e60-3faf-4b45-a4eb-9400c1ac5793.jpg'><img loading=\"lazy\" decoding=\"async\" width=\"150\" height=\"150\" src=\"https:\/\/www.radiopiu.net\/wordpress\/wp-content\/uploads\/2021\/01\/efab4e60-3faf-4b45-a4eb-9400c1ac5793-150x150.jpg\" class=\"attachment-thumbnail size-thumbnail\" alt=\"\" \/><\/a>\n\t\t\t\t<\/dt><\/dl>\n\t\t\t\t<br style='clear: both' \/>\n\t\t\t<\/div>\n\n<p>&nbsp;<\/p>\n<p><strong>IL VIDEO<\/strong><\/p>\n<div style=\"width: 1200px;\" class=\"wp-video\"><video class=\"wp-video-shortcode\" id=\"video-186546-3\" width=\"1200\" height=\"675\" preload=\"metadata\" controls=\"controls\"><source type=\"video\/mp4\" src=\"https:\/\/www.radiopiu.net\/wordpress\/wp-content\/uploads\/2021\/01\/OBELX-ROCCA.mp4?_=3\" \/><a href=\"https:\/\/www.radiopiu.net\/wordpress\/wp-content\/uploads\/2021\/01\/OBELX-ROCCA.mp4\">https:\/\/www.radiopiu.net\/wordpress\/wp-content\/uploads\/2021\/01\/OBELX-ROCCA.mp4<\/a><\/video><\/div>\n<p>&nbsp;<\/p>\n<hr \/>\n<p>&nbsp;<\/p>\n<blockquote>\n<h3>ZERMASTE? LASTE, LA ZERMATT DELLE DOLOMITI<\/h3>\n<p><em>Tutte le grandi cose sono nate da dei sogni che sembravano visionari<\/em><\/p><\/blockquote>\n<p><strong><img loading=\"lazy\" decoding=\"async\" class=\"alignleft\" src=\"https:\/\/www.radiopiu.net\/wordpress\/wp-content\/uploads\/2019\/02\/Laste.jpg\" width=\"227\" height=\"170\" \/>ROCCA PIETORE <\/strong>Ve lo immaginate un impianto funiviario da Rocca Pietore a Laste?\u00a0 Di questi tempi da lockdown la fantasia vola, ma alle volte prende concretezza come a Chamois (Aosta) ma di questo ne parliamo poi. Di questi tempi la fantasia galoppa, dal treno delle Dolomiti ma non per Auronzo al treno (e non trenino\u2026) per l\u2019Agordino attraverso la Valle del Cordevole, ma anche l\u2019idea di una mono rotaia da Belluno al Brennero dove poi non ci sono pi\u00f9 confini. Si sognava anche negli anni Settanta quando Toni Guadagnini aveva pensato alla \u201cAgordo 2000\u201d che non intendeva l\u2019anno 2000 ma i 2000 metri e gi\u00f9 dal Framont, come ad Alleghe gi\u00f9 dal Civetta da fine anni Settanta (1979). Allora qualcuno lo derise Toni Gudagnini, negli stessi anni Merano sviluppava Merano2000 con impianti di risalita, turismo e benessere. Tornando a Laste, perch\u00e9 non sognare una funivia che arriva fin lass\u00f9? \u00a0Tenere ovviamente la strada attuale ma costruire una funivia per il trasporto pubblico.\u00a0 Potrebbe diventare la Zermatt delle Dolomiti . Partenza a Col di Rocca per Ronch di Laste e poi Laste \u00a0Ovviamente creando una zona servizi con negozi e parcheggi alla partenza. Il lettore attento a questo punto si chieder\u00e0\u2026 ma questa da dove arriva? Nessun sogno notturno, piuttosto lo spunto guardando un bel servizio per Gedi Visual sul paese delle Alpi che non vuole la strada. Nel borgo di Chamois si arriva o con la funivia, oppure a piedi. Agli abitanti va bene cos\u00ec hanno deciso insieme e in paese ci vanno con gli sci. Se di sera ancora meglio perch\u00e9 incrementano la ricettivit\u00e0 turistica a fondovalle con il pernottamento a funivia chiusa.\u00a0 Il sindaco Andrea De Bernardin non si lascia trascinare nel sogno rimane nel razionale e nel concreto. <em>\u201cAnni fa avevamo avuto una idea lanciata da uno studio di progettazione per uno sviluppo e rivalorizzazione dei villaggi alti di Albe e Vallier con un costo di investimento attorno ai 50\/60 milioni di euro. Stessa cosa. Idee ma niente investitori. Dal canto mio credo che abbiamo talmente tante cose da fare per rimettere in sesto il territorio dopo le ultime catastrofi meteo che se qualcuno mi desse in mano cifre del genere le investirei per cose meno fantascientifiche. Lascio alle prossime amministrazioni portare avanti il progetto di una funivia per Laste da 10 milioni di euro e lascio anche ai posteri il progetto di recupero di Albe e Vallier da 60 milioni\u201d.<\/em><strong><br \/>\n<\/strong><\/p>\n<p><strong>IL FILMATO DI GEDI VISUAL\u00a0<span style=\"color: #0000ff;\"> <a style=\"color: #0000ff;\" href=\"https:\/\/www.gediwatch.it\/?ref=calh&amp;settimana=1#video2\">CLICCA QUI\u00a0<\/a><\/span><\/strong><\/p>\n<p><strong>DAL GR DELLE 12:30 L&#8217;INTERVENTO DI ANDREA DE BERNARDIN<\/strong><\/p>\n<audio class=\"wp-audio-shortcode\" id=\"audio-186546-3\" preload=\"none\" style=\"width: 100%;\" controls=\"controls\"><source type=\"audio\/mpeg\" src=\"https:\/\/www.radiopiu.net\/wordpress\/wp-content\/uploads\/2021\/01\/DE-BERNARDIN-ZERMASTE.mp3?_=3\" \/><a href=\"https:\/\/www.radiopiu.net\/wordpress\/wp-content\/uploads\/2021\/01\/DE-BERNARDIN-ZERMASTE.mp3\">https:\/\/www.radiopiu.net\/wordpress\/wp-content\/uploads\/2021\/01\/DE-BERNARDIN-ZERMASTE.mp3<\/a><\/audio>\n<p>&nbsp;<\/p>\n<hr \/>\n<p>&nbsp;<\/p>\n<blockquote>\n<h3>VOLONTARI SUI TETTI E IN CASERMA TRA IMBRAGHI<\/h3>\n<\/blockquote>\n<p><strong>ALLEGHE<\/strong> I vigili del fuoco volontari Caprile-Rocca Pietore, allertati dalla sala operativa del Comando provinciale di Belluno, sono intervenuti per un incendio alla canna fumaria ad Alleghe. Intervenuti con l&#8217; A.P.S. e il Ford Ranger; sul posto anche i permanenti di Agordo.<\/p>\n\n\t\t\t<style type='text\/css'>\n\t\t\t\t#gallery-6 {\n\t\t\t\t\tmargin: auto;\n\t\t\t\t}\n\t\t\t\t#gallery-6 .gallery-item {\n\t\t\t\t\tfloat: left;\n\t\t\t\t\tmargin-top: 10px;\n\t\t\t\t\ttext-align: center;\n\t\t\t\t\twidth: 50%;\n\t\t\t\t}\n\t\t\t\t#gallery-6 img {\n\t\t\t\t\tborder: 2px solid #cfcfcf;\n\t\t\t\t}\n\t\t\t\t#gallery-6 .gallery-caption {\n\t\t\t\t\tmargin-left: 0;\n\t\t\t\t}\n\t\t\t\t\/* see gallery_shortcode() in wp-includes\/media.php *\/\n\t\t\t<\/style>\n\t\t<div id='gallery-6' class='dt-gallery-container gallery galleryid-186546 gallery-columns-2 gallery-size-full'><dl class='gallery-item'>\n\t\t\t\t<dt class='gallery-icon portrait'>\n\t\t\t\t\t<a class=\"rollover rollover-zoom dt-pswp-item\" title=\"141785636_1094693504292063_483899407267236681_n\" data-dt-img-description=\"\" data-large_image_width=\"450\" data-large_image_height=\"600\"href='https:\/\/www.radiopiu.net\/wordpress\/wp-content\/uploads\/2021\/01\/141785636_1094693504292063_483899407267236681_n.jpg'><img loading=\"lazy\" decoding=\"async\" width=\"450\" height=\"600\" src=\"https:\/\/www.radiopiu.net\/wordpress\/wp-content\/uploads\/2021\/01\/141785636_1094693504292063_483899407267236681_n.jpg\" class=\"attachment-full size-full\" alt=\"\" srcset=\"https:\/\/www.radiopiu.net\/wordpress\/wp-content\/uploads\/2021\/01\/141785636_1094693504292063_483899407267236681_n.jpg 450w, https:\/\/www.radiopiu.net\/wordpress\/wp-content\/uploads\/2021\/01\/141785636_1094693504292063_483899407267236681_n-225x300.jpg 225w\" sizes=\"auto, (max-width: 450px) 100vw, 450px\" \/><\/a>\n\t\t\t\t<\/dt><\/dl><dl class='gallery-item'>\n\t\t\t\t<dt class='gallery-icon landscape'>\n\t\t\t\t\t<a class=\"rollover rollover-zoom dt-pswp-item\" title=\"141585893_1094693550958725_7385384040324750540_n\" data-dt-img-description=\"\" data-large_image_width=\"600\" data-large_image_height=\"450\"href='https:\/\/www.radiopiu.net\/wordpress\/wp-content\/uploads\/2021\/01\/141585893_1094693550958725_7385384040324750540_n.jpg'><img loading=\"lazy\" decoding=\"async\" width=\"600\" height=\"450\" src=\"https:\/\/www.radiopiu.net\/wordpress\/wp-content\/uploads\/2021\/01\/141585893_1094693550958725_7385384040324750540_n.jpg\" class=\"attachment-full size-full\" alt=\"\" srcset=\"https:\/\/www.radiopiu.net\/wordpress\/wp-content\/uploads\/2021\/01\/141585893_1094693550958725_7385384040324750540_n.jpg 600w, https:\/\/www.radiopiu.net\/wordpress\/wp-content\/uploads\/2021\/01\/141585893_1094693550958725_7385384040324750540_n-300x225.jpg 300w\" sizes=\"auto, (max-width: 600px) 100vw, 600px\" \/><\/a>\n\t\t\t\t<\/dt><\/dl><br style=\"clear: both\" \/>\n\t\t\t<\/div>\n\n<p>E nei momenti liberi&#8230; addestramento in caserma a Caprile ripassando le attrezzature per svolgere interventi con imbraghi e attrezzature da valanga. Utilizzato anche\u00a0 l&#8217; Artva e la sonda per simulare un soccorso in valanga.<\/p>\n<p>&nbsp;<\/p>\n\n\t\t\t<style type='text\/css'>\n\t\t\t\t#gallery-7 {\n\t\t\t\t\tmargin: auto;\n\t\t\t\t}\n\t\t\t\t#gallery-7 .gallery-item {\n\t\t\t\t\tfloat: left;\n\t\t\t\t\tmargin-top: 10px;\n\t\t\t\t\ttext-align: center;\n\t\t\t\t\twidth: 33%;\n\t\t\t\t}\n\t\t\t\t#gallery-7 img {\n\t\t\t\t\tborder: 2px solid #cfcfcf;\n\t\t\t\t}\n\t\t\t\t#gallery-7 .gallery-caption {\n\t\t\t\t\tmargin-left: 0;\n\t\t\t\t}\n\t\t\t\t\/* see gallery_shortcode() in wp-includes\/media.php *\/\n\t\t\t<\/style>\n\t\t<div id='gallery-7' class='dt-gallery-container gallery galleryid-186546 gallery-columns-3 gallery-size-thumbnail'><dl class='gallery-item'>\n\t\t\t\t<dt class='gallery-icon landscape'>\n\t\t\t\t\t<a class=\"rollover rollover-zoom dt-pswp-item\" title=\"141934410_1094703987624348_4403344490419742695_n\" data-dt-img-description=\"\" data-large_image_width=\"600\" data-large_image_height=\"450\"href='https:\/\/www.radiopiu.net\/wordpress\/wp-content\/uploads\/2021\/01\/141934410_1094703987624348_4403344490419742695_n.jpg'><img loading=\"lazy\" decoding=\"async\" width=\"150\" height=\"150\" src=\"https:\/\/www.radiopiu.net\/wordpress\/wp-content\/uploads\/2021\/01\/141934410_1094703987624348_4403344490419742695_n-150x150.jpg\" class=\"attachment-thumbnail size-thumbnail\" alt=\"\" \/><\/a>\n\t\t\t\t<\/dt><\/dl><dl class='gallery-item'>\n\t\t\t\t<dt class='gallery-icon portrait'>\n\t\t\t\t\t<a class=\"rollover rollover-zoom dt-pswp-item\" title=\"142075451_1094704030957677_4831411572679458954_n\" data-dt-img-description=\"\" data-large_image_width=\"450\" data-large_image_height=\"600\"href='https:\/\/www.radiopiu.net\/wordpress\/wp-content\/uploads\/2021\/01\/142075451_1094704030957677_4831411572679458954_n.jpg'><img loading=\"lazy\" decoding=\"async\" width=\"150\" height=\"150\" src=\"https:\/\/www.radiopiu.net\/wordpress\/wp-content\/uploads\/2021\/01\/142075451_1094704030957677_4831411572679458954_n-150x150.jpg\" class=\"attachment-thumbnail size-thumbnail\" alt=\"\" \/><\/a>\n\t\t\t\t<\/dt><\/dl><dl class='gallery-item'>\n\t\t\t\t<dt class='gallery-icon portrait'>\n\t\t\t\t\t<a class=\"rollover rollover-zoom dt-pswp-item\" title=\"142561360_1094703960957684_3721587370382233224_n\" data-dt-img-description=\"\" data-large_image_width=\"450\" data-large_image_height=\"600\"href='https:\/\/www.radiopiu.net\/wordpress\/wp-content\/uploads\/2021\/01\/142561360_1094703960957684_3721587370382233224_n.jpg'><img loading=\"lazy\" decoding=\"async\" width=\"150\" height=\"150\" src=\"https:\/\/www.radiopiu.net\/wordpress\/wp-content\/uploads\/2021\/01\/142561360_1094703960957684_3721587370382233224_n-150x150.jpg\" class=\"attachment-thumbnail size-thumbnail\" alt=\"\" \/><\/a>\n\t\t\t\t<\/dt><\/dl><br style=\"clear: both\" \/>\n\t\t\t<\/div>\n\n<p>&nbsp;<\/p>\n<hr \/>\n<p>&nbsp;<\/p>\n<blockquote class=\"wp-embedded-content\" data-secret=\"QkLjOAq48t\"><p><a href=\"https:\/\/www.radiopiu.net\/wordpress\/agg-gen24\/\">CORONAVIRUS: AGGIORNAMENTO NAZIONALE 24 GENNAIO 2021<\/a><\/p><\/blockquote>\n<p><iframe loading=\"lazy\" class=\"wp-embedded-content\" sandbox=\"allow-scripts\" security=\"restricted\" style=\"position: absolute; clip: rect(1px, 1px, 1px, 1px);\" title=\"&#8220;CORONAVIRUS: AGGIORNAMENTO NAZIONALE 24 GENNAIO 2021&#8221; &#8212; Radio Pi\u00f9\" src=\"https:\/\/www.radiopiu.net\/wordpress\/agg-gen24\/embed\/#?secret=QkLjOAq48t\" data-secret=\"QkLjOAq48t\" width=\"600\" height=\"338\" frameborder=\"0\" marginwidth=\"0\" marginheight=\"0\" scrolling=\"no\"><\/iframe><\/p>\n<p>&nbsp;<\/p>\n<hr \/>\n<p>&nbsp;<\/p>\n<blockquote class=\"wp-embedded-content\" data-secret=\"tsvD4lgidh\"><p><a href=\"https:\/\/www.radiopiu.net\/wordpress\/continua-il-trend-degli-ultimi-giorni-in-veneto-con-piu-negativizzati-1795-che-postivi-744-in-24-ore-41-decessi-a-belluno-44-nuovi-positivi\/\">CONTINUA IL TREND DEGLI ULTIMI GIORNI IN VENETO CON PIU&#8217; NEGATIVIZZATI (1795) CHE NUOVI POSTIVI (744). IN 24 ORE 41 DECESSI. A BELLUNO 44 NUOVI POSITIVI<\/a><\/p><\/blockquote>\n<p><iframe loading=\"lazy\" class=\"wp-embedded-content\" sandbox=\"allow-scripts\" security=\"restricted\" style=\"position: absolute; clip: rect(1px, 1px, 1px, 1px);\" title=\"&#8220;CONTINUA IL TREND DEGLI ULTIMI GIORNI IN VENETO CON PIU&#8217; NEGATIVIZZATI (1795) CHE NUOVI POSTIVI (744). IN 24 ORE 41 DECESSI. A BELLUNO 44 NUOVI POSITIVI&#8221; &#8212; Radio Pi\u00f9\" src=\"https:\/\/www.radiopiu.net\/wordpress\/continua-il-trend-degli-ultimi-giorni-in-veneto-con-piu-negativizzati-1795-che-postivi-744-in-24-ore-41-decessi-a-belluno-44-nuovi-positivi\/embed\/#?secret=tsvD4lgidh\" data-secret=\"tsvD4lgidh\" width=\"600\" height=\"338\" frameborder=\"0\" marginwidth=\"0\" marginheight=\"0\" scrolling=\"no\"><\/iframe><\/p>\n<p>&nbsp;<\/p>\n<hr \/>\n<p>&nbsp;<\/p>\n<blockquote>\n<h3>I GRAFICI DI TIZIANO DE COL<\/h3>\n<\/blockquote>\n\n\t\t\t<style type='text\/css'>\n\t\t\t\t#gallery-8 {\n\t\t\t\t\tmargin: auto;\n\t\t\t\t}\n\t\t\t\t#gallery-8 .gallery-item {\n\t\t\t\t\tfloat: left;\n\t\t\t\t\tmargin-top: 10px;\n\t\t\t\t\ttext-align: center;\n\t\t\t\t\twidth: 33%;\n\t\t\t\t}\n\t\t\t\t#gallery-8 img {\n\t\t\t\t\tborder: 2px solid #cfcfcf;\n\t\t\t\t}\n\t\t\t\t#gallery-8 .gallery-caption {\n\t\t\t\t\tmargin-left: 0;\n\t\t\t\t}\n\t\t\t\t\/* see gallery_shortcode() in wp-includes\/media.php *\/\n\t\t\t<\/style>\n\t\t<div id='gallery-8' class='dt-gallery-container gallery galleryid-186546 gallery-columns-3 gallery-size-medium'><dl class='gallery-item'>\n\t\t\t\t<dt class='gallery-icon landscape'>\n\t\t\t\t\t<a class=\"rollover rollover-zoom dt-pswp-item\" title=\"497e9468-e558-44ca-8117-336c817354f2\" data-dt-img-description=\"\" data-large_image_width=\"606\" data-large_image_height=\"356\"href='https:\/\/www.radiopiu.net\/wordpress\/wp-content\/uploads\/2021\/01\/497e9468-e558-44ca-8117-336c817354f2.jpg'><img loading=\"lazy\" decoding=\"async\" width=\"300\" height=\"176\" src=\"https:\/\/www.radiopiu.net\/wordpress\/wp-content\/uploads\/2021\/01\/497e9468-e558-44ca-8117-336c817354f2-300x176.jpg\" class=\"attachment-medium size-medium\" alt=\"\" srcset=\"https:\/\/www.radiopiu.net\/wordpress\/wp-content\/uploads\/2021\/01\/497e9468-e558-44ca-8117-336c817354f2-300x176.jpg 300w, https:\/\/www.radiopiu.net\/wordpress\/wp-content\/uploads\/2021\/01\/497e9468-e558-44ca-8117-336c817354f2.jpg 606w\" sizes=\"auto, (max-width: 300px) 100vw, 300px\" \/><\/a>\n\t\t\t\t<\/dt><\/dl><dl class='gallery-item'>\n\t\t\t\t<dt class='gallery-icon landscape'>\n\t\t\t\t\t<a class=\"rollover rollover-zoom dt-pswp-item\" title=\"c01b2294-cfc9-4689-9d50-b4f2c056d1e0\" data-dt-img-description=\"\" data-large_image_width=\"608\" data-large_image_height=\"353\"href='https:\/\/www.radiopiu.net\/wordpress\/wp-content\/uploads\/2021\/01\/c01b2294-cfc9-4689-9d50-b4f2c056d1e0.jpg'><img loading=\"lazy\" decoding=\"async\" width=\"300\" height=\"174\" src=\"https:\/\/www.radiopiu.net\/wordpress\/wp-content\/uploads\/2021\/01\/c01b2294-cfc9-4689-9d50-b4f2c056d1e0-300x174.jpg\" class=\"attachment-medium size-medium\" alt=\"\" srcset=\"https:\/\/www.radiopiu.net\/wordpress\/wp-content\/uploads\/2021\/01\/c01b2294-cfc9-4689-9d50-b4f2c056d1e0-300x174.jpg 300w, https:\/\/www.radiopiu.net\/wordpress\/wp-content\/uploads\/2021\/01\/c01b2294-cfc9-4689-9d50-b4f2c056d1e0.jpg 608w\" sizes=\"auto, (max-width: 300px) 100vw, 300px\" \/><\/a>\n\t\t\t\t<\/dt><\/dl><dl class='gallery-item'>\n\t\t\t\t<dt class='gallery-icon landscape'>\n\t\t\t\t\t<a class=\"rollover rollover-zoom dt-pswp-item\" title=\"d165c6d9-e167-48a7-befc-d209cc22b221\" data-dt-img-description=\"\" data-large_image_width=\"600\" data-large_image_height=\"355\"href='https:\/\/www.radiopiu.net\/wordpress\/wp-content\/uploads\/2021\/01\/d165c6d9-e167-48a7-befc-d209cc22b221.jpg'><img loading=\"lazy\" decoding=\"async\" width=\"300\" height=\"178\" src=\"https:\/\/www.radiopiu.net\/wordpress\/wp-content\/uploads\/2021\/01\/d165c6d9-e167-48a7-befc-d209cc22b221-300x178.jpg\" class=\"attachment-medium size-medium\" alt=\"\" srcset=\"https:\/\/www.radiopiu.net\/wordpress\/wp-content\/uploads\/2021\/01\/d165c6d9-e167-48a7-befc-d209cc22b221-300x178.jpg 300w, https:\/\/www.radiopiu.net\/wordpress\/wp-content\/uploads\/2021\/01\/d165c6d9-e167-48a7-befc-d209cc22b221.jpg 600w\" sizes=\"auto, (max-width: 300px) 100vw, 300px\" \/><\/a>\n\t\t\t\t<\/dt><\/dl><br style=\"clear: both\" \/>\n\t\t\t<\/div>\n\n<p>&nbsp;<\/p>\n<p class=\"p1\">\n<p>&nbsp;<\/p>\n<p>&nbsp;<\/p>\n<hr \/>\n<p>&nbsp;<\/p>\n<blockquote>\n<h3>IL PUNTO DELLA POLIZIA LOCALE DI FELTRE SULLE ATTIVITA&#8217; SVOLTE NEL 2020<\/h3>\n<\/blockquote>\n<p><strong>FELTRE\u00a0 <\/strong>Si \u00e8 tenuta presso il Comando di Polizia Locale del Comune di Feltre la conferenza stampa di presentazione dell\u2019attivit\u00e0 condotta dagli agenti dello stesso Corpo in merito ai controlli sui conferimenti dei rifiuti da parte dei cittadini presso le piazzole ecologiche nel corso dell\u2019anno 2020. L\u2019attivit\u00e0 \u00e8 andata di pari passo con quella di sensibilizzazione e \u201caccompagnamento\u201d degli utenti al rispetto delle regole di convivenza civile e di corretto conferimento in uso, in base ai regolamenti comunali in essere. Se infatti il Comune di Feltre si pone da tempo ai vertici delle classifiche regionali e nazionali, per centri omogenei, nella raccolta differenziata, \u00e8 altrettanto evidente che il processo di miglioramento delle quantit\u00e0 e della qualit\u00e0 dei materiali conferiti deve essere costante, con l\u2019obiettivo di contenere, anche in ottica prospettica, i costi del servizio e migliorarne le caratteristiche. A fronte della grande maggioranza dei cittadini che adottano comportamenti corretti, vengono rilevati alcuni casi \u2013 talora recidivi \u2013 di partiche scorrette, quali, tra le altre, il conferimento di rifiuti a terra nell\u2019area delle piazzole ecologiche (talora anche da parte di cittadini di altri comuni), l\u2019abbandono in suoli aperti, l\u2019introduzione di materiali non idonei nelle campane della differenziata, o l\u2019accesso non corretto all\u2019ecocentro. La pratica di accertamento delle irregolarit\u00e0, condotta con varie metodologie &#8211; come l\u2019utilizzo di apparecchiature di videosorveglianza fissa o mobile, la presenza degli agenti nelle piazzole ecologiche e l\u2019ispezione dei materiali abbandonati &#8211; prevede la convocazione degli utenti presso il comando di Polizia Locale per l\u2019esposizione della questione ed eventualmente, in un secondo momento, l\u2019emissione della sanzione. Questo perch\u00e9 l\u2019obiettivo primario non \u00e8 riscuotere somme peraltro irrisorie rispetto al montante del costo generale del servizio, ma dissuadere gli utenti dal porre in essere partiche non adeguate, i cui costi si riversano sulla collettivit\u00e0, e quindi anche sui cittadini attenti e virtuosi. Nel corso del 2020 sono stati portati a termine oltre 70 accertamenti, che hanno dato il via a 50 verbali di contestazione. In relazione a questi sono state elevate sanzioni per circa 12 mila euro. Nei primi venti giorni del 2021 gli accertamenti avviati sono una dozzina.<\/p>\n<p><strong>ADIS ZATTA, ASSESSORE SULLA GESTIONE DEL TERRITORIO DEL COMUNE DI FELTRE<\/strong><\/p>\n<audio class=\"wp-audio-shortcode\" id=\"audio-186546-4\" preload=\"none\" style=\"width: 100%;\" controls=\"controls\"><source type=\"audio\/mpeg\" src=\"https:\/\/www.radiopiu.net\/wordpress\/wp-content\/uploads\/2021\/01\/ZATTA-POLIZIA-LOCALE.mp3?_=4\" \/><a href=\"https:\/\/www.radiopiu.net\/wordpress\/wp-content\/uploads\/2021\/01\/ZATTA-POLIZIA-LOCALE.mp3\">https:\/\/www.radiopiu.net\/wordpress\/wp-content\/uploads\/2021\/01\/ZATTA-POLIZIA-LOCALE.mp3<\/a><\/audio>\n<p>&nbsp;<\/p>\n\n\t\t\t<style type='text\/css'>\n\t\t\t\t#gallery-9 {\n\t\t\t\t\tmargin: auto;\n\t\t\t\t}\n\t\t\t\t#gallery-9 .gallery-item {\n\t\t\t\t\tfloat: left;\n\t\t\t\t\tmargin-top: 10px;\n\t\t\t\t\ttext-align: center;\n\t\t\t\t\twidth: 33%;\n\t\t\t\t}\n\t\t\t\t#gallery-9 img {\n\t\t\t\t\tborder: 2px solid #cfcfcf;\n\t\t\t\t}\n\t\t\t\t#gallery-9 .gallery-caption {\n\t\t\t\t\tmargin-left: 0;\n\t\t\t\t}\n\t\t\t\t\/* see gallery_shortcode() in wp-includes\/media.php *\/\n\t\t\t<\/style>\n\t\t<div id='gallery-9' class='dt-gallery-container gallery galleryid-186546 gallery-columns-3 gallery-size-medium'><dl class='gallery-item'>\n\t\t\t\t<dt class='gallery-icon landscape'>\n\t\t\t\t\t<a class=\"rollover rollover-zoom dt-pswp-item\" title=\"ad4be7be-ab9e-4df2-b978-87d77141a8a3\" data-dt-img-description=\"\" data-large_image_width=\"2048\" data-large_image_height=\"1152\"href='https:\/\/www.radiopiu.net\/wordpress\/wp-content\/uploads\/2021\/01\/ad4be7be-ab9e-4df2-b978-87d77141a8a3.jpg'><img loading=\"lazy\" decoding=\"async\" width=\"300\" height=\"169\" src=\"https:\/\/www.radiopiu.net\/wordpress\/wp-content\/uploads\/2021\/01\/ad4be7be-ab9e-4df2-b978-87d77141a8a3-300x169.jpg\" class=\"attachment-medium size-medium\" alt=\"\" srcset=\"https:\/\/www.radiopiu.net\/wordpress\/wp-content\/uploads\/2021\/01\/ad4be7be-ab9e-4df2-b978-87d77141a8a3-300x169.jpg 300w, https:\/\/www.radiopiu.net\/wordpress\/wp-content\/uploads\/2021\/01\/ad4be7be-ab9e-4df2-b978-87d77141a8a3-1024x576.jpg 1024w, https:\/\/www.radiopiu.net\/wordpress\/wp-content\/uploads\/2021\/01\/ad4be7be-ab9e-4df2-b978-87d77141a8a3-768x432.jpg 768w, https:\/\/www.radiopiu.net\/wordpress\/wp-content\/uploads\/2021\/01\/ad4be7be-ab9e-4df2-b978-87d77141a8a3-1536x864.jpg 1536w, https:\/\/www.radiopiu.net\/wordpress\/wp-content\/uploads\/2021\/01\/ad4be7be-ab9e-4df2-b978-87d77141a8a3.jpg 2048w\" sizes=\"auto, (max-width: 300px) 100vw, 300px\" \/><\/a>\n\t\t\t\t<\/dt><\/dl><dl class='gallery-item'>\n\t\t\t\t<dt class='gallery-icon landscape'>\n\t\t\t\t\t<a class=\"rollover rollover-zoom dt-pswp-item\" title=\"e917d683-be3a-4a25-904b-ef6664b754a5\" data-dt-img-description=\"\" data-large_image_width=\"1599\" data-large_image_height=\"1200\"href='https:\/\/www.radiopiu.net\/wordpress\/wp-content\/uploads\/2021\/01\/e917d683-be3a-4a25-904b-ef6664b754a5.jpg'><img loading=\"lazy\" decoding=\"async\" width=\"300\" height=\"225\" src=\"https:\/\/www.radiopiu.net\/wordpress\/wp-content\/uploads\/2021\/01\/e917d683-be3a-4a25-904b-ef6664b754a5-300x225.jpg\" class=\"attachment-medium size-medium\" alt=\"\" srcset=\"https:\/\/www.radiopiu.net\/wordpress\/wp-content\/uploads\/2021\/01\/e917d683-be3a-4a25-904b-ef6664b754a5-300x225.jpg 300w, https:\/\/www.radiopiu.net\/wordpress\/wp-content\/uploads\/2021\/01\/e917d683-be3a-4a25-904b-ef6664b754a5-1024x768.jpg 1024w, https:\/\/www.radiopiu.net\/wordpress\/wp-content\/uploads\/2021\/01\/e917d683-be3a-4a25-904b-ef6664b754a5-768x576.jpg 768w, https:\/\/www.radiopiu.net\/wordpress\/wp-content\/uploads\/2021\/01\/e917d683-be3a-4a25-904b-ef6664b754a5-1536x1153.jpg 1536w, https:\/\/www.radiopiu.net\/wordpress\/wp-content\/uploads\/2021\/01\/e917d683-be3a-4a25-904b-ef6664b754a5.jpg 1599w\" sizes=\"auto, (max-width: 300px) 100vw, 300px\" \/><\/a>\n\t\t\t\t<\/dt><\/dl><dl class='gallery-item'>\n\t\t\t\t<dt class='gallery-icon landscape'>\n\t\t\t\t\t<a class=\"rollover rollover-zoom dt-pswp-item\" title=\"c9a539b8-0841-4175-9ddd-f54a842b41c1\" data-dt-img-description=\"\" data-large_image_width=\"1620\" data-large_image_height=\"789\"href='https:\/\/www.radiopiu.net\/wordpress\/wp-content\/uploads\/2021\/01\/c9a539b8-0841-4175-9ddd-f54a842b41c1.jpg'><img loading=\"lazy\" decoding=\"async\" width=\"300\" height=\"146\" src=\"https:\/\/www.radiopiu.net\/wordpress\/wp-content\/uploads\/2021\/01\/c9a539b8-0841-4175-9ddd-f54a842b41c1-300x146.jpg\" class=\"attachment-medium size-medium\" alt=\"\" srcset=\"https:\/\/www.radiopiu.net\/wordpress\/wp-content\/uploads\/2021\/01\/c9a539b8-0841-4175-9ddd-f54a842b41c1-300x146.jpg 300w, https:\/\/www.radiopiu.net\/wordpress\/wp-content\/uploads\/2021\/01\/c9a539b8-0841-4175-9ddd-f54a842b41c1-1024x499.jpg 1024w, https:\/\/www.radiopiu.net\/wordpress\/wp-content\/uploads\/2021\/01\/c9a539b8-0841-4175-9ddd-f54a842b41c1-768x374.jpg 768w, https:\/\/www.radiopiu.net\/wordpress\/wp-content\/uploads\/2021\/01\/c9a539b8-0841-4175-9ddd-f54a842b41c1-1536x748.jpg 1536w, https:\/\/www.radiopiu.net\/wordpress\/wp-content\/uploads\/2021\/01\/c9a539b8-0841-4175-9ddd-f54a842b41c1.jpg 1620w\" sizes=\"auto, (max-width: 300px) 100vw, 300px\" \/><\/a>\n\t\t\t\t<\/dt><\/dl><br style=\"clear: both\" \/>\n\t\t\t<\/div>\n\n<p>&nbsp;<\/p>\n<hr \/>\n<p>&nbsp;<\/p>\n<blockquote>\n<h1>UNA SETTIMANA FA ALLA RADIO<\/h1>\n<p><strong>LA RASSICURAZIONE DA GSP<\/strong>:\u00a0 <em>\u00abIN ATTESA DI LEGGERE EFFETTIVAMENTE I CONTATORI, LE FATTURE<\/em><br \/>\n<em>VERRANNO ANNULLATE.Non avendo il dato reale &#8211;<br \/>\nprosegue l\u2019ente gestore della rete &#8211; la bolletta \u00e8 stata elaborata<br \/>\nin acconto sulla stima i dei consumi)<\/em><\/p>\n<p><strong>IL SINDACO DE BERNARDIN: \u00a0<\/strong><em>&#8220;dopo un controllo della documentazione segnalata, ha effettivamente compreso l\u2019errore e ha annunciato di fare marcia<\/em><br \/>\n<em>indietro&#8221;.<\/em><\/p><\/blockquote>\n<blockquote class=\"wp-embedded-content\" data-secret=\"EYtkZdhElH\"><p><a href=\"https:\/\/www.radiopiu.net\/wordpress\/gsp-le-bollette-sono-arrivate-anche-le-lamentele-degli-albergatori\/\">GSP, LE BOLLETTE SONO ARRIVATE, ANCHE LE LAMENTELE DEGLI ALBERGATORI<\/a><\/p><\/blockquote>\n<p><iframe loading=\"lazy\" class=\"wp-embedded-content\" sandbox=\"allow-scripts\" security=\"restricted\" style=\"position: absolute; clip: rect(1px, 1px, 1px, 1px);\" title=\"&#8220;GSP, LE BOLLETTE SONO ARRIVATE, ANCHE LE LAMENTELE DEGLI ALBERGATORI&#8221; &#8212; Radio Pi\u00f9\" src=\"https:\/\/www.radiopiu.net\/wordpress\/gsp-le-bollette-sono-arrivate-anche-le-lamentele-degli-albergatori\/embed\/#?secret=EYtkZdhElH\" data-secret=\"EYtkZdhElH\" width=\"600\" height=\"338\" frameborder=\"0\" marginwidth=\"0\" marginheight=\"0\" scrolling=\"no\"><\/iframe><\/p>\n<p>&nbsp;<\/p>\n<p>&nbsp;<\/p>\n<hr \/>\n<blockquote>\n<h3>MONDIALI DI SCI A CORTINA \u2013 BERTON: \u201c\u00c8 IL NOSTRO INVESTIMENTO PER IL FUTURO: DOBBIAMO ESSERNE DOPPIAMENTE ORGOGLIOSI&#8221;<\/h3>\n<\/blockquote>\n<p><strong><a href=\"https:\/\/www.radiopiu.net\/wordpress\/giornale-radiopiu-29-ottobre-2019-direttore-mirko-mezzacasa\/lorraine_berton-1\/\" rel=\"attachment wp-att-104180\"><img loading=\"lazy\" decoding=\"async\" class=\"size-medium wp-image-104180 alignleft\" src=\"https:\/\/www.radiopiu.net\/wordpress\/wp-content\/uploads\/2019\/10\/Lorraine_Berton-1-300x300.jpg\" alt=\"\" width=\"300\" height=\"300\" srcset=\"https:\/\/www.radiopiu.net\/wordpress\/wp-content\/uploads\/2019\/10\/Lorraine_Berton-1-300x300.jpg 300w, https:\/\/www.radiopiu.net\/wordpress\/wp-content\/uploads\/2019\/10\/Lorraine_Berton-1-150x150.jpg 150w, https:\/\/www.radiopiu.net\/wordpress\/wp-content\/uploads\/2019\/10\/Lorraine_Berton-1.jpg 767w\" sizes=\"auto, (max-width: 300px) 100vw, 300px\" \/><\/a>BELLUNO <\/strong>\u201c<em>Il 7 febbraio si avvicina e tutte le nostre migliori energie dovranno confluire su Cortina. I Mondiali 2021 sono il pi\u00f9 importante evento iridato della stagione, il principale investimento che il nostro territorio sta facendo per il suo futuro. Dobbiamo essere doppiamente orgogliosi del traguardo che stiamo raggiungendo, soprattutto in un momento come questo<\/em>&#8220;. A dirlo, guardando all\u2019imminente appuntamento mondiale che si terr\u00e0 a Cortina d\u2019Ampezzo tra il 7 e il 21 febbraio, \u00e8 Lorraine Berton, presidente di Confindustria Belluno Dolomiti e coordinatrice nazionale del Tavolo Sport e Grandi Eventi di Confindustria. \u201c<em>Non \u00e8 certo l\u2019evento che avevamo in mente, ma l\u2019effetto vetrina sar\u00e0 comunque assicurato e far\u00e0 la differenza non appena ripartiremo dopo questa terribile pandemia. Non dobbiamo dimenticare che 500 milioni di telespettatori in tutto il mondo saranno collegati \u2013 attraverso i media &#8211; con le nostre Dolomiti. Parte di loro sogner\u00e0 di raggiungerle non appena questa emergenza sar\u00e0 limitata e sconfitta. A noi toccher\u00e0 coltivare quel sogno e tenerci pronti ad accoglierli nel migliore dei modi. Molte localit\u00e0 turistiche in Italia e all\u2019estero si stanno preparando per il dopo pandemia, quando con ogni probabilit\u00e0 emerger\u00e0 tutta la voglia di tornare a viaggiare. Le nostre montagne dovranno essere pronte e sfruttare anche questa vetrina iridata per presentare al mondo tutte le nostre eccellenze ambientali, culturali e produttive<\/em>\u201d. \u201c<em>I Mondiali di sci di Cortina sono tra i pochi grandi eventi \u201csalvati\u201d negli ultimi mesi: saranno un momento di svago, sport e intrattenimento per i milioni di appassionati. Sono certa che decreteranno Cortina Regina della montagna e la lanceranno in vista delle Olimpiadi 2026 consolidando l\u2019immagine di tutta la nostra provincia<\/em>\u201d, ribadisce Berton. \u201c<em>Dobbiamo stringerci attorno a organizzatori e operatori, in particolare alla Fondazione Cortina 2021 che &#8211; con il presidente Alessandro Benetton e l\u2019ad Valerio Giacobbi \u2013 hanno gi\u00e0 vinto il loro slalom gigante tra mille insidie dialogando con le Istituzioni e creando un grande evento in tempi bui<\/em>\u201d. \u201c<em>Viviamo con intensit\u00e0 questi Mondiali e la loro attesa, saranno la base per la nostra ripartenza\u201d, la conclusione. \u201cPer noi imprenditori \u00e8 doveroso restare fiduciosi. Questi Mondiali sono il migliore modo per guardare al futuro<\/em>\u201d.<\/p>\n<p>&nbsp;<\/p>\n<p>&nbsp;<\/p>\n<hr \/>\n<p>&nbsp;<\/p>\n<blockquote>\n<h3>IL PRESIDENTE DEL CAI VENETO SI APPELLA AL BUONSENSO<\/h3>\n<\/blockquote>\n<p><strong><a href=\"https:\/\/www.radiopiu.net\/wordpress\/adunanza-cai-a-la-marol\/cai-3\/\" rel=\"attachment wp-att-174710\"><img loading=\"lazy\" decoding=\"async\" class=\"size-full wp-image-174710 alignleft\" src=\"https:\/\/www.radiopiu.net\/wordpress\/wp-content\/uploads\/2020\/11\/cai.jpeg\" alt=\"\" width=\"225\" height=\"225\" srcset=\"https:\/\/www.radiopiu.net\/wordpress\/wp-content\/uploads\/2020\/11\/cai.jpeg 225w, https:\/\/www.radiopiu.net\/wordpress\/wp-content\/uploads\/2020\/11\/cai-150x150.jpeg 150w\" sizes=\"auto, (max-width: 225px) 100vw, 225px\" \/><\/a>VENEZIA<\/strong> Nei scorsi giorni i Presidenti delle sezioni Club Alpino Italiano del Veneto si sono dati appuntamento via streaming per fare il punto della situazione dopo l\u2019approvazione del nuovo Dpcm del 14\/01\/2021, che ha confermato il colore arancione per la nostra regione. L\u2019incontro e\u0300 stato voluto dal Presidente Renato Frigo il quale ha ascoltato, con estrema attenzione, le varie posizioni emerse durante l\u2019incontro. La poca chiarezza sulla \u201cstretta\u201d alle attivita\u0300 in montagna \u2013 e relativi spostamenti \u2013 ha causato un generale malcontento tra soci e simpatizzanti; di conseguenza Renato Frigo ha chiesto con urgenza delle risposte esaustive agli organi competenti in sede regionale, cosi\u0300 da eludere ogni interpretazione sia del decreto in atto sia dei testi delle FAQ pubblicate sul sito www.governo.it. Lo stesso CAI Nazionale si e\u0300 immediatamente mosso inviando una lettera al Presidente del Consiglio dei Ministri, chiedendo un chiarimento urgente sulle pratiche consentite in ambiente alpino e prealpino. In attesa di risposte concrete, il Presidente del CAI Veneto si appella al \u201cbuonsenso\u201d delle persone che amano la montagna e che in essa vedono qualcosa che va ben oltre all\u2019attivita\u0300 fisica. \u201c<em>La cautela del singolo, pero\u0300, non e\u0300 la risposta alle varie interpretazioni soggettive della norma<\/em>\u201d afferma Renato Frigo, il quale prosegue: \u201c<em>E\u0300 indubbio che il Dpcm del 14 gennaio ha creato una certa confusione in merito alle attivita\u0300 praticabili esclusivamente sui monti, per questo motivo chiediamo con fermezza che la regione Veneto fornisca delle linee guida ineluttabili. Dal canto nostro abbiamo deciso, all\u2019unanimita\u0300, di sospendere tutte le uscite sociali in programmazione fino il 15 febbraio a favore di incontri a distanza, cosi\u0300 da portare avanti un percorso formativo rivolto ai nostri soci. Siamo consapevoli che l\u2019Italia sta affrontando un\u2019emergenza sanitaria senza eguali pertanto, mai come adesso, e\u0300 saggio posticipare le attivita\u0300 di gruppo per evitare possibili contagi, ma come CAI riteniamo che la limitazione degli ambienti montani deve essere condivisa da tutti senza alcuna eccezione a favore di pochi. Confermiamo la nostra disponibilita\u0300 ad intraprendere un dialogo con la Regione per il bene delle nostre montagne e delle tante persone che, sempre piu\u0300 spesso, si avvicinano alle terre alte grazie al Club Alpino Italiano. Certi che a breve usciremo da questo stato di incertezza, precisiamo che i residenti o domiciliati in comuni in cui e\u0300 possibile praticare attivita\u0300 motorie sulla neve non intercorrono in sanzioni. Fermo restando che non si puo\u0300 valicare il confine comunale e si deve mantenere la distanza di due metri se in piu\u0300 persone. Per gli altri amanti della montagna il nostro consiglio e\u0300 di attendere il riscontro da parte degli organi competenti e, nel frattempo, cogliere l\u2019occasione di prendere parte ai tanti appuntamenti online organizzati dalle sezioni del Veneto&#8221;<\/em>. Le attivita\u0300 di segreteria sono sempre garantite negli orari prestabiliti dalle singole sedi CAI. I volontari sono a disposizione dei soci e dei simpatizzanti per fornire informazioni sulle attivita\u0300 dell\u2019Associazione e per il tesseramento 2021. Eventuali aggiornamenti verranno pubblicati sui nostri canali social e sul sito www.caiveneto.it.<\/p>\n<p>&nbsp;<\/p>\n<p>&nbsp;<\/p>\n<hr \/>\n<p>&nbsp;<\/p>\n<blockquote>\n<h3>IL COVID HA FATTO ESPLODERE LA BUROCRAZIA: IN QUASI UN ANNO APPROVATE OLTRE 500 NORME (DI CUI 54 DALLA REGIONE VENETO)<\/h3>\n<\/blockquote>\n<p><a class=\"dt-pswp-item\" href=\"https:\/\/www.radiopiu.net\/wordpress\/wp-content\/uploads\/2021\/01\/Schermata-2021-01-23-alle-14.52.27.png\" data-dt-img-description=\"\" data-large_image_width=\"1274\" data-large_image_height=\"912\"><img loading=\"lazy\" decoding=\"async\" class=\"alignleft size-medium wp-image-186433\" src=\"https:\/\/www.radiopiu.net\/wordpress\/wp-content\/uploads\/2021\/01\/Schermata-2021-01-23-alle-14.52.27-300x215.png\" alt=\"\" width=\"300\" height=\"215\" srcset=\"https:\/\/www.radiopiu.net\/wordpress\/wp-content\/uploads\/2021\/01\/Schermata-2021-01-23-alle-14.52.27-300x215.png 300w, https:\/\/www.radiopiu.net\/wordpress\/wp-content\/uploads\/2021\/01\/Schermata-2021-01-23-alle-14.52.27-1024x733.png 1024w, https:\/\/www.radiopiu.net\/wordpress\/wp-content\/uploads\/2021\/01\/Schermata-2021-01-23-alle-14.52.27-768x550.png 768w, https:\/\/www.radiopiu.net\/wordpress\/wp-content\/uploads\/2021\/01\/Schermata-2021-01-23-alle-14.52.27.png 1274w\" sizes=\"auto, (max-width: 300px) 100vw, 300px\" \/><\/a>A causa della presenza del Covid, la produzione normativa \u00e8 esplosa: tra circolari, ordinanze, decreti, Dpcm, leggi, linee guida sulla sicurezza nei luoghi di lavoro, etc., sono 450 le misure legislative approvate a livello nazionale in poco meno di un anno. Un boom della burocrazia legislativa che ha disorientato il Paese.L\u2019ufficio studi della CGIA &#8211; che ha redatto questa elaborazione &#8211; tiene comunque a precisare che tra le 450 norme conteggiate non sono incluse le faq del Governo e gli accorgimenti normativi anti-Covid che sono stati approvati dalle regioni. Al netto delle leggi approvate dal Consiglio regionale, sempre in questo periodo il Presidente della Regione Veneto, ad esempio, ha emanato 44 ordinanze, 7 chiarimenti e 3 accordi con le province di confine di altre regioni.Un profluvio di disposizioni, dicevamo, composto da migliaia e migliaia di pagine che ha travolto tutti: cittadini, lavoratori e imprese, creando non pochi problemi interpretativi, soprattutto ai piccoli imprenditori che si stanno ancora districando tra un groviglio di disposizioni legislative, spesso in contraddizione tra loro e in costante cambiamento, perch\u00e9 in buona parte correlate alla \u201ccolorazione\u201d della propria Regione.La Pubblica Amministrazione (PA) nazionale pi\u00f9 prolifica in materia normativa \u00e8 stata il ministero della Salute con 170 provvedimenti. Seguono la Protezione civile con 86, il ministero dell\u2019Interno con 37, l\u2019Inps con 36, il Commissario per l\u2019emergenza da Covid con 35 e l\u2019Inail con 8.Ad aver costretto queste Amministrazioni a deliberare in misura cos\u00ec copiosa sono stati i 29 decreti legge approvati dal Governo fino a questo momento, i 23 Dpcm firmati dal Presidente del Consiglio e le 14 leggi approvate dal Parlamento. Intendiamoci, la gravit\u00e0 della situazione ha imposto al legislatore di mettere in campo importanti misure a tutela della salute, disposizioni urgenti per fronteggiare i rischi sanitari e interventi a favorire del lavoro e delle imprese: scelte legittime che, per\u00f2, hanno scatenato in maniera imprevedibile la \u201cproduttivit\u00e0\u201d legislativa della macchina burocratica pubblica.Anche le parti sociali sono state chiamate a redigere un protocollo generale in accordo con il Governo per tutelare la salute e la sicurezza nei luoghi di lavoro. La firma \u00e8 stata raggiunta il 14 marzo scorso. A seguito di questo provvedimento sono seguiti altre 11 linee guida che hanno interessato altrettanti comparti produttivi.Va comunque sottolineato che nel nostro Paese da sempre c\u2019\u00e8 una grande propensione a emanare leggi. Si stima che in Italia vi siano 160.000 norme, di cui 71.000 promulgate a livello centrale e le rimanenti a livello regionale e locale. In Francia, invece, sono 7.000, in Germania 5.500 e nel Regno Unito 3.000.Tuttavia, la responsabilit\u00e0 di questa iper legiferazione \u00e8 ascrivibile alla mancata abrogazione delle leggi concorrenti e al fatto che il nostro quadro normativo negli ultimi decenni ha visto aumentare esponenzialmente il ricorso ai decreti legislativi che, per essere operativi, richiedono l\u2019approvazione di numerosi decreti attuativi. Questa procedura ha aumentato a dismisura la produzione normativa nel nostro Paese, gettando nello sconforto cittadini e imprese che ogni giorno sono chiamati a rispettarla.Uno spaccato, quello fotografato dall\u2019Ufficio studi della CGIA, che fa rabbrividire. Tuttavia una soluzione parrebbe praticabile. Si potrebbe, ad esempio, ridurre il numero delle leggi attraverso l\u2019abrogazione di quelle pi\u00f9 datate, evitando cos\u00ec la sovrapposizione legislativa che su molte materie ha generato incomunicabilit\u00e0, mancanza di trasparenza, incertezza dei tempi ed adempimenti sempre pi\u00f9 onerosi, facendo diventare la burocrazia un nemico invisibile e difficilmente superabile.Dalla CGIA concludono con una provocazione: se il virus fosse allergico alle normative prodotte dalla nostra burocrazia, molto probabilmente sarebbe scomparso da tempo, invece sia la crisi sanitaria sia quella economica non accennano a diminuire.Intendiamoci, la gravit\u00e0 della situazione ha imposto al legislatore di mettere in campo tutte le misure legislative necessarie a tutela della salute e per fronteggiare le difficolt\u00e0 delle famiglie e delle imprese.Questo contesto del tutto imprevisto ha scatenato in misura sconsiderata l\u2019iper produttivit\u00e0 legislativa della macchina burocratica statale che ha gettato nella confusione pi\u00f9 totale milioni e milioni di persone. La nostra Pubblica Amministrazione si \u00e8 comportata in maniera bifronte: \u00e8 stata inflessibile quando ha imposto le limitazioni alla mobilit\u00e0 e le chiusure ai bar, ai ristoranti e ai negozi; per contro, ha dimostrato di essere del tutto inefficiente e spaventosamente impreparata quando, invece, \u00e8 stata chiamata a riorganizzare i propri servizi per \u201caggredire\u201d la diffusione del virus. Di esempi ce ne sono a iosa: come, ad esempio, la tracciabilit\u00e0 dei contagiati, vedi il clamoroso flop dell\u2019app Immuni, il mancato potenziamento della medicina territoriale, il fallito tentativo di tornare tutti a scuola e l\u2019incapacit\u00e0 di mettere a punto un serio piano di rilancio del trasporto pubblico locale.<\/p>\n<p>&nbsp;<\/p>\n<p>&nbsp;<\/p>\n<hr \/>\n<p>&nbsp;<\/p>\n<blockquote>\n<h3>DOMANI RADIO PIU&#8217; IN DIRETTA FACEBOOK CON LA PRO LOCO DI AGORDO<\/h3>\n<\/blockquote>\n<p><strong><a href=\"https:\/\/www.radiopiu.net\/wordpress\/giornale-radiopiu-25-gennaio-2021-direttore-mirko-mezzacasa\/logo-radio\/\" rel=\"attachment wp-att-186624\"><img loading=\"lazy\" decoding=\"async\" class=\" wp-image-186624 alignleft\" src=\"https:\/\/www.radiopiu.net\/wordpress\/wp-content\/uploads\/2021\/01\/logo-radio-300x225.jpg\" alt=\"\" width=\"162\" height=\"121\" srcset=\"https:\/\/www.radiopiu.net\/wordpress\/wp-content\/uploads\/2021\/01\/logo-radio-300x225.jpg 300w, https:\/\/www.radiopiu.net\/wordpress\/wp-content\/uploads\/2021\/01\/logo-radio-768x576.jpg 768w, https:\/\/www.radiopiu.net\/wordpress\/wp-content\/uploads\/2021\/01\/logo-radio.jpg 800w\" sizes=\"auto, (max-width: 162px) 100vw, 162px\" \/><\/a>AGORDO <\/strong>\u00c8 in programma per domani sera alle 20:30 la diretta Facebook organizzata da AD Agordo Pro Loco con Radio Pi\u00f9. &#8220;<em>In questa serata avremo come ospiti Marco Gaz, Mirco Bencivenni e Jacopo Del Tedesco. Con loro parleremo di musica, da quella tradizionale a quella moderna, attraverseremo la sua storia e capiremo quanto sia importante per la radio. Un&#8217;oretta per condividere insieme una interessante chiacchierata. Speriamo di essere all&#8217;altezza dei nostri ospiti (studieremo un po&#8217; anche noi)!<\/em>&#8221; dicono gli organizzatori dalla pagina dell&#8217;evento.<\/p>\n<p>&nbsp;<\/p>\n<p>&nbsp;<\/p>\n<hr \/>\n<p>&nbsp;<\/p>\n<p><img loading=\"lazy\" decoding=\"async\" class=\"alignleft\" src=\"https:\/\/www.radiopiu.net\/wordpress\/wp-content\/uploads\/2021\/01\/WhatsApp-Image-2019-04-29-at-20.28.17.jpg\" width=\"192\" height=\"144\" \/><\/p>\n<h2>L&#8217;AUSER DI TISER &#8211; CIRCOLO SEMPRE ATTIVO &#8211; APRE LA SEDE PER IL TESSERAMENTO<\/h2>\n<p><strong>Visto il protrarsi delle normative relative al corona virus che impongono la sospensione delle attivit\u00e0 ludiche delle varie associazioni, il circolo Auser Col Bel di Tiser ha deciso di aprire la propria sede per permettere ai propri associati, o a chi vuol fare parte di tale sodalizio, di poter tesserarsi per il 2021. L&#8217;apertura \u00e8 prevista per oggi dalle\u00a0 15.00 alle 16.30 tutti i giorni ad esclusione della domenica. Resta inteso che il Circolo \u00e8 sempre attivo per eventuali servizi di accompagnamento in accordo con ASCA ed il circolo El Broi di Agordo come da tempo consolidato.<\/strong><\/p>\n<p>&nbsp;<\/p>\n<p>&nbsp;<\/p>\n<hr \/>\n<p>&nbsp;<\/p>\n<blockquote>\n<h3>\u00a0CONVENZIONI E RECESSI NEL CONSIGLIO COMUNALE<\/h3>\n<\/blockquote>\n<p><strong>ROCCA PIETORE<\/strong> Il sindaco Andrea De Bernardin ha convocato i consiglieri per giovedi 28 gennaio alle 18.30. All&#8217;ordine del giorno l&#8217;approvazione del recesso dalla convenzione per lo svolgimento delle funzioni di segreteria con il Comune di Cavaso del Tomba e approvazione della convenzione con il Comune di San Gregorio nelle Alpi. Ultimo punto il programma per il conferimento degli incarichi di collaborzione autonoma.<\/p>\n<p>&nbsp;<\/p>\n<p>&nbsp;<\/p>\n<hr \/>\n<p>&nbsp;<\/p>\n<blockquote>\n<h3>SERVIZIO CIVILE UNIVERSALE, LA PROROGA<\/h3>\n<\/blockquote>\n<p><strong>FELTRE<\/strong> Prorogato al 15 febbraio il Bando per la selezione di 74 operatori volontari da impegnare nei progetti presentati dall&#8217;Unione Montana Feltrina. Il bando e le relative istruzioni per l\u2019iscrizione online sono visibili: \u00a0dal sito https:\/\/www.feltrino.bl.it\/myportal\/CMF64\/vivere\/serviziocivile\/bandi e\u00a0dalla pagina facebook https:\/\/www.facebook.com\/serviziocivile.bellunese<\/p>\n<p>&nbsp;<\/p>\n<hr \/>\n<blockquote>\n<h3><\/h3>\n<h3><a href=\"https:\/\/www.radiopiu.net\/wordpress\/giornale-radiopiu-23-gennaio-2021-direttore-mirko-mezzacasa\/de-toni_prima-che-arrivi\/\" rel=\"attachment wp-att-186277\"><img loading=\"lazy\" decoding=\"async\" class=\"wp-image-186277 alignleft\" src=\"https:\/\/www.radiopiu.net\/wordpress\/wp-content\/uploads\/2021\/01\/De-Toni_Prima-che-arrivi-183x300.jpg\" alt=\"\" width=\"124\" height=\"203\" srcset=\"https:\/\/www.radiopiu.net\/wordpress\/wp-content\/uploads\/2021\/01\/De-Toni_Prima-che-arrivi-183x300.jpg 183w, https:\/\/www.radiopiu.net\/wordpress\/wp-content\/uploads\/2021\/01\/De-Toni_Prima-che-arrivi.jpg 623w\" sizes=\"auto, (max-width: 124px) 100vw, 124px\" \/><\/a>LE POESIE DI ALICE NELLE LIBRERIE BELLUNESI<\/h3>\n<\/blockquote>\n<p><strong>ALLEGHE<\/strong> Prima che arrivi la bella stagione, \u00e8 il titolo della nuova raccolta di poesie dell&#8217;alleghese Alice De Toni. Impossibile la presentazione in presenza, ma il libro gi\u00e0 si pu\u00f2 trovarlo a Belluno nelle librerie Campedel, Le Due Zitelle, Mondadori Bookstore e Tarantola; Feltre Agor\u00e0 e Pilotto; Rasai di Seren del Grappa libreria Quattro Sass, Alleghe in edicola. E&#8217; possibile acquistare il libro su sito della casa editrice www.edizionidbs.it<\/p>\n<p>&nbsp;<\/p>\n<p>&nbsp;<\/p>\n<p>&nbsp;<\/p>\n<p>&nbsp;<\/p>\n<hr \/>\n<p>&nbsp;<\/p>\n<p>&nbsp;<\/p>\n<blockquote>\n<h1>Training di Biodinamica Craniosacrale<\/h1>\n<\/blockquote>\n<p><em>Un profondo lavoro sul corpo e attraverso il corpo che si trasforma in un<\/em><em>viaggio alla scoperta di se stessi e delle proprie potenzialit\u00e0.\u00a0<\/em><\/p>\n<p><strong>BELLUNO<\/strong> L&#8217;associazione culturale MU APS arriva a Belluno per presentare una tecnica manuale delicata e profonda che sostiene e stimola la capacit\u00e0 di autoguarigione nel corpo. Fa parte delle Discipline del Benessere e Bionaturali, e pu\u00f2 essere intrapreso sia come percorso professionale, sia come percorso di crescita personale. <strong>Per info, sessioni di prova e prenotazioni:Brunella Moro <span style=\"color: #0000ff;\">info@esteticaglamour.it<\/span> 347\/7742512 ISCRIZIONI ENTRO IL 15 MARZO SCONTO 10%<\/strong><\/p>\n<p>&nbsp;<\/p>\n<hr \/>\n<blockquote>\n<h3><\/h3>\n<h3>LETTURE PER BAMBINI IN OCCASIONE DELLA GIORNATA DELLA MEMORIA<\/h3>\n<\/blockquote>\n<p><strong>LIMANA <\/strong>In occasione della Giornata della Memoria 2021 il Comune di Limana, Assessorato alla Cultura, presenta &#8220;<span style=\"color: #000000;\"><b>I<\/b>L VOLO DI SARA<\/span>&#8220;, letture con immagini <u>per bambini dai 9 anni<\/u> in su, con i lettori Carlo Corsini di Maga Camaja e Simone Carnielli dell&#8217;Armadio Delle Storie a Colori. L&#8217;evento sar\u00e0 trasmesso in diretta streaming sulla piattaforma YouTube <span style=\"color: #000000;\">dalle 17 di mercoled\u00ec 27 gennaio<\/span>, e rimarr\u00e0 disponibile e quindi visionabile per le 24 ore successive. Gli utenti interessati a partecipare all&#8217;incontro dalle proprie postazioni dovranno farne richiesta alla Biblioteca di Limana, via telefono allo 0437970868 o via mail a sbogo.limana@valbelluna.bl.it, e solo allora riceveranno il link per assistere alle letture.<\/p>\n<p>&nbsp;<\/p>\n<p>&nbsp;<\/p>\n<hr \/>\n<p>&nbsp;<\/p>\n<blockquote>\n<h3>LA SCUOLA SCI EQUIPE DI FALCADE SI PREPARA PER LA RIAPERTURA DEGLI IMPIANTI ORGANIZZANDO CORSI PER I GIOVANI<\/h3>\n<\/blockquote>\n<p><strong>FALCADE<\/strong> La Scuola Sci Equipe di Falcade sta aspettando con ansia la riapertura degli impianti sciistici e mette le mani avanti organizzando delle settimane bianche per le famiglie nel mese di marzo. Per ragioni di sicurezza legate alla diffusione della pandemia Covid-19 la data di apertura della skiarea \u00e8 posticipata, almeno fino al 15 febbraio. Nel frattempo\u00a0 i programmi delle settimane bianche dedicate alle famiglie e ai bambini. REBELS KIDS WEEK \u00a0dal 1 al 6 marzo e WEEK 4 KIDS dal 14 al 20 marzo. Sono previste interessanti scontistiche per l\u2019 acquisto dello skipass e per l\u2019alloggio presso le strutture aderenti.<\/p>\n<p>&nbsp;<\/p>\n<p>&nbsp;<\/p>\n<hr \/>\n<p>&nbsp;<\/p>\n<blockquote class=\"wp-embedded-content\" data-secret=\"dddxAHFTC6\"><p><a href=\"https:\/\/www.radiopiu.net\/wordpress\/immersi-nellarte-dello-studio-murer-video-incontro-con-silvano-savio\/\">IMMERSI NELL&#8217;ARTE DELLO STUDIO MURER. VIDEO INCONTRO CON SILVANO SAVIO<\/a><\/p><\/blockquote>\n<p><iframe loading=\"lazy\" class=\"wp-embedded-content\" sandbox=\"allow-scripts\" security=\"restricted\" style=\"position: absolute; clip: rect(1px, 1px, 1px, 1px);\" title=\"&#8220;IMMERSI NELL&#8217;ARTE DELLO STUDIO MURER. VIDEO INCONTRO CON SILVANO SAVIO&#8221; &#8212; Radio Pi\u00f9\" src=\"https:\/\/www.radiopiu.net\/wordpress\/immersi-nellarte-dello-studio-murer-video-incontro-con-silvano-savio\/embed\/#?secret=dddxAHFTC6\" data-secret=\"dddxAHFTC6\" width=\"600\" height=\"338\" frameborder=\"0\" marginwidth=\"0\" marginheight=\"0\" scrolling=\"no\"><\/iframe><\/p>\n<p>&nbsp;<\/p>\n<hr \/>\n<p>&nbsp;<\/p>\n<blockquote class=\"wp-embedded-content\" data-secret=\"lPydWvi5yA\"><p><a href=\"https:\/\/www.radiopiu.net\/wordpress\/dagli-archivi-di-tiziano-de-col-lardita-strada-nel-canale-di-agordo\/\">DAGLI ARCHIVI DI TIZIANO DE COL, L&#8217;ARDITA STRADA NEL CANALE DI AGORDO<\/a><\/p><\/blockquote>\n<p><iframe loading=\"lazy\" class=\"wp-embedded-content\" sandbox=\"allow-scripts\" security=\"restricted\" style=\"position: absolute; clip: rect(1px, 1px, 1px, 1px);\" title=\"&#8220;DAGLI ARCHIVI DI TIZIANO DE COL, L&#8217;ARDITA STRADA NEL CANALE DI AGORDO&#8221; &#8212; Radio Pi\u00f9\" src=\"https:\/\/www.radiopiu.net\/wordpress\/dagli-archivi-di-tiziano-de-col-lardita-strada-nel-canale-di-agordo\/embed\/#?secret=lPydWvi5yA\" data-secret=\"lPydWvi5yA\" width=\"600\" height=\"338\" frameborder=\"0\" marginwidth=\"0\" marginheight=\"0\" scrolling=\"no\"><\/iframe><\/p>\n<p>&nbsp;<\/p>\n<hr \/>\n<h2><span style=\"color: #ff0000;\">\u00a0<\/span><\/h2>\n<h2><span style=\"color: #ff0000;\">DILLO A RADIO PIU&#8217;.<\/span><\/h2>\n<p align=\"CENTER\"><span style=\"font-family: Source Sans Pro, serif;\"><span style=\"font-size: small;\"><b>Chiusura Scuole di Cortina per i Campionati del Mondo di Sci Cortina 2021<\/b><\/span><\/span><\/p>\n<p align=\"JUSTIFY\"><span style=\"font-family: Source Sans Pro, serif;\"><span style=\"font-size: small;\"><a href=\"https:\/\/www.radiopiu.net\/wordpress\/giornale-radiopiu-25-gennaio-2021-direttore-mirko-mezzacasa\/images-300\/\" rel=\"attachment wp-att-186701\"><img loading=\"lazy\" decoding=\"async\" class=\"size-full wp-image-186701 alignleft\" src=\"https:\/\/www.radiopiu.net\/wordpress\/wp-content\/uploads\/2021\/01\/images-3.jpg\" alt=\"\" width=\"291\" height=\"173\" \/><\/a>In occasione dei Campionati del Mondo di Sci Cortina 2021, in programma a Cortina dal 7 al 21 febbraio 2021, l\u2019area dove si trovano le scuole sar\u00e0 interessata da un notevole aumento del traffico e dei flussi per ragioni legate allo svolgimento della manifestazione, esigenze che sono rimaste tali anche se la manifestazione si svolger\u00e0 a porte chiuse; nello specifico: <\/span><\/span><span style=\"font-size: small; font-family: 'Source Sans Pro', serif;\">Presso la palestra Revis verranno erogati circa 500 pasti al giorno allo staff e ai volontari coinvolti nella manifestazione <\/span><span style=\"font-size: small; font-family: 'Source Sans Pro', serif;\">Il parcheggio di via dei Campi sar\u00e0 riservato a tutti i lavoratori dell\u2019evento e presso lo stadio Apollonio ci sar\u00e0 il punto di interscambio delle navette per lo staff e i volontari, con il capolinea della linea extraurbana e la partenza delle linee urbane <\/span><span style=\"font-size: small; font-family: 'Source Sans Pro', serif;\">Presso lo stadio Apollonio verranno organizzati i seguenti servizi: al piano terra la consegna delle divise e degli accrediti per tutto lo staff e al piano primo i tamponi per tutta la forza lavoro della manifestazione (personale degli uffici, personale di pista, volontari, ecc.) per un totale di 6.700 tamponi nel periodo 1-21 febbraio, che corrispondono a pi\u00f9 di 300 tamponi al giorno (con picchi di 400) <\/span><span style=\"font-family: Source Sans Pro, serif;\"><span style=\"font-size: small;\">Per tali ragioni, considerate soprattutto le ben note criticit\u00e0 legate al traffico che avvengono normalmente in quella zona sia all\u2019ingresso che all\u2019uscita degli studenti da scuola, e che sarebbero state notevolmente acuite dalla sovrapposizione con la manifestazione, Fondazione Cortina 2021, sentiti i soggetti interessati, e cio\u00e8 i Dirigenti degli Istituti Val Boite e Zardini e il Comune di Cortina, ha suggerito la soluzione della didattica a distanza al fine di minimizzare possibili disagi e criticit\u00e0 per evidenti motivi logistici e di sicurezza. Va inoltre precisato che era da tempo che i soggetti coinvolti stavano dialogando per trovare una soluzione a queste criticit\u00e0 e &#8211; in uno scenario normale \u2013 si era gi\u00e0 deciso che quelle giornate sarebbero state dedicate allo sport con la partecipazione degli studenti alle gare organizzate sulle Tofane. Purtroppo, per\u00f2, per evidenti ragioni legate all\u2019evoluzione della pandemia, questa proposta, che sarebbe stata la pi\u00f9 ragionevole, non \u00e8 chiaramente percorribile. <\/span><\/span><span style=\"font-size: small; font-family: 'Source Sans Pro', serif;\">Si tratta perci\u00f2 di una soluzione concertata finalizzata ad attutire i disagi che ci si augura siano compresi.<\/span><\/p>\n<p>&nbsp;<\/p>\n<hr \/>\n<blockquote>\n<h3>PARROCCHIA DI LIMANA: CHIESE DOCUMENTI DI STORIA E D\u2019ARTE<\/h3>\n<\/blockquote>\n<p><strong>di Renato Bona<\/strong><\/p>\n<p>Lo storico dell\u2019arte e delle arti applicate, prof. Flavio Vizzutti, a conclusione di un\u2019approfondita ricerca ha realizzato nel luglio 2009 (tipolitografia editoria Dbs di Rasai di Seren del Grappa; in copertina: P. Cortellezzi, \u201cNascita di Ges\u00f9\u201d 1958, chiesa arcipretale di Limana) per conto della Parrocchia il libro \u201cLe chiese della Parrocchia di Limana. Documenti di storia e d\u2019arte\u201d con pregevoli referenze fotografiche di Mauro De Santi e le apprezzate collaborazioni di: mons. Pietro Bez, pittore Gilberto Casellato, mons. Ausilio Da Rif, Giorgio Fornasier, dott. Giorgio Giacomazzi, arciprete don Attilio Menia, dott. Anna Maria Sciaramenti e dott. Dina Vignaga. Il libro si apre col: Sentiero Limana \u201cVia Lucis\u201d (Via della Luce) dove, con riferimento alla quarta di copertina nella quale \u00e8 proposta una planimetria religiosa di 14 Chiese a recinto, a corona e protezione dei confini del territorio limanese\u201d, si pu\u00f2 leggere quanto scritto dal parroco don Attilio Menia: \u201c\u2026 Quattordici chiese come altrettanti fari di luce che indicano il cammino, che illuminano il cadenzare dei passi e scortano i piedi stanchi poich\u00e9 la nostra identit\u00e0 \u00e8 il camminare e \u2018Dio si rivela a chi lo cerca\u2019 (Pascal). Chiese, \u2018Vangelo\u2019 di pietra e di colori, segni distinti dell\u2019arte che restano pur sempre intrisi di fede e di mistero. Chiese che raccontano e raccolgono la storia di una speranza, alle volte delusa, ma ancor pi\u00f9 una speranza tenace\u201d. Ancora: \u201cIn quei quattordici gusci di robuste pietre intonacate \u00e8 custodita la Luce, che offre una preziosa chiave di lettura della vita e della spiritualit\u00e0 del popolo e che pu\u00f2 rinnovare anche oggi il senso di antica dignit\u00e0\u201d. Segue l\u2019interrogativo: \u201cPerch\u00e9 compilare un libro sulle chiede di Limana dopo tanti articoli e studi e bollettini gi\u00e0 apparsi negli ultimi decenni?\u201d. La risposta: \u201cLo scopo non \u00e8 aggiungere chissacch\u00e9, quanto offrire una visione globale e specificatamente religiosa sul piano storico-artistico e paesaggistico, uno sguardo a ci\u00f2 che fu e che ancora c\u2019\u00e8. A ci\u00f2 che fu e che non c\u2019\u00e8 pi\u00f9, con una proposta di vita per il presente e di progetto per il futuro\u201d. Dunque: \u201cL\u2019impegno di queste pagine \u00e8 la \u2018Memoria\u2019. Per non essere sospesi nell\u2019aria. Senza terra sotto i piedi e per indicare al domani la direzione, dopo aver volto lo sguardo alle origini\u201d. In presentazione don Pietro Bez ricorda che \u201cSono ben 14 le chiese disseminate sul territorio della parrocchia, ed altrettante sono, purtroppo, quelle scomparse. Peccato! Comunque sono anche queste ricordate nel libro. L\u2019impegno dei parroci ed in particolare ultimamente dell\u2019arciprete don Attilio Menia Cadore, le ha sottratte con oculati restauri all\u2019usura del tempo ed oggi con i loro campanili anch\u2019essi restaurati dono come girasoli emergenti sugli abitati per invitare residenti, turisti e passanti occasionali a guardare in alto, verso quel Sole che mai tramonter\u00e0: Ges\u00f9 Cristo per cui noi ci diciamo e siamo cristiani\u201d. Don Bez specifica quindi che le chiese limanesi \u201csono tutte intitolate ad un santo per essere il patrono sia della grande famiglia parrocchiale come di ogni piccola comunit\u00e0 frazionale\u201d: Questi i santi titolari: Giustina, Valentino, Barbara, Beata Vergine Maria Par\u00e8 (Madre di Dio), Pietro e Paolo, Michele arcangelo, Martino, Filippo e Giacomo, Antonio di Padova, Biagio, Bartolomeo, Zenone, Vittore e Corona, Lucia, Antonio abate, Giovanni Battista. Viene poi sottolineato il fatto che: \u201cAlla riconosciuta competenza in materia, il prof. Vizzutti unisce una particolare sensibilit\u00e0 religiosa che traspare dalle frequenti considerazioni di ordine teologico, liturgico e pastorale che danno al libro il carattere di una autentica \u2018catechesi\u2019 com\u2019era del resto nell\u2019intento degli autori delle opere descritte: essere visivamente una Biblia pauperum. Contemplando questi dipinti anche chi non sapeva leggere e poteva conoscere vita ed opere del proprio santo patrono. Gliene siamo sinceramente grati\u201d. In conclusione Bez dice del libro di Vizzutti: \u201cE\u2019 un\u2019opera che a Limana mancava. Ora ce l\u2019abbiamo. Sia messa in mano anche alle pi\u00f9 giovani generazioni perch\u00e9 conservino gelosamente questo ricco patrimonio, se ne nutrano e prolunghino nel tempo il messaggio cristiano di salvezza a cui ogni essere umano, consapevolmente o meno, aspira\u201d. Mentre per quelle esistenti proponiamo pi\u00f9 sotto varie immagini, ecco l\u2019elenco delle chiese di Limana purtroppo scomparse: chiesa di san Mamante de Busche di Navasa; chiesa di san Giorgio di Cesa; oratorio della conversione di san Paolo di Col di Mezzo; oratorio della Santissima Trinit\u00e0 (poi detto di san Lazzaro) a Col di Navasa (oggi Coi di Navasa); chiesa di sant\u2019Andrea di Dussoi; chiesa di san Paolo di Sotto (\u201cRotto\u201d) di Dussoi; chiesa di san Silvestro di Dussoi; oratorio della B.V. del Carmine (o di sant\u2019Antonio) a Giaon; chiesa di san Nicol\u00f2 di Mane; chiesa dell\u2019Assunzione della B.V. Maria di Praloran; chiesa di san Pietro in Tuba; oratorio di san Carlo Borromeo di Castes; oratorio di santa Margherita di Villa.<\/p>\n\n\t\t\t<style type='text\/css'>\n\t\t\t\t#gallery-10 {\n\t\t\t\t\tmargin: auto;\n\t\t\t\t}\n\t\t\t\t#gallery-10 .gallery-item {\n\t\t\t\t\tfloat: left;\n\t\t\t\t\tmargin-top: 10px;\n\t\t\t\t\ttext-align: center;\n\t\t\t\t\twidth: 20%;\n\t\t\t\t}\n\t\t\t\t#gallery-10 img {\n\t\t\t\t\tborder: 2px solid #cfcfcf;\n\t\t\t\t}\n\t\t\t\t#gallery-10 .gallery-caption {\n\t\t\t\t\tmargin-left: 0;\n\t\t\t\t}\n\t\t\t\t\/* see gallery_shortcode() in wp-includes\/media.php *\/\n\t\t\t<\/style>\n\t\t<div id='gallery-10' class='dt-gallery-container gallery galleryid-186546 gallery-columns-5 gallery-size-thumbnail'><dl class='gallery-item'>\n\t\t\t\t<dt class='gallery-icon portrait'>\n\t\t\t\t\t<a class=\"rollover rollover-zoom dt-pswp-item\" title=\"142074344_113796290575369_472730735226845519_n\" data-dt-img-description=\"\" data-large_image_width=\"2019\" data-large_image_height=\"2560\"href='https:\/\/www.radiopiu.net\/wordpress\/wp-content\/uploads\/2021\/01\/142074344_113796290575369_472730735226845519_n-scaled.jpg'><img loading=\"lazy\" decoding=\"async\" width=\"150\" height=\"150\" src=\"https:\/\/www.radiopiu.net\/wordpress\/wp-content\/uploads\/2021\/01\/142074344_113796290575369_472730735226845519_n-150x150.jpg\" class=\"attachment-thumbnail size-thumbnail\" alt=\"\" \/><\/a>\n\t\t\t\t<\/dt><\/dl><dl class='gallery-item'>\n\t\t\t\t<dt class='gallery-icon portrait'>\n\t\t\t\t\t<a class=\"rollover rollover-zoom dt-pswp-item\" title=\"142678011_117855023545798_4281736726561902896_n\" data-dt-img-description=\"\" data-large_image_width=\"1610\" data-large_image_height=\"2560\"href='https:\/\/www.radiopiu.net\/wordpress\/wp-content\/uploads\/2021\/01\/142678011_117855023545798_4281736726561902896_n-scaled.jpg'><img loading=\"lazy\" decoding=\"async\" width=\"150\" height=\"150\" src=\"https:\/\/www.radiopiu.net\/wordpress\/wp-content\/uploads\/2021\/01\/142678011_117855023545798_4281736726561902896_n-150x150.jpg\" class=\"attachment-thumbnail size-thumbnail\" alt=\"\" \/><\/a>\n\t\t\t\t<\/dt><\/dl><dl class='gallery-item'>\n\t\t\t\t<dt class='gallery-icon portrait'>\n\t\t\t\t\t<a class=\"rollover rollover-zoom dt-pswp-item\" title=\"142719136_122506479727074_767347015131039516_n\" data-dt-img-description=\"\" data-large_image_width=\"2135\" data-large_image_height=\"2560\"href='https:\/\/www.radiopiu.net\/wordpress\/wp-content\/uploads\/2021\/01\/142719136_122506479727074_767347015131039516_n-scaled.jpg'><img loading=\"lazy\" decoding=\"async\" width=\"150\" height=\"150\" src=\"https:\/\/www.radiopiu.net\/wordpress\/wp-content\/uploads\/2021\/01\/142719136_122506479727074_767347015131039516_n-150x150.jpg\" class=\"attachment-thumbnail size-thumbnail\" alt=\"\" \/><\/a>\n\t\t\t\t<\/dt><\/dl><dl class='gallery-item'>\n\t\t\t\t<dt class='gallery-icon portrait'>\n\t\t\t\t\t<a class=\"rollover rollover-zoom dt-pswp-item\" title=\"142419837_144918897441916_9012175828111722726_n\" data-dt-img-description=\"\" data-large_image_width=\"1856\" data-large_image_height=\"2560\"href='https:\/\/www.radiopiu.net\/wordpress\/wp-content\/uploads\/2021\/01\/142419837_144918897441916_9012175828111722726_n-scaled.jpg'><img loading=\"lazy\" decoding=\"async\" width=\"150\" height=\"150\" src=\"https:\/\/www.radiopiu.net\/wordpress\/wp-content\/uploads\/2021\/01\/142419837_144918897441916_9012175828111722726_n-150x150.jpg\" class=\"attachment-thumbnail size-thumbnail\" alt=\"\" \/><\/a>\n\t\t\t\t<\/dt><\/dl><dl class='gallery-item'>\n\t\t\t\t<dt class='gallery-icon portrait'>\n\t\t\t\t\t<a class=\"rollover rollover-zoom dt-pswp-item\" title=\"142639200_157258322867096_9110465903359870762_n\" data-dt-img-description=\"\" data-large_image_width=\"1955\" data-large_image_height=\"2560\"href='https:\/\/www.radiopiu.net\/wordpress\/wp-content\/uploads\/2021\/01\/142639200_157258322867096_9110465903359870762_n-scaled.jpg'><img loading=\"lazy\" decoding=\"async\" width=\"150\" height=\"150\" src=\"https:\/\/www.radiopiu.net\/wordpress\/wp-content\/uploads\/2021\/01\/142639200_157258322867096_9110465903359870762_n-150x150.jpg\" class=\"attachment-thumbnail size-thumbnail\" alt=\"\" \/><\/a>\n\t\t\t\t<\/dt><\/dl><br style=\"clear: both\" \/><dl class='gallery-item'>\n\t\t\t\t<dt class='gallery-icon portrait'>\n\t\t\t\t\t<a class=\"rollover rollover-zoom dt-pswp-item\" title=\"142077718_234603981532308_1412268804852823602_n\" data-dt-img-description=\"\" data-large_image_width=\"1881\" data-large_image_height=\"2560\"href='https:\/\/www.radiopiu.net\/wordpress\/wp-content\/uploads\/2021\/01\/142077718_234603981532308_1412268804852823602_n-scaled.jpg'><img loading=\"lazy\" decoding=\"async\" width=\"150\" height=\"150\" src=\"https:\/\/www.radiopiu.net\/wordpress\/wp-content\/uploads\/2021\/01\/142077718_234603981532308_1412268804852823602_n-150x150.jpg\" class=\"attachment-thumbnail size-thumbnail\" alt=\"\" \/><\/a>\n\t\t\t\t<\/dt><\/dl><dl class='gallery-item'>\n\t\t\t\t<dt class='gallery-icon landscape'>\n\t\t\t\t\t<a class=\"rollover rollover-zoom dt-pswp-item\" title=\"142408555_238494231135667_4708515069587267191_n\" data-dt-img-description=\"\" data-large_image_width=\"2560\" data-large_image_height=\"1763\"href='https:\/\/www.radiopiu.net\/wordpress\/wp-content\/uploads\/2021\/01\/142408555_238494231135667_4708515069587267191_n-scaled.jpg'><img loading=\"lazy\" decoding=\"async\" width=\"150\" height=\"150\" src=\"https:\/\/www.radiopiu.net\/wordpress\/wp-content\/uploads\/2021\/01\/142408555_238494231135667_4708515069587267191_n-150x150.jpg\" class=\"attachment-thumbnail size-thumbnail\" alt=\"\" \/><\/a>\n\t\t\t\t<\/dt><\/dl><dl class='gallery-item'>\n\t\t\t\t<dt class='gallery-icon portrait'>\n\t\t\t\t\t<a class=\"rollover rollover-zoom dt-pswp-item\" title=\"142083581_3705068942909476_4952006859238360560_n\" data-dt-img-description=\"\" data-large_image_width=\"1631\" data-large_image_height=\"2560\"href='https:\/\/www.radiopiu.net\/wordpress\/wp-content\/uploads\/2021\/01\/142083581_3705068942909476_4952006859238360560_n-scaled.jpg'><img loading=\"lazy\" decoding=\"async\" width=\"150\" height=\"150\" src=\"https:\/\/www.radiopiu.net\/wordpress\/wp-content\/uploads\/2021\/01\/142083581_3705068942909476_4952006859238360560_n-150x150.jpg\" class=\"attachment-thumbnail size-thumbnail\" alt=\"\" \/><\/a>\n\t\t\t\t<\/dt><\/dl><dl class='gallery-item'>\n\t\t\t\t<dt class='gallery-icon portrait'>\n\t\t\t\t\t<a class=\"rollover rollover-zoom dt-pswp-item\" title=\"142160555_440597050388160_1132707461482889706_n\" data-dt-img-description=\"\" data-large_image_width=\"1432\" data-large_image_height=\"2560\"href='https:\/\/www.radiopiu.net\/wordpress\/wp-content\/uploads\/2021\/01\/142160555_440597050388160_1132707461482889706_n-scaled.jpg'><img loading=\"lazy\" decoding=\"async\" width=\"150\" height=\"150\" src=\"https:\/\/www.radiopiu.net\/wordpress\/wp-content\/uploads\/2021\/01\/142160555_440597050388160_1132707461482889706_n-150x150.jpg\" class=\"attachment-thumbnail size-thumbnail\" alt=\"\" \/><\/a>\n\t\t\t\t<\/dt><\/dl><dl class='gallery-item'>\n\t\t\t\t<dt class='gallery-icon landscape'>\n\t\t\t\t\t<a class=\"rollover rollover-zoom dt-pswp-item\" title=\"142090200_452075009154165_5976555823697792982_n\" data-dt-img-description=\"\" data-large_image_width=\"2560\" data-large_image_height=\"2393\"href='https:\/\/www.radiopiu.net\/wordpress\/wp-content\/uploads\/2021\/01\/142090200_452075009154165_5976555823697792982_n-scaled.jpg'><img loading=\"lazy\" decoding=\"async\" width=\"150\" height=\"150\" src=\"https:\/\/www.radiopiu.net\/wordpress\/wp-content\/uploads\/2021\/01\/142090200_452075009154165_5976555823697792982_n-150x150.jpg\" class=\"attachment-thumbnail size-thumbnail\" alt=\"\" \/><\/a>\n\t\t\t\t<\/dt><\/dl><br style=\"clear: both\" \/><dl class='gallery-item'>\n\t\t\t\t<dt class='gallery-icon portrait'>\n\t\t\t\t\t<a class=\"rollover rollover-zoom dt-pswp-item\" title=\"142295752_755571638646463_7330784709315232039_n\" data-dt-img-description=\"\" data-large_image_width=\"2039\" data-large_image_height=\"2560\"href='https:\/\/www.radiopiu.net\/wordpress\/wp-content\/uploads\/2021\/01\/142295752_755571638646463_7330784709315232039_n-scaled.jpg'><img loading=\"lazy\" decoding=\"async\" width=\"150\" height=\"150\" src=\"https:\/\/www.radiopiu.net\/wordpress\/wp-content\/uploads\/2021\/01\/142295752_755571638646463_7330784709315232039_n-150x150.jpg\" class=\"attachment-thumbnail size-thumbnail\" alt=\"\" \/><\/a>\n\t\t\t\t<\/dt><\/dl><dl class='gallery-item'>\n\t\t\t\t<dt class='gallery-icon portrait'>\n\t\t\t\t\t<a class=\"rollover rollover-zoom dt-pswp-item\" title=\"142100580_880099225864563_2859186424786482940_n\" data-dt-img-description=\"\" data-large_image_width=\"2455\" data-large_image_height=\"2560\"href='https:\/\/www.radiopiu.net\/wordpress\/wp-content\/uploads\/2021\/01\/142100580_880099225864563_2859186424786482940_n-scaled.jpg'><img loading=\"lazy\" decoding=\"async\" width=\"150\" height=\"150\" src=\"https:\/\/www.radiopiu.net\/wordpress\/wp-content\/uploads\/2021\/01\/142100580_880099225864563_2859186424786482940_n-150x150.jpg\" class=\"attachment-thumbnail size-thumbnail\" alt=\"\" \/><\/a>\n\t\t\t\t<\/dt><\/dl><dl class='gallery-item'>\n\t\t\t\t<dt class='gallery-icon portrait'>\n\t\t\t\t\t<a class=\"rollover rollover-zoom dt-pswp-item\" title=\"142668110_903556160483886_1451106440870985189_n\" data-dt-img-description=\"\" data-large_image_width=\"1950\" data-large_image_height=\"2560\"href='https:\/\/www.radiopiu.net\/wordpress\/wp-content\/uploads\/2021\/01\/142668110_903556160483886_1451106440870985189_n-scaled.jpg'><img loading=\"lazy\" decoding=\"async\" width=\"150\" height=\"150\" src=\"https:\/\/www.radiopiu.net\/wordpress\/wp-content\/uploads\/2021\/01\/142668110_903556160483886_1451106440870985189_n-150x150.jpg\" class=\"attachment-thumbnail size-thumbnail\" alt=\"\" \/><\/a>\n\t\t\t\t<\/dt><\/dl><dl class='gallery-item'>\n\t\t\t\t<dt class='gallery-icon portrait'>\n\t\t\t\t\t<a class=\"rollover rollover-zoom dt-pswp-item\" title=\"142273745_909567819870566_943850476602169779_n\" data-dt-img-description=\"\" data-large_image_width=\"1971\" data-large_image_height=\"2560\"href='https:\/\/www.radiopiu.net\/wordpress\/wp-content\/uploads\/2021\/01\/142273745_909567819870566_943850476602169779_n-scaled.jpg'><img loading=\"lazy\" decoding=\"async\" width=\"150\" height=\"150\" src=\"https:\/\/www.radiopiu.net\/wordpress\/wp-content\/uploads\/2021\/01\/142273745_909567819870566_943850476602169779_n-150x150.jpg\" class=\"attachment-thumbnail size-thumbnail\" alt=\"\" \/><\/a>\n\t\t\t\t<\/dt><\/dl><dl class='gallery-item'>\n\t\t\t\t<dt class='gallery-icon landscape'>\n\t\t\t\t\t<a class=\"rollover rollover-zoom dt-pswp-item\" title=\"142090200_940511303020379_5632341046780657964_n\" data-dt-img-description=\"\" data-large_image_width=\"2560\" data-large_image_height=\"1796\"href='https:\/\/www.radiopiu.net\/wordpress\/wp-content\/uploads\/2021\/01\/142090200_940511303020379_5632341046780657964_n-scaled.jpg'><img loading=\"lazy\" decoding=\"async\" width=\"150\" height=\"150\" src=\"https:\/\/www.radiopiu.net\/wordpress\/wp-content\/uploads\/2021\/01\/142090200_940511303020379_5632341046780657964_n-150x150.jpg\" class=\"attachment-thumbnail size-thumbnail\" alt=\"\" \/><\/a>\n\t\t\t\t<\/dt><\/dl><br style=\"clear: both\" \/>\n\t\t\t<\/div>\n\n<p>NELLE FOTO (riproduzioni dal libro \u201cLe Chiese della Parrocchia di Limana\u201d del prof. Flavio Vizzutti): Vergine con Bimbo e i santi di Nicol\u00f2 de Barpi, arcipretale; \u201cCrocifissione\u201d, di Pietro Cortellezzi, arcipretale; \u201cVergine e Bimbo tra i santi Vittore e Corona\u201d, di Francesco Frigimelica il Vecchio, chiesa di Polentes; \u201csan Bartolomeo\u201d, di anonimo, chiesa di Triches; particolare di \u201cUltima cena\u201d, di Giovanni da Mel, chiesa di Par\u00e8; \u201cGloria della Vergine\u201d di Girolamo Moech, pure chiesa di Par\u00e8; interno della chiesa di santa Barbara di Pieve (antica pievanale di santa Giustina); arcipretale di santa Giustina di Limana; interno della chiesa di santa Lucia di Centore; visione della chiesa di san Bartolomeo di Triches, nel disegno (1877) di Osvaldo Monti (conservato al Museo civico di Belluno); la moderna chiesa dei santi Vittore e Corona di Polentes; Ricomes: pala d\u2019altare con \u201cMadonna con Bimbo tra i santi Antonio abate e Francesco\u201d di anonimo; \u201cSan Giovanni Battista\u201d di Luigi Vardanega, nella chiesa di Valtibolla a lui intitolata.<\/p>\n<p>&nbsp;<\/p>\n<p>&nbsp;<\/p>\n<hr \/>\n<p>&nbsp;<\/p>\n<blockquote>\n<h2>RITORNA AI MICROFONI DI RADIO PIU&#8217; FRANCESCO ZILLIO<\/h2>\n<\/blockquote>\n<p><iframe loading=\"lazy\" title=\"EPCENTER PUNTA  01 -2021 SISTEMI DI RICARICA DELLE AUTO ELETTRICHE-CONNESSIONE IMPIANTI ESISTENTI\" width=\"1200\" height=\"675\" src=\"https:\/\/www.youtube.com\/embed\/5bVnKkY0gjk?feature=oembed\" frameborder=\"0\" allow=\"accelerometer; autoplay; clipboard-write; encrypted-media; gyroscope; picture-in-picture\" allowfullscreen><\/iframe><\/p>\n<p><strong>LA VIDEO GALLERY\u00a0<\/strong><\/p>\n<blockquote class=\"wp-embedded-content\" data-secret=\"p1WkiIlU9s\"><p><a href=\"https:\/\/www.radiopiu.net\/wordpress\/ep-center-video-gallery\/\">EP CENTER video gallery<\/a><\/p><\/blockquote>\n<p><iframe loading=\"lazy\" class=\"wp-embedded-content\" sandbox=\"allow-scripts\" security=\"restricted\" style=\"position: absolute; clip: rect(1px, 1px, 1px, 1px);\" title=\"&#8220;EP CENTER video gallery&#8221; &#8212; Radio Pi\u00f9\" src=\"https:\/\/www.radiopiu.net\/wordpress\/ep-center-video-gallery\/embed\/#?secret=p1WkiIlU9s\" data-secret=\"p1WkiIlU9s\" width=\"600\" height=\"338\" frameborder=\"0\" marginwidth=\"0\" marginheight=\"0\" scrolling=\"no\"><\/iframe><\/p>\n<p>&nbsp;<\/p>\n<hr \/>\n<p>&nbsp;<\/p>\n<h2><span style=\"color: #800080;\">SANPA! LO SPECIALE DI RADIO PIU&#8217;<\/span><\/h2>\n<h3><a href=\"https:\/\/www.radiopiu.net\/wordpress\/sanpa-lo-speciale-di-radio-piu\/sanpa\/\" rel=\"attachment wp-att-185818\"><img loading=\"lazy\" decoding=\"async\" class=\"size-medium wp-image-185818 alignleft\" src=\"https:\/\/www.radiopiu.net\/wordpress\/wp-content\/uploads\/2021\/01\/SANPA-300x233.png\" alt=\"\" width=\"300\" height=\"233\" srcset=\"https:\/\/www.radiopiu.net\/wordpress\/wp-content\/uploads\/2021\/01\/SANPA-300x233.png 300w, https:\/\/www.radiopiu.net\/wordpress\/wp-content\/uploads\/2021\/01\/SANPA-1024x797.png 1024w, https:\/\/www.radiopiu.net\/wordpress\/wp-content\/uploads\/2021\/01\/SANPA-768x598.png 768w, https:\/\/www.radiopiu.net\/wordpress\/wp-content\/uploads\/2021\/01\/SANPA-1536x1195.png 1536w, https:\/\/www.radiopiu.net\/wordpress\/wp-content\/uploads\/2021\/01\/SANPA.png 1586w\" sizes=\"auto, (max-width: 300px) 100vw, 300px\" \/><\/a>San Patrignano e Vincenzo Muccioli, la storia dell\u2019Italia anni Ottanta nel pieno dell\u2019emergenza droga.<\/h3>\n<h3>di Luisa Alchini<\/h3>\n<p><em>SANPA &#8211; Luci e tenebre di San Patrignano \u00e8 una serie televisiva documentaristica originale realizzata da Netflix, prodotta e sviluppata da Gianluca Neri, scritta da Carlo Gabardini, Gianluca Neri e Paolo Bernardelli con la regia di Cosima Spender. Attraverso testimonianze e immagini di repertorio, la docu-serie in 5 episodi racconta la controversa storia della comunit\u00e0 di recupero di San Patrignano fondata da Vincenzo Muccioli nel 1978, a Coriano, in provincia di Rimini.\u00a0<\/em><\/p>\n<audio class=\"wp-audio-shortcode\" id=\"audio-186546-5\" preload=\"none\" style=\"width: 100%;\" controls=\"controls\"><source type=\"audio\/mpeg\" src=\"https:\/\/www.radiopiu.net\/wordpress\/wp-content\/uploads\/2021\/01\/speciale-SANPA2.mp3?_=5\" \/><a href=\"https:\/\/www.radiopiu.net\/wordpress\/wp-content\/uploads\/2021\/01\/speciale-SANPA2.mp3\">https:\/\/www.radiopiu.net\/wordpress\/wp-content\/uploads\/2021\/01\/speciale-SANPA2.mp3<\/a><\/audio>\n<p>&nbsp;<\/p>\n<hr \/>\n<p>&nbsp;<\/p>\n<blockquote class=\"wp-embedded-content\" data-secret=\"YfImj1p88H\"><p><a href=\"https:\/\/www.radiopiu.net\/wordpress\/conosciamo-la-corale-di-limana-con-le-interviste-di-silvia-baldo\/\">CONOSCIAMO LA CORALE DI LIMANA CON LE INTERVISTE DI SILVIA BALDO<\/a><\/p><\/blockquote>\n<p><iframe loading=\"lazy\" class=\"wp-embedded-content\" sandbox=\"allow-scripts\" security=\"restricted\" style=\"position: absolute; clip: rect(1px, 1px, 1px, 1px);\" title=\"&#8220;CONOSCIAMO LA CORALE DI LIMANA CON LE INTERVISTE DI SILVIA BALDO&#8221; &#8212; Radio Pi\u00f9\" src=\"https:\/\/www.radiopiu.net\/wordpress\/conosciamo-la-corale-di-limana-con-le-interviste-di-silvia-baldo\/embed\/#?secret=YfImj1p88H\" data-secret=\"YfImj1p88H\" width=\"600\" height=\"338\" frameborder=\"0\" marginwidth=\"0\" marginheight=\"0\" scrolling=\"no\"><\/iframe><\/p>\n<p>&nbsp;<\/p>\n<p>&nbsp;<\/p>\n<hr \/>\n<div dir=\"auto\">\n<blockquote>\n<h2><\/h2>\n<h2>FANTASTICHE DOLOMITI, NUOVA STAGIONE. APPUNTAMENTO QUINDICINALE IL GIOVEDI ALLE 10.30 E 19.00<\/h2>\n<\/blockquote>\n<h1>LA RACCOLTA COMPLETA<\/h1>\n<blockquote class=\"wp-embedded-content\" data-secret=\"xpUlGZ7eOy\"><p><a href=\"https:\/\/www.radiopiu.net\/wordpress\/https-wp-me-p63lo7-gyg\/\">FANTASTICHE DOLOMITI 7^ PUNTATA: IL QUINDICINALE APPUNTAMENTO ALLA RADIO<\/a><\/p><\/blockquote>\n<p><iframe loading=\"lazy\" class=\"wp-embedded-content\" sandbox=\"allow-scripts\" security=\"restricted\" style=\"position: absolute; clip: rect(1px, 1px, 1px, 1px);\" title=\"&#8220;FANTASTICHE DOLOMITI 7^ PUNTATA: IL QUINDICINALE APPUNTAMENTO ALLA RADIO&#8221; &#8212; Radio Pi\u00f9\" src=\"https:\/\/www.radiopiu.net\/wordpress\/https-wp-me-p63lo7-gyg\/embed\/#?secret=xpUlGZ7eOy\" data-secret=\"xpUlGZ7eOy\" width=\"600\" height=\"338\" frameborder=\"0\" marginwidth=\"0\" marginheight=\"0\" scrolling=\"no\"><\/iframe><\/p>\n<div class=\"mw-parser-output\">\n<p>&nbsp;<\/p>\n<\/div>\n<p>&nbsp;<\/p>\n<p>&nbsp;<\/p>\n<hr \/>\n<blockquote>\n<h2><\/h2>\n<h2>SALUTE E SOCIETA&#8217; IL LUNEDI ALLE 13.10 E ALLE 20.10, LA DOMENICA ALLE 10.30 A CURA DEL DOTTOR MARCO CARACCIOLO. QUINTA STAGIONE<\/h2>\n<\/blockquote>\n<p><strong><span style=\"color: #ff0000;\">LA PUNTATA DELLA SETTIMANA\u00a0<\/span><\/strong><\/p>\n<p>L\u2019obesit\u00e0 e il sovrappeso riguardano 25 milioni di italiani, il 46,1% della popolazione adulta. Per fornire una serie di informazioni realmente corrette e accreditate, ma al tempo stesso di facile comprensione, rispetto alle cause del problema, e ai possibili trattamenti e ai comportamenti da assumere, \u00e8 nato il portale \u201cLa verit\u00e0 sul peso\u201d, nuovo spazio virtuale di Novo Nordisk con notizie, articoli di approfondimento, suggerimenti e consigli proposti da un board scientifico scelto con rigore e qualit\u00e0. Michele Sculati, Medico specialista in scienza dell\u2019alimentazione Giovanna Muscogiuri, Medico chirurgo specializzato in endocrinologia e malattie del metabolismo<\/p>\n<audio class=\"wp-audio-shortcode\" id=\"audio-186546-6\" preload=\"none\" style=\"width: 100%;\" controls=\"controls\"><source type=\"audio\/mpeg\" src=\"https:\/\/www.radiopiu.net\/wordpress\/wp-content\/uploads\/2021\/01\/SALUTE-1.mp3?_=6\" \/><a href=\"https:\/\/www.radiopiu.net\/wordpress\/wp-content\/uploads\/2021\/01\/SALUTE-1.mp3\">https:\/\/www.radiopiu.net\/wordpress\/wp-content\/uploads\/2021\/01\/SALUTE-1.mp3<\/a><\/audio>\n<p>&nbsp;<\/p>\n<h3>LA RACCOLTA COMPLETA<\/h3>\n<blockquote class=\"wp-embedded-content\" data-secret=\"zIjVHrluSQ\"><p><a href=\"https:\/\/www.radiopiu.net\/wordpress\/saluteesocieta\/\">Salute e Societ\u00e0<\/a><\/p><\/blockquote>\n<p><iframe loading=\"lazy\" class=\"wp-embedded-content\" sandbox=\"allow-scripts\" security=\"restricted\" style=\"position: absolute; clip: rect(1px, 1px, 1px, 1px);\" title=\"&#8220;Salute e Societ\u00e0&#8221; &#8212; Radio Pi\u00f9\" src=\"https:\/\/www.radiopiu.net\/wordpress\/saluteesocieta\/embed\/#?secret=zIjVHrluSQ\" data-secret=\"zIjVHrluSQ\" width=\"600\" height=\"338\" frameborder=\"0\" marginwidth=\"0\" marginheight=\"0\" scrolling=\"no\"><\/iframe><\/p>\n<hr \/>\n<h2><\/h2>\n<h2><span style=\"color: #ff0000;\"><a href=\"https:\/\/www.radiopiu.net\/wordpress\/giornale-radiopiu-05-gennaio-2021-direttore-mirko-mezzacasa\/133200401_100838761953611_1258544160541445132_o-2\/\" rel=\"attachment wp-att-183078\"><img loading=\"lazy\" decoding=\"async\" class=\" wp-image-183078 alignleft\" src=\"https:\/\/www.radiopiu.net\/wordpress\/wp-content\/uploads\/2021\/01\/133200401_100838761953611_1258544160541445132_o-1-300x157.jpg\" alt=\"\" width=\"192\" height=\"101\" srcset=\"https:\/\/www.radiopiu.net\/wordpress\/wp-content\/uploads\/2021\/01\/133200401_100838761953611_1258544160541445132_o-1-300x157.jpg 300w, https:\/\/www.radiopiu.net\/wordpress\/wp-content\/uploads\/2021\/01\/133200401_100838761953611_1258544160541445132_o-1.jpg 526w\" sizes=\"auto, (max-width: 192px) 100vw, 192px\" \/><\/a>GOCCE DI FILOSOFIA, CON CHIARA CAU, CON LISA DE LUCA. <\/span><\/h2>\n<h2><\/h2>\n<h2><span style=\"color: #ff0000;\">TUTTI I GIORNI DAL LUNEDI AL VENERDI ALLE 6.55 E ALLE 18.55<\/span><\/h2>\n<p>&nbsp;<\/p>\n<h3>LA RACCOLTA COMPLETA<\/h3>\n<blockquote class=\"wp-embedded-content\" data-secret=\"qWgpRCHs07\"><p><a href=\"https:\/\/www.radiopiu.net\/wordpress\/gocce-filosofia\/\">Gocce di filosofia<\/a><\/p><\/blockquote>\n<p><iframe loading=\"lazy\" class=\"wp-embedded-content\" sandbox=\"allow-scripts\" security=\"restricted\" style=\"position: absolute; clip: rect(1px, 1px, 1px, 1px);\" title=\"&#8220;Gocce di filosofia&#8221; &#8212; Radio Pi\u00f9\" src=\"https:\/\/www.radiopiu.net\/wordpress\/gocce-filosofia\/embed\/#?secret=qWgpRCHs07\" data-secret=\"qWgpRCHs07\" width=\"600\" height=\"338\" frameborder=\"0\" marginwidth=\"0\" marginheight=\"0\" scrolling=\"no\"><\/iframe><\/p>\n<p>&nbsp;<\/p>\n<hr \/>\n<p>&nbsp;<\/p>\n<div class=\"im_message_wrap clearfix\">\n<div class=\"im_content_message_wrap im_message_out\">\n<h2><span style=\"color: #ff0000;\">IERI ALLA RADIO\u00a0 IN VIVO VERSO 2020-21<\/span><\/h2>\n<p><strong><span style=\"color: #0000ff;\">IN ONDA DAL LUNEDI AL VENERDI ALLE 7.10, 10.10, 18.50\u00a0<\/span><\/strong><\/p>\n<p><strong><span style=\"font-family: Verdana, sans-serif;\"><span style=\"font-size: medium;\">LA RACCOLTA COMPLETA, TUTTE LE COLLEZIONI<\/span><\/span><\/strong><\/p>\n<blockquote class=\"wp-embedded-content\" data-secret=\"Cjm1wznQIH\"><p><a href=\"https:\/\/www.radiopiu.net\/wordpress\/in-vivo-verso\/\">In Vivo Verso<\/a><\/p><\/blockquote>\n<p><iframe loading=\"lazy\" class=\"wp-embedded-content\" sandbox=\"allow-scripts\" security=\"restricted\" style=\"position: absolute; clip: rect(1px, 1px, 1px, 1px);\" title=\"&#8220;In Vivo Verso&#8221; &#8212; Radio Pi\u00f9\" src=\"https:\/\/www.radiopiu.net\/wordpress\/in-vivo-verso\/embed\/#?secret=Cjm1wznQIH\" data-secret=\"Cjm1wznQIH\" width=\"600\" height=\"338\" frameborder=\"0\" marginwidth=\"0\" marginheight=\"0\" scrolling=\"no\"><\/iframe><\/p>\n<p>&nbsp;<\/p>\n<\/div>\n<\/div>\n<hr \/>\n<p>&nbsp;<\/p>\n<h2>007 IN CONDOTTA CON LA PROF. MARIA ROSA SALMAZO IL LUNEDI ALLE 10,30 E ALLE 19.00 LA DOMENICA ALLE 8 DEL MATTINO. NONA STAGIONE<\/h2>\n<p><span style=\"color: #ff0000;\"><strong><a href=\"https:\/\/www.radiopiu.net\/wordpress\/colori-chiusure-ragazzi\/temperature-check-up-schoolchildren-passing-temperature-control-while-entering-school_259150-2437\/\" rel=\"attachment wp-att-185427\"><img loading=\"lazy\" decoding=\"async\" class=\"wp-image-185427 alignleft\" src=\"https:\/\/www.radiopiu.net\/wordpress\/wp-content\/uploads\/2021\/01\/temperature-check-up-schoolchildren-passing-temperature-control-while-entering-school_259150-2437-300x200.jpg\" alt=\"\" width=\"189\" height=\"126\" srcset=\"https:\/\/www.radiopiu.net\/wordpress\/wp-content\/uploads\/2021\/01\/temperature-check-up-schoolchildren-passing-temperature-control-while-entering-school_259150-2437-300x200.jpg 300w, https:\/\/www.radiopiu.net\/wordpress\/wp-content\/uploads\/2021\/01\/temperature-check-up-schoolchildren-passing-temperature-control-while-entering-school_259150-2437.jpg 626w\" sizes=\"auto, (max-width: 189px) 100vw, 189px\" \/><\/a><\/strong><\/span><\/p>\n<p>&nbsp;<\/p>\n<p>&nbsp;<\/p>\n<p><span style=\"color: #ff0000;\"><strong>LA PUNTATA DELLA SETTIMANA <\/strong><\/span><\/p>\n<p><strong>COLORI, CHIUSURE, RAGAZZI&#8230;<\/strong><\/p>\n<audio class=\"wp-audio-shortcode\" id=\"audio-186546-7\" preload=\"none\" style=\"width: 100%;\" controls=\"controls\"><source type=\"audio\/mpeg\" src=\"https:\/\/www.radiopiu.net\/wordpress\/wp-content\/uploads\/2021\/01\/007-18-gennaio.mp3?_=7\" \/><a href=\"https:\/\/www.radiopiu.net\/wordpress\/wp-content\/uploads\/2021\/01\/007-18-gennaio.mp3\">https:\/\/www.radiopiu.net\/wordpress\/wp-content\/uploads\/2021\/01\/007-18-gennaio.mp3<\/a><\/audio>\n<h2>LA RACCOLTA COMPLETA<\/h2>\n<blockquote class=\"wp-embedded-content\" data-secret=\"hQIYcYXNL5\"><p><a href=\"https:\/\/www.radiopiu.net\/wordpress\/007incondotta-9\/\">007 in condotta<\/a><\/p><\/blockquote>\n<p><iframe loading=\"lazy\" class=\"wp-embedded-content\" sandbox=\"allow-scripts\" security=\"restricted\" style=\"position: absolute; clip: rect(1px, 1px, 1px, 1px);\" title=\"&#8220;007 in condotta&#8221; &#8212; Radio Pi\u00f9\" src=\"https:\/\/www.radiopiu.net\/wordpress\/007incondotta-9\/embed\/#?secret=hQIYcYXNL5\" data-secret=\"hQIYcYXNL5\" width=\"600\" height=\"338\" frameborder=\"0\" marginwidth=\"0\" marginheight=\"0\" scrolling=\"no\"><\/iframe><\/p>\n<p>&nbsp;<\/p>\n<p>&nbsp;<\/p>\n<p>&nbsp;<\/p>\n<hr \/>\n<p>&nbsp;<\/p>\n<blockquote>\n<h2><a href=\"https:\/\/www.radiopiu.net\/wordpress\/speciale-solidarieta-veneto\/solidarieta-veneto-3\/\" rel=\"attachment wp-att-134366\"><img loading=\"lazy\" decoding=\"async\" class=\"wp-image-134366 alignleft\" src=\"https:\/\/www.radiopiu.net\/wordpress\/wp-content\/uploads\/2020\/05\/solidariet\u00e0-veneto-300x210.jpg\" alt=\"\" width=\"102\" height=\"71\" srcset=\"https:\/\/www.radiopiu.net\/wordpress\/wp-content\/uploads\/2020\/05\/solidariet\u00e0-veneto-300x210.jpg 300w, https:\/\/www.radiopiu.net\/wordpress\/wp-content\/uploads\/2020\/05\/solidariet\u00e0-veneto-1024x717.jpg 1024w, https:\/\/www.radiopiu.net\/wordpress\/wp-content\/uploads\/2020\/05\/solidariet\u00e0-veneto-768x538.jpg 768w, https:\/\/www.radiopiu.net\/wordpress\/wp-content\/uploads\/2020\/05\/solidariet\u00e0-veneto.jpg 1373w\" sizes=\"auto, (max-width: 102px) 100vw, 102px\" \/><\/a>SOLIDARIETA&#8217; VENETO FONDO PENSIONE, IN ONDA IL PRIMO VENERDI DEL MESE ALLE 10.30 E ALLE 19.00 QUINTA STAGIONE<\/h2>\n<\/blockquote>\n<p><strong>AUDIO<\/strong><\/p>\n<audio class=\"wp-audio-shortcode\" id=\"audio-186546-8\" preload=\"none\" style=\"width: 100%;\" controls=\"controls\"><source type=\"audio\/mpeg\" src=\"https:\/\/www.radiopiu.net\/wordpress\/wp-content\/uploads\/2020\/10\/solidarieta-veneto-gennaio.mp3?_=8\" \/><a href=\"https:\/\/www.radiopiu.net\/wordpress\/wp-content\/uploads\/2020\/10\/solidarieta-veneto-gennaio.mp3\">https:\/\/www.radiopiu.net\/wordpress\/wp-content\/uploads\/2020\/10\/solidarieta-veneto-gennaio.mp3<\/a><\/audio>\n<p>&nbsp;<\/p>\n<blockquote>\n<h2>RACCOLTA COMPLETA<\/h2>\n<\/blockquote>\n<blockquote class=\"wp-embedded-content\" data-secret=\"hJ7rWT2u9P\"><p><a href=\"https:\/\/www.radiopiu.net\/wordpress\/solidarieta-veneto\/\">Solidariet\u00e0 Veneto<\/a><\/p><\/blockquote>\n<p><iframe loading=\"lazy\" class=\"wp-embedded-content\" sandbox=\"allow-scripts\" security=\"restricted\" style=\"position: absolute; clip: rect(1px, 1px, 1px, 1px);\" title=\"&#8220;Solidariet\u00e0 Veneto&#8221; &#8212; Radio Pi\u00f9\" src=\"https:\/\/www.radiopiu.net\/wordpress\/solidarieta-veneto\/embed\/#?secret=hJ7rWT2u9P\" data-secret=\"hJ7rWT2u9P\" width=\"600\" height=\"338\" frameborder=\"0\" marginwidth=\"0\" marginheight=\"0\" scrolling=\"no\"><\/iframe><\/p>\n<p>&nbsp;<\/p>\n<p>&nbsp;<\/p>\n<hr \/>\n<p>&nbsp;<\/p>\n<h2><span style=\"color: #808000;\">DUE MINUTI UN LIBRO\u00a0 TUTTI I GIORNI ALLA RADIO ALLE 9.30 E ALLE 18. QUINTA STAGIONE\u00a0<\/span><\/h2>\n<p>&nbsp;<\/p>\n<h2>LA RACCOLTA COMPLETA<\/h2>\n<blockquote class=\"wp-embedded-content\" data-secret=\"UTiluzEons\"><p><a href=\"https:\/\/www.radiopiu.net\/wordpress\/due-minuti-un-libro\/\">Due minuti un libro<\/a><\/p><\/blockquote>\n<p><iframe loading=\"lazy\" class=\"wp-embedded-content\" sandbox=\"allow-scripts\" security=\"restricted\" style=\"position: absolute; clip: rect(1px, 1px, 1px, 1px);\" title=\"&#8220;Due minuti un libro&#8221; &#8212; Radio Pi\u00f9\" src=\"https:\/\/www.radiopiu.net\/wordpress\/due-minuti-un-libro\/embed\/#?secret=UTiluzEons\" data-secret=\"UTiluzEons\" width=\"600\" height=\"338\" frameborder=\"0\" marginwidth=\"0\" marginheight=\"0\" scrolling=\"no\"><\/iframe><\/p>\n<p>&nbsp;<\/p>\n<hr \/>\n<p>&nbsp;<\/p>\n<p>&nbsp;<\/p>\n<blockquote>\n<h2>CASSA SOLIDARIET\u00c0 LUXOTTICA<\/h2>\n<\/blockquote>\n<h3><strong><span style=\"color: #ff0000;\">IL NUMERO DI GENNAIO CON PAOLO CHISSALE&#8217; E FABRIZIO CAMPEDEL\u00a0\u00a0<\/span><\/strong><\/h3>\n<audio class=\"wp-audio-shortcode\" id=\"audio-186546-9\" preload=\"none\" style=\"width: 100%;\" controls=\"controls\"><source type=\"audio\/mpeg\" src=\"https:\/\/www.radiopiu.net\/wordpress\/wp-content\/uploads\/2021\/01\/ca-sol-lux-gennaio.mp3?_=9\" \/><a href=\"https:\/\/www.radiopiu.net\/wordpress\/wp-content\/uploads\/2021\/01\/ca-sol-lux-gennaio.mp3\">https:\/\/www.radiopiu.net\/wordpress\/wp-content\/uploads\/2021\/01\/ca-sol-lux-gennaio.mp3<\/a><\/audio>\n<blockquote>\n<h2>RACCOLTA COMPLETA<\/h2>\n<\/blockquote>\n<blockquote class=\"wp-embedded-content\" data-secret=\"L4ht1tzhmH\"><p><a href=\"https:\/\/www.radiopiu.net\/wordpress\/cassa-solidarieta-luxottica-puntata-del-16-ottobre-2020\/\">CASSA SOLIDARIET\u00c0 LUXOTTICA &#8211; PUNTATA DEL 20 NOVEMBRE 2020<\/a><\/p><\/blockquote>\n<p><iframe loading=\"lazy\" class=\"wp-embedded-content\" sandbox=\"allow-scripts\" security=\"restricted\" style=\"position: absolute; clip: rect(1px, 1px, 1px, 1px);\" title=\"&#8220;CASSA SOLIDARIET\u00c0 LUXOTTICA &#8211; PUNTATA DEL 20 NOVEMBRE 2020&#8221; &#8212; Radio Pi\u00f9\" src=\"https:\/\/www.radiopiu.net\/wordpress\/cassa-solidarieta-luxottica-puntata-del-16-ottobre-2020\/embed\/#?secret=L4ht1tzhmH\" data-secret=\"L4ht1tzhmH\" width=\"600\" height=\"338\" frameborder=\"0\" marginwidth=\"0\" marginheight=\"0\" scrolling=\"no\"><\/iframe><\/p>\n<p>&nbsp;<\/p>\n<hr \/>\n<p>&nbsp;<\/p>\n<p>&nbsp;<\/p>\n<blockquote class=\"wp-embedded-content\" data-secret=\"1EW8qYRwAg\"><p><a href=\"https:\/\/www.radiopiu.net\/wordpress\/184594-2\/\">CISL LA VOCE DEI LAVORATORI, CON PAOLO CHISSALE&#8217;<\/a><\/p><\/blockquote>\n<p><iframe loading=\"lazy\" class=\"wp-embedded-content\" sandbox=\"allow-scripts\" security=\"restricted\" style=\"position: absolute; clip: rect(1px, 1px, 1px, 1px);\" title=\"&#8220;CISL LA VOCE DEI LAVORATORI, CON PAOLO CHISSALE&#8217;&#8221; &#8212; Radio Pi\u00f9\" src=\"https:\/\/www.radiopiu.net\/wordpress\/184594-2\/embed\/#?secret=1EW8qYRwAg\" data-secret=\"1EW8qYRwAg\" width=\"600\" height=\"338\" frameborder=\"0\" marginwidth=\"0\" marginheight=\"0\" scrolling=\"no\"><\/iframe><\/p>\n<div>\n<p>&nbsp;<\/p>\n<p>&nbsp;<\/p>\n<hr \/>\n<p>&nbsp;<\/p>\n<h2><span style=\"color: #800080;\"><strong>LA RASSEGNA STAMPA DA L&#8217;AMICO DEL POPOLO\u00a0<\/strong><\/span><\/h2>\n<p><strong><a href=\"https:\/\/www.radiopiu.net\/wordpress\/speciale-croce-verde-val-biois-21-mila-chilometri-in-un-anno-per-471-interventi\/murer\/\" rel=\"attachment wp-att-80526\"><img loading=\"lazy\" decoding=\"async\" class=\"size-full wp-image-80526 alignleft\" src=\"https:\/\/www.radiopiu.net\/wordpress\/wp-content\/uploads\/2019\/03\/MURER-e1603200896333.jpg\" alt=\"\" width=\"259\" height=\"194\" \/><\/a>di Gianni Santomaso<\/strong><\/p>\n<p>OSPITE: Stefano Murer, presidente della Croce Verde Val Biois<\/p>\n<audio class=\"wp-audio-shortcode\" id=\"audio-186546-10\" preload=\"none\" style=\"width: 100%;\" controls=\"controls\"><source type=\"audio\/mpeg\" src=\"https:\/\/www.radiopiu.net\/wordpress\/wp-content\/uploads\/2021\/01\/RASSEGNA-GIANNI-2.mp3?_=10\" \/><a href=\"https:\/\/www.radiopiu.net\/wordpress\/wp-content\/uploads\/2021\/01\/RASSEGNA-GIANNI-2.mp3\">https:\/\/www.radiopiu.net\/wordpress\/wp-content\/uploads\/2021\/01\/RASSEGNA-GIANNI-2.mp3<\/a><\/audio>\n<p>&nbsp;<\/p>\n<h1 class=\"kvgmc6g5 cxmmr5t8 oygrvhab hcukyx3x c1et5uql\"><span style=\"color: #0000ff;\">RADIO PIU INFORMAZIONE il canale su TELEGRAM informazione di prima mano e in tempo reale. iscriviti ed aiutaci a farlo conoscere\u00a0<\/span><\/h1>\n<p>&nbsp;<\/p>\n<p><strong>LA RACCOLTA COMPLETA<\/strong><\/p>\n<blockquote class=\"wp-embedded-content\" data-secret=\"NSg0C9nmf0\"><p><a href=\"https:\/\/www.radiopiu.net\/wordpress\/rassegna-stampa-di-gianni-santomaso\/\">Rassegna stampa da l&#8217;amico del popolo &#8211; di Gianni Santomaso<\/a><\/p><\/blockquote>\n<p><iframe loading=\"lazy\" class=\"wp-embedded-content\" sandbox=\"allow-scripts\" security=\"restricted\" style=\"position: absolute; clip: rect(1px, 1px, 1px, 1px);\" title=\"&#8220;Rassegna stampa da l&#8217;amico del popolo &#8211; di Gianni Santomaso&#8221; &#8212; Radio Pi\u00f9\" src=\"https:\/\/www.radiopiu.net\/wordpress\/rassegna-stampa-di-gianni-santomaso\/embed\/#?secret=NSg0C9nmf0\" data-secret=\"NSg0C9nmf0\" width=\"600\" height=\"338\" frameborder=\"0\" marginwidth=\"0\" marginheight=\"0\" scrolling=\"no\"><\/iframe><\/p>\n<p>&nbsp;<\/p>\n<p>&nbsp;<\/p>\n<hr \/>\n<p>&nbsp;<\/p>\n<p>&nbsp;<\/p>\n<div>\n<h2><span style=\"color: #33cccc;\">I RACCONTI DI PAOLO SOPPELSA il lunedi alle 9.30 e 18.30<\/span><\/h2>\n<blockquote class=\"wp-embedded-content\" data-secret=\"aRxAOs4WjT\"><p><a href=\"https:\/\/www.radiopiu.net\/wordpress\/i-racconti-di-paolo-soppelsa-cinquantottesima-puntata\/\">I RACCONTI DI PAOLO SOPPELSA CINQUANTOTTESIMA PUNTATA<\/a><\/p><\/blockquote>\n<p><iframe loading=\"lazy\" class=\"wp-embedded-content\" sandbox=\"allow-scripts\" security=\"restricted\" style=\"position: absolute; clip: rect(1px, 1px, 1px, 1px);\" title=\"&#8220;I RACCONTI DI PAOLO SOPPELSA CINQUANTOTTESIMA PUNTATA&#8221; &#8212; Radio Pi\u00f9\" src=\"https:\/\/www.radiopiu.net\/wordpress\/i-racconti-di-paolo-soppelsa-cinquantottesima-puntata\/embed\/#?secret=aRxAOs4WjT\" data-secret=\"aRxAOs4WjT\" width=\"600\" height=\"338\" frameborder=\"0\" marginwidth=\"0\" marginheight=\"0\" scrolling=\"no\"><\/iframe><\/p>\n<h2><span style=\"color: #33cccc;\"><strong>RACCOLTA COMPLETA<\/strong><\/span><\/h2>\n<blockquote class=\"wp-embedded-content\" data-secret=\"Amw3CTK6jT\"><p><a href=\"https:\/\/www.radiopiu.net\/wordpress\/i-racconti-di-paolo-soppelsa\/\">I racconti di Paolo Soppelsa<\/a><\/p><\/blockquote>\n<p><iframe loading=\"lazy\" class=\"wp-embedded-content\" sandbox=\"allow-scripts\" security=\"restricted\" style=\"position: absolute; clip: rect(1px, 1px, 1px, 1px);\" title=\"&#8220;I racconti di Paolo Soppelsa&#8221; &#8212; Radio Pi\u00f9\" src=\"https:\/\/www.radiopiu.net\/wordpress\/i-racconti-di-paolo-soppelsa\/embed\/#?secret=Amw3CTK6jT\" data-secret=\"Amw3CTK6jT\" width=\"600\" height=\"338\" frameborder=\"0\" marginwidth=\"0\" marginheight=\"0\" scrolling=\"no\"><\/iframe><\/p>\n<\/div>\n<p>&nbsp;<\/p>\n<hr \/>\n<p>&nbsp;<\/p>\n<div>\n<h2><\/h2>\n<h2><\/h2>\n<h2><strong><a href=\"https:\/\/www.radiopiu.net\/wordpress\/giornale-radiopiu-20-gennaio-2021-direttore-mirko-mezzacasa\/b4d903ae-3002-4aa4-b90c-cd65b62d43df\/\" rel=\"attachment wp-att-185691\"><img loading=\"lazy\" decoding=\"async\" class=\" wp-image-185691 alignleft\" src=\"https:\/\/www.radiopiu.net\/wordpress\/wp-content\/uploads\/2021\/01\/b4d903ae-3002-4aa4-b90c-cd65b62d43df-197x300.jpg\" alt=\"\" width=\"113\" height=\"172\" srcset=\"https:\/\/www.radiopiu.net\/wordpress\/wp-content\/uploads\/2021\/01\/b4d903ae-3002-4aa4-b90c-cd65b62d43df-197x300.jpg 197w, https:\/\/www.radiopiu.net\/wordpress\/wp-content\/uploads\/2021\/01\/b4d903ae-3002-4aa4-b90c-cd65b62d43df.jpg 526w\" sizes=\"auto, (max-width: 113px) 100vw, 113px\" \/><\/a><\/strong><\/h2>\n<h2><\/h2>\n<h2><strong>LE\u00a0 PUNTATE di Luisa Alchini di Leggermente Bellunesi, la domenica alle 11, <span style=\"color: #0000ff;\">IL MARTEDI IN PRIMA EDIZIONE\u00a0<\/span> alle 10.30 e alle 19.00<\/strong><\/h2>\n<p><strong>LA PUNTATA DELLA SETTIMANA<\/strong><\/p>\n<p>ELISA ORZES GRILLONE nativa di Cencenighe. Seconda puntata. La partecipazione al funerale di Guglielmo Marconi e l&#8217;alluvione&#8230; Le strane coincidenze.<\/p>\n<audio class=\"wp-audio-shortcode\" id=\"audio-186546-11\" preload=\"none\" style=\"width: 100%;\" controls=\"controls\"><source type=\"audio\/mpeg\" src=\"https:\/\/www.radiopiu.net\/wordpress\/wp-content\/uploads\/2021\/01\/15leggermenteparte2elisaorzescosta.mp3?_=11\" \/><a href=\"https:\/\/www.radiopiu.net\/wordpress\/wp-content\/uploads\/2021\/01\/15leggermenteparte2elisaorzescosta.mp3\">https:\/\/www.radiopiu.net\/wordpress\/wp-content\/uploads\/2021\/01\/15leggermenteparte2elisaorzescosta.mp3<\/a><\/audio>\n<h2><strong style=\"font-size: 14px;\"><span style=\"color: #000000;\">RACCOLTA COMPLETA<\/span><\/strong><\/h2>\n<\/div>\n<blockquote class=\"wp-embedded-content\" data-secret=\"ZoPn4HhZqA\"><p><a href=\"https:\/\/www.radiopiu.net\/wordpress\/leggermente-20\/\">LEGGERmente&#8230;Bellunesi<\/a><\/p><\/blockquote>\n<p><iframe loading=\"lazy\" class=\"wp-embedded-content\" sandbox=\"allow-scripts\" security=\"restricted\" style=\"position: absolute; clip: rect(1px, 1px, 1px, 1px);\" title=\"&#8220;LEGGERmente&#8230;Bellunesi&#8221; &#8212; Radio Pi\u00f9\" src=\"https:\/\/www.radiopiu.net\/wordpress\/leggermente-20\/embed\/#?secret=ZoPn4HhZqA\" data-secret=\"ZoPn4HhZqA\" width=\"600\" height=\"338\" frameborder=\"0\" marginwidth=\"0\" marginheight=\"0\" scrolling=\"no\"><\/iframe><\/p>\n<hr \/>\n<p>&nbsp;<\/p>\n<blockquote>\n<h3><a href=\"https:\/\/www.radiopiu.net\/wordpress\/almanacco-ladino-puntata-5-2020\/sn\/\" rel=\"attachment wp-att-180931\"><img loading=\"lazy\" decoding=\"async\" class=\"wp-image-180931 alignleft\" src=\"https:\/\/www.radiopiu.net\/wordpress\/wp-content\/uploads\/2020\/12\/sn-300x194.jpg\" alt=\"\" width=\"181\" height=\"117\" srcset=\"https:\/\/www.radiopiu.net\/wordpress\/wp-content\/uploads\/2020\/12\/sn-300x194.jpg 300w, https:\/\/www.radiopiu.net\/wordpress\/wp-content\/uploads\/2020\/12\/sn.jpg 626w\" sizes=\"auto, (max-width: 181px) 100vw, 181px\" \/><\/a>L&#8217;ALMANACCO LADINO CON L&#8217;ISTITUT CESA DE JAN QUINDICINALE APPUNTAMENTO. LA DOMENICA ALLE 9 IL LUNEDI ALLE 8.35 IL MARTEDI ALLE 12.35 IL MERCOLEDI ALLE 18.35. SECONDA STAGIONE.<\/h3>\n<\/blockquote>\n<p>&nbsp;<\/p>\n<p><strong>RACCOLTA COMPLETA\u00a0<\/strong><\/p>\n<blockquote class=\"wp-embedded-content\" data-secret=\"OPU351lYXz\"><p><a href=\"https:\/\/www.radiopiu.net\/wordpress\/almanacco-ladino\/\">Almanacco Ladino<\/a><\/p><\/blockquote>\n<p><iframe loading=\"lazy\" class=\"wp-embedded-content\" sandbox=\"allow-scripts\" security=\"restricted\" style=\"position: absolute; clip: rect(1px, 1px, 1px, 1px);\" title=\"&#8220;Almanacco Ladino&#8221; &#8212; Radio Pi\u00f9\" src=\"https:\/\/www.radiopiu.net\/wordpress\/almanacco-ladino\/embed\/#?secret=OPU351lYXz\" data-secret=\"OPU351lYXz\" width=\"600\" height=\"338\" frameborder=\"0\" marginwidth=\"0\" marginheight=\"0\" scrolling=\"no\"><\/iframe><\/p>\n<p>&nbsp;<\/p>\n<\/div>\n<hr \/>\n<div>\n<h2><span style=\"color: #000080;\"><a class=\"dt-pswp-item\" href=\"https:\/\/www.radiopiu.net\/wordpress\/wp-content\/uploads\/2020\/10\/pp.jpg\" data-dt-img-description=\"\" data-large_image_width=\"640\" data-large_image_height=\"640\"><img loading=\"lazy\" decoding=\"async\" class=\"wp-image-163678 alignleft\" src=\"https:\/\/www.radiopiu.net\/wordpress\/wp-content\/uploads\/2020\/10\/pp-300x300.jpg\" alt=\"\" width=\"106\" height=\"106\" srcset=\"https:\/\/www.radiopiu.net\/wordpress\/wp-content\/uploads\/2020\/10\/pp-300x300.jpg 300w, https:\/\/www.radiopiu.net\/wordpress\/wp-content\/uploads\/2020\/10\/pp-150x150.jpg 150w, https:\/\/www.radiopiu.net\/wordpress\/wp-content\/uploads\/2020\/10\/pp-125x125.jpg 125w, https:\/\/www.radiopiu.net\/wordpress\/wp-content\/uploads\/2020\/10\/pp-200x200.jpg 200w, https:\/\/www.radiopiu.net\/wordpress\/wp-content\/uploads\/2020\/10\/pp-80x80.jpg 80w, https:\/\/www.radiopiu.net\/wordpress\/wp-content\/uploads\/2020\/10\/pp-480x480.jpg 480w, https:\/\/www.radiopiu.net\/wordpress\/wp-content\/uploads\/2020\/10\/pp.jpg 640w\" sizes=\"auto, (max-width: 106px) 100vw, 106px\" \/><\/a> <\/span><\/h2>\n<h2><span style=\"color: #000080;\">DON CESARE, IL PENSIERO DEL GIORNO. ALLA RADIO ALLE 7 DEL MATTINO E ALLE 19.30 DELLA SERA.\u00a0\u00a0<\/span><\/h2>\n<p>&nbsp;<\/p>\n<\/div>\n<p>&nbsp;<\/p>\n<audio class=\"wp-audio-shortcode\" id=\"audio-186546-12\" preload=\"none\" style=\"width: 100%;\" controls=\"controls\"><source type=\"audio\/mpeg\" src=\"https:\/\/www.radiopiu.net\/wordpress\/wp-content\/uploads\/2021\/01\/CESARE-19.mp3?_=12\" \/><a href=\"https:\/\/www.radiopiu.net\/wordpress\/wp-content\/uploads\/2021\/01\/CESARE-19.mp3\">https:\/\/www.radiopiu.net\/wordpress\/wp-content\/uploads\/2021\/01\/CESARE-19.mp3<\/a><\/audio>\n<hr \/>\n<p>&nbsp;<\/p>\n<div>\n<p class=\"photoswipe-wrapper\"><a class=\"dt-pswp-item pspw-wrap-ready\" href=\"https:\/\/i0.wp.com\/www.radiopiu.net\/wordpress\/wp-content\/uploads\/2018\/09\/viabilita.jpeg?ssl=1\" data-dt-img-description=\"\" data-large_image_width=\"800\" data-large_image_height=\"100\"><img loading=\"lazy\" decoding=\"async\" class=\"aligncenter wp-image-61954 size-full\" src=\"https:\/\/i0.wp.com\/www.radiopiu.net\/wordpress\/wp-content\/uploads\/2018\/09\/viabilita.jpeg?resize=800%2C100&amp;ssl=1\" sizes=\"auto, (max-width: 800px) 100vw, 800px\" srcset=\"https:\/\/i0.wp.com\/www.radiopiu.net\/wordpress\/wp-content\/uploads\/2018\/09\/viabilita.jpeg?w=800&amp;ssl=1 800w, https:\/\/i0.wp.com\/www.radiopiu.net\/wordpress\/wp-content\/uploads\/2018\/09\/viabilita.jpeg?resize=300%2C38&amp;ssl=1 300w, https:\/\/i0.wp.com\/www.radiopiu.net\/wordpress\/wp-content\/uploads\/2018\/09\/viabilita.jpeg?resize=768%2C96&amp;ssl=1 768w\" alt=\"\" width=\"800\" height=\"100\" \/><\/a><\/p>\n<\/div>\n<p>&nbsp;<\/p>\n<p><strong>SP 473 DI CROCE D&#8217;AUNE<\/strong> interruzioni al traffico della durata massima di 20 minuti tra Ponte Otra e Sovramonte dal 26 al 29 gennaio, dalle 8:30 alle 17, per consentire taglio alberature pericolose e messa in sicurezza della strada<\/p>\n<p><strong>SP 1 MADONNA DEL PIAVE <\/strong>senso unico alternato regolato da semaforo fino al 15 gennaio in comune di Quero Vas per realizzazione tombinatura<\/p>\n<p><strong>SP 42 CAVALLERA<\/strong> fino a revoca, chiusura della strada nell&#8217;abitato di Perarolo per attivazione emergenza frana &#8220;Busa del Cristo&#8221;<\/p>\n<p><strong>S.P.2 DELLA VALLE DEL MIS\u00a0<\/strong>Interdizione totale al traffico fino a revoca dal km 14,920 (localit\u00e0 Gona Bassa) al km 20,650 (localit\u00e0 Titele) per cedimento della carreggiata<\/p>\n<p><strong>S.P. 5 DI LAMOSANO<\/strong>\u00a0Interdizione totale fino a revoca per presenza di materiale e alberi in strada.<\/p>\n<p><strong>S.P. 251 DI VAL DI ZOLDO E VAL CELLINA\u00a0<\/strong>dalla localit\u00e0 Soffranco fino all&#8217;imbocco nord della galleria S. Giovanni interdizione totale al transito per cedimento della carreggiata<\/p>\n<p><strong>SP 3 DELLA VAL IMPERINA<\/strong> fino a revoca, senso unico alternato regolato a vista in localit\u00e0 Gona di Conedera di Rivamonte per cedimento della carreggiata stradale<\/p>\n<p>&nbsp;<\/p>\n<div>\n<p>&nbsp;<\/p>\n<p>&nbsp;<\/p>\n<p class=\"photoswipe-wrapper\"><a class=\"dt-pswp-item pspw-wrap-ready\" href=\"https:\/\/i0.wp.com\/www.radiopiu.net\/wordpress\/wp-content\/uploads\/2018\/09\/WhatsApp-Image-2018-09-20-at-16.04.06.jpeg?ssl=1\" data-dt-img-description=\"\" data-large_image_width=\"800\" data-large_image_height=\"100\"><img loading=\"lazy\" decoding=\"async\" class=\"aligncenter wp-image-61378 size-full jetpack-lazy-image jetpack-lazy-image--handled\" src=\"https:\/\/i0.wp.com\/www.radiopiu.net\/wordpress\/wp-content\/uploads\/2018\/09\/WhatsApp-Image-2018-09-20-at-16.04.06.jpeg?resize=800%2C100&amp;ssl=1\" sizes=\"auto, (max-width: 800px) 100vw, 800px\" srcset=\"https:\/\/i0.wp.com\/www.radiopiu.net\/wordpress\/wp-content\/uploads\/2018\/09\/WhatsApp-Image-2018-09-20-at-16.04.06.jpeg?w=800&amp;ssl=1 800w, https:\/\/i0.wp.com\/www.radiopiu.net\/wordpress\/wp-content\/uploads\/2018\/09\/WhatsApp-Image-2018-09-20-at-16.04.06.jpeg?resize=300%2C38&amp;ssl=1 300w, https:\/\/i0.wp.com\/www.radiopiu.net\/wordpress\/wp-content\/uploads\/2018\/09\/WhatsApp-Image-2018-09-20-at-16.04.06.jpeg?resize=768%2C96&amp;ssl=1 768w\" alt=\"\" width=\"800\" height=\"100\" data-lazy-loaded=\"1\" \/><\/a><\/p>\n<p>&nbsp;<\/p>\n<\/div>\n<\/div>\n<p><center><b>Lunedi 25<\/b><\/center><b>Tempo atteso: <\/b>Nella notte aumento della nuvolosit\u00e0 medio-alta da ovest, poi mattinata nuvolosa e piuttosto fredda, con estese nubi medio-alte, ma con fenomeni assenti o non significativi. Nel pomeriggio\/sera tendenza a parziali schiarite, soprattutto sulle Prealpi veronesi e vicentine.<br \/>\n<b>Precipitazioni: <\/b>Generalmente assenti (0-10%), salvo un rischio leggermente maggiore di debolissime nevicate fino a quote basse sulle Prealpi veronesi e vicentine (20-30%) in mattinata.<br \/>\n<b>Temperature: <\/b>In generale diminuzione, con minime raggiunte in serata. Su Prealpi a 1500 m min -5\u00b0C max -4\u00b0C, a 2000 m min -9\u00b0C max -8\u00b0C. Su Dolomiti a 2000 m min -10\u00b0C max -8\u00b0C, a 3000 m min -18\u00b0C max -15\u00b0C.<br \/>\n<b>Venti: <\/b>Nelle valli inizialmente deboli, poi possibili rinforzi di Foehn nel pomeriggio-sera; in quota al mattino deboli o moderati da ovest, poi in rotazione a nord nord-ovest e in intensificazione a met\u00e0 giornata e nel pomeriggio-sera saranno tesi o forti, 5-30 km\/h a 2000 m e 10-60 km\/h a 3000 m.<\/p>\n<hr \/>\n<p><center><b>Martedi 26<\/b><\/center><b>Tempo atteso: <\/b>Giornata molto bella ma fredda e in quota anche ventosa. Il cielo sar\u00e0 sereno e terso per tutta la giornata. In serata qualche addensamento sulle zone di confine con l&#8217;Alto Adige e l&#8217;Austria e possibili banchi di nubi medio-alte lenticolari sulle Prealpi.<br \/>\n<b>Precipitazioni: <\/b>Assenti (0%)<br \/>\n<b>Temperature: <\/b>In ulteriore diminuzione, salvo rimanere stazionarie le massime a fondovalle. Oltre i 2000-2500 m la sensazione di freddo verr\u00e0 accentuata dal vento (effetto wind chill). Su Prealpi a 1500 m min -6\u00b0C max -5\u00b0C, a 2000 m min -10\u00b0C max -9\u00b0C. Su Dolomiti a 2000 m min -12\u00b0C max -10\u00b0C, a 3000 m min -19\u00b0C max -17\u00b0C.<br \/>\n<b>Venti: <\/b>Nelle valli in genere deboli o moderati, ma con rischio di raffiche di Foehn, specie sulle Dolomiti; in quota tesi o forti da nord nord-ovest, 10-40 km\/h a 2000 m e mediamente 60-70 km\/h a 3000 m, ma con raffiche anche uguali o superiori a 100 km\/h<\/p>\n<hr \/>\n<p><center><b>Mercoledi 27<\/b><\/center>Tempo in prevalenza soleggiato, un po&#8217; meno freddo ma ancora ventoso in quota. Possibili alcune nubi medio-alte sulle Prealpi e qualche addensamento sulle creste di confine, che in serata\/notte diventeranno pi\u00f9 probabili ed estese. Temperature in leggero aumento, ma ancora inferiori alla norma. Venti in quota tesi o forti da nord-ovest, con qualche raffica di Foehn nelle valli dolomitiche.<\/p>\n<hr \/>\n<p><center><b>Giovedi 28<\/b><\/center>Giornata parzialmente nuvolosa-variabile e ancora ventosa in quota, con prevalenti nubi medio-alte irregolari, ma sulle Dolomiti anche per nubi medio-basse, con possibili nevicate, specie in quota. Temperature minime in aumento, massime stazionarie, con probabile rialzo termico in quota in serata. Venti in quota forti da nord-ovest, anche molto forti a 3000 m. Previsore: B.R.<\/p>\n<p>&nbsp;<\/p>\n<hr \/>\n<p>&nbsp;<\/p>\n<p><a href=\"https:\/\/www.radiopiu.net\/wordpress\/giornale-radiopiu-15-settembre-2018-direttore-mirko-mezzacasa\/sport-7\/\" rel=\"attachment wp-att-60761\"><img loading=\"lazy\" decoding=\"async\" class=\"aligncenter wp-image-60761 size-full\" src=\"https:\/\/www.radiopiu.net\/wordpress\/wp-content\/uploads\/2018\/09\/sport.jpg\" alt=\"\" width=\"800\" height=\"100\" srcset=\"https:\/\/www.radiopiu.net\/wordpress\/wp-content\/uploads\/2018\/09\/sport.jpg 800w, https:\/\/www.radiopiu.net\/wordpress\/wp-content\/uploads\/2018\/09\/sport-300x38.jpg 300w, https:\/\/www.radiopiu.net\/wordpress\/wp-content\/uploads\/2018\/09\/sport-768x96.jpg 768w\" sizes=\"auto, (max-width: 800px) 100vw, 800px\" \/><\/a><\/p>\n<p>&nbsp;<\/p>\n<blockquote>\n<h3>L&#8217;ALLEGHE METTE I SACCOCCIA 3 PUNTI IMPORTANTI CONTRO IL BRESSANONE<\/h3>\n<\/blockquote>\n<p class=\"p1\"><b><a href=\"https:\/\/www.radiopiu.net\/wordpress\/il-calendario-ufficiale-dellitalian-hockey-league\/logo-alleghe-hockey\/\" rel=\"attachment wp-att-95699\"><img loading=\"lazy\" decoding=\"async\" class=\"size-medium wp-image-95699 alignleft\" src=\"https:\/\/www.radiopiu.net\/wordpress\/wp-content\/uploads\/2019\/08\/logo-alleghe-hockey-300x281.png\" alt=\"\" width=\"300\" height=\"281\" srcset=\"https:\/\/www.radiopiu.net\/wordpress\/wp-content\/uploads\/2019\/08\/logo-alleghe-hockey-300x281.png 300w, https:\/\/www.radiopiu.net\/wordpress\/wp-content\/uploads\/2019\/08\/logo-alleghe-hockey.png 547w\" sizes=\"auto, (max-width: 300px) 100vw, 300px\" \/><\/a>ALLEGHE &#8211; BRESSANONE 7-3<\/b><\/p>\n<p class=\"p1\">PARZIALI: 1-1, 2-2, 4-0<\/p>\n<p class=\"p1\">GOL: pt. 11\u201911\u2019 De Ceuster, 12\u201903\u201d Messner. st. 3\u201914\u201d Kiviranta, 7\u201946\u201d Casanova, 7\u201956\u201d Kiviranta, 14\u201900\u201d Sottsass. tt. 16\u201943\u201d De Ceuster, 17\u201927\u201d Soppelsa, 18\u201954\u201d M. Dall\u2019Agnol, 19\u201925\u201d M. Dall\u2019Agnol<\/p>\n<p class=\"p1\"><b>ALLEGHE<\/b> Tre punti sudati per l\u2019Alleghe Hockey che vince contro un Bressanone al quanto combattivo. Partita in bilico fino a pochi minuti dal termine poi le civette hanno la meglio. Doppietta di Kiviranta e De Ceuster, forse i migliori in campo. Una vittoria importantissima per la classifica in vista di una qualificazione ai playoff. Prima parte di gara abbastanza equilibrata con le due formazioni che per\u00f2 sembrano non impegnarsi pi\u00f9 di tanto. Le occasioni non mancano ma la mira non \u00e8 delle migliori. Le civette prendono coraggio e si portano in vantaggio con il belga De Ceuster. Il Bressanone risponde subito e approfitta di una indecisione difensiva alleghese Messner insacca. Nella seconda frazione<span class=\"Apple-converted-space\">\u00a0 <\/span>l\u2019Alleghe sembra avere una marcia in pi\u00f9. Kiviranta si fa vivo davanti al golie avversario e insacca per il 2 a 1. Gli altoatesini sembrano in difficolt\u00e0 e gli agordini ce la mettono tutta. Alla prima vera azione gli ospiti pareggiano i conti. La risposta delle civette non si fa attendere e Kiviranta trova il pertugio per infilare la doppietta personale. Le squadre continuano a lottare e il Bressanone ha la meglio pareggiando di nuovo i conti. La squadra altoatesina prova a colpire approfittando di un momento di sofferenza per gli agordini ma si va al riposo senza cambiamenti di punteggio. Nel terzo drittel l\u2019Alleghe prova a colpire con De Toni e Kiviranta ma il disco non vuole entrare. Il gioco si fa maschio e fioccano le penalit\u00e0 da entrambe le parti. Anche Lorenzo Dall\u2019Agnol ci prova con un\u2019azione solitaria ma al momento del tiro non riesce a battere il portiere. A pochi minuti dal termine le civette tornano in vantaggio. Azione corale di Kiviranta che in contropiede serve De Ceuster il quale controlla e infila il disco sotto ai gambali del portiere. A chiudere la partita ci pensano Lorenzo Dall\u2019Agnol e Francesco Soppelsa con quest\u2019ultimo che riesce a siglare la quinta rete agordina. Non si ferma la squadra di Matikainen che va a segno per la sesta volta, questa volta a mettere la firma \u00e8 Matteo Dall\u2019Agnol. Lo stesso giocatore sigla la doppietta poco dopo.<\/p>\n<p>&nbsp;<\/p>\n<p>&nbsp;<\/p>\n<hr \/>\n<p>&nbsp;<\/p>\n<blockquote>\n<h3>UNA SCONFITTA E UNA VITTORIA PER LE GIOVANILI DELL&#8217;ALLEGHE HOCKEY<\/h3>\n<\/blockquote>\n<p class=\"p1\"><strong><a href=\"https:\/\/www.radiopiu.net\/wordpress\/seconda-sconfitta-per-lalleghe-nel-qualification-round-ihl\/hockey-stick-and-puck\/\" rel=\"attachment wp-att-71463\"><img loading=\"lazy\" decoding=\"async\" class=\"size-medium wp-image-71463 alignleft\" src=\"https:\/\/www.radiopiu.net\/wordpress\/wp-content\/uploads\/2019\/01\/AE7A9D38-59B1-49C9-9B49-6662F54D0440-300x300.jpeg\" alt=\"\" width=\"300\" height=\"300\" srcset=\"https:\/\/www.radiopiu.net\/wordpress\/wp-content\/uploads\/2019\/01\/AE7A9D38-59B1-49C9-9B49-6662F54D0440-300x300.jpeg 300w, https:\/\/www.radiopiu.net\/wordpress\/wp-content\/uploads\/2019\/01\/AE7A9D38-59B1-49C9-9B49-6662F54D0440-150x150.jpeg 150w, https:\/\/www.radiopiu.net\/wordpress\/wp-content\/uploads\/2019\/01\/AE7A9D38-59B1-49C9-9B49-6662F54D0440-768x768.jpeg 768w, https:\/\/www.radiopiu.net\/wordpress\/wp-content\/uploads\/2019\/01\/AE7A9D38-59B1-49C9-9B49-6662F54D0440-1024x1024.jpeg 1024w, https:\/\/www.radiopiu.net\/wordpress\/wp-content\/uploads\/2019\/01\/AE7A9D38-59B1-49C9-9B49-6662F54D0440.jpeg 1300w\" sizes=\"auto, (max-width: 300px) 100vw, 300px\" \/><\/a>UNDER 17<\/strong><\/p>\n<p class=\"p1\">ALLEGHE &#8211; PERGINE 2-3 dot<\/p>\n<p class=\"p1\">L\u2019Under 17 dell\u2019Alleghe Hockey lotta contro il Pergine ma non riesce a vincere. Un solo punto per i giovani agordini che all\u2019overtime crollano contro i trentini. Prima frazione a reti inviolate, secondo tempo con gli ospiti che passano subito in vantaggio e raddoppiano poco. Angoletta accorcia le distanze alla fine della parte centrale. Nel terzo drittel le civette pareggiano i conti con Frescura ma non riescono a trovare il gol della vittoria. Si va all\u2019overtime dove il Pergine vince dopo 100 secondi di gioco.<\/p>\n<p class=\"p1\"><strong>UNDER 19<\/strong><\/p>\n<p class=\"p1\">FASSA\/ALLEGHE &#8211; AOSTA 2-1 rig<\/p>\n<p class=\"p1\">Sono i rigori a decidere la sfida di Alba di Canazei dove i padroni di casa s\u2019impongono su un Aosta coriaceo. Match equilibrato con la squadra Fassana\/Alleghese che chiude la prima frazione a reti inviolate. Nel tempo centrale \u00e8 Riva che sblocca il punteggio per la squadra di casa. La partita \u00e8 emozionante, carica di occasioni da entrambe le parti. Nel terzo tempo l\u2019Aosta pareggia i conti portando la partita al supplementare. Overtime a reti inviolate e tiri di rigore che regalano il punto aggiuntivo al Fassa\/Alleghe.<\/p>\n<p>&nbsp;<\/p>\n<hr \/>\n<p>&nbsp;<\/p>\n<blockquote>\n<h3>IL 2021 DI MANUELA BULF INIZIA CON UN SECONDO POSTO A VITTORIO VENETO<\/h3>\n<\/blockquote>\n<p><strong><a href=\"https:\/\/www.radiopiu.net\/wordpress\/giornale-radiopiu-25-gennaio-2021-direttore-mirko-mezzacasa\/6e0cbb4d-2b78-408d-b2e4-e97da56c3f16\/\" rel=\"attachment wp-att-186670\"><img loading=\"lazy\" decoding=\"async\" class=\" wp-image-186670 alignleft\" src=\"https:\/\/www.radiopiu.net\/wordpress\/wp-content\/uploads\/2021\/01\/6e0cbb4d-2b78-408d-b2e4-e97da56c3f16-300x189.jpg\" alt=\"\" width=\"196\" height=\"123\" srcset=\"https:\/\/www.radiopiu.net\/wordpress\/wp-content\/uploads\/2021\/01\/6e0cbb4d-2b78-408d-b2e4-e97da56c3f16-300x189.jpg 300w, https:\/\/www.radiopiu.net\/wordpress\/wp-content\/uploads\/2021\/01\/6e0cbb4d-2b78-408d-b2e4-e97da56c3f16-1024x644.jpg 1024w, https:\/\/www.radiopiu.net\/wordpress\/wp-content\/uploads\/2021\/01\/6e0cbb4d-2b78-408d-b2e4-e97da56c3f16-768x483.jpg 768w, https:\/\/www.radiopiu.net\/wordpress\/wp-content\/uploads\/2021\/01\/6e0cbb4d-2b78-408d-b2e4-e97da56c3f16-1536x965.jpg 1536w, https:\/\/www.radiopiu.net\/wordpress\/wp-content\/uploads\/2021\/01\/6e0cbb4d-2b78-408d-b2e4-e97da56c3f16.jpg 2048w\" sizes=\"auto, (max-width: 196px) 100vw, 196px\" \/><\/a>VITTORIO VENETO<\/strong> Si \u00e8 corso ieri il trentaseiesimo Cross Citt\u00e0 Della Vittoria a Vittorio Veneto, prima prova della fase regionale del Campionato Nazionale per societ\u00e0. Manuela Bulf, atleta dell&#8217;Atletica Agordina,\u00a0 inizia l&#8217;anno da dove aveva terminato con un grandissimo secondo posto ottenuto in progressione, battuta soltanto dalla forte azzurra dell&#8217;Atletica Vicentina Rebecca Lonego dominatrice della gara femminile e chiude con un ritardo di 1 minuto e 46. Da segnalare in campo maschile la\u00a0 5\u00b0 posizione nella categoria M45 per Gabriele Toffoli.<\/p>\n<p>&nbsp;<\/p>\n<p>&nbsp;<\/p>\n<hr \/>\n<p>&nbsp;<\/p>\n<blockquote>\n<h3>ANCORA UNA VITTORIA PER ELIA BARP<\/h3>\n<\/blockquote>\n<p><strong><a href=\"https:\/\/www.radiopiu.net\/wordpress\/giornale-radiopiu-24-gennaio-2021-direttore-mirko-mezzacasa\/da-sx-elia-barp-e-pietro-pomari-camp-ita-team-sprint-juniores-clusone-23-01-2021\/\" rel=\"attachment wp-att-186464\"><img loading=\"lazy\" decoding=\"async\" class=\" wp-image-186464 alignleft\" src=\"https:\/\/www.radiopiu.net\/wordpress\/wp-content\/uploads\/2021\/01\/da-sx-elia-barp-e-pietro-pomari-camp-ita-team-sprint-juniores-clusone-23.01.2021-300x200.jpeg\" alt=\"\" width=\"171\" height=\"114\" srcset=\"https:\/\/www.radiopiu.net\/wordpress\/wp-content\/uploads\/2021\/01\/da-sx-elia-barp-e-pietro-pomari-camp-ita-team-sprint-juniores-clusone-23.01.2021-300x200.jpeg 300w, https:\/\/www.radiopiu.net\/wordpress\/wp-content\/uploads\/2021\/01\/da-sx-elia-barp-e-pietro-pomari-camp-ita-team-sprint-juniores-clusone-23.01.2021-1024x682.jpeg 1024w, https:\/\/www.radiopiu.net\/wordpress\/wp-content\/uploads\/2021\/01\/da-sx-elia-barp-e-pietro-pomari-camp-ita-team-sprint-juniores-clusone-23.01.2021-768x512.jpeg 768w, https:\/\/www.radiopiu.net\/wordpress\/wp-content\/uploads\/2021\/01\/da-sx-elia-barp-e-pietro-pomari-camp-ita-team-sprint-juniores-clusone-23.01.2021.jpeg 1346w\" sizes=\"auto, (max-width: 171px) 100vw, 171px\" \/><\/a>CLUSONE <\/strong>Dopo le tante medaglie della scorsa settimana ai Tricolori Giovani di Alfedena, il Veneto del fondo \u00e8 ancora grande a Clusone (Bergamo) dove si \u00e8 svolta la prima giornata del campionato italiano Giovani dedicato alle sprint, dedicata alla team sprint. In campo maschile, \u00e8 arrivato uno splendido oro grazie al bellunese Elia Barp e al veronese Pietro Pomari.<\/p>\n","protected":false},"excerpt":{"rendered":"<p>PER RICEVERE QUESTO NOTIZIARIO DIRETTAMENTE SUL TUO CELLULARE ISCRIVITI AL CANALE TELEGRAM \u201cRADIO PIU\u00a0 INFORMAZIONE&#8221;\u00a0 SUPERATI I 3000 ISCRITTI, il CANALE TELEGRAM&#8230; UNISCITI A: RADIO PIU INFORMAZIONE &nbsp; ATTENZIONE: LA NUOVA APP PER IOS-IPHONE di Nicola Vettorello https:\/\/apps.apple.com\/it\/app\/radio-pi%C3%B9-emittente-agordina\/id1515939845 ATTENZIONE: LA NUOVA APP RADIO\u00a0 PER ANDROID di Nicola Vettorello https:\/\/play.google.com\/store\/apps\/details?id=net.radiopiu.iniko OGGI ALLA RADIO: RIPARTE L&#8217;ATTIVITA&#8217; DI&hellip;<\/p>\n","protected":false},"author":4,"featured_media":186606,"comment_status":"closed","ping_status":"closed","sticky":false,"template":"","format":"standard","meta":{"_monsterinsights_skip_tracking":false,"_monsterinsights_sitenote_active":false,"_monsterinsights_sitenote_note":"","_monsterinsights_sitenote_category":0,"footnotes":""},"categories":[1,51,86,49],"tags":[],"class_list":["post-186546","post","type-post","status-publish","format-standard","has-post-thumbnail","hentry","category-senza-categoria","category-evidenza-top","category-gr","category-news-18","category-1","category-51","category-86","category-49","description-off"],"img_url":"https:\/\/www.radiopiu.net\/wordpress\/wp-content\/uploads\/2021\/01\/bab84274-36be-4f67-a7a1-75752ab1b88b.jpg","_links":{"self":[{"href":"https:\/\/www.radiopiu.net\/wordpress\/wp-json\/wp\/v2\/posts\/186546","targetHints":{"allow":["GET"]}}],"collection":[{"href":"https:\/\/www.radiopiu.net\/wordpress\/wp-json\/wp\/v2\/posts"}],"about":[{"href":"https:\/\/www.radiopiu.net\/wordpress\/wp-json\/wp\/v2\/types\/post"}],"author":[{"embeddable":true,"href":"https:\/\/www.radiopiu.net\/wordpress\/wp-json\/wp\/v2\/users\/4"}],"replies":[{"embeddable":true,"href":"https:\/\/www.radiopiu.net\/wordpress\/wp-json\/wp\/v2\/comments?post=186546"}],"version-history":[{"count":0,"href":"https:\/\/www.radiopiu.net\/wordpress\/wp-json\/wp\/v2\/posts\/186546\/revisions"}],"wp:featuredmedia":[{"embeddable":true,"href":"https:\/\/www.radiopiu.net\/wordpress\/wp-json\/wp\/v2\/media\/186606"}],"wp:attachment":[{"href":"https:\/\/www.radiopiu.net\/wordpress\/wp-json\/wp\/v2\/media?parent=186546"}],"wp:term":[{"taxonomy":"category","embeddable":true,"href":"https:\/\/www.radiopiu.net\/wordpress\/wp-json\/wp\/v2\/categories?post=186546"},{"taxonomy":"post_tag","embeddable":true,"href":"https:\/\/www.radiopiu.net\/wordpress\/wp-json\/wp\/v2\/tags?post=186546"}],"curies":[{"name":"wp","href":"https:\/\/api.w.org\/{rel}","templated":true}]}}