{"id":186550,"date":"2021-01-24T06:55:58","date_gmt":"2021-01-24T05:55:58","guid":{"rendered":"https:\/\/www.radiopiu.net\/wordpress\/?p=186550"},"modified":"2021-01-24T06:56:35","modified_gmt":"2021-01-24T05:56:35","slug":"cade-in-nevegal-soccorso-in-toboga-a-cortina-soccorso-un-anziano","status":"publish","type":"post","link":"https:\/\/www.radiopiu.net\/wordpress\/cade-in-nevegal-soccorso-in-toboga-a-cortina-soccorso-un-anziano\/","title":{"rendered":"CADE IN NEVEGAL SOCCORSO IN TOBOGA, A CORTINA SOCCORSO UN ANZIANO"},"content":{"rendered":"<div dir=\"auto\"><strong>BELLUNO<\/strong> Nel pomeriggio di ieri\u00a0 il Soccorso alpino di Belluno \u00e8 stato allertato per uno scialpinista che si \u00e8 fatto male in Nevegal, lungo il percorso in cresta tra la Casera e il Giardino botanico. L&#8217;uomo, che si trovava con due amici \u00e8 caduto riportando la probabile lussazione di una spalla, \u00e8 stato raggiunto da una squadra con gli sci d&#8217;alpinismo, che gli ha prestato le prime cure e lo ha caricato sulla barella toboga. L&#8217;infortunato, F.B., 54 anni, di Belluno, \u00e8 stato quindi trasportato dai soccorritori all&#8217;ambulanza in attesa alla Casera, che lo ha accompagnato all&#8217;ospedale<\/div>\n<div dir=\"auto\"><strong>CORTINA<\/strong>\u00a0\u00a0Una squadra del Soccorso alpino di Cortina \u00e8 stata invece inviata in localit\u00e0 Chiamulera, poich\u00e9, a causa delle strade innevate, l&#8217;ambulanza non riusciva ad arrivare nella casa di un anziano che si sentiva poco bene. I soccorritori, messe le catene alla jeep, si sono portate sul posto, hanno imbarcato G.G., 89 anni, di Cortina d&#8217;Ampezzo (BL), e lo hanno accompagnato direttamente al Codivilla.<\/div>\n","protected":false},"excerpt":{"rendered":"<p>BELLUNO Nel pomeriggio di ieri\u00a0 il Soccorso alpino di Belluno \u00e8 stato allertato per uno scialpinista che si \u00e8 fatto male in Nevegal, lungo il percorso in cresta tra la Casera e il Giardino botanico. L&#8217;uomo, che si trovava con due amici \u00e8 caduto riportando la probabile lussazione di una spalla, \u00e8 stato raggiunto da&hellip;<\/p>\n","protected":false},"author":4,"featured_media":186551,"comment_status":"closed","ping_status":"closed","sticky":false,"template":"","format":"standard","meta":{"_monsterinsights_skip_tracking":false,"_monsterinsights_sitenote_active":false,"_monsterinsights_sitenote_note":"","_monsterinsights_sitenote_category":0,"footnotes":""},"categories":[51,49],"tags":[],"class_list":["post-186550","post","type-post","status-publish","format-standard","has-post-thumbnail","hentry","category-evidenza-top","category-news-18","category-51","category-49","description-off"],"img_url":"https:\/\/www.radiopiu.net\/wordpress\/wp-content\/uploads\/2021\/01\/salt_20210123_205446_113.jpg","_links":{"self":[{"href":"https:\/\/www.radiopiu.net\/wordpress\/wp-json\/wp\/v2\/posts\/186550","targetHints":{"allow":["GET"]}}],"collection":[{"href":"https:\/\/www.radiopiu.net\/wordpress\/wp-json\/wp\/v2\/posts"}],"about":[{"href":"https:\/\/www.radiopiu.net\/wordpress\/wp-json\/wp\/v2\/types\/post"}],"author":[{"embeddable":true,"href":"https:\/\/www.radiopiu.net\/wordpress\/wp-json\/wp\/v2\/users\/4"}],"replies":[{"embeddable":true,"href":"https:\/\/www.radiopiu.net\/wordpress\/wp-json\/wp\/v2\/comments?post=186550"}],"version-history":[{"count":0,"href":"https:\/\/www.radiopiu.net\/wordpress\/wp-json\/wp\/v2\/posts\/186550\/revisions"}],"wp:featuredmedia":[{"embeddable":true,"href":"https:\/\/www.radiopiu.net\/wordpress\/wp-json\/wp\/v2\/media\/186551"}],"wp:attachment":[{"href":"https:\/\/www.radiopiu.net\/wordpress\/wp-json\/wp\/v2\/media?parent=186550"}],"wp:term":[{"taxonomy":"category","embeddable":true,"href":"https:\/\/www.radiopiu.net\/wordpress\/wp-json\/wp\/v2\/categories?post=186550"},{"taxonomy":"post_tag","embeddable":true,"href":"https:\/\/www.radiopiu.net\/wordpress\/wp-json\/wp\/v2\/tags?post=186550"}],"curies":[{"name":"wp","href":"https:\/\/api.w.org\/{rel}","templated":true}]}}