{"id":186598,"date":"2021-01-25T05:26:10","date_gmt":"2021-01-25T04:26:10","guid":{"rendered":"https:\/\/www.radiopiu.net\/wordpress\/?p=186598"},"modified":"2021-01-25T05:43:18","modified_gmt":"2021-01-25T04:43:18","slug":"ricognizione-sul-territorio-a-seguito-dellultimo-evento-meteo-la-provincia-chiama-i-sindaci","status":"publish","type":"post","link":"https:\/\/www.radiopiu.net\/wordpress\/ricognizione-sul-territorio-a-seguito-dellultimo-evento-meteo-la-provincia-chiama-i-sindaci\/","title":{"rendered":"RICOGNIZIONE SUL TERRITORIO A SEGUITO DELL\u2019ULTIMO EVENTO METEO, LA PROVINCIA CHIAMA I SINDACI"},"content":{"rendered":"<p><strong> <a href=\"https:\/\/www.radiopiu.net\/wordpress\/ricognizione-sul-territorio-a-seguito-dellultimo-evento-meteo-la-provincia-chiama-i-sindaci\/schermata-2021-01-24-alle-14-23-34\/\" rel=\"attachment wp-att-186601\"><img loading=\"lazy\" decoding=\"async\" class=\"size-medium wp-image-186601 alignleft\" src=\"https:\/\/www.radiopiu.net\/wordpress\/wp-content\/uploads\/2021\/01\/Schermata-2021-01-24-alle-14.23.34-300x169.png\" alt=\"\" width=\"300\" height=\"169\" srcset=\"https:\/\/www.radiopiu.net\/wordpress\/wp-content\/uploads\/2021\/01\/Schermata-2021-01-24-alle-14.23.34-300x169.png 300w, https:\/\/www.radiopiu.net\/wordpress\/wp-content\/uploads\/2021\/01\/Schermata-2021-01-24-alle-14.23.34-1024x578.png 1024w, https:\/\/www.radiopiu.net\/wordpress\/wp-content\/uploads\/2021\/01\/Schermata-2021-01-24-alle-14.23.34-768x434.png 768w, https:\/\/www.radiopiu.net\/wordpress\/wp-content\/uploads\/2021\/01\/Schermata-2021-01-24-alle-14.23.34.png 1236w\" sizes=\"auto, (max-width: 300px) 100vw, 300px\" \/><\/a>BELLUNO <\/strong><span class=\"s1\">Dopo l\u2019ultimo episodio di maltempo, la Provincia ha voluto capire quale fosse la situazione sul territorio. Soprattutto in montagna, dove sono caduti dai 30 ai 90 centimetri di neve fresca, che si sommano al gi\u00e0 consistente manto bianco delle nevicate di inizio anno.\u00a0 <\/span><span class=\"s1\">Il consigliere delegato alla Protezione Civile e Difesa del Suolo Massimo Bortoluzzi ha contattato i sindaci del Comelico, dell\u2019Alto Cadore e delle parti alte della provincia per capire se ci fossero particolari criticit\u00e0. \u00ab<em>Ho chiamato gli amministratori &#8211; spiega &#8211; per far sentire la vicinanza dell\u2019ente Provincia e per portare le istanze del territorio agli enti preposti a livello regionale e centrale, in modo da fare da coordinamento e agire con maggiore efficenza. La situazione non \u00e8 critica come quella di inizio anno. Le nevicate pur copiose non hanno creato problemi particolari, se non qualche rallentamento alla viabilit\u00e0. Il problema vero \u00e8 un altro: i Comuni stanno esaurendo, e in molti casi hanno gi\u00e0 dato fondo, al budget previsto per i piani neve<\/em>\u00bb. <\/span><span class=\"s1\">\u00ab<em>Di fatto, gli enti locali non hanno risorse a sufficienza per far fronte alle situazioni create dalle emergenze meteo. E una nevicate pi\u00f9 o meno normale per la montagna, come quella di ieri, rischia di diventare un problema notevole &#8211; aggiunge il presidente Padrin -. \u00c8 per questo che ci attiveremo a livello centrale per chiedere un\u2019attenzione maggiore alle terre alte, come abbiamo gi\u00e0 fatto nelle settimane scorse, e subito dopo l\u2019emergenza meteo di inizio dicembre. I costi della montagna non sono equiparabili a quelli della pianura. Ed \u00e8 indispensabile che questo messaggio arrivi forte e chiaro, perch\u00e9 altrimenti rischiamo di accelerare lo spopolamento solo per questioni normali in montagna, come pu\u00f2 essere la neve<\/em>\u00bb. <\/span><span class=\"s1\">Per quanto riguarda la conta dei danni del maltempo di venerd\u00ec e sabato, non risultano agli uffici provinciali segnalazioni particolari. \u00ab<em>Dovremo attendere il disgelo per capire se le frane storiche, quelle di competenza della Provincia, si muoveranno &#8211; spiega il consigliere Bortoluzzi -. Stiamo gi\u00e0 studiando il modo per garantire risorse aggiuntive alle Unioni Montane nel caso in cui nei prossimi mesi dovessero registrarsi danni relativi agli ultimi episodi meteo. La Provincia deve essere vicina al territorio in maniera concreta<\/em>\u00bb.<\/span><\/p>\n","protected":false},"excerpt":{"rendered":"<p>BELLUNO Dopo l\u2019ultimo episodio di maltempo, la Provincia ha voluto capire quale fosse la situazione sul territorio. Soprattutto in montagna, dove sono caduti dai 30 ai 90 centimetri di neve fresca, che si sommano al gi\u00e0 consistente manto bianco delle nevicate di inizio anno.\u00a0 Il consigliere delegato alla Protezione Civile e Difesa del Suolo Massimo&hellip;<\/p>\n","protected":false},"author":4,"featured_media":186601,"comment_status":"closed","ping_status":"closed","sticky":false,"template":"","format":"standard","meta":{"_monsterinsights_skip_tracking":false,"_monsterinsights_sitenote_active":false,"_monsterinsights_sitenote_note":"","_monsterinsights_sitenote_category":0,"footnotes":""},"categories":[51,49],"tags":[],"class_list":["post-186598","post","type-post","status-publish","format-standard","has-post-thumbnail","hentry","category-evidenza-top","category-news-18","category-51","category-49","description-off"],"img_url":"https:\/\/www.radiopiu.net\/wordpress\/wp-content\/uploads\/2021\/01\/Schermata-2021-01-24-alle-14.23.34.png","_links":{"self":[{"href":"https:\/\/www.radiopiu.net\/wordpress\/wp-json\/wp\/v2\/posts\/186598","targetHints":{"allow":["GET"]}}],"collection":[{"href":"https:\/\/www.radiopiu.net\/wordpress\/wp-json\/wp\/v2\/posts"}],"about":[{"href":"https:\/\/www.radiopiu.net\/wordpress\/wp-json\/wp\/v2\/types\/post"}],"author":[{"embeddable":true,"href":"https:\/\/www.radiopiu.net\/wordpress\/wp-json\/wp\/v2\/users\/4"}],"replies":[{"embeddable":true,"href":"https:\/\/www.radiopiu.net\/wordpress\/wp-json\/wp\/v2\/comments?post=186598"}],"version-history":[{"count":0,"href":"https:\/\/www.radiopiu.net\/wordpress\/wp-json\/wp\/v2\/posts\/186598\/revisions"}],"wp:featuredmedia":[{"embeddable":true,"href":"https:\/\/www.radiopiu.net\/wordpress\/wp-json\/wp\/v2\/media\/186601"}],"wp:attachment":[{"href":"https:\/\/www.radiopiu.net\/wordpress\/wp-json\/wp\/v2\/media?parent=186598"}],"wp:term":[{"taxonomy":"category","embeddable":true,"href":"https:\/\/www.radiopiu.net\/wordpress\/wp-json\/wp\/v2\/categories?post=186598"},{"taxonomy":"post_tag","embeddable":true,"href":"https:\/\/www.radiopiu.net\/wordpress\/wp-json\/wp\/v2\/tags?post=186598"}],"curies":[{"name":"wp","href":"https:\/\/api.w.org\/{rel}","templated":true}]}}