{"id":186625,"date":"2021-01-24T16:41:29","date_gmt":"2021-01-24T15:41:29","guid":{"rendered":"https:\/\/www.radiopiu.net\/wordpress\/?p=186625"},"modified":"2021-01-24T17:27:17","modified_gmt":"2021-01-24T16:27:17","slug":"zermaste-laste-la-zermatt-delle-dolomiti","status":"publish","type":"post","link":"https:\/\/www.radiopiu.net\/wordpress\/zermaste-laste-la-zermatt-delle-dolomiti\/","title":{"rendered":"ZERMASTE? LASTE,  LA ZERMATT DELLE DOLOMITI"},"content":{"rendered":"<blockquote><p><em>Tutte le grandi cose sono nate da dei sogni che sembravano visionari<\/em><\/p><\/blockquote>\n<p><strong><img loading=\"lazy\" decoding=\"async\" class=\"alignleft\" src=\"https:\/\/www.radiopiu.net\/wordpress\/wp-content\/uploads\/2019\/02\/Laste.jpg\" width=\"227\" height=\"170\" \/>ROCCA PIETORE<\/strong> Ve lo immaginate un impianto funiviario da Rocca Pietore a Laste?\u00a0 Di questi tempi da lockdown la fantasia vola, ma alle volte prende concretezza come a Chamois (Aosta) ma di questo ne parliamo poi. Di questi tempi la fantasia galoppa, dal treno delle Dolomiti ma non per Auronzo al treno (e non trenino&#8230;) per l&#8217;Agordino attraverso la Valle del Cordevole, ma anche l&#8217;idea di una mono rotaia da Belluno al Brennero dove poi non ci sono pi\u00f9 confini. Si sognava anche negli anni Settanta quando Toni Guadagnini aveva pensato alla &#8220;Agordo 2000&#8221; che non intendeva l&#8217;anno 2000 ma i 2000 metri e gi\u00f9 dal Framont, come ad Alleghe gi\u00e0 dal Civetta da fine anni Settanta (1979). Allora qualcuno lo derise Toni Gudagnini, negli stessi anni Merano sviluppava Merano2000 con impianti di risalita, turismo e benessere. Tornando a Laste, perch\u00e9 non sognare una funivia che arriva fin lass\u00f9? \u00a0Tenere ovviamente la strada attuale ma costruire una funivia per il trasporto pubblico.\u00a0 Potrebbe diventare la Zermatt delle Dolomiti . Partenza a Col di Rocca per Ronch di Laste e poi Laste \u00a00vviamente creando una zona servizi con negozi e parcheggi alla partenza. Il lettore attento a questo punto si chieder\u00e0&#8230; ma questa da dove arriva? Nessun sogno notturno, piuttosto lo spunto guardando un bel servizio per Gedi Visual sul paese delle Alpi che non vuole la strada. Nel borgo di Chamois si arriva o con la funivia, oppure a piedi. Agli abitanti va bene cos\u00ec hanno deciso insieme e in paese ci vanno con gli sci. Se di sera ancora meglio perch\u00e9 incrementano la ricettivit\u00e0 turistica a fondovalle con il pernottamento a funivia chiusa.\u00a0 Il sindaco Andrea De Bernardin non si lascia trascinare nel sogno rimane nel razionale e nel concreto. <em>&#8220;Anni fa avevamo avuto una idea lanciata da uno studio di progettazione per uno sviluppo e rivalorizzazione dei villaggi alti di Albe e Vallier con un costo di investimento attorno ai 50\/60 milioni di euro. Stessa cosa. Idee ma niente investitori. Dal canto mio credo che abbiamo talmente tante cose da fare per rimettere in sesto il territorio dopo le ultime catastrofi meteo che se qualcuno mi desse in mano cifre del genere le investirei per cose meno fantascientifiche. Lascio alle prossime amministrazioni portare avanti il progetto di una funivia per Laste da 10 milioni di euro e lascio anche ai posteri il progetto di recupero di Albe e Vallier da 60 milioni&#8221;.<\/em><\/p>\n<p><strong>IL FILMATO DI GEDI VISUAL\u00a0<span style=\"color: #0000ff;\"> <a style=\"color: #0000ff;\" href=\"https:\/\/www.gediwatch.it\/?ref=calh&amp;settimana=1#video2\">CLICCA QUI\u00a0<\/a><\/span><\/strong><\/p>\n<p>&nbsp;<\/p>\n","protected":false},"excerpt":{"rendered":"<p>Tutte le grandi cose sono nate da dei sogni che sembravano visionari ROCCA PIETORE Ve lo immaginate un impianto funiviario da Rocca Pietore a Laste?\u00a0 Di questi tempi da lockdown la fantasia vola, ma alle volte prende concretezza come a Chamois (Aosta) ma di questo ne parliamo poi. Di questi tempi la fantasia galoppa, dal&hellip;<\/p>\n","protected":false},"author":4,"featured_media":75669,"comment_status":"closed","ping_status":"closed","sticky":false,"template":"","format":"standard","meta":{"_monsterinsights_skip_tracking":false,"_monsterinsights_sitenote_active":false,"_monsterinsights_sitenote_note":"","_monsterinsights_sitenote_category":0,"footnotes":""},"categories":[51,49],"tags":[],"class_list":["post-186625","post","type-post","status-publish","format-standard","has-post-thumbnail","hentry","category-evidenza-top","category-news-18","category-51","category-49","description-off"],"img_url":"https:\/\/www.radiopiu.net\/wordpress\/wp-content\/uploads\/2019\/02\/Laste.jpg","_links":{"self":[{"href":"https:\/\/www.radiopiu.net\/wordpress\/wp-json\/wp\/v2\/posts\/186625","targetHints":{"allow":["GET"]}}],"collection":[{"href":"https:\/\/www.radiopiu.net\/wordpress\/wp-json\/wp\/v2\/posts"}],"about":[{"href":"https:\/\/www.radiopiu.net\/wordpress\/wp-json\/wp\/v2\/types\/post"}],"author":[{"embeddable":true,"href":"https:\/\/www.radiopiu.net\/wordpress\/wp-json\/wp\/v2\/users\/4"}],"replies":[{"embeddable":true,"href":"https:\/\/www.radiopiu.net\/wordpress\/wp-json\/wp\/v2\/comments?post=186625"}],"version-history":[{"count":0,"href":"https:\/\/www.radiopiu.net\/wordpress\/wp-json\/wp\/v2\/posts\/186625\/revisions"}],"wp:featuredmedia":[{"embeddable":true,"href":"https:\/\/www.radiopiu.net\/wordpress\/wp-json\/wp\/v2\/media\/75669"}],"wp:attachment":[{"href":"https:\/\/www.radiopiu.net\/wordpress\/wp-json\/wp\/v2\/media?parent=186625"}],"wp:term":[{"taxonomy":"category","embeddable":true,"href":"https:\/\/www.radiopiu.net\/wordpress\/wp-json\/wp\/v2\/categories?post=186625"},{"taxonomy":"post_tag","embeddable":true,"href":"https:\/\/www.radiopiu.net\/wordpress\/wp-json\/wp\/v2\/tags?post=186625"}],"curies":[{"name":"wp","href":"https:\/\/api.w.org\/{rel}","templated":true}]}}