{"id":186723,"date":"2021-01-25T07:40:18","date_gmt":"2021-01-25T06:40:18","guid":{"rendered":"https:\/\/www.radiopiu.net\/wordpress\/?p=186723"},"modified":"2021-01-25T07:40:18","modified_gmt":"2021-01-25T06:40:18","slug":"sogna-ragazzo-di-alberta-foccardi","status":"publish","type":"post","link":"https:\/\/www.radiopiu.net\/wordpress\/sogna-ragazzo-di-alberta-foccardi\/","title":{"rendered":"SOGNA RAGAZZO di ALBERTA FOCCARDI"},"content":{"rendered":"<p>AUDIO<\/p>\n<audio class=\"wp-audio-shortcode\" id=\"audio-186723-1\" preload=\"none\" style=\"width: 100%;\" controls=\"controls\"><source type=\"audio\/mpeg\" src=\"https:\/\/www.radiopiu.net\/wordpress\/wp-content\/uploads\/2021\/01\/01-SOGNA-RAGAZZO-ALBERTA-FOCCARDI.mp3?_=1\" \/><a href=\"https:\/\/www.radiopiu.net\/wordpress\/wp-content\/uploads\/2021\/01\/01-SOGNA-RAGAZZO-ALBERTA-FOCCARDI.mp3\">https:\/\/www.radiopiu.net\/wordpress\/wp-content\/uploads\/2021\/01\/01-SOGNA-RAGAZZO-ALBERTA-FOCCARDI.mp3<\/a><\/audio>\n<p>&nbsp;<\/p>\n<p><span style=\"font-family: Verdana, sans-serif;\"><span style=\"font-size: large;\"><img loading=\"lazy\" decoding=\"async\" class=\"alignleft\" src=\"https:\/\/www.radiopiu.net\/wordpress\/wp-content\/uploads\/2021\/01\/POETA-1.jpg\" width=\"116\" height=\"155\" \/>SOGNA RAGAZZO<\/span><\/span><\/p>\n<p><span style=\"font-family: Verdana, sans-serif;\"><span style=\"font-size: large;\">Un mondo ricco di sognator<\/span><\/span><\/p>\n<p><span style=\"font-family: Verdana, sans-serif;\"><span style=\"font-size: large;\">\u00e8 il sogno del poeta sognatore<\/span><\/span><\/p>\n<p><span style=\"font-family: Verdana, sans-serif;\"><span style=\"font-size: large;\">che mai per vinto si dar\u00e0<\/span><\/span><\/p>\n<p><span style=\"font-family: Verdana, sans-serif;\"><span style=\"font-size: large;\">Combatte col cuore in mano<\/span><\/span><\/p>\n<p><span style=\"font-family: Verdana, sans-serif;\"><span style=\"font-size: large;\">pur ferito da una societ\u00e0 vuota<\/span><\/span><\/p>\n<p><span style=\"font-family: Verdana, sans-serif;\"><span style=\"font-size: large;\">confusa , senza luce.<\/span><\/span><\/p>\n<p><span style=\"font-family: Verdana, sans-serif;\"><span style=\"font-size: large;\">Parole d&#8217; amore<\/span><\/span><\/p>\n<p><span style=\"font-family: Verdana, sans-serif;\"><span style=\"font-size: large;\">entrano nei cuori<\/span><\/span><\/p>\n<p><span style=\"font-family: Verdana, sans-serif;\"><span style=\"font-size: large;\">di chi, or assetato,<\/span><\/span><\/p>\n<p><span style=\"font-family: Verdana, sans-serif;\"><span style=\"font-size: large;\">dovr\u00e0 un giorno dissetare.<\/span><\/span><\/p>\n<p><span style=\"font-family: Verdana, sans-serif;\"><span style=\"font-size: large;\">Il tuo canto<\/span><\/span><\/p>\n<p><span style=\"font-family: Verdana, sans-serif;\"><span style=\"font-size: large;\">le tue parole<\/span><\/span><\/p>\n<p><span style=\"font-family: Verdana, sans-serif;\"><span style=\"font-size: large;\">sono arrivate a me.<\/span><\/span><\/p>\n<p><span style=\"font-family: Verdana, sans-serif;\"><span style=\"font-size: large;\">Poesia d&#8217;amore profonda <\/span><\/span><\/p>\n<p><span style=\"font-family: Verdana, sans-serif;\"><span style=\"font-size: large;\">grazie professor Vecchioni.<\/span><\/span><\/p>\n","protected":false},"excerpt":{"rendered":"<p>AUDIO &nbsp; SOGNA RAGAZZO Un mondo ricco di sognator \u00e8 il sogno del poeta sognatore che mai per vinto si dar\u00e0 Combatte col cuore in mano pur ferito da una societ\u00e0 vuota confusa , senza luce. Parole d&#8217; amore entrano nei cuori di chi, or assetato, dovr\u00e0 un giorno dissetare. Il tuo canto le tue&hellip;<\/p>\n","protected":false},"author":4,"featured_media":186724,"comment_status":"closed","ping_status":"closed","sticky":false,"template":"","format":"standard","meta":{"_monsterinsights_skip_tracking":false,"_monsterinsights_sitenote_active":false,"_monsterinsights_sitenote_note":"","_monsterinsights_sitenote_category":0,"footnotes":""},"categories":[22,49],"tags":[],"class_list":["post-186723","post","type-post","status-publish","format-standard","has-post-thumbnail","hentry","category-invivoverso","category-news-18","category-22","category-49","description-off"],"img_url":"https:\/\/www.radiopiu.net\/wordpress\/wp-content\/uploads\/2021\/01\/POETA-1.jpg","_links":{"self":[{"href":"https:\/\/www.radiopiu.net\/wordpress\/wp-json\/wp\/v2\/posts\/186723","targetHints":{"allow":["GET"]}}],"collection":[{"href":"https:\/\/www.radiopiu.net\/wordpress\/wp-json\/wp\/v2\/posts"}],"about":[{"href":"https:\/\/www.radiopiu.net\/wordpress\/wp-json\/wp\/v2\/types\/post"}],"author":[{"embeddable":true,"href":"https:\/\/www.radiopiu.net\/wordpress\/wp-json\/wp\/v2\/users\/4"}],"replies":[{"embeddable":true,"href":"https:\/\/www.radiopiu.net\/wordpress\/wp-json\/wp\/v2\/comments?post=186723"}],"version-history":[{"count":0,"href":"https:\/\/www.radiopiu.net\/wordpress\/wp-json\/wp\/v2\/posts\/186723\/revisions"}],"wp:featuredmedia":[{"embeddable":true,"href":"https:\/\/www.radiopiu.net\/wordpress\/wp-json\/wp\/v2\/media\/186724"}],"wp:attachment":[{"href":"https:\/\/www.radiopiu.net\/wordpress\/wp-json\/wp\/v2\/media?parent=186723"}],"wp:term":[{"taxonomy":"category","embeddable":true,"href":"https:\/\/www.radiopiu.net\/wordpress\/wp-json\/wp\/v2\/categories?post=186723"},{"taxonomy":"post_tag","embeddable":true,"href":"https:\/\/www.radiopiu.net\/wordpress\/wp-json\/wp\/v2\/tags?post=186723"}],"curies":[{"name":"wp","href":"https:\/\/api.w.org\/{rel}","templated":true}]}}