{"id":186748,"date":"2021-01-25T10:50:35","date_gmt":"2021-01-25T09:50:35","guid":{"rendered":"https:\/\/www.radiopiu.net\/wordpress\/?p=186748"},"modified":"2021-01-25T10:50:35","modified_gmt":"2021-01-25T09:50:35","slug":"la-strada-della-val-medone-a-prova-sicurezza","status":"publish","type":"post","link":"https:\/\/www.radiopiu.net\/wordpress\/la-strada-della-val-medone-a-prova-sicurezza\/","title":{"rendered":"LA STRADA DELLA VAL MEDONE A PROVA SICUREZZA"},"content":{"rendered":"<p><strong>BELLUNO<\/strong> L\u2019Unione Montana Bellunese ha rimesso a nuovo la strada vicinale della Val Medone, unica via di accesso alle propriet\u00e0 silvo-pastorali comunali e alle opere di approvvigionamento idrico che servono le frazioni di Bolzano Bellunese.\u00a0 \u00a0Nel 2016, si stacc\u00f2 una frana dal versante di valle con un fronte di circa 15 metri. E questo ha provocato il restringimento della carreggiata e la conseguente pericolosit\u00e0 legata al transito dei mezzi. Ecco perch\u00e9 si \u00e8 reso necessario l\u2019intervento di consolidamento del versante, cos\u00ec come il ripristino delle opere di stabilizzazione delle scarpata, a monte, e di un tratto della strada vicinale, per uno sviluppo complessivo di 130 metri.\u00a0 Con l\u2019obiettivo di consolidare la scarpata di valle, \u00e8 stato realizzato un muro di sostegno in cemento armato. Spazio poi alla formazione di drenaggi a tergo dei muri, alla posa di un guardrail in legno e acciaio. Fondamentale, inoltre, il ripristino della carreggiata. Infine, non \u00e8 mancata la sistemazione del versante. Per portare a termine il progetto, sono serviti 114mila euro: la somma \u00e8 stata coperta per pi\u00f9 di 80mila euro da un finanziamento Avepa, oltre che dal contributo di Bim Gsp (16mila euro) e del Comune di Belluno (17mila euro).<\/p>\n\n\t\t\t<style type='text\/css'>\n\t\t\t\t#gallery-1 {\n\t\t\t\t\tmargin: auto;\n\t\t\t\t}\n\t\t\t\t#gallery-1 .gallery-item {\n\t\t\t\t\tfloat: left;\n\t\t\t\t\tmargin-top: 10px;\n\t\t\t\t\ttext-align: center;\n\t\t\t\t\twidth: 33%;\n\t\t\t\t}\n\t\t\t\t#gallery-1 img {\n\t\t\t\t\tborder: 2px solid #cfcfcf;\n\t\t\t\t}\n\t\t\t\t#gallery-1 .gallery-caption {\n\t\t\t\t\tmargin-left: 0;\n\t\t\t\t}\n\t\t\t\t\/* see gallery_shortcode() in wp-includes\/media.php *\/\n\t\t\t<\/style>\n\t\t<div id='gallery-1' class='dt-gallery-container gallery galleryid-186748 gallery-columns-3 gallery-size-thumbnail'><dl class='gallery-item'>\n\t\t\t\t<dt class='gallery-icon landscape'>\n\t\t\t\t\t<a class=\"rollover rollover-zoom dt-pswp-item\" title=\"2_Val_Medone\" data-dt-img-description=\"\" data-large_image_width=\"1521\" data-large_image_height=\"997\"href='https:\/\/www.radiopiu.net\/wordpress\/wp-content\/uploads\/2021\/01\/2_Val_Medone.jpg'><img loading=\"lazy\" decoding=\"async\" width=\"150\" height=\"150\" src=\"https:\/\/www.radiopiu.net\/wordpress\/wp-content\/uploads\/2021\/01\/2_Val_Medone-150x150.jpg\" class=\"attachment-thumbnail size-thumbnail\" alt=\"\" \/><\/a>\n\t\t\t\t<\/dt><\/dl><dl class='gallery-item'>\n\t\t\t\t<dt class='gallery-icon landscape'>\n\t\t\t\t\t<a class=\"rollover rollover-zoom dt-pswp-item\" title=\"1_Val_Medone\" data-dt-img-description=\"\" data-large_image_width=\"1536\" data-large_image_height=\"1152\"href='https:\/\/www.radiopiu.net\/wordpress\/wp-content\/uploads\/2021\/01\/1_Val_Medone.jpg'><img loading=\"lazy\" decoding=\"async\" width=\"150\" height=\"150\" src=\"https:\/\/www.radiopiu.net\/wordpress\/wp-content\/uploads\/2021\/01\/1_Val_Medone-150x150.jpg\" class=\"attachment-thumbnail size-thumbnail\" alt=\"\" \/><\/a>\n\t\t\t\t<\/dt><\/dl><dl class='gallery-item'>\n\t\t\t\t<dt class='gallery-icon landscape'>\n\t\t\t\t\t<a class=\"rollover rollover-zoom dt-pswp-item\" title=\"3_Val_Medone_jpg\" data-dt-img-description=\"\" data-large_image_width=\"1363\" data-large_image_height=\"1023\"href='https:\/\/www.radiopiu.net\/wordpress\/wp-content\/uploads\/2021\/01\/3_Val_Medone_jpg.jpg'><img loading=\"lazy\" decoding=\"async\" width=\"150\" height=\"150\" src=\"https:\/\/www.radiopiu.net\/wordpress\/wp-content\/uploads\/2021\/01\/3_Val_Medone_jpg-150x150.jpg\" class=\"attachment-thumbnail size-thumbnail\" alt=\"\" \/><\/a>\n\t\t\t\t<\/dt><\/dl><br style=\"clear: both\" \/>\n\t\t\t<\/div>\n\n<p>&nbsp;<\/p>\n","protected":false},"excerpt":{"rendered":"<p>BELLUNO L\u2019Unione Montana Bellunese ha rimesso a nuovo la strada vicinale della Val Medone, unica via di accesso alle propriet\u00e0 silvo-pastorali comunali e alle opere di approvvigionamento idrico che servono le frazioni di Bolzano Bellunese.\u00a0 \u00a0Nel 2016, si stacc\u00f2 una frana dal versante di valle con un fronte di circa 15 metri. E questo ha&hellip;<\/p>\n","protected":false},"author":4,"featured_media":186749,"comment_status":"closed","ping_status":"closed","sticky":false,"template":"","format":"standard","meta":{"_monsterinsights_skip_tracking":false,"_monsterinsights_sitenote_active":false,"_monsterinsights_sitenote_note":"","_monsterinsights_sitenote_category":0,"footnotes":""},"categories":[49],"tags":[],"class_list":["post-186748","post","type-post","status-publish","format-standard","has-post-thumbnail","hentry","category-news-18","category-49","description-off"],"img_url":"https:\/\/www.radiopiu.net\/wordpress\/wp-content\/uploads\/2021\/01\/2_Val_Medone.jpg","_links":{"self":[{"href":"https:\/\/www.radiopiu.net\/wordpress\/wp-json\/wp\/v2\/posts\/186748","targetHints":{"allow":["GET"]}}],"collection":[{"href":"https:\/\/www.radiopiu.net\/wordpress\/wp-json\/wp\/v2\/posts"}],"about":[{"href":"https:\/\/www.radiopiu.net\/wordpress\/wp-json\/wp\/v2\/types\/post"}],"author":[{"embeddable":true,"href":"https:\/\/www.radiopiu.net\/wordpress\/wp-json\/wp\/v2\/users\/4"}],"replies":[{"embeddable":true,"href":"https:\/\/www.radiopiu.net\/wordpress\/wp-json\/wp\/v2\/comments?post=186748"}],"version-history":[{"count":0,"href":"https:\/\/www.radiopiu.net\/wordpress\/wp-json\/wp\/v2\/posts\/186748\/revisions"}],"wp:featuredmedia":[{"embeddable":true,"href":"https:\/\/www.radiopiu.net\/wordpress\/wp-json\/wp\/v2\/media\/186749"}],"wp:attachment":[{"href":"https:\/\/www.radiopiu.net\/wordpress\/wp-json\/wp\/v2\/media?parent=186748"}],"wp:term":[{"taxonomy":"category","embeddable":true,"href":"https:\/\/www.radiopiu.net\/wordpress\/wp-json\/wp\/v2\/categories?post=186748"},{"taxonomy":"post_tag","embeddable":true,"href":"https:\/\/www.radiopiu.net\/wordpress\/wp-json\/wp\/v2\/tags?post=186748"}],"curies":[{"name":"wp","href":"https:\/\/api.w.org\/{rel}","templated":true}]}}