{"id":186889,"date":"2021-01-25T18:18:09","date_gmt":"2021-01-25T17:18:09","guid":{"rendered":"https:\/\/www.radiopiu.net\/wordpress\/?p=186889"},"modified":"2021-01-25T18:23:22","modified_gmt":"2021-01-25T17:23:22","slug":"covid-zaia-su-dati-europei-ecdc-non-realistici-perche-quelli-italiani-non-sono-uniformi-e-persino-ovvio-che-chi-fa-piu-tamponi-trova-piu-casi-ma-non-se","status":"publish","type":"post","link":"https:\/\/www.radiopiu.net\/wordpress\/covid-zaia-su-dati-europei-ecdc-non-realistici-perche-quelli-italiani-non-sono-uniformi-e-persino-ovvio-che-chi-fa-piu-tamponi-trova-piu-casi-ma-non-se\/","title":{"rendered":"ZAIA ALL&#8217;EUROPA:   IL ROSSO SCURO NON C&#8217;ENTRA ASSOLUTAMENTE NIENTE CON LA REALTA&#8217;"},"content":{"rendered":"<p><strong>VENEZIA <\/strong>\u201c<em>Immagino che l\u2019Ecdc parta dalla considerazione che i dati italiani siano uniformi. Questo \u00e8 un errore di fondo che porta a dati fuorvianti. Bisogna ribadire per l\u2019ennesima volta che il numero di positivi a settimana su centomila abitanti dipende dalle positivit\u00e0 che si trovano facendo tamponi. Basta applicare la propriet\u00e0 transitiva, ma anche stavolta non \u00e8 stato fatto, secondo la quale chi fa tanti tamponi trova tanti positivi, chi ne fa meno, ne trova meno. In Veneto arriviamo a farne 60-65 mila al giorno, in altre regioni se ne fanno magari un decimo. E\u2019 quindi ovvio che non si possono mettere a confronto regioni che fanno tanti tamponi e altre che non ne fanno<\/em>\u201d. Lo precisa con forza il Presidente della Regione del Veneto, Luca Zaia, in relazione alla notizia secondo la quale una simulazione su dati raccolti dall\u2019Ecdc europeo al 17 gennaio, resi noti oggi dal Commissario Europeo Didier Reynders, porrebbe il Veneto, con l\u2019Emilia Romagna, il Friuli Venezia Giulia e Bolzano in una sorta di \u201cfascia rosso scuro\u201d. \u201c<em>Noi \u2013 incalza Zaia \u2013 abbiamo sempre avuto una percentuale di positivi sui tamponi eseguiti giornalmente non superiore all\u20198%, e in questi ultimi 20 giorni tale percentuale si \u00e8 attestata tra il 2% e il 4%<\/em>\u201d. \u201c<em>Quindi \u2013 conclude il Governatore \u2013 tutti, a ogni livello, devono parlare sulla base di dati omogenei, perch\u00e9 altrimenti, come in questo caso, scaturiscono dati fuorvianti, che non c\u2019entrano assolutamente niente con la realt\u00e0<\/em>\u201d. Le rilevazioni del Veneto, peraltro, parlano chiaro in questo senso, con 201 casi su 100.000 su base settimanale.<\/p>\n<p>&nbsp;<\/p>\n<blockquote>\n<h3>ONDATA DI GELO DALL&#8217;EUROPA: &#8220;VENETO IN ROSSO&#8221;<\/h3>\n<\/blockquote>\n<p><span class=\"im_message_author_wrap\"><a class=\"im_message_author\">&#x1f9a0; CORONAVIRUS NEWS || ITA<\/a><span class=\"copyonly\">:<\/span><\/span><\/p>\n<div>\n<div class=\"im_message_text\" dir=\"auto\">&#x1f1ea;&#x1f1fa; Sono tre le regioni, insieme alla Provincia autonoma di Bolzano, a rischio di essere mappate dall&#8217;Ue come zone \u2018rosso scuro\u2019 e quindi essere sottoposte all&#8217;obbligo di test e quarantena per poter viaggiare nell&#8217;Ue. Si tratta di Veneto, Friuli-Venezia Giulia ed Emilia Romagna.La classificazione europea non ha nulla a che fare con le colorazioni dal giallo al rosso decise del Ministero della Sanit\u00e0<\/div>\n<\/div>\n<div dir=\"auto\"><\/div>\n<div dir=\"auto\">DAL GIORNALE RADIO NAZIONALE DELLE 17 \u00a0Zona rosso scuro significa per l&#8217;Europa obbligo di test e quarantena per poter viaggiare nell&#8217;Unione Europea.<\/div>\n<div dir=\"auto\">\n<audio class=\"wp-audio-shortcode\" id=\"audio-186889-1\" preload=\"none\" style=\"width: 100%;\" controls=\"controls\"><source type=\"audio\/mpeg\" src=\"https:\/\/www.radiopiu.net\/wordpress\/wp-content\/uploads\/2021\/01\/giornale-rosso.mp3?_=1\" \/><a href=\"https:\/\/www.radiopiu.net\/wordpress\/wp-content\/uploads\/2021\/01\/giornale-rosso.mp3\">https:\/\/www.radiopiu.net\/wordpress\/wp-content\/uploads\/2021\/01\/giornale-rosso.mp3<\/a><\/audio>\n<p>&nbsp;<\/p>\n<p>&nbsp;<\/p>\n<\/div>\n<p><strong>IL REPORT SUL VENETO DEL MINISTERO DELLA SALUTE\u00a0<\/strong><\/p>\n<a href=\"https:\/\/www.radiopiu.net\/wordpress\/wp-content\/uploads\/2021\/01\/REPORT-SETTIMANALE-MINISTERO-SALUTE-SUL-VENETO.pdf\" class=\"pdfemb-viewer\" style=\"\" data-width=\"max\" data-height=\"max\" data-toolbar=\"top\" data-toolbar-fixed=\"on\">REPORT SETTIMANALE MINISTERO SALUTE SUL VENETO<\/a>\n","protected":false},"excerpt":{"rendered":"<p>VENEZIA \u201cImmagino che l\u2019Ecdc parta dalla considerazione che i dati italiani siano uniformi. Questo \u00e8 un errore di fondo che porta a dati fuorvianti. Bisogna ribadire per l\u2019ennesima volta che il numero di positivi a settimana su centomila abitanti dipende dalle positivit\u00e0 che si trovano facendo tamponi. Basta applicare la propriet\u00e0 transitiva, ma anche stavolta&hellip;<\/p>\n","protected":false},"author":4,"featured_media":139388,"comment_status":"closed","ping_status":"closed","sticky":false,"template":"","format":"standard","meta":{"_monsterinsights_skip_tracking":false,"_monsterinsights_sitenote_active":false,"_monsterinsights_sitenote_note":"","_monsterinsights_sitenote_category":0,"footnotes":""},"categories":[51,49],"tags":[],"class_list":["post-186889","post","type-post","status-publish","format-standard","has-post-thumbnail","hentry","category-evidenza-top","category-news-18","category-51","category-49","description-off"],"img_url":"https:\/\/www.radiopiu.net\/wordpress\/wp-content\/uploads\/2020\/05\/ZAIA-1.jpg","_links":{"self":[{"href":"https:\/\/www.radiopiu.net\/wordpress\/wp-json\/wp\/v2\/posts\/186889","targetHints":{"allow":["GET"]}}],"collection":[{"href":"https:\/\/www.radiopiu.net\/wordpress\/wp-json\/wp\/v2\/posts"}],"about":[{"href":"https:\/\/www.radiopiu.net\/wordpress\/wp-json\/wp\/v2\/types\/post"}],"author":[{"embeddable":true,"href":"https:\/\/www.radiopiu.net\/wordpress\/wp-json\/wp\/v2\/users\/4"}],"replies":[{"embeddable":true,"href":"https:\/\/www.radiopiu.net\/wordpress\/wp-json\/wp\/v2\/comments?post=186889"}],"version-history":[{"count":0,"href":"https:\/\/www.radiopiu.net\/wordpress\/wp-json\/wp\/v2\/posts\/186889\/revisions"}],"wp:featuredmedia":[{"embeddable":true,"href":"https:\/\/www.radiopiu.net\/wordpress\/wp-json\/wp\/v2\/media\/139388"}],"wp:attachment":[{"href":"https:\/\/www.radiopiu.net\/wordpress\/wp-json\/wp\/v2\/media?parent=186889"}],"wp:term":[{"taxonomy":"category","embeddable":true,"href":"https:\/\/www.radiopiu.net\/wordpress\/wp-json\/wp\/v2\/categories?post=186889"},{"taxonomy":"post_tag","embeddable":true,"href":"https:\/\/www.radiopiu.net\/wordpress\/wp-json\/wp\/v2\/tags?post=186889"}],"curies":[{"name":"wp","href":"https:\/\/api.w.org\/{rel}","templated":true}]}}