{"id":186927,"date":"2021-01-27T05:47:01","date_gmt":"2021-01-27T04:47:01","guid":{"rendered":"https:\/\/www.radiopiu.net\/wordpress\/?p=186927"},"modified":"2021-01-27T10:43:56","modified_gmt":"2021-01-27T09:43:56","slug":"giornale-radiopiu-27-gennaio-2021-direttore-mirko-mezzacasa","status":"publish","type":"post","link":"https:\/\/www.radiopiu.net\/wordpress\/giornale-radiopiu-27-gennaio-2021-direttore-mirko-mezzacasa\/","title":{"rendered":"GIORNALE RADIOPIU 27 GENNAIO 2021 DIRETTORE MIRKO MEZZACASA"},"content":{"rendered":"<h3><a href=\"https:\/\/www.radiopiu.net\/wordpress\/giornale-radiopiu-24-gennaio-2021-direttore-mirko-mezzacasa\/141433770_171616291414874_2957460898102012198_n\/\" rel=\"attachment wp-att-186566\"><img loading=\"lazy\" decoding=\"async\" class=\"wp-image-186566 alignleft\" src=\"https:\/\/www.radiopiu.net\/wordpress\/wp-content\/uploads\/2021\/01\/141433770_171616291414874_2957460898102012198_n-300x300.jpg\" alt=\"\" width=\"144\" height=\"144\" srcset=\"https:\/\/www.radiopiu.net\/wordpress\/wp-content\/uploads\/2021\/01\/141433770_171616291414874_2957460898102012198_n-300x300.jpg 300w, https:\/\/www.radiopiu.net\/wordpress\/wp-content\/uploads\/2021\/01\/141433770_171616291414874_2957460898102012198_n-150x150.jpg 150w, https:\/\/www.radiopiu.net\/wordpress\/wp-content\/uploads\/2021\/01\/141433770_171616291414874_2957460898102012198_n-768x768.jpg 768w, https:\/\/www.radiopiu.net\/wordpress\/wp-content\/uploads\/2021\/01\/141433770_171616291414874_2957460898102012198_n.jpg 800w\" sizes=\"auto, (max-width: 144px) 100vw, 144px\" \/><\/a>PER<strong> RICEVERE QUESTO NOTIZIARIO DIRETTAMENTE SUL TUO CELLULARE ISCRIVITI AL CANALE TELEGRAM <\/strong><strong>\u201cRADIO PIU\u00a0 INFORMAZIONE&#8221;\u00a0<\/strong><\/h3>\n<h3>SUPERATI I 3000 ISCRITTI, il CANALE TELEGRAM&#8230; UNISCITI A: RADIO PIU INFORMAZIONE<\/h3>\n<p>&nbsp;<\/p>\n<p><em><a href=\"https:\/\/www.radiopiu.net\/wordpress\/giornale-radiopiu-24-gennaio-2021-direttore-mirko-mezzacasa\/79216601_126817312416448_708980208774483089_n\/\" rel=\"attachment wp-att-186567\"><img loading=\"lazy\" decoding=\"async\" class=\"size-medium wp-image-186567 alignright\" src=\"https:\/\/www.radiopiu.net\/wordpress\/wp-content\/uploads\/2021\/01\/79216601_126817312416448_708980208774483089_n-300x114.jpg\" alt=\"\" width=\"300\" height=\"114\" srcset=\"https:\/\/www.radiopiu.net\/wordpress\/wp-content\/uploads\/2021\/01\/79216601_126817312416448_708980208774483089_n-300x114.jpg 300w, https:\/\/www.radiopiu.net\/wordpress\/wp-content\/uploads\/2021\/01\/79216601_126817312416448_708980208774483089_n-768x292.jpg 768w, https:\/\/www.radiopiu.net\/wordpress\/wp-content\/uploads\/2021\/01\/79216601_126817312416448_708980208774483089_n.jpg 820w\" sizes=\"auto, (max-width: 300px) 100vw, 300px\" \/><\/a><span style=\"color: #ff0000;\">ATTENZIONE: LA NUOVA APP PER IOS-IPHONE di Nicola Vettorello <\/span><\/em><a href=\"https:\/\/apps.apple.com\/it\/app\/radio-pi%C3%B9-emittente-agordina\/id1515939845\">https:\/\/apps.apple.com\/it\/app\/radio-pi%C3%B9-emittente-agordina\/id1515939845<\/a> <em style=\"color: #ff0000;\">ATTENZIONE: LA NUOVA APP RADIO\u00a0 PER ANDROID di Nicola Vettorello<\/em><\/p>\n<p><a href=\"https:\/\/play.google.com\/store\/apps\/details?id=net.radiopiu.iniko\" target=\"_blank\" rel=\"noopener noreferrer\">https:\/\/play.google.com\/store\/apps\/details?id=net.radiopiu.iniko<\/a><\/p>\n<p>&nbsp;<\/p>\n<hr \/>\n<p>&nbsp;<\/p>\n<p><a href=\"https:\/\/www.radiopiu.net\/wordpress\/acqua-alta-di-ilaria-colangeli\/1236827_10205459850482519_3300730022538887559_n\/\" rel=\"attachment wp-att-109180\"><img loading=\"lazy\" decoding=\"async\" class=\"wp-image-109180 alignleft\" src=\"https:\/\/www.radiopiu.net\/wordpress\/wp-content\/uploads\/2019\/12\/1236827_10205459850482519_3300730022538887559_n-300x225.jpg\" alt=\"\" width=\"206\" height=\"155\" srcset=\"https:\/\/www.radiopiu.net\/wordpress\/wp-content\/uploads\/2019\/12\/1236827_10205459850482519_3300730022538887559_n-300x225.jpg 300w, https:\/\/www.radiopiu.net\/wordpress\/wp-content\/uploads\/2019\/12\/1236827_10205459850482519_3300730022538887559_n-768x576.jpg 768w, https:\/\/www.radiopiu.net\/wordpress\/wp-content\/uploads\/2019\/12\/1236827_10205459850482519_3300730022538887559_n.jpg 800w\" sizes=\"auto, (max-width: 206px) 100vw, 206px\" \/><\/a><\/p>\n<p><strong>ALLE 8 05<\/strong> LA RASSEGNA DELLA STAMPA LOCALE DAL 1983<\/p>\n<p><strong>ALLE 9<\/strong> A RADIO PIU (BELLUNO 104.400, FELTRE 88.300) L&#8217;INTERVISTA AL DOTTOR SANDRO CINQUETTI RESPONSABILE PREVENZIONE ULSS1 BELLUNO. L&#8217;ANDAMENTO DELLA PANDEMIA NEL BELLUNESE, VACCINAZIONE E RIPRESA DELL&#8217;ATTIVITA&#8217; OSPEDALIERA.<\/p>\n<p><strong>ALLE 10.30<\/strong> CISL LA VOCE DEI LAVORATORI, ULTIME NOVITA&#8217; LA LUXOTTICA, IN STUDIO PER LA CISL PAOLO CHISSALE&#8217; DELLA RSU<\/p>\n<p><strong>ALLE 12.30<\/strong> IL GIORNALE RADIO PRINCIPALE, DAL 1983<\/p>\n<p><strong>ALLE 15.10<\/strong> CONOSCIAMO LA CORALE DI LIMANA CON SILVIA BALDO<\/p>\n<p><strong>ALLE 16.00<\/strong> HOCKEY&#8230; LE INTERVISTE<\/p>\n<p>&nbsp;<\/p>\n<p>&nbsp;<\/p>\n<hr \/>\n<p>&nbsp;<\/p>\n<blockquote>\n<h3>FALZAREGO E GIAU RIAPERTI AL TRAFFICO. VALPAROLA CHIUSO PER PERICOLO VALANGHE FINO A MUTATE CONDIZIONI<\/h3>\n<\/blockquote>\n<p><strong><a href=\"https:\/\/www.radiopiu.net\/wordpress\/valparola-falzarego-e-giau-riaperti-al-traffico\/141382069_3690197211049012_3323430425241309189_o-2\/\" rel=\"attachment wp-att-187019\"><img loading=\"lazy\" decoding=\"async\" class=\" wp-image-187019 alignleft\" src=\"https:\/\/www.radiopiu.net\/wordpress\/wp-content\/uploads\/2021\/01\/141382069_3690197211049012_3323430425241309189_o-1-300x225.jpg\" alt=\"\" width=\"139\" height=\"105\" srcset=\"https:\/\/www.radiopiu.net\/wordpress\/wp-content\/uploads\/2021\/01\/141382069_3690197211049012_3323430425241309189_o-1-300x225.jpg 300w, https:\/\/www.radiopiu.net\/wordpress\/wp-content\/uploads\/2021\/01\/141382069_3690197211049012_3323430425241309189_o-1.jpg 600w\" sizes=\"auto, (max-width: 139px) 100vw, 139px\" \/><\/a>VENETO STRADE<\/strong> Sono stati riaperti i seguenti tratti stradali:\u00a0 S.P. 30 \u201cPanoramica del Comelico\u201d\u00a0 &#8211; S.P. 49 \u201cdi Misurina\u201d (Carbonin).\u00a0 &#8211; S.R. 48 \u201cdelle Dolomiti\u201d Passo Falzarego &#8211; S.P. 638 \u201cdel Passo Giau\u201d <strong>Rimangono chiuse al transito: <\/strong>&#8211; S.P. 30 Costalissoio,\u00a0 S.P. 641 \u201cdel passo Fedaia\u201d ; &#8211; S.P. 148 \u201cCadorna\u201d ; &#8211; S.P. 619 \u201cdi Vigo di Cadore\u201d .\u00a0 <strong>Permangono inoltre le chiusure: <\/strong>&#8211; S.P. 2 \u201cdella Val del Mis\u201d; &#8211; S.P. 5 dir \u201cdi Lamosano\u201d; &#8211; S.P. 42 \u201cdella Cavallera\u201d S.P. 422 \u201cdell\u2019Alpago e del Cansiglio\u201d ; &#8211; S.P. 33 \u201cdi Sauris\u201d. <em><strong>SP 24 Passo Valparola, SP 30 Panoramica del Comelico, SP 619 di Vigo di Cadore e la SP 641 del Passo Fedaia sono chiusi al transito per pericolo caduta valanghe. La chiusura fino a mutate condizioni.<\/strong><\/em><\/p>\n<p>&nbsp;<\/p>\n<hr \/>\n<p>&nbsp;<\/p>\n<blockquote>\n<h3>90MILA PRESTAZIONI ARRETRATE DA RECUPERARE, RIAPRONO GLI AMBULATORI DEGLI OSPEDALI. DA LUNEDI A SCUOLA LA META&#8217; DEGLI STUDENTI DELLE SUPERIORI: PREVALE LA CAUTELA.<\/h3>\n<\/blockquote>\n<p>Con il crollo dei contagi riprendono le attivit\u00e0 ospedaliere (dal 1 febbraio) sospese nella fase pi\u00f9 acuta della pandemia, oggi il direttore della sanit\u00e0 del Veneto Luciano Flor firmer\u00e0 la circolare per autorizzare i manager di Ulss e Aziende a ripristinare le visite specialistiche dando il via al contempo anche alla libera professione. Continua la campagna di vaccinazione, oggi in arrivo 50 mila dosi tutte riservate ai <a href=\"https:\/\/www.radiopiu.net\/wordpress\/karpos-veste-gli-atleti-della-sanita\/covid-point-auronzo\/\" rel=\"attachment wp-att-176360\"><img loading=\"lazy\" decoding=\"async\" class=\" wp-image-176360 alignleft\" src=\"https:\/\/www.radiopiu.net\/wordpress\/wp-content\/uploads\/2020\/12\/covid-point-auronzo-300x300.jpg\" alt=\"\" width=\"187\" height=\"187\" srcset=\"https:\/\/www.radiopiu.net\/wordpress\/wp-content\/uploads\/2020\/12\/covid-point-auronzo-300x300.jpg 300w, https:\/\/www.radiopiu.net\/wordpress\/wp-content\/uploads\/2020\/12\/covid-point-auronzo-1024x1024.jpg 1024w, https:\/\/www.radiopiu.net\/wordpress\/wp-content\/uploads\/2020\/12\/covid-point-auronzo-150x150.jpg 150w, https:\/\/www.radiopiu.net\/wordpress\/wp-content\/uploads\/2020\/12\/covid-point-auronzo-768x768.jpg 768w, https:\/\/www.radiopiu.net\/wordpress\/wp-content\/uploads\/2020\/12\/covid-point-auronzo-1536x1536.jpg 1536w, https:\/\/www.radiopiu.net\/wordpress\/wp-content\/uploads\/2020\/12\/covid-point-auronzo-2048x2048.jpg 2048w\" sizes=\"auto, (max-width: 187px) 100vw, 187px\" \/><\/a>richiami. Scuola: da lunedi riprendono le lezioni in presenza alle superiore ma con un tappo: non pi\u00f9 del 50% degli studenti ovvero il livello pi\u00f9 alto di cautela. Il comparto dello sci \u00e8 in grande sofferenza, dopo le manifestazioni della scorsa settimana ad Alleghe, Rocca Pietore e Val di Zoldo domani protestano gli operatori turistici di San Vito di Cadore al grido di &#8220;lavoro o ristori&#8221;.<\/p>\n<blockquote>\n<h3>QUATTRO DECESSI IN 24 ORE IN ULSS 1 DOLOMITI, RICOVERI IN CALO, 83 NUOVI POSITIVI<\/h3>\n<\/blockquote>\n<p><strong>BELLUNO <\/strong>Nelle ultime 24 ore sono decedute 4 persone covid positive: una donna di anni 88 e una di 92 anni ricoverate in Medicina a Belluno, una donna di 88 anni ricoverata in Geriatria a Belluno e una donna di 88 anni ricoverata in malattie Infettive. I nuovi positivi in Ulss 1 Dolomiti sono 83 <em>(sono stati comrpesi nell\u2019analisi anche i casi determinati da tampone antigenico eseguito a partire dal 16.1.2021)<\/em>.<\/p>\n<p><strong>Ricoveri <\/strong><\/p>\n<p><em>(dato alle ore 17.00 fonte: Azienda Zero)<\/em><\/p>\n<p>Le persone attualmente POSITIVE ricoverate negli ospedali dell\u2019Ulss Dolomiti sono:<\/p>\n<table>\n<tbody>\n<tr>\n<td width=\"217\"><strong>\u00a0<\/strong><\/td>\n<td width=\"217\"><strong>Area NON CRITICA<\/strong><\/td>\n<td width=\"217\"><strong>Terapia Intensiva<\/strong><\/td>\n<\/tr>\n<tr>\n<td width=\"217\"><strong>Ospedale di Belluno <\/strong><\/td>\n<td width=\"217\">38<\/td>\n<td width=\"217\">2<\/td>\n<\/tr>\n<tr>\n<td width=\"217\"><strong>Ospedale di Feltre<\/strong><\/td>\n<td width=\"217\">23<\/td>\n<td width=\"217\">5<\/td>\n<\/tr>\n<\/tbody>\n<\/table>\n<p>&nbsp;<\/p>\n<p>Le persone attualmente POSITIVE ricoverate in Ospedale di Comunit\u00e0 sono:<\/p>\n<table>\n<tbody>\n<tr>\n<td width=\"326\"><strong>\u00a0<\/strong><\/td>\n<td width=\"326\"><strong>pazienti attualmente positivi<\/strong><\/td>\n<\/tr>\n<tr>\n<td width=\"326\"><strong>Ospedale di Comunit\u00e0 di BELLUNO<\/strong><\/td>\n<td width=\"326\">7<\/td>\n<\/tr>\n<tr>\n<td width=\"326\"><strong>Ospedale di Comunit\u00e0 di FELTRE<\/strong><\/td>\n<td width=\"326\">7<\/td>\n<\/tr>\n<\/tbody>\n<\/table>\n<p>&nbsp;<\/p>\n<hr \/>\n<p>&nbsp;<\/p>\n<blockquote>\n<h3>NUOVI ORARI CALL CENTER COVID DAL 1\u00b0 FEBBRAIO 2021<\/h3>\n<\/blockquote>\n<p><strong><a href=\"https:\/\/www.radiopiu.net\/wordpress\/giornale-radiopiu-26-gennaio-2021-direttore-mirko-mezzacasa\/numero-covid_febbraio-2021\/\" rel=\"attachment wp-att-186852\"><img loading=\"lazy\" decoding=\"async\" class=\"wp-image-186852 alignleft\" src=\"https:\/\/www.radiopiu.net\/wordpress\/wp-content\/uploads\/2021\/01\/numero-covid_febbraio-2021-300x212.jpg\" alt=\"\" width=\"202\" height=\"143\" srcset=\"https:\/\/www.radiopiu.net\/wordpress\/wp-content\/uploads\/2021\/01\/numero-covid_febbraio-2021-300x212.jpg 300w, https:\/\/www.radiopiu.net\/wordpress\/wp-content\/uploads\/2021\/01\/numero-covid_febbraio-2021-1024x724.jpg 1024w, https:\/\/www.radiopiu.net\/wordpress\/wp-content\/uploads\/2021\/01\/numero-covid_febbraio-2021-768x543.jpg 768w, https:\/\/www.radiopiu.net\/wordpress\/wp-content\/uploads\/2021\/01\/numero-covid_febbraio-2021-1536x1086.jpg 1536w, https:\/\/www.radiopiu.net\/wordpress\/wp-content\/uploads\/2021\/01\/numero-covid_febbraio-2021.jpg 2000w\" sizes=\"auto, (max-width: 202px) 100vw, 202px\" \/><\/a> <\/strong><\/p>\n<p><strong>\u00a0<\/strong><\/p>\n<p><strong>BELLUNO <\/strong>L&#8217;importante rallentamento epidemico registrato nelle ultime settimane e la conseguente forte riduzione delle telefonate con richiesta di informazioni da parte dei cittadini, consentono di rimodulare giorni ed orari di attivit\u00e0 del CALL CENTER COVID Dal 1\u00b0 febbraio 2021 lo 0437\/514343 sar\u00e0 attivo dalle 8 alle 18 da luned\u00ec a sabato.<\/p>\n<p>&nbsp;<\/p>\n<p>&nbsp;<\/p>\n<p>&nbsp;<\/p>\n<hr \/>\n<p>&nbsp;<\/p>\n<blockquote>\n<h3>CHIUSURA A FASCE ORARIE PER LA PROVINCIALE 3 DI VAL IMPERINA<\/h3>\n<\/blockquote>\n<p><strong><img loading=\"lazy\" decoding=\"async\" class=\"alignleft\" src=\"https:\/\/www.radiopiu.net\/wordpress\/wp-content\/uploads\/2020\/11\/GOSALDO.jpg\" width=\"220\" height=\"124\" \/>GOSALDO<\/strong> Per lavori di messa in sicurezza la provinciale 3 di Val Imperina tra Forcella Franche e Vallasin chiude totalmente\u00a0 (fino al 24 febbraio) con esclusione dei giorni festivi e prefestivi. Sar\u00e0 chiusa dalle 8 alle 12.45; dalle 13.45 alle 15.50 e dalle 16.10 alle 17.45. Nei periodi non interessati dalla chiusura compresi sabato e domenica senso unico alternato regolato da semaforo. <strong>PROVINCIALE 2 VALLE DEL MIS<\/strong>: Fino al 25 marzo, compresi sabato e domenica\u00a0 senso unico alternato in localit\u00e0 Curti.<\/p>\n<p>&nbsp;<\/p>\n<p>&nbsp;<\/p>\n<hr \/>\n<p>&nbsp;<\/p>\n<blockquote>\n<h3>ACQUA NON POTABILE AD AGORDO<\/h3>\n<\/blockquote>\n<p><strong><a href=\"https:\/\/www.radiopiu.net\/wordpress\/giornale-radiopiu-09-agosto-2018-direttore-mirko-mezzacasa\/acqua\/\" rel=\"attachment wp-att-57052\"><img loading=\"lazy\" decoding=\"async\" class=\" wp-image-57052 alignleft\" src=\"https:\/\/www.radiopiu.net\/wordpress\/wp-content\/uploads\/2018\/08\/ACQUA-300x180.jpeg\" alt=\"\" width=\"112\" height=\"67\" srcset=\"https:\/\/www.radiopiu.net\/wordpress\/wp-content\/uploads\/2018\/08\/ACQUA-300x180.jpeg 300w, https:\/\/www.radiopiu.net\/wordpress\/wp-content\/uploads\/2018\/08\/ACQUA-768x461.jpeg 768w, https:\/\/www.radiopiu.net\/wordpress\/wp-content\/uploads\/2018\/08\/ACQUA-1024x614.jpeg 1024w, https:\/\/www.radiopiu.net\/wordpress\/wp-content\/uploads\/2018\/08\/ACQUA.jpeg 1280w\" sizes=\"auto, (max-width: 112px) 100vw, 112px\" \/><\/a>AGORDO<\/strong> Gestione Servizi Pubblici informa che ad AGORDO nelle LOCALITA&#8217; PARECH, PROMPICAI e TOCCOL, l&#8217;acqua erogata dall&#8217;acquedotto non \u00e8 potabile e pu\u00f2 essere usata per scopi alimentari SOLO PREVIA bollitura. GSP ha, comunque, gi\u00e0 adottato le necessarie misure per la disinfezione dell&#8217;acqua presente nei serbatoi e nella rete idrica con l&#8217;aggiunta di cloro<\/p>\n<p>&nbsp;<\/p>\n<p>&nbsp;<\/p>\n<hr \/>\n<p>&nbsp;<\/p>\n<blockquote>\n<h3>E&#8217; MORTO VITO FUSINA<\/h3>\n<\/blockquote>\n<p><strong><a href=\"https:\/\/www.radiopiu.net\/wordpress\/e-morto-vito-fusina\/d1f91ef0-6b6d-48ac-9174-367abf6de866\/\" rel=\"attachment wp-att-187103\"><img loading=\"lazy\" decoding=\"async\" class=\" wp-image-187103 alignleft\" src=\"https:\/\/www.radiopiu.net\/wordpress\/wp-content\/uploads\/2021\/01\/d1f91ef0-6b6d-48ac-9174-367abf6de866-168x300.jpg\" alt=\"\" width=\"102\" height=\"182\" srcset=\"https:\/\/www.radiopiu.net\/wordpress\/wp-content\/uploads\/2021\/01\/d1f91ef0-6b6d-48ac-9174-367abf6de866-168x300.jpg 168w, https:\/\/www.radiopiu.net\/wordpress\/wp-content\/uploads\/2021\/01\/d1f91ef0-6b6d-48ac-9174-367abf6de866.jpg 285w\" sizes=\"auto, (max-width: 102px) 100vw, 102px\" \/><\/a>AGORDO<\/strong> La notizia \u00e8 giunta improvvisa, come il malore che si \u00e8 portato via Vito Fusina, \u00e8 morto per cause naturali tra le mura della sua abitazione in localit\u00e0 Crostolin. Vito Fusina, per alcune generazioni l&#8217;autista dei Pullman, da Buzzatti in poi, cio\u00e8 una lunga fetta di storia. Un abbraccio alla famiglia Fusina, al fratello, alla moglie Attilia Dai Pra, ai figli Cinzia, Fabrizio, Giuliano, al genero, alle nuore, ai nipoti, pronipoti e tutti i parenti. I funerali si terranno giovedi alle 11 nella chiesa di Agordo.<\/p>\n<p>&nbsp;<\/p>\n<p><strong>TAIBON<\/strong> Nei giorni scorsi la comunit\u00e0 ha dato l&#8217;ultimo saluto a Carlo Dai Pra che ha lasciato la moglie SIlvia, i figli Idana, Ermes, Ginio e Doriano, anche Carlo \u00e8 stato uno degli uomini simbolo del trasporto pubblico, anche in questo caso dai tempi della Buzzatti ai cambiamenti successivi.<\/p>\n<p>&nbsp;<\/p>\n<p>&nbsp;<\/p>\n<hr \/>\n<p>&nbsp;<\/p>\n<blockquote>\n<h3>ROCCA PIETORE PIANGE IL SUO EX SINDACO NEGLI ANNI NOVANTA IN PRIMA LINEA PER DIFENDERE I CONFINI DELLA MARMOLADA. AFFRANTO IL CONSIGLIERE COMUNALE MAURIZIO DE CASSAN CHE CON MASSIMO HA CONDIVISO DUE LEGISLATURE DOPO GLI ANNI DEL SENATORE DINO RIVA.<\/h3>\n<\/blockquote>\n<p><strong><a href=\"https:\/\/www.radiopiu.net\/wordpress\/rocca-pietore-piange-il-suo-ex-sindaco\/9862089c-f9de-42a8-ba2b-7627b6eb1dbe\/\" rel=\"attachment wp-att-187062\"><img loading=\"lazy\" decoding=\"async\" class=\"size-medium wp-image-187062 alignleft\" src=\"https:\/\/www.radiopiu.net\/wordpress\/wp-content\/uploads\/2021\/01\/9862089c-f9de-42a8-ba2b-7627b6eb1dbe-225x300.jpg\" alt=\"\" width=\"225\" height=\"300\" srcset=\"https:\/\/www.radiopiu.net\/wordpress\/wp-content\/uploads\/2021\/01\/9862089c-f9de-42a8-ba2b-7627b6eb1dbe-225x300.jpg 225w, https:\/\/www.radiopiu.net\/wordpress\/wp-content\/uploads\/2021\/01\/9862089c-f9de-42a8-ba2b-7627b6eb1dbe-768x1023.jpg 768w, https:\/\/www.radiopiu.net\/wordpress\/wp-content\/uploads\/2021\/01\/9862089c-f9de-42a8-ba2b-7627b6eb1dbe-1153x1536.jpg 1153w, https:\/\/www.radiopiu.net\/wordpress\/wp-content\/uploads\/2021\/01\/9862089c-f9de-42a8-ba2b-7627b6eb1dbe.jpg 1200w\" sizes=\"auto, (max-width: 225px) 100vw, 225px\" \/><\/a>ROCCA PIETORE<\/strong> Il sindaco Andrea De Bernardin ha informato la sua comunit\u00e0 della scomparsa del geometra Massimo De Vallier, gi\u00e0 sindaco di Rocca Pietore per 10 anni dal 1990 al 1999 ai tempi della Democrazia Cristiana e dell&#8217;amicizia con l&#8217;allora Presidente della Comunit\u00e0 Montana e consigliere <a href=\"https:\/\/www.radiopiu.net\/wordpress\/rocca-pietore-piange-il-suo-ex-sindaco\/8647d982-98b9-45cf-98fc-f6273c72f5f4\/\" rel=\"attachment wp-att-187114\"><img loading=\"lazy\" decoding=\"async\" class=\"size-medium wp-image-187114 alignright\" src=\"https:\/\/www.radiopiu.net\/wordpress\/wp-content\/uploads\/2021\/01\/8647d982-98b9-45cf-98fc-f6273c72f5f4-135x300.jpg\" alt=\"\" width=\"135\" height=\"300\" srcset=\"https:\/\/www.radiopiu.net\/wordpress\/wp-content\/uploads\/2021\/01\/8647d982-98b9-45cf-98fc-f6273c72f5f4-135x300.jpg 135w, https:\/\/www.radiopiu.net\/wordpress\/wp-content\/uploads\/2021\/01\/8647d982-98b9-45cf-98fc-f6273c72f5f4-461x1024.jpg 461w, https:\/\/www.radiopiu.net\/wordpress\/wp-content\/uploads\/2021\/01\/8647d982-98b9-45cf-98fc-f6273c72f5f4-691x1536.jpg 691w, https:\/\/www.radiopiu.net\/wordpress\/wp-content\/uploads\/2021\/01\/8647d982-98b9-45cf-98fc-f6273c72f5f4.jpg 720w\" sizes=\"auto, (max-width: 135px) 100vw, 135px\" \/><\/a>comunale Elio Daur\u00f9. Stimato professionista con ufficio immobiliare in centro a Caprile (Agenzia Marmolada) dove lavora anche la moglie\u00a0 Claudia. Un lutto che ha scosso la comunit\u00e0.<\/p>\n<p>Il sindaco\u00a0<em>&#8220;Sono in ufficio a Rocca. Fino a pochi minuti fa ero collegato in video conferenza per una delle numerose riunioni on line. Nel mentre ho ricevuto la telefonata del nostro medico Dott. Allegro che mi informa della morte dell&#8217;ex Sindaco di Rocca Pietore Massimo De Vallier. \u00c8 grande il dispiacere di tutti qui in municipio. Alla sua famiglia, alla moglie Claudia al figlio Marco &#8211; che vive a Bologna &#8211;\u00a0 vanno le mie pi\u00f9 sentite condoglianze e a lui va il mio pensiero ad un collega che mi ha preceduto e che ha &#8220;abitato&#8221; questo ufficio dal 1990 al 1999. Erano parecchi giorni che era ricoverato in rianimazione a causa del Covid ma la mia speranza era che tornasse a stare bene e a continuare il suo lavoro nel suo ufficio di Caprile. Se non erro Massimo era del 1956, persona sempre curata e attenta e che si portava bene i suoi 65 anni. Mi dispiace davvero tanto. Ciao Sindaco Massimo&#8221;<br \/>\n<\/em>Nella foto con l&#8217;allora Presidente della Repubblica Francesco Cossiga<\/p>\n<p>&nbsp;<\/p>\n<p><strong>IL RICORDO DEL SINDACO ANDREA DE BERNARDIN ALLA RADIO<\/strong><\/p>\n<audio class=\"wp-audio-shortcode\" id=\"audio-186927-1\" preload=\"none\" style=\"width: 100%;\" controls=\"controls\"><source type=\"audio\/mpeg\" src=\"https:\/\/www.radiopiu.net\/wordpress\/wp-content\/uploads\/2021\/01\/andrea-1.mp3?_=1\" \/><a href=\"https:\/\/www.radiopiu.net\/wordpress\/wp-content\/uploads\/2021\/01\/andrea-1.mp3\">https:\/\/www.radiopiu.net\/wordpress\/wp-content\/uploads\/2021\/01\/andrea-1.mp3<\/a><\/audio>\n<blockquote><p>&nbsp;<\/p>\n<p><strong>Michele Costa Sindaco di Falcade<\/strong><strong> e Presidente dell&#8217;Unione Montana Agordina<\/strong> <em>Non conoscevo l&#8217;ex Sindaco, ma sono molto dispiaciuto per la sua morte. La Comunit\u00e0 rocchesana per prima, ma insieme tutto l&#8217;Agordino perdono una persona che si \u00e8 impegnata per la propria gente e che a causa di questo tremendo virus se n&#8217;\u00e8 andata troppo presto. Le mie condoglianze ai famigliari e un saluto e un grazie a questo Amministratore.<\/em><\/p>\n<p>&nbsp;<\/p><\/blockquote>\n<p>&nbsp;<\/p>\n<hr \/>\n<blockquote><p>&nbsp;<\/p>\n<h3>INCIDENTE IN NEVEGAL RUZZOLA LUNGO IL PENDIO<\/h3>\n<\/blockquote>\n<p><strong>BELLUNO<\/strong> Ieri mattina un 42enne di Santa Giustina, S.S. con gli sci d&#8217;alpinismo \u00e8 caduto sul Nevegal fra Faverghera e Col Toront. E&#8217; ruzzolato lungo il pendio.\u00a0 L&#8217;elicottero lo ha soccorso, l&#8217;uomo era 200-250 metri pi\u00f9 in basso rispetto al punto in cui \u00e8 iniziata la sua caduta. L&#8217;uomo \u00e8 stato trasportato al Pronto soccorso\u00a0 con diversi traumi e numerose contusioni. Ieri sera le sue condizioni erano serie, ma non in pericolo di vita.<\/p>\n<blockquote><p>&nbsp;<\/p><\/blockquote>\n<hr \/>\n<p>&nbsp;<\/p>\n<blockquote>\n<h3>OGGI SUL CORRIERE DELLE ALPI LO SPECIALE DI GIANNI SANTOMASO SUI GIOVANI AGRICOLTORI AGORDINI<\/h3>\n\n\t\t\t<style type='text\/css'>\n\t\t\t\t#gallery-1 {\n\t\t\t\t\tmargin: auto;\n\t\t\t\t}\n\t\t\t\t#gallery-1 .gallery-item {\n\t\t\t\t\tfloat: left;\n\t\t\t\t\tmargin-top: 10px;\n\t\t\t\t\ttext-align: center;\n\t\t\t\t\twidth: 33%;\n\t\t\t\t}\n\t\t\t\t#gallery-1 img {\n\t\t\t\t\tborder: 2px solid #cfcfcf;\n\t\t\t\t}\n\t\t\t\t#gallery-1 .gallery-caption {\n\t\t\t\t\tmargin-left: 0;\n\t\t\t\t}\n\t\t\t\t\/* see gallery_shortcode() in wp-includes\/media.php *\/\n\t\t\t<\/style>\n\t\t<div id='gallery-1' class='dt-gallery-container gallery galleryid-186927 gallery-columns-3 gallery-size-thumbnail'><dl class='gallery-item'>\n\t\t\t\t<dt class='gallery-icon landscape'>\n\t\t\t\t\t<a class=\"rollover rollover-zoom dt-pswp-item\" title=\"sdr\" data-dt-img-description=\"\" data-large_image_width=\"2560\" data-large_image_height=\"1445\"href='https:\/\/www.radiopiu.net\/wordpress\/wp-content\/uploads\/2021\/01\/Mirko-Zasso-19-scaled.jpg'><img loading=\"lazy\" decoding=\"async\" width=\"150\" height=\"150\" src=\"https:\/\/www.radiopiu.net\/wordpress\/wp-content\/uploads\/2021\/01\/Mirko-Zasso-19-150x150.jpg\" class=\"attachment-thumbnail size-thumbnail\" alt=\"\" \/><\/a>\n\t\t\t\t<\/dt><\/dl><dl class='gallery-item'>\n\t\t\t\t<dt class='gallery-icon landscape'>\n\t\t\t\t\t<a class=\"rollover rollover-zoom dt-pswp-item\" title=\"dav\" data-dt-img-description=\"\" data-large_image_width=\"2560\" data-large_image_height=\"1445\"href='https:\/\/www.radiopiu.net\/wordpress\/wp-content\/uploads\/2021\/01\/Nicolo-Della-Zassa-2-scaled.jpg'><img loading=\"lazy\" decoding=\"async\" width=\"150\" height=\"150\" src=\"https:\/\/www.radiopiu.net\/wordpress\/wp-content\/uploads\/2021\/01\/Nicolo-Della-Zassa-2-150x150.jpg\" class=\"attachment-thumbnail size-thumbnail\" alt=\"\" aria-describedby=\"gallery-1-186886\" \/><\/a>\n\t\t\t\t<\/dt>\n\t\t\t\t\t<dd class='wp-caption-text gallery-caption' id='gallery-1-186886'>\n\t\t\t\t\tNICOLO&#8217; DELLA ZASSA\n\t\t\t\t\t<\/dd><\/dl><dl class='gallery-item'>\n\t\t\t\t<dt class='gallery-icon landscape'>\n\t\t\t\t\t<a class=\"rollover rollover-zoom dt-pswp-item\" title=\"dav\" data-dt-img-description=\"\" data-large_image_width=\"2560\" data-large_image_height=\"1445\"href='https:\/\/www.radiopiu.net\/wordpress\/wp-content\/uploads\/2021\/01\/Nicola-Tabiadon-18-scaled.jpg'><img loading=\"lazy\" decoding=\"async\" width=\"150\" height=\"150\" src=\"https:\/\/www.radiopiu.net\/wordpress\/wp-content\/uploads\/2021\/01\/Nicola-Tabiadon-18-150x150.jpg\" class=\"attachment-thumbnail size-thumbnail\" alt=\"\" \/><\/a>\n\t\t\t\t<\/dt><\/dl><br style=\"clear: both\" \/>\n\t\t\t<\/div>\n<\/blockquote>\n<p>Una vita tra stalla e falegnameria \u00abCos\u00ec faceva nonno Massimo\u00bb A Caviola Nicola Tabiadon si sveglia alle 4.15 per mungere le mucche Edel, Sissy e Solde Alle 7 la colazione poi il lavoro con il legno nell&#8217;azienda che porta avanti con pap\u00e0 e fratello.<\/p>\n<p>La scommessa di Tiziano Crepaz \u00abMi trasferisco da Valt a Vallada\u00bb Il 35enne punta su una stalla moderna e pi\u00f9 grande di quella attuale<br \/>\n\u00abContento della mia scelta, stare all&#8217;aria aperta mi fa stare bene\u00bb<\/p>\n<p>Capre, che passione \u00abMa il nostro sogno \u00e8 trasformare l&#8217;hobby in attivit\u00e0 redditizia\u00bb Due ventenni della Val Biois si trasformano in custodi del territorio \u00abPrati puliti e bosco bloccato, tanti i riconoscimenti della gente\u00bb<\/p>\n<p>&nbsp;<\/p>\n<hr \/>\n<p>&nbsp;<\/p>\n<p align=\"CENTER\"><span style=\"font-family: Verdana, serif;\"><span lang=\"it-IT\"><b>ABITANTI COSTRETTI A USCIRE DAI CONFINI COMUNALI NONOSTANTE LA \u201cZONA ARANCIONE. SERVIZI INSUFFICIENTI PER 115 COMUNI<\/b><\/span><\/span><\/p>\n<p align=\"CENTER\"><strong>La pandemia porta alla luce il problema nei piccoli centri della Regione, nel bellunese in particolare: in cima alla classifica Colle San Lucia e San Tomaso con Soverzene, Ospitale e Perarolo di Cadore.<\/strong><\/p>\n<p style=\"text-align: left;\" align=\"CENTER\"><em><span style=\"font-family: Verdana, serif;\"><span lang=\"it-IT\">Le deroghe agli spostamenti sono fondamentali per chi vive nei piccoli Comuni, a causa della scarsa dotazione di servizi. Secondo la Fondazione Think Tank Nord Est il piccolo Comune non \u00e8 pi\u00f9 sostenibile: solo la fusione dei Municipi pu\u00f2 garantire i servizi minimi alla popolazione.<\/span><\/span><\/em><\/p>\n<p align=\"JUSTIFY\"><span style=\"font-family: Verdana, serif;\"><span style=\"font-size: small;\"><span lang=\"it-IT\"><a href=\"https:\/\/www.radiopiu.net\/wordpress\/bassa-dotazione-di-servizi-in-115-municipi-del-veneto-anche-a-colle-santa-lucia-a-san-tomaso\/download-1093\/\" rel=\"attachment wp-att-186997\"><img loading=\"lazy\" decoding=\"async\" class=\"size-full wp-image-186997 alignleft\" src=\"https:\/\/www.radiopiu.net\/wordpress\/wp-content\/uploads\/2021\/01\/download.png\" alt=\"\" width=\"284\" height=\"177\" \/><\/a>L\u2019inasprimento delle misure di contenimento dei contagi da coronavirus, con il Veneto attualmente in \u201czona arancione\u201d, ha messo in difficolt\u00e0 soprattutto chi vive nei piccoli Comuni. E\u2019 questo il risultato di uno studio condotto dalla <\/span><\/span><\/span><span style=\"font-family: Verdana, serif;\"><span style=\"font-size: small;\"><span lang=\"it-IT\"><b>Fondazione Think Tank Nord Est<\/b><\/span><\/span><\/span><span style=\"font-family: Verdana, serif;\"><span style=\"font-size: small;\"><span lang=\"it-IT\">, che ha misurato la dotazione dei servizi essenziali nei Comuni del Veneto.<\/span><\/span><\/span><span style=\"font-size: small; font-family: Verdana, serif;\">In 115 Municipi veneti, infatti, i servizi offerti alla popolazione sono particolarmente scarsi. Di conseguenza, per i cittadini residenti in queste localit\u00e0, \u00e8 stata fondamentale l\u2019introduzione delle deroghe agli spostamenti (a beneficio di chi vive nei Comuni con meno di 5.000 abitanti, in un raggio di 30 km, con il divieto per\u00f2 di raggiungere i capoluoghi di Provincia), in quanto nel luogo di residenza scarseggiano addirittura i servizi essenziali. <\/span><span style=\"font-family: Verdana, serif;\"><span style=\"font-size: small;\"><span lang=\"it-IT\">L\u2019analisi ha definito sei categorie di servizi di prima necessit\u00e0: negozi alimentari; tabaccherie, edicole e cartolerie; farmacie e parafarmacie; sportelli bancari; uffici postali; scuole. Pi\u00f9 scarsa \u00e8 la presenza di queste attivit\u00e0 e pi\u00f9 basso \u00e8 il valore dell\u2019indicatore complessivo. I risultati evidenziano come siano soprattutto i piccoli Comuni montani quelli con le maggiori carenze in termini di dotazione di servizi essenziali. <\/span><\/span><\/span><\/p>\n<blockquote>\n<p align=\"JUSTIFY\"><em><span style=\"font-size: small; font-family: Verdana, serif;\">Tra gli 8 Comuni con una dotazione di servizi \u201ccritica\u201d troviamo 6 localit\u00e0 bellunesi (Colle Santa Lucia, Ospitale di Cadore, Perarolo di Cadore, San Tomaso Agordino, Soverzene, Zopp\u00e8 di Cadore) e altri due Municipi sempre localizzati in area montana<\/span><\/em><\/p>\n<\/blockquote>\n<p align=\"JUSTIFY\">IL DOCUMENTO COMPLETO, CLICCA E SCARICA<\/p>\n<p align=\"JUSTIFY\"><a href=\"https:\/\/www.radiopiu.net\/wordpress\/bassa-dotazione-di-servizi-in-115-municipi-del-veneto-anche-a-colle-santa-lucia-a-san-tomaso\/comunicato-stampa-veneto-zona-arancione-115-comuni-con-servizi-scarsi-3\/\" rel=\"attachment wp-att-186996\"><strong><span style=\"color: #0000ff;\">CLICCA QUI<\/span><\/strong><\/a><\/p>\n<p>&nbsp;<\/p>\n<blockquote>\n<h3>POSSAMAI DEL PD ENTRA NEL MERITO DEL REPORT DI THINK TANK<\/h3>\n<\/blockquote>\n<p><strong>VENEZIA <\/strong><span class=\"s1\">\u201c<em>Lo studio della Fondazione Think Tank Nord Est ha evidenziato in via definitiva che il modello dei piccoli Comuni non regge pi\u00f9; la pandemia ha aggravato problemi gi\u00e0 esistenti. \u00c8 per questo quanto mai necessario un serio piano di ridisegno territoriale da parte della Regione, in modo da agevolare i processi di fusione e aggregazione. Dobbiamo lavorare per un assetto istituzionale che sia davvero efficiente. La Regione deve svolgere un ruolo da protagonista, non abbandonare a se stesse le amministrazioni locali; poi, certo, l\u2019ultima parola spetta ai cittadini che vanno messi nelle condizioni di scegliere in modo consapevole<\/em>\u201d.\u00a0\u00c8 quanto torna a chiedere il capogruppo del Partito Democratico Giacomo Possamai, commentando il report della Fondazione Think Tank Nord Est, secondo cui in 115 Comuni veneti sono particolarmente carenti i servizi per la popolazione, inclusi quelli di prima necessit\u00e0: dalle scuole ai negozi alimentari fino alle farmacie, passando per edicole, uffici postali e tabaccherie.<\/span><\/p>\n<p>&nbsp;<\/p>\n<hr \/>\n<blockquote>\n<h3><\/h3>\n<h3>I CONTRIBUTI PER LE ASSOCIAZIONI CHE SUPPORTANO IL PAESE<\/h3>\n<p><img decoding=\"async\" class=\"alignleft\" src=\"https:\/\/www.radiopiu.net\/wordpress\/wp-content\/uploads\/2018\/07\/SOSPIROLO.jpg\" \/><\/p>\n<p>&nbsp;<\/p>\n<p>&nbsp;<\/p>\n<p><strong>SOSPIROLO<\/strong><\/p>\n<p><strong>DI DAMIANO TORMEN<\/strong><\/p>\n<p>&nbsp;<\/p>\n<audio class=\"wp-audio-shortcode\" id=\"audio-186927-2\" preload=\"none\" style=\"width: 100%;\" controls=\"controls\"><source type=\"audio\/mpeg\" src=\"https:\/\/www.radiopiu.net\/wordpress\/wp-content\/uploads\/2021\/01\/DAMIANIO-SOSPIROLO.mp3?_=2\" \/><a href=\"https:\/\/www.radiopiu.net\/wordpress\/wp-content\/uploads\/2021\/01\/DAMIANIO-SOSPIROLO.mp3\">https:\/\/www.radiopiu.net\/wordpress\/wp-content\/uploads\/2021\/01\/DAMIANIO-SOSPIROLO.mp3<\/a><\/audio>\n<p>&nbsp;<\/p>\n<p>&nbsp;<\/p><\/blockquote>\n<hr \/>\n<blockquote>\n<h3><\/h3>\n<h3>PROTEZIONE CIVILE: APERTI I TERMINI PER LE DOMANDE DI CONTRIBUTO COMUNALE<\/h3>\n<\/blockquote>\n<p><em>L&#8217;ammontare complessivo dei contributi erogabili dal Comune di Feltre \u00e8 fissato per questo avviso in un massimo di 9.000 euro.<\/em><\/p>\n<p><strong>FELTRE<\/strong> Il Comune di Feltre ha emesso l&#8217;avviso pubblico per la presentazione delle domande di contributo da parte delle Associazioni di Volontariato operanti nel settore della Protezione Civile regolarmente iscritte nell&#8217;elenco Regionale e con sede legale e operativa nel Comune di Feltre. L&#8217;iniziativa \u00e8 volta a sostenere le Associazioni di Volontariato di Protezione Civile che con la loro attivit\u00e0 hanno supportato durante il 2020 il <a href=\"https:\/\/www.radiopiu.net\/wordpress\/protezione-civile-aperti-i-termini-per-le-domande-di-contributo-comunale\/320dbda4-811a-4270-9740-2ff76bbec5c7\/\" rel=\"attachment wp-att-186989\"><img loading=\"lazy\" decoding=\"async\" class=\"size-medium wp-image-186989 alignleft\" src=\"https:\/\/www.radiopiu.net\/wordpress\/wp-content\/uploads\/2021\/01\/320dbda4-811a-4270-9740-2ff76bbec5c7-300x169.jpg\" alt=\"\" width=\"300\" height=\"169\" srcset=\"https:\/\/www.radiopiu.net\/wordpress\/wp-content\/uploads\/2021\/01\/320dbda4-811a-4270-9740-2ff76bbec5c7-300x169.jpg 300w, https:\/\/www.radiopiu.net\/wordpress\/wp-content\/uploads\/2021\/01\/320dbda4-811a-4270-9740-2ff76bbec5c7-1024x576.jpg 1024w, https:\/\/www.radiopiu.net\/wordpress\/wp-content\/uploads\/2021\/01\/320dbda4-811a-4270-9740-2ff76bbec5c7-768x432.jpg 768w, https:\/\/www.radiopiu.net\/wordpress\/wp-content\/uploads\/2021\/01\/320dbda4-811a-4270-9740-2ff76bbec5c7-1536x864.jpg 1536w, https:\/\/www.radiopiu.net\/wordpress\/wp-content\/uploads\/2021\/01\/320dbda4-811a-4270-9740-2ff76bbec5c7.jpg 2048w\" sizes=\"auto, (max-width: 300px) 100vw, 300px\" \/><\/a>Centro Operativo Comunale durante l&#8217;emergenza COVID-19 e le emergenze meteo, hanno contribuito al ripristino e messa in sicurezza del territorio, hanno preso parte alle esercitazioni di protezione civile e hanno fornito supporto all&#8217;organizzazione delle manifestazioni cittadine. Le richieste di contributo dovranno pervenire entro le\u00a0 12 del\u00a0 25 febbraio. Per ulteriori informazioni e approfondimenti \u00e8 possibile contattare l&#8217;Ufficio Protezione Civile al recapito telefonico nr. 0439 885385 e-mail protezionecivile@comune.feltre.bl.it.<\/p>\n<blockquote><p><em>\u201cMai come in questi ultimi anni, caratterizzati da una serie di emergenze meteo e, non ultima, quella sanitaria legata all&#8217;epidemia di Covid-19, il ruolo di supporto delle associazioni di Protezione Civile si \u00e8 rivelato prezioso\u201d, commenta l&#8217;assessore alla Protezione Civile del Comune di Feltre Adis Zatta. \u201cProprio per questo, aggiunge Zatta, l&#8217;Amministrazione intende sostenere in maniera concreta la loro attivit\u00e0 con un contributo economico che \u00e8 un segno di riconoscenza sia per il lavoro svolto, che per l&#8217;esempio dato nel consolidare quello spirito di comunit\u00e0 che fa di Feltre, da sempre, un esempio di coesione, anche e soprattutto nei momenti di maggiore difficolt\u00e0\u201d.\u00a0<\/em><\/p>\n<p>&nbsp;<\/p><\/blockquote>\n<hr \/>\n<p>&nbsp;<\/p>\n<blockquote class=\"wp-embedded-content\" data-secret=\"hf0cU1s6mK\"><p><a href=\"https:\/\/www.radiopiu.net\/wordpress\/agg-gen26\/\">CORONAVIRUS: AGGIORNAMENTO NAZIONALE 26 GENNAIO 2021<\/a><\/p><\/blockquote>\n<p><iframe loading=\"lazy\" class=\"wp-embedded-content\" sandbox=\"allow-scripts\" security=\"restricted\" style=\"position: absolute; clip: rect(1px, 1px, 1px, 1px);\" title=\"&#8220;CORONAVIRUS: AGGIORNAMENTO NAZIONALE 26 GENNAIO 2021&#8221; &#8212; Radio Pi\u00f9\" src=\"https:\/\/www.radiopiu.net\/wordpress\/agg-gen26\/embed\/#?secret=hf0cU1s6mK\" data-secret=\"hf0cU1s6mK\" width=\"600\" height=\"338\" frameborder=\"0\" marginwidth=\"0\" marginheight=\"0\" scrolling=\"no\"><\/iframe><\/p>\n<p>&nbsp;<\/p>\n<hr \/>\n<p>&nbsp;<\/p>\n<blockquote class=\"wp-embedded-content\" data-secret=\"azGcbgfr7K\"><p><a href=\"https:\/\/www.radiopiu.net\/wordpress\/sono-2114-i-nuovi-positivi-in-veneto-delle-ultime-24-ore-ma-1200-sono-degli-ultimi-10-giorni-a-belluno-superate-le-17-mila-positivita-da-inizio-pandemia\/\">SONO 2114 I NUOVI POSITIVI IN VENETO DELLE ULTIME 24 ORE, MA 1200 SONO DEGLI ULTIMI 10 GIORNI. A BELLUNO SUPERATE LE 17 MILA POSITIVITA&#8217; DA INIZIO PANDEMIA<\/a><\/p><\/blockquote>\n<p><iframe loading=\"lazy\" class=\"wp-embedded-content\" sandbox=\"allow-scripts\" security=\"restricted\" style=\"position: absolute; clip: rect(1px, 1px, 1px, 1px);\" title=\"&#8220;SONO 2114 I NUOVI POSITIVI IN VENETO DELLE ULTIME 24 ORE, MA 1200 SONO DEGLI ULTIMI 10 GIORNI. A BELLUNO SUPERATE LE 17 MILA POSITIVITA&#8217; DA INIZIO PANDEMIA&#8221; &#8212; Radio Pi\u00f9\" src=\"https:\/\/www.radiopiu.net\/wordpress\/sono-2114-i-nuovi-positivi-in-veneto-delle-ultime-24-ore-ma-1200-sono-degli-ultimi-10-giorni-a-belluno-superate-le-17-mila-positivita-da-inizio-pandemia\/embed\/#?secret=azGcbgfr7K\" data-secret=\"azGcbgfr7K\" width=\"600\" height=\"338\" frameborder=\"0\" marginwidth=\"0\" marginheight=\"0\" scrolling=\"no\"><\/iframe><\/p>\n<p>&nbsp;<\/p>\n<hr \/>\n<p>&nbsp;<\/p>\n<blockquote>\n<h3>I GRAFICI DI TIZIANO DE COL<\/h3>\n<\/blockquote>\n\n\t\t\t<style type='text\/css'>\n\t\t\t\t#gallery-2 {\n\t\t\t\t\tmargin: auto;\n\t\t\t\t}\n\t\t\t\t#gallery-2 .gallery-item {\n\t\t\t\t\tfloat: left;\n\t\t\t\t\tmargin-top: 10px;\n\t\t\t\t\ttext-align: center;\n\t\t\t\t\twidth: 25%;\n\t\t\t\t}\n\t\t\t\t#gallery-2 img {\n\t\t\t\t\tborder: 2px solid #cfcfcf;\n\t\t\t\t}\n\t\t\t\t#gallery-2 .gallery-caption {\n\t\t\t\t\tmargin-left: 0;\n\t\t\t\t}\n\t\t\t\t\/* see gallery_shortcode() in wp-includes\/media.php *\/\n\t\t\t<\/style>\n\t\t<div id='gallery-2' class='dt-gallery-container gallery galleryid-186927 gallery-columns-4 gallery-size-medium'><dl class='gallery-item'>\n\t\t\t\t<dt class='gallery-icon landscape'>\n\t\t\t\t\t<a class=\"rollover rollover-zoom dt-pswp-item\" title=\"dc693b1e-e60d-4e95-9a32-3bab9b54bb59\" data-dt-img-description=\"\" data-large_image_width=\"600\" data-large_image_height=\"355\"href='https:\/\/www.radiopiu.net\/wordpress\/wp-content\/uploads\/2021\/01\/dc693b1e-e60d-4e95-9a32-3bab9b54bb59.jpg'><img loading=\"lazy\" decoding=\"async\" width=\"300\" height=\"178\" src=\"https:\/\/www.radiopiu.net\/wordpress\/wp-content\/uploads\/2021\/01\/dc693b1e-e60d-4e95-9a32-3bab9b54bb59-300x178.jpg\" class=\"attachment-medium size-medium\" alt=\"\" srcset=\"https:\/\/www.radiopiu.net\/wordpress\/wp-content\/uploads\/2021\/01\/dc693b1e-e60d-4e95-9a32-3bab9b54bb59-300x178.jpg 300w, https:\/\/www.radiopiu.net\/wordpress\/wp-content\/uploads\/2021\/01\/dc693b1e-e60d-4e95-9a32-3bab9b54bb59.jpg 600w\" sizes=\"auto, (max-width: 300px) 100vw, 300px\" \/><\/a>\n\t\t\t\t<\/dt><\/dl><dl class='gallery-item'>\n\t\t\t\t<dt class='gallery-icon landscape'>\n\t\t\t\t\t<a class=\"rollover rollover-zoom dt-pswp-item\" title=\"bfe8189b-e8f1-4fa7-9506-8eef8ffdbbf2\" data-dt-img-description=\"\" data-large_image_width=\"606\" data-large_image_height=\"354\"href='https:\/\/www.radiopiu.net\/wordpress\/wp-content\/uploads\/2021\/01\/bfe8189b-e8f1-4fa7-9506-8eef8ffdbbf2.jpg'><img loading=\"lazy\" decoding=\"async\" width=\"300\" height=\"175\" src=\"https:\/\/www.radiopiu.net\/wordpress\/wp-content\/uploads\/2021\/01\/bfe8189b-e8f1-4fa7-9506-8eef8ffdbbf2-300x175.jpg\" class=\"attachment-medium size-medium\" alt=\"\" srcset=\"https:\/\/www.radiopiu.net\/wordpress\/wp-content\/uploads\/2021\/01\/bfe8189b-e8f1-4fa7-9506-8eef8ffdbbf2-300x175.jpg 300w, https:\/\/www.radiopiu.net\/wordpress\/wp-content\/uploads\/2021\/01\/bfe8189b-e8f1-4fa7-9506-8eef8ffdbbf2.jpg 606w\" sizes=\"auto, (max-width: 300px) 100vw, 300px\" \/><\/a>\n\t\t\t\t<\/dt><\/dl><dl class='gallery-item'>\n\t\t\t\t<dt class='gallery-icon landscape'>\n\t\t\t\t\t<a class=\"rollover rollover-zoom dt-pswp-item\" title=\"6f5e84cd-f0f8-40e6-a954-248473be5f9f\" data-dt-img-description=\"\" data-large_image_width=\"590\" data-large_image_height=\"354\"href='https:\/\/www.radiopiu.net\/wordpress\/wp-content\/uploads\/2021\/01\/6f5e84cd-f0f8-40e6-a954-248473be5f9f.jpg'><img loading=\"lazy\" decoding=\"async\" width=\"300\" height=\"180\" src=\"https:\/\/www.radiopiu.net\/wordpress\/wp-content\/uploads\/2021\/01\/6f5e84cd-f0f8-40e6-a954-248473be5f9f-300x180.jpg\" class=\"attachment-medium size-medium\" alt=\"\" srcset=\"https:\/\/www.radiopiu.net\/wordpress\/wp-content\/uploads\/2021\/01\/6f5e84cd-f0f8-40e6-a954-248473be5f9f-300x180.jpg 300w, https:\/\/www.radiopiu.net\/wordpress\/wp-content\/uploads\/2021\/01\/6f5e84cd-f0f8-40e6-a954-248473be5f9f.jpg 590w\" sizes=\"auto, (max-width: 300px) 100vw, 300px\" \/><\/a>\n\t\t\t\t<\/dt><\/dl><dl class='gallery-item'>\n\t\t\t\t<dt class='gallery-icon landscape'>\n\t\t\t\t\t<a class=\"rollover rollover-zoom dt-pswp-item\" title=\"84945115-4bb4-4bc2-a6ca-714f9081df5a\" data-dt-img-description=\"\" data-large_image_width=\"598\" data-large_image_height=\"354\"href='https:\/\/www.radiopiu.net\/wordpress\/wp-content\/uploads\/2021\/01\/84945115-4bb4-4bc2-a6ca-714f9081df5a.jpg'><img loading=\"lazy\" decoding=\"async\" width=\"300\" height=\"178\" src=\"https:\/\/www.radiopiu.net\/wordpress\/wp-content\/uploads\/2021\/01\/84945115-4bb4-4bc2-a6ca-714f9081df5a-300x178.jpg\" class=\"attachment-medium size-medium\" alt=\"\" srcset=\"https:\/\/www.radiopiu.net\/wordpress\/wp-content\/uploads\/2021\/01\/84945115-4bb4-4bc2-a6ca-714f9081df5a-300x178.jpg 300w, https:\/\/www.radiopiu.net\/wordpress\/wp-content\/uploads\/2021\/01\/84945115-4bb4-4bc2-a6ca-714f9081df5a.jpg 598w\" sizes=\"auto, (max-width: 300px) 100vw, 300px\" \/><\/a>\n\t\t\t\t<\/dt><\/dl><br style=\"clear: both\" \/>\n\t\t\t<\/div>\n\n<p>&nbsp;<\/p>\n<hr \/>\n<p>&nbsp;<\/p>\n<blockquote>\n<h2>DA VENEZIA CONFERENZA STAMPA, ASSESSORE MANUELA LANZARIN<\/h2>\n<\/blockquote>\n<p><strong>VENEZIA<\/strong> Cambio della guardia a Marghera, oggi la conferenza stampa presieduta dall&#8217;assessore alla sanit\u00e0 della Regione Veneto, Manuela Lanzarin.<\/p>\n<p><strong>I NUMERI<\/strong><\/p>\n<p>TAMPONI MOLECOLARI 3687000 (+12.182) TAMPONI RAPIDI 2476000 (+28600)\u00a0 INCIDENZA, POSITIVI-TAMPONE 1,82% POSITIVI NELLE ULTIME 24 ORE 746 POSITIVI ATTUALI 41787 POSITIVI DA INIZIO EPIDEMIA 306952 RICOVERATI 2527\u00a0 IN AREA CRITICA 2230 (-13)\u00a0 IN TERAPIA INTENSIVA 297 (-16) DECESSI 8695 (+93) DIMESSI 13.799<\/p>\n<blockquote>\n<h2>LEGGI LA CONFERENZA STAMPA DI MANUELA LANZARIN<\/h2>\n<\/blockquote>\n<p>Oggi il Presidente Luca Zaia non era presente alla conferenza stampa, purtroppo evidenti problemi tecnici non hanno permesso di seguire gran parte della conferenza stampa (in diretta) sotto una parte del video.<\/p>\n<p>Prosegue la decrescita iniziata 15 giorni fa, meno contagi e meno pazienti in ospedale. Prosegue la campagna vaccinale 129.092 dosi\u00a0 somministrate come primo vaccino,\u00a0 18.560 le sodi della seconda dose.\u00a0 Ora si stanno facendo solo i vaccini di richiamo a causa dei tagli imposti unilateralmente da Pfizer, dal primo di febbraio si dovrebbe tornare alle quantit\u00e0 previste. Per domani sono previste 50.300 dosi in arrivo entro fine mese\u00a0 5.300 del secondo arrivato, il vaccino Moderna. <strong>ZONA ROSSO SCURO DALL&#8217;EUROPA<\/strong> I parametri non sono stati contestati solo dal Veneto, non sono parametri uniformi come abbiamo sempre detto, penalizzano chi come il Veneto di tamponi ne fa tanti, cercarli significa trovarli. I parametri sono parametri per noi superati. Tra l&#8217;altro in numeri sono in discesa. Il Governatore avr\u00e0 un&#8217;interlocuzione con il Ministro Speranza. <strong>CROLLO DEI CONTAGI, AFFLUSSO AI COVID POINT CALATO<\/strong> Rispetto all&#8217;incidenza andremo a rivedere i covid point. Oggi i tamponi si fanno anche in Farmacia e dal medico di base. <strong>INCONTRO CON L&#8217;ORDINE DEI MEDICI<\/strong> Sono disponibili per la campagna vaccinale.\u00a0 Quando sapremo quanti vaccini arriveranno procederemo con la programmazione. affidandoci ad altri vaccini rispetto a Pfizer. Vaccinazioni non sanitarie\u00a0 sono il 9,1% in Veneto riguardano il personale amministrativo e tutto quel settore che ha diritto di rientrare in questa prima parte della campagna vaccinale. <strong>DOMANI IMPORTANTE PROVVEDIMENTO\u00a0<\/strong> Per la riapertura delle strutture ospedaliere, dal 1 febbraio come gi\u00e0 era stato preannunciato riprendono le attivit\u00e0 di specialistica ambulatoriale e libera professione. Circa le liste di attesa non abbiamo il dato esatto ma abbiamo chiesto un monitoraggio alle Ulss. <strong>MASCHERINA\u00a0 FORNITE DA AZIENDA ZERO INADEGUATE A VENEZIA<\/strong> Non conosco questa situazione non ho mai sentito nulla. Non in Regione, si senta Azienda Zero. <strong>OSPEDALI COVID IN CHIUSURA<\/strong> Man mano che termina l&#8217;emergenza covid19 riprenderanno con la consueta attivit\u00e0 E&#8217; VERO CHE CHI SI E&#8217; CONTAGIATO NEGLI ULTIMI 6 MESI NON SARA&#8217; VACCINATO? Non abbiamo indicazioni nuove ad oggi.<\/p>\n<p><a href=\"https:\/\/www.facebook.com\/zaiaufficiale\/videos\/760167258269026\">https:\/\/www.facebook.com\/zaiaufficiale\/videos\/760167258269026<\/a><\/p>\n<p>&nbsp;<\/p>\n<hr \/>\n<p>&nbsp;<\/p>\n<blockquote>\n<h3>VACCINI: SPERIMENTAZIONE DI CAVARZANO IL PLUS ORGANIZZATIVO LOCALE<\/h3>\n<p><em>Punto sulla vaccinazione in Regione e Provincia con L&#8217;Ordine del Medici del Veneto oggi a colloquio con l&#8217;assessore Manuela Lanzarin<\/em><\/p><\/blockquote>\n<p><strong><img decoding=\"async\" class=\"alignleft\" src=\"https:\/\/www.radiopiu.net\/wordpress\/wp-content\/uploads\/2021\/01\/pp-3.jpg\" \/>BELLUNO<\/strong> Importante incontro in video conferenza tra l&#8217;assessore Manuela Lanzarin e L&#8217;Ordine dei Medici del Veneto. Chiarimento importante dopo i movimentati giorni appena trascorsi con le ultime nuove sulla distribuzione o mancata distribuzione del vaccino Pfizer. Dall&#8217;incontro ribadita la nota significativa riduzione della disponibilit\u00e0 di vaccino rispetto alla prima programmazione.\u00a0 La prima pianificazione regionale, su una base totale valutata dalla Regione di oltre 185.000 persone, comprensiva di personale dipendente del Servizio Sanitario Regionale (sanitario e non), personale medico convenzionato (MMG e PLS e personale di studio), odontoiatri e medici liberi professionisti (e loro personale di studio), \u00e8 stata attiva fino al 20 gennaio e ha portato alla prima vaccinazione in regione di oltre 115.000 persone. La prossima settimana possibile consegne dei vaccini in ripresa con riattivazione delle prime vaccinazioni. Per la provincia di Belluno il dato evidenzia su 7.190 dosi somministrate al 24\/01 un 10,9%, di cui 5% volontari SUEM 118, 0,9% donatori di sangue e 5% altre categorie (amministrativi, tecnici, addetti pulizie e ristorazione ed altro in ambito ULSS Dolomiti). Sono gi\u00e0 stati vaccinati, e in alcuni casi hanno gi\u00e0 fatto anche il secondo inoculo, MMG, PLS,USCA,SAI e Continuit\u00e0 Assistenziale. Vanno poi aggiunti odontoiatri, liberi professionisti, personale operante in tali ambulatori. A questi inoltre vanno aggiunti gli over 80 della &#8220;sperimentazione&#8221; di Cavarzano. Tutta questa declinazione operativa \u00e8 stata resa possibile per la stretta ed efficace collaborazione instauratasi tra Ordine, Dipartimento Prevenzione e MMG del gruppo di Cavarzano, ciascuno per le sue competenze, e rappresenta un plus organizzativo locale efficace<\/p>\n<p>&nbsp;<\/p>\n<p>&nbsp;<\/p>\n<hr \/>\n<p>&nbsp;<\/p>\n<blockquote class=\"wp-embedded-content\" data-secret=\"c79OL5Zb6R\"><p><a href=\"https:\/\/www.radiopiu.net\/wordpress\/azienda-zero-aggiorna-gli-indicatori-della-pandemia-covid19\/\">AZIENDA ZERO AGGIORNA GLI INDICATORI DELLA PANDEMIA COVID19<\/a><\/p><\/blockquote>\n<p><iframe loading=\"lazy\" class=\"wp-embedded-content\" sandbox=\"allow-scripts\" security=\"restricted\" style=\"position: absolute; clip: rect(1px, 1px, 1px, 1px);\" title=\"&#8220;AZIENDA ZERO AGGIORNA GLI INDICATORI DELLA PANDEMIA COVID19&#8221; &#8212; Radio Pi\u00f9\" src=\"https:\/\/www.radiopiu.net\/wordpress\/azienda-zero-aggiorna-gli-indicatori-della-pandemia-covid19\/embed\/#?secret=c79OL5Zb6R\" data-secret=\"c79OL5Zb6R\" width=\"600\" height=\"338\" frameborder=\"0\" marginwidth=\"0\" marginheight=\"0\" scrolling=\"no\"><\/iframe><\/p>\n<p>&nbsp;<\/p>\n<p>&nbsp;<\/p>\n<p>&nbsp;<\/p>\n<hr \/>\n<p>&nbsp;<\/p>\n<blockquote>\n<h3>NUOVI AMBULATORI DI EMATOLOGIA A BELLUNO<\/h3>\n<\/blockquote>\n<p><strong><a href=\"https:\/\/www.radiopiu.net\/wordpress\/giornale-radiopiu-27-gennaio-2021-direttore-mirko-mezzacasa\/ematologia\/\" rel=\"attachment wp-att-187047\"><img loading=\"lazy\" decoding=\"async\" class=\"size-medium wp-image-187047 alignleft\" src=\"https:\/\/www.radiopiu.net\/wordpress\/wp-content\/uploads\/2021\/01\/ematologia-225x300.jpg\" alt=\"\" width=\"225\" height=\"300\" srcset=\"https:\/\/www.radiopiu.net\/wordpress\/wp-content\/uploads\/2021\/01\/ematologia-225x300.jpg 225w, https:\/\/www.radiopiu.net\/wordpress\/wp-content\/uploads\/2021\/01\/ematologia.jpg 768w\" sizes=\"auto, (max-width: 225px) 100vw, 225px\" \/><\/a>BELLUNO <\/strong>Gli ambulatori dell\u2019ematologia dell\u2019ospedale San Martino sono stati ampliati e resi pi\u00f9 confortevoli per accogliere con sempre maggiore attenzione le persone assistite. La nuova sede degli ambulatori dell\u2019unit\u00e0 operativa semplice dipartimentale di Ematologia si trova al quarto piano del blocco E del San Martino in nuovi locali, pensati per rendere pi\u00f9 confortevoli le terapie per le persone assistite e migliorare l\u2019ambiente per gli operatori. L\u2019area ambulatoriale comprende un ampio locale dedicato all\u2019infusione di farmaci con 6 poltrone e 4 letti, una stanza riservata ai pazienti che necessitano di isolamento; una zona attrezzata per il personale infermieristico; una accogliente sala d\u2019aspetto adiacente alla segreteria e accettazione. L\u2019Ematologia di Belluno, riferimento provinciale, nata molti anni fa come attivit\u00e0 specialistica all\u2019interno della UO di Medicina, dal 2017 \u00e8 configurata come Unit\u00e0 Operativa Semplice Dipartimentale diretta da Lorella Cimarosto. Si occupa\u00a0 di Oncoematologia ed Ematologia non oncologica collaborando, all\u2019interno della Rete Ematologica Veneta, con i Centri di Riferimento Regionale condividendone i percorsi di diagnosi e terapia. La collaborazione tra l\u2019ematologia e i professionisti direttamente coinvolti nella diagnostica (anatomopatologo, citogenetista, biologo, medico di laboratorio, radiologo) \u00e8 costantemente rinnovata\u00a0 al fine di offrire alle persone assistite adeguati standard qualitativi in relazione ai progressi scientifici che negli ultimi anni hanno rivoluzionato l\u2019ematologia clinica. \u00ab<em>Ringrazio tutte le figure professionali che hanno contribuito\u00a0 alla realizzazione di questo progetto ed in particolare la signora Carmen Mione, presidente dell\u2019AIL di Belluno, che con la sua tenacia e infinita disponibilit\u00e0\u00a0 ha dato la possibilit\u00e0 ai pazienti ematologici di essere accolti in un ambiente confortevole e, per quanto possibile, di supporto al loro percorso spesso difficile<\/em>\u00bb, spiega la responsabile Lorella Cimarosto.<\/p>\n<p>&nbsp;<\/p>\n<p>&nbsp;<\/p>\n<hr \/>\n<p>&nbsp;<\/p>\n<blockquote>\n<h3>ALL\u2019OSPEDALE DI PIEVE CONTROLLI TECNOLOGICI AGLI INGRESSI GRAZIE ALLE REGOLE<\/h3>\n<\/blockquote>\n<p><strong><a href=\"https:\/\/www.radiopiu.net\/wordpress\/giornale-radiopiu-06-giugno-2020-direttore-mirko-mezzacasa\/ospedale-pieve\/\" rel=\"attachment wp-att-142729\"><img loading=\"lazy\" decoding=\"async\" class=\"wp-image-142729 alignleft\" src=\"https:\/\/www.radiopiu.net\/wordpress\/wp-content\/uploads\/2020\/06\/OSPEDALE-PIEVE-300x225.jpg\" alt=\"\" width=\"210\" height=\"158\" srcset=\"https:\/\/www.radiopiu.net\/wordpress\/wp-content\/uploads\/2020\/06\/OSPEDALE-PIEVE-300x225.jpg 300w, https:\/\/www.radiopiu.net\/wordpress\/wp-content\/uploads\/2020\/06\/OSPEDALE-PIEVE.jpg 512w\" sizes=\"auto, (max-width: 210px) 100vw, 210px\" \/><\/a>PIEVE DI CADORE <\/strong>Ingressi sicuri all\u2019ospedale di Pieve di Cadore grazie alle Regole del Comelico. Durante l\u2019estate, infatti, Arcfaco \u2013 Regole del Comelico ha regalato due termoscanner con tornello, del valore di oltre 33 mila euro, dotati di diverse funzionalit\u00e0 tra cui il controllo del corretto utilizzo della mascherina. Sono stati, poi, realizzati dall\u2019Ulss Dolomiti dei lavori per l\u2019installazione di una porta automatica scorrevole a vetrata e di una bussola di ingresso. Ieri mattina, il Commissario dell\u2019Ulss Dolomiti Adriano Rasi Caldogno, il Presidente della Consulta Regole del Comelico, il sindaco di Pieve di Cadore Giuseppe Casagrande e il direttore medico Raffaele Zanella hanno testato le utili tecnologie che consentono di snellire i controlli agli accessi in piena sicurezza. \u00ab<em>Ringrazio le Regole del Comelico per la costante attenzione riservata all&#8217;ospedale di Pieve. L&#8217;ottima collaborazione e la reciproca stima consentono di far crescere la struttura, per essere vicini e al servizio delle nostre vallate<\/em>\u00bb, commenta il Commissario Adriano Rasi Caldogno.<\/p>\n<p>&nbsp;<\/p>\n<p>&nbsp;<\/p>\n<hr \/>\n<p>&nbsp;<\/p>\n<blockquote>\n<h3>LA REGIONE RICONOSCA CON I FATTI LA SPECIFICITA&#8217; DI BELLUNO<\/h3>\n<\/blockquote>\n<blockquote>\n<h3><em>Necessaria una politica di incentivi per garantire anestesisti e rianimatori negli ospedali<\/em><\/h3>\n<\/blockquote>\n<p><strong><a href=\"https:\/\/www.radiopiu.net\/wordpress\/il-pronto-soccorso-di-auronzo-alla-cooperativa-di-montebelluna\/ospedale_auronzo\/\" rel=\"attachment wp-att-153528\"><img loading=\"lazy\" decoding=\"async\" class=\" wp-image-153528 alignleft\" src=\"https:\/\/www.radiopiu.net\/wordpress\/wp-content\/uploads\/2020\/08\/ospedale_Auronzo-300x222.jpg\" alt=\"\" width=\"218\" height=\"161\" srcset=\"https:\/\/www.radiopiu.net\/wordpress\/wp-content\/uploads\/2020\/08\/ospedale_Auronzo-300x222.jpg 300w, https:\/\/www.radiopiu.net\/wordpress\/wp-content\/uploads\/2020\/08\/ospedale_Auronzo-768x568.jpg 768w, https:\/\/www.radiopiu.net\/wordpress\/wp-content\/uploads\/2020\/08\/ospedale_Auronzo.jpg 782w\" sizes=\"auto, (max-width: 218px) 100vw, 218px\" \/><\/a>VENEZIA <\/strong>Il Partito Democratico per voce di Anna Maria Bigon, consigliere regionale e vice presidente V commissione Sanit\u00e0 si rivolge alla Regione chiedendo si faccia garante per i LEA su tutto il territorio, riconoscendo con i fatti la specificit\u00e0 della provincia di Belluno. <em>&#8220;Non \u00e8 pi\u00f9 rimandabile una seria politica di incentivi per assicurare un numero di medici, ospedalieri e non, adeguato alle esigenze dei cittadini\u201d.<\/em>\u00a0 afferma\u00a0 Anna Maria Bigon \u201c<em>L\u2019Ulss Dolomiti si \u00e8 mossa poi in un secondo tempo con un bando per 15 rianimatori da reperire tramite mobilit\u00e0 da altre Aziende, a cui ha risposto per\u00f2 un solo professionista e ha poi annunciato che far\u00e0 un ulteriore concorso specifico per gli anestesisti. Ma se non cambiano gli indirizzi di Giunta, Azienda Zero e Ulss 1, i risultati continueranno a essere desolanti: la provincia di Belluno \u00e8 zona disagiata totalmente montana e da sempre deve fare i conti con la carenza di medici; perci\u00f2 ribadiamo che \u00e8 indispensabile costruire una seria politica di incentivi, anche economici, per attrarre, e mantenere in pianta stabile, personale. I residenti nel Bellunese hanno diritto agli stessi livelli di assistenza degli altri veneti: la Regione ci dica, numeri alla mano, se \u00e8 davvero cos\u00ec\u201d.<\/em><\/p>\n<p>&nbsp;<\/p>\n<hr \/>\n<p>&nbsp;<\/p>\n<p>&nbsp;<\/p>\n<blockquote>\n<h3>SE GLI ALTRI PAGANO IN 30 GIORNI LA PROVINCIA DI BELLUNO LO FA IN 22<\/h3>\n<\/blockquote>\n<p><strong><a href=\"https:\/\/www.radiopiu.net\/wordpress\/giornale-radiopiu-27-gennaio-2021-direttore-mirko-mezzacasa\/palazzo-piloni\/\" rel=\"attachment wp-att-187016\"><img loading=\"lazy\" decoding=\"async\" class=\"size-medium wp-image-187016 alignleft\" src=\"https:\/\/www.radiopiu.net\/wordpress\/wp-content\/uploads\/2021\/01\/palazzo-piloni-300x169.jpg\" alt=\"\" width=\"300\" height=\"169\" srcset=\"https:\/\/www.radiopiu.net\/wordpress\/wp-content\/uploads\/2021\/01\/palazzo-piloni-300x169.jpg 300w, https:\/\/www.radiopiu.net\/wordpress\/wp-content\/uploads\/2021\/01\/palazzo-piloni-1024x576.jpg 1024w, https:\/\/www.radiopiu.net\/wordpress\/wp-content\/uploads\/2021\/01\/palazzo-piloni-768x432.jpg 768w, https:\/\/www.radiopiu.net\/wordpress\/wp-content\/uploads\/2021\/01\/palazzo-piloni-1536x864.jpg 1536w, https:\/\/www.radiopiu.net\/wordpress\/wp-content\/uploads\/2021\/01\/palazzo-piloni-2048x1152.jpg 2048w\" sizes=\"auto, (max-width: 300px) 100vw, 300px\" \/><\/a>BELLUNO<\/strong> I tempi medi di pagamento dell&#8217;ente Pubblico sono\u00a0 per legge di 30 giorni, ma arrivano anche a 45 e non addirittura oltre 100. Non \u00e8 cos\u00ec per la Provincia di Belluno, che si conferma ente virtuoso. Lo certifica il Ministero dell\u2019Economia e delle Finanze\u00a0 che rileva le informazioni sulle singole fatture ricevute dalle oltre 22.200 amministrazioni pubbliche registrate.\u00a0<em>\u00abPer la Provincia di Belluno i dati sono incoraggianti; infatti, non solo i pagamenti dei crediti commerciali rispettano il termine di legge di 30 giorni, ma addirittura viene certificato un tempo medio di pagamento di 22 giorni&#8221;<\/em>\u00a0 spiega il consigliere provinciale delegato al bilancio, Walter Cibien. Se gli enti pubblici sono in grado di pagare velocemente i propri fornitori, il sistema economico ne trae benefici in quanto le imprese non sono costrette a ricorrere all&#8217;indebitamento per disporre della liquidit\u00e0 necessaria per il proprio funzionamento.\u00a0 Nel 2020 la Provincia di Belluno ha pagato complessivamente oltre 1.700 fatture, per un importo complessivo di oltre 18 milioni di euro. <em>\u00abTutta la struttura dell&#8217;ente ha permesso di ottenere un&#8217;ottima performance &#8211; conclude il consigliere Cibien &#8211; in linea con le direttive dell&#8217;amministrazione che punta a creare non solo condizioni di efficienza, ma anche i migliori rapporti con i fornitori e i partner economici dell&#8217;ente\u00bb.\u00a0<\/em><\/p>\n<p>&nbsp;<\/p>\n<hr \/>\n<p>&nbsp;<\/p>\n<blockquote>\n<h3>BOND A TERNA; &#8220;L&#8217;ELETRODOTTO VA RIVISTO, TUTTO INTERRATO IN PROVINCIA&#8221;<\/h3>\n<\/blockquote>\n<p><strong>ROMA<\/strong> <em>\u00abBasta spezzettature di progetti. Basta mettere una contro l\u2019altra le amministrazioni comunali e le comunit\u00e0 locali. Terna deve interrare dappertutto in provincia di Belluno\u00bb.<\/em> \u00c8 quanto afferma il deputato di Forza Italia Dario Bond, in merito alla nota vicenda del progetto di razionalizzazione degli elettrodotti nella Media valle del Piave.\u00a0<em>\u00abUn progetto che si trascina da lunghissimo tempo, senza aver mai portato benefici concreti al territorio, che senso ha continuare? Molto meglio rivedere interamente il progetto e pretendere che Terna interri tutte le linee sulle quali intende intervenire evitando di mettere \u00a0le amministrazioni locali una contro l\u2019altra.<\/em> Per Bond l\u2019interramento proposto a Ponte nelle Alpi e Soverzene, sposta cavi e tralicci su Belluno e\u00a0 Limana. <em>&#8220;Siccome l\u2019infrastruttura di trasporto elettrico non \u00e8 una questione che parte in un Comune e arriva in un altro, ma \u00e8 un segmento che parte da Lienz e arriva a Scorz\u00e8, attraversando tutto il <a href=\"https:\/\/www.radiopiu.net\/wordpress\/giornale-radio-piu-29-09-direttore-mirko-mezzacasa\/ternapds\/\" rel=\"attachment wp-att-11357\"><img loading=\"lazy\" decoding=\"async\" class=\"size-medium wp-image-11357 alignleft\" src=\"https:\/\/www.radiopiu.net\/wordpress\/wp-content\/uploads\/2015\/09\/ternapds-300x199.jpg\" alt=\"\" width=\"300\" height=\"199\" \/><\/a>Bellunese, \u00e8 il caso che l\u2019intero territorio sia coinvolto. Ed \u00e8 il caso che venga proposto un progetto all\u2019avanguardia, senza cavi e tralicci che deturpano il nostro paesaggio dolomitico&#8221;.<\/em><\/p>\n<p>&nbsp;<\/p>\n<hr \/>\n<h2><span style=\"color: #ff0000;\">L&#8217;OPINIONE<\/span><\/h2>\n<p>Riceviamo e volentieri pubblichiamo la riflessione del comitato di Soverzene sul progetto di Terna Media Valle del Piave, il documento porta la firma di:\u00a0 Paolo Pesce ( comitato Ponte nelle Alpi),\u00a0 \u00a0Luigi Fontana ( comitato Levego Andreane),\u00a0 Gianni Pastella ( comitato castionese), Carmen Crespo ( comitato Limana)<\/p>\n<p>&nbsp;<\/p>\n<blockquote><p><em><img decoding=\"async\" class=\"alignleft\" src=\"https:\/\/www.radiopiu.net\/wordpress\/wp-content\/uploads\/2018\/07\/VIVAIO-DOLOMITI.jpg\" \/>Leggiamo con stupore\u00a0 della nascita del primo comitato in Italia a sostegno di Terna e contro l&#8217;interramento delle linee. Lo invitiamo ad un incontro per confrontarci su quanto sostengono nel comunicato, ma non riusciamo a capire chi sono o chi ne siano i rappresentanti. Visto che ci accusano e ci chiedono a nome di chi parliamo, ricordiamo loro che noi abbiamo sempre messo la faccia in tutto quello che abbiamo detto e fatto. Come comitato Valbelluna abbiamo raccolto 2000 firme depositate al ministero dell&#8217;ambiente, altre 1500 sono state raccolte su Limana. Evidenziamo che il protocollo d&#8217;intesa del 2009 non ha alcun valore giuridico e pu\u00f2 essere rivisto in ogni momento per il bene del territorio. La soluzione interramento lungo il canale dell\u2019A 27 della linea Soverzene-Scorz\u00e8 \u00e8 stato concertato con i comitati e con i politici del Trevigiano, in testa Volpago del Montello e Scorz\u00e8, in quanto la razionalizzazione di Ponte nelle Alpi e Soverzene \u00e8 tutt&#8217;altro che uno spostamento di 20 tralicci come cercano di far credere, ma un piano europeo di trasporto energetico che porter\u00e0 conseguenze in mezzo Veneto. Questo comitato sta facendo lo stesso errore che avevamo fatto noi nel 2012, ma poi approfondendo la questione ci siamo riuniti anche per portare vantaggio a loro e non scontentare nessuno, evitando l&#8217;effetto Nimby* (non nel mio giardino). <\/em><em>Quindi, sicuri delle buone intenzioni dei cittadini di Soverzene, ci rendiamo disponibili perch\u00e9 non restino ancora per 20 anni sotto i tralicci.<\/em><\/p><\/blockquote>\n<p>*Con l&#8217;acronimo NIMBY (inglese per Not In My Back Yard, lett. &#8220;Non nel mio cortile sul retro&#8221;) si indica la protesta da parte di membri di una comunit\u00e0 locale contro la realizzazione di opere pubbliche con impatto rilevante\u00a0 in un territorio che viene da loro avvertito come strettamente personale come il cortile interno di casa, quello posto sul retro o all&#8217;interno dell&#8217;edificio, che rispetto al giardino davanti alla facciata garantisce pi\u00f9 privacy e spesso \u00e8 totalmente inaccessibile agli estranei, ma che non si opporrebbero alla realizzazione di tali opere se in un altro luogo per loro meno importante.<\/p>\n<p>&nbsp;<\/p>\n<hr \/>\n<p>&nbsp;<\/p>\n<blockquote>\n<h3 class=\"p1\"><span class=\"s1\">ZANONI (PD): \u201cCERVA SALVATA AD AURONZO DI CADORE: FARE CHIAREZZA SU SOCCORSI, CURE E DECESSO. BOTTACIN VADA OLTRE I POST SU FACEBOOK\u201d<\/span><\/h3>\n<\/blockquote>\n<p class=\"p3\"><span class=\"s1\"><strong><a href=\"https:\/\/www.radiopiu.net\/wordpress\/giornale-radiopiu-27-gennaio-2021-direttore-mirko-mezzacasa\/whatsapp-image-2021-01-26-at-14-50-12\/\" rel=\"attachment wp-att-187045\"><img loading=\"lazy\" decoding=\"async\" class=\"size-medium wp-image-187045 alignleft\" src=\"https:\/\/www.radiopiu.net\/wordpress\/wp-content\/uploads\/2021\/01\/WhatsApp-Image-2021-01-26-at-14.50.12-225x300.jpeg\" alt=\"\" width=\"225\" height=\"300\" srcset=\"https:\/\/www.radiopiu.net\/wordpress\/wp-content\/uploads\/2021\/01\/WhatsApp-Image-2021-01-26-at-14.50.12-225x300.jpeg 225w, https:\/\/www.radiopiu.net\/wordpress\/wp-content\/uploads\/2021\/01\/WhatsApp-Image-2021-01-26-at-14.50.12.jpeg 720w\" sizes=\"auto, (max-width: 225px) 100vw, 225px\" \/><\/a>VENEZIA <\/strong>\u201c<em>Si faccia chiarezza sulla cerva morta dopo essere stata recuperata nel torrente Ansiei ad Auronzo di Cadore: \u00e8 stata visitata e ha ricevuto cure adeguate da parte di un veterinario? Poteva essere salvata?<\/em>\u201d. A chiederlo, annunciando anche un\u2019interrogazione, \u00e8 il consigliere regionale del Partito Democratico a proposito dell\u2019episodio accaduto domenica scorsa ad Auronzo di Cadore. \u201cPurtroppo la storia raccontata su Facebook dall\u2019assessore Bottacin, dove lodava il soccorso della Protezione Civile, non ha avuto un lieto fine, perch\u00e9 l\u2019animale poi \u00e8 morto in circostanze oscure. \u00c8 un episodio su cui va fatta piena luce, viste le testimonianze di alcuni abitanti della zona che hanno scaldato la cerva, avvolgendola con delle coperte: l\u2019animale, stremato per la fame e il freddo, dopo essere stato tirato su dal torrente non era ferito e si reggeva in piedi. Chi l\u2019aveva accudito si \u00e8 poi assentato per andarsi a cambiare, nel frattempo l\u2019animale \u00e8 sparito e quando i residenti sono tornati, sulla neve non restava che una scia di sangue. Cosa \u00e8 successo? Mi chiedo se la procedura seguita \u00e8 quella corretta: \u00e8 legittimo che lo stato di salute di un animale selvatico venga valutato senza la presenza di un veterinario e che l\u2019eventuale soppressione sia effettuata da altri? i dubbi di Zanoni. \u201c<em>Sul sito della Provincia di Belluno &#8211; insiste &#8211; c\u2019\u00e8 una pagina dedicata al Recupero fauna selvatica, funzione svolta dalla Polizia provinciale, che consiste nella \u2018raccolta di animali feriti, menomati, denutriti o morti e del trasporto presso una struttura specializzata nelle cure veterinarie, nel ricovero e nella riabilitazione\u2019. Qual \u00e8 la struttura preposta? Viene effettivamente attuato quanto \u00e8 messo nero su bianco oppure \u00e8 soltanto una dichiarazione d\u2019intenti? Invito ad interessarsi del fatto l\u2019assessore Bottacin, solerte nell\u2019aver dato la notizia del salvataggio\u00a0finito male: faccia luce su quello che \u00e8 successo dopo e sul perch\u00e9, non \u00e8 sufficiente un post per prendere \u2018like\u2019 su Facebook. Ho ricevuto numerose segnalazioni su questo triste episodio: telefonate di gente in lacrime, singoli cittadini, residenti di Auronzo, consiglieri comunali, amanti degli animali e associazioni di tutela dell\u2019ambiente arrabbiati per l\u2019accaduto. Su questo fatto, e non solo, presenter\u00f2 una interrogazione, che sottoporr\u00f2 anche ai colleghi: dobbiamo capire cosa sta succedendo, troppo spesso da tutta la regione arrivano segnalazioni del genere, che mettono in discussione il funzionamento dei Centri recupero fauna selvatica in Veneto, sui quali a fine 2020 abbiamo depositato ben due interrogazioni ancora senza risposta<\/em>\u201d.<\/span><\/p>\n<p>&nbsp;<\/p>\n<blockquote>\n<h3>CERVA SOCCORSA AD AURONZO. BOTTACIN REPLICA A ZANONI<\/h3>\n<\/blockquote>\n<p><strong><a href=\"https:\/\/www.radiopiu.net\/wordpress\/lassessore-alla-protezione-civile-del-veneto-bottacin-fa-il-punto-dopo-i-terremoti-in-croazia-e-nel-veronese\/bottacin-59\/\" rel=\"attachment wp-att-182306\"><img loading=\"lazy\" decoding=\"async\" class=\"size-medium wp-image-182306 alignleft\" src=\"https:\/\/www.radiopiu.net\/wordpress\/wp-content\/uploads\/2020\/12\/BOTTACIN-1-300x199.png\" alt=\"\" width=\"300\" height=\"199\" srcset=\"https:\/\/www.radiopiu.net\/wordpress\/wp-content\/uploads\/2020\/12\/BOTTACIN-1-300x199.png 300w, https:\/\/www.radiopiu.net\/wordpress\/wp-content\/uploads\/2020\/12\/BOTTACIN-1-1024x678.png 1024w, https:\/\/www.radiopiu.net\/wordpress\/wp-content\/uploads\/2020\/12\/BOTTACIN-1-768x509.png 768w, https:\/\/www.radiopiu.net\/wordpress\/wp-content\/uploads\/2020\/12\/BOTTACIN-1.png 1042w\" sizes=\"auto, (max-width: 300px) 100vw, 300px\" \/><\/a>VENEZIA <\/strong>\u201c<em>A fare certe dichiarazioni ci si dovrebbe vergognare perch\u00e9 offendono gli uomini e le donne della Protezione Civile, protagonisti di un gesto che, invece, andrebbe soltanto elogiato. Affermando certe cose, infatti, si manca di rispetto alla generosit\u00e0 e alla professionalit\u00e0 dei volontari che, vale la pena ricordare, solo nel 2020 hanno regalato alla collettivit\u00e0 oltre 170.000 giornate di lavoro, esponendosi anche a rischi rilevanti<\/em>\u201d. Cos\u00ec l\u2019assessore veneto all\u2019Ambiente e Protezione civile, Gianpaolo Bottacin, replica alle affermazioni del consigliere del Partito Democratico Andrea Zanoni riguardo la vicenda della cerva sfinita dal freddo, soccorsa nel torrente Ansiei ad Auronzo di Cadore. <em>\u201cI volontari di protezione civile di Auronzo \u2013 spiega Bottacin &#8211; hanno soccorso e recuperato l&#8217;animale e hanno immediatamente avvisato i Carabinieri forestali e la Polizia provinciale a cui lo hanno consegnato vivo secondo quanto previsto dalle normative\u201d. <\/em>\u201c<em>Ricordo a Zanoni \u2013 aggiunge &#8211; che n\u00e9 i Carabinieri n\u00e9 la Polizia provinciale dipendono dal mio assessorato o dalla Regione. Pertanto non capisco perch\u00e9 si rivolga a me alla ricerca di chiarimenti, mettendo sempre in dubbio la correttezza delle azioni di chiunque. I Carabinieri e gli agenti di Polizia provinciale sono pubblici ufficiali e agenti di polizia giudiziaria per cui non ho il minimo dubbio che abbiano compiuto correttamente il proprio lavoro. Zanoni evidentemente la pensa diversamente<\/em>\u201d. \u201c<em>Sottolineo che anche il lavoro svolto dai volontari di Protezione civile di Auronzo merita solo elogi: il fatto che l&#8217;animale sia stato consegnato \u00e8 riportato anche dagli organi di stampa. Mi spiace che Zanoni non si unisca a questo mio elogio e se ritiene che i suoi dubbi siano veramente fondati pu\u00f2 rivolgersi alla Procura della Repubblica. Mi auguro, almeno, che siano i suoi colleghi del Pd a dissociarsi da lui<\/em>\u201d.<\/p>\n<p>&nbsp;<\/p>\n<p>&nbsp;<\/p>\n<hr \/>\n<p>&nbsp;<\/p>\n<blockquote>\n<h3>PRIMI DATI SU ISCRIZIONI ALLE SUPERIORI IN VENETO<\/h3>\n<\/blockquote>\n<p><strong><a href=\"https:\/\/www.radiopiu.net\/wordpress\/giornale-radiopiu-09-aprile-2020-direttore-mirko-mezzacasa\/donazzan\/\" rel=\"attachment wp-att-128499\"><img loading=\"lazy\" decoding=\"async\" class=\" wp-image-128499 alignleft\" src=\"https:\/\/www.radiopiu.net\/wordpress\/wp-content\/uploads\/2020\/04\/DONAZZAN-e1604585643454-300x300.jpg\" alt=\"\" width=\"268\" height=\"268\" srcset=\"https:\/\/www.radiopiu.net\/wordpress\/wp-content\/uploads\/2020\/04\/DONAZZAN-e1604585643454-300x300.jpg 300w, https:\/\/www.radiopiu.net\/wordpress\/wp-content\/uploads\/2020\/04\/DONAZZAN-e1604585643454-1024x1024.jpg 1024w, https:\/\/www.radiopiu.net\/wordpress\/wp-content\/uploads\/2020\/04\/DONAZZAN-e1604585643454-150x150.jpg 150w, https:\/\/www.radiopiu.net\/wordpress\/wp-content\/uploads\/2020\/04\/DONAZZAN-e1604585643454-768x768.jpg 768w, https:\/\/www.radiopiu.net\/wordpress\/wp-content\/uploads\/2020\/04\/DONAZZAN-e1604585643454-1536x1536.jpg 1536w, https:\/\/www.radiopiu.net\/wordpress\/wp-content\/uploads\/2020\/04\/DONAZZAN-e1604585643454.jpg 2048w\" sizes=\"auto, (max-width: 268px) 100vw, 268px\" \/><\/a>VENEZIA <\/strong>\u201c<em>Il rischio di una eccessiva licealizzazione del sistema scolastico in Veneto non c&#8217;\u00e8 grazie ad un lavoro di valorizzazione di tutti i percorsi che ha dato pari dignit\u00e0 all&#8217;offerta formativa e ha valorizzato tutte quelle scuole che sono in forte relazione con il sistema produttivo del Veneto. Un&#8217;azione che da anni portiamo avanti con l&#8217;Ufficio Scolastico Regionale e con le realt\u00e0 della rappresentanza datoriale che in Veneto \u00e8 particolarmente sensibile al rapporto scuola-lavoro<\/em>\u201d. Cos\u00ec Elena Donazzan, Assessore regionale all\u2019istruzione e alla formazione commenta i primi dati diffusi oggi dal Ministero dell\u2019Istruzione in merito alle scelte per la scuola secondaria di secondo grado da parte degli studenti in uscita dalla terza media. I dati evidenziano che il Veneto \u00e8 la Regione italiana con la maggior adesione agli istituti tecnici (38%), seconda per i professionali (13,8%) mentre ai indirizzi liceali viene riservato il 48,25 delle iscrizioni. Molto positivo anche il dato sulla compilazione online. Il 93,2% degli studenti veneti ha compilato la domanda in autonomia, dato secondo solo al Friuli.<\/p>\n<p>&nbsp;<\/p>\n<p>&nbsp;<\/p>\n<hr \/>\n<p>&nbsp;<\/p>\n<blockquote>\n<h3>ISTITUTO LADIN CESA DE JAN: APPROVATO IL PIANO DELLE ATTIVITA&#8217; CULTURALI PER IL 2021<\/h3>\n<\/blockquote>\n<p><strong><a href=\"https:\/\/www.radiopiu.net\/wordpress\/icona-cesadejan\/\" rel=\"attachment wp-att-78197\"><img loading=\"lazy\" decoding=\"async\" class=\"size-medium wp-image-78197 alignleft\" src=\"https:\/\/www.radiopiu.net\/wordpress\/wp-content\/uploads\/2019\/03\/icona-cesadejan-300x300.jpg\" alt=\"\" width=\"300\" height=\"300\" srcset=\"https:\/\/www.radiopiu.net\/wordpress\/wp-content\/uploads\/2019\/03\/icona-cesadejan-300x300.jpg 300w, https:\/\/www.radiopiu.net\/wordpress\/wp-content\/uploads\/2019\/03\/icona-cesadejan-150x150.jpg 150w, https:\/\/www.radiopiu.net\/wordpress\/wp-content\/uploads\/2019\/03\/icona-cesadejan.jpg 500w\" sizes=\"auto, (max-width: 300px) 100vw, 300px\" \/><\/a>COLLE SANTA LUCIA\u00a0<\/strong> Lo scorso 22 gennaio si e\u0300 riunito il Consiglio Culturale dell\u2019Istitut Cultural Ladin Cesa de Jan. La seduta e\u0300 iniziata con un memorandum della Presidente dell\u2019Istituto, Elsa Zardini Soriza, nel quale ha richiamato con forza i princi\u0300pi fondanti del nostro Istitut, ricordando le difficili condizioni politiche ed economiche nelle quali le tre comunita\u0300 ladine \u201cbrissino-tirolesi\u201d decisero, nell\u2019ormai lontano 2004, di fondare un proprio Istituto. Nel suo intervento, la Presidente si e\u0300 congratulata con tutti i collaboratori, ed in particolare con il Direttore Denni Dorigo, per l\u2019encomiabile lavoro fin qui svolto. I dieci membri di questa commissione scientifica, di cui fanno parte anche i rappresentanti degli Istituti Ladini Micura\u0301 de Ru\u0308 (Val Badia e Val Gardena) e Majon dei Fascegn (Val di Fassa), si sono confrontati sui vari progetti proposti. Il \u201cPiano delle Attivita\u0300 Culturali\u201d per l\u2019anno 2021 che e\u0300 stato in quest\u2019occasione deliberato, comprende attivita\u0300 pluriennali, come il progetto lessicografico (che portera\u0300 ad un dizionario on-line comparato fra le varianti ladine di Fodom, Col e Anpezo) e l\u2019insegnamento della lingua ladina nelle scuole del nostro territorio. Nel 2021 vedra\u0300 la luce anche l\u2019Atlante Toponomastico, frutto di un lavoro di ricerca decennale che permettera\u0300 di custodire migliaia di nomi di luoghi, finora tramandati solo oralmente e che rischierebbero di essere irrimediabilmente persi e dimenticati. Numerose saranno le pubblicazioni a carattere storico che l\u2019Istitut si pregera\u0300 di presentare nel corso dei prossimi mesi. Ne ricordiamo solo alcuni: un libro del Prof. Giacomel sui cittadini ampezzani internati per ragioni politiche durante gli anni bui della guerra, una ricerca curata dalla Prof. Luciana Palla sull\u2019emigrazione dalle nostre valli nel corso del Novecento e il terzo volume di Ezio Anzanello sulla Guerra di Mine sul Col di Lana e il Monte Sief. Progetto di grandissimo valore per l\u2019intera comunita\u0300 ladina de Souramont sara\u0300 l\u2019avvio di una importante ricerca sociolinguistica, condotta con il coordinamento dell\u2019Universita\u0300 di Trento e che permettera\u0300 di testare e approfondire lo \u201cstato di salute\u201d della nostra minoranza linguistica e di proporre in seguito specifici interventi di politica linguistica. Infine, saranno avviate nelle prossime settimane alcune specifiche iniziative, fra cui una campagna social, al fine di avvicinare quante piu\u0300 persone possibile alle attivita\u0300 dell\u2019Istituto, partendo dalla convinzione che il Ladino non e\u0300 una \u201ccosa\u201d per pochi, ma per tutti. La nostra lingua, la nostra cultura e la nostra identita\u0300 non sono folclore o nostalgia del passato, bensi\u0300 un\u2019autenticita\u0300 piu\u0300 che mai attuale e da vivere quotidianamente.<\/p>\n<p>&nbsp;<\/p>\n<hr \/>\n<p>&nbsp;<\/p>\n<blockquote>\n<h3>CONVENZIONI E RECESSI NEL CONSIGLIO COMUNALE<\/h3>\n<\/blockquote>\n<p><strong>ROCCA PIETORE<\/strong> Il sindaco Andrea De Bernardin ha convocato i consiglieri per domani alle 18.30. All&#8217;ordine del giorno l&#8217;approvazione del recesso dalla convenzione per lo svolgimento delle funzioni di segreteria con il Comune di Cavaso del Tomba e approvazione della convenzione con il Comune di San Gregorio nelle Alpi. Ultimo punto il programma per il conferimento degli incarichi di collaborzione autonoma.<\/p>\n<p>&nbsp;<\/p>\n<p>&nbsp;<\/p>\n<hr \/>\n<p>&nbsp;<\/p>\n<blockquote>\n<h3>SERVIZIO CIVILE UNIVERSALE, LA PROROGA<\/h3>\n<\/blockquote>\n<p><strong>FELTRE<\/strong> Prorogato al 15 febbraio il Bando per la selezione di 74 operatori volontari da impegnare nei progetti presentati dall&#8217;Unione Montana Feltrina. Il bando e le relative istruzioni per l\u2019iscrizione online sono visibili: \u00a0dal sito https:\/\/www.feltrino.bl.it\/myportal\/CMF64\/vivere\/serviziocivile\/bandi e\u00a0dalla pagina facebook https:\/\/www.facebook.com\/serviziocivile.bellunese<\/p>\n<p>&nbsp;<\/p>\n<hr \/>\n<blockquote>\n<h3><\/h3>\n<h3><a href=\"https:\/\/www.radiopiu.net\/wordpress\/giornale-radiopiu-23-gennaio-2021-direttore-mirko-mezzacasa\/de-toni_prima-che-arrivi\/\" rel=\"attachment wp-att-186277\"><img loading=\"lazy\" decoding=\"async\" class=\"wp-image-186277 alignleft\" src=\"https:\/\/www.radiopiu.net\/wordpress\/wp-content\/uploads\/2021\/01\/De-Toni_Prima-che-arrivi-183x300.jpg\" alt=\"\" width=\"124\" height=\"203\" srcset=\"https:\/\/www.radiopiu.net\/wordpress\/wp-content\/uploads\/2021\/01\/De-Toni_Prima-che-arrivi-183x300.jpg 183w, https:\/\/www.radiopiu.net\/wordpress\/wp-content\/uploads\/2021\/01\/De-Toni_Prima-che-arrivi.jpg 623w\" sizes=\"auto, (max-width: 124px) 100vw, 124px\" \/><\/a>LE POESIE DI ALICE NELLE LIBRERIE BELLUNESI<\/h3>\n<\/blockquote>\n<p><strong>ALLEGHE<\/strong> Prima che arrivi la bella stagione, \u00e8 il titolo della nuova raccolta di poesie dell&#8217;alleghese Alice De Toni. Impossibile la presentazione in presenza, ma il libro gi\u00e0 si pu\u00f2 trovarlo a Belluno nelle librerie Campedel, Le Due Zitelle, Mondadori Bookstore e Tarantola; Feltre Agor\u00e0 e Pilotto; Rasai di Seren del Grappa libreria Quattro Sass, Alleghe in edicola. E&#8217; possibile acquistare il libro su sito della casa editrice www.edizionidbs.it<\/p>\n<p>&nbsp;<\/p>\n<p>&nbsp;<\/p>\n<p>&nbsp;<\/p>\n<p>&nbsp;<\/p>\n<hr \/>\n<p>&nbsp;<\/p>\n<p>&nbsp;<\/p>\n<blockquote>\n<h1>Training di Biodinamica Craniosacrale<\/h1>\n<\/blockquote>\n<p><em>Un profondo lavoro sul corpo e attraverso il corpo che si trasforma in un<\/em><em>viaggio alla scoperta di se stessi e delle proprie potenzialit\u00e0.\u00a0<\/em><\/p>\n<p><strong><a href=\"https:\/\/www.radiopiu.net\/wordpress\/covid-zaia-su-dati-europei-ecdc-non-realistici-perche-quelli-italiani-non-sono-uniformi-e-persino-ovvio-che-chi-fa-piu-tamponi-trova-piu-casi-ma-non-se\/pp-47\/\" rel=\"attachment wp-att-186942\"><img loading=\"lazy\" decoding=\"async\" class=\"wp-image-186942 alignleft\" src=\"https:\/\/www.radiopiu.net\/wordpress\/wp-content\/uploads\/2021\/01\/pp-2-300x300.jpg\" alt=\"\" width=\"174\" height=\"174\" srcset=\"https:\/\/www.radiopiu.net\/wordpress\/wp-content\/uploads\/2021\/01\/pp-2-300x300.jpg 300w, https:\/\/www.radiopiu.net\/wordpress\/wp-content\/uploads\/2021\/01\/pp-2-150x150.jpg 150w, https:\/\/www.radiopiu.net\/wordpress\/wp-content\/uploads\/2021\/01\/pp-2.jpg 640w\" sizes=\"auto, (max-width: 174px) 100vw, 174px\" \/><\/a>BELLUNO<\/strong> L&#8217;associazione culturale MU APS arriva a Belluno per presentare una tecnica manuale delicata e profonda che sostiene e stimola la capacit\u00e0 di autoguarigione nel corpo. Fa parte delle Discipline del Benessere e Bionaturali, e pu\u00f2 essere intrapreso sia come percorso professionale, sia come percorso di crescita personale. <strong>Per info, sessioni di prova e prenotazioni:Brunella Moro <span style=\"color: #0000ff;\">info@esteticaglamour.it<\/span> 347\/7742512 ISCRIZIONI ENTRO IL 15 MARZO SCONTO 10%\u00a0<\/strong><\/p>\n<p>&nbsp;<\/p>\n<p><span style=\"color: #ff0000;\">AUDIO BRUNELLA MORO<\/span><\/p>\n<audio class=\"wp-audio-shortcode\" id=\"audio-186927-3\" preload=\"none\" style=\"width: 100%;\" controls=\"controls\"><source type=\"audio\/mpeg\" src=\"https:\/\/www.radiopiu.net\/wordpress\/wp-content\/uploads\/2021\/01\/brunella.mp3?_=3\" \/><a href=\"https:\/\/www.radiopiu.net\/wordpress\/wp-content\/uploads\/2021\/01\/brunella.mp3\">https:\/\/www.radiopiu.net\/wordpress\/wp-content\/uploads\/2021\/01\/brunella.mp3<\/a><\/audio>\n<p>&nbsp;<\/p>\n<hr \/>\n<p>&nbsp;<\/p>\n<blockquote>\n<h3>CON LE SQUISITE PERE SICILIANE OTTIMA MARMELLATA DI BUTIRRE<\/h3>\n<\/blockquote>\n<p><strong>di RENATO BONA<\/strong><\/p>\n<p>Metti una giornata uggiosa e si accende la \u201cscintilla\u201d che da idealmente vita ad un \u201cgemellaggio Etna-Dolomiti\u201d all\u2019insegna di quel dolce, squisito frutto che sono le pere butirre! Quelle d\u2019estate sono chiamate in Sicilia anche \u201cPira Mputiri\u201d, tra le pi\u00f9 rappresentative dell\u2019Isola, col nome che fa riferimento alla delicatezza e succosit\u00e0 della polpa. Infatti, in mancanza di alternative, mi sono dedicato ad una delle mie passioni: preparare marmellate! E cos\u00ec mi sono messo all\u2019opera e, sotto la vigilanza cooperativa di Jenny, ho lavato, quindi sbucciato, eliminata la parte torsolo e poi sminuzzato, quasi 4 chili di ottime pere butirre acquistate nel vicino negozio dei carissimi amici siciliani Giuseppe, Noemi, Maria e Salvo Cannizzaro, sempre prodighi di buoni consigli per tutti. In precedenza, avevo ovviamente lavato con cura vasetti e tappi e quindi una volta zuccherata in giusta proporzione ho messo la frutta a cuocere. Portato il tutto a bollitura, che \u00e8 durata 9 minuti, ho eliminato la patina schiumosa bianca che si formava in superficie ed ho cominciato ad invasare, procurandomi un paio di scottature alle dita (incerti del mestiere\u2026). Ho ricavato la marmellata sufficiente per riempire dieci \u201cBormioli\u201d medi che ho messo poi a decantare, rovesciandoli, per una decina di minuti prima di rimetterli in posizione normale. Poi, lavaggio dell\u2019utensileria, lavello e pianale di lavoro compresi. Dopo un paio d\u2019ore l\u2019operazione era conclusa ed ho lasciato a Jenny il piacere dell\u2019assaggio della marmellata che, non bastando per un altro vasetto, avevo versato su una fondina, cos\u00ec, giusto per gradire&#8230; Il responso \u00e8 stato: ottima! Peccato allora &#8211; ho aggiunto io &#8211; che le pere fossero troppo poche per poter fare assaggiare la marmellata anche agli amici di Fb, e non solo (figli e nipoti peraltro hanno ovviamente avuto la loro parte non virtuale!)\u2026 Dico la verit\u00e0: non sapevo nulla delle pere butirre e cos\u00ec sono andato sui siti https:\/\/www.intavoliamo.it\/Info\/prodotti-tipici-siciliani\/pere-butirra e siciliaincucina.altervista.com ed ho appreso, fra l\u2019altro, che sono un succulento frutto tipico della Sicilia, inserito dal ministero delle Politiche agricole, alimentari e forestali nella lista dei \u201cProdotti agroalimentari tradizionali della regione Sicilia (Pat)\u201d. Ancora: \u201cIl termine butirra deriva dall\u2019aggettivo francese butirro, che significa \u2018burroso\u2019 e sta ad indicare la delicatezza della polpa\u201d. Il nome che distingue questa variet\u00e0 di pera le fu dato da Giorgio Gallesio, dirigente pubblico e botanico nato il 23 maggio 1772 a Finale Ligure e morto a Firenze il 30 novembre 1839; laureato all\u2019Universit\u00e0 di Pavia, \u00e8 stato sepolto tra gli \u201cuomini illustri\u201d nel chiostro della basilica fiorentina di Santa Croce &#8211; wikipedia ndr.) . La butirra rientra nella categoria di frutta con forma ovale leggermente allungata, superficie dalla pelle lucida, levigata, di colore verde chiaro e a tratti rosata. La caratteristica che rende queste pere particolarmente apprezzate nell\u2019isola etnea \u00e8 l\u2019inconfondibile polpa zuccherina e succosa che si scioglie sotto il palato, lasciando il posto ad una piacevole sensazione dolce e fresca, ideale soprattutto nei periodi di caldo estivo. La coltivazione avviene ad altitudine tra i 600 e i 1800 metri sopra il livello del mare e la raccolta si effettua dalla seconda met\u00e0 di luglio a fine agosto. Per quanto riguarda le propriet\u00e0 nutrizionali, le \u201cbutirra\u201dsi possono consumare crude o come dessert elaborandole in un ottimo dolce; il contenuto di fibre naturali, sia solubili che insolubili \u00e8 essenziale per un corretto transito intestinale; sono povere di calorie ma con un alto quantitativo di fruttosio. Sono considerate un buonissimo spuntino prima dell\u2019allenamento anche per gli sportivi data la presenza di potassio e vitamina \u201cc\u201d. L\u2019insieme di tutti questi elementi contribuisce a creare l\u2019equilibrio giusto di sostanze, orientato al mantenimento della forma fisica ideale. Provare per credere!<\/p>\n\n\t\t\t<style type='text\/css'>\n\t\t\t\t#gallery-3 {\n\t\t\t\t\tmargin: auto;\n\t\t\t\t}\n\t\t\t\t#gallery-3 .gallery-item {\n\t\t\t\t\tfloat: left;\n\t\t\t\t\tmargin-top: 10px;\n\t\t\t\t\ttext-align: center;\n\t\t\t\t\twidth: 20%;\n\t\t\t\t}\n\t\t\t\t#gallery-3 img {\n\t\t\t\t\tborder: 2px solid #cfcfcf;\n\t\t\t\t}\n\t\t\t\t#gallery-3 .gallery-caption {\n\t\t\t\t\tmargin-left: 0;\n\t\t\t\t}\n\t\t\t\t\/* see gallery_shortcode() in wp-includes\/media.php *\/\n\t\t\t<\/style>\n\t\t<div id='gallery-3' class='dt-gallery-container gallery galleryid-186927 gallery-columns-5 gallery-size-thumbnail'><dl class='gallery-item'>\n\t\t\t\t<dt class='gallery-icon landscape'>\n\t\t\t\t\t<a class=\"rollover rollover-zoom dt-pswp-item\" title=\"142639202_850379485794514_1169188264056377955_n\" data-dt-img-description=\"\" data-large_image_width=\"260\" data-large_image_height=\"160\"href='https:\/\/www.radiopiu.net\/wordpress\/wp-content\/uploads\/2021\/01\/142639202_850379485794514_1169188264056377955_n.jpg'><img loading=\"lazy\" decoding=\"async\" width=\"150\" height=\"150\" src=\"https:\/\/www.radiopiu.net\/wordpress\/wp-content\/uploads\/2021\/01\/142639202_850379485794514_1169188264056377955_n-150x150.jpg\" class=\"attachment-thumbnail size-thumbnail\" alt=\"\" \/><\/a>\n\t\t\t\t<\/dt><\/dl><dl class='gallery-item'>\n\t\t\t\t<dt class='gallery-icon landscape'>\n\t\t\t\t\t<a class=\"rollover rollover-zoom dt-pswp-item\" title=\"142439204_771581663486845_6020064752148898312_n\" data-dt-img-description=\"\" data-large_image_width=\"261\" data-large_image_height=\"152\"href='https:\/\/www.radiopiu.net\/wordpress\/wp-content\/uploads\/2021\/01\/142439204_771581663486845_6020064752148898312_n.jpg'><img loading=\"lazy\" decoding=\"async\" width=\"150\" height=\"150\" src=\"https:\/\/www.radiopiu.net\/wordpress\/wp-content\/uploads\/2021\/01\/142439204_771581663486845_6020064752148898312_n-150x150.jpg\" class=\"attachment-thumbnail size-thumbnail\" alt=\"\" \/><\/a>\n\t\t\t\t<\/dt><\/dl><dl class='gallery-item'>\n\t\t\t\t<dt class='gallery-icon portrait'>\n\t\t\t\t\t<a class=\"rollover rollover-zoom dt-pswp-item\" title=\"143218419_3585390934887465_903642854687952346_n\" data-dt-img-description=\"\" data-large_image_width=\"195\" data-large_image_height=\"260\"href='https:\/\/www.radiopiu.net\/wordpress\/wp-content\/uploads\/2021\/01\/143218419_3585390934887465_903642854687952346_n.jpg'><img loading=\"lazy\" decoding=\"async\" width=\"150\" height=\"150\" src=\"https:\/\/www.radiopiu.net\/wordpress\/wp-content\/uploads\/2021\/01\/143218419_3585390934887465_903642854687952346_n-150x150.jpg\" class=\"attachment-thumbnail size-thumbnail\" alt=\"\" \/><\/a>\n\t\t\t\t<\/dt><\/dl><dl class='gallery-item'>\n\t\t\t\t<dt class='gallery-icon landscape'>\n\t\t\t\t\t<a class=\"rollover rollover-zoom dt-pswp-item\" title=\"142916885_3055025978066409_8134087185389610058_n\" data-dt-img-description=\"\" data-large_image_width=\"261\" data-large_image_height=\"196\"href='https:\/\/www.radiopiu.net\/wordpress\/wp-content\/uploads\/2021\/01\/142916885_3055025978066409_8134087185389610058_n.jpg'><img loading=\"lazy\" decoding=\"async\" width=\"150\" height=\"150\" src=\"https:\/\/www.radiopiu.net\/wordpress\/wp-content\/uploads\/2021\/01\/142916885_3055025978066409_8134087185389610058_n-150x150.jpg\" class=\"attachment-thumbnail size-thumbnail\" alt=\"\" \/><\/a>\n\t\t\t\t<\/dt><\/dl><dl class='gallery-item'>\n\t\t\t\t<dt class='gallery-icon landscape'>\n\t\t\t\t\t<a class=\"rollover rollover-zoom dt-pswp-item\" title=\"143284097_261687008814498_8551680505354295342_n\" data-dt-img-description=\"\" data-large_image_width=\"261\" data-large_image_height=\"196\"href='https:\/\/www.radiopiu.net\/wordpress\/wp-content\/uploads\/2021\/01\/143284097_261687008814498_8551680505354295342_n.jpg'><img loading=\"lazy\" decoding=\"async\" width=\"150\" height=\"150\" src=\"https:\/\/www.radiopiu.net\/wordpress\/wp-content\/uploads\/2021\/01\/143284097_261687008814498_8551680505354295342_n-150x150.jpg\" class=\"attachment-thumbnail size-thumbnail\" alt=\"\" \/><\/a>\n\t\t\t\t<\/dt><\/dl><br style=\"clear: both\" \/><dl class='gallery-item'>\n\t\t\t\t<dt class='gallery-icon landscape'>\n\t\t\t\t\t<a class=\"rollover rollover-zoom dt-pswp-item\" title=\"142439209_251035889746398_5062010543761760447_n\" data-dt-img-description=\"\" data-large_image_width=\"261\" data-large_image_height=\"196\"href='https:\/\/www.radiopiu.net\/wordpress\/wp-content\/uploads\/2021\/01\/142439209_251035889746398_5062010543761760447_n.jpg'><img loading=\"lazy\" decoding=\"async\" width=\"150\" height=\"150\" src=\"https:\/\/www.radiopiu.net\/wordpress\/wp-content\/uploads\/2021\/01\/142439209_251035889746398_5062010543761760447_n-150x150.jpg\" class=\"attachment-thumbnail size-thumbnail\" alt=\"\" \/><\/a>\n\t\t\t\t<\/dt><\/dl><dl class='gallery-item'>\n\t\t\t\t<dt class='gallery-icon portrait'>\n\t\t\t\t\t<a class=\"rollover rollover-zoom dt-pswp-item\" title=\"142640200_244259937107716_3938766660946610366_n\" data-dt-img-description=\"\" data-large_image_width=\"156\" data-large_image_height=\"260\"href='https:\/\/www.radiopiu.net\/wordpress\/wp-content\/uploads\/2021\/01\/142640200_244259937107716_3938766660946610366_n.jpg'><img loading=\"lazy\" decoding=\"async\" width=\"150\" height=\"150\" src=\"https:\/\/www.radiopiu.net\/wordpress\/wp-content\/uploads\/2021\/01\/142640200_244259937107716_3938766660946610366_n-150x150.jpg\" class=\"attachment-thumbnail size-thumbnail\" alt=\"\" \/><\/a>\n\t\t\t\t<\/dt><\/dl><dl class='gallery-item'>\n\t\t\t\t<dt class='gallery-icon landscape'>\n\t\t\t\t\t<a class=\"rollover rollover-zoom dt-pswp-item\" title=\"142561112_1886900568132833_4396412076570089056_n\" data-dt-img-description=\"\" data-large_image_width=\"261\" data-large_image_height=\"196\"href='https:\/\/www.radiopiu.net\/wordpress\/wp-content\/uploads\/2021\/01\/142561112_1886900568132833_4396412076570089056_n.jpg'><img loading=\"lazy\" decoding=\"async\" width=\"150\" height=\"150\" src=\"https:\/\/www.radiopiu.net\/wordpress\/wp-content\/uploads\/2021\/01\/142561112_1886900568132833_4396412076570089056_n-150x150.jpg\" class=\"attachment-thumbnail size-thumbnail\" alt=\"\" \/><\/a>\n\t\t\t\t<\/dt><\/dl><dl class='gallery-item'>\n\t\t\t\t<dt class='gallery-icon landscape'>\n\t\t\t\t\t<a class=\"rollover rollover-zoom dt-pswp-item\" title=\"142973231_1117151092055877_962845234004079307_n\" data-dt-img-description=\"\" data-large_image_width=\"261\" data-large_image_height=\"196\"href='https:\/\/www.radiopiu.net\/wordpress\/wp-content\/uploads\/2021\/01\/142973231_1117151092055877_962845234004079307_n.jpg'><img loading=\"lazy\" decoding=\"async\" width=\"150\" height=\"150\" src=\"https:\/\/www.radiopiu.net\/wordpress\/wp-content\/uploads\/2021\/01\/142973231_1117151092055877_962845234004079307_n-150x150.jpg\" class=\"attachment-thumbnail size-thumbnail\" alt=\"\" \/><\/a>\n\t\t\t\t<\/dt><\/dl><dl class='gallery-item'>\n\t\t\t\t<dt class='gallery-icon landscape'>\n\t\t\t\t\t<a class=\"rollover rollover-zoom dt-pswp-item\" title=\"143177279_865989760613627_1505078759521706361_n\" data-dt-img-description=\"\" data-large_image_width=\"261\" data-large_image_height=\"152\"href='https:\/\/www.radiopiu.net\/wordpress\/wp-content\/uploads\/2021\/01\/143177279_865989760613627_1505078759521706361_n.jpg'><img loading=\"lazy\" decoding=\"async\" width=\"150\" height=\"150\" src=\"https:\/\/www.radiopiu.net\/wordpress\/wp-content\/uploads\/2021\/01\/143177279_865989760613627_1505078759521706361_n-150x150.jpg\" class=\"attachment-thumbnail size-thumbnail\" alt=\"\" \/><\/a>\n\t\t\t\t<\/dt><\/dl><br style=\"clear: both\" \/>\n\t\t\t<\/div>\n\n<p>NELLE FOTO (Renato Bona e sito Pianteinviaggio): il negozio bellunese della siciliana famiglia Cannizzaro; pere butirra; Giorgio Galesio, il botanico ligure che ha dato il nome a queste pere; fasi della preparazione della \u201cmia\u201d marmellata; vasetti col prelibato prodotto finito.<\/p>\n<p>&nbsp;<\/p>\n<p>&nbsp;<\/p>\n<p>&nbsp;<\/p>\n<hr \/>\n<blockquote>\n<h3><\/h3>\n<h3>LETTURE PER BAMBINI IN OCCASIONE DELLA GIORNATA DELLA MEMORIA<\/h3>\n<\/blockquote>\n<p><strong>LIMANA <\/strong>In occasione della Giornata della Memoria 2021 il Comune di Limana, Assessorato alla Cultura, presenta &#8220;<span style=\"color: #000000;\"><b>I<\/b>L VOLO DI SARA<\/span>&#8220;, letture con immagini <u>per bambini dai 9 anni<\/u> in su, con i lettori Carlo Corsini di Maga Camaja e Simone Carnielli dell&#8217;Armadio Delle Storie a Colori. L&#8217;evento sar\u00e0 trasmesso in diretta streaming sulla piattaforma YouTube <span style=\"color: #000000;\">dalle 17\u00a0 di oggi<\/span>, e rimarr\u00e0 disponibile e quindi visionabile per le 24 ore successive. Gli utenti interessati a partecipare all&#8217;incontro dalle proprie postazioni dovranno farne richiesta alla Biblioteca di Limana, via telefono allo 0437970868 o via mail a sbogo.limana@valbelluna.bl.it, e solo allora riceveranno il link per assistere alle letture.<\/p>\n<p>&nbsp;<\/p>\n<p>&nbsp;<\/p>\n<hr \/>\n<p>&nbsp;<\/p>\n<blockquote>\n<h3>LA SCUOLA SCI EQUIPE DI FALCADE SI PREPARA PER LA RIAPERTURA DEGLI IMPIANTI ORGANIZZANDO CORSI PER I GIOVANI<\/h3>\n<\/blockquote>\n<p><strong>FALCADE<\/strong> La Scuola Sci Equipe di Falcade sta aspettando con ansia la riapertura degli impianti sciistici e mette le mani avanti organizzando delle settimane bianche per le famiglie nel mese di marzo. Per ragioni di sicurezza legate alla diffusione della pandemia Covid-19 la data di apertura della skiarea \u00e8 posticipata, almeno fino al 15 febbraio. Nel frattempo\u00a0 i programmi delle settimane bianche dedicate alle famiglie e ai bambini. REBELS KIDS WEEK \u00a0dal 1 al 6 marzo e WEEK 4 KIDS dal 14 al 20 marzo. Sono previste interessanti scontistiche per l\u2019 acquisto dello skipass e per l\u2019alloggio presso le strutture aderenti.<\/p>\n<p>&nbsp;<\/p>\n<p>&nbsp;<\/p>\n<hr \/>\n<p>&nbsp;<\/p>\n<p><img loading=\"lazy\" decoding=\"async\" class=\"alignleft\" src=\"https:\/\/www.radiopiu.net\/wordpress\/wp-content\/uploads\/2021\/01\/WhatsApp-Image-2019-04-29-at-20.28.17.jpg\" width=\"192\" height=\"144\" \/><\/p>\n<h2>L&#8217;AUSER DI TISER &#8211; CIRCOLO SEMPRE ATTIVO &#8211; APRE LA SEDE PER IL TESSERAMENTO<\/h2>\n<p><strong>Visto il protrarsi delle normative relative al corona virus che impongono la sospensione delle attivit\u00e0 ludiche delle varie associazioni, il circolo Auser Col Bel di Tiser ha deciso di aprire la propria sede per permettere ai propri associati, o a chi vuol fare parte di tale sodalizio, di poter tesserarsi per il 2021. L&#8217;apertura dalle 15.00 alle 16.30 tutti i giorni ad esclusione della domenica. Resta inteso che il Circolo \u00e8 sempre attivo per eventuali servizi di accompagnamento in accordo con ASCA ed il circolo El Broi di Agordo come da tempo consolidato.<\/strong><\/p>\n<p>&nbsp;<\/p>\n<hr \/>\n<blockquote>\n<h3><\/h3>\n<h3>HOCKEY\u2026 DA 38 ANNI NEL LIBRO DI STORIA DI RADIO PIU\u2019, ANCHE DA TAIBON<\/h3>\n<h3>1 Stagione 1986, Taibon in serie C. Allenatore Dino De Dea che aveva sostituito Primo Fontanive.<\/h3>\n<h3>2 Fabio Gaz, Dino De Dea &#8220;toro&#8221; e Franco Gaz<\/h3>\n<\/blockquote>\n\n\t\t\t<style type='text\/css'>\n\t\t\t\t#gallery-4 {\n\t\t\t\t\tmargin: auto;\n\t\t\t\t}\n\t\t\t\t#gallery-4 .gallery-item {\n\t\t\t\t\tfloat: left;\n\t\t\t\t\tmargin-top: 10px;\n\t\t\t\t\ttext-align: center;\n\t\t\t\t\twidth: 50%;\n\t\t\t\t}\n\t\t\t\t#gallery-4 img {\n\t\t\t\t\tborder: 2px solid #cfcfcf;\n\t\t\t\t}\n\t\t\t\t#gallery-4 .gallery-caption {\n\t\t\t\t\tmargin-left: 0;\n\t\t\t\t}\n\t\t\t\t\/* see gallery_shortcode() in wp-includes\/media.php *\/\n\t\t\t<\/style>\n\t\t<div id='gallery-4' class='dt-gallery-container gallery galleryid-186927 gallery-columns-2 gallery-size-large'><dl class='gallery-item'>\n\t\t\t\t<dt class='gallery-icon landscape'>\n\t\t\t\t\t<a class=\"rollover rollover-zoom dt-pswp-item\" title=\"776f7723-5e19-4cf8-a277-79fc7be75286\" data-dt-img-description=\"\" data-large_image_width=\"1600\" data-large_image_height=\"738\"href='https:\/\/www.radiopiu.net\/wordpress\/wp-content\/uploads\/2021\/01\/776f7723-5e19-4cf8-a277-79fc7be75286.jpg'><img loading=\"lazy\" decoding=\"async\" width=\"1024\" height=\"472\" src=\"https:\/\/www.radiopiu.net\/wordpress\/wp-content\/uploads\/2021\/01\/776f7723-5e19-4cf8-a277-79fc7be75286-1024x472.jpg\" class=\"attachment-large size-large\" alt=\"\" srcset=\"https:\/\/www.radiopiu.net\/wordpress\/wp-content\/uploads\/2021\/01\/776f7723-5e19-4cf8-a277-79fc7be75286-1024x472.jpg 1024w, https:\/\/www.radiopiu.net\/wordpress\/wp-content\/uploads\/2021\/01\/776f7723-5e19-4cf8-a277-79fc7be75286-300x138.jpg 300w, https:\/\/www.radiopiu.net\/wordpress\/wp-content\/uploads\/2021\/01\/776f7723-5e19-4cf8-a277-79fc7be75286-768x354.jpg 768w, https:\/\/www.radiopiu.net\/wordpress\/wp-content\/uploads\/2021\/01\/776f7723-5e19-4cf8-a277-79fc7be75286-1536x708.jpg 1536w, https:\/\/www.radiopiu.net\/wordpress\/wp-content\/uploads\/2021\/01\/776f7723-5e19-4cf8-a277-79fc7be75286.jpg 1600w\" sizes=\"auto, (max-width: 1024px) 100vw, 1024px\" \/><\/a>\n\t\t\t\t<\/dt><\/dl><dl class='gallery-item'>\n\t\t\t\t<dt class='gallery-icon landscape'>\n\t\t\t\t\t<a class=\"rollover rollover-zoom dt-pswp-item\" title=\"2561b769-c46f-43f7-a071-fe657bdf9f3e\" data-dt-img-description=\"\" data-large_image_width=\"1600\" data-large_image_height=\"738\"href='https:\/\/www.radiopiu.net\/wordpress\/wp-content\/uploads\/2021\/01\/2561b769-c46f-43f7-a071-fe657bdf9f3e.jpg'><img loading=\"lazy\" decoding=\"async\" width=\"1024\" height=\"472\" src=\"https:\/\/www.radiopiu.net\/wordpress\/wp-content\/uploads\/2021\/01\/2561b769-c46f-43f7-a071-fe657bdf9f3e-1024x472.jpg\" class=\"attachment-large size-large\" alt=\"\" srcset=\"https:\/\/www.radiopiu.net\/wordpress\/wp-content\/uploads\/2021\/01\/2561b769-c46f-43f7-a071-fe657bdf9f3e-1024x472.jpg 1024w, https:\/\/www.radiopiu.net\/wordpress\/wp-content\/uploads\/2021\/01\/2561b769-c46f-43f7-a071-fe657bdf9f3e-300x138.jpg 300w, https:\/\/www.radiopiu.net\/wordpress\/wp-content\/uploads\/2021\/01\/2561b769-c46f-43f7-a071-fe657bdf9f3e-768x354.jpg 768w, https:\/\/www.radiopiu.net\/wordpress\/wp-content\/uploads\/2021\/01\/2561b769-c46f-43f7-a071-fe657bdf9f3e-1536x708.jpg 1536w, https:\/\/www.radiopiu.net\/wordpress\/wp-content\/uploads\/2021\/01\/2561b769-c46f-43f7-a071-fe657bdf9f3e.jpg 1600w\" sizes=\"auto, (max-width: 1024px) 100vw, 1024px\" \/><\/a>\n\t\t\t\t<\/dt><\/dl><br style=\"clear: both\" \/>\n\t\t\t<\/div>\n\n<p>&nbsp;<\/p>\n<hr \/>\n<p>&nbsp;<\/p>\n<h2 style=\"text-align: center;\"><a href=\"https:\/\/www.radiopiu.net\/wordpress\/giornale-radiopiu-27-gennaio-2021-direttore-mirko-mezzacasa\/ba400d71-0edf-4177-9977-45cfa5d6cede\/\" rel=\"attachment wp-att-187134\"><img loading=\"lazy\" decoding=\"async\" class=\"size-medium wp-image-187134 alignleft\" src=\"https:\/\/www.radiopiu.net\/wordpress\/wp-content\/uploads\/2021\/01\/ba400d71-0edf-4177-9977-45cfa5d6cede-300x169.jpg\" alt=\"\" width=\"300\" height=\"169\" srcset=\"https:\/\/www.radiopiu.net\/wordpress\/wp-content\/uploads\/2021\/01\/ba400d71-0edf-4177-9977-45cfa5d6cede-300x169.jpg 300w, https:\/\/www.radiopiu.net\/wordpress\/wp-content\/uploads\/2021\/01\/ba400d71-0edf-4177-9977-45cfa5d6cede-1024x576.jpg 1024w, https:\/\/www.radiopiu.net\/wordpress\/wp-content\/uploads\/2021\/01\/ba400d71-0edf-4177-9977-45cfa5d6cede-768x432.jpg 768w, https:\/\/www.radiopiu.net\/wordpress\/wp-content\/uploads\/2021\/01\/ba400d71-0edf-4177-9977-45cfa5d6cede-1536x864.jpg 1536w, https:\/\/www.radiopiu.net\/wordpress\/wp-content\/uploads\/2021\/01\/ba400d71-0edf-4177-9977-45cfa5d6cede.jpg 1599w\" sizes=\"auto, (max-width: 300px) 100vw, 300px\" \/><\/a>LA DIRETTA DI AD AGORDO PRO LOCO CON RADIO PIU&#8217;&#8230;SI PARLA DI MUSICA CON MARCO GAZ, MIRKO BENCIVENNI E JACOPO DEL TEDESCO<\/h2>\n<p>&nbsp;<\/p>\n<p>&nbsp;<\/p>\n<h2><strong><span style=\"color: #ff0000;\"><a style=\"color: #ff0000;\" href=\"https:\/\/www.facebook.com\/AdAgordoProloco\/videos\/123365059644128\">CLICCA QUI<\/a><\/span><\/strong><\/h2>\n<p>&nbsp;<\/p>\n<blockquote>\n<h2><a href=\"https:\/\/www.radiopiu.net\/wordpress\/giornale-radiopiu-27-gennaio-2021-direttore-mirko-mezzacasa\/140251704_3508968959214096_3052492532867589125_n\/\" rel=\"attachment wp-att-187133\"><img loading=\"lazy\" decoding=\"async\" class=\" wp-image-187133 alignleft\" src=\"https:\/\/www.radiopiu.net\/wordpress\/wp-content\/uploads\/2021\/01\/140251704_3508968959214096_3052492532867589125_n-300x171.png\" alt=\"\" width=\"219\" height=\"125\" srcset=\"https:\/\/www.radiopiu.net\/wordpress\/wp-content\/uploads\/2021\/01\/140251704_3508968959214096_3052492532867589125_n-300x171.png 300w, https:\/\/www.radiopiu.net\/wordpress\/wp-content\/uploads\/2021\/01\/140251704_3508968959214096_3052492532867589125_n.png 600w\" sizes=\"auto, (max-width: 219px) 100vw, 219px\" \/><\/a>PROLOCO ECCO LE TESSERE<\/h2>\n<\/blockquote>\n<p><strong>AGORDO<\/strong> Ecco le nuove tessere associative\u00a0 dedicate alle Colline del Prosecco di Conegliano e Valdobbiadene Patrimonio UNESCO portano anche importanti novit\u00e0: con la tessera avrai la possibilit\u00e0 di sostenere la Pro Loco di Agordo, usufruendo allo stesso tempo di tantissimi vantaggi a livello nazionale ma soprattutto locale, aiutando cos\u00ec anche le attivit\u00e0 del tuo territorio. Info in Ufficio turistico, costo 10 euro. Dalla Proloco: <em>Grazie al tuo contributo insieme possiamo fare grandi cose.Ringraziamo tutte le attivit\u00e0 di Agordo per la fiducia che ci danno ogni giorno&#8221;.<\/em><\/p>\n<p>&nbsp;<\/p>\n<p>\u200b<\/p>\n<hr \/>\n<p>&nbsp;<\/p>\n<p>&nbsp;<\/p>\n<div class=\"page-title-head hgroup\">\n<blockquote>\n<h2 class=\"entry-title\">ORTOPEDIA FUORI DAL TUNNEL, RIPRENDE L\u2019ATTIVITA\u2019 AD AGORDO NELL\u2019OSPEDALE COVID FREE<\/h2>\n<\/blockquote>\n<p><strong><a href=\"https:\/\/www.radiopiu.net\/wordpress\/valle-imperina\/ortopedia-ospedale-agordo-3\/\" rel=\"attachment wp-att-169310\"><img loading=\"lazy\" decoding=\"async\" class=\"wp-image-169310 alignleft\" src=\"https:\/\/www.radiopiu.net\/wordpress\/wp-content\/uploads\/2020\/10\/ORTOPEDIA-OSPEDALE-AGORDO-3-169x300.jpg\" alt=\"\" width=\"115\" height=\"204\" srcset=\"https:\/\/www.radiopiu.net\/wordpress\/wp-content\/uploads\/2020\/10\/ORTOPEDIA-OSPEDALE-AGORDO-3-169x300.jpg 169w, https:\/\/www.radiopiu.net\/wordpress\/wp-content\/uploads\/2020\/10\/ORTOPEDIA-OSPEDALE-AGORDO-3-576x1024.jpg 576w, https:\/\/www.radiopiu.net\/wordpress\/wp-content\/uploads\/2020\/10\/ORTOPEDIA-OSPEDALE-AGORDO-3-768x1367.jpg 768w, https:\/\/www.radiopiu.net\/wordpress\/wp-content\/uploads\/2020\/10\/ORTOPEDIA-OSPEDALE-AGORDO-3-863x1536.jpg 863w, https:\/\/www.radiopiu.net\/wordpress\/wp-content\/uploads\/2020\/10\/ORTOPEDIA-OSPEDALE-AGORDO-3.jpg 1151w\" sizes=\"auto, (max-width: 115px) 100vw, 115px\" \/><\/a><\/strong><\/p>\n<p>&nbsp;<\/p>\n<p><strong>AGORDO<\/strong> Il reparto di ortopedia ha riaperto, riprende l\u2019attivit\u00e0 protesica e traumatologica.<br \/>\nLa direzione medica (nella figura del dottor Raffaele Zanella) ha mantenuto le promesse. Inoltre la campagna vaccinale \u00e8 stata molto efficiente. Ne abbiamo parlato con il Primario dottor Federico Botto.<\/p>\n<p><strong>di Claudio Fontanive<\/strong><\/p>\n<audio class=\"wp-audio-shortcode\" id=\"audio-186927-4\" preload=\"none\" style=\"width: 100%;\" controls=\"controls\"><source type=\"audio\/mpeg\" src=\"https:\/\/www.radiopiu.net\/wordpress\/wp-content\/uploads\/2021\/01\/botto.mp3?_=4\" \/><a href=\"https:\/\/www.radiopiu.net\/wordpress\/wp-content\/uploads\/2021\/01\/botto.mp3\">https:\/\/www.radiopiu.net\/wordpress\/wp-content\/uploads\/2021\/01\/botto.mp3<\/a><\/audio>\n<p>&nbsp;<\/p>\n<p>&nbsp;<\/p>\n<\/div>\n<p>&nbsp;<\/p>\n<p>&nbsp;<\/p>\n<hr \/>\n<p>&nbsp;<\/p>\n<blockquote>\n<h2>RITORNA AI MICROFONI DI RADIO PIU&#8217; FRANCESCO ZILLIO<\/h2>\n<\/blockquote>\n<p><iframe loading=\"lazy\" title=\"EPCENTER PUNTA  01 -2021 SISTEMI DI RICARICA DELLE AUTO ELETTRICHE-CONNESSIONE IMPIANTI ESISTENTI\" width=\"1200\" height=\"675\" src=\"https:\/\/www.youtube.com\/embed\/5bVnKkY0gjk?feature=oembed\" frameborder=\"0\" allow=\"accelerometer; autoplay; clipboard-write; encrypted-media; gyroscope; picture-in-picture\" allowfullscreen><\/iframe><\/p>\n<p><strong>LA VIDEO GALLERY\u00a0<\/strong><\/p>\n<blockquote class=\"wp-embedded-content\" data-secret=\"HroJASebuR\"><p><a href=\"https:\/\/www.radiopiu.net\/wordpress\/ep-center-video-gallery\/\">EP CENTER video gallery<\/a><\/p><\/blockquote>\n<p><iframe loading=\"lazy\" class=\"wp-embedded-content\" sandbox=\"allow-scripts\" security=\"restricted\" style=\"position: absolute; clip: rect(1px, 1px, 1px, 1px);\" title=\"&#8220;EP CENTER video gallery&#8221; &#8212; Radio Pi\u00f9\" src=\"https:\/\/www.radiopiu.net\/wordpress\/ep-center-video-gallery\/embed\/#?secret=HroJASebuR\" data-secret=\"HroJASebuR\" width=\"600\" height=\"338\" frameborder=\"0\" marginwidth=\"0\" marginheight=\"0\" scrolling=\"no\"><\/iframe><\/p>\n<p>&nbsp;<\/p>\n<hr \/>\n<p>&nbsp;<\/p>\n<h2><span style=\"color: #800080;\">SANPA! LO SPECIALE DI RADIO PIU&#8217;<\/span><\/h2>\n<h3><a href=\"https:\/\/www.radiopiu.net\/wordpress\/sanpa-lo-speciale-di-radio-piu\/sanpa\/\" rel=\"attachment wp-att-185818\"><img loading=\"lazy\" decoding=\"async\" class=\"size-medium wp-image-185818 alignleft\" src=\"https:\/\/www.radiopiu.net\/wordpress\/wp-content\/uploads\/2021\/01\/SANPA-300x233.png\" alt=\"\" width=\"300\" height=\"233\" srcset=\"https:\/\/www.radiopiu.net\/wordpress\/wp-content\/uploads\/2021\/01\/SANPA-300x233.png 300w, https:\/\/www.radiopiu.net\/wordpress\/wp-content\/uploads\/2021\/01\/SANPA-1024x797.png 1024w, https:\/\/www.radiopiu.net\/wordpress\/wp-content\/uploads\/2021\/01\/SANPA-768x598.png 768w, https:\/\/www.radiopiu.net\/wordpress\/wp-content\/uploads\/2021\/01\/SANPA-1536x1195.png 1536w, https:\/\/www.radiopiu.net\/wordpress\/wp-content\/uploads\/2021\/01\/SANPA.png 1586w\" sizes=\"auto, (max-width: 300px) 100vw, 300px\" \/><\/a>San Patrignano e Vincenzo Muccioli, la storia dell\u2019Italia anni Ottanta nel pieno dell\u2019emergenza droga.<\/h3>\n<h3>di Luisa Alchini<\/h3>\n<p><em>SANPA &#8211; Luci e tenebre di San Patrignano \u00e8 una serie televisiva documentaristica originale realizzata da Netflix, prodotta e sviluppata da Gianluca Neri, scritta da Carlo Gabardini, Gianluca Neri e Paolo Bernardelli con la regia di Cosima Spender. Attraverso testimonianze e immagini di repertorio, la docu-serie in 5 episodi racconta la controversa storia della comunit\u00e0 di recupero di San Patrignano fondata da Vincenzo Muccioli nel 1978, a Coriano, in provincia di Rimini.\u00a0<\/em><\/p>\n<audio class=\"wp-audio-shortcode\" id=\"audio-186927-5\" preload=\"none\" style=\"width: 100%;\" controls=\"controls\"><source type=\"audio\/mpeg\" src=\"https:\/\/www.radiopiu.net\/wordpress\/wp-content\/uploads\/2021\/01\/speciale-SANPA2.mp3?_=5\" \/><a href=\"https:\/\/www.radiopiu.net\/wordpress\/wp-content\/uploads\/2021\/01\/speciale-SANPA2.mp3\">https:\/\/www.radiopiu.net\/wordpress\/wp-content\/uploads\/2021\/01\/speciale-SANPA2.mp3<\/a><\/audio>\n<p>&nbsp;<\/p>\n<hr \/>\n<p>&nbsp;<\/p>\n<blockquote class=\"wp-embedded-content\" data-secret=\"jG3FS8ymCH\"><p><a href=\"https:\/\/www.radiopiu.net\/wordpress\/conosciamo-la-corale-di-limana-con-le-interviste-di-silvia-baldo\/\">CONOSCIAMO LA CORALE DI LIMANA CON LE INTERVISTE DI SILVIA BALDO<\/a><\/p><\/blockquote>\n<p><iframe loading=\"lazy\" class=\"wp-embedded-content\" sandbox=\"allow-scripts\" security=\"restricted\" style=\"position: absolute; clip: rect(1px, 1px, 1px, 1px);\" title=\"&#8220;CONOSCIAMO LA CORALE DI LIMANA CON LE INTERVISTE DI SILVIA BALDO&#8221; &#8212; Radio Pi\u00f9\" src=\"https:\/\/www.radiopiu.net\/wordpress\/conosciamo-la-corale-di-limana-con-le-interviste-di-silvia-baldo\/embed\/#?secret=jG3FS8ymCH\" data-secret=\"jG3FS8ymCH\" width=\"600\" height=\"338\" frameborder=\"0\" marginwidth=\"0\" marginheight=\"0\" scrolling=\"no\"><\/iframe><\/p>\n<p>&nbsp;<\/p>\n<p>&nbsp;<\/p>\n<hr \/>\n<div dir=\"auto\">\n<blockquote>\n<h2><\/h2>\n<h2>FANTASTICHE DOLOMITI, NUOVA STAGIONE. APPUNTAMENTO QUINDICINALE IL GIOVEDI ALLE 10.30 E 19.00<\/h2>\n<\/blockquote>\n<h1>LA RACCOLTA COMPLETA<\/h1>\n<blockquote class=\"wp-embedded-content\" data-secret=\"mEhYw6qrQV\"><p><a href=\"https:\/\/www.radiopiu.net\/wordpress\/https-wp-me-p63lo7-gyg\/\">FANTASTICHE DOLOMITI 7^ PUNTATA: IL QUINDICINALE APPUNTAMENTO ALLA RADIO<\/a><\/p><\/blockquote>\n<p><iframe loading=\"lazy\" class=\"wp-embedded-content\" sandbox=\"allow-scripts\" security=\"restricted\" style=\"position: absolute; clip: rect(1px, 1px, 1px, 1px);\" title=\"&#8220;FANTASTICHE DOLOMITI 7^ PUNTATA: IL QUINDICINALE APPUNTAMENTO ALLA RADIO&#8221; &#8212; Radio Pi\u00f9\" src=\"https:\/\/www.radiopiu.net\/wordpress\/https-wp-me-p63lo7-gyg\/embed\/#?secret=mEhYw6qrQV\" data-secret=\"mEhYw6qrQV\" width=\"600\" height=\"338\" frameborder=\"0\" marginwidth=\"0\" marginheight=\"0\" scrolling=\"no\"><\/iframe><\/p>\n<div class=\"mw-parser-output\"><\/div>\n<a href=\"https:\/\/www.radiopiu.net\/wordpress\/wp-content\/uploads\/2021\/01\/Fondazione-Fantastiche-Dolomiti-Misure-di-incentivazione-e-sostegno-1.pdf\" class=\"pdfemb-viewer\" style=\"\" data-width=\"max\" data-height=\"max\" data-toolbar=\"top\" data-toolbar-fixed=\"on\">Fondazione Fantastiche Dolomiti \u2013 Misure di incentivazione e sostegno-1<\/a>\n<p>&nbsp;<\/p>\n<hr \/>\n<blockquote>\n<h2><\/h2>\n<h2>SALUTE E SOCIETA&#8217; IL LUNEDI ALLE 13.10 E ALLE 20.10, LA DOMENICA ALLE 10.30 A CURA DEL DOTTOR MARCO CARACCIOLO. QUINTA STAGIONE<\/h2>\n<\/blockquote>\n<p><a href=\"https:\/\/www.radiopiu.net\/wordpress\/giornale-radiopiu-26-gennaio-2021-direttore-mirko-mezzacasa\/october-breast-cancer-awareness-month-adult-woman-hand-holding\/\" rel=\"attachment wp-att-186779\"><img loading=\"lazy\" decoding=\"async\" class=\" wp-image-186779 alignleft\" src=\"https:\/\/www.radiopiu.net\/wordpress\/wp-content\/uploads\/2021\/01\/7c80c3e0-66c5-4ea7-a5be-767151665bfa-300x167.jpg\" alt=\"\" width=\"201\" height=\"112\" srcset=\"https:\/\/www.radiopiu.net\/wordpress\/wp-content\/uploads\/2021\/01\/7c80c3e0-66c5-4ea7-a5be-767151665bfa-300x167.jpg 300w, https:\/\/www.radiopiu.net\/wordpress\/wp-content\/uploads\/2021\/01\/7c80c3e0-66c5-4ea7-a5be-767151665bfa-768x427.jpg 768w, https:\/\/www.radiopiu.net\/wordpress\/wp-content\/uploads\/2021\/01\/7c80c3e0-66c5-4ea7-a5be-767151665bfa.jpg 800w\" sizes=\"auto, (max-width: 201px) 100vw, 201px\" \/><\/a><strong><span style=\"color: #ff0000;\">LA PUNTATA DELLA SETTIMANA\u00a0 <\/span><\/strong>Laudato Medico \u00e8 il riconoscimento istituito per preservare l\u2019eredit\u00e0 umana del professor Umberto Veronesi: accoglienza, ascolto, comunicazione e vicinanza al paziente. Ogni anno, dal 1\u00b0 al 31 ottobre, le pazienti che hanno o hanno avuto il tumore al seno hanno segnalato i medici che gli sono stati pi\u00f9 vicino durante il percorso di cura. Rosanna D\u2019Antona, Presidente Europa Donna Italia<\/p>\n<audio class=\"wp-audio-shortcode\" id=\"audio-186927-6\" preload=\"none\" style=\"width: 100%;\" controls=\"controls\"><source type=\"audio\/mpeg\" src=\"https:\/\/www.radiopiu.net\/wordpress\/wp-content\/uploads\/2021\/01\/SALUTE-2.mp3?_=6\" \/><a href=\"https:\/\/www.radiopiu.net\/wordpress\/wp-content\/uploads\/2021\/01\/SALUTE-2.mp3\">https:\/\/www.radiopiu.net\/wordpress\/wp-content\/uploads\/2021\/01\/SALUTE-2.mp3<\/a><\/audio>\n<h3>LA RACCOLTA COMPLETA<\/h3>\n<blockquote class=\"wp-embedded-content\" data-secret=\"hV9ML0U5d7\"><p><a href=\"https:\/\/www.radiopiu.net\/wordpress\/saluteesocieta\/\">Salute e Societ\u00e0<\/a><\/p><\/blockquote>\n<p><iframe loading=\"lazy\" class=\"wp-embedded-content\" sandbox=\"allow-scripts\" security=\"restricted\" style=\"position: absolute; clip: rect(1px, 1px, 1px, 1px);\" title=\"&#8220;Salute e Societ\u00e0&#8221; &#8212; Radio Pi\u00f9\" src=\"https:\/\/www.radiopiu.net\/wordpress\/saluteesocieta\/embed\/#?secret=hV9ML0U5d7\" data-secret=\"hV9ML0U5d7\" width=\"600\" height=\"338\" frameborder=\"0\" marginwidth=\"0\" marginheight=\"0\" scrolling=\"no\"><\/iframe><\/p>\n<hr \/>\n<h2><\/h2>\n<h2><span style=\"color: #ff0000;\"><a href=\"https:\/\/www.radiopiu.net\/wordpress\/giornale-radiopiu-05-gennaio-2021-direttore-mirko-mezzacasa\/133200401_100838761953611_1258544160541445132_o-2\/\" rel=\"attachment wp-att-183078\"><img loading=\"lazy\" decoding=\"async\" class=\" wp-image-183078 alignleft\" src=\"https:\/\/www.radiopiu.net\/wordpress\/wp-content\/uploads\/2021\/01\/133200401_100838761953611_1258544160541445132_o-1-300x157.jpg\" alt=\"\" width=\"192\" height=\"101\" srcset=\"https:\/\/www.radiopiu.net\/wordpress\/wp-content\/uploads\/2021\/01\/133200401_100838761953611_1258544160541445132_o-1-300x157.jpg 300w, https:\/\/www.radiopiu.net\/wordpress\/wp-content\/uploads\/2021\/01\/133200401_100838761953611_1258544160541445132_o-1.jpg 526w\" sizes=\"auto, (max-width: 192px) 100vw, 192px\" \/><\/a>GOCCE DI FILOSOFIA, CON CHIARA CAU, CON LISA DE LUCA. <\/span><\/h2>\n<h2><span style=\"color: #ff0000;\">TUTTI I GIORNI DAL LUNEDI AL VENERDI ALLE 6.55 E ALLE 18.55<\/span><\/h2>\n<p>&nbsp;<\/p>\n<p><strong>PUNTATA 17<\/strong><\/p>\n<p><strong>AUDIO<\/strong><\/p>\n<audio class=\"wp-audio-shortcode\" id=\"audio-186927-7\" preload=\"none\" style=\"width: 100%;\" controls=\"controls\"><source type=\"audio\/mpeg\" src=\"https:\/\/www.radiopiu.net\/wordpress\/wp-content\/uploads\/2021\/01\/FI2-1.mp3?_=7\" \/><a href=\"https:\/\/www.radiopiu.net\/wordpress\/wp-content\/uploads\/2021\/01\/FI2-1.mp3\">https:\/\/www.radiopiu.net\/wordpress\/wp-content\/uploads\/2021\/01\/FI2-1.mp3<\/a><\/audio>\n<p>&nbsp;<\/p>\n<h3>LA RACCOLTA COMPLETA<\/h3>\n<blockquote class=\"wp-embedded-content\" data-secret=\"68BaiQ5BUu\"><p><a href=\"https:\/\/www.radiopiu.net\/wordpress\/gocce-filosofia\/\">Gocce di filosofia<\/a><\/p><\/blockquote>\n<p><iframe loading=\"lazy\" class=\"wp-embedded-content\" sandbox=\"allow-scripts\" security=\"restricted\" style=\"position: absolute; clip: rect(1px, 1px, 1px, 1px);\" title=\"&#8220;Gocce di filosofia&#8221; &#8212; Radio Pi\u00f9\" src=\"https:\/\/www.radiopiu.net\/wordpress\/gocce-filosofia\/embed\/#?secret=68BaiQ5BUu\" data-secret=\"68BaiQ5BUu\" width=\"600\" height=\"338\" frameborder=\"0\" marginwidth=\"0\" marginheight=\"0\" scrolling=\"no\"><\/iframe><\/p>\n<p>&nbsp;<\/p>\n<hr \/>\n<p>&nbsp;<\/p>\n<div class=\"im_message_wrap clearfix\">\n<div class=\"im_content_message_wrap im_message_out\">\n<h2><span style=\"color: #ff0000;\">IERI ALLA RADIO\u00a0 IN VIVO VERSO 2020-21<\/span><\/h2>\n<p><strong><span style=\"color: #0000ff;\">IN ONDA DAL LUNEDI AL VENERDI ALLE 7.10, 10.10, 18.50\u00a0<\/span><\/strong><\/p>\n<blockquote class=\"wp-embedded-content\" data-secret=\"BcDBcqOCCy\"><p><a href=\"https:\/\/www.radiopiu.net\/wordpress\/bacio-di-myrta-de-riz\/\">BACIO di MYRTA DE RIZ<\/a><\/p><\/blockquote>\n<p><iframe loading=\"lazy\" class=\"wp-embedded-content\" sandbox=\"allow-scripts\" security=\"restricted\" style=\"position: absolute; clip: rect(1px, 1px, 1px, 1px);\" title=\"&#8220;BACIO di MYRTA DE RIZ&#8221; &#8212; Radio Pi\u00f9\" src=\"https:\/\/www.radiopiu.net\/wordpress\/bacio-di-myrta-de-riz\/embed\/#?secret=BcDBcqOCCy\" data-secret=\"BcDBcqOCCy\" width=\"600\" height=\"338\" frameborder=\"0\" marginwidth=\"0\" marginheight=\"0\" scrolling=\"no\"><\/iframe><\/p>\n<p><strong><span style=\"font-family: Verdana, sans-serif;\"><span style=\"font-size: medium;\">LA RACCOLTA COMPLETA, TUTTE LE COLLEZIONI<\/span><\/span><\/strong><\/p>\n<blockquote class=\"wp-embedded-content\" data-secret=\"IQhR5G2oj2\"><p><a href=\"https:\/\/www.radiopiu.net\/wordpress\/in-vivo-verso\/\">In Vivo Verso<\/a><\/p><\/blockquote>\n<p><iframe loading=\"lazy\" class=\"wp-embedded-content\" sandbox=\"allow-scripts\" security=\"restricted\" style=\"position: absolute; clip: rect(1px, 1px, 1px, 1px);\" title=\"&#8220;In Vivo Verso&#8221; &#8212; Radio Pi\u00f9\" src=\"https:\/\/www.radiopiu.net\/wordpress\/in-vivo-verso\/embed\/#?secret=IQhR5G2oj2\" data-secret=\"IQhR5G2oj2\" width=\"600\" height=\"338\" frameborder=\"0\" marginwidth=\"0\" marginheight=\"0\" scrolling=\"no\"><\/iframe><\/p>\n<p>&nbsp;<\/p>\n<\/div>\n<\/div>\n<hr \/>\n<p>&nbsp;<\/p>\n<h2><a href=\"https:\/\/www.radiopiu.net\/wordpress\/capitali-della-cultura\/library-with-books_1063-98\/\" rel=\"attachment wp-att-186776\"><img loading=\"lazy\" decoding=\"async\" class=\"wp-image-186776 alignleft\" src=\"https:\/\/www.radiopiu.net\/wordpress\/wp-content\/uploads\/2021\/01\/library-with-books_1063-98-300x200.jpg\" alt=\"\" width=\"149\" height=\"99\" srcset=\"https:\/\/www.radiopiu.net\/wordpress\/wp-content\/uploads\/2021\/01\/library-with-books_1063-98-300x200.jpg 300w, https:\/\/www.radiopiu.net\/wordpress\/wp-content\/uploads\/2021\/01\/library-with-books_1063-98.jpg 626w\" sizes=\"auto, (max-width: 149px) 100vw, 149px\" \/><\/a>007 IN CONDOTTA CON LA PROF. MARIA ROSA SALMAZO IL LUNEDI ALLE 10,30 E ALLE 19.00 LA DOMENICA ALLE 8 DEL MATTINO. NONA STAGIONE<\/h2>\n<p><span style=\"color: #ff0000;\"><strong>LA PUNTATA DELLA SETTIMANA\u00a0<\/strong><\/span><\/p>\n<audio class=\"wp-audio-shortcode\" id=\"audio-186927-8\" preload=\"none\" style=\"width: 100%;\" controls=\"controls\"><source type=\"audio\/mpeg\" src=\"https:\/\/www.radiopiu.net\/wordpress\/wp-content\/uploads\/2020\/10\/007-condotta-25-gennaio.mp3?_=8\" \/><a href=\"https:\/\/www.radiopiu.net\/wordpress\/wp-content\/uploads\/2020\/10\/007-condotta-25-gennaio.mp3\">https:\/\/www.radiopiu.net\/wordpress\/wp-content\/uploads\/2020\/10\/007-condotta-25-gennaio.mp3<\/a><\/audio>\n<h2>LA RACCOLTA COMPLETA<\/h2>\n<blockquote class=\"wp-embedded-content\" data-secret=\"bar8KWVb60\"><p><a href=\"https:\/\/www.radiopiu.net\/wordpress\/007incondotta-9\/\">007 in condotta<\/a><\/p><\/blockquote>\n<p><iframe loading=\"lazy\" class=\"wp-embedded-content\" sandbox=\"allow-scripts\" security=\"restricted\" style=\"position: absolute; clip: rect(1px, 1px, 1px, 1px);\" title=\"&#8220;007 in condotta&#8221; &#8212; Radio Pi\u00f9\" src=\"https:\/\/www.radiopiu.net\/wordpress\/007incondotta-9\/embed\/#?secret=bar8KWVb60\" data-secret=\"bar8KWVb60\" width=\"600\" height=\"338\" frameborder=\"0\" marginwidth=\"0\" marginheight=\"0\" scrolling=\"no\"><\/iframe><\/p>\n<p>&nbsp;<\/p>\n<p>&nbsp;<\/p>\n<p>&nbsp;<\/p>\n<hr \/>\n<p>&nbsp;<\/p>\n<blockquote>\n<h2><a href=\"https:\/\/www.radiopiu.net\/wordpress\/speciale-solidarieta-veneto\/solidarieta-veneto-3\/\" rel=\"attachment wp-att-134366\"><img loading=\"lazy\" decoding=\"async\" class=\"wp-image-134366 alignleft\" src=\"https:\/\/www.radiopiu.net\/wordpress\/wp-content\/uploads\/2020\/05\/solidariet\u00e0-veneto-300x210.jpg\" alt=\"\" width=\"102\" height=\"71\" srcset=\"https:\/\/www.radiopiu.net\/wordpress\/wp-content\/uploads\/2020\/05\/solidariet\u00e0-veneto-300x210.jpg 300w, https:\/\/www.radiopiu.net\/wordpress\/wp-content\/uploads\/2020\/05\/solidariet\u00e0-veneto-1024x717.jpg 1024w, https:\/\/www.radiopiu.net\/wordpress\/wp-content\/uploads\/2020\/05\/solidariet\u00e0-veneto-768x538.jpg 768w, https:\/\/www.radiopiu.net\/wordpress\/wp-content\/uploads\/2020\/05\/solidariet\u00e0-veneto.jpg 1373w\" sizes=\"auto, (max-width: 102px) 100vw, 102px\" \/><\/a>SOLIDARIETA&#8217; VENETO FONDO PENSIONE, IN ONDA IL PRIMO VENERDI DEL MESE ALLE 10.30 E ALLE 19.00 QUINTA STAGIONE<\/h2>\n<\/blockquote>\n<p><strong>AUDIO<\/strong><\/p>\n<audio class=\"wp-audio-shortcode\" id=\"audio-186927-9\" preload=\"none\" style=\"width: 100%;\" controls=\"controls\"><source type=\"audio\/mpeg\" src=\"https:\/\/www.radiopiu.net\/wordpress\/wp-content\/uploads\/2020\/10\/solidarieta-veneto-gennaio.mp3?_=9\" \/><a href=\"https:\/\/www.radiopiu.net\/wordpress\/wp-content\/uploads\/2020\/10\/solidarieta-veneto-gennaio.mp3\">https:\/\/www.radiopiu.net\/wordpress\/wp-content\/uploads\/2020\/10\/solidarieta-veneto-gennaio.mp3<\/a><\/audio>\n<p>&nbsp;<\/p>\n<blockquote>\n<h2>RACCOLTA COMPLETA<\/h2>\n<\/blockquote>\n<blockquote class=\"wp-embedded-content\" data-secret=\"ThuJ0XbIyI\"><p><a href=\"https:\/\/www.radiopiu.net\/wordpress\/solidarieta-veneto\/\">Solidariet\u00e0 Veneto<\/a><\/p><\/blockquote>\n<p><iframe loading=\"lazy\" class=\"wp-embedded-content\" sandbox=\"allow-scripts\" security=\"restricted\" style=\"position: absolute; clip: rect(1px, 1px, 1px, 1px);\" title=\"&#8220;Solidariet\u00e0 Veneto&#8221; &#8212; Radio Pi\u00f9\" src=\"https:\/\/www.radiopiu.net\/wordpress\/solidarieta-veneto\/embed\/#?secret=ThuJ0XbIyI\" data-secret=\"ThuJ0XbIyI\" width=\"600\" height=\"338\" frameborder=\"0\" marginwidth=\"0\" marginheight=\"0\" scrolling=\"no\"><\/iframe><\/p>\n<p>&nbsp;<\/p>\n<p>&nbsp;<\/p>\n<hr \/>\n<p>&nbsp;<\/p>\n<h2><span style=\"color: #808000;\">DUE MINUTI UN LIBRO\u00a0 TUTTI I GIORNI ALLA RADIO ALLE 9.30 E ALLE 18. QUINTA STAGIONE\u00a0<\/span><\/h2>\n<blockquote class=\"wp-embedded-content\" data-secret=\"EirjJUR7WP\"><p><a href=\"https:\/\/www.radiopiu.net\/wordpress\/ultima-notte-a-manhattan\/\">ULTIMA NOTTE A MANHATTAN<\/a><\/p><\/blockquote>\n<p><iframe loading=\"lazy\" class=\"wp-embedded-content\" sandbox=\"allow-scripts\" security=\"restricted\" style=\"position: absolute; clip: rect(1px, 1px, 1px, 1px);\" title=\"&#8220;ULTIMA NOTTE A MANHATTAN&#8221; &#8212; Radio Pi\u00f9\" src=\"https:\/\/www.radiopiu.net\/wordpress\/ultima-notte-a-manhattan\/embed\/#?secret=EirjJUR7WP\" data-secret=\"EirjJUR7WP\" width=\"600\" height=\"338\" frameborder=\"0\" marginwidth=\"0\" marginheight=\"0\" scrolling=\"no\"><\/iframe><\/p>\n<h2>LA RACCOLTA COMPLETA<\/h2>\n<blockquote class=\"wp-embedded-content\" data-secret=\"Uozt2eCMrf\"><p><a href=\"https:\/\/www.radiopiu.net\/wordpress\/due-minuti-un-libro\/\">Due minuti un libro<\/a><\/p><\/blockquote>\n<p><iframe loading=\"lazy\" class=\"wp-embedded-content\" sandbox=\"allow-scripts\" security=\"restricted\" style=\"position: absolute; clip: rect(1px, 1px, 1px, 1px);\" title=\"&#8220;Due minuti un libro&#8221; &#8212; Radio Pi\u00f9\" src=\"https:\/\/www.radiopiu.net\/wordpress\/due-minuti-un-libro\/embed\/#?secret=Uozt2eCMrf\" data-secret=\"Uozt2eCMrf\" width=\"600\" height=\"338\" frameborder=\"0\" marginwidth=\"0\" marginheight=\"0\" scrolling=\"no\"><\/iframe><\/p>\n<p>&nbsp;<\/p>\n<hr \/>\n<p>&nbsp;<\/p>\n<p>&nbsp;<\/p>\n<blockquote>\n<h2>CASSA SOLIDARIET\u00c0 LUXOTTICA<\/h2>\n<\/blockquote>\n<h3><strong><span style=\"color: #ff0000;\">IL NUMERO DI GENNAIO CON PAOLO CHISSALE&#8217; E FABRIZIO CAMPEDEL\u00a0\u00a0<\/span><\/strong><\/h3>\n<audio class=\"wp-audio-shortcode\" id=\"audio-186927-10\" preload=\"none\" style=\"width: 100%;\" controls=\"controls\"><source type=\"audio\/mpeg\" src=\"https:\/\/www.radiopiu.net\/wordpress\/wp-content\/uploads\/2021\/01\/ca-sol-lux-gennaio.mp3?_=10\" \/><a href=\"https:\/\/www.radiopiu.net\/wordpress\/wp-content\/uploads\/2021\/01\/ca-sol-lux-gennaio.mp3\">https:\/\/www.radiopiu.net\/wordpress\/wp-content\/uploads\/2021\/01\/ca-sol-lux-gennaio.mp3<\/a><\/audio>\n<blockquote>\n<h2>RACCOLTA COMPLETA<\/h2>\n<\/blockquote>\n<blockquote class=\"wp-embedded-content\" data-secret=\"0Iq8UfRuPs\"><p><a href=\"https:\/\/www.radiopiu.net\/wordpress\/cassa-solidarieta-luxottica-puntata-del-16-ottobre-2020\/\">CASSA SOLIDARIET\u00c0 LUXOTTICA &#8211; PUNTATA DEL 20 NOVEMBRE 2020<\/a><\/p><\/blockquote>\n<p><iframe loading=\"lazy\" class=\"wp-embedded-content\" sandbox=\"allow-scripts\" security=\"restricted\" style=\"position: absolute; clip: rect(1px, 1px, 1px, 1px);\" title=\"&#8220;CASSA SOLIDARIET\u00c0 LUXOTTICA &#8211; PUNTATA DEL 20 NOVEMBRE 2020&#8221; &#8212; Radio Pi\u00f9\" src=\"https:\/\/www.radiopiu.net\/wordpress\/cassa-solidarieta-luxottica-puntata-del-16-ottobre-2020\/embed\/#?secret=0Iq8UfRuPs\" data-secret=\"0Iq8UfRuPs\" width=\"600\" height=\"338\" frameborder=\"0\" marginwidth=\"0\" marginheight=\"0\" scrolling=\"no\"><\/iframe><\/p>\n<p>&nbsp;<\/p>\n<hr \/>\n<p>&nbsp;<\/p>\n<p>&nbsp;<\/p>\n<blockquote class=\"wp-embedded-content\" data-secret=\"ZRBGWjCVoR\"><p><a href=\"https:\/\/www.radiopiu.net\/wordpress\/184594-2\/\">CISL LA VOCE DEI LAVORATORI, CON PAOLO CHISSALE&#8217;<\/a><\/p><\/blockquote>\n<p><iframe loading=\"lazy\" class=\"wp-embedded-content\" sandbox=\"allow-scripts\" security=\"restricted\" style=\"position: absolute; clip: rect(1px, 1px, 1px, 1px);\" title=\"&#8220;CISL LA VOCE DEI LAVORATORI, CON PAOLO CHISSALE&#8217;&#8221; &#8212; Radio Pi\u00f9\" src=\"https:\/\/www.radiopiu.net\/wordpress\/184594-2\/embed\/#?secret=ZRBGWjCVoR\" data-secret=\"ZRBGWjCVoR\" width=\"600\" height=\"338\" frameborder=\"0\" marginwidth=\"0\" marginheight=\"0\" scrolling=\"no\"><\/iframe><\/p>\n<div>\n<p>&nbsp;<\/p>\n<p>&nbsp;<\/p>\n<hr \/>\n<p>&nbsp;<\/p>\n<h2><span style=\"color: #800080;\"><strong>LA RASSEGNA STAMPA DA L&#8217;AMICO DEL POPOLO\u00a0<\/strong><\/span><\/h2>\n<p><strong><a href=\"https:\/\/www.radiopiu.net\/wordpress\/speciale-croce-verde-val-biois-21-mila-chilometri-in-un-anno-per-471-interventi\/murer\/\" rel=\"attachment wp-att-80526\"><img loading=\"lazy\" decoding=\"async\" class=\"size-full wp-image-80526 alignleft\" src=\"https:\/\/www.radiopiu.net\/wordpress\/wp-content\/uploads\/2019\/03\/MURER-e1603200896333.jpg\" alt=\"\" width=\"259\" height=\"194\" \/><\/a>di Gianni Santomaso<\/strong><\/p>\n<p>OSPITE: Stefano Murer, presidente della Croce Verde Val Biois<\/p>\n<audio class=\"wp-audio-shortcode\" id=\"audio-186927-11\" preload=\"none\" style=\"width: 100%;\" controls=\"controls\"><source type=\"audio\/mpeg\" src=\"https:\/\/www.radiopiu.net\/wordpress\/wp-content\/uploads\/2021\/01\/RASSEGNA-GIANNI-2.mp3?_=11\" \/><a href=\"https:\/\/www.radiopiu.net\/wordpress\/wp-content\/uploads\/2021\/01\/RASSEGNA-GIANNI-2.mp3\">https:\/\/www.radiopiu.net\/wordpress\/wp-content\/uploads\/2021\/01\/RASSEGNA-GIANNI-2.mp3<\/a><\/audio>\n<p>&nbsp;<\/p>\n<h1 class=\"kvgmc6g5 cxmmr5t8 oygrvhab hcukyx3x c1et5uql\"><span style=\"color: #0000ff;\">RADIO PIU INFORMAZIONE il canale su TELEGRAM informazione di prima mano e in tempo reale. iscriviti ed aiutaci a farlo conoscere\u00a0<\/span><\/h1>\n<p>&nbsp;<\/p>\n<p><strong>LA RACCOLTA COMPLETA<\/strong><\/p>\n<blockquote class=\"wp-embedded-content\" data-secret=\"SFnNPQgTQc\"><p><a href=\"https:\/\/www.radiopiu.net\/wordpress\/rassegna-stampa-di-gianni-santomaso\/\">Rassegna stampa da l&#8217;amico del popolo &#8211; di Gianni Santomaso<\/a><\/p><\/blockquote>\n<p><iframe loading=\"lazy\" class=\"wp-embedded-content\" sandbox=\"allow-scripts\" security=\"restricted\" style=\"position: absolute; clip: rect(1px, 1px, 1px, 1px);\" title=\"&#8220;Rassegna stampa da l&#8217;amico del popolo &#8211; di Gianni Santomaso&#8221; &#8212; Radio Pi\u00f9\" src=\"https:\/\/www.radiopiu.net\/wordpress\/rassegna-stampa-di-gianni-santomaso\/embed\/#?secret=SFnNPQgTQc\" data-secret=\"SFnNPQgTQc\" width=\"600\" height=\"338\" frameborder=\"0\" marginwidth=\"0\" marginheight=\"0\" scrolling=\"no\"><\/iframe><\/p>\n<p>&nbsp;<\/p>\n<p>&nbsp;<\/p>\n<hr \/>\n<p>&nbsp;<\/p>\n<p>&nbsp;<\/p>\n<div>\n<h2><span style=\"color: #33cccc;\">I RACCONTI DI PAOLO SOPPELSA il lunedi alle 9.30 e 18.30<\/span><\/h2>\n<blockquote class=\"wp-embedded-content\" data-secret=\"uKXszmISbn\"><p><a href=\"https:\/\/www.radiopiu.net\/wordpress\/i-racconti-di-paolo-soppelsa-cinquantanovesima-puntata\/\">I RACCONTI DI PAOLO\u00a0SOPPELSA CINQUANTANOVESIMA PUNTATA<\/a><\/p><\/blockquote>\n<p><iframe loading=\"lazy\" class=\"wp-embedded-content\" sandbox=\"allow-scripts\" security=\"restricted\" style=\"position: absolute; clip: rect(1px, 1px, 1px, 1px);\" title=\"&#8220;I RACCONTI DI PAOLO\u00a0SOPPELSA CINQUANTANOVESIMA PUNTATA&#8221; &#8212; Radio Pi\u00f9\" src=\"https:\/\/www.radiopiu.net\/wordpress\/i-racconti-di-paolo-soppelsa-cinquantanovesima-puntata\/embed\/#?secret=uKXszmISbn\" data-secret=\"uKXszmISbn\" width=\"600\" height=\"338\" frameborder=\"0\" marginwidth=\"0\" marginheight=\"0\" scrolling=\"no\"><\/iframe><\/p>\n<h2><span style=\"color: #33cccc;\"><strong>RACCOLTA COMPLETA<\/strong><\/span><\/h2>\n<blockquote class=\"wp-embedded-content\" data-secret=\"L564m3S7QL\"><p><a href=\"https:\/\/www.radiopiu.net\/wordpress\/i-racconti-di-paolo-soppelsa\/\">I racconti di Paolo Soppelsa<\/a><\/p><\/blockquote>\n<p><iframe loading=\"lazy\" class=\"wp-embedded-content\" sandbox=\"allow-scripts\" security=\"restricted\" style=\"position: absolute; clip: rect(1px, 1px, 1px, 1px);\" title=\"&#8220;I racconti di Paolo Soppelsa&#8221; &#8212; Radio Pi\u00f9\" src=\"https:\/\/www.radiopiu.net\/wordpress\/i-racconti-di-paolo-soppelsa\/embed\/#?secret=L564m3S7QL\" data-secret=\"L564m3S7QL\" width=\"600\" height=\"338\" frameborder=\"0\" marginwidth=\"0\" marginheight=\"0\" scrolling=\"no\"><\/iframe><\/p>\n<\/div>\n<p>&nbsp;<\/p>\n<hr \/>\n<p>&nbsp;<\/p>\n<div>\n<h2><strong><a href=\"https:\/\/www.radiopiu.net\/wordpress\/giornale-radiopiu-27-gennaio-2021-direttore-mirko-mezzacasa\/142305304_1574729036048491_2041651557520315472_o\/\" rel=\"attachment wp-att-186985\"><img loading=\"lazy\" decoding=\"async\" class=\"size-medium wp-image-186985 alignleft\" src=\"https:\/\/www.radiopiu.net\/wordpress\/wp-content\/uploads\/2021\/01\/142305304_1574729036048491_2041651557520315472_o-213x300.jpg\" alt=\"\" width=\"213\" height=\"300\" srcset=\"https:\/\/www.radiopiu.net\/wordpress\/wp-content\/uploads\/2021\/01\/142305304_1574729036048491_2041651557520315472_o-213x300.jpg 213w, https:\/\/www.radiopiu.net\/wordpress\/wp-content\/uploads\/2021\/01\/142305304_1574729036048491_2041651557520315472_o.jpg 510w\" sizes=\"auto, (max-width: 213px) 100vw, 213px\" \/><\/a><\/strong><\/h2>\n<h2><\/h2>\n<h2><\/h2>\n<h2><strong>LE\u00a0 PUNTATE di Luisa Alchini di Leggermente Bellunesi, la domenica alle 11, <span style=\"color: #0000ff;\">IL MARTEDI IN PRIMA EDIZIONE\u00a0<\/span> alle 10.30 e alle 19.00<\/strong><\/h2>\n<p><strong>LA PUNTATA DELLA SETTIMANA <\/strong>San Gregorio Nelle Alpi ha dato i natali ad un padre costituente: Manlio Pat, raccontanto nel libro a cura della figlia Francesca Pat.<\/p>\n<audio class=\"wp-audio-shortcode\" id=\"audio-186927-12\" preload=\"none\" style=\"width: 100%;\" controls=\"controls\"><source type=\"audio\/mpeg\" src=\"https:\/\/www.radiopiu.net\/wordpress\/wp-content\/uploads\/2021\/01\/16leggermentefrancescapat.mp3?_=12\" \/><a href=\"https:\/\/www.radiopiu.net\/wordpress\/wp-content\/uploads\/2021\/01\/16leggermentefrancescapat.mp3\">https:\/\/www.radiopiu.net\/wordpress\/wp-content\/uploads\/2021\/01\/16leggermentefrancescapat.mp3<\/a><\/audio>\n<h2><strong style=\"font-size: 14px;\"><span style=\"color: #000000;\">RACCOLTA COMPLETA<\/span><\/strong><\/h2>\n<\/div>\n<blockquote class=\"wp-embedded-content\" data-secret=\"pg7eis6swb\"><p><a href=\"https:\/\/www.radiopiu.net\/wordpress\/leggermente-20\/\">LEGGERmente&#8230;Bellunesi<\/a><\/p><\/blockquote>\n<p><iframe loading=\"lazy\" class=\"wp-embedded-content\" sandbox=\"allow-scripts\" security=\"restricted\" style=\"position: absolute; clip: rect(1px, 1px, 1px, 1px);\" title=\"&#8220;LEGGERmente&#8230;Bellunesi&#8221; &#8212; Radio Pi\u00f9\" src=\"https:\/\/www.radiopiu.net\/wordpress\/leggermente-20\/embed\/#?secret=pg7eis6swb\" data-secret=\"pg7eis6swb\" width=\"600\" height=\"338\" frameborder=\"0\" marginwidth=\"0\" marginheight=\"0\" scrolling=\"no\"><\/iframe><\/p>\n<hr \/>\n<p>&nbsp;<\/p>\n<blockquote>\n<h3><a href=\"https:\/\/www.radiopiu.net\/wordpress\/almanacco-ladino-puntata-5-2020\/sn\/\" rel=\"attachment wp-att-180931\"><img loading=\"lazy\" decoding=\"async\" class=\"wp-image-180931 alignleft\" src=\"https:\/\/www.radiopiu.net\/wordpress\/wp-content\/uploads\/2020\/12\/sn-300x194.jpg\" alt=\"\" width=\"181\" height=\"117\" srcset=\"https:\/\/www.radiopiu.net\/wordpress\/wp-content\/uploads\/2020\/12\/sn-300x194.jpg 300w, https:\/\/www.radiopiu.net\/wordpress\/wp-content\/uploads\/2020\/12\/sn.jpg 626w\" sizes=\"auto, (max-width: 181px) 100vw, 181px\" \/><\/a>L&#8217;ALMANACCO LADINO CON L&#8217;ISTITUT CESA DE JAN QUINDICINALE APPUNTAMENTO. LA DOMENICA ALLE 9 IL LUNEDI ALLE 8.35 IL MARTEDI ALLE 12.35 IL MERCOLEDI ALLE 18.35. SECONDA STAGIONE.<\/h3>\n<\/blockquote>\n<p>&nbsp;<\/p>\n<p><strong>RACCOLTA COMPLETA\u00a0<\/strong><\/p>\n<blockquote class=\"wp-embedded-content\" data-secret=\"PwfDqcyJEr\"><p><a href=\"https:\/\/www.radiopiu.net\/wordpress\/almanacco-ladino\/\">Almanacco Ladino<\/a><\/p><\/blockquote>\n<p><iframe loading=\"lazy\" class=\"wp-embedded-content\" sandbox=\"allow-scripts\" security=\"restricted\" style=\"position: absolute; clip: rect(1px, 1px, 1px, 1px);\" title=\"&#8220;Almanacco Ladino&#8221; &#8212; Radio Pi\u00f9\" src=\"https:\/\/www.radiopiu.net\/wordpress\/almanacco-ladino\/embed\/#?secret=PwfDqcyJEr\" data-secret=\"PwfDqcyJEr\" width=\"600\" height=\"338\" frameborder=\"0\" marginwidth=\"0\" marginheight=\"0\" scrolling=\"no\"><\/iframe><\/p>\n<p>&nbsp;<\/p>\n<\/div>\n<hr \/>\n<div>\n<h2><span style=\"color: #000080;\"><a class=\"dt-pswp-item\" href=\"https:\/\/www.radiopiu.net\/wordpress\/wp-content\/uploads\/2020\/10\/pp.jpg\" data-dt-img-description=\"\" data-large_image_width=\"640\" data-large_image_height=\"640\"><img loading=\"lazy\" decoding=\"async\" class=\"wp-image-163678 alignleft\" src=\"https:\/\/www.radiopiu.net\/wordpress\/wp-content\/uploads\/2020\/10\/pp-300x300.jpg\" alt=\"\" width=\"106\" height=\"106\" srcset=\"https:\/\/www.radiopiu.net\/wordpress\/wp-content\/uploads\/2020\/10\/pp-300x300.jpg 300w, https:\/\/www.radiopiu.net\/wordpress\/wp-content\/uploads\/2020\/10\/pp-150x150.jpg 150w, https:\/\/www.radiopiu.net\/wordpress\/wp-content\/uploads\/2020\/10\/pp-125x125.jpg 125w, https:\/\/www.radiopiu.net\/wordpress\/wp-content\/uploads\/2020\/10\/pp-200x200.jpg 200w, https:\/\/www.radiopiu.net\/wordpress\/wp-content\/uploads\/2020\/10\/pp-80x80.jpg 80w, https:\/\/www.radiopiu.net\/wordpress\/wp-content\/uploads\/2020\/10\/pp-480x480.jpg 480w, https:\/\/www.radiopiu.net\/wordpress\/wp-content\/uploads\/2020\/10\/pp.jpg 640w\" sizes=\"auto, (max-width: 106px) 100vw, 106px\" \/><\/a> <\/span><\/h2>\n<h2><span style=\"color: #000080;\">DON CESARE, IL PENSIERO DEL GIORNO. ALLA RADIO ALLE 7 DEL MATTINO E ALLE 19.30 DELLA SERA.\u00a0\u00a0<\/span><\/h2>\n<p>&nbsp;<\/p>\n<\/div>\n<p>&nbsp;<\/p>\n<audio class=\"wp-audio-shortcode\" id=\"audio-186927-13\" preload=\"none\" style=\"width: 100%;\" controls=\"controls\"><source type=\"audio\/mpeg\" src=\"https:\/\/www.radiopiu.net\/wordpress\/wp-content\/uploads\/2021\/01\/CESARE-20.mp3?_=13\" \/><a href=\"https:\/\/www.radiopiu.net\/wordpress\/wp-content\/uploads\/2021\/01\/CESARE-20.mp3\">https:\/\/www.radiopiu.net\/wordpress\/wp-content\/uploads\/2021\/01\/CESARE-20.mp3<\/a><\/audio>\n<p>&nbsp;<\/p>\n<hr \/>\n<p>&nbsp;<\/p>\n<div>\n<p class=\"photoswipe-wrapper\"><a class=\"dt-pswp-item pspw-wrap-ready\" href=\"https:\/\/i0.wp.com\/www.radiopiu.net\/wordpress\/wp-content\/uploads\/2018\/09\/viabilita.jpeg?ssl=1\" data-dt-img-description=\"\" data-large_image_width=\"800\" data-large_image_height=\"100\"><img loading=\"lazy\" decoding=\"async\" class=\"aligncenter wp-image-61954 size-full\" src=\"https:\/\/i0.wp.com\/www.radiopiu.net\/wordpress\/wp-content\/uploads\/2018\/09\/viabilita.jpeg?resize=800%2C100&amp;ssl=1\" sizes=\"auto, (max-width: 800px) 100vw, 800px\" srcset=\"https:\/\/i0.wp.com\/www.radiopiu.net\/wordpress\/wp-content\/uploads\/2018\/09\/viabilita.jpeg?w=800&amp;ssl=1 800w, https:\/\/i0.wp.com\/www.radiopiu.net\/wordpress\/wp-content\/uploads\/2018\/09\/viabilita.jpeg?resize=300%2C38&amp;ssl=1 300w, https:\/\/i0.wp.com\/www.radiopiu.net\/wordpress\/wp-content\/uploads\/2018\/09\/viabilita.jpeg?resize=768%2C96&amp;ssl=1 768w\" alt=\"\" width=\"800\" height=\"100\" \/><\/a><\/p>\n<\/div>\n<p>&nbsp;<\/p>\n<p><strong>SP 473 DI CROCE D&#8217;AUNE<\/strong> interruzioni al traffico della durata massima di 20 minuti tra Ponte Otra e Sovramonte dal 26 al 29 gennaio, dalle 8:30 alle 17, per consentire taglio alberature pericolose e messa in sicurezza della strada<\/p>\n<p><strong>SP 1 MADONNA DEL PIAVE <\/strong>senso unico alternato regolato da semaforo fino al 15 gennaio in comune di Quero Vas per realizzazione tombinatura<\/p>\n<p><strong>SP 42 CAVALLERA<\/strong> fino a revoca, chiusura della strada nell&#8217;abitato di Perarolo per attivazione emergenza frana &#8220;Busa del Cristo&#8221;<\/p>\n<p><strong>S.P.2 DELLA VALLE DEL MIS\u00a0<\/strong>Interdizione totale al traffico fino a revoca dal km 14,920 (localit\u00e0 Gona Bassa) al km 20,650 (localit\u00e0 Titele) per cedimento della carreggiata<\/p>\n<p><strong>S.P. 5 DI LAMOSANO<\/strong>\u00a0Interdizione totale fino a revoca per presenza di materiale e alberi in strada.<\/p>\n<p><strong>S.P. 251 DI VAL DI ZOLDO E VAL CELLINA\u00a0<\/strong>dalla localit\u00e0 Soffranco fino all&#8217;imbocco nord della galleria S. Giovanni interdizione totale al transito per cedimento della carreggiata<\/p>\n<p><strong>SP 3 DELLA VAL IMPERINA<\/strong> fino a revoca, senso unico alternato regolato a vista in localit\u00e0 Gona di Conedera di Rivamonte per cedimento della carreggiata stradale<\/p>\n<p>&nbsp;<\/p>\n<div>\n<hr \/>\n<p>&nbsp;<\/p>\n<p class=\"photoswipe-wrapper\"><a class=\"dt-pswp-item pspw-wrap-ready\" href=\"https:\/\/i0.wp.com\/www.radiopiu.net\/wordpress\/wp-content\/uploads\/2018\/09\/WhatsApp-Image-2018-09-20-at-16.04.06.jpeg?ssl=1\" data-dt-img-description=\"\" data-large_image_width=\"800\" data-large_image_height=\"100\"><img loading=\"lazy\" decoding=\"async\" class=\"aligncenter wp-image-61378 size-full jetpack-lazy-image jetpack-lazy-image--handled\" src=\"https:\/\/i0.wp.com\/www.radiopiu.net\/wordpress\/wp-content\/uploads\/2018\/09\/WhatsApp-Image-2018-09-20-at-16.04.06.jpeg?resize=800%2C100&amp;ssl=1\" sizes=\"auto, (max-width: 800px) 100vw, 800px\" srcset=\"https:\/\/i0.wp.com\/www.radiopiu.net\/wordpress\/wp-content\/uploads\/2018\/09\/WhatsApp-Image-2018-09-20-at-16.04.06.jpeg?w=800&amp;ssl=1 800w, https:\/\/i0.wp.com\/www.radiopiu.net\/wordpress\/wp-content\/uploads\/2018\/09\/WhatsApp-Image-2018-09-20-at-16.04.06.jpeg?resize=300%2C38&amp;ssl=1 300w, https:\/\/i0.wp.com\/www.radiopiu.net\/wordpress\/wp-content\/uploads\/2018\/09\/WhatsApp-Image-2018-09-20-at-16.04.06.jpeg?resize=768%2C96&amp;ssl=1 768w\" alt=\"\" width=\"800\" height=\"100\" data-lazy-loaded=\"1\" \/><\/a><\/p>\n<p>&nbsp;<\/p>\n<\/div>\n<\/div>\n<p><center><b>Giovedi 28<\/b><\/center><b>Tempo atteso: <\/b>Tempo variabile con qualche tratto soleggiato e prevalenza di annuvolamenti medio-alti irregolari per nubi di sottovento. La nuvolosit\u00e0 sar\u00e0 pi\u00f9 presente al pomeriggio sui settori settentrionali. Atmosfera assai arieggiata ovunque, specie in quota, dove l&#8217;avvezione d&#8217;aria assai meno fredda potrebbe creare una colonna d&#8217;aria isotermica (poca differenza di temperatura tra 1500 e 3000 m).<br \/>\n<b>Precipitazioni: <\/b>Al mattino assenti (0%), dalle ore centrali del giorno in poi ancora assenti sulle Prealpi, mentre un po&#8217; di neve burrascosa scender\u00e0 sulle Dolomiti settentrionali (40\/60%), generalmente sopra i 1500 m, localmente anche in qualche settore vallivo (Arabba, Cortina e Comelico Superiore).<br \/>\n<b>Temperature: <\/b>In aumento sia per la maggiore probabilit\u00e0 di rialzi per episodi di favonio nelle valli che per avvezione d&#8217;aria assai meno fredda in quota al pomeriggio. Su Prealpi a 1500 m min -3\u00b0C max -2\u00b0C, a 2000 m min -4\u00b0C max -3\u00b0C. Su Dolomiti a 2000 m min -4\u00b0C max -3\u00b0C, a 3000 m min -10\u00b0C max -5\u00b0C.<br \/>\n<b>Venti: <\/b>Nelle valli perlopi\u00f9 deboli\/moderati di direzione variabile con locali rinforzi per episodi di Foehn; in quota tesi\/forti da nord-ovest, anche molto forti alla sera sulle cime pi\u00f9 alte, a 10-40 km\/h a 2000 m e 40-90 km\/h a 3000 m.<\/p>\n<hr \/>\n<p><center><b>Venerdi 29<\/b><\/center>Molte nubi stratiformi medie e medio-alte al mattino e nelle ore centrali del giorno e non si potr\u00e0 escludere del tutto qualche goccia nelle valli e fiocchi di neve oltre 1100\/1400 m. Nel corso del pomeriggio diradamento della suddetta copertura con tratti soleggiati e residui banchi di nubi alte. Temperature in ulteriore lieve aumento con valori superiori alla media del periodo. Venti moderati\/tesi da ovest nord-ovest in quota, deboli di direzione variabile nelle valli.<\/p>\n<hr \/>\n<p><center><b>Sabato 30<\/b><\/center>Al mattino aumento della nuvolosit\u00e0 fino a cielo temporaneamente coperto con qualche debolissima precipitazione sulle Dolomiti, appena pi\u00f9 rilevante tra Prealpi e pedemontana. Il limite neve scender\u00e0 fino sui 1000\/1200 m a fine episodio. Nel corso del pomeriggio miglioramento del tempo. Temperature in calo, eccetto rialzo delle minime nelle valli. Venti moderati\/tesi da sud-ovest al mattino, in attenuazione disponendosi da nord al pomeriggio, deboli di direzione variabile nelle valli. Previsore: R.L.Th.<\/p>\n<p>&nbsp;<\/p>\n<hr \/>\n<p>&nbsp;<\/p>\n<p><a href=\"https:\/\/www.radiopiu.net\/wordpress\/giornale-radiopiu-15-settembre-2018-direttore-mirko-mezzacasa\/sport-7\/\" rel=\"attachment wp-att-60761\"><img loading=\"lazy\" decoding=\"async\" class=\"aligncenter wp-image-60761 size-full\" src=\"https:\/\/www.radiopiu.net\/wordpress\/wp-content\/uploads\/2018\/09\/sport.jpg\" alt=\"\" width=\"800\" height=\"100\" srcset=\"https:\/\/www.radiopiu.net\/wordpress\/wp-content\/uploads\/2018\/09\/sport.jpg 800w, https:\/\/www.radiopiu.net\/wordpress\/wp-content\/uploads\/2018\/09\/sport-300x38.jpg 300w, https:\/\/www.radiopiu.net\/wordpress\/wp-content\/uploads\/2018\/09\/sport-768x96.jpg 768w\" sizes=\"auto, (max-width: 800px) 100vw, 800px\" \/><\/a><\/p>\n<p>&nbsp;<\/p>\n<p>&nbsp;<\/p>\n<blockquote>\n<h3><a href=\"https:\/\/www.radiopiu.net\/wordpress\/giornale-radiopiu-27-gennaio-2021-direttore-mirko-mezzacasa\/sportivamente_bl_a_spresiano-1\/\" rel=\"attachment wp-att-187013\"><img loading=\"lazy\" decoding=\"async\" class=\"size-medium wp-image-187013 alignleft\" src=\"https:\/\/www.radiopiu.net\/wordpress\/wp-content\/uploads\/2021\/01\/Sportivamente_BL_a_Spresiano-1-300x179.jpg\" alt=\"\" width=\"300\" height=\"179\" srcset=\"https:\/\/www.radiopiu.net\/wordpress\/wp-content\/uploads\/2021\/01\/Sportivamente_BL_a_Spresiano-1-300x179.jpg 300w, https:\/\/www.radiopiu.net\/wordpress\/wp-content\/uploads\/2021\/01\/Sportivamente_BL_a_Spresiano-1-1024x612.jpg 1024w, https:\/\/www.radiopiu.net\/wordpress\/wp-content\/uploads\/2021\/01\/Sportivamente_BL_a_Spresiano-1-768x459.jpg 768w, https:\/\/www.radiopiu.net\/wordpress\/wp-content\/uploads\/2021\/01\/Sportivamente_BL_a_Spresiano-1-1536x918.jpg 1536w, https:\/\/www.radiopiu.net\/wordpress\/wp-content\/uploads\/2021\/01\/Sportivamente_BL_a_Spresiano-1.jpg 1850w\" sizes=\"auto, (max-width: 300px) 100vw, 300px\" \/><\/a>SPORTIVAMENTE BELLUNO, BENE ANCHE A SPRESIANO<\/h3>\n<\/blockquote>\n<p><strong>BELLUNO<\/strong> <span style=\"color: #000000;\"><span style=\"font-family: Helvetica Neue, serif;\"><span style=\"font-size: small;\"><span style=\"font-family: Helvetica, serif;\"><span lang=\"it-IT\">\u00a0Sportivamente Belluno protagonista a Spresiano. I<\/span><\/span><\/span><\/span><\/span><span style=\"font-size: small; color: #000000; font-family: Helvetica, serif;\"><span lang=\"it-IT\"> ragazzi e le ragazze hanno saputo riconfermarsi e ottenere buoni piazzamenti.\u00a0<\/span><\/span><span style=\"color: #000000;\"><span style=\"font-family: Helvetica Neue, serif;\"><span style=\"font-size: small;\"><span style=\"font-family: Helvetica, serif;\"><span lang=\"it-IT\">Da segnalare i 50 delfino di Matias Boccanegra (30<\/span><\/span><span style=\"font-family: Helvetica, serif;\">\u201d<\/span><span style=\"font-family: Helvetica, serif;\"><span lang=\"it-IT\">62) e di Alessandro Facchin (31<\/span><\/span><span style=\"font-family: Helvetica, serif;\">\u201d87), <\/span><span style=\"font-family: Helvetica, serif;\"><span lang=\"it-IT\">\u00a0gli atleti sono riusciti a migliorare i loro tempi personali di circa 2 secondi. Eleonora Cibien (2007) nei 100 dorso ha chiuso in <\/span><\/span><span style=\"font-family: Helvetica, serif;\">1\u201915\u201d<\/span><span style=\"font-family: Helvetica, serif;\"><span lang=\"it-IT\">67: quasi 1 secondo in meno del suo personale. E pure nei 200 stile il personale si abbassa in maniera sensibile (2<\/span><\/span><span style=\"font-family: Helvetica, serif;\">\u201931\u201d74). <\/span><\/span><\/span><\/span><span style=\"color: #000000;\"><span style=\"font-family: Helvetica Neue, serif;\"><span style=\"font-size: small;\"><span style=\"font-family: Helvetica, serif;\"><span lang=\"it-IT\">\u00a0Minerva Dall<\/span><\/span><span style=\"font-family: Helvetica, serif;\">\u2019\u00d2 <\/span><span style=\"font-family: Helvetica, serif;\"><span lang=\"it-IT\">(2007),\u00a0 ha fermato il cronometro sul<\/span><\/span><span style=\"font-family: Helvetica, serif;\"> 2\u201924\u201d<\/span><span style=\"font-family: Helvetica, serif;\"><span lang=\"it-IT\">40: 1 secondo in meno del suo miglior tempo. Senza considerare la riconferma nei 100 delfino (1<\/span><\/span><span style=\"font-family: Helvetica, serif;\">\u201916\u201d02). <\/span><\/span><\/span><\/span><span style=\"font-size: small; color: #000000; font-family: Helvetica, serif;\"><span lang=\"it-IT\">\u00a0Matias Boccanegra (1<\/span><\/span><span style=\"font-size: small; color: #000000; font-family: Helvetica, serif;\">\u201916\u201d<\/span><span style=\"font-size: small; color: #000000; font-family: Helvetica, serif;\"><span lang=\"it-IT\">45) e Alessandro Facchin (1<\/span><\/span><span style=\"font-size: small; color: #000000; font-family: Helvetica, serif;\">\u201914\u201d<\/span><span style=\"font-size: small; color: #000000; font-family: Helvetica, serif;\"><span lang=\"it-IT\">97) nei 100 delfino; Marco Sponga (33<\/span><\/span><span style=\"font-size: small; color: #000000; font-family: Helvetica, serif;\">\u201d<\/span><span style=\"font-size: small; color: #000000; font-family: Helvetica, serif;\"><span lang=\"it-IT\">12) nei 50 delfino e (1<\/span><\/span><span style=\"font-size: small; color: #000000; font-family: Helvetica, serif;\">\u201914\u201d<\/span><span style=\"font-size: small; color: #000000; font-family: Helvetica, serif;\"><span lang=\"it-IT\">81) 100 dorso; Sara Sommacal (1<\/span><\/span><span style=\"font-size: small; color: #000000; font-family: Helvetica, serif;\">\u201920\u201d<\/span><span style=\"font-size: small; color: #000000; font-family: Helvetica, serif;\"><span lang=\"it-IT\">53) nei 100 delfino e (1<\/span><\/span><span style=\"font-size: small; color: #000000; font-family: Helvetica, serif;\">\u201917\u201d<\/span><span style=\"font-size: small; color: #000000; font-family: Helvetica, serif;\"><span lang=\"it-IT\">15) 100 dorso. <\/span><\/span><span style=\"font-size: small; color: #000000; font-family: Helvetica, serif;\"><span lang=\"it-IT\">Giacomo Bianchini (2007) nei 100 dorso e 200 stile; Greta Porta (2008) nei 200 stile e 100 delfino. Andrea Frisaldi (2007) nei 200 rana e 100 delfino.\u00a0 I<\/span><\/span><span style=\"font-family: Helvetica, serif; font-size: small; color: #000000;\">l gruppo prosegue gli allenamenti bisettimanali a Vittorio Veneto,\u00a0 con i tecnici Alberto Cassol e Giulia Bortot in attesa di tempi migliori nella piscina di casa a Lambioi<\/span><\/p>\n<p>&nbsp;<\/p>\n<p>&nbsp;<\/p>\n<hr \/>\n<p>&nbsp;<\/p>\n<blockquote>\n<h3>ANCHE A FEBBRAIO SALTANO I RADUNI DELLE NAZIONALI DI HOCKEY<\/h3>\n<\/blockquote>\n<p><strong><a href=\"https:\/\/www.radiopiu.net\/wordpress\/giornale-radiopiu-27-gennaio-2021-direttore-mirko-mezzacasa\/alex-trivellato-2\/\" rel=\"attachment wp-att-187056\"><img loading=\"lazy\" decoding=\"async\" class=\"size-medium wp-image-187056 alignleft\" src=\"https:\/\/www.radiopiu.net\/wordpress\/wp-content\/uploads\/2021\/01\/Alex-Trivellato-2-300x200.jpg\" alt=\"\" width=\"300\" height=\"200\" srcset=\"https:\/\/www.radiopiu.net\/wordpress\/wp-content\/uploads\/2021\/01\/Alex-Trivellato-2-300x200.jpg 300w, https:\/\/www.radiopiu.net\/wordpress\/wp-content\/uploads\/2021\/01\/Alex-Trivellato-2-1024x683.jpg 1024w, https:\/\/www.radiopiu.net\/wordpress\/wp-content\/uploads\/2021\/01\/Alex-Trivellato-2-768x512.jpg 768w, https:\/\/www.radiopiu.net\/wordpress\/wp-content\/uploads\/2021\/01\/Alex-Trivellato-2-1536x1024.jpg 1536w, https:\/\/www.radiopiu.net\/wordpress\/wp-content\/uploads\/2021\/01\/Alex-Trivellato-2.jpg 1920w\" sizes=\"auto, (max-width: 300px) 100vw, 300px\" \/><\/a>MILANO<\/strong> Mettere al primo posto la sicurezza degli atleti e tutelare il regolare svolgimento dei campionati in corso. Questi gli obiettivi di fondo della decisione di annullare tutti i\u00a0raduni\u00a0di febbraio di tutte le\u00a0nazionali di hockey su ghiaccio. La scelta \u00e8 stata assunta nelle scorse ore dai vertici della\u00a0Federazione italiana sport ghiaccio, di comune accordo con i responsabili del settore tecnico e sportivo. \u201c<em>La pandemia da\u00a0Covid-19\u00a0\u2013 sottolinea il presidente\u00a0Andrea Gios\u00a0\u2013 impone al mondo dello sport di muoversi con la massima cautela e prudenza, limitando al minimo ogni situazione che possa anche solo potenzialmente rischiare di diventare fonte di infezioni. Siamo dispiaciuti soprattutto per le\u00a0nazionali femminili e giovanili, che non avranno altra possibilit\u00e0 di ritrovarsi in questa disgraziata stagione, ma credo che la\u00a0FISG abbia preso una scelta di buon senso e di responsabilit\u00e0<\/em>\u201d. Come noto, infatti, ad eccezione del\u00a0Mondiale Top Division\u00a0al quale partecipa l\u2019Italia di coach\u00a0Greg Ireland\u00a0(21 maggio \u2013 6 giugno, sede definitiva ancora da comunicare, novit\u00e0 attese nei prossimi giorni) la\u00a0IIHF\u00a0ha annullato tutti gli altri tornei che vedevano impegnate le nazionali azzurre in questa stagione sportiva. Si tratta del Mondiali Prima Divisione gruppo B per l\u2019Italia\u00a0femminile, del Mondiale Seconda Divisione gruppo A per l\u2019Italia under 20, del Mondiale Prima Divisione gruppo B per l\u2019Italia under 18 maschile\u00a0e del Mondiale Prima Divisione gruppo A per l\u2019Italia under 18 femminile. \u201c<em>I\u00a0protocolli di sicurezza\u00a0da seguire \u2013 aggiunge il direttore sportivo delle squadre nazionali,\u00a0Stefan Zisser\u00a0\u2013 sarebbero stati molto gravosi, senza contare le oggettive difficolt\u00e0 legate ad un raduno in un periodo del genere. Dalla necessit\u00e0 di garantire la salute dei partecipanti all\u2019impossibilit\u00e0 di organizzare partite amichevoli, alle difficolt\u00e0 di far rientrare in Italia atleti che militano all\u2019estero. Inoltre, in questo momento particolare, riteniamo prioritario garantire il regolare svolgimento e la prosecuzione di tutti i\u00a0campionati\u00a0dopo le interruzioni dei mesi scorsi. Non era pensabile correre rischi ulteriori\u201d. Per quanto concerne la nazionale maggiore, la scelta \u00e8 stata presa d\u2019intesa con l\u2019head coach\u00a0Greg Ireland. \u201cMolti dei possibili convocati sono stanchi per il tour de force delle ultime settimane dovuto alla necessit\u00e0 di recuperare le partite rinviate in autunno \u2013 conclude Ireland \u2013 senza contare che a febbraio \u00e8 in programma la finale-scudetto di serie A. Torneremo a lavorare assieme in aprile e maggio, quando avremo a disposizione tutto il tempo necessario per preparare al meglio i\u00a0Mondiali Top Division<\/em>\u201d.<\/p>\n<p>&nbsp;<\/p>\n<p>&nbsp;<\/p>\n<hr \/>\n<p>&nbsp;<\/p>\n<blockquote>\n<h3>EDOARDO BALDO FA LA VOCE GROSSA ALL&#8217;ALPE CIMBRA<\/h3>\n<\/blockquote>\n<p><a href=\"https:\/\/www.radiopiu.net\/wordpress\/giornale-radiopiu-27-gennaio-2021-direttore-mirko-mezzacasa\/edoardo-baldo-2-gigante-allievi-alpe-cimbra-26-01-2021-credito-gianni-tomazzoni-scaled\/\" rel=\"attachment wp-att-187099\"><img loading=\"lazy\" decoding=\"async\" class=\"size-medium wp-image-187099 alignleft\" src=\"https:\/\/www.radiopiu.net\/wordpress\/wp-content\/uploads\/2021\/01\/edoardo-baldo-2.-gigante-ALLIEVI-alpe-cimbra-26.01.2021-credito-Gianni-Tomazzoni-scaled-1-300x199.jpg\" alt=\"\" width=\"300\" height=\"199\" srcset=\"https:\/\/www.radiopiu.net\/wordpress\/wp-content\/uploads\/2021\/01\/edoardo-baldo-2.-gigante-ALLIEVI-alpe-cimbra-26.01.2021-credito-Gianni-Tomazzoni-scaled-1-300x199.jpg 300w, https:\/\/www.radiopiu.net\/wordpress\/wp-content\/uploads\/2021\/01\/edoardo-baldo-2.-gigante-ALLIEVI-alpe-cimbra-26.01.2021-credito-Gianni-Tomazzoni-scaled-1-1024x680.jpg 1024w, https:\/\/www.radiopiu.net\/wordpress\/wp-content\/uploads\/2021\/01\/edoardo-baldo-2.-gigante-ALLIEVI-alpe-cimbra-26.01.2021-credito-Gianni-Tomazzoni-scaled-1-768x510.jpg 768w, https:\/\/www.radiopiu.net\/wordpress\/wp-content\/uploads\/2021\/01\/edoardo-baldo-2.-gigante-ALLIEVI-alpe-cimbra-26.01.2021-credito-Gianni-Tomazzoni-scaled-1-1536x1020.jpg 1536w, https:\/\/www.radiopiu.net\/wordpress\/wp-content\/uploads\/2021\/01\/edoardo-baldo-2.-gigante-ALLIEVI-alpe-cimbra-26.01.2021-credito-Gianni-Tomazzoni-scaled-1-2048x1360.jpg 2048w\" sizes=\"auto, (max-width: 300px) 100vw, 300px\" \/><\/a><strong>ALPE CIMBRA (TRENTINO) <\/strong>Edoardo Baldo \u00e8 ancora super alle finali nazionali dell\u2019Alpe Cimbra Fis Children Cup, l\u2019evento internazionale per gli under 14 e gli under 16. Dopo il bronzo in slalom, il portacolori dello Sci club Cortina \u00e8 salito di nuovo sul podio (<em>nella foto di Gianni Tomazzoni<\/em>), salendo per\u00f2 di un gradino: secondo alle spalle dell\u2019altoatesino Jakob Franzelin. Edoardo far\u00e0 parte della squadra italiana che, a partire da oggi con il team event, sar\u00e0 protagonista della fase internazionale. Sempre per quanto riguarda ieri, fuori dalla top ten nel gigante Allievi Lorenzo Pittarello: l\u2019atleta dello Ski College Veneto Falcade ha chiuso tredicesimo. Brave nel gigante Allieve Arianna De Martin Topranin, dello Sci club Cortina, decima, e Camilla Stiletto, dello Sci club Trichiana, quindicesima. Nello slalom della categoria Ragazzi, applausi per Zaccaria Trevisan, dello Sci club Drusci\u00e8, che ha chiuso all\u2019ottavo posto. Ha centrato la top ten anche Vittoria Rossi, dello Sci club 2000: settima.<\/p>\n<p><a href=\"https:\/\/www.fisiveneto.com\/wp-content\/uploads\/2021\/01\/classifica_ufficiale_sl_rag_26_01.pdf\">CLASSIFICA CATEGORIA RAGAZZI<\/a><\/p>\n<p><a href=\"https:\/\/www.fisiveneto.com\/wp-content\/uploads\/2021\/01\/classifica_ufficiale_gs_all_26_01.pdf\">CLASSIFICA CATEGORIA ALLIEVI<\/a><\/p>\n<p><a href=\"https:\/\/www.fisiveneto.com\/wp-content\/uploads\/2021\/01\/class_com_alpecimbra_2021.pdf\">CLASSIFICA PER COMITATI ALPECIMBRA\u00a0<\/a><\/p>\n<p>&nbsp;<\/p>\n<p>&nbsp;<\/p>\n<hr \/>\n<p>&nbsp;<\/p>\n<blockquote>\n<h2>CON IL CSI CORSI DI ARBITRI DI FOOTBALL AMERICANO<\/h2>\n<\/blockquote>\n<p><strong><img loading=\"lazy\" decoding=\"async\" class=\"alignleft\" src=\"https:\/\/www.radiopiu.net\/wordpress\/wp-content\/uploads\/2021\/01\/Football_Americano-3-300x300.jpg\" width=\"150\" height=\"150\" \/>BELLUNO<\/strong> a disciplina del Football Americano in CSI, nel corso degli ultimi anni, ha riscontrato un aumento delle squadre ed atleti partecipanti ed \u00e8 in costante crescita. Nell\u2019ottica di gestire al meglio l\u2019attivit\u00e0 ed i relativi Campionati Nazionali CSI,\u00a0 si svolgeranno in videoconferenza, indicativamente da met\u00e0 febbraio, due corsi arbitri di 1\u00b0 livello (Rookie) di Football Americano, uno per il Tackle Football ed uno per il Flag Football, a cui seguir\u00e0 il tirocinio pratico in campo appena possibile. Per informazioni ed iscrizioni, entro il 10 febbraio, gli interessati possono contattare la Segreteria della Commissione Nazionale Arbitri e Giudici di Gara al numero 06.68404594 (dal lun al ven dalle ore 15:00 alle ore 19:00) o all\u2019e-mail <a href=\"mailto:arbitriegiudici@csi-net.it\">arbitriegiudici@csi-net.it <\/a>.<\/p>\n<p>&nbsp;<\/p>\n","protected":false},"excerpt":{"rendered":"<p>PER RICEVERE QUESTO NOTIZIARIO DIRETTAMENTE SUL TUO CELLULARE ISCRIVITI AL CANALE TELEGRAM \u201cRADIO PIU\u00a0 INFORMAZIONE&#8221;\u00a0 SUPERATI I 3000 ISCRITTI, il CANALE TELEGRAM&#8230; UNISCITI A: RADIO PIU INFORMAZIONE &nbsp; ATTENZIONE: LA NUOVA APP PER IOS-IPHONE di Nicola Vettorello https:\/\/apps.apple.com\/it\/app\/radio-pi%C3%B9-emittente-agordina\/id1515939845 ATTENZIONE: LA NUOVA APP RADIO\u00a0 PER ANDROID di Nicola Vettorello https:\/\/play.google.com\/store\/apps\/details?id=net.radiopiu.iniko &nbsp; &nbsp; ALLE 8 05 LA&hellip;<\/p>\n","protected":false},"author":4,"featured_media":187045,"comment_status":"closed","ping_status":"closed","sticky":false,"template":"","format":"standard","meta":{"_monsterinsights_skip_tracking":false,"_monsterinsights_sitenote_active":false,"_monsterinsights_sitenote_note":"","_monsterinsights_sitenote_category":0,"footnotes":""},"categories":[1,51,86,49],"tags":[],"class_list":["post-186927","post","type-post","status-publish","format-standard","has-post-thumbnail","hentry","category-senza-categoria","category-evidenza-top","category-gr","category-news-18","category-1","category-51","category-86","category-49","description-off"],"img_url":"https:\/\/www.radiopiu.net\/wordpress\/wp-content\/uploads\/2021\/01\/WhatsApp-Image-2021-01-26-at-14.50.12.jpeg","_links":{"self":[{"href":"https:\/\/www.radiopiu.net\/wordpress\/wp-json\/wp\/v2\/posts\/186927","targetHints":{"allow":["GET"]}}],"collection":[{"href":"https:\/\/www.radiopiu.net\/wordpress\/wp-json\/wp\/v2\/posts"}],"about":[{"href":"https:\/\/www.radiopiu.net\/wordpress\/wp-json\/wp\/v2\/types\/post"}],"author":[{"embeddable":true,"href":"https:\/\/www.radiopiu.net\/wordpress\/wp-json\/wp\/v2\/users\/4"}],"replies":[{"embeddable":true,"href":"https:\/\/www.radiopiu.net\/wordpress\/wp-json\/wp\/v2\/comments?post=186927"}],"version-history":[{"count":0,"href":"https:\/\/www.radiopiu.net\/wordpress\/wp-json\/wp\/v2\/posts\/186927\/revisions"}],"wp:featuredmedia":[{"embeddable":true,"href":"https:\/\/www.radiopiu.net\/wordpress\/wp-json\/wp\/v2\/media\/187045"}],"wp:attachment":[{"href":"https:\/\/www.radiopiu.net\/wordpress\/wp-json\/wp\/v2\/media?parent=186927"}],"wp:term":[{"taxonomy":"category","embeddable":true,"href":"https:\/\/www.radiopiu.net\/wordpress\/wp-json\/wp\/v2\/categories?post=186927"},{"taxonomy":"post_tag","embeddable":true,"href":"https:\/\/www.radiopiu.net\/wordpress\/wp-json\/wp\/v2\/tags?post=186927"}],"curies":[{"name":"wp","href":"https:\/\/api.w.org\/{rel}","templated":true}]}}