{"id":186959,"date":"2021-01-26T06:38:25","date_gmt":"2021-01-26T05:38:25","guid":{"rendered":"https:\/\/www.radiopiu.net\/wordpress\/?p=186959"},"modified":"2021-01-26T06:38:25","modified_gmt":"2021-01-26T05:38:25","slug":"dolomitibus-ripristina-le-corse-per-tiser","status":"publish","type":"post","link":"https:\/\/www.radiopiu.net\/wordpress\/dolomitibus-ripristina-le-corse-per-tiser\/","title":{"rendered":"DOLOMITIBUS RIPRISTINA LE CORSE PER TISER"},"content":{"rendered":"<p>&nbsp;<\/p>\n<blockquote>\n<h3><\/h3>\n<\/blockquote>\n<p><strong>GOSALDO<\/strong> Da oggi vengono ripristinate le corse Dolomitibus per Tiser. A comunicarlo l&#8217;azienda la quale\u00a0 ha specificato che verr\u00e0 attivata una nuova fermata denominata Tiser Chiesa. La fermata avverr\u00e0 in prossimit\u00e0 della scalinata della Chiesa di San Bartolomeo e sar\u00e0 segnalata da apposita segnaletica.<\/p>\n<a href=\"https:\/\/www.radiopiu.net\/wordpress\/wp-content\/uploads\/2021\/01\/avviso-attivazione-fermata-Tiser-chiesa.pdf\" class=\"pdfemb-viewer\" style=\"\" data-width=\"max\" data-height=\"max\" data-toolbar=\"top\" data-toolbar-fixed=\"on\">avviso-attivazione-fermata-Tiser-chiesa<\/a>\n<p>&nbsp;<\/p>\n<p><strong>DI GIANNI SANTOMASO<\/strong><\/p>\n<audio class=\"wp-audio-shortcode\" id=\"audio-186959-1\" preload=\"none\" style=\"width: 100%;\" controls=\"controls\"><source type=\"audio\/mpeg\" src=\"https:\/\/www.radiopiu.net\/wordpress\/wp-content\/uploads\/2021\/01\/GIANNI-CORRIERE-TISER.mp3?_=1\" \/><a href=\"https:\/\/www.radiopiu.net\/wordpress\/wp-content\/uploads\/2021\/01\/GIANNI-CORRIERE-TISER.mp3\">https:\/\/www.radiopiu.net\/wordpress\/wp-content\/uploads\/2021\/01\/GIANNI-CORRIERE-TISER.mp3<\/a><\/audio>\n<p>&nbsp;<\/p>\n","protected":false},"excerpt":{"rendered":"<p>&nbsp; GOSALDO Da oggi vengono ripristinate le corse Dolomitibus per Tiser. A comunicarlo l&#8217;azienda la quale\u00a0 ha specificato che verr\u00e0 attivata una nuova fermata denominata Tiser Chiesa. La fermata avverr\u00e0 in prossimit\u00e0 della scalinata della Chiesa di San Bartolomeo e sar\u00e0 segnalata da apposita segnaletica. &nbsp; DI GIANNI SANTOMASO &nbsp;<\/p>\n","protected":false},"author":4,"featured_media":151135,"comment_status":"closed","ping_status":"closed","sticky":false,"template":"","format":"standard","meta":{"_monsterinsights_skip_tracking":false,"_monsterinsights_sitenote_active":false,"_monsterinsights_sitenote_note":"","_monsterinsights_sitenote_category":0,"footnotes":""},"categories":[49],"tags":[],"class_list":["post-186959","post","type-post","status-publish","format-standard","has-post-thumbnail","hentry","category-news-18","category-49","description-off"],"img_url":"https:\/\/www.radiopiu.net\/wordpress\/wp-content\/uploads\/2020\/07\/Chiesa_Tiser.jpg","_links":{"self":[{"href":"https:\/\/www.radiopiu.net\/wordpress\/wp-json\/wp\/v2\/posts\/186959","targetHints":{"allow":["GET"]}}],"collection":[{"href":"https:\/\/www.radiopiu.net\/wordpress\/wp-json\/wp\/v2\/posts"}],"about":[{"href":"https:\/\/www.radiopiu.net\/wordpress\/wp-json\/wp\/v2\/types\/post"}],"author":[{"embeddable":true,"href":"https:\/\/www.radiopiu.net\/wordpress\/wp-json\/wp\/v2\/users\/4"}],"replies":[{"embeddable":true,"href":"https:\/\/www.radiopiu.net\/wordpress\/wp-json\/wp\/v2\/comments?post=186959"}],"version-history":[{"count":0,"href":"https:\/\/www.radiopiu.net\/wordpress\/wp-json\/wp\/v2\/posts\/186959\/revisions"}],"wp:featuredmedia":[{"embeddable":true,"href":"https:\/\/www.radiopiu.net\/wordpress\/wp-json\/wp\/v2\/media\/151135"}],"wp:attachment":[{"href":"https:\/\/www.radiopiu.net\/wordpress\/wp-json\/wp\/v2\/media?parent=186959"}],"wp:term":[{"taxonomy":"category","embeddable":true,"href":"https:\/\/www.radiopiu.net\/wordpress\/wp-json\/wp\/v2\/categories?post=186959"},{"taxonomy":"post_tag","embeddable":true,"href":"https:\/\/www.radiopiu.net\/wordpress\/wp-json\/wp\/v2\/tags?post=186959"}],"curies":[{"name":"wp","href":"https:\/\/api.w.org\/{rel}","templated":true}]}}