{"id":186994,"date":"2021-01-26T12:20:05","date_gmt":"2021-01-26T11:20:05","guid":{"rendered":"https:\/\/www.radiopiu.net\/wordpress\/?p=186994"},"modified":"2021-01-26T12:20:06","modified_gmt":"2021-01-26T11:20:06","slug":"bassa-dotazione-di-servizi-in-115-municipi-del-veneto-anche-a-colle-santa-lucia-a-san-tomaso","status":"publish","type":"post","link":"https:\/\/www.radiopiu.net\/wordpress\/bassa-dotazione-di-servizi-in-115-municipi-del-veneto-anche-a-colle-santa-lucia-a-san-tomaso\/","title":{"rendered":"BASSA DOTAZIONE DI SERVIZI IN 115 MUNICIPI DEL VENETO ANCHE A COLLE SANTA LUCIA A SAN TOMASO"},"content":{"rendered":"<p align=\"CENTER\"><span style=\"font-family: Verdana, serif;\"><span lang=\"it-IT\"><b>ABITANTI COSTRETTI A USCIRE DAI CONFINI COMUNALI NONOSTANTE LA \u201cZONA ARANCIONE<\/b><\/span><\/span><\/p>\n<p style=\"text-align: left;\" align=\"CENTER\"><em><span style=\"font-family: Verdana, serif;\"><span lang=\"it-IT\">Le deroghe agli spostamenti sono fondamentali per chi vive nei piccoli Comuni, a causa della scarsa dotazione di servizi. Secondo la Fondazione Think Tank Nord Est il piccolo Comune non \u00e8 pi\u00f9 sostenibile: solo la fusione dei Municipi pu\u00f2 garantire i servizi minimi alla popolazione.<\/span><\/span><\/em><\/p>\n<p align=\"CENTER\">\n<p align=\"JUSTIFY\"><span style=\"font-family: Verdana, serif;\"><span style=\"font-size: small;\"><span lang=\"it-IT\"><a href=\"https:\/\/www.radiopiu.net\/wordpress\/bassa-dotazione-di-servizi-in-115-municipi-del-veneto-anche-a-colle-santa-lucia-a-san-tomaso\/download-1093\/\" rel=\"attachment wp-att-186997\"><img loading=\"lazy\" decoding=\"async\" class=\"size-full wp-image-186997 alignleft\" src=\"https:\/\/www.radiopiu.net\/wordpress\/wp-content\/uploads\/2021\/01\/download.png\" alt=\"\" width=\"284\" height=\"177\" \/><\/a>L\u2019inasprimento delle misure di contenimento dei contagi da coronavirus, con il Veneto attualmente in \u201czona arancione\u201d, ha messo in difficolt\u00e0 soprattutto chi vive nei piccoli Comuni. E\u2019 questo il risultato di uno studio condotto dalla <\/span><\/span><\/span><span style=\"font-family: Verdana, serif;\"><span style=\"font-size: small;\"><span lang=\"it-IT\"><b>Fondazione Think Tank Nord Est<\/b><\/span><\/span><\/span><span style=\"font-family: Verdana, serif;\"><span style=\"font-size: small;\"><span lang=\"it-IT\">, che ha misurato la dotazione dei servizi essenziali nei Comuni del Veneto.<\/span><\/span><\/span><span style=\"font-size: small; font-family: Verdana, serif;\">In 115 Municipi veneti, infatti, i servizi offerti alla popolazione sono particolarmente scarsi. Di conseguenza, per i cittadini residenti in queste localit\u00e0, \u00e8 stata fondamentale l\u2019introduzione delle deroghe agli spostamenti (a beneficio di chi vive nei Comuni con meno di 5.000 abitanti, in un raggio di 30 km, con il divieto per\u00f2 di raggiungere i capoluoghi di Provincia), in quanto nel luogo di residenza scarseggiano addirittura i servizi essenziali. <\/span><span style=\"font-family: Verdana, serif;\"><span style=\"font-size: small;\"><span lang=\"it-IT\">L\u2019analisi ha definito sei categorie di servizi di prima necessit\u00e0: negozi alimentari; tabaccherie, edicole e cartolerie; farmacie e parafarmacie; sportelli bancari; uffici postali; scuole. Pi\u00f9 scarsa \u00e8 la presenza di queste attivit\u00e0 e pi\u00f9 basso \u00e8 il valore dell\u2019indicatore complessivo. I risultati evidenziano come siano soprattutto i piccoli Comuni montani quelli con le maggiori carenze in termini di dotazione di servizi essenziali. <\/span><\/span><\/span><\/p>\n<blockquote>\n<p align=\"JUSTIFY\"><em><span style=\"font-size: small; font-family: Verdana, serif;\">Tra gli 8 Comuni con una dotazione di servizi \u201ccritica\u201d troviamo 6 localit\u00e0 bellunesi (Colle Santa Lucia, Ospitale di Cadore, Perarolo di Cadore, San Tomaso Agordino, Soverzene, Zopp\u00e8 di Cadore) e altri due Municipi sempre localizzati in area montana<\/span><\/em><\/p>\n<\/blockquote>\n<p align=\"JUSTIFY\">IL DOCUMENTO COMPLETO, CLICCA E SCARICA<\/p>\n<p align=\"JUSTIFY\"><a href=\"https:\/\/www.radiopiu.net\/wordpress\/bassa-dotazione-di-servizi-in-115-municipi-del-veneto-anche-a-colle-santa-lucia-a-san-tomaso\/comunicato-stampa-veneto-zona-arancione-115-comuni-con-servizi-scarsi-3\/\" rel=\"attachment wp-att-186996\"><strong><span style=\"color: #0000ff;\">CLICCA QUI<\/span><\/strong><\/a><\/p>\n<p align=\"JUSTIFY\">\n","protected":false},"excerpt":{"rendered":"<p>ABITANTI COSTRETTI A USCIRE DAI CONFINI COMUNALI NONOSTANTE LA \u201cZONA ARANCIONE Le deroghe agli spostamenti sono fondamentali per chi vive nei piccoli Comuni, a causa della scarsa dotazione di servizi. Secondo la Fondazione Think Tank Nord Est il piccolo Comune non \u00e8 pi\u00f9 sostenibile: solo la fusione dei Municipi pu\u00f2 garantire i servizi minimi alla&hellip;<\/p>\n","protected":false},"author":4,"featured_media":186997,"comment_status":"closed","ping_status":"closed","sticky":false,"template":"","format":"standard","meta":{"_monsterinsights_skip_tracking":false,"_monsterinsights_sitenote_active":false,"_monsterinsights_sitenote_note":"","_monsterinsights_sitenote_category":0,"footnotes":""},"categories":[51,49],"tags":[],"class_list":["post-186994","post","type-post","status-publish","format-standard","has-post-thumbnail","hentry","category-evidenza-top","category-news-18","category-51","category-49","description-off"],"img_url":"https:\/\/www.radiopiu.net\/wordpress\/wp-content\/uploads\/2021\/01\/download.png","_links":{"self":[{"href":"https:\/\/www.radiopiu.net\/wordpress\/wp-json\/wp\/v2\/posts\/186994","targetHints":{"allow":["GET"]}}],"collection":[{"href":"https:\/\/www.radiopiu.net\/wordpress\/wp-json\/wp\/v2\/posts"}],"about":[{"href":"https:\/\/www.radiopiu.net\/wordpress\/wp-json\/wp\/v2\/types\/post"}],"author":[{"embeddable":true,"href":"https:\/\/www.radiopiu.net\/wordpress\/wp-json\/wp\/v2\/users\/4"}],"replies":[{"embeddable":true,"href":"https:\/\/www.radiopiu.net\/wordpress\/wp-json\/wp\/v2\/comments?post=186994"}],"version-history":[{"count":0,"href":"https:\/\/www.radiopiu.net\/wordpress\/wp-json\/wp\/v2\/posts\/186994\/revisions"}],"wp:featuredmedia":[{"embeddable":true,"href":"https:\/\/www.radiopiu.net\/wordpress\/wp-json\/wp\/v2\/media\/186997"}],"wp:attachment":[{"href":"https:\/\/www.radiopiu.net\/wordpress\/wp-json\/wp\/v2\/media?parent=186994"}],"wp:term":[{"taxonomy":"category","embeddable":true,"href":"https:\/\/www.radiopiu.net\/wordpress\/wp-json\/wp\/v2\/categories?post=186994"},{"taxonomy":"post_tag","embeddable":true,"href":"https:\/\/www.radiopiu.net\/wordpress\/wp-json\/wp\/v2\/tags?post=186994"}],"curies":[{"name":"wp","href":"https:\/\/api.w.org\/{rel}","templated":true}]}}