{"id":187061,"date":"2021-01-27T05:46:42","date_gmt":"2021-01-27T04:46:42","guid":{"rendered":"https:\/\/www.radiopiu.net\/wordpress\/?p=187061"},"modified":"2021-01-27T06:04:38","modified_gmt":"2021-01-27T05:04:38","slug":"rocca-pietore-piange-il-suo-ex-sindaco","status":"publish","type":"post","link":"https:\/\/www.radiopiu.net\/wordpress\/rocca-pietore-piange-il-suo-ex-sindaco\/","title":{"rendered":"ROCCA PIETORE PIANGE IL SUO EX SINDACO"},"content":{"rendered":"<p><strong><a href=\"https:\/\/www.radiopiu.net\/wordpress\/rocca-pietore-piange-il-suo-ex-sindaco\/9862089c-f9de-42a8-ba2b-7627b6eb1dbe\/\" rel=\"attachment wp-att-187062\"><img loading=\"lazy\" decoding=\"async\" class=\"size-medium wp-image-187062 alignleft\" src=\"https:\/\/www.radiopiu.net\/wordpress\/wp-content\/uploads\/2021\/01\/9862089c-f9de-42a8-ba2b-7627b6eb1dbe-225x300.jpg\" alt=\"\" width=\"225\" height=\"300\" srcset=\"https:\/\/www.radiopiu.net\/wordpress\/wp-content\/uploads\/2021\/01\/9862089c-f9de-42a8-ba2b-7627b6eb1dbe-225x300.jpg 225w, https:\/\/www.radiopiu.net\/wordpress\/wp-content\/uploads\/2021\/01\/9862089c-f9de-42a8-ba2b-7627b6eb1dbe-768x1023.jpg 768w, https:\/\/www.radiopiu.net\/wordpress\/wp-content\/uploads\/2021\/01\/9862089c-f9de-42a8-ba2b-7627b6eb1dbe-1153x1536.jpg 1153w, https:\/\/www.radiopiu.net\/wordpress\/wp-content\/uploads\/2021\/01\/9862089c-f9de-42a8-ba2b-7627b6eb1dbe.jpg 1200w\" sizes=\"auto, (max-width: 225px) 100vw, 225px\" \/><\/a>ROCCA PIETORE<\/strong> Il sindaco Andrea De Bernardin ha informato la sua comunit\u00e0 della scomparsa del geometra Massimo De Vallier, gi\u00e0 sindaco di Rocca Pietore per 10 anni dal 1990 al 1999 ai tempi dell&#8217;amicizia con l&#8217;allora Presidente della Comunit\u00e0 Montana e consigliere <a href=\"https:\/\/www.radiopiu.net\/wordpress\/rocca-pietore-piange-il-suo-ex-sindaco\/8647d982-98b9-45cf-98fc-f6273c72f5f4\/\" rel=\"attachment wp-att-187114\"><img loading=\"lazy\" decoding=\"async\" class=\"size-medium wp-image-187114 alignright\" src=\"https:\/\/www.radiopiu.net\/wordpress\/wp-content\/uploads\/2021\/01\/8647d982-98b9-45cf-98fc-f6273c72f5f4-135x300.jpg\" alt=\"\" width=\"135\" height=\"300\" srcset=\"https:\/\/www.radiopiu.net\/wordpress\/wp-content\/uploads\/2021\/01\/8647d982-98b9-45cf-98fc-f6273c72f5f4-135x300.jpg 135w, https:\/\/www.radiopiu.net\/wordpress\/wp-content\/uploads\/2021\/01\/8647d982-98b9-45cf-98fc-f6273c72f5f4-461x1024.jpg 461w, https:\/\/www.radiopiu.net\/wordpress\/wp-content\/uploads\/2021\/01\/8647d982-98b9-45cf-98fc-f6273c72f5f4-691x1536.jpg 691w, https:\/\/www.radiopiu.net\/wordpress\/wp-content\/uploads\/2021\/01\/8647d982-98b9-45cf-98fc-f6273c72f5f4.jpg 720w\" sizes=\"auto, (max-width: 135px) 100vw, 135px\" \/><\/a>comunale Elio Daur\u00f9. e stimato professionista con ufficio immobiliare in centro a Caprile (Agenzia Marmolada) dove lavora anche la moglie\u00a0 Claudia. Un lutto che ha scosso la comunit\u00e0.<\/p>\n<p>Il sindaco\u00a0<em>&#8220;Sono in ufficio a Rocca. Fino a pochi minuti fa ero collegato in video conferenza per una delle numerose riunioni on line. Nel mentre ho ricevuto la telefonata del nostro medico Dott. Allegro che mi informa della morte dell&#8217;ex Sindaco di Rocca Pietore Massimo De Vallier. \u00c8 grande il dispiacere di tutti qui in municipio. Alla sua famiglia, alla moglie Claudia al figlio Marco vanno le mie pi\u00f9 sentite condoglianze e a lui va il mio pensiero ad un collega che mi ha preceduto e che ha &#8220;abitato&#8221; questo ufficio dal 1990 al 1999. Erano parecchi giorni che era ricoverato in rianimazione a causa del Covid ma la mia speranza era che tornasse a stare bene e a continuare il suo lavoro nel suo ufficio di Caprile. Se non erro Massimo era del 1956, persona sempre curata e attenta e che si portava bene i suoi 65 anni. Mi dispiace davvero tanto. Ciao Sindaco Massimo&#8221;<br \/>\n<\/em>Nella foto con l&#8217;allora Presidente della Repubblica Francesco Cossiga<\/p>\n<p>&nbsp;<\/p>\n<p>IL RICORDO DEL SINDACO ANDREA DE BERNARDIN ALLA RADIO<\/p>\n<audio class=\"wp-audio-shortcode\" id=\"audio-187061-1\" preload=\"none\" style=\"width: 100%;\" controls=\"controls\"><source type=\"audio\/mpeg\" src=\"https:\/\/www.radiopiu.net\/wordpress\/wp-content\/uploads\/2021\/01\/andrea-1.mp3?_=1\" \/><a href=\"https:\/\/www.radiopiu.net\/wordpress\/wp-content\/uploads\/2021\/01\/andrea-1.mp3\">https:\/\/www.radiopiu.net\/wordpress\/wp-content\/uploads\/2021\/01\/andrea-1.mp3<\/a><\/audio>\n<blockquote><p>&nbsp;<\/p>\n<p><strong>Michele Costa Sindaco di Falcade<\/strong><em> Non conoscevo l&#8217;ex Sindaco, ma sono molto dispiaciuto per la sua morte. La Comunit\u00e0 rocchesana per prima, ma insieme tutto l&#8217;Agordino perdono una persona che si \u00e8 impegnata per la propria gente e che a causa di questo tremendo virus se n&#8217;\u00e8 andata troppo presto. Le mie condoglianze ai famigliari e un saluto e un grazie a questo Amministratore.<\/em><\/p><\/blockquote>\n","protected":false},"excerpt":{"rendered":"<p>ROCCA PIETORE Il sindaco Andrea De Bernardin ha informato la sua comunit\u00e0 della scomparsa del geometra Massimo De Vallier, gi\u00e0 sindaco di Rocca Pietore per 10 anni dal 1990 al 1999 ai tempi dell&#8217;amicizia con l&#8217;allora Presidente della Comunit\u00e0 Montana e consigliere comunale Elio Daur\u00f9. e stimato professionista con ufficio immobiliare in centro a Caprile&hellip;<\/p>\n","protected":false},"author":4,"featured_media":187062,"comment_status":"closed","ping_status":"closed","sticky":false,"template":"","format":"standard","meta":{"_monsterinsights_skip_tracking":false,"_monsterinsights_sitenote_active":false,"_monsterinsights_sitenote_note":"","_monsterinsights_sitenote_category":0,"footnotes":""},"categories":[51,49],"tags":[],"class_list":["post-187061","post","type-post","status-publish","format-standard","has-post-thumbnail","hentry","category-evidenza-top","category-news-18","category-51","category-49","description-off"],"img_url":"https:\/\/www.radiopiu.net\/wordpress\/wp-content\/uploads\/2021\/01\/9862089c-f9de-42a8-ba2b-7627b6eb1dbe.jpg","_links":{"self":[{"href":"https:\/\/www.radiopiu.net\/wordpress\/wp-json\/wp\/v2\/posts\/187061","targetHints":{"allow":["GET"]}}],"collection":[{"href":"https:\/\/www.radiopiu.net\/wordpress\/wp-json\/wp\/v2\/posts"}],"about":[{"href":"https:\/\/www.radiopiu.net\/wordpress\/wp-json\/wp\/v2\/types\/post"}],"author":[{"embeddable":true,"href":"https:\/\/www.radiopiu.net\/wordpress\/wp-json\/wp\/v2\/users\/4"}],"replies":[{"embeddable":true,"href":"https:\/\/www.radiopiu.net\/wordpress\/wp-json\/wp\/v2\/comments?post=187061"}],"version-history":[{"count":0,"href":"https:\/\/www.radiopiu.net\/wordpress\/wp-json\/wp\/v2\/posts\/187061\/revisions"}],"wp:featuredmedia":[{"embeddable":true,"href":"https:\/\/www.radiopiu.net\/wordpress\/wp-json\/wp\/v2\/media\/187062"}],"wp:attachment":[{"href":"https:\/\/www.radiopiu.net\/wordpress\/wp-json\/wp\/v2\/media?parent=187061"}],"wp:term":[{"taxonomy":"category","embeddable":true,"href":"https:\/\/www.radiopiu.net\/wordpress\/wp-json\/wp\/v2\/categories?post=187061"},{"taxonomy":"post_tag","embeddable":true,"href":"https:\/\/www.radiopiu.net\/wordpress\/wp-json\/wp\/v2\/tags?post=187061"}],"curies":[{"name":"wp","href":"https:\/\/api.w.org\/{rel}","templated":true}]}}