{"id":187094,"date":"2021-01-28T05:40:46","date_gmt":"2021-01-28T04:40:46","guid":{"rendered":"https:\/\/www.radiopiu.net\/wordpress\/?p=187094"},"modified":"2021-01-28T10:00:24","modified_gmt":"2021-01-28T09:00:24","slug":"giornale-radiopiu-28-gennaio-2021-direttore-mirko-mezzacasa","status":"publish","type":"post","link":"https:\/\/www.radiopiu.net\/wordpress\/giornale-radiopiu-28-gennaio-2021-direttore-mirko-mezzacasa\/","title":{"rendered":"GIORNALE RADIOPIU 28 GENNAIO 2021 DIRETTORE MIRKO MEZZACASA"},"content":{"rendered":"<h3><a href=\"https:\/\/www.radiopiu.net\/wordpress\/giornale-radiopiu-24-gennaio-2021-direttore-mirko-mezzacasa\/141433770_171616291414874_2957460898102012198_n\/\" rel=\"attachment wp-att-186566\"><img loading=\"lazy\" decoding=\"async\" class=\"wp-image-186566 alignleft\" src=\"https:\/\/www.radiopiu.net\/wordpress\/wp-content\/uploads\/2021\/01\/141433770_171616291414874_2957460898102012198_n-300x300.jpg\" alt=\"\" width=\"144\" height=\"144\" srcset=\"https:\/\/www.radiopiu.net\/wordpress\/wp-content\/uploads\/2021\/01\/141433770_171616291414874_2957460898102012198_n-300x300.jpg 300w, https:\/\/www.radiopiu.net\/wordpress\/wp-content\/uploads\/2021\/01\/141433770_171616291414874_2957460898102012198_n-150x150.jpg 150w, https:\/\/www.radiopiu.net\/wordpress\/wp-content\/uploads\/2021\/01\/141433770_171616291414874_2957460898102012198_n-768x768.jpg 768w, https:\/\/www.radiopiu.net\/wordpress\/wp-content\/uploads\/2021\/01\/141433770_171616291414874_2957460898102012198_n.jpg 800w\" sizes=\"auto, (max-width: 144px) 100vw, 144px\" \/><\/a>PER<strong> RICEVERE QUESTO NOTIZIARIO DIRETTAMENTE SUL TUO CELLULARE ISCRIVITI AL CANALE TELEGRAM <\/strong><strong>\u201cRADIO PIU\u00a0 INFORMAZIONE&#8221;\u00a0<\/strong><\/h3>\n<h3>SUPERATI I 3000 ISCRITTI, il CANALE TELEGRAM&#8230; UNISCITI A: RADIO PIU INFORMAZIONE<\/h3>\n<p>&nbsp;<\/p>\n<p><em><a href=\"https:\/\/www.radiopiu.net\/wordpress\/giornale-radiopiu-24-gennaio-2021-direttore-mirko-mezzacasa\/79216601_126817312416448_708980208774483089_n\/\" rel=\"attachment wp-att-186567\"><img loading=\"lazy\" decoding=\"async\" class=\"size-medium wp-image-186567 alignright\" src=\"https:\/\/www.radiopiu.net\/wordpress\/wp-content\/uploads\/2021\/01\/79216601_126817312416448_708980208774483089_n-300x114.jpg\" alt=\"\" width=\"300\" height=\"114\" srcset=\"https:\/\/www.radiopiu.net\/wordpress\/wp-content\/uploads\/2021\/01\/79216601_126817312416448_708980208774483089_n-300x114.jpg 300w, https:\/\/www.radiopiu.net\/wordpress\/wp-content\/uploads\/2021\/01\/79216601_126817312416448_708980208774483089_n-768x292.jpg 768w, https:\/\/www.radiopiu.net\/wordpress\/wp-content\/uploads\/2021\/01\/79216601_126817312416448_708980208774483089_n.jpg 820w\" sizes=\"auto, (max-width: 300px) 100vw, 300px\" \/><\/a><span style=\"color: #ff0000;\">ATTENZIONE: LA NUOVA APP PER IOS-IPHONE di Nicola Vettorello <\/span><\/em><a href=\"https:\/\/apps.apple.com\/it\/app\/radio-pi%C3%B9-emittente-agordina\/id1515939845\">https:\/\/apps.apple.com\/it\/app\/radio-pi%C3%B9-emittente-agordina\/id1515939845<\/a> <em style=\"color: #ff0000;\">ATTENZIONE: LA NUOVA APP RADIO\u00a0 PER ANDROID di Nicola Vettorello<\/em><\/p>\n<p><a href=\"https:\/\/play.google.com\/store\/apps\/details?id=net.radiopiu.iniko\" target=\"_blank\" rel=\"noopener noreferrer\">https:\/\/play.google.com\/store\/apps\/details?id=net.radiopiu.iniko<\/a><\/p>\n<p>&nbsp;<\/p>\n<p>&nbsp;<\/p>\n<hr \/>\n<h1><strong>ULTIM&#8217;ORA<\/strong><\/h1>\n<blockquote class=\"wp-embedded-content\" data-secret=\"mPQq81qtnS\"><p><a href=\"https:\/\/www.radiopiu.net\/wordpress\/gigi-corazza-ci-ha-lasciato-lultimo-viaggio-dalla-sua-agordo\/\">GIGI CORAZZA CI HA LASCIATO, L&#8217;ULTIMO VIAGGIO DALLA SUA AGORDO<\/a><\/p><\/blockquote>\n<p><iframe loading=\"lazy\" class=\"wp-embedded-content\" sandbox=\"allow-scripts\" security=\"restricted\" style=\"position: absolute; clip: rect(1px, 1px, 1px, 1px);\" title=\"&#8220;GIGI CORAZZA CI HA LASCIATO, L&#8217;ULTIMO VIAGGIO DALLA SUA AGORDO&#8221; &#8212; Radio Pi\u00f9\" src=\"https:\/\/www.radiopiu.net\/wordpress\/gigi-corazza-ci-ha-lasciato-lultimo-viaggio-dalla-sua-agordo\/embed\/#?secret=mPQq81qtnS\" data-secret=\"mPQq81qtnS\" width=\"600\" height=\"338\" frameborder=\"0\" marginwidth=\"0\" marginheight=\"0\" scrolling=\"no\"><\/iframe><\/p>\n<p>&nbsp;<\/p>\n<hr \/>\n<blockquote><p><span style=\"color: #0000ff;\">OGGI ALLA RADIO: ALLE 10 IL NUOVO APPUNTAMENTO &#8220;SEI A CASA&#8221; CON LUCIA SOCCOL GIEMME IMMOBILIARE AGORDO; 10.30 FANTASTICHE DOLOMITI, QUINDICINALE APPUNTAMENTO CON CLAUDIO CANOVA. 16 CONOSCIAMO LA CORALE DI LIMANA, LE INTERVISTE DI SILVIA BALDO. ALLE 15.10 prima parte GLI SPECIALI DI GIANNI SANTOMASO CON I GIOVANI ALLEVATORI AGORDINI.<\/span><\/p><\/blockquote>\n<p>&nbsp;<\/p>\n<p><strong>SMARRITO L&#8217;ANELLO DI GRANDE VALORE AFFETTIVO<\/strong><\/p>\n<p><strong><img loading=\"lazy\" decoding=\"async\" class=\"alignleft\" src=\"https:\/\/www.radiopiu.net\/wordpress\/wp-content\/uploads\/2021\/01\/white_pra_horizantly_w2_2-300x300.jpg\" width=\"59\" height=\"59\" \/>AGORDO<\/strong> In Luxottica ad Agordo, probabilmente in zona stamperia \u00e8 stato smarrito un anello\u00a0 in oro bianco, manca da ieri pomeriggio dopo il passaggio al\u00a0 checkpoint. Anello di grande valore affettivo. Chi avesse notizie dovrebbe mettersi in contatto con: 334 580 5447<\/p>\n<p>&nbsp;<\/p>\n<hr \/>\n<p>&nbsp;<\/p>\n<blockquote>\n<h3>EPIDEMIA NELL&#8217;AGORDINO, ALCUNI\u00a0 SINDACI INFORMANO<\/h3>\n<p>prima cifra positivi, seconda isolamento, tra parentesi la variazione nelle 24 ore.<\/p><\/blockquote>\n<p><strong>FALCADE<\/strong>\u00a0 24 (+2)\u00a0 23 (-2)\u00a0 <strong>AGORDO<\/strong> 11 (-1) 0 (-1) <strong>TAIBON<\/strong> 16 (+3)\u00a0 15\u00a0 (-2)<strong> COLLE SANTA LUCIA<\/strong> 1 (0) 0 (0) ultimo aggiornamento del sito comunale 26 gennaio <strong>GOSALDO<\/strong> 3 (0) 2 (0)<\/p>\n<p>&nbsp;<\/p>\n<hr \/>\n<h3>\u00a0DA DOMENICA VENETO IN GIALLO? PER ORA UNA SPERANZA. IL 15 RIPARTE LA STAGIONE DELLO SCI? COSI&#8217; SI MORMORA. INTANTO OGGI GLI IMPRENDITORI TURISTICI METTONO IN ATTO UN SECONDO FLASH MOB, TURISMO E COMMERCIO IN PIAZZA DA TAMONICH DI AGORDO AD AURONZO DA ROCCA PIETORE AD ASIAGO<\/h3>\n<p><span class=\"im_message_author_wrap\"><strong><a class=\"im_message_author\">&#x1f9a0; CORONAVIRUS NEWS || ITA<\/a><\/strong><span class=\"copyonly\">: <\/span><\/span>Venerd\u00ec i nuovi colori delle Regioni: la Lombardia rimane in arancione. Rischiano di rimanere arancioni anche Lazio e Piemonte. Veneto, Emilia e Calabria potrebbero passare in giallo Veneto verso il colore giallo polenta, forse gi\u00e0 da domenica. Lunedi riaprono le scuole (50% in presenza alle superiori), dopo 3 settimane in arancione quindi potrebbero riaprire musei, bar, ristoranti. Gli indicatori non mentono con l&#8217;indice di contagio Rt sceso a 0,62, in continua diminuzione il numero dei ricoveri e in aumento i decessi giornalieri.<\/p>\n<blockquote>\n<h3><\/h3>\n<h3>UN DECESSO E 46 NUOVI POSITIVI IN ULSS 1 DOLOMITI<\/h3>\n<\/blockquote>\n<p><strong>BELLUNO <\/strong>Nelle ultime 24 ore \u00e8 deceduto un uomo covid positivo di anni 64 ricoverato in Rianimazione a Belluno. Sono 46 le nuove positivit\u00e0 in Ulss 1 Dolomiti.<\/p>\n<p><strong>Ricoveri \u00a0\u00a0\u00a0\u00a0\u00a0\u00a0\u00a0\u00a0\u00a0\u00a0\u00a0\u00a0\u00a0\u00a0\u00a0\u00a0\u00a0\u00a0\u00a0\u00a0\u00a0\u00a0\u00a0\u00a0\u00a0\u00a0\u00a0\u00a0\u00a0\u00a0\u00a0\u00a0\u00a0 <\/strong><\/p>\n<p><em>(dato alle ore 17.00 fonte: Azienda Zero)<\/em><\/p>\n<p>Le persone attualmente POSITIVE ricoverate negli ospedali dell\u2019Ulss Dolomiti sono:<\/p>\n<table>\n<tbody>\n<tr>\n<td width=\"217\"><strong>\u00a0<\/strong><\/td>\n<td width=\"217\"><strong>Area NON CRITICA<\/strong><\/td>\n<td width=\"217\"><strong>Terapia Intensiva<\/strong><\/td>\n<\/tr>\n<tr>\n<td width=\"217\"><strong>Ospedale di Belluno <\/strong><\/td>\n<td width=\"217\">37<\/td>\n<td width=\"217\">1<\/td>\n<\/tr>\n<tr>\n<td width=\"217\"><strong>Ospedale di Feltre<\/strong><\/td>\n<td width=\"217\">26<\/td>\n<td width=\"217\">6<\/td>\n<\/tr>\n<\/tbody>\n<\/table>\n<p>&nbsp;<\/p>\n<p>Le persone attualmente POSITIVE ricoverate in Ospedale di Comunit\u00e0 sono:<\/p>\n<table>\n<tbody>\n<tr>\n<td width=\"326\"><strong>\u00a0<\/strong><\/td>\n<td width=\"326\"><strong>pazienti attualmente positivi<\/strong><\/td>\n<\/tr>\n<tr>\n<td width=\"326\"><strong>Ospedale di Comunit\u00e0 di BELLUNO<\/strong><\/td>\n<td width=\"326\">7<\/td>\n<\/tr>\n<tr>\n<td width=\"326\"><strong>Ospedale di Comunit\u00e0 di FELTRE<\/strong><\/td>\n<td width=\"326\">9<\/td>\n<\/tr>\n<\/tbody>\n<\/table>\n<p>&nbsp;<\/p>\n<hr \/>\n<p>&nbsp;<\/p>\n<blockquote>\n<h3>NUOVI ORARI CALL CENTER COVID DAL 1\u00b0 FEBBRAIO 2021<\/h3>\n<\/blockquote>\n<p><strong><a href=\"https:\/\/www.radiopiu.net\/wordpress\/giornale-radiopiu-26-gennaio-2021-direttore-mirko-mezzacasa\/numero-covid_febbraio-2021\/\" rel=\"attachment wp-att-186852\"><img loading=\"lazy\" decoding=\"async\" class=\"wp-image-186852 alignleft\" src=\"https:\/\/www.radiopiu.net\/wordpress\/wp-content\/uploads\/2021\/01\/numero-covid_febbraio-2021-300x212.jpg\" alt=\"\" width=\"202\" height=\"143\" srcset=\"https:\/\/www.radiopiu.net\/wordpress\/wp-content\/uploads\/2021\/01\/numero-covid_febbraio-2021-300x212.jpg 300w, https:\/\/www.radiopiu.net\/wordpress\/wp-content\/uploads\/2021\/01\/numero-covid_febbraio-2021-1024x724.jpg 1024w, https:\/\/www.radiopiu.net\/wordpress\/wp-content\/uploads\/2021\/01\/numero-covid_febbraio-2021-768x543.jpg 768w, https:\/\/www.radiopiu.net\/wordpress\/wp-content\/uploads\/2021\/01\/numero-covid_febbraio-2021-1536x1086.jpg 1536w, https:\/\/www.radiopiu.net\/wordpress\/wp-content\/uploads\/2021\/01\/numero-covid_febbraio-2021.jpg 2000w\" sizes=\"auto, (max-width: 202px) 100vw, 202px\" \/><\/a> <\/strong><\/p>\n<p><strong>\u00a0<\/strong><\/p>\n<p><strong>BELLUNO <\/strong>L&#8217;importante rallentamento epidemico registrato nelle ultime settimane e la conseguente forte riduzione delle telefonate con richiesta di informazioni da parte dei cittadini, consentono di rimodulare giorni ed orari di attivit\u00e0 del CALL CENTER COVID Dal 1\u00b0 febbraio 2021 lo 0437\/514343 sar\u00e0 attivo dalle 8 alle 18 da luned\u00ec a sabato.<\/p>\n<p>&nbsp;<\/p>\n<p>&nbsp;<\/p>\n<p>&nbsp;<\/p>\n<hr \/>\n<p>&nbsp;<\/p>\n<blockquote>\n<h3>CHIUSURA A FASCE ORARIE PER LA PROVINCIALE 3 DI VAL IMPERINA<\/h3>\n<\/blockquote>\n<p><strong><a class=\"dt-pswp-item\" href=\"https:\/\/www.radiopiu.net\/wordpress\/wp-content\/uploads\/2021\/01\/f6b38d60-1af7-4f48-b951-811678b557c9.jpg\" data-dt-img-description=\"\" data-large_image_width=\"240\" data-large_image_height=\"320\"><img loading=\"lazy\" decoding=\"async\" class=\"size-medium wp-image-187336 alignleft\" src=\"https:\/\/www.radiopiu.net\/wordpress\/wp-content\/uploads\/2021\/01\/f6b38d60-1af7-4f48-b951-811678b557c9-225x300.jpg\" alt=\"\" width=\"225\" height=\"300\" srcset=\"https:\/\/www.radiopiu.net\/wordpress\/wp-content\/uploads\/2021\/01\/f6b38d60-1af7-4f48-b951-811678b557c9-225x300.jpg 225w, https:\/\/www.radiopiu.net\/wordpress\/wp-content\/uploads\/2021\/01\/f6b38d60-1af7-4f48-b951-811678b557c9.jpg 240w\" sizes=\"auto, (max-width: 225px) 100vw, 225px\" \/><\/a>GOSALDO<\/strong> Per lavori di messa in sicurezza la provinciale 3 di Val Imperina tra Forcella Franche e Vallasin chiude totalmente\u00a0 (fino al 24 febbraio) con esclusione dei giorni festivi e prefestivi. Sar\u00e0 chiusa dalle 8 alle 12.45; dalle 13.45 alle 15.50 e dalle 16.10 alle 17.45. Nei periodi non interessati dalla chiusura compresi sabato e domenica senso unico alternato regolato da semaforo.<\/p>\n<p><strong>PROVINCIALE 2 VALLE DEL MIS<\/strong>: Fino al 25 marzo, compresi sabato e domenica\u00a0 senso unico alternato in localit\u00e0 Curti.<\/p>\n<p>&nbsp;<\/p>\n<p><span style=\"color: #0000ff;\">FOTO VANIA, TELEGRAM &#8211; VIABILITA&#8217; PROVINCIA BELLUNO<\/span><\/p>\n<p>&nbsp;<\/p>\n<p>&nbsp;<\/p>\n<p>&nbsp;<\/p>\n<p>&nbsp;<\/p>\n<hr \/>\n<p>&nbsp;<\/p>\n<blockquote>\n<h3>ACQUA NON POTABILE AD AGORDO E TAIBON<\/h3>\n<\/blockquote>\n<p><strong><a href=\"https:\/\/www.radiopiu.net\/wordpress\/giornale-radiopiu-09-agosto-2018-direttore-mirko-mezzacasa\/acqua\/\" rel=\"attachment wp-att-57052\"><img loading=\"lazy\" decoding=\"async\" class=\" wp-image-57052 alignleft\" src=\"https:\/\/www.radiopiu.net\/wordpress\/wp-content\/uploads\/2018\/08\/ACQUA-300x180.jpeg\" alt=\"\" width=\"199\" height=\"119\" srcset=\"https:\/\/www.radiopiu.net\/wordpress\/wp-content\/uploads\/2018\/08\/ACQUA-300x180.jpeg 300w, https:\/\/www.radiopiu.net\/wordpress\/wp-content\/uploads\/2018\/08\/ACQUA-768x461.jpeg 768w, https:\/\/www.radiopiu.net\/wordpress\/wp-content\/uploads\/2018\/08\/ACQUA-1024x614.jpeg 1024w, https:\/\/www.radiopiu.net\/wordpress\/wp-content\/uploads\/2018\/08\/ACQUA.jpeg 1280w\" sizes=\"auto, (max-width: 199px) 100vw, 199px\" \/><\/a>AGORDO<\/strong> Gestione Servizi Pubblici informa che ad AGORDO nelle LOCALITA&#8217; PARECH, PROMPICAI e TOCCOL, l&#8217;acqua erogata dall&#8217;acquedotto non \u00e8 potabile e pu\u00f2 essere usata per scopi alimentari SOLO PREVIA bollitura. GSP ha, comunque, gi\u00e0 adottato le necessarie misure per la disinfezione dell&#8217;acqua presente nei serbatoi e nella rete idrica con l&#8217;aggiunta di cloro.<\/p>\n<p>Anche a <strong>TAIBON AGORDINO<\/strong> nelle localit\u00e0 RONCH DE BUOS e NOGAROLA, l&#8217;acqua erogata dall&#8217;acquedotto non \u00e8 potabile e pu\u00f2 essere usata per scopi alimentari SOLO PREVIA bollitura<\/p>\n<p>&nbsp;<\/p>\n<hr \/>\n<p>&nbsp;<\/p>\n<blockquote>\n<h3>COVID: ULSS1 ALLA FRUSTA MA LA PRESSIONE NON HA MAI RAGGIUNTO LIVELLI DI GUARDIA, OSPITE IL DOTTOR SANDRO CINQUETTI<\/h3>\n<\/blockquote>\n<p><strong><a class=\"dt-pswp-item\" href=\"https:\/\/www.radiopiu.net\/wordpress\/wp-content\/uploads\/2020\/11\/cinquetti.jpg\" data-dt-img-description=\"\" data-large_image_width=\"600\" data-large_image_height=\"800\"><img loading=\"lazy\" decoding=\"async\" class=\" wp-image-171790 alignleft\" src=\"https:\/\/www.radiopiu.net\/wordpress\/wp-content\/uploads\/2020\/11\/cinquetti-225x300.jpg\" alt=\"\" width=\"172\" height=\"229\" srcset=\"https:\/\/www.radiopiu.net\/wordpress\/wp-content\/uploads\/2020\/11\/cinquetti-225x300.jpg 225w, https:\/\/www.radiopiu.net\/wordpress\/wp-content\/uploads\/2020\/11\/cinquetti.jpg 600w\" sizes=\"auto, (max-width: 172px) 100vw, 172px\" \/><\/a><\/strong><\/p>\n<p><strong>BELLUNO<\/strong> Sandro Cinquetti, professionista di ampia fama anche a livello nazionale in ambito preventivo, \u00e8 il\u00a0 direttore del Servizio Igiene e Sanit\u00e0 Pubblica (SISP) dell\u2019Ulss Dolomiti. Classe 1957, veronese di nascita, trevigiano di adozione, dopo la maturit\u00e0 scientifica conseguita nel 1976, si \u00e8 laureato in Medicina e Chirurgia nel 1982 all\u2019Universit\u00e0 degli Studi di Padova e si \u00e8 successivamente specializzato in Ematologia Generale (1985), in Igiene e Medicina Preventiva (1989) e in Medicina Legale (1993). Cinquetti \u00e8 stato\u00a0 Coordinatore Responsabile del Coordinamento Regionale per la Prevenzione e il Controllo delle Malattie (CCMR) e Coordinatore Responsabile del Coordinamento Regionale per gli Screening Oncologici (CRSC) della Regione del Veneto.<\/p>\n<p>&nbsp;<\/p>\n<p><strong>AUDIO, DAI NOTIZIARI DEL 27 GENNAIO 2021<\/strong><\/p>\n<audio class=\"wp-audio-shortcode\" id=\"audio-187094-1\" preload=\"none\" style=\"width: 100%;\" controls=\"controls\"><source type=\"audio\/mpeg\" src=\"https:\/\/www.radiopiu.net\/wordpress\/wp-content\/uploads\/2021\/01\/SANDRO-CINQUE.mp3?_=1\" \/><a href=\"https:\/\/www.radiopiu.net\/wordpress\/wp-content\/uploads\/2021\/01\/SANDRO-CINQUE.mp3\">https:\/\/www.radiopiu.net\/wordpress\/wp-content\/uploads\/2021\/01\/SANDRO-CINQUE.mp3<\/a><\/audio>\n<h3><\/h3>\n<h3><span style=\"color: #ff0000;\">intervista precedente, 10 novembre<\/span><\/h3>\n<p>COVID 19, E NELL&#8217;AGORDINO COME VA? NE PARLIAMO CON IL DOTTOR SANDRO CINQUETTI<\/p>\n<p><strong>AI MICROFONI DI RADIO PIU<\/strong><\/p>\n<audio class=\"wp-audio-shortcode\" id=\"audio-187094-2\" preload=\"none\" style=\"width: 100%;\" controls=\"controls\"><source type=\"audio\/mpeg\" src=\"https:\/\/www.radiopiu.net\/wordpress\/wp-content\/uploads\/2020\/11\/CINQUETTI.mp3?_=2\" \/><a href=\"https:\/\/www.radiopiu.net\/wordpress\/wp-content\/uploads\/2020\/11\/CINQUETTI.mp3\">https:\/\/www.radiopiu.net\/wordpress\/wp-content\/uploads\/2020\/11\/CINQUETTI.mp3<\/a><\/audio>\n<p>&nbsp;<\/p>\n<p>&nbsp;<\/p>\n<p>&nbsp;<\/p>\n<hr \/>\n<p>&nbsp;<\/p>\n<blockquote>\n<h3>OGGI IL FLASH MOB DEGLI OPERATORI ECONOMICI A LIVELLO PROVINCIALE<\/h3>\n<\/blockquote>\n<p><a href=\"https:\/\/www.radiopiu.net\/wordpress\/la-silenziosa-protesta-degli-operatori-del-turismo\/b4560d98-e9c0-451e-a2e7-a577cd3d6e35\/\" rel=\"attachment wp-att-185637\"><img loading=\"lazy\" decoding=\"async\" class=\"size-medium wp-image-185637 alignleft\" src=\"https:\/\/www.radiopiu.net\/wordpress\/wp-content\/uploads\/2021\/01\/b4560d98-e9c0-451e-a2e7-a577cd3d6e35-300x225.jpg\" alt=\"\" width=\"300\" height=\"225\" srcset=\"https:\/\/www.radiopiu.net\/wordpress\/wp-content\/uploads\/2021\/01\/b4560d98-e9c0-451e-a2e7-a577cd3d6e35-300x225.jpg 300w, https:\/\/www.radiopiu.net\/wordpress\/wp-content\/uploads\/2021\/01\/b4560d98-e9c0-451e-a2e7-a577cd3d6e35-768x576.jpg 768w, https:\/\/www.radiopiu.net\/wordpress\/wp-content\/uploads\/2021\/01\/b4560d98-e9c0-451e-a2e7-a577cd3d6e35.jpg 1024w\" sizes=\"auto, (max-width: 300px) 100vw, 300px\" \/><\/a>di Gianni Santomaso<\/p>\n<audio class=\"wp-audio-shortcode\" id=\"audio-187094-3\" preload=\"none\" style=\"width: 100%;\" controls=\"controls\"><source type=\"audio\/mpeg\" src=\"https:\/\/www.radiopiu.net\/wordpress\/wp-content\/uploads\/2021\/01\/GIANNI-FLASH-MOB-OPERATORI-ECONOMICI.mp3?_=3\" \/><a href=\"https:\/\/www.radiopiu.net\/wordpress\/wp-content\/uploads\/2021\/01\/GIANNI-FLASH-MOB-OPERATORI-ECONOMICI.mp3\">https:\/\/www.radiopiu.net\/wordpress\/wp-content\/uploads\/2021\/01\/GIANNI-FLASH-MOB-OPERATORI-ECONOMICI.mp3<\/a><\/audio>\n<p>&nbsp;<\/p>\n<blockquote class=\"wp-embedded-content\" data-secret=\"gFHBtIXkUF\"><p><a href=\"https:\/\/www.radiopiu.net\/wordpress\/la-silenziosa-protesta-degli-operatori-del-turismo\/\">LA SILENZIOSA PROTESTA DEGLI OPERATORI DEL TURISMO<\/a><\/p><\/blockquote>\n<p><iframe loading=\"lazy\" class=\"wp-embedded-content\" sandbox=\"allow-scripts\" security=\"restricted\" style=\"position: absolute; clip: rect(1px, 1px, 1px, 1px);\" title=\"&#8220;LA SILENZIOSA PROTESTA DEGLI OPERATORI DEL TURISMO&#8221; &#8212; Radio Pi\u00f9\" src=\"https:\/\/www.radiopiu.net\/wordpress\/la-silenziosa-protesta-degli-operatori-del-turismo\/embed\/#?secret=gFHBtIXkUF\" data-secret=\"gFHBtIXkUF\" width=\"600\" height=\"338\" frameborder=\"0\" marginwidth=\"0\" marginheight=\"0\" scrolling=\"no\"><\/iframe><\/p>\n<p>&nbsp;<\/p>\n<p>&nbsp;<\/p>\n<p>&nbsp;<\/p>\n<hr \/>\n<p>&nbsp;<\/p>\n<blockquote>\n<h3>IL CAMIONISTA NON PUO&#8217; FERMARMI NEANCHE PER ANDARE IN BAGNO, MA SOLO A BELLUNO<\/h3>\n<\/blockquote>\n<p><strong><img loading=\"lazy\" decoding=\"async\" class=\"alignleft\" src=\"https:\/\/www.radiopiu.net\/wordpress\/wp-content\/uploads\/2021\/01\/transportation-1495618__340.jpg\" width=\"317\" height=\"211\" \/>BELLUNO<\/strong> Dopo il caso Alto Adige con ristoranti e bar aperti in zona rossa contrariamente a quanto previsto dai DPCM e dalla regole della Repubblica Italiana ecco il caso dei camionisti costretti a mangiare al sacco e fare i propri bisogni all&#8217;aria aperta lontano da occhi indiscreti, l&#8217;alternativa \u00e8 il pannolone o il wc portatile perch\u00e9 quello del bar o del ristorante \u00e8 off limits e bagni pubblici ne sono rimasti ben pochi di aperti. Il Deputato di Forza Italia Dario Bond anticipa che trasferir\u00e0 la questione al Ministero della Salute e all&#8217;Ufficio dell&#8217;Interno per capire se una nota della Prefettura di Belluno sia fonte di discriminazione oppure, se corretta, quelle di altre zone del Veneto \u00a0qualcuno ha deciso di strafare con le restrizioni, anche di fronte a possibilit\u00e0 concesse dal legislatore nazionale. Solo che a rimetterci sono i lavoratori.\u00a0<em> \u00abSe gli operai di una ditta entrano in un ristorante convenzionato, possono mangiare e usare i servizi igienici. Se lo fa un camionista, un professionista singolo o il titolare di un\u2019impresa, invece no. E solo a Belluno, perch\u00e9 nelle altre province venete funziona in un\u2019altra maniera. Tutto a causa di un\u2019interpretazione della norma data dalla Prefettura. E il rischio \u00e8 di discriminare una parte dei lavoratori\u00bb.<\/em> \u00c8 quanto afferma il deputato di Forza Italia Dario Bond, che nelle ultime ore ha ricevuto parecchie segnalazioni relativamente all\u2019attivit\u00e0 di ristorazione in favore dei lavoratori. In una nota del 25 gennaio contenente chiarimenti in materia di servizio mensa reso dai ristoranti, la Prefettura di Belluno dice che \u201ci pubblici esercizi possono erogare il servizio mensa in favore dei lavoratori di aziende con le quali sia in essere un rapporto contrattuale per la somministrazione di cibi e bevande\u201d. Di fatto, si tratta di una convenzione. La stessa nota per\u00f2 dice anche che \u201cnon \u00e8 consentita, in quanto non riconducibile alle attivit\u00e0 di mensa o catering continuativo, la possibilit\u00e0 per il titolare di partita Iva o libero professionista di instaurare con un pubblico esercizio un rapporto contrattuale di somministrazione al tavolo di cibi e bevande. &#8220;\u00c8 assurdo &#8211; conclude Bond &#8211;\u00a0 perch\u00e9 in altre province venete non \u00e8 stata data la stessa interpretazione. Ed \u00e8 ancora pi\u00f9 assurdo per quei territori bellunesi che insistono sui confini con l\u2019Alto Adige, visto che dall\u2019altra parte, anche se sono zona rossa, fanno quello che vogliono&#8221;.<\/p>\n<p>&nbsp;<\/p>\n<p>&nbsp;<\/p>\n<hr \/>\n<p>&nbsp;<\/p>\n<blockquote>\n<h2>INTERVENTI A SOSTEGNO DELLA FAMIGLIA E DELLA NATALITA&#8217;<\/h2>\n<\/blockquote>\n<p><strong><img decoding=\"async\" class=\"alignleft\" src=\"https:\/\/www.radiopiu.net\/wordpress\/wp-content\/uploads\/2021\/01\/download-28.jpg\" \/>FELTRE<\/strong> <span style=\"font-family: Times New Roman, serif;\"><span style=\"font-size: large;\">La Regione del Veneto ha approvato l\u2019assegnazione delle risorse economiche <\/span><\/span><span style=\"font-family: Times New Roman, serif;\"><span style=\"font-size: large;\">con la finalit\u00e0 di sostenere le famiglie in situazione di bisogno attraverso l\u2019assegnazione ed erogazione di contributi. <\/span><\/span><span style=\"font-family: Times New Roman, serif;\"><span style=\"font-size: large;\">Gli interventi previsti sono rivolti ai nuclei familiari che si trovino in una delle seguenti situazioni: <\/span><\/span><span style=\"font-size: large; font-family: 'Times New Roman', serif;\">Famiglie con figli minori rimasti orfani di uno o di entrambi i genitori; <\/span><span style=\"font-size: large; font-family: 'Times New Roman', serif;\">Famiglie monoparentali e genitori separati o divorziati in situazione di difficolt\u00e0 economica; <\/span><span style=\"font-size: large; font-family: 'Times New Roman', serif;\">Famiglie con parti trigemellari e famiglie con numero di figli pari o superiori a 4; <\/span><span style=\"font-size: large; font-family: 'Times New Roman', serif;\">Famiglie in difficolt\u00e0 economica e famiglie numerose con minori impegnati nella pratica motoria. <\/span><span style=\"font-family: Times New Roman, serif;\"><span style=\"font-size: large;\">Il bando \u00e8 attivato dall&#8217;Azienda Feltrina per i Servizi alla Persona. <\/span><\/span><span style=\"font-family: Times New Roman, serif;\"><span style=\"font-size: large;\">Le domande dovranno essere inviate entro le 13 del 4 aprile esclusivamente in modalit\u00e0 telematica, accedendo al link<\/span><\/span><span style=\"color: #000080;\"><u><a href=\"https:\/\/veneto.welfaregov.it\/landing_pages\/veneto\/as02\/index.html\"><span style=\"font-family: Times New Roman, serif;\"><span style=\"font-size: large;\"> https:\/\/veneto.welfaregov.it\/landing_pages\/veneto\/as02\/index.html <\/span><\/span><\/a><\/u><\/span><span style=\"font-family: Times New Roman, serif;\"><span style=\"font-size: large;\">Per l&#8217;aiuto nella compilazione pu\u00f2 essere contattato il proprio comune di residenza.<\/span><\/span><\/p>\n<p align=\"JUSTIFY\"><strong>L&#8217;ASSESSORE ALLE POLITICHE SOCIALE E DELLA FAMIGLIA, GIORGIA LI CASTRI (in foto con il sindaco Paolo Perenzin)<\/strong><\/p>\n<audio class=\"wp-audio-shortcode\" id=\"audio-187094-4\" preload=\"none\" style=\"width: 100%;\" controls=\"controls\"><source type=\"audio\/mpeg\" src=\"https:\/\/www.radiopiu.net\/wordpress\/wp-content\/uploads\/2021\/01\/li-castri.mp3?_=4\" \/><a href=\"https:\/\/www.radiopiu.net\/wordpress\/wp-content\/uploads\/2021\/01\/li-castri.mp3\">https:\/\/www.radiopiu.net\/wordpress\/wp-content\/uploads\/2021\/01\/li-castri.mp3<\/a><\/audio>\n<p>&nbsp;<\/p>\n<hr \/>\n<p>&nbsp;<\/p>\n<p>&nbsp;<\/p>\n<blockquote class=\"wp-embedded-content\" data-secret=\"VDGFq0Ck4k\"><p><a href=\"https:\/\/www.radiopiu.net\/wordpress\/giovani-agricoltori-agordini-di-gianni-santomaso\/\">GIOVANI AGRICOLTORI AGORDINI, di GIANNI SANTOMASO<\/a><\/p><\/blockquote>\n<p><iframe loading=\"lazy\" class=\"wp-embedded-content\" sandbox=\"allow-scripts\" security=\"restricted\" style=\"position: absolute; clip: rect(1px, 1px, 1px, 1px);\" title=\"&#8220;GIOVANI AGRICOLTORI AGORDINI, di GIANNI SANTOMASO&#8221; &#8212; Radio Pi\u00f9\" src=\"https:\/\/www.radiopiu.net\/wordpress\/giovani-agricoltori-agordini-di-gianni-santomaso\/embed\/#?secret=VDGFq0Ck4k\" data-secret=\"VDGFq0Ck4k\" width=\"600\" height=\"338\" frameborder=\"0\" marginwidth=\"0\" marginheight=\"0\" scrolling=\"no\"><\/iframe><\/p>\n<p>&nbsp;<\/p>\n<hr \/>\n<p>&nbsp;<\/p>\n<blockquote class=\"wp-embedded-content\" data-secret=\"RzMSyL6vY9\"><p><a href=\"https:\/\/www.radiopiu.net\/wordpress\/agg-gen27\/\">CORONAVIRUS: AGGIORNAMENTO NAZIONALE 27 GENNAIO 2021<\/a><\/p><\/blockquote>\n<p><iframe loading=\"lazy\" class=\"wp-embedded-content\" sandbox=\"allow-scripts\" security=\"restricted\" style=\"position: absolute; clip: rect(1px, 1px, 1px, 1px);\" title=\"&#8220;CORONAVIRUS: AGGIORNAMENTO NAZIONALE 27 GENNAIO 2021&#8221; &#8212; Radio Pi\u00f9\" src=\"https:\/\/www.radiopiu.net\/wordpress\/agg-gen27\/embed\/#?secret=RzMSyL6vY9\" data-secret=\"RzMSyL6vY9\" width=\"600\" height=\"338\" frameborder=\"0\" marginwidth=\"0\" marginheight=\"0\" scrolling=\"no\"><\/iframe><\/p>\n<p>&nbsp;<\/p>\n<hr \/>\n<p>&nbsp;<\/p>\n<blockquote class=\"wp-embedded-content\" data-secret=\"J0GdGN0ahM\"><p><a href=\"https:\/\/www.radiopiu.net\/wordpress\/i-negativizzati-3378-superano-di-gran-lunga-i-nuovi-positivi-995-in-veneto-nelle-ultime-24-ore-59-decessi-ricoveri-in-netto-calo-a-belluno-46-nuovi-positivi\/\">I NEGATIVIZZATI (3378) SUPERANO DI GRAN LUNGA I NUOVI POSITIVI (995) IN VENETO. NELLE ULTIME 24 ORE 59 DECESSI, RICOVERI IN NETTO CALO. A BELLUNO 46 NUOVI POSITIVI<\/a><\/p><\/blockquote>\n<p><iframe loading=\"lazy\" class=\"wp-embedded-content\" sandbox=\"allow-scripts\" security=\"restricted\" style=\"position: absolute; clip: rect(1px, 1px, 1px, 1px);\" title=\"&#8220;I NEGATIVIZZATI (3378) SUPERANO DI GRAN LUNGA I NUOVI POSITIVI (995) IN VENETO. NELLE ULTIME 24 ORE 59 DECESSI, RICOVERI IN NETTO CALO. A BELLUNO 46 NUOVI POSITIVI&#8221; &#8212; Radio Pi\u00f9\" src=\"https:\/\/www.radiopiu.net\/wordpress\/i-negativizzati-3378-superano-di-gran-lunga-i-nuovi-positivi-995-in-veneto-nelle-ultime-24-ore-59-decessi-ricoveri-in-netto-calo-a-belluno-46-nuovi-positivi\/embed\/#?secret=J0GdGN0ahM\" data-secret=\"J0GdGN0ahM\" width=\"600\" height=\"338\" frameborder=\"0\" marginwidth=\"0\" marginheight=\"0\" scrolling=\"no\"><\/iframe><\/p>\n<p>&nbsp;<\/p>\n<hr \/>\n<p>&nbsp;<\/p>\n<blockquote>\n<h3>I GRAFICI DI TIZIANO DE COL<\/h3>\n<\/blockquote>\n\n\t\t\t<style type='text\/css'>\n\t\t\t\t#gallery-1 {\n\t\t\t\t\tmargin: auto;\n\t\t\t\t}\n\t\t\t\t#gallery-1 .gallery-item {\n\t\t\t\t\tfloat: left;\n\t\t\t\t\tmargin-top: 10px;\n\t\t\t\t\ttext-align: center;\n\t\t\t\t\twidth: 25%;\n\t\t\t\t}\n\t\t\t\t#gallery-1 img {\n\t\t\t\t\tborder: 2px solid #cfcfcf;\n\t\t\t\t}\n\t\t\t\t#gallery-1 .gallery-caption {\n\t\t\t\t\tmargin-left: 0;\n\t\t\t\t}\n\t\t\t\t\/* see gallery_shortcode() in wp-includes\/media.php *\/\n\t\t\t<\/style>\n\t\t<div id='gallery-1' class='dt-gallery-container gallery galleryid-187094 gallery-columns-4 gallery-size-medium'><dl class='gallery-item'>\n\t\t\t\t<dt class='gallery-icon landscape'>\n\t\t\t\t\t<a class=\"rollover rollover-zoom dt-pswp-item\" title=\"62e50bb7-e61b-41b0-a4ff-e9eb2d23049d\" data-dt-img-description=\"\" data-large_image_width=\"597\" data-large_image_height=\"354\"href='https:\/\/www.radiopiu.net\/wordpress\/wp-content\/uploads\/2021\/01\/62e50bb7-e61b-41b0-a4ff-e9eb2d23049d.jpg'><img loading=\"lazy\" decoding=\"async\" width=\"300\" height=\"178\" src=\"https:\/\/www.radiopiu.net\/wordpress\/wp-content\/uploads\/2021\/01\/62e50bb7-e61b-41b0-a4ff-e9eb2d23049d-300x178.jpg\" class=\"attachment-medium size-medium\" alt=\"\" srcset=\"https:\/\/www.radiopiu.net\/wordpress\/wp-content\/uploads\/2021\/01\/62e50bb7-e61b-41b0-a4ff-e9eb2d23049d-300x178.jpg 300w, https:\/\/www.radiopiu.net\/wordpress\/wp-content\/uploads\/2021\/01\/62e50bb7-e61b-41b0-a4ff-e9eb2d23049d.jpg 597w\" sizes=\"auto, (max-width: 300px) 100vw, 300px\" \/><\/a>\n\t\t\t\t<\/dt><\/dl><dl class='gallery-item'>\n\t\t\t\t<dt class='gallery-icon landscape'>\n\t\t\t\t\t<a class=\"rollover rollover-zoom dt-pswp-item\" title=\"832c525b-1df9-4ce0-9195-582d23aa86e9\" data-dt-img-description=\"\" data-large_image_width=\"600\" data-large_image_height=\"354\"href='https:\/\/www.radiopiu.net\/wordpress\/wp-content\/uploads\/2021\/01\/832c525b-1df9-4ce0-9195-582d23aa86e9.jpg'><img loading=\"lazy\" decoding=\"async\" width=\"300\" height=\"177\" src=\"https:\/\/www.radiopiu.net\/wordpress\/wp-content\/uploads\/2021\/01\/832c525b-1df9-4ce0-9195-582d23aa86e9-300x177.jpg\" class=\"attachment-medium size-medium\" alt=\"\" srcset=\"https:\/\/www.radiopiu.net\/wordpress\/wp-content\/uploads\/2021\/01\/832c525b-1df9-4ce0-9195-582d23aa86e9-300x177.jpg 300w, https:\/\/www.radiopiu.net\/wordpress\/wp-content\/uploads\/2021\/01\/832c525b-1df9-4ce0-9195-582d23aa86e9.jpg 600w\" sizes=\"auto, (max-width: 300px) 100vw, 300px\" \/><\/a>\n\t\t\t\t<\/dt><\/dl><dl class='gallery-item'>\n\t\t\t\t<dt class='gallery-icon landscape'>\n\t\t\t\t\t<a class=\"rollover rollover-zoom dt-pswp-item\" title=\"7b8168f8-4eab-4065-aadd-860803b0c16b\" data-dt-img-description=\"\" data-large_image_width=\"598\" data-large_image_height=\"352\"href='https:\/\/www.radiopiu.net\/wordpress\/wp-content\/uploads\/2021\/01\/7b8168f8-4eab-4065-aadd-860803b0c16b.jpg'><img loading=\"lazy\" decoding=\"async\" width=\"300\" height=\"177\" src=\"https:\/\/www.radiopiu.net\/wordpress\/wp-content\/uploads\/2021\/01\/7b8168f8-4eab-4065-aadd-860803b0c16b-300x177.jpg\" class=\"attachment-medium size-medium\" alt=\"\" srcset=\"https:\/\/www.radiopiu.net\/wordpress\/wp-content\/uploads\/2021\/01\/7b8168f8-4eab-4065-aadd-860803b0c16b-300x177.jpg 300w, https:\/\/www.radiopiu.net\/wordpress\/wp-content\/uploads\/2021\/01\/7b8168f8-4eab-4065-aadd-860803b0c16b.jpg 598w\" sizes=\"auto, (max-width: 300px) 100vw, 300px\" \/><\/a>\n\t\t\t\t<\/dt><\/dl><dl class='gallery-item'>\n\t\t\t\t<dt class='gallery-icon landscape'>\n\t\t\t\t\t<a class=\"rollover rollover-zoom dt-pswp-item\" title=\"6dac48b2-cbae-4fd2-9352-97cd0746f2a6\" data-dt-img-description=\"\" data-large_image_width=\"596\" data-large_image_height=\"358\"href='https:\/\/www.radiopiu.net\/wordpress\/wp-content\/uploads\/2021\/01\/6dac48b2-cbae-4fd2-9352-97cd0746f2a6.jpg'><img loading=\"lazy\" decoding=\"async\" width=\"300\" height=\"180\" src=\"https:\/\/www.radiopiu.net\/wordpress\/wp-content\/uploads\/2021\/01\/6dac48b2-cbae-4fd2-9352-97cd0746f2a6-300x180.jpg\" class=\"attachment-medium size-medium\" alt=\"\" srcset=\"https:\/\/www.radiopiu.net\/wordpress\/wp-content\/uploads\/2021\/01\/6dac48b2-cbae-4fd2-9352-97cd0746f2a6-300x180.jpg 300w, https:\/\/www.radiopiu.net\/wordpress\/wp-content\/uploads\/2021\/01\/6dac48b2-cbae-4fd2-9352-97cd0746f2a6.jpg 596w\" sizes=\"auto, (max-width: 300px) 100vw, 300px\" \/><\/a>\n\t\t\t\t<\/dt><\/dl><br style=\"clear: both\" \/>\n\t\t\t<\/div>\n\n<p>&nbsp;<\/p>\n<hr \/>\n<p>&nbsp;<\/p>\n<blockquote>\n<h2>DOPO 3 SETTIMANE ARANCIO, AUPISCO LA ZONA GIALLA, LO DICE ZAIA COMMENTANTO L&#8217;INDICE RT DI 0,62<\/h2>\n<\/blockquote>\n<p><strong><img loading=\"lazy\" decoding=\"async\" class=\"alignleft\" src=\"https:\/\/www.radiopiu.net\/wordpress\/wp-content\/uploads\/2021\/01\/142744648_1694712150730693_3273648049246656370_o.jpg\" width=\"189\" height=\"117\" \/>VENEZIA<\/strong> Punto stampa del Presidente della Regione Luca Zaia, stante l&#8217;affievolirsi della pressione &#8211; dovuta ai ricoveri per Covid &#8211;\u00a0 negli ospedali, oggi\u00a0 alla firma i provvedimenti per la riapertura in Veneto delle attivit\u00e0 specialistiche (anche in libera professione) sospese a novembre per l&#8217;emergenza. Da luned\u00ec 1\u00b0 febbraio riprendono quindi le attivit\u00e0 di specialistica ambulatoriale a 30 e 60 giorni (quelle urgenti non erano mai state interrotte), e anche l&#8217;intra moenia. Dovremo affrontare subito la questione della riprogrammazione delle agende, per\u00f2 memori di quanto successo ad aprile stiamo gi\u00e0 lavorandoci, soprattutto sull&#8217;incremento del personale dei Cup.<\/p>\n<blockquote>\n<h2>LEGGI LA CONFERENZA STAMPA DI LUCA ZAIA<\/h2>\n<\/blockquote>\n<p><em>Veneto: ottavo per mortalit\u00e0 in Italia, ma con indice Rt in abbassamento continuo. In Europa preoccupa la situazione di\u00a0 Germania e Gran Bretagna con il virus fuori controllo, qui stiamo meglio ma non abbassiamo la guardia. Da lunedi scuole superiori aperte al 50% e dopo tre settimane al 75%, auspico un ritorno a scuola al 100% sarebbe la fine della pandemia, comunque \u00e8\u00a0 possibile la scelta tra presenza o didattiica a distanza. A proposito di politica nazionale, per andare in Parlamento ci vogliono i numeri e immagino il Presidente Mattarella con la calcolatrice in mano. E&#8217; un Governo centralista che fa scelte centraliste togliendo autonomia alle Regioni. Novantamila prestazioni in sospeso con la riapertura degli ospedali. Rispetto ai finanziamenti del 2020 abbiamo un residuo di 48 milioni di euro per le prestazioni aggiuntive che permetteranno il recupero delle liste di attesa.<\/em><\/p>\n<p><strong>VIRUS E MUTAZIONI<\/strong> Otto mutazioni del virus trovate in Veneto, 5 catalogate nei registri nazionali, una \u00e8 la mutazione inglese che abbiamo trovato per primi con gli ospedali sotto pressione, la comunit\u00e0 scientifica internazionale chiedeva di verificarla perch\u00e9 in Gran Bretagna stava pesando. E&#8217; una mutazione che contagia pi\u00f9 facilmente e rischia di essere pi\u00f9 mortale perch\u00e9 pi\u00f9 contagiosa non tanto perch\u00e9 dia sintomi pi\u00f9 pesanti. Ci sono poi le due mutazioni tipicamente venete sulle quali stiamo lavorando. La vicenda della famiglia Busso \u00e8 la dimostrazione delle mutazioni, ho chiesto di sequenziare il viurs.\u00a0 <strong>VENETO VERSO IL GIALLO DOPO 3 SETTIMANE IN ARANCIONE<\/strong>\u00a0 I dati sono buoni con la 27esima giornata di calo, con un calcolo fatto in casa rispetto dei numeri dell&#8217;Istituto Superiore Sanit\u00e0 Rt \u00e8 di 0,62, questa settimana siamo la seconda regione con l Rt pi\u00f9 basso in Italia. Da venerdi sapremo se siamo i primi secondi o terzi. Ho ragionevoli speranze di possa arrivare alla zona gialla. <strong>LUNEDI APRIAMO LE SCUOLE<\/strong>\u00a0 Riapriamo con preoccupazione,\u00a0 al 50% come previsto nelle prime tre settimane,\u00a0 sperando che nessuno abbia a ridire sul 50% e sulle tre settimane. Siccome \u00e8 prevista la didattica a distanza e la presenza si rispettino le scelte di chiunque. Ci sono dichiarazioni irrispettose verso coloro che hanno malati in casa o nonni conviventi o peggio ancora ragazzi immunodepressi o con altre patologie. Ognuno si renda conto che ci sono categorie che hanno diritto di scegliere tra presenza a Didattica a Distanza. Quindi i genitori prendano contatto con gli uffici scolastici. <strong>RIGOLI, LAVORI IN CORSO<\/strong> La ricerca della nostra regione \u00e8 sui tamponi, sono allo studio del dottor Rigoli\u00a0 che sta analizzando il sangue dei pazienti per capire la risposta anticorpale di ogni malato. <strong>VENERDI IL RISULTATO PER ASTRAZENICA, POTREBBE NON ESSERE EFFICACE<\/strong> <strong>SUGLI OVER 65?<\/strong> Non lo so, leggo anch&#8217;io le notizie, non do nessuna rassicurazione. Pare ci sia una risposta anticorpale pi\u00f9 bassa quindi pi\u00f9 elevata \u00e8 l&#8217;et\u00e0 e pi\u00f9 difficile \u00e8 la risposta anticorpale e rischia di essere meno produttiva.\u00a0 Moderna e Pfizer sono al 95% dell&#8217;efficacia, aspettiamo notizia da Ema anche sul vaccino russo. <strong>CAMPAGNA VACCINAZIONI<\/strong> Dalla prossima settimana torniamo a regime con le vaccinazione e con una stabilizzazione delle forniture a febbraio. A noi servono vaccini. Ieri sono arrivati 50 mila vaccini, il taglio pi\u00f9 la decurtazione sbagliata. <strong>TAR E SCUOLA<\/strong> Oggi potrebbe arrivare il parere abbiamo sempre fiducia sui giudici amministrativi hanno tutti gli elementi per una valutazione. Se stabilisse la riapertura anticipata sar\u00e0 da leggere la sentenza.<\/p>\n<blockquote>\n<h2><span style=\"color: #ff0000;\">L&#8217;ASSESSORE ELISA DE BERTI\u00a0<\/span><\/h2>\n<p><strong>BELLUNO avr\u00e0 18 mezzi in pi\u00f9 di tpl (trasporto pubblico locale) e 6 steward attivi, 683 pullman in pi\u00f9 e 244 steward in Veneto<\/strong><\/p><\/blockquote>\n<p>In Veneto 200mila studenti e 18mila persone di personale Ata rientrano da luned\u00ec. I mezzi di trasporto pubblico\u00a0\u00a0restano al 50% della capienza (fra in piedi e seduti), quelli privati prevedono\u00a0 il 50% solo posti seduti. \u00a0Verona e altre citt\u00e0 adottano il doppio orario per evitare assembramenti, sono 680 i mezzi aggiuntivi per il servizio scolastico. I genitori chiedono di pubblicizzare le corse aggiuntive. Ci sono corse extra ed orari da diffondere,\u00a0 le aziende di trasporto hanno assicurato che faranno il possibile per informare.<\/p>\n<p><a href=\"https:\/\/www.facebook.com\/zaiaufficiale\/videos\/746395846018226\">https:\/\/www.facebook.com\/zaiaufficiale\/videos\/746395846018226<\/a><\/p>\n<p>&nbsp;<\/p>\n<hr \/>\n<p>&nbsp;<\/p>\n<a href=\"https:\/\/www.radiopiu.net\/wordpress\/wp-content\/uploads\/2021\/01\/2021.01.27_Report-18.30.pdf\" class=\"pdfemb-viewer\" style=\"\" data-width=\"max\" data-height=\"max\" data-toolbar=\"top\" data-toolbar-fixed=\"on\">2021.01.27_Report 18.30<\/a>\n<p>&nbsp;<\/p>\n<hr \/>\n<p>&nbsp;<\/p>\n<blockquote>\n<h3>L&#8217;INVESTIMENTO DI ASCA, CONNESSIONE PER CONTRASTARE L&#8217;ISOLAMENTO SOCIALE<\/h3>\n<\/blockquote>\n<p>&nbsp;<\/p>\n<p><strong><a href=\"https:\/\/www.radiopiu.net\/wordpress\/giornale-radiopiu-07-marzo-2020-direttore-mirko-mezzacasa\/sersa-tablet-anziani\/\" rel=\"attachment wp-att-120713\"><img loading=\"lazy\" decoding=\"async\" class=\"size-medium wp-image-120713 alignleft\" src=\"https:\/\/www.radiopiu.net\/wordpress\/wp-content\/uploads\/2020\/03\/Sersa-tablet-anziani-300x225.jpg\" alt=\"\" width=\"300\" height=\"225\" srcset=\"https:\/\/www.radiopiu.net\/wordpress\/wp-content\/uploads\/2020\/03\/Sersa-tablet-anziani-300x225.jpg 300w, https:\/\/www.radiopiu.net\/wordpress\/wp-content\/uploads\/2020\/03\/Sersa-tablet-anziani-1024x768.jpg 1024w, https:\/\/www.radiopiu.net\/wordpress\/wp-content\/uploads\/2020\/03\/Sersa-tablet-anziani-768x576.jpg 768w, https:\/\/www.radiopiu.net\/wordpress\/wp-content\/uploads\/2020\/03\/Sersa-tablet-anziani-1536x1152.jpg 1536w, https:\/\/www.radiopiu.net\/wordpress\/wp-content\/uploads\/2020\/03\/Sersa-tablet-anziani-2048x1536.jpg 2048w\" sizes=\"auto, (max-width: 300px) 100vw, 300px\" \/><\/a>AGORDO<\/strong> La cassa dei fondi di confine mette a disposizione dell&#8217;Azienda Speciale Consortile Agordina 60 mila euro, saranno investiti nella creazione di una rete per i bisogni delle persone anziane. Sono le pi\u00f9 fragili che necessitano di interventi assistenziali, di monitoraggio e di supporto psicologico ed emotivo , per questo \u00e8 necessario il ricorso alla tecnologia. Asca acquister\u00e0 150 tablet con relativa Sim\u00a0 (tanto per iniziare). Viene cos\u00ec soddisfatto il bisogno dell&#8217;anziano e ne guadagna il benessere emotivo, autostima compresa. Gli anziani con il\u00a0 tablet potranno collegarsi ai servizi, ai medici, ai volontari della comunit\u00e0 di appartenenza,\u00a0 ma anche ai familiari, agli amici, quindi la tecnologia per contrastare isolamento e\u00a0 distanziamento sociale che il periodo impone. <em>&#8220;Il progetto prende avvio questa settimana interessando le persone che frequentano i centri sollievo, gi\u00e0 contattati dalla psicologa che li dirige, per passare poi a quelle che verranno segnalate dai servizi sociali e sanitari e che sono in carico all\u2019assistenza domiciliare&#8221;\u00a0<\/em>anticipa l&#8217;amministratore unico di Asca Maria Chiara Santin. La tecnologia continuamente in evoluzione consente di plasmare il prodotto ai bisogni della persona e gli aggiornamenti arriveranno proprio dalla platea dei fruitori del tablet. La psicologa, gli assistenti sociali, gli operatori del territorio hanno gi\u00e0 provveduto alla formazione <em>&#8220;Il fulcro\u00a0 &#8211; conclude il presidente dell&#8217;Unione Montana Michele Costa &#8211; resta la connessione che ci auguriamo, con lo sviluppo del disegno strategico messo in atto, possa allargarsi ad altri soggetti della rete e della comunit\u00e0 come le farmacie i negozi e gli artigiani del paese&#8221;.<\/em><\/p>\n<p><strong>\u00a0DI GIANNI SANTOMASO<\/strong><\/p>\n<audio class=\"wp-audio-shortcode\" id=\"audio-187094-5\" preload=\"none\" style=\"width: 100%;\" controls=\"controls\"><source type=\"audio\/mpeg\" src=\"https:\/\/www.radiopiu.net\/wordpress\/wp-content\/uploads\/2021\/01\/GIANNI-ASCA.mp3?_=5\" \/><a href=\"https:\/\/www.radiopiu.net\/wordpress\/wp-content\/uploads\/2021\/01\/GIANNI-ASCA.mp3\">https:\/\/www.radiopiu.net\/wordpress\/wp-content\/uploads\/2021\/01\/GIANNI-ASCA.mp3<\/a><\/audio>\n<p>&nbsp;<\/p>\n<hr \/>\n<p>&nbsp;<\/p>\n<blockquote>\n<h3>CON TERNA VINCE IL TERRITORIO BELLUNESE<\/h3>\n<\/blockquote>\n<p><a href=\"https:\/\/www.radiopiu.net\/wordpress\/con-terna-vince-il-territorio-bellunese\/traliccio\/\" rel=\"attachment wp-att-187249\"><img loading=\"lazy\" decoding=\"async\" class=\"size-medium wp-image-187249 alignleft\" src=\"https:\/\/www.radiopiu.net\/wordpress\/wp-content\/uploads\/2021\/01\/TRALICCIO-300x200.jpg\" alt=\"\" width=\"300\" height=\"200\" srcset=\"https:\/\/www.radiopiu.net\/wordpress\/wp-content\/uploads\/2021\/01\/TRALICCIO-300x200.jpg 300w, https:\/\/www.radiopiu.net\/wordpress\/wp-content\/uploads\/2021\/01\/TRALICCIO-1024x683.jpg 1024w, https:\/\/www.radiopiu.net\/wordpress\/wp-content\/uploads\/2021\/01\/TRALICCIO-768x512.jpg 768w, https:\/\/www.radiopiu.net\/wordpress\/wp-content\/uploads\/2021\/01\/TRALICCIO-1536x1024.jpg 1536w, https:\/\/www.radiopiu.net\/wordpress\/wp-content\/uploads\/2021\/01\/TRALICCIO.jpg 1920w\" sizes=\"auto, (max-width: 300px) 100vw, 300px\" \/><\/a>di Moreno Gioli<\/p>\n<audio class=\"wp-audio-shortcode\" id=\"audio-187094-6\" preload=\"none\" style=\"width: 100%;\" controls=\"controls\"><source type=\"audio\/mpeg\" src=\"https:\/\/www.radiopiu.net\/wordpress\/wp-content\/uploads\/2021\/01\/GIOLI-ELETTRODOTTO.mp3?_=6\" \/><a href=\"https:\/\/www.radiopiu.net\/wordpress\/wp-content\/uploads\/2021\/01\/GIOLI-ELETTRODOTTO.mp3\">https:\/\/www.radiopiu.net\/wordpress\/wp-content\/uploads\/2021\/01\/GIOLI-ELETTRODOTTO.mp3<\/a><\/audio>\n<p>&nbsp;<\/p>\n<hr \/>\n<p>&nbsp;<\/p>\n<blockquote>\n<h3>ELETRODOTTO: PER MASSARO E&#8217; POSSIBILE DEFINIRE UN QUADRO COMPLESSIVO DELL&#8217;INTERVENTO<\/h3>\n<\/blockquote>\n<p><strong>BELLUNO <\/strong>Terna propone l&#8217;interramento delle linee elettriche portando la pace nei territori.<span style=\"font-size: 14px; font-weight: normal;\"> I tecnici di Terna\u00a0 hanno illustrato ai Sindaci dei Comuni coinvolti\u00a0 la proposta di intervento. L&#8217;intervento prevede una demolizione delle attuali linee aeree per circa 98 Km che saranno sostituite da 25 Km di cavo interrato e 70 in cavo aereo, consentendo di eliminare l&#8217;interferenza con l&#8217;Aeroporto di Belluno, garantendo <a href=\"https:\/\/www.radiopiu.net\/wordpress\/maltempo-il-punto-serale-del-sindaco-di-belluno-jacopo-massaro\/massaro-maltempo\/\" rel=\"attachment wp-att-177576\"><img loading=\"lazy\" decoding=\"async\" class=\"size-medium wp-image-177576 alignleft\" src=\"https:\/\/www.radiopiu.net\/wordpress\/wp-content\/uploads\/2020\/12\/MASSARO-MALTEMPO-300x198.png\" alt=\"\" width=\"300\" height=\"198\" srcset=\"https:\/\/www.radiopiu.net\/wordpress\/wp-content\/uploads\/2020\/12\/MASSARO-MALTEMPO-300x198.png 300w, https:\/\/www.radiopiu.net\/wordpress\/wp-content\/uploads\/2020\/12\/MASSARO-MALTEMPO-1024x674.png 1024w, https:\/\/www.radiopiu.net\/wordpress\/wp-content\/uploads\/2020\/12\/MASSARO-MALTEMPO-768x506.png 768w, https:\/\/www.radiopiu.net\/wordpress\/wp-content\/uploads\/2020\/12\/MASSARO-MALTEMPO.png 1494w\" sizes=\"auto, (max-width: 300px) 100vw, 300px\" \/><\/a>l&#8217;attraversamento in cavo interrato negli abitati di Polpet e Ponte nelle Alpi oltre all&#8217;attraversamento del Piave con cavo interrato. Un intervento migliorativo rispetto a quello prospettato alcuni anni fa.<\/span><\/p>\n<p>&nbsp;<\/p>\n<p>&nbsp;<\/p>\n<p>Una &#8220;linea&#8221; che secondo il sindaco Jacopo Massaro uscir\u00e0 da Polpet interrata, sono stati aggiunti chilometri di linee interrate, si va in questa direzione. Per il sindaco di Belluno Jacopo Massaro si tratta di una svolta epocale.<\/p>\n<audio class=\"wp-audio-shortcode\" id=\"audio-187094-7\" preload=\"none\" style=\"width: 100%;\" controls=\"controls\"><source type=\"audio\/mpeg\" src=\"https:\/\/www.radiopiu.net\/wordpress\/wp-content\/uploads\/2021\/01\/massa1.mp3?_=7\" \/><a href=\"https:\/\/www.radiopiu.net\/wordpress\/wp-content\/uploads\/2021\/01\/massa1.mp3\">https:\/\/www.radiopiu.net\/wordpress\/wp-content\/uploads\/2021\/01\/massa1.mp3<\/a><\/audio>\n<p>Il primo cittadino auspica che al pi\u00f9 presto vengano risolte le problematiche della popolazione con le abitazioni vicine all&#8217;elettrodotto &#8220;Senza guerre di vicinato&#8221; dice il sindaco.<\/p>\n<audio class=\"wp-audio-shortcode\" id=\"audio-187094-8\" preload=\"none\" style=\"width: 100%;\" controls=\"controls\"><source type=\"audio\/mpeg\" src=\"https:\/\/www.radiopiu.net\/wordpress\/wp-content\/uploads\/2021\/01\/massa2.mp3?_=8\" \/><a href=\"https:\/\/www.radiopiu.net\/wordpress\/wp-content\/uploads\/2021\/01\/massa2.mp3\">https:\/\/www.radiopiu.net\/wordpress\/wp-content\/uploads\/2021\/01\/massa2.mp3<\/a><\/audio>\n<p>Fino a Belluno la procedura \u00e8 avviata e Terna pronta a partire con i lavori, ma la Provincia vuole conoscere anche il resto, il sindaco riassume la posizione di Terna<\/p>\n<audio class=\"wp-audio-shortcode\" id=\"audio-187094-9\" preload=\"none\" style=\"width: 100%;\" controls=\"controls\"><source type=\"audio\/mpeg\" src=\"https:\/\/www.radiopiu.net\/wordpress\/wp-content\/uploads\/2021\/01\/massa3.mp3?_=9\" \/><a href=\"https:\/\/www.radiopiu.net\/wordpress\/wp-content\/uploads\/2021\/01\/massa3.mp3\">https:\/\/www.radiopiu.net\/wordpress\/wp-content\/uploads\/2021\/01\/massa3.mp3<\/a><\/audio>\n<p>&nbsp;<\/p>\n<hr \/>\n<p>&nbsp;<\/p>\n<blockquote>\n<h3>TAVOLO TECNICO REGIONE-TERNA, ANALIZZATO IL PROGETTO MEDIA VALLE DEL PIAVE LA PROVINCIA DI BELLUNO HA CHIESTO DI CONOSCERE I PIANI DI RAZIONALIZZAZIONE E SVILUPPO DELLE RETI ELETTRICHE SULL\u2019INTERO TERRITORIO BELLUNESE<\/h3>\n<\/blockquote>\n<p><strong><a href=\"https:\/\/www.radiopiu.net\/wordpress\/tavolo-tecnico-regione-terna-analizzato-il-progetto-media-valle-del-piave-la-provincia-di-belluno-ha-chiesto-di-conoscere-i-piani-di-razionalizzazione-e-sviluppo-delle-reti-elettriche-sullin\/cavi-elettrici\/\" rel=\"attachment wp-att-187240\"><img loading=\"lazy\" decoding=\"async\" class=\"size-medium wp-image-187240 alignleft\" src=\"https:\/\/www.radiopiu.net\/wordpress\/wp-content\/uploads\/2021\/01\/CAVI-ELETTRICI-300x185.jpg\" alt=\"\" width=\"300\" height=\"185\" srcset=\"https:\/\/www.radiopiu.net\/wordpress\/wp-content\/uploads\/2021\/01\/CAVI-ELETTRICI-300x185.jpg 300w, https:\/\/www.radiopiu.net\/wordpress\/wp-content\/uploads\/2021\/01\/CAVI-ELETTRICI-1024x633.jpg 1024w, https:\/\/www.radiopiu.net\/wordpress\/wp-content\/uploads\/2021\/01\/CAVI-ELETTRICI-768x475.jpg 768w, https:\/\/www.radiopiu.net\/wordpress\/wp-content\/uploads\/2021\/01\/CAVI-ELETTRICI-1536x950.jpg 1536w, https:\/\/www.radiopiu.net\/wordpress\/wp-content\/uploads\/2021\/01\/CAVI-ELETTRICI.jpg 1920w\" sizes=\"auto, (max-width: 300px) 100vw, 300px\" \/><\/a>BELLUNO <\/strong><span class=\"s1\">Si \u00e8 tenuta, in videoconferenza, la riunione del tavolo tecnico regionale con Terna spa convocata dall\u2019assessore regionale all\u2019energia Roberto Marcato, riguardante il piano di razionalizzazione degli elettrodotti bellunesi nella media valle del Piave (come da delibera di giunta regionale del 28 dicembre 2018). Presenti per la Provincia di Belluno il presidente Roberto Padrin e i consiglieri provinciali. <\/span><span class=\"s1\">Durante la riunione, Terna spa ha presentato il progetto riguardante la razionalizzazione degli elettrodotti tra Perarolo e Ponte nelle Alpi, con preciso riferimento alla linea di interconnessione Lienz-Soverzene-Scorz\u00e8. In particolare, sono state presentate le varianti richieste con prescrizioni nel decreto di compatibilit\u00e0 ambientale, su Belluno (con interramento in zona Andreane-aeroporto) e su Polpet. <\/span><span class=\"s1\">\u00ab<em>Siamo molto soddisfatti che si possano finalmente risolvere i problemi annosi che gravano sui cittadini di Ponte nelle Alpi, Andreane e Soverzene. In particolare il risultato ottenuto con l\u2019interramento ad Andreane \u00e8 molto importante. Ma abbiamo la necessit\u00e0 di analizzare tutti i piani di Terna che riguardano l\u2019intero territorio provinciale; non vorremmo infatti che, completato questo intervento, nulla venisse fatto a valle, spostando i problemi su altri Comuni &#8211; il commento del presidente Padrin -. \u00c8 per questo che abbiamo chiesto al tavolo, a Terna e alla Regione Veneto, di avere al pi\u00f9 presto la documentazione riguardante tutti i progetti sul Bellunese. La logica di razionalizzazione e miglioramento delle reti elettriche, fondamentale per l\u2019intero territorio, \u00e8 un\u2019occasione importantissima per risolvere i problemi di cavi aerei e tralicci che insistono sulle abitazioni e sui centri abitati. Bisogna per\u00f2 evitare di spostare il problema da una zona all\u2019altra<\/em>\u00bb.\u00a0 <\/span><span class=\"s1\">La richiesta della Provincia \u00e8 stata accolta dal tavolo regionale. L\u2019assessore Marcato ha assicurato che parallelamente ai prossimi aggiornamenti del progetto riguardante la media valle del Piave, convocher\u00e0 Provincia e Terna per una visione complessiva dei piani di razionalizzazione e sviluppo delle reti elettriche dell\u2019intero Bellunese. <\/span><span class=\"s1\">\u00ab<em>Non possiamo agire altrimenti &#8211; conclude il presidente Padrin -. Le linee elettriche servono a trasferire corrente da una parte all\u2019altra, per cui la Lienz-Scorz\u00e8 non si esaurisce certo a Ponte nelle Alpi o a Soverzene, ma ricade anche su altri Comuni della provincia. Serve quindi una visione a 360 gradi del riassetto delle linee, in modo da arrivare a progettualit\u00e0 che possano portare benefici all\u2019intero territorio. Ringrazio la Regione Veneto per aver compreso le esigenze del territorio e dei cittadini bellunesi. E il ministro Federico D\u2019Inc\u00e0: \u00e8 anche grazie al suo interessamento e alla riunione che ci ha organizzato con i vertici di Terna se siamo arrivati a questo primo risultato<\/em>\u00bb.\u00a0 <\/span><span class=\"s1\">\u00ab<em>L\u2019incontro di oggi si \u00e8 rivelato particolarmente importante e arriva a meno di una settimana dalla riunione che ho convocato con i vertici di Terna, la Provincia di Belluno e l\u2019onorevole De Menech. Ritengo che il tavolo odierno rappresenti un passo in avanti per la soluzione dei problemi attualmente esistenti\u00bb ha commentato il Ministro per i rapporti con il Parlamento, Federico D\u2019Inc\u00e0. \u00abAdesso, per\u00f2, \u00e8 necessario ottenere le valutazioni sull&#8217;intera progettualit\u00e0 che riguarda la media valle del Piave per comprendere gli interventi necessari che saranno effettuati sulle linee della sinistra del Piave, sia sul versante del bellunese sia su quello del trevigiano. Le interlocuzioni con Terna proseguiranno e continueremo a seguire con attenzione i diversi tavoli che abbiamo avviato sugli importanti temi che interessano il nostro territorio<\/em>\u00bb.<\/span><\/p>\n<p>&nbsp;<\/p>\n<p>&nbsp;<\/p>\n<hr \/>\n<p>&nbsp;<\/p>\n<blockquote>\n<h3 align=\"JUSTIFY\"><span style=\"font-size: large;\"><b>ENERGIA. INFRASTRUTTURA ELETTRICA MEDIA VALLE DEL PIAVE (BL). MARCATO, \u201cSTRETTISSIMA COLLABORAZIONE TRA ENTI HA PERMESSO DI TROVARE SOLUZIONE EFFICACE PER IL TERRITORIO\u201d\u00a0<\/b><\/span><\/h3>\n<\/blockquote>\n<p><strong>VENEZIA<\/strong> La razionalizzazione del sistema elettrico della Media Valle del Piave Interessa, in particolare, i territori dei Comuni di Belluno, Ponte nelle Alpi, Longarone, Soverzene, Perarolo di Cadore e Ospitale di Cadore. I tecnici di Terna ieri hanno illustrato ai Sindaci dei Comuni coinvolti\u00a0 la proposta di intervento. L&#8217;intervento prevede una demolizione delle attuali linee aeree per circa 98 Km che saranno sostituite da 25 Km di cavo interrato e 70 in cavo aereo, consentendo di eliminare l&#8217;interferenza con l&#8217;Aeroporto di Belluno, garantendo l&#8217;attraversamento in cavo interrato negli abitati di Polpet e Ponte nelle Alpi oltre all&#8217;attraversamento del Piave con cavo interrato. Un intervento migliorativo rispetto a quello prospettato alcuni anni fa.<em> Il progetto, prima di essere inviato al Ministero dell&#8217;Ambiente per le necessarie autorizzazioni, avr\u00e0 modo di essere valutato tecnicamente dai tecnici e rappresenta il primo passo per una pi\u00f9 ampia disamina dell&#8217;infrastruttura elettrica che riguarda l&#8217;intero territorio della Provincia di Belluno.<\/em>ha detto l&#8217;assessore veneto Roberto Marcato. A breve, infatti, verr\u00e0 convocato dalla Regione un nuovo incontro con il territorio che affronter\u00e0 il tema dell&#8217;infrastrutturazione\u00a0energetica della Provincia di BL nel sul complesso.<\/p>\n<p>&nbsp;<\/p>\n<p>&nbsp;<\/p>\n<hr \/>\n<p>&nbsp;<\/p>\n<blockquote>\n<h3>CAMBIO MEDICO A FELTRE<\/h3>\n<\/blockquote>\n<p><strong><a href=\"https:\/\/www.radiopiu.net\/wordpress\/solidarieta-umana-a-chi-vive-lesperienza-negativa-covid-ma-le-regole-devono-essere-rispettate\/medicodimedicinagenerale\/\" rel=\"attachment wp-att-167000\"><img loading=\"lazy\" decoding=\"async\" class=\"size-medium wp-image-167000 alignleft\" src=\"https:\/\/www.radiopiu.net\/wordpress\/wp-content\/uploads\/2020\/10\/Medicodimedicinagenerale-300x198.jpg\" alt=\"\" width=\"300\" height=\"198\" srcset=\"https:\/\/www.radiopiu.net\/wordpress\/wp-content\/uploads\/2020\/10\/Medicodimedicinagenerale-300x198.jpg 300w, https:\/\/www.radiopiu.net\/wordpress\/wp-content\/uploads\/2020\/10\/Medicodimedicinagenerale-1024x674.jpg 1024w, https:\/\/www.radiopiu.net\/wordpress\/wp-content\/uploads\/2020\/10\/Medicodimedicinagenerale-768x506.jpg 768w, https:\/\/www.radiopiu.net\/wordpress\/wp-content\/uploads\/2020\/10\/Medicodimedicinagenerale.jpg 1200w\" sizes=\"auto, (max-width: 300px) 100vw, 300px\" \/><\/a>FELTRE <\/strong>Gli assistiti della dottoressa Prior (ex dottoressa Dalla Rosa) devono scegliere quanto prima un nuovo medico di medicina generale tra quelli disponibili per poter continuare ad usufruire del Servizio Sanitario Nazionale. La dottoressa Rosanna Dalla Rosa, medico di medicina generale dell\u2019ambito feltrino, andata in pensione il 31 dicembre, era stata sostituita, con incarico provvisorio, dalla dottoressa Margherita Prior fino al 24.01.2021. Nonostante tutti i tentativi posti in essere dall\u2019 Ulss Dolomiti, non \u00e8 stato possibile, ad oggi, individuare un medico disponibile alla sostituzione. Per continuare a fruire dell\u2019assistenza medica in forma diretta e gratuita a carico del Servizio Sanitario Nazionale, quindi, si rende indispensabile che gli ex assistiti della dr.ssa Prior effettuino quanto prima una nuova scelta tra uno dei medici di assistenza primaria con disponibilit\u00e0 di posti nell\u2019ambito territoriale di\u00a0 propria residenza. E\u2019 possibile verificare in tempo reale la disponibilit\u00e0 dei medici, collegandosi al seguente link <a href=\"https:\/\/salute.regione.veneto.it\/servizi\/cerca-medici-e-pediatri\">https:\/\/salute.regione.veneto.it\/servizi\/cerca-medici-e-pediatri<\/a>, selezionando un medico si visualizzer\u00e0 il numero dei posti disponibili indicato in corrispondenza della voce \u201cDisponibilit\u00e0 assistiti illimitati\u201d.<\/p>\n<p>&nbsp;<\/p>\n<p>&nbsp;<\/p>\n<hr \/>\n<p>&nbsp;<\/p>\n<blockquote>\n<h3>IL NO DEL SAP ALLA PARTECIPAZIONE DI GIANNA NANNINI ALLA CERIMONIA DI APERTURA DEI MONDIALI DI SCI<\/h3>\n<\/blockquote>\n<p><strong><a href=\"https:\/\/www.radiopiu.net\/wordpress\/giornale-radiopiu-28-gennaio-2021-direttore-mirko-mezzacasa\/download-1096\/\" rel=\"attachment wp-att-187319\"><img loading=\"lazy\" decoding=\"async\" class=\" wp-image-187319 alignleft\" src=\"https:\/\/www.radiopiu.net\/wordpress\/wp-content\/uploads\/2021\/01\/download-29.jpg\" alt=\"\" width=\"151\" height=\"222\" \/><\/a>BELLUNO<\/strong> Il SAP dice no alla partecipazione di Gianna Nannini alla cerimonia di apertura dei Mondiali di sci a Cortina. &#8220;<em>Partiamo dalla premessa \u2013 spiega Stefano Paoloni, segretario generale del Sindacato Autonomo di Polizia \u2013 per tutti deve essere un orgoglio che i mondiali di Sci si svolgano in Italia. Cosa diversa la decisione di far esibire sul palco la sera della Cerimonia di Apertura, Gianna Nannini, che recentemente ha mostrato mancanza di rispetto nei confronti dei rappresentanti delle istituzioni, i quali si sacrificano quotidianamente sulle strade del nostro paese per garantire la sicurezza di tutti\u201d. \u201cHo letto che durante tale cerimonia \u2013 continua Paoloni \u2013 alcuni tra i nomi importanti della musica italiana saliranno sul palco, ma sapere che tra di essi ci sar\u00e0 chi ha offeso e deriso chi veste una divisa, mi lascia oltremodo deluso. Mi riferisco al video della Nannini, e alla risonanza che ha avuto per le scene che riguardano poliziotti o comunque forze dell\u2019ordine disegnati con la faccia da maiali. Alle timide scuse dell\u2019artista alla trasmissione tv \u2018Domenica In\u2019 non vi \u00e8 poi stata consequenzialit\u00e0, poich\u00e9 quella parte del video non \u00e8 stata modificata e tutto ci\u00f2, lascia in chiunque abbiamo un senso istituzionale, un profondo senso di amarezza&#8221;.<\/em><\/p>\n<p>&nbsp;<\/p>\n<p>&nbsp;<\/p>\n<hr \/>\n<p>&nbsp;<\/p>\n<blockquote>\n<h3>CONVENZIONI E RECESSI NEL CONSIGLIO COMUNALE<\/h3>\n<\/blockquote>\n<p><strong>ROCCA PIETORE<\/strong> Il sindaco Andrea De Bernardin ha convocato i consiglieri per oggi alle 18.30. All&#8217;ordine del giorno l&#8217;approvazione del recesso dalla convenzione per lo svolgimento delle funzioni di segreteria con il Comune di Cavaso del Tomba e approvazione della convenzione con il Comune di San Gregorio nelle Alpi. Ultimo punto il programma per il conferimento degli incarichi di collaborzione autonoma.<\/p>\n<p>&nbsp;<\/p>\n<p>&nbsp;<\/p>\n<hr \/>\n<p>&nbsp;<\/p>\n<blockquote>\n<h3>SERVIZIO CIVILE UNIVERSALE, LA PROROGA<\/h3>\n<\/blockquote>\n<p><strong>FELTRE<\/strong> Prorogato al 15 febbraio il Bando per la selezione di 74 operatori volontari da impegnare nei progetti presentati dall&#8217;Unione Montana Feltrina. Il bando e le relative istruzioni per l\u2019iscrizione online sono visibili: \u00a0dal sito https:\/\/www.feltrino.bl.it\/myportal\/CMF64\/vivere\/serviziocivile\/bandi e\u00a0dalla pagina facebook https:\/\/www.facebook.com\/serviziocivile.bellunese<\/p>\n<p>&nbsp;<\/p>\n<hr \/>\n<blockquote>\n<h3><\/h3>\n<h3><a href=\"https:\/\/www.radiopiu.net\/wordpress\/giornale-radiopiu-23-gennaio-2021-direttore-mirko-mezzacasa\/de-toni_prima-che-arrivi\/\" rel=\"attachment wp-att-186277\"><img loading=\"lazy\" decoding=\"async\" class=\"wp-image-186277 alignleft\" src=\"https:\/\/www.radiopiu.net\/wordpress\/wp-content\/uploads\/2021\/01\/De-Toni_Prima-che-arrivi-183x300.jpg\" alt=\"\" width=\"124\" height=\"203\" srcset=\"https:\/\/www.radiopiu.net\/wordpress\/wp-content\/uploads\/2021\/01\/De-Toni_Prima-che-arrivi-183x300.jpg 183w, https:\/\/www.radiopiu.net\/wordpress\/wp-content\/uploads\/2021\/01\/De-Toni_Prima-che-arrivi.jpg 623w\" sizes=\"auto, (max-width: 124px) 100vw, 124px\" \/><\/a>LE POESIE DI ALICE NELLE LIBRERIE BELLUNESI<\/h3>\n<\/blockquote>\n<p><strong>ALLEGHE<\/strong> Prima che arrivi la bella stagione, \u00e8 il titolo della nuova raccolta di poesie dell&#8217;alleghese Alice De Toni. Impossibile la presentazione in presenza, ma il libro gi\u00e0 si pu\u00f2 trovarlo a Belluno nelle librerie Campedel, Le Due Zitelle, Mondadori Bookstore e Tarantola; Feltre Agor\u00e0 e Pilotto; Rasai di Seren del Grappa libreria Quattro Sass, Alleghe in edicola. E&#8217; possibile acquistare il libro su sito della casa editrice www.edizionidbs.it<\/p>\n<p>&nbsp;<\/p>\n<p>&nbsp;<\/p>\n<p>&nbsp;<\/p>\n<p>&nbsp;<\/p>\n<hr \/>\n<p>&nbsp;<\/p>\n<p>&nbsp;<\/p>\n<blockquote>\n<h1>Training di Biodinamica Craniosacrale<\/h1>\n<\/blockquote>\n<p><em>Un profondo lavoro sul corpo e attraverso il corpo che si trasforma in un<\/em><em>viaggio alla scoperta di se stessi e delle proprie potenzialit\u00e0.\u00a0<\/em><\/p>\n<p><strong><a href=\"https:\/\/www.radiopiu.net\/wordpress\/covid-zaia-su-dati-europei-ecdc-non-realistici-perche-quelli-italiani-non-sono-uniformi-e-persino-ovvio-che-chi-fa-piu-tamponi-trova-piu-casi-ma-non-se\/pp-47\/\" rel=\"attachment wp-att-186942\"><img loading=\"lazy\" decoding=\"async\" class=\"wp-image-186942 alignleft\" src=\"https:\/\/www.radiopiu.net\/wordpress\/wp-content\/uploads\/2021\/01\/pp-2-300x300.jpg\" alt=\"\" width=\"174\" height=\"174\" srcset=\"https:\/\/www.radiopiu.net\/wordpress\/wp-content\/uploads\/2021\/01\/pp-2-300x300.jpg 300w, https:\/\/www.radiopiu.net\/wordpress\/wp-content\/uploads\/2021\/01\/pp-2-150x150.jpg 150w, https:\/\/www.radiopiu.net\/wordpress\/wp-content\/uploads\/2021\/01\/pp-2.jpg 640w\" sizes=\"auto, (max-width: 174px) 100vw, 174px\" \/><\/a>BELLUNO<\/strong> L&#8217;associazione culturale MU APS arriva a Belluno per presentare una tecnica manuale delicata e profonda che sostiene e stimola la capacit\u00e0 di autoguarigione nel corpo. Fa parte delle Discipline del Benessere e Bionaturali, e pu\u00f2 essere intrapreso sia come percorso professionale, sia come percorso di crescita personale. <strong>Per info, sessioni di prova e prenotazioni:Brunella Moro <span style=\"color: #0000ff;\">info@esteticaglamour.it<\/span> 347\/7742512 ISCRIZIONI ENTRO IL 15 MARZO SCONTO 10%\u00a0<\/strong><\/p>\n<p>&nbsp;<\/p>\n<p><span style=\"color: #ff0000;\">AUDIO BRUNELLA MORO<\/span><\/p>\n<audio class=\"wp-audio-shortcode\" id=\"audio-187094-10\" preload=\"none\" style=\"width: 100%;\" controls=\"controls\"><source type=\"audio\/mpeg\" src=\"https:\/\/www.radiopiu.net\/wordpress\/wp-content\/uploads\/2021\/01\/brunella.mp3?_=10\" \/><a href=\"https:\/\/www.radiopiu.net\/wordpress\/wp-content\/uploads\/2021\/01\/brunella.mp3\">https:\/\/www.radiopiu.net\/wordpress\/wp-content\/uploads\/2021\/01\/brunella.mp3<\/a><\/audio>\n<p>&nbsp;<\/p>\n<hr \/>\n<p>&nbsp;<\/p>\n<blockquote>\n<h3>LA SCUOLA SCI EQUIPE DI FALCADE SI PREPARA PER LA RIAPERTURA DEGLI IMPIANTI ORGANIZZANDO CORSI PER I GIOVANI<\/h3>\n<\/blockquote>\n<p><strong>FALCADE<\/strong> La Scuola Sci Equipe di Falcade sta aspettando con ansia la riapertura degli impianti sciistici e mette le mani avanti organizzando delle settimane bianche per le famiglie nel mese di marzo. Per ragioni di sicurezza legate alla diffusione della pandemia Covid-19 la data di apertura della skiarea \u00e8 posticipata, almeno fino al 15 febbraio. Nel frattempo\u00a0 i programmi delle settimane bianche dedicate alle famiglie e ai bambini. REBELS KIDS WEEK \u00a0dal 1 al 6 marzo e WEEK 4 KIDS dal 14 al 20 marzo. Sono previste interessanti scontistiche per l\u2019 acquisto dello skipass e per l\u2019alloggio presso le strutture aderenti.<\/p>\n<p>&nbsp;<\/p>\n<p>&nbsp;<\/p>\n<hr \/>\n<p>&nbsp;<\/p>\n<p><img loading=\"lazy\" decoding=\"async\" class=\"alignleft\" src=\"https:\/\/www.radiopiu.net\/wordpress\/wp-content\/uploads\/2021\/01\/WhatsApp-Image-2019-04-29-at-20.28.17.jpg\" width=\"192\" height=\"144\" \/><\/p>\n<h2>L&#8217;AUSER DI TISER &#8211; CIRCOLO SEMPRE ATTIVO &#8211; APRE LA SEDE PER IL TESSERAMENTO<\/h2>\n<p><strong>Visto il protrarsi delle normative relative al corona virus che impongono la sospensione delle attivit\u00e0 ludiche delle varie associazioni, il circolo Auser Col Bel di Tiser ha deciso di aprire la propria sede per permettere ai propri associati, o a chi vuol fare parte di tale sodalizio, di poter tesserarsi per il 2021. L&#8217;apertura dalle 15.00 alle 16.30 tutti i giorni ad esclusione della domenica. Resta inteso che il Circolo \u00e8 sempre attivo per eventuali servizi di accompagnamento in accordo con ASCA ed il circolo El Broi di Agordo come da tempo consolidato.<\/strong><\/p>\n<p>&nbsp;<\/p>\n<p>&nbsp;<\/p>\n<hr \/>\n<p>&nbsp;<\/p>\n<blockquote class=\"wp-embedded-content\" data-secret=\"b00TfCQkWG\"><p><a href=\"https:\/\/www.radiopiu.net\/wordpress\/con-silvano-savio-visitiamo-il-museo-dedicato-a-papa-luciani\/\">CON SILVANO SAVIO VISITIAMO IL MUSEO DEDICATO A PAPA LUCIANI<\/a><\/p><\/blockquote>\n<p><iframe loading=\"lazy\" class=\"wp-embedded-content\" sandbox=\"allow-scripts\" security=\"restricted\" style=\"position: absolute; clip: rect(1px, 1px, 1px, 1px);\" title=\"&#8220;CON SILVANO SAVIO VISITIAMO IL MUSEO DEDICATO A PAPA LUCIANI&#8221; &#8212; Radio Pi\u00f9\" src=\"https:\/\/www.radiopiu.net\/wordpress\/con-silvano-savio-visitiamo-il-museo-dedicato-a-papa-luciani\/embed\/#?secret=b00TfCQkWG\" data-secret=\"b00TfCQkWG\" width=\"600\" height=\"338\" frameborder=\"0\" marginwidth=\"0\" marginheight=\"0\" scrolling=\"no\"><\/iframe><\/p>\n<p>&nbsp;<\/p>\n<hr \/>\n<p>&nbsp;<\/p>\n<blockquote>\n<h3>LA CARTA PER LA SCUOLA \u201cESSERE. PENSARE, FARE SCUOLA INSIEME\u201d<\/h3>\n<\/blockquote>\n<p><strong>BELLUNO<\/strong> E\u2019 stata pubblicata in questi giorni la Carta per la scuola, scritta e pensata all\u2019interno del Comitato Belluno Comunit\u00e0 che Educa. La Carta, frutto di una riflessione a pi\u00f9 voci, iniziata alcuni anni fa, alla nascita del Comitato, \u00e8 un\u2019analisi sulla scuola di oggi \u00e8 una proposta per la scuola di domani. A partire dal pensiero di don Lorenzo Milani, e stimolata dai dati raccolti da un recente questionario fra oltre duemila giovani bellunesi, curato dalla Consulta provinciale studentesca, la Carta per la Scuola si struttura attorno a tre verbi: Essere, Pensare e Fare. Essere, nel significato di essere in ascolto e di essere testimonianza fra e per i ragazzi; pensare, nel senso di ricercare, costruire e comunicare, attraverso le parole, i significati della scuola nella societ\u00e0 di oggi; fare che vuol dire progettare, realizzare e condividere a scuola esperienze significative.\u00a0 Belluno Comunit\u00e0 che Educa, Comitato che riunisce cittadini e rappresentanti di diverse realt\u00e0 istituzionali e associative della Provincia di Belluno, vuole, attraverso la Carta per la Scuola, contribuire al dibattito e stimolare gli interventi di genitori, studenti, insegnanti, educatori, cittadini perch\u00e9, il Comitato ne \u00e8 convinto, la scuola \u00e8 di tutti e non va lasciata sola. La sua dimensione collettiva fa s\u00ec che la Scuola possa crescere e far crescere. I suoi valori fondanti risiedono in questa dimensione comunitaria. E\u2019 possibile leggere e sottoscrivere la Carta per la scuola in rete: &#8211; sulla pagina FB del Comitato\u00a0 bellunoeduca.it<br \/>\n&#8211; sul sito delle Scuole in Rete per un mondo di solidariet\u00e0 e di pace (https:\/\/www.studentibelluno.it\/) &#8211; sul sito della Diocesi di Belluno-Feltre (www.chiesabellunofeltre.it) &#8211; sul sito dell\u2019Associazione gruppi INSIEME SI PUO\u2019\u2026 (www.365giorni.org) &#8211; scrivendo all\u2019indirizzo e-mail del Comitato: bellunoeduca@gmail.com<\/p>\n<p>COMITATO BELLUNO COMUNITA CHE EDUCA PAOLA BARATTIN, BRUNELLA BORTOLUZZI, BRUNO BRATTI \u2013 Cooperativa SAN GIORGIO e SCOUT FSE, FRANCO CHEMELLO \u2013 SCUOLE IN RETE PER UN MONDO DI SOLIDARIETA\u2019 E DI PACE e ASSOCIAZIONE AMICI DELLE SCUOLE IN RETE, FRANCESCA CURTI, FEDERICA DE CARLI \u2013 INSIEME SI PUO\u2019 Ong, ANNA DELLA LUCIA \u2013 SCOUT AGESCI, M. CRISTINA GIAFFREDO \u2013 Associazione BUCANEVE Onlus, ANTONELLA GRIS \u2013 MIUR \u2013 Ufficio IV Belluno \u2013 Area INCLUSIONE, ANDREA MARIO &#8211; Cooperativa SAMARCANDA, LORIANA<br \/>\nPISON, DON ALEX VASCELLARI \u2013 Ufficio di pastorale dell\u2019educazione e della scuola della Diocesi di BELLUNO-FELTRE .<\/p>\n<p>&nbsp;<\/p>\n<hr \/>\n<blockquote>\n<h3><\/h3>\n<h3>UN \u201cINSTANCABILE DECORATORE\u201d: UMBERTO DA POS, NATIVO DI TORCH<\/h3>\n<\/blockquote>\n<p><strong>di Renato Bona<\/strong><\/p>\n<p>Clamoroso l\u2019episodio che lo vide protagonista involontario di un equivoco a proposito di due finestre di un palazzo di Belluno Sempre scoprendo figure e storie sicuramente non secondarie, proseguiamo la rilettura del libro \u201cPersonaggi illustri dell\u2019Alpago e Ponte nelle Alpi\u201d realizzato dal maestro Mario De Nale (purtroppo scomparso), per il centenario di Placido Fabris, uno dei pi\u00f9 illustri, edito nell\u2019agosto del 1978 ad iniziativa del Centro sociale di educazione permanente di Tambre e dell\u2019Aeb: Associazione emigranti bellunesi, col concorso della Regione Veneto e della Cassa di risparmio di Verona, Vicenza e Belluno. E ci imbattiamo in quello che \u00e8 ricordato come \u201cUn instancabile decoratore\u201d vale a dire Umberto Da Pos, detto \u201cBerto dei Pieri\u201d, figlio di Antonio e di Teresa De Col, nato a Torch di Pieve d\u2019Alpago il 22 luglio 1883 e mancato il 10 gennaio 1963. Il suo maestro di scuola, preso atto della spiccata attitudine del giovane per l\u2019arte figurativa, ne caldeggi\u00f2 l\u2019iscrizione all\u2019Accademia di Venezia dove il nostro acquis\u00ec le tecniche artistiche che gli consentirono di divenire un \u201cprovetto decoratore e intagliatore\u201d. Che, lo spiegheremo alla fine, \u00e8 stato anche involontario protagonista di un clamoroso episodio avvenuto a Belluno. L\u2019autore del libro ricordava quindi che: \u201cDotato di un fisico robusto incline a malattie, divenne un instancabile lavoratore; infatti sfogliando le sue numerose agende aggiornate di tutto punto con l\u2019indicazione di numerosissimi impegni, di vicissitudini familiari, di viaggi, di feste, di funerali, che lo vedevano occupato in una giornata in varie localit\u00e0, lasciando perplessi, si ha l\u2019impressione di scoprire in lui qualcosa di misterioso\u201d. Come che sia, Umberto Da Pos decor\u00f2 le chiese di Farra, Puos, Lamosano, Tiser, Zopp\u00e8 di Cadore, Frassen\u00e8 Agordino, Pieve ed altre; numerose poi ville e case dell\u2019Alpago e Belluno (un suo motivo \u00e8 visibile nella facciata della casa dei Da Vi\u00e0 a Puos): la farmacia di Puos e diversi bar, come: il San Marco di Puos e il San Paolo di Bruno Lavina a Borsoi. Nelle chiese di Lamosano e di Zopp\u00e8 di Cadore si ammirano i graffiti raffiguranti i quattro Evangelisti. Restaur\u00f2 il Crocifisso di Plois, opera di Brustolon, \u201ccon una tinta che non contribu\u00ec affatto ad accrescerne il valore&#8230; \u201c. E siamo al 1936 quando, nel soffitto della chiesa di Quers, dipinse una Santa Giustina e nella chiesa di Plois un San Floriano. Numerose anche le testimonianze sulla sua attivit\u00e0 di intagliatore: l\u2019altar maggiore della cappella della chiesa di Pieve d\u2019Alpago (iniziato il 29 agosto 1957 ed inaugurato il 29 novembre successivo); battistero ligneo, due confessionali, alcuni banchi, la cornice e il baldacchino del pulpito, la Croce (ultimata il 13 maggio 1956), l\u2019armonium finito il 16 febbraio 1959 e il pilastro della Madonna della chiesa di Pieve. Ancora: il battistero ligneo della chiesa di Chies (iniziato con un acconto di diecimila lire, il 6 febbraio 1956 e posto in opera il 18 marzo); la cassettina per le elemosine, le croci lignee, il candelabro per il cero pasquale, due piedistalli per crocifissi, il crocifisso della sacrestia, la custodia della Santissima eucarestia per la settimana santa, la doratura del tabernacolo della chiesa di Puos (per la quale ricevette pure un acconto di 10 mila lire da don Luigi Boranga); e poi le cornici della Via Crucis della chiesa di San Rocco, i crocefissi della chiesa di San Pietro, quello dell\u2019altare della chiesa di San Valentino, il carro funebre di Tambre, uno dei crocifissi di Quers, pilastro ed altare del Redentore di Bastia; c\u2019\u00e8 da dire che diversi mobili e pensili ornano ancora oggi ville e case alpagote. Mario De Nale concludeva il capitolo su Da Pos richiamando un episodio sorprendente a dir poco, registrato in occasione della demolizione del palazzo di Piazza dei Martiri a Belluno, della Societ\u00e0 Reale Mutua di assicurazione, di fronte alla sede dei Vigili urbani: durante i lavori \u201cfurono notate due finestre ritenute del Cinquecento in quanto portavano la dicitura con data \u2018Bertus fecit XVI\u201d, per cui la Sovrintendenza alle Belle arti fece sospendere i lavori. Il Da Pos allora si present\u00f2 all\u2019autorit\u00e0 competente per informarla che si trattava di un grossolano equivoco in quanto le finestre in questione erano opera sua e che, quindi, il numero XVI non si riferiva al sedicesimo secolo ma al sedicesimo anno dell\u2019era fascista!!!\u201d.<\/p>\n\n\t\t\t<style type='text\/css'>\n\t\t\t\t#gallery-2 {\n\t\t\t\t\tmargin: auto;\n\t\t\t\t}\n\t\t\t\t#gallery-2 .gallery-item {\n\t\t\t\t\tfloat: left;\n\t\t\t\t\tmargin-top: 10px;\n\t\t\t\t\ttext-align: center;\n\t\t\t\t\twidth: 20%;\n\t\t\t\t}\n\t\t\t\t#gallery-2 img {\n\t\t\t\t\tborder: 2px solid #cfcfcf;\n\t\t\t\t}\n\t\t\t\t#gallery-2 .gallery-caption {\n\t\t\t\t\tmargin-left: 0;\n\t\t\t\t}\n\t\t\t\t\/* see gallery_shortcode() in wp-includes\/media.php *\/\n\t\t\t<\/style>\n\t\t<div id='gallery-2' class='dt-gallery-container gallery galleryid-187094 gallery-columns-5 gallery-size-thumbnail'><dl class='gallery-item'>\n\t\t\t\t<dt class='gallery-icon landscape'>\n\t\t\t\t\t<a class=\"rollover rollover-zoom dt-pswp-item\" title=\"142964292_114320923918574_7561494521109986334_n\" data-dt-img-description=\"\" data-large_image_width=\"2560\" data-large_image_height=\"1920\"href='https:\/\/www.radiopiu.net\/wordpress\/wp-content\/uploads\/2021\/01\/142964292_114320923918574_7561494521109986334_n-scaled.jpg'><img loading=\"lazy\" decoding=\"async\" width=\"150\" height=\"150\" src=\"https:\/\/www.radiopiu.net\/wordpress\/wp-content\/uploads\/2021\/01\/142964292_114320923918574_7561494521109986334_n-150x150.jpg\" class=\"attachment-thumbnail size-thumbnail\" alt=\"\" \/><\/a>\n\t\t\t\t<\/dt><\/dl><dl class='gallery-item'>\n\t\t\t\t<dt class='gallery-icon portrait'>\n\t\t\t\t\t<a class=\"rollover rollover-zoom dt-pswp-item\" title=\"143104376_136455878303193_7972979742679973526_n\" data-dt-img-description=\"\" data-large_image_width=\"1555\" data-large_image_height=\"2031\"href='https:\/\/www.radiopiu.net\/wordpress\/wp-content\/uploads\/2021\/01\/143104376_136455878303193_7972979742679973526_n.jpg'><img loading=\"lazy\" decoding=\"async\" width=\"150\" height=\"150\" src=\"https:\/\/www.radiopiu.net\/wordpress\/wp-content\/uploads\/2021\/01\/143104376_136455878303193_7972979742679973526_n-150x150.jpg\" class=\"attachment-thumbnail size-thumbnail\" alt=\"\" \/><\/a>\n\t\t\t\t<\/dt><\/dl><dl class='gallery-item'>\n\t\t\t\t<dt class='gallery-icon portrait'>\n\t\t\t\t\t<a class=\"rollover rollover-zoom dt-pswp-item\" title=\"143301010_215356176931569_8892301434327893501_n\" data-dt-img-description=\"\" data-large_image_width=\"1756\" data-large_image_height=\"2560\"href='https:\/\/www.radiopiu.net\/wordpress\/wp-content\/uploads\/2021\/01\/143301010_215356176931569_8892301434327893501_n-scaled.jpg'><img loading=\"lazy\" decoding=\"async\" width=\"150\" height=\"150\" src=\"https:\/\/www.radiopiu.net\/wordpress\/wp-content\/uploads\/2021\/01\/143301010_215356176931569_8892301434327893501_n-150x150.jpg\" class=\"attachment-thumbnail size-thumbnail\" alt=\"\" \/><\/a>\n\t\t\t\t<\/dt><\/dl><dl class='gallery-item'>\n\t\t\t\t<dt class='gallery-icon portrait'>\n\t\t\t\t\t<a class=\"rollover rollover-zoom dt-pswp-item\" title=\"142836482_2883915565156241_9093912264270419453_n\" data-dt-img-description=\"\" data-large_image_width=\"1686\" data-large_image_height=\"2560\"href='https:\/\/www.radiopiu.net\/wordpress\/wp-content\/uploads\/2021\/01\/142836482_2883915565156241_9093912264270419453_n-scaled.jpg'><img loading=\"lazy\" decoding=\"async\" width=\"150\" height=\"150\" src=\"https:\/\/www.radiopiu.net\/wordpress\/wp-content\/uploads\/2021\/01\/142836482_2883915565156241_9093912264270419453_n-150x150.jpg\" class=\"attachment-thumbnail size-thumbnail\" alt=\"\" \/><\/a>\n\t\t\t\t<\/dt><\/dl><dl class='gallery-item'>\n\t\t\t\t<dt class='gallery-icon portrait'>\n\t\t\t\t\t<a class=\"rollover rollover-zoom dt-pswp-item\" title=\"143427695_350708019228227_4900058594739632467_n\" data-dt-img-description=\"\" data-large_image_width=\"1519\" data-large_image_height=\"2427\"href='https:\/\/www.radiopiu.net\/wordpress\/wp-content\/uploads\/2021\/01\/143427695_350708019228227_4900058594739632467_n.jpg'><img loading=\"lazy\" decoding=\"async\" width=\"150\" height=\"150\" src=\"https:\/\/www.radiopiu.net\/wordpress\/wp-content\/uploads\/2021\/01\/143427695_350708019228227_4900058594739632467_n-150x150.jpg\" class=\"attachment-thumbnail size-thumbnail\" alt=\"\" \/><\/a>\n\t\t\t\t<\/dt><\/dl><br style=\"clear: both\" \/>\n\t\t\t<\/div>\n\n<p>NELLE FOTO (riproduzioni dal libro di Mario De Nale e sito Galprealpidolomiti): Umberto Da Pos; il Crocefisso di Andrea Brustolon nel presbiterio della chiesa di Plois, col Salvatore che esala l\u2019ultimo respiro; l\u2019altare della cappella di Pieve; la Croce nella sagrestia di Puos; il Palazzo di Piazza dei Martiri di Belluno dove vennero notate le due finestre con data che fece ritenere fossero del sedicesimo secolo ed erano invece opera di Da Pos nell\u2019anno sedicesimo dell\u2019\u2026 era fascista!!!<\/p>\n<p>&nbsp;<\/p>\n<p>&nbsp;<\/p>\n<hr \/>\n<p>&nbsp;<\/p>\n<div class=\"page-title-head hgroup\">\n<blockquote>\n<h2 class=\"entry-title\">ORTOPEDIA FUORI DAL TUNNEL, RIPRENDE L\u2019ATTIVITA\u2019 AD AGORDO NELL\u2019OSPEDALE COVID FREE<\/h2>\n<\/blockquote>\n<p><strong><a href=\"https:\/\/www.radiopiu.net\/wordpress\/valle-imperina\/ortopedia-ospedale-agordo-3\/\" rel=\"attachment wp-att-169310\"><img loading=\"lazy\" decoding=\"async\" class=\"wp-image-169310 alignleft\" src=\"https:\/\/www.radiopiu.net\/wordpress\/wp-content\/uploads\/2020\/10\/ORTOPEDIA-OSPEDALE-AGORDO-3-169x300.jpg\" alt=\"\" width=\"115\" height=\"204\" srcset=\"https:\/\/www.radiopiu.net\/wordpress\/wp-content\/uploads\/2020\/10\/ORTOPEDIA-OSPEDALE-AGORDO-3-169x300.jpg 169w, https:\/\/www.radiopiu.net\/wordpress\/wp-content\/uploads\/2020\/10\/ORTOPEDIA-OSPEDALE-AGORDO-3-576x1024.jpg 576w, https:\/\/www.radiopiu.net\/wordpress\/wp-content\/uploads\/2020\/10\/ORTOPEDIA-OSPEDALE-AGORDO-3-768x1367.jpg 768w, https:\/\/www.radiopiu.net\/wordpress\/wp-content\/uploads\/2020\/10\/ORTOPEDIA-OSPEDALE-AGORDO-3-863x1536.jpg 863w, https:\/\/www.radiopiu.net\/wordpress\/wp-content\/uploads\/2020\/10\/ORTOPEDIA-OSPEDALE-AGORDO-3.jpg 1151w\" sizes=\"auto, (max-width: 115px) 100vw, 115px\" \/><\/a><\/strong><\/p>\n<p>&nbsp;<\/p>\n<p><strong>AGORDO<\/strong> Il reparto di ortopedia ha riaperto, riprende l\u2019attivit\u00e0 protesica e traumatologica.<br \/>\nLa direzione medica (nella figura del dottor Raffaele Zanella) ha mantenuto le promesse. Inoltre la campagna vaccinale \u00e8 stata molto efficiente. Ne abbiamo parlato con il Primario dottor Federico Botto.<\/p>\n<p><strong>di Claudio Fontanive<\/strong><\/p>\n<audio class=\"wp-audio-shortcode\" id=\"audio-187094-11\" preload=\"none\" style=\"width: 100%;\" controls=\"controls\"><source type=\"audio\/mpeg\" src=\"https:\/\/www.radiopiu.net\/wordpress\/wp-content\/uploads\/2021\/01\/botto.mp3?_=11\" \/><a href=\"https:\/\/www.radiopiu.net\/wordpress\/wp-content\/uploads\/2021\/01\/botto.mp3\">https:\/\/www.radiopiu.net\/wordpress\/wp-content\/uploads\/2021\/01\/botto.mp3<\/a><\/audio>\n<\/div>\n<p>&nbsp;<\/p>\n<hr \/>\n<p>&nbsp;<\/p>\n<blockquote>\n<h2>RITORNA AI MICROFONI DI RADIO PIU&#8217; FRANCESCO ZILLIO<\/h2>\n<\/blockquote>\n<p><iframe loading=\"lazy\" title=\"EPCENTER PUNTA  01 -2021 SISTEMI DI RICARICA DELLE AUTO ELETTRICHE-CONNESSIONE IMPIANTI ESISTENTI\" width=\"1200\" height=\"675\" src=\"https:\/\/www.youtube.com\/embed\/5bVnKkY0gjk?feature=oembed\" frameborder=\"0\" allow=\"accelerometer; autoplay; clipboard-write; encrypted-media; gyroscope; picture-in-picture\" allowfullscreen><\/iframe><\/p>\n<p><strong>LA VIDEO GALLERY\u00a0<\/strong><\/p>\n<blockquote class=\"wp-embedded-content\" data-secret=\"vz2wRrboJK\"><p><a href=\"https:\/\/www.radiopiu.net\/wordpress\/ep-center-video-gallery\/\">EP CENTER video gallery<\/a><\/p><\/blockquote>\n<p><iframe loading=\"lazy\" class=\"wp-embedded-content\" sandbox=\"allow-scripts\" security=\"restricted\" style=\"position: absolute; clip: rect(1px, 1px, 1px, 1px);\" title=\"&#8220;EP CENTER video gallery&#8221; &#8212; Radio Pi\u00f9\" src=\"https:\/\/www.radiopiu.net\/wordpress\/ep-center-video-gallery\/embed\/#?secret=vz2wRrboJK\" data-secret=\"vz2wRrboJK\" width=\"600\" height=\"338\" frameborder=\"0\" marginwidth=\"0\" marginheight=\"0\" scrolling=\"no\"><\/iframe><\/p>\n<p>&nbsp;<\/p>\n<hr \/>\n<p>&nbsp;<\/p>\n<h2><span style=\"color: #800080;\">SANPA! LO SPECIALE DI RADIO PIU&#8217;<\/span><\/h2>\n<h3><a href=\"https:\/\/www.radiopiu.net\/wordpress\/sanpa-lo-speciale-di-radio-piu\/sanpa\/\" rel=\"attachment wp-att-185818\"><img loading=\"lazy\" decoding=\"async\" class=\"size-medium wp-image-185818 alignleft\" src=\"https:\/\/www.radiopiu.net\/wordpress\/wp-content\/uploads\/2021\/01\/SANPA-300x233.png\" alt=\"\" width=\"300\" height=\"233\" srcset=\"https:\/\/www.radiopiu.net\/wordpress\/wp-content\/uploads\/2021\/01\/SANPA-300x233.png 300w, https:\/\/www.radiopiu.net\/wordpress\/wp-content\/uploads\/2021\/01\/SANPA-1024x797.png 1024w, https:\/\/www.radiopiu.net\/wordpress\/wp-content\/uploads\/2021\/01\/SANPA-768x598.png 768w, https:\/\/www.radiopiu.net\/wordpress\/wp-content\/uploads\/2021\/01\/SANPA-1536x1195.png 1536w, https:\/\/www.radiopiu.net\/wordpress\/wp-content\/uploads\/2021\/01\/SANPA.png 1586w\" sizes=\"auto, (max-width: 300px) 100vw, 300px\" \/><\/a>San Patrignano e Vincenzo Muccioli, la storia dell\u2019Italia anni Ottanta nel pieno dell\u2019emergenza droga.<\/h3>\n<h3>di Luisa Alchini<\/h3>\n<p><em>SANPA &#8211; Luci e tenebre di San Patrignano \u00e8 una serie televisiva documentaristica originale realizzata da Netflix, prodotta e sviluppata da Gianluca Neri, scritta da Carlo Gabardini, Gianluca Neri e Paolo Bernardelli con la regia di Cosima Spender. Attraverso testimonianze e immagini di repertorio, la docu-serie in 5 episodi racconta la controversa storia della comunit\u00e0 di recupero di San Patrignano fondata da Vincenzo Muccioli nel 1978, a Coriano, in provincia di Rimini.\u00a0<\/em><\/p>\n<audio class=\"wp-audio-shortcode\" id=\"audio-187094-12\" preload=\"none\" style=\"width: 100%;\" controls=\"controls\"><source type=\"audio\/mpeg\" src=\"https:\/\/www.radiopiu.net\/wordpress\/wp-content\/uploads\/2021\/01\/speciale-SANPA2.mp3?_=12\" \/><a href=\"https:\/\/www.radiopiu.net\/wordpress\/wp-content\/uploads\/2021\/01\/speciale-SANPA2.mp3\">https:\/\/www.radiopiu.net\/wordpress\/wp-content\/uploads\/2021\/01\/speciale-SANPA2.mp3<\/a><\/audio>\n<p>&nbsp;<\/p>\n<hr \/>\n<p>&nbsp;<\/p>\n<blockquote class=\"wp-embedded-content\" data-secret=\"jibsrnEqzi\"><p><a href=\"https:\/\/www.radiopiu.net\/wordpress\/conosciamo-la-corale-di-limana-con-le-interviste-di-silvia-baldo\/\">CONOSCIAMO LA CORALE DI LIMANA CON LE INTERVISTE DI SILVIA BALDO<\/a><\/p><\/blockquote>\n<p><iframe loading=\"lazy\" class=\"wp-embedded-content\" sandbox=\"allow-scripts\" security=\"restricted\" style=\"position: absolute; clip: rect(1px, 1px, 1px, 1px);\" title=\"&#8220;CONOSCIAMO LA CORALE DI LIMANA CON LE INTERVISTE DI SILVIA BALDO&#8221; &#8212; Radio Pi\u00f9\" src=\"https:\/\/www.radiopiu.net\/wordpress\/conosciamo-la-corale-di-limana-con-le-interviste-di-silvia-baldo\/embed\/#?secret=jibsrnEqzi\" data-secret=\"jibsrnEqzi\" width=\"600\" height=\"338\" frameborder=\"0\" marginwidth=\"0\" marginheight=\"0\" scrolling=\"no\"><\/iframe><\/p>\n<p>&nbsp;<\/p>\n<p>&nbsp;<\/p>\n<hr \/>\n<div dir=\"auto\">\n<blockquote>\n<h2><\/h2>\n<h2>FANTASTICHE DOLOMITI, NUOVA STAGIONE. APPUNTAMENTO QUINDICINALE IL GIOVEDI ALLE 10.30 E 19.00<\/h2>\n<\/blockquote>\n<h1>LA RACCOLTA COMPLETA<\/h1>\n<blockquote class=\"wp-embedded-content\" data-secret=\"OshY8QAmU1\"><p><a href=\"https:\/\/www.radiopiu.net\/wordpress\/https-wp-me-p63lo7-gyg\/\">FANTASTICHE DOLOMITI 7^ PUNTATA: IL QUINDICINALE APPUNTAMENTO ALLA RADIO<\/a><\/p><\/blockquote>\n<p><iframe loading=\"lazy\" class=\"wp-embedded-content\" sandbox=\"allow-scripts\" security=\"restricted\" style=\"position: absolute; clip: rect(1px, 1px, 1px, 1px);\" title=\"&#8220;FANTASTICHE DOLOMITI 7^ PUNTATA: IL QUINDICINALE APPUNTAMENTO ALLA RADIO&#8221; &#8212; Radio Pi\u00f9\" src=\"https:\/\/www.radiopiu.net\/wordpress\/https-wp-me-p63lo7-gyg\/embed\/#?secret=OshY8QAmU1\" data-secret=\"OshY8QAmU1\" width=\"600\" height=\"338\" frameborder=\"0\" marginwidth=\"0\" marginheight=\"0\" scrolling=\"no\"><\/iframe><\/p>\n<div class=\"mw-parser-output\"><\/div>\n<a href=\"https:\/\/www.radiopiu.net\/wordpress\/wp-content\/uploads\/2021\/01\/Fondazione-Fantastiche-Dolomiti-Misure-di-incentivazione-e-sostegno-1.pdf\" class=\"pdfemb-viewer\" style=\"\" data-width=\"max\" data-height=\"max\" data-toolbar=\"top\" data-toolbar-fixed=\"on\">Fondazione Fantastiche Dolomiti \u2013 Misure di incentivazione e sostegno-1<\/a>\n<p>&nbsp;<\/p>\n<hr \/>\n<blockquote>\n<h2><\/h2>\n<h2>SALUTE E SOCIETA&#8217; IL LUNEDI ALLE 13.10 E ALLE 20.10, LA DOMENICA ALLE 10.30 A CURA DEL DOTTOR MARCO CARACCIOLO. QUINTA STAGIONE<\/h2>\n<\/blockquote>\n<p><a href=\"https:\/\/www.radiopiu.net\/wordpress\/giornale-radiopiu-26-gennaio-2021-direttore-mirko-mezzacasa\/october-breast-cancer-awareness-month-adult-woman-hand-holding\/\" rel=\"attachment wp-att-186779\"><img loading=\"lazy\" decoding=\"async\" class=\" wp-image-186779 alignleft\" src=\"https:\/\/www.radiopiu.net\/wordpress\/wp-content\/uploads\/2021\/01\/7c80c3e0-66c5-4ea7-a5be-767151665bfa-300x167.jpg\" alt=\"\" width=\"201\" height=\"112\" srcset=\"https:\/\/www.radiopiu.net\/wordpress\/wp-content\/uploads\/2021\/01\/7c80c3e0-66c5-4ea7-a5be-767151665bfa-300x167.jpg 300w, https:\/\/www.radiopiu.net\/wordpress\/wp-content\/uploads\/2021\/01\/7c80c3e0-66c5-4ea7-a5be-767151665bfa-768x427.jpg 768w, https:\/\/www.radiopiu.net\/wordpress\/wp-content\/uploads\/2021\/01\/7c80c3e0-66c5-4ea7-a5be-767151665bfa.jpg 800w\" sizes=\"auto, (max-width: 201px) 100vw, 201px\" \/><\/a><strong><span style=\"color: #ff0000;\">LA PUNTATA DELLA SETTIMANA\u00a0 <\/span><\/strong>Laudato Medico \u00e8 il riconoscimento istituito per preservare l\u2019eredit\u00e0 umana del professor Umberto Veronesi: accoglienza, ascolto, comunicazione e vicinanza al paziente. Ogni anno, dal 1\u00b0 al 31 ottobre, le pazienti che hanno o hanno avuto il tumore al seno hanno segnalato i medici che gli sono stati pi\u00f9 vicino durante il percorso di cura. Rosanna D\u2019Antona, Presidente Europa Donna Italia<\/p>\n<audio class=\"wp-audio-shortcode\" id=\"audio-187094-13\" preload=\"none\" style=\"width: 100%;\" controls=\"controls\"><source type=\"audio\/mpeg\" src=\"https:\/\/www.radiopiu.net\/wordpress\/wp-content\/uploads\/2021\/01\/SALUTE-2.mp3?_=13\" \/><a href=\"https:\/\/www.radiopiu.net\/wordpress\/wp-content\/uploads\/2021\/01\/SALUTE-2.mp3\">https:\/\/www.radiopiu.net\/wordpress\/wp-content\/uploads\/2021\/01\/SALUTE-2.mp3<\/a><\/audio>\n<h3>LA RACCOLTA COMPLETA<\/h3>\n<blockquote class=\"wp-embedded-content\" data-secret=\"0rFQHAt5KC\"><p><a href=\"https:\/\/www.radiopiu.net\/wordpress\/saluteesocieta\/\">Salute e Societ\u00e0<\/a><\/p><\/blockquote>\n<p><iframe loading=\"lazy\" class=\"wp-embedded-content\" sandbox=\"allow-scripts\" security=\"restricted\" style=\"position: absolute; clip: rect(1px, 1px, 1px, 1px);\" title=\"&#8220;Salute e Societ\u00e0&#8221; &#8212; Radio Pi\u00f9\" src=\"https:\/\/www.radiopiu.net\/wordpress\/saluteesocieta\/embed\/#?secret=0rFQHAt5KC\" data-secret=\"0rFQHAt5KC\" width=\"600\" height=\"338\" frameborder=\"0\" marginwidth=\"0\" marginheight=\"0\" scrolling=\"no\"><\/iframe><\/p>\n<hr \/>\n<h2><\/h2>\n<h2><span style=\"color: #ff0000;\"><a href=\"https:\/\/www.radiopiu.net\/wordpress\/giornale-radiopiu-05-gennaio-2021-direttore-mirko-mezzacasa\/133200401_100838761953611_1258544160541445132_o-2\/\" rel=\"attachment wp-att-183078\"><img loading=\"lazy\" decoding=\"async\" class=\" wp-image-183078 alignleft\" src=\"https:\/\/www.radiopiu.net\/wordpress\/wp-content\/uploads\/2021\/01\/133200401_100838761953611_1258544160541445132_o-1-300x157.jpg\" alt=\"\" width=\"192\" height=\"101\" srcset=\"https:\/\/www.radiopiu.net\/wordpress\/wp-content\/uploads\/2021\/01\/133200401_100838761953611_1258544160541445132_o-1-300x157.jpg 300w, https:\/\/www.radiopiu.net\/wordpress\/wp-content\/uploads\/2021\/01\/133200401_100838761953611_1258544160541445132_o-1.jpg 526w\" sizes=\"auto, (max-width: 192px) 100vw, 192px\" \/><\/a>GOCCE DI FILOSOFIA, CON CHIARA CAU, CON LISA DE LUCA. <\/span><\/h2>\n<h2><span style=\"color: #ff0000;\">TUTTI I GIORNI DAL LUNEDI AL VENERDI ALLE 6.55 E ALLE 18.55<\/span><\/h2>\n<p>&nbsp;<\/p>\n<p><strong>PUNTATA 18<\/strong><\/p>\n<p>AUDIO<\/p>\n<audio class=\"wp-audio-shortcode\" id=\"audio-187094-14\" preload=\"none\" style=\"width: 100%;\" controls=\"controls\"><source type=\"audio\/mpeg\" src=\"https:\/\/www.radiopiu.net\/wordpress\/wp-content\/uploads\/2021\/01\/FI3-1.mp3?_=14\" \/><a href=\"https:\/\/www.radiopiu.net\/wordpress\/wp-content\/uploads\/2021\/01\/FI3-1.mp3\">https:\/\/www.radiopiu.net\/wordpress\/wp-content\/uploads\/2021\/01\/FI3-1.mp3<\/a><\/audio>\n<p>&nbsp;<\/p>\n<h3>LA RACCOLTA COMPLETA<\/h3>\n<blockquote class=\"wp-embedded-content\" data-secret=\"unU3fcqs4Q\"><p><a href=\"https:\/\/www.radiopiu.net\/wordpress\/gocce-filosofia\/\">Gocce di filosofia<\/a><\/p><\/blockquote>\n<p><iframe loading=\"lazy\" class=\"wp-embedded-content\" sandbox=\"allow-scripts\" security=\"restricted\" style=\"position: absolute; clip: rect(1px, 1px, 1px, 1px);\" title=\"&#8220;Gocce di filosofia&#8221; &#8212; Radio Pi\u00f9\" src=\"https:\/\/www.radiopiu.net\/wordpress\/gocce-filosofia\/embed\/#?secret=unU3fcqs4Q\" data-secret=\"unU3fcqs4Q\" width=\"600\" height=\"338\" frameborder=\"0\" marginwidth=\"0\" marginheight=\"0\" scrolling=\"no\"><\/iframe><\/p>\n<p>&nbsp;<\/p>\n<hr \/>\n<p>&nbsp;<\/p>\n<div class=\"im_message_wrap clearfix\">\n<div class=\"im_content_message_wrap im_message_out\">\n<h2><span style=\"color: #ff0000;\">IERI ALLA RADIO\u00a0 IN VIVO VERSO 2020-21<\/span><\/h2>\n<p><strong><span style=\"color: #0000ff;\">IN ONDA DAL LUNEDI AL VENERDI ALLE 7.10, 10.10, 18.50\u00a0<\/span><\/strong><\/p>\n<blockquote class=\"wp-embedded-content\" data-secret=\"iiEE8lJVGc\"><p><a href=\"https:\/\/www.radiopiu.net\/wordpress\/silenzio-di-federico-bez\/\">SILENZIO di FEDERICO BEZ<\/a><\/p><\/blockquote>\n<p><iframe loading=\"lazy\" class=\"wp-embedded-content\" sandbox=\"allow-scripts\" security=\"restricted\" style=\"position: absolute; clip: rect(1px, 1px, 1px, 1px);\" title=\"&#8220;SILENZIO di FEDERICO BEZ&#8221; &#8212; Radio Pi\u00f9\" src=\"https:\/\/www.radiopiu.net\/wordpress\/silenzio-di-federico-bez\/embed\/#?secret=iiEE8lJVGc\" data-secret=\"iiEE8lJVGc\" width=\"600\" height=\"338\" frameborder=\"0\" marginwidth=\"0\" marginheight=\"0\" scrolling=\"no\"><\/iframe><\/p>\n<p><strong><span style=\"font-family: Verdana, sans-serif;\"><span style=\"font-size: medium;\">LA RACCOLTA COMPLETA, TUTTE LE COLLEZIONI<\/span><\/span><\/strong><\/p>\n<blockquote class=\"wp-embedded-content\" data-secret=\"j2A68r2iLr\"><p><a href=\"https:\/\/www.radiopiu.net\/wordpress\/in-vivo-verso\/\">In Vivo Verso<\/a><\/p><\/blockquote>\n<p><iframe loading=\"lazy\" class=\"wp-embedded-content\" sandbox=\"allow-scripts\" security=\"restricted\" style=\"position: absolute; clip: rect(1px, 1px, 1px, 1px);\" title=\"&#8220;In Vivo Verso&#8221; &#8212; Radio Pi\u00f9\" src=\"https:\/\/www.radiopiu.net\/wordpress\/in-vivo-verso\/embed\/#?secret=j2A68r2iLr\" data-secret=\"j2A68r2iLr\" width=\"600\" height=\"338\" frameborder=\"0\" marginwidth=\"0\" marginheight=\"0\" scrolling=\"no\"><\/iframe><\/p>\n<p>&nbsp;<\/p>\n<\/div>\n<\/div>\n<hr \/>\n<p>&nbsp;<\/p>\n<h2><a href=\"https:\/\/www.radiopiu.net\/wordpress\/capitali-della-cultura\/library-with-books_1063-98\/\" rel=\"attachment wp-att-186776\"><img loading=\"lazy\" decoding=\"async\" class=\"wp-image-186776 alignleft\" src=\"https:\/\/www.radiopiu.net\/wordpress\/wp-content\/uploads\/2021\/01\/library-with-books_1063-98-300x200.jpg\" alt=\"\" width=\"149\" height=\"99\" srcset=\"https:\/\/www.radiopiu.net\/wordpress\/wp-content\/uploads\/2021\/01\/library-with-books_1063-98-300x200.jpg 300w, https:\/\/www.radiopiu.net\/wordpress\/wp-content\/uploads\/2021\/01\/library-with-books_1063-98.jpg 626w\" sizes=\"auto, (max-width: 149px) 100vw, 149px\" \/><\/a>007 IN CONDOTTA CON LA PROF. MARIA ROSA SALMAZO IL LUNEDI ALLE 10,30 E ALLE 19.00 LA DOMENICA ALLE 8 DEL MATTINO. NONA STAGIONE<\/h2>\n<p><span style=\"color: #ff0000;\"><strong>LA PUNTATA DELLA SETTIMANA\u00a0<\/strong><\/span><\/p>\n<audio class=\"wp-audio-shortcode\" id=\"audio-187094-15\" preload=\"none\" style=\"width: 100%;\" controls=\"controls\"><source type=\"audio\/mpeg\" src=\"https:\/\/www.radiopiu.net\/wordpress\/wp-content\/uploads\/2020\/10\/007-condotta-25-gennaio.mp3?_=15\" \/><a href=\"https:\/\/www.radiopiu.net\/wordpress\/wp-content\/uploads\/2020\/10\/007-condotta-25-gennaio.mp3\">https:\/\/www.radiopiu.net\/wordpress\/wp-content\/uploads\/2020\/10\/007-condotta-25-gennaio.mp3<\/a><\/audio>\n<h2>LA RACCOLTA COMPLETA<\/h2>\n<blockquote class=\"wp-embedded-content\" data-secret=\"L6wiXv9S16\"><p><a href=\"https:\/\/www.radiopiu.net\/wordpress\/007incondotta-9\/\">007 in condotta<\/a><\/p><\/blockquote>\n<p><iframe loading=\"lazy\" class=\"wp-embedded-content\" sandbox=\"allow-scripts\" security=\"restricted\" style=\"position: absolute; clip: rect(1px, 1px, 1px, 1px);\" title=\"&#8220;007 in condotta&#8221; &#8212; Radio Pi\u00f9\" src=\"https:\/\/www.radiopiu.net\/wordpress\/007incondotta-9\/embed\/#?secret=L6wiXv9S16\" data-secret=\"L6wiXv9S16\" width=\"600\" height=\"338\" frameborder=\"0\" marginwidth=\"0\" marginheight=\"0\" scrolling=\"no\"><\/iframe><\/p>\n<p>&nbsp;<\/p>\n<p>&nbsp;<\/p>\n<p>&nbsp;<\/p>\n<hr \/>\n<p>&nbsp;<\/p>\n<blockquote>\n<h2><a href=\"https:\/\/www.radiopiu.net\/wordpress\/speciale-solidarieta-veneto\/solidarieta-veneto-3\/\" rel=\"attachment wp-att-134366\"><img loading=\"lazy\" decoding=\"async\" class=\"wp-image-134366 alignleft\" src=\"https:\/\/www.radiopiu.net\/wordpress\/wp-content\/uploads\/2020\/05\/solidariet\u00e0-veneto-300x210.jpg\" alt=\"\" width=\"102\" height=\"71\" srcset=\"https:\/\/www.radiopiu.net\/wordpress\/wp-content\/uploads\/2020\/05\/solidariet\u00e0-veneto-300x210.jpg 300w, https:\/\/www.radiopiu.net\/wordpress\/wp-content\/uploads\/2020\/05\/solidariet\u00e0-veneto-1024x717.jpg 1024w, https:\/\/www.radiopiu.net\/wordpress\/wp-content\/uploads\/2020\/05\/solidariet\u00e0-veneto-768x538.jpg 768w, https:\/\/www.radiopiu.net\/wordpress\/wp-content\/uploads\/2020\/05\/solidariet\u00e0-veneto.jpg 1373w\" sizes=\"auto, (max-width: 102px) 100vw, 102px\" \/><\/a>SOLIDARIETA&#8217; VENETO FONDO PENSIONE, IN ONDA IL PRIMO VENERDI DEL MESE ALLE 10.30 E ALLE 19.00 QUINTA STAGIONE<\/h2>\n<\/blockquote>\n<p><strong>AUDIO<\/strong><\/p>\n<audio class=\"wp-audio-shortcode\" id=\"audio-187094-16\" preload=\"none\" style=\"width: 100%;\" controls=\"controls\"><source type=\"audio\/mpeg\" src=\"https:\/\/www.radiopiu.net\/wordpress\/wp-content\/uploads\/2020\/10\/solidarieta-veneto-gennaio.mp3?_=16\" \/><a href=\"https:\/\/www.radiopiu.net\/wordpress\/wp-content\/uploads\/2020\/10\/solidarieta-veneto-gennaio.mp3\">https:\/\/www.radiopiu.net\/wordpress\/wp-content\/uploads\/2020\/10\/solidarieta-veneto-gennaio.mp3<\/a><\/audio>\n<p>&nbsp;<\/p>\n<blockquote>\n<h2>RACCOLTA COMPLETA<\/h2>\n<\/blockquote>\n<blockquote class=\"wp-embedded-content\" data-secret=\"XoPwCuCETX\"><p><a href=\"https:\/\/www.radiopiu.net\/wordpress\/solidarieta-veneto\/\">Solidariet\u00e0 Veneto<\/a><\/p><\/blockquote>\n<p><iframe loading=\"lazy\" class=\"wp-embedded-content\" sandbox=\"allow-scripts\" security=\"restricted\" style=\"position: absolute; clip: rect(1px, 1px, 1px, 1px);\" title=\"&#8220;Solidariet\u00e0 Veneto&#8221; &#8212; Radio Pi\u00f9\" src=\"https:\/\/www.radiopiu.net\/wordpress\/solidarieta-veneto\/embed\/#?secret=XoPwCuCETX\" data-secret=\"XoPwCuCETX\" width=\"600\" height=\"338\" frameborder=\"0\" marginwidth=\"0\" marginheight=\"0\" scrolling=\"no\"><\/iframe><\/p>\n<p>&nbsp;<\/p>\n<p>&nbsp;<\/p>\n<hr \/>\n<p>&nbsp;<\/p>\n<h2><span style=\"color: #808000;\">DUE MINUTI UN LIBRO\u00a0 TUTTI I GIORNI ALLA RADIO ALLE 9.30 E ALLE 18. QUINTA STAGIONE\u00a0<\/span><\/h2>\n<blockquote class=\"wp-embedded-content\" data-secret=\"5auwBCsQad\"><p><a href=\"https:\/\/www.radiopiu.net\/wordpress\/il-profumo-di-mio-padre\/\">IL PROFUMO DI MIO PADRE<\/a><\/p><\/blockquote>\n<p><iframe loading=\"lazy\" class=\"wp-embedded-content\" sandbox=\"allow-scripts\" security=\"restricted\" style=\"position: absolute; clip: rect(1px, 1px, 1px, 1px);\" title=\"&#8220;IL PROFUMO DI MIO PADRE&#8221; &#8212; Radio Pi\u00f9\" src=\"https:\/\/www.radiopiu.net\/wordpress\/il-profumo-di-mio-padre\/embed\/#?secret=5auwBCsQad\" data-secret=\"5auwBCsQad\" width=\"600\" height=\"338\" frameborder=\"0\" marginwidth=\"0\" marginheight=\"0\" scrolling=\"no\"><\/iframe><\/p>\n<h2>LA RACCOLTA COMPLETA<\/h2>\n<blockquote class=\"wp-embedded-content\" data-secret=\"KPDFz7agsq\"><p><a href=\"https:\/\/www.radiopiu.net\/wordpress\/due-minuti-un-libro\/\">Due minuti un libro<\/a><\/p><\/blockquote>\n<p><iframe loading=\"lazy\" class=\"wp-embedded-content\" sandbox=\"allow-scripts\" security=\"restricted\" style=\"position: absolute; clip: rect(1px, 1px, 1px, 1px);\" title=\"&#8220;Due minuti un libro&#8221; &#8212; Radio Pi\u00f9\" src=\"https:\/\/www.radiopiu.net\/wordpress\/due-minuti-un-libro\/embed\/#?secret=KPDFz7agsq\" data-secret=\"KPDFz7agsq\" width=\"600\" height=\"338\" frameborder=\"0\" marginwidth=\"0\" marginheight=\"0\" scrolling=\"no\"><\/iframe><\/p>\n<p>&nbsp;<\/p>\n<hr \/>\n<p>&nbsp;<\/p>\n<p>&nbsp;<\/p>\n<blockquote>\n<h2>CASSA SOLIDARIET\u00c0 LUXOTTICA<\/h2>\n<\/blockquote>\n<h3><strong><span style=\"color: #ff0000;\">IL NUMERO DI GENNAIO CON PAOLO CHISSALE&#8217; E FABRIZIO CAMPEDEL\u00a0\u00a0<\/span><\/strong><\/h3>\n<audio class=\"wp-audio-shortcode\" id=\"audio-187094-17\" preload=\"none\" style=\"width: 100%;\" controls=\"controls\"><source type=\"audio\/mpeg\" src=\"https:\/\/www.radiopiu.net\/wordpress\/wp-content\/uploads\/2021\/01\/ca-sol-lux-gennaio.mp3?_=17\" \/><a href=\"https:\/\/www.radiopiu.net\/wordpress\/wp-content\/uploads\/2021\/01\/ca-sol-lux-gennaio.mp3\">https:\/\/www.radiopiu.net\/wordpress\/wp-content\/uploads\/2021\/01\/ca-sol-lux-gennaio.mp3<\/a><\/audio>\n<blockquote>\n<h2>RACCOLTA COMPLETA<\/h2>\n<\/blockquote>\n<blockquote class=\"wp-embedded-content\" data-secret=\"80N4ZM6QWw\"><p><a href=\"https:\/\/www.radiopiu.net\/wordpress\/cassa-solidarieta-luxottica-puntata-del-16-ottobre-2020\/\">CASSA SOLIDARIET\u00c0 LUXOTTICA &#8211; PUNTATA DEL 20 NOVEMBRE 2020<\/a><\/p><\/blockquote>\n<p><iframe loading=\"lazy\" class=\"wp-embedded-content\" sandbox=\"allow-scripts\" security=\"restricted\" style=\"position: absolute; clip: rect(1px, 1px, 1px, 1px);\" title=\"&#8220;CASSA SOLIDARIET\u00c0 LUXOTTICA &#8211; PUNTATA DEL 20 NOVEMBRE 2020&#8221; &#8212; Radio Pi\u00f9\" src=\"https:\/\/www.radiopiu.net\/wordpress\/cassa-solidarieta-luxottica-puntata-del-16-ottobre-2020\/embed\/#?secret=80N4ZM6QWw\" data-secret=\"80N4ZM6QWw\" width=\"600\" height=\"338\" frameborder=\"0\" marginwidth=\"0\" marginheight=\"0\" scrolling=\"no\"><\/iframe><\/p>\n<p>&nbsp;<\/p>\n<hr \/>\n<p>&nbsp;<\/p>\n<h2><span style=\"color: #ff0000;\">NUOVA PUNTATA 27 GENNAIO, CLICCA ED ENTRA NELLA RACCOLTA<\/span><\/h2>\n<blockquote class=\"wp-embedded-content\" data-secret=\"RTAq9yeDY1\"><p><a href=\"https:\/\/www.radiopiu.net\/wordpress\/184594-2\/\">CISL LA VOCE DEI LAVORATORI, CON PAOLO CHISSALE&#8217;<\/a><\/p><\/blockquote>\n<p><iframe loading=\"lazy\" class=\"wp-embedded-content\" sandbox=\"allow-scripts\" security=\"restricted\" style=\"position: absolute; clip: rect(1px, 1px, 1px, 1px);\" title=\"&#8220;CISL LA VOCE DEI LAVORATORI, CON PAOLO CHISSALE&#8217;&#8221; &#8212; Radio Pi\u00f9\" src=\"https:\/\/www.radiopiu.net\/wordpress\/184594-2\/embed\/#?secret=RTAq9yeDY1\" data-secret=\"RTAq9yeDY1\" width=\"600\" height=\"338\" frameborder=\"0\" marginwidth=\"0\" marginheight=\"0\" scrolling=\"no\"><\/iframe><\/p>\n<div>\n<p>&nbsp;<\/p>\n<p>&nbsp;<\/p>\n<hr \/>\n<p>&nbsp;<\/p>\n<h2><span style=\"color: #800080;\"><strong>LA RASSEGNA STAMPA DA L&#8217;AMICO DEL POPOLO\u00a0<\/strong><\/span><\/h2>\n<p><strong><a href=\"https:\/\/www.radiopiu.net\/wordpress\/speciale-croce-verde-val-biois-21-mila-chilometri-in-un-anno-per-471-interventi\/murer\/\" rel=\"attachment wp-att-80526\"><img loading=\"lazy\" decoding=\"async\" class=\"size-full wp-image-80526 alignleft\" src=\"https:\/\/www.radiopiu.net\/wordpress\/wp-content\/uploads\/2019\/03\/MURER-e1603200896333.jpg\" alt=\"\" width=\"259\" height=\"194\" \/><\/a>di Gianni Santomaso<\/strong><\/p>\n<p>OSPITE: Stefano Murer, presidente della Croce Verde Val Biois<\/p>\n<audio class=\"wp-audio-shortcode\" id=\"audio-187094-18\" preload=\"none\" style=\"width: 100%;\" controls=\"controls\"><source type=\"audio\/mpeg\" src=\"https:\/\/www.radiopiu.net\/wordpress\/wp-content\/uploads\/2021\/01\/RASSEGNA-GIANNI-2.mp3?_=18\" \/><a href=\"https:\/\/www.radiopiu.net\/wordpress\/wp-content\/uploads\/2021\/01\/RASSEGNA-GIANNI-2.mp3\">https:\/\/www.radiopiu.net\/wordpress\/wp-content\/uploads\/2021\/01\/RASSEGNA-GIANNI-2.mp3<\/a><\/audio>\n<p>&nbsp;<\/p>\n<h1 class=\"kvgmc6g5 cxmmr5t8 oygrvhab hcukyx3x c1et5uql\"><span style=\"color: #0000ff;\">RADIO PIU INFORMAZIONE il canale su TELEGRAM informazione di prima mano e in tempo reale. iscriviti ed aiutaci a farlo conoscere\u00a0<\/span><\/h1>\n<p>&nbsp;<\/p>\n<p><strong>LA RACCOLTA COMPLETA<\/strong><\/p>\n<blockquote class=\"wp-embedded-content\" data-secret=\"sF9kIS7gd1\"><p><a href=\"https:\/\/www.radiopiu.net\/wordpress\/rassegna-stampa-di-gianni-santomaso\/\">Rassegna stampa da l&#8217;amico del popolo &#8211; di Gianni Santomaso<\/a><\/p><\/blockquote>\n<p><iframe loading=\"lazy\" class=\"wp-embedded-content\" sandbox=\"allow-scripts\" security=\"restricted\" style=\"position: absolute; clip: rect(1px, 1px, 1px, 1px);\" title=\"&#8220;Rassegna stampa da l&#8217;amico del popolo &#8211; di Gianni Santomaso&#8221; &#8212; Radio Pi\u00f9\" src=\"https:\/\/www.radiopiu.net\/wordpress\/rassegna-stampa-di-gianni-santomaso\/embed\/#?secret=sF9kIS7gd1\" data-secret=\"sF9kIS7gd1\" width=\"600\" height=\"338\" frameborder=\"0\" marginwidth=\"0\" marginheight=\"0\" scrolling=\"no\"><\/iframe><\/p>\n<p>&nbsp;<\/p>\n<p>&nbsp;<\/p>\n<hr \/>\n<p>&nbsp;<\/p>\n<p>&nbsp;<\/p>\n<div>\n<h2><span style=\"color: #33cccc;\">I RACCONTI DI PAOLO SOPPELSA il lunedi alle 9.30 e 18.30<\/span><\/h2>\n<blockquote class=\"wp-embedded-content\" data-secret=\"dvKyhJhIgk\"><p><a href=\"https:\/\/www.radiopiu.net\/wordpress\/i-racconti-di-paolo-soppelsa-cinquantanovesima-puntata\/\">I RACCONTI DI PAOLO\u00a0SOPPELSA CINQUANTANOVESIMA PUNTATA<\/a><\/p><\/blockquote>\n<p><iframe loading=\"lazy\" class=\"wp-embedded-content\" sandbox=\"allow-scripts\" security=\"restricted\" style=\"position: absolute; clip: rect(1px, 1px, 1px, 1px);\" title=\"&#8220;I RACCONTI DI PAOLO\u00a0SOPPELSA CINQUANTANOVESIMA PUNTATA&#8221; &#8212; Radio Pi\u00f9\" src=\"https:\/\/www.radiopiu.net\/wordpress\/i-racconti-di-paolo-soppelsa-cinquantanovesima-puntata\/embed\/#?secret=dvKyhJhIgk\" data-secret=\"dvKyhJhIgk\" width=\"600\" height=\"338\" frameborder=\"0\" marginwidth=\"0\" marginheight=\"0\" scrolling=\"no\"><\/iframe><\/p>\n<h2><span style=\"color: #33cccc;\"><strong>RACCOLTA COMPLETA<\/strong><\/span><\/h2>\n<blockquote class=\"wp-embedded-content\" data-secret=\"gnIJGYomQk\"><p><a href=\"https:\/\/www.radiopiu.net\/wordpress\/i-racconti-di-paolo-soppelsa\/\">I racconti di Paolo Soppelsa<\/a><\/p><\/blockquote>\n<p><iframe loading=\"lazy\" class=\"wp-embedded-content\" sandbox=\"allow-scripts\" security=\"restricted\" style=\"position: absolute; clip: rect(1px, 1px, 1px, 1px);\" title=\"&#8220;I racconti di Paolo Soppelsa&#8221; &#8212; Radio Pi\u00f9\" src=\"https:\/\/www.radiopiu.net\/wordpress\/i-racconti-di-paolo-soppelsa\/embed\/#?secret=gnIJGYomQk\" data-secret=\"gnIJGYomQk\" width=\"600\" height=\"338\" frameborder=\"0\" marginwidth=\"0\" marginheight=\"0\" scrolling=\"no\"><\/iframe><\/p>\n<\/div>\n<p>&nbsp;<\/p>\n<hr \/>\n<p>&nbsp;<\/p>\n<div>\n<h2><strong><a href=\"https:\/\/www.radiopiu.net\/wordpress\/giornale-radiopiu-27-gennaio-2021-direttore-mirko-mezzacasa\/142305304_1574729036048491_2041651557520315472_o\/\" rel=\"attachment wp-att-186985\"><img loading=\"lazy\" decoding=\"async\" class=\"size-medium wp-image-186985 alignleft\" src=\"https:\/\/www.radiopiu.net\/wordpress\/wp-content\/uploads\/2021\/01\/142305304_1574729036048491_2041651557520315472_o-213x300.jpg\" alt=\"\" width=\"213\" height=\"300\" srcset=\"https:\/\/www.radiopiu.net\/wordpress\/wp-content\/uploads\/2021\/01\/142305304_1574729036048491_2041651557520315472_o-213x300.jpg 213w, https:\/\/www.radiopiu.net\/wordpress\/wp-content\/uploads\/2021\/01\/142305304_1574729036048491_2041651557520315472_o.jpg 510w\" sizes=\"auto, (max-width: 213px) 100vw, 213px\" \/><\/a><\/strong><\/h2>\n<h2><\/h2>\n<h2><\/h2>\n<h2><strong>LE\u00a0 PUNTATE di Luisa Alchini di Leggermente Bellunesi, la domenica alle 11, <span style=\"color: #0000ff;\">IL MARTEDI IN PRIMA EDIZIONE\u00a0<\/span> alle 10.30 e alle 19.00<\/strong><\/h2>\n<p><strong>LA PUNTATA DELLA SETTIMANA <\/strong>San Gregorio Nelle Alpi ha dato i natali ad un padre costituente: Manlio Pat, raccontanto nel libro a cura della figlia Francesca Pat.<\/p>\n<audio class=\"wp-audio-shortcode\" id=\"audio-187094-19\" preload=\"none\" style=\"width: 100%;\" controls=\"controls\"><source type=\"audio\/mpeg\" src=\"https:\/\/www.radiopiu.net\/wordpress\/wp-content\/uploads\/2021\/01\/16leggermentefrancescapat.mp3?_=19\" \/><a href=\"https:\/\/www.radiopiu.net\/wordpress\/wp-content\/uploads\/2021\/01\/16leggermentefrancescapat.mp3\">https:\/\/www.radiopiu.net\/wordpress\/wp-content\/uploads\/2021\/01\/16leggermentefrancescapat.mp3<\/a><\/audio>\n<h2><strong style=\"font-size: 14px;\"><span style=\"color: #000000;\">RACCOLTA COMPLETA<\/span><\/strong><\/h2>\n<\/div>\n<blockquote class=\"wp-embedded-content\" data-secret=\"WaZPo4yyRm\"><p><a href=\"https:\/\/www.radiopiu.net\/wordpress\/leggermente-20\/\">LEGGERmente&#8230;Bellunesi<\/a><\/p><\/blockquote>\n<p><iframe loading=\"lazy\" class=\"wp-embedded-content\" sandbox=\"allow-scripts\" security=\"restricted\" style=\"position: absolute; clip: rect(1px, 1px, 1px, 1px);\" title=\"&#8220;LEGGERmente&#8230;Bellunesi&#8221; &#8212; Radio Pi\u00f9\" src=\"https:\/\/www.radiopiu.net\/wordpress\/leggermente-20\/embed\/#?secret=WaZPo4yyRm\" data-secret=\"WaZPo4yyRm\" width=\"600\" height=\"338\" frameborder=\"0\" marginwidth=\"0\" marginheight=\"0\" scrolling=\"no\"><\/iframe><\/p>\n<hr \/>\n<p>&nbsp;<\/p>\n<blockquote>\n<h3><a href=\"https:\/\/www.radiopiu.net\/wordpress\/almanacco-ladino-puntata-5-2020\/sn\/\" rel=\"attachment wp-att-180931\"><img loading=\"lazy\" decoding=\"async\" class=\"wp-image-180931 alignleft\" src=\"https:\/\/www.radiopiu.net\/wordpress\/wp-content\/uploads\/2020\/12\/sn-300x194.jpg\" alt=\"\" width=\"181\" height=\"117\" srcset=\"https:\/\/www.radiopiu.net\/wordpress\/wp-content\/uploads\/2020\/12\/sn-300x194.jpg 300w, https:\/\/www.radiopiu.net\/wordpress\/wp-content\/uploads\/2020\/12\/sn.jpg 626w\" sizes=\"auto, (max-width: 181px) 100vw, 181px\" \/><\/a>L&#8217;ALMANACCO LADINO CON L&#8217;ISTITUT CESA DE JAN QUINDICINALE APPUNTAMENTO. LA DOMENICA ALLE 9 IL LUNEDI ALLE 8.35 IL MARTEDI ALLE 12.35 IL MERCOLEDI ALLE 18.35. SECONDA STAGIONE.<\/h3>\n<\/blockquote>\n<p>&nbsp;<\/p>\n<p><strong>RACCOLTA COMPLETA\u00a0<\/strong><\/p>\n<blockquote class=\"wp-embedded-content\" data-secret=\"XAKixTjYBj\"><p><a href=\"https:\/\/www.radiopiu.net\/wordpress\/almanacco-ladino\/\">Almanacco Ladino<\/a><\/p><\/blockquote>\n<p><iframe loading=\"lazy\" class=\"wp-embedded-content\" sandbox=\"allow-scripts\" security=\"restricted\" style=\"position: absolute; clip: rect(1px, 1px, 1px, 1px);\" title=\"&#8220;Almanacco Ladino&#8221; &#8212; Radio Pi\u00f9\" src=\"https:\/\/www.radiopiu.net\/wordpress\/almanacco-ladino\/embed\/#?secret=XAKixTjYBj\" data-secret=\"XAKixTjYBj\" width=\"600\" height=\"338\" frameborder=\"0\" marginwidth=\"0\" marginheight=\"0\" scrolling=\"no\"><\/iframe><\/p>\n<p>&nbsp;<\/p>\n<\/div>\n<hr \/>\n<div>\n<h2><span style=\"color: #000080;\"><a class=\"dt-pswp-item\" href=\"https:\/\/www.radiopiu.net\/wordpress\/wp-content\/uploads\/2020\/10\/pp.jpg\" data-dt-img-description=\"\" data-large_image_width=\"640\" data-large_image_height=\"640\"><img loading=\"lazy\" decoding=\"async\" class=\"wp-image-163678 alignleft\" src=\"https:\/\/www.radiopiu.net\/wordpress\/wp-content\/uploads\/2020\/10\/pp-300x300.jpg\" alt=\"\" width=\"106\" height=\"106\" srcset=\"https:\/\/www.radiopiu.net\/wordpress\/wp-content\/uploads\/2020\/10\/pp-300x300.jpg 300w, https:\/\/www.radiopiu.net\/wordpress\/wp-content\/uploads\/2020\/10\/pp-150x150.jpg 150w, https:\/\/www.radiopiu.net\/wordpress\/wp-content\/uploads\/2020\/10\/pp-125x125.jpg 125w, https:\/\/www.radiopiu.net\/wordpress\/wp-content\/uploads\/2020\/10\/pp-200x200.jpg 200w, https:\/\/www.radiopiu.net\/wordpress\/wp-content\/uploads\/2020\/10\/pp-80x80.jpg 80w, https:\/\/www.radiopiu.net\/wordpress\/wp-content\/uploads\/2020\/10\/pp-480x480.jpg 480w, https:\/\/www.radiopiu.net\/wordpress\/wp-content\/uploads\/2020\/10\/pp.jpg 640w\" sizes=\"auto, (max-width: 106px) 100vw, 106px\" \/><\/a> <\/span><\/h2>\n<h2><span style=\"color: #000080;\">DON CESARE, IL PENSIERO DEL GIORNO. ALLA RADIO ALLE 7 DEL MATTINO E ALLE 19.30 DELLA SERA.\u00a0\u00a0<\/span><\/h2>\n<p>&nbsp;<\/p>\n<p>&nbsp;<\/p>\n<audio class=\"wp-audio-shortcode\" id=\"audio-187094-20\" preload=\"none\" style=\"width: 100%;\" controls=\"controls\"><source type=\"audio\/mpeg\" src=\"https:\/\/www.radiopiu.net\/wordpress\/wp-content\/uploads\/2021\/01\/cesare-5.mp3?_=20\" \/><a href=\"https:\/\/www.radiopiu.net\/wordpress\/wp-content\/uploads\/2021\/01\/cesare-5.mp3\">https:\/\/www.radiopiu.net\/wordpress\/wp-content\/uploads\/2021\/01\/cesare-5.mp3<\/a><\/audio>\n<\/div>\n<p>&nbsp;<\/p>\n<hr \/>\n<p>&nbsp;<\/p>\n<div>\n<p class=\"photoswipe-wrapper\"><a class=\"dt-pswp-item pspw-wrap-ready\" href=\"https:\/\/i0.wp.com\/www.radiopiu.net\/wordpress\/wp-content\/uploads\/2018\/09\/viabilita.jpeg?ssl=1\" data-dt-img-description=\"\" data-large_image_width=\"800\" data-large_image_height=\"100\"><img loading=\"lazy\" decoding=\"async\" class=\"aligncenter wp-image-61954 size-full\" src=\"https:\/\/i0.wp.com\/www.radiopiu.net\/wordpress\/wp-content\/uploads\/2018\/09\/viabilita.jpeg?resize=800%2C100&amp;ssl=1\" sizes=\"auto, (max-width: 800px) 100vw, 800px\" srcset=\"https:\/\/i0.wp.com\/www.radiopiu.net\/wordpress\/wp-content\/uploads\/2018\/09\/viabilita.jpeg?w=800&amp;ssl=1 800w, https:\/\/i0.wp.com\/www.radiopiu.net\/wordpress\/wp-content\/uploads\/2018\/09\/viabilita.jpeg?resize=300%2C38&amp;ssl=1 300w, https:\/\/i0.wp.com\/www.radiopiu.net\/wordpress\/wp-content\/uploads\/2018\/09\/viabilita.jpeg?resize=768%2C96&amp;ssl=1 768w\" alt=\"\" width=\"800\" height=\"100\" \/><\/a><\/p>\n<\/div>\n<p>&nbsp;<\/p>\n<p><strong>SP 473 DI CROCE D&#8217;AUNE<\/strong> interruzioni al traffico della durata massima di 20 minuti tra Ponte Otra e Sovramonte dal 26 al 29 gennaio, dalle 8:30 alle 17, per consentire taglio alberature pericolose e messa in sicurezza della strada<\/p>\n<p><strong>SP 1 MADONNA DEL PIAVE <\/strong>senso unico alternato regolato da semaforo fino al 15 gennaio in comune di Quero Vas per realizzazione tombinatura<\/p>\n<p><strong>SP 42 CAVALLERA<\/strong> fino a revoca, chiusura della strada nell&#8217;abitato di Perarolo per attivazione emergenza frana &#8220;Busa del Cristo&#8221;<\/p>\n<p><strong>S.P.2 DELLA VALLE DEL MIS\u00a0<\/strong>Interdizione totale al traffico fino a revoca dal km 14,920 (localit\u00e0 Gona Bassa) al km 20,650 (localit\u00e0 Titele) per cedimento della carreggiata<\/p>\n<p><strong>S.P. 5 DI LAMOSANO<\/strong>\u00a0Interdizione totale fino a revoca per presenza di materiale e alberi in strada.<\/p>\n<p><strong>S.P. 251 DI VAL DI ZOLDO E VAL CELLINA\u00a0<\/strong>dalla localit\u00e0 Soffranco fino all&#8217;imbocco nord della galleria S. Giovanni interdizione totale al transito per cedimento della carreggiata<\/p>\n<p><strong>SP 3 DELLA VAL IMPERINA<\/strong> fino a revoca, senso unico alternato regolato a vista in localit\u00e0 Gona di Conedera di Rivamonte per cedimento della carreggiata stradale<\/p>\n<p>&nbsp;<\/p>\n<div>\n<hr \/>\n<p>&nbsp;<\/p>\n<p class=\"photoswipe-wrapper\"><a class=\"dt-pswp-item pspw-wrap-ready\" href=\"https:\/\/i0.wp.com\/www.radiopiu.net\/wordpress\/wp-content\/uploads\/2018\/09\/WhatsApp-Image-2018-09-20-at-16.04.06.jpeg?ssl=1\" data-dt-img-description=\"\" data-large_image_width=\"800\" data-large_image_height=\"100\"><img loading=\"lazy\" decoding=\"async\" class=\"aligncenter wp-image-61378 size-full jetpack-lazy-image jetpack-lazy-image--handled\" src=\"https:\/\/i0.wp.com\/www.radiopiu.net\/wordpress\/wp-content\/uploads\/2018\/09\/WhatsApp-Image-2018-09-20-at-16.04.06.jpeg?resize=800%2C100&amp;ssl=1\" sizes=\"auto, (max-width: 800px) 100vw, 800px\" srcset=\"https:\/\/i0.wp.com\/www.radiopiu.net\/wordpress\/wp-content\/uploads\/2018\/09\/WhatsApp-Image-2018-09-20-at-16.04.06.jpeg?w=800&amp;ssl=1 800w, https:\/\/i0.wp.com\/www.radiopiu.net\/wordpress\/wp-content\/uploads\/2018\/09\/WhatsApp-Image-2018-09-20-at-16.04.06.jpeg?resize=300%2C38&amp;ssl=1 300w, https:\/\/i0.wp.com\/www.radiopiu.net\/wordpress\/wp-content\/uploads\/2018\/09\/WhatsApp-Image-2018-09-20-at-16.04.06.jpeg?resize=768%2C96&amp;ssl=1 768w\" alt=\"\" width=\"800\" height=\"100\" data-lazy-loaded=\"1\" \/><\/a><\/p>\n<p>&nbsp;<\/p>\n<\/div>\n<\/div>\n<p>&nbsp;<\/p>\n<p><b>Giovedi 28<\/b> <b>Tempo atteso: <\/b>Tempo variabile con qualche tratto soleggiato e prevalenza di annuvolamenti medio-alti irregolari per nubi di sottovento. Al pomeriggio La nuvolosit\u00e0 sar\u00e0 pi\u00f9 presente sui settori settentrionali. Alla sera ampi rasserenamenti. Atmosfera assai arieggiata ovunque, specie in quota, dove l&#8217;avvezione d&#8217;aria assai meno fredda potrebbe creare una colonna d&#8217;aria isotermica (ridotta differenza di temperatura tra 1000 e 3000 m).<br \/>\n<b>Precipitazioni: <\/b>Al mattino assenti (0%), dalle ore centrali del giorno in poi ancora assenti sulle Prealpi, mentre un po&#8217; di neve burrascosa scender\u00e0 sulle Dolomiti centro-settentrionali (40\/60%), generalmente sopra i 1400\/1500 m, localmente anche in qualche settore vallivo (1200 m), specie Alto Agordino, Ampezzano e Comelico Superiore.<br \/>\n<b>Temperature: <\/b>Minime in generale aumento, massime in rialzo sopra gli 800 m per avvezione d&#8217;aria meno fredda e senza notevoli variazioni nei fondovalle prealpini. Su Prealpi a 1500 m min -3\u00b0C max -2\u00b0C, a 2000 m min -4\u00b0C max -3\u00b0C. Su Dolomiti a 2000 m min -4\u00b0C max -3\u00b0C, a 3000 m min -9\u00b0C max -5\u00b0C.<br \/>\n<b>Venti: <\/b>Nelle valli perlopi\u00f9 deboli\/moderati di direzione variabile con locali rinforzi per qualche episodio di Foehn; in quota moderati da nord-ovest a inizio giornata, poi perlopi\u00f9 tesi, anche forti alla sera sulle cime pi\u00f9 alte, a 10-40 km\/h a 2000 m e 30-70 km\/h a 3000 m.<\/p>\n<hr \/>\n<p><b>Venerdi 29<\/b> <b>Tempo atteso: <\/b>Al mattino cielo molto nuvoloso o coperto per nubi stratiformi e non si potr\u00e0 escludere qualche fenomeno, specie in quota, ma non escluso nelle valli. Nel corso del pomeriggio diradamento della suddetta copertura con tratti soleggiati e banchi di nubi alte in allontanamento verso est.<br \/>\n<b>Precipitazioni: <\/b>Al mattino probabilit\u00e0 di qualche goccia nei fondovalle (30\/50%), assieme a qualche fiocco di neve sopra gli 800\/1000 m, anche pi\u00f9 in basso per isotermia verticale in alcuni settori. Si tratter\u00e0 di tracce di neve o poco pi\u00f9. Al pomeriggio precipitazioni assenti (0%).<br \/>\n<b>Temperature: <\/b>Minime in rialzo, considerando che in alta quota, oltre i 2500 m, i valori pi\u00f9 bassi saranno osservati alla sera; massime in ulteriore lieve aumento. Nelle prime ore del giorno persistenza dell&#8217;isotermia verticale. Su Prealpi a 1500 m min -1\u00b0C max 2\u00b0C, a 2000 m min -2\u00b0C max -1\u00b0C. Su Dolomiti a 2000 m min -3\u00b0C max -1\u00b0C, a 3000 m min -11\u00b0C max -5\u00b0C.<br \/>\n<b>Venti: <\/b>Nelle valli perlopi\u00f9 deboli\/moderati di direzione variabile al mattino, poi locali rinforzi per episodi di Foehn; in quota inizialmente moderati\/tesi da ovest, tesi\/forti da nord-ovest al pomeriggio\/sera, a 10-35 km\/h a 2000 m e 35-50 km\/h a 3000 m.<\/p>\n<hr \/>\n<p><b>Sabato 30<\/b>Al mattino residui tratti soleggiati e nuvolosit\u00e0 in aumento. Al pomeriggio\/sera cielo perlopi\u00f9 coperto con deboli ed estese precipitazioni. Il limite neve dovrebbe assestarsi sui 900\/1100 m. Temperature minime in rialzo nelle valli e in leggero calo in quota, massime in generale lieve diminuzione. Venti moderati\/tesi da sud-ovest al mattino, in attenuazione disponendosi da nord al pomeriggio\/sera, deboli di direzione variabile nelle valli.<\/p>\n<hr \/>\n<p><b>Domenica 31<\/b>Residua nuvolosit\u00e0 medio-alta stratiforme, in diradamento nel corso della mattinata. Poi sole e cielo sereno fino a fine giornata. Temperature minime in aumento, specie nella valli per episodi di Foehn notturno, massime stazionarie in quota e in rialzo nelle valli. Venti in quota moderati da nord al mattino, poi in attenuazione disponendosi da ovest nel pomeriggio alla sera. Previsore: R.L.Th.<\/p>\n<hr \/>\n<p>&nbsp;<\/p>\n<p><a href=\"https:\/\/www.radiopiu.net\/wordpress\/giornale-radiopiu-15-settembre-2018-direttore-mirko-mezzacasa\/sport-7\/\" rel=\"attachment wp-att-60761\"><img loading=\"lazy\" decoding=\"async\" class=\"aligncenter wp-image-60761 size-full\" src=\"https:\/\/www.radiopiu.net\/wordpress\/wp-content\/uploads\/2018\/09\/sport.jpg\" alt=\"\" width=\"800\" height=\"100\" srcset=\"https:\/\/www.radiopiu.net\/wordpress\/wp-content\/uploads\/2018\/09\/sport.jpg 800w, https:\/\/www.radiopiu.net\/wordpress\/wp-content\/uploads\/2018\/09\/sport-300x38.jpg 300w, https:\/\/www.radiopiu.net\/wordpress\/wp-content\/uploads\/2018\/09\/sport-768x96.jpg 768w\" sizes=\"auto, (max-width: 800px) 100vw, 800px\" \/><\/a><\/p>\n<p>&nbsp;<\/p>\n<blockquote>\n<h3>STASERA L&#8217;ALLEGHE IN TRASFERTA CONTRO L&#8217;UNTERLAND CAVALIERS<\/h3>\n<\/blockquote>\n<p><strong><a href=\"https:\/\/www.radiopiu.net\/wordpress\/il-calendario-ufficiale-dellitalian-hockey-league\/logo-alleghe-hockey\/\" rel=\"attachment wp-att-95699\"><img loading=\"lazy\" decoding=\"async\" class=\"size-medium wp-image-95699 alignleft\" src=\"https:\/\/www.radiopiu.net\/wordpress\/wp-content\/uploads\/2019\/08\/logo-alleghe-hockey-300x281.png\" alt=\"\" width=\"300\" height=\"281\" srcset=\"https:\/\/www.radiopiu.net\/wordpress\/wp-content\/uploads\/2019\/08\/logo-alleghe-hockey-300x281.png 300w, https:\/\/www.radiopiu.net\/wordpress\/wp-content\/uploads\/2019\/08\/logo-alleghe-hockey.png 547w\" sizes=\"auto, (max-width: 300px) 100vw, 300px\" \/><\/a>ALLEGHE<\/strong> Trasferta in terra altoatesina per le Civette che stasera saranno chiamate a recuperare il settimo turno di IHL. Ingaggio alle 20:30 e diretta su Radio Pi\u00f9 con &#8220;Hockey Al Punto Giusto&#8221;<\/p>\n<p><strong>LA PRESENTAZIONE A CURA DI ROBERTO MIANA<\/strong><\/p>\n<audio class=\"wp-audio-shortcode\" id=\"audio-187094-21\" preload=\"none\" style=\"width: 100%;\" controls=\"controls\"><source type=\"audio\/mpeg\" src=\"https:\/\/www.radiopiu.net\/wordpress\/wp-content\/uploads\/2021\/01\/MIANA-UNTERLAND-ALLEGHE.mp3?_=21\" \/><a href=\"https:\/\/www.radiopiu.net\/wordpress\/wp-content\/uploads\/2021\/01\/MIANA-UNTERLAND-ALLEGHE.mp3\">https:\/\/www.radiopiu.net\/wordpress\/wp-content\/uploads\/2021\/01\/MIANA-UNTERLAND-ALLEGHE.mp3<\/a><\/audio>\n<p>&nbsp;<\/p>\n<hr \/>\n<p>&nbsp;<\/p>\n<blockquote>\n<h3>LA SQUADRA VENETA PER I TRICOLORI DI BIATHLON<\/h3>\n<\/blockquote>\n<p><a href=\"https:\/\/www.radiopiu.net\/wordpress\/giornale-radiopiu-28-gennaio-2021-direttore-mirko-mezzacasa\/ufficio-stampa-eventi-sportivi\/\" rel=\"attachment wp-att-187246\"><img loading=\"lazy\" decoding=\"async\" class=\"wp-image-187246 size-medium alignleft\" src=\"https:\/\/www.radiopiu.net\/wordpress\/wp-content\/uploads\/2021\/01\/Ti-Comunicazione-samuel-murer-zoldo-gen-2020-300x200.jpg\" alt=\"\" width=\"300\" height=\"200\" srcset=\"https:\/\/www.radiopiu.net\/wordpress\/wp-content\/uploads\/2021\/01\/Ti-Comunicazione-samuel-murer-zoldo-gen-2020-300x200.jpg 300w, https:\/\/www.radiopiu.net\/wordpress\/wp-content\/uploads\/2021\/01\/Ti-Comunicazione-samuel-murer-zoldo-gen-2020-1024x683.jpg 1024w, https:\/\/www.radiopiu.net\/wordpress\/wp-content\/uploads\/2021\/01\/Ti-Comunicazione-samuel-murer-zoldo-gen-2020-768x512.jpg 768w, https:\/\/www.radiopiu.net\/wordpress\/wp-content\/uploads\/2021\/01\/Ti-Comunicazione-samuel-murer-zoldo-gen-2020.jpg 1500w\" sizes=\"auto, (max-width: 300px) 100vw, 300px\" \/><\/a><strong>FORNI AVOLTRI (UDINE) <\/strong>Sabato 30 e domenica 31 gennaio a Forni Avoltri (Udine) si svolger\u00e0 la prima fase dei campionati italiani Ragazzi \u2013 Allievi di biathlon. Sabato \u00e8 in programma la sprint, domenica l\u2019inseguimento. Questa la rappresentativa regionale. <strong>Allievi<\/strong>: Sebastiano Cagnati (Val Biois), Patrick Coman (Valpadola), Diego Gaved (Villaga), Samuel Murer (Val Biois,\u00a0<em>foto<\/em>), Antonio Pertile (Us Asiago sci), Davide Capra (Val Biois), Andrea Da Corte (Valpadola), Brando De Martin (Valpadola), Gianluca De Paoli (Villaga), Andrea Pomar\u00e8 (Valpadola), Alex Rossi (Val Biois), Giulio Troi (Val Fiorentina). <strong>Allieve<\/strong>: Elena Alver\u00e0 (Cortina), Lisa Baldissarutti (Valpadola), Lara Siorpaes (Cortina), Eleonora Moino (Villaga), Maddalena Ballan (Val Fiorentina), Sofia Bedolli (Cortina), Sara Bordin (Villaga), Vanessa Cagnati (Val Biois), Caterina Milani (Val Biois), Marika Munari (Us Asiago sci). <strong>Ragazzi<\/strong>: Giordano Arnoldo (Valzoldana), Gianluca Da Pian (Val Biois), Dylan Andrich (Val Biois), Ezio Pallabazzer (Val Fiorentina), Luca Preverin (Valzoldana). <strong>Ragazze<\/strong>: Lisa Ganz (Val Biois), Arianna Micheluzzi (Val Biois), Caterina Valt (Val Biois), Giovanna Milani (Val Biois), Caterina Moino (Val Biois).<\/p>\n<blockquote class=\"wp-embedded-content\" data-secret=\"gFHBtIXkUF\"><p><a href=\"https:\/\/www.radiopiu.net\/wordpress\/la-silenziosa-protesta-degli-operatori-del-turismo\/\">LA SILENZIOSA PROTESTA DEGLI OPERATORI DEL TURISMO<\/a><\/p><\/blockquote>\n<p><iframe loading=\"lazy\" class=\"wp-embedded-content\" sandbox=\"allow-scripts\" security=\"restricted\" style=\"position: absolute; clip: rect(1px, 1px, 1px, 1px);\" title=\"&#8220;LA SILENZIOSA PROTESTA DEGLI OPERATORI DEL TURISMO&#8221; &#8212; Radio Pi\u00f9\" src=\"https:\/\/www.radiopiu.net\/wordpress\/la-silenziosa-protesta-degli-operatori-del-turismo\/embed\/#?secret=gFHBtIXkUF\" data-secret=\"gFHBtIXkUF\" width=\"600\" height=\"338\" frameborder=\"0\" marginwidth=\"0\" marginheight=\"0\" scrolling=\"no\"><\/iframe><\/p>\n","protected":false},"excerpt":{"rendered":"<p>PER RICEVERE QUESTO NOTIZIARIO DIRETTAMENTE SUL TUO CELLULARE ISCRIVITI AL CANALE TELEGRAM \u201cRADIO PIU\u00a0 INFORMAZIONE&#8221;\u00a0 SUPERATI I 3000 ISCRITTI, il CANALE TELEGRAM&#8230; UNISCITI A: RADIO PIU INFORMAZIONE &nbsp; ATTENZIONE: LA NUOVA APP PER IOS-IPHONE di Nicola Vettorello https:\/\/apps.apple.com\/it\/app\/radio-pi%C3%B9-emittente-agordina\/id1515939845 ATTENZIONE: LA NUOVA APP RADIO\u00a0 PER ANDROID di Nicola Vettorello https:\/\/play.google.com\/store\/apps\/details?id=net.radiopiu.iniko &nbsp; &nbsp; ULTIM&#8217;ORA GIGI CORAZZA CI&hellip;<\/p>\n","protected":false},"author":4,"featured_media":187300,"comment_status":"closed","ping_status":"closed","sticky":false,"template":"","format":"standard","meta":{"_monsterinsights_skip_tracking":false,"_monsterinsights_sitenote_active":false,"_monsterinsights_sitenote_note":"","_monsterinsights_sitenote_category":0,"footnotes":""},"categories":[1,51,86,49],"tags":[],"class_list":["post-187094","post","type-post","status-publish","format-standard","has-post-thumbnail","hentry","category-senza-categoria","category-evidenza-top","category-gr","category-news-18","category-1","category-51","category-86","category-49","description-off"],"img_url":"https:\/\/www.radiopiu.net\/wordpress\/wp-content\/uploads\/2021\/01\/62e50bb7-e61b-41b0-a4ff-e9eb2d23049d.jpg","_links":{"self":[{"href":"https:\/\/www.radiopiu.net\/wordpress\/wp-json\/wp\/v2\/posts\/187094","targetHints":{"allow":["GET"]}}],"collection":[{"href":"https:\/\/www.radiopiu.net\/wordpress\/wp-json\/wp\/v2\/posts"}],"about":[{"href":"https:\/\/www.radiopiu.net\/wordpress\/wp-json\/wp\/v2\/types\/post"}],"author":[{"embeddable":true,"href":"https:\/\/www.radiopiu.net\/wordpress\/wp-json\/wp\/v2\/users\/4"}],"replies":[{"embeddable":true,"href":"https:\/\/www.radiopiu.net\/wordpress\/wp-json\/wp\/v2\/comments?post=187094"}],"version-history":[{"count":0,"href":"https:\/\/www.radiopiu.net\/wordpress\/wp-json\/wp\/v2\/posts\/187094\/revisions"}],"wp:featuredmedia":[{"embeddable":true,"href":"https:\/\/www.radiopiu.net\/wordpress\/wp-json\/wp\/v2\/media\/187300"}],"wp:attachment":[{"href":"https:\/\/www.radiopiu.net\/wordpress\/wp-json\/wp\/v2\/media?parent=187094"}],"wp:term":[{"taxonomy":"category","embeddable":true,"href":"https:\/\/www.radiopiu.net\/wordpress\/wp-json\/wp\/v2\/categories?post=187094"},{"taxonomy":"post_tag","embeddable":true,"href":"https:\/\/www.radiopiu.net\/wordpress\/wp-json\/wp\/v2\/tags?post=187094"}],"curies":[{"name":"wp","href":"https:\/\/api.w.org\/{rel}","templated":true}]}}