{"id":187177,"date":"2021-01-27T12:25:28","date_gmt":"2021-01-27T11:25:28","guid":{"rendered":"https:\/\/www.radiopiu.net\/wordpress\/?p=187177"},"modified":"2021-01-27T13:43:54","modified_gmt":"2021-01-27T12:43:54","slug":"confstampgenpripo","status":"publish","type":"post","link":"https:\/\/www.radiopiu.net\/wordpress\/confstampgenpripo\/","title":{"rendered":"DOPO 3 SETTIMANE ARANCIO, AUPISCO LA ZONA GIALLA, LO DICE ZAIA COMMENTANTO L&#8217;INDICE RT DI 0,62"},"content":{"rendered":"<p><strong><img loading=\"lazy\" decoding=\"async\" class=\"alignleft\" src=\"https:\/\/www.radiopiu.net\/wordpress\/wp-content\/uploads\/2021\/01\/142744648_1694712150730693_3273648049246656370_o.jpg\" width=\"189\" height=\"117\" \/>VENEZIA<\/strong> Punto stampa del Presidente della Regione Luca Zaia, stante l&#8217;affievolirsi della pressione &#8211; dovuta ai ricoveri per Covid &#8211;\u00a0 negli ospedali, oggi\u00a0 alla firma i provvedimenti per la riapertura in Veneto delle attivit\u00e0 specialistiche (anche in libera professione) sospese a novembre per l&#8217;emergenza. Da luned\u00ec 1\u00b0 febbraio riprendono quindi le attivit\u00e0 di specialistica ambulatoriale a 30 e 60 giorni (quelle urgenti non erano mai state interrotte), e anche l&#8217;intra moenia. Dovremo affrontare subito la questione della riprogrammazione delle agende, per\u00f2 memori di quanto successo ad aprile stiamo gi\u00e0 lavorandoci, soprattutto sull&#8217;incremento del personale dei Cup.<\/p>\n<p><strong>I NUMERI <\/strong>TAMPONI MOLECOLARI 3704008 TAMPONI RAPIDI 2502269 POSITIVI NELLE 24 ORE 2385 (dato fuorviante per l&#8217;allineamento dei dati +1200) INCIDENZA TAMPONI-POSITIVI 5% (non riferito alle ultime 24 ore) POSITIVI ATTUALI 41345 POSITIVI DA INIZIO EPIDEMIA 309000 RICOVERI 2475 AREA NON CRITICA\u00a0 2185 (-45) TERAPIA INTENSIVA 290 (-7) DECESSI 8758 (+62) DIMESSI 13.913 (+114)<\/p>\n<blockquote>\n<h2>LEGGI LA CONFERENZA STAMPA DI LUCA ZAIA<\/h2>\n<\/blockquote>\n<p><em>Veneto: ottavo per mortalit\u00e0 in Italia, ma con indice Rt in abbassamento continuo. In Europa preoccupa la situazione di\u00a0 Germania e Gran Bretagna con il virus fuori controllo, qui stiamo meglio ma non abbassiamo la guardia. Da lunedi scuole superiori aperte al 50% e dopo tre settimane al 75%, auspico un ritorno a scuola al 100% sarebbe la fine della pandemia, comunque \u00e8\u00a0 possibile la scelta tra presenza o didattiica a distanza. A proposito di politica nazionale, per andare in Parlamento ci vogliono i numeri e immagino il Presidente Mattarella con la calcolatrice in mano. E&#8217; un Governo centralista che fa scelte centraliste togliendo autonomia alle Regioni. Novantamila prestazioni in sospeso con la riapertura degli ospedali. Rispetto ai finanziamenti del 2020 abbiamo un residuo di 48 milioni di euro per le prestazioni aggiuntive che permetteranno il recupero delle liste di attesa.<\/em><\/p>\n<p><strong>VIRUS E MUTAZIONI<\/strong> Otto mutazione del virus trovate in Veneto, 5 catalogate nei registri nazionali, una \u00e8 la mutazione inglese che abbiamo trovato per primi con gli ospedali sotto pressione, la comunit\u00e0 scientifica internazionale chiedeva di verificarla perch\u00e9 in Gran Bretagna stava pensando. E&#8217; una mutazione che contagia pi\u00f9 facilmente e rischia di essere pi\u00f9 mortale perch\u00e9 pi\u00f9 contagiosa non tanto perch\u00e9 dia sintomi pi\u00f9 pesanti. Ci sono poi le due mutazioni tipicamente venete sulle quali stiamo lavorando. La vicenda della famiglia Busso \u00e8 la dimostrazione delle mutazioni, ho chiesto di sequenziare il viurs.\u00a0 <strong>VENETO VERSO IL GIALLO DOPO 3 SETTIMANE IN ARANCIONE<\/strong>\u00a0 I dati sono buoni con la 27esima giornata di calo, con un calcolo fatto in casa rispetto dei numeri dell&#8217;Istituto Superiore Sanit\u00e0 Rt \u00e8 di 0,62, questa settimana siamo la seconda regione con l Rt pi\u00f9 basso in Italia. Da venerdi sapremo se siamo i primi secondi o terzi. Ho ragionevoli speranze di possa arrivare alla zona gialla. <strong>LUNEDI APRIAMO LE SCUOLE<\/strong>\u00a0 Riapriamo con preoccupazione,\u00a0 al 50% come previsto nelle prime tre settimane,\u00a0 sperando che nessuno abbia a ridire sul 50% e sulle tre settimane. Siccome \u00e8 prevista la didattica a distanza e la presenza si rispettino le scelte di chiunque. Ci sono dichiarazioni irrispettose verso coloro che hanno malati in casa o nonni conviventi o peggio ancora ragazzi immunodepressi o con altre patologie. Ognuno si renda conto che ci sono categorie che hanno diritto di scegliere tra presenza a Didattica a Distanza. Quindi i genitori prendano contatto con gli uffici scolastici. <strong>RIGOLI, LAVORI IN CORSO<\/strong> La ricerca della nostra regione \u00e8 sui tamponi, sono allo studio del dottor Rigoli\u00a0 che sta analizzando il sangue dei pazienti per capire la risposta anticorpale di ogni malato. <strong>VENERDI IL RISULTATO PER ASTRAZENICA, POTREBBE NON ESSERE EFFICACE<\/strong> <strong>SUGLI OVER 65?<\/strong> Non lo so, leggo anch&#8217;io le notizie, non do nessuna rassicurazione. Pare ci sia una risposta anticorpale pi\u00f9 bassa quindi pi\u00f9 elevata \u00e8 l&#8217;et\u00e0 e pi\u00f9 difficile \u00e8 la risposta anticorpale e rischia di essere meno produttiva.\u00a0 Moderna e Pfizer sono al 95% dell&#8217;efficacia, aspettiamo notizia da Ema anche sul vaccino russo. <strong>CAMPAGNA VACCINAZIONI<\/strong> Dalla prossima settimana torniamo a regime con le vaccinazione e con una stabilizzazione delle forniture a febbraio. A noi servono vaccini. Ieri sono arrivati 50 mila vaccini, il taglio pi\u00f9 la decurtazione sbagliata. <strong>TAR E SCUOLA<\/strong> Oggi potrebbe arrivare il parere abbiamo sempre fiducia sui giudici amministrativi hanno tutti gli elementi per una valutazione. Se stabilisse la riapertura anticipata sar\u00e0 da leggere la sentenza.<\/p>\n<blockquote>\n<h2><span style=\"color: #ff0000;\">L&#8217;ASSESSORE ELISA DE BERTI\u00a0<\/span><\/h2>\n<p><strong>BELLUNO avr\u00e0 18 mezzi in pi\u00f9 di tpl (trasporto pubblico locale) e 6 steward attivi, 683 pullman in pi\u00f9 e 244 steward in Veneto<\/strong><\/p><\/blockquote>\n<p>In Veneto 200mila studenti e 18mila persone di personale Ata rientrano da luned\u00ec. I mezzi di trasporto pubblico\u00a0\u00a0restano al 50% della capienza (fra in piedi e seduti), quelli privati prevedono\u00a0 il 50% solo posti seduti. \u00a0Verona e altre citt\u00e0 adottano il doppio orario per evitare assembramenti, sono 680 i mezzi aggiuntivi per il servizio scolastico. I genitori chiedono di pubblicizzare le corse aggiuntive. Ci sono corse extra ed orari da diffondere,\u00a0 le aziende di trasporto hanno assicurato che faranno il possibile per informare.<\/p>\n<p><a href=\"https:\/\/www.facebook.com\/zaiaufficiale\/videos\/746395846018226\">https:\/\/www.facebook.com\/zaiaufficiale\/videos\/746395846018226<\/a><\/p>\n<p>&nbsp;<\/p>\n<blockquote>\n<h2>PRESENTAZIONE TRASPORTO SCOLASTICO<\/h2>\n<\/blockquote>\n<a href=\"https:\/\/www.radiopiu.net\/wordpress\/wp-content\/uploads\/2021\/01\/Presentazione-trasporto-scolastico-2021-finale-1.pdf\" class=\"pdfemb-viewer\" style=\"\" data-width=\"max\" data-height=\"max\" data-toolbar=\"top\" data-toolbar-fixed=\"on\">Presentazione trasporto scolastico 2021 finale (1)<\/a>\n","protected":false},"excerpt":{"rendered":"<p>VENEZIA Punto stampa del Presidente della Regione Luca Zaia, stante l&#8217;affievolirsi della pressione &#8211; dovuta ai ricoveri per Covid &#8211;\u00a0 negli ospedali, oggi\u00a0 alla firma i provvedimenti per la riapertura in Veneto delle attivit\u00e0 specialistiche (anche in libera professione) sospese a novembre per l&#8217;emergenza. Da luned\u00ec 1\u00b0 febbraio riprendono quindi le attivit\u00e0 di specialistica ambulatoriale&hellip;<\/p>\n","protected":false},"author":4,"featured_media":187178,"comment_status":"closed","ping_status":"closed","sticky":false,"template":"","format":"standard","meta":{"_monsterinsights_skip_tracking":false,"_monsterinsights_sitenote_active":false,"_monsterinsights_sitenote_note":"","_monsterinsights_sitenote_category":0,"footnotes":""},"categories":[51,49],"tags":[],"class_list":["post-187177","post","type-post","status-publish","format-standard","has-post-thumbnail","hentry","category-evidenza-top","category-news-18","category-51","category-49","description-off"],"img_url":"https:\/\/www.radiopiu.net\/wordpress\/wp-content\/uploads\/2021\/01\/142744648_1694712150730693_3273648049246656370_o.jpg","_links":{"self":[{"href":"https:\/\/www.radiopiu.net\/wordpress\/wp-json\/wp\/v2\/posts\/187177","targetHints":{"allow":["GET"]}}],"collection":[{"href":"https:\/\/www.radiopiu.net\/wordpress\/wp-json\/wp\/v2\/posts"}],"about":[{"href":"https:\/\/www.radiopiu.net\/wordpress\/wp-json\/wp\/v2\/types\/post"}],"author":[{"embeddable":true,"href":"https:\/\/www.radiopiu.net\/wordpress\/wp-json\/wp\/v2\/users\/4"}],"replies":[{"embeddable":true,"href":"https:\/\/www.radiopiu.net\/wordpress\/wp-json\/wp\/v2\/comments?post=187177"}],"version-history":[{"count":0,"href":"https:\/\/www.radiopiu.net\/wordpress\/wp-json\/wp\/v2\/posts\/187177\/revisions"}],"wp:featuredmedia":[{"embeddable":true,"href":"https:\/\/www.radiopiu.net\/wordpress\/wp-json\/wp\/v2\/media\/187178"}],"wp:attachment":[{"href":"https:\/\/www.radiopiu.net\/wordpress\/wp-json\/wp\/v2\/media?parent=187177"}],"wp:term":[{"taxonomy":"category","embeddable":true,"href":"https:\/\/www.radiopiu.net\/wordpress\/wp-json\/wp\/v2\/categories?post=187177"},{"taxonomy":"post_tag","embeddable":true,"href":"https:\/\/www.radiopiu.net\/wordpress\/wp-json\/wp\/v2\/tags?post=187177"}],"curies":[{"name":"wp","href":"https:\/\/api.w.org\/{rel}","templated":true}]}}