{"id":187235,"date":"2021-01-27T16:44:43","date_gmt":"2021-01-27T15:44:43","guid":{"rendered":"https:\/\/www.radiopiu.net\/wordpress\/?p=187235"},"modified":"2021-01-27T16:44:44","modified_gmt":"2021-01-27T15:44:44","slug":"tavolo-tecnico-regione-terna-analizzato-il-progetto-media-valle-del-piave-la-provincia-di-belluno-ha-chiesto-di-conoscere-i-piani-di-razionalizzazione-e-sviluppo-delle-reti-elettriche-sullin","status":"publish","type":"post","link":"https:\/\/www.radiopiu.net\/wordpress\/tavolo-tecnico-regione-terna-analizzato-il-progetto-media-valle-del-piave-la-provincia-di-belluno-ha-chiesto-di-conoscere-i-piani-di-razionalizzazione-e-sviluppo-delle-reti-elettriche-sullin\/","title":{"rendered":"TAVOLO TECNICO REGIONE-TERNA, ANALIZZATO IL PROGETTO MEDIA VALLE DEL PIAVE LA PROVINCIA DI BELLUNO HA CHIESTO DI CONOSCERE I PIANI DI RAZIONALIZZAZIONE E SVILUPPO DELLE RETI ELETTRICHE SULL\u2019INTERO TERRITORIO BELLUNESE"},"content":{"rendered":"<p><strong><a href=\"https:\/\/www.radiopiu.net\/wordpress\/tavolo-tecnico-regione-terna-analizzato-il-progetto-media-valle-del-piave-la-provincia-di-belluno-ha-chiesto-di-conoscere-i-piani-di-razionalizzazione-e-sviluppo-delle-reti-elettriche-sullin\/cavi-elettrici\/\" rel=\"attachment wp-att-187240\"><img loading=\"lazy\" decoding=\"async\" class=\"size-medium wp-image-187240 alignleft\" src=\"https:\/\/www.radiopiu.net\/wordpress\/wp-content\/uploads\/2021\/01\/CAVI-ELETTRICI-300x185.jpg\" alt=\"\" width=\"300\" height=\"185\" srcset=\"https:\/\/www.radiopiu.net\/wordpress\/wp-content\/uploads\/2021\/01\/CAVI-ELETTRICI-300x185.jpg 300w, https:\/\/www.radiopiu.net\/wordpress\/wp-content\/uploads\/2021\/01\/CAVI-ELETTRICI-1024x633.jpg 1024w, https:\/\/www.radiopiu.net\/wordpress\/wp-content\/uploads\/2021\/01\/CAVI-ELETTRICI-768x475.jpg 768w, https:\/\/www.radiopiu.net\/wordpress\/wp-content\/uploads\/2021\/01\/CAVI-ELETTRICI-1536x950.jpg 1536w, https:\/\/www.radiopiu.net\/wordpress\/wp-content\/uploads\/2021\/01\/CAVI-ELETTRICI.jpg 1920w\" sizes=\"auto, (max-width: 300px) 100vw, 300px\" \/><\/a>BELLUNO <\/strong><span class=\"s1\">Si \u00e8 tenuta questa mattina, in videoconferenza, la riunione del tavolo tecnico regionale con Terna spa convocata dall\u2019assessore regionale all\u2019energia Roberto Marcato, riguardante il piano di razionalizzazione degli elettrodotti bellunesi nella media valle del Piave (come da delibera di giunta regionale del 28 dicembre 2018). Presenti per la Provincia di Belluno il presidente Roberto Padrin e i consiglieri provinciali. <\/span><span class=\"s1\">Durante la riunione, Terna spa ha presentato il progetto riguardante la razionalizzazione degli elettrodotti tra Perarolo e Ponte nelle Alpi, con preciso riferimento alla linea di interconnessione Lienz-Soverzene-Scorz\u00e8. In particolare, sono state presentate le varianti richieste con prescrizioni nel decreto di compatibilit\u00e0 ambientale, su Belluno (con interramento in zona Andreane-aeroporto) e su Polpet. <\/span><span class=\"s1\">\u00ab<em>Siamo molto soddisfatti che si possano finalmente risolvere i problemi annosi che gravano sui cittadini di Ponte nelle Alpi, Andreane e Soverzene. In particolare il risultato ottenuto con l\u2019interramento ad Andreane \u00e8 molto importante. Ma abbiamo la necessit\u00e0 di analizzare tutti i piani di Terna che riguardano l\u2019intero territorio provinciale; non vorremmo infatti che, completato questo intervento, nulla venisse fatto a valle, spostando i problemi su altri Comuni &#8211; il commento del presidente Padrin -. \u00c8 per questo che abbiamo chiesto al tavolo, a Terna e alla Regione Veneto, di avere al pi\u00f9 presto la documentazione riguardante tutti i progetti sul Bellunese. La logica di razionalizzazione e miglioramento delle reti elettriche, fondamentale per l\u2019intero territorio, \u00e8 un\u2019occasione importantissima per risolvere i problemi di cavi aerei e tralicci che insistono sulle abitazioni e sui centri abitati. Bisogna per\u00f2 evitare di spostare il problema da una zona all\u2019altra<\/em>\u00bb.\u00a0 <\/span><span class=\"s1\">La richiesta della Provincia \u00e8 stata accolta dal tavolo regionale. L\u2019assessore Marcato ha assicurato che parallelamente ai prossimi aggiornamenti del progetto riguardante la media valle del Piave, convocher\u00e0 Provincia e Terna per una visione complessiva dei piani di razionalizzazione e sviluppo delle reti elettriche dell\u2019intero Bellunese. <\/span><span class=\"s1\">\u00ab<em>Non possiamo agire altrimenti &#8211; conclude il presidente Padrin -. Le linee elettriche servono a trasferire corrente da una parte all\u2019altra, per cui la Lienz-Scorz\u00e8 non si esaurisce certo a Ponte nelle Alpi o a Soverzene, ma ricade anche su altri Comuni della provincia. Serve quindi una visione a 360 gradi del riassetto delle linee, in modo da arrivare a progettualit\u00e0 che possano portare benefici all\u2019intero territorio. Ringrazio la Regione Veneto per aver compreso le esigenze del territorio e dei cittadini bellunesi. E il ministro Federico D\u2019Inc\u00e0: \u00e8 anche grazie al suo interessamento e alla riunione che ci ha organizzato con i vertici di Terna se siamo arrivati a questo primo risultato<\/em>\u00bb.\u00a0 <\/span><span class=\"s1\">\u00ab<em>L\u2019incontro di oggi si \u00e8 rivelato particolarmente importante e arriva a meno di una settimana dalla riunione che ho convocato con i vertici di Terna, la Provincia di Belluno e l\u2019onorevole De Menech. Ritengo che il tavolo odierno rappresenti un passo in avanti per la soluzione dei problemi attualmente esistenti\u00bb ha commentato il Ministro per i rapporti con il Parlamento, Federico D\u2019Inc\u00e0. \u00abAdesso, per\u00f2, \u00e8 necessario ottenere le valutazioni sull&#8217;intera progettualit\u00e0 che riguarda la media valle del Piave per comprendere gli interventi necessari che saranno effettuati sulle linee della sinistra del Piave, sia sul versante del bellunese sia su quello del trevigiano. Le interlocuzioni con Terna proseguiranno e continueremo a seguire con attenzione i diversi tavoli che abbiamo avviato sugli importanti temi che interessano il nostro territorio<\/em>\u00bb.<\/span><\/p>\n","protected":false},"excerpt":{"rendered":"<p>BELLUNO Si \u00e8 tenuta questa mattina, in videoconferenza, la riunione del tavolo tecnico regionale con Terna spa convocata dall\u2019assessore regionale all\u2019energia Roberto Marcato, riguardante il piano di razionalizzazione degli elettrodotti bellunesi nella media valle del Piave (come da delibera di giunta regionale del 28 dicembre 2018). Presenti per la Provincia di Belluno il presidente Roberto&hellip;<\/p>\n","protected":false},"author":4,"featured_media":187240,"comment_status":"closed","ping_status":"closed","sticky":false,"template":"","format":"standard","meta":{"_monsterinsights_skip_tracking":false,"_monsterinsights_sitenote_active":false,"_monsterinsights_sitenote_note":"","_monsterinsights_sitenote_category":0,"footnotes":""},"categories":[51,49],"tags":[],"class_list":["post-187235","post","type-post","status-publish","format-standard","has-post-thumbnail","hentry","category-evidenza-top","category-news-18","category-51","category-49","description-off"],"img_url":"https:\/\/www.radiopiu.net\/wordpress\/wp-content\/uploads\/2021\/01\/CAVI-ELETTRICI.jpg","_links":{"self":[{"href":"https:\/\/www.radiopiu.net\/wordpress\/wp-json\/wp\/v2\/posts\/187235","targetHints":{"allow":["GET"]}}],"collection":[{"href":"https:\/\/www.radiopiu.net\/wordpress\/wp-json\/wp\/v2\/posts"}],"about":[{"href":"https:\/\/www.radiopiu.net\/wordpress\/wp-json\/wp\/v2\/types\/post"}],"author":[{"embeddable":true,"href":"https:\/\/www.radiopiu.net\/wordpress\/wp-json\/wp\/v2\/users\/4"}],"replies":[{"embeddable":true,"href":"https:\/\/www.radiopiu.net\/wordpress\/wp-json\/wp\/v2\/comments?post=187235"}],"version-history":[{"count":0,"href":"https:\/\/www.radiopiu.net\/wordpress\/wp-json\/wp\/v2\/posts\/187235\/revisions"}],"wp:featuredmedia":[{"embeddable":true,"href":"https:\/\/www.radiopiu.net\/wordpress\/wp-json\/wp\/v2\/media\/187240"}],"wp:attachment":[{"href":"https:\/\/www.radiopiu.net\/wordpress\/wp-json\/wp\/v2\/media?parent=187235"}],"wp:term":[{"taxonomy":"category","embeddable":true,"href":"https:\/\/www.radiopiu.net\/wordpress\/wp-json\/wp\/v2\/categories?post=187235"},{"taxonomy":"post_tag","embeddable":true,"href":"https:\/\/www.radiopiu.net\/wordpress\/wp-json\/wp\/v2\/tags?post=187235"}],"curies":[{"name":"wp","href":"https:\/\/api.w.org\/{rel}","templated":true}]}}