{"id":187266,"date":"2021-01-27T23:59:39","date_gmt":"2021-01-27T22:59:39","guid":{"rendered":"https:\/\/www.radiopiu.net\/wordpress\/?p=187266"},"modified":"2021-01-28T06:06:10","modified_gmt":"2021-01-28T05:06:10","slug":"un-instancabile-decoratore-umberto-da-pos-nativo-di-torch","status":"publish","type":"post","link":"https:\/\/www.radiopiu.net\/wordpress\/un-instancabile-decoratore-umberto-da-pos-nativo-di-torch\/","title":{"rendered":"UN \u201cINSTANCABILE DECORATORE\u201d: UMBERTO DA POS, NATIVO DI TORCH"},"content":{"rendered":"<p><strong>di Renato Bona<\/strong><\/p>\n<p>Clamoroso l\u2019episodio che lo vide protagonista involontario di un equivoco a proposito di due finestre di un palazzo di Belluno Sempre scoprendo figure e storie sicuramente non secondarie, proseguiamo la rilettura del libro \u201cPersonaggi illustri dell\u2019Alpago e Ponte nelle Alpi\u201d realizzato dal maestro Mario De Nale (purtroppo scomparso), per il centenario di Placido Fabris, uno dei pi\u00f9 illustri, edito nell\u2019agosto del 1978 ad iniziativa del Centro sociale di educazione permanente di Tambre e dell\u2019Aeb: Associazione emigranti bellunesi, col concorso della Regione Veneto e della Cassa di risparmio di Verona, Vicenza e Belluno. E ci imbattiamo in quello che \u00e8 ricordato come \u201cUn instancabile decoratore\u201d vale a dire Umberto Da Pos, detto \u201cBerto dei Pieri\u201d, figlio di Antonio e di Teresa De Col, nato a Torch di Pieve d\u2019Alpago il 22 luglio 1883 e mancato il 10 gennaio 1963. Il suo maestro di scuola, preso atto della spiccata attitudine del giovane per l\u2019arte figurativa, ne caldeggi\u00f2 l\u2019iscrizione all\u2019Accademia di Venezia dove il nostro acquis\u00ec le tecniche artistiche che gli consentirono di divenire un \u201cprovetto decoratore e intagliatore\u201d. Che, lo spiegheremo alla fine, \u00e8 stato anche involontario protagonista di un clamoroso episodio avvenuto a Belluno. L\u2019autore del libro ricordava quindi che: \u201cDotato di un fisico robusto incline a malattie, divenne un instancabile lavoratore; infatti sfogliando le sue numerose agende aggiornate di tutto punto con l\u2019indicazione di numerosissimi impegni, di vicissitudini familiari, di viaggi, di feste, di funerali, che lo vedevano occupato in una giornata in varie localit\u00e0, lasciando perplessi, si ha l\u2019impressione di scoprire in lui qualcosa di misterioso\u201d. Come che sia, Umberto Da Pos decor\u00f2 le chiese di Farra, Puos, Lamosano, Tiser, Zopp\u00e8 di Cadore, Frassen\u00e8 Agordino, Pieve ed altre; numerose poi ville e case dell\u2019Alpago e Belluno (un suo motivo \u00e8 visibile nella facciata della casa dei Da Vi\u00e0 a Puos): la farmacia di Puos e diversi bar, come: il San Marco di Puos e il San Paolo di Bruno Lavina a Borsoi. Nelle chiese di Lamosano e di Zopp\u00e8 di Cadore si ammirano i graffiti raffiguranti i quattro Evangelisti. Restaur\u00f2 il Crocifisso di Plois, opera di Brustolon, \u201ccon una tinta che non contribu\u00ec affatto ad accrescerne il valore&#8230; \u201c. E siamo al 1936 quando, nel soffitto della chiesa di Quers, dipinse una Santa Giustina e nella chiesa di Plois un San Floriano. Numerose anche le testimonianze sulla sua attivit\u00e0 di intagliatore: l\u2019altar maggiore della cappella della chiesa di Pieve d\u2019Alpago (iniziato il 29 agosto 1957 ed inaugurato il 29 novembre successivo); battistero ligneo, due confessionali, alcuni banchi, la cornice e il baldacchino del pulpito, la Croce (ultimata il 13 maggio 1956), l\u2019armonium finito il 16 febbraio 1959 e il pilastro della Madonna della chiesa di Pieve. Ancora: il battistero ligneo della chiesa di Chies (iniziato con un acconto di diecimila lire, il 6 febbraio 1956 e posto in opera il 18 marzo); la cassettina per le elemosine, le croci lignee, il candelabro per il cero pasquale, due piedistalli per crocifissi, il crocifisso della sacrestia, la custodia della Santissima eucarestia per la settimana santa, la doratura del tabernacolo della chiesa di Puos (per la quale ricevette pure un acconto di 10 mila lire da don Luigi Boranga); e poi le cornici della Via Crucis della chiesa di San Rocco, i crocefissi della chiesa di San Pietro, quello dell\u2019altare della chiesa di San Valentino, il carro funebre di Tambre, uno dei crocifissi di Quers, pilastro ed altare del Redentore di Bastia; c\u2019\u00e8 da dire che diversi mobili e pensili ornano ancora oggi ville e case alpagote. Mario De Nale concludeva il capitolo su Da Pos richiamando un episodio sorprendente a dir poco, registrato in occasione della demolizione del palazzo di Piazza dei Martiri a Belluno, della Societ\u00e0 Reale Mutua di assicurazione, di fronte alla sede dei Vigili urbani: durante i lavori \u201cfurono notate due finestre ritenute del Cinquecento in quanto portavano la dicitura con data \u2018Bertus fecit XVI\u201d, per cui la Sovrintendenza alle Belle arti fece sospendere i lavori. Il Da Pos allora si present\u00f2 all\u2019autorit\u00e0 competente per informarla che si trattava di un grossolano equivoco in quanto le finestre in questione erano opera sua e che, quindi, il numero XVI non si riferiva al sedicesimo secolo ma al sedicesimo anno dell\u2019era fascista!!!\u201d.<\/p>\n\n\t\t\t<style type='text\/css'>\n\t\t\t\t#gallery-1 {\n\t\t\t\t\tmargin: auto;\n\t\t\t\t}\n\t\t\t\t#gallery-1 .gallery-item {\n\t\t\t\t\tfloat: left;\n\t\t\t\t\tmargin-top: 10px;\n\t\t\t\t\ttext-align: center;\n\t\t\t\t\twidth: 20%;\n\t\t\t\t}\n\t\t\t\t#gallery-1 img {\n\t\t\t\t\tborder: 2px solid #cfcfcf;\n\t\t\t\t}\n\t\t\t\t#gallery-1 .gallery-caption {\n\t\t\t\t\tmargin-left: 0;\n\t\t\t\t}\n\t\t\t\t\/* see gallery_shortcode() in wp-includes\/media.php *\/\n\t\t\t<\/style>\n\t\t<div id='gallery-1' class='dt-gallery-container gallery galleryid-187266 gallery-columns-5 gallery-size-thumbnail'><dl class='gallery-item'>\n\t\t\t\t<dt class='gallery-icon landscape'>\n\t\t\t\t\t<a class=\"rollover rollover-zoom dt-pswp-item\" title=\"142964292_114320923918574_7561494521109986334_n\" data-dt-img-description=\"\" data-large_image_width=\"2560\" data-large_image_height=\"1920\"href='https:\/\/www.radiopiu.net\/wordpress\/wp-content\/uploads\/2021\/01\/142964292_114320923918574_7561494521109986334_n-scaled.jpg'><img loading=\"lazy\" decoding=\"async\" width=\"150\" height=\"150\" src=\"https:\/\/www.radiopiu.net\/wordpress\/wp-content\/uploads\/2021\/01\/142964292_114320923918574_7561494521109986334_n-150x150.jpg\" class=\"attachment-thumbnail size-thumbnail\" alt=\"\" \/><\/a>\n\t\t\t\t<\/dt><\/dl><dl class='gallery-item'>\n\t\t\t\t<dt class='gallery-icon portrait'>\n\t\t\t\t\t<a class=\"rollover rollover-zoom dt-pswp-item\" title=\"143104376_136455878303193_7972979742679973526_n\" data-dt-img-description=\"\" data-large_image_width=\"1555\" data-large_image_height=\"2031\"href='https:\/\/www.radiopiu.net\/wordpress\/wp-content\/uploads\/2021\/01\/143104376_136455878303193_7972979742679973526_n.jpg'><img loading=\"lazy\" decoding=\"async\" width=\"150\" height=\"150\" src=\"https:\/\/www.radiopiu.net\/wordpress\/wp-content\/uploads\/2021\/01\/143104376_136455878303193_7972979742679973526_n-150x150.jpg\" class=\"attachment-thumbnail size-thumbnail\" alt=\"\" \/><\/a>\n\t\t\t\t<\/dt><\/dl><dl class='gallery-item'>\n\t\t\t\t<dt class='gallery-icon portrait'>\n\t\t\t\t\t<a class=\"rollover rollover-zoom dt-pswp-item\" title=\"143301010_215356176931569_8892301434327893501_n\" data-dt-img-description=\"\" data-large_image_width=\"1756\" data-large_image_height=\"2560\"href='https:\/\/www.radiopiu.net\/wordpress\/wp-content\/uploads\/2021\/01\/143301010_215356176931569_8892301434327893501_n-scaled.jpg'><img loading=\"lazy\" decoding=\"async\" width=\"150\" height=\"150\" src=\"https:\/\/www.radiopiu.net\/wordpress\/wp-content\/uploads\/2021\/01\/143301010_215356176931569_8892301434327893501_n-150x150.jpg\" class=\"attachment-thumbnail size-thumbnail\" alt=\"\" \/><\/a>\n\t\t\t\t<\/dt><\/dl><dl class='gallery-item'>\n\t\t\t\t<dt class='gallery-icon portrait'>\n\t\t\t\t\t<a class=\"rollover rollover-zoom dt-pswp-item\" title=\"142836482_2883915565156241_9093912264270419453_n\" data-dt-img-description=\"\" data-large_image_width=\"1686\" data-large_image_height=\"2560\"href='https:\/\/www.radiopiu.net\/wordpress\/wp-content\/uploads\/2021\/01\/142836482_2883915565156241_9093912264270419453_n-scaled.jpg'><img loading=\"lazy\" decoding=\"async\" width=\"150\" height=\"150\" src=\"https:\/\/www.radiopiu.net\/wordpress\/wp-content\/uploads\/2021\/01\/142836482_2883915565156241_9093912264270419453_n-150x150.jpg\" class=\"attachment-thumbnail size-thumbnail\" alt=\"\" \/><\/a>\n\t\t\t\t<\/dt><\/dl><dl class='gallery-item'>\n\t\t\t\t<dt class='gallery-icon portrait'>\n\t\t\t\t\t<a class=\"rollover rollover-zoom dt-pswp-item\" title=\"143427695_350708019228227_4900058594739632467_n\" data-dt-img-description=\"\" data-large_image_width=\"1519\" data-large_image_height=\"2427\"href='https:\/\/www.radiopiu.net\/wordpress\/wp-content\/uploads\/2021\/01\/143427695_350708019228227_4900058594739632467_n.jpg'><img loading=\"lazy\" decoding=\"async\" width=\"150\" height=\"150\" src=\"https:\/\/www.radiopiu.net\/wordpress\/wp-content\/uploads\/2021\/01\/143427695_350708019228227_4900058594739632467_n-150x150.jpg\" class=\"attachment-thumbnail size-thumbnail\" alt=\"\" \/><\/a>\n\t\t\t\t<\/dt><\/dl><br style=\"clear: both\" \/>\n\t\t\t<\/div>\n\n<p>NELLE FOTO (riproduzioni dal libro di Mario De Nale e sito Galprealpidolomiti): Umberto Da Pos; il Crocefisso di Andrea Brustolon nel presbiterio della chiesa di Plois, col Salvatore che esala l\u2019ultimo respiro; l\u2019altare della cappella di Pieve; la Croce nella sagrestia di Puos; il Palazzo di Piazza dei Martiri di Belluno dove vennero notate le due finestre con data che fece ritenere fossero del sedicesimo secolo ed erano invece opera di Da Pos nell\u2019anno sedicesimo dell\u2019\u2026 era fascista!!!<\/p>\n","protected":false},"excerpt":{"rendered":"<p>di Renato Bona Clamoroso l\u2019episodio che lo vide protagonista involontario di un equivoco a proposito di due finestre di un palazzo di Belluno Sempre scoprendo figure e storie sicuramente non secondarie, proseguiamo la rilettura del libro \u201cPersonaggi illustri dell\u2019Alpago e Ponte nelle Alpi\u201d realizzato dal maestro Mario De Nale (purtroppo scomparso), per il centenario di&hellip;<\/p>\n","protected":false},"author":4,"featured_media":187280,"comment_status":"closed","ping_status":"closed","sticky":false,"template":"","format":"standard","meta":{"_monsterinsights_skip_tracking":false,"_monsterinsights_sitenote_active":false,"_monsterinsights_sitenote_note":"","_monsterinsights_sitenote_category":0,"footnotes":""},"categories":[104,49],"tags":[],"class_list":["post-187266","post","type-post","status-publish","format-standard","has-post-thumbnail","hentry","category-evidenza_3","category-news-18","category-104","category-49","description-off"],"img_url":"https:\/\/www.radiopiu.net\/wordpress\/wp-content\/uploads\/2021\/01\/142836482_2883915565156241_9093912264270419453_n-scaled.jpg","_links":{"self":[{"href":"https:\/\/www.radiopiu.net\/wordpress\/wp-json\/wp\/v2\/posts\/187266","targetHints":{"allow":["GET"]}}],"collection":[{"href":"https:\/\/www.radiopiu.net\/wordpress\/wp-json\/wp\/v2\/posts"}],"about":[{"href":"https:\/\/www.radiopiu.net\/wordpress\/wp-json\/wp\/v2\/types\/post"}],"author":[{"embeddable":true,"href":"https:\/\/www.radiopiu.net\/wordpress\/wp-json\/wp\/v2\/users\/4"}],"replies":[{"embeddable":true,"href":"https:\/\/www.radiopiu.net\/wordpress\/wp-json\/wp\/v2\/comments?post=187266"}],"version-history":[{"count":0,"href":"https:\/\/www.radiopiu.net\/wordpress\/wp-json\/wp\/v2\/posts\/187266\/revisions"}],"wp:featuredmedia":[{"embeddable":true,"href":"https:\/\/www.radiopiu.net\/wordpress\/wp-json\/wp\/v2\/media\/187280"}],"wp:attachment":[{"href":"https:\/\/www.radiopiu.net\/wordpress\/wp-json\/wp\/v2\/media?parent=187266"}],"wp:term":[{"taxonomy":"category","embeddable":true,"href":"https:\/\/www.radiopiu.net\/wordpress\/wp-json\/wp\/v2\/categories?post=187266"},{"taxonomy":"post_tag","embeddable":true,"href":"https:\/\/www.radiopiu.net\/wordpress\/wp-json\/wp\/v2\/tags?post=187266"}],"curies":[{"name":"wp","href":"https:\/\/api.w.org\/{rel}","templated":true}]}}