{"id":187454,"date":"2021-01-28T12:30:08","date_gmt":"2021-01-28T11:30:08","guid":{"rendered":"https:\/\/www.radiopiu.net\/wordpress\/?p=187454"},"modified":"2021-01-28T15:08:15","modified_gmt":"2021-01-28T14:08:15","slug":"domani-il-verdetto-veneto-pronto-per-il-giallo-da-venezia-luca-zaia","status":"publish","type":"post","link":"https:\/\/www.radiopiu.net\/wordpress\/domani-il-verdetto-veneto-pronto-per-il-giallo-da-venezia-luca-zaia\/","title":{"rendered":"FOCOLAI ANCHE IN OSPEDALE, DOMANI IL VERDETTO&#8230; VENETO PRONTO PER IL GIALLO. DA VENEZIA LUCA ZAIA 52 DECESSI E MENO DI 600 NUOVI CASI"},"content":{"rendered":"<p><strong>VENEZIA <span style=\"color: #ff0000;\">\u00a0<\/span><\/strong>Punto stampa del Governatore Luca Zaia, in diretta da Marghera. In diretta su questa pagina, audio, video e testo in diretta.<\/p>\n<p><strong>I NUMERI<\/strong><\/p>\n<p>TAMPONI MOLECOLARI 3716309 TAMPONI RAPIDI 2522629 POSITIVI 24 ORE\u00a0 572 INCIDENZA POSITIVI 1,75% POSITIVI ATTUALI 38964\u00a0 POSITIVI DA INIZIO EPIDEMIA\u00a0 309909 RICOVERATI 2369 AREA NON CRITICA 2086 (-99) TERAPIA INTENSIVA 283 (-7) DECESSI 8809 (+52) DIMESSI 14.040<\/p>\n<blockquote>\n<h2>LEGGI LA CONFERENZA STAMPA DI LUCA ZAIA<\/h2>\n<\/blockquote>\n<p><em>I positivi totali\u00a0 sono scesi oggi dopo molto tempo sotto quota 40mila grazie ai mancati nuovi ingressi e alle guarigioni.<\/em><\/p>\n<p>E&#8217; trascorso un anno dalle prime notizie sul covid ha ricordato in apertura di conferenza stampa il Presidente Luca Zaia, un anno dalla dichiarazione della prima emergenza. Attualmente abbiamo ancora 10mila studenti in quarantena. <strong>RIAPRONO GLI OSPEDALI OLTRE IL COVID<\/strong> Lunedi riprende l&#8217;attivit\u00e0 negli ospedali della Regione, si aprono le agende, si fissano gli appuntamenti,\u00a0 riprendono le visite sospese e l&#8217;attivit\u00e0 in libera professione, sono 90 mila le prestazioni in sospeso. <strong>PRODUZIONE VACCINI IN VENETO<\/strong> Non ci sono aggiornamenti, non ci sono accordi in essere per nuovi siti produttivi. <strong>SCUOLA\u00a0<\/strong> A scuola pronto il controllo degli studenti con test a campione, capiremo come circola il virus e le eventuali varianti. Sono aspetti fondamentali per evitare ricadute in futuro, ci sono ancora 10mila ragazzi in quarantena. <strong>DAI PEGGIORI AI MIGLIORI COME E&#8217; MATURATA QUESTA SVOLTA? <\/strong>Abbiamo semplicemente fatto quello che la comunit\u00e0 scientifica ci ha detto di fare.\u00a0 La sorpresa sui buoni risultati del Veneto\u00a0 da parte di certa politica \u00e8 del pretestuosa. La curva di dicembre alta in Veneto \u00e8 inspiegabile, il virus se n&#8217;\u00e8 andato, almeno cos\u00ec pare. Quasi come la peste a Venezia nel Seicento.\u00a0<strong> ABBIAMO FATTO UN LAVORONE<\/strong> Grazie al lavoro del contact tracing ci permette di dire che abbiamo avuto anche difficolt\u00e0 a trovarlo. Abbiamo galoppato molto per trovare i positivi.<\/p>\n<blockquote>\n<h3>DOTTOR LUCIANO FLOR DIRETTORE SANITA&#8217; VENETO<\/h3>\n<\/blockquote>\n<p><em>Richiameremo tutti coloro che sono in attesa. Chi ha visto annullata la visita deve richiamare per fissare un nuovo appuntamento<\/em><\/p>\n<p>Riapertura attivit\u00e0 ospedaliera, non significa abbassare la guardia. E&#8217; ragionevole pensare di riprendere con alcune attivit\u00e0 rinviate o sospese. Lunedi saremo in una situazione migliore di quanto abbiamo sospeso i servizi. Il piano sanitario prevede 5 fasce, nella fase 4 sono scattate le chiusue, oggi si entra in fasca 3 con 1599 pazienti, la fase 3 infatti prevede 1500 pazienti. La pressione ospedaliera \u00e8 molto calata, 1100 malati positivi in meno da 2730 a 1600, vuol dire che liberiamo spazi non solo risorse e personale ed \u00e8 giusto ragionare sulla ripresa dell&#8217;attivit\u00e0. Abbiamo 539 malati in rianimazione (covid e non) su una disponibilit\u00e0 di 670 posti letto, quindi 130 libero. La prossima settimana ragioneremo anche sulla riapertura dell&#8217;attivit\u00e0 chirurgica. Con molta cautela e con grande attenzione evitando assembramenti in ospedale con controlli ai varchi e uso sempre della mascherina. Sar\u00e0 una ripartenza graduale, chiameremo le persone, altri passeranno per il Cup e vediamo cosa succeder\u00e0 augurandoci che non ci sia un riversamento delle persone in ospedale che non vogliamo diventino luoghi di assembramento. <strong>OSPEDALI E CONTAGI\u00a0<\/strong> I contagi in ospedale sono monitorati e il paziente eventualmente trasferito in reparti Covid. Cos\u00ec succede per gli\u00a0 operatori sanitari e tutti vengono tamponati ogni 4 giorni. Alcuni focolai sono esplosi in ospedale a causa degli asintomatici. <strong>QUALI LE CAUSE DEL CONTAGIO?<\/strong> Non c&#8217;\u00e8 mai una causa sola, alcuni non hanno spiegazione<\/p>\n<blockquote>\n<h3>DOTTORESSA FRANCESCA RUSSO<\/h3>\n<\/blockquote>\n<p><em>La Ue ha utilizzato un solo parametro per confrontare tutti i Paesi. Da febbraio completiamo la seconda fase della vaccinazione chiudendo i cicli iniziali.\u00a0<\/em><\/p>\n<p><span style=\"color: #800000;\"><strong>La storia del rosso scuro europeo,<\/strong><\/span> una cosa \u00e8 il rischio a livello nazionale e che divide i vari scenari in base agli indicatori. Un altra cosa \u00e8 l&#8217;individuazione di un parametro legato all&#8217;incidenza. Si \u00e8 scelto un solo parametro per arrivare poi alle colorazioni, ma \u00e8 un parametro uno soltanto. Si \u00e8 visto che in questa scala dal colore pi\u00f9 tenute a pi\u00f9 marcato, il Veneto aveva un&#8217;incidenza particolare ma fotografia di quel momento oggi abbiamo un&#8217;incidenza di 156 su 100 mila (siamo stati valutati in rosso scuro quando avevamo un&#8217;incidenza di 600 ogni 100 mila), e&#8217; un parametro che si misura nel tempo e va catalogata e confrontato. il Veneto\u00a0 ha oggi comunque sui dati europei un&#8217;incidenza\u00a0 quattro volte pi\u00f9 bassa, questa la realt\u00e0 travisata da alcuni commentatori.<span style=\"color: #ffcc99;\"><strong> DOMANI IL COLORE NAZIONALE<\/strong> <\/span>\u00a0Aspettiamo come ogni settimana la valutazione sulla base dei 21 parametri e vedremo dove andremo a collocarci, i parametri sono comunque tutti in discesa e ci fa stare tranquilli. <strong>ANDAMENTO PIANO VACCINALE\u00a0<\/strong>Il punto della situazione, alle 11 di oggi abbiamo fatto 145619 dosi di vaccino, 33926 sono seconde dosi. Questa persone sono soggetti della popolazione target della fase 1 (operatori sanitari e soggetti che si trovano nelle strutture residenziali per anziani). Il piano ha avuto una battuta d&#8217;arrresto per le forniture ridotte di Pfizer, ma \u00e8 arrivata una nota del commissario Arcuri con una programmazione per le dosi di vaccino che arriveranno a febbraio. Avere la possibilit\u00e0 di programmare ci da l&#8217;opportunit\u00e0 di capire come procedere. Ai medici di base saranno foniti vaccini di pi\u00e0\u00f9 semplice conservazione. In febbraio arriveranno 250mila dosi da Pfizer e Moderna, 77000 serviranno per i richiami. ULTRA OTTANTENNI\u00a0 Classe 1941 saranno vaccinati dal 15 febbraio si tratta di 43.346 persone, compresi anche gli anziani gi\u00e0 vaccinati nelle case di riposo. Dal 22 febbraio i nati del 1946 (46371 Dal 1 marzo classe 1940 (40.500 persone) dall&#8217;8 marzo 1945 (46700) e poi a seguire. Le chiamate saranno nominative con tutte le indicazioni necessarie.. Operazioni che potrebbero essere pi\u00f9 rapide se Astrazenica sar\u00e0 sdoganato.<\/p>\n<p><a href=\"https:\/\/www.facebook.com\/zaiaufficiale\/videos\/234167551543781\">https:\/\/www.facebook.com\/zaiaufficiale\/videos\/234167551543781<\/a><\/p>\n<p>&nbsp;<\/p>\n<p>&nbsp;<\/p>\n","protected":false},"excerpt":{"rendered":"<p>VENEZIA \u00a0Punto stampa del Governatore Luca Zaia, in diretta da Marghera. In diretta su questa pagina, audio, video e testo in diretta. I NUMERI TAMPONI MOLECOLARI 3716309 TAMPONI RAPIDI 2522629 POSITIVI 24 ORE\u00a0 572 INCIDENZA POSITIVI 1,75% POSITIVI ATTUALI 38964\u00a0 POSITIVI DA INIZIO EPIDEMIA\u00a0 309909 RICOVERATI 2369 AREA NON CRITICA 2086 (-99) TERAPIA INTENSIVA 283&hellip;<\/p>\n","protected":false},"author":4,"featured_media":178367,"comment_status":"closed","ping_status":"closed","sticky":false,"template":"","format":"standard","meta":{"_monsterinsights_skip_tracking":false,"_monsterinsights_sitenote_active":false,"_monsterinsights_sitenote_note":"","_monsterinsights_sitenote_category":0,"footnotes":""},"categories":[51,49],"tags":[],"class_list":["post-187454","post","type-post","status-publish","format-standard","has-post-thumbnail","hentry","category-evidenza-top","category-news-18","category-51","category-49","description-off"],"img_url":"https:\/\/www.radiopiu.net\/wordpress\/wp-content\/uploads\/2020\/12\/397c5a76-b411-4deb-a305-5c94beb03d84.jpg","_links":{"self":[{"href":"https:\/\/www.radiopiu.net\/wordpress\/wp-json\/wp\/v2\/posts\/187454","targetHints":{"allow":["GET"]}}],"collection":[{"href":"https:\/\/www.radiopiu.net\/wordpress\/wp-json\/wp\/v2\/posts"}],"about":[{"href":"https:\/\/www.radiopiu.net\/wordpress\/wp-json\/wp\/v2\/types\/post"}],"author":[{"embeddable":true,"href":"https:\/\/www.radiopiu.net\/wordpress\/wp-json\/wp\/v2\/users\/4"}],"replies":[{"embeddable":true,"href":"https:\/\/www.radiopiu.net\/wordpress\/wp-json\/wp\/v2\/comments?post=187454"}],"version-history":[{"count":0,"href":"https:\/\/www.radiopiu.net\/wordpress\/wp-json\/wp\/v2\/posts\/187454\/revisions"}],"wp:featuredmedia":[{"embeddable":true,"href":"https:\/\/www.radiopiu.net\/wordpress\/wp-json\/wp\/v2\/media\/178367"}],"wp:attachment":[{"href":"https:\/\/www.radiopiu.net\/wordpress\/wp-json\/wp\/v2\/media?parent=187454"}],"wp:term":[{"taxonomy":"category","embeddable":true,"href":"https:\/\/www.radiopiu.net\/wordpress\/wp-json\/wp\/v2\/categories?post=187454"},{"taxonomy":"post_tag","embeddable":true,"href":"https:\/\/www.radiopiu.net\/wordpress\/wp-json\/wp\/v2\/tags?post=187454"}],"curies":[{"name":"wp","href":"https:\/\/api.w.org\/{rel}","templated":true}]}}