{"id":187504,"date":"2021-01-28T15:10:39","date_gmt":"2021-01-28T14:10:39","guid":{"rendered":"https:\/\/www.radiopiu.net\/wordpress\/?p=187504"},"modified":"2021-01-28T15:10:39","modified_gmt":"2021-01-28T14:10:39","slug":"via-i-tralicci-linee-interrate-una-vittoria-del-territorio-per-il-sindaco-di-ponte-nelle-alpi-paolo-vendramini","status":"publish","type":"post","link":"https:\/\/www.radiopiu.net\/wordpress\/via-i-tralicci-linee-interrate-una-vittoria-del-territorio-per-il-sindaco-di-ponte-nelle-alpi-paolo-vendramini\/","title":{"rendered":"VIA I TRALICCI, LINEE INTERRATE. &#8220;UNA VITTORIA DEL TERRITORIO&#8221; PER IL SINDACO DI PONTE NELLE ALPI PAOLO VENDRAMINI"},"content":{"rendered":"<p><strong><a href=\"https:\/\/www.radiopiu.net\/wordpress\/tavolo-tecnico-regione-terna-analizzato-il-progetto-media-valle-del-piave-la-provincia-di-belluno-ha-chiesto-di-conoscere-i-piani-di-razionalizzazione-e-sviluppo-delle-reti-elettriche-sullin\/cavi-elettrici\/\" rel=\"attachment wp-att-187240\"><img loading=\"lazy\" decoding=\"async\" class=\"size-medium wp-image-187240 alignleft\" src=\"https:\/\/www.radiopiu.net\/wordpress\/wp-content\/uploads\/2021\/01\/CAVI-ELETTRICI-300x185.jpg\" alt=\"\" width=\"300\" height=\"185\" srcset=\"https:\/\/www.radiopiu.net\/wordpress\/wp-content\/uploads\/2021\/01\/CAVI-ELETTRICI-300x185.jpg 300w, https:\/\/www.radiopiu.net\/wordpress\/wp-content\/uploads\/2021\/01\/CAVI-ELETTRICI-1024x633.jpg 1024w, https:\/\/www.radiopiu.net\/wordpress\/wp-content\/uploads\/2021\/01\/CAVI-ELETTRICI-768x475.jpg 768w, https:\/\/www.radiopiu.net\/wordpress\/wp-content\/uploads\/2021\/01\/CAVI-ELETTRICI-1536x950.jpg 1536w, https:\/\/www.radiopiu.net\/wordpress\/wp-content\/uploads\/2021\/01\/CAVI-ELETTRICI.jpg 1920w\" sizes=\"auto, (max-width: 300px) 100vw, 300px\" \/><\/a>PONTE NELLE ALPI <\/strong><span style=\"color: #000000; font-family: Helvetica;\">Per usare una metafora sportiva, questa partita si poteva vincere solo di squadra. Una squadra che, a Ponte nelle Alpi, \u00e8 nata pi\u00f9 di vent\u2019anni fa, nel momento in cui \u00e8 sbocciato il Comitato Stop Elettrosmog. E il percorso, lungo e tortuoso, ha poi coinvolto i singoli cittadini, le categorie di lavoratori, oltre ovviamente alle istituzioni. Con il Comune in primissima fila.\u00a0 <\/span><span style=\"color: #000000; font-family: Helvetica;\">Dopo l\u2019accordo sottoscritto con Terna, nella giornata di ieri, l\u2019intera comunit\u00e0 pontalpina vede la linea del traguardo: i tralicci saranno smantellati, i cavi interrati. E i centri abitati potranno finalmente respirare: \u00ab<em>\u00c8 un grande successo &#8211; afferma il sindaco Paolo Vendramini &#8211; anche sotto il profilo urbanistico. E destinato a migliorare la qualit\u00e0 di vita del territorio. In pi\u00f9, riusciremo a recuperare alcune aule all\u2019interno della scuola elementare \u201cArrigo Boito\u201d. Un simile risultato \u00e8 frutto dell\u2019impegno civico e del lavoro di varie componenti: per questo, tengo a ringraziare gli amministratori che si sono battuti prima di me per risolvere l\u2019annosa questione dell\u2019elettrodotto, oltre al Comitato Stop Elettrosmog, al Comitato genitori<\/em>\u00bb. <\/span><span style=\"color: #000000; font-family: Helvetica;\">Per quanto riguarda l\u2019iter, ci vorranno un paio di mesi per la Via (la Valutazione di impatto ambientale). A quel punto entrer\u00e0 in scena la Conferenza dei Servizi a livello regionale e si proceder\u00e0 alla fase decisiva, con l\u2019avvio dei lavori: \u00ab<em>Esprimo grande soddisfazione per il risultato raggiunto &#8211; argomenta Fulvio De Pasqual, attuale capogruppo di maggioranza e, soprattutto, il sindaco che il 31 marzo di 12 anni fa ha firmato il protocollo d\u2019intesa tra Comuni e Terna -. Sono particolarmente contento di un aspetto: \u00e8 stato confermato, e migliorato, l\u2019impianto complessivo dell\u2019ormai lontano 2009<\/em>\u00bb. C\u2019era, per\u00f2, un vulnus in quell\u2019accordo sottoscritto a Soverzene: \u00ab<em>E riguardava l\u2019attraversamento di Andreane, in Comune di Belluno. Gi\u00e0 allora proponevamo di interrare. Fa piacere che, a distanza di tempo, la proposta sia stata recepita e speriamo che i tempi per le opere previste siano il pi\u00f9 possibile brevi e certi. I cittadini di Ponte nelle Alpi hanno aspettato troppo per avere una soluzione definitiva all\u2019inquinamento elettromagnetico e ai pesanti vincoli urbanistici che la presenza delle linee ha imposto<\/em>\u00bb.\u00a0 <\/span><span style=\"color: #000000; font-family: Helvetica;\">Al tavolo in Regione non \u00e8 mancato l\u2019assessore comunale all\u2019Ambiente, Pierluigi Dal Borgo: \u00ab<em>\u00c8 stato un incontro molto positivo e migliorativo rispetto all\u2019ultimo piano concordato. Ponte nelle Alpi e Polpet non avranno pi\u00f9 i tralicci: la popolazione si aspettava una risposta di questo tipo<\/em>\u00bb. Insomma, la tanto auspicata svolta \u00e8 arrivata: \u00ab<em>Ora Terna ha preso l\u2019impegno di affrontare le problematiche dei Comuni a valle &#8211; conclude Dal Borgo &#8211; ma \u00e8 essenziale procedere in maniera spedita, senza pi\u00f9 rallentamenti. Mi auguro che anche da parte della politica ci sia unanimit\u00e0. E tutti i sindaci, con il presidente della Provincia, remino nella stessa direzione<\/em>\u00bb.\u00a0<\/span><\/p>\n","protected":false},"excerpt":{"rendered":"<p>PONTE NELLE ALPI Per usare una metafora sportiva, questa partita si poteva vincere solo di squadra. Una squadra che, a Ponte nelle Alpi, \u00e8 nata pi\u00f9 di vent\u2019anni fa, nel momento in cui \u00e8 sbocciato il Comitato Stop Elettrosmog. E il percorso, lungo e tortuoso, ha poi coinvolto i singoli cittadini, le categorie di lavoratori,&hellip;<\/p>\n","protected":false},"author":4,"featured_media":187240,"comment_status":"closed","ping_status":"closed","sticky":false,"template":"","format":"standard","meta":{"_monsterinsights_skip_tracking":false,"_monsterinsights_sitenote_active":false,"_monsterinsights_sitenote_note":"","_monsterinsights_sitenote_category":0,"footnotes":""},"categories":[49],"tags":[],"class_list":["post-187504","post","type-post","status-publish","format-standard","has-post-thumbnail","hentry","category-news-18","category-49","description-off"],"img_url":"https:\/\/www.radiopiu.net\/wordpress\/wp-content\/uploads\/2021\/01\/CAVI-ELETTRICI.jpg","_links":{"self":[{"href":"https:\/\/www.radiopiu.net\/wordpress\/wp-json\/wp\/v2\/posts\/187504","targetHints":{"allow":["GET"]}}],"collection":[{"href":"https:\/\/www.radiopiu.net\/wordpress\/wp-json\/wp\/v2\/posts"}],"about":[{"href":"https:\/\/www.radiopiu.net\/wordpress\/wp-json\/wp\/v2\/types\/post"}],"author":[{"embeddable":true,"href":"https:\/\/www.radiopiu.net\/wordpress\/wp-json\/wp\/v2\/users\/4"}],"replies":[{"embeddable":true,"href":"https:\/\/www.radiopiu.net\/wordpress\/wp-json\/wp\/v2\/comments?post=187504"}],"version-history":[{"count":0,"href":"https:\/\/www.radiopiu.net\/wordpress\/wp-json\/wp\/v2\/posts\/187504\/revisions"}],"wp:featuredmedia":[{"embeddable":true,"href":"https:\/\/www.radiopiu.net\/wordpress\/wp-json\/wp\/v2\/media\/187240"}],"wp:attachment":[{"href":"https:\/\/www.radiopiu.net\/wordpress\/wp-json\/wp\/v2\/media?parent=187504"}],"wp:term":[{"taxonomy":"category","embeddable":true,"href":"https:\/\/www.radiopiu.net\/wordpress\/wp-json\/wp\/v2\/categories?post=187504"},{"taxonomy":"post_tag","embeddable":true,"href":"https:\/\/www.radiopiu.net\/wordpress\/wp-json\/wp\/v2\/tags?post=187504"}],"curies":[{"name":"wp","href":"https:\/\/api.w.org\/{rel}","templated":true}]}}