{"id":187513,"date":"2021-01-28T15:22:58","date_gmt":"2021-01-28T14:22:58","guid":{"rendered":"https:\/\/www.radiopiu.net\/wordpress\/?p=187513"},"modified":"2021-01-28T15:22:59","modified_gmt":"2021-01-28T14:22:59","slug":"permessi-di-sosta-per-i-residenti-del-centro-riviste-al-ribasso-le-nuove-tariffe","status":"publish","type":"post","link":"https:\/\/www.radiopiu.net\/wordpress\/permessi-di-sosta-per-i-residenti-del-centro-riviste-al-ribasso-le-nuove-tariffe\/","title":{"rendered":"PERMESSI DI SOSTA PER I RESIDENTI DEL CENTRO. RIVISTE AL RIBASSO LE NUOVE TARIFFE"},"content":{"rendered":"<p><strong><a href=\"https:\/\/www.radiopiu.net\/wordpress\/permessi-di-sosta-per-i-residenti-del-centro-riviste-al-ribasso-le-nuove-tariffe\/parchimetro\/\" rel=\"attachment wp-att-187515\"><img loading=\"lazy\" decoding=\"async\" class=\"size-medium wp-image-187515 alignleft\" src=\"https:\/\/www.radiopiu.net\/wordpress\/wp-content\/uploads\/2021\/01\/PARCHIMETRO-300x200.jpg\" alt=\"\" width=\"300\" height=\"200\" srcset=\"https:\/\/www.radiopiu.net\/wordpress\/wp-content\/uploads\/2021\/01\/PARCHIMETRO-300x200.jpg 300w, https:\/\/www.radiopiu.net\/wordpress\/wp-content\/uploads\/2021\/01\/PARCHIMETRO-1024x681.jpg 1024w, https:\/\/www.radiopiu.net\/wordpress\/wp-content\/uploads\/2021\/01\/PARCHIMETRO-768x511.jpg 768w, https:\/\/www.radiopiu.net\/wordpress\/wp-content\/uploads\/2021\/01\/PARCHIMETRO-1536x1022.jpg 1536w, https:\/\/www.radiopiu.net\/wordpress\/wp-content\/uploads\/2021\/01\/PARCHIMETRO.jpg 1920w\" sizes=\"auto, (max-width: 300px) 100vw, 300px\" \/><\/a>BELLUNO <\/strong>La giunta comunale ha rivisto al ribasso le nuove tariffe dei permessi di sosta per i residenti in centro. La tariffa mensile per la sosta nei parcheggi per residenti passa quindi dai 25 euro previsti dal tariffario approvato lo scorso dicembre a 18 euro; la tariffa per il rinnovo annuale scende quindi da 250 euro a 180. Invariate le altre tariffe deliberate poche settimane fa. Va sottolineato anche come le tariffe approvate a fine 2020 non siano ancora entrate in vigore, visto che con la stessa delibera si prorogava automaticamente la scadenza di tutti i permessi dal 31 dicembre al 28 febbraio prossimo. Si sta anche ultimando la definizione di un sistema online per il rinnovo, che permetterebbe ai cittadini di limitare gli spostamenti in questo momento di particolare criticit\u00e0 sanitaria; rester\u00e0 comunque possibile il rinnovo \u201cin presenza\u201d negli uffici comunali. Per chi vive in centro, resiste la possibilit\u00e0 di abbonarsi con un significativo sconto (15 euro al mese contro i 21 a tariffa piena) al parcheggio di Lambioi, soluzione che aiuterebbe anche a ridurre il numero di auto nel cuore della citt\u00e0.\u00a0 Resta poi la possibilit\u00e0, introdotta quest&#8217;anno per la prima volta, di\u00a0 sostare anche in qualsiasi area di parcheggio regolamentata a parcometro della citt\u00e0 (gli \u201cstalli blu\u201d), ad eccezione di piazza dei Martiri, piazza del Duomo, Metropolis ed ex Segherie bellunesi (limitatamente alla parte interrata): \u00ab<em>\u00c8 una decisione che nasce dall&#8217;esigenza di soddisfare i bisogni dei cittadini. &#8211; commenta l&#8217;assessore alla mobilit\u00e0 Alberto Simiele \u2013 Abbiamo infatti preso questa scelta per rispondere alle tante richieste di permessi per residenti che non possono essere soddisfatte dai soli posti gialli: abbiamo infatti circa 220 domande per 80 posti disponibili<\/em>\u00bb. \u00ab<em>In queste settimane, abbiamo ricevuto alcune richieste di revisione del tariffario approvato a dicembre; &#8211; continua Simiele \u2013 abbiamo quindi voluto confermare la nuova possibilit\u00e0 di sostare sugli stalli blu e, allo stesso tempo, abbassare la tariffa prevista per i residenti del centro, anche in considerazione del perdurare della crisi sanitaria ed economica che sta mettendo in difficolt\u00e0 le famiglie e che ancora per qualche tempo costringer\u00e0 a casa numerosi lavoratori, comportando cos\u00ec anche un aumento delle auto in sosta in citt\u00e0<\/em>\u00bb.<\/p>\n","protected":false},"excerpt":{"rendered":"<p>BELLUNO La giunta comunale ha rivisto al ribasso le nuove tariffe dei permessi di sosta per i residenti in centro. La tariffa mensile per la sosta nei parcheggi per residenti passa quindi dai 25 euro previsti dal tariffario approvato lo scorso dicembre a 18 euro; la tariffa per il rinnovo annuale scende quindi da 250&hellip;<\/p>\n","protected":false},"author":4,"featured_media":187515,"comment_status":"closed","ping_status":"closed","sticky":false,"template":"","format":"standard","meta":{"_monsterinsights_skip_tracking":false,"_monsterinsights_sitenote_active":false,"_monsterinsights_sitenote_note":"","_monsterinsights_sitenote_category":0,"footnotes":""},"categories":[49],"tags":[],"class_list":["post-187513","post","type-post","status-publish","format-standard","has-post-thumbnail","hentry","category-news-18","category-49","description-off"],"img_url":"https:\/\/www.radiopiu.net\/wordpress\/wp-content\/uploads\/2021\/01\/PARCHIMETRO.jpg","_links":{"self":[{"href":"https:\/\/www.radiopiu.net\/wordpress\/wp-json\/wp\/v2\/posts\/187513","targetHints":{"allow":["GET"]}}],"collection":[{"href":"https:\/\/www.radiopiu.net\/wordpress\/wp-json\/wp\/v2\/posts"}],"about":[{"href":"https:\/\/www.radiopiu.net\/wordpress\/wp-json\/wp\/v2\/types\/post"}],"author":[{"embeddable":true,"href":"https:\/\/www.radiopiu.net\/wordpress\/wp-json\/wp\/v2\/users\/4"}],"replies":[{"embeddable":true,"href":"https:\/\/www.radiopiu.net\/wordpress\/wp-json\/wp\/v2\/comments?post=187513"}],"version-history":[{"count":0,"href":"https:\/\/www.radiopiu.net\/wordpress\/wp-json\/wp\/v2\/posts\/187513\/revisions"}],"wp:featuredmedia":[{"embeddable":true,"href":"https:\/\/www.radiopiu.net\/wordpress\/wp-json\/wp\/v2\/media\/187515"}],"wp:attachment":[{"href":"https:\/\/www.radiopiu.net\/wordpress\/wp-json\/wp\/v2\/media?parent=187513"}],"wp:term":[{"taxonomy":"category","embeddable":true,"href":"https:\/\/www.radiopiu.net\/wordpress\/wp-json\/wp\/v2\/categories?post=187513"},{"taxonomy":"post_tag","embeddable":true,"href":"https:\/\/www.radiopiu.net\/wordpress\/wp-json\/wp\/v2\/tags?post=187513"}],"curies":[{"name":"wp","href":"https:\/\/api.w.org\/{rel}","templated":true}]}}