{"id":187597,"date":"2021-01-30T06:00:09","date_gmt":"2021-01-30T05:00:09","guid":{"rendered":"https:\/\/www.radiopiu.net\/wordpress\/?p=187597"},"modified":"2021-01-30T13:56:58","modified_gmt":"2021-01-30T12:56:58","slug":"giornale-radiopiu-30-gennaio-2021-direttore-mirko-mezzacasa","status":"publish","type":"post","link":"https:\/\/www.radiopiu.net\/wordpress\/giornale-radiopiu-30-gennaio-2021-direttore-mirko-mezzacasa\/","title":{"rendered":"GIORNALE RADIOPIU 30 GENNAIO 2021 DIRETTORE MIRKO MEZZACASA"},"content":{"rendered":"<h3>FOTO COPERTINA ARCHIVIO GIORGIO FONTANIVE, ODDONE ZASSO &#8220;TOPO&#8221; CON IL PRESIDENTE DI LUXOTTICA LEONARDO DEL VECCHIO<\/h3>\n<hr \/>\n<h3><a href=\"https:\/\/www.radiopiu.net\/wordpress\/giornale-radiopiu-24-gennaio-2021-direttore-mirko-mezzacasa\/141433770_171616291414874_2957460898102012198_n\/\" rel=\"attachment wp-att-186566\"><img loading=\"lazy\" decoding=\"async\" class=\"wp-image-186566 alignleft\" src=\"https:\/\/www.radiopiu.net\/wordpress\/wp-content\/uploads\/2021\/01\/141433770_171616291414874_2957460898102012198_n-300x300.jpg\" alt=\"\" width=\"144\" height=\"144\" srcset=\"https:\/\/www.radiopiu.net\/wordpress\/wp-content\/uploads\/2021\/01\/141433770_171616291414874_2957460898102012198_n-300x300.jpg 300w, https:\/\/www.radiopiu.net\/wordpress\/wp-content\/uploads\/2021\/01\/141433770_171616291414874_2957460898102012198_n-150x150.jpg 150w, https:\/\/www.radiopiu.net\/wordpress\/wp-content\/uploads\/2021\/01\/141433770_171616291414874_2957460898102012198_n-768x768.jpg 768w, https:\/\/www.radiopiu.net\/wordpress\/wp-content\/uploads\/2021\/01\/141433770_171616291414874_2957460898102012198_n.jpg 800w\" sizes=\"auto, (max-width: 144px) 100vw, 144px\" \/><\/a><\/h3>\n<h3>PER<strong> RICEVERE QUESTO NOTIZIARIO DIRETTAMENTE SUL TUO CELLULARE ISCRIVITI AL CANALE TELEGRAM <\/strong><strong>\u201cRADIO PIU\u00a0 INFORMAZIONE&#8221;\u00a0<\/strong><\/h3>\n<h3>SUPERATI I 3000 ISCRITTI, il CANALE TELEGRAM&#8230; UNISCITI A: RADIO PIU INFORMAZIONE<\/h3>\n<p>&nbsp;<\/p>\n<p><em><a href=\"https:\/\/www.radiopiu.net\/wordpress\/giornale-radiopiu-24-gennaio-2021-direttore-mirko-mezzacasa\/79216601_126817312416448_708980208774483089_n\/\" rel=\"attachment wp-att-186567\"><img loading=\"lazy\" decoding=\"async\" class=\"size-medium wp-image-186567 alignright\" src=\"https:\/\/www.radiopiu.net\/wordpress\/wp-content\/uploads\/2021\/01\/79216601_126817312416448_708980208774483089_n-300x114.jpg\" alt=\"\" width=\"300\" height=\"114\" srcset=\"https:\/\/www.radiopiu.net\/wordpress\/wp-content\/uploads\/2021\/01\/79216601_126817312416448_708980208774483089_n-300x114.jpg 300w, https:\/\/www.radiopiu.net\/wordpress\/wp-content\/uploads\/2021\/01\/79216601_126817312416448_708980208774483089_n-768x292.jpg 768w, https:\/\/www.radiopiu.net\/wordpress\/wp-content\/uploads\/2021\/01\/79216601_126817312416448_708980208774483089_n.jpg 820w\" sizes=\"auto, (max-width: 300px) 100vw, 300px\" \/><\/a><span style=\"color: #ff0000;\">ATTENZIONE: LA NUOVA APP PER IOS-IPHONE di Nicola Vettorello <\/span><\/em><a href=\"https:\/\/apps.apple.com\/it\/app\/radio-pi%C3%B9-emittente-agordina\/id1515939845\">https:\/\/apps.apple.com\/it\/app\/radio-pi%C3%B9-emittente-agordina\/id1515939845<\/a> <em style=\"color: #ff0000;\">ATTENZIONE: LA NUOVA APP RADIO\u00a0 PER ANDROID di Nicola Vettorello<\/em><\/p>\n<p><a href=\"https:\/\/play.google.com\/store\/apps\/details?id=net.radiopiu.iniko\" target=\"_blank\" rel=\"noopener noreferrer\">https:\/\/play.google.com\/store\/apps\/details?id=net.radiopiu.iniko<\/a><\/p>\n<p>&nbsp;<\/p>\n<hr \/>\n<p><strong>\u00a0\u00a0<\/strong><\/p>\n<blockquote class=\"wp-embedded-content\" data-secret=\"j3T39VJQtR\"><p><a href=\"https:\/\/www.radiopiu.net\/wordpress\/la-bella-notizia-da-oggi-capolinea-a-lambroi\/\">LA BELLA NOTIZIA&#8230; DA OGGI CAPOLINEA A LAMBROI<\/a><\/p><\/blockquote>\n<p><iframe loading=\"lazy\" class=\"wp-embedded-content\" sandbox=\"allow-scripts\" security=\"restricted\" style=\"position: absolute; clip: rect(1px, 1px, 1px, 1px);\" title=\"&#8220;LA BELLA NOTIZIA&#8230; DA OGGI CAPOLINEA A LAMBROI&#8221; &#8212; Radio Pi\u00f9\" src=\"https:\/\/www.radiopiu.net\/wordpress\/la-bella-notizia-da-oggi-capolinea-a-lambroi\/embed\/#?secret=j3T39VJQtR\" data-secret=\"j3T39VJQtR\" width=\"600\" height=\"338\" frameborder=\"0\" marginwidth=\"0\" marginheight=\"0\" scrolling=\"no\"><\/iframe><\/p>\n<p>&nbsp;<\/p>\n<p><strong> FALCADE,<\/strong> di Susy Dan_In attesa di abbracci veri&#8230;<\/p>\n<p><a href=\"https:\/\/www.radiopiu.net\/wordpress\/giornale-radiopiu-30-gennaio-2021-direttore-mirko-mezzacasa\/ca5cae75-b247-4313-90b5-36615fba3075\/\" rel=\"attachment wp-att-187675\"><img loading=\"lazy\" decoding=\"async\" class=\"alignnone size-medium wp-image-187675\" src=\"https:\/\/www.radiopiu.net\/wordpress\/wp-content\/uploads\/2021\/01\/ca5cae75-b247-4313-90b5-36615fba3075-300x191.jpg\" alt=\"\" width=\"300\" height=\"191\" srcset=\"https:\/\/www.radiopiu.net\/wordpress\/wp-content\/uploads\/2021\/01\/ca5cae75-b247-4313-90b5-36615fba3075-300x191.jpg 300w, https:\/\/www.radiopiu.net\/wordpress\/wp-content\/uploads\/2021\/01\/ca5cae75-b247-4313-90b5-36615fba3075-768x490.jpg 768w, https:\/\/www.radiopiu.net\/wordpress\/wp-content\/uploads\/2021\/01\/ca5cae75-b247-4313-90b5-36615fba3075.jpg 1024w\" sizes=\"auto, (max-width: 300px) 100vw, 300px\" \/><\/a><\/p>\n<p>&nbsp;<\/p>\n<hr \/>\n<p>&nbsp;<\/p>\n<p><strong>di Claudio Fontanive\u00a0<\/strong><\/p>\n<p>Caro sindaco Roberto Chissal\u00e8 e assessore alle attivit\u00e0 produttive Claudio Sito&#8230;<\/p>\n<blockquote><p><em><a href=\"https:\/\/www.radiopiu.net\/wordpress\/giornale-radiopiu-30-gennaio-2021-direttore-mirko-mezzacasa\/download-1105\/\" rel=\"attachment wp-att-187924\"><img loading=\"lazy\" decoding=\"async\" class=\"wp-image-187924 alignleft\" src=\"https:\/\/www.radiopiu.net\/wordpress\/wp-content\/uploads\/2021\/01\/download-38.jpg\" alt=\"\" width=\"118\" height=\"88\" \/><\/a>Permettete questa semplice nota da cittadino e da abitante di piazza Libert\u00e0. Apprezzo davvero la scelta di lasciare le luminarie natalizie anche in questo periodo. Stiamo vivendo\u00a0 giorni difficili e vedere delle luci in questa stupenda piazza desolatamente (e ovviamente) vuota, a me personalmente regala un sorriso e una gioia in pi\u00f9. Grazie per questa scelta.\u00a0<\/em><\/p><\/blockquote>\n<p>&nbsp;<\/p>\n<p>&nbsp;<\/p>\n<hr \/>\n<blockquote>\n<h3><\/h3>\n<h3>GIALLO VENETO&#8230;. FUORI DAL PURGATORIO ARANCIONE SI RIAPRONO BAR, RISTORANTI, CONFINI COMUNALI MA RESTA IL COPRIFUOCO E LA CHIUSURA ALLE 18 PER BAR E RISTORANTI (SOLO ASPORTO FINO ALLE 22)<\/h3>\n<\/blockquote>\n<p><img loading=\"lazy\" decoding=\"async\" class=\"alignleft\" src=\"https:\/\/www.radiopiu.net\/wordpress\/wp-content\/uploads\/2021\/01\/31f8ygfdazL._AC_SX425_-300x300.jpg\" width=\"164\" height=\"164\" \/><\/p>\n<p class=\"p1\"><em><strong>Il ministero della Salute precisa che le nuove fasce scatteranno luned\u00ec. (fonte @CoronavirusNewsIta &#8211; Telegram)<\/strong><\/em><\/p>\n<p>Da Luned\u00ec scatta la zona gialla da Rt inferiore a 1 (ieri il Veneto era a 0,62) ecco cosa cambia: No agli spostamenti tra Regioni, permessi dunque all\u2019interno della stessa Regione. Riaprono Bar e Ristoranti, chiusura alle 18, per i bar divieto di asporto dopo le 18. Chiusi cinema, teatri, palestre, piscine e impianti da sci. Una volta al giorno ma tra le 5 e le 22 sono permesse le visite, massimo 2 persone, minori di 14 anni esclusi. Riapertura dei musei nei giorni feriali. Resta il coprifuoco dalle 22 alle 5. Centri commerciali chiusi nei fine settimana. Da lunedi (ma al di l\u00e0 della colorazione) riprende la scuola in presenza per i ragazzi delle superiori, massimo al 50%, tutti in aula gli studenti pi\u00f9 giovani. Nelle aule previsto il controllo degli studenti con test a campione, lo ha comunicato ieri il Presidente Luca Zaia. <em>\u201cDobbiamo capire \u2013 ha detto \u2013 \u00a0come circola il virus e le eventuali varianti. Sono aspetti fondamentali per evitare ricadute in futuro, ci sono ancora 10mila ragazzi in quarantena\u201d<\/em><\/p>\n<blockquote><p><span style=\"color: #0000ff;\"><strong><span class=\"im_message_author_wrap\"><a class=\"im_message_author\" style=\"color: #0000ff;\">CORONAVIRUS NEWS || ITA<\/a><span class=\"copyonly\">: <\/span><\/span><\/strong><\/span>Sardegna, <strong>la Regione impugna l\u2019ordinanza<\/strong> con cui il ministro della Salute, Roberto Speranza, ha confermato per un&#8217;altra settimana l\u2019isola in zona arancione, con le restrizioni pi\u00f9 rigide in vigore da domenica scorsa per contenere il contagio del Covid. Il ricorso, pronto da giorni, \u00e8 stato presentato al Tar della Sardegna. Il Presidente Solinas: \u00abdifendiamo la Sardegna da <strong>un provvedimento ingiustificato e dannoso<\/strong> e chiediamo al Tar l&#8217;immediato annullamento\u00bb<\/p><\/blockquote>\n<h3>Dichiarazione Presidente Zaia<\/h3>\n<p><a href=\"https:\/\/www.radiopiu.net\/wordpress\/giornale-radiopiu-30-gennaio-2021-direttore-mirko-mezzacasa\/143708638_1697331900468718_8320337194045357824_o\/\" rel=\"attachment wp-att-187922\"><img loading=\"lazy\" decoding=\"async\" class=\" wp-image-187922 alignleft\" src=\"https:\/\/www.radiopiu.net\/wordpress\/wp-content\/uploads\/2021\/01\/143708638_1697331900468718_8320337194045357824_o-300x300.jpg\" alt=\"\" width=\"187\" height=\"187\" srcset=\"https:\/\/www.radiopiu.net\/wordpress\/wp-content\/uploads\/2021\/01\/143708638_1697331900468718_8320337194045357824_o-300x300.jpg 300w, https:\/\/www.radiopiu.net\/wordpress\/wp-content\/uploads\/2021\/01\/143708638_1697331900468718_8320337194045357824_o-1024x1024.jpg 1024w, https:\/\/www.radiopiu.net\/wordpress\/wp-content\/uploads\/2021\/01\/143708638_1697331900468718_8320337194045357824_o-150x150.jpg 150w, https:\/\/www.radiopiu.net\/wordpress\/wp-content\/uploads\/2021\/01\/143708638_1697331900468718_8320337194045357824_o-768x768.jpg 768w, https:\/\/www.radiopiu.net\/wordpress\/wp-content\/uploads\/2021\/01\/143708638_1697331900468718_8320337194045357824_o.jpg 1080w\" sizes=\"auto, (max-width: 187px) 100vw, 187px\" \/><\/a>\u201c<em>Ho avuto\u00a0 ieri\u00a0 pomeriggio una conversazione col ministro Speranza che mi ha confermato che il Veneto diventer\u00e0 zona gialla. Ma, come ho sempre detto, le zone non sono un gioco a premi dove si vince o si perde. Dobbiamo prendere atto che siamo ancora nel pieno della pandemia, ed \u00e8 fuori luogo pensare che sia finita. Non \u00e8 catastrofismo, ma la presa d\u2019atto di quello che accade, non solo in Italia, ma in tutta Europa. Il ritorno in area gialla va vissuto da ognuno di noi con responsabilit\u00e0, evitando gli assembramenti, indossando in modo maniacale la mascherina e igienizzando con grande frequenza le mani, perch\u00e9 in un battibaleno lo scenario potrebbe cambiare in arancio o in rosso, e quindi portare a nuove chiusure\u201d. \u201cNon guardiamo solo a noi, ma anche all\u2019Europa \u2013 aggiunge Zaia &#8211; dove la Germania \u00e8 in lockdown duro ma fatica a uscirne, la Francia ha annunciato nuove dure restrizioni, come l\u2019Inghilterra che ha superato i centomila morti, la Spagna sta ricominciando a crescere. Questo per capire che il rischio di considerarsi un\u2019isola felice va assolutamente evitato\u201d. \u201cNell\u2019auspicio che ci\u00f2 non accada \u2013 prosegue Zaia \u2013 la Sanit\u00e0 del Veneto ci mette e ci metter\u00e0 tutto l\u2019impegno umanamente e strutturalmente possibile. Con la prevenzione, i controlli, il contact tracing e il monitoraggio di tutto quanto accade nella comunit\u00e0 per essere tempestivi nel monitorare e nell\u2019intervenire, con il lavoro strenuo di tutti i sanitari in tutti gli ospedali\u201d. \u201cAnche se la vita potr\u00e0 sembrare riavvicinarsi alla normalit\u00e0 come movimentazione complessiva \u2013 conclude Zaia \u2013 la vera sfida si dovr\u00e0 combattere ancora, perch\u00e9 se le cose peggiorano, gli ospedali rischiano il collasso, e se vanno in collasso gli ospedali non potranno pi\u00f9 essere garantite le migliori cure ai malati covid ma anche a tutti i portatori di altre patologie. Evitarlo \u00e8 la sfida che tutti noi dobbiamo contribuire a vincere. Perderla si tradurrebbe in malattia per le singole persone e nel collasso per gli ospedali\u201d.<\/em><\/p>\n<p>&nbsp;<\/p>\n<p>&nbsp;<\/p>\n<hr \/>\n<p>&nbsp;<\/p>\n<blockquote>\n<h3>CHIUSURA A FASCE ORARIE PER LA PROVINCIALE 3 DI VAL IMPERINA<\/h3>\n<\/blockquote>\n<p><strong>GOSALDO<\/strong> Per lavori di messa in sicurezza la provinciale 3 di Val Imperina tra Forcella Franche e Vallasin chiude totalmente\u00a0 (fino al 24 febbraio) con esclusione dei giorni festivi e prefestivi. Sar\u00e0 chiusa dalle 8 alle 12.45; dalle 13.45 alle 15.50 e dalle 16.10 alle 17.45. Nei periodi non interessati dalla chiusura compresi sabato e domenica senso unico alternato regolato da semaforo.<\/p>\n<p><strong>PROVINCIALE 2 VALLE DEL MIS<\/strong>: Fino al 25 marzo, compresi sabato e domenica\u00a0 senso unico alternato in localit\u00e0 Curti.<\/p>\n<p>&nbsp;<\/p>\n<hr \/>\n<p>&nbsp;<\/p>\n<blockquote>\n<h2>DOPO 2 MESI\u00a0 RIAPRE LA 422 DELL&#8217;ALPAGO<\/h2>\n<\/blockquote>\n<p><strong><img loading=\"lazy\" decoding=\"async\" class=\"alignleft\" src=\"https:\/\/www.radiopiu.net\/wordpress\/wp-content\/uploads\/2021\/01\/download-33.jpg\" width=\"209\" height=\"135\" \/>VENEZIA<\/strong> Da ieri sera alle 17 \u00e8 stata riaperta, a senso unico alternato, la Sp 422 \u201cdell\u2019Alpago e del Cansiglio\u201d tra Borsoi e Tambre. Per garantire la sicurezza, la circolazione sar\u00e0 regolata da impianto semaforico. La viabilit\u00e0 sar\u00e0 aperta a tutti i mezzi di trasporto anche quelli pesanti. Come si ricorder\u00e0 la strada era stata chiusa in localit\u00e0 Ponte Maina a inizio dicembre, a causa di forti nevicate, una frana aveva di fatto messo in pericolo tutta la zona. Ci sono voluti quasi due mesi per mettere in sicurezza il fronte stradale per limitare altri smottamenti pericolosi per i cittadini..<em> \u201cRingrazio le maestranze e i tecnici che hanno lavorato senza fermarsi mai per ripristinare la circolazione dei mezzi e per garantire la sicurezza \u2013 dice il Direttore Generale di Veneto Strade, Silvano Vernizzi \u2013 grazie anche ai residenti e agli amministratori per la pazienza dimostrata in questo periodo\u201d.<\/em><\/p>\n<p>&nbsp;<\/p>\n<hr \/>\n<p>&nbsp;<\/p>\n<blockquote>\n<h3>ACQUA NON POTABILE AD AGORDO E TAIBON<\/h3>\n<\/blockquote>\n<p><strong><a href=\"https:\/\/www.radiopiu.net\/wordpress\/giornale-radiopiu-09-agosto-2018-direttore-mirko-mezzacasa\/acqua\/\" rel=\"attachment wp-att-57052\"><img loading=\"lazy\" decoding=\"async\" class=\" wp-image-57052 alignleft\" src=\"https:\/\/www.radiopiu.net\/wordpress\/wp-content\/uploads\/2018\/08\/ACQUA-300x180.jpeg\" alt=\"\" width=\"199\" height=\"119\" srcset=\"https:\/\/www.radiopiu.net\/wordpress\/wp-content\/uploads\/2018\/08\/ACQUA-300x180.jpeg 300w, https:\/\/www.radiopiu.net\/wordpress\/wp-content\/uploads\/2018\/08\/ACQUA-768x461.jpeg 768w, https:\/\/www.radiopiu.net\/wordpress\/wp-content\/uploads\/2018\/08\/ACQUA-1024x614.jpeg 1024w, https:\/\/www.radiopiu.net\/wordpress\/wp-content\/uploads\/2018\/08\/ACQUA.jpeg 1280w\" sizes=\"auto, (max-width: 199px) 100vw, 199px\" \/><\/a>AGORDO<\/strong> Gestione Servizi Pubblici informa che ad AGORDO nelle LOCALITA&#8217; PARECH, PROMPICAI e TOCCOL, l&#8217;acqua erogata dall&#8217;acquedotto non \u00e8 potabile e pu\u00f2 essere usata per scopi alimentari SOLO PREVIA bollitura. GSP ha, comunque, gi\u00e0 adottato le necessarie misure per la disinfezione dell&#8217;acqua presente nei serbatoi e nella rete idrica con l&#8217;aggiunta di cloro.<\/p>\n<p>Anche a <strong>TAIBON AGORDINO<\/strong> nelle localit\u00e0 RONCH DE BUOS e NOGAROLA, l&#8217;acqua erogata dall&#8217;acquedotto non \u00e8 potabile e pu\u00f2 essere usata per scopi alimentari SOLO PREVIA bollitura<\/p>\n<p>&nbsp;<\/p>\n<hr \/>\n<p>&nbsp;<\/p>\n<blockquote>\n<h3>CAMBIAMENTI A SCUOLA CON IL RITORNO DEL TAMPONE IN CLASSE. IN PROVINCIA ARRIVANO I NUOVI VACCINI, IN DUE GIORNI 700 DOSI DI MODERNA.<\/h3>\n<\/blockquote>\n<p>Anche se la parola d&#8217;ordine \u00e8 non rilassarsi si va verso la luce con un&#8217;Italia sempre pi\u00f9 gialla, scompare il rosso, in arancio solo Sicilia, Puglia, Sardegna e Provincia Autonoma di Bolzano. Sollievo in Veneto dopo i numeri di ieri: scende ancora il numero delle persone attualmente positive, 35.509 infezioni attive, 760 nuovi casi\u00a0 3.020 guariti\u00a0 in pi\u00f9 (266.748), tornano a crescere i decessi + 71, che fanno salire a 8.909 il totale. Continuano invece a diminuire i ricoveri con 2.006 posti letto occupati (-16), terapie intensive 261 (-18) negli ospedali di comunit\u00e0 sono ricoverate 252 persone. Le infezioni sono\u00a0 1.186 in\u00a0 provincia di\u00a0 Belluno. Da lunedi riprendono le lezioni alla superiori (presenza al 50%), previsti i tamponi in aula a campione, in caso di positivit\u00e0 test per tutti ma senza rimandare a casa l&#8217;intera classe. Oggi nel mondo scolastico bellunese: in isolamento 14 classi, 213 studenti e 6 docenti.<\/p>\n<p>&nbsp;<\/p>\n<blockquote>\n<h3>AL SAN MARTINO DI BELLUNO SI SVUOTANO LE TERAPIE INTENSIVE. UN DECESSO E 73 NUOVI POSITIVI IN ULSS 1 DOLOMITI<\/h3>\n<\/blockquote>\n<p><strong>BELLUNO <\/strong>Nelle ultime 24 ore \u00e8 deceduta una donna covid positiva di anni 87 ricoverata in Geriatria covid a Belluno. I nuovi positivi in Ulss 1 Dolomiti sono 73.<\/p>\n<p><strong>Ricoveri \u00a0\u00a0\u00a0\u00a0\u00a0\u00a0\u00a0\u00a0\u00a0\u00a0\u00a0\u00a0\u00a0\u00a0\u00a0\u00a0\u00a0\u00a0\u00a0\u00a0\u00a0\u00a0\u00a0\u00a0\u00a0\u00a0\u00a0\u00a0\u00a0\u00a0\u00a0\u00a0\u00a0 <\/strong><\/p>\n<p><em>(dato alle ore 17.00 fonte: Azienda Zero)<\/em><\/p>\n<p>Le persone attualmente POSITIVE ricoverate negli ospedali dell\u2019Ulss Dolomiti sono:<\/p>\n<table>\n<tbody>\n<tr>\n<td width=\"217\"><strong>\u00a0<\/strong><\/td>\n<td width=\"217\"><strong>Area NON CRITICA<\/strong><\/td>\n<td width=\"217\"><strong>Terapia Intensiva<\/strong><\/td>\n<\/tr>\n<tr>\n<td width=\"217\"><strong>Ospedale di Belluno <\/strong><\/td>\n<td width=\"217\">45<\/td>\n<td width=\"217\">0<\/td>\n<\/tr>\n<tr>\n<td width=\"217\"><strong>Ospedale di Feltre<\/strong><\/td>\n<td width=\"217\">22<\/td>\n<td width=\"217\">6<\/td>\n<\/tr>\n<\/tbody>\n<\/table>\n<p>&nbsp;<\/p>\n<p>Le persone attualmente POSITIVE ricoverate in Ospedale di Comunit\u00e0 sono:<\/p>\n<table>\n<tbody>\n<tr>\n<td width=\"326\"><strong>\u00a0<\/strong><\/td>\n<td width=\"326\"><strong>pazienti attualmente positivi<\/strong><\/td>\n<\/tr>\n<tr>\n<td width=\"326\"><strong>Ospedale di Comunit\u00e0 di BELLUNO<\/strong><\/td>\n<td width=\"326\">8<\/td>\n<\/tr>\n<tr>\n<td width=\"326\"><strong>Ospedale di Comunit\u00e0 di FELTRE<\/strong><\/td>\n<td width=\"326\">8<\/td>\n<\/tr>\n<\/tbody>\n<\/table>\n<p>&nbsp;<\/p>\n<hr \/>\n<p>&nbsp;<\/p>\n<blockquote>\n<h3>E&#8217; MORTO GIOVANNI TIBOLLA, STORICO SINDACALISTA DELLA CISL<\/h3>\n<\/blockquote>\n<p><strong><a href=\"https:\/\/www.radiopiu.net\/wordpress\/e-morto-giovanni-tibolla-storico-sindacalista-della-cisl\/giovanni-tibolla\/\" rel=\"attachment wp-att-187681\"><img loading=\"lazy\" decoding=\"async\" class=\" wp-image-187681 alignleft\" src=\"https:\/\/www.radiopiu.net\/wordpress\/wp-content\/uploads\/2021\/01\/Giovanni-Tibolla-258x300.jpg\" alt=\"\" width=\"188\" height=\"219\" srcset=\"https:\/\/www.radiopiu.net\/wordpress\/wp-content\/uploads\/2021\/01\/Giovanni-Tibolla-258x300.jpg 258w, https:\/\/www.radiopiu.net\/wordpress\/wp-content\/uploads\/2021\/01\/Giovanni-Tibolla-768x894.jpg 768w, https:\/\/www.radiopiu.net\/wordpress\/wp-content\/uploads\/2021\/01\/Giovanni-Tibolla.jpg 796w\" sizes=\"auto, (max-width: 188px) 100vw, 188px\" \/><\/a>BELLUNO<\/strong> \u00c8 mancato gioved\u00ec 28 gennaio Giovanni Tibolla, 94 anni, storico dirigente della Cisl di Belluno, in particolare del settore ospedaliero, e partigiano insignito della Medaglia della Liberazione del Ministero della Difesa nel 70\u00b0 anniversario della Lotta di Liberazione.\u00a0 Classe 1927, nato a Sedico ma residente a Belluno, Tibolla si \u00e8 speso coraggiosamente per la Liberazione e per la ricostruzione post-bellica. Emigrato a Torino giovanissimo, nel 1943, per lavorare alla costruzione dei rifugi antiaerei, il 25 luglio \u00e8 testimone\u00a0 ell\u2019indimenticabile entusiasmo popolare per la caduta di Mussolini. L\u20198 settembre rientra a Sedico grazie al suo amico militare Dante Salce (poi impiccato orribilmente dai tedeschi in piazza a Bribano). Dopo i rastrellamenti dei nazisti, con altri compaesani decide di salire in montagna aggregandosi alla Brigata autonoma \u201cVal Cordevole\u201d, sopra Alleghe e militando nella compagnia Barsella fino al 1944, quando rientra a Sedico e lavorare alla Todt, alla Muda, fino alla Liberazione. A guerra finita, si avvia all\u2019impegno sindacale come volontario in un ufficio di Patronato per aiutare le famiglie nella compilazione delle pratiche pensionistiche, agricole e sanitarie. Diventa attivista della costituente Cisl di Belluno nel 1950 e poi dirigente della categoria degli ospedalieri, di cui diventa segretario generale, ruolo che ricopre fino al 1983.\u00a0 La Cisl territoriale esprime vicinanza alla famiglia di Giovanni Tibolla e lo ricorda come un uomo e un sindacalista con forte senso di solidariet\u00e0, buono e disponibile, sempre attento agli ultimi e ai bisognosi, rispettoso delle controparti, preparato e combattivo nel lottare per i diritti e il miglioramento delle condizioni di lavoro: orari pi\u00f9 consoni, ferie e riconoscimenti salariali e professionali. \u201cLa Cisl &#8211; dichiara il Segretario generale della Cisl Belluno Treviso Massimiliano Paglini &#8211; \u00e8 un grande sindacato oggi come nella sua storia per gli uomini e le donne che hanno contribuito a farlo diventare tale, sia figure di primo piano che figure sul territorio. Tibolla fa parte di questa categoria: con lui se ne va un pezzo della Cisl\u201d. Giovanni lascia la moglie Maria, cinque figli, i nipoti e i pronipoti. I funerali si svolgeranno sabato 30 alle 10.30 nella chiesa di San Gervasio a Belluno.<\/p>\n<p>&nbsp;<\/p>\n<p>&nbsp;<\/p>\n<hr \/>\n<p>&nbsp;<\/p>\n<blockquote>\n<h3>SI STACCA IL CHIODO E CADE PER 6 METRI DALLA CASCATA DI GHIACCIO<\/h3>\n<\/blockquote>\n<p><strong>SANTO STEFANO <\/strong>Un trentacinquenne di Udine \u00e8 caduto procurandosi politraumi durante la risalita di una cascata di ghiaccio nell&#8217;orrido dell&#8217;Acquatona. La chiamata \u00e8 arrivata poco prima delle 13 alla centrale operativa del Suem che ha attivato le Stazioni del Soccorso Alpino di Val Comelico e Sappada, considerata la localizzazione dell&#8217;incidente sul confine tra le regioni Friuli Venezia Giulia e Veneto, oltre alla Guardia di Finanza e all&#8217;ambulanza. Le squadre si sono calate in corda doppia dal livello della strada fino al torrente Acquatona superando un dislivello di sessanta metri. Una volta sul fondo hanno imbarellato il ferito e lo hanno spostato dal luogo della caduta, sul quale incombevano diverse stalattiti di ghiaccio, fino ad un punto dal quale l&#8217;elisoccorso avrebbe potuto recuperarlo con il verricello senza che lo spostamento d&#8217;aria creasse eventuali crolli di ghiaccio. L&#8217;alpinista \u00e8 caduto per sei metri fino ad impattare al suolo dopo il cedimento di un ancoraggio. Aveva infatti appena raggiunto uno spit con chiodo ad espansione, dal quale avrebbe proseguito arrampicando sulle formazioni di ghiaccio della cascata vera e propria e prima di proseguire la scalata si era appoggiato per qualche secondo di riposo. Purtroppo il chiodo \u00e8 fuoriuscito causando la caduta dell&#8217;alpinista. L&#8217;elisoccorso del Friuli Venezia Giulia ha calato l&#8217;equipe medica sul torrente, assieme al tecnico di elisoccorso, con una verricellata di ottanta metri per poi recuperarli successivamente assieme al ferito fino alla piazzola a livello della strada, dove si \u00e8 dovuto a tratti interrompere il traffico per le operazioni. I soccorritori sono stati invece riportati sulla strada effettuando un paranco con le corde usate per la discesa. L&#8217;intervento si \u00e8 concluso poco dopo le 15.<\/p>\n\n\t\t\t<style type='text\/css'>\n\t\t\t\t#gallery-1 {\n\t\t\t\t\tmargin: auto;\n\t\t\t\t}\n\t\t\t\t#gallery-1 .gallery-item {\n\t\t\t\t\tfloat: left;\n\t\t\t\t\tmargin-top: 10px;\n\t\t\t\t\ttext-align: center;\n\t\t\t\t\twidth: 33%;\n\t\t\t\t}\n\t\t\t\t#gallery-1 img {\n\t\t\t\t\tborder: 2px solid #cfcfcf;\n\t\t\t\t}\n\t\t\t\t#gallery-1 .gallery-caption {\n\t\t\t\t\tmargin-left: 0;\n\t\t\t\t}\n\t\t\t\t\/* see gallery_shortcode() in wp-includes\/media.php *\/\n\t\t\t<\/style>\n\t\t<div id='gallery-1' class='dt-gallery-container gallery galleryid-187597 gallery-columns-3 gallery-size-medium'><dl class='gallery-item'>\n\t\t\t\t<dt class='gallery-icon portrait'>\n\t\t\t\t\t<a class=\"rollover rollover-zoom dt-pswp-item\" title=\"IMG_2567-(W)\" data-dt-img-description=\"\" data-large_image_width=\"899\" data-large_image_height=\"1599\"href='https:\/\/www.radiopiu.net\/wordpress\/wp-content\/uploads\/2021\/01\/IMG_2567-W.jpg'><img loading=\"lazy\" decoding=\"async\" width=\"169\" height=\"300\" src=\"https:\/\/www.radiopiu.net\/wordpress\/wp-content\/uploads\/2021\/01\/IMG_2567-W-169x300.jpg\" class=\"attachment-medium size-medium\" alt=\"\" srcset=\"https:\/\/www.radiopiu.net\/wordpress\/wp-content\/uploads\/2021\/01\/IMG_2567-W-169x300.jpg 169w, https:\/\/www.radiopiu.net\/wordpress\/wp-content\/uploads\/2021\/01\/IMG_2567-W-576x1024.jpg 576w, https:\/\/www.radiopiu.net\/wordpress\/wp-content\/uploads\/2021\/01\/IMG_2567-W-768x1366.jpg 768w, https:\/\/www.radiopiu.net\/wordpress\/wp-content\/uploads\/2021\/01\/IMG_2567-W-864x1536.jpg 864w, https:\/\/www.radiopiu.net\/wordpress\/wp-content\/uploads\/2021\/01\/IMG_2567-W.jpg 899w\" sizes=\"auto, (max-width: 169px) 100vw, 169px\" \/><\/a>\n\t\t\t\t<\/dt><\/dl><dl class='gallery-item'>\n\t\t\t\t<dt class='gallery-icon portrait'>\n\t\t\t\t\t<a class=\"rollover rollover-zoom dt-pswp-item\" title=\"IMG_2570-(W)\" data-dt-img-description=\"\" data-large_image_width=\"759\" data-large_image_height=\"933\"href='https:\/\/www.radiopiu.net\/wordpress\/wp-content\/uploads\/2021\/01\/IMG_2570-W.jpg'><img loading=\"lazy\" decoding=\"async\" width=\"244\" height=\"300\" src=\"https:\/\/www.radiopiu.net\/wordpress\/wp-content\/uploads\/2021\/01\/IMG_2570-W-244x300.jpg\" class=\"attachment-medium size-medium\" alt=\"\" srcset=\"https:\/\/www.radiopiu.net\/wordpress\/wp-content\/uploads\/2021\/01\/IMG_2570-W-244x300.jpg 244w, https:\/\/www.radiopiu.net\/wordpress\/wp-content\/uploads\/2021\/01\/IMG_2570-W.jpg 759w\" sizes=\"auto, (max-width: 244px) 100vw, 244px\" \/><\/a>\n\t\t\t\t<\/dt><\/dl><dl class='gallery-item'>\n\t\t\t\t<dt class='gallery-icon portrait'>\n\t\t\t\t\t<a class=\"rollover rollover-zoom dt-pswp-item\" title=\"IMG_2569-(W)\" data-dt-img-description=\"\" data-large_image_width=\"768\" data-large_image_height=\"1024\"href='https:\/\/www.radiopiu.net\/wordpress\/wp-content\/uploads\/2021\/01\/IMG_2569-W.jpg'><img loading=\"lazy\" decoding=\"async\" width=\"225\" height=\"300\" src=\"https:\/\/www.radiopiu.net\/wordpress\/wp-content\/uploads\/2021\/01\/IMG_2569-W-225x300.jpg\" class=\"attachment-medium size-medium\" alt=\"\" srcset=\"https:\/\/www.radiopiu.net\/wordpress\/wp-content\/uploads\/2021\/01\/IMG_2569-W-225x300.jpg 225w, https:\/\/www.radiopiu.net\/wordpress\/wp-content\/uploads\/2021\/01\/IMG_2569-W.jpg 768w\" sizes=\"auto, (max-width: 225px) 100vw, 225px\" \/><\/a>\n\t\t\t\t<\/dt><\/dl><br style=\"clear: both\" \/>\n\t\t\t<\/div>\n\n<p>&nbsp;<\/p>\n<hr \/>\n<p>&nbsp;<\/p>\n<blockquote>\n<h3>FURTO AL BAR FORNACI, INDAGANO I CARABINIERI DI FELTRE<\/h3>\n<\/blockquote>\n<p><strong><img loading=\"lazy\" decoding=\"async\" class=\"alignleft\" src=\"https:\/\/www.radiopiu.net\/wordpress\/wp-content\/uploads\/2021\/01\/12745646_1063558836997572_8252111979998109061_n-300x300.jpg\" width=\"113\" height=\"113\" \/>FELTRE\u00a0<\/strong> Qualche giorno di tregua e di nuovo la banda del furto torna in azione. E&#8217; successo l&#8217;altra sera al Bar Fornaci di Villabruna. Ieri sul posto\u00a0 i Carabinieri Norm aliquota radiomobile di Feltre a seguito della denuncia del proprietario. Ignoti sono entrati da una finestra precedentemente forzata e dal magazzino hanno rubato 500 euro in contanti ed altri 20 euro dalla cassa del bar assieme a bottiglie di liquore e pacchetti di sigarette. Il danno totale supera i 1500 euro.<\/p>\n<p>&nbsp;<\/p>\n<hr \/>\n<p>&nbsp;<\/p>\n<blockquote>\n<h3>IL SANGUE DI ODDONE ZASSO \u201cTOPO\u201d<\/h3>\n<\/blockquote>\n<p><strong>di GIORGIO FONTANIVE\u00a0<\/strong><\/p>\n<div id=\"attachment_187858\" style=\"width: 227px\" class=\"wp-caption alignleft\"><a href=\"https:\/\/www.radiopiu.net\/wordpress\/il-sangue-di-oddone-zasso-topo\/8-laddio-ciao-topo\/\" rel=\"attachment wp-att-187858\"><img loading=\"lazy\" decoding=\"async\" aria-describedby=\"caption-attachment-187858\" class=\"size-medium wp-image-187858\" src=\"https:\/\/www.radiopiu.net\/wordpress\/wp-content\/uploads\/2021\/01\/8-Laddio-Ciao-Topo-217x300.jpg\" alt=\"\" width=\"217\" height=\"300\" srcset=\"https:\/\/www.radiopiu.net\/wordpress\/wp-content\/uploads\/2021\/01\/8-Laddio-Ciao-Topo-217x300.jpg 217w, https:\/\/www.radiopiu.net\/wordpress\/wp-content\/uploads\/2021\/01\/8-Laddio-Ciao-Topo-740x1024.jpg 740w, https:\/\/www.radiopiu.net\/wordpress\/wp-content\/uploads\/2021\/01\/8-Laddio-Ciao-Topo-768x1063.jpg 768w, https:\/\/www.radiopiu.net\/wordpress\/wp-content\/uploads\/2021\/01\/8-Laddio-Ciao-Topo-1110x1536.jpg 1110w, https:\/\/www.radiopiu.net\/wordpress\/wp-content\/uploads\/2021\/01\/8-Laddio-Ciao-Topo-1480x2048.jpg 1480w, https:\/\/www.radiopiu.net\/wordpress\/wp-content\/uploads\/2021\/01\/8-Laddio-Ciao-Topo.jpg 1534w\" sizes=\"auto, (max-width: 217px) 100vw, 217px\" \/><\/a><p id=\"caption-attachment-187858\" class=\"wp-caption-text\">CIAO TOPO<\/p><\/div>\n<p align=\"JUSTIFY\"><span style=\"color: #000000;\"><span style=\"font-family: Times New Roman, serif;\"><span style=\"font-size: large;\"><strong>AGORDO<\/strong> Oddone Zasso \u201cTopo\u201d, novantun anni. Una vita bella, la tua, completa, ricca, attraverso la storia dell\u2019Agordino, dell\u2019emigrazione, del lavoro, della socialit\u00e0, dell\u2019abnegazione, della solidariet\u00e0, in situazioni non prive di spigoli e pericolose, ove, in qualche caso tutto era possibile, fino alla morte. Eppure la sorte \u00e8 stata benigna con te: nei rischi corsi e nei rapporti sociali, con le persone care, talvolta interrotti troppo presto con rassegnazione e disagio ma dove poi il contatto umano prevaleva per andare avanti con convinzione e pragmatismo o forse per semplice accettazione. Giovane operaio arruolato forzatamente nell\u2019organizzazione tedesca Todt in Folega, degente all\u2019ospedale di Belluno sotto bombardamenti alleati, qualche estate in malga, avviato alla professione di tipografo a Torino e poi emigrante in Australia; al ritorno infine, figura di <a href=\"https:\/\/www.radiopiu.net\/wordpress\/il-sangue-di-oddone-zasso-topo\/6-in-montagna-con-silvano-peloso\/\" rel=\"attachment wp-att-187857\"><img loading=\"lazy\" decoding=\"async\" class=\"size-medium wp-image-187857 alignright\" src=\"https:\/\/www.radiopiu.net\/wordpress\/wp-content\/uploads\/2021\/01\/6-In-montagna-con-Silvano-Peloso-200x300.jpg\" alt=\"\" width=\"200\" height=\"300\" srcset=\"https:\/\/www.radiopiu.net\/wordpress\/wp-content\/uploads\/2021\/01\/6-In-montagna-con-Silvano-Peloso-200x300.jpg 200w, https:\/\/www.radiopiu.net\/wordpress\/wp-content\/uploads\/2021\/01\/6-In-montagna-con-Silvano-Peloso-683x1024.jpg 683w, https:\/\/www.radiopiu.net\/wordpress\/wp-content\/uploads\/2021\/01\/6-In-montagna-con-Silvano-Peloso-768x1151.jpg 768w, https:\/\/www.radiopiu.net\/wordpress\/wp-content\/uploads\/2021\/01\/6-In-montagna-con-Silvano-Peloso.jpg 912w\" sizes=\"auto, (max-width: 200px) 100vw, 200px\" \/><\/a>rilievo della vita cittadina e sulle nostre montagne che gi\u00e0 ti avevano visto protagonista nella costruzione del Rifugio Carestiato e in quella \u201cmisteriosa\u201d salita alla II Torre del Camp in Moiazza con Giovanni Bongiana nel 1953. Quante domeniche trascorse lass\u00f9, poi anche come portatore, guida alpina e soprattutto come capostazione del Soccorso Alpino di Agordo per oltre un ventennio: la pi\u00f9 forte squadra dell\u2019intero arco delle Alpi in virt\u00f9 di una compagine impareggiabile che attir\u00f2 anche la riconoscenza internazionale in tempi di <\/span><\/span><span style=\"font-family: Times New Roman, serif;\"><span style=\"font-size: large;\"><i>Guerra Fredda<\/i><\/span><\/span><span style=\"font-family: Times New Roman, serif;\"><span style=\"font-size: large;\"> con l\u2019operazione di recupero della salma del russo Kherghiani e del salvataggio del compagno Oniscenko. Decine di interventi in quegli anni in cui l\u2019attrazione della montagna e il benessere stava cambiando le nostre esistenze; poi il ritiro dall\u2019attivit\u00e0 senza far mancare la tua presenza nella vita cittadina e sempre solidale in attivit\u00e0 di volontariato, come nell\u2019Avis con un numero di donazioni che ti hanno meritato il diploma ed interrotte solo per l\u2019et\u00e0. Quel sangue forte come il tuo carattere, che ti ha portato all\u2019ultima avventura della vita tra le pareti di casa in questo gennaio 2021, dove, ancora una volta, hai dato dimostrazione della tua tempra.\u00a0<\/span><\/span><\/span><\/p>\n<p style=\"text-align: center;\" align=\"JUSTIFY\"><span style=\"color: #ff0000;\"><strong>ARCHIVIO FOTOGRAFICO GIORGIO FONTANIVE<\/strong><\/span><\/p>\n\n\t\t\t<style type='text\/css'>\n\t\t\t\t#gallery-2 {\n\t\t\t\t\tmargin: auto;\n\t\t\t\t}\n\t\t\t\t#gallery-2 .gallery-item {\n\t\t\t\t\tfloat: left;\n\t\t\t\t\tmargin-top: 10px;\n\t\t\t\t\ttext-align: center;\n\t\t\t\t\twidth: 50%;\n\t\t\t\t}\n\t\t\t\t#gallery-2 img {\n\t\t\t\t\tborder: 2px solid #cfcfcf;\n\t\t\t\t}\n\t\t\t\t#gallery-2 .gallery-caption {\n\t\t\t\t\tmargin-left: 0;\n\t\t\t\t}\n\t\t\t\t\/* see gallery_shortcode() in wp-includes\/media.php *\/\n\t\t\t<\/style>\n\t\t<div id='gallery-2' class='dt-gallery-container gallery galleryid-187597 gallery-columns-2 gallery-size-thumbnail'><dl class='gallery-item'>\n\t\t\t\t<dt class='gallery-icon portrait'>\n\t\t\t\t\t<a class=\"rollover rollover-zoom dt-pswp-item\" title=\"1-K2 MILANO (1954)\" data-dt-img-description=\"\" data-large_image_width=\"602\" data-large_image_height=\"863\"href='https:\/\/www.radiopiu.net\/wordpress\/wp-content\/uploads\/2021\/01\/1-K2-MILANO-1954.jpg'><img loading=\"lazy\" decoding=\"async\" width=\"150\" height=\"150\" src=\"https:\/\/www.radiopiu.net\/wordpress\/wp-content\/uploads\/2021\/01\/1-K2-MILANO-1954-150x150.jpg\" class=\"attachment-thumbnail size-thumbnail\" alt=\"\" aria-describedby=\"gallery-2-187855\" \/><\/a>\n\t\t\t\t<\/dt>\n\t\t\t\t\t<dd class='wp-caption-text gallery-caption' id='gallery-2-187855'>\n\t\t\t\t\tK2 MILANO (1954)\n\t\t\t\t\t<\/dd><\/dl><dl class='gallery-item'>\n\t\t\t\t<dt class='gallery-icon landscape'>\n\t\t\t\t\t<a class=\"rollover rollover-zoom dt-pswp-item\" title=\"5 Ringraziamento per l&#039;operazione Kherghiani\" data-dt-img-description=\"\" data-large_image_width=\"2560\" data-large_image_height=\"1779\"href='https:\/\/www.radiopiu.net\/wordpress\/wp-content\/uploads\/2021\/01\/5-Ringraziamento-per-loperazione-Kherghiani-scaled.jpg'><img loading=\"lazy\" decoding=\"async\" width=\"150\" height=\"150\" src=\"https:\/\/www.radiopiu.net\/wordpress\/wp-content\/uploads\/2021\/01\/5-Ringraziamento-per-loperazione-Kherghiani-150x150.jpg\" class=\"attachment-thumbnail size-thumbnail\" alt=\"\" aria-describedby=\"gallery-2-187860\" \/><\/a>\n\t\t\t\t<\/dt>\n\t\t\t\t\t<dd class='wp-caption-text gallery-caption' id='gallery-2-187860'>\n\t\t\t\t\tRINGRAZIAMENTO PER L&#8217;OPERAZIONE\n\t\t\t\t\t<\/dd><\/dl><br style=\"clear: both\" \/><dl class='gallery-item'>\n\t\t\t\t<dt class='gallery-icon portrait'>\n\t\t\t\t\t<a class=\"rollover rollover-zoom dt-pswp-item\" title=\"In montagna con Del Vecchio\" data-dt-img-description=\"\" data-large_image_width=\"1168\" data-large_image_height=\"1485\"href='https:\/\/www.radiopiu.net\/wordpress\/wp-content\/uploads\/2021\/01\/4-In-montagna-con-Del-Vecchio.jpg'><img loading=\"lazy\" decoding=\"async\" width=\"150\" height=\"150\" src=\"https:\/\/www.radiopiu.net\/wordpress\/wp-content\/uploads\/2021\/01\/4-In-montagna-con-Del-Vecchio-150x150.jpg\" class=\"attachment-thumbnail size-thumbnail\" alt=\"\" aria-describedby=\"gallery-2-187856\" \/><\/a>\n\t\t\t\t<\/dt>\n\t\t\t\t\t<dd class='wp-caption-text gallery-caption' id='gallery-2-187856'>\n\t\t\t\t\tCON LEONARDO DEL VECCHIO\n\t\t\t\t\t<\/dd><\/dl><dl class='gallery-item'>\n\t\t\t\t<dt class='gallery-icon landscape'>\n\t\t\t\t\t<a class=\"rollover rollover-zoom dt-pswp-item\" title=\"3- Campanile Val Montanaja\" data-dt-img-description=\"\" data-large_image_width=\"1211\" data-large_image_height=\"899\"href='https:\/\/www.radiopiu.net\/wordpress\/wp-content\/uploads\/2021\/01\/3-Campanile-Val-Montanaja.jpg'><img loading=\"lazy\" decoding=\"async\" width=\"150\" height=\"150\" src=\"https:\/\/www.radiopiu.net\/wordpress\/wp-content\/uploads\/2021\/01\/3-Campanile-Val-Montanaja-150x150.jpg\" class=\"attachment-thumbnail size-thumbnail\" alt=\"\" aria-describedby=\"gallery-2-187859\" \/><\/a>\n\t\t\t\t<\/dt>\n\t\t\t\t\t<dd class='wp-caption-text gallery-caption' id='gallery-2-187859'>\n\t\t\t\t\tCAMPANILE VAL MONTANAIA\n\t\t\t\t\t<\/dd><\/dl><br style=\"clear: both\" \/>\n\t\t\t<\/div>\n\n<h2><\/h2>\n<p>&nbsp;<\/p>\n<hr \/>\n<p>&nbsp;<\/p>\n<blockquote>\n<h2>LA FAME E&#8217; FAME&#8230; ANCHE IN CIMITERO<\/h2>\n<\/blockquote>\n<p><strong>FALCADE<\/strong> La foto di Lisa De Biasio testimonia come cervi e caprioli siano ormai abituati a frequentare il cimitero di Caviola. Nel campo santo entrano affamati\u00a0 <em>&#8220;Se la gente si dimentica di chiudere i cancelli&#8221;<\/em> sottolinea Celeste Scardanzan che ha realizzato un video a testimonianza del disastro tra tombe e vasi di fiori.\u00a0 <strong>Caterina:<\/strong> <em>Che disastro ma \u00e8 cos\u00ec difficile chiudere i cancelli,\u00a0 i cervi non hanno nessuna responsabilit\u00e0 ma questa \u00e8 di chi\u00a0 uscendo non chiude i cancelli <\/em><strong>Beniamino <\/strong><em>Le bestie non hanno colpa, la fame \u00e8 fame anche per loro e vanno dove possono riempire la pancia. Sono le persone che devono prevenire con semplici accorgimenti, basta chiudere i cancelli. <\/em><strong>Carmen <\/strong><em>Ma perch\u00e9 il Comune o chi di dovere non mette del fieno per questi poveri animali che vista la tanta neve non trovano di che sfamarsi. <\/em><strong>Virginia<\/strong><em> hanno tanta fame ma dove sono quelli che difendono gli animali per portare da mangiare,\u00a0 \u00e8 il momento di dimostrare quanto gli stanno a cuore sono i fatti che valgono.<\/em><\/p>\n<div style=\"width: 1200px;\" class=\"wp-video\"><video class=\"wp-video-shortcode\" id=\"video-187597-1\" width=\"1200\" height=\"675\" preload=\"metadata\" controls=\"controls\"><source type=\"video\/mp4\" src=\"https:\/\/www.radiopiu.net\/wordpress\/wp-content\/uploads\/2021\/01\/CERVI-CIMITERO-CAVIOLA.mp4?_=1\" \/><a href=\"https:\/\/www.radiopiu.net\/wordpress\/wp-content\/uploads\/2021\/01\/CERVI-CIMITERO-CAVIOLA.mp4\">https:\/\/www.radiopiu.net\/wordpress\/wp-content\/uploads\/2021\/01\/CERVI-CIMITERO-CAVIOLA.mp4<\/a><\/video><\/div>\n<p>&nbsp;<\/p>\n<hr \/>\n<blockquote>\n<h3>CITTADELLA DELL&#8217;ANZIANO AD AGORDO, SFORZO COLLETTIVO NON UTOPIA<\/h3>\n<\/blockquote>\n<p><strong>AGORDO<\/strong> Una casa di riposo in Valle del Biois? Non \u00e8 la prima volta che la proposta rimbalza sui mezzi di informazione aprendo al dibattito. Argomento di attualit\u00e0 anche per il gruppo consigliare &#8220;Agordo Cambia&#8221;. Ed ecco dunque la proposta della &#8220;cittadella dell&#8217;anziano&#8221; che secondo il gruppo di Agordo potrebbe risolvere alcune criticit\u00e0 esistenti in vallata agordina offrendo servizi tarati in maniera precisa e puntuale sulle necessit\u00e0 degli anziani. &#8220;Agordo Cambia&#8221; pone una domanda importante per gli amministratori, per la comunit\u00e0: vale la pena\u00a0 investire iper adeguare\u00a0 una struttura esistente? Struttura che di adeguato a ben poco e non risponde ai bisogni complessi degli anziani.\u00a0 Quindi la proposta:\u00a0 struttura nuova, costruita con i criteri dettati dalle esigenze della \u201cnuova utenza\u201d\u00a0 <em>&#8220;Noi immaginiamo una \u201ccittadella dell\u2019anziano\u201d, dove si erogano servizi graduati, secondo le necessit\u00e0 delle persone&#8221;.\u00a0<\/em>Infine il gruppo\u00a0 va anche oltre ipotizzando la realizzazione di appartamentini protetti, abitati da coppie che richiedono i servizi secondo le loro necessit\u00e0.<\/p>\n<p><strong>\u00a0DI GIANNI SANTOMASO<\/strong><\/p>\n<audio class=\"wp-audio-shortcode\" id=\"audio-187597-1\" preload=\"none\" style=\"width: 100%;\" controls=\"controls\"><source type=\"audio\/mpeg\" src=\"https:\/\/www.radiopiu.net\/wordpress\/wp-content\/uploads\/2021\/01\/GIANNI-CITTADELLA-ANZIANI.mp3?_=1\" \/><a href=\"https:\/\/www.radiopiu.net\/wordpress\/wp-content\/uploads\/2021\/01\/GIANNI-CITTADELLA-ANZIANI.mp3\">https:\/\/www.radiopiu.net\/wordpress\/wp-content\/uploads\/2021\/01\/GIANNI-CITTADELLA-ANZIANI.mp3<\/a><\/audio>\n<p>&nbsp;<\/p>\n<h3><a href=\"https:\/\/www.radiopiu.net\/wordpress\/cittadella-dellanziano-ad-agordo-sforzo-collettino-non-utopia\/57240533_2130574120354159_4919412037114658816_o\/\" rel=\"attachment wp-att-187654\"><img loading=\"lazy\" decoding=\"async\" class=\"wp-image-187654 size-full aligncenter\" src=\"https:\/\/www.radiopiu.net\/wordpress\/wp-content\/uploads\/2021\/01\/57240533_2130574120354159_4919412037114658816_o.jpg\" alt=\"\" width=\"960\" height=\"454\" srcset=\"https:\/\/www.radiopiu.net\/wordpress\/wp-content\/uploads\/2021\/01\/57240533_2130574120354159_4919412037114658816_o.jpg 960w, https:\/\/www.radiopiu.net\/wordpress\/wp-content\/uploads\/2021\/01\/57240533_2130574120354159_4919412037114658816_o-300x142.jpg 300w, https:\/\/www.radiopiu.net\/wordpress\/wp-content\/uploads\/2021\/01\/57240533_2130574120354159_4919412037114658816_o-768x363.jpg 768w\" sizes=\"auto, (max-width: 960px) 100vw, 960px\" \/><\/a><\/h3>\n<h3>IL DOCUMENTO DI AGORDO CAMBIA:\u00a0 PERCHE\u2019 FARE UNA NUOVA STRUTTURA PER ANZIANI PER L\u2019AGORDINO?<\/h3>\n<blockquote><p><em>Ogni tanto si legge sul giornale o si sente qualche amministratore dire che vorrebbe una casa <\/em><em>di riposo per anziani nel proprio Comune. L\u2019idea di per se non \u00e8 sbagliata: cosa c\u2019\u00e8 di meglio che avere una casa di riposo nel proprio Comune, in modo che gli anziani di quel paese possano continuare a vivere nel loro territorio, vicino ai propri familiari? Ma tutto questo \u00e8 un\u2019utopia. La programmazione della residenzialit\u00e0 extraospedaliera \u00e8 compito della Regione, la quale valuta il fabbisogno di posti letto per quel territorio in base a determinati parametri. Tutto questo \u00e8 necessario per garantire alla casa di riposo la copertura dei <\/em><em>posti letto e quindi la sostenibilit\u00e0 economica nel tempo. Oggi la domanda di posti letto \u00e8 principalmente per persone non autosufficienti e l\u2019assistenza a queste persone \u00e8 molto costosa. Infatti nei Centri di Servizio per Anziani e nelle RSA gli utenti pagano la quota alberghiera e la Regione paga la quota sanitaria per garantire l\u2019assistenza medica, infermieristica, dell\u2019operatore socio sanitario, del fisioterapista, della psicologa, ecc., figure professionali tutte necessarie per rispondere ai bisogni di salute degli utenti<strong>. La RSA di Agordo,<\/strong> gestita da ASCA ma propriet\u00e0 dei 16 Comuni dell\u2019Agordino, \u00e8 un edificio obsoleto, presenta necessit\u00e0 di interventi costosi, che non cambieranno quella che \u00e8 la sua struttura ma serviranno solo per l\u2019adeguamento alle normative. Per la parte degli \u201cAnziani inabili\u201d, ex sanatorio per intenderci, che dispone di 48 posti letto, l\u2019amministratore unico, nella presentazione del bilancio di previsione, ha chiesto di trovare una collocazione alternativa. Non si \u00e8 dilungata molto, ma \u00e8 chiaro che quella struttura non \u00e8 pi\u00f9 adatta <\/em><em>ad ospitare anziani che hanno bisogni complessi oltre che il diritto ad un ambiente confortevole dove trascorrere l\u2019ultima parte della loro vita. <strong>Il \u201cPolifunzionale 1\u201d<\/strong> non gode di miglior salute, costruito negli anni settanta dalla Comunit\u00e0 Montana, progettato per ospitare persone autosufficienti, ha camere piccole dove \u00e8 difficile entrare con le carrozzine, i bagni sono stretti e poco adatti ad essere usati da persone che hanno bisogno di assistenza. I piani sono poi sfalsati rispetto <strong>al nuovo \u201cPolifunzionale 2\u201d<\/strong>, quindi per evitare che gli anziani scendano inavvertitamente le scale, \u00e8 stato dotato di barriere che evitano la libera <\/em><em>circolazione. L\u2019unica parte dignitosa sono i 50 posti letto costruiti dall\u2019ULSS negli anni novanta. Ora viene da chiedersi: vale la pena di investire soldi per l\u2019adeguamento di una struttura che di adeguato ha ben poco? L\u2019anziano che oggi entra in casa di riposo ha bisogni molto complessi, poli-patologie che una volta venivano seguite nei reparti ospedalieri, ma che complica molto tutta la situazione \u00e8 la massiccia presenza di anziani affetti da demenza. Una struttura nuova, costruita con i criteri dettati dalle esigenze della \u201cnuova utenza\u201d che oggi \u00e8 inserita nelle strutture per anziani, garantisce senza dubbio una migliore assistenza e rende pi\u00f9 agevole e meno gravoso il lavoro dei professionisti. Garantisce la libert\u00e0 di movimento e, <\/em><em>quindi, una migliore qualit\u00e0 di vita alle persone affette da demenza. Inoltre una struttura nuova, oltre ad essere costruita secondo le necessit\u00e0 degli anziani, sar\u00e0 anche piacevole, bella, pratica. Un posto dove i familiari lasceranno volentieri i loro cari e, dove, se avremo la fortuna di invecchiare, entreremo volentieri anche noi. Noi immaginiamo una \u201ccittadella dell\u2019anziano\u201d, dove si erogano servizi graduati, secondo le <\/em><em>necessit\u00e0 delle persone. Dove un anziano sa che non se ne deve andare in un\u2019altra struttura se diventer\u00e0 non autosufficiente o se avr\u00e0 bisogno di un livello assistenziale pi\u00f9 elevato. Dove trova un centro diurno con professionisti che lo stimolano a mantenere o migliorare le proprie autonomie e la sera pu\u00f2 fare ritorno alla propria abitazione. Dove pu\u00f2 accedervi anche se \u00e8 \u201cautosufficiente\u201d e quando avr\u00e0 un decadimento, che \u00e8 fisiologico, cambier\u00e0 solo padiglione. Dove si potranno anche preparare i pasti da portare a domicilio, servizio che consente la permanenza nella propria abitazione dove l\u2019anziano, oltre al pasto, riceve anche la visita del volontario. E perch\u00e9 non si potrebbero realizzare anche degli appartamentini protetti, abitati da coppie che richiedono i servizi secondo le loro necessit\u00e0. Tutto questo non \u00e8 utopia, ma richiede uno sforzo collettivo e la forte volont\u00e0 dei nostri amministratori.<\/em><\/p><\/blockquote>\n<p>&nbsp;<\/p>\n<hr \/>\n<p>&nbsp;<\/p>\n<blockquote>\n<h3>ANZIANI DA COCCOLARE NON DA ABBANDONARE IN STRUTTURE INADEGUATE<\/h3>\n<\/blockquote>\n<p><strong>AGORDO<\/strong>\u00a0 Come prevedibile l&#8217;iniziativa di\u00a0 &#8220;Agordo Cambia&#8221; di proporre la cittadella per l&#8217;anziano apre un interessante dibattito.<strong> Fabio Luchetta<\/strong>, sindaco di Vallada e consigliere provinciale butta l\u00ec la sua ricetta<em> &#8220;Gli anziani vanno tenuti il pi\u00f9 possibile nelle loro case, semmai costruire dei piccoli appartamenti con caratteristiche particolari che si potrebbe dare ai casi pi\u00f9 complessi. Adottare la telemedicina con le nuove tecnologie, cam per controllarli nelle loro abitazioni con un servizio domiciliare ottimale. Ci sono tante soluzioni ma non di certo altre case di riposo&#8221;.<\/em> <strong>Dario Ganz<\/strong> di Agordo, fondatore della pagina Dolomitici su Facebook sempre molto attento alle tematiche locali ci ha scritto:<\/p>\n<blockquote><p><em><a href=\"https:\/\/www.radiopiu.net\/wordpress\/giornale-radiopiu-30-gennaio-2021-direttore-mirko-mezzacasa\/whatsapp-image-2021-01-29-at-13-04-58\/\" rel=\"attachment wp-att-187728\"><img loading=\"lazy\" decoding=\"async\" class=\" wp-image-187728 alignleft\" src=\"https:\/\/www.radiopiu.net\/wordpress\/wp-content\/uploads\/2021\/01\/WhatsApp-Image-2021-01-29-at-13.04.58-200x300.jpeg\" alt=\"\" width=\"167\" height=\"251\" srcset=\"https:\/\/www.radiopiu.net\/wordpress\/wp-content\/uploads\/2021\/01\/WhatsApp-Image-2021-01-29-at-13.04.58-200x300.jpeg 200w, https:\/\/www.radiopiu.net\/wordpress\/wp-content\/uploads\/2021\/01\/WhatsApp-Image-2021-01-29-at-13.04.58-682x1024.jpeg 682w, https:\/\/www.radiopiu.net\/wordpress\/wp-content\/uploads\/2021\/01\/WhatsApp-Image-2021-01-29-at-13.04.58-768x1153.jpeg 768w, https:\/\/www.radiopiu.net\/wordpress\/wp-content\/uploads\/2021\/01\/WhatsApp-Image-2021-01-29-at-13.04.58-1023x1536.jpeg 1023w, https:\/\/www.radiopiu.net\/wordpress\/wp-content\/uploads\/2021\/01\/WhatsApp-Image-2021-01-29-at-13.04.58.jpeg 1066w\" sizes=\"auto, (max-width: 167px) 100vw, 167px\" \/><\/a>Se posso aggiungere un piccolo contributo d&#8217;archivio vi racconto che nel 2010 con il Forum per l&#8217;Architettura della Provincia di Belluno (https:\/\/www.archforumbelluno.it) partecipai ad un bellissimo stage in Carinzia. Non \u00e8 per dire che l&#8217;erba del vicino \u00e8 sempre pi\u00f9 verde ma proprio a Steifeld visitammo una meravigliosa residenza per anziani che profumava di legno. I collaboratori della Casa di Cura e di riposo di Steinfeld ( progettata dell&#8217;architetto Dietger Wissouning nel 2003 ) vestivano con abiti normali proprio per dare un&#8217;idea di tranquillit\u00e0, forse calzavano qualcosa di sicurezza.\u00a0 I letti degli ospiti\u00a0 posizionati in modo da vedere bene dal letto le montagne,\u00a0 non per rendere efficiente la planimetria,\u00a0 nel giardino un bio laghetto. \u00a0Vorrei poter coccolare cos\u00ec i miei anziani. <\/em><em>Sono loro che ci hanno cresciuti ed \u00e8 giusto poter garantire loro bellezza e gentilezza anche negli ultimi anni della vita.\u00a0<\/em><\/p><\/blockquote>\n<p>ALBUM FOTO CARINZIA <strong><span style=\"color: #0000ff;\"><a style=\"color: #0000ff;\" href=\"https:\/\/www.flickr.com\/photos\/archforumbelluno\/albums\/72157669878728125\">CLICCA QUI\u00a0<\/a><\/span><\/strong><\/p>\n<p>&nbsp;<\/p>\n<p>&nbsp;<\/p>\n<hr \/>\n<p>&nbsp;<\/p>\n<blockquote>\n<h3>INDENNITA&#8217; AI LAVORATORI, SOLO PROMESSE NON MANTENUTE<\/h3>\n<\/blockquote>\n<p><strong><a href=\"https:\/\/www.radiopiu.net\/wordpress\/tormen-e-fiocco-contro-regione-e-ulss1-de-bernardin-contro-la-tormen-e-il-gruppo-sanita\/andrea-fiocco\/\" rel=\"attachment wp-att-43617\"><img loading=\"lazy\" decoding=\"async\" class=\"wp-image-43617 alignleft\" src=\"https:\/\/www.radiopiu.net\/wordpress\/wp-content\/uploads\/2018\/02\/ANDREA-FIOCCO-300x300.jpg\" alt=\"\" width=\"125\" height=\"125\" srcset=\"https:\/\/www.radiopiu.net\/wordpress\/wp-content\/uploads\/2018\/02\/ANDREA-FIOCCO-300x300.jpg 300w, https:\/\/www.radiopiu.net\/wordpress\/wp-content\/uploads\/2018\/02\/ANDREA-FIOCCO-150x150.jpg 150w, https:\/\/www.radiopiu.net\/wordpress\/wp-content\/uploads\/2018\/02\/ANDREA-FIOCCO-768x768.jpg 768w, https:\/\/www.radiopiu.net\/wordpress\/wp-content\/uploads\/2018\/02\/ANDREA-FIOCCO.jpg 960w\" sizes=\"auto, (max-width: 125px) 100vw, 125px\" \/><\/a>BELLUNO<\/strong> I sindacati nelle case di riposo, conferme per i lavoratori ma le indennit\u00e0 per gli stessi, promesse da un amministratore, non saranno concesse.<em> &#8220;Prima di fare promesse sarebbe meglio pensarci&#8221;<\/em> dice Andrea Fiocco della CGIL FP<\/p>\n<p><strong>ANDREA FIOCCO<\/strong><\/p>\n<audio class=\"wp-audio-shortcode\" id=\"audio-187597-2\" preload=\"none\" style=\"width: 100%;\" controls=\"controls\"><source type=\"audio\/mpeg\" src=\"https:\/\/www.radiopiu.net\/wordpress\/wp-content\/uploads\/2021\/01\/radio-piu-incontri-puos-e-sersa.mp3?_=2\" \/><a href=\"https:\/\/www.radiopiu.net\/wordpress\/wp-content\/uploads\/2021\/01\/radio-piu-incontri-puos-e-sersa.mp3\">https:\/\/www.radiopiu.net\/wordpress\/wp-content\/uploads\/2021\/01\/radio-piu-incontri-puos-e-sersa.mp3<\/a><\/audio>\n<p>&nbsp;<\/p>\n<hr \/>\n<p>&nbsp;<\/p>\n<blockquote>\n<h3>CUCCIOLO-MARISIGA &#8220;NON SONO CHIARI NE&#8217; I COSTI NE&#8217; I BENEFICI&#8221; ATTACCA LA MINORANZA<\/h3>\n<\/blockquote>\n<p><img loading=\"lazy\" decoding=\"async\" class=\"alignleft\" src=\"https:\/\/www.radiopiu.net\/wordpress\/wp-content\/uploads\/2021\/01\/download-36.jpg\" width=\"135\" height=\"75\" \/><strong>BELLUNO<\/strong><\/p>\n<p><strong>MORENO GIOLI<\/strong><\/p>\n<p>&nbsp;<\/p>\n<audio class=\"wp-audio-shortcode\" id=\"audio-187597-3\" preload=\"none\" style=\"width: 100%;\" controls=\"controls\"><source type=\"audio\/mpeg\" src=\"https:\/\/www.radiopiu.net\/wordpress\/wp-content\/uploads\/2021\/01\/GIOLI-CUCCIOLO.mp3?_=3\" \/><a href=\"https:\/\/www.radiopiu.net\/wordpress\/wp-content\/uploads\/2021\/01\/GIOLI-CUCCIOLO.mp3\">https:\/\/www.radiopiu.net\/wordpress\/wp-content\/uploads\/2021\/01\/GIOLI-CUCCIOLO.mp3<\/a><\/audio>\n<p>&nbsp;<\/p>\n<hr \/>\n<p>&nbsp;<\/p>\n<blockquote>\n<h3>&#8220;A TERNA NON CI CREDIAMO PIU'&#8221; IL PESSIMISMO DI PASTELLA<\/h3>\n<\/blockquote>\n<p><strong><img loading=\"lazy\" decoding=\"async\" class=\"alignleft\" src=\"https:\/\/www.radiopiu.net\/wordpress\/wp-content\/uploads\/2021\/01\/TRALICCIO.jpg\" width=\"94\" height=\"63\" \/>BELLUNO<\/strong><\/p>\n<p><strong>DI MORENO GIOLI<\/strong><\/p>\n<audio class=\"wp-audio-shortcode\" id=\"audio-187597-4\" preload=\"none\" style=\"width: 100%;\" controls=\"controls\"><source type=\"audio\/mpeg\" src=\"https:\/\/www.radiopiu.net\/wordpress\/wp-content\/uploads\/2021\/01\/MORENO-TERNA.mp3?_=4\" \/><a href=\"https:\/\/www.radiopiu.net\/wordpress\/wp-content\/uploads\/2021\/01\/MORENO-TERNA.mp3\">https:\/\/www.radiopiu.net\/wordpress\/wp-content\/uploads\/2021\/01\/MORENO-TERNA.mp3<\/a><\/audio>\n<p>&nbsp;<\/p>\n<p>&nbsp;<\/p>\n<hr \/>\n<p>&nbsp;<\/p>\n<blockquote>\n<h3>DEFLUSSO ECOLOGICO, OVVERO COME SVUOTARE I LAGHI<\/h3>\n<\/blockquote>\n<div class=\"amico-article__category amico-article__category--block\"><strong>TAIBON<\/strong> Prepariamoci a stagioni estive bollenti, con critiche di turisti, valligiani, prese di posizione di sindaci, proteste, comitati, lettere ai Parlamentari e via discorrendo. La macchina delle critiche verr\u00e0 accesa con l&#8217;entrate in vigore della direttiva europea: \u00a0<em>&#8220;La sostituzione del deflusso minimo vitale con il deflusso ecologico avr\u00e0 delle ripercussioni devastanti: sulla salute dei laghi&#8221;<\/em> spiega l&#8217;assessore veneto Gianpaolo Bottacin, ma il problema non sar\u00e0 solo estetico, anche economico:\u00a0 <em>\u00abUn deficit rilevante nella produzione energetica da fonte rinnovabile con consistente riduzione dei canoni idrici introitati dalla Provincia di Belluno\u00bb\u00a0<\/em>anticipa l&#8217;assessore Gianpaolo Bottacin.<\/div>\n<div>\n<div style=\"width: 640px;\" class=\"wp-video\"><video class=\"wp-video-shortcode\" id=\"video-187597-2\" width=\"640\" height=\"352\" preload=\"metadata\" controls=\"controls\"><source type=\"video\/mp4\" src=\"https:\/\/www.radiopiu.net\/wordpress\/wp-content\/uploads\/2021\/01\/WhatsApp-Video-2021-01-29-at-14.10.30.mp4?_=2\" \/><a href=\"https:\/\/www.radiopiu.net\/wordpress\/wp-content\/uploads\/2021\/01\/WhatsApp-Video-2021-01-29-at-14.10.30.mp4\">https:\/\/www.radiopiu.net\/wordpress\/wp-content\/uploads\/2021\/01\/WhatsApp-Video-2021-01-29-at-14.10.30.mp4<\/a><\/video><\/div>\n<p>&nbsp;<\/p>\n<\/div>\n<hr \/>\n<p>&nbsp;<\/p>\n<blockquote>\n<h3>SITUAZIONE SCUOLE: AGGIORNAMENTO<\/h3>\n<\/blockquote>\n<p><strong><img loading=\"lazy\" decoding=\"async\" class=\"alignleft\" src=\"https:\/\/www.radiopiu.net\/wordpress\/wp-content\/uploads\/2020\/09\/scuola-primaria-agordo-2.jpg\" width=\"247\" height=\"185\" \/>BELLUNO<\/strong> Da gennaio \u00e8 attivo il nuovo protocollo scuole che prevede che, in presenza di un caso positivo in una classe, i contatti identificati nella classe secondo linee guida siano posti in quarantena ed eseguano un test di controllo al termine della stessa (indicativamente al 10\u00b0 giorno). Attualmente le classi in carico al Dipartimento (quindi con almeno un positivo), tutte in isolamento domiciliare fiduciario come da nuovo protocollo, sono 14 cos\u00ec distribuite: 1 scuola dell&#8217;infanzia 6 della scuola primaria 6 classi della scuola media 1 classi della scuola superiore In totale sono in isolamento 213 bambini\/ragazzi e 6 insegnanti. Dal 14 settembre 2020 ad oggi sono state prese in carico 576 classi.<\/p>\n<blockquote><p><em>Il prossimo webinar si terr\u00e0 dalle 18 alle 20 di mercoled\u00ec. Si parler\u00e0 di strategie per riconoscere e gestire le reazioni emotive legate all\u2019emergenza sanitaria nei bambini e nei ragazzi. L\u2019incontro sar\u00e0 tenuto dall\u2019equipe di Psicologia Ospedaliera con la partecipazione di Stefania Sacchezin, psicologa psicoterapeuta, specializzata in psicologia dell\u2019emergenza, facilitator e supervisore Emdr Italia. Il webinar si terr\u00e0 sulla piattaforma Google Meet. Per partecipare, inviare una e-mail all\u2019indirizzo webinar.sospsicologico.aulss1@gmail.com<\/em><\/p><\/blockquote>\n<p>&nbsp;<\/p>\n<p>&nbsp;<\/p>\n<hr \/>\n<h2><span style=\"color: #ff0000;\">\u00a0<\/span><\/h2>\n<blockquote>\n<h2><span style=\"color: #ff0000;\">\u00a0ANDAMENTO EPIDEMIOLOGICO NELL&#8217;AGORDINO<\/span><\/h2>\n<\/blockquote>\n<p><strong>I GRAFICI DI TIZIANO DE COL<\/strong><\/p>\n\n\t\t\t<style type='text\/css'>\n\t\t\t\t#gallery-3 {\n\t\t\t\t\tmargin: auto;\n\t\t\t\t}\n\t\t\t\t#gallery-3 .gallery-item {\n\t\t\t\t\tfloat: left;\n\t\t\t\t\tmargin-top: 10px;\n\t\t\t\t\ttext-align: center;\n\t\t\t\t\twidth: 50%;\n\t\t\t\t}\n\t\t\t\t#gallery-3 img {\n\t\t\t\t\tborder: 2px solid #cfcfcf;\n\t\t\t\t}\n\t\t\t\t#gallery-3 .gallery-caption {\n\t\t\t\t\tmargin-left: 0;\n\t\t\t\t}\n\t\t\t\t\/* see gallery_shortcode() in wp-includes\/media.php *\/\n\t\t\t<\/style>\n\t\t<div id='gallery-3' class='dt-gallery-container gallery galleryid-187597 gallery-columns-2 gallery-size-full'><dl class='gallery-item'>\n\t\t\t\t<dt class='gallery-icon landscape'>\n\t\t\t\t\t<a class=\"rollover rollover-zoom dt-pswp-item\" title=\"WhatsApp Image 2021-01-29 at 09.29.23\" data-dt-img-description=\"\" data-large_image_width=\"544\" data-large_image_height=\"336\"href='https:\/\/www.radiopiu.net\/wordpress\/wp-content\/uploads\/2021\/01\/WhatsApp-Image-2021-01-29-at-09.29.23.jpeg'><img loading=\"lazy\" decoding=\"async\" width=\"544\" height=\"336\" src=\"https:\/\/www.radiopiu.net\/wordpress\/wp-content\/uploads\/2021\/01\/WhatsApp-Image-2021-01-29-at-09.29.23.jpeg\" class=\"attachment-full size-full\" alt=\"\" srcset=\"https:\/\/www.radiopiu.net\/wordpress\/wp-content\/uploads\/2021\/01\/WhatsApp-Image-2021-01-29-at-09.29.23.jpeg 544w, https:\/\/www.radiopiu.net\/wordpress\/wp-content\/uploads\/2021\/01\/WhatsApp-Image-2021-01-29-at-09.29.23-300x185.jpeg 300w\" sizes=\"auto, (max-width: 544px) 100vw, 544px\" \/><\/a>\n\t\t\t\t<\/dt><\/dl><dl class='gallery-item'>\n\t\t\t\t<dt class='gallery-icon landscape'>\n\t\t\t\t\t<a class=\"rollover rollover-zoom dt-pswp-item\" title=\"WhatsApp Image 2021-01-29 at 09.25.01\" data-dt-img-description=\"\" data-large_image_width=\"480\" data-large_image_height=\"289\"href='https:\/\/www.radiopiu.net\/wordpress\/wp-content\/uploads\/2021\/01\/WhatsApp-Image-2021-01-29-at-09.25.01.jpeg'><img loading=\"lazy\" decoding=\"async\" width=\"480\" height=\"289\" src=\"https:\/\/www.radiopiu.net\/wordpress\/wp-content\/uploads\/2021\/01\/WhatsApp-Image-2021-01-29-at-09.25.01.jpeg\" class=\"attachment-full size-full\" alt=\"\" srcset=\"https:\/\/www.radiopiu.net\/wordpress\/wp-content\/uploads\/2021\/01\/WhatsApp-Image-2021-01-29-at-09.25.01.jpeg 480w, https:\/\/www.radiopiu.net\/wordpress\/wp-content\/uploads\/2021\/01\/WhatsApp-Image-2021-01-29-at-09.25.01-300x181.jpeg 300w\" sizes=\"auto, (max-width: 480px) 100vw, 480px\" \/><\/a>\n\t\t\t\t<\/dt><\/dl><br style=\"clear: both\" \/>\n\t\t\t<\/div>\n\n<blockquote>\n<h3><\/h3>\n<h3><a href=\"https:\/\/www.radiopiu.net\/wordpress\/andamento-epidemiologico-nellagordino\/th-22\/\" rel=\"attachment wp-att-185831\"><img loading=\"lazy\" decoding=\"async\" class=\" wp-image-185831 alignleft\" src=\"https:\/\/www.radiopiu.net\/wordpress\/wp-content\/uploads\/2021\/01\/th-3.jpg\" alt=\"\" width=\"134\" height=\"141\" \/><\/a><span style=\"color: #ff0000;\">I SINDACI INFORMANO<\/span><\/h3>\n<p>&nbsp;<\/p><\/blockquote>\n<p>&nbsp;<\/p>\n<p><strong>LA VALLE<\/strong>\u00a0 8 positivi 4 isolamento <strong>ROCCA PIETORE<\/strong> 4 positivi 3\u00a0 isolamento <strong>ALLEGHE<\/strong> 2\u00a0 positivi\u00a0 3 isolamento\u00a0 <strong>TAIBON<\/strong> 16\u00a0 positivi 15 isolamento\u00a0 <strong>AGORDO<\/strong> 10 (-1) positivi 2\u00a0 \u00a0isolamento <strong>GOSALDO<\/strong> 5 (+2)\u00a0 positivi 2\u00a0 isolamento <strong>FALCADE<\/strong> 26\u00a0 positivi\u00a0 28\u00a0 isolamento <strong>CANALE D&#8217;AGORDO<\/strong> 15\u00a0 \u00a0positivi 20 isolamento.<strong> COLLE SANTA LUCIA<\/strong> 1 positivi 0 isolamento <strong>RIVAMONTE<\/strong> 1\u00a0 positivi 1\u00a0 isolamento <strong>CENCENIGHE <\/strong>10 positivi 8\u00a0 isolamento,<strong> SAN TOMASO <\/strong>8 positivi 1\u00a0 isolamento<strong>, LIVINALLONGO <\/strong>1\u00a0 positivo 2\u00a0 isolamento <strong>VALLADA <\/strong>5 positivi 1 isolamento <strong>, VOLTAGO E SELVA DI CADORE dati non pervenuti.<\/strong><\/p>\n<p>&nbsp;<\/p>\n<hr \/>\n<p>&nbsp;<\/p>\n<blockquote class=\"wp-embedded-content\" data-secret=\"j8P6kGUmUO\"><p><a href=\"https:\/\/www.radiopiu.net\/wordpress\/agg-gen29\/\">CORONAVIRUS: AGGIORNAMENTO NAZIONALE 29 GENNAIO 2021<\/a><\/p><\/blockquote>\n<p><iframe loading=\"lazy\" class=\"wp-embedded-content\" sandbox=\"allow-scripts\" security=\"restricted\" style=\"position: absolute; clip: rect(1px, 1px, 1px, 1px);\" title=\"&#8220;CORONAVIRUS: AGGIORNAMENTO NAZIONALE 29 GENNAIO 2021&#8221; &#8212; Radio Pi\u00f9\" src=\"https:\/\/www.radiopiu.net\/wordpress\/agg-gen29\/embed\/#?secret=j8P6kGUmUO\" data-secret=\"j8P6kGUmUO\" width=\"600\" height=\"338\" frameborder=\"0\" marginwidth=\"0\" marginheight=\"0\" scrolling=\"no\"><\/iframe><\/p>\n<p>&nbsp;<\/p>\n<hr \/>\n<p>&nbsp;<\/p>\n<blockquote class=\"wp-embedded-content\" data-secret=\"eaS0lOLjA7\"><p><a href=\"https:\/\/www.radiopiu.net\/wordpress\/in-24-ore-760-nuovi-positivi-in-veneto-ricoveri-in-calo-71-decessi-a-belluno-73-nuove-positivita\/\">IN 24 ORE 760 NUOVI POSITIVI IN VENETO. RICOVERI IN CALO, 71 DECESSI. A BELLUNO 73 NUOVE POSITIVITA&#8217;<\/a><\/p><\/blockquote>\n<p><iframe loading=\"lazy\" class=\"wp-embedded-content\" sandbox=\"allow-scripts\" security=\"restricted\" style=\"position: absolute; clip: rect(1px, 1px, 1px, 1px);\" title=\"&#8220;IN 24 ORE 760 NUOVI POSITIVI IN VENETO. RICOVERI IN CALO, 71 DECESSI. A BELLUNO 73 NUOVE POSITIVITA&#8217;&#8221; &#8212; Radio Pi\u00f9\" src=\"https:\/\/www.radiopiu.net\/wordpress\/in-24-ore-760-nuovi-positivi-in-veneto-ricoveri-in-calo-71-decessi-a-belluno-73-nuove-positivita\/embed\/#?secret=eaS0lOLjA7\" data-secret=\"eaS0lOLjA7\" width=\"600\" height=\"338\" frameborder=\"0\" marginwidth=\"0\" marginheight=\"0\" scrolling=\"no\"><\/iframe><\/p>\n<p>&nbsp;<\/p>\n<hr \/>\n<p>&nbsp;<\/p>\n<blockquote>\n<h3>I GRAFICI DI TIZIANO DE COL<\/h3>\n<\/blockquote>\n\n\t\t\t<style type='text\/css'>\n\t\t\t\t#gallery-4 {\n\t\t\t\t\tmargin: auto;\n\t\t\t\t}\n\t\t\t\t#gallery-4 .gallery-item {\n\t\t\t\t\tfloat: left;\n\t\t\t\t\tmargin-top: 10px;\n\t\t\t\t\ttext-align: center;\n\t\t\t\t\twidth: 25%;\n\t\t\t\t}\n\t\t\t\t#gallery-4 img {\n\t\t\t\t\tborder: 2px solid #cfcfcf;\n\t\t\t\t}\n\t\t\t\t#gallery-4 .gallery-caption {\n\t\t\t\t\tmargin-left: 0;\n\t\t\t\t}\n\t\t\t\t\/* see gallery_shortcode() in wp-includes\/media.php *\/\n\t\t\t<\/style>\n\t\t<div id='gallery-4' class='dt-gallery-container gallery galleryid-187597 gallery-columns-4 gallery-size-medium'><dl class='gallery-item'>\n\t\t\t\t<dt class='gallery-icon landscape'>\n\t\t\t\t\t<a class=\"rollover rollover-zoom dt-pswp-item\" title=\"884fc4b5-55af-436d-9cc1-9f1bd674a3cb-1\" data-dt-img-description=\"\" data-large_image_width=\"616\" data-large_image_height=\"353\"href='https:\/\/www.radiopiu.net\/wordpress\/wp-content\/uploads\/2021\/01\/884fc4b5-55af-436d-9cc1-9f1bd674a3cb-1.jpg'><img loading=\"lazy\" decoding=\"async\" width=\"300\" height=\"172\" src=\"https:\/\/www.radiopiu.net\/wordpress\/wp-content\/uploads\/2021\/01\/884fc4b5-55af-436d-9cc1-9f1bd674a3cb-1-300x172.jpg\" class=\"attachment-medium size-medium\" alt=\"\" srcset=\"https:\/\/www.radiopiu.net\/wordpress\/wp-content\/uploads\/2021\/01\/884fc4b5-55af-436d-9cc1-9f1bd674a3cb-1-300x172.jpg 300w, https:\/\/www.radiopiu.net\/wordpress\/wp-content\/uploads\/2021\/01\/884fc4b5-55af-436d-9cc1-9f1bd674a3cb-1.jpg 616w\" sizes=\"auto, (max-width: 300px) 100vw, 300px\" \/><\/a>\n\t\t\t\t<\/dt><\/dl><dl class='gallery-item'>\n\t\t\t\t<dt class='gallery-icon landscape'>\n\t\t\t\t\t<a class=\"rollover rollover-zoom dt-pswp-item\" title=\"6f0726ad-ccba-4321-b7f2-0cc1e342e98d\" data-dt-img-description=\"\" data-large_image_width=\"596\" data-large_image_height=\"356\"href='https:\/\/www.radiopiu.net\/wordpress\/wp-content\/uploads\/2021\/01\/6f0726ad-ccba-4321-b7f2-0cc1e342e98d.jpg'><img loading=\"lazy\" decoding=\"async\" width=\"300\" height=\"179\" src=\"https:\/\/www.radiopiu.net\/wordpress\/wp-content\/uploads\/2021\/01\/6f0726ad-ccba-4321-b7f2-0cc1e342e98d-300x179.jpg\" class=\"attachment-medium size-medium\" alt=\"\" srcset=\"https:\/\/www.radiopiu.net\/wordpress\/wp-content\/uploads\/2021\/01\/6f0726ad-ccba-4321-b7f2-0cc1e342e98d-300x179.jpg 300w, https:\/\/www.radiopiu.net\/wordpress\/wp-content\/uploads\/2021\/01\/6f0726ad-ccba-4321-b7f2-0cc1e342e98d.jpg 596w\" sizes=\"auto, (max-width: 300px) 100vw, 300px\" \/><\/a>\n\t\t\t\t<\/dt><\/dl><dl class='gallery-item'>\n\t\t\t\t<dt class='gallery-icon landscape'>\n\t\t\t\t\t<a class=\"rollover rollover-zoom dt-pswp-item\" title=\"2fb61efa-8e7a-4640-b082-3a5f8a0351da\" data-dt-img-description=\"\" data-large_image_width=\"606\" data-large_image_height=\"356\"href='https:\/\/www.radiopiu.net\/wordpress\/wp-content\/uploads\/2021\/01\/2fb61efa-8e7a-4640-b082-3a5f8a0351da.jpg'><img loading=\"lazy\" decoding=\"async\" width=\"300\" height=\"176\" src=\"https:\/\/www.radiopiu.net\/wordpress\/wp-content\/uploads\/2021\/01\/2fb61efa-8e7a-4640-b082-3a5f8a0351da-300x176.jpg\" class=\"attachment-medium size-medium\" alt=\"\" srcset=\"https:\/\/www.radiopiu.net\/wordpress\/wp-content\/uploads\/2021\/01\/2fb61efa-8e7a-4640-b082-3a5f8a0351da-300x176.jpg 300w, https:\/\/www.radiopiu.net\/wordpress\/wp-content\/uploads\/2021\/01\/2fb61efa-8e7a-4640-b082-3a5f8a0351da.jpg 606w\" sizes=\"auto, (max-width: 300px) 100vw, 300px\" \/><\/a>\n\t\t\t\t<\/dt><\/dl><dl class='gallery-item'>\n\t\t\t\t<dt class='gallery-icon landscape'>\n\t\t\t\t\t<a class=\"rollover rollover-zoom dt-pswp-item\" title=\"2085aa17-6324-453b-b38c-cc225389e1e2\" data-dt-img-description=\"\" data-large_image_width=\"600\" data-large_image_height=\"353\"href='https:\/\/www.radiopiu.net\/wordpress\/wp-content\/uploads\/2021\/01\/2085aa17-6324-453b-b38c-cc225389e1e2.jpg'><img loading=\"lazy\" decoding=\"async\" width=\"300\" height=\"177\" src=\"https:\/\/www.radiopiu.net\/wordpress\/wp-content\/uploads\/2021\/01\/2085aa17-6324-453b-b38c-cc225389e1e2-300x177.jpg\" class=\"attachment-medium size-medium\" alt=\"\" srcset=\"https:\/\/www.radiopiu.net\/wordpress\/wp-content\/uploads\/2021\/01\/2085aa17-6324-453b-b38c-cc225389e1e2-300x177.jpg 300w, https:\/\/www.radiopiu.net\/wordpress\/wp-content\/uploads\/2021\/01\/2085aa17-6324-453b-b38c-cc225389e1e2.jpg 600w\" sizes=\"auto, (max-width: 300px) 100vw, 300px\" \/><\/a>\n\t\t\t\t<\/dt><\/dl><br style=\"clear: both\" \/>\n\t\t\t<\/div>\n\n<p>&nbsp;<\/p>\n<p>&nbsp;<\/p>\n<hr \/>\n<p>&nbsp;<\/p>\n<h1>DOPO 29 GIORNI DI NUMERI IN CALO<\/h1>\n<blockquote>\n<h2>LEGGI LA CONFERENZA DI LUCA ZAIA<\/h2>\n<p><em>Da lunedi a scuola e se si scova un positivo tamponi per tutta la classe<\/em><\/p><\/blockquote>\n<p>L&#8217;Europa modifica i colori adesso abbiamo la colorazione verde. In Italia il Veneto \u00e8 all&#8217;ottavo posto per mortalit\u00e0. Prossimamente una nuova circolare o una direttiva rispetto alle mutazioni del virus.<b> VENETO GIALLO?\u00a0<\/b>Oggi \u00e8 giornata di valutazioni delle Regioni, dopo 29 giorni\u00a0 di calo, repentino e\u00a0 inspiegabile. <strong>ORDINANZE REGOLATORIE?<\/strong> Ci adeguiamo alla zona attribuita. <strong>SCUOLA<\/strong> Luned\u00ec si parte con tre settimane al 50% di presenza alle scuole superiori, porteremo\u00a0 avanti un&#8217;indagine epidemiologica sulla circolazione del virus nelle scuole con test a campione: alla presenza del positivo non si va in quarantena ma si fanno tamponi a tutti. <strong>RISCHIO EPIDEMIOLOGICO CON L&#8217;APERTURA DI BAR E RISTORANTI<\/strong> Chi da le indicazioni \u00e8 l&#8217;Istituto Superiore di Sanit\u00e0 non possiamo fare un&#8217;analisi, se ci chiudiamo in casa il virus circola di meno e viceversa. Il vero tema: combinare l&#8217;apertura con l&#8217;incidenza.<strong> IL FITNESS NON LAVORA DA MESI SENZA RISTORI<\/strong> Il tema \u00e8 in agenda ne parliamo molto, negli incontri \u00e8 uno degli aspetti sottolineato spesso, i ristori per alcuni comparti, la partita dei ristori \u00e8 nazionale non possiamo fare altro. Non ci sono solo gli impianti di risalita, ma anche tutti i lavoratori stagionali. L&#8217;economia che tiene in piedi questo paese <strong>SIETE RIUSCITI A RICOSTRUIRE LA GENESI DELLA MAPPA EUROPEA?<\/strong> Dobbiamo acquisire tutti i documenti siamo passati da una classificazione spanometrica da rosso scuro (la peggiore) ieri sera \u00e8 uscita la mappa dell&#8217;incidenza e il Veneto \u00e8 una delle poche aree (non pi\u00f9 di cinque in Europa) con il colore verde. <strong>EUROPA PER REGIONI CON MISURE ARMONIZZATE?<\/strong> L&#8217;Europa puo&#8217; iniziare a disegnare con i colori quando riusciranno a dimostrare che l&#8217;unit\u00e0 di misura \u00e8 uguale per tutti. <strong>E NELL&#8217;ATTESA DI BLOCCANO LE FRONTIERE?<\/strong> Senza parametri non si blocca nulla. <strong>SE SCATTA IL GIALLO CI SARANNO MISURE LOCALI?<\/strong> Per il momento no, ne parleremo con i sindaci. <strong>TEMETE ASSEMBRAMENTI PER LO SHOPPING<\/strong>? Dipende solo dai cittadini. Le restrizioni sono inversamente proporzionali agli approcci della clientela nei vari esercizi commerciali. <strong>RIAPERTURA STAGIONE SCIISTICA CI SONO LE LINEE GUIDA<\/strong> Il DPCM decider\u00e0, per affrontare il tema dovr\u00e0 essere modificato anter 15 febbraio. Non ho aggiornamenti, staremo a vedere. Gli assessori stanno parlando ma tutto dipende dall&#8217;andamento dell&#8217;infezione. Serviranno confronti con tutti. <strong>VARIANTI<\/strong> Avremo una circolare o una direttiva rispetto allemutazioni del virus, adesso la letteratura scientifica conferma che le varianti danno curve di infezione diverse, per questo l&#8217;Istituto Superiore di Sanit\u00e0 far\u00e0 uscire una circolare per sequenziare e classificare queste mutazioni. Noi lo stiamo facendo gi\u00e0 da tempo. <strong>VACCINI\u00a0<\/strong> Prossima settimana chiuderemo il primo giro come da priorit\u00e0, da met\u00e0 febbraio\u00a0 via con gli over 80 (350mila persone).<\/p>\n<blockquote>\n<h3>OSPITE DELLA CONFERENZA LA DOTTORESSA GIOVANNA SCROCCARO, DIREZIONE FARMACEUTICA<\/h3>\n<p><em>Anticorpi mono clonali: Verona si candider\u00e0 per coordinare il trial per sperimentare questa cura.<\/em><\/p><\/blockquote>\n<p>Per poter scrivere su un protocollo quali farmaci prescrivere servono studi che dimostrino l&#8217;efficacia. Da quando \u00e8 iniziata la pandemia abbiamo visto molti farmaci e abbiamo discusso molto sulla loro efficacia. I capisaldi del nostro protocollo sono: l&#8217;utilizzo di antinfiammatori nei pazienti con pochi sintomi. <strong>CORTISONE<\/strong> serve quando il paziente comincia ad avere difficolt\u00e0 di ossigenazione non \u00e8 vietato per pazienti meno gravIi. <strong>EPARINA<\/strong> per prevenire la trombosi, abbiamo dato il via l&#8217;ibera all&#8217;ossigeno-terapia anche a casa. <strong>ANTIBIOTICI<\/strong> non sono molti i pazienti che hanno questa necessit\u00e0, sono utili per le infezioni batteriche.<strong> IVERMECTINA<\/strong> \u00e8 nella prima fase di sperimentazione, debella o favorisce l&#8217;espulsione di vermi e parassiti intestinali, in Italia non c&#8217;\u00e8, viene importato e usato in casi molto particolari. C&#8217;\u00e8 un protocollo di studio coordinato da Negrar per verificare se \u00e8 sicuro. <strong>ESISTE UNA TERPIA PER IL COVID<\/strong> Sono i farmaci elencati, non esiste un nuovo farmaco per la terapia a domicilio. Stanno arrivando gli anticorpi monoclonali (gi\u00e0 autorizzati in parte), in Italia ancora non possiamo averli per mancanza di autorizzazioni. Sembrano efficaci se somministrati nei pazienti meno gravi, quindi a domicilio per capirci sono quelli usati per curare Donald Trump. Entro il 15 febbraio presentazione dei piani e ci saremo anche noi con l&#8217;Universit\u00e0 di Verona. Se verremo selezionati con il protocollo (comunque parteciperemo) avremo la possibilit\u00e0 di poter aderire. Non saranno pazienti da ospedale ma da casa o Rsa. Il farmaco non \u00e8 ancora in commercio e non si possono fare cifre, aspettiamo che arrivi e il prezzo sar\u00e0 accessibile, non come negli Stati Uniti dove il prezzo \u00e8 libero e non concordato e non saranno comunque mai a carico del paziente.<\/p>\n<p><a href=\"https:\/\/www.facebook.com\/zaiaufficiale\/videos\/909610043122920\">https:\/\/www.facebook.com\/zaiaufficiale\/videos\/909610043122920<\/a><\/p>\n<a href=\"https:\/\/www.radiopiu.net\/wordpress\/wp-content\/uploads\/2021\/01\/2021.01.29_Report-17.30.pdf\" class=\"pdfemb-viewer\" style=\"\" data-width=\"max\" data-height=\"max\" data-toolbar=\"top\" data-toolbar-fixed=\"on\">2021.01.29_Report 17.30<\/a>\n<hr \/>\n<blockquote>\n<h3 align=\"JUSTIFY\">RIPRESA ATTIVIT\u00c0 AMBULATORIALI: IL CUP CHIAMER\u00c0 GLI UTENTI PER IL RECUPERO DELLE PRESTAZIONI SOSPESE<\/h3>\n<\/blockquote>\n<p align=\"JUSTIFY\"><strong><a href=\"https:\/\/www.radiopiu.net\/wordpress\/aggiornamenti-organizzativi-ulss-1-dolomiti-del-9-marzo-2020-la-situazione-dei-servizi-rimane-invariata\/ulss-1-dolomiti-logo\/\" rel=\"attachment wp-att-121256\"><img loading=\"lazy\" decoding=\"async\" class=\"size-full wp-image-121256 alignleft\" src=\"https:\/\/www.radiopiu.net\/wordpress\/wp-content\/uploads\/2020\/03\/ULSS-1-DOLOMITI-LOGO.jpg\" alt=\"\" width=\"298\" height=\"219\" \/><\/a>BELLUNO <\/strong>Sar\u00e0 il CUP (Centro Unico Prenotazioni) a contattare gli utenti per fissare un nuovo appuntamento per le prestazioni ambulatoriali (visite ed esami) sospese dal 6 novembre. Da luned\u00ec 1 febbraio 2021, infatti, in considerazione del quadro epidemiologico, ripartono, con gradualit\u00e0, le attivit\u00e0 sanitarie rimodulate in seguito alla seconda ondata all\u2019emergenza COVID. In particolare, riprende parte dell\u2019attivit\u00e0 di specialistica ambulatoriale per tutte le classi di priorit\u00e0 e l\u2019attivit\u00e0 di libera professione intramoenia. In queste ore, il CUP e le direzioni mediche stanno organizzando le agende concordando con i medici gli orari dei numerosi ambulatori per il recupero delle migliaia di prestazioni sospese che potr\u00e0 avvenire anche di sera o nei festivi, nelle prossime settimane. Si ricorda, peraltro, che, seppur diminuito, \u00e8 ancora significativo il numero di ricoveri di pazienti covid positivi negli ospedali dell\u2019ulss Dolomiti. I cittadini che hanno gi\u00e0 una prestazione in \u201cgalleggiamento\u201d (sono cio\u00e8 in attesa di un appuntamento dal CUP) o avevano gi\u00e0 un appuntamento che \u00e8 stato sospeso, saranno ricontattati direttamente dagli operatori del CUP per una nuova data. Si invitano i cittadini ad attendere la chiamata e a contattare il call center CUP solo per \u201cnuove\u201d prestazioni non ancora prenotate. Si ricorda, infine, che \u00e8 possibile fissare un appuntamento telefonico col CUP via mail dal sito <a href=\"http:\/\/www.aulss1.veneto.it\">www.aulss1.veneto.it<\/a> e scegliere l\u2019orario in cui essere richiamati.<\/p>\n<hr \/>\n<blockquote>\n<h3 align=\"JUSTIFY\"><span style=\"font-size: large;\"><b>\u00a0<\/b><\/span><\/h3>\n<h3 align=\"JUSTIFY\"><span style=\"font-size: large;\"><b>VIA LIBERA DI GIUNTA AL RINNOVO DELL\u2019ASSEGNO DI LAVORO\u00a0<\/b><\/span><\/h3>\n<\/blockquote>\n<p><a href=\"https:\/\/www.radiopiu.net\/wordpress\/giornale-radiopiu-30-gennaio-2021-direttore-mirko-mezzacasa\/download-1101\/\" rel=\"attachment wp-att-187693\"><img loading=\"lazy\" decoding=\"async\" class=\"size-full wp-image-187693 alignleft\" src=\"https:\/\/www.radiopiu.net\/wordpress\/wp-content\/uploads\/2021\/01\/download-34.jpg\" alt=\"\" width=\"271\" height=\"186\" \/><\/a>La giunta regionale del Veneto ha approvato la delibera che prevede la prosecuzione del finanziamento relativo alla sperimentazione dell\u2019Assegno per il lavoro destinando 20 milioni di euro all\u2019iniziativa. Cos\u00ec, ai 52 milioni stanziati fino allo scorso anno, per quest\u2019anno\u00a0 previsti 20 milioni di euro per supportare i disoccupati che con la pandemia stanno aumentando. Per quanto riguarda i risultati fino ad oggi ottenuti dall\u2019iniziativa, il pi\u00f9 recente report di monitoraggio riporta che al 30 settembre 2020 gli Assegni per il Lavoro rilasciati dai Centri per l\u2019Impiego del Veneto sono stati complessivamente 47.206, di cui 1867 rilasciati a Belluno (4%).<\/p>\n<p>&nbsp;<\/p>\n<hr \/>\n<p>&nbsp;<\/p>\n<blockquote>\n<h3>PD: NO ALL&#8217;AUMENTO DELLE RETTE NELLE CASE DI RIPOSO<\/h3>\n<\/blockquote>\n<p><strong>VENEZIA<\/strong> <em>\u201cLa pandemia ha aggravato le difficolt\u00e0 economiche delle case di riposo, ma non possono ricadere sulle famiglie. Deve essere assolutamente scongiurato un ulteriore incremento delle rette, gi\u00e0 oggi insostenibili per troppe persone\u201d<\/em>.\u00a0Ad affermarlo \u00e8 la vicepresidente della commissione Sanit\u00e0 a Palazzo Ferro Fini, la rappresentante del Partito Democratico Anna Maria Bigon, che chiama in causa la Regione con un\u2019interrogazione sottoscritta dai colleghi del gruppo PD in cui si sollecita un intervento per evitare questa ipotesi, agendo sulla parte di propria competenza.<em>\u00a0\u201cLa Giunta analizzi la composizione delle varie voci di costo delle rette e nel caso valuti un aumento della propria quota sanitaria per ridurre il peso delle altre, dando cos\u00ec\u00a0un sollievo alle famiglie, che devono sborsare in media 1800\/2000 euro al mese, con punte fino a 3000\u201d.<\/em><\/p>\n<p>&nbsp;<\/p>\n<p>&nbsp;<\/p>\n<hr \/>\n<p>&nbsp;<\/p>\n<blockquote>\n<h3>APPROVATO L\u2019ELENCO DEI 5.518 ENTI BENEFICIARI DELLA LEGGE REALACCI<\/h3>\n<\/blockquote>\n<p>ALLA RADIO<\/p>\n<p><strong>ROGER DE MENECH<\/strong><\/p>\n<audio class=\"wp-audio-shortcode\" id=\"audio-187597-5\" preload=\"none\" style=\"width: 100%;\" controls=\"controls\"><source type=\"audio\/mpeg\" src=\"https:\/\/www.radiopiu.net\/wordpress\/wp-content\/uploads\/2021\/01\/DE-MENECH-PICCOLI-COMUNI.mp3?_=5\" \/><a href=\"https:\/\/www.radiopiu.net\/wordpress\/wp-content\/uploads\/2021\/01\/DE-MENECH-PICCOLI-COMUNI.mp3\">https:\/\/www.radiopiu.net\/wordpress\/wp-content\/uploads\/2021\/01\/DE-MENECH-PICCOLI-COMUNI.mp3<\/a><\/audio>\n<p>&nbsp;<\/p>\n<p><strong><a href=\"https:\/\/www.radiopiu.net\/wordpress\/speciale-feltre-fondi-di-confine-e-biblioteche-dal-gr-pomeriggio-di-radio-piu\/roger_de_menech_daticamera\/\" rel=\"attachment wp-att-49599\"><img loading=\"lazy\" decoding=\"async\" class=\"size-full wp-image-49599 alignleft\" src=\"https:\/\/www.radiopiu.net\/wordpress\/wp-content\/uploads\/2018\/05\/Roger_De_Menech_daticamera.jpg\" alt=\"\" width=\"165\" height=\"228\" \/><\/a>ROMA <\/strong>Dopo tre anni di stallo, finalmente si sblocca l&#8217;attuazione della legge 158\/2017 sui piccoli Comuni, nota con il nome del suo estensore, Ermete Realacci. La Conferenza Unificata ha approvato l&#8217;elenco dei Comuni con meno di cinquemila abitanti che potranno beneficiare sia dei finanziamenti previsti dalla legge (160 milioni di euro in sei anni) sia delle misure normative previste. Saranno complessivamente 5.518 i Comuni italiani a cui verr\u00e0 applicata la legge, varata nella scorsa legislatura dopo oltre 15 anni di tentativi andati a vuoto. \u00a0Sulla base di quanto previsto, ora il Presidente del Consiglio dovr\u00e0 adottare il Dpcm col quale si dar\u00e0 il via al \u2018Piano nazionale per la riqualificazione dei piccoli comuni\u2019 che assegner\u00e0 le risorse per lo sviluppo strutturale, economico e sociale di questi territori finanziando investimenti nel campo della tutela ambientale, dei beni culturali, della mitigazione del rischio idrogeologico, della salvaguardia e riqualificazione urbana dei centri storici, della messa in sicurezza delle infrastrutture stradali e degli istituti scolastici nonch\u00e9 alla promozione dello sviluppo economico e sociale\u00a0 e all&#8217;insediamento delle nuove attivit\u00e0 produttive.<\/p>\n<p>&nbsp;<\/p>\n<hr \/>\n<p>&nbsp;<\/p>\n<blockquote>\n<h3 class=\"p1\"><span class=\"s1\">FONDO WELFARE, S\u00cc ALLA DELEGA VOLONTARIA PER IMPRESE E LAVORATORI PER IL FINANZIAMENTO<\/span><\/h3>\n<\/blockquote>\n<p class=\"p1\"><span class=\"s1\"><strong>BELLUNO <\/strong>Primo incontro del 2021 per il Fondo welfare e identit\u00e0 territoriale. E prima novit\u00e0. \u00c8 stato infatti raggiunto l\u2019accordo tra sindacati (Cgil, Cisl e Uil) e categorie datoriali (Confindustria in testa) per finanziare il fondo in maniera strutturale, attraverso le donazioni dei lavoratori e delle imprese. Nelle prossime settimane, i sindacati e le imprese provvederanno a una informazione puntuale e dettagliata. <\/span><span class=\"s1\">\u00ab<em>Di fatto, i lavoratori potranno scegliere di versare direttamente dalle loro buste paga una piccola cifra mensile al Fondo &#8211; spiega la presidente del Fondo Welfare, Francesca De Biasi -. Si tratta di una scelta su base volontaria, che al momento sar\u00e0 proposta principalmente alle imprese e ai lavoratori dei settori che non hanno risentito in maniera pensate delle conseguenze da Covid. L\u2019ottica \u00e8 sempre quella della solidariet\u00e0, per cui chi ha uno stipendio sicuro e non intaccato dalla crisi economica aiuta i lavoratori e le famiglie che invece stanno soffrendo. Ringrazio i sindacati e il direttore di Confindustria Belluno Dolomiti, Andrea Ferrazzi, per questo accordo che punta a rendere il territorio pi\u00f9 forte, perch\u00e9 la logica \u00e8 di contrastare lo spopolamento attraverso uno strumento &#8211; il Fondo &#8211; in grado di autosostenersi<\/em>\u00bb. <\/span><span class=\"s1\">I componenti del Fondo Welfare hanno avuto anche l\u2019occasione di rendicontare l\u2019iniziativa #AiutiamociBelluno, avviata con la collaborazione del Comitato d\u2019Intesa per raccogliere fondi a favore delle famiglie colpite dal Covid e dal lockdown. \u00ab<em>Nel conto corrente abbiamo a oggi 45mila euro, frutto delle donazioni dei bellunesi e dell\u2019aiuto della diocesi Belluno-Feltre che ringraziamo sentitamente per lo spirito con cui hanno collaborato &#8211; conclude De Biasi -. Stiamo mettendo a punto un bando e un avviso, che usciranno entro la fine di febbraio. Serviranno per la destinazione di queste risorse alle persone in difficolt\u00e0, attraverso i due ambiti di Belluno e Feltre e i Comuni della provincia<\/em>\u00bb.<\/span><\/p>\n<p>&nbsp;<\/p>\n<p>&nbsp;<\/p>\n<hr \/>\n<p>&nbsp;<\/p>\n<blockquote>\n<h3>VERSO LE ELEZIONI? UNCEM: IL TAGLIO DEI PARLAMENTARI RIDUCE RAPPRESENTANZA TERRITORI<\/h3>\n<\/blockquote>\n<p><strong><a href=\"https:\/\/www.radiopiu.net\/wordpress\/giornale-radiopiu-06-novembre-2020-direttore-mirko-mezzacasa\/logouncem_no_scritta-wdtr\/\" rel=\"attachment wp-att-170846\"><img loading=\"lazy\" decoding=\"async\" class=\"size-medium wp-image-170846 alignleft\" src=\"https:\/\/www.radiopiu.net\/wordpress\/wp-content\/uploads\/2020\/11\/logoUNCEM_no_scritta-wdtr-300x300.jpg\" alt=\"\" width=\"300\" height=\"300\" srcset=\"https:\/\/www.radiopiu.net\/wordpress\/wp-content\/uploads\/2020\/11\/logoUNCEM_no_scritta-wdtr-300x300.jpg 300w, https:\/\/www.radiopiu.net\/wordpress\/wp-content\/uploads\/2020\/11\/logoUNCEM_no_scritta-wdtr-150x150.jpg 150w, https:\/\/www.radiopiu.net\/wordpress\/wp-content\/uploads\/2020\/11\/logoUNCEM_no_scritta-wdtr.jpg 640w\" sizes=\"auto, (max-width: 300px) 100vw, 300px\" \/><\/a>ROMA <\/strong>Il taglio dei Parlamentari &#8211; da 915 a 600 tra Senatori e Deputati &#8211; avrebbe gravi effetti sulla rappresentanza dei territori rurali e montani del Paese. La riduzione degli eletti e l&#8217;attuale struttura dei collegi elettorali (uninominali e plurinominali) garantisce infatti le citt\u00e0, che in base ai numeri di abitanti continueranno ad avere un buon numero rappresentanti eletti nelle Camere, mentra penalizza fortemente le aree ad bassa densit\u00e0 demografica con enormi collegi uninominali e plurinominali. Il decreto legislativo 177 del 2020 ha ridefinito i collegi elettorali di Camera e Senato, adottato in attuazione della delega recata dalla legge 51 del 2019. Ne emergono carte dell&#8217;Italia &#8220;colorate&#8221; che lasciano Uncem fortemente perplessa. Scelte che impongono dei correttivi in una legge elettorale, coraggiosa e di visione. Che tenga unito il Paese a partire dalla sua rappresentanza istituzionale, omogenea e certa. &#8220;<em>Uncem sottopone da almeno due decenni ai legislatori nazionali e regionali questa necessit\u00e0 di garantire adeguata e certa rappresentanza anche ai territori interni, montani, rurali, quelli a meno densit\u00e0 di popolazione che hanno da sempre avuto minori voti e dunque capacit\u00e0 di eleggere propri Parlamentari visti i numeri ridotti di abitanti, dunque di elettori &#8211; sottolinea il Presidente nazionale, Marco Bussone &#8211; Nei sistemi con preferenza, prevalgono le grandi concentrazioni urbane. Un condominio, \u00e8 evidente, ha molto spesso pi\u00f9 elettori di un Comune. Nelle leggi elettorali con collegi o circoscrizioni, pi\u00f9 queste sono grandi, meno le aree montane e rurali hanno capacit\u00e0 di incidere nelle scelte ed eleggere persone che provengono da quei territori, dalle zone interne. In un collegio uninominale da 1 milione di abitanti, il baricentro \u00e8 nettamente spostato sulle zone urbane, sulle citt\u00e0. Se fosse invece pi\u00f9 piccolo, nel disegno del collegio si pu\u00f2 inserire una compensazione legata all&#8217;estensione territoriale<\/em>&#8220;.<\/p>\n<p>&nbsp;<\/p>\n<p>&nbsp;<\/p>\n<hr \/>\n<p>&nbsp;<\/p>\n<blockquote>\n<h3>PISCINA RIAPERTA PER GLI ATLETI AGONISTI. \u00abSEGNALE DI ATTENZIONE AI GIOVANI\u00bb<\/h3>\n<\/blockquote>\n<p><strong><a href=\"https:\/\/www.radiopiu.net\/wordpress\/attivamente-agordino-fa-bottino-pieno-alla-prima-giornata-del-circuito-propaganda\/nuoto-2\/\" rel=\"attachment wp-att-108447\"><img loading=\"lazy\" decoding=\"async\" class=\"size-medium wp-image-108447 alignleft\" src=\"https:\/\/www.radiopiu.net\/wordpress\/wp-content\/uploads\/2019\/12\/NUOTO-300x230.jpeg\" alt=\"\" width=\"300\" height=\"230\" srcset=\"https:\/\/www.radiopiu.net\/wordpress\/wp-content\/uploads\/2019\/12\/NUOTO-300x230.jpeg 300w, https:\/\/www.radiopiu.net\/wordpress\/wp-content\/uploads\/2019\/12\/NUOTO.jpeg 766w\" sizes=\"auto, (max-width: 300px) 100vw, 300px\" \/><\/a>BELLUNO <\/strong>Riaprir\u00e0 nei prossimi giorni per gli atleti agonisti della Sportivamente Belluno la piscina comunale: questo quanto deciso dall&#8217;amministrazione, a seguito degli incontri avuti con i genitori degli atleti e con la stessa societ\u00e0. L&#8217;ultimo incontro, quello necessario a definire gli ultimi dettagli, pochi giorni fa tra l&#8217;amministratore unico di Sportivamente Belluno Fabio Gasperin e gli assessori Francesca De Biasi (societ\u00e0 partecipate), Lucia Olivotto (bilancio) e Marco Bogo (sport). \u00ab<em>In questo momento in cui la politica nazionale pare essersi dimenticata dello sport, basti vedere il \u201csalvataggio\u201d olimpico all&#8217;ultimo minuto di pochi giorni fa, anche le societ\u00e0 sportive fanno fatica a pensare alla riapertura e alla ripresa delle attivit\u00e0<\/em>\u00bb, sottolinea Bogo.\u00a0 L&#8217;amministrazione ha quindi deciso di dare un segnale ai giovani, alle famiglie e al mondo sportivo, riaprendo le vasche della piscina di Lambioi: \u00ab<em>La riapertura avverr\u00e0 tra la met\u00e0 della prossima settimana e l&#8217;inizio di quella successiva. &#8211; annuncia Bogo, che ha anche la delega agli impianti sportivi \u2013 Servono infatti pochi giorni per riattivare alcuni impianti, dopodich\u00e9 la struttura sar\u00e0 operativa<\/em>\u00bb. Potranno cos\u00ec tornare a nuotare nelle acque di casa, ovviamente applicando tutti i protocolli previsti dalle normative, gli oltre 200 atleti tesserati per la Sportivamente Belluno, che durante questo periodo di chiusura come tutti gli altri atleti bellunesi hanno dovuto raggiungere altre realt\u00e0 regionali per continuare i propri allenamenti.\u00a0 Un importante segnale sportivo e sociale, che non comporter\u00e0 ritocchi alla tariffa per gli atleti di casa nonostante i costi che la riattivazione comporter\u00e0: la volont\u00e0 ora \u00e8 quella, nello spirito di una citt\u00e0 capoluogo, di aprire la vasche di Lambioi anche alle altre societ\u00e0 bellunesi di nuoto, riducendo cos\u00ec spostamenti e disagi per gli atleti e le loro famiglie.<\/p>\n<p>&nbsp;<\/p>\n<p>&nbsp;<\/p>\n<hr \/>\n<p>&nbsp;<\/p>\n<blockquote>\n<h3>OGGI ALLE 14 RAI 1&#8230;. LINEA BIANCA DALL&#8217;AGORDINO<\/h3>\n<\/blockquote>\n<p>&nbsp;<\/p>\n<p><strong><a href=\"https:\/\/www.radiopiu.net\/wordpress\/linea-bianca-sulle-dolomiti-bellunesi-con-massimiliano-ossini-autore-del-libro\/f07fd178-2582-4056-8d4f-f02cb9ffc58d\/\" rel=\"attachment wp-att-184839\"><img loading=\"lazy\" decoding=\"async\" class=\" wp-image-184839 alignleft\" src=\"https:\/\/www.radiopiu.net\/wordpress\/wp-content\/uploads\/2021\/01\/f07fd178-2582-4056-8d4f-f02cb9ffc58d-293x300.jpg\" alt=\"\" width=\"129\" height=\"132\" srcset=\"https:\/\/www.radiopiu.net\/wordpress\/wp-content\/uploads\/2021\/01\/f07fd178-2582-4056-8d4f-f02cb9ffc58d-293x300.jpg 293w, https:\/\/www.radiopiu.net\/wordpress\/wp-content\/uploads\/2021\/01\/f07fd178-2582-4056-8d4f-f02cb9ffc58d-1001x1024.jpg 1001w, https:\/\/www.radiopiu.net\/wordpress\/wp-content\/uploads\/2021\/01\/f07fd178-2582-4056-8d4f-f02cb9ffc58d-768x786.jpg 768w, https:\/\/www.radiopiu.net\/wordpress\/wp-content\/uploads\/2021\/01\/f07fd178-2582-4056-8d4f-f02cb9ffc58d.jpg 1086w\" sizes=\"auto, (max-width: 129px) 100vw, 129px\" \/><\/a>AUDIO<\/strong> Linea Bianca in Agordino con il giornalista Massimiliano Ossini in onda oggi alle 14\u00a0 su rai 1: puntata interamente dedicata alle Dolomiti Bellunesi sulle quali il conduttore della trasmissione televisiva ha pure scritto un libro &#8220;Le montagne rosa. Viaggio alla scoperta delle Dolomiti&#8221;, una ricerca tra luoghi e persone del territorio che riassumono sette anni di Linea Bianca.<\/p>\n<p><strong>INTERVISTA DI CLAUDIO FONTANIVE\u00a0<\/strong><\/p>\n<audio class=\"wp-audio-shortcode\" id=\"audio-187597-6\" preload=\"none\" style=\"width: 100%;\" controls=\"controls\"><source type=\"audio\/mpeg\" src=\"https:\/\/www.radiopiu.net\/wordpress\/wp-content\/uploads\/2021\/01\/massimiliano-ossini.mp3?_=6\" \/><a href=\"https:\/\/www.radiopiu.net\/wordpress\/wp-content\/uploads\/2021\/01\/massimiliano-ossini.mp3\">https:\/\/www.radiopiu.net\/wordpress\/wp-content\/uploads\/2021\/01\/massimiliano-ossini.mp3<\/a><\/audio>\n<p>&nbsp;<\/p>\n<p>&nbsp;<\/p>\n<p>&nbsp;<\/p>\n<p>&nbsp;<\/p>\n<p>&nbsp;<\/p>\n<hr \/>\n<blockquote>\n<h3><\/h3>\n<h3>CAMPIONATI MONDIALI DI SCI ALPINO 2021 CORTINA D\u2019AMPEZZO 7-21 FEBBRAIO 2021 &#8211; LIMITAZIONI AL TRANSITO DEI MEZZI PESANTI<\/h3>\n<\/blockquote>\n<p><strong>BELLUNO <\/strong>Si \u00e8 tenuto\u00a0 in videoconferenza, un incontro con i rappresentanti\u00a0 delle Forze di Polizia, di ANAS\u00a0 e Veneto Strade e delle associazioni di categoria per una valutazione congiunta delle misure di tutela della sicurezza della circolazione stradale in occasione dei Mondiali di Sci Alpino. Nel corso della riunione, che fa seguito a precedenti incontri istituzionali sul tema, il Prefetto ha illustrato ai rappresentanti delle categorie produttive le ragioni sottostanti l\u2019esigenza di adottare un provvedimento di limitazione al transito dei mezzi pesanti durante tutto il periodo di svolgimento dei Campionati Mondiali di Sci. L\u2019attuazione dei dispositivi di sicurezza predisposti in occasione dell\u2019importante evento internazionale, il primo in Italia dall\u2019inizio dell\u2019emergenza sanitaria, richiede infatti di assumere le misure idonee a garantire la percorribilit\u00e0 delle strade, al fine di prevenire possibili criticit\u00e0 che potrebbero ostacolare eventuali interventi di emergenza o operazioni di soccorso nella zona di Cortina d\u2019Ampezzo. Per questo motivo, dal 5 al 21 febbraio sar\u00e0 consentito, lungo la SS. 51 di Alemagna (da Longarone a Cimabanche), SS \u2013 51 bis e SS 52 Carnica\u00a0 il solo transito dei mezzi con massa superiore alle 7,5 ton. rientranti nelle categorie di cui agli artt. 7 e 8 del Decreto del Ministro delle Infrastrutture e Trasporti con il quale \u00e8 stato dettato il calendario dei divieti di circolazione dei mezzi pesanti per l\u2019anno 2021. Inoltre, tenuto conto dell\u2019assenza di itinerari alternativi a quelli interdetti, \u00e8 stato autorizzato, dalle ore 22 della domenica alle 15 del venerd\u00ec successivo, il transito dei mezzi pesanti aventi origine o destinazione nella provincia di Belluno nonch\u00e9 di quelli aventi origine e destinazione nelle province, confinanti con quella di Belluno, di: Treviso, Vicenza, Trento, Bolzano, Udine e Pordenone. Il provvedimento \u00e8 pubblicato sul sito internet della Prefettura<\/p>\n<p>&nbsp;<\/p>\n<p>&nbsp;<\/p>\n<hr \/>\n<p>&nbsp;<\/p>\n<blockquote>\n<h3>POSTE ITALIANE: DISPONIBILI ON- LINE IN PROVINCIA DI BELLUNO I DATI 2019 PER LA RICHIESTA DELL\u2019ISEE<\/h3>\n<\/blockquote>\n<p><strong><a href=\"https:\/\/www.radiopiu.net\/wordpress\/giornale-radiopiu-30-maggio-2020-direttore-mirko-mezzacasa\/poste-italiane-3\/\" rel=\"attachment wp-att-141305\"><img loading=\"lazy\" decoding=\"async\" class=\"size-medium wp-image-141305 alignleft\" src=\"https:\/\/www.radiopiu.net\/wordpress\/wp-content\/uploads\/2020\/05\/POSTE-ITALIANE-300x61.png\" alt=\"\" width=\"300\" height=\"61\" srcset=\"https:\/\/www.radiopiu.net\/wordpress\/wp-content\/uploads\/2020\/05\/POSTE-ITALIANE-300x61.png 300w, https:\/\/www.radiopiu.net\/wordpress\/wp-content\/uploads\/2020\/05\/POSTE-ITALIANE.png 436w\" sizes=\"auto, (max-width: 300px) 100vw, 300px\" \/><\/a>BELLUNO<\/strong> Da oggi \u00e8 possibile richiedere anche on-line i dati dei rapporti intercorrenti con Poste Italiane relativi all\u2019anno 2019 e necessari per la presentazione dell\u2019attestazione ISEE (indicatore della situazione economica equivalente). La certificazione sar\u00e0 disponibile in tempo reale; per poterla ottenere sar\u00e0 necessario accedere tramite le proprie credenziali al sito poste.it nella sezione dedicata. Tali informazioni sono utili per accedere alle prestazioni sociali agevolate quali il bonus beb\u00e8, il bonus elettrico o idrico, l\u2019iscrizione dei figli ai servizi di prima infanzia, i libri di testo gratuiti, gli assegni di maternit\u00e0 e le forme di sostegno al reddito previste dall\u2019attuale normativa.<\/p>\n<p>&nbsp;<\/p>\n<hr \/>\n<p>&nbsp;<\/p>\n<blockquote>\n<h3>AL VIA IL CORSO PER L\u2019EVOLUZIONE DIGITALE NELLE PMI DELL\u2019OCCHIALERIA ITALIANA<\/h3>\n<\/blockquote>\n<p><strong><a href=\"https:\/\/www.radiopiu.net\/wordpress\/giornale-radiopiu-31-01-2018-direttore-mirko-mezzacasa\/da-certottica-2-corsi-specialistici-richiesti-dalle-aziende_platform_optic\/\" rel=\"attachment wp-att-42612\"><img loading=\"lazy\" decoding=\"async\" class=\"size-medium wp-image-42612 alignleft\" src=\"https:\/\/www.radiopiu.net\/wordpress\/wp-content\/uploads\/2018\/01\/da-certottica-2-corsi-specialistici-richiesti-dalle-aziende_Platform_Optic-300x174.jpg\" alt=\"\" width=\"300\" height=\"174\" srcset=\"https:\/\/www.radiopiu.net\/wordpress\/wp-content\/uploads\/2018\/01\/da-certottica-2-corsi-specialistici-richiesti-dalle-aziende_Platform_Optic-300x174.jpg 300w, https:\/\/www.radiopiu.net\/wordpress\/wp-content\/uploads\/2018\/01\/da-certottica-2-corsi-specialistici-richiesti-dalle-aziende_Platform_Optic-768x444.jpg 768w, https:\/\/www.radiopiu.net\/wordpress\/wp-content\/uploads\/2018\/01\/da-certottica-2-corsi-specialistici-richiesti-dalle-aziende_Platform_Optic.jpg 785w\" sizes=\"auto, (max-width: 300px) 100vw, 300px\" \/><\/a>LONGARONE <\/strong>L\u20198 febbraio alle 14.00 sar\u00e0 Elena Donazzan, Assessore all\u2019Istruzione, Formazione, Lavoro e Pari Opportunit\u00e0 della Regione del Veneto, a dare il via al primo appuntamento del PERCORSO FORMATIVO PER L\u2019EVOLUZIONE DIGITALE NELLE PMI DELL\u2019OCCHIALERIA ITALIANA, un ciclo gratuito di 5 appuntamenti promosso dal Politecnico Internazionale dell\u2019occhiale di Certottica, in sinergia con Veneto Lavoro. Per comprendere qual \u00e8 il gap da colmare, basti pensare che da una recente ricerca effettuata su 43 piccole imprese dell\u2019occhialeria nelle province di Belluno e di Treviso risultava che met\u00e0 di esse non disponevano neppure di un sito. Il digital divide nei processi produttivi, distributivi e comunicativi si \u00e8 ovviamente aggravato con l\u2019emergenza COVID e rappresenta un punto di svolta epocale. L\u2019obiettivo di questo ciclo di seminari \u00e8 quello di fornire anche alle imprese pi\u00f9 piccole i punti di riferimento per orientarsi nella scelta del software, dei protocolli formativi, degli impianti hardware e\u00a0 delle funzioni con una comparazione rivolta alla riduzione degli oneri. Il corso, che \u00e8 gratuito grazie al sostegno di EBAV, Ente Bilaterale dell\u2019Artigianato Veneto e della Camera di Commercio di Treviso \u2013 Belluno Dolomiti, ha il patrocinio di ANFAO, Associazione Nazionale Fabbricanti Articoli Ottici, Confindustria Belluno Dolomiti e Confartigianato Imprese Belluno.<\/p>\n<p>&nbsp;<\/p>\n<p>&nbsp;<\/p>\n<hr \/>\n<p>&nbsp;<\/p>\n<blockquote>\n<h3>UNA CONVENZIONE DA APPROVARE<\/h3>\n<\/blockquote>\n<p><strong>ROCCA PIETORE<\/strong> Giovedi alle 18.30 i consiglieri comunali di Rocca Pietore si ritroveranno in Municipio per l&#8217;approvazione della convenzione per lo svolgimento in forma associata delle funzioni di segreteria tra i Comuni di San Gregorio nelle Alpi e Rocca Pietore.<\/p>\n<p>&nbsp;<\/p>\n<p>&nbsp;<\/p>\n<hr \/>\n<blockquote>\n<h3>NUOVI ORARI CALL CENTER COVID DAL 1\u00b0 FEBBRAIO 2021<\/h3>\n<\/blockquote>\n<p><strong><a href=\"https:\/\/www.radiopiu.net\/wordpress\/giornale-radiopiu-26-gennaio-2021-direttore-mirko-mezzacasa\/numero-covid_febbraio-2021\/\" rel=\"attachment wp-att-186852\"><img loading=\"lazy\" decoding=\"async\" class=\"wp-image-186852 alignleft\" src=\"https:\/\/www.radiopiu.net\/wordpress\/wp-content\/uploads\/2021\/01\/numero-covid_febbraio-2021-300x212.jpg\" alt=\"\" width=\"202\" height=\"143\" srcset=\"https:\/\/www.radiopiu.net\/wordpress\/wp-content\/uploads\/2021\/01\/numero-covid_febbraio-2021-300x212.jpg 300w, https:\/\/www.radiopiu.net\/wordpress\/wp-content\/uploads\/2021\/01\/numero-covid_febbraio-2021-1024x724.jpg 1024w, https:\/\/www.radiopiu.net\/wordpress\/wp-content\/uploads\/2021\/01\/numero-covid_febbraio-2021-768x543.jpg 768w, https:\/\/www.radiopiu.net\/wordpress\/wp-content\/uploads\/2021\/01\/numero-covid_febbraio-2021-1536x1086.jpg 1536w, https:\/\/www.radiopiu.net\/wordpress\/wp-content\/uploads\/2021\/01\/numero-covid_febbraio-2021.jpg 2000w\" sizes=\"auto, (max-width: 202px) 100vw, 202px\" \/><\/a> <\/strong><\/p>\n<p><strong>\u00a0<\/strong><\/p>\n<p><strong>BELLUNO <\/strong>L&#8217;importante rallentamento epidemico registrato nelle ultime settimane e la conseguente forte riduzione delle telefonate con richiesta di informazioni da parte dei cittadini, consentono di rimodulare giorni ed orari di attivit\u00e0 del CALL CENTER COVID Dal 1\u00b0 febbraio 2021 lo 0437\/514343 sar\u00e0 attivo dalle 8 alle 18 da luned\u00ec a sabato.<\/p>\n<p>&nbsp;<\/p>\n<p>&nbsp;<\/p>\n<hr \/>\n<blockquote>\n<h3><\/h3>\n<h3><a href=\"https:\/\/www.radiopiu.net\/wordpress\/giornale-radiopiu-23-gennaio-2021-direttore-mirko-mezzacasa\/de-toni_prima-che-arrivi\/\" rel=\"attachment wp-att-186277\"><img loading=\"lazy\" decoding=\"async\" class=\"wp-image-186277 alignleft\" src=\"https:\/\/www.radiopiu.net\/wordpress\/wp-content\/uploads\/2021\/01\/De-Toni_Prima-che-arrivi-183x300.jpg\" alt=\"\" width=\"124\" height=\"203\" srcset=\"https:\/\/www.radiopiu.net\/wordpress\/wp-content\/uploads\/2021\/01\/De-Toni_Prima-che-arrivi-183x300.jpg 183w, https:\/\/www.radiopiu.net\/wordpress\/wp-content\/uploads\/2021\/01\/De-Toni_Prima-che-arrivi.jpg 623w\" sizes=\"auto, (max-width: 124px) 100vw, 124px\" \/><\/a>LE POESIE DI ALICE NELLE LIBRERIE BELLUNESI<\/h3>\n<\/blockquote>\n<p><strong>ALLEGHE<\/strong> Prima che arrivi la bella stagione, \u00e8 il titolo della nuova raccolta di poesie dell&#8217;alleghese Alice De Toni. Impossibile la presentazione in presenza, ma il libro gi\u00e0 si pu\u00f2 trovarlo a Belluno nelle librerie Campedel, Le Due Zitelle, Mondadori Bookstore e Tarantola; Feltre Agor\u00e0 e Pilotto; Rasai di Seren del Grappa libreria Quattro Sass, Alleghe in edicola. E&#8217; possibile acquistare il libro su sito della casa editrice www.edizionidbs.it<\/p>\n<p>&nbsp;<\/p>\n<p>&nbsp;<\/p>\n<hr \/>\n<p>&nbsp;<\/p>\n<p>&nbsp;<\/p>\n<blockquote>\n<h1>Training di Biodinamica Craniosacrale<\/h1>\n<\/blockquote>\n<p><em>Un profondo lavoro sul corpo e attraverso il corpo che si trasforma in un<\/em><em>viaggio alla scoperta di se stessi e delle proprie potenzialit\u00e0.\u00a0<\/em><\/p>\n<p><strong><a href=\"https:\/\/www.radiopiu.net\/wordpress\/covid-zaia-su-dati-europei-ecdc-non-realistici-perche-quelli-italiani-non-sono-uniformi-e-persino-ovvio-che-chi-fa-piu-tamponi-trova-piu-casi-ma-non-se\/pp-47\/\" rel=\"attachment wp-att-186942\"><img loading=\"lazy\" decoding=\"async\" class=\"wp-image-186942 alignleft\" src=\"https:\/\/www.radiopiu.net\/wordpress\/wp-content\/uploads\/2021\/01\/pp-2-300x300.jpg\" alt=\"\" width=\"174\" height=\"174\" srcset=\"https:\/\/www.radiopiu.net\/wordpress\/wp-content\/uploads\/2021\/01\/pp-2-300x300.jpg 300w, https:\/\/www.radiopiu.net\/wordpress\/wp-content\/uploads\/2021\/01\/pp-2-150x150.jpg 150w, https:\/\/www.radiopiu.net\/wordpress\/wp-content\/uploads\/2021\/01\/pp-2.jpg 640w\" sizes=\"auto, (max-width: 174px) 100vw, 174px\" \/><\/a>BELLUNO<\/strong> L&#8217;associazione culturale MU APS arriva a Belluno per presentare una tecnica manuale delicata e profonda che sostiene e stimola la capacit\u00e0 di autoguarigione nel corpo. Fa parte delle Discipline del Benessere e Bionaturali, e pu\u00f2 essere intrapreso sia come percorso professionale, sia come percorso di crescita personale. <strong>Per info, sessioni di prova e prenotazioni:Brunella Moro <span style=\"color: #0000ff;\">info@esteticaglamour.it<\/span> 347\/7742512 ISCRIZIONI ENTRO IL 15 MARZO SCONTO 10%\u00a0<\/strong><\/p>\n<p><span style=\"color: #ff0000;\">AUDIO BRUNELLA MORO<\/span><\/p>\n<audio class=\"wp-audio-shortcode\" id=\"audio-187597-7\" preload=\"none\" style=\"width: 100%;\" controls=\"controls\"><source type=\"audio\/mpeg\" src=\"https:\/\/www.radiopiu.net\/wordpress\/wp-content\/uploads\/2021\/01\/brunella.mp3?_=7\" \/><a href=\"https:\/\/www.radiopiu.net\/wordpress\/wp-content\/uploads\/2021\/01\/brunella.mp3\">https:\/\/www.radiopiu.net\/wordpress\/wp-content\/uploads\/2021\/01\/brunella.mp3<\/a><\/audio>\n<p>&nbsp;<\/p>\n<hr \/>\n<p>&nbsp;<\/p>\n<blockquote>\n<h3>LA SCUOLA SCI EQUIPE DI FALCADE SI PREPARA PER LA RIAPERTURA DEGLI IMPIANTI ORGANIZZANDO CORSI PER I GIOVANI<\/h3>\n<\/blockquote>\n<p><strong>FALCADE<\/strong> La Scuola Sci Equipe di Falcade sta aspettando con ansia la riapertura degli impianti sciistici e mette le mani avanti organizzando delle settimane bianche per le famiglie nel mese di marzo. Per ragioni di sicurezza legate alla diffusione della pandemia Covid-19 la data di apertura della skiarea \u00e8 posticipata, almeno fino al 15 febbraio. Nel frattempo\u00a0 i programmi delle settimane bianche dedicate alle famiglie e ai bambini. REBELS KIDS WEEK \u00a0dal 1 al 6 marzo e WEEK 4 KIDS dal 14 al 20 marzo. Sono previste interessanti scontistiche per l\u2019 acquisto dello skipass e per l\u2019alloggio presso le strutture aderenti.<\/p>\n<p>&nbsp;<\/p>\n<p>&nbsp;<\/p>\n<hr \/>\n<p>&nbsp;<\/p>\n<p><img loading=\"lazy\" decoding=\"async\" class=\"alignleft\" src=\"https:\/\/www.radiopiu.net\/wordpress\/wp-content\/uploads\/2021\/01\/WhatsApp-Image-2019-04-29-at-20.28.17.jpg\" width=\"192\" height=\"144\" \/><\/p>\n<h2>L&#8217;AUSER DI TISER &#8211; CIRCOLO SEMPRE ATTIVO &#8211; APRE LA SEDE PER IL TESSERAMENTO<\/h2>\n<p><strong>Visto il protrarsi delle normative relative al corona virus che impongono la sospensione delle attivit\u00e0 ludiche delle varie associazioni, il circolo Auser Col Bel di Tiser ha deciso di aprire la propria sede per permettere ai propri associati, o a chi vuol fare parte di tale sodalizio, di poter tesserarsi per il 2021. L&#8217;apertura dalle 15.00 alle 16.30 tutti i giorni ad esclusione della domenica. Resta inteso che il Circolo \u00e8 sempre attivo per eventuali servizi di accompagnamento in accordo con ASCA ed il circolo El Broi di Agordo come da tempo consolidato.<\/strong><\/p>\n<p>&nbsp;<\/p>\n<hr \/>\n<p>&nbsp;<\/p>\n<h2><span style=\"color: #ff0000;\">IERI ALLA RADIO<\/span><\/h2>\n<blockquote>\n<h3><span style=\"color: #008000;\">CELESTE E GIULIA DI AD AGORDO PROLOCO, TESSERAMENTO E BUONE PROSPETTIVE<\/span><\/h3>\n<h3>L&#8217;INTERVISTA ALLA RADIO<\/h3>\n<\/blockquote>\n<p><strong>di Claudio Fontanive<\/strong><\/p>\n<audio class=\"wp-audio-shortcode\" id=\"audio-187597-8\" preload=\"none\" style=\"width: 100%;\" controls=\"controls\"><source type=\"audio\/mpeg\" src=\"https:\/\/www.radiopiu.net\/wordpress\/wp-content\/uploads\/2021\/01\/giulia-celeste-ad-agordo-pro-loco.mp3?_=8\" \/><a href=\"https:\/\/www.radiopiu.net\/wordpress\/wp-content\/uploads\/2021\/01\/giulia-celeste-ad-agordo-pro-loco.mp3\">https:\/\/www.radiopiu.net\/wordpress\/wp-content\/uploads\/2021\/01\/giulia-celeste-ad-agordo-pro-loco.mp3<\/a><\/audio>\n<p>&nbsp;<\/p>\n<blockquote>\n<h2><a href=\"https:\/\/www.radiopiu.net\/wordpress\/giornale-radiopiu-27-gennaio-2021-direttore-mirko-mezzacasa\/140251704_3508968959214096_3052492532867589125_n\/\" rel=\"attachment wp-att-187133\"><img loading=\"lazy\" decoding=\"async\" class=\" wp-image-187133 alignleft\" src=\"https:\/\/www.radiopiu.net\/wordpress\/wp-content\/uploads\/2021\/01\/140251704_3508968959214096_3052492532867589125_n-300x171.png\" alt=\"\" width=\"219\" height=\"125\" srcset=\"https:\/\/www.radiopiu.net\/wordpress\/wp-content\/uploads\/2021\/01\/140251704_3508968959214096_3052492532867589125_n-300x171.png 300w, https:\/\/www.radiopiu.net\/wordpress\/wp-content\/uploads\/2021\/01\/140251704_3508968959214096_3052492532867589125_n.png 600w\" sizes=\"auto, (max-width: 219px) 100vw, 219px\" \/><\/a>PROLOCO ECCO LE TESSERE<\/h2>\n<\/blockquote>\n<p><strong>AGORDO<\/strong> Ecco le nuove tessere associative\u00a0 dedicate alle Colline del Prosecco di Conegliano e Valdobbiadene Patrimonio UNESCO portano anche importanti novit\u00e0: con la tessera avrai la possibilit\u00e0 di sostenere la Pro Loco di Agordo, usufruendo allo stesso tempo di tantissimi vantaggi a livello nazionale ma soprattutto locale, aiutando cos\u00ec anche le attivit\u00e0 del tuo territorio. Info in Ufficio turistico, costo 10 euro. Dalla Proloco: <em>Grazie al tuo contributo insieme possiamo fare grandi cose.Ringraziamo tutte le attivit\u00e0 di Agordo per la fiducia che ci danno ogni giorno&#8221;.<\/em><\/p>\n<p>&nbsp;<\/p>\n<p>&nbsp;<\/p>\n<hr \/>\n<p>&nbsp;<\/p>\n<blockquote>\n<h3><span style=\"color: #0000ff;\">LA HIT PARADE DI CICCIO OH PER BACCO<\/span><\/h3>\n<\/blockquote>\n<p><strong>l&#8217;intervista<\/strong><\/p>\n<p><strong>di Claudio Fontanive<\/strong><\/p>\n<audio class=\"wp-audio-shortcode\" id=\"audio-187597-9\" preload=\"none\" style=\"width: 100%;\" controls=\"controls\"><source type=\"audio\/mpeg\" src=\"https:\/\/www.radiopiu.net\/wordpress\/wp-content\/uploads\/2021\/01\/ciccio-oh-per-bacco.mp3?_=9\" \/><a href=\"https:\/\/www.radiopiu.net\/wordpress\/wp-content\/uploads\/2021\/01\/ciccio-oh-per-bacco.mp3\">https:\/\/www.radiopiu.net\/wordpress\/wp-content\/uploads\/2021\/01\/ciccio-oh-per-bacco.mp3<\/a><\/audio>\n<p>&nbsp;<\/p>\n<blockquote><p><em>SIAMO APERTI TUTTI I GIORNI DALLE ORE 8 ALLE 20 CONSEGNAMO IN TUTTO L&#8217;AGORDINO. VENERD\u00cc ANCHE A CORVARA, LA VILLA, ARABBA, SELVA DI CADORE, COLLE SANTA LUCIA, SOTTOGUDA ECC&#8230; VI ASPETTIAMO<\/em><\/p><\/blockquote>\n\n\t\t\t<style type='text\/css'>\n\t\t\t\t#gallery-5 {\n\t\t\t\t\tmargin: auto;\n\t\t\t\t}\n\t\t\t\t#gallery-5 .gallery-item {\n\t\t\t\t\tfloat: left;\n\t\t\t\t\tmargin-top: 10px;\n\t\t\t\t\ttext-align: center;\n\t\t\t\t\twidth: 33%;\n\t\t\t\t}\n\t\t\t\t#gallery-5 img {\n\t\t\t\t\tborder: 2px solid #cfcfcf;\n\t\t\t\t}\n\t\t\t\t#gallery-5 .gallery-caption {\n\t\t\t\t\tmargin-left: 0;\n\t\t\t\t}\n\t\t\t\t\/* see gallery_shortcode() in wp-includes\/media.php *\/\n\t\t\t<\/style>\n\t\t<div id='gallery-5' class='dt-gallery-container gallery galleryid-187597 gallery-columns-3 gallery-size-thumbnail'><dl class='gallery-item'>\n\t\t\t\t<dt class='gallery-icon landscape'>\n\t\t\t\t\t<a class=\"rollover rollover-zoom dt-pswp-item\" title=\"16300406_724360871067327_7218997447781596367_o\" data-dt-img-description=\"\" data-large_image_width=\"960\" data-large_image_height=\"689\"href='https:\/\/www.radiopiu.net\/wordpress\/wp-content\/uploads\/2021\/01\/16300406_724360871067327_7218997447781596367_o.jpg'><img loading=\"lazy\" decoding=\"async\" width=\"150\" height=\"150\" src=\"https:\/\/www.radiopiu.net\/wordpress\/wp-content\/uploads\/2021\/01\/16300406_724360871067327_7218997447781596367_o-150x150.jpg\" class=\"attachment-thumbnail size-thumbnail\" alt=\"\" \/><\/a>\n\t\t\t\t<\/dt><\/dl><dl class='gallery-item'>\n\t\t\t\t<dt class='gallery-icon portrait'>\n\t\t\t\t\t<a class=\"rollover rollover-zoom dt-pswp-item\" title=\"141099904_1760220707481333_5306990325119936123_o\" data-dt-img-description=\"\" data-large_image_width=\"526\" data-large_image_height=\"527\"href='https:\/\/www.radiopiu.net\/wordpress\/wp-content\/uploads\/2021\/01\/141099904_1760220707481333_5306990325119936123_o.jpg'><img loading=\"lazy\" decoding=\"async\" width=\"150\" height=\"150\" src=\"https:\/\/www.radiopiu.net\/wordpress\/wp-content\/uploads\/2021\/01\/141099904_1760220707481333_5306990325119936123_o-150x150.jpg\" class=\"attachment-thumbnail size-thumbnail\" alt=\"\" srcset=\"https:\/\/www.radiopiu.net\/wordpress\/wp-content\/uploads\/2021\/01\/141099904_1760220707481333_5306990325119936123_o-150x150.jpg 150w, https:\/\/www.radiopiu.net\/wordpress\/wp-content\/uploads\/2021\/01\/141099904_1760220707481333_5306990325119936123_o-300x300.jpg 300w, https:\/\/www.radiopiu.net\/wordpress\/wp-content\/uploads\/2021\/01\/141099904_1760220707481333_5306990325119936123_o.jpg 526w\" sizes=\"auto, (max-width: 150px) 100vw, 150px\" \/><\/a>\n\t\t\t\t<\/dt><\/dl><dl class='gallery-item'>\n\t\t\t\t<dt class='gallery-icon landscape'>\n\t\t\t\t\t<a class=\"rollover rollover-zoom dt-pswp-item\" title=\"142231376_1763452910491446_4769883759592086060_n\" data-dt-img-description=\"\" data-large_image_width=\"810\" data-large_image_height=\"540\"href='https:\/\/www.radiopiu.net\/wordpress\/wp-content\/uploads\/2021\/01\/142231376_1763452910491446_4769883759592086060_n.jpg'><img loading=\"lazy\" decoding=\"async\" width=\"150\" height=\"150\" src=\"https:\/\/www.radiopiu.net\/wordpress\/wp-content\/uploads\/2021\/01\/142231376_1763452910491446_4769883759592086060_n-150x150.jpg\" class=\"attachment-thumbnail size-thumbnail\" alt=\"\" \/><\/a>\n\t\t\t\t<\/dt><\/dl><br style=\"clear: both\" \/>\n\t\t\t<\/div>\n\n<p>&nbsp;<\/p>\n<hr \/>\n<p>&nbsp;<\/p>\n<blockquote>\n<h3>OGNI VOLTA E VIVERE&#8230;.PER LISA<\/h3>\n<p><em>Un anno fa Lisa Collazuol, 18 anni dell&#8217;Alpago, lasciava la sua famiglia, i suoi amici. Amava la musica, amava Vasco Rossi e le canzoni &#8220;Ogni Volta&#8221; e <img decoding=\"async\" class=\"alignleft\" src=\"https:\/\/www.radiopiu.net\/wordpress\/wp-content\/uploads\/2021\/01\/download-35.jpg\" \/>&#8220;Vivere&#8221; sono quelle poesie scritte dal Rocker di Modena che si trasformano in preghiera. <\/em><em>Leonardo Pianon con i suoi amici con un medley hanno ricordato la loro Lisa&#8230;<\/em><\/p><\/blockquote>\n<p><em>Avrei voluto organizzare un bel concerto ma non \u00e8 stato possibile, grazie a quanti hanno creduto in questo progetto, Leonardo<\/em><\/p>\n<p><iframe loading=\"lazy\" title=\"Medley Ogni volta\/Vivere - dedicato a Lisa Collazuol\" width=\"1200\" height=\"675\" src=\"https:\/\/www.youtube.com\/embed\/Gy5tpCjrLhQ?feature=oembed\" frameborder=\"0\" allow=\"accelerometer; autoplay; clipboard-write; encrypted-media; gyroscope; picture-in-picture\" allowfullscreen><\/iframe><\/p>\n<p>&nbsp;<\/p>\n<hr \/>\n<p>&nbsp;<\/p>\n<h2><\/h2>\n<blockquote>\n<h2>JOHN FRANCIS DELLA PIETRA RICORDA LUIGI CORAZZA<\/h2>\n<\/blockquote>\n<p><strong><a href=\"https:\/\/www.radiopiu.net\/wordpress\/john-francis-della-pietra-ricorda-luigi-corazza\/364b182d-b771-421b-b57d-61e901db14d2\/\" rel=\"attachment wp-att-187867\"><img loading=\"lazy\" decoding=\"async\" class=\" wp-image-187867 alignright\" src=\"https:\/\/www.radiopiu.net\/wordpress\/wp-content\/uploads\/2021\/01\/364b182d-b771-421b-b57d-61e901db14d2-300x225.jpg\" alt=\"\" width=\"165\" height=\"124\" srcset=\"https:\/\/www.radiopiu.net\/wordpress\/wp-content\/uploads\/2021\/01\/364b182d-b771-421b-b57d-61e901db14d2-300x225.jpg 300w, https:\/\/www.radiopiu.net\/wordpress\/wp-content\/uploads\/2021\/01\/364b182d-b771-421b-b57d-61e901db14d2-1024x768.jpg 1024w, https:\/\/www.radiopiu.net\/wordpress\/wp-content\/uploads\/2021\/01\/364b182d-b771-421b-b57d-61e901db14d2-768x576.jpg 768w, https:\/\/www.radiopiu.net\/wordpress\/wp-content\/uploads\/2021\/01\/364b182d-b771-421b-b57d-61e901db14d2-1536x1152.jpg 1536w, https:\/\/www.radiopiu.net\/wordpress\/wp-content\/uploads\/2021\/01\/364b182d-b771-421b-b57d-61e901db14d2.jpg 1600w\" sizes=\"auto, (max-width: 165px) 100vw, 165px\" \/><\/a>Luigi Carlo Corazza<\/strong><\/p>\n<p><em><strong>AUDIO<\/strong><\/em><\/p>\n<audio class=\"wp-audio-shortcode\" id=\"audio-187597-10\" preload=\"none\" style=\"width: 100%;\" controls=\"controls\"><source type=\"audio\/mpeg\" src=\"https:\/\/www.radiopiu.net\/wordpress\/wp-content\/uploads\/2021\/01\/JOHN-FRANCIS-CORAZZA.mp3?_=10\" \/><a href=\"https:\/\/www.radiopiu.net\/wordpress\/wp-content\/uploads\/2021\/01\/JOHN-FRANCIS-CORAZZA.mp3\">https:\/\/www.radiopiu.net\/wordpress\/wp-content\/uploads\/2021\/01\/JOHN-FRANCIS-CORAZZA.mp3<\/a><\/audio>\n<p>&nbsp;<\/p>\n<a href=\"https:\/\/www.radiopiu.net\/wordpress\/wp-content\/uploads\/2021\/01\/JOHN-FRANCIS-LUIGI-CARLO-CORAZZA.pdf\" class=\"pdfemb-viewer\" style=\"\" data-width=\"max\" data-height=\"max\" data-toolbar=\"top\" data-toolbar-fixed=\"on\">JOHN FRANCIS \u2013 LUIGI CARLO CORAZZA<\/a>\n<p>&nbsp;<\/p>\n\n\t\t\t<style type='text\/css'>\n\t\t\t\t#gallery-6 {\n\t\t\t\t\tmargin: auto;\n\t\t\t\t}\n\t\t\t\t#gallery-6 .gallery-item {\n\t\t\t\t\tfloat: left;\n\t\t\t\t\tmargin-top: 10px;\n\t\t\t\t\ttext-align: center;\n\t\t\t\t\twidth: 20%;\n\t\t\t\t}\n\t\t\t\t#gallery-6 img {\n\t\t\t\t\tborder: 2px solid #cfcfcf;\n\t\t\t\t}\n\t\t\t\t#gallery-6 .gallery-caption {\n\t\t\t\t\tmargin-left: 0;\n\t\t\t\t}\n\t\t\t\t\/* see gallery_shortcode() in wp-includes\/media.php *\/\n\t\t\t<\/style>\n\t\t<div id='gallery-6' class='dt-gallery-container gallery galleryid-187597 gallery-columns-5 gallery-size-thumbnail'><dl class='gallery-item'>\n\t\t\t\t<dt class='gallery-icon portrait'>\n\t\t\t\t\t<a class=\"rollover rollover-zoom dt-pswp-item\" title=\"67b40380-92ae-4dd2-a42d-d2fc42e52373\" data-dt-img-description=\"\" data-large_image_width=\"651\" data-large_image_height=\"922\"href='https:\/\/www.radiopiu.net\/wordpress\/wp-content\/uploads\/2021\/01\/67b40380-92ae-4dd2-a42d-d2fc42e52373.jpg'><img loading=\"lazy\" decoding=\"async\" width=\"150\" height=\"150\" src=\"https:\/\/www.radiopiu.net\/wordpress\/wp-content\/uploads\/2021\/01\/67b40380-92ae-4dd2-a42d-d2fc42e52373-150x150.jpg\" class=\"attachment-thumbnail size-thumbnail\" alt=\"\" \/><\/a>\n\t\t\t\t<\/dt><\/dl><dl class='gallery-item'>\n\t\t\t\t<dt class='gallery-icon portrait'>\n\t\t\t\t\t<a class=\"rollover rollover-zoom dt-pswp-item\" title=\"c376b649-b43e-4c24-958a-6af7fd93b168-1\" data-dt-img-description=\"\" data-large_image_width=\"720\" data-large_image_height=\"1280\"href='https:\/\/www.radiopiu.net\/wordpress\/wp-content\/uploads\/2021\/01\/c376b649-b43e-4c24-958a-6af7fd93b168-1.jpg'><img loading=\"lazy\" decoding=\"async\" width=\"150\" height=\"150\" src=\"https:\/\/www.radiopiu.net\/wordpress\/wp-content\/uploads\/2021\/01\/c376b649-b43e-4c24-958a-6af7fd93b168-1-150x150.jpg\" class=\"attachment-thumbnail size-thumbnail\" alt=\"\" \/><\/a>\n\t\t\t\t<\/dt><\/dl><dl class='gallery-item'>\n\t\t\t\t<dt class='gallery-icon landscape'>\n\t\t\t\t\t<a class=\"rollover rollover-zoom dt-pswp-item\" title=\"d9961eac-741b-4d44-8780-6dcb2faa54d7\" data-dt-img-description=\"\" data-large_image_width=\"1024\" data-large_image_height=\"544\"href='https:\/\/www.radiopiu.net\/wordpress\/wp-content\/uploads\/2021\/01\/d9961eac-741b-4d44-8780-6dcb2faa54d7.jpg'><img loading=\"lazy\" decoding=\"async\" width=\"150\" height=\"150\" src=\"https:\/\/www.radiopiu.net\/wordpress\/wp-content\/uploads\/2021\/01\/d9961eac-741b-4d44-8780-6dcb2faa54d7-150x150.jpg\" class=\"attachment-thumbnail size-thumbnail\" alt=\"\" \/><\/a>\n\t\t\t\t<\/dt><\/dl><dl class='gallery-item'>\n\t\t\t\t<dt class='gallery-icon landscape'>\n\t\t\t\t\t<a class=\"rollover rollover-zoom dt-pswp-item\" title=\"49871d38-b528-4f8c-8c15-0d2cfc530acb\" data-dt-img-description=\"\" data-large_image_width=\"720\" data-large_image_height=\"458\"href='https:\/\/www.radiopiu.net\/wordpress\/wp-content\/uploads\/2021\/01\/49871d38-b528-4f8c-8c15-0d2cfc530acb.jpg'><img loading=\"lazy\" decoding=\"async\" width=\"150\" height=\"150\" src=\"https:\/\/www.radiopiu.net\/wordpress\/wp-content\/uploads\/2021\/01\/49871d38-b528-4f8c-8c15-0d2cfc530acb-150x150.jpg\" class=\"attachment-thumbnail size-thumbnail\" alt=\"\" \/><\/a>\n\t\t\t\t<\/dt><\/dl><dl class='gallery-item'>\n\t\t\t\t<dt class='gallery-icon landscape'>\n\t\t\t\t\t<a class=\"rollover rollover-zoom dt-pswp-item\" title=\"d1bb1efc-fd43-4771-a70f-44a7af7f223c\" data-dt-img-description=\"\" data-large_image_width=\"1280\" data-large_image_height=\"720\"href='https:\/\/www.radiopiu.net\/wordpress\/wp-content\/uploads\/2021\/01\/d1bb1efc-fd43-4771-a70f-44a7af7f223c.jpg'><img loading=\"lazy\" decoding=\"async\" width=\"150\" height=\"150\" src=\"https:\/\/www.radiopiu.net\/wordpress\/wp-content\/uploads\/2021\/01\/d1bb1efc-fd43-4771-a70f-44a7af7f223c-150x150.jpg\" class=\"attachment-thumbnail size-thumbnail\" alt=\"\" \/><\/a>\n\t\t\t\t<\/dt><\/dl><br style=\"clear: both\" \/><dl class='gallery-item'>\n\t\t\t\t<dt class='gallery-icon landscape'>\n\t\t\t\t\t<a class=\"rollover rollover-zoom dt-pswp-item\" title=\"ca81c32e-3f0d-4408-9c2e-34884bdc71f0\" data-dt-img-description=\"\" data-large_image_width=\"1280\" data-large_image_height=\"960\"href='https:\/\/www.radiopiu.net\/wordpress\/wp-content\/uploads\/2021\/01\/ca81c32e-3f0d-4408-9c2e-34884bdc71f0.jpg'><img loading=\"lazy\" decoding=\"async\" width=\"150\" height=\"150\" src=\"https:\/\/www.radiopiu.net\/wordpress\/wp-content\/uploads\/2021\/01\/ca81c32e-3f0d-4408-9c2e-34884bdc71f0-150x150.jpg\" class=\"attachment-thumbnail size-thumbnail\" alt=\"\" \/><\/a>\n\t\t\t\t<\/dt><\/dl><dl class='gallery-item'>\n\t\t\t\t<dt class='gallery-icon landscape'>\n\t\t\t\t\t<a class=\"rollover rollover-zoom dt-pswp-item\" title=\"c1ffe8c4-10ee-45db-9837-22b597d04c32\" data-dt-img-description=\"\" data-large_image_width=\"1600\" data-large_image_height=\"1200\"href='https:\/\/www.radiopiu.net\/wordpress\/wp-content\/uploads\/2021\/01\/c1ffe8c4-10ee-45db-9837-22b597d04c32.jpg'><img loading=\"lazy\" decoding=\"async\" width=\"150\" height=\"150\" src=\"https:\/\/www.radiopiu.net\/wordpress\/wp-content\/uploads\/2021\/01\/c1ffe8c4-10ee-45db-9837-22b597d04c32-150x150.jpg\" class=\"attachment-thumbnail size-thumbnail\" alt=\"\" \/><\/a>\n\t\t\t\t<\/dt><\/dl><dl class='gallery-item'>\n\t\t\t\t<dt class='gallery-icon portrait'>\n\t\t\t\t\t<a class=\"rollover rollover-zoom dt-pswp-item\" title=\"ab4904b8-24f6-458c-899b-e218d66ee04d\" data-dt-img-description=\"\" data-large_image_width=\"960\" data-large_image_height=\"1280\"href='https:\/\/www.radiopiu.net\/wordpress\/wp-content\/uploads\/2021\/01\/ab4904b8-24f6-458c-899b-e218d66ee04d.jpg'><img loading=\"lazy\" decoding=\"async\" width=\"150\" height=\"150\" src=\"https:\/\/www.radiopiu.net\/wordpress\/wp-content\/uploads\/2021\/01\/ab4904b8-24f6-458c-899b-e218d66ee04d-150x150.jpg\" class=\"attachment-thumbnail size-thumbnail\" alt=\"\" \/><\/a>\n\t\t\t\t<\/dt><\/dl><dl class='gallery-item'>\n\t\t\t\t<dt class='gallery-icon portrait'>\n\t\t\t\t\t<a class=\"rollover rollover-zoom dt-pswp-item\" title=\"45a5b099-6b75-46c2-b822-ff07e43dd296\" data-dt-img-description=\"\" data-large_image_width=\"960\" data-large_image_height=\"1600\"href='https:\/\/www.radiopiu.net\/wordpress\/wp-content\/uploads\/2021\/01\/45a5b099-6b75-46c2-b822-ff07e43dd296.jpg'><img loading=\"lazy\" decoding=\"async\" width=\"150\" height=\"150\" src=\"https:\/\/www.radiopiu.net\/wordpress\/wp-content\/uploads\/2021\/01\/45a5b099-6b75-46c2-b822-ff07e43dd296-150x150.jpg\" class=\"attachment-thumbnail size-thumbnail\" alt=\"\" \/><\/a>\n\t\t\t\t<\/dt><\/dl><dl class='gallery-item'>\n\t\t\t\t<dt class='gallery-icon landscape'>\n\t\t\t\t\t<a class=\"rollover rollover-zoom dt-pswp-item\" title=\"472a18f2-6881-45cc-a1ce-8dba0a8b398e\" data-dt-img-description=\"\" data-large_image_width=\"1600\" data-large_image_height=\"1200\"href='https:\/\/www.radiopiu.net\/wordpress\/wp-content\/uploads\/2021\/01\/472a18f2-6881-45cc-a1ce-8dba0a8b398e.jpg'><img loading=\"lazy\" decoding=\"async\" width=\"150\" height=\"150\" src=\"https:\/\/www.radiopiu.net\/wordpress\/wp-content\/uploads\/2021\/01\/472a18f2-6881-45cc-a1ce-8dba0a8b398e-150x150.jpg\" class=\"attachment-thumbnail size-thumbnail\" alt=\"\" \/><\/a>\n\t\t\t\t<\/dt><\/dl><br style=\"clear: both\" \/>\n\t\t\t<\/div>\n\n<p>&nbsp;<\/p>\n<hr \/>\n<p>&nbsp;<\/p>\n<h2><span style=\"color: #ff0000;\">LA LETTERA\u00a0<\/span><\/h2>\n<h2><\/h2>\n<h3>UNA STRADA STRATEGICA PER IL TURISMO TRA BELLUNO E LIMANA<\/h3>\n<p><strong><img loading=\"lazy\" decoding=\"async\" class=\"alignleft\" src=\"https:\/\/www.radiopiu.net\/wordpress\/wp-content\/uploads\/2018\/02\/Cartello-Nevegallika.jpg\" width=\"196\" height=\"130\" \/>BELLUNO<\/strong> Una missiva inviata alla Regione e per conoscenza ai Comuni di Belluno e Limana sulla Strada silvo-pastorale di collegamento tra le localit\u00e0 \u201cCase Valdart \u2013 Boschet \u2013 I For \u2013 Val della Fontana \u2013 Valle di Sant\u2019Antonio \u2013 Casera Valpiana e<br \/>\nValmorel\u201d. I firmatari: Asd Nevegallika, Belluno Alpina, Comitato Valmorel, Residenti e Amici del Nevegal.\u00a0 <em>\u00a0&#8220;E&#8217; una richiesta inviata in Regione (sezione turismo) &#8211; dice Gimmy Dal Farra a nome della associazioni &#8211;\u00a0 la strada sarebbe strategica per il turismo. A suo tempo si parlava anche della possibilit\u00e0 di un trenino elettrico per unire i due Comuni&#8221;.<\/em><\/p>\n<a href=\"https:\/\/www.radiopiu.net\/wordpress\/wp-content\/uploads\/2021\/01\/Lettera-Nevegal_28.01.2021.pdf\" class=\"pdfemb-viewer\" style=\"\" data-width=\"max\" data-height=\"max\" data-toolbar=\"top\" data-toolbar-fixed=\"on\">Lettera Nevegal_28.01.2021<\/a>\n<p>&nbsp;<\/p>\n<p>&nbsp;<\/p>\n<hr \/>\n<h2><span style=\"color: #ff0000;\">L&#8217;OPINIONE<\/span><\/h2>\n<blockquote><p><em>Lo Spi Cgil di Belluno attento agli aumenti delle rette nelle case di riposo. \u201cNon servono, la Regione ha stanziato circa 33 milioni di euro per mitigare l\u2019impatto del Covid nelle Rsa bellunesi\u201d<\/em><\/p><\/blockquote>\n<p><strong>di Maria Rita Gentili, Spi Cgil Belluno<\/strong><\/p>\n<blockquote><p><strong>BELLUNO.<\/strong> E\u2019 vero: anche nel territorio bellunese la gravissima emergenza Covid ha colpito soprattutto le case di riposo, facendo diminuire il numero degli ospiti e obbligando le strutture a intervenire con controlli pi\u00f9 serrati, sanificazioni e dispositivi di protezione individuale. E\u2019 vero, insomma, che per queste strutture &#8211; nelle quali vengono ospitati migliaia di anziani &#8211; sono aumentati i costi e diminuite le entrate. E\u2019 giusto, dunque, aumentare le rette, come paventato da molte Rsa nel Veneto compreso quelle del Bellunese? Assolutamente no e il motivo \u00e8 presto detto. Le \u201cnostre\u201d case di riposo &#8211; ricorda il sindacato dei pensionati (Spi) della Cgil regionale &#8211; hanno ricevuto dalla Regione, oltre agli stanziamenti ordinari previsti, anche aiuti economici sostanziosi, con quattro delibere, due emanate a settembre e due a dicembre. In tutto, sono stati riservati all\u2019Ulss 1 oltre 32 milioni e 400 mila euro per la \u201cresidenzialit\u00e0 delle persone non autosufficienti\u201d di cui 1 milione e 280 mila euro come \u201ccopertura\u201d della quota sanitaria di accesso che la Regione ha istituito in modo sperimentale (fino al 2022) e che \u00e8 pari a 30 euro giornalieri a favore degli ospiti non autosufficienti dei centri di servizi privi di impegnativa. Non solo. Con le delibere di dicembre sono \u00e8 stata riservata all\u2019Ulss 1 una cifra di poco inferiore al milione di euro, al fine di mitigare i maggiori costi per sanificazioni, nuovi dispositivi di protezione individuale, adeguamenti strutturali. Inoltre la Regione ha stabilito che, anche a seguito della flessione delle presenze degli ospiti, vi sar\u00e0 una integrazione del fatturato fino al 10% della quota sanitaria. \u201cQueste risorse &#8211; avverte dunque Renato Bressan della segreteria dello Spi Cgil del Veneto \u2013 servono a scongiurare l\u2019aumento delle rette in maniera indiscriminata che sono gi\u00e0 molto impegnative e onerose per le famiglie. Il nostro impegno, comunque, \u00e8 quello di continuare la nostra battaglia per calmierare i costi tramite confronti costanti e serrati con la Regione ma pure con gli Enti locali\u201d. Gli anziani bellunesi hanno sofferto molto la pandemia anche considerando che la provincia ospita una quota molto elevata di over 80, che sono circa 17 mila, l\u20198,3 per cento della popolazione, percentuale che in Veneto \u00e8 inferiore solo a quella di Rovigo. Le case di riposo rappresentano dunque un \u201crifugio\u201d indispensabile per una parte sostanziosa della popolazione, soprattutto non autosufficiente. \u201cSarebbe deleterio per i nostri anziani e per le nostre famiglie aumentare le rette che sono gi\u00e0 troppo elevate &#8211; commenta Maria Rita Gentilin segretaria generale dello Spi Cgil di Belluno -. Come dimostrano i dati elaborati dal sindacato dei pensionati della Cgil del Veneto, le Rsa, attraverso le Ulss, hanno avuto le risorse per coprire gli extra-costi causati dal Covid. Sulla questione degli aumenti delle rette abbiamo comunque ricevuto rassicurazioni dall\u2019assessore Lanzarin quindi ci auguriamo che non ci siano sorprese\u201d.<\/p>\n<p>&nbsp;<\/p>\n<p>&nbsp;<\/p><\/blockquote>\n<hr \/>\n<p>&nbsp;<\/p>\n<blockquote>\n<h3>\u201cLA FESTA E LA MEMORIA. UN SECOLO DI EMIGRAZIONE DEL PAESE DI SOCCHER\u201d<\/h3>\n<\/blockquote>\n<div class=\"l60d2q6s d1544ag0 sj5x9vvc tw6a2znq l9j0dhe7 ni8dbmo4 stjgntxs qlfml3jp inkptoze e72ty7fz qttc61fc jm1wdb64 qv66sw1b ljqsnud1 g6srhlxm odn2s2vf\">\n<div dir=\"auto\"><strong>di\u00a0 RENATO BONA\u00a0<\/strong><\/div>\n<div class=\"oo9gr5id\" dir=\"auto\">Nel dicembre di 20 anni fa il Comitato frazionale, l\u2019Amministrazione comunale e la Pro Loco di Ponte nelle Alpi davano alle stampe (progetto grafico e copertina di Paolo Munarin, stampa con la tipografia Nero su Bianco di Belluno) il libro \u201cLa festa e la memoria. Un secolo di emigrazione del paese di Soccher\u201d, realizzato da Erminio Pierobon, Luciana Carniato, Augusto Modolo e Daria Burigo con i quali hanno validamente collaborato gli abitanti del paese fornendo date, nomi, documenti (in proposito, un particolare ringraziamento \u00e8 rivolto ai fratelli Mario e Orlando Sechi, e viene onorata la memoria di Bepi Mares \u201cPiola\u201d). Nella presentazione, il Comitato frazionale esordiva affermando che \u201cIl centenario della Festa dell\u2019Emigrante \u00e8 un compleanno che merita di essere ricordato, anche perch\u00e9 in questi ultimi anni tale festa continua a essere sentita sia dalla gente di Soccher sia da quella dei paesi limitrofi\u201d ed \u00e8 perci\u00f2 \u201cun fatto importante per la storia pur essendo limitata all\u2019argomento dell\u2019emigrazione dei suoi abitanti\u201d. Riporta infatti documenti inediti e svariate note concernenti la festa, desunti da bollettini parrocchiali datati e propone uno studio genealogico di quasi tutte le famiglie che nel paese hanno vissuto le difficolt\u00e0 ed i sacrifici conseguenti al dover \u201ccercare miglior fortuna lontano dalla propria terra\u201d. Dunque \u201cun ricordo commosso di tutti gli \u2018Esamponari\u2019 vivi e scomparsi, che in ogni luogo, anche il pi\u00f9 lontano del mondo, hanno portato e diffuso i valori della nostra cultura montanara\u201d. Concludeva auspicando che questo libro \u201centrando nelle nostre case, porti i figli e i nipoti ad amare sempre pi\u00f9 la nostra terra, le nostre tradizioni e i sacrifici di quanti ci hanno preceduto, per poter affrontare con pi\u00f9 serenit\u00e0 le difficolt\u00e0 che si presentano ogni giorno\u201d. Seguivano gli indirizzi di saluto del sindaco Vittorio Fregona; della Bellunesi nel Mondo nella persona del presidente Gioacchino Bratti; del presidente della Comunit\u00e0 montana Bellunese, Luigi Roccon; del presidente della Provincia (Oscar De Bona (oggi al vertice proprio della Abm &#8211; ndr.). Premesso che \u201cQuesto lavoro si propone di raggiungere due obiettivi: il primo \u00e8 di portare a conoscenza e rammentare che a Soccher di Ponte nelle Alpi (Belluno) c\u2019\u00e8 una \u2018festa\u2019 che compie cento anni; essa si tiene in gennaio ed ha lo scopo di salutare e di ricordare gli emigranti del paese. Il secondo obiettivo \u00e8 quello di realizzare un desiderio e mantenere una promessa fatta tante volte, in occasione di feste, di mostre fotografiche, di ricerche storico-culturali e di incontri e colloqui: quella di \u2018mettere sulla carta\u2019 ricordi, fatti, avvenimenti della \u2018nostra\u2019 storia, raccontati da persone che amano richiamare alla mente tante esperienze di vita vissuta\u201d, va detto che il libro si articola nei seguenti capitoli: \u201cQuesta ricerca\u201d; \u201cLa \u2018Festa degli Emigranti\u2019\u201d; \u201cOltre un secolo di emigrazione\u201d; \u201cL\u2019asilo, il monumento, la piazza\u201d; \u201cFamiglie ed emigranti\u201d; \u201cLettere e documenti\u201d; \u201cRingraziamenti\u201d (quest\u2019ultimo dedicato a quanti, compresi molti cittadini di Soccher, hanno generosamente contribuito &#8211; ndr.). La prima immagine di una festa \u00e8 quella che precede il capitolo \u201cOltre un secolo di emigrazione\u201d: risale al 1936 \u00e8 mostra, da sinistra: Marcello, Maria, Aurelia, Luciana (Fagarei), Linda, Maddalena, Camillo, tutti Pierobon, quindi, in basso: Maddalena De Bortoli, Aurelia, Palmira e Luisa, pure loro Pierobon. Ed eccoci ai dati sul movimento migratorio veneto con la sottolineatura che \u201cL\u2019emigrazione da Soccher non deve essere stata particolarmente differente da quella della regione in cui il paese si trova\u201d: l\u2019emigrazione veneta per l\u2019estero durante il periodo dal 1904 al 1923, con destinazione Europa, Africa, Stati Uniti del Nord, Brasile, Argentina ed altri Paesi presenta le seguenti cifre: 1904-1906 emigranti 97.542; 1907-1909 emigranti 93.017; e poi nel 1910 quasi 93 mila; nel 1911 poco pi\u00f9 di 97 mila; nel 1912 poco pi\u00f9 di 114 mila; nel 1913 quasi 124 mila; nel 1914 quasi 114 mila; nel 1915 emigranti 11.684; negli anni 1916, \u201817, \u201818 e \u201819 rispettivamente 2.846, 1.025, 695 e 15.383; nel 1920 gli emigranti veneti sono poco pi\u00f9 di 60 mila; nel \u201921 si scende a 26 mila; nel \u201922 sono quasi 58 mila e nel \u201923 quasi 80 mila. Quanto alle motivazioni del partire \u201cva comunque sempre tenuto presente che tra le molle che spingevano ad emigrare c\u2019erano non solo la necessit\u00e0 di sopravvivere, ma in alcuni casi anche il bisogno di indipendenza, l\u2019iniziativa imprenditoriale, il fascino della novit\u00e0\u201d come scriveva in uno studio lo storico Ferruccio Vendramini\u201d. E non vanno dimenticate le spinte ad emigrare che potevano venire dagli esempi e dai sostegni dati da parenti e da amici gi\u00e0 ricchi di esperienze positive. A volte, anche, ci si \u00e8 allontanati (o si \u00e8 stati mandati via) per motivazioni politico-ideologiche. Certo \u00e8 \u2013 ad esempio \u2013 che \u201cLa difficile situazione del secondo dopoguerra spinse a riprendere la strada dell\u2019emigrazione e quando gli sbocchi all\u2019estero furono riaperti ricominci\u00f2 l\u2019esodo. In proposito viene citato ad esempio l\u2019emigrazione di donne in Svizzera: vennero occupate nel settore tessile e ospitate in convitti tenuti da suore, o per continuazione di una precedente esperienza familiare oppure grazie all\u2019interessamento di don Giacomo Viezzer, arciprete di Cadola di cui si cita il bollettino santa Maria di Cadola del dicembre 1977 in cui il sacerdote scriveva, sotto il titolo \u201cOperazione lavoro\u201d: \u201cPer qualche anno, dal \u201946, sono stato ufficio di collocamento ambulante non solo della parrocchia (comune) ma della provincia. Quante donne e quanti uomini furono occupati in Svizzera e in patria! La canonica era presa d\u2019assalto. Il Vescovo, il prefetto, la Questura mi raccomandavano operai da occupare in Svizzera. Quanti viaggi, quante peripezie, quante storie!\u201d.<\/div>\n<div dir=\"auto\"><\/div>\n<\/div>\n<div dir=\"auto\">\n\n\t\t\t<style type='text\/css'>\n\t\t\t\t#gallery-7 {\n\t\t\t\t\tmargin: auto;\n\t\t\t\t}\n\t\t\t\t#gallery-7 .gallery-item {\n\t\t\t\t\tfloat: left;\n\t\t\t\t\tmargin-top: 10px;\n\t\t\t\t\ttext-align: center;\n\t\t\t\t\twidth: 20%;\n\t\t\t\t}\n\t\t\t\t#gallery-7 img {\n\t\t\t\t\tborder: 2px solid #cfcfcf;\n\t\t\t\t}\n\t\t\t\t#gallery-7 .gallery-caption {\n\t\t\t\t\tmargin-left: 0;\n\t\t\t\t}\n\t\t\t\t\/* see gallery_shortcode() in wp-includes\/media.php *\/\n\t\t\t<\/style>\n\t\t<div id='gallery-7' class='dt-gallery-container gallery galleryid-187597 gallery-columns-5 gallery-size-thumbnail'><dl class='gallery-item'>\n\t\t\t\t<dt class='gallery-icon portrait'>\n\t\t\t\t\t<a class=\"rollover rollover-zoom dt-pswp-item\" title=\"144669819_251872013123695_400970198465547081_n\" data-dt-img-description=\"\" data-large_image_width=\"189\" data-large_image_height=\"260\"href='https:\/\/www.radiopiu.net\/wordpress\/wp-content\/uploads\/2021\/01\/144669819_251872013123695_400970198465547081_n.jpg'><img loading=\"lazy\" decoding=\"async\" width=\"150\" height=\"150\" src=\"https:\/\/www.radiopiu.net\/wordpress\/wp-content\/uploads\/2021\/01\/144669819_251872013123695_400970198465547081_n-150x150.jpg\" class=\"attachment-thumbnail size-thumbnail\" alt=\"\" \/><\/a>\n\t\t\t\t<\/dt><\/dl><dl class='gallery-item'>\n\t\t\t\t<dt class='gallery-icon landscape'>\n\t\t\t\t\t<a class=\"rollover rollover-zoom dt-pswp-item\" title=\"144024928_777439186204439_7519676808974775299_n\" data-dt-img-description=\"\" data-large_image_width=\"2048\" data-large_image_height=\"1006\"href='https:\/\/www.radiopiu.net\/wordpress\/wp-content\/uploads\/2021\/01\/144024928_777439186204439_7519676808974775299_n.jpg'><img loading=\"lazy\" decoding=\"async\" width=\"150\" height=\"150\" src=\"https:\/\/www.radiopiu.net\/wordpress\/wp-content\/uploads\/2021\/01\/144024928_777439186204439_7519676808974775299_n-150x150.jpg\" class=\"attachment-thumbnail size-thumbnail\" alt=\"\" \/><\/a>\n\t\t\t\t<\/dt><\/dl><dl class='gallery-item'>\n\t\t\t\t<dt class='gallery-icon landscape'>\n\t\t\t\t\t<a class=\"rollover rollover-zoom dt-pswp-item\" title=\"144067153_756928125199227_1979169717687771684_n\" data-dt-img-description=\"\" data-large_image_width=\"2048\" data-large_image_height=\"1490\"href='https:\/\/www.radiopiu.net\/wordpress\/wp-content\/uploads\/2021\/01\/144067153_756928125199227_1979169717687771684_n.jpg'><img loading=\"lazy\" decoding=\"async\" width=\"150\" height=\"150\" src=\"https:\/\/www.radiopiu.net\/wordpress\/wp-content\/uploads\/2021\/01\/144067153_756928125199227_1979169717687771684_n-150x150.jpg\" class=\"attachment-thumbnail size-thumbnail\" alt=\"\" \/><\/a>\n\t\t\t\t<\/dt><\/dl><dl class='gallery-item'>\n\t\t\t\t<dt class='gallery-icon portrait'>\n\t\t\t\t\t<a class=\"rollover rollover-zoom dt-pswp-item\" title=\"143942559_778882019390589_2111449029375277586_n\" data-dt-img-description=\"\" data-large_image_width=\"122\" data-large_image_height=\"143\"href='https:\/\/www.radiopiu.net\/wordpress\/wp-content\/uploads\/2021\/01\/143942559_778882019390589_2111449029375277586_n.jpg'><img loading=\"lazy\" decoding=\"async\" width=\"122\" height=\"143\" src=\"https:\/\/www.radiopiu.net\/wordpress\/wp-content\/uploads\/2021\/01\/143942559_778882019390589_2111449029375277586_n.jpg\" class=\"attachment-thumbnail size-thumbnail\" alt=\"\" \/><\/a>\n\t\t\t\t<\/dt><\/dl><dl class='gallery-item'>\n\t\t\t\t<dt class='gallery-icon portrait'>\n\t\t\t\t\t<a class=\"rollover rollover-zoom dt-pswp-item\" title=\"143944096_1066246170541135_2952310507005007796_n\" data-dt-img-description=\"\" data-large_image_width=\"153\" data-large_image_height=\"260\"href='https:\/\/www.radiopiu.net\/wordpress\/wp-content\/uploads\/2021\/01\/143944096_1066246170541135_2952310507005007796_n.jpg'><img loading=\"lazy\" decoding=\"async\" width=\"150\" height=\"150\" src=\"https:\/\/www.radiopiu.net\/wordpress\/wp-content\/uploads\/2021\/01\/143944096_1066246170541135_2952310507005007796_n-150x150.jpg\" class=\"attachment-thumbnail size-thumbnail\" alt=\"\" \/><\/a>\n\t\t\t\t<\/dt><\/dl><br style=\"clear: both\" \/><dl class='gallery-item'>\n\t\t\t\t<dt class='gallery-icon portrait'>\n\t\t\t\t\t<a class=\"rollover rollover-zoom dt-pswp-item\" title=\"143908585_1087018521721103_2668722595036246096_n\" data-dt-img-description=\"\" data-large_image_width=\"196\" data-large_image_height=\"260\"href='https:\/\/www.radiopiu.net\/wordpress\/wp-content\/uploads\/2021\/01\/143908585_1087018521721103_2668722595036246096_n.jpg'><img loading=\"lazy\" decoding=\"async\" width=\"150\" height=\"150\" src=\"https:\/\/www.radiopiu.net\/wordpress\/wp-content\/uploads\/2021\/01\/143908585_1087018521721103_2668722595036246096_n-150x150.jpg\" class=\"attachment-thumbnail size-thumbnail\" alt=\"\" \/><\/a>\n\t\t\t\t<\/dt><\/dl><dl class='gallery-item'>\n\t\t\t\t<dt class='gallery-icon landscape'>\n\t\t\t\t\t<a class=\"rollover rollover-zoom dt-pswp-item\" title=\"144106286_169959607905115_6791365236765323163_n\" data-dt-img-description=\"\" data-large_image_width=\"253\" data-large_image_height=\"165\"href='https:\/\/www.radiopiu.net\/wordpress\/wp-content\/uploads\/2021\/01\/144106286_169959607905115_6791365236765323163_n.jpg'><img loading=\"lazy\" decoding=\"async\" width=\"150\" height=\"150\" src=\"https:\/\/www.radiopiu.net\/wordpress\/wp-content\/uploads\/2021\/01\/144106286_169959607905115_6791365236765323163_n-150x150.jpg\" class=\"attachment-thumbnail size-thumbnail\" alt=\"\" \/><\/a>\n\t\t\t\t<\/dt><\/dl><dl class='gallery-item'>\n\t\t\t\t<dt class='gallery-icon landscape'>\n\t\t\t\t\t<a class=\"rollover rollover-zoom dt-pswp-item\" title=\"144500091_205700187902863_6103869660266115452_n\" data-dt-img-description=\"\" data-large_image_width=\"261\" data-large_image_height=\"237\"href='https:\/\/www.radiopiu.net\/wordpress\/wp-content\/uploads\/2021\/01\/144500091_205700187902863_6103869660266115452_n.jpg'><img loading=\"lazy\" decoding=\"async\" width=\"150\" height=\"150\" src=\"https:\/\/www.radiopiu.net\/wordpress\/wp-content\/uploads\/2021\/01\/144500091_205700187902863_6103869660266115452_n-150x150.jpg\" class=\"attachment-thumbnail size-thumbnail\" alt=\"\" \/><\/a>\n\t\t\t\t<\/dt><\/dl><dl class='gallery-item'>\n\t\t\t\t<dt class='gallery-icon portrait'>\n\t\t\t\t\t<a class=\"rollover rollover-zoom dt-pswp-item\" title=\"144538663_407736920458738_9185284523423165538_n\" data-dt-img-description=\"\" data-large_image_width=\"228\" data-large_image_height=\"248\"href='https:\/\/www.radiopiu.net\/wordpress\/wp-content\/uploads\/2021\/01\/144538663_407736920458738_9185284523423165538_n.jpg'><img loading=\"lazy\" decoding=\"async\" width=\"150\" height=\"150\" src=\"https:\/\/www.radiopiu.net\/wordpress\/wp-content\/uploads\/2021\/01\/144538663_407736920458738_9185284523423165538_n-150x150.jpg\" class=\"attachment-thumbnail size-thumbnail\" alt=\"\" \/><\/a>\n\t\t\t\t<\/dt><\/dl><dl class='gallery-item'>\n\t\t\t\t<dt class='gallery-icon landscape'>\n\t\t\t\t\t<a class=\"rollover rollover-zoom dt-pswp-item\" title=\"144295673_416361976141406_348580299282621342_n\" data-dt-img-description=\"\" data-large_image_width=\"249\" data-large_image_height=\"130\"href='https:\/\/www.radiopiu.net\/wordpress\/wp-content\/uploads\/2021\/01\/144295673_416361976141406_348580299282621342_n.jpg'><img loading=\"lazy\" decoding=\"async\" width=\"150\" height=\"130\" src=\"https:\/\/www.radiopiu.net\/wordpress\/wp-content\/uploads\/2021\/01\/144295673_416361976141406_348580299282621342_n-150x130.jpg\" class=\"attachment-thumbnail size-thumbnail\" alt=\"\" \/><\/a>\n\t\t\t\t<\/dt><\/dl><br style=\"clear: both\" \/><dl class='gallery-item'>\n\t\t\t\t<dt class='gallery-icon landscape'>\n\t\t\t\t\t<a class=\"rollover rollover-zoom dt-pswp-item\" title=\"144396580_428951915029205_736090116090643421_n\" data-dt-img-description=\"\" data-large_image_width=\"252\" data-large_image_height=\"160\"href='https:\/\/www.radiopiu.net\/wordpress\/wp-content\/uploads\/2021\/01\/144396580_428951915029205_736090116090643421_n.jpg'><img loading=\"lazy\" decoding=\"async\" width=\"150\" height=\"150\" src=\"https:\/\/www.radiopiu.net\/wordpress\/wp-content\/uploads\/2021\/01\/144396580_428951915029205_736090116090643421_n-150x150.jpg\" class=\"attachment-thumbnail size-thumbnail\" alt=\"\" \/><\/a>\n\t\t\t\t<\/dt><\/dl><dl class='gallery-item'>\n\t\t\t\t<dt class='gallery-icon portrait'>\n\t\t\t\t\t<a class=\"rollover rollover-zoom dt-pswp-item\" title=\"143904718_431460814725068_575893038013935567_n\" data-dt-img-description=\"\" data-large_image_width=\"196\" data-large_image_height=\"260\"href='https:\/\/www.radiopiu.net\/wordpress\/wp-content\/uploads\/2021\/01\/143904718_431460814725068_575893038013935567_n.jpg'><img loading=\"lazy\" decoding=\"async\" width=\"150\" height=\"150\" src=\"https:\/\/www.radiopiu.net\/wordpress\/wp-content\/uploads\/2021\/01\/143904718_431460814725068_575893038013935567_n-150x150.jpg\" class=\"attachment-thumbnail size-thumbnail\" alt=\"\" \/><\/a>\n\t\t\t\t<\/dt><\/dl><dl class='gallery-item'>\n\t\t\t\t<dt class='gallery-icon portrait'>\n\t\t\t\t\t<a class=\"rollover rollover-zoom dt-pswp-item\" title=\"143908591_445915456701931_7109355839041482404_n\" data-dt-img-description=\"\" data-large_image_width=\"173\" data-large_image_height=\"248\"href='https:\/\/www.radiopiu.net\/wordpress\/wp-content\/uploads\/2021\/01\/143908591_445915456701931_7109355839041482404_n.jpg'><img loading=\"lazy\" decoding=\"async\" width=\"150\" height=\"150\" src=\"https:\/\/www.radiopiu.net\/wordpress\/wp-content\/uploads\/2021\/01\/143908591_445915456701931_7109355839041482404_n-150x150.jpg\" class=\"attachment-thumbnail size-thumbnail\" alt=\"\" \/><\/a>\n\t\t\t\t<\/dt><\/dl><dl class='gallery-item'>\n\t\t\t\t<dt class='gallery-icon landscape'>\n\t\t\t\t\t<a class=\"rollover rollover-zoom dt-pswp-item\" title=\"143946664_679408382754931_1267331166558938372_n\" data-dt-img-description=\"\" data-large_image_width=\"251\" data-large_image_height=\"206\"href='https:\/\/www.radiopiu.net\/wordpress\/wp-content\/uploads\/2021\/01\/143946664_679408382754931_1267331166558938372_n.jpg'><img loading=\"lazy\" decoding=\"async\" width=\"150\" height=\"150\" src=\"https:\/\/www.radiopiu.net\/wordpress\/wp-content\/uploads\/2021\/01\/143946664_679408382754931_1267331166558938372_n-150x150.jpg\" class=\"attachment-thumbnail size-thumbnail\" alt=\"\" \/><\/a>\n\t\t\t\t<\/dt><\/dl>\n\t\t\t\t<br style='clear: both' \/>\n\t\t\t<\/div>\n\n<\/div>\n<div class=\"l60d2q6s d1544ag0 sj5x9vvc tw6a2znq l9j0dhe7 ni8dbmo4 stjgntxs qlfml3jp inkptoze e72ty7fz qttc61fc jm1wdb64 qv66sw1b ljqsnud1 g6srhlxm odn2s2vf\">\n<div dir=\"auto\"><\/div>\n<p class=\"oo9gr5id\" dir=\"auto\">NELLE FOTO (riproduzioni dal libro \u201cLa Festa e la Memoria\u201d e archivio Renato Bona): la copertina del libro per i 100 anni della festa dell\u2019emigrazione a Soccher di Ponte nelle Alpi, che propone \u201cDonne alla fontana nella piazza di Soccher\u201d, di Osvaldo Monti, 1881, per gentile concessione del Comune di Belluno; foto-ricordo per il gruppo Pierobon nell\u2019edizione del 1994; il monumento agli emigranti, a Cadola; la targa di Piazza \u201call\u2019Esempon\u201d a Soccher; uno fra i tanti emigranti di Soccher: Angelo De Bortoli \u201cCanon\u201d (Bortoi), nato nel 1900, mancato nel 1983: scalpellino, impresario, muratore, capo squadra muratori, emigrato (dal 1929 al 1961) in Francia, regione parigina, e a Martigny in Svizzera; suo figlio Ferdinando, classe 1929, mancato da qualche anno (emigrato dal 1946 al 1989) carpentiere, capo squadra, falegname, capo cantiere a: Castel Verres in Valle d\u2019Aosta, Campobasso, Martigny; l\u2019arciprete di Cadola, Giacomo Viezzer, che molto si prodig\u00f2 per gli emigranti; gruppo di famiglia dei Pierobon \u201cAgati\u201d; i \u201cBarba\u201d dei Pierobon \u201cAgati\u201d a fine \u2018800: in piedi da sinistra Giuseppe e Domenico, seduti Giovanni e un altro non identificato; Gruppo dei Pierobon \u201cChecuth\u201d; Aurelia Pierobon \u201cCiani\u201d emigrata in Svizzera due volte; nel camioncino della ditta con compagne di lavoro; superstiti dell\u2019affondamento della \u201cPrincipessa Mafalda\u201d nel 1927: si riconoscono Giovanna Pierobon \u201cdei Pasqueta\u201d e, ultimo a destra: Luigi-But Viel, di Quantin di Ponte nelle Alpi; famiglia di Giuseppe e Umberto De Bortoli \u201cPoloni\u201d.<\/p>\n<hr \/>\n<p dir=\"auto\">\n<\/div>\n<blockquote>\n<h2>RITORNA AI MICROFONI DI RADIO PIU&#8217; FRANCESCO ZILLIO<br \/>\nseconda puntata, stagione 2021 &#8211; auto elettriche.<\/h2>\n<\/blockquote>\n<p>&nbsp;<\/p>\n<p><iframe loading=\"lazy\" title=\"EPCENTER  02-2021  RICARICA VETTURE ELETTRICHE IN AMBITO PRIVATO\" width=\"1200\" height=\"675\" src=\"https:\/\/www.youtube.com\/embed\/gx5t93SFHiQ?feature=oembed\" frameborder=\"0\" allow=\"accelerometer; autoplay; clipboard-write; encrypted-media; gyroscope; picture-in-picture\" allowfullscreen><\/iframe><\/p>\n<p>&nbsp;<\/p>\n<p>&nbsp;<\/p>\n<p><strong>LA VIDEO GALLERY\u00a0<\/strong><\/p>\n<blockquote class=\"wp-embedded-content\" data-secret=\"wu4sXtqAyV\"><p><a href=\"https:\/\/www.radiopiu.net\/wordpress\/ep-center-video-gallery\/\">EP CENTER video gallery<\/a><\/p><\/blockquote>\n<p><iframe loading=\"lazy\" class=\"wp-embedded-content\" sandbox=\"allow-scripts\" security=\"restricted\" style=\"position: absolute; clip: rect(1px, 1px, 1px, 1px);\" title=\"&#8220;EP CENTER video gallery&#8221; &#8212; Radio Pi\u00f9\" src=\"https:\/\/www.radiopiu.net\/wordpress\/ep-center-video-gallery\/embed\/#?secret=wu4sXtqAyV\" data-secret=\"wu4sXtqAyV\" width=\"600\" height=\"338\" frameborder=\"0\" marginwidth=\"0\" marginheight=\"0\" scrolling=\"no\"><\/iframe><\/p>\n<p>&nbsp;<\/p>\n<hr \/>\n<h2><\/h2>\n<p>&nbsp;<\/p>\n<blockquote class=\"wp-embedded-content\" data-secret=\"kwxrlQ4C79\"><p><a href=\"https:\/\/www.radiopiu.net\/wordpress\/giovani-agricoltori-agordini-di-gianni-santomaso\/\">GIOVANI AGRICOLTORI AGORDINI, di GIANNI SANTOMASO<\/a><\/p><\/blockquote>\n<p><iframe loading=\"lazy\" class=\"wp-embedded-content\" sandbox=\"allow-scripts\" security=\"restricted\" style=\"position: absolute; clip: rect(1px, 1px, 1px, 1px);\" title=\"&#8220;GIOVANI AGRICOLTORI AGORDINI, di GIANNI SANTOMASO&#8221; &#8212; Radio Pi\u00f9\" src=\"https:\/\/www.radiopiu.net\/wordpress\/giovani-agricoltori-agordini-di-gianni-santomaso\/embed\/#?secret=kwxrlQ4C79\" data-secret=\"kwxrlQ4C79\" width=\"600\" height=\"338\" frameborder=\"0\" marginwidth=\"0\" marginheight=\"0\" scrolling=\"no\"><\/iframe><\/p>\n<p>&nbsp;<\/p>\n<p>&nbsp;<\/p>\n<p>&nbsp;<\/p>\n<hr \/>\n<p>&nbsp;<\/p>\n<p>&nbsp;<\/p>\n<p>&nbsp;<\/p>\n<blockquote class=\"wp-embedded-content\" data-secret=\"nLhQHmCnPO\"><p><a href=\"https:\/\/www.radiopiu.net\/wordpress\/con-silvano-savio-visitiamo-il-museo-dedicato-a-papa-luciani\/\">CON SILVANO SAVIO VISITIAMO IL MUSEO DEDICATO A PAPA LUCIANI<\/a><\/p><\/blockquote>\n<p><iframe loading=\"lazy\" class=\"wp-embedded-content\" sandbox=\"allow-scripts\" security=\"restricted\" style=\"position: absolute; clip: rect(1px, 1px, 1px, 1px);\" title=\"&#8220;CON SILVANO SAVIO VISITIAMO IL MUSEO DEDICATO A PAPA LUCIANI&#8221; &#8212; Radio Pi\u00f9\" src=\"https:\/\/www.radiopiu.net\/wordpress\/con-silvano-savio-visitiamo-il-museo-dedicato-a-papa-luciani\/embed\/#?secret=nLhQHmCnPO\" data-secret=\"nLhQHmCnPO\" width=\"600\" height=\"338\" frameborder=\"0\" marginwidth=\"0\" marginheight=\"0\" scrolling=\"no\"><\/iframe><\/p>\n<p>&nbsp;<\/p>\n<hr \/>\n<p>&nbsp;<\/p>\n<h3><\/h3>\n<blockquote class=\"wp-embedded-content\" data-secret=\"sGaoT7ikju\"><p><a href=\"https:\/\/www.radiopiu.net\/wordpress\/conosciamo-la-corale-di-limana-con-le-interviste-di-silvia-baldo\/\">CONOSCIAMO LA CORALE DI LIMANA CON LE INTERVISTE DI SILVIA BALDO<\/a><\/p><\/blockquote>\n<p><iframe loading=\"lazy\" class=\"wp-embedded-content\" sandbox=\"allow-scripts\" security=\"restricted\" style=\"position: absolute; clip: rect(1px, 1px, 1px, 1px);\" title=\"&#8220;CONOSCIAMO LA CORALE DI LIMANA CON LE INTERVISTE DI SILVIA BALDO&#8221; &#8212; Radio Pi\u00f9\" src=\"https:\/\/www.radiopiu.net\/wordpress\/conosciamo-la-corale-di-limana-con-le-interviste-di-silvia-baldo\/embed\/#?secret=sGaoT7ikju\" data-secret=\"sGaoT7ikju\" width=\"600\" height=\"338\" frameborder=\"0\" marginwidth=\"0\" marginheight=\"0\" scrolling=\"no\"><\/iframe><\/p>\n<p>&nbsp;<\/p>\n<p>&nbsp;<\/p>\n<hr \/>\n<div dir=\"auto\">\n<blockquote>\n<h2><\/h2>\n<h2>FANTASTICHE DOLOMITI, NUOVA STAGIONE. APPUNTAMENTO QUINDICINALE IL GIOVEDI ALLE 10.30 E 19.00<\/h2>\n<\/blockquote>\n<p><strong><span style=\"color: #ff0000;\">LA NUOVA PUNTATA i corsi di formazione della Fondazione<\/span><\/strong><\/p>\n<audio class=\"wp-audio-shortcode\" id=\"audio-187597-11\" preload=\"none\" style=\"width: 100%;\" controls=\"controls\"><source type=\"audio\/mpeg\" src=\"https:\/\/www.radiopiu.net\/wordpress\/wp-content\/uploads\/2020\/10\/fatnastiche-dolomiti-28-gennaio.mp3?_=11\" \/><a href=\"https:\/\/www.radiopiu.net\/wordpress\/wp-content\/uploads\/2020\/10\/fatnastiche-dolomiti-28-gennaio.mp3\">https:\/\/www.radiopiu.net\/wordpress\/wp-content\/uploads\/2020\/10\/fatnastiche-dolomiti-28-gennaio.mp3<\/a><\/audio>\n<h1>LA RACCOLTA COMPLETA<\/h1>\n<blockquote class=\"wp-embedded-content\" data-secret=\"vLipatXqQi\"><p><a href=\"https:\/\/www.radiopiu.net\/wordpress\/https-wp-me-p63lo7-gyg\/\">FANTASTICHE DOLOMITI 7^ PUNTATA: IL QUINDICINALE APPUNTAMENTO ALLA RADIO<\/a><\/p><\/blockquote>\n<p><iframe loading=\"lazy\" class=\"wp-embedded-content\" sandbox=\"allow-scripts\" security=\"restricted\" style=\"position: absolute; clip: rect(1px, 1px, 1px, 1px);\" title=\"&#8220;FANTASTICHE DOLOMITI 7^ PUNTATA: IL QUINDICINALE APPUNTAMENTO ALLA RADIO&#8221; &#8212; Radio Pi\u00f9\" src=\"https:\/\/www.radiopiu.net\/wordpress\/https-wp-me-p63lo7-gyg\/embed\/#?secret=vLipatXqQi\" data-secret=\"vLipatXqQi\" width=\"600\" height=\"338\" frameborder=\"0\" marginwidth=\"0\" marginheight=\"0\" scrolling=\"no\"><\/iframe><\/p>\n<p>&nbsp;<\/p>\n<hr \/>\n<blockquote>\n<h2><\/h2>\n<h2>SALUTE E SOCIETA&#8217; IL LUNEDI ALLE 13.10 E ALLE 20.10, LA DOMENICA ALLE 10.30 A CURA DEL DOTTOR MARCO CARACCIOLO. QUINTA STAGIONE<\/h2>\n<\/blockquote>\n<p><a href=\"https:\/\/www.radiopiu.net\/wordpress\/giornale-radiopiu-26-gennaio-2021-direttore-mirko-mezzacasa\/october-breast-cancer-awareness-month-adult-woman-hand-holding\/\" rel=\"attachment wp-att-186779\"><img loading=\"lazy\" decoding=\"async\" class=\" wp-image-186779 alignleft\" src=\"https:\/\/www.radiopiu.net\/wordpress\/wp-content\/uploads\/2021\/01\/7c80c3e0-66c5-4ea7-a5be-767151665bfa-300x167.jpg\" alt=\"\" width=\"201\" height=\"112\" srcset=\"https:\/\/www.radiopiu.net\/wordpress\/wp-content\/uploads\/2021\/01\/7c80c3e0-66c5-4ea7-a5be-767151665bfa-300x167.jpg 300w, https:\/\/www.radiopiu.net\/wordpress\/wp-content\/uploads\/2021\/01\/7c80c3e0-66c5-4ea7-a5be-767151665bfa-768x427.jpg 768w, https:\/\/www.radiopiu.net\/wordpress\/wp-content\/uploads\/2021\/01\/7c80c3e0-66c5-4ea7-a5be-767151665bfa.jpg 800w\" sizes=\"auto, (max-width: 201px) 100vw, 201px\" \/><\/a><strong><span style=\"color: #ff0000;\">LA PUNTATA DELLA SETTIMANA\u00a0 <\/span><\/strong>Laudato Medico \u00e8 il riconoscimento istituito per preservare l\u2019eredit\u00e0 umana del professor Umberto Veronesi: accoglienza, ascolto, comunicazione e vicinanza al paziente. Ogni anno, dal 1\u00b0 al 31 ottobre, le pazienti che hanno o hanno avuto il tumore al seno hanno segnalato i medici che gli sono stati pi\u00f9 vicino durante il percorso di cura. Rosanna D\u2019Antona, Presidente Europa Donna Italia<\/p>\n<audio class=\"wp-audio-shortcode\" id=\"audio-187597-12\" preload=\"none\" style=\"width: 100%;\" controls=\"controls\"><source type=\"audio\/mpeg\" src=\"https:\/\/www.radiopiu.net\/wordpress\/wp-content\/uploads\/2021\/01\/SALUTE-2.mp3?_=12\" \/><a href=\"https:\/\/www.radiopiu.net\/wordpress\/wp-content\/uploads\/2021\/01\/SALUTE-2.mp3\">https:\/\/www.radiopiu.net\/wordpress\/wp-content\/uploads\/2021\/01\/SALUTE-2.mp3<\/a><\/audio>\n<h3>LA RACCOLTA COMPLETA<\/h3>\n<blockquote class=\"wp-embedded-content\" data-secret=\"8qxUbK5nKC\"><p><a href=\"https:\/\/www.radiopiu.net\/wordpress\/saluteesocieta\/\">Salute e Societ\u00e0<\/a><\/p><\/blockquote>\n<p><iframe loading=\"lazy\" class=\"wp-embedded-content\" sandbox=\"allow-scripts\" security=\"restricted\" style=\"position: absolute; clip: rect(1px, 1px, 1px, 1px);\" title=\"&#8220;Salute e Societ\u00e0&#8221; &#8212; Radio Pi\u00f9\" src=\"https:\/\/www.radiopiu.net\/wordpress\/saluteesocieta\/embed\/#?secret=8qxUbK5nKC\" data-secret=\"8qxUbK5nKC\" width=\"600\" height=\"338\" frameborder=\"0\" marginwidth=\"0\" marginheight=\"0\" scrolling=\"no\"><\/iframe><\/p>\n<hr \/>\n<h2><\/h2>\n<h2><span style=\"color: #ff0000;\"><a href=\"https:\/\/www.radiopiu.net\/wordpress\/giornale-radiopiu-05-gennaio-2021-direttore-mirko-mezzacasa\/133200401_100838761953611_1258544160541445132_o-2\/\" rel=\"attachment wp-att-183078\"><img loading=\"lazy\" decoding=\"async\" class=\" wp-image-183078 alignleft\" src=\"https:\/\/www.radiopiu.net\/wordpress\/wp-content\/uploads\/2021\/01\/133200401_100838761953611_1258544160541445132_o-1-300x157.jpg\" alt=\"\" width=\"192\" height=\"101\" srcset=\"https:\/\/www.radiopiu.net\/wordpress\/wp-content\/uploads\/2021\/01\/133200401_100838761953611_1258544160541445132_o-1-300x157.jpg 300w, https:\/\/www.radiopiu.net\/wordpress\/wp-content\/uploads\/2021\/01\/133200401_100838761953611_1258544160541445132_o-1.jpg 526w\" sizes=\"auto, (max-width: 192px) 100vw, 192px\" \/><\/a>GOCCE DI FILOSOFIA, CON CHIARA CAU, CON LISA DE LUCA. <\/span><\/h2>\n<h2><span style=\"color: #ff0000;\">TUTTI I GIORNI DAL LUNEDI AL VENERDI ALLE 6.55 E ALLE 18.55<\/span><\/h2>\n<p><strong>PUNTATA 20<\/strong><\/p>\n<p>AUDIO<\/p>\n<audio class=\"wp-audio-shortcode\" id=\"audio-187597-13\" preload=\"none\" style=\"width: 100%;\" controls=\"controls\"><source type=\"audio\/mpeg\" src=\"https:\/\/www.radiopiu.net\/wordpress\/wp-content\/uploads\/2021\/01\/FI5-1.mp3?_=13\" \/><a href=\"https:\/\/www.radiopiu.net\/wordpress\/wp-content\/uploads\/2021\/01\/FI5-1.mp3\">https:\/\/www.radiopiu.net\/wordpress\/wp-content\/uploads\/2021\/01\/FI5-1.mp3<\/a><\/audio>\n<h3>LA RACCOLTA COMPLETA<\/h3>\n<blockquote class=\"wp-embedded-content\" data-secret=\"TJOd89cSNZ\"><p><a href=\"https:\/\/www.radiopiu.net\/wordpress\/gocce-filosofia\/\">Gocce di filosofia<\/a><\/p><\/blockquote>\n<p><iframe loading=\"lazy\" class=\"wp-embedded-content\" sandbox=\"allow-scripts\" security=\"restricted\" style=\"position: absolute; clip: rect(1px, 1px, 1px, 1px);\" title=\"&#8220;Gocce di filosofia&#8221; &#8212; Radio Pi\u00f9\" src=\"https:\/\/www.radiopiu.net\/wordpress\/gocce-filosofia\/embed\/#?secret=TJOd89cSNZ\" data-secret=\"TJOd89cSNZ\" width=\"600\" height=\"338\" frameborder=\"0\" marginwidth=\"0\" marginheight=\"0\" scrolling=\"no\"><\/iframe><\/p>\n<p>&nbsp;<\/p>\n<hr \/>\n<p>&nbsp;<\/p>\n<div class=\"im_message_wrap clearfix\">\n<div class=\"im_content_message_wrap im_message_out\">\n<h2><span style=\"color: #ff0000;\">IERI ALLA RADIO\u00a0 IN VIVO VERSO 2020-21<\/span><\/h2>\n<p><strong><span style=\"color: #0000ff;\">IN ONDA DAL LUNEDI AL VENERDI ALLE 7.10, 10.10, 18.50<\/span><\/strong><\/p>\n<blockquote class=\"wp-embedded-content\" data-secret=\"Rex5o5duWZ\"><p><a href=\"https:\/\/www.radiopiu.net\/wordpress\/te-l-casset-de-l-comodin-di-gianni-dal-poz-letto-da-italo-rualta\/\">TE &#8216;L CASSET DE &#8216;L COMODIN di GIANNI DAL POZ letto da ITALO RUALTA<\/a><\/p><\/blockquote>\n<p><iframe loading=\"lazy\" class=\"wp-embedded-content\" sandbox=\"allow-scripts\" security=\"restricted\" style=\"position: absolute; clip: rect(1px, 1px, 1px, 1px);\" title=\"&#8220;TE &#8216;L CASSET DE &#8216;L COMODIN di GIANNI DAL POZ letto da ITALO RUALTA&#8221; &#8212; Radio Pi\u00f9\" src=\"https:\/\/www.radiopiu.net\/wordpress\/te-l-casset-de-l-comodin-di-gianni-dal-poz-letto-da-italo-rualta\/embed\/#?secret=Rex5o5duWZ\" data-secret=\"Rex5o5duWZ\" width=\"600\" height=\"338\" frameborder=\"0\" marginwidth=\"0\" marginheight=\"0\" scrolling=\"no\"><\/iframe><\/p>\n<blockquote class=\"wp-embedded-content\" data-secret=\"nxA45uvg9X\"><p><a href=\"https:\/\/www.radiopiu.net\/wordpress\/in-vivo-verso\/\">In Vivo Verso<\/a><\/p><\/blockquote>\n<p><iframe loading=\"lazy\" class=\"wp-embedded-content\" sandbox=\"allow-scripts\" security=\"restricted\" style=\"position: absolute; clip: rect(1px, 1px, 1px, 1px);\" title=\"&#8220;In Vivo Verso&#8221; &#8212; Radio Pi\u00f9\" src=\"https:\/\/www.radiopiu.net\/wordpress\/in-vivo-verso\/embed\/#?secret=nxA45uvg9X\" data-secret=\"nxA45uvg9X\" width=\"600\" height=\"338\" frameborder=\"0\" marginwidth=\"0\" marginheight=\"0\" scrolling=\"no\"><\/iframe><\/p>\n<p>&nbsp;<\/p>\n<\/div>\n<\/div>\n<hr \/>\n<h3 class=\"kvgmc6g5 cxmmr5t8 oygrvhab hcukyx3x c1et5uql\"><span style=\"color: #0000ff;\">INFORMAZIONE il canale su TELEGRAM informazione di prima mano e in tempo reale. iscriviti ed aiutaci a farlo conoscere\u00a0<\/span><\/h3>\n<h2><a href=\"https:\/\/www.radiopiu.net\/wordpress\/capitali-della-cultura\/library-with-books_1063-98\/\" rel=\"attachment wp-att-186776\"><img loading=\"lazy\" decoding=\"async\" class=\"wp-image-186776 alignleft\" src=\"https:\/\/www.radiopiu.net\/wordpress\/wp-content\/uploads\/2021\/01\/library-with-books_1063-98-300x200.jpg\" alt=\"\" width=\"149\" height=\"99\" srcset=\"https:\/\/www.radiopiu.net\/wordpress\/wp-content\/uploads\/2021\/01\/library-with-books_1063-98-300x200.jpg 300w, https:\/\/www.radiopiu.net\/wordpress\/wp-content\/uploads\/2021\/01\/library-with-books_1063-98.jpg 626w\" sizes=\"auto, (max-width: 149px) 100vw, 149px\" \/><\/a>007 IN CONDOTTA CON LA PROF. MARIA ROSA SALMAZO IL LUNEDI ALLE 10,30 E ALLE 19.00 LA DOMENICA ALLE 8 DEL MATTINO. NONA STAGIONE<\/h2>\n<p><span style=\"color: #ff0000;\"><strong>LA PUNTATA DELLA SETTIMANA\u00a0<\/strong><\/span><\/p>\n<audio class=\"wp-audio-shortcode\" id=\"audio-187597-14\" preload=\"none\" style=\"width: 100%;\" controls=\"controls\"><source type=\"audio\/mpeg\" src=\"https:\/\/www.radiopiu.net\/wordpress\/wp-content\/uploads\/2020\/10\/007-condotta-25-gennaio.mp3?_=14\" \/><a href=\"https:\/\/www.radiopiu.net\/wordpress\/wp-content\/uploads\/2020\/10\/007-condotta-25-gennaio.mp3\">https:\/\/www.radiopiu.net\/wordpress\/wp-content\/uploads\/2020\/10\/007-condotta-25-gennaio.mp3<\/a><\/audio>\n<h2>LA RACCOLTA COMPLETA<\/h2>\n<blockquote class=\"wp-embedded-content\" data-secret=\"RETy0k7Ceu\"><p><a href=\"https:\/\/www.radiopiu.net\/wordpress\/007incondotta-9\/\">007 in condotta<\/a><\/p><\/blockquote>\n<p><iframe loading=\"lazy\" class=\"wp-embedded-content\" sandbox=\"allow-scripts\" security=\"restricted\" style=\"position: absolute; clip: rect(1px, 1px, 1px, 1px);\" title=\"&#8220;007 in condotta&#8221; &#8212; Radio Pi\u00f9\" src=\"https:\/\/www.radiopiu.net\/wordpress\/007incondotta-9\/embed\/#?secret=RETy0k7Ceu\" data-secret=\"RETy0k7Ceu\" width=\"600\" height=\"338\" frameborder=\"0\" marginwidth=\"0\" marginheight=\"0\" scrolling=\"no\"><\/iframe><\/p>\n<p>&nbsp;<\/p>\n<p>&nbsp;<\/p>\n<p>&nbsp;<\/p>\n<hr \/>\n<p>&nbsp;<\/p>\n<blockquote>\n<h2><a href=\"https:\/\/www.radiopiu.net\/wordpress\/speciale-solidarieta-veneto\/solidarieta-veneto-3\/\" rel=\"attachment wp-att-134366\"><img loading=\"lazy\" decoding=\"async\" class=\"wp-image-134366 alignleft\" src=\"https:\/\/www.radiopiu.net\/wordpress\/wp-content\/uploads\/2020\/05\/solidariet\u00e0-veneto-300x210.jpg\" alt=\"\" width=\"102\" height=\"71\" srcset=\"https:\/\/www.radiopiu.net\/wordpress\/wp-content\/uploads\/2020\/05\/solidariet\u00e0-veneto-300x210.jpg 300w, https:\/\/www.radiopiu.net\/wordpress\/wp-content\/uploads\/2020\/05\/solidariet\u00e0-veneto-1024x717.jpg 1024w, https:\/\/www.radiopiu.net\/wordpress\/wp-content\/uploads\/2020\/05\/solidariet\u00e0-veneto-768x538.jpg 768w, https:\/\/www.radiopiu.net\/wordpress\/wp-content\/uploads\/2020\/05\/solidariet\u00e0-veneto.jpg 1373w\" sizes=\"auto, (max-width: 102px) 100vw, 102px\" \/><\/a>SOLIDARIETA&#8217; VENETO FONDO PENSIONE, IN ONDA IL PRIMO VENERDI DEL MESE ALLE 10.30 E ALLE 19.00 QUINTA STAGIONE<\/h2>\n<\/blockquote>\n<p><strong>AUDIO<\/strong><\/p>\n<audio class=\"wp-audio-shortcode\" id=\"audio-187597-15\" preload=\"none\" style=\"width: 100%;\" controls=\"controls\"><source type=\"audio\/mpeg\" src=\"https:\/\/www.radiopiu.net\/wordpress\/wp-content\/uploads\/2020\/10\/solidarieta-veneto-gennaio.mp3?_=15\" \/><a href=\"https:\/\/www.radiopiu.net\/wordpress\/wp-content\/uploads\/2020\/10\/solidarieta-veneto-gennaio.mp3\">https:\/\/www.radiopiu.net\/wordpress\/wp-content\/uploads\/2020\/10\/solidarieta-veneto-gennaio.mp3<\/a><\/audio>\n<p>&nbsp;<\/p>\n<blockquote>\n<h2>RACCOLTA COMPLETA<\/h2>\n<\/blockquote>\n<blockquote class=\"wp-embedded-content\" data-secret=\"9ojyXGIyk1\"><p><a href=\"https:\/\/www.radiopiu.net\/wordpress\/solidarieta-veneto\/\">Solidariet\u00e0 Veneto<\/a><\/p><\/blockquote>\n<p><iframe loading=\"lazy\" class=\"wp-embedded-content\" sandbox=\"allow-scripts\" security=\"restricted\" style=\"position: absolute; clip: rect(1px, 1px, 1px, 1px);\" title=\"&#8220;Solidariet\u00e0 Veneto&#8221; &#8212; Radio Pi\u00f9\" src=\"https:\/\/www.radiopiu.net\/wordpress\/solidarieta-veneto\/embed\/#?secret=9ojyXGIyk1\" data-secret=\"9ojyXGIyk1\" width=\"600\" height=\"338\" frameborder=\"0\" marginwidth=\"0\" marginheight=\"0\" scrolling=\"no\"><\/iframe><\/p>\n<p>&nbsp;<\/p>\n<p>&nbsp;<\/p>\n<hr \/>\n<p>&nbsp;<\/p>\n<h2><span style=\"color: #808000;\">DUE MINUTI UN LIBRO\u00a0 TUTTI I GIORNI ALLA RADIO ALLE 9.30 E ALLE 18. QUINTA STAGIONE\u00a0<\/span><\/h2>\n<blockquote class=\"wp-embedded-content\" data-secret=\"67pwpjttUl\"><p><a href=\"https:\/\/www.radiopiu.net\/wordpress\/la-proposta-di-un-gentiluomo\/\">LA PROPOSTA DI UN GENTILUOMO<\/a><\/p><\/blockquote>\n<p><iframe loading=\"lazy\" class=\"wp-embedded-content\" sandbox=\"allow-scripts\" security=\"restricted\" style=\"position: absolute; clip: rect(1px, 1px, 1px, 1px);\" title=\"&#8220;LA PROPOSTA DI UN GENTILUOMO&#8221; &#8212; Radio Pi\u00f9\" src=\"https:\/\/www.radiopiu.net\/wordpress\/la-proposta-di-un-gentiluomo\/embed\/#?secret=67pwpjttUl\" data-secret=\"67pwpjttUl\" width=\"600\" height=\"338\" frameborder=\"0\" marginwidth=\"0\" marginheight=\"0\" scrolling=\"no\"><\/iframe><\/p>\n<h2>LA RACCOLTA COMPLETA<\/h2>\n<blockquote class=\"wp-embedded-content\" data-secret=\"e1OtELfOzg\"><p><a href=\"https:\/\/www.radiopiu.net\/wordpress\/due-minuti-un-libro\/\">Due minuti un libro<\/a><\/p><\/blockquote>\n<p><iframe loading=\"lazy\" class=\"wp-embedded-content\" sandbox=\"allow-scripts\" security=\"restricted\" style=\"position: absolute; clip: rect(1px, 1px, 1px, 1px);\" title=\"&#8220;Due minuti un libro&#8221; &#8212; Radio Pi\u00f9\" src=\"https:\/\/www.radiopiu.net\/wordpress\/due-minuti-un-libro\/embed\/#?secret=e1OtELfOzg\" data-secret=\"e1OtELfOzg\" width=\"600\" height=\"338\" frameborder=\"0\" marginwidth=\"0\" marginheight=\"0\" scrolling=\"no\"><\/iframe><\/p>\n<p>&nbsp;<\/p>\n<hr \/>\n<p>&nbsp;<\/p>\n<p>&nbsp;<\/p>\n<blockquote>\n<h2>CASSA SOLIDARIET\u00c0 LUXOTTICA<\/h2>\n<\/blockquote>\n<h3><strong><span style=\"color: #ff0000;\">IL NUMERO DI GENNAIO CON PAOLO CHISSALE&#8217; E FABRIZIO CAMPEDEL\u00a0\u00a0<\/span><\/strong><\/h3>\n<audio class=\"wp-audio-shortcode\" id=\"audio-187597-16\" preload=\"none\" style=\"width: 100%;\" controls=\"controls\"><source type=\"audio\/mpeg\" src=\"https:\/\/www.radiopiu.net\/wordpress\/wp-content\/uploads\/2021\/01\/ca-sol-lux-gennaio.mp3?_=16\" \/><a href=\"https:\/\/www.radiopiu.net\/wordpress\/wp-content\/uploads\/2021\/01\/ca-sol-lux-gennaio.mp3\">https:\/\/www.radiopiu.net\/wordpress\/wp-content\/uploads\/2021\/01\/ca-sol-lux-gennaio.mp3<\/a><\/audio>\n<blockquote>\n<h2>RACCOLTA COMPLETA<\/h2>\n<\/blockquote>\n<blockquote class=\"wp-embedded-content\" data-secret=\"gblyLDtkC1\"><p><a href=\"https:\/\/www.radiopiu.net\/wordpress\/cassa-solidarieta-luxottica-puntata-del-16-ottobre-2020\/\">CASSA SOLIDARIET\u00c0 LUXOTTICA &#8211; PUNTATA DEL 20 NOVEMBRE 2020<\/a><\/p><\/blockquote>\n<p><iframe loading=\"lazy\" class=\"wp-embedded-content\" sandbox=\"allow-scripts\" security=\"restricted\" style=\"position: absolute; clip: rect(1px, 1px, 1px, 1px);\" title=\"&#8220;CASSA SOLIDARIET\u00c0 LUXOTTICA &#8211; PUNTATA DEL 20 NOVEMBRE 2020&#8221; &#8212; Radio Pi\u00f9\" src=\"https:\/\/www.radiopiu.net\/wordpress\/cassa-solidarieta-luxottica-puntata-del-16-ottobre-2020\/embed\/#?secret=gblyLDtkC1\" data-secret=\"gblyLDtkC1\" width=\"600\" height=\"338\" frameborder=\"0\" marginwidth=\"0\" marginheight=\"0\" scrolling=\"no\"><\/iframe><\/p>\n<p>&nbsp;<\/p>\n<hr \/>\n<p>&nbsp;<\/p>\n<h2><span style=\"color: #ff0000;\">NUOVA PUNTATA 27 GENNAIO, CLICCA ED ENTRA NELLA RACCOLTA<\/span><\/h2>\n<audio class=\"wp-audio-shortcode\" id=\"audio-187597-17\" preload=\"none\" style=\"width: 100%;\" controls=\"controls\"><source type=\"audio\/mpeg\" src=\"https:\/\/www.radiopiu.net\/wordpress\/wp-content\/uploads\/2021\/01\/PAOLO.mp3?_=17\" \/><a href=\"https:\/\/www.radiopiu.net\/wordpress\/wp-content\/uploads\/2021\/01\/PAOLO.mp3\">https:\/\/www.radiopiu.net\/wordpress\/wp-content\/uploads\/2021\/01\/PAOLO.mp3<\/a><\/audio>\n<blockquote class=\"wp-embedded-content\" data-secret=\"4OPAa7wcJ1\"><p><a href=\"https:\/\/www.radiopiu.net\/wordpress\/184594-2\/\">CISL LA VOCE DEI LAVORATORI, CON PAOLO CHISSALE&#8217;<\/a><\/p><\/blockquote>\n<p><iframe loading=\"lazy\" class=\"wp-embedded-content\" sandbox=\"allow-scripts\" security=\"restricted\" style=\"position: absolute; clip: rect(1px, 1px, 1px, 1px);\" title=\"&#8220;CISL LA VOCE DEI LAVORATORI, CON PAOLO CHISSALE&#8217;&#8221; &#8212; Radio Pi\u00f9\" src=\"https:\/\/www.radiopiu.net\/wordpress\/184594-2\/embed\/#?secret=4OPAa7wcJ1\" data-secret=\"4OPAa7wcJ1\" width=\"600\" height=\"338\" frameborder=\"0\" marginwidth=\"0\" marginheight=\"0\" scrolling=\"no\"><\/iframe><\/p>\n<div>\n<p>&nbsp;<\/p>\n<p>&nbsp;<\/p>\n<hr \/>\n<p>&nbsp;<\/p>\n<h2><span style=\"color: #800080;\"><strong>LA RASSEGNA STAMPA DA L&#8217;AMICO DEL POPOLO\u00a0<\/strong><\/span><\/h2>\n<h3 class=\"kvgmc6g5 cxmmr5t8 oygrvhab hcukyx3x c1et5uql\"><span style=\"color: #0000ff;\"> INFORMAZIONE il canale su TELEGRAM informazione di prima mano e in tempo reale. iscriviti ed aiutaci a farlo conoscere\u00a0<\/span><\/h3>\n<p><strong>LA RACCOLTA COMPLETA<\/strong><\/p>\n<blockquote class=\"wp-embedded-content\" data-secret=\"tQZ7dJCAcF\"><p><a href=\"https:\/\/www.radiopiu.net\/wordpress\/rassegna-stampa-di-gianni-santomaso\/\">Rassegna stampa da l&#8217;amico del popolo &#8211; di Gianni Santomaso<\/a><\/p><\/blockquote>\n<p><iframe loading=\"lazy\" class=\"wp-embedded-content\" sandbox=\"allow-scripts\" security=\"restricted\" style=\"position: absolute; clip: rect(1px, 1px, 1px, 1px);\" title=\"&#8220;Rassegna stampa da l&#8217;amico del popolo &#8211; di Gianni Santomaso&#8221; &#8212; Radio Pi\u00f9\" src=\"https:\/\/www.radiopiu.net\/wordpress\/rassegna-stampa-di-gianni-santomaso\/embed\/#?secret=tQZ7dJCAcF\" data-secret=\"tQZ7dJCAcF\" width=\"600\" height=\"338\" frameborder=\"0\" marginwidth=\"0\" marginheight=\"0\" scrolling=\"no\"><\/iframe><\/p>\n<p>&nbsp;<\/p>\n<p>&nbsp;<\/p>\n<hr \/>\n<p>&nbsp;<\/p>\n<p>&nbsp;<\/p>\n<div>\n<h2><span style=\"color: #33cccc;\">I RACCONTI DI PAOLO SOPPELSA il lunedi alle 9.30 e 18.30<\/span><\/h2>\n<h3 class=\"kvgmc6g5 cxmmr5t8 oygrvhab hcukyx3x c1et5uql\"><span style=\"color: #0000ff;\">INFORMAZIONE il canale su TELEGRAM informazione di prima mano e in tempo reale. iscriviti ed aiutaci a farlo conoscere\u00a0<\/span><\/h3>\n<h2><span style=\"color: #33cccc;\"><strong>RACCOLTA COMPLETA<\/strong><\/span><\/h2>\n<blockquote class=\"wp-embedded-content\" data-secret=\"S49hAoLeYC\"><p><a href=\"https:\/\/www.radiopiu.net\/wordpress\/i-racconti-di-paolo-soppelsa\/\">I racconti di Paolo Soppelsa<\/a><\/p><\/blockquote>\n<p><iframe loading=\"lazy\" class=\"wp-embedded-content\" sandbox=\"allow-scripts\" security=\"restricted\" style=\"position: absolute; clip: rect(1px, 1px, 1px, 1px);\" title=\"&#8220;I racconti di Paolo Soppelsa&#8221; &#8212; Radio Pi\u00f9\" src=\"https:\/\/www.radiopiu.net\/wordpress\/i-racconti-di-paolo-soppelsa\/embed\/#?secret=S49hAoLeYC\" data-secret=\"S49hAoLeYC\" width=\"600\" height=\"338\" frameborder=\"0\" marginwidth=\"0\" marginheight=\"0\" scrolling=\"no\"><\/iframe><\/p>\n<\/div>\n<p>&nbsp;<\/p>\n<hr \/>\n<p>&nbsp;<\/p>\n<div>\n<h2><strong><a href=\"https:\/\/www.radiopiu.net\/wordpress\/giornale-radiopiu-27-gennaio-2021-direttore-mirko-mezzacasa\/142305304_1574729036048491_2041651557520315472_o\/\" rel=\"attachment wp-att-186985\"><img loading=\"lazy\" decoding=\"async\" class=\"size-medium wp-image-186985 alignleft\" src=\"https:\/\/www.radiopiu.net\/wordpress\/wp-content\/uploads\/2021\/01\/142305304_1574729036048491_2041651557520315472_o-213x300.jpg\" alt=\"\" width=\"213\" height=\"300\" srcset=\"https:\/\/www.radiopiu.net\/wordpress\/wp-content\/uploads\/2021\/01\/142305304_1574729036048491_2041651557520315472_o-213x300.jpg 213w, https:\/\/www.radiopiu.net\/wordpress\/wp-content\/uploads\/2021\/01\/142305304_1574729036048491_2041651557520315472_o.jpg 510w\" sizes=\"auto, (max-width: 213px) 100vw, 213px\" \/><\/a><\/strong><\/h2>\n<h2><\/h2>\n<h2><strong>LE\u00a0 PUNTATE di Luisa Alchini di Leggermente Bellunesi, la domenica alle 11, <span style=\"color: #0000ff;\">IL MARTEDI IN PRIMA EDIZIONE\u00a0<\/span> alle 10.30 e alle 19.00<\/strong><\/h2>\n<p><strong>LA PUNTATA DELLA SETTIMANA <\/strong>San Gregorio Nelle Alpi ha dato i natali ad un padre costituente: Manlio Pat, raccontanto nel libro a cura della figlia Francesca Pat.<\/p>\n<audio class=\"wp-audio-shortcode\" id=\"audio-187597-18\" preload=\"none\" style=\"width: 100%;\" controls=\"controls\"><source type=\"audio\/mpeg\" src=\"https:\/\/www.radiopiu.net\/wordpress\/wp-content\/uploads\/2021\/01\/16leggermentefrancescapat.mp3?_=18\" \/><a href=\"https:\/\/www.radiopiu.net\/wordpress\/wp-content\/uploads\/2021\/01\/16leggermentefrancescapat.mp3\">https:\/\/www.radiopiu.net\/wordpress\/wp-content\/uploads\/2021\/01\/16leggermentefrancescapat.mp3<\/a><\/audio>\n<h2><strong style=\"font-size: 14px;\"><span style=\"color: #000000;\">RACCOLTA COMPLETA<\/span><\/strong><\/h2>\n<\/div>\n<blockquote class=\"wp-embedded-content\" data-secret=\"NiLg96aqoZ\"><p><a href=\"https:\/\/www.radiopiu.net\/wordpress\/leggermente-20\/\">LEGGERmente&#8230;Bellunesi<\/a><\/p><\/blockquote>\n<p><iframe loading=\"lazy\" class=\"wp-embedded-content\" sandbox=\"allow-scripts\" security=\"restricted\" style=\"position: absolute; clip: rect(1px, 1px, 1px, 1px);\" title=\"&#8220;LEGGERmente&#8230;Bellunesi&#8221; &#8212; Radio Pi\u00f9\" src=\"https:\/\/www.radiopiu.net\/wordpress\/leggermente-20\/embed\/#?secret=NiLg96aqoZ\" data-secret=\"NiLg96aqoZ\" width=\"600\" height=\"338\" frameborder=\"0\" marginwidth=\"0\" marginheight=\"0\" scrolling=\"no\"><\/iframe><\/p>\n<hr \/>\n<p>&nbsp;<\/p>\n<blockquote>\n<h3><a href=\"https:\/\/www.radiopiu.net\/wordpress\/almanacco-ladino-puntata-5-2020\/sn\/\" rel=\"attachment wp-att-180931\"><img loading=\"lazy\" decoding=\"async\" class=\"wp-image-180931 alignleft\" src=\"https:\/\/www.radiopiu.net\/wordpress\/wp-content\/uploads\/2020\/12\/sn-300x194.jpg\" alt=\"\" width=\"181\" height=\"117\" srcset=\"https:\/\/www.radiopiu.net\/wordpress\/wp-content\/uploads\/2020\/12\/sn-300x194.jpg 300w, https:\/\/www.radiopiu.net\/wordpress\/wp-content\/uploads\/2020\/12\/sn.jpg 626w\" sizes=\"auto, (max-width: 181px) 100vw, 181px\" \/><\/a>L&#8217;ALMANACCO LADINO CON L&#8217;ISTITUT CESA DE JAN QUINDICINALE APPUNTAMENTO. LA DOMENICA ALLE 9 IL LUNEDI ALLE 8.35 IL MARTEDI ALLE 12.35 IL MERCOLEDI ALLE 18.35. SECONDA STAGIONE.<\/h3>\n<\/blockquote>\n<p>&nbsp;<\/p>\n<p><strong>RACCOLTA COMPLETA\u00a0<\/strong><\/p>\n<blockquote class=\"wp-embedded-content\" data-secret=\"2WO0rY2kkm\"><p><a href=\"https:\/\/www.radiopiu.net\/wordpress\/almanacco-ladino\/\">Almanacco Ladino<\/a><\/p><\/blockquote>\n<p><iframe loading=\"lazy\" class=\"wp-embedded-content\" sandbox=\"allow-scripts\" security=\"restricted\" style=\"position: absolute; clip: rect(1px, 1px, 1px, 1px);\" title=\"&#8220;Almanacco Ladino&#8221; &#8212; Radio Pi\u00f9\" src=\"https:\/\/www.radiopiu.net\/wordpress\/almanacco-ladino\/embed\/#?secret=2WO0rY2kkm\" data-secret=\"2WO0rY2kkm\" width=\"600\" height=\"338\" frameborder=\"0\" marginwidth=\"0\" marginheight=\"0\" scrolling=\"no\"><\/iframe><\/p>\n<p>&nbsp;<\/p>\n<\/div>\n<hr \/>\n<div>\n<h2><span style=\"color: #000080;\"><a class=\"dt-pswp-item\" href=\"https:\/\/www.radiopiu.net\/wordpress\/wp-content\/uploads\/2020\/10\/pp.jpg\" data-dt-img-description=\"\" data-large_image_width=\"640\" data-large_image_height=\"640\"><img loading=\"lazy\" decoding=\"async\" class=\"wp-image-163678 alignleft\" src=\"https:\/\/www.radiopiu.net\/wordpress\/wp-content\/uploads\/2020\/10\/pp-300x300.jpg\" alt=\"\" width=\"106\" height=\"106\" srcset=\"https:\/\/www.radiopiu.net\/wordpress\/wp-content\/uploads\/2020\/10\/pp-300x300.jpg 300w, https:\/\/www.radiopiu.net\/wordpress\/wp-content\/uploads\/2020\/10\/pp-150x150.jpg 150w, https:\/\/www.radiopiu.net\/wordpress\/wp-content\/uploads\/2020\/10\/pp-125x125.jpg 125w, https:\/\/www.radiopiu.net\/wordpress\/wp-content\/uploads\/2020\/10\/pp-200x200.jpg 200w, https:\/\/www.radiopiu.net\/wordpress\/wp-content\/uploads\/2020\/10\/pp-80x80.jpg 80w, https:\/\/www.radiopiu.net\/wordpress\/wp-content\/uploads\/2020\/10\/pp-480x480.jpg 480w, https:\/\/www.radiopiu.net\/wordpress\/wp-content\/uploads\/2020\/10\/pp.jpg 640w\" sizes=\"auto, (max-width: 106px) 100vw, 106px\" \/><\/a> <\/span><\/h2>\n<h2><span style=\"color: #000080;\">DON CESARE, IL PENSIERO DEL GIORNO. ALLA RADIO ALLE 7 DEL MATTINO E ALLE 19.30 DELLA SERA.\u00a0\u00a0<\/span><\/h2>\n<p>&nbsp;<\/p>\n<\/div>\n<audio class=\"wp-audio-shortcode\" id=\"audio-187597-19\" preload=\"none\" style=\"width: 100%;\" controls=\"controls\"><source type=\"audio\/mpeg\" src=\"https:\/\/www.radiopiu.net\/wordpress\/wp-content\/uploads\/2021\/01\/CESARE-22.mp3?_=19\" \/><a href=\"https:\/\/www.radiopiu.net\/wordpress\/wp-content\/uploads\/2021\/01\/CESARE-22.mp3\">https:\/\/www.radiopiu.net\/wordpress\/wp-content\/uploads\/2021\/01\/CESARE-22.mp3<\/a><\/audio>\n<hr \/>\n<p>&nbsp;<\/p>\n<div>\n<p class=\"photoswipe-wrapper\"><a class=\"dt-pswp-item pspw-wrap-ready\" href=\"https:\/\/i0.wp.com\/www.radiopiu.net\/wordpress\/wp-content\/uploads\/2018\/09\/viabilita.jpeg?ssl=1\" data-dt-img-description=\"\" data-large_image_width=\"800\" data-large_image_height=\"100\"><img loading=\"lazy\" decoding=\"async\" class=\"aligncenter wp-image-61954 size-full\" src=\"https:\/\/i0.wp.com\/www.radiopiu.net\/wordpress\/wp-content\/uploads\/2018\/09\/viabilita.jpeg?resize=800%2C100&amp;ssl=1\" sizes=\"auto, (max-width: 800px) 100vw, 800px\" srcset=\"https:\/\/i0.wp.com\/www.radiopiu.net\/wordpress\/wp-content\/uploads\/2018\/09\/viabilita.jpeg?w=800&amp;ssl=1 800w, https:\/\/i0.wp.com\/www.radiopiu.net\/wordpress\/wp-content\/uploads\/2018\/09\/viabilita.jpeg?resize=300%2C38&amp;ssl=1 300w, https:\/\/i0.wp.com\/www.radiopiu.net\/wordpress\/wp-content\/uploads\/2018\/09\/viabilita.jpeg?resize=768%2C96&amp;ssl=1 768w\" alt=\"\" width=\"800\" height=\"100\" \/><\/a><\/p>\n<\/div>\n<p>&nbsp;<\/p>\n<p><strong>SP 473 DI CROCE D&#8217;AUNE<\/strong> interruzioni al traffico della durata massima di 20 minuti tra Ponte Otra e Sovramonte dal 26 al 29 gennaio, dalle 8:30 alle 17, per consentire taglio alberature pericolose e messa in sicurezza della strada<\/p>\n<p><strong>SP 1 MADONNA DEL PIAVE <\/strong>senso unico alternato regolato da semaforo fino al 15 gennaio in comune di Quero Vas per realizzazione tombinatura<\/p>\n<p><strong>SP 42 CAVALLERA<\/strong> fino a revoca, chiusura della strada nell&#8217;abitato di Perarolo per attivazione emergenza frana &#8220;Busa del Cristo&#8221;<\/p>\n<p><strong>S.P.2 DELLA VALLE DEL MIS\u00a0<\/strong>Interdizione totale al traffico fino a revoca dal km 14,920 (localit\u00e0 Gona Bassa) al km 20,650 (localit\u00e0 Titele) per cedimento della carreggiata<\/p>\n<p><strong>S.P. 5 DI LAMOSANO<\/strong>\u00a0Interdizione totale fino a revoca per presenza di materiale e alberi in strada.<\/p>\n<p><strong>S.P. 251 DI VAL DI ZOLDO E VAL CELLINA\u00a0<\/strong>dalla localit\u00e0 Soffranco fino all&#8217;imbocco nord della galleria S. Giovanni interdizione totale al transito per cedimento della carreggiata<\/p>\n<p><strong>SP 3 DELLA VAL IMPERINA<\/strong> fino a revoca, senso unico alternato regolato a vista in localit\u00e0 Gona di Conedera di Rivamonte per cedimento della carreggiata stradale<\/p>\n<p>&nbsp;<\/p>\n<div>\n<hr \/>\n<p>&nbsp;<\/p>\n<p class=\"photoswipe-wrapper\"><a class=\"dt-pswp-item pspw-wrap-ready\" href=\"https:\/\/i0.wp.com\/www.radiopiu.net\/wordpress\/wp-content\/uploads\/2018\/09\/WhatsApp-Image-2018-09-20-at-16.04.06.jpeg?ssl=1\" data-dt-img-description=\"\" data-large_image_width=\"800\" data-large_image_height=\"100\"><img loading=\"lazy\" decoding=\"async\" class=\"aligncenter wp-image-61378 size-full jetpack-lazy-image jetpack-lazy-image--handled\" src=\"https:\/\/i0.wp.com\/www.radiopiu.net\/wordpress\/wp-content\/uploads\/2018\/09\/WhatsApp-Image-2018-09-20-at-16.04.06.jpeg?resize=800%2C100&amp;ssl=1\" sizes=\"auto, (max-width: 800px) 100vw, 800px\" srcset=\"https:\/\/i0.wp.com\/www.radiopiu.net\/wordpress\/wp-content\/uploads\/2018\/09\/WhatsApp-Image-2018-09-20-at-16.04.06.jpeg?w=800&amp;ssl=1 800w, https:\/\/i0.wp.com\/www.radiopiu.net\/wordpress\/wp-content\/uploads\/2018\/09\/WhatsApp-Image-2018-09-20-at-16.04.06.jpeg?resize=300%2C38&amp;ssl=1 300w, https:\/\/i0.wp.com\/www.radiopiu.net\/wordpress\/wp-content\/uploads\/2018\/09\/WhatsApp-Image-2018-09-20-at-16.04.06.jpeg?resize=768%2C96&amp;ssl=1 768w\" alt=\"\" width=\"800\" height=\"100\" data-lazy-loaded=\"1\" \/><\/a><\/p>\n<p><b>Sabato 30<\/b> <b>Tempo atteso: <\/b>Al mattino ampi tratti soleggiati, poi crescente nuvolosit\u00e0 di tipo stratiforme medio-alta. Al pomeriggio\/sera ulteriore aumento della nuvolosit\u00e0 fino a cielo del tutto coperto. Alla sera peggioramento del tempo a partire da ovest. Contesto termico un po&#8217; pi\u00f9 fresco in giornata e soprattutto alla sera.<br \/>\n<b>Precipitazioni: <\/b>Fino a met\u00e0 pomeriggio assenti (0%); verso sera precipitazioni aumento della probabilit\u00e0 fino ad alta (75-100%) di precipitazioni inizialmente deboli e sparse, poi nella notte diffuse e di moderata intensit\u00e0, in rapida estensione da ovest verso est, nevose inizialmente sopra i 1200\/1400 m, in abbassamento fino sui 800\/1000 m entro fine giornata.<br \/>\n<b>Temperature: <\/b>Minime nelle valli generalmente stazionarie con qualche locale variazione, in quota in diminuzione; massime in lieve o contenuto aumento. Su Prealpi a 1500 m min -1\u00b0C max 6\u00b0C, a 2000 m min -3\u00b0C max 4\u00b0C. Su Dolomiti a 2000 m min -4\u00b0C max 3\u00b0C, a 3000 m min -9\u00b0C max -3\u00b0C.<br \/>\n<b>Venti: <\/b>Deboli di direzione variabile nelle valli; in quota moderati\/tesi anche forti da nord-ovest al mattino, in attenuazione e in rotazione da ovest, sud-ovest dalle ore centrali, a 20-30 km\/h a 2000 m e a 30-50 km\/h a 3000 m.<\/p>\n<hr \/>\n<p><b>Domenica 31<\/b> <b>Tempo atteso: <\/b>Maltempo tra la notte e le ore centrali del giorno con estese precipitazioni, moderate su Dolomiti meridionali e Prealpi, pi\u00f9 deboli sulle Dolomiti settentrionali. Il limite neve sar\u00e0 sugli 800\/1000 m. Al pomeriggio esaurimento delle precipitazioni, ma il cielo rimarr\u00e0 assai nuvoloso con brevi schiarite. Temperature minime in aumento nelle valli e in calo in quota; massime in leggera flessione. Venti in quota tesi\/forti da nord-est a inizio giornata, poi in attenuazione disponendosi da ovest sud-ovest nel pomeriggio\/sera;<br \/>\n<b>Precipitazioni: <\/b>Al mattino probabilit\u00e0 alta (75-100%) di precipitazioni diffuse e in prevalenza di moderata intensit\u00e0, nevose oltre gli 800-1000m; sono previsti mediamente tra i 10 e i 15 cm di neve fresca oltre i 1000m, quantitativi leggermente superiori oltre i 1500 m.<br \/>\n<b>Temperature: <\/b>Minime in lieve o contenuta diminuzione in alta montagna e raggiunte a fine giornata, in aumento nelle valli, massime in diminuzione. Su Prealpi a 1500 m min -2\u00b0C max 3\u00b0C, a 2000 m min -4\u00b0C max 0\u00b0C. Su Dolomiti a 2000 m min -4\u00b0C max 0\u00b0C, a 3000 m min -10\u00b0C max -6\u00b0C.<br \/>\n<b>Venti: <\/b>Deboli o moderati di direzione variabile nelle valli con qualche episodio di Foehn; in quota moderati\/tesi dai quadranti meridionali al mattino, in attenuazione disponendosi dai quadranti settentrionali dalle ore centrali, a 10-25 km\/h a 2000 m e 20-35 km\/h a 3000 m.<\/p>\n<hr \/>\n<p><b>Lunedi 1<\/b>Tempo variabile con cielo in prevalenza nuvoloso con debole neve ventata sulle cime e qualche fiocco fino sui 700\/800 m, ma si tratter\u00e0 di precipitazioni irrilevanti. Temperature in calo, in maniera pi\u00f9 sensibile in quota. Venti deboli di direzione variabile nelle valli; deboli\/moderati dai quadranti occidentali in quota.<\/p>\n<hr \/>\n<p><b>Martedi 2<\/b>Tempo soleggiato, a tratti parzialmente soleggiato, e senza precipitazioni. Temperature in ripresa, specie in quota. Clima diurno meno freddo, specie in alta montagna.<\/p>\n<p>&nbsp;<\/p>\n<p>&nbsp;<\/p>\n<hr \/>\n<p>&nbsp;<\/p>\n<\/div>\n<\/div>\n<p><a href=\"https:\/\/www.radiopiu.net\/wordpress\/giornale-radiopiu-15-settembre-2018-direttore-mirko-mezzacasa\/sport-7\/\" rel=\"attachment wp-att-60761\"><img loading=\"lazy\" decoding=\"async\" class=\"aligncenter wp-image-60761 size-full\" src=\"https:\/\/www.radiopiu.net\/wordpress\/wp-content\/uploads\/2018\/09\/sport.jpg\" alt=\"\" width=\"800\" height=\"100\" srcset=\"https:\/\/www.radiopiu.net\/wordpress\/wp-content\/uploads\/2018\/09\/sport.jpg 800w, https:\/\/www.radiopiu.net\/wordpress\/wp-content\/uploads\/2018\/09\/sport-300x38.jpg 300w, https:\/\/www.radiopiu.net\/wordpress\/wp-content\/uploads\/2018\/09\/sport-768x96.jpg 768w\" sizes=\"auto, (max-width: 800px) 100vw, 800px\" \/><\/a><\/p>\n<p>&nbsp;<\/p>\n<p>&nbsp;<\/p>\n<blockquote>\n<h2>48^ MARCIALONGA &#8211; 48 BELLUNESI AL VIA. CIAO GIGI.<\/h2>\n<\/blockquote>\n<p>&nbsp;<\/p>\n<p><em>Comunque vada, una Marcialonga da&#8230; Gigi\u00a0 ricordare<\/em><\/p>\n<p><a class=\"dt-pswp-item\" href=\"https:\/\/www.radiopiu.net\/wordpress\/wp-content\/uploads\/2021\/01\/122408211_3602290506565989_4634640858319104899_o.jpg\" data-dt-img-description=\"\" data-large_image_width=\"1333\" data-large_image_height=\"1333\"><img loading=\"lazy\" decoding=\"async\" class=\"wp-image-187936 alignleft\" src=\"https:\/\/www.radiopiu.net\/wordpress\/wp-content\/uploads\/2021\/01\/122408211_3602290506565989_4634640858319104899_o-300x300.jpg\" alt=\"\" width=\"134\" height=\"134\" srcset=\"https:\/\/www.radiopiu.net\/wordpress\/wp-content\/uploads\/2021\/01\/122408211_3602290506565989_4634640858319104899_o-300x300.jpg 300w, https:\/\/www.radiopiu.net\/wordpress\/wp-content\/uploads\/2021\/01\/122408211_3602290506565989_4634640858319104899_o-1024x1024.jpg 1024w, https:\/\/www.radiopiu.net\/wordpress\/wp-content\/uploads\/2021\/01\/122408211_3602290506565989_4634640858319104899_o-150x150.jpg 150w, https:\/\/www.radiopiu.net\/wordpress\/wp-content\/uploads\/2021\/01\/122408211_3602290506565989_4634640858319104899_o-768x768.jpg 768w, https:\/\/www.radiopiu.net\/wordpress\/wp-content\/uploads\/2021\/01\/122408211_3602290506565989_4634640858319104899_o.jpg 1333w\" sizes=\"auto, (max-width: 134px) 100vw, 134px\" \/> <\/a><\/p>\n<p><strong>TAIBON<\/strong> Domani alle 8 via alla Marcialonga anche per 48 bellunesi,\u00a0 su un percorso modificato per evitare gli assembramenti nei centri abitati. La presentazione affidata a Claudio Fontanive con un saluto particolare al &#8220;senatore&#8221; Ivo Andrich che quest&#8217;anno non sar\u00e0 al via<\/p>\n<audio class=\"wp-audio-shortcode\" id=\"audio-187597-20\" preload=\"none\" style=\"width: 100%;\" controls=\"controls\"><source type=\"audio\/mpeg\" src=\"https:\/\/www.radiopiu.net\/wordpress\/wp-content\/uploads\/2021\/01\/marcialonga-sabato.mp3?_=20\" \/><a href=\"https:\/\/www.radiopiu.net\/wordpress\/wp-content\/uploads\/2021\/01\/marcialonga-sabato.mp3\">https:\/\/www.radiopiu.net\/wordpress\/wp-content\/uploads\/2021\/01\/marcialonga-sabato.mp3<\/a><\/audio>\n<p>&nbsp;<\/p>\n<p>&nbsp;<\/p>\n<blockquote>\n<h1>LA MARCIALONGA, CON DAVIDE STOFFIE<\/h1>\n<\/blockquote>\n<p><a href=\"https:\/\/www.radiopiu.net\/wordpress\/gli-speciali-della-settimana-la-fanfara-ad-agordo-alessio-cremonese-manifattura-valcismon-viaggi-con-raika-fagherazzi-marcialonga-con-davide-stoffie\/partenza_della_marcialonga_1991\/\" rel=\"attachment wp-att-80062\"><img loading=\"lazy\" decoding=\"async\" class=\"size-full wp-image-80062 alignleft\" src=\"https:\/\/www.radiopiu.net\/wordpress\/wp-content\/uploads\/2019\/03\/Partenza_della_Marcialonga_1991.jpg\" alt=\"\" width=\"220\" height=\"149\" \/><\/a>di Claudio Fontanive<\/p>\n<audio class=\"wp-audio-shortcode\" id=\"audio-187597-21\" preload=\"none\" style=\"width: 100%;\" controls=\"controls\"><source type=\"audio\/mpeg\" src=\"https:\/\/www.radiopiu.net\/wordpress\/wp-content\/uploads\/2020\/10\/davide-stoffie.mp3?_=21\" \/><a href=\"https:\/\/www.radiopiu.net\/wordpress\/wp-content\/uploads\/2020\/10\/davide-stoffie.mp3\">https:\/\/www.radiopiu.net\/wordpress\/wp-content\/uploads\/2020\/10\/davide-stoffie.mp3<\/a><\/audio>\n<p>&nbsp;<\/p>\n<hr \/>\n<p>&nbsp;<\/p>\n<blockquote>\n<h3>STASERA AL DE TONI ARRIVA LA CAPOLISTA MERANO<\/h3>\n<\/blockquote>\n<p><strong><a href=\"https:\/\/www.radiopiu.net\/wordpress\/calcio-hockey-il-fine-settimana-sportivo-seguito-da-radio-piu\/hockey-porta\/\" rel=\"attachment wp-att-71539\"><img loading=\"lazy\" decoding=\"async\" class=\"size-medium wp-image-71539 alignleft\" src=\"https:\/\/www.radiopiu.net\/wordpress\/wp-content\/uploads\/2019\/01\/HOCKEY-PORTA-300x150.jpg\" alt=\"\" width=\"300\" height=\"150\" srcset=\"https:\/\/www.radiopiu.net\/wordpress\/wp-content\/uploads\/2019\/01\/HOCKEY-PORTA-300x150.jpg 300w, https:\/\/www.radiopiu.net\/wordpress\/wp-content\/uploads\/2019\/01\/HOCKEY-PORTA-768x384.jpg 768w, https:\/\/www.radiopiu.net\/wordpress\/wp-content\/uploads\/2019\/01\/HOCKEY-PORTA-1024x512.jpg 1024w, https:\/\/www.radiopiu.net\/wordpress\/wp-content\/uploads\/2019\/01\/HOCKEY-PORTA.jpg 2000w\" sizes=\"auto, (max-width: 300px) 100vw, 300px\" \/><\/a>ALLEGHE <\/strong>Stasera \u00e8 in programma la sfida tra Alleghe e Merano al De Toni. Ingaggio alle 20:30 con diretta su Radio Piu&#8217; con &#8220;Hockey Al Punto Giusto&#8221;<\/p>\n<p><strong>LA PRESENTAZIONE A CURA DI ROBERTO MIANA<\/strong><\/p>\n<audio class=\"wp-audio-shortcode\" id=\"audio-187597-22\" preload=\"none\" style=\"width: 100%;\" controls=\"controls\"><source type=\"audio\/mpeg\" src=\"https:\/\/www.radiopiu.net\/wordpress\/wp-content\/uploads\/2021\/01\/ROBERTO-MIANA-ALLEGHE-MERANO.mp3?_=22\" \/><a href=\"https:\/\/www.radiopiu.net\/wordpress\/wp-content\/uploads\/2021\/01\/ROBERTO-MIANA-ALLEGHE-MERANO.mp3\">https:\/\/www.radiopiu.net\/wordpress\/wp-content\/uploads\/2021\/01\/ROBERTO-MIANA-ALLEGHE-MERANO.mp3<\/a><\/audio>\n<p>&nbsp;<\/p>\n<blockquote>\n<h3>SCI ALPINO &#8211; EDOARDO BALDO BRONZO NELLO SLALOM DELLA FASE INTERNAZIONALE ALPE CIMBRA<\/h3>\n<\/blockquote>\n<p><a href=\"https:\/\/www.radiopiu.net\/wordpress\/giornale-radiopiu-30-gennaio-2021-direttore-mirko-mezzacasa\/edoardo-baldo-3-slalom-internazinale-alpe-cimbra-credito-gianni-tomazzoni\/\" rel=\"attachment wp-att-187919\"><img loading=\"lazy\" decoding=\"async\" class=\"wp-image-187919 alignleft\" src=\"https:\/\/www.radiopiu.net\/wordpress\/wp-content\/uploads\/2021\/01\/edoardo-baldo-3.-slalom-internazinale-alpe-cimbra-credito-gianni-tomazzoni-300x200.jpg\" alt=\"\" width=\"210\" height=\"140\" srcset=\"https:\/\/www.radiopiu.net\/wordpress\/wp-content\/uploads\/2021\/01\/edoardo-baldo-3.-slalom-internazinale-alpe-cimbra-credito-gianni-tomazzoni-300x200.jpg 300w, https:\/\/www.radiopiu.net\/wordpress\/wp-content\/uploads\/2021\/01\/edoardo-baldo-3.-slalom-internazinale-alpe-cimbra-credito-gianni-tomazzoni-1024x683.jpg 1024w, https:\/\/www.radiopiu.net\/wordpress\/wp-content\/uploads\/2021\/01\/edoardo-baldo-3.-slalom-internazinale-alpe-cimbra-credito-gianni-tomazzoni-768x512.jpg 768w, https:\/\/www.radiopiu.net\/wordpress\/wp-content\/uploads\/2021\/01\/edoardo-baldo-3.-slalom-internazinale-alpe-cimbra-credito-gianni-tomazzoni.jpg 1417w\" sizes=\"auto, (max-width: 210px) 100vw, 210px\" \/><\/a>Grandissimo risultato\u00a0 per Edoardo Baldo (<em>in azione nella foto di Gianni Tomazzoni<\/em>) a Folgaria, nella prima giornata di gare individuali dell\u2019Alpe Cimbra Fis Children Cup: il portacolori dello Sci club Cortina, allenato da Edoardo Zardini e da Michele Garbin, ha conquistato il terzo posto nello slalom Allievi. Un alloro di assoluto prestigio che si affianca ai due podi (argento e bronzo) ottenuti nella fase nazionale e alla vittoria nel team event di mercoled\u00ec.<\/p>\n<p><a href=\"http:\/\/sci.ficr.it\/live\/index.php?c=252&amp;curManche=1&amp;anno=2021\">Qui<\/a>\u00a0la classifica.<\/p>\n","protected":false},"excerpt":{"rendered":"<p>FOTO COPERTINA ARCHIVIO GIORGIO FONTANIVE, ODDONE ZASSO &#8220;TOPO&#8221; CON IL PRESIDENTE DI LUXOTTICA LEONARDO DEL VECCHIO PER RICEVERE QUESTO NOTIZIARIO DIRETTAMENTE SUL TUO CELLULARE ISCRIVITI AL CANALE TELEGRAM \u201cRADIO PIU\u00a0 INFORMAZIONE&#8221;\u00a0 SUPERATI I 3000 ISCRITTI, il CANALE TELEGRAM&#8230; UNISCITI A: RADIO PIU INFORMAZIONE &nbsp; ATTENZIONE: LA NUOVA APP PER IOS-IPHONE di Nicola Vettorello https:\/\/apps.apple.com\/it\/app\/radio-pi%C3%B9-emittente-agordina\/id1515939845 ATTENZIONE:&hellip;<\/p>\n","protected":false},"author":4,"featured_media":187856,"comment_status":"closed","ping_status":"closed","sticky":false,"template":"","format":"standard","meta":{"_monsterinsights_skip_tracking":false,"_monsterinsights_sitenote_active":false,"_monsterinsights_sitenote_note":"","_monsterinsights_sitenote_category":0,"footnotes":""},"categories":[1,51,86,49],"tags":[],"class_list":["post-187597","post","type-post","status-publish","format-standard","has-post-thumbnail","hentry","category-senza-categoria","category-evidenza-top","category-gr","category-news-18","category-1","category-51","category-86","category-49","description-off"],"img_url":"https:\/\/www.radiopiu.net\/wordpress\/wp-content\/uploads\/2021\/01\/4-In-montagna-con-Del-Vecchio.jpg","_links":{"self":[{"href":"https:\/\/www.radiopiu.net\/wordpress\/wp-json\/wp\/v2\/posts\/187597","targetHints":{"allow":["GET"]}}],"collection":[{"href":"https:\/\/www.radiopiu.net\/wordpress\/wp-json\/wp\/v2\/posts"}],"about":[{"href":"https:\/\/www.radiopiu.net\/wordpress\/wp-json\/wp\/v2\/types\/post"}],"author":[{"embeddable":true,"href":"https:\/\/www.radiopiu.net\/wordpress\/wp-json\/wp\/v2\/users\/4"}],"replies":[{"embeddable":true,"href":"https:\/\/www.radiopiu.net\/wordpress\/wp-json\/wp\/v2\/comments?post=187597"}],"version-history":[{"count":0,"href":"https:\/\/www.radiopiu.net\/wordpress\/wp-json\/wp\/v2\/posts\/187597\/revisions"}],"wp:featuredmedia":[{"embeddable":true,"href":"https:\/\/www.radiopiu.net\/wordpress\/wp-json\/wp\/v2\/media\/187856"}],"wp:attachment":[{"href":"https:\/\/www.radiopiu.net\/wordpress\/wp-json\/wp\/v2\/media?parent=187597"}],"wp:term":[{"taxonomy":"category","embeddable":true,"href":"https:\/\/www.radiopiu.net\/wordpress\/wp-json\/wp\/v2\/categories?post=187597"},{"taxonomy":"post_tag","embeddable":true,"href":"https:\/\/www.radiopiu.net\/wordpress\/wp-json\/wp\/v2\/tags?post=187597"}],"curies":[{"name":"wp","href":"https:\/\/api.w.org\/{rel}","templated":true}]}}