{"id":187662,"date":"2021-01-29T11:02:39","date_gmt":"2021-01-29T10:02:39","guid":{"rendered":"https:\/\/www.radiopiu.net\/wordpress\/?p=187662"},"modified":"2021-01-29T11:02:40","modified_gmt":"2021-01-29T10:02:40","slug":"oggi-alle-14-30-i-funerali-di-massimo-de-vallier","status":"publish","type":"post","link":"https:\/\/www.radiopiu.net\/wordpress\/oggi-alle-14-30-i-funerali-di-massimo-de-vallier\/","title":{"rendered":"OGGI ALLE 14.30 I FUNERALI DI MASSIMO DE VALLIER"},"content":{"rendered":"<p><strong><a href=\"https:\/\/www.radiopiu.net\/wordpress\/oggi-alle-14-30-i-funerali-di-massimo-de-vallier\/0a4ee41b-eb8a-49d1-addc-8dd6ac5a8af9\/\" rel=\"attachment wp-att-187663\"><img loading=\"lazy\" decoding=\"async\" class=\" wp-image-187663 alignleft\" src=\"https:\/\/www.radiopiu.net\/wordpress\/wp-content\/uploads\/2021\/01\/0a4ee41b-eb8a-49d1-addc-8dd6ac5a8af9-135x300.jpg\" alt=\"\" width=\"118\" height=\"262\" srcset=\"https:\/\/www.radiopiu.net\/wordpress\/wp-content\/uploads\/2021\/01\/0a4ee41b-eb8a-49d1-addc-8dd6ac5a8af9-135x300.jpg 135w, https:\/\/www.radiopiu.net\/wordpress\/wp-content\/uploads\/2021\/01\/0a4ee41b-eb8a-49d1-addc-8dd6ac5a8af9-461x1024.jpg 461w, https:\/\/www.radiopiu.net\/wordpress\/wp-content\/uploads\/2021\/01\/0a4ee41b-eb8a-49d1-addc-8dd6ac5a8af9-691x1536.jpg 691w, https:\/\/www.radiopiu.net\/wordpress\/wp-content\/uploads\/2021\/01\/0a4ee41b-eb8a-49d1-addc-8dd6ac5a8af9.jpg 720w\" sizes=\"auto, (max-width: 118px) 100vw, 118px\" \/><\/a>ROCCA PIETORE<\/strong> Si terranno oggi alle 14.30 in chiesa a Rocca Pietore i funerali di Massimo De Vallier, 64 anni, improvvisamente mancato all&#8217;affetto dei sui cari, della moglie Claudia, figlio Marco, la mamma, i fratelli e i partenti. La famiglia ha ringraziato per l&#8217;umanit\u00e0 e la professionalit\u00e0 prestata a Massimo dal dottor Claudio Allegro e dal personale del reparto intensiva covid di Belluno, ospedale San Martino.<\/p>\n<blockquote><p><em>&#8220;Riguardo al funerale di Massimo De Vallier\u00a0 &#8211; raccomanda il sindaco Andrea De Bernardin &#8211;\u00a0 mi sono sentito con i Carabinieri, il Vigile Comunale e il Parroco il quale mi dice di aver chiesto anche al Gruppo Alpini di aiutare per una sorta di servizio d&#8217;ordine. Conosciamo tutti le normative Covid e sappiamo tutti che \u00e8 meglio prestare attenzione ed evitare assembramenti, chiedo a tutti la massima comprensione la capienza attuale della chiesa \u00e8 di 35 posti. Considerati i parenti non rimangono pi\u00f9 molti posti. In cimitero, considerata la montagna di neve presente \u00e8 stato sgomberato l&#8217;accesso ma c&#8217;\u00e8 poco posto per la gente, un invito a riservare l&#8217;ingresso ai parenti stretti.<\/em><\/p><\/blockquote>\n","protected":false},"excerpt":{"rendered":"<p>ROCCA PIETORE Si terranno oggi alle 14.30 in chiesa a Rocca Pietore i funerali di Massimo De Vallier, 64 anni, improvvisamente mancato all&#8217;affetto dei sui cari, della moglie Claudia, figlio Marco, la mamma, i fratelli e i partenti. La famiglia ha ringraziato per l&#8217;umanit\u00e0 e la professionalit\u00e0 prestata a Massimo dal dottor Claudio Allegro e&hellip;<\/p>\n","protected":false},"author":4,"featured_media":187664,"comment_status":"closed","ping_status":"closed","sticky":false,"template":"","format":"standard","meta":{"_monsterinsights_skip_tracking":false,"_monsterinsights_sitenote_active":false,"_monsterinsights_sitenote_note":"","_monsterinsights_sitenote_category":0,"footnotes":""},"categories":[51,49],"tags":[],"class_list":["post-187662","post","type-post","status-publish","format-standard","has-post-thumbnail","hentry","category-evidenza-top","category-news-18","category-51","category-49","description-off"],"img_url":"https:\/\/www.radiopiu.net\/wordpress\/wp-content\/uploads\/2021\/01\/8729fb2b-825b-495c-bde6-21a37e2f23e7.jpg","_links":{"self":[{"href":"https:\/\/www.radiopiu.net\/wordpress\/wp-json\/wp\/v2\/posts\/187662","targetHints":{"allow":["GET"]}}],"collection":[{"href":"https:\/\/www.radiopiu.net\/wordpress\/wp-json\/wp\/v2\/posts"}],"about":[{"href":"https:\/\/www.radiopiu.net\/wordpress\/wp-json\/wp\/v2\/types\/post"}],"author":[{"embeddable":true,"href":"https:\/\/www.radiopiu.net\/wordpress\/wp-json\/wp\/v2\/users\/4"}],"replies":[{"embeddable":true,"href":"https:\/\/www.radiopiu.net\/wordpress\/wp-json\/wp\/v2\/comments?post=187662"}],"version-history":[{"count":0,"href":"https:\/\/www.radiopiu.net\/wordpress\/wp-json\/wp\/v2\/posts\/187662\/revisions"}],"wp:featuredmedia":[{"embeddable":true,"href":"https:\/\/www.radiopiu.net\/wordpress\/wp-json\/wp\/v2\/media\/187664"}],"wp:attachment":[{"href":"https:\/\/www.radiopiu.net\/wordpress\/wp-json\/wp\/v2\/media?parent=187662"}],"wp:term":[{"taxonomy":"category","embeddable":true,"href":"https:\/\/www.radiopiu.net\/wordpress\/wp-json\/wp\/v2\/categories?post=187662"},{"taxonomy":"post_tag","embeddable":true,"href":"https:\/\/www.radiopiu.net\/wordpress\/wp-json\/wp\/v2\/tags?post=187662"}],"curies":[{"name":"wp","href":"https:\/\/api.w.org\/{rel}","templated":true}]}}